{"id":136744,"date":"2025-06-28T16:01:44","date_gmt":"2025-06-28T13:01:44","guid":{"rendered":"https:\/\/buletin.de\/bucuresti\/?p=136744"},"modified":"2025-06-28T18:26:25","modified_gmt":"2025-06-28T15:26:25","slug":"cismele-cu-apa-potabila-in-bucuresti-lista-locatiilor","status":"publish","type":"post","link":"https:\/\/buletin.de\/bucuresti\/cismele-cu-apa-potabila-in-bucuresti-lista-locatiilor\/","title":{"rendered":"Ci\u0219mele cu ap\u0103 potabil\u0103, \u00een Bucure\u0219ti. Lista cu locurile unde sunt amplasate"},"content":{"rendered":"\n<p class=\"wp-block-paragraph\"><strong>Peste 140 ci\u0219mele cu ap\u0103 potabil\u0103 sunt amplasate \u00een Bucure\u0219ti, pe str\u0103zi sau \u00een parcuri, anun\u021b\u0103 Prim\u0103ria Capitalei. La acestea se adaug\u0103 \u0219i ci\u0219melele administrate de prim\u0103riile de sector.<\/strong><\/p>\n\n\n\n<h2 class=\"wp-block-heading\" id=\"h-peste-100-cismele-administrate-de-apa-nova\">Peste 100 ci\u015fmele administrate de Apa Nova<\/h2>\n\n\n\n<p class=\"wp-block-paragraph\">Majoritatea ci\u0219melelor sunt gestionate de Apa Nova, concesionarul serviciului de ap\u0103 \u0219i canal al Capitalei. Acestea sunt distribuite \u00een toate cele \u0219ase sectoare, dup\u0103 cum urmeaz\u0103:<\/p>\n\n\n\n<ul class=\"wp-block-list\">\n<li><strong>28 ci\u0219mele &#8211; Sectorul 1<\/strong><\/li>\n\n\n\n<li><strong>20 ci\u0219mele &#8211; Sectorul 2<\/strong><\/li>\n\n\n\n<li><strong>17 ci\u0219mele &#8211; Sectorul 3<\/strong><\/li>\n\n\n\n<li><strong>15 ci\u0219mele &#8211; Sectorul 4<\/strong><\/li>\n\n\n\n<li><strong>19 ci\u0219mele &#8211; Sectorul 5 <\/strong><\/li>\n\n\n\n<li><strong>14 ci\u0219mele &#8211; Sectorul 6<\/strong><\/li>\n<\/ul>\n\n\n\n<p class=\"wp-block-paragraph\">Acestea sunt situate, cu prec\u0103dere, \u00een zonele aglomerate din Capital\u0103, precum Pia\u021ba Unirii, Pia\u021ba Roman\u0103, Universitate, Arcul de Triumf, Gara de Nord sau Aeroportul Henri Coand\u0103. Cet\u0103\u021benii pot consulta harta cu ci\u0219melele Apa Nova din Bucure\u0219ti, precum \u0219i buletinele de analiz\u0103 a apei <strong><a href=\"https:\/\/www.apanovabucuresti.ro\/informatii-utile\/buletine-analiza-cismele?fbclid=IwY2xjawLMwAtleHRuA2FlbQIxMABicmlkETE3c0hHc2wxcmViejBqaXRpAR6Y-h9m69cI3EvUiIg0_s3UKxlL6oy0mdhklIR2ZDvuLSN6JcXWXipCdhY0uA_aem_UmNsLcjHgQYUgH0iztMC0g\">aici.<\/a><\/strong><\/p>\n\n\n\n<p class=\"wp-block-paragraph\"><strong>CITE\u015eTE \u015eI:<a href=\"https:\/\/buletin.de\/bucuresti\/inundatiile-capitalei-directorul-apanova-madalin-mihailovici-eu-nu-am-vazut-in-bucuresti-sa-ne-dam-cu-barca-sistemul-este-pregatit-intotdeauna-insa-primaria-generala-v\/\"> \u201eInunda\u021biile\u201d Capitalei | Directorul ApaNova, M\u0103d\u0103lin Mihailovici: \u201eEu nu am v\u0103zut \u00een Bucure\u0219ti s\u0103 ne d\u0103m cu barca. Sistemul este preg\u0103tit \u00eentotdeauna, \u00eens\u0103 Prim\u0103ria General\u0103 va avea nevoie de investi\u021bii suplimentare\u201d<\/a><\/strong><\/p>\n\n\n\n<h2 class=\"wp-block-heading\" id=\"h-doar-29-ci\u0219mele-func\u021bionale-in-marile-parcuri-din-bucure\u0219ti\">Doar 29 ci\u0219mele func\u021bionale, \u00een marile parcuri din Bucure\u0219ti<\/h2>\n\n\n\n<p class=\"wp-block-paragraph\"><strong>Alte 29 ci\u0219mele sunt situate \u00een marile parcuri din Capital\u0103, fiind gestionate de Administra\u021bia Lacuri, Parcuri \u0219i Agrement Bucure\u0219ti (ALPAB). Dintre acestea, cele mai multe sunt situate \u00een Her\u0103str\u0103u, transmite municipalitatea printr-<a href=\"https:\/\/www.facebook.com\/PMBucuresti\/posts\/pfbid02Q1NPZ8XMAicZsCfvCwBb5MnXgtjRBQahmKAcU4qpZBBgxDhG5ysRJSTTMa2gfSd8l?__cft__[0]=AZUIpPqelQBpjuU-GZe5oMUovPtNYgBAFRAnOwPM1ew4zUtB3hLvB5yTSqDptGjpHDKxRSrvamx7BNWORM3CRLhTFyoguD8M-t79fqNofNtCuJ7eMj-dhcQz6KZ7_h3mNR1rjAbn3ViFs2vVeTXgiuE9DLBBj2qTJE6iWk6GrR6h2u9pbAK_HXt4LF6qV3UfaWN8WMNMaKoODjoJyfGToiE_&amp;__tn__=%2CO%2CP-R\">o postare de Facebook<\/a>.<\/strong><\/p>\n\n\n\n<p class=\"wp-block-paragraph\"><strong>\ud835\udc0f\ud835\udc1a\ud835\udc2b\ud835\udc1c\ud835\udc2e\ud835\udc25 \ud835\udc02\ud835\udc1a\ud835\udc2b\ud835\udc28\ud835\udc25 \ud835\udc08 &#8211; 2 ci\u0219mele<\/strong><\/p>\n\n\n\n<ul class=\"wp-block-list\">\n<li>La loc joaca zona L\u00e2n\u0103riei;<\/li>\n\n\n\n<li>\u00cen spatele Mausoleului;<\/li>\n<\/ul>\n\n\n\n<p class=\"wp-block-paragraph\"><strong>\ud835\udc0f\ud835\udc1a\ud835\udc2b\ud835\udc1c\ud835\udc2e\ud835\udc25 \ud835\udc02\ud835\udc22\ud835\udc2b\ud835\udc1c\ud835\udc2e\ud835\udc25 \ud835\udc1d\ud835\udc1e \ud835\udc12\ud835\udc2d\ud835\udc1a\ud835\udc2d &#8211; 2 ci\u0219mele<\/strong><\/p>\n\n\n\n<ul class=\"wp-block-list\">\n<li>Aleea 24 spre Bdul Lacul Tei;<\/li>\n\n\n\n<li>Zona peluz\u0103 Str. Jude\u021bului;<\/li>\n<\/ul>\n\n\n\n<p class=\"wp-block-paragraph\"><strong>\ud835\udc0f\ud835\udc1a\ud835\udc2b\ud835\udc1c\ud835\udc2e\ud835\udc25 \ud835\udc02\ud835\udc22\ud835\udc2c\u0327\ud835\udc26\ud835\udc22\ud835\udc20\ud835\udc22\ud835\udc2e &#8211; 3 ci\u0219mele<\/strong><\/p>\n\n\n\n<ul class=\"wp-block-list\">\n<li>Zona Terasa Trandafirilor;<\/li>\n\n\n\n<li>Zona Spicu;<\/li>\n\n\n\n<li>Zona Cartea American\u0103;<\/li>\n<\/ul>\n\n\n\n<p class=\"wp-block-paragraph\"><strong>\ud835\udc0f\ud835\udc1a\ud835\udc2b\ud835\udc1c\ud835\udc2e\ud835\udc25 \ud835\udc05\ud835\udc25\ud835\udc28\ud835\udc2b\ud835\udc1e\ud835\udc1a\ud835\udc2c\ud835\udc1c\ud835\udc1a \u2013 1 ci\u0219mea<\/strong><\/p>\n\n\n\n<ul class=\"wp-block-list\">\n<li>Zona Teren Minigolf;<\/li>\n<\/ul>\n\n\n\n<p class=\"wp-block-paragraph\">\ud835\udc0f\ud835\udc1a\ud835\udc2b\ud835\udc1c\ud835\udc2e\ud835\udc25 \ud835\udc11\ud835\udc1e\ud835\udc20\ud835\udc1e\ud835\udc25\ud835\udc1e \ud835\udc0c\ud835\udc22\ud835\udc21\ud835\udc1a\ud835\udc22 \ud835\udc08 (\ud835\udc07\ud835\udc1e\ud835\udc2b\ud835\udc1a\u0306\ud835\udc2c\ud835\udc2d\ud835\udc2b\ud835\udc1a\u0306\ud835\udc2e) \u2013 15 ci\u0219mele<\/p>\n\n\n\n<ul class=\"wp-block-list\">\n<li>Zona Coloane;<\/li>\n\n\n\n<li>Zona C\u0103lu\u0219ei;<\/li>\n\n\n\n<li>Zona \u021aarc P\u0103uni;<\/li>\n\n\n\n<li>Zona Cl\u0103dire Ur\u0219i;<\/li>\n\n\n\n<li>Zona Sediu Adminstrativ 1;<\/li>\n\n\n\n<li>Zona Stadio;<\/li>\n\n\n\n<li>Zona Bibliotec\u0103;<\/li>\n\n\n\n<li>Zona Arcul de Triumf;<\/li>\n\n\n\n<li>Zona Aviatorilor &#8211; \u021barcul de c\u00e2ini;<\/li>\n\n\n\n<li>Insula Trandafirilor;<\/li>\n\n\n\n<li>Zona Expoflora &#8211; bradul argintiu;<\/li>\n\n\n\n<li>Zona Sediu Administrativ 2;<\/li>\n\n\n\n<li>Zon\u0103 \u021barc c\u00e2ini;<\/li>\n\n\n\n<li>Intrare Principal\u0103 Kiseleff -Ber\u0103ria H;<\/li>\n\n\n\n<li>Zona Debarcader;<\/li>\n<\/ul>\n\n\n\n<p class=\"wp-block-paragraph\">\ud835\udc0f\ud835\udc1a\ud835\udc2b\ud835\udc1c\ud835\udc2e\ud835\udc25 \ud835\udc08\ud835\udc33\ud835\udc2f\ud835\udc28\ud835\udc2b \u2013 2 ci\u0219mele<\/p>\n\n\n\n<ul class=\"wp-block-list\">\n<li>Zona Pod Ha\u0219deu;<\/li>\n\n\n\n<li>Sediu Administrativ;<\/li>\n<\/ul>\n\n\n\n<p class=\"wp-block-paragraph\">\ud835\udc0f\ud835\udc1a\ud835\udc2b\ud835\udc1c\ud835\udc2e\ud835\udc25 \ud835\udc13\ud835\udc22\ud835\udc27\ud835\udc1e\ud835\udc2b\ud835\udc1e\ud835\udc2d\ud835\udc2e\ud835\udc25\ud835\udc2e\ud835\udc22 \u2013 4 ci\u0219mele<\/p>\n\n\n\n<ul class=\"wp-block-list\">\n<li>Zona Constructorului;<\/li>\n\n\n\n<li>Zona Cafeneaua Actorilor;<\/li>\n\n\n\n<li>Ax\u0103 teren minigolf;<\/li>\n\n\n\n<li>Zona Cu\u021bitul de Argint.<\/li>\n<\/ul>\n\n\n\n<p class=\"wp-block-paragraph\"><strong>CITE\u015eTE \u015eI:<a href=\"https:\/\/buletin.de\/bucuresti\/inundatiile-capitalei-directorul-apanova-madalin-mihailovici-eu-nu-am-vazut-in-bucuresti-sa-ne-dam-cu-barca-sistemul-este-pregatit-intotdeauna-insa-primaria-generala-v\/\"> <\/a><\/strong><a href=\"https:\/\/buletin.de\/bucuresti\/masacrul-din-parcul-ior-peste-87-din-amenzile-date-pentru-taierile-ilegale-au-fost-contestate-in-instanta\/\"><strong>\u201eMasacrul\u201d din Parcul IOR | Peste 87% din amenzile date pentru t\u0103ierile ilegale au fost contestate \u00een instan\u021b\u0103<\/strong><\/a><\/p>\n\n\n\n<h2 class=\"wp-block-heading\" id=\"h-du\u0219urile-primariei-capitalei\">\u201eDu\u0219urile\u201d Prim\u0103riei Capitalei<\/h2>\n\n\n\n<p class=\"wp-block-paragraph\"><strong>De asemenea, \u0219ase instala\u021bii de r\u0103corire au fost montate anul acesta de Prim\u0103ria Capitalei, \u00een parteneriat cu Apa Nova. Acestea pulverizeaz\u0103 vapori fini de ap\u0103, pentru a r\u0103cori cet\u0103\u021benii, \u0219i pot fi g\u0103site \u00een urm\u0103toarele loca\u021bii:<\/strong><\/p>\n\n\n\n<p class=\"wp-block-paragraph\">\u2022 Universitate (\u00een fa\u021ba TNB)<\/p>\n\n\n\n<p class=\"wp-block-paragraph\">\u2022 Str. Halelor (l\u00e2ng\u0103 metrou)<\/p>\n\n\n\n<p class=\"wp-block-paragraph\">\u2022 Intrarea \u00een Parcul Titan<\/p>\n\n\n\n<p class=\"wp-block-paragraph\">\u2022 \u00cen fa\u021ba magazinului Bucur Obor<\/p>\n\n\n\n<p class=\"wp-block-paragraph\">\u2022 Calea Victoriei (\u00een fa\u021ba Cercului Militar Na\u021bional)<\/p>\n\n\n\n<p class=\"wp-block-paragraph\">\u2022 Pia\u0163a Unirii<\/p>\n\n\n\n<p class=\"wp-block-paragraph\">Aceste \u0219ase instala\u021bii func\u021bioneaz\u0103 zilnic \u00eentre orele 10:00 \u0219i 22:00, iar seara, \u00eentre 21:00 \u0219i 5:00, sunt iluminate, pentru a putea fi u\u0219or observate \u0219i pe timp de noapte.<\/p>\n\n\n\n<p class=\"wp-block-paragraph\"><strong>CITE\u0218TE \u0218I:<\/strong> <a href=\"https:\/\/buletin.de\/bucuresti\/capitala-cuptorul-urban-numarul-de-nopti-tropicale-ar-putea-creste-de-cinci-ori-fata-de-media-ultimilor-83-ani\/\"><strong>Capitala, \u201ecuptor\u201d urban | Num\u0103rul de nop\u021bi tropicale ar putea cre\u0219te de cinci ori fa\u021b\u0103 de media ultimilor 83 ani<\/strong><\/a><\/p>\n\n\n\n<h2 class=\"wp-block-heading\" id=\"h-ci\u0219mele-administrate-de-primariile-de-sector\">Ci\u0219mele administrate de prim\u0103riile de sector<\/h2>\n\n\n\n<p class=\"wp-block-paragraph\">De asemenea, \u00een Bucure\u0219ti mai exist\u0103 \u0219i ci\u0219mele gestionate de prim\u0103riile de sector. \u00cen Sectorul 6, sunt amplasate 128 de ci\u015fmele cu ap\u0103 potabil\u0103 \u0219i zece zone de r\u0103corire, administrate de&nbsp;<a href=\"https:\/\/www.facebook.com\/ADPDUSector6?__cft__[0]=AZXnlNBtVP1uxaF72dc6f-urYimZo9DUWKWef15cbn1ssCjvKDSVsFfdrDFxAV_xcNi9T-k8Tq5N3RpKa8_tsTl2rs8rckgG_EZ9a-f9wOxL7MO-6nkw44Qd_oCd_XqU0_tX50AZYM_A77fOpIYOFMvSU1BSIXuhBmIvujGABVT4gjS4ZZxoKA8Euo6bMUpeuQEyLsDbaHZTpv9u-euwkQQY&amp;__tn__=-]K-R\">ADPDU Sector 6<\/a>.<\/p>\n\n\n\n<p class=\"wp-block-paragraph\">\u00cen Sectorul 2, cet\u0103\u021benii au la dispozi\u021bie 24 de f\u00e2nt\u00e2ni \u015fi 56 de ci\u015fmele publice cu ap\u0103 potabil\u0103, \u00een mai multe zone cu trafic pietonal.&nbsp;<\/p>\n\n\n\n<p class=\"wp-block-paragraph\">Acestea se afl\u0103 \u00een zone intens circulate, pe bulevarde, \u00een parcuri \u015fi l\u00e2ng\u0103 locuri de joac\u0103, a\u0219a cum a scris Buletin de Bucure\u0219ti <a href=\"https:\/\/buletin.de\/bucuresti\/cismele-cu-apa-potabila\/\">aici<\/a>.<\/p>\n\n\n\n<p class=\"wp-block-paragraph\"><strong>CITE\u0218TE \u0218I:<\/strong> <a href=\"https:\/\/buletin.de\/bucuresti\/cismele-cu-apa-potabila\/\"><strong>Ci\u015fmele cu ap\u0103 potabil\u0103, \u00een sectoarele 2 \u0219i 6. Lista loca\u0163iilor<\/strong><\/a><\/p>\n\n\n\n<p class=\"wp-block-paragraph\"><\/p>\n","protected":false},"excerpt":{"rendered":"<p>Peste 140 ci\u0219mele cu ap\u0103 potabil\u0103 sunt amplasate \u00een Bucure\u0219ti, pe str\u0103zi sau \u00een parcuri, anun\u021b\u0103 Prim\u0103ria Capitalei. La acestea se adaug\u0103 \u0219i ci\u0219melele administrate de prim\u0103riile de sector. Peste 100 ci\u015fmele administrate de Apa Nova Majoritatea ci\u0219melelor sunt gestionate de Apa Nova, concesionarul serviciului de ap\u0103 \u0219i canal al Capitalei. Acestea sunt distribuite \u00een [&hellip;]<\/p>\n","protected":false},"author":55,"featured_media":136754,"comment_status":"closed","ping_status":"open","sticky":false,"template":"","format":"standard","meta":{"_acf_changed":false,"inline_featured_image":false,"ngg_post_thumbnail":0,"footnotes":""},"categories":[6994,5762,24],"tags":[4394,8978,2998,22445,21925,229,523,22446],"ppma_author":[22573],"class_list":["post-136744","post","type-post","status-publish","format-standard","has-post-thumbnail","hentry","category-stiri-2","category-main","category-primarie","tag-apa-nova","tag-apa-potabila","tag-canicula","tag-cismele-bucuresti","tag-cismele-cu-apa-potabila","tag-sector-2","tag-sector-6","tag-zone-de-racorire"],"acf":[],"a3_pvc":{"activated":false,"total_views":0,"today_views":0},"yoast_head":"<!-- This site is optimized with the Yoast SEO Premium plugin v28.0 (Yoast SEO v28.4) - https:\/\/yoast.com\/product\/yoast-seo-premium-wordpress\/ -->\n<title>Ci\u0219mele cu ap\u0103 potabil\u0103, \u00een Bucure\u0219ti. Lista cu locurile unde sunt amplasate - Buletin de Bucure\u0219ti<\/title>\n<meta name=\"description\" content=\"Peste 140 ci\u0219mele cu ap\u0103 potabil\u0103 sunt amplasate \u00een Bucure\u0219ti, pe str\u0103zi sau \u00een parcuri, anun\u021b\u0103 Prim\u0103ria Capitalei.\" \/>\n<meta name=\"robots\" content=\"index, follow, max-snippet:-1, max-image-preview:large, max-video-preview:-1\" \/>\n<link rel=\"canonical\" href=\"https:\/\/buletin.de\/bucuresti\/cismele-cu-apa-potabila-in-bucuresti-lista-locatiilor\/\" \/>\n<meta property=\"og:locale\" content=\"en_GB\" \/>\n<meta property=\"og:type\" content=\"article\" \/>\n<meta property=\"og:title\" content=\"Ci\u0219mele cu ap\u0103 potabil\u0103, \u00een Bucure\u0219ti. Lista cu locurile unde sunt amplasate\" \/>\n<meta property=\"og:description\" content=\"Peste 140 ci\u0219mele cu ap\u0103 potabil\u0103 sunt amplasate \u00een Bucure\u0219ti, pe str\u0103zi sau \u00een parcuri, anun\u021b\u0103 Prim\u0103ria Capitalei.\" \/>\n<meta property=\"og:url\" content=\"https:\/\/buletin.de\/bucuresti\/cismele-cu-apa-potabila-in-bucuresti-lista-locatiilor\/\" \/>\n<meta property=\"og:site_name\" content=\"Buletin de Bucure\u0219ti\" \/>\n<meta property=\"article:publisher\" content=\"https:\/\/www.facebook.com\/buletin.de.buc\" \/>\n<meta property=\"article:published_time\" content=\"2025-06-28T13:01:44+00:00\" \/>\n<meta property=\"article:modified_time\" content=\"2025-06-28T15:26:25+00:00\" \/>\n<meta property=\"og:image\" content=\"https:\/\/buletin.de\/bucuresti\/wp-content\/uploads\/2025\/06\/cf1ya2mf7aw-1.jpg\" \/>\n\t<meta property=\"og:image:width\" content=\"1600\" \/>\n\t<meta property=\"og:image:height\" content=\"1200\" \/>\n\t<meta property=\"og:image:type\" content=\"image\/jpeg\" \/>\n<meta name=\"author\" content=\"Andreea Tudor\" \/>\n<meta name=\"twitter:card\" content=\"summary_large_image\" \/>\n<meta name=\"twitter:label1\" content=\"Written by\" \/>\n\t<meta name=\"twitter:data1\" content=\"Andreea Tudor\" \/>\n\t<meta name=\"twitter:label2\" content=\"Estimated reading time\" \/>\n\t<meta name=\"twitter:data2\" content=\"3 minutes\" \/>\n<script type=\"application\/ld+json\" class=\"yoast-schema-graph\">{\"@context\":\"https:\\\/\\\/schema.org\",\"@graph\":[{\"@type\":\"Article\",\"@id\":\"https:\\\/\\\/buletin.de\\\/bucuresti\\\/cismele-cu-apa-potabila-in-bucuresti-lista-locatiilor\\\/#article\",\"isPartOf\":{\"@id\":\"https:\\\/\\\/buletin.de\\\/bucuresti\\\/cismele-cu-apa-potabila-in-bucuresti-lista-locatiilor\\\/\"},\"author\":{\"name\":\"Andreea Tudor\",\"@id\":\"https:\\\/\\\/buletin.de\\\/bucuresti\\\/#\\\/schema\\\/person\\\/150590659efde715459d159da012f501\"},\"headline\":\"Ci\u0219mele cu ap\u0103 potabil\u0103, \u00een Bucure\u0219ti. Lista cu locurile unde sunt amplasate\",\"datePublished\":\"2025-06-28T13:01:44+00:00\",\"dateModified\":\"2025-06-28T15:26:25+00:00\",\"mainEntityOfPage\":{\"@id\":\"https:\\\/\\\/buletin.de\\\/bucuresti\\\/cismele-cu-apa-potabila-in-bucuresti-lista-locatiilor\\\/\"},\"wordCount\":637,\"publisher\":{\"@id\":\"https:\\\/\\\/buletin.de\\\/bucuresti\\\/#organization\"},\"image\":{\"@id\":\"https:\\\/\\\/buletin.de\\\/bucuresti\\\/cismele-cu-apa-potabila-in-bucuresti-lista-locatiilor\\\/#primaryimage\"},\"thumbnailUrl\":\"https:\\\/\\\/buletin.de\\\/bucuresti\\\/wp-content\\\/uploads\\\/2025\\\/06\\\/cf1ya2mf7aw-1.jpg\",\"keywords\":[\"Apa Nova\",\"apa potabila\",\"canicula\",\"cismele bucuresti\",\"cismele cu apa potabila\",\"Sector 2\",\"Sector 6\",\"zone de racorire\"],\"articleSection\":[\"Articole\",\"Main\",\"Prim\u0103rie\"],\"inLanguage\":\"en-GB\",\"copyrightYear\":\"2025\",\"copyrightHolder\":{\"@id\":\"https:\\\/\\\/buletin.de\\\/bucuresti\\\/#organization\"}},{\"@type\":\"WebPage\",\"@id\":\"https:\\\/\\\/buletin.de\\\/bucuresti\\\/cismele-cu-apa-potabila-in-bucuresti-lista-locatiilor\\\/\",\"url\":\"https:\\\/\\\/buletin.de\\\/bucuresti\\\/cismele-cu-apa-potabila-in-bucuresti-lista-locatiilor\\\/\",\"name\":\"Ci\u0219mele cu ap\u0103 potabil\u0103, \u00een Bucure\u0219ti. Lista cu locurile unde sunt amplasate - Buletin de Bucure\u0219ti\",\"isPartOf\":{\"@id\":\"https:\\\/\\\/buletin.de\\\/bucuresti\\\/#website\"},\"primaryImageOfPage\":{\"@id\":\"https:\\\/\\\/buletin.de\\\/bucuresti\\\/cismele-cu-apa-potabila-in-bucuresti-lista-locatiilor\\\/#primaryimage\"},\"image\":{\"@id\":\"https:\\\/\\\/buletin.de\\\/bucuresti\\\/cismele-cu-apa-potabila-in-bucuresti-lista-locatiilor\\\/#primaryimage\"},\"thumbnailUrl\":\"https:\\\/\\\/buletin.de\\\/bucuresti\\\/wp-content\\\/uploads\\\/2025\\\/06\\\/cf1ya2mf7aw-1.jpg\",\"datePublished\":\"2025-06-28T13:01:44+00:00\",\"dateModified\":\"2025-06-28T15:26:25+00:00\",\"description\":\"Peste 140 ci\u0219mele cu ap\u0103 potabil\u0103 sunt amplasate \u00een Bucure\u0219ti, pe str\u0103zi sau \u00een parcuri, anun\u021b\u0103 Prim\u0103ria Capitalei.\",\"breadcrumb\":{\"@id\":\"https:\\\/\\\/buletin.de\\\/bucuresti\\\/cismele-cu-apa-potabila-in-bucuresti-lista-locatiilor\\\/#breadcrumb\"},\"inLanguage\":\"en-GB\",\"potentialAction\":[{\"@type\":\"ReadAction\",\"target\":[\"https:\\\/\\\/buletin.de\\\/bucuresti\\\/cismele-cu-apa-potabila-in-bucuresti-lista-locatiilor\\\/\"]}]},{\"@type\":\"ImageObject\",\"inLanguage\":\"en-GB\",\"@id\":\"https:\\\/\\\/buletin.de\\\/bucuresti\\\/cismele-cu-apa-potabila-in-bucuresti-lista-locatiilor\\\/#primaryimage\",\"url\":\"https:\\\/\\\/buletin.de\\\/bucuresti\\\/wp-content\\\/uploads\\\/2025\\\/06\\\/cf1ya2mf7aw-1.jpg\",\"contentUrl\":\"https:\\\/\\\/buletin.de\\\/bucuresti\\\/wp-content\\\/uploads\\\/2025\\\/06\\\/cf1ya2mf7aw-1.jpg\",\"width\":1600,\"height\":1200,\"caption\":\"Ci\u0219mele cu ap\u0103 potabil\u0103, \u00een Bucure\u0219ti. Lista loca\u021biilor. Foto: Arhiv\u0103\"},{\"@type\":\"BreadcrumbList\",\"@id\":\"https:\\\/\\\/buletin.de\\\/bucuresti\\\/cismele-cu-apa-potabila-in-bucuresti-lista-locatiilor\\\/#breadcrumb\",\"itemListElement\":[{\"@type\":\"ListItem\",\"position\":1,\"name\":\"Acas\u0103\",\"item\":\"https:\\\/\\\/buletin.de\\\/bucuresti\\\/\"},{\"@type\":\"ListItem\",\"position\":2,\"name\":\"Ci\u0219mele cu ap\u0103 potabil\u0103, \u00een Bucure\u0219ti. Lista cu locurile unde sunt amplasate\"}]},{\"@type\":\"WebSite\",\"@id\":\"https:\\\/\\\/buletin.de\\\/bucuresti\\\/#website\",\"url\":\"https:\\\/\\\/buletin.de\\\/bucuresti\\\/\",\"name\":\"Buletin de Bucure\u0219ti\",\"description\":\"\u0218tiri \u0219i investiga\u021bii esen\u021biale din capital\u0103\",\"publisher\":{\"@id\":\"https:\\\/\\\/buletin.de\\\/bucuresti\\\/#organization\"},\"potentialAction\":[{\"@type\":\"SearchAction\",\"target\":{\"@type\":\"EntryPoint\",\"urlTemplate\":\"https:\\\/\\\/buletin.de\\\/bucuresti\\\/?s={search_term_string}\"},\"query-input\":{\"@type\":\"PropertyValueSpecification\",\"valueRequired\":true,\"valueName\":\"search_term_string\"}}],\"inLanguage\":\"en-GB\"},{\"@type\":\"Organization\",\"@id\":\"https:\\\/\\\/buletin.de\\\/bucuresti\\\/#organization\",\"name\":\"Buletin de Bucure\u0219ti\",\"url\":\"https:\\\/\\\/buletin.de\\\/bucuresti\\\/\",\"logo\":{\"@type\":\"ImageObject\",\"inLanguage\":\"en-GB\",\"@id\":\"https:\\\/\\\/buletin.de\\\/bucuresti\\\/#\\\/schema\\\/logo\\\/image\\\/\",\"url\":\"https:\\\/\\\/buletin.de\\\/bucuresti\\\/wp-content\\\/uploads\\\/logo-bdb-full-wide-vernil-transparent.png\",\"contentUrl\":\"https:\\\/\\\/buletin.de\\\/bucuresti\\\/wp-content\\\/uploads\\\/logo-bdb-full-wide-vernil-transparent.png\",\"width\":1782,\"height\":626,\"caption\":\"Buletin de Bucure\u0219ti\"},\"image\":{\"@id\":\"https:\\\/\\\/buletin.de\\\/bucuresti\\\/#\\\/schema\\\/logo\\\/image\\\/\"},\"sameAs\":[\"https:\\\/\\\/www.facebook.com\\\/buletin.de.buc\",\"https:\\\/\\\/www.instagram.com\\\/buletinde.bucuresti\\\/\"]},{\"@type\":\"Person\",\"@id\":\"https:\\\/\\\/buletin.de\\\/bucuresti\\\/#\\\/schema\\\/person\\\/150590659efde715459d159da012f501\",\"name\":\"Andreea Tudor\",\"image\":{\"@type\":\"ImageObject\",\"inLanguage\":\"en-GB\",\"@id\":\"https:\\\/\\\/buletin.de\\\/bucuresti\\\/wp-content\\\/uploads\\\/2026\\\/06\\\/BDB_Andreea_T-5-96x96.jpg2291f994b0ece9443cb8e95c805b8b20\",\"url\":\"https:\\\/\\\/buletin.de\\\/bucuresti\\\/wp-content\\\/uploads\\\/2026\\\/06\\\/BDB_Andreea_T-5-96x96.jpg\",\"contentUrl\":\"https:\\\/\\\/buletin.de\\\/bucuresti\\\/wp-content\\\/uploads\\\/2026\\\/06\\\/BDB_Andreea_T-5-96x96.jpg\",\"caption\":\"Andreea Tudor\"},\"description\":\"Reporter la Buletin de Bucure\u0219ti de doi ani \u0219i jum\u0103tate. Sus\u021bin\u0103toare a presei independente, pasionat\u0103 de subiectele de mediu.\",\"url\":\"https:\\\/\\\/buletin.de\\\/bucuresti\\\/author\\\/andreeatudor\\\/\"}]}<\/script>\n<!-- \/ Yoast SEO Premium plugin. -->","yoast_head_json":{"title":"Ci\u0219mele cu ap\u0103 potabil\u0103, \u00een Bucure\u0219ti. Lista cu locurile unde sunt amplasate - Buletin de Bucure\u0219ti","description":"Peste 140 ci\u0219mele cu ap\u0103 potabil\u0103 sunt amplasate \u00een Bucure\u0219ti, pe str\u0103zi sau \u00een parcuri, anun\u021b\u0103 Prim\u0103ria Capitalei.","robots":{"index":"index","follow":"follow","max-snippet":"max-snippet:-1","max-image-preview":"max-image-preview:large","max-video-preview":"max-video-preview:-1"},"canonical":"https:\/\/buletin.de\/bucuresti\/cismele-cu-apa-potabila-in-bucuresti-lista-locatiilor\/","og_locale":"en_GB","og_type":"article","og_title":"Ci\u0219mele cu ap\u0103 potabil\u0103, \u00een Bucure\u0219ti. Lista cu locurile unde sunt amplasate","og_description":"Peste 140 ci\u0219mele cu ap\u0103 potabil\u0103 sunt amplasate \u00een Bucure\u0219ti, pe str\u0103zi sau \u00een parcuri, anun\u021b\u0103 Prim\u0103ria Capitalei.","og_url":"https:\/\/buletin.de\/bucuresti\/cismele-cu-apa-potabila-in-bucuresti-lista-locatiilor\/","og_site_name":"Buletin de Bucure\u0219ti","article_publisher":"https:\/\/www.facebook.com\/buletin.de.buc","article_published_time":"2025-06-28T13:01:44+00:00","article_modified_time":"2025-06-28T15:26:25+00:00","og_image":[{"width":1600,"height":1200,"url":"https:\/\/buletin.de\/bucuresti\/wp-content\/uploads\/2025\/06\/cf1ya2mf7aw-1.jpg","type":"image\/jpeg"}],"author":"Andreea Tudor","twitter_card":"summary_large_image","twitter_misc":{"Written by":"Andreea Tudor","Estimated reading time":"3 minutes"},"schema":{"@context":"https:\/\/schema.org","@graph":[{"@type":"Article","@id":"https:\/\/buletin.de\/bucuresti\/cismele-cu-apa-potabila-in-bucuresti-lista-locatiilor\/#article","isPartOf":{"@id":"https:\/\/buletin.de\/bucuresti\/cismele-cu-apa-potabila-in-bucuresti-lista-locatiilor\/"},"author":{"name":"Andreea Tudor","@id":"https:\/\/buletin.de\/bucuresti\/#\/schema\/person\/150590659efde715459d159da012f501"},"headline":"Ci\u0219mele cu ap\u0103 potabil\u0103, \u00een Bucure\u0219ti. Lista cu locurile unde sunt amplasate","datePublished":"2025-06-28T13:01:44+00:00","dateModified":"2025-06-28T15:26:25+00:00","mainEntityOfPage":{"@id":"https:\/\/buletin.de\/bucuresti\/cismele-cu-apa-potabila-in-bucuresti-lista-locatiilor\/"},"wordCount":637,"publisher":{"@id":"https:\/\/buletin.de\/bucuresti\/#organization"},"image":{"@id":"https:\/\/buletin.de\/bucuresti\/cismele-cu-apa-potabila-in-bucuresti-lista-locatiilor\/#primaryimage"},"thumbnailUrl":"https:\/\/buletin.de\/bucuresti\/wp-content\/uploads\/2025\/06\/cf1ya2mf7aw-1.jpg","keywords":["Apa Nova","apa potabila","canicula","cismele bucuresti","cismele cu apa potabila","Sector 2","Sector 6","zone de racorire"],"articleSection":["Articole","Main","Prim\u0103rie"],"inLanguage":"en-GB","copyrightYear":"2025","copyrightHolder":{"@id":"https:\/\/buletin.de\/bucuresti\/#organization"}},{"@type":"WebPage","@id":"https:\/\/buletin.de\/bucuresti\/cismele-cu-apa-potabila-in-bucuresti-lista-locatiilor\/","url":"https:\/\/buletin.de\/bucuresti\/cismele-cu-apa-potabila-in-bucuresti-lista-locatiilor\/","name":"Ci\u0219mele cu ap\u0103 potabil\u0103, \u00een Bucure\u0219ti. Lista cu locurile unde sunt amplasate - Buletin de Bucure\u0219ti","isPartOf":{"@id":"https:\/\/buletin.de\/bucuresti\/#website"},"primaryImageOfPage":{"@id":"https:\/\/buletin.de\/bucuresti\/cismele-cu-apa-potabila-in-bucuresti-lista-locatiilor\/#primaryimage"},"image":{"@id":"https:\/\/buletin.de\/bucuresti\/cismele-cu-apa-potabila-in-bucuresti-lista-locatiilor\/#primaryimage"},"thumbnailUrl":"https:\/\/buletin.de\/bucuresti\/wp-content\/uploads\/2025\/06\/cf1ya2mf7aw-1.jpg","datePublished":"2025-06-28T13:01:44+00:00","dateModified":"2025-06-28T15:26:25+00:00","description":"Peste 140 ci\u0219mele cu ap\u0103 potabil\u0103 sunt amplasate \u00een Bucure\u0219ti, pe str\u0103zi sau \u00een parcuri, anun\u021b\u0103 Prim\u0103ria Capitalei.","breadcrumb":{"@id":"https:\/\/buletin.de\/bucuresti\/cismele-cu-apa-potabila-in-bucuresti-lista-locatiilor\/#breadcrumb"},"inLanguage":"en-GB","potentialAction":[{"@type":"ReadAction","target":["https:\/\/buletin.de\/bucuresti\/cismele-cu-apa-potabila-in-bucuresti-lista-locatiilor\/"]}]},{"@type":"ImageObject","inLanguage":"en-GB","@id":"https:\/\/buletin.de\/bucuresti\/cismele-cu-apa-potabila-in-bucuresti-lista-locatiilor\/#primaryimage","url":"https:\/\/buletin.de\/bucuresti\/wp-content\/uploads\/2025\/06\/cf1ya2mf7aw-1.jpg","contentUrl":"https:\/\/buletin.de\/bucuresti\/wp-content\/uploads\/2025\/06\/cf1ya2mf7aw-1.jpg","width":1600,"height":1200,"caption":"Ci\u0219mele cu ap\u0103 potabil\u0103, \u00een Bucure\u0219ti. Lista loca\u021biilor. Foto: Arhiv\u0103"},{"@type":"BreadcrumbList","@id":"https:\/\/buletin.de\/bucuresti\/cismele-cu-apa-potabila-in-bucuresti-lista-locatiilor\/#breadcrumb","itemListElement":[{"@type":"ListItem","position":1,"name":"Acas\u0103","item":"https:\/\/buletin.de\/bucuresti\/"},{"@type":"ListItem","position":2,"name":"Ci\u0219mele cu ap\u0103 potabil\u0103, \u00een Bucure\u0219ti. Lista cu locurile unde sunt amplasate"}]},{"@type":"WebSite","@id":"https:\/\/buletin.de\/bucuresti\/#website","url":"https:\/\/buletin.de\/bucuresti\/","name":"Buletin de Bucure\u0219ti","description":"\u0218tiri \u0219i investiga\u021bii esen\u021biale din capital\u0103","publisher":{"@id":"https:\/\/buletin.de\/bucuresti\/#organization"},"potentialAction":[{"@type":"SearchAction","target":{"@type":"EntryPoint","urlTemplate":"https:\/\/buletin.de\/bucuresti\/?s={search_term_string}"},"query-input":{"@type":"PropertyValueSpecification","valueRequired":true,"valueName":"search_term_string"}}],"inLanguage":"en-GB"},{"@type":"Organization","@id":"https:\/\/buletin.de\/bucuresti\/#organization","name":"Buletin de Bucure\u0219ti","url":"https:\/\/buletin.de\/bucuresti\/","logo":{"@type":"ImageObject","inLanguage":"en-GB","@id":"https:\/\/buletin.de\/bucuresti\/#\/schema\/logo\/image\/","url":"https:\/\/buletin.de\/bucuresti\/wp-content\/uploads\/logo-bdb-full-wide-vernil-transparent.png","contentUrl":"https:\/\/buletin.de\/bucuresti\/wp-content\/uploads\/logo-bdb-full-wide-vernil-transparent.png","width":1782,"height":626,"caption":"Buletin de Bucure\u0219ti"},"image":{"@id":"https:\/\/buletin.de\/bucuresti\/#\/schema\/logo\/image\/"},"sameAs":["https:\/\/www.facebook.com\/buletin.de.buc","https:\/\/www.instagram.com\/buletinde.bucuresti\/"]},{"@type":"Person","@id":"https:\/\/buletin.de\/bucuresti\/#\/schema\/person\/150590659efde715459d159da012f501","name":"Andreea Tudor","image":{"@type":"ImageObject","inLanguage":"en-GB","@id":"https:\/\/buletin.de\/bucuresti\/wp-content\/uploads\/2026\/06\/BDB_Andreea_T-5-96x96.jpg2291f994b0ece9443cb8e95c805b8b20","url":"https:\/\/buletin.de\/bucuresti\/wp-content\/uploads\/2026\/06\/BDB_Andreea_T-5-96x96.jpg","contentUrl":"https:\/\/buletin.de\/bucuresti\/wp-content\/uploads\/2026\/06\/BDB_Andreea_T-5-96x96.jpg","caption":"Andreea Tudor"},"description":"Reporter la Buletin de Bucure\u0219ti de doi ani \u0219i jum\u0103tate. Sus\u021bin\u0103toare a presei independente, pasionat\u0103 de subiectele de mediu.","url":"https:\/\/buletin.de\/bucuresti\/author\/andreeatudor\/"}]}},"authors":[{"term_id":22573,"user_id":55,"is_guest":0,"slug":"andreeatudor","display_name":"Andreea Tudor","avatar_url":"https:\/\/buletin.de\/bucuresti\/wp-content\/uploads\/2026\/06\/BDB_Andreea_T-5-96x96.jpg","author_category":"","first_name":"Andreea","last_name":"Tudor","user_url":"","job_title":"","description":"Reporter la Buletin de Bucure\u0219ti de doi ani \u0219i jum\u0103tate. Sus\u021bin\u0103toare a presei independente, pasionat\u0103 de subiectele de mediu."}],"_links":{"self":[{"href":"https:\/\/buletin.de\/bucuresti\/wp-json\/wp\/v2\/posts\/136744","targetHints":{"allow":["GET"]}}],"collection":[{"href":"https:\/\/buletin.de\/bucuresti\/wp-json\/wp\/v2\/posts"}],"about":[{"href":"https:\/\/buletin.de\/bucuresti\/wp-json\/wp\/v2\/types\/post"}],"author":[{"embeddable":true,"href":"https:\/\/buletin.de\/bucuresti\/wp-json\/wp\/v2\/users\/55"}],"replies":[{"embeddable":true,"href":"https:\/\/buletin.de\/bucuresti\/wp-json\/wp\/v2\/comments?post=136744"}],"version-history":[{"count":4,"href":"https:\/\/buletin.de\/bucuresti\/wp-json\/wp\/v2\/posts\/136744\/revisions"}],"predecessor-version":[{"id":136780,"href":"https:\/\/buletin.de\/bucuresti\/wp-json\/wp\/v2\/posts\/136744\/revisions\/136780"}],"wp:featuredmedia":[{"embeddable":true,"href":"https:\/\/buletin.de\/bucuresti\/wp-json\/wp\/v2\/media\/136754"}],"wp:attachment":[{"href":"https:\/\/buletin.de\/bucuresti\/wp-json\/wp\/v2\/media?parent=136744"}],"wp:term":[{"taxonomy":"category","embeddable":true,"href":"https:\/\/buletin.de\/bucuresti\/wp-json\/wp\/v2\/categories?post=136744"},{"taxonomy":"post_tag","embeddable":true,"href":"https:\/\/buletin.de\/bucuresti\/wp-json\/wp\/v2\/tags?post=136744"},{"taxonomy":"author","embeddable":true,"href":"https:\/\/buletin.de\/bucuresti\/wp-json\/wp\/v2\/ppma_author?post=136744"}],"curies":[{"name":"wp","href":"https:\/\/api.w.org\/{rel}","templated":true}]}}