{"id":136353,"date":"2025-06-25T16:54:38","date_gmt":"2025-06-25T13:54:38","guid":{"rendered":"https:\/\/buletin.de\/bucuresti\/?p=136353"},"modified":"2025-06-25T16:54:39","modified_gmt":"2025-06-25T13:54:39","slug":"inscrierile-la-universitatea-de-arhitectura-si-urbanism-incep-vineri","status":"publish","type":"post","link":"https:\/\/buletin.de\/bucuresti\/inscrierile-la-universitatea-de-arhitectura-si-urbanism-incep-vineri\/","title":{"rendered":"\u00censcrierile la Universitatea de Arhitectur\u0103 \u0219i Urbanism \u00eencep vineri"},"content":{"rendered":"\n<p><strong>\u00cencep \u00eenscrierile la Universitatea de Arhitectur\u0103 \u0219i Urbanism \u201eIon Mincu\u201d din Capital\u0103. Potrivit <a href=\"https:\/\/admitere.uauim.ro\/f\/2\/Regulament%20admitere%20licenta%20si%20licenta%20master%20comasat%202025.pdf\">regulamentului<\/a> de admitere, viitorii studen\u021bi se pot \u00eenscrie \u00eencep\u00e2nd de vineri, 27 iunie, pe platforma universit\u0103\u021bii.<\/strong><\/p>\n\n\n\n<p>\u00censcrierile dureaz\u0103 p\u00e2n\u0103 pe 5 iulie \u0219i presupun achitarea unei taxe \u00een valoare de 620 de lei. Mai apoi, proba practic\u0103 de concurs va avea loc pe 8 iulie, pentru specializ\u0103rile care organizeaz\u0103 proba practic\u0103 de concurs la sediile institu\u021biei.<\/p>\n\n\n\n<p>Rezultatele provizorii vor fi afi\u0219ate pe 13 iulie pentru ca timp de o zi viitorii studen\u021bi s\u0103 aib\u0103 posibilitatea de a le contesta. R\u0103spunsurile contesta\u021biilor \u0219i rezultatele finale ale concursului \u00een baza primei op\u021biuni vor publicate pe 15 iulie, iar urm\u0103toarea zi, pe 16 iulie \u00eencepe \u00eenscrierea propriu-zis\u0103 \u00een anul \u00eent\u00e2i.<\/p>\n\n\n\n<p>Taxele anuale pentru studen\u021bii \u00eenmatricula\u021bi \u00een anul I de studii, \u00een func\u021bie de specializare, sunt urm\u0103toarele:<\/p>\n\n\n\n<ul class=\"wp-block-list\">\n<li>Facultatea de Arhitectur\u0103:<br>\u25e6 programul de studii Arhitectur\u0103 (\u00een limba rom\u00e2n\u0103) \u2013 8500 lei<br>\u25e6 programul de studii Arhitectur\u0103 (\u00een limba englez\u0103) \u2013 9800 lei<br>\u25e6 programul de studii Conservare \u0219i restaurare de arhitectur\u0103 (la Sibiu) \u2013 4500 lei<\/li>\n\n\n\n<li>Facultatea de Arhitectur\u0103 de Interior:<br>\u25e6 programul de studii Arhitectur\u0103 de interior \u2013 7000 lei<br>\u25e6 programul de studii Design de produs \u2013 7000 lei<br>\u25e6 programul de studii Mobilier \u0219i amenaj\u0103ri interioare \u2013 4200 lei<\/li>\n\n\n\n<li>Facultatea de Urbanism:<br>\u25e6 programul de studii Proiectare \u0219i planificare urban\u0103 \u2013 7000 lei<br>\u25e6 programul de studii Amenajarea \u0219i planificarea peisajului \u2013 7000 lei<br>\u25e6 programul de studii Urbanism \u0219i administrarea teritoriului (la Sibiu) \u2013 4200 lei<\/li>\n<\/ul>\n\n\n\n<p><strong>CITE\u0218TE \u0218I: <a href=\"https:\/\/buletin.de\/bucuresti\/patronul-clubului-expirat-andrei-sosa-vorbeste-din-arest-nu-am-facut-rau-nimanui-si-in-prostia-mea-nici-nu-stiam-ca-fac-ceva-ilegal\/\">Patronul clubului Expirat, Andrei \u0218o\u0219a, vorbe\u0219te din arest: \u201eNu am f\u0103cut r\u0103u nim\u0103nui \u0219i, \u00een prostia mea, nici nu \u0219tiam c\u0103 fac ceva ilegal\u201d<\/a><\/strong><\/p>\n\n\n\n<h2 class=\"wp-block-heading\" id=\"h-peste-600-de-locuri-scoase-la-concurs\">Peste 600 de locuri scoase la concurs<\/h2>\n\n\n\n<p>Universitatea de Arhitectur\u0103 \u0219i Urbanism \u201eIon Mincu\u201d scoate anul acesta 660 de locuri la concurs. Dintre acestea, 356 sunt destinate absolven\u021bilor de liceu din mediul urban, 17 celor din mediul rural iar 22 sunt rezervate absolven\u0163ilor din sistemul de protec\u0163ie social\u0103. Alte cinci locuri sunt destinate cet\u0103\u021benilor de etnie rom\u0103, absolven\u021bi de liceu.<\/p>\n\n\n\n<p>Reparti\u021bia locurilor pe fiecare specializare este urm\u0103toarea:<\/p>\n\n\n\n<ul class=\"wp-block-list\">\n<li>Facultatea de Arhitectur\u0103 &#8211; <em>Specializarea Arhitectur\u0103<\/em>:<br>\u25e6 Arhitectur\u0103 (\u00een limba rom\u00e2n\u0103) \u2013 320 de locuri din care 125 cu tax\u0103<br>\u25e6 Arhitectur\u0103 (\u00een limba englez\u0103) \u2013 50 de locuri din care 20 cu tax\u0103<br>\u25e6 Conservare \u0219i restaurare de arhitectur\u0103 (la Sibiu) \u2013 25 de locuri din care 11 cu tax\u0103<\/li>\n\n\n\n<li>Facultatea de Arhitectur\u0103 de Interior &#8211; <em>Specializarea Arhitectur\u0103<\/em>:<br>\u25e6 Arhitectur\u0103 de interior \u2013 60 de locuri din care 22 cu tax\u0103<br>\u25e6 Design de produs \u2013 40 de locuri din care 16 cu tax\u0103<br>\u25e6Mobilier \u0219i amenaj\u0103ri interioare \u2013 25 de locuri din care 11 cu tax\u0103<\/li>\n\n\n\n<li>Facultatea de Urbanism &#8211; <em>Specializarea Urbanism<\/em>:<br>\u25e6 Proiectare \u0219i planificare urban\u0103 \u2013 65 de locuri din care 25 cu tax\u0103<br>\u25e6 Amenajarea \u0219i planificarea peisajului \u2013 50 de locuri din care 20 cu tax\u0103<br>\u25e6 Urbanism \u0219i administrarea teritoriului (la Sibiu) \u2013 25 de locuri din care 10 cu tax\u0103<\/li>\n<\/ul>\n\n\n\n<p><strong>CITE\u0218TE \u0218I: <a href=\"https:\/\/buletin.de\/bucuresti\/primaria-sectorului-2-dupa-ce-12-copii-de-la-o-gradinita-privata-au-ajuns-la-spital-este-in-registrul-special-al-furnizorilor-de-educatie-care-functioneaza-pe-baza-unei-alte-curricule\/\">Prim\u0103ria Sectorului 2, dup\u0103 ce 12 copii de la o gr\u0103dini\u021b\u0103 privat\u0103 au ajuns la spital: \u201eEste \u00een registrul special al furnizorilor de educa\u021bie care func\u021bioneaz\u0103 pe baza unei alte curricule\u201d<\/a><\/strong><\/p>\n\n\n\n<p><\/p>\n","protected":false},"excerpt":{"rendered":"<p>\u00cencep \u00eenscrierile la Universitatea de Arhitectur\u0103 \u0219i Urbanism \u201eIon Mincu\u201d din Capital\u0103. Potrivit regulamentului de admitere, viitorii studen\u021bi se pot \u00eenscrie \u00eencep\u00e2nd de vineri, 27 iunie, pe platforma universit\u0103\u021bii. \u00censcrierile dureaz\u0103 p\u00e2n\u0103 pe 5 iulie \u0219i presupun achitarea unei taxe \u00een valoare de 620 de lei. Mai apoi, proba practic\u0103 de concurs va avea loc [&hellip;]<\/p>\n","protected":false},"author":61,"featured_media":136357,"comment_status":"closed","ping_status":"open","sticky":false,"template":"","format":"standard","meta":{"_acf_changed":false,"inline_featured_image":false,"ngg_post_thumbnail":0,"footnotes":""},"categories":[6994,3421,62],"tags":[13033,22368,22367,1987],"ppma_author":[22577],"class_list":["post-136353","post","type-post","status-publish","format-standard","has-post-thumbnail","hentry","category-stiri-2","category-educatie","category-stiri","tag-arhitectura-2","tag-inscriere-facultate","tag-universitatea-ion-mincu","tag-urbanism"],"acf":[],"yoast_head":"<!-- This site is optimized with the Yoast SEO Premium plugin v25.3 (Yoast SEO v27.5) - https:\/\/yoast.com\/product\/yoast-seo-premium-wordpress\/ -->\n<title>\u00censcrierile la Universitatea de Arhitectur\u0103 \u0219i Urbanism \u00eencep vineri - Buletin de Bucure\u0219ti<\/title>\n<meta name=\"description\" content=\"\u00cencep \u00eenscrierile la Universitatea de Arhitectur\u0103 \u0219i Urbanism \u201eIon Mincu\u201d din Capital\u0103. Viitorii studen\u021bi se vor \u00eenscrie din 27 iunie.\" \/>\n<meta name=\"robots\" content=\"index, follow, max-snippet:-1, max-image-preview:large, max-video-preview:-1\" \/>\n<link rel=\"canonical\" href=\"https:\/\/buletin.de\/bucuresti\/inscrierile-la-universitatea-de-arhitectura-si-urbanism-incep-vineri\/\" \/>\n<meta property=\"og:locale\" content=\"en_GB\" \/>\n<meta property=\"og:type\" content=\"article\" \/>\n<meta property=\"og:title\" content=\"\u00censcrierile la Universitatea de Arhitectur\u0103 \u0219i Urbanism \u00eencep vineri\" \/>\n<meta property=\"og:description\" content=\"\u00cencep \u00eenscrierile la Universitatea de Arhitectur\u0103 \u0219i Urbanism \u201eIon Mincu\u201d din Capital\u0103. Viitorii studen\u021bi se vor \u00eenscrie din 27 iunie.\" \/>\n<meta property=\"og:url\" content=\"https:\/\/buletin.de\/bucuresti\/inscrierile-la-universitatea-de-arhitectura-si-urbanism-incep-vineri\/\" \/>\n<meta property=\"og:site_name\" content=\"Buletin de Bucure\u0219ti\" \/>\n<meta property=\"article:publisher\" content=\"https:\/\/www.facebook.com\/buletin.de.buc\" \/>\n<meta property=\"article:published_time\" content=\"2025-06-25T13:54:38+00:00\" \/>\n<meta property=\"article:modified_time\" content=\"2025-06-25T13:54:39+00:00\" \/>\n<meta property=\"og:image\" content=\"https:\/\/buletin.de\/bucuresti\/wp-content\/uploads\/2025\/06\/ID203827_INQUAM_Photos_Octav_Ganea-scaled.jpg\" \/>\n\t<meta property=\"og:image:width\" content=\"2560\" \/>\n\t<meta property=\"og:image:height\" content=\"1707\" \/>\n\t<meta property=\"og:image:type\" content=\"image\/jpeg\" \/>\n<meta name=\"author\" content=\"Alexandru Stan\" \/>\n<meta name=\"twitter:card\" content=\"summary_large_image\" \/>\n<meta name=\"twitter:label1\" content=\"Written by\" \/>\n\t<meta name=\"twitter:data1\" content=\"Alexandru Stan\" \/>\n\t<meta name=\"twitter:label2\" content=\"Estimated reading time\" \/>\n\t<meta name=\"twitter:data2\" content=\"3 minutes\" \/>\n<script type=\"application\/ld+json\" class=\"yoast-schema-graph\">{\"@context\":\"https:\\\/\\\/schema.org\",\"@graph\":[{\"@type\":\"Article\",\"@id\":\"https:\\\/\\\/buletin.de\\\/bucuresti\\\/inscrierile-la-universitatea-de-arhitectura-si-urbanism-incep-vineri\\\/#article\",\"isPartOf\":{\"@id\":\"https:\\\/\\\/buletin.de\\\/bucuresti\\\/inscrierile-la-universitatea-de-arhitectura-si-urbanism-incep-vineri\\\/\"},\"author\":{\"name\":\"Alexandru Stan\",\"@id\":\"https:\\\/\\\/buletin.de\\\/bucuresti\\\/#\\\/schema\\\/person\\\/104a46bbe8be6e336fecf63974383951\"},\"headline\":\"\u00censcrierile la Universitatea de Arhitectur\u0103 \u0219i Urbanism \u00eencep vineri\",\"datePublished\":\"2025-06-25T13:54:38+00:00\",\"dateModified\":\"2025-06-25T13:54:39+00:00\",\"mainEntityOfPage\":{\"@id\":\"https:\\\/\\\/buletin.de\\\/bucuresti\\\/inscrierile-la-universitatea-de-arhitectura-si-urbanism-incep-vineri\\\/\"},\"wordCount\":495,\"publisher\":{\"@id\":\"https:\\\/\\\/buletin.de\\\/bucuresti\\\/#organization\"},\"image\":{\"@id\":\"https:\\\/\\\/buletin.de\\\/bucuresti\\\/inscrierile-la-universitatea-de-arhitectura-si-urbanism-incep-vineri\\\/#primaryimage\"},\"thumbnailUrl\":\"https:\\\/\\\/buletin.de\\\/bucuresti\\\/wp-content\\\/uploads\\\/2025\\\/06\\\/ID203827_INQUAM_Photos_Octav_Ganea-scaled.jpg\",\"keywords\":[\"arhitectur\u0103\",\"\u00eenscriere facultate\",\"universitatea ion mincu\",\"urbanism\"],\"articleSection\":[\"Articole\",\"Educa\u021bie\",\"\u0218tiri\"],\"inLanguage\":\"en-GB\",\"copyrightYear\":\"2025\",\"copyrightHolder\":{\"@id\":\"https:\\\/\\\/buletin.de\\\/bucuresti\\\/#organization\"}},{\"@type\":\"WebPage\",\"@id\":\"https:\\\/\\\/buletin.de\\\/bucuresti\\\/inscrierile-la-universitatea-de-arhitectura-si-urbanism-incep-vineri\\\/\",\"url\":\"https:\\\/\\\/buletin.de\\\/bucuresti\\\/inscrierile-la-universitatea-de-arhitectura-si-urbanism-incep-vineri\\\/\",\"name\":\"\u00censcrierile la Universitatea de Arhitectur\u0103 \u0219i Urbanism \u00eencep vineri - Buletin de Bucure\u0219ti\",\"isPartOf\":{\"@id\":\"https:\\\/\\\/buletin.de\\\/bucuresti\\\/#website\"},\"primaryImageOfPage\":{\"@id\":\"https:\\\/\\\/buletin.de\\\/bucuresti\\\/inscrierile-la-universitatea-de-arhitectura-si-urbanism-incep-vineri\\\/#primaryimage\"},\"image\":{\"@id\":\"https:\\\/\\\/buletin.de\\\/bucuresti\\\/inscrierile-la-universitatea-de-arhitectura-si-urbanism-incep-vineri\\\/#primaryimage\"},\"thumbnailUrl\":\"https:\\\/\\\/buletin.de\\\/bucuresti\\\/wp-content\\\/uploads\\\/2025\\\/06\\\/ID203827_INQUAM_Photos_Octav_Ganea-scaled.jpg\",\"datePublished\":\"2025-06-25T13:54:38+00:00\",\"dateModified\":\"2025-06-25T13:54:39+00:00\",\"description\":\"\u00cencep \u00eenscrierile la Universitatea de Arhitectur\u0103 \u0219i Urbanism \u201eIon Mincu\u201d din Capital\u0103. Viitorii studen\u021bi se vor \u00eenscrie din 27 iunie.\",\"breadcrumb\":{\"@id\":\"https:\\\/\\\/buletin.de\\\/bucuresti\\\/inscrierile-la-universitatea-de-arhitectura-si-urbanism-incep-vineri\\\/#breadcrumb\"},\"inLanguage\":\"en-GB\",\"potentialAction\":[{\"@type\":\"ReadAction\",\"target\":[\"https:\\\/\\\/buletin.de\\\/bucuresti\\\/inscrierile-la-universitatea-de-arhitectura-si-urbanism-incep-vineri\\\/\"]}]},{\"@type\":\"ImageObject\",\"inLanguage\":\"en-GB\",\"@id\":\"https:\\\/\\\/buletin.de\\\/bucuresti\\\/inscrierile-la-universitatea-de-arhitectura-si-urbanism-incep-vineri\\\/#primaryimage\",\"url\":\"https:\\\/\\\/buletin.de\\\/bucuresti\\\/wp-content\\\/uploads\\\/2025\\\/06\\\/ID203827_INQUAM_Photos_Octav_Ganea-scaled.jpg\",\"contentUrl\":\"https:\\\/\\\/buletin.de\\\/bucuresti\\\/wp-content\\\/uploads\\\/2025\\\/06\\\/ID203827_INQUAM_Photos_Octav_Ganea-scaled.jpg\",\"width\":2560,\"height\":1707,\"caption\":\"\u00censcrierile la Universitatea de Arhitectur\u0103 \u0219i Urbanism \u00eencep vineri | FOTO: Inquam Photos \\\/ Octav Ganea\"},{\"@type\":\"BreadcrumbList\",\"@id\":\"https:\\\/\\\/buletin.de\\\/bucuresti\\\/inscrierile-la-universitatea-de-arhitectura-si-urbanism-incep-vineri\\\/#breadcrumb\",\"itemListElement\":[{\"@type\":\"ListItem\",\"position\":1,\"name\":\"Acas\u0103\",\"item\":\"https:\\\/\\\/buletin.de\\\/bucuresti\\\/\"},{\"@type\":\"ListItem\",\"position\":2,\"name\":\"\u00censcrierile la Universitatea de Arhitectur\u0103 \u0219i Urbanism \u00eencep vineri\"}]},{\"@type\":\"WebSite\",\"@id\":\"https:\\\/\\\/buletin.de\\\/bucuresti\\\/#website\",\"url\":\"https:\\\/\\\/buletin.de\\\/bucuresti\\\/\",\"name\":\"Buletin de Bucure\u0219ti\",\"description\":\"\u0218tiri \u0219i investiga\u021bii esen\u021biale din capital\u0103\",\"publisher\":{\"@id\":\"https:\\\/\\\/buletin.de\\\/bucuresti\\\/#organization\"},\"potentialAction\":[{\"@type\":\"SearchAction\",\"target\":{\"@type\":\"EntryPoint\",\"urlTemplate\":\"https:\\\/\\\/buletin.de\\\/bucuresti\\\/?s={search_term_string}\"},\"query-input\":{\"@type\":\"PropertyValueSpecification\",\"valueRequired\":true,\"valueName\":\"search_term_string\"}}],\"inLanguage\":\"en-GB\"},{\"@type\":\"Organization\",\"@id\":\"https:\\\/\\\/buletin.de\\\/bucuresti\\\/#organization\",\"name\":\"Buletin de Bucure\u0219ti\",\"url\":\"https:\\\/\\\/buletin.de\\\/bucuresti\\\/\",\"logo\":{\"@type\":\"ImageObject\",\"inLanguage\":\"en-GB\",\"@id\":\"https:\\\/\\\/buletin.de\\\/bucuresti\\\/#\\\/schema\\\/logo\\\/image\\\/\",\"url\":\"https:\\\/\\\/buletin.de\\\/bucuresti\\\/wp-content\\\/uploads\\\/logo-bdb-full-wide-vernil-transparent.png\",\"contentUrl\":\"https:\\\/\\\/buletin.de\\\/bucuresti\\\/wp-content\\\/uploads\\\/logo-bdb-full-wide-vernil-transparent.png\",\"width\":1782,\"height\":626,\"caption\":\"Buletin de Bucure\u0219ti\"},\"image\":{\"@id\":\"https:\\\/\\\/buletin.de\\\/bucuresti\\\/#\\\/schema\\\/logo\\\/image\\\/\"},\"sameAs\":[\"https:\\\/\\\/www.facebook.com\\\/buletin.de.buc\",\"https:\\\/\\\/www.instagram.com\\\/buletinde.bucuresti\\\/\"]},{\"@type\":\"Person\",\"@id\":\"https:\\\/\\\/buletin.de\\\/bucuresti\\\/#\\\/schema\\\/person\\\/104a46bbe8be6e336fecf63974383951\",\"name\":\"Alexandru Stan\",\"image\":{\"@type\":\"ImageObject\",\"inLanguage\":\"en-GB\",\"@id\":\"https:\\\/\\\/buletin.de\\\/bucuresti\\\/wp-content\\\/uploads\\\/2025\\\/12\\\/IMG-20251216-WA0045-e1766134343668-96x96.jpgd0ca12809ae3e1d27116a2afe8926544\",\"url\":\"https:\\\/\\\/buletin.de\\\/bucuresti\\\/wp-content\\\/uploads\\\/2025\\\/12\\\/IMG-20251216-WA0045-e1766134343668-96x96.jpg\",\"contentUrl\":\"https:\\\/\\\/buletin.de\\\/bucuresti\\\/wp-content\\\/uploads\\\/2025\\\/12\\\/IMG-20251216-WA0045-e1766134343668-96x96.jpg\",\"caption\":\"Alexandru Stan\"},\"description\":\"Sunt elev la un colegiu de prestigiu din Capital\u0103 \u0219i reporter la Buletin de Bucure\u0219ti. M-am n\u0103scut \u0219i am crescut cu m\u00e2ndrie \u00een Capital\u0103, ora\u0219 al pove\u0219tilor, al tramvaiului tras de cai \u0219i al c\u0103su\u021belor cu porti\u021b\u0103 \u0219i ci\u0219mea. Prin articolele mele, m\u0103 str\u0103duiesc s\u0103 descriu cu acurate\u021be via\u021ba din Bucure\u0219ti pe ecranele cititorilor no\u0219tri \u0219i \u00eencerc totodat\u0103 s\u0103 fac accesibile subiecte de interes general tuturor, de la mic la mare.\",\"url\":\"https:\\\/\\\/buletin.de\\\/bucuresti\\\/author\\\/alexandru-stan\\\/\"}]}<\/script>\n<!-- \/ Yoast SEO Premium plugin. -->","yoast_head_json":{"title":"\u00censcrierile la Universitatea de Arhitectur\u0103 \u0219i Urbanism \u00eencep vineri - Buletin de Bucure\u0219ti","description":"\u00cencep \u00eenscrierile la Universitatea de Arhitectur\u0103 \u0219i Urbanism \u201eIon Mincu\u201d din Capital\u0103. Viitorii studen\u021bi se vor \u00eenscrie din 27 iunie.","robots":{"index":"index","follow":"follow","max-snippet":"max-snippet:-1","max-image-preview":"max-image-preview:large","max-video-preview":"max-video-preview:-1"},"canonical":"https:\/\/buletin.de\/bucuresti\/inscrierile-la-universitatea-de-arhitectura-si-urbanism-incep-vineri\/","og_locale":"en_GB","og_type":"article","og_title":"\u00censcrierile la Universitatea de Arhitectur\u0103 \u0219i Urbanism \u00eencep vineri","og_description":"\u00cencep \u00eenscrierile la Universitatea de Arhitectur\u0103 \u0219i Urbanism \u201eIon Mincu\u201d din Capital\u0103. Viitorii studen\u021bi se vor \u00eenscrie din 27 iunie.","og_url":"https:\/\/buletin.de\/bucuresti\/inscrierile-la-universitatea-de-arhitectura-si-urbanism-incep-vineri\/","og_site_name":"Buletin de Bucure\u0219ti","article_publisher":"https:\/\/www.facebook.com\/buletin.de.buc","article_published_time":"2025-06-25T13:54:38+00:00","article_modified_time":"2025-06-25T13:54:39+00:00","og_image":[{"width":2560,"height":1707,"url":"https:\/\/buletin.de\/bucuresti\/wp-content\/uploads\/2025\/06\/ID203827_INQUAM_Photos_Octav_Ganea-scaled.jpg","type":"image\/jpeg"}],"author":"Alexandru Stan","twitter_card":"summary_large_image","twitter_misc":{"Written by":"Alexandru Stan","Estimated reading time":"3 minutes"},"schema":{"@context":"https:\/\/schema.org","@graph":[{"@type":"Article","@id":"https:\/\/buletin.de\/bucuresti\/inscrierile-la-universitatea-de-arhitectura-si-urbanism-incep-vineri\/#article","isPartOf":{"@id":"https:\/\/buletin.de\/bucuresti\/inscrierile-la-universitatea-de-arhitectura-si-urbanism-incep-vineri\/"},"author":{"name":"Alexandru Stan","@id":"https:\/\/buletin.de\/bucuresti\/#\/schema\/person\/104a46bbe8be6e336fecf63974383951"},"headline":"\u00censcrierile la Universitatea de Arhitectur\u0103 \u0219i Urbanism \u00eencep vineri","datePublished":"2025-06-25T13:54:38+00:00","dateModified":"2025-06-25T13:54:39+00:00","mainEntityOfPage":{"@id":"https:\/\/buletin.de\/bucuresti\/inscrierile-la-universitatea-de-arhitectura-si-urbanism-incep-vineri\/"},"wordCount":495,"publisher":{"@id":"https:\/\/buletin.de\/bucuresti\/#organization"},"image":{"@id":"https:\/\/buletin.de\/bucuresti\/inscrierile-la-universitatea-de-arhitectura-si-urbanism-incep-vineri\/#primaryimage"},"thumbnailUrl":"https:\/\/buletin.de\/bucuresti\/wp-content\/uploads\/2025\/06\/ID203827_INQUAM_Photos_Octav_Ganea-scaled.jpg","keywords":["arhitectur\u0103","\u00eenscriere facultate","universitatea ion mincu","urbanism"],"articleSection":["Articole","Educa\u021bie","\u0218tiri"],"inLanguage":"en-GB","copyrightYear":"2025","copyrightHolder":{"@id":"https:\/\/buletin.de\/bucuresti\/#organization"}},{"@type":"WebPage","@id":"https:\/\/buletin.de\/bucuresti\/inscrierile-la-universitatea-de-arhitectura-si-urbanism-incep-vineri\/","url":"https:\/\/buletin.de\/bucuresti\/inscrierile-la-universitatea-de-arhitectura-si-urbanism-incep-vineri\/","name":"\u00censcrierile la Universitatea de Arhitectur\u0103 \u0219i Urbanism \u00eencep vineri - Buletin de Bucure\u0219ti","isPartOf":{"@id":"https:\/\/buletin.de\/bucuresti\/#website"},"primaryImageOfPage":{"@id":"https:\/\/buletin.de\/bucuresti\/inscrierile-la-universitatea-de-arhitectura-si-urbanism-incep-vineri\/#primaryimage"},"image":{"@id":"https:\/\/buletin.de\/bucuresti\/inscrierile-la-universitatea-de-arhitectura-si-urbanism-incep-vineri\/#primaryimage"},"thumbnailUrl":"https:\/\/buletin.de\/bucuresti\/wp-content\/uploads\/2025\/06\/ID203827_INQUAM_Photos_Octav_Ganea-scaled.jpg","datePublished":"2025-06-25T13:54:38+00:00","dateModified":"2025-06-25T13:54:39+00:00","description":"\u00cencep \u00eenscrierile la Universitatea de Arhitectur\u0103 \u0219i Urbanism \u201eIon Mincu\u201d din Capital\u0103. Viitorii studen\u021bi se vor \u00eenscrie din 27 iunie.","breadcrumb":{"@id":"https:\/\/buletin.de\/bucuresti\/inscrierile-la-universitatea-de-arhitectura-si-urbanism-incep-vineri\/#breadcrumb"},"inLanguage":"en-GB","potentialAction":[{"@type":"ReadAction","target":["https:\/\/buletin.de\/bucuresti\/inscrierile-la-universitatea-de-arhitectura-si-urbanism-incep-vineri\/"]}]},{"@type":"ImageObject","inLanguage":"en-GB","@id":"https:\/\/buletin.de\/bucuresti\/inscrierile-la-universitatea-de-arhitectura-si-urbanism-incep-vineri\/#primaryimage","url":"https:\/\/buletin.de\/bucuresti\/wp-content\/uploads\/2025\/06\/ID203827_INQUAM_Photos_Octav_Ganea-scaled.jpg","contentUrl":"https:\/\/buletin.de\/bucuresti\/wp-content\/uploads\/2025\/06\/ID203827_INQUAM_Photos_Octav_Ganea-scaled.jpg","width":2560,"height":1707,"caption":"\u00censcrierile la Universitatea de Arhitectur\u0103 \u0219i Urbanism \u00eencep vineri | FOTO: Inquam Photos \/ Octav Ganea"},{"@type":"BreadcrumbList","@id":"https:\/\/buletin.de\/bucuresti\/inscrierile-la-universitatea-de-arhitectura-si-urbanism-incep-vineri\/#breadcrumb","itemListElement":[{"@type":"ListItem","position":1,"name":"Acas\u0103","item":"https:\/\/buletin.de\/bucuresti\/"},{"@type":"ListItem","position":2,"name":"\u00censcrierile la Universitatea de Arhitectur\u0103 \u0219i Urbanism \u00eencep vineri"}]},{"@type":"WebSite","@id":"https:\/\/buletin.de\/bucuresti\/#website","url":"https:\/\/buletin.de\/bucuresti\/","name":"Buletin de Bucure\u0219ti","description":"\u0218tiri \u0219i investiga\u021bii esen\u021biale din capital\u0103","publisher":{"@id":"https:\/\/buletin.de\/bucuresti\/#organization"},"potentialAction":[{"@type":"SearchAction","target":{"@type":"EntryPoint","urlTemplate":"https:\/\/buletin.de\/bucuresti\/?s={search_term_string}"},"query-input":{"@type":"PropertyValueSpecification","valueRequired":true,"valueName":"search_term_string"}}],"inLanguage":"en-GB"},{"@type":"Organization","@id":"https:\/\/buletin.de\/bucuresti\/#organization","name":"Buletin de Bucure\u0219ti","url":"https:\/\/buletin.de\/bucuresti\/","logo":{"@type":"ImageObject","inLanguage":"en-GB","@id":"https:\/\/buletin.de\/bucuresti\/#\/schema\/logo\/image\/","url":"https:\/\/buletin.de\/bucuresti\/wp-content\/uploads\/logo-bdb-full-wide-vernil-transparent.png","contentUrl":"https:\/\/buletin.de\/bucuresti\/wp-content\/uploads\/logo-bdb-full-wide-vernil-transparent.png","width":1782,"height":626,"caption":"Buletin de Bucure\u0219ti"},"image":{"@id":"https:\/\/buletin.de\/bucuresti\/#\/schema\/logo\/image\/"},"sameAs":["https:\/\/www.facebook.com\/buletin.de.buc","https:\/\/www.instagram.com\/buletinde.bucuresti\/"]},{"@type":"Person","@id":"https:\/\/buletin.de\/bucuresti\/#\/schema\/person\/104a46bbe8be6e336fecf63974383951","name":"Alexandru Stan","image":{"@type":"ImageObject","inLanguage":"en-GB","@id":"https:\/\/buletin.de\/bucuresti\/wp-content\/uploads\/2025\/12\/IMG-20251216-WA0045-e1766134343668-96x96.jpgd0ca12809ae3e1d27116a2afe8926544","url":"https:\/\/buletin.de\/bucuresti\/wp-content\/uploads\/2025\/12\/IMG-20251216-WA0045-e1766134343668-96x96.jpg","contentUrl":"https:\/\/buletin.de\/bucuresti\/wp-content\/uploads\/2025\/12\/IMG-20251216-WA0045-e1766134343668-96x96.jpg","caption":"Alexandru Stan"},"description":"Sunt elev la un colegiu de prestigiu din Capital\u0103 \u0219i reporter la Buletin de Bucure\u0219ti. M-am n\u0103scut \u0219i am crescut cu m\u00e2ndrie \u00een Capital\u0103, ora\u0219 al pove\u0219tilor, al tramvaiului tras de cai \u0219i al c\u0103su\u021belor cu porti\u021b\u0103 \u0219i ci\u0219mea. Prin articolele mele, m\u0103 str\u0103duiesc s\u0103 descriu cu acurate\u021be via\u021ba din Bucure\u0219ti pe ecranele cititorilor no\u0219tri \u0219i \u00eencerc totodat\u0103 s\u0103 fac accesibile subiecte de interes general tuturor, de la mic la mare.","url":"https:\/\/buletin.de\/bucuresti\/author\/alexandru-stan\/"}]}},"authors":[{"term_id":22577,"user_id":61,"is_guest":0,"slug":"alexandru-stan","display_name":"Alexandru Stan","avatar_url":"https:\/\/buletin.de\/bucuresti\/wp-content\/uploads\/2025\/12\/IMG-20251216-WA0045-e1766134343668-96x96.jpg","0":null,"1":"","2":"","3":"","4":"","5":"","6":"","7":"","8":""}],"_links":{"self":[{"href":"https:\/\/buletin.de\/bucuresti\/wp-json\/wp\/v2\/posts\/136353","targetHints":{"allow":["GET"]}}],"collection":[{"href":"https:\/\/buletin.de\/bucuresti\/wp-json\/wp\/v2\/posts"}],"about":[{"href":"https:\/\/buletin.de\/bucuresti\/wp-json\/wp\/v2\/types\/post"}],"author":[{"embeddable":true,"href":"https:\/\/buletin.de\/bucuresti\/wp-json\/wp\/v2\/users\/61"}],"replies":[{"embeddable":true,"href":"https:\/\/buletin.de\/bucuresti\/wp-json\/wp\/v2\/comments?post=136353"}],"version-history":[{"count":5,"href":"https:\/\/buletin.de\/bucuresti\/wp-json\/wp\/v2\/posts\/136353\/revisions"}],"predecessor-version":[{"id":136430,"href":"https:\/\/buletin.de\/bucuresti\/wp-json\/wp\/v2\/posts\/136353\/revisions\/136430"}],"wp:featuredmedia":[{"embeddable":true,"href":"https:\/\/buletin.de\/bucuresti\/wp-json\/wp\/v2\/media\/136357"}],"wp:attachment":[{"href":"https:\/\/buletin.de\/bucuresti\/wp-json\/wp\/v2\/media?parent=136353"}],"wp:term":[{"taxonomy":"category","embeddable":true,"href":"https:\/\/buletin.de\/bucuresti\/wp-json\/wp\/v2\/categories?post=136353"},{"taxonomy":"post_tag","embeddable":true,"href":"https:\/\/buletin.de\/bucuresti\/wp-json\/wp\/v2\/tags?post=136353"},{"taxonomy":"author","embeddable":true,"href":"https:\/\/buletin.de\/bucuresti\/wp-json\/wp\/v2\/ppma_author?post=136353"}],"curies":[{"name":"wp","href":"https:\/\/api.w.org\/{rel}","templated":true}]}}