{"id":136277,"date":"2025-06-25T05:46:15","date_gmt":"2025-06-25T02:46:15","guid":{"rendered":"https:\/\/buletin.de\/bucuresti\/?p=136277"},"modified":"2025-06-25T05:46:16","modified_gmt":"2025-06-25T02:46:16","slug":"oferta-educationala","status":"publish","type":"post","link":"https:\/\/buletin.de\/bucuresti\/oferta-educationala\/","title":{"rendered":"Sector 3 | Care sunt firmele care ofer\u0103 practic\u0103 pl\u0103tit\u0103 absolven\u021bilor de gimnaziu"},"content":{"rendered":"\n<p><strong>Prim\u0103ria Sectorului 3 \u0219i partenerii din programul de formare profesional\u0103 \u00een sistem dual vin \u00een \u00eent\u00e2mpinarea absolven\u021bilor de clasa a VIII-a cu oferta educa\u021bional\u0103, transmit autorit\u0103\u021bile locale. Programul de \u00eenv\u0103\u021b\u0103m\u00e2nt profesional \u00een sistem dual se adreseaz\u0103 absolven\u021bilor de clasa a VIII-a care doresc s\u0103 deprind\u0103 o meserie \u0219i s\u0103 se angajeze \u00een cadrul companiei unde s-au format.<\/strong><\/p>\n\n\n\n<h2 class=\"wp-block-heading\" id=\"h-oferta-educa\u021bionala-pentru-anul-\u0219colar-2025-2026-pentru-fiecare-unitate-de-inva\u021bamant\"><strong>Oferta educa\u021bional\u0103<\/strong> <strong>pentru anul \u0219colar 2025-2026, pentru fiecare unitate de \u00eenv\u0103\u021b\u0103m\u00e2nt<\/strong><\/h2>\n\n\n\n<p><strong>Liceul Tehnologic Theodor Pallady (bd. Theodor Pallady nr. 250)<\/strong><\/p>\n\n\n\n<ul class=\"wp-block-list\">\n<li>SC DBT SRL (Mazda): mecanic auto \u2013 un loc \/ tinichigiu vopsitor auto \u2013 dou\u0103 locuri;<\/li>\n\n\n\n<li>SC Algorithm Construc\u021bii SRL: mecanic auto \u2013 un loc \/ tinichigiu vopsitor auto \u2013 cinci locuri;<\/li>\n\n\n\n<li>Autoklass Center SRL: mecanic auto \u2013 opt locuri \/ tinichigiu vopsitor auto \u2013 dou\u0103 locuri;<\/li>\n\n\n\n<li>SC Timas SRL: mecanic auto \u2013 dou\u0103 locuri \/ tinichigiu vopsitor auto \u2013 un loc \/ electrician auto \u2013 dou\u0103 locuri;<\/li>\n\n\n\n<li>Societatea de Transport Bucure\u0219ti STB: electrician auto<\/li>\n<\/ul>\n\n\n\n<p><strong>Liceul Tehnologic Dragomir Hurmuzescu (bd. Basarabia nr. 256)<\/strong><\/p>\n\n\n\n<ul class=\"wp-block-list\">\n<li>Camera de Comer\u021b \u0219i Industrie Rom\u00e2no-German\u0103: comerciant-v\u00e2nz\u0103tor \u2013 26 de locuri<\/li>\n<\/ul>\n\n\n\n<p><strong>Colegiul Tehnic Anghel Saligny (bd. Nicolae Grigorescu nr. 12)<\/strong><\/p>\n\n\n\n<ul class=\"wp-block-list\">\n<li>Compania Municipal\u0103 Termoenergetica Bucure\u0219ti: instalator instala\u021bii \u00eenc\u0103lzire central\u0103 \u2013 24 de locuri<\/li>\n\n\n\n<li>Apa Nova: instalator instala\u021bii tehnico-sanitare \u0219i de gaze \u2013 26 de locuri \/ electrician constructor \u2013 13 locuri \/ sudor \u2013 13 locuri<\/li>\n<\/ul>\n\n\n\n<p><strong>Colegiul Tehnic Mihai Bravu (\u0219os. Mihai Bravu nr. 428)<\/strong><\/p>\n\n\n\n<ul class=\"wp-block-list\">\n<li>Funda\u021bia City Grill: buc\u0103tar \u2013 24 de locuri \/ osp\u0103tar \u2013 18 locuri<\/li>\n\n\n\n<li>Societatea Companiilor Hoteliere Grand SRL (JW Marriott): osp\u0103tar \u2013 \u0219ase locuri<\/li>\n\n\n\n<li>SC Construc\u021bii Erba\u0219u: dulgher, t\u00e2mplar, parchetar \u2013 12 locuri \/ instalator \u2013 12 locuri<\/li>\n<\/ul>\n\n\n\n<p><strong>Liceul Tehnologic Elie Radu (bd. Energeticienilor nr. 5)<\/strong><\/p>\n\n\n\n<ul class=\"wp-block-list\">\n<li>SC PROFI ROM FOOD SRL<\/li>\n<\/ul>\n\n\n\n<p><strong>CITE\u0218TE \u0218I:<\/strong> <a href=\"https:\/\/buletin.de\/bucuresti\/opera-nationala-bucuresti\/\">Acces gratuit la Opera Na\u021bional\u0103 Bucure\u0219ti pentru elevii cu media 10 la Bacalaureat<\/a><\/p>\n\n\n\n<h2 class=\"wp-block-heading\" id=\"h-beneficiile-sistemului-dual-pentru-elevi\"><strong>Beneficiile sistemului dual pentru elevi<\/strong><\/h2>\n\n\n\n<p>Astfel, elevii vor avea posibilitatea s\u0103 fac\u0103 practic\u0103 la operatorii economici parteneri care&nbsp;devin furnizori de formare profesional\u0103 \u015fi poten\u0163iali angajatori ai absolven\u0163ilor.&nbsp;<\/p>\n\n\n\n<p>Se acord\u0103 pe durata preg\u0103tirii profesionale burse lunare,&nbsp;condi\u021bionate de prezen\u021ba \u0219i rezultatele elevilor. Pachetul de beneficii mai cuprinde:<\/p>\n\n\n\n<ul class=\"wp-block-list\">\n<li>premii de performan\u021b\u0103;<\/li>\n\n\n\n<li>decontare transport\/cazare;<\/li>\n\n\n\n<li>echipament de lucru \u0219i protec\u021bie;<\/li>\n\n\n\n<li>preg\u0103tire practic\u0103 \u0219i mentorat;<\/li>\n\n\n\n<li>diplom\u0103 recunoscut\u0103 la nivel european;<\/li>\n\n\n\n<li>prioritate la angajare;<\/li>\n\n\n\n<li>posibilitatea continu\u0103rii studiilor pentru ob\u021binerea diplomei de Bacalaureat.<\/li>\n<\/ul>\n\n\n\n<p>Elevii care aleg sistemul dual ob\u021bin, la finalul celor trei ani de studiu \u0219i practic\u0103 (clasa a IX, clasa a X-a \u0219i clasa a XI-a), un certificat de competen\u021be pentru o calificare profesional\u0103 de nivel 3, care este recunoscut la nivel european. Dup\u0103 examenul de certificare, elevii se pot angaja direct la operatorul economic care s-a ocupat de formarea profesional\u0103 a acestora sau pot opta pentru un alt angajator.<\/p>\n\n\n\n<p><strong>CITE\u0218TE \u0218I:<\/strong> <a href=\"https:\/\/buletin.de\/bucuresti\/centru-de-zi\/\">Sector 4 | Centru de zi pentru copiii cu tulbur\u0103ri de comportament, care va costa peste 1.4 milioane de euro<\/a><\/p>\n","protected":false},"excerpt":{"rendered":"<p>Prim\u0103ria Sectorului 3 \u0219i partenerii din programul de formare profesional\u0103 \u00een sistem dual vin \u00een \u00eent\u00e2mpinarea absolven\u021bilor de clasa a VIII-a cu oferta educa\u021bional\u0103, transmit autorit\u0103\u021bile locale. Programul de \u00eenv\u0103\u021b\u0103m\u00e2nt profesional \u00een sistem dual se adreseaz\u0103 absolven\u021bilor de clasa a VIII-a care doresc s\u0103 deprind\u0103 o meserie \u0219i s\u0103 se angajeze \u00een cadrul companiei unde [&hellip;]<\/p>\n","protected":false},"author":49,"featured_media":136282,"comment_status":"closed","ping_status":"open","sticky":false,"template":"","format":"standard","meta":{"_acf_changed":false,"inline_featured_image":false,"ngg_post_thumbnail":0,"footnotes":""},"categories":[6994,5762,24],"tags":[2757,22359,8322,22358,440],"ppma_author":[22574],"class_list":["post-136277","post","type-post","status-publish","format-standard","has-post-thumbnail","hentry","category-stiri-2","category-main","category-primarie","tag-invatamant-dual","tag-liceul-tehnologic-elie-radu","tag-liceul-tehnologic-theodor-pallady","tag-oferta-educationala-invatamant-dual","tag-sector-3"],"acf":[],"yoast_head":"<!-- This site is optimized with the Yoast SEO Premium plugin v25.3 (Yoast SEO v27.4) - https:\/\/yoast.com\/product\/yoast-seo-premium-wordpress\/ -->\n<title>Sector 3 | Care sunt firmele care ofer\u0103 practic\u0103 pl\u0103tit\u0103 absolven\u021bilor de gimnaziu - Buletin de Bucure\u0219ti<\/title>\n<meta name=\"description\" content=\"Prim\u0103ria Sectorului 3 \u0219i partenerii din programul de formare profesional\u0103 \u00een sistem dual vin oferta educa\u021bional\u0103.\" \/>\n<meta name=\"robots\" content=\"index, follow, max-snippet:-1, max-image-preview:large, max-video-preview:-1\" \/>\n<link rel=\"canonical\" href=\"https:\/\/buletin.de\/bucuresti\/oferta-educationala\/\" \/>\n<meta property=\"og:locale\" content=\"en_GB\" \/>\n<meta property=\"og:type\" content=\"article\" \/>\n<meta property=\"og:title\" content=\"Sector 3 | Care sunt firmele care ofer\u0103 practic\u0103 pl\u0103tit\u0103 absolven\u021bilor de gimnaziu\" \/>\n<meta property=\"og:description\" content=\"Prim\u0103ria Sectorului 3 \u0219i partenerii din programul de formare profesional\u0103 \u00een sistem dual vin oferta educa\u021bional\u0103.\" \/>\n<meta property=\"og:url\" content=\"https:\/\/buletin.de\/bucuresti\/oferta-educationala\/\" \/>\n<meta property=\"og:site_name\" content=\"Buletin de Bucure\u0219ti\" \/>\n<meta property=\"article:publisher\" content=\"https:\/\/www.facebook.com\/buletin.de.buc\" \/>\n<meta property=\"article:published_time\" content=\"2025-06-25T02:46:15+00:00\" \/>\n<meta property=\"article:modified_time\" content=\"2025-06-25T02:46:16+00:00\" \/>\n<meta property=\"og:image\" content=\"https:\/\/buletin.de\/bucuresti\/wp-content\/uploads\/2025\/06\/liceul-theodor-pallady.png\" \/>\n\t<meta property=\"og:image:width\" content=\"1269\" \/>\n\t<meta property=\"og:image:height\" content=\"700\" \/>\n\t<meta property=\"og:image:type\" content=\"image\/png\" \/>\n<meta name=\"author\" content=\"Diana Matei\" \/>\n<meta name=\"twitter:card\" content=\"summary_large_image\" \/>\n<meta name=\"twitter:label1\" content=\"Written by\" \/>\n\t<meta name=\"twitter:data1\" content=\"Diana Matei\" \/>\n\t<meta name=\"twitter:label2\" content=\"Estimated reading time\" \/>\n\t<meta name=\"twitter:data2\" content=\"3 minutes\" \/>\n<script type=\"application\/ld+json\" class=\"yoast-schema-graph\">{\"@context\":\"https:\\\/\\\/schema.org\",\"@graph\":[{\"@type\":\"Article\",\"@id\":\"https:\\\/\\\/buletin.de\\\/bucuresti\\\/oferta-educationala\\\/#article\",\"isPartOf\":{\"@id\":\"https:\\\/\\\/buletin.de\\\/bucuresti\\\/oferta-educationala\\\/\"},\"author\":{\"name\":\"Diana Matei\",\"@id\":\"https:\\\/\\\/buletin.de\\\/bucuresti\\\/#\\\/schema\\\/person\\\/7e46040573290777280a0835d81ea4ea\"},\"headline\":\"Sector 3 | Care sunt firmele care ofer\u0103 practic\u0103 pl\u0103tit\u0103 absolven\u021bilor de gimnaziu\",\"datePublished\":\"2025-06-25T02:46:15+00:00\",\"dateModified\":\"2025-06-25T02:46:16+00:00\",\"mainEntityOfPage\":{\"@id\":\"https:\\\/\\\/buletin.de\\\/bucuresti\\\/oferta-educationala\\\/\"},\"wordCount\":470,\"publisher\":{\"@id\":\"https:\\\/\\\/buletin.de\\\/bucuresti\\\/#organization\"},\"image\":{\"@id\":\"https:\\\/\\\/buletin.de\\\/bucuresti\\\/oferta-educationala\\\/#primaryimage\"},\"thumbnailUrl\":\"https:\\\/\\\/buletin.de\\\/bucuresti\\\/wp-content\\\/uploads\\\/2025\\\/06\\\/liceul-theodor-pallady.png\",\"keywords\":[\"invatamant dual\",\"Liceul Tehnologic Elie Radu\",\"liceul tehnologic theodor pallady\",\"oferta educationala invatamant dual\",\"Sector 3\"],\"articleSection\":[\"Articole\",\"Main\",\"Prim\u0103rie\"],\"inLanguage\":\"en-GB\",\"copyrightYear\":\"2025\",\"copyrightHolder\":{\"@id\":\"https:\\\/\\\/buletin.de\\\/bucuresti\\\/#organization\"}},{\"@type\":\"WebPage\",\"@id\":\"https:\\\/\\\/buletin.de\\\/bucuresti\\\/oferta-educationala\\\/\",\"url\":\"https:\\\/\\\/buletin.de\\\/bucuresti\\\/oferta-educationala\\\/\",\"name\":\"Sector 3 | Care sunt firmele care ofer\u0103 practic\u0103 pl\u0103tit\u0103 absolven\u021bilor de gimnaziu - Buletin de Bucure\u0219ti\",\"isPartOf\":{\"@id\":\"https:\\\/\\\/buletin.de\\\/bucuresti\\\/#website\"},\"primaryImageOfPage\":{\"@id\":\"https:\\\/\\\/buletin.de\\\/bucuresti\\\/oferta-educationala\\\/#primaryimage\"},\"image\":{\"@id\":\"https:\\\/\\\/buletin.de\\\/bucuresti\\\/oferta-educationala\\\/#primaryimage\"},\"thumbnailUrl\":\"https:\\\/\\\/buletin.de\\\/bucuresti\\\/wp-content\\\/uploads\\\/2025\\\/06\\\/liceul-theodor-pallady.png\",\"datePublished\":\"2025-06-25T02:46:15+00:00\",\"dateModified\":\"2025-06-25T02:46:16+00:00\",\"description\":\"Prim\u0103ria Sectorului 3 \u0219i partenerii din programul de formare profesional\u0103 \u00een sistem dual vin oferta educa\u021bional\u0103.\",\"breadcrumb\":{\"@id\":\"https:\\\/\\\/buletin.de\\\/bucuresti\\\/oferta-educationala\\\/#breadcrumb\"},\"inLanguage\":\"en-GB\",\"potentialAction\":[{\"@type\":\"ReadAction\",\"target\":[\"https:\\\/\\\/buletin.de\\\/bucuresti\\\/oferta-educationala\\\/\"]}]},{\"@type\":\"ImageObject\",\"inLanguage\":\"en-GB\",\"@id\":\"https:\\\/\\\/buletin.de\\\/bucuresti\\\/oferta-educationala\\\/#primaryimage\",\"url\":\"https:\\\/\\\/buletin.de\\\/bucuresti\\\/wp-content\\\/uploads\\\/2025\\\/06\\\/liceul-theodor-pallady.png\",\"contentUrl\":\"https:\\\/\\\/buletin.de\\\/bucuresti\\\/wp-content\\\/uploads\\\/2025\\\/06\\\/liceul-theodor-pallady.png\",\"width\":1269,\"height\":700,\"caption\":\"Protocol pentru speciali\u0219ti la Termoenergetica, Apa Nova \u0219i supermarketuri. FOTO: Arhiva\"},{\"@type\":\"BreadcrumbList\",\"@id\":\"https:\\\/\\\/buletin.de\\\/bucuresti\\\/oferta-educationala\\\/#breadcrumb\",\"itemListElement\":[{\"@type\":\"ListItem\",\"position\":1,\"name\":\"Acas\u0103\",\"item\":\"https:\\\/\\\/buletin.de\\\/bucuresti\\\/\"},{\"@type\":\"ListItem\",\"position\":2,\"name\":\"Sector 3 | Care sunt firmele care ofer\u0103 practic\u0103 pl\u0103tit\u0103 absolven\u021bilor de gimnaziu\"}]},{\"@type\":\"WebSite\",\"@id\":\"https:\\\/\\\/buletin.de\\\/bucuresti\\\/#website\",\"url\":\"https:\\\/\\\/buletin.de\\\/bucuresti\\\/\",\"name\":\"Buletin de Bucure\u0219ti\",\"description\":\"\u0218tiri \u0219i investiga\u021bii esen\u021biale din capital\u0103\",\"publisher\":{\"@id\":\"https:\\\/\\\/buletin.de\\\/bucuresti\\\/#organization\"},\"potentialAction\":[{\"@type\":\"SearchAction\",\"target\":{\"@type\":\"EntryPoint\",\"urlTemplate\":\"https:\\\/\\\/buletin.de\\\/bucuresti\\\/?s={search_term_string}\"},\"query-input\":{\"@type\":\"PropertyValueSpecification\",\"valueRequired\":true,\"valueName\":\"search_term_string\"}}],\"inLanguage\":\"en-GB\"},{\"@type\":\"Organization\",\"@id\":\"https:\\\/\\\/buletin.de\\\/bucuresti\\\/#organization\",\"name\":\"Buletin de Bucure\u0219ti\",\"url\":\"https:\\\/\\\/buletin.de\\\/bucuresti\\\/\",\"logo\":{\"@type\":\"ImageObject\",\"inLanguage\":\"en-GB\",\"@id\":\"https:\\\/\\\/buletin.de\\\/bucuresti\\\/#\\\/schema\\\/logo\\\/image\\\/\",\"url\":\"https:\\\/\\\/buletin.de\\\/bucuresti\\\/wp-content\\\/uploads\\\/logo-bdb-full-wide-vernil-transparent.png\",\"contentUrl\":\"https:\\\/\\\/buletin.de\\\/bucuresti\\\/wp-content\\\/uploads\\\/logo-bdb-full-wide-vernil-transparent.png\",\"width\":1782,\"height\":626,\"caption\":\"Buletin de Bucure\u0219ti\"},\"image\":{\"@id\":\"https:\\\/\\\/buletin.de\\\/bucuresti\\\/#\\\/schema\\\/logo\\\/image\\\/\"},\"sameAs\":[\"https:\\\/\\\/www.facebook.com\\\/buletin.de.buc\",\"https:\\\/\\\/www.instagram.com\\\/buletinde.bucuresti\\\/\"]},{\"@type\":\"Person\",\"@id\":\"https:\\\/\\\/buletin.de\\\/bucuresti\\\/#\\\/schema\\\/person\\\/7e46040573290777280a0835d81ea4ea\",\"name\":\"Diana Matei\",\"image\":{\"@type\":\"ImageObject\",\"inLanguage\":\"en-GB\",\"@id\":\"https:\\\/\\\/buletin.de\\\/bucuresti\\\/wp-content\\\/uploads\\\/9-2-96x96.jpg1e8590b30871d70e62ebcdaf2eff570c\",\"url\":\"https:\\\/\\\/buletin.de\\\/bucuresti\\\/wp-content\\\/uploads\\\/9-2-96x96.jpg\",\"contentUrl\":\"https:\\\/\\\/buletin.de\\\/bucuresti\\\/wp-content\\\/uploads\\\/9-2-96x96.jpg\",\"caption\":\"Diana Matei\"},\"url\":\"https:\\\/\\\/buletin.de\\\/bucuresti\\\/author\\\/dianamatei\\\/\"}]}<\/script>\n<!-- \/ Yoast SEO Premium plugin. -->","yoast_head_json":{"title":"Sector 3 | Care sunt firmele care ofer\u0103 practic\u0103 pl\u0103tit\u0103 absolven\u021bilor de gimnaziu - Buletin de Bucure\u0219ti","description":"Prim\u0103ria Sectorului 3 \u0219i partenerii din programul de formare profesional\u0103 \u00een sistem dual vin oferta educa\u021bional\u0103.","robots":{"index":"index","follow":"follow","max-snippet":"max-snippet:-1","max-image-preview":"max-image-preview:large","max-video-preview":"max-video-preview:-1"},"canonical":"https:\/\/buletin.de\/bucuresti\/oferta-educationala\/","og_locale":"en_GB","og_type":"article","og_title":"Sector 3 | Care sunt firmele care ofer\u0103 practic\u0103 pl\u0103tit\u0103 absolven\u021bilor de gimnaziu","og_description":"Prim\u0103ria Sectorului 3 \u0219i partenerii din programul de formare profesional\u0103 \u00een sistem dual vin oferta educa\u021bional\u0103.","og_url":"https:\/\/buletin.de\/bucuresti\/oferta-educationala\/","og_site_name":"Buletin de Bucure\u0219ti","article_publisher":"https:\/\/www.facebook.com\/buletin.de.buc","article_published_time":"2025-06-25T02:46:15+00:00","article_modified_time":"2025-06-25T02:46:16+00:00","og_image":[{"width":1269,"height":700,"url":"https:\/\/buletin.de\/bucuresti\/wp-content\/uploads\/2025\/06\/liceul-theodor-pallady.png","type":"image\/png"}],"author":"Diana Matei","twitter_card":"summary_large_image","twitter_misc":{"Written by":"Diana Matei","Estimated reading time":"3 minutes"},"schema":{"@context":"https:\/\/schema.org","@graph":[{"@type":"Article","@id":"https:\/\/buletin.de\/bucuresti\/oferta-educationala\/#article","isPartOf":{"@id":"https:\/\/buletin.de\/bucuresti\/oferta-educationala\/"},"author":{"name":"Diana Matei","@id":"https:\/\/buletin.de\/bucuresti\/#\/schema\/person\/7e46040573290777280a0835d81ea4ea"},"headline":"Sector 3 | Care sunt firmele care ofer\u0103 practic\u0103 pl\u0103tit\u0103 absolven\u021bilor de gimnaziu","datePublished":"2025-06-25T02:46:15+00:00","dateModified":"2025-06-25T02:46:16+00:00","mainEntityOfPage":{"@id":"https:\/\/buletin.de\/bucuresti\/oferta-educationala\/"},"wordCount":470,"publisher":{"@id":"https:\/\/buletin.de\/bucuresti\/#organization"},"image":{"@id":"https:\/\/buletin.de\/bucuresti\/oferta-educationala\/#primaryimage"},"thumbnailUrl":"https:\/\/buletin.de\/bucuresti\/wp-content\/uploads\/2025\/06\/liceul-theodor-pallady.png","keywords":["invatamant dual","Liceul Tehnologic Elie Radu","liceul tehnologic theodor pallady","oferta educationala invatamant dual","Sector 3"],"articleSection":["Articole","Main","Prim\u0103rie"],"inLanguage":"en-GB","copyrightYear":"2025","copyrightHolder":{"@id":"https:\/\/buletin.de\/bucuresti\/#organization"}},{"@type":"WebPage","@id":"https:\/\/buletin.de\/bucuresti\/oferta-educationala\/","url":"https:\/\/buletin.de\/bucuresti\/oferta-educationala\/","name":"Sector 3 | Care sunt firmele care ofer\u0103 practic\u0103 pl\u0103tit\u0103 absolven\u021bilor de gimnaziu - Buletin de Bucure\u0219ti","isPartOf":{"@id":"https:\/\/buletin.de\/bucuresti\/#website"},"primaryImageOfPage":{"@id":"https:\/\/buletin.de\/bucuresti\/oferta-educationala\/#primaryimage"},"image":{"@id":"https:\/\/buletin.de\/bucuresti\/oferta-educationala\/#primaryimage"},"thumbnailUrl":"https:\/\/buletin.de\/bucuresti\/wp-content\/uploads\/2025\/06\/liceul-theodor-pallady.png","datePublished":"2025-06-25T02:46:15+00:00","dateModified":"2025-06-25T02:46:16+00:00","description":"Prim\u0103ria Sectorului 3 \u0219i partenerii din programul de formare profesional\u0103 \u00een sistem dual vin oferta educa\u021bional\u0103.","breadcrumb":{"@id":"https:\/\/buletin.de\/bucuresti\/oferta-educationala\/#breadcrumb"},"inLanguage":"en-GB","potentialAction":[{"@type":"ReadAction","target":["https:\/\/buletin.de\/bucuresti\/oferta-educationala\/"]}]},{"@type":"ImageObject","inLanguage":"en-GB","@id":"https:\/\/buletin.de\/bucuresti\/oferta-educationala\/#primaryimage","url":"https:\/\/buletin.de\/bucuresti\/wp-content\/uploads\/2025\/06\/liceul-theodor-pallady.png","contentUrl":"https:\/\/buletin.de\/bucuresti\/wp-content\/uploads\/2025\/06\/liceul-theodor-pallady.png","width":1269,"height":700,"caption":"Protocol pentru speciali\u0219ti la Termoenergetica, Apa Nova \u0219i supermarketuri. FOTO: Arhiva"},{"@type":"BreadcrumbList","@id":"https:\/\/buletin.de\/bucuresti\/oferta-educationala\/#breadcrumb","itemListElement":[{"@type":"ListItem","position":1,"name":"Acas\u0103","item":"https:\/\/buletin.de\/bucuresti\/"},{"@type":"ListItem","position":2,"name":"Sector 3 | Care sunt firmele care ofer\u0103 practic\u0103 pl\u0103tit\u0103 absolven\u021bilor de gimnaziu"}]},{"@type":"WebSite","@id":"https:\/\/buletin.de\/bucuresti\/#website","url":"https:\/\/buletin.de\/bucuresti\/","name":"Buletin de Bucure\u0219ti","description":"\u0218tiri \u0219i investiga\u021bii esen\u021biale din capital\u0103","publisher":{"@id":"https:\/\/buletin.de\/bucuresti\/#organization"},"potentialAction":[{"@type":"SearchAction","target":{"@type":"EntryPoint","urlTemplate":"https:\/\/buletin.de\/bucuresti\/?s={search_term_string}"},"query-input":{"@type":"PropertyValueSpecification","valueRequired":true,"valueName":"search_term_string"}}],"inLanguage":"en-GB"},{"@type":"Organization","@id":"https:\/\/buletin.de\/bucuresti\/#organization","name":"Buletin de Bucure\u0219ti","url":"https:\/\/buletin.de\/bucuresti\/","logo":{"@type":"ImageObject","inLanguage":"en-GB","@id":"https:\/\/buletin.de\/bucuresti\/#\/schema\/logo\/image\/","url":"https:\/\/buletin.de\/bucuresti\/wp-content\/uploads\/logo-bdb-full-wide-vernil-transparent.png","contentUrl":"https:\/\/buletin.de\/bucuresti\/wp-content\/uploads\/logo-bdb-full-wide-vernil-transparent.png","width":1782,"height":626,"caption":"Buletin de Bucure\u0219ti"},"image":{"@id":"https:\/\/buletin.de\/bucuresti\/#\/schema\/logo\/image\/"},"sameAs":["https:\/\/www.facebook.com\/buletin.de.buc","https:\/\/www.instagram.com\/buletinde.bucuresti\/"]},{"@type":"Person","@id":"https:\/\/buletin.de\/bucuresti\/#\/schema\/person\/7e46040573290777280a0835d81ea4ea","name":"Diana Matei","image":{"@type":"ImageObject","inLanguage":"en-GB","@id":"https:\/\/buletin.de\/bucuresti\/wp-content\/uploads\/9-2-96x96.jpg1e8590b30871d70e62ebcdaf2eff570c","url":"https:\/\/buletin.de\/bucuresti\/wp-content\/uploads\/9-2-96x96.jpg","contentUrl":"https:\/\/buletin.de\/bucuresti\/wp-content\/uploads\/9-2-96x96.jpg","caption":"Diana Matei"},"url":"https:\/\/buletin.de\/bucuresti\/author\/dianamatei\/"}]}},"authors":[{"term_id":22574,"user_id":49,"is_guest":0,"slug":"dianamatei","display_name":"Diana Matei","avatar_url":"https:\/\/buletin.de\/bucuresti\/wp-content\/uploads\/9-2-96x96.jpg","0":null,"1":"","2":"","3":"","4":"","5":"","6":"","7":"","8":""}],"_links":{"self":[{"href":"https:\/\/buletin.de\/bucuresti\/wp-json\/wp\/v2\/posts\/136277","targetHints":{"allow":["GET"]}}],"collection":[{"href":"https:\/\/buletin.de\/bucuresti\/wp-json\/wp\/v2\/posts"}],"about":[{"href":"https:\/\/buletin.de\/bucuresti\/wp-json\/wp\/v2\/types\/post"}],"author":[{"embeddable":true,"href":"https:\/\/buletin.de\/bucuresti\/wp-json\/wp\/v2\/users\/49"}],"replies":[{"embeddable":true,"href":"https:\/\/buletin.de\/bucuresti\/wp-json\/wp\/v2\/comments?post=136277"}],"version-history":[{"count":2,"href":"https:\/\/buletin.de\/bucuresti\/wp-json\/wp\/v2\/posts\/136277\/revisions"}],"predecessor-version":[{"id":136329,"href":"https:\/\/buletin.de\/bucuresti\/wp-json\/wp\/v2\/posts\/136277\/revisions\/136329"}],"wp:featuredmedia":[{"embeddable":true,"href":"https:\/\/buletin.de\/bucuresti\/wp-json\/wp\/v2\/media\/136282"}],"wp:attachment":[{"href":"https:\/\/buletin.de\/bucuresti\/wp-json\/wp\/v2\/media?parent=136277"}],"wp:term":[{"taxonomy":"category","embeddable":true,"href":"https:\/\/buletin.de\/bucuresti\/wp-json\/wp\/v2\/categories?post=136277"},{"taxonomy":"post_tag","embeddable":true,"href":"https:\/\/buletin.de\/bucuresti\/wp-json\/wp\/v2\/tags?post=136277"},{"taxonomy":"author","embeddable":true,"href":"https:\/\/buletin.de\/bucuresti\/wp-json\/wp\/v2\/ppma_author?post=136277"}],"curies":[{"name":"wp","href":"https:\/\/api.w.org\/{rel}","templated":true}]}}