{"id":135872,"date":"2025-06-20T10:28:37","date_gmt":"2025-06-20T07:28:37","guid":{"rendered":"https:\/\/buletin.de\/bucuresti\/?p=135872"},"modified":"2025-06-20T10:53:09","modified_gmt":"2025-06-20T07:53:09","slug":"expozitii-ateliere-strazi-deschise","status":"publish","type":"post","link":"https:\/\/buletin.de\/bucuresti\/expozitii-ateliere-strazi-deschise\/","title":{"rendered":"Expozi\u021bii, ateliere, muzic\u0103 live \u0219i o instala\u021bie interactiv\u0103\u00a0pe Calea Victoriei \u00een weekendul 21-22 iunie. Programul \u201eStr\u0103zi Deschise\u201d"},"content":{"rendered":"\n<p><strong>Calea Victoriei redevine pietonal\u0103, pentru expozi\u0163ii, ateliere \u015fi muzic\u0103 live &#8211; \u00eencepe un nou weekend cu \u201eStr\u0103zi Deschise\u201d. Timp de dou\u0103 zile, \u00eentre orele 10 \u015fi 20, oamenii sunt invita\u0163i la tot felul de activit\u0103\u0163i, de la pictur\u0103 \u00een aer liber, la ateliere pentru copii.<\/strong><\/p>\n\n\n\n<p><strong>De la pictur\u0103 la literatur\u0103, cu pauze muzicale<\/strong><\/p>\n\n\n\n<p>De-a lungul <a href=\"https:\/\/arcub.ro\/\">traseului pietonal<\/a> de pe Calea Victoriei, vizitatorii pot descoperi expozi\u021biile permanente \u0219i tematice ale Muzeului Municipiului Bucure\u0219ti \u2013 Casa Filipescu-Cesianu, deschise publicului pe tot parcursul zilei. \u00cen fa\u021ba Muzeului Colec\u021biilor de Art\u0103, arti\u0219ti din Asocia\u021bia Arti\u0219tilor Plastici din Bucure\u0219ti dau via\u021b\u0103 p\u00e2nzelor \u00een timp real, prin demonstra\u021bii de pictur\u0103 desf\u0103\u0219urate \u00een aer liber.<\/p>\n\n\n\n<p>Duminic\u0103, cei mici sunt invita\u021bi s\u0103-\u0219i pun\u0103 imagina\u021bia la lucru \u00een cadrul atelierului literar \u201eAlfabete cu secrete\u201d, coordonat de Oana Oros, \u00een parteneriat cu Muzeul Na\u021bional al Limbii Rom\u00e2ne. Iar s\u00e2mb\u0103t\u0103, de la ora 19:00, Pia\u021ba Revolu\u021biei devine scen\u0103 pentru un concert live sus\u021binut de Andrei Glavan.<\/p>\n\n\n\n<p><strong>Big Energy for Big Gadgets \u2013 instala\u021bie interactiv\u0103 &amp; corner foto<\/strong>&nbsp;<\/p>\n\n\n\n<p>\u00cen ambele zile, \u00een fa\u021ba Cercului Militar, PPC Romania,&nbsp;partener al proiectului \u201eStr\u0103zi Deschise\u201d te invit\u0103 s\u0103 descoperi experien\u021ba interactiv\u0103 Big Energy for Big Gadgets, unde totul prinde via\u021b\u0103 printr-o simpl\u0103 conectare. O instala\u021bie de mari dimensiuni \u2013 cu un \u0219techer uria\u0219, un adaptor ca un puzzle \u0219i un telefon LED oversized \u2013 te provoac\u0103 s\u0103 conectezi corect elementele \u0219i s\u0103 generezi #EnergiePentruOrice la cornerul foto.<\/p>\n\n\n\n<h2 class=\"wp-block-heading\" id=\"h-expozitii-ateliere-si-muzica-live-programul-strazi-deschise-21-22-iunie\">Expozi\u0163ii, ateliere \u015fi muzic\u0103 live. Programul Str\u0103zi Deschise, 21-22 iunie<\/h2>\n\n\n\n<p><strong><mark style=\"background-color:rgba(0, 0, 0, 0)\" class=\"has-inline-color has-vivid-red-color\">S\u00c2MB\u0102T\u0102, 21 IUNIE 2025<br><\/mark><\/strong>Calea Victoriei \u2013 Muzeul Municipiului Bucure\u0219ti \u2013 Casa Filipescu-Cesianu <br><strong>10:00 \u2013 17:30: <br><\/strong>\u201eMuzeul V\u00e2rstelor \u2013 de la copil\u0103rie la senectute\u201d \u0219i \u201e\u00cen apropierea sfin\u021bilor. Frescele M\u0103n\u0103stirii V\u0103c\u0103re\u0219ti dup\u0103 40 de ani\u201d (cu bilet) \u2013 expozi\u021bii permanente<br><strong>10:00 \u2013 18:00: <br><\/strong>\u201eOamenii \u0219i ora\u0219ul: Bucure\u0219tiul privit prin lentila lui Octavian Pavel\u201d \u2013 expozi\u021bie tematic\u0103 outdoor<\/p>\n\n\n\n<p>Calea Victoriei \u2013 Muzeul Colec\u021biilor de Art\u0103<br><strong>14:00 \u2013 19:00: <br><\/strong>Demonstra\u021bii de pictur\u0103 pe p\u00e2nz\u0103 \u00een aer liber (Asocia\u021bia Arti\u0219tilor Plastici din Bucure\u0219ti)<\/p>\n\n\n\n<p>Calea Victoriei \u2013 Cercul Militar<br><strong>16:00 \u2013 20:00: <br><\/strong>Big Energy for Big Gadgets \u2013 instala\u021bie interactiv\u0103 &amp; corner foto by @PPC Romania<\/p>\n\n\n\n<p>Calea Victoriei \u2013 Pia\u021ba Revolu\u021biei<br><strong>19:00 \u2013 20:00: <br><\/strong>Concert Andrei Glavan<\/p>\n\n\n\n<p><br><strong><mark style=\"background-color:rgba(0, 0, 0, 0)\" class=\"has-inline-color has-vivid-red-color\">DUMINIC\u0102, 22 IUNIE 2025<br><\/mark><\/strong>Calea Victoriei \u2013 Muzeul Municipiului Bucure\u0219ti \u2013 Casa Filipescu-Cesianu<br><strong>10:00 \u2013 17:30: <br><\/strong>\u201eMuzeul V\u00e2rstelor \u2013 de la copil\u0103rie la senectute\u201d \u0219i \u201e\u00cen apropierea sfin\u021bilor. Frescele M\u0103n\u0103stirii V\u0103c\u0103re\u0219ti dup\u0103 40 de ani\u201d (cu bilet) \u2013 expozi\u021bii permanente<br><strong>10:00 \u2013 18:00: <br><\/strong>\u201eOamenii \u0219i ora\u0219ul: Bucure\u0219tiul privit prin lentila lui Octavian Pavel\u201d \u2013 expozi\u021bie tematic\u0103 outdoor<\/p>\n\n\n\n<p>Calea Victoriei nr. 110<br><strong>11:00 \u2013 13:00: <br><\/strong>\u201eAlfabete cu secrete\u201d \u2013 ateliere literare, coordonator Oana Oros (Muzeul<br>Na\u021bional al Limbii Rom\u00e2ne)<\/p>\n\n\n\n<p>Calea Victoriei \u2013 Muzeul Colec\u021biilor de Art\u0103<br><strong>14:00 \u2013 19:00: <br><\/strong>Demonstra\u021bii de pictur\u0103 pe p\u00e2nz\u0103 \u00een aer liber (Asocia\u021bia Arti\u0219tilor Plastici din Bucure\u0219ti)<\/p>\n\n\n\n<p>Calea Victoriei \u2013 Cercul Militar<br><strong>16:00 \u2013 20:00: <br><\/strong>Big Energy for Big Gadgets \u2013 instala\u021bie interactiv\u0103 &amp; corner foto by @PPC Romania<\/p>\n\n\n\n<p><strong>CITE\u015eTE \u015eI:<\/strong> <a href=\"https:\/\/buletin.de\/bucuresti\/muzeul-municipiului-bucuresti\/\">Tarifele la Muzeul Muzeului Municipiului Bucure\u0219ti, \u00een dezbatere public\u0103. Propunerile pot fi depuse p\u00e2n\u0103 pe 3 iulie<\/a><br><\/p>\n\n\n\n<p><\/p>\n","protected":false},"excerpt":{"rendered":"<p>Calea Victoriei redevine pietonal\u0103, pentru expozi\u0163ii, ateliere \u015fi muzic\u0103 live &#8211; \u00eencepe un nou weekend cu \u201eStr\u0103zi Deschise\u201d. Timp de dou\u0103 zile, \u00eentre orele 10 \u015fi 20, oamenii sunt invita\u0163i la tot felul de activit\u0103\u0163i, de la pictur\u0103 \u00een aer liber, la ateliere pentru copii. De la pictur\u0103 la literatur\u0103, cu pauze muzicale De-a lungul [&hellip;]<\/p>\n","protected":false},"author":1,"featured_media":135876,"comment_status":"closed","ping_status":"open","sticky":false,"template":"","format":"standard","meta":{"_acf_changed":false,"inline_featured_image":false,"ngg_post_thumbnail":0,"footnotes":""},"categories":[6994,81,5762],"tags":[3602,11189,104,13054,2794],"ppma_author":[22583],"class_list":["post-135872","post","type-post","status-publish","format-standard","has-post-thumbnail","hentry","category-stiri-2","category-cultura","category-main","tag-arcub","tag-calea-victoriei-pietonala-2","tag-pmb","tag-program-strazi-deschise","tag-strazi-deschise"],"acf":[],"yoast_head":"<!-- This site is optimized with the Yoast SEO Premium plugin v25.3 (Yoast SEO v27.4) - https:\/\/yoast.com\/product\/yoast-seo-premium-wordpress\/ -->\n<title>Expozi\u021bii, ateliere, muzic\u0103 live \u0219i o instala\u021bie interactiv\u0103\u00a0pe Calea Victoriei \u00een weekendul 21-22 iunie. Programul \u201eStr\u0103zi Deschise\u201d - Buletin de Bucure\u0219ti<\/title>\n<meta name=\"description\" content=\"Calea Victoriei redevine pietonal\u0103, pentru expozi\u0163ii, ateliere \u015fi muzic\u0103 live - \u00eencepe un nou weekend cu Str\u0103zi Deschise.\" \/>\n<meta name=\"robots\" content=\"index, follow, max-snippet:-1, max-image-preview:large, max-video-preview:-1\" \/>\n<link rel=\"canonical\" href=\"https:\/\/buletin.de\/bucuresti\/expozitii-ateliere-strazi-deschise\/\" \/>\n<meta property=\"og:locale\" content=\"en_GB\" \/>\n<meta property=\"og:type\" content=\"article\" \/>\n<meta property=\"og:title\" content=\"Expozi\u021bii, ateliere, muzic\u0103 live \u0219i o instala\u021bie interactiv\u0103\u00a0pe Calea Victoriei \u00een weekendul 21-22 iunie. Programul \u201eStr\u0103zi Deschise\u201d\" \/>\n<meta property=\"og:description\" content=\"Calea Victoriei redevine pietonal\u0103, pentru expozi\u0163ii, ateliere \u015fi muzic\u0103 live - \u00eencepe un nou weekend cu Str\u0103zi Deschise.\" \/>\n<meta property=\"og:url\" content=\"https:\/\/buletin.de\/bucuresti\/expozitii-ateliere-strazi-deschise\/\" \/>\n<meta property=\"og:site_name\" content=\"Buletin de Bucure\u0219ti\" \/>\n<meta property=\"article:publisher\" content=\"https:\/\/www.facebook.com\/buletin.de.buc\" \/>\n<meta property=\"article:published_time\" content=\"2025-06-20T07:28:37+00:00\" \/>\n<meta property=\"article:modified_time\" content=\"2025-06-20T07:53:09+00:00\" \/>\n<meta property=\"og:image\" content=\"https:\/\/buletin.de\/bucuresti\/wp-content\/uploads\/2025\/06\/strazi-deschise-16-iunie-1000x667.jpg\" \/>\n\t<meta property=\"og:image:width\" content=\"1000\" \/>\n\t<meta property=\"og:image:height\" content=\"667\" \/>\n\t<meta property=\"og:image:type\" content=\"image\/jpeg\" \/>\n<meta name=\"author\" content=\"Redac\u021bia Buletin de Bucure\u0219ti\" \/>\n<meta name=\"twitter:card\" content=\"summary_large_image\" \/>\n<meta name=\"twitter:label1\" content=\"Written by\" \/>\n\t<meta name=\"twitter:data1\" content=\"Redac\u021bia Buletin de Bucure\u0219ti\" \/>\n\t<meta name=\"twitter:label2\" content=\"Estimated reading time\" \/>\n\t<meta name=\"twitter:data2\" content=\"3 minutes\" \/>\n<script type=\"application\/ld+json\" class=\"yoast-schema-graph\">{\"@context\":\"https:\\\/\\\/schema.org\",\"@graph\":[{\"@type\":\"Article\",\"@id\":\"https:\\\/\\\/buletin.de\\\/bucuresti\\\/expozitii-ateliere-strazi-deschise\\\/#article\",\"isPartOf\":{\"@id\":\"https:\\\/\\\/buletin.de\\\/bucuresti\\\/expozitii-ateliere-strazi-deschise\\\/\"},\"author\":{\"name\":\"Redac\u021bia Buletin de Bucure\u0219ti\",\"@id\":\"https:\\\/\\\/buletin.de\\\/bucuresti\\\/#\\\/schema\\\/person\\\/2bbcf854e5f2419a13804af574d06ab1\"},\"headline\":\"Expozi\u021bii, ateliere, muzic\u0103 live \u0219i o instala\u021bie interactiv\u0103\u00a0pe Calea Victoriei \u00een weekendul 21-22 iunie. Programul \u201eStr\u0103zi Deschise\u201d\",\"datePublished\":\"2025-06-20T07:28:37+00:00\",\"dateModified\":\"2025-06-20T07:53:09+00:00\",\"mainEntityOfPage\":{\"@id\":\"https:\\\/\\\/buletin.de\\\/bucuresti\\\/expozitii-ateliere-strazi-deschise\\\/\"},\"wordCount\":538,\"publisher\":{\"@id\":\"https:\\\/\\\/buletin.de\\\/bucuresti\\\/#organization\"},\"image\":{\"@id\":\"https:\\\/\\\/buletin.de\\\/bucuresti\\\/expozitii-ateliere-strazi-deschise\\\/#primaryimage\"},\"thumbnailUrl\":\"https:\\\/\\\/buletin.de\\\/bucuresti\\\/wp-content\\\/uploads\\\/2025\\\/06\\\/strazi-deschise-16-iunie.jpg\",\"keywords\":[\"arcub\",\"calea victoriei pietonala\",\"pmb\",\"program strazi deschise\",\"strazi deschise\"],\"articleSection\":[\"Articole\",\"Cultur\u0103\",\"Main\"],\"inLanguage\":\"en-GB\",\"copyrightYear\":\"2025\",\"copyrightHolder\":{\"@id\":\"https:\\\/\\\/buletin.de\\\/bucuresti\\\/#organization\"}},{\"@type\":\"WebPage\",\"@id\":\"https:\\\/\\\/buletin.de\\\/bucuresti\\\/expozitii-ateliere-strazi-deschise\\\/\",\"url\":\"https:\\\/\\\/buletin.de\\\/bucuresti\\\/expozitii-ateliere-strazi-deschise\\\/\",\"name\":\"Expozi\u021bii, ateliere, muzic\u0103 live \u0219i o instala\u021bie interactiv\u0103\u00a0pe Calea Victoriei \u00een weekendul 21-22 iunie. Programul \u201eStr\u0103zi Deschise\u201d - Buletin de Bucure\u0219ti\",\"isPartOf\":{\"@id\":\"https:\\\/\\\/buletin.de\\\/bucuresti\\\/#website\"},\"primaryImageOfPage\":{\"@id\":\"https:\\\/\\\/buletin.de\\\/bucuresti\\\/expozitii-ateliere-strazi-deschise\\\/#primaryimage\"},\"image\":{\"@id\":\"https:\\\/\\\/buletin.de\\\/bucuresti\\\/expozitii-ateliere-strazi-deschise\\\/#primaryimage\"},\"thumbnailUrl\":\"https:\\\/\\\/buletin.de\\\/bucuresti\\\/wp-content\\\/uploads\\\/2025\\\/06\\\/strazi-deschise-16-iunie.jpg\",\"datePublished\":\"2025-06-20T07:28:37+00:00\",\"dateModified\":\"2025-06-20T07:53:09+00:00\",\"description\":\"Calea Victoriei redevine pietonal\u0103, pentru expozi\u0163ii, ateliere \u015fi muzic\u0103 live - \u00eencepe un nou weekend cu Str\u0103zi Deschise.\",\"breadcrumb\":{\"@id\":\"https:\\\/\\\/buletin.de\\\/bucuresti\\\/expozitii-ateliere-strazi-deschise\\\/#breadcrumb\"},\"inLanguage\":\"en-GB\",\"potentialAction\":[{\"@type\":\"ReadAction\",\"target\":[\"https:\\\/\\\/buletin.de\\\/bucuresti\\\/expozitii-ateliere-strazi-deschise\\\/\"]}]},{\"@type\":\"ImageObject\",\"inLanguage\":\"en-GB\",\"@id\":\"https:\\\/\\\/buletin.de\\\/bucuresti\\\/expozitii-ateliere-strazi-deschise\\\/#primaryimage\",\"url\":\"https:\\\/\\\/buletin.de\\\/bucuresti\\\/wp-content\\\/uploads\\\/2025\\\/06\\\/strazi-deschise-16-iunie.jpg\",\"contentUrl\":\"https:\\\/\\\/buletin.de\\\/bucuresti\\\/wp-content\\\/uploads\\\/2025\\\/06\\\/strazi-deschise-16-iunie.jpg\",\"width\":1920,\"height\":1280,\"caption\":\"Calea Victoriei r\u0103m\u00e2ne pietonal\u0103 doar pe 30 august, pentru Str\u0103zi Deschise. Programul evenimentului. FOTO: Arhiva\"},{\"@type\":\"BreadcrumbList\",\"@id\":\"https:\\\/\\\/buletin.de\\\/bucuresti\\\/expozitii-ateliere-strazi-deschise\\\/#breadcrumb\",\"itemListElement\":[{\"@type\":\"ListItem\",\"position\":1,\"name\":\"Acas\u0103\",\"item\":\"https:\\\/\\\/buletin.de\\\/bucuresti\\\/\"},{\"@type\":\"ListItem\",\"position\":2,\"name\":\"Expozi\u021bii, ateliere, muzic\u0103 live \u0219i o instala\u021bie interactiv\u0103\u00a0pe Calea Victoriei \u00een weekendul 21-22 iunie. Programul \u201eStr\u0103zi Deschise\u201d\"}]},{\"@type\":\"WebSite\",\"@id\":\"https:\\\/\\\/buletin.de\\\/bucuresti\\\/#website\",\"url\":\"https:\\\/\\\/buletin.de\\\/bucuresti\\\/\",\"name\":\"Buletin de Bucure\u0219ti\",\"description\":\"\u0218tiri \u0219i investiga\u021bii esen\u021biale din capital\u0103\",\"publisher\":{\"@id\":\"https:\\\/\\\/buletin.de\\\/bucuresti\\\/#organization\"},\"potentialAction\":[{\"@type\":\"SearchAction\",\"target\":{\"@type\":\"EntryPoint\",\"urlTemplate\":\"https:\\\/\\\/buletin.de\\\/bucuresti\\\/?s={search_term_string}\"},\"query-input\":{\"@type\":\"PropertyValueSpecification\",\"valueRequired\":true,\"valueName\":\"search_term_string\"}}],\"inLanguage\":\"en-GB\"},{\"@type\":\"Organization\",\"@id\":\"https:\\\/\\\/buletin.de\\\/bucuresti\\\/#organization\",\"name\":\"Buletin de Bucure\u0219ti\",\"url\":\"https:\\\/\\\/buletin.de\\\/bucuresti\\\/\",\"logo\":{\"@type\":\"ImageObject\",\"inLanguage\":\"en-GB\",\"@id\":\"https:\\\/\\\/buletin.de\\\/bucuresti\\\/#\\\/schema\\\/logo\\\/image\\\/\",\"url\":\"https:\\\/\\\/buletin.de\\\/bucuresti\\\/wp-content\\\/uploads\\\/logo-bdb-full-wide-vernil-transparent.png\",\"contentUrl\":\"https:\\\/\\\/buletin.de\\\/bucuresti\\\/wp-content\\\/uploads\\\/logo-bdb-full-wide-vernil-transparent.png\",\"width\":1782,\"height\":626,\"caption\":\"Buletin de Bucure\u0219ti\"},\"image\":{\"@id\":\"https:\\\/\\\/buletin.de\\\/bucuresti\\\/#\\\/schema\\\/logo\\\/image\\\/\"},\"sameAs\":[\"https:\\\/\\\/www.facebook.com\\\/buletin.de.buc\",\"https:\\\/\\\/www.instagram.com\\\/buletinde.bucuresti\\\/\"]},{\"@type\":\"Person\",\"@id\":\"https:\\\/\\\/buletin.de\\\/bucuresti\\\/#\\\/schema\\\/person\\\/2bbcf854e5f2419a13804af574d06ab1\",\"name\":\"Redac\u021bia Buletin de Bucure\u0219ti\",\"image\":{\"@type\":\"ImageObject\",\"inLanguage\":\"en-GB\",\"@id\":\"https:\\\/\\\/secure.gravatar.com\\\/avatar\\\/18c5342381ed1a08620e6280424e3e5efc958618f5d67c522c9e44c1bc6f9226?s=96&d=monsterid&r=g60c7cd0ad92c68c049fcd4bb3504d609\",\"url\":\"https:\\\/\\\/secure.gravatar.com\\\/avatar\\\/18c5342381ed1a08620e6280424e3e5efc958618f5d67c522c9e44c1bc6f9226?s=96&d=monsterid&r=g\",\"contentUrl\":\"https:\\\/\\\/secure.gravatar.com\\\/avatar\\\/18c5342381ed1a08620e6280424e3e5efc958618f5d67c522c9e44c1bc6f9226?s=96&d=monsterid&r=g\",\"caption\":\"Redac\u021bia Buletin de Bucure\u0219ti\"},\"description\":\"Buletin de Bucure\u0219ti exist\u0103 din vara anului 2019.\",\"url\":\"https:\\\/\\\/buletin.de\\\/bucuresti\\\/author\\\/adminbuletin\\\/\"}]}<\/script>\n<!-- \/ Yoast SEO Premium plugin. -->","yoast_head_json":{"title":"Expozi\u021bii, ateliere, muzic\u0103 live \u0219i o instala\u021bie interactiv\u0103\u00a0pe Calea Victoriei \u00een weekendul 21-22 iunie. Programul \u201eStr\u0103zi Deschise\u201d - Buletin de Bucure\u0219ti","description":"Calea Victoriei redevine pietonal\u0103, pentru expozi\u0163ii, ateliere \u015fi muzic\u0103 live - \u00eencepe un nou weekend cu Str\u0103zi Deschise.","robots":{"index":"index","follow":"follow","max-snippet":"max-snippet:-1","max-image-preview":"max-image-preview:large","max-video-preview":"max-video-preview:-1"},"canonical":"https:\/\/buletin.de\/bucuresti\/expozitii-ateliere-strazi-deschise\/","og_locale":"en_GB","og_type":"article","og_title":"Expozi\u021bii, ateliere, muzic\u0103 live \u0219i o instala\u021bie interactiv\u0103\u00a0pe Calea Victoriei \u00een weekendul 21-22 iunie. Programul \u201eStr\u0103zi Deschise\u201d","og_description":"Calea Victoriei redevine pietonal\u0103, pentru expozi\u0163ii, ateliere \u015fi muzic\u0103 live - \u00eencepe un nou weekend cu Str\u0103zi Deschise.","og_url":"https:\/\/buletin.de\/bucuresti\/expozitii-ateliere-strazi-deschise\/","og_site_name":"Buletin de Bucure\u0219ti","article_publisher":"https:\/\/www.facebook.com\/buletin.de.buc","article_published_time":"2025-06-20T07:28:37+00:00","article_modified_time":"2025-06-20T07:53:09+00:00","og_image":[{"width":1000,"height":667,"url":"https:\/\/buletin.de\/bucuresti\/wp-content\/uploads\/2025\/06\/strazi-deschise-16-iunie-1000x667.jpg","type":"image\/jpeg"}],"author":"Redac\u021bia Buletin de Bucure\u0219ti","twitter_card":"summary_large_image","twitter_misc":{"Written by":"Redac\u021bia Buletin de Bucure\u0219ti","Estimated reading time":"3 minutes"},"schema":{"@context":"https:\/\/schema.org","@graph":[{"@type":"Article","@id":"https:\/\/buletin.de\/bucuresti\/expozitii-ateliere-strazi-deschise\/#article","isPartOf":{"@id":"https:\/\/buletin.de\/bucuresti\/expozitii-ateliere-strazi-deschise\/"},"author":{"name":"Redac\u021bia Buletin de Bucure\u0219ti","@id":"https:\/\/buletin.de\/bucuresti\/#\/schema\/person\/2bbcf854e5f2419a13804af574d06ab1"},"headline":"Expozi\u021bii, ateliere, muzic\u0103 live \u0219i o instala\u021bie interactiv\u0103\u00a0pe Calea Victoriei \u00een weekendul 21-22 iunie. Programul \u201eStr\u0103zi Deschise\u201d","datePublished":"2025-06-20T07:28:37+00:00","dateModified":"2025-06-20T07:53:09+00:00","mainEntityOfPage":{"@id":"https:\/\/buletin.de\/bucuresti\/expozitii-ateliere-strazi-deschise\/"},"wordCount":538,"publisher":{"@id":"https:\/\/buletin.de\/bucuresti\/#organization"},"image":{"@id":"https:\/\/buletin.de\/bucuresti\/expozitii-ateliere-strazi-deschise\/#primaryimage"},"thumbnailUrl":"https:\/\/buletin.de\/bucuresti\/wp-content\/uploads\/2025\/06\/strazi-deschise-16-iunie.jpg","keywords":["arcub","calea victoriei pietonala","pmb","program strazi deschise","strazi deschise"],"articleSection":["Articole","Cultur\u0103","Main"],"inLanguage":"en-GB","copyrightYear":"2025","copyrightHolder":{"@id":"https:\/\/buletin.de\/bucuresti\/#organization"}},{"@type":"WebPage","@id":"https:\/\/buletin.de\/bucuresti\/expozitii-ateliere-strazi-deschise\/","url":"https:\/\/buletin.de\/bucuresti\/expozitii-ateliere-strazi-deschise\/","name":"Expozi\u021bii, ateliere, muzic\u0103 live \u0219i o instala\u021bie interactiv\u0103\u00a0pe Calea Victoriei \u00een weekendul 21-22 iunie. Programul \u201eStr\u0103zi Deschise\u201d - Buletin de Bucure\u0219ti","isPartOf":{"@id":"https:\/\/buletin.de\/bucuresti\/#website"},"primaryImageOfPage":{"@id":"https:\/\/buletin.de\/bucuresti\/expozitii-ateliere-strazi-deschise\/#primaryimage"},"image":{"@id":"https:\/\/buletin.de\/bucuresti\/expozitii-ateliere-strazi-deschise\/#primaryimage"},"thumbnailUrl":"https:\/\/buletin.de\/bucuresti\/wp-content\/uploads\/2025\/06\/strazi-deschise-16-iunie.jpg","datePublished":"2025-06-20T07:28:37+00:00","dateModified":"2025-06-20T07:53:09+00:00","description":"Calea Victoriei redevine pietonal\u0103, pentru expozi\u0163ii, ateliere \u015fi muzic\u0103 live - \u00eencepe un nou weekend cu Str\u0103zi Deschise.","breadcrumb":{"@id":"https:\/\/buletin.de\/bucuresti\/expozitii-ateliere-strazi-deschise\/#breadcrumb"},"inLanguage":"en-GB","potentialAction":[{"@type":"ReadAction","target":["https:\/\/buletin.de\/bucuresti\/expozitii-ateliere-strazi-deschise\/"]}]},{"@type":"ImageObject","inLanguage":"en-GB","@id":"https:\/\/buletin.de\/bucuresti\/expozitii-ateliere-strazi-deschise\/#primaryimage","url":"https:\/\/buletin.de\/bucuresti\/wp-content\/uploads\/2025\/06\/strazi-deschise-16-iunie.jpg","contentUrl":"https:\/\/buletin.de\/bucuresti\/wp-content\/uploads\/2025\/06\/strazi-deschise-16-iunie.jpg","width":1920,"height":1280,"caption":"Calea Victoriei r\u0103m\u00e2ne pietonal\u0103 doar pe 30 august, pentru Str\u0103zi Deschise. Programul evenimentului. FOTO: Arhiva"},{"@type":"BreadcrumbList","@id":"https:\/\/buletin.de\/bucuresti\/expozitii-ateliere-strazi-deschise\/#breadcrumb","itemListElement":[{"@type":"ListItem","position":1,"name":"Acas\u0103","item":"https:\/\/buletin.de\/bucuresti\/"},{"@type":"ListItem","position":2,"name":"Expozi\u021bii, ateliere, muzic\u0103 live \u0219i o instala\u021bie interactiv\u0103\u00a0pe Calea Victoriei \u00een weekendul 21-22 iunie. Programul \u201eStr\u0103zi Deschise\u201d"}]},{"@type":"WebSite","@id":"https:\/\/buletin.de\/bucuresti\/#website","url":"https:\/\/buletin.de\/bucuresti\/","name":"Buletin de Bucure\u0219ti","description":"\u0218tiri \u0219i investiga\u021bii esen\u021biale din capital\u0103","publisher":{"@id":"https:\/\/buletin.de\/bucuresti\/#organization"},"potentialAction":[{"@type":"SearchAction","target":{"@type":"EntryPoint","urlTemplate":"https:\/\/buletin.de\/bucuresti\/?s={search_term_string}"},"query-input":{"@type":"PropertyValueSpecification","valueRequired":true,"valueName":"search_term_string"}}],"inLanguage":"en-GB"},{"@type":"Organization","@id":"https:\/\/buletin.de\/bucuresti\/#organization","name":"Buletin de Bucure\u0219ti","url":"https:\/\/buletin.de\/bucuresti\/","logo":{"@type":"ImageObject","inLanguage":"en-GB","@id":"https:\/\/buletin.de\/bucuresti\/#\/schema\/logo\/image\/","url":"https:\/\/buletin.de\/bucuresti\/wp-content\/uploads\/logo-bdb-full-wide-vernil-transparent.png","contentUrl":"https:\/\/buletin.de\/bucuresti\/wp-content\/uploads\/logo-bdb-full-wide-vernil-transparent.png","width":1782,"height":626,"caption":"Buletin de Bucure\u0219ti"},"image":{"@id":"https:\/\/buletin.de\/bucuresti\/#\/schema\/logo\/image\/"},"sameAs":["https:\/\/www.facebook.com\/buletin.de.buc","https:\/\/www.instagram.com\/buletinde.bucuresti\/"]},{"@type":"Person","@id":"https:\/\/buletin.de\/bucuresti\/#\/schema\/person\/2bbcf854e5f2419a13804af574d06ab1","name":"Redac\u021bia Buletin de Bucure\u0219ti","image":{"@type":"ImageObject","inLanguage":"en-GB","@id":"https:\/\/secure.gravatar.com\/avatar\/18c5342381ed1a08620e6280424e3e5efc958618f5d67c522c9e44c1bc6f9226?s=96&d=monsterid&r=g60c7cd0ad92c68c049fcd4bb3504d609","url":"https:\/\/secure.gravatar.com\/avatar\/18c5342381ed1a08620e6280424e3e5efc958618f5d67c522c9e44c1bc6f9226?s=96&d=monsterid&r=g","contentUrl":"https:\/\/secure.gravatar.com\/avatar\/18c5342381ed1a08620e6280424e3e5efc958618f5d67c522c9e44c1bc6f9226?s=96&d=monsterid&r=g","caption":"Redac\u021bia Buletin de Bucure\u0219ti"},"description":"Buletin de Bucure\u0219ti exist\u0103 din vara anului 2019.","url":"https:\/\/buletin.de\/bucuresti\/author\/adminbuletin\/"}]}},"authors":[{"term_id":22583,"user_id":1,"is_guest":0,"slug":"adminbuletin","display_name":"Redac\u021bia Buletin de Bucure\u0219ti","avatar_url":"https:\/\/secure.gravatar.com\/avatar\/18c5342381ed1a08620e6280424e3e5efc958618f5d67c522c9e44c1bc6f9226?s=96&d=monsterid&r=g","0":null,"1":"","2":"","3":"","4":"","5":"","6":"","7":"","8":""}],"_links":{"self":[{"href":"https:\/\/buletin.de\/bucuresti\/wp-json\/wp\/v2\/posts\/135872","targetHints":{"allow":["GET"]}}],"collection":[{"href":"https:\/\/buletin.de\/bucuresti\/wp-json\/wp\/v2\/posts"}],"about":[{"href":"https:\/\/buletin.de\/bucuresti\/wp-json\/wp\/v2\/types\/post"}],"author":[{"embeddable":true,"href":"https:\/\/buletin.de\/bucuresti\/wp-json\/wp\/v2\/users\/1"}],"replies":[{"embeddable":true,"href":"https:\/\/buletin.de\/bucuresti\/wp-json\/wp\/v2\/comments?post=135872"}],"version-history":[{"count":3,"href":"https:\/\/buletin.de\/bucuresti\/wp-json\/wp\/v2\/posts\/135872\/revisions"}],"predecessor-version":[{"id":135892,"href":"https:\/\/buletin.de\/bucuresti\/wp-json\/wp\/v2\/posts\/135872\/revisions\/135892"}],"wp:featuredmedia":[{"embeddable":true,"href":"https:\/\/buletin.de\/bucuresti\/wp-json\/wp\/v2\/media\/135876"}],"wp:attachment":[{"href":"https:\/\/buletin.de\/bucuresti\/wp-json\/wp\/v2\/media?parent=135872"}],"wp:term":[{"taxonomy":"category","embeddable":true,"href":"https:\/\/buletin.de\/bucuresti\/wp-json\/wp\/v2\/categories?post=135872"},{"taxonomy":"post_tag","embeddable":true,"href":"https:\/\/buletin.de\/bucuresti\/wp-json\/wp\/v2\/tags?post=135872"},{"taxonomy":"author","embeddable":true,"href":"https:\/\/buletin.de\/bucuresti\/wp-json\/wp\/v2\/ppma_author?post=135872"}],"curies":[{"name":"wp","href":"https:\/\/api.w.org\/{rel}","templated":true}]}}