{"id":135259,"date":"2025-06-16T11:15:56","date_gmt":"2025-06-16T08:15:56","guid":{"rendered":"https:\/\/buletin.de\/bucuresti\/?p=135259"},"modified":"2025-06-16T11:15:57","modified_gmt":"2025-06-16T08:15:57","slug":"un-batran-cu-permisul-suspendat-a-accidentat-mortal-un-barbat-in-afumati-un-prieten-a-incercat-sa-il-scape-de-vina","status":"publish","type":"post","link":"https:\/\/buletin.de\/bucuresti\/un-batran-cu-permisul-suspendat-a-accidentat-mortal-un-barbat-in-afumati-un-prieten-a-incercat-sa-il-scape-de-vina\/","title":{"rendered":"Un b\u0103tr\u00e2n cu permisul suspendat a accidentat mortal un b\u0103rbat, \u00een Afuma\u0163i. Un prieten a \u00eencercat s\u0103 \u00eel scape de vin\u0103"},"content":{"rendered":"\n<p><strong>Un b\u0103tr\u00e2n de 74 de ani care nu avea permis de conducere l-a accidentat pe un altul de 65 de ani, \u00een comuna Afuma\u0163i din jude\u0163ul Ilfov, pe \u015foseaua Bucure\u015fti-Urziceni, pe sensul de mers c\u0103tre Urziceni. Prietenul \u015foferului, un b\u0103rbat de 51 de ani, a cobor\u00e2t din ma\u015fin\u0103 \u015fi a \u00eencercat s\u0103 \u015ftearg\u0103 urmele accidentului, pentru a \u00eei induce \u00een eroare pe poli\u0163i\u015fti, transmit surse din r\u00e2ndul anchetatorilor, pentru Buletin de Bucure\u015fti. <\/strong><\/p>\n\n\n\n<p>\u00cen comunicatul lor, poli\u0163i\u015ftii de la <a href=\"https:\/\/if.politiaromana.ro\/\">IPJ Ilfov<\/a> transmit c\u0103 \u201eun alt b\u0103rbat, de 51 de ani, ar fi desf\u0103\u0219urat activit\u0103\u021bi care au \u00eengreunat cercet\u0103rile poli\u021bi\u0219tilor \u00een cauza penal\u0103, fiind cercetat sub aspectul s\u0103v\u00e2r\u0219irii <strong><mark style=\"background-color:rgba(0, 0, 0, 0)\" class=\"has-inline-color has-vivid-red-color\">infrac\u021biunii de favorizarea f\u0103ptuitorului<\/mark><\/strong>\u201d.<\/p>\n\n\n\n<p>Cei doi b\u0103rba\u0163i au fost re\u0163inu\u0163i pentru 24 de ore, iar infrac\u0163iunile de care sunt acuza\u0163i sunt: ucidere din culp\u0103, p\u0103r\u0103sirea locului accidentului, conducerea unui vehicul pe drumurile publice av\u00e2nd dreptul de a conduce suspendat \u0219i favorizarea f\u0103ptuitorului.<\/p>\n\n\n\n<p>Pentru acest lung \u015fir de fapte penale, ei vor ajunge \u00een fa\u0163a magistra\u0163ilor, cu propunerea lu\u0103rii unei m\u0103suri preventive, p\u00e2n\u0103 la proces. <\/p>\n\n\n\n<h2 class=\"wp-block-heading\" id=\"h-cum-s-a-produs-accidentul-in-care-protagonist-a-fost-un-batran-de-74-de-ani\">Cum s-a produs accidentul \u00een care protagonist a fost un b\u0103tr\u00e2n de 74 de ani<\/h2>\n\n\n\n<p>COMUNICATUL IPJ ILFOV: <\/p>\n\n\n\n<p>La data de 15 iunie a.c., \u00een jurul orei 22:44, poli\u0163i\u015fti din cadrul Poli\u021biei Ora\u0219ului Voluntari au fost sesiza\u021bi prin S.N.U.A.U. 112 de c\u0103tre o persoan\u0103, cu privire la producerea unui accident rutier mortal, \u00een comuna Afuma\u021bi, pe sensul de mers Urziceni c\u0103tre Bucure\u0219ti.<\/p>\n\n\n\n<p>La fa\u021ba locului s-au deplasat poli\u021bi\u0219ti din cadrul Serviciului Rutier Ilfov, care au stabilit faptul c\u0103, \u00een comuna Afuma\u021bi, \u0218oseaua Bucure\u0219ti-Urziceni, \u00een apropierea unei sta\u021bii de carburant, o persoan\u0103 de sex masculin, \u00een v\u00e2rst\u0103 de 65 de ani a fost acro\u0219at\u0103 de un autovehicul, care se deplasa din direc\u021bia de mers Bucure\u0219ti c\u0103tre Urziceni. \u00cen cauz\u0103, conduc\u0103torul autovehiculului ar fi p\u0103r\u0103sit locul evenimentului.<\/p>\n\n\n\n<p>Din nefericire, \u00een urma evenimentului rutier, b\u0103rbatul de 65 de ani, a decedat.<\/p>\n\n\n\n<p>La scurt timp, poli\u021bi\u0219tii au identificat at\u00e2t conduc\u0103torul auto, c\u00e2t \u0219i autovehiculul acestuia, persoana \u00een cauz\u0103 fiind condus\u0103 la sediul poli\u021biei, pentru audieri.<\/p>\n\n\n\n<p>\u00cen cauz\u0103, politi\u0219tii continu\u0103 cercet\u0103rile pentru stabilirea tuturor circumstan\u021belor \u00een care a avut loc evenimentul rutier. Astfel, a fost \u00eentocmit dosar de urm\u0103rire penal\u0103 sub aspectul s\u0103v\u00e2r\u0219irii infrac\u021biunilor de ucidere din culp\u0103 \u0219i p\u0103r\u0103sirea locului accidentului, urm\u0103rirea penal\u0103 fiind sub coordonarea procurorului de caz din cadrul Parchetului de pe l\u00e2ng\u0103 Judec\u0103toria Buftea.<\/p>\n\n\n\n<p><strong>CITE\u015eTE \u015eI:<\/strong> <a href=\"https:\/\/buletin.de\/bucuresti\/circulatia-feroviara-ingreunata-in-urmatoarele-doua-saptamani-in-apropiere-de-bucuresti-pe-magistrala-100-catre-teleorman\/\">Circula\u0163ia feroviar\u0103, \u00eengreunat\u0103 \u00een urm\u0103toarele dou\u0103 s\u0103pt\u0103m\u00e2ni, \u00een apropiere de Bucure\u015fti, pe Magistrala 100, c\u0103tre Teleorman<\/a><br><\/p>\n\n\n\n<p><\/p>\n","protected":false},"excerpt":{"rendered":"<p>Un b\u0103tr\u00e2n de 74 de ani care nu avea permis de conducere l-a accidentat pe un altul de 65 de ani, \u00een comuna Afuma\u0163i din jude\u0163ul Ilfov, pe \u015foseaua Bucure\u015fti-Urziceni, pe sensul de mers c\u0103tre Urziceni. Prietenul \u015foferului, un b\u0103rbat de 51 de ani, a cobor\u00e2t din ma\u015fin\u0103 \u015fi a \u00eencercat s\u0103 \u015ftearg\u0103 urmele accidentului, [&hellip;]<\/p>\n","protected":false},"author":1,"featured_media":51072,"comment_status":"closed","ping_status":"open","sticky":false,"template":"","format":"standard","meta":{"_acf_changed":false,"inline_featured_image":false,"ngg_post_thumbnail":0,"footnotes":""},"categories":[6994,1432,9026,62],"tags":[9898,22154,22152,22153,8871],"ppma_author":[22583],"class_list":["post-135259","post","type-post","status-publish","format-standard","has-post-thumbnail","hentry","category-stiri-2","category-buletin-de-ilfov","category-eveniment","category-stiri","tag-accident-afumati","tag-fuga-de-la-locul-accidentului","tag-ilj-ilfov","tag-permis-suspendat-accident","tag-sofer-fara-permis"],"acf":[],"yoast_head":"<!-- This site is optimized with the Yoast SEO Premium plugin v25.3 (Yoast SEO v27.4) - https:\/\/yoast.com\/product\/yoast-seo-premium-wordpress\/ -->\n<title>Un b\u0103tr\u00e2n cu permisul suspendat a accidentat mortal un b\u0103rbat, \u00een Afuma\u0163i. Un prieten a \u00eencercat s\u0103 \u00eel scape de vin\u0103 - Buletin de Bucure\u0219ti<\/title>\n<meta name=\"description\" content=\"Un b\u0103tr\u00e2n de 74 de ani care nu avea permis de conducere l-a accidentat pe un altul de 65 de ani, \u00een comuna Afuma\u0163i\" \/>\n<meta name=\"robots\" content=\"index, follow, max-snippet:-1, max-image-preview:large, max-video-preview:-1\" \/>\n<link rel=\"canonical\" href=\"https:\/\/buletin.de\/bucuresti\/un-batran-cu-permisul-suspendat-a-accidentat-mortal-un-barbat-in-afumati-un-prieten-a-incercat-sa-il-scape-de-vina\/\" \/>\n<meta property=\"og:locale\" content=\"en_GB\" \/>\n<meta property=\"og:type\" content=\"article\" \/>\n<meta property=\"og:title\" content=\"Un b\u0103tr\u00e2n cu permisul suspendat a accidentat mortal un b\u0103rbat, \u00een Afuma\u0163i. Un prieten a \u00eencercat s\u0103 \u00eel scape de vin\u0103\" \/>\n<meta property=\"og:description\" content=\"Un b\u0103tr\u00e2n de 74 de ani care nu avea permis de conducere l-a accidentat pe un altul de 65 de ani, \u00een comuna Afuma\u0163i\" \/>\n<meta property=\"og:url\" content=\"https:\/\/buletin.de\/bucuresti\/un-batran-cu-permisul-suspendat-a-accidentat-mortal-un-barbat-in-afumati-un-prieten-a-incercat-sa-il-scape-de-vina\/\" \/>\n<meta property=\"og:site_name\" content=\"Buletin de Bucure\u0219ti\" \/>\n<meta property=\"article:publisher\" content=\"https:\/\/www.facebook.com\/buletin.de.buc\" \/>\n<meta property=\"article:published_time\" content=\"2025-06-16T08:15:56+00:00\" \/>\n<meta property=\"article:modified_time\" content=\"2025-06-16T08:15:57+00:00\" \/>\n<meta property=\"og:image\" content=\"https:\/\/buletin.de\/bucuresti\/wp-content\/uploads\/Accident-4.jpg\" \/>\n\t<meta property=\"og:image:width\" content=\"923\" \/>\n\t<meta property=\"og:image:height\" content=\"2048\" \/>\n\t<meta property=\"og:image:type\" content=\"image\/jpeg\" \/>\n<meta name=\"author\" content=\"Redac\u021bia Buletin de Bucure\u0219ti\" \/>\n<meta name=\"twitter:card\" content=\"summary_large_image\" \/>\n<meta name=\"twitter:label1\" content=\"Written by\" \/>\n\t<meta name=\"twitter:data1\" content=\"Redac\u021bia Buletin de Bucure\u0219ti\" \/>\n\t<meta name=\"twitter:label2\" content=\"Estimated reading time\" \/>\n\t<meta name=\"twitter:data2\" content=\"2 minutes\" \/>\n<script type=\"application\/ld+json\" class=\"yoast-schema-graph\">{\"@context\":\"https:\\\/\\\/schema.org\",\"@graph\":[{\"@type\":\"Article\",\"@id\":\"https:\\\/\\\/buletin.de\\\/bucuresti\\\/un-batran-cu-permisul-suspendat-a-accidentat-mortal-un-barbat-in-afumati-un-prieten-a-incercat-sa-il-scape-de-vina\\\/#article\",\"isPartOf\":{\"@id\":\"https:\\\/\\\/buletin.de\\\/bucuresti\\\/un-batran-cu-permisul-suspendat-a-accidentat-mortal-un-barbat-in-afumati-un-prieten-a-incercat-sa-il-scape-de-vina\\\/\"},\"author\":{\"name\":\"Redac\u021bia Buletin de Bucure\u0219ti\",\"@id\":\"https:\\\/\\\/buletin.de\\\/bucuresti\\\/#\\\/schema\\\/person\\\/2bbcf854e5f2419a13804af574d06ab1\"},\"headline\":\"Un b\u0103tr\u00e2n cu permisul suspendat a accidentat mortal un b\u0103rbat, \u00een Afuma\u0163i. Un prieten a \u00eencercat s\u0103 \u00eel scape de vin\u0103\",\"datePublished\":\"2025-06-16T08:15:56+00:00\",\"dateModified\":\"2025-06-16T08:15:57+00:00\",\"mainEntityOfPage\":{\"@id\":\"https:\\\/\\\/buletin.de\\\/bucuresti\\\/un-batran-cu-permisul-suspendat-a-accidentat-mortal-un-barbat-in-afumati-un-prieten-a-incercat-sa-il-scape-de-vina\\\/\"},\"wordCount\":513,\"publisher\":{\"@id\":\"https:\\\/\\\/buletin.de\\\/bucuresti\\\/#organization\"},\"image\":{\"@id\":\"https:\\\/\\\/buletin.de\\\/bucuresti\\\/un-batran-cu-permisul-suspendat-a-accidentat-mortal-un-barbat-in-afumati-un-prieten-a-incercat-sa-il-scape-de-vina\\\/#primaryimage\"},\"thumbnailUrl\":\"https:\\\/\\\/buletin.de\\\/bucuresti\\\/wp-content\\\/uploads\\\/Accident-4.jpg\",\"keywords\":[\"accident afumati\",\"fuga de la locul accidentului\",\"ilj ilfov\",\"permis suspendat accident\",\"sofer fara permis\"],\"articleSection\":[\"Articole\",\"Buletin de Ilfov\",\"Eveniment\",\"\u0218tiri\"],\"inLanguage\":\"en-GB\",\"copyrightYear\":\"2025\",\"copyrightHolder\":{\"@id\":\"https:\\\/\\\/buletin.de\\\/bucuresti\\\/#organization\"}},{\"@type\":\"WebPage\",\"@id\":\"https:\\\/\\\/buletin.de\\\/bucuresti\\\/un-batran-cu-permisul-suspendat-a-accidentat-mortal-un-barbat-in-afumati-un-prieten-a-incercat-sa-il-scape-de-vina\\\/\",\"url\":\"https:\\\/\\\/buletin.de\\\/bucuresti\\\/un-batran-cu-permisul-suspendat-a-accidentat-mortal-un-barbat-in-afumati-un-prieten-a-incercat-sa-il-scape-de-vina\\\/\",\"name\":\"Un b\u0103tr\u00e2n cu permisul suspendat a accidentat mortal un b\u0103rbat, \u00een Afuma\u0163i. Un prieten a \u00eencercat s\u0103 \u00eel scape de vin\u0103 - Buletin de Bucure\u0219ti\",\"isPartOf\":{\"@id\":\"https:\\\/\\\/buletin.de\\\/bucuresti\\\/#website\"},\"primaryImageOfPage\":{\"@id\":\"https:\\\/\\\/buletin.de\\\/bucuresti\\\/un-batran-cu-permisul-suspendat-a-accidentat-mortal-un-barbat-in-afumati-un-prieten-a-incercat-sa-il-scape-de-vina\\\/#primaryimage\"},\"image\":{\"@id\":\"https:\\\/\\\/buletin.de\\\/bucuresti\\\/un-batran-cu-permisul-suspendat-a-accidentat-mortal-un-barbat-in-afumati-un-prieten-a-incercat-sa-il-scape-de-vina\\\/#primaryimage\"},\"thumbnailUrl\":\"https:\\\/\\\/buletin.de\\\/bucuresti\\\/wp-content\\\/uploads\\\/Accident-4.jpg\",\"datePublished\":\"2025-06-16T08:15:56+00:00\",\"dateModified\":\"2025-06-16T08:15:57+00:00\",\"description\":\"Un b\u0103tr\u00e2n de 74 de ani care nu avea permis de conducere l-a accidentat pe un altul de 65 de ani, \u00een comuna Afuma\u0163i\",\"breadcrumb\":{\"@id\":\"https:\\\/\\\/buletin.de\\\/bucuresti\\\/un-batran-cu-permisul-suspendat-a-accidentat-mortal-un-barbat-in-afumati-un-prieten-a-incercat-sa-il-scape-de-vina\\\/#breadcrumb\"},\"inLanguage\":\"en-GB\",\"potentialAction\":[{\"@type\":\"ReadAction\",\"target\":[\"https:\\\/\\\/buletin.de\\\/bucuresti\\\/un-batran-cu-permisul-suspendat-a-accidentat-mortal-un-barbat-in-afumati-un-prieten-a-incercat-sa-il-scape-de-vina\\\/\"]}]},{\"@type\":\"ImageObject\",\"inLanguage\":\"en-GB\",\"@id\":\"https:\\\/\\\/buletin.de\\\/bucuresti\\\/un-batran-cu-permisul-suspendat-a-accidentat-mortal-un-barbat-in-afumati-un-prieten-a-incercat-sa-il-scape-de-vina\\\/#primaryimage\",\"url\":\"https:\\\/\\\/buletin.de\\\/bucuresti\\\/wp-content\\\/uploads\\\/Accident-4.jpg\",\"contentUrl\":\"https:\\\/\\\/buletin.de\\\/bucuresti\\\/wp-content\\\/uploads\\\/Accident-4.jpg\",\"width\":923,\"height\":2048,\"caption\":\"Un b\u0103tr\u00e2n f\u0103r\u0103 permis a accidentat mortal un pieton. FOTO: arhiv\u0103\"},{\"@type\":\"BreadcrumbList\",\"@id\":\"https:\\\/\\\/buletin.de\\\/bucuresti\\\/un-batran-cu-permisul-suspendat-a-accidentat-mortal-un-barbat-in-afumati-un-prieten-a-incercat-sa-il-scape-de-vina\\\/#breadcrumb\",\"itemListElement\":[{\"@type\":\"ListItem\",\"position\":1,\"name\":\"Acas\u0103\",\"item\":\"https:\\\/\\\/buletin.de\\\/bucuresti\\\/\"},{\"@type\":\"ListItem\",\"position\":2,\"name\":\"Un b\u0103tr\u00e2n cu permisul suspendat a accidentat mortal un b\u0103rbat, \u00een Afuma\u0163i. Un prieten a \u00eencercat s\u0103 \u00eel scape de vin\u0103\"}]},{\"@type\":\"WebSite\",\"@id\":\"https:\\\/\\\/buletin.de\\\/bucuresti\\\/#website\",\"url\":\"https:\\\/\\\/buletin.de\\\/bucuresti\\\/\",\"name\":\"Buletin de Bucure\u0219ti\",\"description\":\"\u0218tiri \u0219i investiga\u021bii esen\u021biale din capital\u0103\",\"publisher\":{\"@id\":\"https:\\\/\\\/buletin.de\\\/bucuresti\\\/#organization\"},\"potentialAction\":[{\"@type\":\"SearchAction\",\"target\":{\"@type\":\"EntryPoint\",\"urlTemplate\":\"https:\\\/\\\/buletin.de\\\/bucuresti\\\/?s={search_term_string}\"},\"query-input\":{\"@type\":\"PropertyValueSpecification\",\"valueRequired\":true,\"valueName\":\"search_term_string\"}}],\"inLanguage\":\"en-GB\"},{\"@type\":\"Organization\",\"@id\":\"https:\\\/\\\/buletin.de\\\/bucuresti\\\/#organization\",\"name\":\"Buletin de Bucure\u0219ti\",\"url\":\"https:\\\/\\\/buletin.de\\\/bucuresti\\\/\",\"logo\":{\"@type\":\"ImageObject\",\"inLanguage\":\"en-GB\",\"@id\":\"https:\\\/\\\/buletin.de\\\/bucuresti\\\/#\\\/schema\\\/logo\\\/image\\\/\",\"url\":\"https:\\\/\\\/buletin.de\\\/bucuresti\\\/wp-content\\\/uploads\\\/logo-bdb-full-wide-vernil-transparent.png\",\"contentUrl\":\"https:\\\/\\\/buletin.de\\\/bucuresti\\\/wp-content\\\/uploads\\\/logo-bdb-full-wide-vernil-transparent.png\",\"width\":1782,\"height\":626,\"caption\":\"Buletin de Bucure\u0219ti\"},\"image\":{\"@id\":\"https:\\\/\\\/buletin.de\\\/bucuresti\\\/#\\\/schema\\\/logo\\\/image\\\/\"},\"sameAs\":[\"https:\\\/\\\/www.facebook.com\\\/buletin.de.buc\",\"https:\\\/\\\/www.instagram.com\\\/buletinde.bucuresti\\\/\"]},{\"@type\":\"Person\",\"@id\":\"https:\\\/\\\/buletin.de\\\/bucuresti\\\/#\\\/schema\\\/person\\\/2bbcf854e5f2419a13804af574d06ab1\",\"name\":\"Redac\u021bia Buletin de Bucure\u0219ti\",\"image\":{\"@type\":\"ImageObject\",\"inLanguage\":\"en-GB\",\"@id\":\"https:\\\/\\\/secure.gravatar.com\\\/avatar\\\/18c5342381ed1a08620e6280424e3e5efc958618f5d67c522c9e44c1bc6f9226?s=96&d=monsterid&r=g60c7cd0ad92c68c049fcd4bb3504d609\",\"url\":\"https:\\\/\\\/secure.gravatar.com\\\/avatar\\\/18c5342381ed1a08620e6280424e3e5efc958618f5d67c522c9e44c1bc6f9226?s=96&d=monsterid&r=g\",\"contentUrl\":\"https:\\\/\\\/secure.gravatar.com\\\/avatar\\\/18c5342381ed1a08620e6280424e3e5efc958618f5d67c522c9e44c1bc6f9226?s=96&d=monsterid&r=g\",\"caption\":\"Redac\u021bia Buletin de Bucure\u0219ti\"},\"description\":\"Buletin de Bucure\u0219ti exist\u0103 din vara anului 2019.\",\"url\":\"https:\\\/\\\/buletin.de\\\/bucuresti\\\/author\\\/adminbuletin\\\/\"}]}<\/script>\n<!-- \/ Yoast SEO Premium plugin. -->","yoast_head_json":{"title":"Un b\u0103tr\u00e2n cu permisul suspendat a accidentat mortal un b\u0103rbat, \u00een Afuma\u0163i. Un prieten a \u00eencercat s\u0103 \u00eel scape de vin\u0103 - Buletin de Bucure\u0219ti","description":"Un b\u0103tr\u00e2n de 74 de ani care nu avea permis de conducere l-a accidentat pe un altul de 65 de ani, \u00een comuna Afuma\u0163i","robots":{"index":"index","follow":"follow","max-snippet":"max-snippet:-1","max-image-preview":"max-image-preview:large","max-video-preview":"max-video-preview:-1"},"canonical":"https:\/\/buletin.de\/bucuresti\/un-batran-cu-permisul-suspendat-a-accidentat-mortal-un-barbat-in-afumati-un-prieten-a-incercat-sa-il-scape-de-vina\/","og_locale":"en_GB","og_type":"article","og_title":"Un b\u0103tr\u00e2n cu permisul suspendat a accidentat mortal un b\u0103rbat, \u00een Afuma\u0163i. Un prieten a \u00eencercat s\u0103 \u00eel scape de vin\u0103","og_description":"Un b\u0103tr\u00e2n de 74 de ani care nu avea permis de conducere l-a accidentat pe un altul de 65 de ani, \u00een comuna Afuma\u0163i","og_url":"https:\/\/buletin.de\/bucuresti\/un-batran-cu-permisul-suspendat-a-accidentat-mortal-un-barbat-in-afumati-un-prieten-a-incercat-sa-il-scape-de-vina\/","og_site_name":"Buletin de Bucure\u0219ti","article_publisher":"https:\/\/www.facebook.com\/buletin.de.buc","article_published_time":"2025-06-16T08:15:56+00:00","article_modified_time":"2025-06-16T08:15:57+00:00","og_image":[{"width":923,"height":2048,"url":"https:\/\/buletin.de\/bucuresti\/wp-content\/uploads\/Accident-4.jpg","type":"image\/jpeg"}],"author":"Redac\u021bia Buletin de Bucure\u0219ti","twitter_card":"summary_large_image","twitter_misc":{"Written by":"Redac\u021bia Buletin de Bucure\u0219ti","Estimated reading time":"2 minutes"},"schema":{"@context":"https:\/\/schema.org","@graph":[{"@type":"Article","@id":"https:\/\/buletin.de\/bucuresti\/un-batran-cu-permisul-suspendat-a-accidentat-mortal-un-barbat-in-afumati-un-prieten-a-incercat-sa-il-scape-de-vina\/#article","isPartOf":{"@id":"https:\/\/buletin.de\/bucuresti\/un-batran-cu-permisul-suspendat-a-accidentat-mortal-un-barbat-in-afumati-un-prieten-a-incercat-sa-il-scape-de-vina\/"},"author":{"name":"Redac\u021bia Buletin de Bucure\u0219ti","@id":"https:\/\/buletin.de\/bucuresti\/#\/schema\/person\/2bbcf854e5f2419a13804af574d06ab1"},"headline":"Un b\u0103tr\u00e2n cu permisul suspendat a accidentat mortal un b\u0103rbat, \u00een Afuma\u0163i. Un prieten a \u00eencercat s\u0103 \u00eel scape de vin\u0103","datePublished":"2025-06-16T08:15:56+00:00","dateModified":"2025-06-16T08:15:57+00:00","mainEntityOfPage":{"@id":"https:\/\/buletin.de\/bucuresti\/un-batran-cu-permisul-suspendat-a-accidentat-mortal-un-barbat-in-afumati-un-prieten-a-incercat-sa-il-scape-de-vina\/"},"wordCount":513,"publisher":{"@id":"https:\/\/buletin.de\/bucuresti\/#organization"},"image":{"@id":"https:\/\/buletin.de\/bucuresti\/un-batran-cu-permisul-suspendat-a-accidentat-mortal-un-barbat-in-afumati-un-prieten-a-incercat-sa-il-scape-de-vina\/#primaryimage"},"thumbnailUrl":"https:\/\/buletin.de\/bucuresti\/wp-content\/uploads\/Accident-4.jpg","keywords":["accident afumati","fuga de la locul accidentului","ilj ilfov","permis suspendat accident","sofer fara permis"],"articleSection":["Articole","Buletin de Ilfov","Eveniment","\u0218tiri"],"inLanguage":"en-GB","copyrightYear":"2025","copyrightHolder":{"@id":"https:\/\/buletin.de\/bucuresti\/#organization"}},{"@type":"WebPage","@id":"https:\/\/buletin.de\/bucuresti\/un-batran-cu-permisul-suspendat-a-accidentat-mortal-un-barbat-in-afumati-un-prieten-a-incercat-sa-il-scape-de-vina\/","url":"https:\/\/buletin.de\/bucuresti\/un-batran-cu-permisul-suspendat-a-accidentat-mortal-un-barbat-in-afumati-un-prieten-a-incercat-sa-il-scape-de-vina\/","name":"Un b\u0103tr\u00e2n cu permisul suspendat a accidentat mortal un b\u0103rbat, \u00een Afuma\u0163i. Un prieten a \u00eencercat s\u0103 \u00eel scape de vin\u0103 - Buletin de Bucure\u0219ti","isPartOf":{"@id":"https:\/\/buletin.de\/bucuresti\/#website"},"primaryImageOfPage":{"@id":"https:\/\/buletin.de\/bucuresti\/un-batran-cu-permisul-suspendat-a-accidentat-mortal-un-barbat-in-afumati-un-prieten-a-incercat-sa-il-scape-de-vina\/#primaryimage"},"image":{"@id":"https:\/\/buletin.de\/bucuresti\/un-batran-cu-permisul-suspendat-a-accidentat-mortal-un-barbat-in-afumati-un-prieten-a-incercat-sa-il-scape-de-vina\/#primaryimage"},"thumbnailUrl":"https:\/\/buletin.de\/bucuresti\/wp-content\/uploads\/Accident-4.jpg","datePublished":"2025-06-16T08:15:56+00:00","dateModified":"2025-06-16T08:15:57+00:00","description":"Un b\u0103tr\u00e2n de 74 de ani care nu avea permis de conducere l-a accidentat pe un altul de 65 de ani, \u00een comuna Afuma\u0163i","breadcrumb":{"@id":"https:\/\/buletin.de\/bucuresti\/un-batran-cu-permisul-suspendat-a-accidentat-mortal-un-barbat-in-afumati-un-prieten-a-incercat-sa-il-scape-de-vina\/#breadcrumb"},"inLanguage":"en-GB","potentialAction":[{"@type":"ReadAction","target":["https:\/\/buletin.de\/bucuresti\/un-batran-cu-permisul-suspendat-a-accidentat-mortal-un-barbat-in-afumati-un-prieten-a-incercat-sa-il-scape-de-vina\/"]}]},{"@type":"ImageObject","inLanguage":"en-GB","@id":"https:\/\/buletin.de\/bucuresti\/un-batran-cu-permisul-suspendat-a-accidentat-mortal-un-barbat-in-afumati-un-prieten-a-incercat-sa-il-scape-de-vina\/#primaryimage","url":"https:\/\/buletin.de\/bucuresti\/wp-content\/uploads\/Accident-4.jpg","contentUrl":"https:\/\/buletin.de\/bucuresti\/wp-content\/uploads\/Accident-4.jpg","width":923,"height":2048,"caption":"Un b\u0103tr\u00e2n f\u0103r\u0103 permis a accidentat mortal un pieton. FOTO: arhiv\u0103"},{"@type":"BreadcrumbList","@id":"https:\/\/buletin.de\/bucuresti\/un-batran-cu-permisul-suspendat-a-accidentat-mortal-un-barbat-in-afumati-un-prieten-a-incercat-sa-il-scape-de-vina\/#breadcrumb","itemListElement":[{"@type":"ListItem","position":1,"name":"Acas\u0103","item":"https:\/\/buletin.de\/bucuresti\/"},{"@type":"ListItem","position":2,"name":"Un b\u0103tr\u00e2n cu permisul suspendat a accidentat mortal un b\u0103rbat, \u00een Afuma\u0163i. Un prieten a \u00eencercat s\u0103 \u00eel scape de vin\u0103"}]},{"@type":"WebSite","@id":"https:\/\/buletin.de\/bucuresti\/#website","url":"https:\/\/buletin.de\/bucuresti\/","name":"Buletin de Bucure\u0219ti","description":"\u0218tiri \u0219i investiga\u021bii esen\u021biale din capital\u0103","publisher":{"@id":"https:\/\/buletin.de\/bucuresti\/#organization"},"potentialAction":[{"@type":"SearchAction","target":{"@type":"EntryPoint","urlTemplate":"https:\/\/buletin.de\/bucuresti\/?s={search_term_string}"},"query-input":{"@type":"PropertyValueSpecification","valueRequired":true,"valueName":"search_term_string"}}],"inLanguage":"en-GB"},{"@type":"Organization","@id":"https:\/\/buletin.de\/bucuresti\/#organization","name":"Buletin de Bucure\u0219ti","url":"https:\/\/buletin.de\/bucuresti\/","logo":{"@type":"ImageObject","inLanguage":"en-GB","@id":"https:\/\/buletin.de\/bucuresti\/#\/schema\/logo\/image\/","url":"https:\/\/buletin.de\/bucuresti\/wp-content\/uploads\/logo-bdb-full-wide-vernil-transparent.png","contentUrl":"https:\/\/buletin.de\/bucuresti\/wp-content\/uploads\/logo-bdb-full-wide-vernil-transparent.png","width":1782,"height":626,"caption":"Buletin de Bucure\u0219ti"},"image":{"@id":"https:\/\/buletin.de\/bucuresti\/#\/schema\/logo\/image\/"},"sameAs":["https:\/\/www.facebook.com\/buletin.de.buc","https:\/\/www.instagram.com\/buletinde.bucuresti\/"]},{"@type":"Person","@id":"https:\/\/buletin.de\/bucuresti\/#\/schema\/person\/2bbcf854e5f2419a13804af574d06ab1","name":"Redac\u021bia Buletin de Bucure\u0219ti","image":{"@type":"ImageObject","inLanguage":"en-GB","@id":"https:\/\/secure.gravatar.com\/avatar\/18c5342381ed1a08620e6280424e3e5efc958618f5d67c522c9e44c1bc6f9226?s=96&d=monsterid&r=g60c7cd0ad92c68c049fcd4bb3504d609","url":"https:\/\/secure.gravatar.com\/avatar\/18c5342381ed1a08620e6280424e3e5efc958618f5d67c522c9e44c1bc6f9226?s=96&d=monsterid&r=g","contentUrl":"https:\/\/secure.gravatar.com\/avatar\/18c5342381ed1a08620e6280424e3e5efc958618f5d67c522c9e44c1bc6f9226?s=96&d=monsterid&r=g","caption":"Redac\u021bia Buletin de Bucure\u0219ti"},"description":"Buletin de Bucure\u0219ti exist\u0103 din vara anului 2019.","url":"https:\/\/buletin.de\/bucuresti\/author\/adminbuletin\/"}]}},"authors":[{"term_id":22583,"user_id":1,"is_guest":0,"slug":"adminbuletin","display_name":"Redac\u021bia Buletin de Bucure\u0219ti","avatar_url":"https:\/\/secure.gravatar.com\/avatar\/18c5342381ed1a08620e6280424e3e5efc958618f5d67c522c9e44c1bc6f9226?s=96&d=monsterid&r=g","0":null,"1":"","2":"","3":"","4":"","5":"","6":"","7":"","8":""}],"_links":{"self":[{"href":"https:\/\/buletin.de\/bucuresti\/wp-json\/wp\/v2\/posts\/135259","targetHints":{"allow":["GET"]}}],"collection":[{"href":"https:\/\/buletin.de\/bucuresti\/wp-json\/wp\/v2\/posts"}],"about":[{"href":"https:\/\/buletin.de\/bucuresti\/wp-json\/wp\/v2\/types\/post"}],"author":[{"embeddable":true,"href":"https:\/\/buletin.de\/bucuresti\/wp-json\/wp\/v2\/users\/1"}],"replies":[{"embeddable":true,"href":"https:\/\/buletin.de\/bucuresti\/wp-json\/wp\/v2\/comments?post=135259"}],"version-history":[{"count":1,"href":"https:\/\/buletin.de\/bucuresti\/wp-json\/wp\/v2\/posts\/135259\/revisions"}],"predecessor-version":[{"id":135260,"href":"https:\/\/buletin.de\/bucuresti\/wp-json\/wp\/v2\/posts\/135259\/revisions\/135260"}],"wp:featuredmedia":[{"embeddable":true,"href":"https:\/\/buletin.de\/bucuresti\/wp-json\/wp\/v2\/media\/51072"}],"wp:attachment":[{"href":"https:\/\/buletin.de\/bucuresti\/wp-json\/wp\/v2\/media?parent=135259"}],"wp:term":[{"taxonomy":"category","embeddable":true,"href":"https:\/\/buletin.de\/bucuresti\/wp-json\/wp\/v2\/categories?post=135259"},{"taxonomy":"post_tag","embeddable":true,"href":"https:\/\/buletin.de\/bucuresti\/wp-json\/wp\/v2\/tags?post=135259"},{"taxonomy":"author","embeddable":true,"href":"https:\/\/buletin.de\/bucuresti\/wp-json\/wp\/v2\/ppma_author?post=135259"}],"curies":[{"name":"wp","href":"https:\/\/api.w.org\/{rel}","templated":true}]}}