{"id":134923,"date":"2025-06-14T08:50:00","date_gmt":"2025-06-14T05:50:00","guid":{"rendered":"https:\/\/buletin.de\/bucuresti\/?p=134923"},"modified":"2025-06-13T23:47:17","modified_gmt":"2025-06-13T20:47:17","slug":"strazi-deschise-bucuresti-2","status":"publish","type":"post","link":"https:\/\/buletin.de\/bucuresti\/strazi-deschise-bucuresti-2\/","title":{"rendered":"\u201eStr\u0103zi Deschise \u2013 Bucure\u0219ti\u201d \u0219i \u00een Sectorul 3. Programul pentru 14-15 iunie"},"content":{"rendered":"\n<p><strong>Weekendul acesta, \u201eStr\u0103zi Deschise \u2013 Bucure\u0219ti\u201d revine \u00een trei zone emblematice ale ora\u0219ului: Cotroceni, Calea Victoriei \u0219i strada R\u00e2mnicu V\u00e2lcea din Sectorul 3. Muzica live, spectacolele de teatru, parada stradal\u0103, demonstra\u021biile de pictur\u0103, atelierele creative, expozi\u021biile, activit\u0103\u021bile sportive \u0219i momentele surpriz\u0103 vor transforma spa\u021biul urban \u00eentr-o scen\u0103 deschis\u0103, pentru bucure\u0219teni.<\/strong><\/p>\n\n\n\n<h3 class=\"wp-block-heading\" id=\"h-bazar-de-cotroceni-proiect-partener-strazi-deschise-bucure\u0219ti\"><strong>Bazar de Cotroceni \u2013 proiect-partener \u201eStr\u0103zi deschise \u2013 Bucure\u0219ti\u201d<\/strong><\/h3>\n\n\n\n<p><strong>Bazar de Cotroceni<\/strong>&nbsp;este unul dintre cele \u0219ase proiecte partenere incluse \u00een programul&nbsp;<strong>\u201eStr\u0103zi deschise \u2013 Bucure\u0219ti\u201d<\/strong>&nbsp;de anul acesta, organizat de&nbsp;<strong>Asocia\u021bia \u00cencotroceni<\/strong>&nbsp;<strong>\u2013 Oameni, Idei, Pove\u0219ti<\/strong>, \u00een parteneriat cu&nbsp;<strong>ARCUB \u2013 Centrul Cultural al Municipiului Bucure\u0219ti<\/strong>. Timp de dou\u0103 zile, mai multe str\u0103zi din&nbsp;<strong>cartierul Cotroceni \u0219i Parcul Romniceanu<\/strong>&nbsp;devin un pol cultural \u0219i comunitar \u00een care muzica clasic\u0103 \u0219i jazz-ul se \u00eent\u00e2lnesc cu arta participativ\u0103, ateliere pentru copii, discu\u021bii civice \u0219i ini\u021biative educa\u021bionale.<\/p>\n\n\n\n<figure class=\"wp-block-gallery has-nested-images columns-default is-cropped wp-block-gallery-1 is-layout-flex wp-block-gallery-is-layout-flex\">\n<figure class=\"wp-block-image size-large\"><img fetchpriority=\"high\" decoding=\"async\" width=\"1000\" height=\"750\" data-id=\"134947\" src=\"data:image\/gif;base64,R0lGODlhAQABAAAAACH5BAEKAAEALAAAAAABAAEAAAICTAEAOw==\" data-src=\"https:\/\/buletin.de\/bucuresti\/wp-content\/uploads\/2025\/06\/505453942_1041872831453754_3296232997896493608_n-1-1000x750.jpg\" alt=\"Str\u0103zi Deschise \u2013 Bucure\u0219ti\" class=\"wp-image-134947 lazyload\" data-sizes=\"auto\" data-srcset=\"https:\/\/buletin.de\/bucuresti\/wp-content\/uploads\/2025\/06\/505453942_1041872831453754_3296232997896493608_n-1-1000x750.jpg 1000w, https:\/\/buletin.de\/bucuresti\/wp-content\/uploads\/2025\/06\/505453942_1041872831453754_3296232997896493608_n-1-300x225.jpg 300w, https:\/\/buletin.de\/bucuresti\/wp-content\/uploads\/2025\/06\/505453942_1041872831453754_3296232997896493608_n-1-768x576.jpg 768w, https:\/\/buletin.de\/bucuresti\/wp-content\/uploads\/2025\/06\/505453942_1041872831453754_3296232997896493608_n-1-1100x825.jpg 1100w, https:\/\/buletin.de\/bucuresti\/wp-content\/uploads\/2025\/06\/505453942_1041872831453754_3296232997896493608_n-1-600x450.jpg 600w, https:\/\/buletin.de\/bucuresti\/wp-content\/uploads\/2025\/06\/505453942_1041872831453754_3296232997896493608_n-1-20x15.jpg 20w, https:\/\/buletin.de\/bucuresti\/wp-content\/uploads\/2025\/06\/505453942_1041872831453754_3296232997896493608_n-1.jpg 1280w\" sizes=\"(max-width: 1000px) 100vw, 1000px\" \/><\/figure>\n\n\n\n<figure class=\"wp-block-image size-large\"><img decoding=\"async\" width=\"1000\" height=\"666\" data-id=\"134948\" src=\"data:image\/gif;base64,R0lGODlhAQABAAAAACH5BAEKAAEALAAAAAABAAEAAAICTAEAOw==\" data-src=\"https:\/\/buletin.de\/bucuresti\/wp-content\/uploads\/2025\/06\/505557339_1041871941453843_1061151426447427833_n-1-1000x666.jpg\" alt=\"Str\u0103zi Deschise \u2013 Bucure\u0219ti\" class=\"wp-image-134948 lazyload\" data-sizes=\"auto\" data-srcset=\"https:\/\/buletin.de\/bucuresti\/wp-content\/uploads\/2025\/06\/505557339_1041871941453843_1061151426447427833_n-1-1000x666.jpg 1000w, https:\/\/buletin.de\/bucuresti\/wp-content\/uploads\/2025\/06\/505557339_1041871941453843_1061151426447427833_n-1-300x200.jpg 300w, https:\/\/buletin.de\/bucuresti\/wp-content\/uploads\/2025\/06\/505557339_1041871941453843_1061151426447427833_n-1-768x512.jpg 768w, https:\/\/buletin.de\/bucuresti\/wp-content\/uploads\/2025\/06\/505557339_1041871941453843_1061151426447427833_n-1-1536x1023.jpg 1536w, https:\/\/buletin.de\/bucuresti\/wp-content\/uploads\/2025\/06\/505557339_1041871941453843_1061151426447427833_n-1-1100x733.jpg 1100w, https:\/\/buletin.de\/bucuresti\/wp-content\/uploads\/2025\/06\/505557339_1041871941453843_1061151426447427833_n-1-600x400.jpg 600w, https:\/\/buletin.de\/bucuresti\/wp-content\/uploads\/2025\/06\/505557339_1041871941453843_1061151426447427833_n-1-20x13.jpg 20w, https:\/\/buletin.de\/bucuresti\/wp-content\/uploads\/2025\/06\/505557339_1041871941453843_1061151426447427833_n-1.jpg 1600w\" sizes=\"(max-width: 1000px) 100vw, 1000px\" \/><\/figure>\n<\/figure>\n\n\n\n<p>\u00cen cadrul evenimentului,&nbsp;<strong>ARCUB<\/strong>&nbsp;sus\u021bine o serie de momente-cheie, contribuind activ la conturarea unui spa\u021biu de dialog \u0219i creativitate \u00een inima cartierului. Printre acestea se num\u0103r\u0103&nbsp;<strong>panelul \u201eBun\u0103 vecin\u0103tate \u00een cartiere. Ne mai \u00een\u021belegem om cu om?\u201d, ce va avea loc \u00een Parcul Romniceanu, la Agora din cadrul Bazar de Cotroceni, \u00eentre orele 16:30 \u2013 18:00.<\/strong>&nbsp;Panelul cuprinde o conversa\u021bie despre coabitarea urban\u0103 \u0219i rela\u021biile interpersonale, moderat\u0103 de&nbsp;<strong>C\u0103t\u0103lin Striblea,<\/strong>&nbsp;la care particip\u0103&nbsp;<strong>Mihaela P\u0103un, Director ARCUB<\/strong>, al\u0103turi de&nbsp;<strong>scriitorul Radu Paraschivescu<\/strong>&nbsp;\u0219i&nbsp;<strong>antropologul Radu Umbre\u0219<\/strong>.<\/p>\n\n\n\n<p>Tot sub egida&nbsp;<strong>ARCUB<\/strong>,&nbsp;<strong>Romanian Game Developers Association<\/strong>&nbsp;aduce magia jocurilor video \u00een inima Cotroceniului, la&nbsp;<strong>Bazar de Cotroceni<\/strong>.&nbsp;<strong>\u201eRaiders of the Lost Island&#8221;<\/strong>, un joc creat de o familie de dezvoltatori rom\u00e2ni (Last Tales) se transform\u0103 \u00eentr-o v\u00e2n\u0103toare de comori pentru copii, inspirat\u0103 din gameplay-ul s\u0103u cooperativ \u0219i competitiv. Cei mici (4-8 ani) vor colabora pentru a construi o barc\u0103 \u0219i a se salva de pe o insul\u0103 \u201escufundat\u0103\u201d din Parcul Romniceanu, dar vor c\u0103uta \u0219i comori pe care s\u0103 le ia acas\u0103. Astfel, cei mici sunt a\u0219tepta\u021bi pe&nbsp;<strong>14 \u0219i 15 iunie<\/strong>, \u00een intervalul&nbsp;<strong>10:00 \u2013 13:00<\/strong>, la sesiunile de v\u00e2n\u0103toare de comori ce&nbsp;<strong>vor lua startul la orele: 10:30, 11:30, 12:30<\/strong>. Participarea este&nbsp;<strong>gratuit\u0103<\/strong>, \u00een baza unei \u00eenscrieri, pe urm\u0103torul link:&nbsp;<a href=\"https:\/\/shorturl.at\/2fbnF\"><strong>https:\/\/shorturl.at\/2fbnF<\/strong><\/a><\/p>\n\n\n\n<p>Bazar de Cotroceni din Parcul Romniceanu aduce, \u00een ambele seri de weekend, recitaluri live \u00een aer liber, prezentate publicului \u00eentre orele 18:30 \u0219i 21:00.&nbsp;<strong>S\u00e2mb\u0103t\u0103, 14 iunie<\/strong>, publicul este invitat la concertul&nbsp;<strong>DUO Sorin Romanescu (chitar\u0103) \u0219i Mihai Iordache (saxofoane)<\/strong>, urmat de apari\u021bia trupei&nbsp;<strong>JOUSKA<\/strong>.&nbsp;<strong>Duminic\u0103, 15 iunie<\/strong>, atmosfera va fi completat\u0103 de concertul trioului&nbsp;<strong>Marsdelux<\/strong>.<\/p>\n\n\n\n<p><strong>CITE\u0218TE \u0218I:<\/strong> <a href=\"https:\/\/buletin.de\/bucuresti\/cursa-de-ratuste-2025\/\">Cursa de R\u0103\u021bu\u0219te 2025, un eveniment caritabil pentru copiii cu deficiente de auz<\/a><\/p>\n\n\n\n<h3 class=\"wp-block-heading\" id=\"h-calea-victoriei-traseul-cultural-al-ora\u0219ului-intre-pictura-parada-\u0219i-ma\u0219ini-retro\"><strong>Calea Victoriei \u2013 traseul cultural al ora\u0219ului, \u00eentre pictur\u0103, parad\u0103 \u0219i ma\u0219ini retro<\/strong><\/h3>\n\n\n\n<figure class=\"wp-block-image size-large\"><img decoding=\"async\" width=\"1000\" height=\"667\" src=\"data:image\/gif;base64,R0lGODlhAQABAAAAACH5BAEKAAEALAAAAAABAAEAAAICTAEAOw==\" data-src=\"https:\/\/buletin.de\/bucuresti\/wp-content\/uploads\/2025\/06\/506785077_1041871611453876_7102538661312731672_n-1-1000x667.jpg\" alt=\"Str\u0103zi Deschise \u2013 Bucure\u0219ti\" class=\"wp-image-134939 lazyload\" data-sizes=\"auto\" data-srcset=\"https:\/\/buletin.de\/bucuresti\/wp-content\/uploads\/2025\/06\/506785077_1041871611453876_7102538661312731672_n-1-1000x667.jpg 1000w, https:\/\/buletin.de\/bucuresti\/wp-content\/uploads\/2025\/06\/506785077_1041871611453876_7102538661312731672_n-1-300x200.jpg 300w, https:\/\/buletin.de\/bucuresti\/wp-content\/uploads\/2025\/06\/506785077_1041871611453876_7102538661312731672_n-1-768x512.jpg 768w, https:\/\/buletin.de\/bucuresti\/wp-content\/uploads\/2025\/06\/506785077_1041871611453876_7102538661312731672_n-1-1100x733.jpg 1100w, https:\/\/buletin.de\/bucuresti\/wp-content\/uploads\/2025\/06\/506785077_1041871611453876_7102538661312731672_n-1-600x400.jpg 600w, https:\/\/buletin.de\/bucuresti\/wp-content\/uploads\/2025\/06\/506785077_1041871611453876_7102538661312731672_n-1-20x13.jpg 20w, https:\/\/buletin.de\/bucuresti\/wp-content\/uploads\/2025\/06\/506785077_1041871611453876_7102538661312731672_n-1.jpg 1440w\" sizes=\"(max-width: 1000px) 100vw, 1000px\" \/><\/figure>\n\n\n\n<p>Pe Calea Victoriei, weekendul aduce o serie de activ\u0103ri spectaculoase: de la&nbsp;<strong>demonstra\u021bii de pictur\u0103<\/strong>&nbsp;pe p\u00e2nz\u0103 \u00een aer liber, la&nbsp;<strong>ateliere de broderie \u0219i cusut,<\/strong>&nbsp;propuse de Natelier de produc\u021bie. \u00cen Pia\u021ba Revolu\u021biei, s\u00e2mb\u0103t\u0103, vizitatorii pot descoperi un stand interactiv din cadrul&nbsp;<strong>S\u0103pt\u0103m\u00e2nii de Testare a Consumului Personal de Alcool<\/strong>, ini\u021biat de&nbsp;<strong>Asocia\u021bia ALIAT<\/strong>, iar seara,&nbsp;<strong>Circul Metropolitan<\/strong>&nbsp;ofer\u0103 un minishow urmat de o parad\u0103 stradal\u0103 itinerant\u0103.<\/p>\n\n\n\n<p>Tot s\u00e2mb\u0103t\u0103, nostalgicii anilor \u201980\u2013\u201990 se pot bucura de&nbsp;<strong>\u201eOltcit Urban Fest\u201d<\/strong>&nbsp;\u2013 o expozi\u021bie cu vehicule istorice produse la Craiova, adus\u0103 de&nbsp;<strong>Asocia\u021bia Retromobil Club Rom\u00e2nia<\/strong>. Ziua se \u00eencheie cu spectacolul de anima\u021bie \u201e<strong>Freestyle Puppetry<\/strong>\u201d, prezentat de&nbsp;<strong>Teatrul \u021a\u0103nd\u0103ric\u0103<\/strong>.&nbsp;<strong>Duminic\u0103,<\/strong>&nbsp;programul continu\u0103 cu noi&nbsp;<strong>demonstra\u021bii de pictur\u0103<\/strong>, o reluare a spectacolului&nbsp;<strong>\u201eFreestyle Puppetry\u201d<\/strong>&nbsp;\u0219i un show de dans modern sus\u021binut de&nbsp;<strong>\u0218coala de dans Challenge Arts<\/strong>, \u00een fa\u021ba Palatului CEC.<\/p>\n\n\n\n<figure class=\"wp-block-gallery has-nested-images columns-default is-cropped wp-block-gallery-2 is-layout-flex wp-block-gallery-is-layout-flex\">\n<figure class=\"wp-block-image size-large\"><img loading=\"lazy\" decoding=\"async\" width=\"1000\" height=\"666\" data-id=\"134962\" src=\"data:image\/gif;base64,R0lGODlhAQABAAAAACH5BAEKAAEALAAAAAABAAEAAAICTAEAOw==\" data-src=\"https:\/\/buletin.de\/bucuresti\/wp-content\/uploads\/2025\/06\/505578439_1041872064787164_4850429941527652863_n-2-1000x666.jpg\" alt=\"Str\u0103zi Deschise \u2013 Bucure\u0219ti\" class=\"wp-image-134962 lazyload\" data-sizes=\"auto\" data-srcset=\"https:\/\/buletin.de\/bucuresti\/wp-content\/uploads\/2025\/06\/505578439_1041872064787164_4850429941527652863_n-2-1000x666.jpg 1000w, https:\/\/buletin.de\/bucuresti\/wp-content\/uploads\/2025\/06\/505578439_1041872064787164_4850429941527652863_n-2-300x200.jpg 300w, https:\/\/buletin.de\/bucuresti\/wp-content\/uploads\/2025\/06\/505578439_1041872064787164_4850429941527652863_n-2-768x511.jpg 768w, https:\/\/buletin.de\/bucuresti\/wp-content\/uploads\/2025\/06\/505578439_1041872064787164_4850429941527652863_n-2-1100x732.jpg 1100w, https:\/\/buletin.de\/bucuresti\/wp-content\/uploads\/2025\/06\/505578439_1041872064787164_4850429941527652863_n-2-600x399.jpg 600w, https:\/\/buletin.de\/bucuresti\/wp-content\/uploads\/2025\/06\/505578439_1041872064787164_4850429941527652863_n-2-20x13.jpg 20w, https:\/\/buletin.de\/bucuresti\/wp-content\/uploads\/2025\/06\/505578439_1041872064787164_4850429941527652863_n-2.jpg 1438w\" sizes=\"(max-width: 1000px) 100vw, 1000px\" \/><\/figure>\n<\/figure>\n\n\n\n<h3 class=\"wp-block-heading\" id=\"h-sport-jocuri-\u0219i-spectacole-pentru-toate-varstele-in-sectorul-3\"><strong>Sport, jocuri \u0219i spectacole pentru toate v\u00e2rstele, \u00een Sectorul 3<\/strong><\/h3>\n\n\n\n<p><strong>Strada R\u00e2mnicu V\u00e2lcea din Sectorul 3<\/strong>&nbsp;devine, \u00een acest weekend, un spa\u021biu al mi\u0219c\u0103rii, creativit\u0103\u021bii \u0219i jocului, printr-un program coordonat de&nbsp;<strong>PROEDUS,<\/strong>&nbsp;dedicat tuturor v\u00e2rstelor. De s\u00e2mb\u0103t\u0103 diminea\u021b\u0103 p\u00e2n\u0103 seara, vizitatorii se pot bucura de miniturnee de baschet, ping-pong, jocuri interactive ca spikeball sau crossnet, ateliere creative, animatori pe picioroange \u0219i momente de anima\u021bie cu mim sau acroba\u021bi pe monociclu. Programul este completat de&nbsp;<strong>spectacolul \u201eLicurici\u201d<\/strong>&nbsp;al&nbsp;<strong>Bibliotecii Metropolitane Bucure\u0219ti<\/strong>, un&nbsp;<strong>concert de muzic\u0103 tradi\u021bional\u0103 evreiasc\u0103<\/strong>&nbsp;sus\u021binut de&nbsp;<strong>Teatrul Evreiesc de Stat<\/strong>,&nbsp;<strong>portrete desenate<\/strong>&nbsp;live de arti\u0219tii&nbsp;<strong>Art on Wall<\/strong>, dar \u0219i&nbsp;<strong>momente muzicale \u0219i coregrafice<\/strong>&nbsp;prezentate de&nbsp;<strong>\u0218coala de Art\u0103 Bucure\u0219ti.<\/strong><\/p>\n\n\n\n<figure class=\"wp-block-gallery has-nested-images columns-default is-cropped wp-block-gallery-3 is-layout-flex wp-block-gallery-is-layout-flex\">\n<figure class=\"wp-block-image size-large\"><img loading=\"lazy\" decoding=\"async\" width=\"1000\" height=\"666\" data-id=\"134966\" src=\"data:image\/gif;base64,R0lGODlhAQABAAAAACH5BAEKAAEALAAAAAABAAEAAAICTAEAOw==\" data-src=\"https:\/\/buletin.de\/bucuresti\/wp-content\/uploads\/2025\/06\/505557339_1041871941453843_1061151426447427833_n-4-1000x666.jpg\" alt=\"Str\u0103zi Deschise \u2013 Bucure\u0219ti\" class=\"wp-image-134966 lazyload\" data-sizes=\"auto\" data-srcset=\"https:\/\/buletin.de\/bucuresti\/wp-content\/uploads\/2025\/06\/505557339_1041871941453843_1061151426447427833_n-4-1000x666.jpg 1000w, https:\/\/buletin.de\/bucuresti\/wp-content\/uploads\/2025\/06\/505557339_1041871941453843_1061151426447427833_n-4-300x200.jpg 300w, https:\/\/buletin.de\/bucuresti\/wp-content\/uploads\/2025\/06\/505557339_1041871941453843_1061151426447427833_n-4-768x512.jpg 768w, https:\/\/buletin.de\/bucuresti\/wp-content\/uploads\/2025\/06\/505557339_1041871941453843_1061151426447427833_n-4-1536x1023.jpg 1536w, https:\/\/buletin.de\/bucuresti\/wp-content\/uploads\/2025\/06\/505557339_1041871941453843_1061151426447427833_n-4-1100x733.jpg 1100w, https:\/\/buletin.de\/bucuresti\/wp-content\/uploads\/2025\/06\/505557339_1041871941453843_1061151426447427833_n-4-600x400.jpg 600w, https:\/\/buletin.de\/bucuresti\/wp-content\/uploads\/2025\/06\/505557339_1041871941453843_1061151426447427833_n-4-20x13.jpg 20w, https:\/\/buletin.de\/bucuresti\/wp-content\/uploads\/2025\/06\/505557339_1041871941453843_1061151426447427833_n-4.jpg 1600w\" sizes=\"(max-width: 1000px) 100vw, 1000px\" \/><\/figure>\n\n\n\n<figure class=\"wp-block-image size-large\"><img loading=\"lazy\" decoding=\"async\" width=\"1000\" height=\"750\" data-id=\"134964\" src=\"data:image\/gif;base64,R0lGODlhAQABAAAAACH5BAEKAAEALAAAAAABAAEAAAICTAEAOw==\" data-src=\"https:\/\/buletin.de\/bucuresti\/wp-content\/uploads\/2025\/06\/505453942_1041872831453754_3296232997896493608_n-3-1000x750.jpg\" alt=\"\" class=\"wp-image-134964 lazyload\" data-sizes=\"auto\" data-srcset=\"https:\/\/buletin.de\/bucuresti\/wp-content\/uploads\/2025\/06\/505453942_1041872831453754_3296232997896493608_n-3-1000x750.jpg 1000w, https:\/\/buletin.de\/bucuresti\/wp-content\/uploads\/2025\/06\/505453942_1041872831453754_3296232997896493608_n-3-300x225.jpg 300w, https:\/\/buletin.de\/bucuresti\/wp-content\/uploads\/2025\/06\/505453942_1041872831453754_3296232997896493608_n-3-768x576.jpg 768w, https:\/\/buletin.de\/bucuresti\/wp-content\/uploads\/2025\/06\/505453942_1041872831453754_3296232997896493608_n-3-1100x825.jpg 1100w, https:\/\/buletin.de\/bucuresti\/wp-content\/uploads\/2025\/06\/505453942_1041872831453754_3296232997896493608_n-3-600x450.jpg 600w, https:\/\/buletin.de\/bucuresti\/wp-content\/uploads\/2025\/06\/505453942_1041872831453754_3296232997896493608_n-3-20x15.jpg 20w, https:\/\/buletin.de\/bucuresti\/wp-content\/uploads\/2025\/06\/505453942_1041872831453754_3296232997896493608_n-3.jpg 1280w\" sizes=\"(max-width: 1000px) 100vw, 1000px\" \/><\/figure>\n\n\n\n<figure class=\"wp-block-image size-large\"><img loading=\"lazy\" decoding=\"async\" width=\"1000\" height=\"467\" data-id=\"134967\" src=\"data:image\/gif;base64,R0lGODlhAQABAAAAACH5BAEKAAEALAAAAAABAAEAAAICTAEAOw==\" data-src=\"https:\/\/buletin.de\/bucuresti\/wp-content\/uploads\/2025\/06\/506177227_1041872494787121_5424408351559178967_n-4-1000x467.jpg\" alt=\"Str\u0103zi Deschise \u2013 Bucure\u0219ti\" class=\"wp-image-134967 lazyload\" data-sizes=\"auto\" data-srcset=\"https:\/\/buletin.de\/bucuresti\/wp-content\/uploads\/2025\/06\/506177227_1041872494787121_5424408351559178967_n-4-1000x467.jpg 1000w, https:\/\/buletin.de\/bucuresti\/wp-content\/uploads\/2025\/06\/506177227_1041872494787121_5424408351559178967_n-4-300x140.jpg 300w, https:\/\/buletin.de\/bucuresti\/wp-content\/uploads\/2025\/06\/506177227_1041872494787121_5424408351559178967_n-4-768x359.jpg 768w, https:\/\/buletin.de\/bucuresti\/wp-content\/uploads\/2025\/06\/506177227_1041872494787121_5424408351559178967_n-4-1100x514.jpg 1100w, https:\/\/buletin.de\/bucuresti\/wp-content\/uploads\/2025\/06\/506177227_1041872494787121_5424408351559178967_n-4-600x280.jpg 600w, https:\/\/buletin.de\/bucuresti\/wp-content\/uploads\/2025\/06\/506177227_1041872494787121_5424408351559178967_n-4-20x9.jpg 20w, https:\/\/buletin.de\/bucuresti\/wp-content\/uploads\/2025\/06\/506177227_1041872494787121_5424408351559178967_n-4.jpg 1280w\" sizes=\"(max-width: 1000px) 100vw, 1000px\" \/><\/figure>\n\n\n\n<figure class=\"wp-block-image size-large\"><img loading=\"lazy\" decoding=\"async\" width=\"1000\" height=\"1000\" data-id=\"134968\" src=\"data:image\/gif;base64,R0lGODlhAQABAAAAACH5BAEKAAEALAAAAAABAAEAAAICTAEAOw==\" data-src=\"https:\/\/buletin.de\/bucuresti\/wp-content\/uploads\/2025\/06\/506341941_1041871534787217_734045788461852829_n-4-1000x1000.jpg\" alt=\"\" class=\"wp-image-134968 lazyload\" data-sizes=\"auto\" data-srcset=\"https:\/\/buletin.de\/bucuresti\/wp-content\/uploads\/2025\/06\/506341941_1041871534787217_734045788461852829_n-4-1000x1000.jpg 1000w, https:\/\/buletin.de\/bucuresti\/wp-content\/uploads\/2025\/06\/506341941_1041871534787217_734045788461852829_n-4-300x300.jpg 300w, https:\/\/buletin.de\/bucuresti\/wp-content\/uploads\/2025\/06\/506341941_1041871534787217_734045788461852829_n-4-150x150.jpg 150w, https:\/\/buletin.de\/bucuresti\/wp-content\/uploads\/2025\/06\/506341941_1041871534787217_734045788461852829_n-4-768x768.jpg 768w, https:\/\/buletin.de\/bucuresti\/wp-content\/uploads\/2025\/06\/506341941_1041871534787217_734045788461852829_n-4-24x24.jpg 24w, https:\/\/buletin.de\/bucuresti\/wp-content\/uploads\/2025\/06\/506341941_1041871534787217_734045788461852829_n-4-48x48.jpg 48w, https:\/\/buletin.de\/bucuresti\/wp-content\/uploads\/2025\/06\/506341941_1041871534787217_734045788461852829_n-4-96x96.jpg 96w, https:\/\/buletin.de\/bucuresti\/wp-content\/uploads\/2025\/06\/506341941_1041871534787217_734045788461852829_n-4-1100x1100.jpg 1100w, https:\/\/buletin.de\/bucuresti\/wp-content\/uploads\/2025\/06\/506341941_1041871534787217_734045788461852829_n-4-600x600.jpg 600w, https:\/\/buletin.de\/bucuresti\/wp-content\/uploads\/2025\/06\/506341941_1041871534787217_734045788461852829_n-4-20x20.jpg 20w, https:\/\/buletin.de\/bucuresti\/wp-content\/uploads\/2025\/06\/506341941_1041871534787217_734045788461852829_n-4.jpg 1280w\" sizes=\"(max-width: 1000px) 100vw, 1000px\" \/><\/figure>\n\n\n\n<figure class=\"wp-block-image size-large\"><img loading=\"lazy\" decoding=\"async\" width=\"1000\" height=\"666\" data-id=\"134965\" src=\"data:image\/gif;base64,R0lGODlhAQABAAAAACH5BAEKAAEALAAAAAABAAEAAAICTAEAOw==\" data-src=\"https:\/\/buletin.de\/bucuresti\/wp-content\/uploads\/2025\/06\/506358195_1041871284787242_8563135848138848337_n-3-1000x666.jpg\" alt=\"\" class=\"wp-image-134965 lazyload\" data-sizes=\"auto\" data-srcset=\"https:\/\/buletin.de\/bucuresti\/wp-content\/uploads\/2025\/06\/506358195_1041871284787242_8563135848138848337_n-3-1000x666.jpg 1000w, https:\/\/buletin.de\/bucuresti\/wp-content\/uploads\/2025\/06\/506358195_1041871284787242_8563135848138848337_n-3-300x200.jpg 300w, https:\/\/buletin.de\/bucuresti\/wp-content\/uploads\/2025\/06\/506358195_1041871284787242_8563135848138848337_n-3-768x512.jpg 768w, https:\/\/buletin.de\/bucuresti\/wp-content\/uploads\/2025\/06\/506358195_1041871284787242_8563135848138848337_n-3-1100x733.jpg 1100w, https:\/\/buletin.de\/bucuresti\/wp-content\/uploads\/2025\/06\/506358195_1041871284787242_8563135848138848337_n-3-600x400.jpg 600w, https:\/\/buletin.de\/bucuresti\/wp-content\/uploads\/2025\/06\/506358195_1041871284787242_8563135848138848337_n-3-20x13.jpg 20w, https:\/\/buletin.de\/bucuresti\/wp-content\/uploads\/2025\/06\/506358195_1041871284787242_8563135848138848337_n-3.jpg 1441w\" sizes=\"(max-width: 1000px) 100vw, 1000px\" \/><\/figure>\n\n\n\n<figure class=\"wp-block-image size-large\"><img loading=\"lazy\" decoding=\"async\" width=\"1000\" height=\"667\" data-id=\"134969\" src=\"data:image\/gif;base64,R0lGODlhAQABAAAAACH5BAEKAAEALAAAAAABAAEAAAICTAEAOw==\" data-src=\"https:\/\/buletin.de\/bucuresti\/wp-content\/uploads\/2025\/06\/505589894_1041871878120516_2128516295571364308_n-3-1000x667.jpg\" alt=\"\" class=\"wp-image-134969 lazyload\" data-sizes=\"auto\" data-srcset=\"https:\/\/buletin.de\/bucuresti\/wp-content\/uploads\/2025\/06\/505589894_1041871878120516_2128516295571364308_n-3-1000x667.jpg 1000w, https:\/\/buletin.de\/bucuresti\/wp-content\/uploads\/2025\/06\/505589894_1041871878120516_2128516295571364308_n-3-300x200.jpg 300w, https:\/\/buletin.de\/bucuresti\/wp-content\/uploads\/2025\/06\/505589894_1041871878120516_2128516295571364308_n-3-768x512.jpg 768w, https:\/\/buletin.de\/bucuresti\/wp-content\/uploads\/2025\/06\/505589894_1041871878120516_2128516295571364308_n-3-1536x1024.jpg 1536w, https:\/\/buletin.de\/bucuresti\/wp-content\/uploads\/2025\/06\/505589894_1041871878120516_2128516295571364308_n-3-1100x733.jpg 1100w, https:\/\/buletin.de\/bucuresti\/wp-content\/uploads\/2025\/06\/505589894_1041871878120516_2128516295571364308_n-3-600x400.jpg 600w, https:\/\/buletin.de\/bucuresti\/wp-content\/uploads\/2025\/06\/505589894_1041871878120516_2128516295571364308_n-3-20x13.jpg 20w, https:\/\/buletin.de\/bucuresti\/wp-content\/uploads\/2025\/06\/505589894_1041871878120516_2128516295571364308_n-3.jpg 1599w\" sizes=\"(max-width: 1000px) 100vw, 1000px\" \/><\/figure>\n<\/figure>\n\n\n\n<p><strong>Duminic\u0103,<\/strong>&nbsp;programul se reia cu activit\u0103\u021bi sportive \u0219i ateliere, iar \u00een paralel, au loc o serie de spectacole \u0219i concerte, culmin\u00e2nd cu&nbsp;<strong>\u201eAmintiri \u00eentr-o valiz\u0103\u201d<\/strong>&nbsp;\u2013 o poveste scenic\u0103 emo\u021bionant\u0103 pentru cei mici, prezentat\u0103 de&nbsp;<strong>Teatrul \u201eIon Creang\u0103\u201d<\/strong>. Ziua se \u00eencheie \u00een ritm de percu\u021bie, dans modern \u0219i aplauze, \u00eentr-o atmosfer\u0103 de festival urban care transform\u0103 strada \u00eentr-un spa\u021biu viu, sigur \u0219i incluziv pentru \u00eentreaga comunitate.<\/p>\n\n\n\n<p><strong>CITE\u0218TE \u0218I:<\/strong> <a href=\"https:\/\/buletin.de\/bucuresti\/race-for-the-cure-romania-deviaza-traseele-a-trei-autobuze\/\">\u201eRace for the Cure Rom\u00e2nia\u201d deviaz\u0103 traseele a trei autobuze<\/a><\/p>\n\n\n\n<p><\/p>\n","protected":false},"excerpt":{"rendered":"<p>Weekendul acesta, \u201eStr\u0103zi Deschise \u2013 Bucure\u0219ti\u201d revine \u00een trei zone emblematice ale ora\u0219ului: Cotroceni, Calea Victoriei \u0219i strada R\u00e2mnicu V\u00e2lcea din Sectorul 3. Muzica live, spectacolele de teatru, parada stradal\u0103, demonstra\u021biile de pictur\u0103, atelierele creative, expozi\u021biile, activit\u0103\u021bile sportive \u0219i momentele surpriz\u0103 vor transforma spa\u021biul urban \u00eentr-o scen\u0103 deschis\u0103, pentru bucure\u0219teni. Bazar de Cotroceni \u2013 proiect-partener [&hellip;]<\/p>\n","protected":false},"author":49,"featured_media":134959,"comment_status":"closed","ping_status":"open","sticky":false,"template":"","format":"standard","meta":{"_acf_changed":false,"inline_featured_image":false,"ngg_post_thumbnail":0,"footnotes":""},"categories":[6994,1,62],"tags":[3602,4419,440,188,2794],"ppma_author":[22574],"class_list":["post-134923","post","type-post","status-publish","format-standard","has-post-thumbnail","hentry","category-stiri-2","category-diverse","category-stiri","tag-arcub","tag-calea-victoriei","tag-sector-3","tag-sector-5","tag-strazi-deschise"],"acf":[],"yoast_head":"<!-- This site is optimized with the Yoast SEO Premium plugin v25.3 (Yoast SEO v27.4) - https:\/\/yoast.com\/product\/yoast-seo-premium-wordpress\/ -->\n<title>\u201eStr\u0103zi Deschise \u2013 Bucure\u0219ti\u201d \u0219i \u00een Sectorul 3. Programul pentru 14-15 iunie - Buletin de Bucure\u0219ti<\/title>\n<meta name=\"description\" content=\"Weekendul acesta, \u201eStr\u0103zi Deschise \u2013 Bucure\u0219ti\u201d revine \u00een Cotroceni, Calea Victoriei \u0219i strada R\u00e2mnicu V\u00e2lcea din Sectorul 3.\" \/>\n<meta name=\"robots\" content=\"index, follow, max-snippet:-1, max-image-preview:large, max-video-preview:-1\" \/>\n<link rel=\"canonical\" href=\"https:\/\/buletin.de\/bucuresti\/strazi-deschise-bucuresti-2\/\" \/>\n<meta property=\"og:locale\" content=\"en_GB\" \/>\n<meta property=\"og:type\" content=\"article\" \/>\n<meta property=\"og:title\" content=\"\u201eStr\u0103zi Deschise \u2013 Bucure\u0219ti\u201d \u0219i \u00een Sectorul 3. Programul pentru 14-15 iunie\" \/>\n<meta property=\"og:description\" content=\"Weekendul acesta, \u201eStr\u0103zi Deschise \u2013 Bucure\u0219ti\u201d revine \u00een Cotroceni, Calea Victoriei \u0219i strada R\u00e2mnicu V\u00e2lcea din Sectorul 3.\" \/>\n<meta property=\"og:url\" content=\"https:\/\/buletin.de\/bucuresti\/strazi-deschise-bucuresti-2\/\" \/>\n<meta property=\"og:site_name\" content=\"Buletin de Bucure\u0219ti\" \/>\n<meta property=\"article:publisher\" content=\"https:\/\/www.facebook.com\/buletin.de.buc\" \/>\n<meta property=\"article:published_time\" content=\"2025-06-14T05:50:00+00:00\" \/>\n<meta property=\"og:image\" content=\"https:\/\/buletin.de\/bucuresti\/wp-content\/uploads\/2025\/06\/505453942_1041872831453754_3296232997896493608_n-2.jpg\" \/>\n\t<meta property=\"og:image:width\" content=\"1280\" \/>\n\t<meta property=\"og:image:height\" content=\"960\" \/>\n\t<meta property=\"og:image:type\" content=\"image\/jpeg\" \/>\n<meta name=\"author\" content=\"Diana Matei\" \/>\n<meta name=\"twitter:card\" content=\"summary_large_image\" \/>\n<meta name=\"twitter:label1\" content=\"Written by\" \/>\n\t<meta name=\"twitter:data1\" content=\"Diana Matei\" \/>\n\t<meta name=\"twitter:label2\" content=\"Estimated reading time\" \/>\n\t<meta name=\"twitter:data2\" content=\"6 minutes\" \/>\n<script type=\"application\/ld+json\" class=\"yoast-schema-graph\">{\"@context\":\"https:\\\/\\\/schema.org\",\"@graph\":[{\"@type\":\"Article\",\"@id\":\"https:\\\/\\\/buletin.de\\\/bucuresti\\\/strazi-deschise-bucuresti-2\\\/#article\",\"isPartOf\":{\"@id\":\"https:\\\/\\\/buletin.de\\\/bucuresti\\\/strazi-deschise-bucuresti-2\\\/\"},\"author\":{\"name\":\"Diana Matei\",\"@id\":\"https:\\\/\\\/buletin.de\\\/bucuresti\\\/#\\\/schema\\\/person\\\/7e46040573290777280a0835d81ea4ea\"},\"headline\":\"\u201eStr\u0103zi Deschise \u2013 Bucure\u0219ti\u201d \u0219i \u00een Sectorul 3. Programul pentru 14-15 iunie\",\"datePublished\":\"2025-06-14T05:50:00+00:00\",\"mainEntityOfPage\":{\"@id\":\"https:\\\/\\\/buletin.de\\\/bucuresti\\\/strazi-deschise-bucuresti-2\\\/\"},\"wordCount\":914,\"publisher\":{\"@id\":\"https:\\\/\\\/buletin.de\\\/bucuresti\\\/#organization\"},\"image\":{\"@id\":\"https:\\\/\\\/buletin.de\\\/bucuresti\\\/strazi-deschise-bucuresti-2\\\/#primaryimage\"},\"thumbnailUrl\":\"https:\\\/\\\/buletin.de\\\/bucuresti\\\/wp-content\\\/uploads\\\/2025\\\/06\\\/505453942_1041872831453754_3296232997896493608_n-2.jpg\",\"keywords\":[\"arcub\",\"calea victoriei\",\"Sector 3\",\"Sector 5\",\"strazi deschise\"],\"articleSection\":[\"Articole\",\"Diverse\",\"\u0218tiri\"],\"inLanguage\":\"en-GB\",\"copyrightYear\":\"2025\",\"copyrightHolder\":{\"@id\":\"https:\\\/\\\/buletin.de\\\/bucuresti\\\/#organization\"}},{\"@type\":\"WebPage\",\"@id\":\"https:\\\/\\\/buletin.de\\\/bucuresti\\\/strazi-deschise-bucuresti-2\\\/\",\"url\":\"https:\\\/\\\/buletin.de\\\/bucuresti\\\/strazi-deschise-bucuresti-2\\\/\",\"name\":\"\u201eStr\u0103zi Deschise \u2013 Bucure\u0219ti\u201d \u0219i \u00een Sectorul 3. Programul pentru 14-15 iunie - Buletin de Bucure\u0219ti\",\"isPartOf\":{\"@id\":\"https:\\\/\\\/buletin.de\\\/bucuresti\\\/#website\"},\"primaryImageOfPage\":{\"@id\":\"https:\\\/\\\/buletin.de\\\/bucuresti\\\/strazi-deschise-bucuresti-2\\\/#primaryimage\"},\"image\":{\"@id\":\"https:\\\/\\\/buletin.de\\\/bucuresti\\\/strazi-deschise-bucuresti-2\\\/#primaryimage\"},\"thumbnailUrl\":\"https:\\\/\\\/buletin.de\\\/bucuresti\\\/wp-content\\\/uploads\\\/2025\\\/06\\\/505453942_1041872831453754_3296232997896493608_n-2.jpg\",\"datePublished\":\"2025-06-14T05:50:00+00:00\",\"description\":\"Weekendul acesta, \u201eStr\u0103zi Deschise \u2013 Bucure\u0219ti\u201d revine \u00een Cotroceni, Calea Victoriei \u0219i strada R\u00e2mnicu V\u00e2lcea din Sectorul 3.\",\"breadcrumb\":{\"@id\":\"https:\\\/\\\/buletin.de\\\/bucuresti\\\/strazi-deschise-bucuresti-2\\\/#breadcrumb\"},\"inLanguage\":\"en-GB\",\"potentialAction\":[{\"@type\":\"ReadAction\",\"target\":[\"https:\\\/\\\/buletin.de\\\/bucuresti\\\/strazi-deschise-bucuresti-2\\\/\"]}]},{\"@type\":\"ImageObject\",\"inLanguage\":\"en-GB\",\"@id\":\"https:\\\/\\\/buletin.de\\\/bucuresti\\\/strazi-deschise-bucuresti-2\\\/#primaryimage\",\"url\":\"https:\\\/\\\/buletin.de\\\/bucuresti\\\/wp-content\\\/uploads\\\/2025\\\/06\\\/505453942_1041872831453754_3296232997896493608_n-2.jpg\",\"contentUrl\":\"https:\\\/\\\/buletin.de\\\/bucuresti\\\/wp-content\\\/uploads\\\/2025\\\/06\\\/505453942_1041872831453754_3296232997896493608_n-2.jpg\",\"width\":1280,\"height\":960,\"caption\":\"\u201eStr\u0103zi Deschise \u2013 Bucure\u0219ti\u201d \u0219i \u00een Sectorul 3, \u00een acest weekend. FOTO: PMB\"},{\"@type\":\"BreadcrumbList\",\"@id\":\"https:\\\/\\\/buletin.de\\\/bucuresti\\\/strazi-deschise-bucuresti-2\\\/#breadcrumb\",\"itemListElement\":[{\"@type\":\"ListItem\",\"position\":1,\"name\":\"Acas\u0103\",\"item\":\"https:\\\/\\\/buletin.de\\\/bucuresti\\\/\"},{\"@type\":\"ListItem\",\"position\":2,\"name\":\"\u201eStr\u0103zi Deschise \u2013 Bucure\u0219ti\u201d \u0219i \u00een Sectorul 3. Programul pentru 14-15 iunie\"}]},{\"@type\":\"WebSite\",\"@id\":\"https:\\\/\\\/buletin.de\\\/bucuresti\\\/#website\",\"url\":\"https:\\\/\\\/buletin.de\\\/bucuresti\\\/\",\"name\":\"Buletin de Bucure\u0219ti\",\"description\":\"\u0218tiri \u0219i investiga\u021bii esen\u021biale din capital\u0103\",\"publisher\":{\"@id\":\"https:\\\/\\\/buletin.de\\\/bucuresti\\\/#organization\"},\"potentialAction\":[{\"@type\":\"SearchAction\",\"target\":{\"@type\":\"EntryPoint\",\"urlTemplate\":\"https:\\\/\\\/buletin.de\\\/bucuresti\\\/?s={search_term_string}\"},\"query-input\":{\"@type\":\"PropertyValueSpecification\",\"valueRequired\":true,\"valueName\":\"search_term_string\"}}],\"inLanguage\":\"en-GB\"},{\"@type\":\"Organization\",\"@id\":\"https:\\\/\\\/buletin.de\\\/bucuresti\\\/#organization\",\"name\":\"Buletin de Bucure\u0219ti\",\"url\":\"https:\\\/\\\/buletin.de\\\/bucuresti\\\/\",\"logo\":{\"@type\":\"ImageObject\",\"inLanguage\":\"en-GB\",\"@id\":\"https:\\\/\\\/buletin.de\\\/bucuresti\\\/#\\\/schema\\\/logo\\\/image\\\/\",\"url\":\"https:\\\/\\\/buletin.de\\\/bucuresti\\\/wp-content\\\/uploads\\\/logo-bdb-full-wide-vernil-transparent.png\",\"contentUrl\":\"https:\\\/\\\/buletin.de\\\/bucuresti\\\/wp-content\\\/uploads\\\/logo-bdb-full-wide-vernil-transparent.png\",\"width\":1782,\"height\":626,\"caption\":\"Buletin de Bucure\u0219ti\"},\"image\":{\"@id\":\"https:\\\/\\\/buletin.de\\\/bucuresti\\\/#\\\/schema\\\/logo\\\/image\\\/\"},\"sameAs\":[\"https:\\\/\\\/www.facebook.com\\\/buletin.de.buc\",\"https:\\\/\\\/www.instagram.com\\\/buletinde.bucuresti\\\/\"]},{\"@type\":\"Person\",\"@id\":\"https:\\\/\\\/buletin.de\\\/bucuresti\\\/#\\\/schema\\\/person\\\/7e46040573290777280a0835d81ea4ea\",\"name\":\"Diana Matei\",\"image\":{\"@type\":\"ImageObject\",\"inLanguage\":\"en-GB\",\"@id\":\"https:\\\/\\\/buletin.de\\\/bucuresti\\\/wp-content\\\/uploads\\\/9-2-96x96.jpg1e8590b30871d70e62ebcdaf2eff570c\",\"url\":\"https:\\\/\\\/buletin.de\\\/bucuresti\\\/wp-content\\\/uploads\\\/9-2-96x96.jpg\",\"contentUrl\":\"https:\\\/\\\/buletin.de\\\/bucuresti\\\/wp-content\\\/uploads\\\/9-2-96x96.jpg\",\"caption\":\"Diana Matei\"},\"url\":\"https:\\\/\\\/buletin.de\\\/bucuresti\\\/author\\\/dianamatei\\\/\"}]}<\/script>\n<!-- \/ Yoast SEO Premium plugin. -->","yoast_head_json":{"title":"\u201eStr\u0103zi Deschise \u2013 Bucure\u0219ti\u201d \u0219i \u00een Sectorul 3. Programul pentru 14-15 iunie - Buletin de Bucure\u0219ti","description":"Weekendul acesta, \u201eStr\u0103zi Deschise \u2013 Bucure\u0219ti\u201d revine \u00een Cotroceni, Calea Victoriei \u0219i strada R\u00e2mnicu V\u00e2lcea din Sectorul 3.","robots":{"index":"index","follow":"follow","max-snippet":"max-snippet:-1","max-image-preview":"max-image-preview:large","max-video-preview":"max-video-preview:-1"},"canonical":"https:\/\/buletin.de\/bucuresti\/strazi-deschise-bucuresti-2\/","og_locale":"en_GB","og_type":"article","og_title":"\u201eStr\u0103zi Deschise \u2013 Bucure\u0219ti\u201d \u0219i \u00een Sectorul 3. Programul pentru 14-15 iunie","og_description":"Weekendul acesta, \u201eStr\u0103zi Deschise \u2013 Bucure\u0219ti\u201d revine \u00een Cotroceni, Calea Victoriei \u0219i strada R\u00e2mnicu V\u00e2lcea din Sectorul 3.","og_url":"https:\/\/buletin.de\/bucuresti\/strazi-deschise-bucuresti-2\/","og_site_name":"Buletin de Bucure\u0219ti","article_publisher":"https:\/\/www.facebook.com\/buletin.de.buc","article_published_time":"2025-06-14T05:50:00+00:00","og_image":[{"width":1280,"height":960,"url":"https:\/\/buletin.de\/bucuresti\/wp-content\/uploads\/2025\/06\/505453942_1041872831453754_3296232997896493608_n-2.jpg","type":"image\/jpeg"}],"author":"Diana Matei","twitter_card":"summary_large_image","twitter_misc":{"Written by":"Diana Matei","Estimated reading time":"6 minutes"},"schema":{"@context":"https:\/\/schema.org","@graph":[{"@type":"Article","@id":"https:\/\/buletin.de\/bucuresti\/strazi-deschise-bucuresti-2\/#article","isPartOf":{"@id":"https:\/\/buletin.de\/bucuresti\/strazi-deschise-bucuresti-2\/"},"author":{"name":"Diana Matei","@id":"https:\/\/buletin.de\/bucuresti\/#\/schema\/person\/7e46040573290777280a0835d81ea4ea"},"headline":"\u201eStr\u0103zi Deschise \u2013 Bucure\u0219ti\u201d \u0219i \u00een Sectorul 3. Programul pentru 14-15 iunie","datePublished":"2025-06-14T05:50:00+00:00","mainEntityOfPage":{"@id":"https:\/\/buletin.de\/bucuresti\/strazi-deschise-bucuresti-2\/"},"wordCount":914,"publisher":{"@id":"https:\/\/buletin.de\/bucuresti\/#organization"},"image":{"@id":"https:\/\/buletin.de\/bucuresti\/strazi-deschise-bucuresti-2\/#primaryimage"},"thumbnailUrl":"https:\/\/buletin.de\/bucuresti\/wp-content\/uploads\/2025\/06\/505453942_1041872831453754_3296232997896493608_n-2.jpg","keywords":["arcub","calea victoriei","Sector 3","Sector 5","strazi deschise"],"articleSection":["Articole","Diverse","\u0218tiri"],"inLanguage":"en-GB","copyrightYear":"2025","copyrightHolder":{"@id":"https:\/\/buletin.de\/bucuresti\/#organization"}},{"@type":"WebPage","@id":"https:\/\/buletin.de\/bucuresti\/strazi-deschise-bucuresti-2\/","url":"https:\/\/buletin.de\/bucuresti\/strazi-deschise-bucuresti-2\/","name":"\u201eStr\u0103zi Deschise \u2013 Bucure\u0219ti\u201d \u0219i \u00een Sectorul 3. Programul pentru 14-15 iunie - Buletin de Bucure\u0219ti","isPartOf":{"@id":"https:\/\/buletin.de\/bucuresti\/#website"},"primaryImageOfPage":{"@id":"https:\/\/buletin.de\/bucuresti\/strazi-deschise-bucuresti-2\/#primaryimage"},"image":{"@id":"https:\/\/buletin.de\/bucuresti\/strazi-deschise-bucuresti-2\/#primaryimage"},"thumbnailUrl":"https:\/\/buletin.de\/bucuresti\/wp-content\/uploads\/2025\/06\/505453942_1041872831453754_3296232997896493608_n-2.jpg","datePublished":"2025-06-14T05:50:00+00:00","description":"Weekendul acesta, \u201eStr\u0103zi Deschise \u2013 Bucure\u0219ti\u201d revine \u00een Cotroceni, Calea Victoriei \u0219i strada R\u00e2mnicu V\u00e2lcea din Sectorul 3.","breadcrumb":{"@id":"https:\/\/buletin.de\/bucuresti\/strazi-deschise-bucuresti-2\/#breadcrumb"},"inLanguage":"en-GB","potentialAction":[{"@type":"ReadAction","target":["https:\/\/buletin.de\/bucuresti\/strazi-deschise-bucuresti-2\/"]}]},{"@type":"ImageObject","inLanguage":"en-GB","@id":"https:\/\/buletin.de\/bucuresti\/strazi-deschise-bucuresti-2\/#primaryimage","url":"https:\/\/buletin.de\/bucuresti\/wp-content\/uploads\/2025\/06\/505453942_1041872831453754_3296232997896493608_n-2.jpg","contentUrl":"https:\/\/buletin.de\/bucuresti\/wp-content\/uploads\/2025\/06\/505453942_1041872831453754_3296232997896493608_n-2.jpg","width":1280,"height":960,"caption":"\u201eStr\u0103zi Deschise \u2013 Bucure\u0219ti\u201d \u0219i \u00een Sectorul 3, \u00een acest weekend. FOTO: PMB"},{"@type":"BreadcrumbList","@id":"https:\/\/buletin.de\/bucuresti\/strazi-deschise-bucuresti-2\/#breadcrumb","itemListElement":[{"@type":"ListItem","position":1,"name":"Acas\u0103","item":"https:\/\/buletin.de\/bucuresti\/"},{"@type":"ListItem","position":2,"name":"\u201eStr\u0103zi Deschise \u2013 Bucure\u0219ti\u201d \u0219i \u00een Sectorul 3. Programul pentru 14-15 iunie"}]},{"@type":"WebSite","@id":"https:\/\/buletin.de\/bucuresti\/#website","url":"https:\/\/buletin.de\/bucuresti\/","name":"Buletin de Bucure\u0219ti","description":"\u0218tiri \u0219i investiga\u021bii esen\u021biale din capital\u0103","publisher":{"@id":"https:\/\/buletin.de\/bucuresti\/#organization"},"potentialAction":[{"@type":"SearchAction","target":{"@type":"EntryPoint","urlTemplate":"https:\/\/buletin.de\/bucuresti\/?s={search_term_string}"},"query-input":{"@type":"PropertyValueSpecification","valueRequired":true,"valueName":"search_term_string"}}],"inLanguage":"en-GB"},{"@type":"Organization","@id":"https:\/\/buletin.de\/bucuresti\/#organization","name":"Buletin de Bucure\u0219ti","url":"https:\/\/buletin.de\/bucuresti\/","logo":{"@type":"ImageObject","inLanguage":"en-GB","@id":"https:\/\/buletin.de\/bucuresti\/#\/schema\/logo\/image\/","url":"https:\/\/buletin.de\/bucuresti\/wp-content\/uploads\/logo-bdb-full-wide-vernil-transparent.png","contentUrl":"https:\/\/buletin.de\/bucuresti\/wp-content\/uploads\/logo-bdb-full-wide-vernil-transparent.png","width":1782,"height":626,"caption":"Buletin de Bucure\u0219ti"},"image":{"@id":"https:\/\/buletin.de\/bucuresti\/#\/schema\/logo\/image\/"},"sameAs":["https:\/\/www.facebook.com\/buletin.de.buc","https:\/\/www.instagram.com\/buletinde.bucuresti\/"]},{"@type":"Person","@id":"https:\/\/buletin.de\/bucuresti\/#\/schema\/person\/7e46040573290777280a0835d81ea4ea","name":"Diana Matei","image":{"@type":"ImageObject","inLanguage":"en-GB","@id":"https:\/\/buletin.de\/bucuresti\/wp-content\/uploads\/9-2-96x96.jpg1e8590b30871d70e62ebcdaf2eff570c","url":"https:\/\/buletin.de\/bucuresti\/wp-content\/uploads\/9-2-96x96.jpg","contentUrl":"https:\/\/buletin.de\/bucuresti\/wp-content\/uploads\/9-2-96x96.jpg","caption":"Diana Matei"},"url":"https:\/\/buletin.de\/bucuresti\/author\/dianamatei\/"}]}},"authors":[{"term_id":22574,"user_id":49,"is_guest":0,"slug":"dianamatei","display_name":"Diana Matei","avatar_url":"https:\/\/buletin.de\/bucuresti\/wp-content\/uploads\/9-2-96x96.jpg","0":null,"1":"","2":"","3":"","4":"","5":"","6":"","7":"","8":""}],"_links":{"self":[{"href":"https:\/\/buletin.de\/bucuresti\/wp-json\/wp\/v2\/posts\/134923","targetHints":{"allow":["GET"]}}],"collection":[{"href":"https:\/\/buletin.de\/bucuresti\/wp-json\/wp\/v2\/posts"}],"about":[{"href":"https:\/\/buletin.de\/bucuresti\/wp-json\/wp\/v2\/types\/post"}],"author":[{"embeddable":true,"href":"https:\/\/buletin.de\/bucuresti\/wp-json\/wp\/v2\/users\/49"}],"replies":[{"embeddable":true,"href":"https:\/\/buletin.de\/bucuresti\/wp-json\/wp\/v2\/comments?post=134923"}],"version-history":[{"count":3,"href":"https:\/\/buletin.de\/bucuresti\/wp-json\/wp\/v2\/posts\/134923\/revisions"}],"predecessor-version":[{"id":135000,"href":"https:\/\/buletin.de\/bucuresti\/wp-json\/wp\/v2\/posts\/134923\/revisions\/135000"}],"wp:featuredmedia":[{"embeddable":true,"href":"https:\/\/buletin.de\/bucuresti\/wp-json\/wp\/v2\/media\/134959"}],"wp:attachment":[{"href":"https:\/\/buletin.de\/bucuresti\/wp-json\/wp\/v2\/media?parent=134923"}],"wp:term":[{"taxonomy":"category","embeddable":true,"href":"https:\/\/buletin.de\/bucuresti\/wp-json\/wp\/v2\/categories?post=134923"},{"taxonomy":"post_tag","embeddable":true,"href":"https:\/\/buletin.de\/bucuresti\/wp-json\/wp\/v2\/tags?post=134923"},{"taxonomy":"author","embeddable":true,"href":"https:\/\/buletin.de\/bucuresti\/wp-json\/wp\/v2\/ppma_author?post=134923"}],"curies":[{"name":"wp","href":"https:\/\/api.w.org\/{rel}","templated":true}]}}