{"id":134705,"date":"2025-06-12T08:32:06","date_gmt":"2025-06-12T05:32:06","guid":{"rendered":"https:\/\/buletin.de\/bucuresti\/?p=134705"},"modified":"2025-06-12T08:32:07","modified_gmt":"2025-06-12T05:32:07","slug":"guvernul-statelor-unite-cumpara-un-bloc-de-lux-in-pipera","status":"publish","type":"post","link":"https:\/\/buletin.de\/bucuresti\/guvernul-statelor-unite-cumpara-un-bloc-de-lux-in-pipera\/","title":{"rendered":"Guvernul Statelor Unite cump\u0103r\u0103 un bloc de lux \u00een Pipera"},"content":{"rendered":"\n<p><strong>Guvernul Statelor Unite, prin Biroul de Opera\u0163iuni Imobiliare Externe, cump\u0103r\u0103 un bloc luxos situat \u00een Pipera, Voluntari, potrivit <a href=\"https:\/\/www.profit.ro\/povesti-cu-profit\/real-estate-constructii\/foto-document-administratia-trump-cumpara-un-bloc-de-lux-in-pipera-22063491?utm_source=Rss&amp;utm_medium=Referral&amp;utm_campaign=Cross\">profit.ro<\/a>. \u00cen acest bloc ar urma s\u0103 locuiasc\u0103 o parte a personalului Ambasadei Statelor Unite la Bucure\u015fti, transmit jurnali\u015ftii cita\u0163i. <\/strong><\/p>\n\n\n\n<p>Cl\u0103direa, pentru care s-a semnat deja un document \u00eentre reprezentan\u0163ii Departamentului de Stat SUA \u015fi dezvoltatorul imobiliar, se afl\u0103 \u00een apropierea p\u0103durii B\u0103neasa, la aproximativ 15 minute de mers cu ma\u015fina de ambasada Statelor Unite, precum \u015fi de \u015ecoala American\u0103 din Pipera.<\/p>\n\n\n\n<figure class=\"wp-block-image size-large\"><img fetchpriority=\"high\" decoding=\"async\" width=\"1000\" height=\"640\" src=\"data:image\/gif;base64,R0lGODlhAQABAAAAACH5BAEKAAEALAAAAAABAAEAAAICTAEAOw==\" data-src=\"https:\/\/buletin.de\/bucuresti\/wp-content\/uploads\/2025\/06\/localizare-bloc-ambasada-1000x640.png\" alt=\"\" class=\"wp-image-134706 lazyload\" data-sizes=\"auto\" data-srcset=\"https:\/\/buletin.de\/bucuresti\/wp-content\/uploads\/2025\/06\/localizare-bloc-ambasada-1000x640.png 1000w, https:\/\/buletin.de\/bucuresti\/wp-content\/uploads\/2025\/06\/localizare-bloc-ambasada-300x192.png 300w, https:\/\/buletin.de\/bucuresti\/wp-content\/uploads\/2025\/06\/localizare-bloc-ambasada-768x491.png 768w, https:\/\/buletin.de\/bucuresti\/wp-content\/uploads\/2025\/06\/localizare-bloc-ambasada-1100x704.png 1100w, https:\/\/buletin.de\/bucuresti\/wp-content\/uploads\/2025\/06\/localizare-bloc-ambasada-600x384.png 600w, https:\/\/buletin.de\/bucuresti\/wp-content\/uploads\/2025\/06\/localizare-bloc-ambasada-20x13.png 20w, https:\/\/buletin.de\/bucuresti\/wp-content\/uploads\/2025\/06\/localizare-bloc-ambasada.png 1205w\" sizes=\"(max-width: 1000px) 100vw, 1000px\" \/><figcaption class=\"wp-element-caption\">captur\u0103 Google Satellite View<\/figcaption><\/figure>\n\n\n\n<p>Cl\u0103direa are 4 etaje \u0219i 28 de apartamente. Dezvoltatorul vrea \u00eens\u0103 recompartimentarea blocului de lux \u00een 16 unit\u0103\u021bi locative mai mari, c\u00e2te 4 pe fiecare palier, una dintre cele 16 urm\u00e2nd s\u0103 fie destinat\u0103 persoanelor cu mobilitate limitat\u0103, potrivit unui document oficial american citat de Profit.ro.<\/p>\n\n\n\n<p>Pe site-ul dezvoltatorului, apartamentele din Pipera Eins sunt afi\u0219ate la pre\u021buri ce pornesc, \u00een func\u021bie de suprafa\u021b\u0103 \u0219i dot\u0103ri, de la 320.000 euro plus TVA, respectiv 580.000 euro plus TVA.<\/p>\n\n\n\n<p><strong>CITE\u015eTE <\/strong>\u00eentregul articol pe <a href=\"https:\/\/www.profit.ro\/povesti-cu-profit\/real-estate-constructii\/foto-document-administratia-trump-cumpara-un-bloc-de-lux-in-pipera-22063491?utm_source=Rss&amp;utm_medium=Referral&amp;utm_campaign=Cross\">profit.ro<\/a>. <\/p>\n\n\n\n<h2 class=\"wp-block-heading\" id=\"h-guvernul-statelor-unite-cumpara-blocul-la-scurt-timp-dupa-numirea-unui-nou-ambasador-in-romania\">Guvernul Statelor Unite cump\u0103r\u0103 blocul la scurt timp dup\u0103 numirea unui nou ambasador \u00een Rom\u00e2nia<\/h2>\n\n\n\n<p>La sf\u00e2r\u015fitul lunii mai, Donald Trump l-a nominalizat pe Darryl Nirenberg drept ambasador al Statelor Unite \u00een Rom\u00e2nia. Acesta este un avocat cu o experien\u0163\u0103 de patru decenii, dintre care 14 ani i-a petrecut \u00een func\u0163ii \u00eenalte din Senatul SUA. Exponen\u0163ial este locul de consilier al Comisiei pentru Rela\u0163ii Externe a Senatului.<\/p>\n\n\n\n<p>P\u00e2n\u0103 \u00een 2024, Darryl Nirenberg a fost partener la firma de avocatur\u0103 Steptoe, specializat \u00een reprezentarea clien\u021bilor \u00een fa\u021ba Congresului, agen\u021biilor federale \u0219i Casei Albe, de multe ori pe probleme legislative controversate.<\/p>\n\n\n\n<p>A avut de furc\u0103 \u00een spe\u0163e precum ap\u0103rarea na\u021bional\u0103, comer\u021bul cu China, politica fiscal\u0103 \u0219i reformele de reglementare.<\/p>\n\n\n\n<p>Ambasadoarea Kathleen Kavalec se retr\u0103sese din func\u0163ia de ambasador al SUA \u00een Rom\u00e2nia cu pu\u0163in\u0103 vreme \u00eenainte de noua nominalizare. \u00cen perioada f\u0103r\u0103 ambasador, \u015feful misiunii, Michael Dickerson, a fost pus \u00een func\u0163ia de Charg\u00e9 d&#8217;affaires ad interim \u00een cadrul ambasadei.<\/p>\n\n\n\n<p><strong>CITE\u015eTE \u015eI:<\/strong> <a href=\"https:\/\/buletin.de\/bucuresti\/halele-pionierul-care-au-adapostit-clubul-colectiv-au-ajuns-camp-de-batalie-pentru-rechinii-imobiliari\/\">Halele Pionierul, care au ad\u0103postit Clubul Colectiv, au ajuns c\u00e2mp de b\u0103t\u0103lie pentru rechinii imobiliari<\/a><br><\/p>\n\n\n\n<p><\/p>\n\n\n\n<p><\/p>\n\n\n\n<p><\/p>\n\n\n\n<p><\/p>\n\n\n\n<p><\/p>\n","protected":false},"excerpt":{"rendered":"<p>Guvernul Statelor Unite, prin Biroul de Opera\u0163iuni Imobiliare Externe, cump\u0103r\u0103 un bloc luxos situat \u00een Pipera, Voluntari, potrivit profit.ro. \u00cen acest bloc ar urma s\u0103 locuiasc\u0103 o parte a personalului Ambasadei Statelor Unite la Bucure\u015fti, transmit jurnali\u015ftii cita\u0163i. Cl\u0103direa, pentru care s-a semnat deja un document \u00eentre reprezentan\u0163ii Departamentului de Stat SUA \u015fi dezvoltatorul imobiliar, [&hellip;]<\/p>\n","protected":false},"author":1,"featured_media":134707,"comment_status":"closed","ping_status":"open","sticky":false,"template":"","format":"standard","meta":{"_acf_changed":false,"inline_featured_image":false,"ngg_post_thumbnail":0,"footnotes":""},"categories":[6994,62],"tags":[22044,22045,22046,22047,22041,22042,22043],"ppma_author":[22583],"class_list":["post-134705","post","type-post","status-publish","format-standard","has-post-thumbnail","hentry","category-stiri-2","category-stiri","tag-bloc-locuinte-personal-ambasada-sua","tag-departamentul-de-stat","tag-guvernul-statelor-unite","tag-guvernul-sua","tag-heberger","tag-obo","tag-pipera-tudor-arghezi"],"acf":[],"yoast_head":"<!-- This site is optimized with the Yoast SEO Premium plugin v25.3 (Yoast SEO v27.4) - https:\/\/yoast.com\/product\/yoast-seo-premium-wordpress\/ -->\n<title>Guvernul Statelor Unite cump\u0103r\u0103 un bloc de lux \u00een Pipera - Buletin de Bucure\u0219ti<\/title>\n<meta name=\"description\" content=\"Guvernul Statelor Unite, prin Biroul de Opera\u0163iuni Imobiliare Externe, cump\u0103r\u0103 un bloc luxos situat \u00een Pipera, Voluntari\" \/>\n<meta name=\"robots\" content=\"index, follow, max-snippet:-1, max-image-preview:large, max-video-preview:-1\" \/>\n<link rel=\"canonical\" href=\"https:\/\/buletin.de\/bucuresti\/guvernul-statelor-unite-cumpara-un-bloc-de-lux-in-pipera\/\" \/>\n<meta property=\"og:locale\" content=\"en_GB\" \/>\n<meta property=\"og:type\" content=\"article\" \/>\n<meta property=\"og:title\" content=\"Guvernul Statelor Unite cump\u0103r\u0103 un bloc de lux \u00een Pipera\" \/>\n<meta property=\"og:description\" content=\"Guvernul Statelor Unite, prin Biroul de Opera\u0163iuni Imobiliare Externe, cump\u0103r\u0103 un bloc luxos situat \u00een Pipera, Voluntari\" \/>\n<meta property=\"og:url\" content=\"https:\/\/buletin.de\/bucuresti\/guvernul-statelor-unite-cumpara-un-bloc-de-lux-in-pipera\/\" \/>\n<meta property=\"og:site_name\" content=\"Buletin de Bucure\u0219ti\" \/>\n<meta property=\"article:publisher\" content=\"https:\/\/www.facebook.com\/buletin.de.buc\" \/>\n<meta property=\"article:published_time\" content=\"2025-06-12T05:32:06+00:00\" \/>\n<meta property=\"article:modified_time\" content=\"2025-06-12T05:32:07+00:00\" \/>\n<meta property=\"og:image\" content=\"https:\/\/buletin.de\/bucuresti\/wp-content\/uploads\/2025\/06\/cladire-locuinte-personal-ambasada-sua-1000x480.png\" \/>\n\t<meta property=\"og:image:width\" content=\"1000\" \/>\n\t<meta property=\"og:image:height\" content=\"480\" \/>\n\t<meta property=\"og:image:type\" content=\"image\/png\" \/>\n<meta name=\"author\" content=\"Redac\u021bia Buletin de Bucure\u0219ti\" \/>\n<meta name=\"twitter:card\" content=\"summary_large_image\" \/>\n<meta name=\"twitter:label1\" content=\"Written by\" \/>\n\t<meta name=\"twitter:data1\" content=\"Redac\u021bia Buletin de Bucure\u0219ti\" \/>\n\t<meta name=\"twitter:label2\" content=\"Estimated reading time\" \/>\n\t<meta name=\"twitter:data2\" content=\"2 minutes\" \/>\n<script type=\"application\/ld+json\" class=\"yoast-schema-graph\">{\"@context\":\"https:\\\/\\\/schema.org\",\"@graph\":[{\"@type\":\"Article\",\"@id\":\"https:\\\/\\\/buletin.de\\\/bucuresti\\\/guvernul-statelor-unite-cumpara-un-bloc-de-lux-in-pipera\\\/#article\",\"isPartOf\":{\"@id\":\"https:\\\/\\\/buletin.de\\\/bucuresti\\\/guvernul-statelor-unite-cumpara-un-bloc-de-lux-in-pipera\\\/\"},\"author\":{\"name\":\"Redac\u021bia Buletin de Bucure\u0219ti\",\"@id\":\"https:\\\/\\\/buletin.de\\\/bucuresti\\\/#\\\/schema\\\/person\\\/2bbcf854e5f2419a13804af574d06ab1\"},\"headline\":\"Guvernul Statelor Unite cump\u0103r\u0103 un bloc de lux \u00een Pipera\",\"datePublished\":\"2025-06-12T05:32:06+00:00\",\"dateModified\":\"2025-06-12T05:32:07+00:00\",\"mainEntityOfPage\":{\"@id\":\"https:\\\/\\\/buletin.de\\\/bucuresti\\\/guvernul-statelor-unite-cumpara-un-bloc-de-lux-in-pipera\\\/\"},\"wordCount\":391,\"publisher\":{\"@id\":\"https:\\\/\\\/buletin.de\\\/bucuresti\\\/#organization\"},\"image\":{\"@id\":\"https:\\\/\\\/buletin.de\\\/bucuresti\\\/guvernul-statelor-unite-cumpara-un-bloc-de-lux-in-pipera\\\/#primaryimage\"},\"thumbnailUrl\":\"https:\\\/\\\/buletin.de\\\/bucuresti\\\/wp-content\\\/uploads\\\/2025\\\/06\\\/cladire-locuinte-personal-ambasada-sua.png\",\"keywords\":[\"bloc locuinte personal ambasada sua\",\"departamentul de stat\",\"guvernul statelor unite\",\"guvernul sua\",\"heberger\",\"obo\",\"pipera tudor arghezi\"],\"articleSection\":[\"Articole\",\"\u0218tiri\"],\"inLanguage\":\"en-GB\",\"copyrightYear\":\"2025\",\"copyrightHolder\":{\"@id\":\"https:\\\/\\\/buletin.de\\\/bucuresti\\\/#organization\"}},{\"@type\":\"WebPage\",\"@id\":\"https:\\\/\\\/buletin.de\\\/bucuresti\\\/guvernul-statelor-unite-cumpara-un-bloc-de-lux-in-pipera\\\/\",\"url\":\"https:\\\/\\\/buletin.de\\\/bucuresti\\\/guvernul-statelor-unite-cumpara-un-bloc-de-lux-in-pipera\\\/\",\"name\":\"Guvernul Statelor Unite cump\u0103r\u0103 un bloc de lux \u00een Pipera - Buletin de Bucure\u0219ti\",\"isPartOf\":{\"@id\":\"https:\\\/\\\/buletin.de\\\/bucuresti\\\/#website\"},\"primaryImageOfPage\":{\"@id\":\"https:\\\/\\\/buletin.de\\\/bucuresti\\\/guvernul-statelor-unite-cumpara-un-bloc-de-lux-in-pipera\\\/#primaryimage\"},\"image\":{\"@id\":\"https:\\\/\\\/buletin.de\\\/bucuresti\\\/guvernul-statelor-unite-cumpara-un-bloc-de-lux-in-pipera\\\/#primaryimage\"},\"thumbnailUrl\":\"https:\\\/\\\/buletin.de\\\/bucuresti\\\/wp-content\\\/uploads\\\/2025\\\/06\\\/cladire-locuinte-personal-ambasada-sua.png\",\"datePublished\":\"2025-06-12T05:32:06+00:00\",\"dateModified\":\"2025-06-12T05:32:07+00:00\",\"description\":\"Guvernul Statelor Unite, prin Biroul de Opera\u0163iuni Imobiliare Externe, cump\u0103r\u0103 un bloc luxos situat \u00een Pipera, Voluntari\",\"breadcrumb\":{\"@id\":\"https:\\\/\\\/buletin.de\\\/bucuresti\\\/guvernul-statelor-unite-cumpara-un-bloc-de-lux-in-pipera\\\/#breadcrumb\"},\"inLanguage\":\"en-GB\",\"potentialAction\":[{\"@type\":\"ReadAction\",\"target\":[\"https:\\\/\\\/buletin.de\\\/bucuresti\\\/guvernul-statelor-unite-cumpara-un-bloc-de-lux-in-pipera\\\/\"]}]},{\"@type\":\"ImageObject\",\"inLanguage\":\"en-GB\",\"@id\":\"https:\\\/\\\/buletin.de\\\/bucuresti\\\/guvernul-statelor-unite-cumpara-un-bloc-de-lux-in-pipera\\\/#primaryimage\",\"url\":\"https:\\\/\\\/buletin.de\\\/bucuresti\\\/wp-content\\\/uploads\\\/2025\\\/06\\\/cladire-locuinte-personal-ambasada-sua.png\",\"contentUrl\":\"https:\\\/\\\/buletin.de\\\/bucuresti\\\/wp-content\\\/uploads\\\/2025\\\/06\\\/cladire-locuinte-personal-ambasada-sua.png\",\"width\":1607,\"height\":772,\"caption\":\"Guvernul Statelor Unite cump\u0103r\u0103 un bloc pentru personalul ambasadei. FOTO: heberger-residential.ro\"},{\"@type\":\"BreadcrumbList\",\"@id\":\"https:\\\/\\\/buletin.de\\\/bucuresti\\\/guvernul-statelor-unite-cumpara-un-bloc-de-lux-in-pipera\\\/#breadcrumb\",\"itemListElement\":[{\"@type\":\"ListItem\",\"position\":1,\"name\":\"Acas\u0103\",\"item\":\"https:\\\/\\\/buletin.de\\\/bucuresti\\\/\"},{\"@type\":\"ListItem\",\"position\":2,\"name\":\"Guvernul Statelor Unite cump\u0103r\u0103 un bloc de lux \u00een Pipera\"}]},{\"@type\":\"WebSite\",\"@id\":\"https:\\\/\\\/buletin.de\\\/bucuresti\\\/#website\",\"url\":\"https:\\\/\\\/buletin.de\\\/bucuresti\\\/\",\"name\":\"Buletin de Bucure\u0219ti\",\"description\":\"\u0218tiri \u0219i investiga\u021bii esen\u021biale din capital\u0103\",\"publisher\":{\"@id\":\"https:\\\/\\\/buletin.de\\\/bucuresti\\\/#organization\"},\"potentialAction\":[{\"@type\":\"SearchAction\",\"target\":{\"@type\":\"EntryPoint\",\"urlTemplate\":\"https:\\\/\\\/buletin.de\\\/bucuresti\\\/?s={search_term_string}\"},\"query-input\":{\"@type\":\"PropertyValueSpecification\",\"valueRequired\":true,\"valueName\":\"search_term_string\"}}],\"inLanguage\":\"en-GB\"},{\"@type\":\"Organization\",\"@id\":\"https:\\\/\\\/buletin.de\\\/bucuresti\\\/#organization\",\"name\":\"Buletin de Bucure\u0219ti\",\"url\":\"https:\\\/\\\/buletin.de\\\/bucuresti\\\/\",\"logo\":{\"@type\":\"ImageObject\",\"inLanguage\":\"en-GB\",\"@id\":\"https:\\\/\\\/buletin.de\\\/bucuresti\\\/#\\\/schema\\\/logo\\\/image\\\/\",\"url\":\"https:\\\/\\\/buletin.de\\\/bucuresti\\\/wp-content\\\/uploads\\\/logo-bdb-full-wide-vernil-transparent.png\",\"contentUrl\":\"https:\\\/\\\/buletin.de\\\/bucuresti\\\/wp-content\\\/uploads\\\/logo-bdb-full-wide-vernil-transparent.png\",\"width\":1782,\"height\":626,\"caption\":\"Buletin de Bucure\u0219ti\"},\"image\":{\"@id\":\"https:\\\/\\\/buletin.de\\\/bucuresti\\\/#\\\/schema\\\/logo\\\/image\\\/\"},\"sameAs\":[\"https:\\\/\\\/www.facebook.com\\\/buletin.de.buc\",\"https:\\\/\\\/www.instagram.com\\\/buletinde.bucuresti\\\/\"]},{\"@type\":\"Person\",\"@id\":\"https:\\\/\\\/buletin.de\\\/bucuresti\\\/#\\\/schema\\\/person\\\/2bbcf854e5f2419a13804af574d06ab1\",\"name\":\"Redac\u021bia Buletin de Bucure\u0219ti\",\"image\":{\"@type\":\"ImageObject\",\"inLanguage\":\"en-GB\",\"@id\":\"https:\\\/\\\/secure.gravatar.com\\\/avatar\\\/18c5342381ed1a08620e6280424e3e5efc958618f5d67c522c9e44c1bc6f9226?s=96&d=monsterid&r=g60c7cd0ad92c68c049fcd4bb3504d609\",\"url\":\"https:\\\/\\\/secure.gravatar.com\\\/avatar\\\/18c5342381ed1a08620e6280424e3e5efc958618f5d67c522c9e44c1bc6f9226?s=96&d=monsterid&r=g\",\"contentUrl\":\"https:\\\/\\\/secure.gravatar.com\\\/avatar\\\/18c5342381ed1a08620e6280424e3e5efc958618f5d67c522c9e44c1bc6f9226?s=96&d=monsterid&r=g\",\"caption\":\"Redac\u021bia Buletin de Bucure\u0219ti\"},\"description\":\"Buletin de Bucure\u0219ti exist\u0103 din vara anului 2019.\",\"url\":\"https:\\\/\\\/buletin.de\\\/bucuresti\\\/author\\\/adminbuletin\\\/\"}]}<\/script>\n<!-- \/ Yoast SEO Premium plugin. -->","yoast_head_json":{"title":"Guvernul Statelor Unite cump\u0103r\u0103 un bloc de lux \u00een Pipera - Buletin de Bucure\u0219ti","description":"Guvernul Statelor Unite, prin Biroul de Opera\u0163iuni Imobiliare Externe, cump\u0103r\u0103 un bloc luxos situat \u00een Pipera, Voluntari","robots":{"index":"index","follow":"follow","max-snippet":"max-snippet:-1","max-image-preview":"max-image-preview:large","max-video-preview":"max-video-preview:-1"},"canonical":"https:\/\/buletin.de\/bucuresti\/guvernul-statelor-unite-cumpara-un-bloc-de-lux-in-pipera\/","og_locale":"en_GB","og_type":"article","og_title":"Guvernul Statelor Unite cump\u0103r\u0103 un bloc de lux \u00een Pipera","og_description":"Guvernul Statelor Unite, prin Biroul de Opera\u0163iuni Imobiliare Externe, cump\u0103r\u0103 un bloc luxos situat \u00een Pipera, Voluntari","og_url":"https:\/\/buletin.de\/bucuresti\/guvernul-statelor-unite-cumpara-un-bloc-de-lux-in-pipera\/","og_site_name":"Buletin de Bucure\u0219ti","article_publisher":"https:\/\/www.facebook.com\/buletin.de.buc","article_published_time":"2025-06-12T05:32:06+00:00","article_modified_time":"2025-06-12T05:32:07+00:00","og_image":[{"width":1000,"height":480,"url":"https:\/\/buletin.de\/bucuresti\/wp-content\/uploads\/2025\/06\/cladire-locuinte-personal-ambasada-sua-1000x480.png","type":"image\/png"}],"author":"Redac\u021bia Buletin de Bucure\u0219ti","twitter_card":"summary_large_image","twitter_misc":{"Written by":"Redac\u021bia Buletin de Bucure\u0219ti","Estimated reading time":"2 minutes"},"schema":{"@context":"https:\/\/schema.org","@graph":[{"@type":"Article","@id":"https:\/\/buletin.de\/bucuresti\/guvernul-statelor-unite-cumpara-un-bloc-de-lux-in-pipera\/#article","isPartOf":{"@id":"https:\/\/buletin.de\/bucuresti\/guvernul-statelor-unite-cumpara-un-bloc-de-lux-in-pipera\/"},"author":{"name":"Redac\u021bia Buletin de Bucure\u0219ti","@id":"https:\/\/buletin.de\/bucuresti\/#\/schema\/person\/2bbcf854e5f2419a13804af574d06ab1"},"headline":"Guvernul Statelor Unite cump\u0103r\u0103 un bloc de lux \u00een Pipera","datePublished":"2025-06-12T05:32:06+00:00","dateModified":"2025-06-12T05:32:07+00:00","mainEntityOfPage":{"@id":"https:\/\/buletin.de\/bucuresti\/guvernul-statelor-unite-cumpara-un-bloc-de-lux-in-pipera\/"},"wordCount":391,"publisher":{"@id":"https:\/\/buletin.de\/bucuresti\/#organization"},"image":{"@id":"https:\/\/buletin.de\/bucuresti\/guvernul-statelor-unite-cumpara-un-bloc-de-lux-in-pipera\/#primaryimage"},"thumbnailUrl":"https:\/\/buletin.de\/bucuresti\/wp-content\/uploads\/2025\/06\/cladire-locuinte-personal-ambasada-sua.png","keywords":["bloc locuinte personal ambasada sua","departamentul de stat","guvernul statelor unite","guvernul sua","heberger","obo","pipera tudor arghezi"],"articleSection":["Articole","\u0218tiri"],"inLanguage":"en-GB","copyrightYear":"2025","copyrightHolder":{"@id":"https:\/\/buletin.de\/bucuresti\/#organization"}},{"@type":"WebPage","@id":"https:\/\/buletin.de\/bucuresti\/guvernul-statelor-unite-cumpara-un-bloc-de-lux-in-pipera\/","url":"https:\/\/buletin.de\/bucuresti\/guvernul-statelor-unite-cumpara-un-bloc-de-lux-in-pipera\/","name":"Guvernul Statelor Unite cump\u0103r\u0103 un bloc de lux \u00een Pipera - Buletin de Bucure\u0219ti","isPartOf":{"@id":"https:\/\/buletin.de\/bucuresti\/#website"},"primaryImageOfPage":{"@id":"https:\/\/buletin.de\/bucuresti\/guvernul-statelor-unite-cumpara-un-bloc-de-lux-in-pipera\/#primaryimage"},"image":{"@id":"https:\/\/buletin.de\/bucuresti\/guvernul-statelor-unite-cumpara-un-bloc-de-lux-in-pipera\/#primaryimage"},"thumbnailUrl":"https:\/\/buletin.de\/bucuresti\/wp-content\/uploads\/2025\/06\/cladire-locuinte-personal-ambasada-sua.png","datePublished":"2025-06-12T05:32:06+00:00","dateModified":"2025-06-12T05:32:07+00:00","description":"Guvernul Statelor Unite, prin Biroul de Opera\u0163iuni Imobiliare Externe, cump\u0103r\u0103 un bloc luxos situat \u00een Pipera, Voluntari","breadcrumb":{"@id":"https:\/\/buletin.de\/bucuresti\/guvernul-statelor-unite-cumpara-un-bloc-de-lux-in-pipera\/#breadcrumb"},"inLanguage":"en-GB","potentialAction":[{"@type":"ReadAction","target":["https:\/\/buletin.de\/bucuresti\/guvernul-statelor-unite-cumpara-un-bloc-de-lux-in-pipera\/"]}]},{"@type":"ImageObject","inLanguage":"en-GB","@id":"https:\/\/buletin.de\/bucuresti\/guvernul-statelor-unite-cumpara-un-bloc-de-lux-in-pipera\/#primaryimage","url":"https:\/\/buletin.de\/bucuresti\/wp-content\/uploads\/2025\/06\/cladire-locuinte-personal-ambasada-sua.png","contentUrl":"https:\/\/buletin.de\/bucuresti\/wp-content\/uploads\/2025\/06\/cladire-locuinte-personal-ambasada-sua.png","width":1607,"height":772,"caption":"Guvernul Statelor Unite cump\u0103r\u0103 un bloc pentru personalul ambasadei. FOTO: heberger-residential.ro"},{"@type":"BreadcrumbList","@id":"https:\/\/buletin.de\/bucuresti\/guvernul-statelor-unite-cumpara-un-bloc-de-lux-in-pipera\/#breadcrumb","itemListElement":[{"@type":"ListItem","position":1,"name":"Acas\u0103","item":"https:\/\/buletin.de\/bucuresti\/"},{"@type":"ListItem","position":2,"name":"Guvernul Statelor Unite cump\u0103r\u0103 un bloc de lux \u00een Pipera"}]},{"@type":"WebSite","@id":"https:\/\/buletin.de\/bucuresti\/#website","url":"https:\/\/buletin.de\/bucuresti\/","name":"Buletin de Bucure\u0219ti","description":"\u0218tiri \u0219i investiga\u021bii esen\u021biale din capital\u0103","publisher":{"@id":"https:\/\/buletin.de\/bucuresti\/#organization"},"potentialAction":[{"@type":"SearchAction","target":{"@type":"EntryPoint","urlTemplate":"https:\/\/buletin.de\/bucuresti\/?s={search_term_string}"},"query-input":{"@type":"PropertyValueSpecification","valueRequired":true,"valueName":"search_term_string"}}],"inLanguage":"en-GB"},{"@type":"Organization","@id":"https:\/\/buletin.de\/bucuresti\/#organization","name":"Buletin de Bucure\u0219ti","url":"https:\/\/buletin.de\/bucuresti\/","logo":{"@type":"ImageObject","inLanguage":"en-GB","@id":"https:\/\/buletin.de\/bucuresti\/#\/schema\/logo\/image\/","url":"https:\/\/buletin.de\/bucuresti\/wp-content\/uploads\/logo-bdb-full-wide-vernil-transparent.png","contentUrl":"https:\/\/buletin.de\/bucuresti\/wp-content\/uploads\/logo-bdb-full-wide-vernil-transparent.png","width":1782,"height":626,"caption":"Buletin de Bucure\u0219ti"},"image":{"@id":"https:\/\/buletin.de\/bucuresti\/#\/schema\/logo\/image\/"},"sameAs":["https:\/\/www.facebook.com\/buletin.de.buc","https:\/\/www.instagram.com\/buletinde.bucuresti\/"]},{"@type":"Person","@id":"https:\/\/buletin.de\/bucuresti\/#\/schema\/person\/2bbcf854e5f2419a13804af574d06ab1","name":"Redac\u021bia Buletin de Bucure\u0219ti","image":{"@type":"ImageObject","inLanguage":"en-GB","@id":"https:\/\/secure.gravatar.com\/avatar\/18c5342381ed1a08620e6280424e3e5efc958618f5d67c522c9e44c1bc6f9226?s=96&d=monsterid&r=g60c7cd0ad92c68c049fcd4bb3504d609","url":"https:\/\/secure.gravatar.com\/avatar\/18c5342381ed1a08620e6280424e3e5efc958618f5d67c522c9e44c1bc6f9226?s=96&d=monsterid&r=g","contentUrl":"https:\/\/secure.gravatar.com\/avatar\/18c5342381ed1a08620e6280424e3e5efc958618f5d67c522c9e44c1bc6f9226?s=96&d=monsterid&r=g","caption":"Redac\u021bia Buletin de Bucure\u0219ti"},"description":"Buletin de Bucure\u0219ti exist\u0103 din vara anului 2019.","url":"https:\/\/buletin.de\/bucuresti\/author\/adminbuletin\/"}]}},"authors":[{"term_id":22583,"user_id":1,"is_guest":0,"slug":"adminbuletin","display_name":"Redac\u021bia Buletin de Bucure\u0219ti","avatar_url":"https:\/\/secure.gravatar.com\/avatar\/18c5342381ed1a08620e6280424e3e5efc958618f5d67c522c9e44c1bc6f9226?s=96&d=monsterid&r=g","0":null,"1":"","2":"","3":"","4":"","5":"","6":"","7":"","8":""}],"_links":{"self":[{"href":"https:\/\/buletin.de\/bucuresti\/wp-json\/wp\/v2\/posts\/134705","targetHints":{"allow":["GET"]}}],"collection":[{"href":"https:\/\/buletin.de\/bucuresti\/wp-json\/wp\/v2\/posts"}],"about":[{"href":"https:\/\/buletin.de\/bucuresti\/wp-json\/wp\/v2\/types\/post"}],"author":[{"embeddable":true,"href":"https:\/\/buletin.de\/bucuresti\/wp-json\/wp\/v2\/users\/1"}],"replies":[{"embeddable":true,"href":"https:\/\/buletin.de\/bucuresti\/wp-json\/wp\/v2\/comments?post=134705"}],"version-history":[{"count":1,"href":"https:\/\/buletin.de\/bucuresti\/wp-json\/wp\/v2\/posts\/134705\/revisions"}],"predecessor-version":[{"id":134708,"href":"https:\/\/buletin.de\/bucuresti\/wp-json\/wp\/v2\/posts\/134705\/revisions\/134708"}],"wp:featuredmedia":[{"embeddable":true,"href":"https:\/\/buletin.de\/bucuresti\/wp-json\/wp\/v2\/media\/134707"}],"wp:attachment":[{"href":"https:\/\/buletin.de\/bucuresti\/wp-json\/wp\/v2\/media?parent=134705"}],"wp:term":[{"taxonomy":"category","embeddable":true,"href":"https:\/\/buletin.de\/bucuresti\/wp-json\/wp\/v2\/categories?post=134705"},{"taxonomy":"post_tag","embeddable":true,"href":"https:\/\/buletin.de\/bucuresti\/wp-json\/wp\/v2\/tags?post=134705"},{"taxonomy":"author","embeddable":true,"href":"https:\/\/buletin.de\/bucuresti\/wp-json\/wp\/v2\/ppma_author?post=134705"}],"curies":[{"name":"wp","href":"https:\/\/api.w.org\/{rel}","templated":true}]}}