{"id":134702,"date":"2025-06-12T08:00:57","date_gmt":"2025-06-12T05:00:57","guid":{"rendered":"https:\/\/buletin.de\/bucuresti\/?p=134702"},"modified":"2025-06-12T12:47:00","modified_gmt":"2025-06-12T09:47:00","slug":"meteo-weekend-de-vara-cuminte-in-bucuresti-maxime-de-29-de-grade","status":"publish","type":"post","link":"https:\/\/buletin.de\/bucuresti\/meteo-weekend-de-vara-cuminte-in-bucuresti-maxime-de-29-de-grade\/","title":{"rendered":"METEO | Weekend de var\u0103 \u201ecuminte\u201d \u00een Bucure\u015fti. Maxime de 29 de grade"},"content":{"rendered":"\n<p><strong>Meteo de weekend \u00een Bucure\u015fti: meteorologii de serviciu de la Administra\u0163ia Na\u0163ional\u0103 de Meteorologie anun\u0163\u0103 c\u0103 temperaturile se \u00eenscriu \u00een normalul perioadei. \u00cen dup\u0103-amiaza de s\u00e2mb\u0103t\u0103 sunt \u015fanse de furtun\u0103. <\/strong><\/p>\n\n\n\n<p>Niciun cod de temperaturi mari nu este \u00eenregistrat \u00een acest weekend, nic\u0103ieri \u00een \u0163ar\u0103. Temperaturile sunt cele normale pentru aceast\u0103 perioad\u0103.<\/p>\n\n\n\n<h2 class=\"wp-block-heading\" id=\"h-meteo-cum-va-fi-vremea-in-weekend-in-bucuresti-si-imprejurimi\">Meteo. Cum va fi vremea \u00een weekend, \u00een Bucure\u015fti \u015fi \u00eemprejurimi<\/h2>\n\n\n\n<p>Vineri, 13 iunie. Vremea va fi predominant frumoas\u0103, iar regimul termic diurn apropiat de cel normal \u00een a doua decad\u0103 a lunii iunie. Cerul va fi variabil, cu \u00eennor\u0103ri trec\u0103toare, iar v\u00e2ntul va sufla slab \u0219i moderat. Temperatura maxim\u0103 va fi de <strong>28\u202629 de grade<\/strong>, iar cea minim\u0103 de 14 grade, mai sc\u0103zut\u0103 \u00een zona periurban\u0103, spre 10\u202611 grade.<\/p>\n\n\n\n<p>S\u00e2mb\u0103t\u0103, 14 iunie. Cerul va fi variabil, cu \u00eennor\u0103ri temporare \u00een prima parte a intervalului, mai accentuate dup\u0103-amiaza c\u00e2nd va cre\u0219te probabilitatea pentru averse, desc\u0103rc\u0103ri electrice \u0219i intensific\u0103ri ale v\u00e2ntului. Temperatura maxim\u0103 va fi de <strong>26\u202627 de grade<\/strong>, iar cea minim\u0103 de 13\u202615 grade.<\/p>\n\n\n\n<p>Duminic\u0103, 15 iunie. Vremea va fi predominant frumoas\u0103. Cerul va fi variabil \u0219i v\u00e2ntul va sufla slab p\u00e2n\u0103 la moderat. Temperatura maxim\u0103 va fi de <strong>28\u202629 de grade<\/strong>, iar cea minim\u0103 de 15\u202617 grade<\/p>\n\n\n\n<p>S\u0103pt\u0103m\u00e2na viitoare se men\u0163ine cald\u0103, anun\u0163\u0103 <a href=\"https:\/\/www.meteoromania.ro\/\">meteorologii<\/a>. Abia \u00een dup\u0103-amiaza de duminic\u0103, 22 iunie, vor fi posibile averse \u015fi desc\u0103rc\u0103ri electrice.<\/p>\n\n\n\n<p>Dac\u0103 se ajunge la temperaturi caniculare, administra\u0163ia public\u0103 din Bucure\u015fti (at\u00e2t prim\u0103riile de sector, c\u00e2t \u015fi Prim\u0103ria General\u0103) a preg\u0103tit instala\u0163ii de pulverizare a apei \u00een zonele aglomerate, pentru ca oamenii s\u0103 se poat\u0103 r\u0103cori.<\/p>\n\n\n\n<p>Cel mai recent anun\u0163 este cel al Prim\u0103riei Municipiului Bucure\u015fti, care a montat o prim\u0103 astfel de \u201eperdea\u201d de ap\u0103 \u00een Pia\u0163a Unirii \u015fi urmeaz\u0103 s\u0103 monteze alte cinci, care vor fi g\u0103site \u00een urm\u0103toarele zone: <\/p>\n\n\n\n<p>\u2022 Universitate (\u00een fa\u021ba TNB);<\/p>\n\n\n\n<p>\u2022 Str. Halelor (l\u00e2ng\u0103 metrou);<\/p>\n\n\n\n<p>\u2022 Intrarea \u00een Parcul Titan;<\/p>\n\n\n\n<p>\u2022 \u00cen fa\u021ba magazinului Bucur Obor;<\/p>\n\n\n\n<p>\u2022 Calea Victoriei (\u00een fa\u021ba Cercului Militar Na\u021bional).<\/p>\n\n\n\n<p><strong>CITE\u015eTE \u015eI:<\/strong> <a href=\"https:\/\/buletin.de\/bucuresti\/sase-instalatii-moderne\/\">\u0218ase instala\u021bii moderne pulverizeaz\u0103 ap\u0103 pentru r\u0103corirea bucure\u0219tenilor, \u00een zilele caniculare<\/a><br><\/p>\n","protected":false},"excerpt":{"rendered":"<p>Meteo de weekend \u00een Bucure\u015fti: meteorologii de serviciu de la Administra\u0163ia Na\u0163ional\u0103 de Meteorologie anun\u0163\u0103 c\u0103 temperaturile se \u00eenscriu \u00een normalul perioadei. \u00cen dup\u0103-amiaza de s\u00e2mb\u0103t\u0103 sunt \u015fanse de furtun\u0103. Niciun cod de temperaturi mari nu este \u00eenregistrat \u00een acest weekend, nic\u0103ieri \u00een \u0163ar\u0103. Temperaturile sunt cele normale pentru aceast\u0103 perioad\u0103. Meteo. Cum va fi [&hellip;]<\/p>\n","protected":false},"author":8,"featured_media":134703,"comment_status":"closed","ping_status":"open","sticky":false,"template":"","format":"standard","meta":{"_acf_changed":false,"inline_featured_image":false,"ngg_post_thumbnail":0,"footnotes":""},"categories":[6994,5762],"tags":[4314,22039,22038,22040],"ppma_author":[22586],"class_list":["post-134702","post","type-post","status-publish","format-standard","has-post-thumbnail","hentry","category-stiri-2","category-main","tag-anm","tag-bucuresti-4","tag-meteo-weekend","tag-vremea-in-capitala"],"acf":[],"yoast_head":"<!-- This site is optimized with the Yoast SEO Premium plugin v25.3 (Yoast SEO v27.4) - https:\/\/yoast.com\/product\/yoast-seo-premium-wordpress\/ -->\n<title>METEO | Weekend de var\u0103 \u201ecuminte\u201d \u00een Bucure\u015fti. Maxime de 29 de grade - Buletin de Bucure\u0219ti<\/title>\n<meta name=\"description\" content=\"Meteo de weekend \u00een Bucure\u015fti: meteorologii de serviciu de la Administra\u0163ia Na\u0163ional\u0103 de Meteorologie anun\u0163\u0103 temperaturi normale.\" \/>\n<meta name=\"robots\" content=\"index, follow, max-snippet:-1, max-image-preview:large, max-video-preview:-1\" \/>\n<link rel=\"canonical\" href=\"https:\/\/buletin.de\/bucuresti\/meteo-weekend-de-vara-cuminte-in-bucuresti-maxime-de-29-de-grade\/\" \/>\n<meta property=\"og:locale\" content=\"en_GB\" \/>\n<meta property=\"og:type\" content=\"article\" \/>\n<meta property=\"og:title\" content=\"METEO | Weekend de var\u0103 \u201ecuminte\u201d \u00een Bucure\u015fti. Maxime de 29 de grade\" \/>\n<meta property=\"og:description\" content=\"Meteo de weekend \u00een Bucure\u015fti: meteorologii de serviciu de la Administra\u0163ia Na\u0163ional\u0103 de Meteorologie anun\u0163\u0103 temperaturi normale.\" \/>\n<meta property=\"og:url\" content=\"https:\/\/buletin.de\/bucuresti\/meteo-weekend-de-vara-cuminte-in-bucuresti-maxime-de-29-de-grade\/\" \/>\n<meta property=\"og:site_name\" content=\"Buletin de Bucure\u0219ti\" \/>\n<meta property=\"article:publisher\" content=\"https:\/\/www.facebook.com\/buletin.de.buc\" \/>\n<meta property=\"article:published_time\" content=\"2025-06-12T05:00:57+00:00\" \/>\n<meta property=\"article:modified_time\" content=\"2025-06-12T09:47:00+00:00\" \/>\n<meta property=\"og:image\" content=\"https:\/\/buletin.de\/bucuresti\/wp-content\/uploads\/2025\/06\/sam-schooler-E9aetBe2w40-unsplash-scaled.jpg\" \/>\n\t<meta property=\"og:image:width\" content=\"2560\" \/>\n\t<meta property=\"og:image:height\" content=\"1707\" \/>\n\t<meta property=\"og:image:type\" content=\"image\/jpeg\" \/>\n<meta name=\"author\" content=\"Ionu\u021b Lepa\" \/>\n<meta name=\"twitter:card\" content=\"summary_large_image\" \/>\n<meta name=\"twitter:label1\" content=\"Written by\" \/>\n\t<meta name=\"twitter:data1\" content=\"Ionu\u021b Lepa\" \/>\n\t<meta name=\"twitter:label2\" content=\"Estimated reading time\" \/>\n\t<meta name=\"twitter:data2\" content=\"2 minutes\" \/>\n<script type=\"application\/ld+json\" class=\"yoast-schema-graph\">{\"@context\":\"https:\\\/\\\/schema.org\",\"@graph\":[{\"@type\":\"Article\",\"@id\":\"https:\\\/\\\/buletin.de\\\/bucuresti\\\/meteo-weekend-de-vara-cuminte-in-bucuresti-maxime-de-29-de-grade\\\/#article\",\"isPartOf\":{\"@id\":\"https:\\\/\\\/buletin.de\\\/bucuresti\\\/meteo-weekend-de-vara-cuminte-in-bucuresti-maxime-de-29-de-grade\\\/\"},\"author\":{\"name\":\"Ionu\u021b Lepa\",\"@id\":\"https:\\\/\\\/buletin.de\\\/bucuresti\\\/#\\\/schema\\\/person\\\/5272b8a057b33890940b57b837fc4ce6\"},\"headline\":\"METEO | Weekend de var\u0103 \u201ecuminte\u201d \u00een Bucure\u015fti. Maxime de 29 de grade\",\"datePublished\":\"2025-06-12T05:00:57+00:00\",\"dateModified\":\"2025-06-12T09:47:00+00:00\",\"mainEntityOfPage\":{\"@id\":\"https:\\\/\\\/buletin.de\\\/bucuresti\\\/meteo-weekend-de-vara-cuminte-in-bucuresti-maxime-de-29-de-grade\\\/\"},\"wordCount\":383,\"publisher\":{\"@id\":\"https:\\\/\\\/buletin.de\\\/bucuresti\\\/#organization\"},\"image\":{\"@id\":\"https:\\\/\\\/buletin.de\\\/bucuresti\\\/meteo-weekend-de-vara-cuminte-in-bucuresti-maxime-de-29-de-grade\\\/#primaryimage\"},\"thumbnailUrl\":\"https:\\\/\\\/buletin.de\\\/bucuresti\\\/wp-content\\\/uploads\\\/2025\\\/06\\\/sam-schooler-E9aetBe2w40-unsplash-scaled.jpg\",\"keywords\":[\"anm\",\"bucure\u015fti\",\"meteo weekend\",\"vremea \u00een capital\u0103\"],\"articleSection\":[\"Articole\",\"Main\"],\"inLanguage\":\"en-GB\",\"copyrightYear\":\"2025\",\"copyrightHolder\":{\"@id\":\"https:\\\/\\\/buletin.de\\\/bucuresti\\\/#organization\"}},{\"@type\":\"WebPage\",\"@id\":\"https:\\\/\\\/buletin.de\\\/bucuresti\\\/meteo-weekend-de-vara-cuminte-in-bucuresti-maxime-de-29-de-grade\\\/\",\"url\":\"https:\\\/\\\/buletin.de\\\/bucuresti\\\/meteo-weekend-de-vara-cuminte-in-bucuresti-maxime-de-29-de-grade\\\/\",\"name\":\"METEO | Weekend de var\u0103 \u201ecuminte\u201d \u00een Bucure\u015fti. Maxime de 29 de grade - Buletin de Bucure\u0219ti\",\"isPartOf\":{\"@id\":\"https:\\\/\\\/buletin.de\\\/bucuresti\\\/#website\"},\"primaryImageOfPage\":{\"@id\":\"https:\\\/\\\/buletin.de\\\/bucuresti\\\/meteo-weekend-de-vara-cuminte-in-bucuresti-maxime-de-29-de-grade\\\/#primaryimage\"},\"image\":{\"@id\":\"https:\\\/\\\/buletin.de\\\/bucuresti\\\/meteo-weekend-de-vara-cuminte-in-bucuresti-maxime-de-29-de-grade\\\/#primaryimage\"},\"thumbnailUrl\":\"https:\\\/\\\/buletin.de\\\/bucuresti\\\/wp-content\\\/uploads\\\/2025\\\/06\\\/sam-schooler-E9aetBe2w40-unsplash-scaled.jpg\",\"datePublished\":\"2025-06-12T05:00:57+00:00\",\"dateModified\":\"2025-06-12T09:47:00+00:00\",\"description\":\"Meteo de weekend \u00een Bucure\u015fti: meteorologii de serviciu de la Administra\u0163ia Na\u0163ional\u0103 de Meteorologie anun\u0163\u0103 temperaturi normale.\",\"breadcrumb\":{\"@id\":\"https:\\\/\\\/buletin.de\\\/bucuresti\\\/meteo-weekend-de-vara-cuminte-in-bucuresti-maxime-de-29-de-grade\\\/#breadcrumb\"},\"inLanguage\":\"en-GB\",\"potentialAction\":[{\"@type\":\"ReadAction\",\"target\":[\"https:\\\/\\\/buletin.de\\\/bucuresti\\\/meteo-weekend-de-vara-cuminte-in-bucuresti-maxime-de-29-de-grade\\\/\"]}]},{\"@type\":\"ImageObject\",\"inLanguage\":\"en-GB\",\"@id\":\"https:\\\/\\\/buletin.de\\\/bucuresti\\\/meteo-weekend-de-vara-cuminte-in-bucuresti-maxime-de-29-de-grade\\\/#primaryimage\",\"url\":\"https:\\\/\\\/buletin.de\\\/bucuresti\\\/wp-content\\\/uploads\\\/2025\\\/06\\\/sam-schooler-E9aetBe2w40-unsplash-scaled.jpg\",\"contentUrl\":\"https:\\\/\\\/buletin.de\\\/bucuresti\\\/wp-content\\\/uploads\\\/2025\\\/06\\\/sam-schooler-E9aetBe2w40-unsplash-scaled.jpg\",\"width\":2250,\"height\":1500,\"caption\":\"Temperaturi crescute, pentru \u00eenceput de martie, \u00een Capital\u0103. FOTO: unsplash.com\"},{\"@type\":\"BreadcrumbList\",\"@id\":\"https:\\\/\\\/buletin.de\\\/bucuresti\\\/meteo-weekend-de-vara-cuminte-in-bucuresti-maxime-de-29-de-grade\\\/#breadcrumb\",\"itemListElement\":[{\"@type\":\"ListItem\",\"position\":1,\"name\":\"Acas\u0103\",\"item\":\"https:\\\/\\\/buletin.de\\\/bucuresti\\\/\"},{\"@type\":\"ListItem\",\"position\":2,\"name\":\"METEO | Weekend de var\u0103 \u201ecuminte\u201d \u00een Bucure\u015fti. Maxime de 29 de grade\"}]},{\"@type\":\"WebSite\",\"@id\":\"https:\\\/\\\/buletin.de\\\/bucuresti\\\/#website\",\"url\":\"https:\\\/\\\/buletin.de\\\/bucuresti\\\/\",\"name\":\"Buletin de Bucure\u0219ti\",\"description\":\"\u0218tiri \u0219i investiga\u021bii esen\u021biale din capital\u0103\",\"publisher\":{\"@id\":\"https:\\\/\\\/buletin.de\\\/bucuresti\\\/#organization\"},\"potentialAction\":[{\"@type\":\"SearchAction\",\"target\":{\"@type\":\"EntryPoint\",\"urlTemplate\":\"https:\\\/\\\/buletin.de\\\/bucuresti\\\/?s={search_term_string}\"},\"query-input\":{\"@type\":\"PropertyValueSpecification\",\"valueRequired\":true,\"valueName\":\"search_term_string\"}}],\"inLanguage\":\"en-GB\"},{\"@type\":\"Organization\",\"@id\":\"https:\\\/\\\/buletin.de\\\/bucuresti\\\/#organization\",\"name\":\"Buletin de Bucure\u0219ti\",\"url\":\"https:\\\/\\\/buletin.de\\\/bucuresti\\\/\",\"logo\":{\"@type\":\"ImageObject\",\"inLanguage\":\"en-GB\",\"@id\":\"https:\\\/\\\/buletin.de\\\/bucuresti\\\/#\\\/schema\\\/logo\\\/image\\\/\",\"url\":\"https:\\\/\\\/buletin.de\\\/bucuresti\\\/wp-content\\\/uploads\\\/logo-bdb-full-wide-vernil-transparent.png\",\"contentUrl\":\"https:\\\/\\\/buletin.de\\\/bucuresti\\\/wp-content\\\/uploads\\\/logo-bdb-full-wide-vernil-transparent.png\",\"width\":1782,\"height\":626,\"caption\":\"Buletin de Bucure\u0219ti\"},\"image\":{\"@id\":\"https:\\\/\\\/buletin.de\\\/bucuresti\\\/#\\\/schema\\\/logo\\\/image\\\/\"},\"sameAs\":[\"https:\\\/\\\/www.facebook.com\\\/buletin.de.buc\",\"https:\\\/\\\/www.instagram.com\\\/buletinde.bucuresti\\\/\"]},{\"@type\":\"Person\",\"@id\":\"https:\\\/\\\/buletin.de\\\/bucuresti\\\/#\\\/schema\\\/person\\\/5272b8a057b33890940b57b837fc4ce6\",\"name\":\"Ionu\u021b Lepa\",\"image\":{\"@type\":\"ImageObject\",\"inLanguage\":\"en-GB\",\"@id\":\"https:\\\/\\\/buletin.de\\\/bucuresti\\\/wp-content\\\/uploads\\\/Ionut-Lepa-96x96.jpg5c4e4d9e049808799a8821652d2410a4\",\"url\":\"https:\\\/\\\/buletin.de\\\/bucuresti\\\/wp-content\\\/uploads\\\/Ionut-Lepa-96x96.jpg\",\"contentUrl\":\"https:\\\/\\\/buletin.de\\\/bucuresti\\\/wp-content\\\/uploads\\\/Ionut-Lepa-96x96.jpg\",\"caption\":\"Ionu\u021b Lepa\"},\"url\":\"https:\\\/\\\/buletin.de\\\/bucuresti\\\/author\\\/ionutlepa\\\/\"}]}<\/script>\n<!-- \/ Yoast SEO Premium plugin. -->","yoast_head_json":{"title":"METEO | Weekend de var\u0103 \u201ecuminte\u201d \u00een Bucure\u015fti. Maxime de 29 de grade - Buletin de Bucure\u0219ti","description":"Meteo de weekend \u00een Bucure\u015fti: meteorologii de serviciu de la Administra\u0163ia Na\u0163ional\u0103 de Meteorologie anun\u0163\u0103 temperaturi normale.","robots":{"index":"index","follow":"follow","max-snippet":"max-snippet:-1","max-image-preview":"max-image-preview:large","max-video-preview":"max-video-preview:-1"},"canonical":"https:\/\/buletin.de\/bucuresti\/meteo-weekend-de-vara-cuminte-in-bucuresti-maxime-de-29-de-grade\/","og_locale":"en_GB","og_type":"article","og_title":"METEO | Weekend de var\u0103 \u201ecuminte\u201d \u00een Bucure\u015fti. Maxime de 29 de grade","og_description":"Meteo de weekend \u00een Bucure\u015fti: meteorologii de serviciu de la Administra\u0163ia Na\u0163ional\u0103 de Meteorologie anun\u0163\u0103 temperaturi normale.","og_url":"https:\/\/buletin.de\/bucuresti\/meteo-weekend-de-vara-cuminte-in-bucuresti-maxime-de-29-de-grade\/","og_site_name":"Buletin de Bucure\u0219ti","article_publisher":"https:\/\/www.facebook.com\/buletin.de.buc","article_published_time":"2025-06-12T05:00:57+00:00","article_modified_time":"2025-06-12T09:47:00+00:00","og_image":[{"width":2560,"height":1707,"url":"https:\/\/buletin.de\/bucuresti\/wp-content\/uploads\/2025\/06\/sam-schooler-E9aetBe2w40-unsplash-scaled.jpg","type":"image\/jpeg"}],"author":"Ionu\u021b Lepa","twitter_card":"summary_large_image","twitter_misc":{"Written by":"Ionu\u021b Lepa","Estimated reading time":"2 minutes"},"schema":{"@context":"https:\/\/schema.org","@graph":[{"@type":"Article","@id":"https:\/\/buletin.de\/bucuresti\/meteo-weekend-de-vara-cuminte-in-bucuresti-maxime-de-29-de-grade\/#article","isPartOf":{"@id":"https:\/\/buletin.de\/bucuresti\/meteo-weekend-de-vara-cuminte-in-bucuresti-maxime-de-29-de-grade\/"},"author":{"name":"Ionu\u021b Lepa","@id":"https:\/\/buletin.de\/bucuresti\/#\/schema\/person\/5272b8a057b33890940b57b837fc4ce6"},"headline":"METEO | Weekend de var\u0103 \u201ecuminte\u201d \u00een Bucure\u015fti. Maxime de 29 de grade","datePublished":"2025-06-12T05:00:57+00:00","dateModified":"2025-06-12T09:47:00+00:00","mainEntityOfPage":{"@id":"https:\/\/buletin.de\/bucuresti\/meteo-weekend-de-vara-cuminte-in-bucuresti-maxime-de-29-de-grade\/"},"wordCount":383,"publisher":{"@id":"https:\/\/buletin.de\/bucuresti\/#organization"},"image":{"@id":"https:\/\/buletin.de\/bucuresti\/meteo-weekend-de-vara-cuminte-in-bucuresti-maxime-de-29-de-grade\/#primaryimage"},"thumbnailUrl":"https:\/\/buletin.de\/bucuresti\/wp-content\/uploads\/2025\/06\/sam-schooler-E9aetBe2w40-unsplash-scaled.jpg","keywords":["anm","bucure\u015fti","meteo weekend","vremea \u00een capital\u0103"],"articleSection":["Articole","Main"],"inLanguage":"en-GB","copyrightYear":"2025","copyrightHolder":{"@id":"https:\/\/buletin.de\/bucuresti\/#organization"}},{"@type":"WebPage","@id":"https:\/\/buletin.de\/bucuresti\/meteo-weekend-de-vara-cuminte-in-bucuresti-maxime-de-29-de-grade\/","url":"https:\/\/buletin.de\/bucuresti\/meteo-weekend-de-vara-cuminte-in-bucuresti-maxime-de-29-de-grade\/","name":"METEO | Weekend de var\u0103 \u201ecuminte\u201d \u00een Bucure\u015fti. Maxime de 29 de grade - Buletin de Bucure\u0219ti","isPartOf":{"@id":"https:\/\/buletin.de\/bucuresti\/#website"},"primaryImageOfPage":{"@id":"https:\/\/buletin.de\/bucuresti\/meteo-weekend-de-vara-cuminte-in-bucuresti-maxime-de-29-de-grade\/#primaryimage"},"image":{"@id":"https:\/\/buletin.de\/bucuresti\/meteo-weekend-de-vara-cuminte-in-bucuresti-maxime-de-29-de-grade\/#primaryimage"},"thumbnailUrl":"https:\/\/buletin.de\/bucuresti\/wp-content\/uploads\/2025\/06\/sam-schooler-E9aetBe2w40-unsplash-scaled.jpg","datePublished":"2025-06-12T05:00:57+00:00","dateModified":"2025-06-12T09:47:00+00:00","description":"Meteo de weekend \u00een Bucure\u015fti: meteorologii de serviciu de la Administra\u0163ia Na\u0163ional\u0103 de Meteorologie anun\u0163\u0103 temperaturi normale.","breadcrumb":{"@id":"https:\/\/buletin.de\/bucuresti\/meteo-weekend-de-vara-cuminte-in-bucuresti-maxime-de-29-de-grade\/#breadcrumb"},"inLanguage":"en-GB","potentialAction":[{"@type":"ReadAction","target":["https:\/\/buletin.de\/bucuresti\/meteo-weekend-de-vara-cuminte-in-bucuresti-maxime-de-29-de-grade\/"]}]},{"@type":"ImageObject","inLanguage":"en-GB","@id":"https:\/\/buletin.de\/bucuresti\/meteo-weekend-de-vara-cuminte-in-bucuresti-maxime-de-29-de-grade\/#primaryimage","url":"https:\/\/buletin.de\/bucuresti\/wp-content\/uploads\/2025\/06\/sam-schooler-E9aetBe2w40-unsplash-scaled.jpg","contentUrl":"https:\/\/buletin.de\/bucuresti\/wp-content\/uploads\/2025\/06\/sam-schooler-E9aetBe2w40-unsplash-scaled.jpg","width":2250,"height":1500,"caption":"Temperaturi crescute, pentru \u00eenceput de martie, \u00een Capital\u0103. FOTO: unsplash.com"},{"@type":"BreadcrumbList","@id":"https:\/\/buletin.de\/bucuresti\/meteo-weekend-de-vara-cuminte-in-bucuresti-maxime-de-29-de-grade\/#breadcrumb","itemListElement":[{"@type":"ListItem","position":1,"name":"Acas\u0103","item":"https:\/\/buletin.de\/bucuresti\/"},{"@type":"ListItem","position":2,"name":"METEO | Weekend de var\u0103 \u201ecuminte\u201d \u00een Bucure\u015fti. Maxime de 29 de grade"}]},{"@type":"WebSite","@id":"https:\/\/buletin.de\/bucuresti\/#website","url":"https:\/\/buletin.de\/bucuresti\/","name":"Buletin de Bucure\u0219ti","description":"\u0218tiri \u0219i investiga\u021bii esen\u021biale din capital\u0103","publisher":{"@id":"https:\/\/buletin.de\/bucuresti\/#organization"},"potentialAction":[{"@type":"SearchAction","target":{"@type":"EntryPoint","urlTemplate":"https:\/\/buletin.de\/bucuresti\/?s={search_term_string}"},"query-input":{"@type":"PropertyValueSpecification","valueRequired":true,"valueName":"search_term_string"}}],"inLanguage":"en-GB"},{"@type":"Organization","@id":"https:\/\/buletin.de\/bucuresti\/#organization","name":"Buletin de Bucure\u0219ti","url":"https:\/\/buletin.de\/bucuresti\/","logo":{"@type":"ImageObject","inLanguage":"en-GB","@id":"https:\/\/buletin.de\/bucuresti\/#\/schema\/logo\/image\/","url":"https:\/\/buletin.de\/bucuresti\/wp-content\/uploads\/logo-bdb-full-wide-vernil-transparent.png","contentUrl":"https:\/\/buletin.de\/bucuresti\/wp-content\/uploads\/logo-bdb-full-wide-vernil-transparent.png","width":1782,"height":626,"caption":"Buletin de Bucure\u0219ti"},"image":{"@id":"https:\/\/buletin.de\/bucuresti\/#\/schema\/logo\/image\/"},"sameAs":["https:\/\/www.facebook.com\/buletin.de.buc","https:\/\/www.instagram.com\/buletinde.bucuresti\/"]},{"@type":"Person","@id":"https:\/\/buletin.de\/bucuresti\/#\/schema\/person\/5272b8a057b33890940b57b837fc4ce6","name":"Ionu\u021b Lepa","image":{"@type":"ImageObject","inLanguage":"en-GB","@id":"https:\/\/buletin.de\/bucuresti\/wp-content\/uploads\/Ionut-Lepa-96x96.jpg5c4e4d9e049808799a8821652d2410a4","url":"https:\/\/buletin.de\/bucuresti\/wp-content\/uploads\/Ionut-Lepa-96x96.jpg","contentUrl":"https:\/\/buletin.de\/bucuresti\/wp-content\/uploads\/Ionut-Lepa-96x96.jpg","caption":"Ionu\u021b Lepa"},"url":"https:\/\/buletin.de\/bucuresti\/author\/ionutlepa\/"}]}},"authors":[{"term_id":22586,"user_id":8,"is_guest":0,"slug":"ionutlepa","display_name":"Ionu\u021b Lepa","avatar_url":"https:\/\/buletin.de\/bucuresti\/wp-content\/uploads\/Ionut-Lepa-96x96.jpg","0":null,"1":"","2":"","3":"","4":"","5":"","6":"","7":"","8":""}],"_links":{"self":[{"href":"https:\/\/buletin.de\/bucuresti\/wp-json\/wp\/v2\/posts\/134702","targetHints":{"allow":["GET"]}}],"collection":[{"href":"https:\/\/buletin.de\/bucuresti\/wp-json\/wp\/v2\/posts"}],"about":[{"href":"https:\/\/buletin.de\/bucuresti\/wp-json\/wp\/v2\/types\/post"}],"author":[{"embeddable":true,"href":"https:\/\/buletin.de\/bucuresti\/wp-json\/wp\/v2\/users\/8"}],"replies":[{"embeddable":true,"href":"https:\/\/buletin.de\/bucuresti\/wp-json\/wp\/v2\/comments?post=134702"}],"version-history":[{"count":1,"href":"https:\/\/buletin.de\/bucuresti\/wp-json\/wp\/v2\/posts\/134702\/revisions"}],"predecessor-version":[{"id":134704,"href":"https:\/\/buletin.de\/bucuresti\/wp-json\/wp\/v2\/posts\/134702\/revisions\/134704"}],"wp:featuredmedia":[{"embeddable":true,"href":"https:\/\/buletin.de\/bucuresti\/wp-json\/wp\/v2\/media\/134703"}],"wp:attachment":[{"href":"https:\/\/buletin.de\/bucuresti\/wp-json\/wp\/v2\/media?parent=134702"}],"wp:term":[{"taxonomy":"category","embeddable":true,"href":"https:\/\/buletin.de\/bucuresti\/wp-json\/wp\/v2\/categories?post=134702"},{"taxonomy":"post_tag","embeddable":true,"href":"https:\/\/buletin.de\/bucuresti\/wp-json\/wp\/v2\/tags?post=134702"},{"taxonomy":"author","embeddable":true,"href":"https:\/\/buletin.de\/bucuresti\/wp-json\/wp\/v2\/ppma_author?post=134702"}],"curies":[{"name":"wp","href":"https:\/\/api.w.org\/{rel}","templated":true}]}}