{"id":13446,"date":"2020-10-07T16:40:24","date_gmt":"2020-10-07T13:40:24","guid":{"rendered":"https:\/\/buletin.de\/bucuresti\/?p=13446"},"modified":"2020-10-07T16:40:24","modified_gmt":"2020-10-07T13:40:24","slug":"licitatia-tabletelor-de-10-milioane-de-euro-promise-de-daniel-florea-in-campania-electorala-anulata-din-cauza-unor-abateri-grave","status":"publish","type":"post","link":"https:\/\/buletin.de\/bucuresti\/licitatia-tabletelor-de-10-milioane-de-euro-promise-de-daniel-florea-in-campania-electorala-anulata-din-cauza-unor-abateri-grave\/","title":{"rendered":"Licita\u021bia tabletelor de 10 milioane de EURO promise de Daniel Florea \u00een campania electoral\u0103, anulat\u0103 din cauza unor abateri grave"},"content":{"rendered":"\n<p><strong>La nici dou\u0103 s\u0103pt\u0103m\u00e2ni de la pierderea alegerilor locale, achizi\u021bia de tablete cu care se l\u0103uda fostul primar al sectorului 5 a fost anulat\u0103 din cauza unor \u201e<em>abateri grave de la prevederile legislative<\/em>\u201d. Acest lucru s-a \u00eent\u00e2mplat de\u0219i, \u00een plin\u0103 campanie electoral\u0103, Daniel Florea \u00eei asigura pe p\u0103rin\u021bii din sectorul 5 c\u0103 33 de mii de tablete urmeaz\u0103 s\u0103 ajung\u0103 cur\u00e2nd la elevi.<\/strong><\/p>\n\n\n\n<p>Licita\u021bia de tablete a fost urcat\u0103 \u00een SEAP recent, mult dup\u0103 anun\u021bul lui Daniel Florea, \u00eens\u0103 apare c\u0103 a fost anulat\u0103.<\/p>\n\n\n\n<p><\/p>\n\n\n\n<figure class=\"wp-block-image size-large is-resized\"><img fetchpriority=\"high\" decoding=\"async\" src=\"data:image\/gif;base64,R0lGODlhAQABAAAAACH5BAEKAAEALAAAAAABAAEAAAICTAEAOw==\" data-src=\"https:\/\/buletin.de\/bucuresti\/wp-content\/uploads\/Screenshot_1-33-900x185.png\" alt=\"\" class=\"wp-image-13447 lazyload\" width=\"900\" height=\"185\" data-sizes=\"auto\" data-srcset=\"https:\/\/buletin.de\/bucuresti\/wp-content\/uploads\/Screenshot_1-33-900x185.png 900w, https:\/\/buletin.de\/bucuresti\/wp-content\/uploads\/Screenshot_1-33-300x62.png 300w, https:\/\/buletin.de\/bucuresti\/wp-content\/uploads\/Screenshot_1-33-768x158.png 768w, https:\/\/buletin.de\/bucuresti\/wp-content\/uploads\/Screenshot_1-33-1536x316.png 1536w, https:\/\/buletin.de\/bucuresti\/wp-content\/uploads\/Screenshot_1-33-1060x218.png 1060w, https:\/\/buletin.de\/bucuresti\/wp-content\/uploads\/Screenshot_1-33-550x113.png 550w, https:\/\/buletin.de\/bucuresti\/wp-content\/uploads\/Screenshot_1-33-600x123.png 600w, https:\/\/buletin.de\/bucuresti\/wp-content\/uploads\/Screenshot_1-33.png 1828w\" sizes=\"(max-width: 900px) 100vw, 900px\" \/><figcaption>SEAP<\/figcaption><\/figure>\n\n\n\n<blockquote class=\"wp-block-quote is-layout-flow wp-block-quote-is-layout-flow\"><p>\u201eTo\u021bi elevii \u0219i profesorii din sectorul 5 vor primi tablete cu acces gratuit la internet pe o perioad\u0103 de doi ani. Sunt 33.000 de tablete \u00een drum spre noi, toate livr\u0103rile vor \u00eencepe de s\u0103pt\u0103m\u00e2na viitoare. Eu sper ca o mare parte dintre ele s\u0103 fie livrate p\u00e2n\u0103 luni, dar livr\u0103rile vor fi f\u0103cute gradual, pe m\u0103sura stocurilor.\u201d<\/p><cite>Daniel Florea a declarat pe 11 septembrie \u00eentr-un live pe Facebook<\/cite><\/blockquote>\n\n\n\n<p><\/p>\n\n\n\n<p>Buletin de Bucure\u0219ti a ar\u0103tat luna trecut\u0103 <a href=\"https:\/\/buletin.de\/bucuresti\/primaria-sectorului-5-10-milioane-de-euro-pe-tablete-unei-firme-infiintate-de-9-luni\/\">cum afacerea cu tablete de 10 milioane<\/a> de EURO a fost \u00eencheiat\u0103 \u00een spatele u\u0219ilor secrete, prin Economat Sector 5. DAP Team &amp; Partners, firma care ar fi profitat de ace\u0219ti bani a fost \u00eenfiin\u021bat\u0103 \u00een urm\u0103 cu 10 luni, nu are niciun angajat \u0219i tr\u0103ie\u0219te din banii statului.<\/p>\n","protected":false},"excerpt":{"rendered":"<p>La nici dou\u0103 s\u0103pt\u0103m\u00e2ni de la pierderea alegerilor locale, achizi\u021bia de tablete cu care se l\u0103uda fostul primar al sectorului 5 a fost anulat\u0103 din cauza unor \u201eabateri grave de la prevederile legislative\u201d. Acest lucru s-a \u00eent\u00e2mplat de\u0219i, \u00een plin\u0103 campanie electoral\u0103, Daniel Florea \u00eei asigura pe p\u0103rin\u021bii din sectorul 5 c\u0103 33 de mii [&hellip;]<\/p>\n","protected":false},"author":6,"featured_media":11901,"comment_status":"closed","ping_status":"open","sticky":false,"template":"","format":"standard","meta":{"_acf_changed":false,"inline_featured_image":false,"ngg_post_thumbnail":0,"footnotes":""},"categories":[24,62],"tags":[234,221,1692,188,1573],"ppma_author":[22588],"class_list":["post-13446","post","type-post","status-publish","format-standard","has-post-thumbnail","hentry","category-primarie","category-stiri","tag-achizitii-publice","tag-daniel-florea","tag-licitatie-anulata","tag-sector-5","tag-tablete"],"acf":[],"yoast_head":"<!-- This site is optimized with the Yoast SEO Premium plugin v25.3 (Yoast SEO v27.4) - https:\/\/yoast.com\/product\/yoast-seo-premium-wordpress\/ -->\n<title>Licita\u021bia tabletelor de 10 milioane de EURO promise de Daniel Florea \u00een campania electoral\u0103, anulat\u0103 din cauza unor abateri grave - Buletin de Bucure\u0219ti<\/title>\n<meta name=\"robots\" content=\"index, follow, max-snippet:-1, max-image-preview:large, max-video-preview:-1\" \/>\n<link rel=\"canonical\" href=\"https:\/\/buletin.de\/bucuresti\/licitatia-tabletelor-de-10-milioane-de-euro-promise-de-daniel-florea-in-campania-electorala-anulata-din-cauza-unor-abateri-grave\/\" \/>\n<meta property=\"og:locale\" content=\"en_GB\" \/>\n<meta property=\"og:type\" content=\"article\" \/>\n<meta property=\"og:title\" content=\"Licita\u021bia tabletelor de 10 milioane de EURO promise de Daniel Florea \u00een campania electoral\u0103, anulat\u0103 din cauza unor abateri grave\" \/>\n<meta property=\"og:description\" content=\"La nici dou\u0103 s\u0103pt\u0103m\u00e2ni de la pierderea alegerilor locale, achizi\u021bia de tablete cu care se l\u0103uda fostul primar al sectorului 5 a fost anulat\u0103 din cauza unor \u201eabateri grave de la prevederile legislative\u201d. Acest lucru s-a \u00eent\u00e2mplat de\u0219i, \u00een plin\u0103 campanie electoral\u0103, Daniel Florea \u00eei asigura pe p\u0103rin\u021bii din sectorul 5 c\u0103 33 de mii [&hellip;]\" \/>\n<meta property=\"og:url\" content=\"https:\/\/buletin.de\/bucuresti\/licitatia-tabletelor-de-10-milioane-de-euro-promise-de-daniel-florea-in-campania-electorala-anulata-din-cauza-unor-abateri-grave\/\" \/>\n<meta property=\"og:site_name\" content=\"Buletin de Bucure\u0219ti\" \/>\n<meta property=\"article:publisher\" content=\"https:\/\/www.facebook.com\/buletin.de.buc\" \/>\n<meta property=\"article:published_time\" content=\"2020-10-07T13:40:24+00:00\" \/>\n<meta property=\"og:image\" content=\"https:\/\/buletin.de\/bucuresti\/wp-content\/uploads\/image-152.png\" \/>\n\t<meta property=\"og:image:width\" content=\"1516\" \/>\n\t<meta property=\"og:image:height\" content=\"845\" \/>\n\t<meta property=\"og:image:type\" content=\"image\/png\" \/>\n<meta name=\"author\" content=\"Bianca Albu\" \/>\n<meta name=\"twitter:card\" content=\"summary_large_image\" \/>\n<meta name=\"twitter:label1\" content=\"Written by\" \/>\n\t<meta name=\"twitter:data1\" content=\"Bianca Albu\" \/>\n\t<meta name=\"twitter:label2\" content=\"Estimated reading time\" \/>\n\t<meta name=\"twitter:data2\" content=\"1 minute\" \/>\n<script type=\"application\/ld+json\" class=\"yoast-schema-graph\">{\"@context\":\"https:\\\/\\\/schema.org\",\"@graph\":[{\"@type\":\"Article\",\"@id\":\"https:\\\/\\\/buletin.de\\\/bucuresti\\\/licitatia-tabletelor-de-10-milioane-de-euro-promise-de-daniel-florea-in-campania-electorala-anulata-din-cauza-unor-abateri-grave\\\/#article\",\"isPartOf\":{\"@id\":\"https:\\\/\\\/buletin.de\\\/bucuresti\\\/licitatia-tabletelor-de-10-milioane-de-euro-promise-de-daniel-florea-in-campania-electorala-anulata-din-cauza-unor-abateri-grave\\\/\"},\"author\":{\"name\":\"Bianca Albu\",\"@id\":\"https:\\\/\\\/buletin.de\\\/bucuresti\\\/#\\\/schema\\\/person\\\/295dc2228d2dc79294d636619468dc7f\"},\"headline\":\"Licita\u021bia tabletelor de 10 milioane de EURO promise de Daniel Florea \u00een campania electoral\u0103, anulat\u0103 din cauza unor abateri grave\",\"datePublished\":\"2020-10-07T13:40:24+00:00\",\"mainEntityOfPage\":{\"@id\":\"https:\\\/\\\/buletin.de\\\/bucuresti\\\/licitatia-tabletelor-de-10-milioane-de-euro-promise-de-daniel-florea-in-campania-electorala-anulata-din-cauza-unor-abateri-grave\\\/\"},\"wordCount\":249,\"publisher\":{\"@id\":\"https:\\\/\\\/buletin.de\\\/bucuresti\\\/#organization\"},\"image\":{\"@id\":\"https:\\\/\\\/buletin.de\\\/bucuresti\\\/licitatia-tabletelor-de-10-milioane-de-euro-promise-de-daniel-florea-in-campania-electorala-anulata-din-cauza-unor-abateri-grave\\\/#primaryimage\"},\"thumbnailUrl\":\"https:\\\/\\\/buletin.de\\\/bucuresti\\\/wp-content\\\/uploads\\\/image-152.png\",\"keywords\":[\"achizitii publice\",\"daniel florea\",\"licitatie anulata\",\"Sector 5\",\"tablete\"],\"articleSection\":[\"Prim\u0103rie\",\"\u0218tiri\"],\"inLanguage\":\"en-GB\",\"copyrightYear\":\"2020\",\"copyrightHolder\":{\"@id\":\"https:\\\/\\\/buletin.de\\\/bucuresti\\\/#organization\"}},{\"@type\":\"WebPage\",\"@id\":\"https:\\\/\\\/buletin.de\\\/bucuresti\\\/licitatia-tabletelor-de-10-milioane-de-euro-promise-de-daniel-florea-in-campania-electorala-anulata-din-cauza-unor-abateri-grave\\\/\",\"url\":\"https:\\\/\\\/buletin.de\\\/bucuresti\\\/licitatia-tabletelor-de-10-milioane-de-euro-promise-de-daniel-florea-in-campania-electorala-anulata-din-cauza-unor-abateri-grave\\\/\",\"name\":\"Licita\u021bia tabletelor de 10 milioane de EURO promise de Daniel Florea \u00een campania electoral\u0103, anulat\u0103 din cauza unor abateri grave - Buletin de Bucure\u0219ti\",\"isPartOf\":{\"@id\":\"https:\\\/\\\/buletin.de\\\/bucuresti\\\/#website\"},\"primaryImageOfPage\":{\"@id\":\"https:\\\/\\\/buletin.de\\\/bucuresti\\\/licitatia-tabletelor-de-10-milioane-de-euro-promise-de-daniel-florea-in-campania-electorala-anulata-din-cauza-unor-abateri-grave\\\/#primaryimage\"},\"image\":{\"@id\":\"https:\\\/\\\/buletin.de\\\/bucuresti\\\/licitatia-tabletelor-de-10-milioane-de-euro-promise-de-daniel-florea-in-campania-electorala-anulata-din-cauza-unor-abateri-grave\\\/#primaryimage\"},\"thumbnailUrl\":\"https:\\\/\\\/buletin.de\\\/bucuresti\\\/wp-content\\\/uploads\\\/image-152.png\",\"datePublished\":\"2020-10-07T13:40:24+00:00\",\"breadcrumb\":{\"@id\":\"https:\\\/\\\/buletin.de\\\/bucuresti\\\/licitatia-tabletelor-de-10-milioane-de-euro-promise-de-daniel-florea-in-campania-electorala-anulata-din-cauza-unor-abateri-grave\\\/#breadcrumb\"},\"inLanguage\":\"en-GB\",\"potentialAction\":[{\"@type\":\"ReadAction\",\"target\":[\"https:\\\/\\\/buletin.de\\\/bucuresti\\\/licitatia-tabletelor-de-10-milioane-de-euro-promise-de-daniel-florea-in-campania-electorala-anulata-din-cauza-unor-abateri-grave\\\/\"]}]},{\"@type\":\"ImageObject\",\"inLanguage\":\"en-GB\",\"@id\":\"https:\\\/\\\/buletin.de\\\/bucuresti\\\/licitatia-tabletelor-de-10-milioane-de-euro-promise-de-daniel-florea-in-campania-electorala-anulata-din-cauza-unor-abateri-grave\\\/#primaryimage\",\"url\":\"https:\\\/\\\/buletin.de\\\/bucuresti\\\/wp-content\\\/uploads\\\/image-152.png\",\"contentUrl\":\"https:\\\/\\\/buletin.de\\\/bucuresti\\\/wp-content\\\/uploads\\\/image-152.png\",\"width\":1516,\"height\":845},{\"@type\":\"BreadcrumbList\",\"@id\":\"https:\\\/\\\/buletin.de\\\/bucuresti\\\/licitatia-tabletelor-de-10-milioane-de-euro-promise-de-daniel-florea-in-campania-electorala-anulata-din-cauza-unor-abateri-grave\\\/#breadcrumb\",\"itemListElement\":[{\"@type\":\"ListItem\",\"position\":1,\"name\":\"Acas\u0103\",\"item\":\"https:\\\/\\\/buletin.de\\\/bucuresti\\\/\"},{\"@type\":\"ListItem\",\"position\":2,\"name\":\"Licita\u021bia tabletelor de 10 milioane de EURO promise de Daniel Florea \u00een campania electoral\u0103, anulat\u0103 din cauza unor abateri grave\"}]},{\"@type\":\"WebSite\",\"@id\":\"https:\\\/\\\/buletin.de\\\/bucuresti\\\/#website\",\"url\":\"https:\\\/\\\/buletin.de\\\/bucuresti\\\/\",\"name\":\"Buletin de Bucure\u0219ti\",\"description\":\"\u0218tiri \u0219i investiga\u021bii esen\u021biale din capital\u0103\",\"publisher\":{\"@id\":\"https:\\\/\\\/buletin.de\\\/bucuresti\\\/#organization\"},\"potentialAction\":[{\"@type\":\"SearchAction\",\"target\":{\"@type\":\"EntryPoint\",\"urlTemplate\":\"https:\\\/\\\/buletin.de\\\/bucuresti\\\/?s={search_term_string}\"},\"query-input\":{\"@type\":\"PropertyValueSpecification\",\"valueRequired\":true,\"valueName\":\"search_term_string\"}}],\"inLanguage\":\"en-GB\"},{\"@type\":\"Organization\",\"@id\":\"https:\\\/\\\/buletin.de\\\/bucuresti\\\/#organization\",\"name\":\"Buletin de Bucure\u0219ti\",\"url\":\"https:\\\/\\\/buletin.de\\\/bucuresti\\\/\",\"logo\":{\"@type\":\"ImageObject\",\"inLanguage\":\"en-GB\",\"@id\":\"https:\\\/\\\/buletin.de\\\/bucuresti\\\/#\\\/schema\\\/logo\\\/image\\\/\",\"url\":\"https:\\\/\\\/buletin.de\\\/bucuresti\\\/wp-content\\\/uploads\\\/logo-bdb-full-wide-vernil-transparent.png\",\"contentUrl\":\"https:\\\/\\\/buletin.de\\\/bucuresti\\\/wp-content\\\/uploads\\\/logo-bdb-full-wide-vernil-transparent.png\",\"width\":1782,\"height\":626,\"caption\":\"Buletin de Bucure\u0219ti\"},\"image\":{\"@id\":\"https:\\\/\\\/buletin.de\\\/bucuresti\\\/#\\\/schema\\\/logo\\\/image\\\/\"},\"sameAs\":[\"https:\\\/\\\/www.facebook.com\\\/buletin.de.buc\",\"https:\\\/\\\/www.instagram.com\\\/buletinde.bucuresti\\\/\"]},{\"@type\":\"Person\",\"@id\":\"https:\\\/\\\/buletin.de\\\/bucuresti\\\/#\\\/schema\\\/person\\\/295dc2228d2dc79294d636619468dc7f\",\"name\":\"Bianca Albu\",\"image\":{\"@type\":\"ImageObject\",\"inLanguage\":\"en-GB\",\"@id\":\"https:\\\/\\\/secure.gravatar.com\\\/avatar\\\/3df2e34e20f529e6fd7be4311ee1f7c4ec4aa886971590baf6fa214b15743516?s=96&d=monsterid&r=gf541c715eeec409ce8101252a3c0d8a7\",\"url\":\"https:\\\/\\\/secure.gravatar.com\\\/avatar\\\/3df2e34e20f529e6fd7be4311ee1f7c4ec4aa886971590baf6fa214b15743516?s=96&d=monsterid&r=g\",\"contentUrl\":\"https:\\\/\\\/secure.gravatar.com\\\/avatar\\\/3df2e34e20f529e6fd7be4311ee1f7c4ec4aa886971590baf6fa214b15743516?s=96&d=monsterid&r=g\",\"caption\":\"Bianca Albu\"},\"description\":\"Reporter\",\"url\":\"https:\\\/\\\/buletin.de\\\/bucuresti\\\/author\\\/biancaalbu\\\/\"}]}<\/script>\n<!-- \/ Yoast SEO Premium plugin. -->","yoast_head_json":{"title":"Licita\u021bia tabletelor de 10 milioane de EURO promise de Daniel Florea \u00een campania electoral\u0103, anulat\u0103 din cauza unor abateri grave - Buletin de Bucure\u0219ti","robots":{"index":"index","follow":"follow","max-snippet":"max-snippet:-1","max-image-preview":"max-image-preview:large","max-video-preview":"max-video-preview:-1"},"canonical":"https:\/\/buletin.de\/bucuresti\/licitatia-tabletelor-de-10-milioane-de-euro-promise-de-daniel-florea-in-campania-electorala-anulata-din-cauza-unor-abateri-grave\/","og_locale":"en_GB","og_type":"article","og_title":"Licita\u021bia tabletelor de 10 milioane de EURO promise de Daniel Florea \u00een campania electoral\u0103, anulat\u0103 din cauza unor abateri grave","og_description":"La nici dou\u0103 s\u0103pt\u0103m\u00e2ni de la pierderea alegerilor locale, achizi\u021bia de tablete cu care se l\u0103uda fostul primar al sectorului 5 a fost anulat\u0103 din cauza unor \u201eabateri grave de la prevederile legislative\u201d. Acest lucru s-a \u00eent\u00e2mplat de\u0219i, \u00een plin\u0103 campanie electoral\u0103, Daniel Florea \u00eei asigura pe p\u0103rin\u021bii din sectorul 5 c\u0103 33 de mii [&hellip;]","og_url":"https:\/\/buletin.de\/bucuresti\/licitatia-tabletelor-de-10-milioane-de-euro-promise-de-daniel-florea-in-campania-electorala-anulata-din-cauza-unor-abateri-grave\/","og_site_name":"Buletin de Bucure\u0219ti","article_publisher":"https:\/\/www.facebook.com\/buletin.de.buc","article_published_time":"2020-10-07T13:40:24+00:00","og_image":[{"width":1516,"height":845,"url":"https:\/\/buletin.de\/bucuresti\/wp-content\/uploads\/image-152.png","type":"image\/png"}],"author":"Bianca Albu","twitter_card":"summary_large_image","twitter_misc":{"Written by":"Bianca Albu","Estimated reading time":"1 minute"},"schema":{"@context":"https:\/\/schema.org","@graph":[{"@type":"Article","@id":"https:\/\/buletin.de\/bucuresti\/licitatia-tabletelor-de-10-milioane-de-euro-promise-de-daniel-florea-in-campania-electorala-anulata-din-cauza-unor-abateri-grave\/#article","isPartOf":{"@id":"https:\/\/buletin.de\/bucuresti\/licitatia-tabletelor-de-10-milioane-de-euro-promise-de-daniel-florea-in-campania-electorala-anulata-din-cauza-unor-abateri-grave\/"},"author":{"name":"Bianca Albu","@id":"https:\/\/buletin.de\/bucuresti\/#\/schema\/person\/295dc2228d2dc79294d636619468dc7f"},"headline":"Licita\u021bia tabletelor de 10 milioane de EURO promise de Daniel Florea \u00een campania electoral\u0103, anulat\u0103 din cauza unor abateri grave","datePublished":"2020-10-07T13:40:24+00:00","mainEntityOfPage":{"@id":"https:\/\/buletin.de\/bucuresti\/licitatia-tabletelor-de-10-milioane-de-euro-promise-de-daniel-florea-in-campania-electorala-anulata-din-cauza-unor-abateri-grave\/"},"wordCount":249,"publisher":{"@id":"https:\/\/buletin.de\/bucuresti\/#organization"},"image":{"@id":"https:\/\/buletin.de\/bucuresti\/licitatia-tabletelor-de-10-milioane-de-euro-promise-de-daniel-florea-in-campania-electorala-anulata-din-cauza-unor-abateri-grave\/#primaryimage"},"thumbnailUrl":"https:\/\/buletin.de\/bucuresti\/wp-content\/uploads\/image-152.png","keywords":["achizitii publice","daniel florea","licitatie anulata","Sector 5","tablete"],"articleSection":["Prim\u0103rie","\u0218tiri"],"inLanguage":"en-GB","copyrightYear":"2020","copyrightHolder":{"@id":"https:\/\/buletin.de\/bucuresti\/#organization"}},{"@type":"WebPage","@id":"https:\/\/buletin.de\/bucuresti\/licitatia-tabletelor-de-10-milioane-de-euro-promise-de-daniel-florea-in-campania-electorala-anulata-din-cauza-unor-abateri-grave\/","url":"https:\/\/buletin.de\/bucuresti\/licitatia-tabletelor-de-10-milioane-de-euro-promise-de-daniel-florea-in-campania-electorala-anulata-din-cauza-unor-abateri-grave\/","name":"Licita\u021bia tabletelor de 10 milioane de EURO promise de Daniel Florea \u00een campania electoral\u0103, anulat\u0103 din cauza unor abateri grave - Buletin de Bucure\u0219ti","isPartOf":{"@id":"https:\/\/buletin.de\/bucuresti\/#website"},"primaryImageOfPage":{"@id":"https:\/\/buletin.de\/bucuresti\/licitatia-tabletelor-de-10-milioane-de-euro-promise-de-daniel-florea-in-campania-electorala-anulata-din-cauza-unor-abateri-grave\/#primaryimage"},"image":{"@id":"https:\/\/buletin.de\/bucuresti\/licitatia-tabletelor-de-10-milioane-de-euro-promise-de-daniel-florea-in-campania-electorala-anulata-din-cauza-unor-abateri-grave\/#primaryimage"},"thumbnailUrl":"https:\/\/buletin.de\/bucuresti\/wp-content\/uploads\/image-152.png","datePublished":"2020-10-07T13:40:24+00:00","breadcrumb":{"@id":"https:\/\/buletin.de\/bucuresti\/licitatia-tabletelor-de-10-milioane-de-euro-promise-de-daniel-florea-in-campania-electorala-anulata-din-cauza-unor-abateri-grave\/#breadcrumb"},"inLanguage":"en-GB","potentialAction":[{"@type":"ReadAction","target":["https:\/\/buletin.de\/bucuresti\/licitatia-tabletelor-de-10-milioane-de-euro-promise-de-daniel-florea-in-campania-electorala-anulata-din-cauza-unor-abateri-grave\/"]}]},{"@type":"ImageObject","inLanguage":"en-GB","@id":"https:\/\/buletin.de\/bucuresti\/licitatia-tabletelor-de-10-milioane-de-euro-promise-de-daniel-florea-in-campania-electorala-anulata-din-cauza-unor-abateri-grave\/#primaryimage","url":"https:\/\/buletin.de\/bucuresti\/wp-content\/uploads\/image-152.png","contentUrl":"https:\/\/buletin.de\/bucuresti\/wp-content\/uploads\/image-152.png","width":1516,"height":845},{"@type":"BreadcrumbList","@id":"https:\/\/buletin.de\/bucuresti\/licitatia-tabletelor-de-10-milioane-de-euro-promise-de-daniel-florea-in-campania-electorala-anulata-din-cauza-unor-abateri-grave\/#breadcrumb","itemListElement":[{"@type":"ListItem","position":1,"name":"Acas\u0103","item":"https:\/\/buletin.de\/bucuresti\/"},{"@type":"ListItem","position":2,"name":"Licita\u021bia tabletelor de 10 milioane de EURO promise de Daniel Florea \u00een campania electoral\u0103, anulat\u0103 din cauza unor abateri grave"}]},{"@type":"WebSite","@id":"https:\/\/buletin.de\/bucuresti\/#website","url":"https:\/\/buletin.de\/bucuresti\/","name":"Buletin de Bucure\u0219ti","description":"\u0218tiri \u0219i investiga\u021bii esen\u021biale din capital\u0103","publisher":{"@id":"https:\/\/buletin.de\/bucuresti\/#organization"},"potentialAction":[{"@type":"SearchAction","target":{"@type":"EntryPoint","urlTemplate":"https:\/\/buletin.de\/bucuresti\/?s={search_term_string}"},"query-input":{"@type":"PropertyValueSpecification","valueRequired":true,"valueName":"search_term_string"}}],"inLanguage":"en-GB"},{"@type":"Organization","@id":"https:\/\/buletin.de\/bucuresti\/#organization","name":"Buletin de Bucure\u0219ti","url":"https:\/\/buletin.de\/bucuresti\/","logo":{"@type":"ImageObject","inLanguage":"en-GB","@id":"https:\/\/buletin.de\/bucuresti\/#\/schema\/logo\/image\/","url":"https:\/\/buletin.de\/bucuresti\/wp-content\/uploads\/logo-bdb-full-wide-vernil-transparent.png","contentUrl":"https:\/\/buletin.de\/bucuresti\/wp-content\/uploads\/logo-bdb-full-wide-vernil-transparent.png","width":1782,"height":626,"caption":"Buletin de Bucure\u0219ti"},"image":{"@id":"https:\/\/buletin.de\/bucuresti\/#\/schema\/logo\/image\/"},"sameAs":["https:\/\/www.facebook.com\/buletin.de.buc","https:\/\/www.instagram.com\/buletinde.bucuresti\/"]},{"@type":"Person","@id":"https:\/\/buletin.de\/bucuresti\/#\/schema\/person\/295dc2228d2dc79294d636619468dc7f","name":"Bianca Albu","image":{"@type":"ImageObject","inLanguage":"en-GB","@id":"https:\/\/secure.gravatar.com\/avatar\/3df2e34e20f529e6fd7be4311ee1f7c4ec4aa886971590baf6fa214b15743516?s=96&d=monsterid&r=gf541c715eeec409ce8101252a3c0d8a7","url":"https:\/\/secure.gravatar.com\/avatar\/3df2e34e20f529e6fd7be4311ee1f7c4ec4aa886971590baf6fa214b15743516?s=96&d=monsterid&r=g","contentUrl":"https:\/\/secure.gravatar.com\/avatar\/3df2e34e20f529e6fd7be4311ee1f7c4ec4aa886971590baf6fa214b15743516?s=96&d=monsterid&r=g","caption":"Bianca Albu"},"description":"Reporter","url":"https:\/\/buletin.de\/bucuresti\/author\/biancaalbu\/"}]}},"authors":[{"term_id":22588,"user_id":6,"is_guest":0,"slug":"biancaalbu","display_name":"Bianca Albu","avatar_url":"https:\/\/secure.gravatar.com\/avatar\/3df2e34e20f529e6fd7be4311ee1f7c4ec4aa886971590baf6fa214b15743516?s=96&d=monsterid&r=g","0":null,"1":"","2":"","3":"","4":"","5":"","6":"","7":"","8":""}],"_links":{"self":[{"href":"https:\/\/buletin.de\/bucuresti\/wp-json\/wp\/v2\/posts\/13446","targetHints":{"allow":["GET"]}}],"collection":[{"href":"https:\/\/buletin.de\/bucuresti\/wp-json\/wp\/v2\/posts"}],"about":[{"href":"https:\/\/buletin.de\/bucuresti\/wp-json\/wp\/v2\/types\/post"}],"author":[{"embeddable":true,"href":"https:\/\/buletin.de\/bucuresti\/wp-json\/wp\/v2\/users\/6"}],"replies":[{"embeddable":true,"href":"https:\/\/buletin.de\/bucuresti\/wp-json\/wp\/v2\/comments?post=13446"}],"version-history":[{"count":2,"href":"https:\/\/buletin.de\/bucuresti\/wp-json\/wp\/v2\/posts\/13446\/revisions"}],"predecessor-version":[{"id":13449,"href":"https:\/\/buletin.de\/bucuresti\/wp-json\/wp\/v2\/posts\/13446\/revisions\/13449"}],"wp:featuredmedia":[{"embeddable":true,"href":"https:\/\/buletin.de\/bucuresti\/wp-json\/wp\/v2\/media\/11901"}],"wp:attachment":[{"href":"https:\/\/buletin.de\/bucuresti\/wp-json\/wp\/v2\/media?parent=13446"}],"wp:term":[{"taxonomy":"category","embeddable":true,"href":"https:\/\/buletin.de\/bucuresti\/wp-json\/wp\/v2\/categories?post=13446"},{"taxonomy":"post_tag","embeddable":true,"href":"https:\/\/buletin.de\/bucuresti\/wp-json\/wp\/v2\/tags?post=13446"},{"taxonomy":"author","embeddable":true,"href":"https:\/\/buletin.de\/bucuresti\/wp-json\/wp\/v2\/ppma_author?post=13446"}],"curies":[{"name":"wp","href":"https:\/\/api.w.org\/{rel}","templated":true}]}}