{"id":134310,"date":"2025-06-09T15:47:36","date_gmt":"2025-06-09T12:47:36","guid":{"rendered":"https:\/\/buletin.de\/bucuresti\/?p=134310"},"modified":"2025-06-10T06:18:50","modified_gmt":"2025-06-10T03:18:50","slug":"a-fost-emis-un-mesaj-ro-alert-in-bucuresti","status":"publish","type":"post","link":"https:\/\/buletin.de\/bucuresti\/a-fost-emis-un-mesaj-ro-alert-in-bucuresti\/","title":{"rendered":"METEO | Codul galben de c\u0103ldur\u0103 s-a transformat \u00een cod portocaliu de furtun\u0103. A fost emis un mesaj Ro-Alert \u00een Bucure\u0219ti"},"content":{"rendered":"\n<p><strong>Cod galben de c\u0103ldur\u0103, anun\u021bat diminea\u021b\u0103 de meteorologi pentru ziua de luni, s-a transformat \u00een cod portocaliu de furtun\u0103, p\u00e2n\u0103 la ora 16:20. A fost emis \u0219i un mesaj Ro-Alert \u00een Bucure\u0219ti.<\/strong><\/p>\n\n\n\n<p><strong>Meteorologii avertizeaz\u0103 c\u0103 vor fi v\u00e2nt puternic, vijelie, desc\u0103rc\u0103ri electrice \u0219i averse toren\u021biale. <\/strong><\/p>\n\n\n\n<iframe src=\"https:\/\/www.facebook.com\/plugins\/video.php?height=314&#038;href=https%3A%2F%2Fwww.facebook.com%2F61550985281085%2Fvideos%2F4094921060824409%2F&#038;show_text=false&#038;width=560&#038;t=0\" width=\"560\" height=\"314\" style=\"border:none;overflow:hidden\" scrolling=\"no\" frameborder=\"0\" allowfullscreen=\"true\" allow=\"autoplay; clipboard-write; encrypted-media; picture-in-picture; web-share\" allowFullScreen=\"true\"><\/iframe>\n\n\n\n<h2 class=\"wp-block-heading\" id=\"h-autorita\u021bile-recomanda-urmatoarele-masuri-preventive\">Autorit\u0103\u021bile recomand\u0103 urm\u0103toarele m\u0103suri preventive<\/h2>\n\n\n\n<ul class=\"wp-block-list\">\n<li>evita\u021bi ad\u0103postirea sau trecerea prin apropierea copacilor, st\u00e2lpilor, panourilor publicitare, construc\u0163iilor cu elemente de arhitectur\u0103 ce pot fi u\u015for dislocate, precum \u015fi a imobilelor aflate \u00een construc\u0163ie;<\/li>\n\n\n\n<li>sista\u021bi activit\u0103\u0163ile desf\u0103\u015furate \u00een teren deschis sau la \u00een\u0103l\u0163ime;<\/li>\n\n\n\n<li>\u00eenchide\u021bi ferestrele locuin\u0163elor \u015fi altor categorii de construc\u0163ii;<\/li>\n\n\n\n<li>nu atinge\u021bi st\u00e2lpii sau conductoarele de electricitate c\u0103zute la p\u0103m\u00e2nt.<\/li>\n<\/ul>\n\n\n\n<p><strong>CITE\u0218TE \u0218I: <a href=\"https:\/\/buletin.de\/bucuresti\/video-un-copac-urias-a-cazut-dupa-o-furtuna-scurta-in-bucuresti\/\" target=\"_blank\" rel=\"noreferrer noopener\">VIDEO | Un copac uria\u0219 a c\u0103zut, dup\u0103 o furtun\u0103 puternic\u0103 \u00een Bucure\u0219ti<\/a><\/strong><\/p>\n\n\n\n<h2 class=\"wp-block-heading\" id=\"h-mesaj-ro-alert-in-bucure\u0219ti-dupa-ce-cod-galben-de-caldura-s-a-transformat-in-cod-portocaliu-de-furtuna\"><strong>Mesaj Ro-Alert \u00een Bucure\u0219ti<\/strong>, dup\u0103 ce cod galben de c\u0103ldur\u0103 s-a transformat \u00een cod portocaliu de furtun\u0103<\/h2>\n\n\n\n<p><strong>Ini\u021bial, luni diminea\u021b\u0103, meteorologii au precizat c\u0103 Bucure\u0219tiul este sub cod galben de canicul\u0103 p\u00e2n\u0103 luni seara, la ora 23:00. Maxima termic\u0103 ajunge la 31 de grade \u0219i sunt posible ploi \u0219i vijelii, \u00een cea de-a doua parte a zilei.<\/strong><\/p>\n\n\n\n<figure class=\"wp-block-image size-full\"><img fetchpriority=\"high\" decoding=\"async\" width=\"680\" height=\"908\" src=\"data:image\/gif;base64,R0lGODlhAQABAAAAACH5BAEKAAEALAAAAAABAAEAAAICTAEAOw==\" data-src=\"https:\/\/buletin.de\/bucuresti\/wp-content\/uploads\/2025\/06\/mesaj-Ro-Alert-in-Bucuresti.jpg\" alt=\"Mesaj Ro-Alert \u00een Bucure\u0219ti.\" class=\"wp-image-134323 lazyload\" data-sizes=\"auto\" data-srcset=\"https:\/\/buletin.de\/bucuresti\/wp-content\/uploads\/2025\/06\/mesaj-Ro-Alert-in-Bucuresti.jpg 680w, https:\/\/buletin.de\/bucuresti\/wp-content\/uploads\/2025\/06\/mesaj-Ro-Alert-in-Bucuresti-225x300.jpg 225w, https:\/\/buletin.de\/bucuresti\/wp-content\/uploads\/2025\/06\/mesaj-Ro-Alert-in-Bucuresti-600x801.jpg 600w, https:\/\/buletin.de\/bucuresti\/wp-content\/uploads\/2025\/06\/mesaj-Ro-Alert-in-Bucuresti-20x27.jpg 20w\" sizes=\"(max-width: 680px) 100vw, 680px\" \/><figcaption class=\"wp-element-caption\">Mesaj Ro-Alert \u00een Bucure\u0219ti, pe 9 iunie<\/figcaption><\/figure>\n\n\n\n<p>Meteorlogii avertizeaz\u0103, de asemenea, c\u0103 \u0219i discomfortul termic va fi ridicat.<\/p>\n\n\n\n<p><strong>Mar\u021bi, 10 iunie,&nbsp;<\/strong>valorile termice vor sc\u0103dea fa\u021b\u0103 de zilele precedente \u0219i se vor situa \u00een jurul normelor climatologice specifice acestei date. Cerul va fi temporar noros, iar ploi de scurt\u0103 durat\u0103 vor fi posibile \u00eendeosebi diminea\u021ba \u0219i noaptea. V\u00e2ntul va sufla slab \u0219i moderat, temporar cu unele intensific\u0103ri pe parcursul zilei. Temperatura maxim\u0103 va fi de 27\u202628 de grade, iar cea minim\u0103 de 15\u202617 grade.<\/p>\n\n\n\n<p><strong>Miercuri, 11 iunie,<\/strong>&nbsp;vremea va fi \u00een general frumoas\u0103 \u0219i normal\u0103 din punct de vedere termic. Cerul va fi variabil, cu unele \u00eennor\u0103ri dup\u0103-amiaza \u0219i seara, c\u00e2nd vor fi condi\u021bii pentru averse slabe. V\u00e2ntul va sufla slab p\u00e2n\u0103 la moderat. Temperatura maxim\u0103 va fi de 28\u202629 de grade, iar cea minim\u0103 de 16\u202617 grade.<\/p>\n\n\n\n<p><strong>Joi, 12 iunie,&nbsp;<\/strong>valorile termice r\u0103m\u00e2n ridicate, dar vor fi apropiate de mediile multianuale, specifice acestei perioade. Trec\u0103tor, \u00een timpul dup\u0103-amiezelor vor fi posibile averse \u0219i desc\u0103rc\u0103ri electrice. Temperatura maxim\u0103 va fi de 29 de grade, iar cea minim\u0103 se opre\u0219te la 17 grade,&nbsp;<a href=\"https:\/\/www.meteoromania.ro\/\">potrivit ANM.<\/a><\/p>\n\n\n\n<p><strong>CITE\u0218TE \u0218I: <a href=\"https:\/\/buletin.de\/bucuresti\/circulatie-tramvaielor-blocata-pe-mai-multe-linii-din-cauza-vijeliei-din-bucuresti\/\" target=\"_blank\" rel=\"noreferrer noopener\">Circula\u021bia tramvaielor blocat\u0103 pe mai multe linii, din cauza vijeliei din Bucure\u0219ti<\/a><\/strong><\/p>\n\n\n\n<h2 class=\"wp-block-heading\" id=\"h-cod-galben-de-canicula-pana-luni-seara-\u0219i-in-\u021bara\">Cod galben de canicul\u0103 p\u00e2n\u0103 luni seara \u0219i \u00een \u021bar\u0103<\/h2>\n\n\n\n<p>\u00cen estul Olteniei, cea mai mare parte a Munteniei \u015fi \u00een jum\u0103tatea sudic\u00e3 a Moldovei vor fi perioade cu instabilitate atmosferic\u00e3 accentuat\u00e3 ce se va manifesta prin averse toren\u0163iale, desc\u00e3rc\u00e3ri electrice, intensific\u00e3ri ale v\u00e2ntului, vijelii (rafale \u00een general de 50\u202670 km\/h) \u015fi grindin\u00e3. \u00cen intervale scurte de timp sau prin acumulare cantit\u00e3\u0163ile de ap\u00e3 vor fi de 20\u202630 l\/mp \u015fi izolat de peste 40 l\/mp.<\/p>\n\n\n\n<p>Astfel de manifest\u00e3ri vor fi, pe arii restr\u00e2nse, \u015fi \u00een restul Munteniei, Olteniei \u015fi Moldovei, precum \u015fi \u00een sud-estul Transilvaniei \u015fi nordul Dobrogei.<\/p>\n","protected":false},"excerpt":{"rendered":"<p>Cod galben de c\u0103ldur\u0103, anun\u021bat diminea\u021b\u0103 de meteorologi pentru ziua de luni, s-a transformat \u00een cod portocaliu de furtun\u0103, p\u00e2n\u0103 la ora 16:20. A fost emis \u0219i un mesaj Ro-Alert \u00een Bucure\u0219ti. Meteorologii avertizeaz\u0103 c\u0103 vor fi v\u00e2nt puternic, vijelie, desc\u0103rc\u0103ri electrice \u0219i averse toren\u021biale. Autorit\u0103\u021bile recomand\u0103 urm\u0103toarele m\u0103suri preventive CITE\u0218TE \u0218I: VIDEO | Un [&hellip;]<\/p>\n","protected":false},"author":49,"featured_media":134337,"comment_status":"closed","ping_status":"open","sticky":false,"template":"","format":"standard","meta":{"_acf_changed":false,"inline_featured_image":false,"ngg_post_thumbnail":0,"footnotes":""},"categories":[6994,9026],"tags":[4314,5928,2927],"ppma_author":[22574],"class_list":["post-134310","post","type-post","status-publish","format-standard","has-post-thumbnail","hentry","category-stiri-2","category-eveniment","tag-anm","tag-anm-prognoza-meteo","tag-cod-portocaliu"],"acf":[],"yoast_head":"<!-- This site is optimized with the Yoast SEO Premium plugin v25.3 (Yoast SEO v27.4) - https:\/\/yoast.com\/product\/yoast-seo-premium-wordpress\/ -->\n<title>METEO | Codul galben de c\u0103ldur\u0103 s-a transformat \u00een cod portocaliu de furtun\u0103. A fost emis un mesaj Ro-Alert \u00een Bucure\u0219ti - Buletin de Bucure\u0219ti<\/title>\n<meta name=\"description\" content=\"Cod galben de c\u0103ldur\u0103, anun\u021bat diminea\u021b\u0103 de meteorologi pentru luni, s-a transformat \u00een cod portocaliu de furtun\u0103. Ro-Alert \u00een Bucure\u0219ti\" \/>\n<meta name=\"robots\" content=\"index, follow, max-snippet:-1, max-image-preview:large, max-video-preview:-1\" \/>\n<link rel=\"canonical\" href=\"https:\/\/buletin.de\/bucuresti\/a-fost-emis-un-mesaj-ro-alert-in-bucuresti\/\" \/>\n<meta property=\"og:locale\" content=\"en_GB\" \/>\n<meta property=\"og:type\" content=\"article\" \/>\n<meta property=\"og:title\" content=\"METEO | Codul galben de c\u0103ldur\u0103 s-a transformat \u00een cod portocaliu de furtun\u0103. A fost emis un mesaj Ro-Alert \u00een Bucure\u0219ti\" \/>\n<meta property=\"og:description\" content=\"Cod galben de c\u0103ldur\u0103, anun\u021bat diminea\u021b\u0103 de meteorologi pentru luni, s-a transformat \u00een cod portocaliu de furtun\u0103. Ro-Alert \u00een Bucure\u0219ti\" \/>\n<meta property=\"og:url\" content=\"https:\/\/buletin.de\/bucuresti\/a-fost-emis-un-mesaj-ro-alert-in-bucuresti\/\" \/>\n<meta property=\"og:site_name\" content=\"Buletin de Bucure\u0219ti\" \/>\n<meta property=\"article:publisher\" content=\"https:\/\/www.facebook.com\/buletin.de.buc\" \/>\n<meta property=\"article:published_time\" content=\"2025-06-09T12:47:36+00:00\" \/>\n<meta property=\"article:modified_time\" content=\"2025-06-10T03:18:50+00:00\" \/>\n<meta property=\"og:image\" content=\"https:\/\/buletin.de\/bucuresti\/wp-content\/uploads\/2025\/06\/mesaj-Ro-Alert-in-Bucuresti1.png\" \/>\n\t<meta property=\"og:image:width\" content=\"2152\" \/>\n\t<meta property=\"og:image:height\" content=\"1190\" \/>\n\t<meta property=\"og:image:type\" content=\"image\/png\" \/>\n<meta name=\"author\" content=\"Diana Matei\" \/>\n<meta name=\"twitter:card\" content=\"summary_large_image\" \/>\n<meta name=\"twitter:label1\" content=\"Written by\" \/>\n\t<meta name=\"twitter:data1\" content=\"Diana Matei\" \/>\n\t<meta name=\"twitter:label2\" content=\"Estimated reading time\" \/>\n\t<meta name=\"twitter:data2\" content=\"3 minutes\" \/>\n<script type=\"application\/ld+json\" class=\"yoast-schema-graph\">{\"@context\":\"https:\\\/\\\/schema.org\",\"@graph\":[{\"@type\":\"Article\",\"@id\":\"https:\\\/\\\/buletin.de\\\/bucuresti\\\/a-fost-emis-un-mesaj-ro-alert-in-bucuresti\\\/#article\",\"isPartOf\":{\"@id\":\"https:\\\/\\\/buletin.de\\\/bucuresti\\\/a-fost-emis-un-mesaj-ro-alert-in-bucuresti\\\/\"},\"author\":{\"name\":\"Diana Matei\",\"@id\":\"https:\\\/\\\/buletin.de\\\/bucuresti\\\/#\\\/schema\\\/person\\\/7e46040573290777280a0835d81ea4ea\"},\"headline\":\"METEO | Codul galben de c\u0103ldur\u0103 s-a transformat \u00een cod portocaliu de furtun\u0103. A fost emis un mesaj Ro-Alert \u00een Bucure\u0219ti\",\"datePublished\":\"2025-06-09T12:47:36+00:00\",\"dateModified\":\"2025-06-10T03:18:50+00:00\",\"mainEntityOfPage\":{\"@id\":\"https:\\\/\\\/buletin.de\\\/bucuresti\\\/a-fost-emis-un-mesaj-ro-alert-in-bucuresti\\\/\"},\"wordCount\":554,\"publisher\":{\"@id\":\"https:\\\/\\\/buletin.de\\\/bucuresti\\\/#organization\"},\"image\":{\"@id\":\"https:\\\/\\\/buletin.de\\\/bucuresti\\\/a-fost-emis-un-mesaj-ro-alert-in-bucuresti\\\/#primaryimage\"},\"thumbnailUrl\":\"https:\\\/\\\/buletin.de\\\/bucuresti\\\/wp-content\\\/uploads\\\/2025\\\/06\\\/mesaj-Ro-Alert-in-Bucuresti1.png\",\"keywords\":[\"anm\",\"anm prognoza meteo\",\"cod portocaliu\"],\"articleSection\":[\"Articole\",\"Eveniment\"],\"inLanguage\":\"en-GB\",\"copyrightYear\":\"2025\",\"copyrightHolder\":{\"@id\":\"https:\\\/\\\/buletin.de\\\/bucuresti\\\/#organization\"}},{\"@type\":\"WebPage\",\"@id\":\"https:\\\/\\\/buletin.de\\\/bucuresti\\\/a-fost-emis-un-mesaj-ro-alert-in-bucuresti\\\/\",\"url\":\"https:\\\/\\\/buletin.de\\\/bucuresti\\\/a-fost-emis-un-mesaj-ro-alert-in-bucuresti\\\/\",\"name\":\"METEO | Codul galben de c\u0103ldur\u0103 s-a transformat \u00een cod portocaliu de furtun\u0103. A fost emis un mesaj Ro-Alert \u00een Bucure\u0219ti - Buletin de Bucure\u0219ti\",\"isPartOf\":{\"@id\":\"https:\\\/\\\/buletin.de\\\/bucuresti\\\/#website\"},\"primaryImageOfPage\":{\"@id\":\"https:\\\/\\\/buletin.de\\\/bucuresti\\\/a-fost-emis-un-mesaj-ro-alert-in-bucuresti\\\/#primaryimage\"},\"image\":{\"@id\":\"https:\\\/\\\/buletin.de\\\/bucuresti\\\/a-fost-emis-un-mesaj-ro-alert-in-bucuresti\\\/#primaryimage\"},\"thumbnailUrl\":\"https:\\\/\\\/buletin.de\\\/bucuresti\\\/wp-content\\\/uploads\\\/2025\\\/06\\\/mesaj-Ro-Alert-in-Bucuresti1.png\",\"datePublished\":\"2025-06-09T12:47:36+00:00\",\"dateModified\":\"2025-06-10T03:18:50+00:00\",\"description\":\"Cod galben de c\u0103ldur\u0103, anun\u021bat diminea\u021b\u0103 de meteorologi pentru luni, s-a transformat \u00een cod portocaliu de furtun\u0103. Ro-Alert \u00een Bucure\u0219ti\",\"breadcrumb\":{\"@id\":\"https:\\\/\\\/buletin.de\\\/bucuresti\\\/a-fost-emis-un-mesaj-ro-alert-in-bucuresti\\\/#breadcrumb\"},\"inLanguage\":\"en-GB\",\"potentialAction\":[{\"@type\":\"ReadAction\",\"target\":[\"https:\\\/\\\/buletin.de\\\/bucuresti\\\/a-fost-emis-un-mesaj-ro-alert-in-bucuresti\\\/\"]}]},{\"@type\":\"ImageObject\",\"inLanguage\":\"en-GB\",\"@id\":\"https:\\\/\\\/buletin.de\\\/bucuresti\\\/a-fost-emis-un-mesaj-ro-alert-in-bucuresti\\\/#primaryimage\",\"url\":\"https:\\\/\\\/buletin.de\\\/bucuresti\\\/wp-content\\\/uploads\\\/2025\\\/06\\\/mesaj-Ro-Alert-in-Bucuresti1.png\",\"contentUrl\":\"https:\\\/\\\/buletin.de\\\/bucuresti\\\/wp-content\\\/uploads\\\/2025\\\/06\\\/mesaj-Ro-Alert-in-Bucuresti1.png\",\"width\":2152,\"height\":1190,\"caption\":\"Un mesaj Ro-Alert \u00een Bucure\u0219ti a fost emis \u00een Bucure\u0219ti pe 9 iunie\"},{\"@type\":\"BreadcrumbList\",\"@id\":\"https:\\\/\\\/buletin.de\\\/bucuresti\\\/a-fost-emis-un-mesaj-ro-alert-in-bucuresti\\\/#breadcrumb\",\"itemListElement\":[{\"@type\":\"ListItem\",\"position\":1,\"name\":\"Acas\u0103\",\"item\":\"https:\\\/\\\/buletin.de\\\/bucuresti\\\/\"},{\"@type\":\"ListItem\",\"position\":2,\"name\":\"METEO | Codul galben de c\u0103ldur\u0103 s-a transformat \u00een cod portocaliu de furtun\u0103. A fost emis un mesaj Ro-Alert \u00een Bucure\u0219ti\"}]},{\"@type\":\"WebSite\",\"@id\":\"https:\\\/\\\/buletin.de\\\/bucuresti\\\/#website\",\"url\":\"https:\\\/\\\/buletin.de\\\/bucuresti\\\/\",\"name\":\"Buletin de Bucure\u0219ti\",\"description\":\"\u0218tiri \u0219i investiga\u021bii esen\u021biale din capital\u0103\",\"publisher\":{\"@id\":\"https:\\\/\\\/buletin.de\\\/bucuresti\\\/#organization\"},\"potentialAction\":[{\"@type\":\"SearchAction\",\"target\":{\"@type\":\"EntryPoint\",\"urlTemplate\":\"https:\\\/\\\/buletin.de\\\/bucuresti\\\/?s={search_term_string}\"},\"query-input\":{\"@type\":\"PropertyValueSpecification\",\"valueRequired\":true,\"valueName\":\"search_term_string\"}}],\"inLanguage\":\"en-GB\"},{\"@type\":\"Organization\",\"@id\":\"https:\\\/\\\/buletin.de\\\/bucuresti\\\/#organization\",\"name\":\"Buletin de Bucure\u0219ti\",\"url\":\"https:\\\/\\\/buletin.de\\\/bucuresti\\\/\",\"logo\":{\"@type\":\"ImageObject\",\"inLanguage\":\"en-GB\",\"@id\":\"https:\\\/\\\/buletin.de\\\/bucuresti\\\/#\\\/schema\\\/logo\\\/image\\\/\",\"url\":\"https:\\\/\\\/buletin.de\\\/bucuresti\\\/wp-content\\\/uploads\\\/logo-bdb-full-wide-vernil-transparent.png\",\"contentUrl\":\"https:\\\/\\\/buletin.de\\\/bucuresti\\\/wp-content\\\/uploads\\\/logo-bdb-full-wide-vernil-transparent.png\",\"width\":1782,\"height\":626,\"caption\":\"Buletin de Bucure\u0219ti\"},\"image\":{\"@id\":\"https:\\\/\\\/buletin.de\\\/bucuresti\\\/#\\\/schema\\\/logo\\\/image\\\/\"},\"sameAs\":[\"https:\\\/\\\/www.facebook.com\\\/buletin.de.buc\",\"https:\\\/\\\/www.instagram.com\\\/buletinde.bucuresti\\\/\"]},{\"@type\":\"Person\",\"@id\":\"https:\\\/\\\/buletin.de\\\/bucuresti\\\/#\\\/schema\\\/person\\\/7e46040573290777280a0835d81ea4ea\",\"name\":\"Diana Matei\",\"image\":{\"@type\":\"ImageObject\",\"inLanguage\":\"en-GB\",\"@id\":\"https:\\\/\\\/buletin.de\\\/bucuresti\\\/wp-content\\\/uploads\\\/9-2-96x96.jpg1e8590b30871d70e62ebcdaf2eff570c\",\"url\":\"https:\\\/\\\/buletin.de\\\/bucuresti\\\/wp-content\\\/uploads\\\/9-2-96x96.jpg\",\"contentUrl\":\"https:\\\/\\\/buletin.de\\\/bucuresti\\\/wp-content\\\/uploads\\\/9-2-96x96.jpg\",\"caption\":\"Diana Matei\"},\"url\":\"https:\\\/\\\/buletin.de\\\/bucuresti\\\/author\\\/dianamatei\\\/\"}]}<\/script>\n<!-- \/ Yoast SEO Premium plugin. -->","yoast_head_json":{"title":"METEO | Codul galben de c\u0103ldur\u0103 s-a transformat \u00een cod portocaliu de furtun\u0103. A fost emis un mesaj Ro-Alert \u00een Bucure\u0219ti - Buletin de Bucure\u0219ti","description":"Cod galben de c\u0103ldur\u0103, anun\u021bat diminea\u021b\u0103 de meteorologi pentru luni, s-a transformat \u00een cod portocaliu de furtun\u0103. Ro-Alert \u00een Bucure\u0219ti","robots":{"index":"index","follow":"follow","max-snippet":"max-snippet:-1","max-image-preview":"max-image-preview:large","max-video-preview":"max-video-preview:-1"},"canonical":"https:\/\/buletin.de\/bucuresti\/a-fost-emis-un-mesaj-ro-alert-in-bucuresti\/","og_locale":"en_GB","og_type":"article","og_title":"METEO | Codul galben de c\u0103ldur\u0103 s-a transformat \u00een cod portocaliu de furtun\u0103. A fost emis un mesaj Ro-Alert \u00een Bucure\u0219ti","og_description":"Cod galben de c\u0103ldur\u0103, anun\u021bat diminea\u021b\u0103 de meteorologi pentru luni, s-a transformat \u00een cod portocaliu de furtun\u0103. Ro-Alert \u00een Bucure\u0219ti","og_url":"https:\/\/buletin.de\/bucuresti\/a-fost-emis-un-mesaj-ro-alert-in-bucuresti\/","og_site_name":"Buletin de Bucure\u0219ti","article_publisher":"https:\/\/www.facebook.com\/buletin.de.buc","article_published_time":"2025-06-09T12:47:36+00:00","article_modified_time":"2025-06-10T03:18:50+00:00","og_image":[{"width":2152,"height":1190,"url":"https:\/\/buletin.de\/bucuresti\/wp-content\/uploads\/2025\/06\/mesaj-Ro-Alert-in-Bucuresti1.png","type":"image\/png"}],"author":"Diana Matei","twitter_card":"summary_large_image","twitter_misc":{"Written by":"Diana Matei","Estimated reading time":"3 minutes"},"schema":{"@context":"https:\/\/schema.org","@graph":[{"@type":"Article","@id":"https:\/\/buletin.de\/bucuresti\/a-fost-emis-un-mesaj-ro-alert-in-bucuresti\/#article","isPartOf":{"@id":"https:\/\/buletin.de\/bucuresti\/a-fost-emis-un-mesaj-ro-alert-in-bucuresti\/"},"author":{"name":"Diana Matei","@id":"https:\/\/buletin.de\/bucuresti\/#\/schema\/person\/7e46040573290777280a0835d81ea4ea"},"headline":"METEO | Codul galben de c\u0103ldur\u0103 s-a transformat \u00een cod portocaliu de furtun\u0103. A fost emis un mesaj Ro-Alert \u00een Bucure\u0219ti","datePublished":"2025-06-09T12:47:36+00:00","dateModified":"2025-06-10T03:18:50+00:00","mainEntityOfPage":{"@id":"https:\/\/buletin.de\/bucuresti\/a-fost-emis-un-mesaj-ro-alert-in-bucuresti\/"},"wordCount":554,"publisher":{"@id":"https:\/\/buletin.de\/bucuresti\/#organization"},"image":{"@id":"https:\/\/buletin.de\/bucuresti\/a-fost-emis-un-mesaj-ro-alert-in-bucuresti\/#primaryimage"},"thumbnailUrl":"https:\/\/buletin.de\/bucuresti\/wp-content\/uploads\/2025\/06\/mesaj-Ro-Alert-in-Bucuresti1.png","keywords":["anm","anm prognoza meteo","cod portocaliu"],"articleSection":["Articole","Eveniment"],"inLanguage":"en-GB","copyrightYear":"2025","copyrightHolder":{"@id":"https:\/\/buletin.de\/bucuresti\/#organization"}},{"@type":"WebPage","@id":"https:\/\/buletin.de\/bucuresti\/a-fost-emis-un-mesaj-ro-alert-in-bucuresti\/","url":"https:\/\/buletin.de\/bucuresti\/a-fost-emis-un-mesaj-ro-alert-in-bucuresti\/","name":"METEO | Codul galben de c\u0103ldur\u0103 s-a transformat \u00een cod portocaliu de furtun\u0103. A fost emis un mesaj Ro-Alert \u00een Bucure\u0219ti - Buletin de Bucure\u0219ti","isPartOf":{"@id":"https:\/\/buletin.de\/bucuresti\/#website"},"primaryImageOfPage":{"@id":"https:\/\/buletin.de\/bucuresti\/a-fost-emis-un-mesaj-ro-alert-in-bucuresti\/#primaryimage"},"image":{"@id":"https:\/\/buletin.de\/bucuresti\/a-fost-emis-un-mesaj-ro-alert-in-bucuresti\/#primaryimage"},"thumbnailUrl":"https:\/\/buletin.de\/bucuresti\/wp-content\/uploads\/2025\/06\/mesaj-Ro-Alert-in-Bucuresti1.png","datePublished":"2025-06-09T12:47:36+00:00","dateModified":"2025-06-10T03:18:50+00:00","description":"Cod galben de c\u0103ldur\u0103, anun\u021bat diminea\u021b\u0103 de meteorologi pentru luni, s-a transformat \u00een cod portocaliu de furtun\u0103. Ro-Alert \u00een Bucure\u0219ti","breadcrumb":{"@id":"https:\/\/buletin.de\/bucuresti\/a-fost-emis-un-mesaj-ro-alert-in-bucuresti\/#breadcrumb"},"inLanguage":"en-GB","potentialAction":[{"@type":"ReadAction","target":["https:\/\/buletin.de\/bucuresti\/a-fost-emis-un-mesaj-ro-alert-in-bucuresti\/"]}]},{"@type":"ImageObject","inLanguage":"en-GB","@id":"https:\/\/buletin.de\/bucuresti\/a-fost-emis-un-mesaj-ro-alert-in-bucuresti\/#primaryimage","url":"https:\/\/buletin.de\/bucuresti\/wp-content\/uploads\/2025\/06\/mesaj-Ro-Alert-in-Bucuresti1.png","contentUrl":"https:\/\/buletin.de\/bucuresti\/wp-content\/uploads\/2025\/06\/mesaj-Ro-Alert-in-Bucuresti1.png","width":2152,"height":1190,"caption":"Un mesaj Ro-Alert \u00een Bucure\u0219ti a fost emis \u00een Bucure\u0219ti pe 9 iunie"},{"@type":"BreadcrumbList","@id":"https:\/\/buletin.de\/bucuresti\/a-fost-emis-un-mesaj-ro-alert-in-bucuresti\/#breadcrumb","itemListElement":[{"@type":"ListItem","position":1,"name":"Acas\u0103","item":"https:\/\/buletin.de\/bucuresti\/"},{"@type":"ListItem","position":2,"name":"METEO | Codul galben de c\u0103ldur\u0103 s-a transformat \u00een cod portocaliu de furtun\u0103. A fost emis un mesaj Ro-Alert \u00een Bucure\u0219ti"}]},{"@type":"WebSite","@id":"https:\/\/buletin.de\/bucuresti\/#website","url":"https:\/\/buletin.de\/bucuresti\/","name":"Buletin de Bucure\u0219ti","description":"\u0218tiri \u0219i investiga\u021bii esen\u021biale din capital\u0103","publisher":{"@id":"https:\/\/buletin.de\/bucuresti\/#organization"},"potentialAction":[{"@type":"SearchAction","target":{"@type":"EntryPoint","urlTemplate":"https:\/\/buletin.de\/bucuresti\/?s={search_term_string}"},"query-input":{"@type":"PropertyValueSpecification","valueRequired":true,"valueName":"search_term_string"}}],"inLanguage":"en-GB"},{"@type":"Organization","@id":"https:\/\/buletin.de\/bucuresti\/#organization","name":"Buletin de Bucure\u0219ti","url":"https:\/\/buletin.de\/bucuresti\/","logo":{"@type":"ImageObject","inLanguage":"en-GB","@id":"https:\/\/buletin.de\/bucuresti\/#\/schema\/logo\/image\/","url":"https:\/\/buletin.de\/bucuresti\/wp-content\/uploads\/logo-bdb-full-wide-vernil-transparent.png","contentUrl":"https:\/\/buletin.de\/bucuresti\/wp-content\/uploads\/logo-bdb-full-wide-vernil-transparent.png","width":1782,"height":626,"caption":"Buletin de Bucure\u0219ti"},"image":{"@id":"https:\/\/buletin.de\/bucuresti\/#\/schema\/logo\/image\/"},"sameAs":["https:\/\/www.facebook.com\/buletin.de.buc","https:\/\/www.instagram.com\/buletinde.bucuresti\/"]},{"@type":"Person","@id":"https:\/\/buletin.de\/bucuresti\/#\/schema\/person\/7e46040573290777280a0835d81ea4ea","name":"Diana Matei","image":{"@type":"ImageObject","inLanguage":"en-GB","@id":"https:\/\/buletin.de\/bucuresti\/wp-content\/uploads\/9-2-96x96.jpg1e8590b30871d70e62ebcdaf2eff570c","url":"https:\/\/buletin.de\/bucuresti\/wp-content\/uploads\/9-2-96x96.jpg","contentUrl":"https:\/\/buletin.de\/bucuresti\/wp-content\/uploads\/9-2-96x96.jpg","caption":"Diana Matei"},"url":"https:\/\/buletin.de\/bucuresti\/author\/dianamatei\/"}]}},"authors":[{"term_id":22574,"user_id":49,"is_guest":0,"slug":"dianamatei","display_name":"Diana Matei","avatar_url":"https:\/\/buletin.de\/bucuresti\/wp-content\/uploads\/9-2-96x96.jpg","0":null,"1":"","2":"","3":"","4":"","5":"","6":"","7":"","8":""}],"_links":{"self":[{"href":"https:\/\/buletin.de\/bucuresti\/wp-json\/wp\/v2\/posts\/134310","targetHints":{"allow":["GET"]}}],"collection":[{"href":"https:\/\/buletin.de\/bucuresti\/wp-json\/wp\/v2\/posts"}],"about":[{"href":"https:\/\/buletin.de\/bucuresti\/wp-json\/wp\/v2\/types\/post"}],"author":[{"embeddable":true,"href":"https:\/\/buletin.de\/bucuresti\/wp-json\/wp\/v2\/users\/49"}],"replies":[{"embeddable":true,"href":"https:\/\/buletin.de\/bucuresti\/wp-json\/wp\/v2\/comments?post=134310"}],"version-history":[{"count":9,"href":"https:\/\/buletin.de\/bucuresti\/wp-json\/wp\/v2\/posts\/134310\/revisions"}],"predecessor-version":[{"id":134444,"href":"https:\/\/buletin.de\/bucuresti\/wp-json\/wp\/v2\/posts\/134310\/revisions\/134444"}],"wp:featuredmedia":[{"embeddable":true,"href":"https:\/\/buletin.de\/bucuresti\/wp-json\/wp\/v2\/media\/134337"}],"wp:attachment":[{"href":"https:\/\/buletin.de\/bucuresti\/wp-json\/wp\/v2\/media?parent=134310"}],"wp:term":[{"taxonomy":"category","embeddable":true,"href":"https:\/\/buletin.de\/bucuresti\/wp-json\/wp\/v2\/categories?post=134310"},{"taxonomy":"post_tag","embeddable":true,"href":"https:\/\/buletin.de\/bucuresti\/wp-json\/wp\/v2\/tags?post=134310"},{"taxonomy":"author","embeddable":true,"href":"https:\/\/buletin.de\/bucuresti\/wp-json\/wp\/v2\/ppma_author?post=134310"}],"curies":[{"name":"wp","href":"https:\/\/api.w.org\/{rel}","templated":true}]}}