{"id":134117,"date":"2025-06-08T14:58:14","date_gmt":"2025-06-08T11:58:14","guid":{"rendered":"https:\/\/buletin.de\/bucuresti\/?p=134117"},"modified":"2025-06-08T15:08:01","modified_gmt":"2025-06-08T12:08:01","slug":"calea-victoriei-stropita-cu-agheasma-dupa-parada-pride-clerici-si-gigi-becali-in-contramanifestatie","status":"publish","type":"post","link":"https:\/\/buletin.de\/bucuresti\/calea-victoriei-stropita-cu-agheasma-dupa-parada-pride-clerici-si-gigi-becali-in-contramanifestatie\/","title":{"rendered":"Calea Victoriei, stropit\u0103 cu agheasm\u0103, dup\u0103 parada Pride. Clerici \u015fi Gigi Becali, \u00een \u201econtramanifesta\u021bie\u201d"},"content":{"rendered":"\n<p><strong>Sute de manifestan\u021bi au ie\u015fit pe Calea Victoriei, la o zi dup\u0103 Bucharest Pride, pentru o \u201eprocesiune de alungare a duhurilor rele\u201d, pe care afaceristul Gigi Becali o organizeaz\u0103 \u00een fiecare an. Pe \u00eentregul traseu al mar\u015fului comunit\u0103\u021bii LGBT, contramanifestan\u021bii au stropit cu agheasm\u0103.<\/strong><\/p>\n\n\n\n<p>Organiza\u021bia Fr\u0103\u021bia Ortodox\u0103, ai c\u0103rei membri au fost acuza\u021bi de simpatii legionare, a fost printre promotorii acestei ac\u021biuni. <\/p>\n\n\n\n<p>\u00cen jurul orei 13:00, patronul de la FCSB, \u00eembr\u0103cat \u00een negru, a pornit de la Palatul s\u0103u din Aleea Alexandru, purt\u00e2nd \u00een bra\u021be o cruce uria\u015f\u0103. Al\u0103turi de el s-au aflat mai mul\u021bi c\u0103lug\u0103ri \u0219i circa 200 de persoane, care l-au urmat pe traseu, transmit jurnali\u0219tii <a href=\"https:\/\/www.sport.ro\/stiri\/gigi-becali-a-confiscat-din-nou-calea-victoriei-a-iesit-cu-crucea-uriasa-si-agheasma-sa-curete-strazile-dupa-parada-lgbt.html\">sport.ro<\/a>.<\/p>\n\n\n\n<p>Scopul declarat al lui Becali a fost s\u0103 &#8220;cure\u021be&#8221; Calea Victoriei de &#8220;energiile necurate&#8221; \u0219i &#8220;duhurile&#8221; l\u0103sate \u00een urm\u0103 de participan\u021bii la mar\u0219ul Pride de s\u00e2mb\u0103t\u0103. Pe parcursul procesiunii, grupul s-a oprit de mai multe ori, a intonat c\u00e2nt\u0103ri biserice\u0219ti, iar la intersec\u021bia cu strada General Gheorghe Manu, latifundiarul a \u021binut chiar \u0219i o scurt\u0103 predic\u0103.<\/p>\n\n\n\n<p>Ac\u021biunea vine s\u0103 \u00eent\u0103reasc\u0103 o pozi\u021bie pe care Becali a exprimat-o public cu c\u00e2teva zile \u00een urm\u0103.&nbsp;<strong>&#8220;Noi nu-i judec\u0103m, dar vrem ca ai no\u0219tri copii s\u0103 \u0219tie c\u0103 a\u0219a nu e bine. A\u0219a vrem noi s\u0103 ne educ\u0103m copiii, cre\u0219tine\u0219te, c\u0103 nu e bine b\u0103rbat cu b\u0103rbat. E cea mai mare ur\u00e2\u021benie. E p\u0103rerea noastr\u0103 \u0219i ei trebuie s\u0103 o respecte&#8221;<\/strong>, spunea finan\u021batorul FCSB la B1 TV, ad\u0103ug\u00e2nd:&nbsp;<strong>&#8220;Facem \u0219i noi o manifesta\u021bie astfel \u00eenc\u00e2t copiii \u0219i nepo\u021bii no\u0219tri s\u0103 vad\u0103 c\u0103 ta\u021bii \u0219i bunicii lor au sfin\u021bit locurile. De ce? Pentru c\u0103 noi suntem cre\u0219tini \u0219i cur\u0103\u021b\u0103m locurile cre\u0219tine unde consider\u0103m c\u0103 ei las\u0103 duhuri necurate&#8221;<\/strong>.<\/p>\n\n\n\n<p><strong>CITE\u015eTE \u015eI<\/strong>: <a href=\"https:\/\/buletin.de\/bucuresti\/reportaj-curcubeu-pe-timp-de-soare-parada-pride-a-colorat-strazile-din-centrul-bucurestiului-douazeci-de-ani-in-care-comunitatea-lgbtq-si-a-cerut-drepturile\/\">REPORTAJ | Curcubeu pe timp de soare. Parada Pride a colorat str\u0103zile din centrul Bucure\u015ftiului. Dou\u0103zeci de ani \u00een care comunitatea LGBTQ+ \u015fi-a cerut drepturile<\/a><\/p>\n\n\n\n<p><br><br><\/p>\n","protected":false},"excerpt":{"rendered":"<p>Sute de manifestan\u021bi au ie\u015fit pe Calea Victoriei, la o zi dup\u0103 Bucharest Pride, pentru o \u201eprocesiune de alungare a duhurilor rele\u201d, pe care afaceristul Gigi Becali o organizeaz\u0103 \u00een fiecare an. Pe \u00eentregul traseu al mar\u015fului comunit\u0103\u021bii LGBT, contramanifestan\u021bii au stropit cu agheasm\u0103. Organiza\u021bia Fr\u0103\u021bia Ortodox\u0103, ai c\u0103rei membri au fost acuza\u021bi de simpatii [&hellip;]<\/p>\n","protected":false},"author":1,"featured_media":134127,"comment_status":"closed","ping_status":"open","sticky":false,"template":"","format":"standard","meta":{"_acf_changed":false,"inline_featured_image":false,"ngg_post_thumbnail":0,"footnotes":""},"categories":[6994,9026,62],"tags":[],"ppma_author":[22583],"class_list":["post-134117","post","type-post","status-publish","format-standard","has-post-thumbnail","hentry","category-stiri-2","category-eveniment","category-stiri"],"acf":[],"yoast_head":"<!-- This site is optimized with the Yoast SEO Premium plugin v25.3 (Yoast SEO v27.5) - https:\/\/yoast.com\/product\/yoast-seo-premium-wordpress\/ -->\n<title>Calea Victoriei, stropit\u0103 cu agheasm\u0103, dup\u0103 parada Pride. Clerici \u015fi Gigi Becali, \u00een \u201econtramanifesta\u021bie\u201d - Buletin de Bucure\u0219ti<\/title>\n<meta name=\"description\" content=\"Contramanifesta\u021bie organizat\u0103 de Gigi Becali pe Calea Victoriei, la o zi distan\u021b\u0103 de Bucharest Pride. Afaceristul a stropit zona cu agheasm.\" \/>\n<meta name=\"robots\" content=\"index, follow, max-snippet:-1, max-image-preview:large, max-video-preview:-1\" \/>\n<link rel=\"canonical\" href=\"https:\/\/buletin.de\/bucuresti\/calea-victoriei-stropita-cu-agheasma-dupa-parada-pride-clerici-si-gigi-becali-in-contramanifestatie\/\" \/>\n<meta property=\"og:locale\" content=\"en_GB\" \/>\n<meta property=\"og:type\" content=\"article\" \/>\n<meta property=\"og:title\" content=\"Calea Victoriei, stropit\u0103 cu agheasm\u0103, dup\u0103 parada Pride. Clerici \u015fi Gigi Becali, \u00een \u201econtramanifesta\u021bie\u201d\" \/>\n<meta property=\"og:description\" content=\"Contramanifesta\u021bie organizat\u0103 de Gigi Becali pe Calea Victoriei, la o zi distan\u021b\u0103 de Bucharest Pride. Afaceristul a stropit zona cu agheasm.\" \/>\n<meta property=\"og:url\" content=\"https:\/\/buletin.de\/bucuresti\/calea-victoriei-stropita-cu-agheasma-dupa-parada-pride-clerici-si-gigi-becali-in-contramanifestatie\/\" \/>\n<meta property=\"og:site_name\" content=\"Buletin de Bucure\u0219ti\" \/>\n<meta property=\"article:publisher\" content=\"https:\/\/www.facebook.com\/buletin.de.buc\" \/>\n<meta property=\"article:published_time\" content=\"2025-06-08T11:58:14+00:00\" \/>\n<meta property=\"article:modified_time\" content=\"2025-06-08T12:08:01+00:00\" \/>\n<meta property=\"og:image\" content=\"https:\/\/buletin.de\/bucuresti\/wp-content\/uploads\/2025\/06\/IMG_0438-1.jpeg\" \/>\n\t<meta property=\"og:image:width\" content=\"1349\" \/>\n\t<meta property=\"og:image:height\" content=\"1167\" \/>\n\t<meta property=\"og:image:type\" content=\"image\/jpeg\" \/>\n<meta name=\"author\" content=\"Redac\u021bia Buletin de Bucure\u0219ti\" \/>\n<meta name=\"twitter:card\" content=\"summary_large_image\" \/>\n<meta name=\"twitter:label1\" content=\"Written by\" \/>\n\t<meta name=\"twitter:data1\" content=\"Redac\u021bia Buletin de Bucure\u0219ti\" \/>\n\t<meta name=\"twitter:label2\" content=\"Estimated reading time\" \/>\n\t<meta name=\"twitter:data2\" content=\"2 minutes\" \/>\n<script type=\"application\/ld+json\" class=\"yoast-schema-graph\">{\"@context\":\"https:\\\/\\\/schema.org\",\"@graph\":[{\"@type\":\"Article\",\"@id\":\"https:\\\/\\\/buletin.de\\\/bucuresti\\\/calea-victoriei-stropita-cu-agheasma-dupa-parada-pride-clerici-si-gigi-becali-in-contramanifestatie\\\/#article\",\"isPartOf\":{\"@id\":\"https:\\\/\\\/buletin.de\\\/bucuresti\\\/calea-victoriei-stropita-cu-agheasma-dupa-parada-pride-clerici-si-gigi-becali-in-contramanifestatie\\\/\"},\"author\":{\"name\":\"Redac\u021bia Buletin de Bucure\u0219ti\",\"@id\":\"https:\\\/\\\/buletin.de\\\/bucuresti\\\/#\\\/schema\\\/person\\\/2bbcf854e5f2419a13804af574d06ab1\"},\"headline\":\"Calea Victoriei, stropit\u0103 cu agheasm\u0103, dup\u0103 parada Pride. Clerici \u015fi Gigi Becali, \u00een \u201econtramanifesta\u021bie\u201d\",\"datePublished\":\"2025-06-08T11:58:14+00:00\",\"dateModified\":\"2025-06-08T12:08:01+00:00\",\"mainEntityOfPage\":{\"@id\":\"https:\\\/\\\/buletin.de\\\/bucuresti\\\/calea-victoriei-stropita-cu-agheasma-dupa-parada-pride-clerici-si-gigi-becali-in-contramanifestatie\\\/\"},\"wordCount\":376,\"publisher\":{\"@id\":\"https:\\\/\\\/buletin.de\\\/bucuresti\\\/#organization\"},\"image\":{\"@id\":\"https:\\\/\\\/buletin.de\\\/bucuresti\\\/calea-victoriei-stropita-cu-agheasma-dupa-parada-pride-clerici-si-gigi-becali-in-contramanifestatie\\\/#primaryimage\"},\"thumbnailUrl\":\"https:\\\/\\\/buletin.de\\\/bucuresti\\\/wp-content\\\/uploads\\\/2025\\\/06\\\/IMG_0438-1.jpeg\",\"articleSection\":[\"Articole\",\"Eveniment\",\"\u0218tiri\"],\"inLanguage\":\"en-GB\",\"copyrightYear\":\"2025\",\"copyrightHolder\":{\"@id\":\"https:\\\/\\\/buletin.de\\\/bucuresti\\\/#organization\"}},{\"@type\":\"WebPage\",\"@id\":\"https:\\\/\\\/buletin.de\\\/bucuresti\\\/calea-victoriei-stropita-cu-agheasma-dupa-parada-pride-clerici-si-gigi-becali-in-contramanifestatie\\\/\",\"url\":\"https:\\\/\\\/buletin.de\\\/bucuresti\\\/calea-victoriei-stropita-cu-agheasma-dupa-parada-pride-clerici-si-gigi-becali-in-contramanifestatie\\\/\",\"name\":\"Calea Victoriei, stropit\u0103 cu agheasm\u0103, dup\u0103 parada Pride. Clerici \u015fi Gigi Becali, \u00een \u201econtramanifesta\u021bie\u201d - Buletin de Bucure\u0219ti\",\"isPartOf\":{\"@id\":\"https:\\\/\\\/buletin.de\\\/bucuresti\\\/#website\"},\"primaryImageOfPage\":{\"@id\":\"https:\\\/\\\/buletin.de\\\/bucuresti\\\/calea-victoriei-stropita-cu-agheasma-dupa-parada-pride-clerici-si-gigi-becali-in-contramanifestatie\\\/#primaryimage\"},\"image\":{\"@id\":\"https:\\\/\\\/buletin.de\\\/bucuresti\\\/calea-victoriei-stropita-cu-agheasma-dupa-parada-pride-clerici-si-gigi-becali-in-contramanifestatie\\\/#primaryimage\"},\"thumbnailUrl\":\"https:\\\/\\\/buletin.de\\\/bucuresti\\\/wp-content\\\/uploads\\\/2025\\\/06\\\/IMG_0438-1.jpeg\",\"datePublished\":\"2025-06-08T11:58:14+00:00\",\"dateModified\":\"2025-06-08T12:08:01+00:00\",\"description\":\"Contramanifesta\u021bie organizat\u0103 de Gigi Becali pe Calea Victoriei, la o zi distan\u021b\u0103 de Bucharest Pride. Afaceristul a stropit zona cu agheasm.\",\"breadcrumb\":{\"@id\":\"https:\\\/\\\/buletin.de\\\/bucuresti\\\/calea-victoriei-stropita-cu-agheasma-dupa-parada-pride-clerici-si-gigi-becali-in-contramanifestatie\\\/#breadcrumb\"},\"inLanguage\":\"en-GB\",\"potentialAction\":[{\"@type\":\"ReadAction\",\"target\":[\"https:\\\/\\\/buletin.de\\\/bucuresti\\\/calea-victoriei-stropita-cu-agheasma-dupa-parada-pride-clerici-si-gigi-becali-in-contramanifestatie\\\/\"]}]},{\"@type\":\"ImageObject\",\"inLanguage\":\"en-GB\",\"@id\":\"https:\\\/\\\/buletin.de\\\/bucuresti\\\/calea-victoriei-stropita-cu-agheasma-dupa-parada-pride-clerici-si-gigi-becali-in-contramanifestatie\\\/#primaryimage\",\"url\":\"https:\\\/\\\/buletin.de\\\/bucuresti\\\/wp-content\\\/uploads\\\/2025\\\/06\\\/IMG_0438-1.jpeg\",\"contentUrl\":\"https:\\\/\\\/buletin.de\\\/bucuresti\\\/wp-content\\\/uploads\\\/2025\\\/06\\\/IMG_0438-1.jpeg\",\"width\":1349,\"height\":1167,\"caption\":\"Contramanifesta\u021bie pe Calea Victoriei. FOTO: FB\\\/ Horia Ivanovici\"},{\"@type\":\"BreadcrumbList\",\"@id\":\"https:\\\/\\\/buletin.de\\\/bucuresti\\\/calea-victoriei-stropita-cu-agheasma-dupa-parada-pride-clerici-si-gigi-becali-in-contramanifestatie\\\/#breadcrumb\",\"itemListElement\":[{\"@type\":\"ListItem\",\"position\":1,\"name\":\"Acas\u0103\",\"item\":\"https:\\\/\\\/buletin.de\\\/bucuresti\\\/\"},{\"@type\":\"ListItem\",\"position\":2,\"name\":\"Calea Victoriei, stropit\u0103 cu agheasm\u0103, dup\u0103 parada Pride. Clerici \u015fi Gigi Becali, \u00een \u201econtramanifesta\u021bie\u201d\"}]},{\"@type\":\"WebSite\",\"@id\":\"https:\\\/\\\/buletin.de\\\/bucuresti\\\/#website\",\"url\":\"https:\\\/\\\/buletin.de\\\/bucuresti\\\/\",\"name\":\"Buletin de Bucure\u0219ti\",\"description\":\"\u0218tiri \u0219i investiga\u021bii esen\u021biale din capital\u0103\",\"publisher\":{\"@id\":\"https:\\\/\\\/buletin.de\\\/bucuresti\\\/#organization\"},\"potentialAction\":[{\"@type\":\"SearchAction\",\"target\":{\"@type\":\"EntryPoint\",\"urlTemplate\":\"https:\\\/\\\/buletin.de\\\/bucuresti\\\/?s={search_term_string}\"},\"query-input\":{\"@type\":\"PropertyValueSpecification\",\"valueRequired\":true,\"valueName\":\"search_term_string\"}}],\"inLanguage\":\"en-GB\"},{\"@type\":\"Organization\",\"@id\":\"https:\\\/\\\/buletin.de\\\/bucuresti\\\/#organization\",\"name\":\"Buletin de Bucure\u0219ti\",\"url\":\"https:\\\/\\\/buletin.de\\\/bucuresti\\\/\",\"logo\":{\"@type\":\"ImageObject\",\"inLanguage\":\"en-GB\",\"@id\":\"https:\\\/\\\/buletin.de\\\/bucuresti\\\/#\\\/schema\\\/logo\\\/image\\\/\",\"url\":\"https:\\\/\\\/buletin.de\\\/bucuresti\\\/wp-content\\\/uploads\\\/logo-bdb-full-wide-vernil-transparent.png\",\"contentUrl\":\"https:\\\/\\\/buletin.de\\\/bucuresti\\\/wp-content\\\/uploads\\\/logo-bdb-full-wide-vernil-transparent.png\",\"width\":1782,\"height\":626,\"caption\":\"Buletin de Bucure\u0219ti\"},\"image\":{\"@id\":\"https:\\\/\\\/buletin.de\\\/bucuresti\\\/#\\\/schema\\\/logo\\\/image\\\/\"},\"sameAs\":[\"https:\\\/\\\/www.facebook.com\\\/buletin.de.buc\",\"https:\\\/\\\/www.instagram.com\\\/buletinde.bucuresti\\\/\"]},{\"@type\":\"Person\",\"@id\":\"https:\\\/\\\/buletin.de\\\/bucuresti\\\/#\\\/schema\\\/person\\\/2bbcf854e5f2419a13804af574d06ab1\",\"name\":\"Redac\u021bia Buletin de Bucure\u0219ti\",\"image\":{\"@type\":\"ImageObject\",\"inLanguage\":\"en-GB\",\"@id\":\"https:\\\/\\\/secure.gravatar.com\\\/avatar\\\/18c5342381ed1a08620e6280424e3e5efc958618f5d67c522c9e44c1bc6f9226?s=96&d=monsterid&r=g60c7cd0ad92c68c049fcd4bb3504d609\",\"url\":\"https:\\\/\\\/secure.gravatar.com\\\/avatar\\\/18c5342381ed1a08620e6280424e3e5efc958618f5d67c522c9e44c1bc6f9226?s=96&d=monsterid&r=g\",\"contentUrl\":\"https:\\\/\\\/secure.gravatar.com\\\/avatar\\\/18c5342381ed1a08620e6280424e3e5efc958618f5d67c522c9e44c1bc6f9226?s=96&d=monsterid&r=g\",\"caption\":\"Redac\u021bia Buletin de Bucure\u0219ti\"},\"description\":\"Buletin de Bucure\u0219ti exist\u0103 din vara anului 2019.\",\"url\":\"https:\\\/\\\/buletin.de\\\/bucuresti\\\/author\\\/adminbuletin\\\/\"}]}<\/script>\n<!-- \/ Yoast SEO Premium plugin. -->","yoast_head_json":{"title":"Calea Victoriei, stropit\u0103 cu agheasm\u0103, dup\u0103 parada Pride. Clerici \u015fi Gigi Becali, \u00een \u201econtramanifesta\u021bie\u201d - Buletin de Bucure\u0219ti","description":"Contramanifesta\u021bie organizat\u0103 de Gigi Becali pe Calea Victoriei, la o zi distan\u021b\u0103 de Bucharest Pride. Afaceristul a stropit zona cu agheasm.","robots":{"index":"index","follow":"follow","max-snippet":"max-snippet:-1","max-image-preview":"max-image-preview:large","max-video-preview":"max-video-preview:-1"},"canonical":"https:\/\/buletin.de\/bucuresti\/calea-victoriei-stropita-cu-agheasma-dupa-parada-pride-clerici-si-gigi-becali-in-contramanifestatie\/","og_locale":"en_GB","og_type":"article","og_title":"Calea Victoriei, stropit\u0103 cu agheasm\u0103, dup\u0103 parada Pride. Clerici \u015fi Gigi Becali, \u00een \u201econtramanifesta\u021bie\u201d","og_description":"Contramanifesta\u021bie organizat\u0103 de Gigi Becali pe Calea Victoriei, la o zi distan\u021b\u0103 de Bucharest Pride. Afaceristul a stropit zona cu agheasm.","og_url":"https:\/\/buletin.de\/bucuresti\/calea-victoriei-stropita-cu-agheasma-dupa-parada-pride-clerici-si-gigi-becali-in-contramanifestatie\/","og_site_name":"Buletin de Bucure\u0219ti","article_publisher":"https:\/\/www.facebook.com\/buletin.de.buc","article_published_time":"2025-06-08T11:58:14+00:00","article_modified_time":"2025-06-08T12:08:01+00:00","og_image":[{"width":1349,"height":1167,"url":"https:\/\/buletin.de\/bucuresti\/wp-content\/uploads\/2025\/06\/IMG_0438-1.jpeg","type":"image\/jpeg"}],"author":"Redac\u021bia Buletin de Bucure\u0219ti","twitter_card":"summary_large_image","twitter_misc":{"Written by":"Redac\u021bia Buletin de Bucure\u0219ti","Estimated reading time":"2 minutes"},"schema":{"@context":"https:\/\/schema.org","@graph":[{"@type":"Article","@id":"https:\/\/buletin.de\/bucuresti\/calea-victoriei-stropita-cu-agheasma-dupa-parada-pride-clerici-si-gigi-becali-in-contramanifestatie\/#article","isPartOf":{"@id":"https:\/\/buletin.de\/bucuresti\/calea-victoriei-stropita-cu-agheasma-dupa-parada-pride-clerici-si-gigi-becali-in-contramanifestatie\/"},"author":{"name":"Redac\u021bia Buletin de Bucure\u0219ti","@id":"https:\/\/buletin.de\/bucuresti\/#\/schema\/person\/2bbcf854e5f2419a13804af574d06ab1"},"headline":"Calea Victoriei, stropit\u0103 cu agheasm\u0103, dup\u0103 parada Pride. Clerici \u015fi Gigi Becali, \u00een \u201econtramanifesta\u021bie\u201d","datePublished":"2025-06-08T11:58:14+00:00","dateModified":"2025-06-08T12:08:01+00:00","mainEntityOfPage":{"@id":"https:\/\/buletin.de\/bucuresti\/calea-victoriei-stropita-cu-agheasma-dupa-parada-pride-clerici-si-gigi-becali-in-contramanifestatie\/"},"wordCount":376,"publisher":{"@id":"https:\/\/buletin.de\/bucuresti\/#organization"},"image":{"@id":"https:\/\/buletin.de\/bucuresti\/calea-victoriei-stropita-cu-agheasma-dupa-parada-pride-clerici-si-gigi-becali-in-contramanifestatie\/#primaryimage"},"thumbnailUrl":"https:\/\/buletin.de\/bucuresti\/wp-content\/uploads\/2025\/06\/IMG_0438-1.jpeg","articleSection":["Articole","Eveniment","\u0218tiri"],"inLanguage":"en-GB","copyrightYear":"2025","copyrightHolder":{"@id":"https:\/\/buletin.de\/bucuresti\/#organization"}},{"@type":"WebPage","@id":"https:\/\/buletin.de\/bucuresti\/calea-victoriei-stropita-cu-agheasma-dupa-parada-pride-clerici-si-gigi-becali-in-contramanifestatie\/","url":"https:\/\/buletin.de\/bucuresti\/calea-victoriei-stropita-cu-agheasma-dupa-parada-pride-clerici-si-gigi-becali-in-contramanifestatie\/","name":"Calea Victoriei, stropit\u0103 cu agheasm\u0103, dup\u0103 parada Pride. Clerici \u015fi Gigi Becali, \u00een \u201econtramanifesta\u021bie\u201d - Buletin de Bucure\u0219ti","isPartOf":{"@id":"https:\/\/buletin.de\/bucuresti\/#website"},"primaryImageOfPage":{"@id":"https:\/\/buletin.de\/bucuresti\/calea-victoriei-stropita-cu-agheasma-dupa-parada-pride-clerici-si-gigi-becali-in-contramanifestatie\/#primaryimage"},"image":{"@id":"https:\/\/buletin.de\/bucuresti\/calea-victoriei-stropita-cu-agheasma-dupa-parada-pride-clerici-si-gigi-becali-in-contramanifestatie\/#primaryimage"},"thumbnailUrl":"https:\/\/buletin.de\/bucuresti\/wp-content\/uploads\/2025\/06\/IMG_0438-1.jpeg","datePublished":"2025-06-08T11:58:14+00:00","dateModified":"2025-06-08T12:08:01+00:00","description":"Contramanifesta\u021bie organizat\u0103 de Gigi Becali pe Calea Victoriei, la o zi distan\u021b\u0103 de Bucharest Pride. Afaceristul a stropit zona cu agheasm.","breadcrumb":{"@id":"https:\/\/buletin.de\/bucuresti\/calea-victoriei-stropita-cu-agheasma-dupa-parada-pride-clerici-si-gigi-becali-in-contramanifestatie\/#breadcrumb"},"inLanguage":"en-GB","potentialAction":[{"@type":"ReadAction","target":["https:\/\/buletin.de\/bucuresti\/calea-victoriei-stropita-cu-agheasma-dupa-parada-pride-clerici-si-gigi-becali-in-contramanifestatie\/"]}]},{"@type":"ImageObject","inLanguage":"en-GB","@id":"https:\/\/buletin.de\/bucuresti\/calea-victoriei-stropita-cu-agheasma-dupa-parada-pride-clerici-si-gigi-becali-in-contramanifestatie\/#primaryimage","url":"https:\/\/buletin.de\/bucuresti\/wp-content\/uploads\/2025\/06\/IMG_0438-1.jpeg","contentUrl":"https:\/\/buletin.de\/bucuresti\/wp-content\/uploads\/2025\/06\/IMG_0438-1.jpeg","width":1349,"height":1167,"caption":"Contramanifesta\u021bie pe Calea Victoriei. FOTO: FB\/ Horia Ivanovici"},{"@type":"BreadcrumbList","@id":"https:\/\/buletin.de\/bucuresti\/calea-victoriei-stropita-cu-agheasma-dupa-parada-pride-clerici-si-gigi-becali-in-contramanifestatie\/#breadcrumb","itemListElement":[{"@type":"ListItem","position":1,"name":"Acas\u0103","item":"https:\/\/buletin.de\/bucuresti\/"},{"@type":"ListItem","position":2,"name":"Calea Victoriei, stropit\u0103 cu agheasm\u0103, dup\u0103 parada Pride. Clerici \u015fi Gigi Becali, \u00een \u201econtramanifesta\u021bie\u201d"}]},{"@type":"WebSite","@id":"https:\/\/buletin.de\/bucuresti\/#website","url":"https:\/\/buletin.de\/bucuresti\/","name":"Buletin de Bucure\u0219ti","description":"\u0218tiri \u0219i investiga\u021bii esen\u021biale din capital\u0103","publisher":{"@id":"https:\/\/buletin.de\/bucuresti\/#organization"},"potentialAction":[{"@type":"SearchAction","target":{"@type":"EntryPoint","urlTemplate":"https:\/\/buletin.de\/bucuresti\/?s={search_term_string}"},"query-input":{"@type":"PropertyValueSpecification","valueRequired":true,"valueName":"search_term_string"}}],"inLanguage":"en-GB"},{"@type":"Organization","@id":"https:\/\/buletin.de\/bucuresti\/#organization","name":"Buletin de Bucure\u0219ti","url":"https:\/\/buletin.de\/bucuresti\/","logo":{"@type":"ImageObject","inLanguage":"en-GB","@id":"https:\/\/buletin.de\/bucuresti\/#\/schema\/logo\/image\/","url":"https:\/\/buletin.de\/bucuresti\/wp-content\/uploads\/logo-bdb-full-wide-vernil-transparent.png","contentUrl":"https:\/\/buletin.de\/bucuresti\/wp-content\/uploads\/logo-bdb-full-wide-vernil-transparent.png","width":1782,"height":626,"caption":"Buletin de Bucure\u0219ti"},"image":{"@id":"https:\/\/buletin.de\/bucuresti\/#\/schema\/logo\/image\/"},"sameAs":["https:\/\/www.facebook.com\/buletin.de.buc","https:\/\/www.instagram.com\/buletinde.bucuresti\/"]},{"@type":"Person","@id":"https:\/\/buletin.de\/bucuresti\/#\/schema\/person\/2bbcf854e5f2419a13804af574d06ab1","name":"Redac\u021bia Buletin de Bucure\u0219ti","image":{"@type":"ImageObject","inLanguage":"en-GB","@id":"https:\/\/secure.gravatar.com\/avatar\/18c5342381ed1a08620e6280424e3e5efc958618f5d67c522c9e44c1bc6f9226?s=96&d=monsterid&r=g60c7cd0ad92c68c049fcd4bb3504d609","url":"https:\/\/secure.gravatar.com\/avatar\/18c5342381ed1a08620e6280424e3e5efc958618f5d67c522c9e44c1bc6f9226?s=96&d=monsterid&r=g","contentUrl":"https:\/\/secure.gravatar.com\/avatar\/18c5342381ed1a08620e6280424e3e5efc958618f5d67c522c9e44c1bc6f9226?s=96&d=monsterid&r=g","caption":"Redac\u021bia Buletin de Bucure\u0219ti"},"description":"Buletin de Bucure\u0219ti exist\u0103 din vara anului 2019.","url":"https:\/\/buletin.de\/bucuresti\/author\/adminbuletin\/"}]}},"authors":[{"term_id":22583,"user_id":1,"is_guest":0,"slug":"adminbuletin","display_name":"Redac\u021bia Buletin de Bucure\u0219ti","avatar_url":"https:\/\/secure.gravatar.com\/avatar\/18c5342381ed1a08620e6280424e3e5efc958618f5d67c522c9e44c1bc6f9226?s=96&d=monsterid&r=g","0":null,"1":"","2":"","3":"","4":"","5":"","6":"","7":"","8":""}],"_links":{"self":[{"href":"https:\/\/buletin.de\/bucuresti\/wp-json\/wp\/v2\/posts\/134117","targetHints":{"allow":["GET"]}}],"collection":[{"href":"https:\/\/buletin.de\/bucuresti\/wp-json\/wp\/v2\/posts"}],"about":[{"href":"https:\/\/buletin.de\/bucuresti\/wp-json\/wp\/v2\/types\/post"}],"author":[{"embeddable":true,"href":"https:\/\/buletin.de\/bucuresti\/wp-json\/wp\/v2\/users\/1"}],"replies":[{"embeddable":true,"href":"https:\/\/buletin.de\/bucuresti\/wp-json\/wp\/v2\/comments?post=134117"}],"version-history":[{"count":2,"href":"https:\/\/buletin.de\/bucuresti\/wp-json\/wp\/v2\/posts\/134117\/revisions"}],"predecessor-version":[{"id":134130,"href":"https:\/\/buletin.de\/bucuresti\/wp-json\/wp\/v2\/posts\/134117\/revisions\/134130"}],"wp:featuredmedia":[{"embeddable":true,"href":"https:\/\/buletin.de\/bucuresti\/wp-json\/wp\/v2\/media\/134127"}],"wp:attachment":[{"href":"https:\/\/buletin.de\/bucuresti\/wp-json\/wp\/v2\/media?parent=134117"}],"wp:term":[{"taxonomy":"category","embeddable":true,"href":"https:\/\/buletin.de\/bucuresti\/wp-json\/wp\/v2\/categories?post=134117"},{"taxonomy":"post_tag","embeddable":true,"href":"https:\/\/buletin.de\/bucuresti\/wp-json\/wp\/v2\/tags?post=134117"},{"taxonomy":"author","embeddable":true,"href":"https:\/\/buletin.de\/bucuresti\/wp-json\/wp\/v2\/ppma_author?post=134117"}],"curies":[{"name":"wp","href":"https:\/\/api.w.org\/{rel}","templated":true}]}}