{"id":134099,"date":"2025-06-08T12:54:24","date_gmt":"2025-06-08T09:54:24","guid":{"rendered":"https:\/\/buletin.de\/bucuresti\/?p=134099"},"modified":"2025-06-08T12:54:24","modified_gmt":"2025-06-08T09:54:24","slug":"40-000-de-pasageri-pe-ruta-bucuresti-new-york-la-un-an-de-la-relansarea-rutei-dupa-o-pauza-de-mai-bine-de-doua-decenii","status":"publish","type":"post","link":"https:\/\/buletin.de\/bucuresti\/40-000-de-pasageri-pe-ruta-bucuresti-new-york-la-un-an-de-la-relansarea-rutei-dupa-o-pauza-de-mai-bine-de-doua-decenii\/","title":{"rendered":"40.000 de pasageri pe ruta Bucure\u015fti &#8211; New York, la un an de la relansarea rutei, dup\u0103 o pauz\u0103 de mai bine de dou\u0103 decenii"},"content":{"rendered":"\n<p><strong>Ruta Bucure\u015fti &#8211; New York a \u00eensumat 40.000 de pasageri \u00eentr-un an de la relansarea zborurilor din Rom\u00e2nia, direct c\u0103tre Statele Unite, anun\u0163\u0103 compania HiSky, printr-un comunicat preluat de <a href=\"https:\/\/www.g4media.ro\/peste-40-000-de-pasageri-au-calatorit-intre-bucuresti-si-new-york-la-un-an-de-la-reluarea-zborurilor-directe-durata-medie-a-unui-zbor-a-fost-de-aproximativ-zece-ore.html?utm_source=rss&amp;utm_medium=rss&amp;utm_campaign=peste-40-000-de-pasageri-au-calatorit-intre-bucuresti-si-new-york-la-un-an-de-la-reluarea-zborurilor-directe-durata-medie-a-unui-zbor-a-fost-de-aproximativ-zece-ore\">G4Media<\/a>, via Agerpres. <\/strong><\/p>\n\n\n\n<p>\u00cencep\u00e2nd cu sezonul de var\u0103 2025, HiSky a extins programul opera\u0163ional la cinci frecven\u0163e s\u0103pt\u0103m\u00e2nale, \u00een zilele de luni, miercuri, vineri, s\u00e2mb\u0103t\u0103 \u015fi duminic\u0103.<\/p>\n\n\n\n<p>Zborurile directe c\u0103tre Statele Unite au fost relansate pe 7 iunie 2024. Atunci, la ora 08:30, a decolat zborul H4101, de pe aeroportul Henri Coand\u0103, c\u0103tre New York. Acesta a fost primul zbor transatlantic direct, cu plecare din Rom\u00e2nia, efectuat de o companie aerian\u0103 de linie, dup\u0103 mai mult de 20 de ani. Aeronava Airbus A330, cu \u00eenmatricularea rom\u00e2neasc\u0103 YR-KID, a aterizat pe aeroportul JFK, din metropola american\u0103, la ora local\u0103 11:35, dup\u0103 o c\u0103l\u0103torie ne\u00eentrerupt\u0103 de aproximativ 10 ore.\u00a0<\/p>\n\n\n\n<p>Aeronava long-courier, utilizat\u0103 pentru efectuarea zborului peste ocean, Airbus A330-200, este prima de acest tip \u00eenregistrat\u0103 \u00een Rom\u00e2nia \u0219i a intrat \u00een flota companiei HiSky \u00een luna decembrie 2023. Cu o autonomie de peste 14 ore \u0219i o vitez\u0103 de croazier\u0103 de 870 km\/h, A330-200 este unul dintre cele mai populare modele wide-body, propulsat de dou\u0103 motoare Rolls Royce Trent 772B. Aeronava care a decolat c\u0103tre New York are o configura\u021bie cu dou\u0103 culoare \u0219i un num\u0103r total de 275 de locuri, \u00eemp\u0103r\u021bite \u00een dou\u0103 clase de servicii, business \u0219i economic.<\/p>\n\n\n\n<p>Pentru zborul inaugural Bucure\u015fti &#8211; New York, la man\u0219a aeronavei s-a aflat chiar directorul general al companiei HiSky, Iulian Scorpan, pilot comandant, cu o experien\u021b\u0103 de peste 20 de ani.\u00a0<\/p>\n\n\n\n<p>Ruta direct\u0103 Bucure\u015fti-New York poate fi accesat\u0103 \u0219i de pasagerii din Cluj Napoca \u0219i Chi\u0219in\u0103u. \u00cen sistemul de rezerv\u0103ri al companiei este disponibil\u0103 op\u021biunea de achizi\u021bie direct\u0103 a zborurilor, cu o conexiune de o or\u0103 \u0219i 10 minute, pe aeroportul din Bucure\u0219ti.\u00a0<\/p>\n\n\n\n<p><strong>CITE\u015eTE \u015eI:<\/strong> <a href=\"https:\/\/buletin.de\/bucuresti\/ministrul-mediului-ameninta-cu-demiteri-daca-va-fi-deschis-drumul-prin-padurea-baneasa-pentru-cartierul-greenfield\/\">Ministrul Mediului amenin\u021b\u0103 cu demiteri dac\u0103 va fi deschis drumul prin p\u0103durea B\u0103neasa, pentru cartierul Greenfield<\/a><br><\/p>\n","protected":false},"excerpt":{"rendered":"<p>Ruta Bucure\u015fti &#8211; New York a \u00eensumat 40.000 de pasageri \u00eentr-un an de la relansarea zborurilor din Rom\u00e2nia, direct c\u0103tre Statele Unite, anun\u0163\u0103 compania HiSky, printr-un comunicat preluat de G4Media, via Agerpres. \u00cencep\u00e2nd cu sezonul de var\u0103 2025, HiSky a extins programul opera\u0163ional la cinci frecven\u0163e s\u0103pt\u0103m\u00e2nale, \u00een zilele de luni, miercuri, vineri, s\u00e2mb\u0103t\u0103 \u015fi [&hellip;]<\/p>\n","protected":false},"author":1,"featured_media":134100,"comment_status":"closed","ping_status":"open","sticky":false,"template":"","format":"standard","meta":{"_acf_changed":false,"inline_featured_image":false,"ngg_post_thumbnail":0,"footnotes":""},"categories":[6994,62,650],"tags":[21957,21956,21955],"ppma_author":[22583],"class_list":["post-134099","post","type-post","status-publish","format-standard","has-post-thumbnail","hentry","category-stiri-2","category-stiri","category-transport","tag-bilant-ruta-spre-sua","tag-bucuresti-new-york","tag-hisky"],"acf":[],"yoast_head":"<!-- This site is optimized with the Yoast SEO Premium plugin v25.3 (Yoast SEO v27.5) - https:\/\/yoast.com\/product\/yoast-seo-premium-wordpress\/ -->\n<title>40.000 de pasageri pe ruta Bucure\u015fti - New York, la un an de la relansarea rutei, dup\u0103 o pauz\u0103 de mai bine de dou\u0103 decenii - Buletin de Bucure\u0219ti<\/title>\n<meta name=\"description\" content=\"Ruta Bucure\u015fti - New York a \u00eensumat 40.000 de pasageri \u00eentr-un an de la relansarea zborurilor din Rom\u00e2nia, direct c\u0103tre Statele Unite\" \/>\n<meta name=\"robots\" content=\"index, follow, max-snippet:-1, max-image-preview:large, max-video-preview:-1\" \/>\n<link rel=\"canonical\" href=\"https:\/\/buletin.de\/bucuresti\/40-000-de-pasageri-pe-ruta-bucuresti-new-york-la-un-an-de-la-relansarea-rutei-dupa-o-pauza-de-mai-bine-de-doua-decenii\/\" \/>\n<meta property=\"og:locale\" content=\"en_GB\" \/>\n<meta property=\"og:type\" content=\"article\" \/>\n<meta property=\"og:title\" content=\"40.000 de pasageri pe ruta Bucure\u015fti - New York, la un an de la relansarea rutei, dup\u0103 o pauz\u0103 de mai bine de dou\u0103 decenii\" \/>\n<meta property=\"og:description\" content=\"Ruta Bucure\u015fti - New York a \u00eensumat 40.000 de pasageri \u00eentr-un an de la relansarea zborurilor din Rom\u00e2nia, direct c\u0103tre Statele Unite\" \/>\n<meta property=\"og:url\" content=\"https:\/\/buletin.de\/bucuresti\/40-000-de-pasageri-pe-ruta-bucuresti-new-york-la-un-an-de-la-relansarea-rutei-dupa-o-pauza-de-mai-bine-de-doua-decenii\/\" \/>\n<meta property=\"og:site_name\" content=\"Buletin de Bucure\u0219ti\" \/>\n<meta property=\"article:publisher\" content=\"https:\/\/www.facebook.com\/buletin.de.buc\" \/>\n<meta property=\"article:published_time\" content=\"2025-06-08T09:54:24+00:00\" \/>\n<meta property=\"og:image\" content=\"https:\/\/buletin.de\/bucuresti\/wp-content\/uploads\/2025\/06\/aeroport-new-york-via-unsplash-scaled.jpg\" \/>\n\t<meta property=\"og:image:width\" content=\"2560\" \/>\n\t<meta property=\"og:image:height\" content=\"1707\" \/>\n\t<meta property=\"og:image:type\" content=\"image\/jpeg\" \/>\n<meta name=\"author\" content=\"Redac\u021bia Buletin de Bucure\u0219ti\" \/>\n<meta name=\"twitter:card\" content=\"summary_large_image\" \/>\n<meta name=\"twitter:label1\" content=\"Written by\" \/>\n\t<meta name=\"twitter:data1\" content=\"Redac\u021bia Buletin de Bucure\u0219ti\" \/>\n\t<meta name=\"twitter:label2\" content=\"Estimated reading time\" \/>\n\t<meta name=\"twitter:data2\" content=\"2 minutes\" \/>\n<script type=\"application\/ld+json\" class=\"yoast-schema-graph\">{\"@context\":\"https:\\\/\\\/schema.org\",\"@graph\":[{\"@type\":\"Article\",\"@id\":\"https:\\\/\\\/buletin.de\\\/bucuresti\\\/40-000-de-pasageri-pe-ruta-bucuresti-new-york-la-un-an-de-la-relansarea-rutei-dupa-o-pauza-de-mai-bine-de-doua-decenii\\\/#article\",\"isPartOf\":{\"@id\":\"https:\\\/\\\/buletin.de\\\/bucuresti\\\/40-000-de-pasageri-pe-ruta-bucuresti-new-york-la-un-an-de-la-relansarea-rutei-dupa-o-pauza-de-mai-bine-de-doua-decenii\\\/\"},\"author\":{\"name\":\"Redac\u021bia Buletin de Bucure\u0219ti\",\"@id\":\"https:\\\/\\\/buletin.de\\\/bucuresti\\\/#\\\/schema\\\/person\\\/2bbcf854e5f2419a13804af574d06ab1\"},\"headline\":\"40.000 de pasageri pe ruta Bucure\u015fti &#8211; New York, la un an de la relansarea rutei, dup\u0103 o pauz\u0103 de mai bine de dou\u0103 decenii\",\"datePublished\":\"2025-06-08T09:54:24+00:00\",\"mainEntityOfPage\":{\"@id\":\"https:\\\/\\\/buletin.de\\\/bucuresti\\\/40-000-de-pasageri-pe-ruta-bucuresti-new-york-la-un-an-de-la-relansarea-rutei-dupa-o-pauza-de-mai-bine-de-doua-decenii\\\/\"},\"wordCount\":368,\"publisher\":{\"@id\":\"https:\\\/\\\/buletin.de\\\/bucuresti\\\/#organization\"},\"image\":{\"@id\":\"https:\\\/\\\/buletin.de\\\/bucuresti\\\/40-000-de-pasageri-pe-ruta-bucuresti-new-york-la-un-an-de-la-relansarea-rutei-dupa-o-pauza-de-mai-bine-de-doua-decenii\\\/#primaryimage\"},\"thumbnailUrl\":\"https:\\\/\\\/buletin.de\\\/bucuresti\\\/wp-content\\\/uploads\\\/2025\\\/06\\\/aeroport-new-york-via-unsplash-scaled.jpg\",\"keywords\":[\"bilant ruta spre sua\",\"bucuresti new york\",\"hisky\"],\"articleSection\":[\"Articole\",\"\u0218tiri\",\"Transport\"],\"inLanguage\":\"en-GB\",\"copyrightYear\":\"2025\",\"copyrightHolder\":{\"@id\":\"https:\\\/\\\/buletin.de\\\/bucuresti\\\/#organization\"}},{\"@type\":\"WebPage\",\"@id\":\"https:\\\/\\\/buletin.de\\\/bucuresti\\\/40-000-de-pasageri-pe-ruta-bucuresti-new-york-la-un-an-de-la-relansarea-rutei-dupa-o-pauza-de-mai-bine-de-doua-decenii\\\/\",\"url\":\"https:\\\/\\\/buletin.de\\\/bucuresti\\\/40-000-de-pasageri-pe-ruta-bucuresti-new-york-la-un-an-de-la-relansarea-rutei-dupa-o-pauza-de-mai-bine-de-doua-decenii\\\/\",\"name\":\"40.000 de pasageri pe ruta Bucure\u015fti - New York, la un an de la relansarea rutei, dup\u0103 o pauz\u0103 de mai bine de dou\u0103 decenii - Buletin de Bucure\u0219ti\",\"isPartOf\":{\"@id\":\"https:\\\/\\\/buletin.de\\\/bucuresti\\\/#website\"},\"primaryImageOfPage\":{\"@id\":\"https:\\\/\\\/buletin.de\\\/bucuresti\\\/40-000-de-pasageri-pe-ruta-bucuresti-new-york-la-un-an-de-la-relansarea-rutei-dupa-o-pauza-de-mai-bine-de-doua-decenii\\\/#primaryimage\"},\"image\":{\"@id\":\"https:\\\/\\\/buletin.de\\\/bucuresti\\\/40-000-de-pasageri-pe-ruta-bucuresti-new-york-la-un-an-de-la-relansarea-rutei-dupa-o-pauza-de-mai-bine-de-doua-decenii\\\/#primaryimage\"},\"thumbnailUrl\":\"https:\\\/\\\/buletin.de\\\/bucuresti\\\/wp-content\\\/uploads\\\/2025\\\/06\\\/aeroport-new-york-via-unsplash-scaled.jpg\",\"datePublished\":\"2025-06-08T09:54:24+00:00\",\"description\":\"Ruta Bucure\u015fti - New York a \u00eensumat 40.000 de pasageri \u00eentr-un an de la relansarea zborurilor din Rom\u00e2nia, direct c\u0103tre Statele Unite\",\"breadcrumb\":{\"@id\":\"https:\\\/\\\/buletin.de\\\/bucuresti\\\/40-000-de-pasageri-pe-ruta-bucuresti-new-york-la-un-an-de-la-relansarea-rutei-dupa-o-pauza-de-mai-bine-de-doua-decenii\\\/#breadcrumb\"},\"inLanguage\":\"en-GB\",\"potentialAction\":[{\"@type\":\"ReadAction\",\"target\":[\"https:\\\/\\\/buletin.de\\\/bucuresti\\\/40-000-de-pasageri-pe-ruta-bucuresti-new-york-la-un-an-de-la-relansarea-rutei-dupa-o-pauza-de-mai-bine-de-doua-decenii\\\/\"]}]},{\"@type\":\"ImageObject\",\"inLanguage\":\"en-GB\",\"@id\":\"https:\\\/\\\/buletin.de\\\/bucuresti\\\/40-000-de-pasageri-pe-ruta-bucuresti-new-york-la-un-an-de-la-relansarea-rutei-dupa-o-pauza-de-mai-bine-de-doua-decenii\\\/#primaryimage\",\"url\":\"https:\\\/\\\/buletin.de\\\/bucuresti\\\/wp-content\\\/uploads\\\/2025\\\/06\\\/aeroport-new-york-via-unsplash-scaled.jpg\",\"contentUrl\":\"https:\\\/\\\/buletin.de\\\/bucuresti\\\/wp-content\\\/uploads\\\/2025\\\/06\\\/aeroport-new-york-via-unsplash-scaled.jpg\",\"width\":2250,\"height\":1500,\"caption\":\"Bilan\u0163 pe ruta Bucure\u015fti - New York. FOTO: unsplash.com\"},{\"@type\":\"BreadcrumbList\",\"@id\":\"https:\\\/\\\/buletin.de\\\/bucuresti\\\/40-000-de-pasageri-pe-ruta-bucuresti-new-york-la-un-an-de-la-relansarea-rutei-dupa-o-pauza-de-mai-bine-de-doua-decenii\\\/#breadcrumb\",\"itemListElement\":[{\"@type\":\"ListItem\",\"position\":1,\"name\":\"Acas\u0103\",\"item\":\"https:\\\/\\\/buletin.de\\\/bucuresti\\\/\"},{\"@type\":\"ListItem\",\"position\":2,\"name\":\"40.000 de pasageri pe ruta Bucure\u015fti &#8211; New York, la un an de la relansarea rutei, dup\u0103 o pauz\u0103 de mai bine de dou\u0103 decenii\"}]},{\"@type\":\"WebSite\",\"@id\":\"https:\\\/\\\/buletin.de\\\/bucuresti\\\/#website\",\"url\":\"https:\\\/\\\/buletin.de\\\/bucuresti\\\/\",\"name\":\"Buletin de Bucure\u0219ti\",\"description\":\"\u0218tiri \u0219i investiga\u021bii esen\u021biale din capital\u0103\",\"publisher\":{\"@id\":\"https:\\\/\\\/buletin.de\\\/bucuresti\\\/#organization\"},\"potentialAction\":[{\"@type\":\"SearchAction\",\"target\":{\"@type\":\"EntryPoint\",\"urlTemplate\":\"https:\\\/\\\/buletin.de\\\/bucuresti\\\/?s={search_term_string}\"},\"query-input\":{\"@type\":\"PropertyValueSpecification\",\"valueRequired\":true,\"valueName\":\"search_term_string\"}}],\"inLanguage\":\"en-GB\"},{\"@type\":\"Organization\",\"@id\":\"https:\\\/\\\/buletin.de\\\/bucuresti\\\/#organization\",\"name\":\"Buletin de Bucure\u0219ti\",\"url\":\"https:\\\/\\\/buletin.de\\\/bucuresti\\\/\",\"logo\":{\"@type\":\"ImageObject\",\"inLanguage\":\"en-GB\",\"@id\":\"https:\\\/\\\/buletin.de\\\/bucuresti\\\/#\\\/schema\\\/logo\\\/image\\\/\",\"url\":\"https:\\\/\\\/buletin.de\\\/bucuresti\\\/wp-content\\\/uploads\\\/logo-bdb-full-wide-vernil-transparent.png\",\"contentUrl\":\"https:\\\/\\\/buletin.de\\\/bucuresti\\\/wp-content\\\/uploads\\\/logo-bdb-full-wide-vernil-transparent.png\",\"width\":1782,\"height\":626,\"caption\":\"Buletin de Bucure\u0219ti\"},\"image\":{\"@id\":\"https:\\\/\\\/buletin.de\\\/bucuresti\\\/#\\\/schema\\\/logo\\\/image\\\/\"},\"sameAs\":[\"https:\\\/\\\/www.facebook.com\\\/buletin.de.buc\",\"https:\\\/\\\/www.instagram.com\\\/buletinde.bucuresti\\\/\"]},{\"@type\":\"Person\",\"@id\":\"https:\\\/\\\/buletin.de\\\/bucuresti\\\/#\\\/schema\\\/person\\\/2bbcf854e5f2419a13804af574d06ab1\",\"name\":\"Redac\u021bia Buletin de Bucure\u0219ti\",\"image\":{\"@type\":\"ImageObject\",\"inLanguage\":\"en-GB\",\"@id\":\"https:\\\/\\\/secure.gravatar.com\\\/avatar\\\/18c5342381ed1a08620e6280424e3e5efc958618f5d67c522c9e44c1bc6f9226?s=96&d=monsterid&r=g60c7cd0ad92c68c049fcd4bb3504d609\",\"url\":\"https:\\\/\\\/secure.gravatar.com\\\/avatar\\\/18c5342381ed1a08620e6280424e3e5efc958618f5d67c522c9e44c1bc6f9226?s=96&d=monsterid&r=g\",\"contentUrl\":\"https:\\\/\\\/secure.gravatar.com\\\/avatar\\\/18c5342381ed1a08620e6280424e3e5efc958618f5d67c522c9e44c1bc6f9226?s=96&d=monsterid&r=g\",\"caption\":\"Redac\u021bia Buletin de Bucure\u0219ti\"},\"description\":\"Buletin de Bucure\u0219ti exist\u0103 din vara anului 2019.\",\"url\":\"https:\\\/\\\/buletin.de\\\/bucuresti\\\/author\\\/adminbuletin\\\/\"}]}<\/script>\n<!-- \/ Yoast SEO Premium plugin. -->","yoast_head_json":{"title":"40.000 de pasageri pe ruta Bucure\u015fti - New York, la un an de la relansarea rutei, dup\u0103 o pauz\u0103 de mai bine de dou\u0103 decenii - Buletin de Bucure\u0219ti","description":"Ruta Bucure\u015fti - New York a \u00eensumat 40.000 de pasageri \u00eentr-un an de la relansarea zborurilor din Rom\u00e2nia, direct c\u0103tre Statele Unite","robots":{"index":"index","follow":"follow","max-snippet":"max-snippet:-1","max-image-preview":"max-image-preview:large","max-video-preview":"max-video-preview:-1"},"canonical":"https:\/\/buletin.de\/bucuresti\/40-000-de-pasageri-pe-ruta-bucuresti-new-york-la-un-an-de-la-relansarea-rutei-dupa-o-pauza-de-mai-bine-de-doua-decenii\/","og_locale":"en_GB","og_type":"article","og_title":"40.000 de pasageri pe ruta Bucure\u015fti - New York, la un an de la relansarea rutei, dup\u0103 o pauz\u0103 de mai bine de dou\u0103 decenii","og_description":"Ruta Bucure\u015fti - New York a \u00eensumat 40.000 de pasageri \u00eentr-un an de la relansarea zborurilor din Rom\u00e2nia, direct c\u0103tre Statele Unite","og_url":"https:\/\/buletin.de\/bucuresti\/40-000-de-pasageri-pe-ruta-bucuresti-new-york-la-un-an-de-la-relansarea-rutei-dupa-o-pauza-de-mai-bine-de-doua-decenii\/","og_site_name":"Buletin de Bucure\u0219ti","article_publisher":"https:\/\/www.facebook.com\/buletin.de.buc","article_published_time":"2025-06-08T09:54:24+00:00","og_image":[{"width":2560,"height":1707,"url":"https:\/\/buletin.de\/bucuresti\/wp-content\/uploads\/2025\/06\/aeroport-new-york-via-unsplash-scaled.jpg","type":"image\/jpeg"}],"author":"Redac\u021bia Buletin de Bucure\u0219ti","twitter_card":"summary_large_image","twitter_misc":{"Written by":"Redac\u021bia Buletin de Bucure\u0219ti","Estimated reading time":"2 minutes"},"schema":{"@context":"https:\/\/schema.org","@graph":[{"@type":"Article","@id":"https:\/\/buletin.de\/bucuresti\/40-000-de-pasageri-pe-ruta-bucuresti-new-york-la-un-an-de-la-relansarea-rutei-dupa-o-pauza-de-mai-bine-de-doua-decenii\/#article","isPartOf":{"@id":"https:\/\/buletin.de\/bucuresti\/40-000-de-pasageri-pe-ruta-bucuresti-new-york-la-un-an-de-la-relansarea-rutei-dupa-o-pauza-de-mai-bine-de-doua-decenii\/"},"author":{"name":"Redac\u021bia Buletin de Bucure\u0219ti","@id":"https:\/\/buletin.de\/bucuresti\/#\/schema\/person\/2bbcf854e5f2419a13804af574d06ab1"},"headline":"40.000 de pasageri pe ruta Bucure\u015fti &#8211; New York, la un an de la relansarea rutei, dup\u0103 o pauz\u0103 de mai bine de dou\u0103 decenii","datePublished":"2025-06-08T09:54:24+00:00","mainEntityOfPage":{"@id":"https:\/\/buletin.de\/bucuresti\/40-000-de-pasageri-pe-ruta-bucuresti-new-york-la-un-an-de-la-relansarea-rutei-dupa-o-pauza-de-mai-bine-de-doua-decenii\/"},"wordCount":368,"publisher":{"@id":"https:\/\/buletin.de\/bucuresti\/#organization"},"image":{"@id":"https:\/\/buletin.de\/bucuresti\/40-000-de-pasageri-pe-ruta-bucuresti-new-york-la-un-an-de-la-relansarea-rutei-dupa-o-pauza-de-mai-bine-de-doua-decenii\/#primaryimage"},"thumbnailUrl":"https:\/\/buletin.de\/bucuresti\/wp-content\/uploads\/2025\/06\/aeroport-new-york-via-unsplash-scaled.jpg","keywords":["bilant ruta spre sua","bucuresti new york","hisky"],"articleSection":["Articole","\u0218tiri","Transport"],"inLanguage":"en-GB","copyrightYear":"2025","copyrightHolder":{"@id":"https:\/\/buletin.de\/bucuresti\/#organization"}},{"@type":"WebPage","@id":"https:\/\/buletin.de\/bucuresti\/40-000-de-pasageri-pe-ruta-bucuresti-new-york-la-un-an-de-la-relansarea-rutei-dupa-o-pauza-de-mai-bine-de-doua-decenii\/","url":"https:\/\/buletin.de\/bucuresti\/40-000-de-pasageri-pe-ruta-bucuresti-new-york-la-un-an-de-la-relansarea-rutei-dupa-o-pauza-de-mai-bine-de-doua-decenii\/","name":"40.000 de pasageri pe ruta Bucure\u015fti - New York, la un an de la relansarea rutei, dup\u0103 o pauz\u0103 de mai bine de dou\u0103 decenii - Buletin de Bucure\u0219ti","isPartOf":{"@id":"https:\/\/buletin.de\/bucuresti\/#website"},"primaryImageOfPage":{"@id":"https:\/\/buletin.de\/bucuresti\/40-000-de-pasageri-pe-ruta-bucuresti-new-york-la-un-an-de-la-relansarea-rutei-dupa-o-pauza-de-mai-bine-de-doua-decenii\/#primaryimage"},"image":{"@id":"https:\/\/buletin.de\/bucuresti\/40-000-de-pasageri-pe-ruta-bucuresti-new-york-la-un-an-de-la-relansarea-rutei-dupa-o-pauza-de-mai-bine-de-doua-decenii\/#primaryimage"},"thumbnailUrl":"https:\/\/buletin.de\/bucuresti\/wp-content\/uploads\/2025\/06\/aeroport-new-york-via-unsplash-scaled.jpg","datePublished":"2025-06-08T09:54:24+00:00","description":"Ruta Bucure\u015fti - New York a \u00eensumat 40.000 de pasageri \u00eentr-un an de la relansarea zborurilor din Rom\u00e2nia, direct c\u0103tre Statele Unite","breadcrumb":{"@id":"https:\/\/buletin.de\/bucuresti\/40-000-de-pasageri-pe-ruta-bucuresti-new-york-la-un-an-de-la-relansarea-rutei-dupa-o-pauza-de-mai-bine-de-doua-decenii\/#breadcrumb"},"inLanguage":"en-GB","potentialAction":[{"@type":"ReadAction","target":["https:\/\/buletin.de\/bucuresti\/40-000-de-pasageri-pe-ruta-bucuresti-new-york-la-un-an-de-la-relansarea-rutei-dupa-o-pauza-de-mai-bine-de-doua-decenii\/"]}]},{"@type":"ImageObject","inLanguage":"en-GB","@id":"https:\/\/buletin.de\/bucuresti\/40-000-de-pasageri-pe-ruta-bucuresti-new-york-la-un-an-de-la-relansarea-rutei-dupa-o-pauza-de-mai-bine-de-doua-decenii\/#primaryimage","url":"https:\/\/buletin.de\/bucuresti\/wp-content\/uploads\/2025\/06\/aeroport-new-york-via-unsplash-scaled.jpg","contentUrl":"https:\/\/buletin.de\/bucuresti\/wp-content\/uploads\/2025\/06\/aeroport-new-york-via-unsplash-scaled.jpg","width":2250,"height":1500,"caption":"Bilan\u0163 pe ruta Bucure\u015fti - New York. FOTO: unsplash.com"},{"@type":"BreadcrumbList","@id":"https:\/\/buletin.de\/bucuresti\/40-000-de-pasageri-pe-ruta-bucuresti-new-york-la-un-an-de-la-relansarea-rutei-dupa-o-pauza-de-mai-bine-de-doua-decenii\/#breadcrumb","itemListElement":[{"@type":"ListItem","position":1,"name":"Acas\u0103","item":"https:\/\/buletin.de\/bucuresti\/"},{"@type":"ListItem","position":2,"name":"40.000 de pasageri pe ruta Bucure\u015fti &#8211; New York, la un an de la relansarea rutei, dup\u0103 o pauz\u0103 de mai bine de dou\u0103 decenii"}]},{"@type":"WebSite","@id":"https:\/\/buletin.de\/bucuresti\/#website","url":"https:\/\/buletin.de\/bucuresti\/","name":"Buletin de Bucure\u0219ti","description":"\u0218tiri \u0219i investiga\u021bii esen\u021biale din capital\u0103","publisher":{"@id":"https:\/\/buletin.de\/bucuresti\/#organization"},"potentialAction":[{"@type":"SearchAction","target":{"@type":"EntryPoint","urlTemplate":"https:\/\/buletin.de\/bucuresti\/?s={search_term_string}"},"query-input":{"@type":"PropertyValueSpecification","valueRequired":true,"valueName":"search_term_string"}}],"inLanguage":"en-GB"},{"@type":"Organization","@id":"https:\/\/buletin.de\/bucuresti\/#organization","name":"Buletin de Bucure\u0219ti","url":"https:\/\/buletin.de\/bucuresti\/","logo":{"@type":"ImageObject","inLanguage":"en-GB","@id":"https:\/\/buletin.de\/bucuresti\/#\/schema\/logo\/image\/","url":"https:\/\/buletin.de\/bucuresti\/wp-content\/uploads\/logo-bdb-full-wide-vernil-transparent.png","contentUrl":"https:\/\/buletin.de\/bucuresti\/wp-content\/uploads\/logo-bdb-full-wide-vernil-transparent.png","width":1782,"height":626,"caption":"Buletin de Bucure\u0219ti"},"image":{"@id":"https:\/\/buletin.de\/bucuresti\/#\/schema\/logo\/image\/"},"sameAs":["https:\/\/www.facebook.com\/buletin.de.buc","https:\/\/www.instagram.com\/buletinde.bucuresti\/"]},{"@type":"Person","@id":"https:\/\/buletin.de\/bucuresti\/#\/schema\/person\/2bbcf854e5f2419a13804af574d06ab1","name":"Redac\u021bia Buletin de Bucure\u0219ti","image":{"@type":"ImageObject","inLanguage":"en-GB","@id":"https:\/\/secure.gravatar.com\/avatar\/18c5342381ed1a08620e6280424e3e5efc958618f5d67c522c9e44c1bc6f9226?s=96&d=monsterid&r=g60c7cd0ad92c68c049fcd4bb3504d609","url":"https:\/\/secure.gravatar.com\/avatar\/18c5342381ed1a08620e6280424e3e5efc958618f5d67c522c9e44c1bc6f9226?s=96&d=monsterid&r=g","contentUrl":"https:\/\/secure.gravatar.com\/avatar\/18c5342381ed1a08620e6280424e3e5efc958618f5d67c522c9e44c1bc6f9226?s=96&d=monsterid&r=g","caption":"Redac\u021bia Buletin de Bucure\u0219ti"},"description":"Buletin de Bucure\u0219ti exist\u0103 din vara anului 2019.","url":"https:\/\/buletin.de\/bucuresti\/author\/adminbuletin\/"}]}},"authors":[{"term_id":22583,"user_id":1,"is_guest":0,"slug":"adminbuletin","display_name":"Redac\u021bia Buletin de Bucure\u0219ti","avatar_url":"https:\/\/secure.gravatar.com\/avatar\/18c5342381ed1a08620e6280424e3e5efc958618f5d67c522c9e44c1bc6f9226?s=96&d=monsterid&r=g","0":null,"1":"","2":"","3":"","4":"","5":"","6":"","7":"","8":""}],"_links":{"self":[{"href":"https:\/\/buletin.de\/bucuresti\/wp-json\/wp\/v2\/posts\/134099","targetHints":{"allow":["GET"]}}],"collection":[{"href":"https:\/\/buletin.de\/bucuresti\/wp-json\/wp\/v2\/posts"}],"about":[{"href":"https:\/\/buletin.de\/bucuresti\/wp-json\/wp\/v2\/types\/post"}],"author":[{"embeddable":true,"href":"https:\/\/buletin.de\/bucuresti\/wp-json\/wp\/v2\/users\/1"}],"replies":[{"embeddable":true,"href":"https:\/\/buletin.de\/bucuresti\/wp-json\/wp\/v2\/comments?post=134099"}],"version-history":[{"count":1,"href":"https:\/\/buletin.de\/bucuresti\/wp-json\/wp\/v2\/posts\/134099\/revisions"}],"predecessor-version":[{"id":134102,"href":"https:\/\/buletin.de\/bucuresti\/wp-json\/wp\/v2\/posts\/134099\/revisions\/134102"}],"wp:featuredmedia":[{"embeddable":true,"href":"https:\/\/buletin.de\/bucuresti\/wp-json\/wp\/v2\/media\/134100"}],"wp:attachment":[{"href":"https:\/\/buletin.de\/bucuresti\/wp-json\/wp\/v2\/media?parent=134099"}],"wp:term":[{"taxonomy":"category","embeddable":true,"href":"https:\/\/buletin.de\/bucuresti\/wp-json\/wp\/v2\/categories?post=134099"},{"taxonomy":"post_tag","embeddable":true,"href":"https:\/\/buletin.de\/bucuresti\/wp-json\/wp\/v2\/tags?post=134099"},{"taxonomy":"author","embeddable":true,"href":"https:\/\/buletin.de\/bucuresti\/wp-json\/wp\/v2\/ppma_author?post=134099"}],"curies":[{"name":"wp","href":"https:\/\/api.w.org\/{rel}","templated":true}]}}