{"id":134074,"date":"2025-06-08T12:34:27","date_gmt":"2025-06-08T09:34:27","guid":{"rendered":"https:\/\/buletin.de\/bucuresti\/?p=134074"},"modified":"2025-06-08T12:34:28","modified_gmt":"2025-06-08T09:34:28","slug":"fantanile-arteziene","status":"publish","type":"post","link":"https:\/\/buletin.de\/bucuresti\/fantanile-arteziene\/","title":{"rendered":"F\u00e2nt\u00e2nile arteziene de la Unirii nu vor func\u021biona \u00een perioada refacerii plan\u0219eului D\u00e2mbovi\u0163ei"},"content":{"rendered":"\n<p><strong>F\u00e2nt\u00e2nile arteziene din Pia\u021ba Unirii vor fi dezafectate de s\u0103pt\u0103m\u00e2na viitoare. M\u0103sura este luat\u0103 pentru a preg\u0103ti \u0219antierul necesar refacerii Plan\u0219eului Unirii. Acestea vor fi readuse \u00een loca\u021bie la finalul lucr\u0103rilor.<\/strong><\/p>\n\n\n\n<p>\u00cen aceste condi\u021bii, p\u00e2n\u0103 la terminarea lucr\u0103rilor, spectacolele \u201eSimfonia apei\u201d vor fi suspendate.<\/p>\n\n\n\n<p><strong>CITE\u0218TE \u0218I:<\/strong> <a href=\"https:\/\/buletin.de\/bucuresti\/splaiul-independentei-se-inchide-pe-un-tronson-pentru-lucrarile-la-planseul-unirii-ce-alte-restrictii-de-trafic-vor-fi-in-zona\/\">Plan\u0219eul Unirii | \u201eDrum provizoriu\u201c, dup\u0103 ce Splaiul Independen\u021bei se \u00eenchide pe un tronson. Ce alte restric\u021bii de trafic aduce \u0219antierul<\/a><\/p>\n\n\n\n<h2 class=\"wp-block-heading\" id=\"h-refacerea-plan\u0219eului-unirii-incepe-pe-10-iunie-fantanile-arteziene-vor-fi-dezafectate\">Refacerea Plan\u0219eului Unirii \u00eencepe pe 10 iunie. F\u00e2nt\u00e2nile arteziene vor fi dezafectate<\/h2>\n\n\n\n<p><strong>Splaiul Independen\u0163ei va fi \u00eenchis pe un tronson, \u00eentre Pia\u0163a Na\u0163iunilor Unite \u015fi Pia\u0163a Unirii, pentru lucr\u0103rile care vor \u00eencepe pe 10 iunie, pentru refacerea plan\u015feului Unirii. Se va amenaja un drum provizoriu, care s\u0103 preia fluxul de trafic g\u00e2tuit. Marile restric\u0163ii ar urma s\u0103 r\u0103m\u00e2n\u0103 \u00een vigoare circa jum\u0103tate de an.<\/strong><\/p>\n\n\n\n<p>Lucr\u0103rile vor \u00eencepe \u00een trei zone majore.<\/p>\n\n\n\n<p><strong>\u00cen primul r\u00e2nd<\/strong>, parcul din fa\u0163a magazinului Unirea va fi \u00eemprejmuit, astfel c\u0103 pietonii nu \u00eel vor mai putea traversa, ci doar ocoli. Acolo va fi organizarea de \u015fantier \u2013 vor fi aduse utilajele \u015fi depozitate materialele necesare. \u00cen plus, vor \u00eencepe lucr\u0103rile efective.<\/p>\n\n\n\n<p><strong>\u00cen al doilea r\u00e2nd<\/strong>, odat\u0103 cu \u00eenceperea vacan\u0163ei de var\u0103, se va lucra \u015fi \u00een fa\u0163a Hanului lui Manuc. Concret, vor \u00eencepe s\u0103 sparg\u0103 betonul acolo. La startul acestor lucr\u0103ri se va \u00eenchide Splaiul Independen\u0163ei, pe tronsonul sus amintit.<\/p>\n\n\n\n<p>Pentru \u015foferi, s-a g\u0103sit solu\u0163ia unui drum provizoriu, cu trei benzi, pe care \u00eel vor folosi cei care merg de pe bd. Corneliu Coposu, bd. Magheru, bd. Br\u0103tianu, c\u0103tre Patriarhie. \u00cen plus, autobuzele vor circula deviat \u015fi ele.<a href=\"https:\/\/thinkdigitaladro.hit.gemius.pl\/hitredir\/id=ofI1lHLJgPKFW6W142SkF.VnDquFxk7J_i_K5boIR6j.q7\/nc=0\/stparam=mfjljpsmgc\/fastid=fesdrcabkaeuermyusimntccdykc\/sarg=6776D3625D811AFC;\/inner=_ch_arch%3Dx86%7C_ch_pm%3DmacOS%7C_ch_pver%3D11.6.5%7C_ch_bits%3D64%7C_ch_mobile%3D0%7C_ch_wow64%3D0%7C_ch_brands%3D%7B%22Chromium%22%2C%22136.0.7103.93%22%7D%2C%7B%22Google%20Chrome%22%2C%22136.0.7103.93%22%7D%2C%7B%22Not.A%2FBrand%22%2C%2299.0.0.0%22%7D%7Cao_uniq%3Dnrnpeinlsnswtosgdedgicfh%7C;\/extra=;\/url=https:\/\/gdero.hit.gemius.pl\/lshitredir\/id=.WBFL2b4WYBe7I2bCyQ5p3aIP1JBFC9oACUhYi7rLQv.U7\/fastid=gxocjpefsnrnsmmohxhyzflneznb\/stparam=whgnbtgmbg\/roc=0\/url=https%3A%2F%2Fwww.bricodepot.ro%2Foferte%2Fofertele-lunii.html%3Futm_source%3Dthinkdigital%26utm_medium%3Ddirbuy_display%26utm_campaign%3DZen_04.06.2025-11.06.2025_Brico_MK_BlackFridayVara-AW_MIXEDMARKETING_LocalS_Display_imp_LocalS-Aw_Prosp_BFVara%26utm_content%3DLaunch_Interscroller\" target=\"_blank\" rel=\"noreferrer noopener\"><\/a><\/p>\n\n\n\n<figure class=\"wp-block-image\"><img fetchpriority=\"high\" decoding=\"async\" width=\"1000\" height=\"626\" src=\"data:image\/gif;base64,R0lGODlhAQABAAAAACH5BAEKAAEALAAAAAABAAEAAAICTAEAOw==\" data-src=\"https:\/\/buletin.de\/bucuresti\/wp-content\/uploads\/2025\/06\/WhatsApp-Image-2025-06-02-at-11.58.52-2-1000x626.jpeg\" alt=\"\" class=\"wp-image-132929 lazyload\" data-sizes=\"auto\" data-srcset=\"https:\/\/buletin.de\/bucuresti\/wp-content\/uploads\/2025\/06\/WhatsApp-Image-2025-06-02-at-11.58.52-2-1000x626.jpeg 1000w, https:\/\/buletin.de\/bucuresti\/wp-content\/uploads\/2025\/06\/WhatsApp-Image-2025-06-02-at-11.58.52-2-300x188.jpeg 300w, https:\/\/buletin.de\/bucuresti\/wp-content\/uploads\/2025\/06\/WhatsApp-Image-2025-06-02-at-11.58.52-2-768x481.jpeg 768w, https:\/\/buletin.de\/bucuresti\/wp-content\/uploads\/2025\/06\/WhatsApp-Image-2025-06-02-at-11.58.52-2-1536x961.jpeg 1536w, https:\/\/buletin.de\/bucuresti\/wp-content\/uploads\/2025\/06\/WhatsApp-Image-2025-06-02-at-11.58.52-2-1100x689.jpeg 1100w, https:\/\/buletin.de\/bucuresti\/wp-content\/uploads\/2025\/06\/WhatsApp-Image-2025-06-02-at-11.58.52-2-600x376.jpeg 600w, https:\/\/buletin.de\/bucuresti\/wp-content\/uploads\/2025\/06\/WhatsApp-Image-2025-06-02-at-11.58.52-2-20x13.jpeg 20w, https:\/\/buletin.de\/bucuresti\/wp-content\/uploads\/2025\/06\/WhatsApp-Image-2025-06-02-at-11.58.52-2.jpeg 1540w\" sizes=\"(max-width: 1000px) 100vw, 1000px\" \/><figcaption class=\"wp-element-caption\">FOTO: PS4<\/figcaption><\/figure>\n\n\n\n<p>Pe de alt\u0103 parte, se va circula normal pe Splaiul Independen\u0163ei, de la Pia\u0163a Unirii, spre Prim\u0103ria Capitalei.<\/p>\n\n\n\n<p>Fluxul rutier de pe Calea Victoriei va fi preluat de bulevardul Na\u0163iunile Unite \u015fi apoi bd. Libert\u0103\u0163ii \u015fi bd. Unirii.<\/p>\n\n\n\n<figure class=\"wp-block-image\"><a class=\"jl_gal_img\" href=\"https:\/\/buletin.de\/bucuresti\/wp-content\/uploads\/2025\/06\/WhatsApp-Image-2025-06-02-at-11.58.52-1-1.jpeg\"><img decoding=\"async\" width=\"1000\" height=\"625\" src=\"data:image\/gif;base64,R0lGODlhAQABAAAAACH5BAEKAAEALAAAAAABAAEAAAICTAEAOw==\" data-src=\"https:\/\/buletin.de\/bucuresti\/wp-content\/uploads\/2025\/06\/WhatsApp-Image-2025-06-02-at-11.58.52-1-1-1000x625.jpeg\" alt=\"\" class=\"wp-image-132930 lazyload\" data-sizes=\"auto\" data-srcset=\"https:\/\/buletin.de\/bucuresti\/wp-content\/uploads\/2025\/06\/WhatsApp-Image-2025-06-02-at-11.58.52-1-1-1000x625.jpeg 1000w, https:\/\/buletin.de\/bucuresti\/wp-content\/uploads\/2025\/06\/WhatsApp-Image-2025-06-02-at-11.58.52-1-1-300x188.jpeg 300w, https:\/\/buletin.de\/bucuresti\/wp-content\/uploads\/2025\/06\/WhatsApp-Image-2025-06-02-at-11.58.52-1-1-768x480.jpeg 768w, https:\/\/buletin.de\/bucuresti\/wp-content\/uploads\/2025\/06\/WhatsApp-Image-2025-06-02-at-11.58.52-1-1-1100x688.jpeg 1100w, https:\/\/buletin.de\/bucuresti\/wp-content\/uploads\/2025\/06\/WhatsApp-Image-2025-06-02-at-11.58.52-1-1-600x375.jpeg 600w, https:\/\/buletin.de\/bucuresti\/wp-content\/uploads\/2025\/06\/WhatsApp-Image-2025-06-02-at-11.58.52-1-1-20x13.jpeg 20w, https:\/\/buletin.de\/bucuresti\/wp-content\/uploads\/2025\/06\/WhatsApp-Image-2025-06-02-at-11.58.52-1-1.jpeg 1536w\" sizes=\"(max-width: 1000px) 100vw, 1000px\" \/><\/a><figcaption class=\"wp-element-caption\">FOTO: PS4<\/figcaption><\/figure>\n\n\n\n<p><strong>\u00cen al treilea r\u00e2nd<\/strong>, f\u00e2nt\u00e2na central\u0103 de la Unirii va fi relocat\u0103, dar f\u0103r\u0103 a fi afectat\u0103 circula\u0163ia.<\/p>\n\n\n\n<p>Planul este ca plan\u015feul existent s\u0103 fie \u201edesf\u0103cut\u201d, la fel \u015fi grinzile din prezent. Se vor \u00eenlocui \u015fi st\u00e2lpii vechi, ceea ce \u00eenseamn\u0103 c\u0103, de fapt, la finalul lucr\u0103rilor va fi o nou\u0103 structur\u0103 cu totul. \u00cen final, stratul de beton al plan\u015feului Unirii va avea circa\u00a0<strong>1.4 metri<\/strong>. Primarul spune c\u0103 noua structur\u0103 va avea o\u00a0<strong>durat\u0103 de via\u0163\u0103 de 100 de ani<\/strong>.<\/p>\n\n\n\n<p>Totodat\u0103, se va interveni \u015fi \u00een zona ambasadei Israelului, acolo unde, nu de mult, s-au pr\u0103bu\u015fit c\u00e2teva grinzi. Autorit\u0103\u0163ile vor interveni pentru a pune zona \u00een siguran\u0163\u0103.<\/p>\n\n\n\n<figure class=\"wp-block-image\"><a class=\"jl_gal_img\" href=\"https:\/\/buletin.de\/bucuresti\/wp-content\/uploads\/2025\/06\/WhatsApp-Image-2025-06-02-at-11.58.51.jpeg\"><img decoding=\"async\" width=\"1000\" height=\"613\" src=\"data:image\/gif;base64,R0lGODlhAQABAAAAACH5BAEKAAEALAAAAAABAAEAAAICTAEAOw==\" data-src=\"https:\/\/buletin.de\/bucuresti\/wp-content\/uploads\/2025\/06\/WhatsApp-Image-2025-06-02-at-11.58.51-1000x613.jpeg\" alt=\"\" class=\"wp-image-132932 lazyload\" data-sizes=\"auto\" data-srcset=\"https:\/\/buletin.de\/bucuresti\/wp-content\/uploads\/2025\/06\/WhatsApp-Image-2025-06-02-at-11.58.51-1000x613.jpeg 1000w, https:\/\/buletin.de\/bucuresti\/wp-content\/uploads\/2025\/06\/WhatsApp-Image-2025-06-02-at-11.58.51-300x184.jpeg 300w, https:\/\/buletin.de\/bucuresti\/wp-content\/uploads\/2025\/06\/WhatsApp-Image-2025-06-02-at-11.58.51-768x471.jpeg 768w, https:\/\/buletin.de\/bucuresti\/wp-content\/uploads\/2025\/06\/WhatsApp-Image-2025-06-02-at-11.58.51-1536x942.jpeg 1536w, https:\/\/buletin.de\/bucuresti\/wp-content\/uploads\/2025\/06\/WhatsApp-Image-2025-06-02-at-11.58.51-1100x674.jpeg 1100w, https:\/\/buletin.de\/bucuresti\/wp-content\/uploads\/2025\/06\/WhatsApp-Image-2025-06-02-at-11.58.51-600x368.jpeg 600w, https:\/\/buletin.de\/bucuresti\/wp-content\/uploads\/2025\/06\/WhatsApp-Image-2025-06-02-at-11.58.51-20x12.jpeg 20w, https:\/\/buletin.de\/bucuresti\/wp-content\/uploads\/2025\/06\/WhatsApp-Image-2025-06-02-at-11.58.51.jpeg 1600w\" sizes=\"(max-width: 1000px) 100vw, 1000px\" \/><\/a><figcaption class=\"wp-element-caption\">foto: PS4<\/figcaption><\/figure>\n\n\n\n<p>Primarul Daniel B\u0103lu\u0163\u0103 promite c\u0103 accesul la gurile de metrou nu va fi restric\u0163ionat \u00een niciun fel. \u00cen schimb, vor fi relocate sta\u0163iile STB care au, \u00een acest moment, amplasamentul pe locul viitorului \u015fantier.<\/p>\n\n\n\n<p>Edilul anun\u0163\u0103 c\u0103 se va lucra \u00een dou\u0103 sau trei schimburi. Al treilea schimb este \u00eenc\u0103 \u00een discu\u0163ie, pentru c\u0103 depinde inclusiv de riverani dac\u0103 vor tolera lucr\u0103ri pe timpul nop\u0163ii. Vor fi sute de muncitori, iar B\u0103lu\u0163\u0103 spune c\u0103, din perspectiva constructorilor, este posibil\u0103 organizarea unui al treilea schimb, la nevoie.<\/p>\n\n\n\n<p><strong>CITE\u0218TE \u0218I:<\/strong> <a href=\"https:\/\/buletin.de\/bucuresti\/ppc-energie\/\">Magazinele PPC Energie din Bucure\u0219ti \u0219i din jude\u021bele Giurgiu \u0219i Ilfov vor fi \u00eenchise pe 9 iunie<\/a><\/p>\n","protected":false},"excerpt":{"rendered":"<p>F\u00e2nt\u00e2nile arteziene din Pia\u021ba Unirii vor fi dezafectate de s\u0103pt\u0103m\u00e2na viitoare. M\u0103sura este luat\u0103 pentru a preg\u0103ti \u0219antierul necesar refacerii Plan\u0219eului Unirii. Acestea vor fi readuse \u00een loca\u021bie la finalul lucr\u0103rilor. \u00cen aceste condi\u021bii, p\u00e2n\u0103 la terminarea lucr\u0103rilor, spectacolele \u201eSimfonia apei\u201d vor fi suspendate. CITE\u0218TE \u0218I: Plan\u0219eul Unirii | \u201eDrum provizoriu\u201c, dup\u0103 ce Splaiul Independen\u021bei [&hellip;]<\/p>\n","protected":false},"author":49,"featured_media":131380,"comment_status":"closed","ping_status":"open","sticky":false,"template":"","format":"standard","meta":{"_acf_changed":false,"inline_featured_image":false,"ngg_post_thumbnail":0,"footnotes":""},"categories":[6994,5762,24],"tags":[5270,4898,21953,6932],"ppma_author":[22574],"class_list":["post-134074","post","type-post","status-publish","format-standard","has-post-thumbnail","hentry","category-stiri-2","category-main","category-primarie","tag-planseul-unirii","tag-ps4","tag-refacere-planseu-unirii","tag-simfonia-apei"],"acf":[],"yoast_head":"<!-- This site is optimized with the Yoast SEO Premium plugin v25.3 (Yoast SEO v27.4) - https:\/\/yoast.com\/product\/yoast-seo-premium-wordpress\/ -->\n<title>F\u00e2nt\u00e2nile arteziene de la Unirii nu vor func\u021biona \u00een perioada refacerii plan\u0219eului D\u00e2mbovi\u0163ei - Buletin de Bucure\u0219ti<\/title>\n<meta name=\"description\" content=\"F\u00e2nt\u00e2nile arteziene din Pia\u021ba Unirii vor fi dezafectate de s\u0103pt\u0103m\u00e2na viitoare. M\u0103sura este luat\u0103 pentru refaceea Plan\u0219eului Unirii.\" \/>\n<meta name=\"robots\" content=\"index, follow, max-snippet:-1, max-image-preview:large, max-video-preview:-1\" \/>\n<link rel=\"canonical\" href=\"https:\/\/buletin.de\/bucuresti\/fantanile-arteziene\/\" \/>\n<meta property=\"og:locale\" content=\"en_GB\" \/>\n<meta property=\"og:type\" content=\"article\" \/>\n<meta property=\"og:title\" content=\"F\u00e2nt\u00e2nile arteziene de la Unirii nu vor func\u021biona \u00een perioada refacerii plan\u0219eului D\u00e2mbovi\u0163ei\" \/>\n<meta property=\"og:description\" content=\"F\u00e2nt\u00e2nile arteziene din Pia\u021ba Unirii vor fi dezafectate de s\u0103pt\u0103m\u00e2na viitoare. M\u0103sura este luat\u0103 pentru refaceea Plan\u0219eului Unirii.\" \/>\n<meta property=\"og:url\" content=\"https:\/\/buletin.de\/bucuresti\/fantanile-arteziene\/\" \/>\n<meta property=\"og:site_name\" content=\"Buletin de Bucure\u0219ti\" \/>\n<meta property=\"article:publisher\" content=\"https:\/\/www.facebook.com\/buletin.de.buc\" \/>\n<meta property=\"article:published_time\" content=\"2025-06-08T09:34:27+00:00\" \/>\n<meta property=\"article:modified_time\" content=\"2025-06-08T09:34:28+00:00\" \/>\n<meta property=\"og:image\" content=\"https:\/\/buletin.de\/bucuresti\/wp-content\/uploads\/2025\/05\/fantanimuzicale.jpg\" \/>\n\t<meta property=\"og:image:width\" content=\"1019\" \/>\n\t<meta property=\"og:image:height\" content=\"763\" \/>\n\t<meta property=\"og:image:type\" content=\"image\/jpeg\" \/>\n<meta name=\"author\" content=\"Diana Matei\" \/>\n<meta name=\"twitter:card\" content=\"summary_large_image\" \/>\n<meta name=\"twitter:label1\" content=\"Written by\" \/>\n\t<meta name=\"twitter:data1\" content=\"Diana Matei\" \/>\n\t<meta name=\"twitter:label2\" content=\"Estimated reading time\" \/>\n\t<meta name=\"twitter:data2\" content=\"4 minutes\" \/>\n<script type=\"application\/ld+json\" class=\"yoast-schema-graph\">{\"@context\":\"https:\\\/\\\/schema.org\",\"@graph\":[{\"@type\":\"Article\",\"@id\":\"https:\\\/\\\/buletin.de\\\/bucuresti\\\/fantanile-arteziene\\\/#article\",\"isPartOf\":{\"@id\":\"https:\\\/\\\/buletin.de\\\/bucuresti\\\/fantanile-arteziene\\\/\"},\"author\":{\"name\":\"Diana Matei\",\"@id\":\"https:\\\/\\\/buletin.de\\\/bucuresti\\\/#\\\/schema\\\/person\\\/7e46040573290777280a0835d81ea4ea\"},\"headline\":\"F\u00e2nt\u00e2nile arteziene de la Unirii nu vor func\u021biona \u00een perioada refacerii plan\u0219eului D\u00e2mbovi\u0163ei\",\"datePublished\":\"2025-06-08T09:34:27+00:00\",\"dateModified\":\"2025-06-08T09:34:28+00:00\",\"mainEntityOfPage\":{\"@id\":\"https:\\\/\\\/buletin.de\\\/bucuresti\\\/fantanile-arteziene\\\/\"},\"wordCount\":603,\"publisher\":{\"@id\":\"https:\\\/\\\/buletin.de\\\/bucuresti\\\/#organization\"},\"image\":{\"@id\":\"https:\\\/\\\/buletin.de\\\/bucuresti\\\/fantanile-arteziene\\\/#primaryimage\"},\"thumbnailUrl\":\"https:\\\/\\\/buletin.de\\\/bucuresti\\\/wp-content\\\/uploads\\\/2025\\\/05\\\/fantanimuzicale.jpg\",\"keywords\":[\"planseul unirii\",\"ps4\",\"refacere Planseu Unirii\",\"simfonia apei\"],\"articleSection\":[\"Articole\",\"Main\",\"Prim\u0103rie\"],\"inLanguage\":\"en-GB\",\"copyrightYear\":\"2025\",\"copyrightHolder\":{\"@id\":\"https:\\\/\\\/buletin.de\\\/bucuresti\\\/#organization\"}},{\"@type\":\"WebPage\",\"@id\":\"https:\\\/\\\/buletin.de\\\/bucuresti\\\/fantanile-arteziene\\\/\",\"url\":\"https:\\\/\\\/buletin.de\\\/bucuresti\\\/fantanile-arteziene\\\/\",\"name\":\"F\u00e2nt\u00e2nile arteziene de la Unirii nu vor func\u021biona \u00een perioada refacerii plan\u0219eului D\u00e2mbovi\u0163ei - Buletin de Bucure\u0219ti\",\"isPartOf\":{\"@id\":\"https:\\\/\\\/buletin.de\\\/bucuresti\\\/#website\"},\"primaryImageOfPage\":{\"@id\":\"https:\\\/\\\/buletin.de\\\/bucuresti\\\/fantanile-arteziene\\\/#primaryimage\"},\"image\":{\"@id\":\"https:\\\/\\\/buletin.de\\\/bucuresti\\\/fantanile-arteziene\\\/#primaryimage\"},\"thumbnailUrl\":\"https:\\\/\\\/buletin.de\\\/bucuresti\\\/wp-content\\\/uploads\\\/2025\\\/05\\\/fantanimuzicale.jpg\",\"datePublished\":\"2025-06-08T09:34:27+00:00\",\"dateModified\":\"2025-06-08T09:34:28+00:00\",\"description\":\"F\u00e2nt\u00e2nile arteziene din Pia\u021ba Unirii vor fi dezafectate de s\u0103pt\u0103m\u00e2na viitoare. M\u0103sura este luat\u0103 pentru refaceea Plan\u0219eului Unirii.\",\"breadcrumb\":{\"@id\":\"https:\\\/\\\/buletin.de\\\/bucuresti\\\/fantanile-arteziene\\\/#breadcrumb\"},\"inLanguage\":\"en-GB\",\"potentialAction\":[{\"@type\":\"ReadAction\",\"target\":[\"https:\\\/\\\/buletin.de\\\/bucuresti\\\/fantanile-arteziene\\\/\"]}]},{\"@type\":\"ImageObject\",\"inLanguage\":\"en-GB\",\"@id\":\"https:\\\/\\\/buletin.de\\\/bucuresti\\\/fantanile-arteziene\\\/#primaryimage\",\"url\":\"https:\\\/\\\/buletin.de\\\/bucuresti\\\/wp-content\\\/uploads\\\/2025\\\/05\\\/fantanimuzicale.jpg\",\"contentUrl\":\"https:\\\/\\\/buletin.de\\\/bucuresti\\\/wp-content\\\/uploads\\\/2025\\\/05\\\/fantanimuzicale.jpg\",\"width\":1019,\"height\":763,\"caption\":\"F\u00e2nt\u00e2nile arteziene nu vor func\u021biona \u00een perioada refacerii Plan\u0219eului Unirii. FOTO: Arhiva\"},{\"@type\":\"BreadcrumbList\",\"@id\":\"https:\\\/\\\/buletin.de\\\/bucuresti\\\/fantanile-arteziene\\\/#breadcrumb\",\"itemListElement\":[{\"@type\":\"ListItem\",\"position\":1,\"name\":\"Acas\u0103\",\"item\":\"https:\\\/\\\/buletin.de\\\/bucuresti\\\/\"},{\"@type\":\"ListItem\",\"position\":2,\"name\":\"F\u00e2nt\u00e2nile arteziene de la Unirii nu vor func\u021biona \u00een perioada refacerii plan\u0219eului D\u00e2mbovi\u0163ei\"}]},{\"@type\":\"WebSite\",\"@id\":\"https:\\\/\\\/buletin.de\\\/bucuresti\\\/#website\",\"url\":\"https:\\\/\\\/buletin.de\\\/bucuresti\\\/\",\"name\":\"Buletin de Bucure\u0219ti\",\"description\":\"\u0218tiri \u0219i investiga\u021bii esen\u021biale din capital\u0103\",\"publisher\":{\"@id\":\"https:\\\/\\\/buletin.de\\\/bucuresti\\\/#organization\"},\"potentialAction\":[{\"@type\":\"SearchAction\",\"target\":{\"@type\":\"EntryPoint\",\"urlTemplate\":\"https:\\\/\\\/buletin.de\\\/bucuresti\\\/?s={search_term_string}\"},\"query-input\":{\"@type\":\"PropertyValueSpecification\",\"valueRequired\":true,\"valueName\":\"search_term_string\"}}],\"inLanguage\":\"en-GB\"},{\"@type\":\"Organization\",\"@id\":\"https:\\\/\\\/buletin.de\\\/bucuresti\\\/#organization\",\"name\":\"Buletin de Bucure\u0219ti\",\"url\":\"https:\\\/\\\/buletin.de\\\/bucuresti\\\/\",\"logo\":{\"@type\":\"ImageObject\",\"inLanguage\":\"en-GB\",\"@id\":\"https:\\\/\\\/buletin.de\\\/bucuresti\\\/#\\\/schema\\\/logo\\\/image\\\/\",\"url\":\"https:\\\/\\\/buletin.de\\\/bucuresti\\\/wp-content\\\/uploads\\\/logo-bdb-full-wide-vernil-transparent.png\",\"contentUrl\":\"https:\\\/\\\/buletin.de\\\/bucuresti\\\/wp-content\\\/uploads\\\/logo-bdb-full-wide-vernil-transparent.png\",\"width\":1782,\"height\":626,\"caption\":\"Buletin de Bucure\u0219ti\"},\"image\":{\"@id\":\"https:\\\/\\\/buletin.de\\\/bucuresti\\\/#\\\/schema\\\/logo\\\/image\\\/\"},\"sameAs\":[\"https:\\\/\\\/www.facebook.com\\\/buletin.de.buc\",\"https:\\\/\\\/www.instagram.com\\\/buletinde.bucuresti\\\/\"]},{\"@type\":\"Person\",\"@id\":\"https:\\\/\\\/buletin.de\\\/bucuresti\\\/#\\\/schema\\\/person\\\/7e46040573290777280a0835d81ea4ea\",\"name\":\"Diana Matei\",\"image\":{\"@type\":\"ImageObject\",\"inLanguage\":\"en-GB\",\"@id\":\"https:\\\/\\\/buletin.de\\\/bucuresti\\\/wp-content\\\/uploads\\\/9-2-96x96.jpg1e8590b30871d70e62ebcdaf2eff570c\",\"url\":\"https:\\\/\\\/buletin.de\\\/bucuresti\\\/wp-content\\\/uploads\\\/9-2-96x96.jpg\",\"contentUrl\":\"https:\\\/\\\/buletin.de\\\/bucuresti\\\/wp-content\\\/uploads\\\/9-2-96x96.jpg\",\"caption\":\"Diana Matei\"},\"url\":\"https:\\\/\\\/buletin.de\\\/bucuresti\\\/author\\\/dianamatei\\\/\"}]}<\/script>\n<!-- \/ Yoast SEO Premium plugin. -->","yoast_head_json":{"title":"F\u00e2nt\u00e2nile arteziene de la Unirii nu vor func\u021biona \u00een perioada refacerii plan\u0219eului D\u00e2mbovi\u0163ei - Buletin de Bucure\u0219ti","description":"F\u00e2nt\u00e2nile arteziene din Pia\u021ba Unirii vor fi dezafectate de s\u0103pt\u0103m\u00e2na viitoare. M\u0103sura este luat\u0103 pentru refaceea Plan\u0219eului Unirii.","robots":{"index":"index","follow":"follow","max-snippet":"max-snippet:-1","max-image-preview":"max-image-preview:large","max-video-preview":"max-video-preview:-1"},"canonical":"https:\/\/buletin.de\/bucuresti\/fantanile-arteziene\/","og_locale":"en_GB","og_type":"article","og_title":"F\u00e2nt\u00e2nile arteziene de la Unirii nu vor func\u021biona \u00een perioada refacerii plan\u0219eului D\u00e2mbovi\u0163ei","og_description":"F\u00e2nt\u00e2nile arteziene din Pia\u021ba Unirii vor fi dezafectate de s\u0103pt\u0103m\u00e2na viitoare. M\u0103sura este luat\u0103 pentru refaceea Plan\u0219eului Unirii.","og_url":"https:\/\/buletin.de\/bucuresti\/fantanile-arteziene\/","og_site_name":"Buletin de Bucure\u0219ti","article_publisher":"https:\/\/www.facebook.com\/buletin.de.buc","article_published_time":"2025-06-08T09:34:27+00:00","article_modified_time":"2025-06-08T09:34:28+00:00","og_image":[{"width":1019,"height":763,"url":"https:\/\/buletin.de\/bucuresti\/wp-content\/uploads\/2025\/05\/fantanimuzicale.jpg","type":"image\/jpeg"}],"author":"Diana Matei","twitter_card":"summary_large_image","twitter_misc":{"Written by":"Diana Matei","Estimated reading time":"4 minutes"},"schema":{"@context":"https:\/\/schema.org","@graph":[{"@type":"Article","@id":"https:\/\/buletin.de\/bucuresti\/fantanile-arteziene\/#article","isPartOf":{"@id":"https:\/\/buletin.de\/bucuresti\/fantanile-arteziene\/"},"author":{"name":"Diana Matei","@id":"https:\/\/buletin.de\/bucuresti\/#\/schema\/person\/7e46040573290777280a0835d81ea4ea"},"headline":"F\u00e2nt\u00e2nile arteziene de la Unirii nu vor func\u021biona \u00een perioada refacerii plan\u0219eului D\u00e2mbovi\u0163ei","datePublished":"2025-06-08T09:34:27+00:00","dateModified":"2025-06-08T09:34:28+00:00","mainEntityOfPage":{"@id":"https:\/\/buletin.de\/bucuresti\/fantanile-arteziene\/"},"wordCount":603,"publisher":{"@id":"https:\/\/buletin.de\/bucuresti\/#organization"},"image":{"@id":"https:\/\/buletin.de\/bucuresti\/fantanile-arteziene\/#primaryimage"},"thumbnailUrl":"https:\/\/buletin.de\/bucuresti\/wp-content\/uploads\/2025\/05\/fantanimuzicale.jpg","keywords":["planseul unirii","ps4","refacere Planseu Unirii","simfonia apei"],"articleSection":["Articole","Main","Prim\u0103rie"],"inLanguage":"en-GB","copyrightYear":"2025","copyrightHolder":{"@id":"https:\/\/buletin.de\/bucuresti\/#organization"}},{"@type":"WebPage","@id":"https:\/\/buletin.de\/bucuresti\/fantanile-arteziene\/","url":"https:\/\/buletin.de\/bucuresti\/fantanile-arteziene\/","name":"F\u00e2nt\u00e2nile arteziene de la Unirii nu vor func\u021biona \u00een perioada refacerii plan\u0219eului D\u00e2mbovi\u0163ei - Buletin de Bucure\u0219ti","isPartOf":{"@id":"https:\/\/buletin.de\/bucuresti\/#website"},"primaryImageOfPage":{"@id":"https:\/\/buletin.de\/bucuresti\/fantanile-arteziene\/#primaryimage"},"image":{"@id":"https:\/\/buletin.de\/bucuresti\/fantanile-arteziene\/#primaryimage"},"thumbnailUrl":"https:\/\/buletin.de\/bucuresti\/wp-content\/uploads\/2025\/05\/fantanimuzicale.jpg","datePublished":"2025-06-08T09:34:27+00:00","dateModified":"2025-06-08T09:34:28+00:00","description":"F\u00e2nt\u00e2nile arteziene din Pia\u021ba Unirii vor fi dezafectate de s\u0103pt\u0103m\u00e2na viitoare. M\u0103sura este luat\u0103 pentru refaceea Plan\u0219eului Unirii.","breadcrumb":{"@id":"https:\/\/buletin.de\/bucuresti\/fantanile-arteziene\/#breadcrumb"},"inLanguage":"en-GB","potentialAction":[{"@type":"ReadAction","target":["https:\/\/buletin.de\/bucuresti\/fantanile-arteziene\/"]}]},{"@type":"ImageObject","inLanguage":"en-GB","@id":"https:\/\/buletin.de\/bucuresti\/fantanile-arteziene\/#primaryimage","url":"https:\/\/buletin.de\/bucuresti\/wp-content\/uploads\/2025\/05\/fantanimuzicale.jpg","contentUrl":"https:\/\/buletin.de\/bucuresti\/wp-content\/uploads\/2025\/05\/fantanimuzicale.jpg","width":1019,"height":763,"caption":"F\u00e2nt\u00e2nile arteziene nu vor func\u021biona \u00een perioada refacerii Plan\u0219eului Unirii. FOTO: Arhiva"},{"@type":"BreadcrumbList","@id":"https:\/\/buletin.de\/bucuresti\/fantanile-arteziene\/#breadcrumb","itemListElement":[{"@type":"ListItem","position":1,"name":"Acas\u0103","item":"https:\/\/buletin.de\/bucuresti\/"},{"@type":"ListItem","position":2,"name":"F\u00e2nt\u00e2nile arteziene de la Unirii nu vor func\u021biona \u00een perioada refacerii plan\u0219eului D\u00e2mbovi\u0163ei"}]},{"@type":"WebSite","@id":"https:\/\/buletin.de\/bucuresti\/#website","url":"https:\/\/buletin.de\/bucuresti\/","name":"Buletin de Bucure\u0219ti","description":"\u0218tiri \u0219i investiga\u021bii esen\u021biale din capital\u0103","publisher":{"@id":"https:\/\/buletin.de\/bucuresti\/#organization"},"potentialAction":[{"@type":"SearchAction","target":{"@type":"EntryPoint","urlTemplate":"https:\/\/buletin.de\/bucuresti\/?s={search_term_string}"},"query-input":{"@type":"PropertyValueSpecification","valueRequired":true,"valueName":"search_term_string"}}],"inLanguage":"en-GB"},{"@type":"Organization","@id":"https:\/\/buletin.de\/bucuresti\/#organization","name":"Buletin de Bucure\u0219ti","url":"https:\/\/buletin.de\/bucuresti\/","logo":{"@type":"ImageObject","inLanguage":"en-GB","@id":"https:\/\/buletin.de\/bucuresti\/#\/schema\/logo\/image\/","url":"https:\/\/buletin.de\/bucuresti\/wp-content\/uploads\/logo-bdb-full-wide-vernil-transparent.png","contentUrl":"https:\/\/buletin.de\/bucuresti\/wp-content\/uploads\/logo-bdb-full-wide-vernil-transparent.png","width":1782,"height":626,"caption":"Buletin de Bucure\u0219ti"},"image":{"@id":"https:\/\/buletin.de\/bucuresti\/#\/schema\/logo\/image\/"},"sameAs":["https:\/\/www.facebook.com\/buletin.de.buc","https:\/\/www.instagram.com\/buletinde.bucuresti\/"]},{"@type":"Person","@id":"https:\/\/buletin.de\/bucuresti\/#\/schema\/person\/7e46040573290777280a0835d81ea4ea","name":"Diana Matei","image":{"@type":"ImageObject","inLanguage":"en-GB","@id":"https:\/\/buletin.de\/bucuresti\/wp-content\/uploads\/9-2-96x96.jpg1e8590b30871d70e62ebcdaf2eff570c","url":"https:\/\/buletin.de\/bucuresti\/wp-content\/uploads\/9-2-96x96.jpg","contentUrl":"https:\/\/buletin.de\/bucuresti\/wp-content\/uploads\/9-2-96x96.jpg","caption":"Diana Matei"},"url":"https:\/\/buletin.de\/bucuresti\/author\/dianamatei\/"}]}},"authors":[{"term_id":22574,"user_id":49,"is_guest":0,"slug":"dianamatei","display_name":"Diana Matei","avatar_url":"https:\/\/buletin.de\/bucuresti\/wp-content\/uploads\/9-2-96x96.jpg","0":null,"1":"","2":"","3":"","4":"","5":"","6":"","7":"","8":""}],"_links":{"self":[{"href":"https:\/\/buletin.de\/bucuresti\/wp-json\/wp\/v2\/posts\/134074","targetHints":{"allow":["GET"]}}],"collection":[{"href":"https:\/\/buletin.de\/bucuresti\/wp-json\/wp\/v2\/posts"}],"about":[{"href":"https:\/\/buletin.de\/bucuresti\/wp-json\/wp\/v2\/types\/post"}],"author":[{"embeddable":true,"href":"https:\/\/buletin.de\/bucuresti\/wp-json\/wp\/v2\/users\/49"}],"replies":[{"embeddable":true,"href":"https:\/\/buletin.de\/bucuresti\/wp-json\/wp\/v2\/comments?post=134074"}],"version-history":[{"count":2,"href":"https:\/\/buletin.de\/bucuresti\/wp-json\/wp\/v2\/posts\/134074\/revisions"}],"predecessor-version":[{"id":134097,"href":"https:\/\/buletin.de\/bucuresti\/wp-json\/wp\/v2\/posts\/134074\/revisions\/134097"}],"wp:featuredmedia":[{"embeddable":true,"href":"https:\/\/buletin.de\/bucuresti\/wp-json\/wp\/v2\/media\/131380"}],"wp:attachment":[{"href":"https:\/\/buletin.de\/bucuresti\/wp-json\/wp\/v2\/media?parent=134074"}],"wp:term":[{"taxonomy":"category","embeddable":true,"href":"https:\/\/buletin.de\/bucuresti\/wp-json\/wp\/v2\/categories?post=134074"},{"taxonomy":"post_tag","embeddable":true,"href":"https:\/\/buletin.de\/bucuresti\/wp-json\/wp\/v2\/tags?post=134074"},{"taxonomy":"author","embeddable":true,"href":"https:\/\/buletin.de\/bucuresti\/wp-json\/wp\/v2\/ppma_author?post=134074"}],"curies":[{"name":"wp","href":"https:\/\/api.w.org\/{rel}","templated":true}]}}