{"id":133490,"date":"2025-06-05T17:07:33","date_gmt":"2025-06-05T14:07:33","guid":{"rendered":"https:\/\/buletin.de\/bucuresti\/?p=133490"},"modified":"2025-06-05T18:42:57","modified_gmt":"2025-06-05T15:42:57","slug":"green-report-infiltratiile-de-apa-de-la-salina-praid-cunoscute-la-bucuresti-de-peste-20-de-ani-nu-s-a-facut-nimic","status":"publish","type":"post","link":"https:\/\/buletin.de\/bucuresti\/green-report-infiltratiile-de-apa-de-la-salina-praid-cunoscute-la-bucuresti-de-peste-20-de-ani-nu-s-a-facut-nimic\/","title":{"rendered":"Green Report | Infiltra\u021biile de ap\u0103 de la Salina Praid, cunoscute la Bucure\u0219ti de peste 20 de ani. Nu s-a f\u0103cut nimic"},"content":{"rendered":"\n<p><strong>Cercet\u0103torii rom\u00e2ni avertizau cu aproape dou\u0103 decenii \u00een urm\u0103 asupra unui risc geologic major: infiltrarea apelor de suprafa\u021b\u0103 \u00een Salina Praid \u2013 una dintre cele mai vechi \u0219i mai vizitate mine de sare din Rom\u00e2nia, scrie publica\u021bia de mediu <a href=\"https:\/\/green-report.ro\/exclusiv-document-ce-scrie-in-studiul-stiintific-invocat-de-nicusor-dan-despre-prabusirea-salinei-praid\/\" target=\"_blank\" rel=\"noreferrer noopener\">Green Report<\/a>.<\/strong><\/p>\n\n\n\n<p>Studiul publicat \u00een 2007 oferea o diagnoz\u0103 complet\u0103 \u0219i solu\u021bii tehnice clare.<\/p>\n\n\n\n<p>Dar avertismentele au fost ignorate. Iar ceea ce p\u0103rea atunci un scenariu de laborator ast\u0103zi a devenit realitate, cu consecin\u021be grave pentru siguran\u021ba structural\u0103 a salinei \u0219i a comunit\u0103\u021bii locale.<\/p>\n\n\n\n<p>\u00centr-o \u021bar\u0103 obi\u0219nuit\u0103 s\u0103 reac\u021bioneze abia dup\u0103 ce apare o criz\u0103, Salina Praid devine un studiu de caz despre ceea ce \u00eenseamn\u0103 ignoran\u021ba institu\u021bionalizat\u0103 fa\u021b\u0103 de avertismentele \u0219tiin\u021bifice.<\/p>\n\n\n\n<h2 class=\"wp-block-heading\" id=\"h-studiu-despre-pericolul-de-inunda\u021bii-de-la-salina-praid-realizat-inca-din-2007\">Studiu despre pericolul de inunda\u021bii de la Salina Praid, realizat \u00eenc\u0103 din 2007<\/h2>\n\n\n\n<p>Studiul realizat \u00een 2007 de Institutul Na\u021bional de Cercetare-Dezvoltare pentru Metale \u0219i Resurse Radioactive (INCDMRR) demonstra, prin metode cantitative \u0219i simul\u0103ri geofizice, c\u0103 masivul de sare este vulnerabil la infiltrarea apelor de suprafa\u021b\u0103, \u00een special dinspre p\u00e2r\u00e2ul Corund.<\/p>\n\n\n\n<p>Cu alte cuvinte:\u00a0<strong>se \u0219tia, se m\u0103surase, se recomandase<\/strong>. Dar nu s-a intervenit.<\/p>\n\n\n\n<p>Lucrarea intitulat\u0103&nbsp;<em>Addressing the Risk of Surface Water Intrusion in Old Romanian Salt Mines<\/em>&nbsp;a fost prezentat\u0103 \u00een cadrul unei conferin\u021be interna\u021bionale organizate de International Mine Water Association (IMWA) \u0219i se concentreaz\u0103 pe Salina Praid, unul dintre cele mai mari \u0219i vechi z\u0103c\u0103minte de sare din Rom\u00e2nia.<\/p>\n\n\n\n<p>Scopul principal a fost identificarea \u0219i cuantificarea riscurilor generate de p\u0103trunderea apelor de suprafa\u021b\u0103 \u00een galeriile miniere abandonate, o problem\u0103 cu implica\u021bii geotehnice, economice \u0219i de siguran\u021b\u0103 public\u0103.<\/p>\n\n\n\n<p>Ceea ce diferen\u021biaz\u0103 acest studiu de o simpl\u0103 investiga\u021bie de teren este complexitatea metodologic\u0103. Cercet\u0103torii au aplicat metode de \u201etomografie electric\u0103\u201d (n.r. \u2013 ERT \u2013 Electrical Resistivity Tomography, adic\u0103 Tomografie de Rezistivitate Electric\u0103 \u2013 o metod\u0103 geofizic\u0103 modern\u0103, folosit\u0103 pentru a \u201evedea\u201d sub p\u0103m\u00e2nt, f\u0103r\u0103 a s\u0103pa sau fora), o tehnic\u0103 geofizic\u0103 care permite vizualizarea rezisten\u021bei electrice a solului, indic\u00e2nd astfel prezen\u021ba apei \u00een zonele subterane.<\/p>\n\n\n\n<p><strong>CITE\u0218TE \u0218I: <a href=\"https:\/\/buletin.de\/bucuresti\/suporterii-nationalei-sunt-indemnati-sa-recicleze-aparate-electrice-mici-inaintea-meciului-romania-cipru-din-10-iunie\/\" target=\"_blank\" rel=\"noreferrer noopener\">Suporterii Na\u021bionalei sunt \u00eendemna\u021bi s\u0103 recicleze aparate electrice mici \u00eenaintea meciului Rom\u00e2nia-Cipru din 10 iunie<\/a><\/strong><\/p>\n\n\n\n<p><strong>\u00cen paralel, au fost efectuate campanii de e\u0219antionare \u0219i analiz\u0103 chimic\u0103 a apei, cu focus pe nivelul de cloruri \u0219i sodiu \u2014 markeri esen\u021biali ai dizolv\u0103rii s\u0103rii.<\/strong><\/p>\n\n\n\n<p>Rezultatele au fost apoi introduse \u00eentr-un model decizional original, denumit&nbsp;<strong>DKRControl<\/strong>, care integreaz\u0103 parametri geologici, hidrologici \u0219i istorici pentru a simula scenarii de risc.<\/p>\n\n\n\n<p><strong>Acest model permite o estimare spa\u021bial\u0103 \u0219i temporal\u0103 a pericolului, oferind un instrument de planificare bazat pe \u0219tiin\u021b\u0103, nu pe intui\u021bie.<\/strong><\/p>\n\n\n\n<p><strong>Toate detaliile, \u00een <a href=\"https:\/\/green-report.ro\/exclusiv-document-ce-scrie-in-studiul-stiintific-invocat-de-nicusor-dan-despre-prabusirea-salinei-praid\/\" target=\"_blank\" rel=\"noreferrer noopener\">Green Report.<\/a><\/strong><\/p>\n\n\n\n<p><\/p>\n","protected":false},"excerpt":{"rendered":"<p>Cercet\u0103torii rom\u00e2ni avertizau cu aproape dou\u0103 decenii \u00een urm\u0103 asupra unui risc geologic major: infiltrarea apelor de suprafa\u021b\u0103 \u00een Salina Praid \u2013 una dintre cele mai vechi \u0219i mai vizitate mine de sare din Rom\u00e2nia, scrie publica\u021bia de mediu Green Report. Studiul publicat \u00een 2007 oferea o diagnoz\u0103 complet\u0103 \u0219i solu\u021bii tehnice clare. Dar avertismentele [&hellip;]<\/p>\n","protected":false},"author":1,"featured_media":133492,"comment_status":"closed","ping_status":"open","sticky":false,"template":"","format":"standard","meta":{"_acf_changed":false,"inline_featured_image":false,"ngg_post_thumbnail":0,"footnotes":""},"categories":[6994,5762,109],"tags":[1150,475,21882,21881],"ppma_author":[22583],"class_list":["post-133490","post","type-post","status-publish","format-standard","has-post-thumbnail","hentry","category-stiri-2","category-main","category-mediu","tag-inundatie","tag-mediu","tag-mina-de-sare","tag-salina-praid"],"acf":[],"yoast_head":"<!-- This site is optimized with the Yoast SEO Premium plugin v25.3 (Yoast SEO v27.4) - https:\/\/yoast.com\/product\/yoast-seo-premium-wordpress\/ -->\n<title>Green Report | Infiltra\u021biile de ap\u0103 de la Salina Praid, cunoscute la Bucure\u0219ti de peste 20 de ani. Nu s-a f\u0103cut nimic - Buletin de Bucure\u0219ti<\/title>\n<meta name=\"description\" content=\"Cercet\u0103torii rom\u00e2ni avertizau cu aproape 2 decenii \u00een urm\u0103 asupra unui risc geologic major: infiltrarea apelor de suprafa\u021b\u0103 \u00een Salina Praid.\" \/>\n<meta name=\"robots\" content=\"index, follow, max-snippet:-1, max-image-preview:large, max-video-preview:-1\" \/>\n<link rel=\"canonical\" href=\"https:\/\/buletin.de\/bucuresti\/green-report-infiltratiile-de-apa-de-la-salina-praid-cunoscute-la-bucuresti-de-peste-20-de-ani-nu-s-a-facut-nimic\/\" \/>\n<meta property=\"og:locale\" content=\"en_GB\" \/>\n<meta property=\"og:type\" content=\"article\" \/>\n<meta property=\"og:title\" content=\"Green Report | Infiltra\u021biile de ap\u0103 de la Salina Praid, cunoscute la Bucure\u0219ti de peste 20 de ani. Nu s-a f\u0103cut nimic\" \/>\n<meta property=\"og:description\" content=\"Cercet\u0103torii rom\u00e2ni avertizau cu aproape 2 decenii \u00een urm\u0103 asupra unui risc geologic major: infiltrarea apelor de suprafa\u021b\u0103 \u00een Salina Praid.\" \/>\n<meta property=\"og:url\" content=\"https:\/\/buletin.de\/bucuresti\/green-report-infiltratiile-de-apa-de-la-salina-praid-cunoscute-la-bucuresti-de-peste-20-de-ani-nu-s-a-facut-nimic\/\" \/>\n<meta property=\"og:site_name\" content=\"Buletin de Bucure\u0219ti\" \/>\n<meta property=\"article:publisher\" content=\"https:\/\/www.facebook.com\/buletin.de.buc\" \/>\n<meta property=\"article:published_time\" content=\"2025-06-05T14:07:33+00:00\" \/>\n<meta property=\"article:modified_time\" content=\"2025-06-05T15:42:57+00:00\" \/>\n<meta property=\"og:image\" content=\"https:\/\/buletin.de\/bucuresti\/wp-content\/uploads\/2025\/06\/ID307212_INQUAM_Photos_Alex-Nicodim_.jpg\" \/>\n\t<meta property=\"og:image:width\" content=\"1200\" \/>\n\t<meta property=\"og:image:height\" content=\"800\" \/>\n\t<meta property=\"og:image:type\" content=\"image\/jpeg\" \/>\n<meta name=\"author\" content=\"Redac\u021bia Buletin de Bucure\u0219ti\" \/>\n<meta name=\"twitter:card\" content=\"summary_large_image\" \/>\n<meta name=\"twitter:label1\" content=\"Written by\" \/>\n\t<meta name=\"twitter:data1\" content=\"Redac\u021bia Buletin de Bucure\u0219ti\" \/>\n\t<meta name=\"twitter:label2\" content=\"Estimated reading time\" \/>\n\t<meta name=\"twitter:data2\" content=\"2 minutes\" \/>\n<script type=\"application\/ld+json\" class=\"yoast-schema-graph\">{\"@context\":\"https:\\\/\\\/schema.org\",\"@graph\":[{\"@type\":\"Article\",\"@id\":\"https:\\\/\\\/buletin.de\\\/bucuresti\\\/green-report-infiltratiile-de-apa-de-la-salina-praid-cunoscute-la-bucuresti-de-peste-20-de-ani-nu-s-a-facut-nimic\\\/#article\",\"isPartOf\":{\"@id\":\"https:\\\/\\\/buletin.de\\\/bucuresti\\\/green-report-infiltratiile-de-apa-de-la-salina-praid-cunoscute-la-bucuresti-de-peste-20-de-ani-nu-s-a-facut-nimic\\\/\"},\"author\":{\"name\":\"Redac\u021bia Buletin de Bucure\u0219ti\",\"@id\":\"https:\\\/\\\/buletin.de\\\/bucuresti\\\/#\\\/schema\\\/person\\\/2bbcf854e5f2419a13804af574d06ab1\"},\"headline\":\"Green Report | Infiltra\u021biile de ap\u0103 de la Salina Praid, cunoscute la Bucure\u0219ti de peste 20 de ani. Nu s-a f\u0103cut nimic\",\"datePublished\":\"2025-06-05T14:07:33+00:00\",\"dateModified\":\"2025-06-05T15:42:57+00:00\",\"mainEntityOfPage\":{\"@id\":\"https:\\\/\\\/buletin.de\\\/bucuresti\\\/green-report-infiltratiile-de-apa-de-la-salina-praid-cunoscute-la-bucuresti-de-peste-20-de-ani-nu-s-a-facut-nimic\\\/\"},\"wordCount\":476,\"publisher\":{\"@id\":\"https:\\\/\\\/buletin.de\\\/bucuresti\\\/#organization\"},\"image\":{\"@id\":\"https:\\\/\\\/buletin.de\\\/bucuresti\\\/green-report-infiltratiile-de-apa-de-la-salina-praid-cunoscute-la-bucuresti-de-peste-20-de-ani-nu-s-a-facut-nimic\\\/#primaryimage\"},\"thumbnailUrl\":\"https:\\\/\\\/buletin.de\\\/bucuresti\\\/wp-content\\\/uploads\\\/2025\\\/06\\\/ID307212_INQUAM_Photos_Alex-Nicodim_.jpg\",\"keywords\":[\"inundatie\",\"mediu\",\"mina de sare\",\"salina praid\"],\"articleSection\":[\"Articole\",\"Main\",\"Mediu\"],\"inLanguage\":\"en-GB\",\"copyrightYear\":\"2025\",\"copyrightHolder\":{\"@id\":\"https:\\\/\\\/buletin.de\\\/bucuresti\\\/#organization\"}},{\"@type\":\"WebPage\",\"@id\":\"https:\\\/\\\/buletin.de\\\/bucuresti\\\/green-report-infiltratiile-de-apa-de-la-salina-praid-cunoscute-la-bucuresti-de-peste-20-de-ani-nu-s-a-facut-nimic\\\/\",\"url\":\"https:\\\/\\\/buletin.de\\\/bucuresti\\\/green-report-infiltratiile-de-apa-de-la-salina-praid-cunoscute-la-bucuresti-de-peste-20-de-ani-nu-s-a-facut-nimic\\\/\",\"name\":\"Green Report | Infiltra\u021biile de ap\u0103 de la Salina Praid, cunoscute la Bucure\u0219ti de peste 20 de ani. Nu s-a f\u0103cut nimic - Buletin de Bucure\u0219ti\",\"isPartOf\":{\"@id\":\"https:\\\/\\\/buletin.de\\\/bucuresti\\\/#website\"},\"primaryImageOfPage\":{\"@id\":\"https:\\\/\\\/buletin.de\\\/bucuresti\\\/green-report-infiltratiile-de-apa-de-la-salina-praid-cunoscute-la-bucuresti-de-peste-20-de-ani-nu-s-a-facut-nimic\\\/#primaryimage\"},\"image\":{\"@id\":\"https:\\\/\\\/buletin.de\\\/bucuresti\\\/green-report-infiltratiile-de-apa-de-la-salina-praid-cunoscute-la-bucuresti-de-peste-20-de-ani-nu-s-a-facut-nimic\\\/#primaryimage\"},\"thumbnailUrl\":\"https:\\\/\\\/buletin.de\\\/bucuresti\\\/wp-content\\\/uploads\\\/2025\\\/06\\\/ID307212_INQUAM_Photos_Alex-Nicodim_.jpg\",\"datePublished\":\"2025-06-05T14:07:33+00:00\",\"dateModified\":\"2025-06-05T15:42:57+00:00\",\"description\":\"Cercet\u0103torii rom\u00e2ni avertizau cu aproape 2 decenii \u00een urm\u0103 asupra unui risc geologic major: infiltrarea apelor de suprafa\u021b\u0103 \u00een Salina Praid.\",\"breadcrumb\":{\"@id\":\"https:\\\/\\\/buletin.de\\\/bucuresti\\\/green-report-infiltratiile-de-apa-de-la-salina-praid-cunoscute-la-bucuresti-de-peste-20-de-ani-nu-s-a-facut-nimic\\\/#breadcrumb\"},\"inLanguage\":\"en-GB\",\"potentialAction\":[{\"@type\":\"ReadAction\",\"target\":[\"https:\\\/\\\/buletin.de\\\/bucuresti\\\/green-report-infiltratiile-de-apa-de-la-salina-praid-cunoscute-la-bucuresti-de-peste-20-de-ani-nu-s-a-facut-nimic\\\/\"]}]},{\"@type\":\"ImageObject\",\"inLanguage\":\"en-GB\",\"@id\":\"https:\\\/\\\/buletin.de\\\/bucuresti\\\/green-report-infiltratiile-de-apa-de-la-salina-praid-cunoscute-la-bucuresti-de-peste-20-de-ani-nu-s-a-facut-nimic\\\/#primaryimage\",\"url\":\"https:\\\/\\\/buletin.de\\\/bucuresti\\\/wp-content\\\/uploads\\\/2025\\\/06\\\/ID307212_INQUAM_Photos_Alex-Nicodim_.jpg\",\"contentUrl\":\"https:\\\/\\\/buletin.de\\\/bucuresti\\\/wp-content\\\/uploads\\\/2025\\\/06\\\/ID307212_INQUAM_Photos_Alex-Nicodim_.jpg\",\"width\":1200,\"height\":800,\"caption\":\"Salina Praid. Foto: Inquam Photos \\\/ Alex Nicodim\"},{\"@type\":\"BreadcrumbList\",\"@id\":\"https:\\\/\\\/buletin.de\\\/bucuresti\\\/green-report-infiltratiile-de-apa-de-la-salina-praid-cunoscute-la-bucuresti-de-peste-20-de-ani-nu-s-a-facut-nimic\\\/#breadcrumb\",\"itemListElement\":[{\"@type\":\"ListItem\",\"position\":1,\"name\":\"Acas\u0103\",\"item\":\"https:\\\/\\\/buletin.de\\\/bucuresti\\\/\"},{\"@type\":\"ListItem\",\"position\":2,\"name\":\"Green Report | Infiltra\u021biile de ap\u0103 de la Salina Praid, cunoscute la Bucure\u0219ti de peste 20 de ani. Nu s-a f\u0103cut nimic\"}]},{\"@type\":\"WebSite\",\"@id\":\"https:\\\/\\\/buletin.de\\\/bucuresti\\\/#website\",\"url\":\"https:\\\/\\\/buletin.de\\\/bucuresti\\\/\",\"name\":\"Buletin de Bucure\u0219ti\",\"description\":\"\u0218tiri \u0219i investiga\u021bii esen\u021biale din capital\u0103\",\"publisher\":{\"@id\":\"https:\\\/\\\/buletin.de\\\/bucuresti\\\/#organization\"},\"potentialAction\":[{\"@type\":\"SearchAction\",\"target\":{\"@type\":\"EntryPoint\",\"urlTemplate\":\"https:\\\/\\\/buletin.de\\\/bucuresti\\\/?s={search_term_string}\"},\"query-input\":{\"@type\":\"PropertyValueSpecification\",\"valueRequired\":true,\"valueName\":\"search_term_string\"}}],\"inLanguage\":\"en-GB\"},{\"@type\":\"Organization\",\"@id\":\"https:\\\/\\\/buletin.de\\\/bucuresti\\\/#organization\",\"name\":\"Buletin de Bucure\u0219ti\",\"url\":\"https:\\\/\\\/buletin.de\\\/bucuresti\\\/\",\"logo\":{\"@type\":\"ImageObject\",\"inLanguage\":\"en-GB\",\"@id\":\"https:\\\/\\\/buletin.de\\\/bucuresti\\\/#\\\/schema\\\/logo\\\/image\\\/\",\"url\":\"https:\\\/\\\/buletin.de\\\/bucuresti\\\/wp-content\\\/uploads\\\/logo-bdb-full-wide-vernil-transparent.png\",\"contentUrl\":\"https:\\\/\\\/buletin.de\\\/bucuresti\\\/wp-content\\\/uploads\\\/logo-bdb-full-wide-vernil-transparent.png\",\"width\":1782,\"height\":626,\"caption\":\"Buletin de Bucure\u0219ti\"},\"image\":{\"@id\":\"https:\\\/\\\/buletin.de\\\/bucuresti\\\/#\\\/schema\\\/logo\\\/image\\\/\"},\"sameAs\":[\"https:\\\/\\\/www.facebook.com\\\/buletin.de.buc\",\"https:\\\/\\\/www.instagram.com\\\/buletinde.bucuresti\\\/\"]},{\"@type\":\"Person\",\"@id\":\"https:\\\/\\\/buletin.de\\\/bucuresti\\\/#\\\/schema\\\/person\\\/2bbcf854e5f2419a13804af574d06ab1\",\"name\":\"Redac\u021bia Buletin de Bucure\u0219ti\",\"image\":{\"@type\":\"ImageObject\",\"inLanguage\":\"en-GB\",\"@id\":\"https:\\\/\\\/secure.gravatar.com\\\/avatar\\\/18c5342381ed1a08620e6280424e3e5efc958618f5d67c522c9e44c1bc6f9226?s=96&d=monsterid&r=g60c7cd0ad92c68c049fcd4bb3504d609\",\"url\":\"https:\\\/\\\/secure.gravatar.com\\\/avatar\\\/18c5342381ed1a08620e6280424e3e5efc958618f5d67c522c9e44c1bc6f9226?s=96&d=monsterid&r=g\",\"contentUrl\":\"https:\\\/\\\/secure.gravatar.com\\\/avatar\\\/18c5342381ed1a08620e6280424e3e5efc958618f5d67c522c9e44c1bc6f9226?s=96&d=monsterid&r=g\",\"caption\":\"Redac\u021bia Buletin de Bucure\u0219ti\"},\"description\":\"Buletin de Bucure\u0219ti exist\u0103 din vara anului 2019.\",\"url\":\"https:\\\/\\\/buletin.de\\\/bucuresti\\\/author\\\/adminbuletin\\\/\"}]}<\/script>\n<!-- \/ Yoast SEO Premium plugin. -->","yoast_head_json":{"title":"Green Report | Infiltra\u021biile de ap\u0103 de la Salina Praid, cunoscute la Bucure\u0219ti de peste 20 de ani. Nu s-a f\u0103cut nimic - Buletin de Bucure\u0219ti","description":"Cercet\u0103torii rom\u00e2ni avertizau cu aproape 2 decenii \u00een urm\u0103 asupra unui risc geologic major: infiltrarea apelor de suprafa\u021b\u0103 \u00een Salina Praid.","robots":{"index":"index","follow":"follow","max-snippet":"max-snippet:-1","max-image-preview":"max-image-preview:large","max-video-preview":"max-video-preview:-1"},"canonical":"https:\/\/buletin.de\/bucuresti\/green-report-infiltratiile-de-apa-de-la-salina-praid-cunoscute-la-bucuresti-de-peste-20-de-ani-nu-s-a-facut-nimic\/","og_locale":"en_GB","og_type":"article","og_title":"Green Report | Infiltra\u021biile de ap\u0103 de la Salina Praid, cunoscute la Bucure\u0219ti de peste 20 de ani. Nu s-a f\u0103cut nimic","og_description":"Cercet\u0103torii rom\u00e2ni avertizau cu aproape 2 decenii \u00een urm\u0103 asupra unui risc geologic major: infiltrarea apelor de suprafa\u021b\u0103 \u00een Salina Praid.","og_url":"https:\/\/buletin.de\/bucuresti\/green-report-infiltratiile-de-apa-de-la-salina-praid-cunoscute-la-bucuresti-de-peste-20-de-ani-nu-s-a-facut-nimic\/","og_site_name":"Buletin de Bucure\u0219ti","article_publisher":"https:\/\/www.facebook.com\/buletin.de.buc","article_published_time":"2025-06-05T14:07:33+00:00","article_modified_time":"2025-06-05T15:42:57+00:00","og_image":[{"width":1200,"height":800,"url":"https:\/\/buletin.de\/bucuresti\/wp-content\/uploads\/2025\/06\/ID307212_INQUAM_Photos_Alex-Nicodim_.jpg","type":"image\/jpeg"}],"author":"Redac\u021bia Buletin de Bucure\u0219ti","twitter_card":"summary_large_image","twitter_misc":{"Written by":"Redac\u021bia Buletin de Bucure\u0219ti","Estimated reading time":"2 minutes"},"schema":{"@context":"https:\/\/schema.org","@graph":[{"@type":"Article","@id":"https:\/\/buletin.de\/bucuresti\/green-report-infiltratiile-de-apa-de-la-salina-praid-cunoscute-la-bucuresti-de-peste-20-de-ani-nu-s-a-facut-nimic\/#article","isPartOf":{"@id":"https:\/\/buletin.de\/bucuresti\/green-report-infiltratiile-de-apa-de-la-salina-praid-cunoscute-la-bucuresti-de-peste-20-de-ani-nu-s-a-facut-nimic\/"},"author":{"name":"Redac\u021bia Buletin de Bucure\u0219ti","@id":"https:\/\/buletin.de\/bucuresti\/#\/schema\/person\/2bbcf854e5f2419a13804af574d06ab1"},"headline":"Green Report | Infiltra\u021biile de ap\u0103 de la Salina Praid, cunoscute la Bucure\u0219ti de peste 20 de ani. Nu s-a f\u0103cut nimic","datePublished":"2025-06-05T14:07:33+00:00","dateModified":"2025-06-05T15:42:57+00:00","mainEntityOfPage":{"@id":"https:\/\/buletin.de\/bucuresti\/green-report-infiltratiile-de-apa-de-la-salina-praid-cunoscute-la-bucuresti-de-peste-20-de-ani-nu-s-a-facut-nimic\/"},"wordCount":476,"publisher":{"@id":"https:\/\/buletin.de\/bucuresti\/#organization"},"image":{"@id":"https:\/\/buletin.de\/bucuresti\/green-report-infiltratiile-de-apa-de-la-salina-praid-cunoscute-la-bucuresti-de-peste-20-de-ani-nu-s-a-facut-nimic\/#primaryimage"},"thumbnailUrl":"https:\/\/buletin.de\/bucuresti\/wp-content\/uploads\/2025\/06\/ID307212_INQUAM_Photos_Alex-Nicodim_.jpg","keywords":["inundatie","mediu","mina de sare","salina praid"],"articleSection":["Articole","Main","Mediu"],"inLanguage":"en-GB","copyrightYear":"2025","copyrightHolder":{"@id":"https:\/\/buletin.de\/bucuresti\/#organization"}},{"@type":"WebPage","@id":"https:\/\/buletin.de\/bucuresti\/green-report-infiltratiile-de-apa-de-la-salina-praid-cunoscute-la-bucuresti-de-peste-20-de-ani-nu-s-a-facut-nimic\/","url":"https:\/\/buletin.de\/bucuresti\/green-report-infiltratiile-de-apa-de-la-salina-praid-cunoscute-la-bucuresti-de-peste-20-de-ani-nu-s-a-facut-nimic\/","name":"Green Report | Infiltra\u021biile de ap\u0103 de la Salina Praid, cunoscute la Bucure\u0219ti de peste 20 de ani. Nu s-a f\u0103cut nimic - Buletin de Bucure\u0219ti","isPartOf":{"@id":"https:\/\/buletin.de\/bucuresti\/#website"},"primaryImageOfPage":{"@id":"https:\/\/buletin.de\/bucuresti\/green-report-infiltratiile-de-apa-de-la-salina-praid-cunoscute-la-bucuresti-de-peste-20-de-ani-nu-s-a-facut-nimic\/#primaryimage"},"image":{"@id":"https:\/\/buletin.de\/bucuresti\/green-report-infiltratiile-de-apa-de-la-salina-praid-cunoscute-la-bucuresti-de-peste-20-de-ani-nu-s-a-facut-nimic\/#primaryimage"},"thumbnailUrl":"https:\/\/buletin.de\/bucuresti\/wp-content\/uploads\/2025\/06\/ID307212_INQUAM_Photos_Alex-Nicodim_.jpg","datePublished":"2025-06-05T14:07:33+00:00","dateModified":"2025-06-05T15:42:57+00:00","description":"Cercet\u0103torii rom\u00e2ni avertizau cu aproape 2 decenii \u00een urm\u0103 asupra unui risc geologic major: infiltrarea apelor de suprafa\u021b\u0103 \u00een Salina Praid.","breadcrumb":{"@id":"https:\/\/buletin.de\/bucuresti\/green-report-infiltratiile-de-apa-de-la-salina-praid-cunoscute-la-bucuresti-de-peste-20-de-ani-nu-s-a-facut-nimic\/#breadcrumb"},"inLanguage":"en-GB","potentialAction":[{"@type":"ReadAction","target":["https:\/\/buletin.de\/bucuresti\/green-report-infiltratiile-de-apa-de-la-salina-praid-cunoscute-la-bucuresti-de-peste-20-de-ani-nu-s-a-facut-nimic\/"]}]},{"@type":"ImageObject","inLanguage":"en-GB","@id":"https:\/\/buletin.de\/bucuresti\/green-report-infiltratiile-de-apa-de-la-salina-praid-cunoscute-la-bucuresti-de-peste-20-de-ani-nu-s-a-facut-nimic\/#primaryimage","url":"https:\/\/buletin.de\/bucuresti\/wp-content\/uploads\/2025\/06\/ID307212_INQUAM_Photos_Alex-Nicodim_.jpg","contentUrl":"https:\/\/buletin.de\/bucuresti\/wp-content\/uploads\/2025\/06\/ID307212_INQUAM_Photos_Alex-Nicodim_.jpg","width":1200,"height":800,"caption":"Salina Praid. Foto: Inquam Photos \/ Alex Nicodim"},{"@type":"BreadcrumbList","@id":"https:\/\/buletin.de\/bucuresti\/green-report-infiltratiile-de-apa-de-la-salina-praid-cunoscute-la-bucuresti-de-peste-20-de-ani-nu-s-a-facut-nimic\/#breadcrumb","itemListElement":[{"@type":"ListItem","position":1,"name":"Acas\u0103","item":"https:\/\/buletin.de\/bucuresti\/"},{"@type":"ListItem","position":2,"name":"Green Report | Infiltra\u021biile de ap\u0103 de la Salina Praid, cunoscute la Bucure\u0219ti de peste 20 de ani. Nu s-a f\u0103cut nimic"}]},{"@type":"WebSite","@id":"https:\/\/buletin.de\/bucuresti\/#website","url":"https:\/\/buletin.de\/bucuresti\/","name":"Buletin de Bucure\u0219ti","description":"\u0218tiri \u0219i investiga\u021bii esen\u021biale din capital\u0103","publisher":{"@id":"https:\/\/buletin.de\/bucuresti\/#organization"},"potentialAction":[{"@type":"SearchAction","target":{"@type":"EntryPoint","urlTemplate":"https:\/\/buletin.de\/bucuresti\/?s={search_term_string}"},"query-input":{"@type":"PropertyValueSpecification","valueRequired":true,"valueName":"search_term_string"}}],"inLanguage":"en-GB"},{"@type":"Organization","@id":"https:\/\/buletin.de\/bucuresti\/#organization","name":"Buletin de Bucure\u0219ti","url":"https:\/\/buletin.de\/bucuresti\/","logo":{"@type":"ImageObject","inLanguage":"en-GB","@id":"https:\/\/buletin.de\/bucuresti\/#\/schema\/logo\/image\/","url":"https:\/\/buletin.de\/bucuresti\/wp-content\/uploads\/logo-bdb-full-wide-vernil-transparent.png","contentUrl":"https:\/\/buletin.de\/bucuresti\/wp-content\/uploads\/logo-bdb-full-wide-vernil-transparent.png","width":1782,"height":626,"caption":"Buletin de Bucure\u0219ti"},"image":{"@id":"https:\/\/buletin.de\/bucuresti\/#\/schema\/logo\/image\/"},"sameAs":["https:\/\/www.facebook.com\/buletin.de.buc","https:\/\/www.instagram.com\/buletinde.bucuresti\/"]},{"@type":"Person","@id":"https:\/\/buletin.de\/bucuresti\/#\/schema\/person\/2bbcf854e5f2419a13804af574d06ab1","name":"Redac\u021bia Buletin de Bucure\u0219ti","image":{"@type":"ImageObject","inLanguage":"en-GB","@id":"https:\/\/secure.gravatar.com\/avatar\/18c5342381ed1a08620e6280424e3e5efc958618f5d67c522c9e44c1bc6f9226?s=96&d=monsterid&r=g60c7cd0ad92c68c049fcd4bb3504d609","url":"https:\/\/secure.gravatar.com\/avatar\/18c5342381ed1a08620e6280424e3e5efc958618f5d67c522c9e44c1bc6f9226?s=96&d=monsterid&r=g","contentUrl":"https:\/\/secure.gravatar.com\/avatar\/18c5342381ed1a08620e6280424e3e5efc958618f5d67c522c9e44c1bc6f9226?s=96&d=monsterid&r=g","caption":"Redac\u021bia Buletin de Bucure\u0219ti"},"description":"Buletin de Bucure\u0219ti exist\u0103 din vara anului 2019.","url":"https:\/\/buletin.de\/bucuresti\/author\/adminbuletin\/"}]}},"authors":[{"term_id":22583,"user_id":1,"is_guest":0,"slug":"adminbuletin","display_name":"Redac\u021bia Buletin de Bucure\u0219ti","avatar_url":"https:\/\/secure.gravatar.com\/avatar\/18c5342381ed1a08620e6280424e3e5efc958618f5d67c522c9e44c1bc6f9226?s=96&d=monsterid&r=g","0":null,"1":"","2":"","3":"","4":"","5":"","6":"","7":"","8":""}],"_links":{"self":[{"href":"https:\/\/buletin.de\/bucuresti\/wp-json\/wp\/v2\/posts\/133490","targetHints":{"allow":["GET"]}}],"collection":[{"href":"https:\/\/buletin.de\/bucuresti\/wp-json\/wp\/v2\/posts"}],"about":[{"href":"https:\/\/buletin.de\/bucuresti\/wp-json\/wp\/v2\/types\/post"}],"author":[{"embeddable":true,"href":"https:\/\/buletin.de\/bucuresti\/wp-json\/wp\/v2\/users\/1"}],"replies":[{"embeddable":true,"href":"https:\/\/buletin.de\/bucuresti\/wp-json\/wp\/v2\/comments?post=133490"}],"version-history":[{"count":3,"href":"https:\/\/buletin.de\/bucuresti\/wp-json\/wp\/v2\/posts\/133490\/revisions"}],"predecessor-version":[{"id":133495,"href":"https:\/\/buletin.de\/bucuresti\/wp-json\/wp\/v2\/posts\/133490\/revisions\/133495"}],"wp:featuredmedia":[{"embeddable":true,"href":"https:\/\/buletin.de\/bucuresti\/wp-json\/wp\/v2\/media\/133492"}],"wp:attachment":[{"href":"https:\/\/buletin.de\/bucuresti\/wp-json\/wp\/v2\/media?parent=133490"}],"wp:term":[{"taxonomy":"category","embeddable":true,"href":"https:\/\/buletin.de\/bucuresti\/wp-json\/wp\/v2\/categories?post=133490"},{"taxonomy":"post_tag","embeddable":true,"href":"https:\/\/buletin.de\/bucuresti\/wp-json\/wp\/v2\/tags?post=133490"},{"taxonomy":"author","embeddable":true,"href":"https:\/\/buletin.de\/bucuresti\/wp-json\/wp\/v2\/ppma_author?post=133490"}],"curies":[{"name":"wp","href":"https:\/\/api.w.org\/{rel}","templated":true}]}}