{"id":1333,"date":"2019-09-23T11:01:09","date_gmt":"2019-09-23T08:01:09","guid":{"rendered":"https:\/\/buletin.de\/bucuresti\/?p=1333"},"modified":"2019-10-04T12:39:17","modified_gmt":"2019-10-04T09:39:17","slug":"zilele-bucurestiului-festival-cu-bune-si-cu-rele","status":"publish","type":"post","link":"https:\/\/buletin.de\/bucuresti\/zilele-bucurestiului-festival-cu-bune-si-cu-rele\/","title":{"rendered":"Zilele Bucure\u0219tiului: festival cu bune \u0219i cu rele"},"content":{"rendered":"\n<p>\u0218ti\u021bi replica deja celebr\u0103 din serialul HBO <strong>Chernobyl<\/strong>, \u201enot great, not terrible\u201d? Ei bine, cam a\u0219a a fost \u0219i a cinci sute \u0219aizecea aniversare a Bucure\u0219tiului. A fost un b\u00e2lci modern, cu bune \u0219i cu rele. Iar o radiografie corect\u0103 a ceea ce s-a \u00eent\u00e2mplat \u00een weekend, de la f\u00e2nt\u00e2nile din Pia\u021ba Unirii \u0219i p\u00e2n\u0103 \u00een Pia\u021ba Constitu\u021biei, nu poate dec\u00e2t s\u0103 le cuprind\u0103 \u0219i pe unele, \u0219i pe celelalte deopotriv\u0103.<br><br><img fetchpriority=\"high\" decoding=\"async\" width=\"650\" height=\"488\" class=\"wp-image-1345 lazyload\" style=\"width: 650px;\" src=\"data:image\/gif;base64,R0lGODlhAQABAAAAACH5BAEKAAEALAAAAAABAAEAAAICTAEAOw==\" data-src=\"https:\/\/buletin.de\/bucuresti\/wp-content\/uploads\/10-WhatsApp-Image-2019-09-22-at-23.19.02.jpeg\" alt=\"\" data-sizes=\"auto\" data-srcset=\"https:\/\/buletin.de\/bucuresti\/wp-content\/uploads\/10-WhatsApp-Image-2019-09-22-at-23.19.02.jpeg 1600w, https:\/\/buletin.de\/bucuresti\/wp-content\/uploads\/10-WhatsApp-Image-2019-09-22-at-23.19.02-600x450.jpeg 600w, https:\/\/buletin.de\/bucuresti\/wp-content\/uploads\/10-WhatsApp-Image-2019-09-22-at-23.19.02-300x225.jpeg 300w, https:\/\/buletin.de\/bucuresti\/wp-content\/uploads\/10-WhatsApp-Image-2019-09-22-at-23.19.02-768x576.jpeg 768w, https:\/\/buletin.de\/bucuresti\/wp-content\/uploads\/10-WhatsApp-Image-2019-09-22-at-23.19.02-900x675.jpeg 900w, https:\/\/buletin.de\/bucuresti\/wp-content\/uploads\/10-WhatsApp-Image-2019-09-22-at-23.19.02-1060x795.jpeg 1060w, https:\/\/buletin.de\/bucuresti\/wp-content\/uploads\/10-WhatsApp-Image-2019-09-22-at-23.19.02-550x413.jpeg 550w, https:\/\/buletin.de\/bucuresti\/wp-content\/uploads\/10-WhatsApp-Image-2019-09-22-at-23.19.02-667x500.jpeg 667w, https:\/\/buletin.de\/bucuresti\/wp-content\/uploads\/10-WhatsApp-Image-2019-09-22-at-23.19.02-1440x1080.jpeg 1440w\" sizes=\"(max-width: 650px) 100vw, 650px\" \/><\/p>\n\n\n\n<h3 class=\"wp-block-heading\"><strong>M\u00c2NCAREA: PRE\u021aURI MARI, GUSTURI RAFINATE<\/strong><\/h3>\n\n\n\n<p>Dac\u0103 acum o sut\u0103 de ani se \u00eentindeau gr\u0103tarele pe care sf\u00e2r\u00e2iau micii, c\u00e2rna\u021bii \u0219i ceafa, acum lucrurile s-au mai \u201crafinat\u201d. C\u0103rnurile astea neao\u0219e sunt desuete sau prea \u201cde la \u021bar\u0103\u201d a\u0219a c\u0103 nimeni nu mai m\u0103n\u00e2nc\u0103 friptur\u0103, ci <em>steak<\/em>, c\u00e2rnatul s-a transformat \u00een <em>wurst<\/em>, iar frig\u0103ruile au devenit <em>arrosticini<\/em>. Nici deserturile n-au sc\u0103pat de rebranding-ul u\u0219or arogant: cl\u0103titele, de exemplu, sunt prea plictisitoare. Fran\u021buzitele <em>cr\u00eapes<\/em> sunt acum la putere.&nbsp;<br><br><img decoding=\"async\" width=\"650\" height=\"186\" class=\"wp-image-1344 lazyload\" style=\"width: 650px;\" src=\"data:image\/gif;base64,R0lGODlhAQABAAAAACH5BAEKAAEALAAAAAABAAEAAAICTAEAOw==\" data-src=\"https:\/\/buletin.de\/bucuresti\/wp-content\/uploads\/8-WhatsApp-Image-2019-09-22-at-23.19.01.jpeg\" alt=\"\" data-sizes=\"auto\" data-srcset=\"https:\/\/buletin.de\/bucuresti\/wp-content\/uploads\/8-WhatsApp-Image-2019-09-22-at-23.19.01.jpeg 1600w, https:\/\/buletin.de\/bucuresti\/wp-content\/uploads\/8-WhatsApp-Image-2019-09-22-at-23.19.01-600x172.jpeg 600w, https:\/\/buletin.de\/bucuresti\/wp-content\/uploads\/8-WhatsApp-Image-2019-09-22-at-23.19.01-300x86.jpeg 300w, https:\/\/buletin.de\/bucuresti\/wp-content\/uploads\/8-WhatsApp-Image-2019-09-22-at-23.19.01-768x220.jpeg 768w, https:\/\/buletin.de\/bucuresti\/wp-content\/uploads\/8-WhatsApp-Image-2019-09-22-at-23.19.01-900x258.jpeg 900w, https:\/\/buletin.de\/bucuresti\/wp-content\/uploads\/8-WhatsApp-Image-2019-09-22-at-23.19.01-1060x303.jpeg 1060w, https:\/\/buletin.de\/bucuresti\/wp-content\/uploads\/8-WhatsApp-Image-2019-09-22-at-23.19.01-550x157.jpeg 550w\" sizes=\"(max-width: 650px) 100vw, 650px\" \/><\/p>\n\n\n\n<p>\u00cens\u0103 Cornul Abunden\u021bei de <em>urban food<\/em> <em>\u00een trend <\/em>nu s-a r\u0103sturnat pe bani pu\u021bini pe Bulevardul Unirii: un hot-dog era cel pu\u021bin 20 lei, burgerii se vindeau cu 25 de lei cei mai ieftini, iar pentru o bere \u0219i un popcorn trebuia s\u0103 decartezi rapid 21 lei.&nbsp;<br><br>A\u0219a se face c\u0103 tinerii, obi\u0219nui\u021bi cu pre\u021burile piperate de la festivalurile de muzic\u0103, s-au \u00eencolonat ca \u0219i p\u00e2n\u0103 acum \u00een fa\u021ba rulotelor de m\u00e2ncare, \u00eens\u0103 cei mai \u00een v\u00e2rst\u0103 au \u00eenghi\u021bit \u00een sec, \u00een ciuda miresmei \u00eembietoare. Un cuplu de veterani \u00eembr\u0103ca\u021bi cu hainele de duminic\u0103, coche\u021bi \u0219i cura\u021bi, f\u0103cea acest contrast extraordinar de vizibil: molf\u0103iau la doi covrigi lua\u021bi de pe drum. La doi metri de rulota de <em>waffle<\/em> o doamn\u0103 \u00eentre dou\u0103 v\u00e2rste zice cu n\u0103duf: \u201emai bine iau de la Mega \u0219i pun dulcea\u021b\u0103 peste!\u201d<\/p>\n\n\n\n<h3 class=\"wp-block-heading\"><strong>DISTRAC\u021aIA STRADAL\u0102: ANIMATORII AU C\u00c2\u0218TIGAT INIMA TUTUROR<\/strong>&nbsp;<\/h3>\n\n\n\n<p>Adul\u021bii au venit la promenad\u0103, s\u0103 fac\u0103 fotografii \u0219i, eventual, s\u0103 m\u0103n\u00e2nce din specialit\u0103\u021bile preg\u0103tite la rulot\u0103. \u00cens\u0103 copiii mai c\u0103 nu se d\u0103deau pleca\u021bi de pe bulevard &#8211; pentru ei era raiul pe p\u0103m\u00e2nt. Ateliere de tot felul, statui vivante, acroba\u021bi pe picioroange, personaje de basm \u0219i magicieni i-au \u021binut \u00een priz\u0103 de nici nu \u0219i-au dat seama c\u00e2nd s-a l\u0103sat \u00eentunericul.&nbsp;<\/p>\n\n\n\n<p><img decoding=\"async\" width=\"600\" height=\"450\" class=\"wp-image-1339 lazyload\" style=\"width: 600px;\" src=\"data:image\/gif;base64,R0lGODlhAQABAAAAACH5BAEKAAEALAAAAAABAAEAAAICTAEAOw==\" data-src=\"https:\/\/buletin.de\/bucuresti\/wp-content\/uploads\/4-WhatsApp-Image-2019-09-22-at-23.19.56.jpeg\" alt=\"\" data-sizes=\"auto\" data-srcset=\"https:\/\/buletin.de\/bucuresti\/wp-content\/uploads\/4-WhatsApp-Image-2019-09-22-at-23.19.56.jpeg 1600w, https:\/\/buletin.de\/bucuresti\/wp-content\/uploads\/4-WhatsApp-Image-2019-09-22-at-23.19.56-600x450.jpeg 600w, https:\/\/buletin.de\/bucuresti\/wp-content\/uploads\/4-WhatsApp-Image-2019-09-22-at-23.19.56-300x225.jpeg 300w, https:\/\/buletin.de\/bucuresti\/wp-content\/uploads\/4-WhatsApp-Image-2019-09-22-at-23.19.56-768x576.jpeg 768w, https:\/\/buletin.de\/bucuresti\/wp-content\/uploads\/4-WhatsApp-Image-2019-09-22-at-23.19.56-900x675.jpeg 900w, https:\/\/buletin.de\/bucuresti\/wp-content\/uploads\/4-WhatsApp-Image-2019-09-22-at-23.19.56-1060x795.jpeg 1060w, https:\/\/buletin.de\/bucuresti\/wp-content\/uploads\/4-WhatsApp-Image-2019-09-22-at-23.19.56-550x413.jpeg 550w, https:\/\/buletin.de\/bucuresti\/wp-content\/uploads\/4-WhatsApp-Image-2019-09-22-at-23.19.56-667x500.jpeg 667w, https:\/\/buletin.de\/bucuresti\/wp-content\/uploads\/4-WhatsApp-Image-2019-09-22-at-23.19.56-1440x1080.jpeg 1440w\" sizes=\"(max-width: 600px) 100vw, 600px\" \/><\/p>\n\n\n\n<p>P\u00e2n\u0103 \u0219i Optimus Prime, \u0219eful autobo\u021bilor din Transformers a sf\u00e2\u0219iat ecranul cinematografului \u0219i a venit \u00een via\u021ba real\u0103 s\u0103 \u00ee\u0219i fac\u0103 poze al\u0103turi de copii. Noroc c\u0103 robotul avea mai bine de doi metri, c\u0103 altfel abia \u00eel mai z\u0103reai printre copiii str\u00e2n\u0219i s\u0103 \u00eel admire. \u0218i nu a venit singur &#8211; l-a adus pe Bumblebee, robotul galben care a dansat pe ritmurile Gangnam Style al\u0103turi de pitici.&nbsp;<br><img loading=\"lazy\" decoding=\"async\" width=\"165\" height=\"220\" class=\"wp-image-1336 lazyload\" style=\"width: 165px;\" src=\"data:image\/gif;base64,R0lGODlhAQABAAAAACH5BAEKAAEALAAAAAABAAEAAAICTAEAOw==\" data-src=\"https:\/\/buletin.de\/bucuresti\/wp-content\/uploads\/1-WhatsApp-Image-2019-09-22-at-23.19.08.jpeg\" alt=\"\" data-sizes=\"auto\" data-srcset=\"https:\/\/buletin.de\/bucuresti\/wp-content\/uploads\/1-WhatsApp-Image-2019-09-22-at-23.19.08.jpeg 1200w, https:\/\/buletin.de\/bucuresti\/wp-content\/uploads\/1-WhatsApp-Image-2019-09-22-at-23.19.08-600x800.jpeg 600w, https:\/\/buletin.de\/bucuresti\/wp-content\/uploads\/1-WhatsApp-Image-2019-09-22-at-23.19.08-225x300.jpeg 225w, https:\/\/buletin.de\/bucuresti\/wp-content\/uploads\/1-WhatsApp-Image-2019-09-22-at-23.19.08-768x1024.jpeg 768w, https:\/\/buletin.de\/bucuresti\/wp-content\/uploads\/1-WhatsApp-Image-2019-09-22-at-23.19.08-675x900.jpeg 675w, https:\/\/buletin.de\/bucuresti\/wp-content\/uploads\/1-WhatsApp-Image-2019-09-22-at-23.19.08-1060x1413.jpeg 1060w, https:\/\/buletin.de\/bucuresti\/wp-content\/uploads\/1-WhatsApp-Image-2019-09-22-at-23.19.08-550x733.jpeg 550w, https:\/\/buletin.de\/bucuresti\/wp-content\/uploads\/1-WhatsApp-Image-2019-09-22-at-23.19.08-375x500.jpeg 375w, https:\/\/buletin.de\/bucuresti\/wp-content\/uploads\/1-WhatsApp-Image-2019-09-22-at-23.19.08-810x1080.jpeg 810w\" sizes=\"(max-width: 165px) 100vw, 165px\" \/> <img loading=\"lazy\" decoding=\"async\" width=\"311\" height=\"233\" class=\"wp-image-1337 lazyload\" style=\"width: 311px;\" src=\"data:image\/gif;base64,R0lGODlhAQABAAAAACH5BAEKAAEALAAAAAABAAEAAAICTAEAOw==\" data-src=\"https:\/\/buletin.de\/bucuresti\/wp-content\/uploads\/2-WhatsApp-Image-2019-09-22-at-23.19.52.jpeg\" alt=\"\" data-sizes=\"auto\" data-srcset=\"https:\/\/buletin.de\/bucuresti\/wp-content\/uploads\/2-WhatsApp-Image-2019-09-22-at-23.19.52.jpeg 1600w, https:\/\/buletin.de\/bucuresti\/wp-content\/uploads\/2-WhatsApp-Image-2019-09-22-at-23.19.52-600x450.jpeg 600w, https:\/\/buletin.de\/bucuresti\/wp-content\/uploads\/2-WhatsApp-Image-2019-09-22-at-23.19.52-300x225.jpeg 300w, https:\/\/buletin.de\/bucuresti\/wp-content\/uploads\/2-WhatsApp-Image-2019-09-22-at-23.19.52-768x576.jpeg 768w, https:\/\/buletin.de\/bucuresti\/wp-content\/uploads\/2-WhatsApp-Image-2019-09-22-at-23.19.52-900x675.jpeg 900w, https:\/\/buletin.de\/bucuresti\/wp-content\/uploads\/2-WhatsApp-Image-2019-09-22-at-23.19.52-1060x795.jpeg 1060w, https:\/\/buletin.de\/bucuresti\/wp-content\/uploads\/2-WhatsApp-Image-2019-09-22-at-23.19.52-550x413.jpeg 550w, https:\/\/buletin.de\/bucuresti\/wp-content\/uploads\/2-WhatsApp-Image-2019-09-22-at-23.19.52-667x500.jpeg 667w, https:\/\/buletin.de\/bucuresti\/wp-content\/uploads\/2-WhatsApp-Image-2019-09-22-at-23.19.52-1440x1080.jpeg 1440w\" sizes=\"(max-width: 311px) 100vw, 311px\" \/> <\/p>\n\n\n\n<p><img loading=\"lazy\" decoding=\"async\" width=\"600\" height=\"450\" class=\"wp-image-1353 lazyload\" style=\"width: 600px;\" src=\"data:image\/gif;base64,R0lGODlhAQABAAAAACH5BAEKAAEALAAAAAABAAEAAAICTAEAOw==\" data-src=\"https:\/\/buletin.de\/bucuresti\/wp-content\/uploads\/WhatsApp-Image-2019-09-22-at-23.19.10.jpeg\" alt=\"\" data-sizes=\"auto\" data-srcset=\"https:\/\/buletin.de\/bucuresti\/wp-content\/uploads\/WhatsApp-Image-2019-09-22-at-23.19.10.jpeg 1600w, https:\/\/buletin.de\/bucuresti\/wp-content\/uploads\/WhatsApp-Image-2019-09-22-at-23.19.10-600x450.jpeg 600w, https:\/\/buletin.de\/bucuresti\/wp-content\/uploads\/WhatsApp-Image-2019-09-22-at-23.19.10-300x225.jpeg 300w, https:\/\/buletin.de\/bucuresti\/wp-content\/uploads\/WhatsApp-Image-2019-09-22-at-23.19.10-768x576.jpeg 768w, https:\/\/buletin.de\/bucuresti\/wp-content\/uploads\/WhatsApp-Image-2019-09-22-at-23.19.10-900x675.jpeg 900w, https:\/\/buletin.de\/bucuresti\/wp-content\/uploads\/WhatsApp-Image-2019-09-22-at-23.19.10-1060x795.jpeg 1060w, https:\/\/buletin.de\/bucuresti\/wp-content\/uploads\/WhatsApp-Image-2019-09-22-at-23.19.10-550x413.jpeg 550w, https:\/\/buletin.de\/bucuresti\/wp-content\/uploads\/WhatsApp-Image-2019-09-22-at-23.19.10-667x500.jpeg 667w, https:\/\/buletin.de\/bucuresti\/wp-content\/uploads\/WhatsApp-Image-2019-09-22-at-23.19.10-1440x1080.jpeg 1440w\" sizes=\"(max-width: 600px) 100vw, 600px\" \/><\/p>\n\n\n\n<p>Succes imens a avut \u0219i magicianul care \u0219i-a dezv\u0103luit c\u00e2teva dintre secrete. C\u00e2\u021biva copii mai noroco\u0219i au urcat pe scen\u0103 al\u0103turi de el \u0219i au \u00eenv\u0103\u021bat \u0219i ei cum s\u0103 fac\u0103 magie. \u00cen toat\u0103 aceast\u0103 mare de oameni veni\u021bi s\u0103 fac\u0103 poze \u0219i s\u0103 se distreze, c\u00e2\u021biva s-au \u00eencumetat s\u0103 intre cu biciclete \u0219i c\u0103rucioare. Extrem de optimi\u0219ti, av\u00e2nd \u00een vedere c\u0103 \u0219i singur fiind \u00ee\u021bi lua o ve\u0219nicie s\u0103 str\u0103ba\u021bi bucata de drum dintre f\u00e2nt\u00e2ni \u0219i Parlament printre oamenii din public, animatori, jandarmi \u0219i poli\u021bi\u0219ti.<\/p>\n\n\n\n<p>N-au avut mai deloc succes me\u0219te\u0219ugarii \u0219i micii comercian\u021bi care \u00eencercau s\u0103 \u00ee\u0219i v\u00e2nd\u0103 gablon\u021burile \u0219i suvenirurile la tarabele a\u0219ezate de Prim\u0103rie.<br><\/p>\n\n\n\n<figure class=\"wp-block-image\"><img loading=\"lazy\" decoding=\"async\" width=\"1600\" height=\"1200\" src=\"data:image\/gif;base64,R0lGODlhAQABAAAAACH5BAEKAAEALAAAAAABAAEAAAICTAEAOw==\" data-src=\"https:\/\/buletin.de\/bucuresti\/wp-content\/uploads\/WhatsApp-Image-2019-09-22-at-23.20.23.jpeg\" alt=\"\" class=\"wp-image-1350 lazyload\" data-sizes=\"auto\" data-srcset=\"https:\/\/buletin.de\/bucuresti\/wp-content\/uploads\/WhatsApp-Image-2019-09-22-at-23.20.23.jpeg 1600w, https:\/\/buletin.de\/bucuresti\/wp-content\/uploads\/WhatsApp-Image-2019-09-22-at-23.20.23-600x450.jpeg 600w, https:\/\/buletin.de\/bucuresti\/wp-content\/uploads\/WhatsApp-Image-2019-09-22-at-23.20.23-300x225.jpeg 300w, https:\/\/buletin.de\/bucuresti\/wp-content\/uploads\/WhatsApp-Image-2019-09-22-at-23.20.23-768x576.jpeg 768w, https:\/\/buletin.de\/bucuresti\/wp-content\/uploads\/WhatsApp-Image-2019-09-22-at-23.20.23-900x675.jpeg 900w, https:\/\/buletin.de\/bucuresti\/wp-content\/uploads\/WhatsApp-Image-2019-09-22-at-23.20.23-1060x795.jpeg 1060w, https:\/\/buletin.de\/bucuresti\/wp-content\/uploads\/WhatsApp-Image-2019-09-22-at-23.20.23-550x413.jpeg 550w, https:\/\/buletin.de\/bucuresti\/wp-content\/uploads\/WhatsApp-Image-2019-09-22-at-23.20.23-667x500.jpeg 667w, https:\/\/buletin.de\/bucuresti\/wp-content\/uploads\/WhatsApp-Image-2019-09-22-at-23.20.23-1440x1080.jpeg 1440w\" sizes=\"(max-width: 1600px) 100vw, 1600px\" \/><\/figure>\n\n\n\n<h3 class=\"wp-block-heading\"><strong>MUZICA: ARTI\u0218TI CVASICUNOSCU\u021aI, PUBLIC R\u0102ZLE\u021a<\/strong><\/h3>\n\n\n\n<p>Ca s-ajungi \u00een Pia\u021ba Constitu\u021biei \u00een fa\u021ba scenei trebuia s\u0103 treci printr-un adev\u0103rat test de r\u0103bdare.&nbsp;<br><\/p>\n\n\n\n<p><img loading=\"lazy\" decoding=\"async\" width=\"250\" height=\"188\" class=\"wp-image-1355 lazyload\" style=\"width: 250px;\" src=\"data:image\/gif;base64,R0lGODlhAQABAAAAACH5BAEKAAEALAAAAAABAAEAAAICTAEAOw==\" data-src=\"https:\/\/buletin.de\/bucuresti\/wp-content\/uploads\/WhatsApp-Image-2019-09-22-at-23.19.07.jpeg\" alt=\"\" data-sizes=\"auto\" data-srcset=\"https:\/\/buletin.de\/bucuresti\/wp-content\/uploads\/WhatsApp-Image-2019-09-22-at-23.19.07.jpeg 1600w, https:\/\/buletin.de\/bucuresti\/wp-content\/uploads\/WhatsApp-Image-2019-09-22-at-23.19.07-600x450.jpeg 600w, https:\/\/buletin.de\/bucuresti\/wp-content\/uploads\/WhatsApp-Image-2019-09-22-at-23.19.07-300x225.jpeg 300w, https:\/\/buletin.de\/bucuresti\/wp-content\/uploads\/WhatsApp-Image-2019-09-22-at-23.19.07-768x576.jpeg 768w, https:\/\/buletin.de\/bucuresti\/wp-content\/uploads\/WhatsApp-Image-2019-09-22-at-23.19.07-900x675.jpeg 900w, https:\/\/buletin.de\/bucuresti\/wp-content\/uploads\/WhatsApp-Image-2019-09-22-at-23.19.07-1060x795.jpeg 1060w, https:\/\/buletin.de\/bucuresti\/wp-content\/uploads\/WhatsApp-Image-2019-09-22-at-23.19.07-550x413.jpeg 550w, https:\/\/buletin.de\/bucuresti\/wp-content\/uploads\/WhatsApp-Image-2019-09-22-at-23.19.07-667x500.jpeg 667w, https:\/\/buletin.de\/bucuresti\/wp-content\/uploads\/WhatsApp-Image-2019-09-22-at-23.19.07-1440x1080.jpeg 1440w\" sizes=\"(max-width: 250px) 100vw, 250px\" \/> <img loading=\"lazy\" decoding=\"async\" width=\"250\" height=\"188\" class=\"wp-image-1356 lazyload\" style=\"width: 250px;\" src=\"data:image\/gif;base64,R0lGODlhAQABAAAAACH5BAEKAAEALAAAAAABAAEAAAICTAEAOw==\" data-src=\"https:\/\/buletin.de\/bucuresti\/wp-content\/uploads\/WhatsApp-Image-2019-09-22-at-23.19.07-2.jpeg\" alt=\"\" data-sizes=\"auto\" data-srcset=\"https:\/\/buletin.de\/bucuresti\/wp-content\/uploads\/WhatsApp-Image-2019-09-22-at-23.19.07-2.jpeg 1600w, https:\/\/buletin.de\/bucuresti\/wp-content\/uploads\/WhatsApp-Image-2019-09-22-at-23.19.07-2-600x450.jpeg 600w, https:\/\/buletin.de\/bucuresti\/wp-content\/uploads\/WhatsApp-Image-2019-09-22-at-23.19.07-2-300x225.jpeg 300w, https:\/\/buletin.de\/bucuresti\/wp-content\/uploads\/WhatsApp-Image-2019-09-22-at-23.19.07-2-768x576.jpeg 768w, https:\/\/buletin.de\/bucuresti\/wp-content\/uploads\/WhatsApp-Image-2019-09-22-at-23.19.07-2-900x675.jpeg 900w, https:\/\/buletin.de\/bucuresti\/wp-content\/uploads\/WhatsApp-Image-2019-09-22-at-23.19.07-2-1060x795.jpeg 1060w, https:\/\/buletin.de\/bucuresti\/wp-content\/uploads\/WhatsApp-Image-2019-09-22-at-23.19.07-2-550x413.jpeg 550w, https:\/\/buletin.de\/bucuresti\/wp-content\/uploads\/WhatsApp-Image-2019-09-22-at-23.19.07-2-667x500.jpeg 667w, https:\/\/buletin.de\/bucuresti\/wp-content\/uploads\/WhatsApp-Image-2019-09-22-at-23.19.07-2-1440x1080.jpeg 1440w\" sizes=\"(max-width: 250px) 100vw, 250px\" \/><\/p>\n\n\n\n<p>\u201eM-am plictisit, cred c\u0103 sar gardul\u201d, le-a spus un t\u00e2n\u0103r celor din ga\u0219c\u0103. Nu se putea intra direct din bulevardul Unirii, ci trebuia s\u0103 te duci \u00een lateral \u0219i s\u0103 intri pe la por\u021bile de acces din bulevardul Libert\u0103\u021bii. Probabil c\u0103 drumul lung le-a pus multora plumb \u00een ghete, pentru c\u0103, \u00een fa\u021ba scenei imense, b\u0103tea v\u00e2ntul. Undeva la c\u00e2teva sute de oameni, care st\u0103teau p\u00e2lcuri-p\u00e2lcuri, au urm\u0103rit concertul dat de Waldeck. Iar muzica lui nu sun\u0103 r\u0103u deloc! Abia la Schiller, capul de afi\u0219, s-au str\u00e2ns mai mul\u021bi curio\u0219i.<\/p>\n\n\n\n<p>P\u0103str\u00e2nd propor\u021biile, mai mult succes au avut micile scene pres\u0103rate de-a lungul bulevardului, \u00een paralel cu rulotele de m\u00e2ncare. Acolo, fie c\u0103 au concertat soli\u0219ti, forma\u021bii sau DJ-i, de fiecare dat\u0103 s-au str\u00e2ns oamenii s\u0103 \u00eei asculte \u0219i s\u0103 \u00eei filmeze.<br><img loading=\"lazy\" decoding=\"async\" width=\"650\" height=\"488\" class=\"wp-image-1357 lazyload\" style=\"width: 650px;\" src=\"data:image\/gif;base64,R0lGODlhAQABAAAAACH5BAEKAAEALAAAAAABAAEAAAICTAEAOw==\" data-src=\"https:\/\/buletin.de\/bucuresti\/wp-content\/uploads\/WhatsApp-Image-2019-09-22-at-23.18.56-2.jpeg\" alt=\"\" data-sizes=\"auto\" data-srcset=\"https:\/\/buletin.de\/bucuresti\/wp-content\/uploads\/WhatsApp-Image-2019-09-22-at-23.18.56-2.jpeg 1600w, https:\/\/buletin.de\/bucuresti\/wp-content\/uploads\/WhatsApp-Image-2019-09-22-at-23.18.56-2-600x450.jpeg 600w, https:\/\/buletin.de\/bucuresti\/wp-content\/uploads\/WhatsApp-Image-2019-09-22-at-23.18.56-2-300x225.jpeg 300w, https:\/\/buletin.de\/bucuresti\/wp-content\/uploads\/WhatsApp-Image-2019-09-22-at-23.18.56-2-768x576.jpeg 768w, https:\/\/buletin.de\/bucuresti\/wp-content\/uploads\/WhatsApp-Image-2019-09-22-at-23.18.56-2-900x675.jpeg 900w, https:\/\/buletin.de\/bucuresti\/wp-content\/uploads\/WhatsApp-Image-2019-09-22-at-23.18.56-2-1060x795.jpeg 1060w, https:\/\/buletin.de\/bucuresti\/wp-content\/uploads\/WhatsApp-Image-2019-09-22-at-23.18.56-2-550x413.jpeg 550w, https:\/\/buletin.de\/bucuresti\/wp-content\/uploads\/WhatsApp-Image-2019-09-22-at-23.18.56-2-667x500.jpeg 667w, https:\/\/buletin.de\/bucuresti\/wp-content\/uploads\/WhatsApp-Image-2019-09-22-at-23.18.56-2-1440x1080.jpeg 1440w\" sizes=\"(max-width: 650px) 100vw, 650px\" \/><\/p>\n\n\n\n<h3 class=\"wp-block-heading\"><strong>PARLAMENTUL COLORAT<\/strong><\/h3>\n\n\n\n<p>Probabil momentul cel mai a\u0219teptat de toat\u0103 lumea a fost iMapp, evenimentul organizat pentru al \u0219aselea an consecutiv de <strong>CREART<\/strong>, o companie din subordinea Prim\u0103riei. \u00centreaga fa\u021bad\u0103 a Casei Poporului a fost luminat\u0103 \u00een fel \u0219i chip de opt echipe de arti\u0219ti vizuali, care s-au \u00eentrecut s\u0103 \u00ee\u0219i arate m\u0103iestria \u00een concurs. Tema &#8211; O hart\u0103, mai multe c\u0103l\u0103torii. Au fost \u0219i c\u00e2rcota\u0219i care au reclamat c\u0103 evenimentul a fost pus prea t\u00e2rziu pentru a fi accesibil pentru toat\u0103 lumea, \u00eens\u0103 marea de blitz-uri format\u0103 \u00een Pia\u021ba Constitu\u021biei arat\u0103 c\u0103 oamenii au fost, p\u00e2n\u0103 la urm\u0103, \u00eenc\u00e2nta\u021bi. Eh, nu au lipsit nici mesajele devenite deja celebre.&nbsp;<br><img loading=\"lazy\" decoding=\"async\" width=\"200\" height=\"150\" class=\"wp-image-1359 lazyload\" style=\"width: 200px;\" src=\"data:image\/gif;base64,R0lGODlhAQABAAAAACH5BAEKAAEALAAAAAABAAEAAAICTAEAOw==\" data-src=\"https:\/\/buletin.de\/bucuresti\/wp-content\/uploads\/71294172_2587822087944946_4026471504299425792_n.jpg\" alt=\"\" data-sizes=\"auto\" data-srcset=\"https:\/\/buletin.de\/bucuresti\/wp-content\/uploads\/71294172_2587822087944946_4026471504299425792_n.jpg 960w, https:\/\/buletin.de\/bucuresti\/wp-content\/uploads\/71294172_2587822087944946_4026471504299425792_n-600x450.jpg 600w, https:\/\/buletin.de\/bucuresti\/wp-content\/uploads\/71294172_2587822087944946_4026471504299425792_n-300x225.jpg 300w, https:\/\/buletin.de\/bucuresti\/wp-content\/uploads\/71294172_2587822087944946_4026471504299425792_n-768x576.jpg 768w, https:\/\/buletin.de\/bucuresti\/wp-content\/uploads\/71294172_2587822087944946_4026471504299425792_n-900x675.jpg 900w, https:\/\/buletin.de\/bucuresti\/wp-content\/uploads\/71294172_2587822087944946_4026471504299425792_n-550x413.jpg 550w, https:\/\/buletin.de\/bucuresti\/wp-content\/uploads\/71294172_2587822087944946_4026471504299425792_n-667x500.jpg 667w\" sizes=\"(max-width: 200px) 100vw, 200px\" \/><img loading=\"lazy\" decoding=\"async\" width=\"200\" height=\"150\" class=\"wp-image-1358 lazyload\" style=\"width: 200px;\" src=\"data:image\/gif;base64,R0lGODlhAQABAAAAACH5BAEKAAEALAAAAAABAAEAAAICTAEAOw==\" data-src=\"https:\/\/buletin.de\/bucuresti\/wp-content\/uploads\/71151855_2587822147944940_4804180504104402944_n.jpg\" alt=\"\" data-sizes=\"auto\" data-srcset=\"https:\/\/buletin.de\/bucuresti\/wp-content\/uploads\/71151855_2587822147944940_4804180504104402944_n.jpg 960w, https:\/\/buletin.de\/bucuresti\/wp-content\/uploads\/71151855_2587822147944940_4804180504104402944_n-600x450.jpg 600w, https:\/\/buletin.de\/bucuresti\/wp-content\/uploads\/71151855_2587822147944940_4804180504104402944_n-300x225.jpg 300w, https:\/\/buletin.de\/bucuresti\/wp-content\/uploads\/71151855_2587822147944940_4804180504104402944_n-768x576.jpg 768w, https:\/\/buletin.de\/bucuresti\/wp-content\/uploads\/71151855_2587822147944940_4804180504104402944_n-900x675.jpg 900w, https:\/\/buletin.de\/bucuresti\/wp-content\/uploads\/71151855_2587822147944940_4804180504104402944_n-550x413.jpg 550w, https:\/\/buletin.de\/bucuresti\/wp-content\/uploads\/71151855_2587822147944940_4804180504104402944_n-667x500.jpg 667w\" sizes=\"(max-width: 200px) 100vw, 200px\" \/><\/p>\n\n\n\n<p><br><\/p>\n\n\n\n<h3 class=\"wp-block-heading\"><strong>EPILOG<\/strong><\/h3>\n\n\n\n<p>Surprinz\u0103toare cur\u0103\u021benia! \u00cen afar\u0103 de o cutie de popcorn r\u0103sturnat\u0103 \u0219i dou\u0103-trei ambalaje de carton aruncate neglijent, nu am v\u0103zut mare lucru, a\u0219a cum se \u00eent\u00e2mpl\u0103 la alte evenimente de amploarea asta. La fel \u0219i toaletele ecologice &#8211; dac\u0103 intrai \u00een vreuna nu \u021bi se \u00eentorcea stomacul pe dos (ceea ce e mare lucru!), iar \u00een perimetrul lor erau \u0219i chiuvete de genul celor tot mai des folosite la festivalurile de muzic\u0103.&nbsp;<\/p>\n\n\n\n<p>Per total, dac\u0103 e s\u0103 judec\u0103m dup\u0103 fe\u021bele mul\u021bumite ale participan\u021bilor, Zilele Bucure\u0219tiului au fost s\u0103rb\u0103torite \u00een centru printr-un festival care, \u00een ciuda poticnelilor de ici \u0219i colo, ia u\u0219or nota de trecere. Acum s\u0103 vedem \u0219i <a href=\"https:\/\/buletin.de\/bucuresti\/zilele-bucurestiului-2019-doua-zile-de-jumatate-de-milion-de-euro\/\">nota de plat\u0103<\/a>!<br><br><img loading=\"lazy\" decoding=\"async\" width=\"650\" height=\"488\" class=\"wp-image-1348 lazyload\" style=\"width: 650px;\" src=\"data:image\/gif;base64,R0lGODlhAQABAAAAACH5BAEKAAEALAAAAAABAAEAAAICTAEAOw==\" data-src=\"https:\/\/buletin.de\/bucuresti\/wp-content\/uploads\/12-WhatsApp-Image-2019-09-22-at-23.19.05.jpeg\" alt=\"\" data-sizes=\"auto\" data-srcset=\"https:\/\/buletin.de\/bucuresti\/wp-content\/uploads\/12-WhatsApp-Image-2019-09-22-at-23.19.05.jpeg 1600w, https:\/\/buletin.de\/bucuresti\/wp-content\/uploads\/12-WhatsApp-Image-2019-09-22-at-23.19.05-600x450.jpeg 600w, https:\/\/buletin.de\/bucuresti\/wp-content\/uploads\/12-WhatsApp-Image-2019-09-22-at-23.19.05-300x225.jpeg 300w, https:\/\/buletin.de\/bucuresti\/wp-content\/uploads\/12-WhatsApp-Image-2019-09-22-at-23.19.05-768x576.jpeg 768w, https:\/\/buletin.de\/bucuresti\/wp-content\/uploads\/12-WhatsApp-Image-2019-09-22-at-23.19.05-900x675.jpeg 900w, https:\/\/buletin.de\/bucuresti\/wp-content\/uploads\/12-WhatsApp-Image-2019-09-22-at-23.19.05-1060x795.jpeg 1060w, https:\/\/buletin.de\/bucuresti\/wp-content\/uploads\/12-WhatsApp-Image-2019-09-22-at-23.19.05-550x413.jpeg 550w, https:\/\/buletin.de\/bucuresti\/wp-content\/uploads\/12-WhatsApp-Image-2019-09-22-at-23.19.05-667x500.jpeg 667w, https:\/\/buletin.de\/bucuresti\/wp-content\/uploads\/12-WhatsApp-Image-2019-09-22-at-23.19.05-1440x1080.jpeg 1440w\" sizes=\"(max-width: 650px) 100vw, 650px\" \/> <img loading=\"lazy\" decoding=\"async\" width=\"650\" height=\"488\" class=\"wp-image-1341 lazyload\" style=\"width: 650px;\" src=\"data:image\/gif;base64,R0lGODlhAQABAAAAACH5BAEKAAEALAAAAAABAAEAAAICTAEAOw==\" data-src=\"https:\/\/buletin.de\/bucuresti\/wp-content\/uploads\/5-WhatsApp-Image-2019-09-22-at-23.20.21.jpeg\" alt=\"\" data-sizes=\"auto\" data-srcset=\"https:\/\/buletin.de\/bucuresti\/wp-content\/uploads\/5-WhatsApp-Image-2019-09-22-at-23.20.21.jpeg 1600w, https:\/\/buletin.de\/bucuresti\/wp-content\/uploads\/5-WhatsApp-Image-2019-09-22-at-23.20.21-600x450.jpeg 600w, https:\/\/buletin.de\/bucuresti\/wp-content\/uploads\/5-WhatsApp-Image-2019-09-22-at-23.20.21-300x225.jpeg 300w, https:\/\/buletin.de\/bucuresti\/wp-content\/uploads\/5-WhatsApp-Image-2019-09-22-at-23.20.21-768x576.jpeg 768w, https:\/\/buletin.de\/bucuresti\/wp-content\/uploads\/5-WhatsApp-Image-2019-09-22-at-23.20.21-900x675.jpeg 900w, https:\/\/buletin.de\/bucuresti\/wp-content\/uploads\/5-WhatsApp-Image-2019-09-22-at-23.20.21-1060x795.jpeg 1060w, https:\/\/buletin.de\/bucuresti\/wp-content\/uploads\/5-WhatsApp-Image-2019-09-22-at-23.20.21-550x413.jpeg 550w, https:\/\/buletin.de\/bucuresti\/wp-content\/uploads\/5-WhatsApp-Image-2019-09-22-at-23.20.21-667x500.jpeg 667w, https:\/\/buletin.de\/bucuresti\/wp-content\/uploads\/5-WhatsApp-Image-2019-09-22-at-23.20.21-1440x1080.jpeg 1440w\" sizes=\"(max-width: 650px) 100vw, 650px\" \/> <br><\/p>\n\n\n\n<p>REPORTER \u0218I IMAGINE: IONU\u021a LEPA<\/p>\n\n\n\n<p>EDITOR: OANA DESPA<br><\/p>\n","protected":false},"excerpt":{"rendered":"<p>\u0218ti\u021bi replica deja celebr\u0103 din serialul HBO Chernobyl, \u201enot great, not terrible\u201d? Ei bine, cam a\u0219a a fost \u0219i a cinci sute \u0219aizecea aniversare a Bucure\u0219tiului. A fost un b\u00e2lci modern, cu bune \u0219i cu rele. Iar o radiografie corect\u0103 a ceea ce s-a \u00eent\u00e2mplat \u00een weekend, de la f\u00e2nt\u00e2nile din Pia\u021ba Unirii \u0219i p\u00e2n\u0103 [&hellip;]<\/p>\n","protected":false},"author":1,"featured_media":1345,"comment_status":"closed","ping_status":"open","sticky":false,"template":"","format":"standard","meta":{"_acf_changed":false,"inline_featured_image":false,"ngg_post_thumbnail":0,"footnotes":""},"categories":[81],"tags":[],"ppma_author":[22583],"class_list":["post-1333","post","type-post","status-publish","format-standard","has-post-thumbnail","hentry","category-cultura"],"acf":[],"yoast_head":"<!-- This site is optimized with the Yoast SEO Premium plugin v25.3 (Yoast SEO v27.5) - https:\/\/yoast.com\/product\/yoast-seo-premium-wordpress\/ -->\n<title>Zilele Bucure\u0219tiului: festival cu bune \u0219i cu rele - Buletin de Bucure\u0219ti<\/title>\n<meta name=\"robots\" content=\"index, follow, max-snippet:-1, max-image-preview:large, max-video-preview:-1\" \/>\n<link rel=\"canonical\" href=\"https:\/\/buletin.de\/bucuresti\/zilele-bucurestiului-festival-cu-bune-si-cu-rele\/\" \/>\n<meta property=\"og:locale\" content=\"en_GB\" \/>\n<meta property=\"og:type\" content=\"article\" \/>\n<meta property=\"og:title\" content=\"Zilele Bucure\u0219tiului: festival cu bune \u0219i cu rele\" \/>\n<meta property=\"og:description\" content=\"\u0218ti\u021bi replica deja celebr\u0103 din serialul HBO Chernobyl, \u201enot great, not terrible\u201d? Ei bine, cam a\u0219a a fost \u0219i a cinci sute \u0219aizecea aniversare a Bucure\u0219tiului. A fost un b\u00e2lci modern, cu bune \u0219i cu rele. Iar o radiografie corect\u0103 a ceea ce s-a \u00eent\u00e2mplat \u00een weekend, de la f\u00e2nt\u00e2nile din Pia\u021ba Unirii \u0219i p\u00e2n\u0103 [&hellip;]\" \/>\n<meta property=\"og:url\" content=\"https:\/\/buletin.de\/bucuresti\/zilele-bucurestiului-festival-cu-bune-si-cu-rele\/\" \/>\n<meta property=\"og:site_name\" content=\"Buletin de Bucure\u0219ti\" \/>\n<meta property=\"article:publisher\" content=\"https:\/\/www.facebook.com\/buletin.de.buc\" \/>\n<meta property=\"article:published_time\" content=\"2019-09-23T08:01:09+00:00\" \/>\n<meta property=\"article:modified_time\" content=\"2019-10-04T09:39:17+00:00\" \/>\n<meta property=\"og:image\" content=\"https:\/\/buletin.de\/bucuresti\/wp-content\/uploads\/10-WhatsApp-Image-2019-09-22-at-23.19.02.jpeg\" \/>\n\t<meta property=\"og:image:width\" content=\"1600\" \/>\n\t<meta property=\"og:image:height\" content=\"1200\" \/>\n\t<meta property=\"og:image:type\" content=\"image\/jpeg\" \/>\n<meta name=\"author\" content=\"Redac\u021bia Buletin de Bucure\u0219ti\" \/>\n<meta name=\"twitter:card\" content=\"summary_large_image\" \/>\n<meta name=\"twitter:label1\" content=\"Written by\" \/>\n\t<meta name=\"twitter:data1\" content=\"Redac\u021bia Buletin de Bucure\u0219ti\" \/>\n\t<meta name=\"twitter:label2\" content=\"Estimated reading time\" \/>\n\t<meta name=\"twitter:data2\" content=\"5 minutes\" \/>\n<script type=\"application\/ld+json\" class=\"yoast-schema-graph\">{\"@context\":\"https:\\\/\\\/schema.org\",\"@graph\":[{\"@type\":\"Article\",\"@id\":\"https:\\\/\\\/buletin.de\\\/bucuresti\\\/zilele-bucurestiului-festival-cu-bune-si-cu-rele\\\/#article\",\"isPartOf\":{\"@id\":\"https:\\\/\\\/buletin.de\\\/bucuresti\\\/zilele-bucurestiului-festival-cu-bune-si-cu-rele\\\/\"},\"author\":{\"name\":\"Redac\u021bia Buletin de Bucure\u0219ti\",\"@id\":\"https:\\\/\\\/buletin.de\\\/bucuresti\\\/#\\\/schema\\\/person\\\/2bbcf854e5f2419a13804af574d06ab1\"},\"headline\":\"Zilele Bucure\u0219tiului: festival cu bune \u0219i cu rele\",\"datePublished\":\"2019-09-23T08:01:09+00:00\",\"dateModified\":\"2019-10-04T09:39:17+00:00\",\"mainEntityOfPage\":{\"@id\":\"https:\\\/\\\/buletin.de\\\/bucuresti\\\/zilele-bucurestiului-festival-cu-bune-si-cu-rele\\\/\"},\"wordCount\":1087,\"publisher\":{\"@id\":\"https:\\\/\\\/buletin.de\\\/bucuresti\\\/#organization\"},\"image\":{\"@id\":\"https:\\\/\\\/buletin.de\\\/bucuresti\\\/zilele-bucurestiului-festival-cu-bune-si-cu-rele\\\/#primaryimage\"},\"thumbnailUrl\":\"https:\\\/\\\/buletin.de\\\/bucuresti\\\/wp-content\\\/uploads\\\/10-WhatsApp-Image-2019-09-22-at-23.19.02.jpeg\",\"articleSection\":[\"Cultur\u0103\"],\"inLanguage\":\"en-GB\",\"copyrightYear\":\"2019\",\"copyrightHolder\":{\"@id\":\"https:\\\/\\\/buletin.de\\\/bucuresti\\\/#organization\"}},{\"@type\":\"WebPage\",\"@id\":\"https:\\\/\\\/buletin.de\\\/bucuresti\\\/zilele-bucurestiului-festival-cu-bune-si-cu-rele\\\/\",\"url\":\"https:\\\/\\\/buletin.de\\\/bucuresti\\\/zilele-bucurestiului-festival-cu-bune-si-cu-rele\\\/\",\"name\":\"Zilele Bucure\u0219tiului: festival cu bune \u0219i cu rele - Buletin de Bucure\u0219ti\",\"isPartOf\":{\"@id\":\"https:\\\/\\\/buletin.de\\\/bucuresti\\\/#website\"},\"primaryImageOfPage\":{\"@id\":\"https:\\\/\\\/buletin.de\\\/bucuresti\\\/zilele-bucurestiului-festival-cu-bune-si-cu-rele\\\/#primaryimage\"},\"image\":{\"@id\":\"https:\\\/\\\/buletin.de\\\/bucuresti\\\/zilele-bucurestiului-festival-cu-bune-si-cu-rele\\\/#primaryimage\"},\"thumbnailUrl\":\"https:\\\/\\\/buletin.de\\\/bucuresti\\\/wp-content\\\/uploads\\\/10-WhatsApp-Image-2019-09-22-at-23.19.02.jpeg\",\"datePublished\":\"2019-09-23T08:01:09+00:00\",\"dateModified\":\"2019-10-04T09:39:17+00:00\",\"breadcrumb\":{\"@id\":\"https:\\\/\\\/buletin.de\\\/bucuresti\\\/zilele-bucurestiului-festival-cu-bune-si-cu-rele\\\/#breadcrumb\"},\"inLanguage\":\"en-GB\",\"potentialAction\":[{\"@type\":\"ReadAction\",\"target\":[\"https:\\\/\\\/buletin.de\\\/bucuresti\\\/zilele-bucurestiului-festival-cu-bune-si-cu-rele\\\/\"]}]},{\"@type\":\"ImageObject\",\"inLanguage\":\"en-GB\",\"@id\":\"https:\\\/\\\/buletin.de\\\/bucuresti\\\/zilele-bucurestiului-festival-cu-bune-si-cu-rele\\\/#primaryimage\",\"url\":\"https:\\\/\\\/buletin.de\\\/bucuresti\\\/wp-content\\\/uploads\\\/10-WhatsApp-Image-2019-09-22-at-23.19.02.jpeg\",\"contentUrl\":\"https:\\\/\\\/buletin.de\\\/bucuresti\\\/wp-content\\\/uploads\\\/10-WhatsApp-Image-2019-09-22-at-23.19.02.jpeg\",\"width\":1600,\"height\":1200},{\"@type\":\"BreadcrumbList\",\"@id\":\"https:\\\/\\\/buletin.de\\\/bucuresti\\\/zilele-bucurestiului-festival-cu-bune-si-cu-rele\\\/#breadcrumb\",\"itemListElement\":[{\"@type\":\"ListItem\",\"position\":1,\"name\":\"Acas\u0103\",\"item\":\"https:\\\/\\\/buletin.de\\\/bucuresti\\\/\"},{\"@type\":\"ListItem\",\"position\":2,\"name\":\"Zilele Bucure\u0219tiului: festival cu bune \u0219i cu rele\"}]},{\"@type\":\"WebSite\",\"@id\":\"https:\\\/\\\/buletin.de\\\/bucuresti\\\/#website\",\"url\":\"https:\\\/\\\/buletin.de\\\/bucuresti\\\/\",\"name\":\"Buletin de Bucure\u0219ti\",\"description\":\"\u0218tiri \u0219i investiga\u021bii esen\u021biale din capital\u0103\",\"publisher\":{\"@id\":\"https:\\\/\\\/buletin.de\\\/bucuresti\\\/#organization\"},\"potentialAction\":[{\"@type\":\"SearchAction\",\"target\":{\"@type\":\"EntryPoint\",\"urlTemplate\":\"https:\\\/\\\/buletin.de\\\/bucuresti\\\/?s={search_term_string}\"},\"query-input\":{\"@type\":\"PropertyValueSpecification\",\"valueRequired\":true,\"valueName\":\"search_term_string\"}}],\"inLanguage\":\"en-GB\"},{\"@type\":\"Organization\",\"@id\":\"https:\\\/\\\/buletin.de\\\/bucuresti\\\/#organization\",\"name\":\"Buletin de Bucure\u0219ti\",\"url\":\"https:\\\/\\\/buletin.de\\\/bucuresti\\\/\",\"logo\":{\"@type\":\"ImageObject\",\"inLanguage\":\"en-GB\",\"@id\":\"https:\\\/\\\/buletin.de\\\/bucuresti\\\/#\\\/schema\\\/logo\\\/image\\\/\",\"url\":\"https:\\\/\\\/buletin.de\\\/bucuresti\\\/wp-content\\\/uploads\\\/logo-bdb-full-wide-vernil-transparent.png\",\"contentUrl\":\"https:\\\/\\\/buletin.de\\\/bucuresti\\\/wp-content\\\/uploads\\\/logo-bdb-full-wide-vernil-transparent.png\",\"width\":1782,\"height\":626,\"caption\":\"Buletin de Bucure\u0219ti\"},\"image\":{\"@id\":\"https:\\\/\\\/buletin.de\\\/bucuresti\\\/#\\\/schema\\\/logo\\\/image\\\/\"},\"sameAs\":[\"https:\\\/\\\/www.facebook.com\\\/buletin.de.buc\",\"https:\\\/\\\/www.instagram.com\\\/buletinde.bucuresti\\\/\"]},{\"@type\":\"Person\",\"@id\":\"https:\\\/\\\/buletin.de\\\/bucuresti\\\/#\\\/schema\\\/person\\\/2bbcf854e5f2419a13804af574d06ab1\",\"name\":\"Redac\u021bia Buletin de Bucure\u0219ti\",\"image\":{\"@type\":\"ImageObject\",\"inLanguage\":\"en-GB\",\"@id\":\"https:\\\/\\\/secure.gravatar.com\\\/avatar\\\/18c5342381ed1a08620e6280424e3e5efc958618f5d67c522c9e44c1bc6f9226?s=96&d=monsterid&r=g60c7cd0ad92c68c049fcd4bb3504d609\",\"url\":\"https:\\\/\\\/secure.gravatar.com\\\/avatar\\\/18c5342381ed1a08620e6280424e3e5efc958618f5d67c522c9e44c1bc6f9226?s=96&d=monsterid&r=g\",\"contentUrl\":\"https:\\\/\\\/secure.gravatar.com\\\/avatar\\\/18c5342381ed1a08620e6280424e3e5efc958618f5d67c522c9e44c1bc6f9226?s=96&d=monsterid&r=g\",\"caption\":\"Redac\u021bia Buletin de Bucure\u0219ti\"},\"description\":\"Buletin de Bucure\u0219ti exist\u0103 din vara anului 2019.\",\"url\":\"https:\\\/\\\/buletin.de\\\/bucuresti\\\/author\\\/adminbuletin\\\/\"}]}<\/script>\n<!-- \/ Yoast SEO Premium plugin. -->","yoast_head_json":{"title":"Zilele Bucure\u0219tiului: festival cu bune \u0219i cu rele - Buletin de Bucure\u0219ti","robots":{"index":"index","follow":"follow","max-snippet":"max-snippet:-1","max-image-preview":"max-image-preview:large","max-video-preview":"max-video-preview:-1"},"canonical":"https:\/\/buletin.de\/bucuresti\/zilele-bucurestiului-festival-cu-bune-si-cu-rele\/","og_locale":"en_GB","og_type":"article","og_title":"Zilele Bucure\u0219tiului: festival cu bune \u0219i cu rele","og_description":"\u0218ti\u021bi replica deja celebr\u0103 din serialul HBO Chernobyl, \u201enot great, not terrible\u201d? Ei bine, cam a\u0219a a fost \u0219i a cinci sute \u0219aizecea aniversare a Bucure\u0219tiului. A fost un b\u00e2lci modern, cu bune \u0219i cu rele. Iar o radiografie corect\u0103 a ceea ce s-a \u00eent\u00e2mplat \u00een weekend, de la f\u00e2nt\u00e2nile din Pia\u021ba Unirii \u0219i p\u00e2n\u0103 [&hellip;]","og_url":"https:\/\/buletin.de\/bucuresti\/zilele-bucurestiului-festival-cu-bune-si-cu-rele\/","og_site_name":"Buletin de Bucure\u0219ti","article_publisher":"https:\/\/www.facebook.com\/buletin.de.buc","article_published_time":"2019-09-23T08:01:09+00:00","article_modified_time":"2019-10-04T09:39:17+00:00","og_image":[{"width":1600,"height":1200,"url":"https:\/\/buletin.de\/bucuresti\/wp-content\/uploads\/10-WhatsApp-Image-2019-09-22-at-23.19.02.jpeg","type":"image\/jpeg"}],"author":"Redac\u021bia Buletin de Bucure\u0219ti","twitter_card":"summary_large_image","twitter_misc":{"Written by":"Redac\u021bia Buletin de Bucure\u0219ti","Estimated reading time":"5 minutes"},"schema":{"@context":"https:\/\/schema.org","@graph":[{"@type":"Article","@id":"https:\/\/buletin.de\/bucuresti\/zilele-bucurestiului-festival-cu-bune-si-cu-rele\/#article","isPartOf":{"@id":"https:\/\/buletin.de\/bucuresti\/zilele-bucurestiului-festival-cu-bune-si-cu-rele\/"},"author":{"name":"Redac\u021bia Buletin de Bucure\u0219ti","@id":"https:\/\/buletin.de\/bucuresti\/#\/schema\/person\/2bbcf854e5f2419a13804af574d06ab1"},"headline":"Zilele Bucure\u0219tiului: festival cu bune \u0219i cu rele","datePublished":"2019-09-23T08:01:09+00:00","dateModified":"2019-10-04T09:39:17+00:00","mainEntityOfPage":{"@id":"https:\/\/buletin.de\/bucuresti\/zilele-bucurestiului-festival-cu-bune-si-cu-rele\/"},"wordCount":1087,"publisher":{"@id":"https:\/\/buletin.de\/bucuresti\/#organization"},"image":{"@id":"https:\/\/buletin.de\/bucuresti\/zilele-bucurestiului-festival-cu-bune-si-cu-rele\/#primaryimage"},"thumbnailUrl":"https:\/\/buletin.de\/bucuresti\/wp-content\/uploads\/10-WhatsApp-Image-2019-09-22-at-23.19.02.jpeg","articleSection":["Cultur\u0103"],"inLanguage":"en-GB","copyrightYear":"2019","copyrightHolder":{"@id":"https:\/\/buletin.de\/bucuresti\/#organization"}},{"@type":"WebPage","@id":"https:\/\/buletin.de\/bucuresti\/zilele-bucurestiului-festival-cu-bune-si-cu-rele\/","url":"https:\/\/buletin.de\/bucuresti\/zilele-bucurestiului-festival-cu-bune-si-cu-rele\/","name":"Zilele Bucure\u0219tiului: festival cu bune \u0219i cu rele - Buletin de Bucure\u0219ti","isPartOf":{"@id":"https:\/\/buletin.de\/bucuresti\/#website"},"primaryImageOfPage":{"@id":"https:\/\/buletin.de\/bucuresti\/zilele-bucurestiului-festival-cu-bune-si-cu-rele\/#primaryimage"},"image":{"@id":"https:\/\/buletin.de\/bucuresti\/zilele-bucurestiului-festival-cu-bune-si-cu-rele\/#primaryimage"},"thumbnailUrl":"https:\/\/buletin.de\/bucuresti\/wp-content\/uploads\/10-WhatsApp-Image-2019-09-22-at-23.19.02.jpeg","datePublished":"2019-09-23T08:01:09+00:00","dateModified":"2019-10-04T09:39:17+00:00","breadcrumb":{"@id":"https:\/\/buletin.de\/bucuresti\/zilele-bucurestiului-festival-cu-bune-si-cu-rele\/#breadcrumb"},"inLanguage":"en-GB","potentialAction":[{"@type":"ReadAction","target":["https:\/\/buletin.de\/bucuresti\/zilele-bucurestiului-festival-cu-bune-si-cu-rele\/"]}]},{"@type":"ImageObject","inLanguage":"en-GB","@id":"https:\/\/buletin.de\/bucuresti\/zilele-bucurestiului-festival-cu-bune-si-cu-rele\/#primaryimage","url":"https:\/\/buletin.de\/bucuresti\/wp-content\/uploads\/10-WhatsApp-Image-2019-09-22-at-23.19.02.jpeg","contentUrl":"https:\/\/buletin.de\/bucuresti\/wp-content\/uploads\/10-WhatsApp-Image-2019-09-22-at-23.19.02.jpeg","width":1600,"height":1200},{"@type":"BreadcrumbList","@id":"https:\/\/buletin.de\/bucuresti\/zilele-bucurestiului-festival-cu-bune-si-cu-rele\/#breadcrumb","itemListElement":[{"@type":"ListItem","position":1,"name":"Acas\u0103","item":"https:\/\/buletin.de\/bucuresti\/"},{"@type":"ListItem","position":2,"name":"Zilele Bucure\u0219tiului: festival cu bune \u0219i cu rele"}]},{"@type":"WebSite","@id":"https:\/\/buletin.de\/bucuresti\/#website","url":"https:\/\/buletin.de\/bucuresti\/","name":"Buletin de Bucure\u0219ti","description":"\u0218tiri \u0219i investiga\u021bii esen\u021biale din capital\u0103","publisher":{"@id":"https:\/\/buletin.de\/bucuresti\/#organization"},"potentialAction":[{"@type":"SearchAction","target":{"@type":"EntryPoint","urlTemplate":"https:\/\/buletin.de\/bucuresti\/?s={search_term_string}"},"query-input":{"@type":"PropertyValueSpecification","valueRequired":true,"valueName":"search_term_string"}}],"inLanguage":"en-GB"},{"@type":"Organization","@id":"https:\/\/buletin.de\/bucuresti\/#organization","name":"Buletin de Bucure\u0219ti","url":"https:\/\/buletin.de\/bucuresti\/","logo":{"@type":"ImageObject","inLanguage":"en-GB","@id":"https:\/\/buletin.de\/bucuresti\/#\/schema\/logo\/image\/","url":"https:\/\/buletin.de\/bucuresti\/wp-content\/uploads\/logo-bdb-full-wide-vernil-transparent.png","contentUrl":"https:\/\/buletin.de\/bucuresti\/wp-content\/uploads\/logo-bdb-full-wide-vernil-transparent.png","width":1782,"height":626,"caption":"Buletin de Bucure\u0219ti"},"image":{"@id":"https:\/\/buletin.de\/bucuresti\/#\/schema\/logo\/image\/"},"sameAs":["https:\/\/www.facebook.com\/buletin.de.buc","https:\/\/www.instagram.com\/buletinde.bucuresti\/"]},{"@type":"Person","@id":"https:\/\/buletin.de\/bucuresti\/#\/schema\/person\/2bbcf854e5f2419a13804af574d06ab1","name":"Redac\u021bia Buletin de Bucure\u0219ti","image":{"@type":"ImageObject","inLanguage":"en-GB","@id":"https:\/\/secure.gravatar.com\/avatar\/18c5342381ed1a08620e6280424e3e5efc958618f5d67c522c9e44c1bc6f9226?s=96&d=monsterid&r=g60c7cd0ad92c68c049fcd4bb3504d609","url":"https:\/\/secure.gravatar.com\/avatar\/18c5342381ed1a08620e6280424e3e5efc958618f5d67c522c9e44c1bc6f9226?s=96&d=monsterid&r=g","contentUrl":"https:\/\/secure.gravatar.com\/avatar\/18c5342381ed1a08620e6280424e3e5efc958618f5d67c522c9e44c1bc6f9226?s=96&d=monsterid&r=g","caption":"Redac\u021bia Buletin de Bucure\u0219ti"},"description":"Buletin de Bucure\u0219ti exist\u0103 din vara anului 2019.","url":"https:\/\/buletin.de\/bucuresti\/author\/adminbuletin\/"}]}},"authors":[{"term_id":22583,"user_id":1,"is_guest":0,"slug":"adminbuletin","display_name":"Redac\u021bia Buletin de Bucure\u0219ti","avatar_url":"https:\/\/secure.gravatar.com\/avatar\/18c5342381ed1a08620e6280424e3e5efc958618f5d67c522c9e44c1bc6f9226?s=96&d=monsterid&r=g","0":null,"1":"","2":"","3":"","4":"","5":"","6":"","7":"","8":""}],"_links":{"self":[{"href":"https:\/\/buletin.de\/bucuresti\/wp-json\/wp\/v2\/posts\/1333","targetHints":{"allow":["GET"]}}],"collection":[{"href":"https:\/\/buletin.de\/bucuresti\/wp-json\/wp\/v2\/posts"}],"about":[{"href":"https:\/\/buletin.de\/bucuresti\/wp-json\/wp\/v2\/types\/post"}],"author":[{"embeddable":true,"href":"https:\/\/buletin.de\/bucuresti\/wp-json\/wp\/v2\/users\/1"}],"replies":[{"embeddable":true,"href":"https:\/\/buletin.de\/bucuresti\/wp-json\/wp\/v2\/comments?post=1333"}],"version-history":[{"count":11,"href":"https:\/\/buletin.de\/bucuresti\/wp-json\/wp\/v2\/posts\/1333\/revisions"}],"predecessor-version":[{"id":1389,"href":"https:\/\/buletin.de\/bucuresti\/wp-json\/wp\/v2\/posts\/1333\/revisions\/1389"}],"wp:featuredmedia":[{"embeddable":true,"href":"https:\/\/buletin.de\/bucuresti\/wp-json\/wp\/v2\/media\/1345"}],"wp:attachment":[{"href":"https:\/\/buletin.de\/bucuresti\/wp-json\/wp\/v2\/media?parent=1333"}],"wp:term":[{"taxonomy":"category","embeddable":true,"href":"https:\/\/buletin.de\/bucuresti\/wp-json\/wp\/v2\/categories?post=1333"},{"taxonomy":"post_tag","embeddable":true,"href":"https:\/\/buletin.de\/bucuresti\/wp-json\/wp\/v2\/tags?post=1333"},{"taxonomy":"author","embeddable":true,"href":"https:\/\/buletin.de\/bucuresti\/wp-json\/wp\/v2\/ppma_author?post=1333"}],"curies":[{"name":"wp","href":"https:\/\/api.w.org\/{rel}","templated":true}]}}