{"id":133110,"date":"2025-06-04T00:19:20","date_gmt":"2025-06-03T21:19:20","guid":{"rendered":"https:\/\/buletin.de\/bucuresti\/?p=133110"},"modified":"2025-06-04T08:54:08","modified_gmt":"2025-06-04T05:54:08","slug":"cfr-calatori-introduce-patru-noi-trenuri-pe-relatia-brasov-bucuresti-constanta-si-retur","status":"publish","type":"post","link":"https:\/\/buletin.de\/bucuresti\/cfr-calatori-introduce-patru-noi-trenuri-pe-relatia-brasov-bucuresti-constanta-si-retur\/","title":{"rendered":"CFR C\u0103l\u0103tori introduce patru noi trenuri pe rela\u021bia Bra\u0219ov-Bucure\u0219ti-Constan\u021ba \u0219i retur"},"content":{"rendered":"\n<p><strong>CFR C\u0103l\u0103tori introduce patru noi trenuri pe rela\u021bia Bra\u0219ov-Bucure\u0219ti-Constan\u021ba \u0219i retur. Acestea vor circula \u00een regim&nbsp;permanent, nu doar \u00een perioada sezonului estival, dup\u0103 cum se arat\u0103 \u00eentr-un <a href=\"https:\/\/www.cfrcalatori.ro\/comunicate\/comunicat-de-presa-patru-noi-trenuri-pnrr-pe-ruta-brasov-bucuresti-nord-constanta-si-retur\/\">comunicat<\/a> al companiei de stat.<\/strong><\/p>\n\n\n\n<p>Acestea vor fi operate exclusiv cu vagoane \u0219i locomotive modernizate cu fonduri din Programul Na\u021bional de Redresare \u0219i Rezilien\u021b\u0103 (PNRR). Noile trenuri sunt dup\u0103 cum urmeaz\u0103:<\/p>\n\n\n\n<ul class=\"wp-block-list\">\n<li><strong>IR 1883<\/strong>&nbsp;Bucure\u0219ti Nord (plecare 12:30) \u2013 Constan\u021ba (sosire 15:03) &#8211; operat din 3 iunie.<\/li>\n\n\n\n<li><strong>IC 536<\/strong>&nbsp;Constan\u021ba (plecare 17:30) \u2013 Bucure\u0219ti Nord (sosire 19:37\/plecare 19:54) \u2013 Bra\u0219ov (sosire 22:10) &#8211; operat din 3 iulie.<\/li>\n\n\n\n<li><strong>IC 538<\/strong>&nbsp;Bra\u0219ov (plecare 06:58) \u2013 Bucure\u0219ti Nord (sosire 09:14\/plecare 09:29) \u2013 Constan\u021ba (sosire 11:36) &#8211; operat din 4 iulie.<\/li>\n\n\n\n<li><strong>IR 1682<\/strong>&nbsp;Constan\u021ba (16:30) \u2013 Bucure\u0219ti Nord (19:00) &#8211; operat din 4 iulie.<\/li>\n<\/ul>\n\n\n\n<p><strong>CITE\u0218TE \u0218I: <a href=\"https:\/\/buletin.de\/bucuresti\/trenurile-soarelui-18-perechi-de-trenuri-vor-asigura-legatura-intre-bucuresti-si-constanta-pe-parcursul-verii\/\">Trenurile Soarelui | 18 perechi de trenuri vor asigura leg\u0103tura \u00eentre Bucure\u0219ti \u0219i Constan\u021ba, pe parcursul verii<\/a><\/strong><\/p>\n\n\n\n<h2 class=\"wp-block-heading\" id=\"h-bra\u0219ov-bucure\u0219ti-constan\u021ba-incepe-programul-trenurile-soarelui\">Bra\u0219ov-Bucure\u0219ti-Constan\u021ba. \u00cencepe programul \u201eTrenurile soarelui\u201d<\/h2>\n\n\n\n<p><strong>CFR C\u0103l\u0103tori d\u0103 startul programului \u201eTrenurile soarelui\u201d. 18 perechi de trenuri vor asigura leg\u0103tura \u00eentre Bucure\u0219ti \u0219i Constan\u021ba, de la sf\u00e2r\u0219itul s\u0103pt\u0103m\u00e2nii viitoare.<\/strong><\/p>\n\n\n\n<p>Potrivit companiei de stat, \u00een programul de circula\u021bie vor exista 32 de trenuri suplimentare care vor asigura leg\u0103tura dintre litoral \u0219i cele mai importante destina\u021bii din \u021bar\u0103 \u00eencep\u00e2nd cu data de 13\/14 iunie. Odat\u0103 cu \u00eenceperea programului, Capitala va fi traversat\u0103 de 18 trenuri c\u0103tre mare.<\/p>\n\n\n\n<p>\u00cen ceea ce prive\u0219te pre\u021bul pentru o c\u0103l\u0103torie cu loc rezervat Bucure\u0219ti \u2013 Constan\u021ba, f\u0103r\u0103 reduceri, la casa a II-a, c\u0103l\u0103torii vor scoate din buzunar 43,50 lei pentru un tren Regio, 82,50 lei pentru un tren IR \u0219i 94,00 lei pentru un tren IC. <\/p>\n\n\n\n<p>Dac\u0103 totu\u0219i aleg s\u0103 rezerve biletele cu cel pu\u021bin 11 zile \u00eenaintea plec\u0103rii, ace\u0219tia vor avea parte de o reducere de 10%.<\/p>\n\n\n\n<h2 class=\"wp-block-heading\" id=\"h-cum-po\u021bi-afla-mai-multe-detalii-despre-trenul-tau\">Cum po\u021bi afla mai multe detalii despre trenul t\u0103u<\/h2>\n\n\n\n<p><strong>Pasagerii au la dispozi\u021bie mai multe mijloace prin care pot afla informa\u021bii despre circula\u021bia trenurilor de c\u0103l\u0103tori, precum:<\/strong><\/p>\n\n\n\n<ul class=\"wp-block-list\">\n<li>la telefon 021 9521 \u2013 INFO CFR (trafic intern).<\/li>\n\n\n\n<li>la numerele de telefon din sta\u021biile CFR, ce sunt publicate pe&nbsp;<a href=\"http:\/\/www.cfrcalatori.ro\/\">cfrcalatori.ro<\/a>&nbsp;la sec\u021biunea INFORMA\u021aII TELEFONICE \u2013&nbsp;<a href=\"https:\/\/www.cfrcalatori.ro\/informatii-telefonice\/\">https:\/\/www.cfrcalatori.ro\/informatii-telefonice\/<\/a><\/li>\n\n\n\n<li>\u00een aplica\u021bia TRENUL MEU (<a href=\"https:\/\/bilete.cfrcalatori.ro\/ro-RO\/Itineraries\">https:\/\/bilete.cfrcalatori.ro\/ro-RO\/Itineraries<\/a>), se introduce num\u0103rul exact al trenului \u00een c\u0103su\u0163a indicat\u0103 \u015fi click pe Informa\u021bii tren. Se ob\u021bin informa\u0163ii \u00een timp real despre opriri, \u00eent\u00e2rzieri, minutele de sta\u0163ionare \u00een urm\u0103toarea gar\u0103 \u015fi timpul estimat de sosire.<\/li>\n\n\n\n<li>pe site-ul companiei&nbsp;<a href=\"http:\/\/www.cfr.ro\/\">cfr.ro<\/a>&nbsp;sunt func\u021bionale \u0219i actualizate permanent camerele web din g\u0103rile Bucure\u0219ti Nord, Aeroport Henri Coand\u0103, Timi\u0219oara, Craiova, Bra\u0219ov, Ia\u0219i, Cluj Napoca \u0219i Constan\u021ba care indic\u0103 ora de sosire\/de plecare a trenurilor.<\/li>\n\n\n\n<li>pe site-ul&nbsp;&nbsp;<a href=\"http:\/\/www.cfrcalatori.ro\/\">cfrcalatori.ro<\/a>, la Mers tren trafic intern.<\/li>\n\n\n\n<li>de la personalul \u0219i agen\u021bii CFR din sta\u0163ii.<\/li>\n<\/ul>\n\n\n\n<p><strong>CITE\u0218TE \u0218I: <a href=\"https:\/\/buletin.de\/bucuresti\/daniel-baluta-despre-razboiul-cu-nicusor-dan-pe-marginea-planseului-de-la-unirii-eu-si-presedintele-am-rezolvat-o-problema-restul-e-cancan\/\">Daniel B\u0103lu\u021b\u0103, dup\u0103 ce l-a numit \u201eimpostor\u201c pe Nicu\u0219or Dan \u00een \u201er\u0103zboiul de la Unirii\u201d: \u201eEu \u0219i pre\u0219edintele am rezolvat o problem\u0103. Restul e cancan\u201d<\/a><\/strong><\/p>\n","protected":false},"excerpt":{"rendered":"<p>CFR C\u0103l\u0103tori introduce patru noi trenuri pe rela\u021bia Bra\u0219ov-Bucure\u0219ti-Constan\u021ba \u0219i retur. Acestea vor circula \u00een regim&nbsp;permanent, nu doar \u00een perioada sezonului estival, dup\u0103 cum se arat\u0103 \u00eentr-un comunicat al companiei de stat. Acestea vor fi operate exclusiv cu vagoane \u0219i locomotive modernizate cu fonduri din Programul Na\u021bional de Redresare \u0219i Rezilien\u021b\u0103 (PNRR). Noile trenuri sunt [&hellip;]<\/p>\n","protected":false},"author":61,"featured_media":103148,"comment_status":"closed","ping_status":"open","sticky":false,"template":"","format":"standard","meta":{"_acf_changed":false,"inline_featured_image":false,"ngg_post_thumbnail":0,"footnotes":""},"categories":[6994,62,650],"tags":[21824,21823,21692,5835,5871],"ppma_author":[22577],"class_list":["post-133110","post","type-post","status-publish","format-standard","has-post-thumbnail","hentry","category-stiri-2","category-stiri","category-transport","tag-brasov-bucuresti","tag-brasov-constanta","tag-bucuresti-brasov-2","tag-bucuresti-constanta","tag-cfr-calatori-2"],"acf":[],"yoast_head":"<!-- This site is optimized with the Yoast SEO Premium plugin v25.3 (Yoast SEO v27.4) - https:\/\/yoast.com\/product\/yoast-seo-premium-wordpress\/ -->\n<title>CFR C\u0103l\u0103tori introduce patru noi trenuri pe rela\u021bia Bra\u0219ov-Bucure\u0219ti-Constan\u021ba \u0219i retur - Buletin de Bucure\u0219ti<\/title>\n<meta name=\"description\" content=\"CFR C\u0103l\u0103tori introduce patru noi trenuri pe rela\u021bia Bra\u0219ov-Bucure\u0219ti-Constan\u021ba \u0219i retur. Acestea vor circula \u00een regim\u00a0permanent.\" \/>\n<meta name=\"robots\" content=\"index, follow, max-snippet:-1, max-image-preview:large, max-video-preview:-1\" \/>\n<link rel=\"canonical\" href=\"https:\/\/buletin.de\/bucuresti\/cfr-calatori-introduce-patru-noi-trenuri-pe-relatia-brasov-bucuresti-constanta-si-retur\/\" \/>\n<meta property=\"og:locale\" content=\"en_GB\" \/>\n<meta property=\"og:type\" content=\"article\" \/>\n<meta property=\"og:title\" content=\"CFR C\u0103l\u0103tori introduce patru noi trenuri pe rela\u021bia Bra\u0219ov-Bucure\u0219ti-Constan\u021ba \u0219i retur\" \/>\n<meta property=\"og:description\" content=\"CFR C\u0103l\u0103tori introduce patru noi trenuri pe rela\u021bia Bra\u0219ov-Bucure\u0219ti-Constan\u021ba \u0219i retur. Acestea vor circula \u00een regim\u00a0permanent.\" \/>\n<meta property=\"og:url\" content=\"https:\/\/buletin.de\/bucuresti\/cfr-calatori-introduce-patru-noi-trenuri-pe-relatia-brasov-bucuresti-constanta-si-retur\/\" \/>\n<meta property=\"og:site_name\" content=\"Buletin de Bucure\u0219ti\" \/>\n<meta property=\"article:publisher\" content=\"https:\/\/www.facebook.com\/buletin.de.buc\" \/>\n<meta property=\"article:published_time\" content=\"2025-06-03T21:19:20+00:00\" \/>\n<meta property=\"article:modified_time\" content=\"2025-06-04T05:54:08+00:00\" \/>\n<meta property=\"og:image\" content=\"https:\/\/buletin.de\/bucuresti\/wp-content\/uploads\/Prima-locomotiva-modernizata-la-Reloc-din-fonduri-PNRR-a-provocat-intarzieri-pe-liniile-din-Bucuresti.jpg\" \/>\n\t<meta property=\"og:image:width\" content=\"2048\" \/>\n\t<meta property=\"og:image:height\" content=\"1536\" \/>\n\t<meta property=\"og:image:type\" content=\"image\/jpeg\" \/>\n<meta name=\"author\" content=\"Alexandru Stan\" \/>\n<meta name=\"twitter:card\" content=\"summary_large_image\" \/>\n<meta name=\"twitter:label1\" content=\"Written by\" \/>\n\t<meta name=\"twitter:data1\" content=\"Alexandru Stan\" \/>\n\t<meta name=\"twitter:label2\" content=\"Estimated reading time\" \/>\n\t<meta name=\"twitter:data2\" content=\"3 minutes\" \/>\n<script type=\"application\/ld+json\" class=\"yoast-schema-graph\">{\"@context\":\"https:\\\/\\\/schema.org\",\"@graph\":[{\"@type\":\"Article\",\"@id\":\"https:\\\/\\\/buletin.de\\\/bucuresti\\\/cfr-calatori-introduce-patru-noi-trenuri-pe-relatia-brasov-bucuresti-constanta-si-retur\\\/#article\",\"isPartOf\":{\"@id\":\"https:\\\/\\\/buletin.de\\\/bucuresti\\\/cfr-calatori-introduce-patru-noi-trenuri-pe-relatia-brasov-bucuresti-constanta-si-retur\\\/\"},\"author\":{\"name\":\"Alexandru Stan\",\"@id\":\"https:\\\/\\\/buletin.de\\\/bucuresti\\\/#\\\/schema\\\/person\\\/104a46bbe8be6e336fecf63974383951\"},\"headline\":\"CFR C\u0103l\u0103tori introduce patru noi trenuri pe rela\u021bia Bra\u0219ov-Bucure\u0219ti-Constan\u021ba \u0219i retur\",\"datePublished\":\"2025-06-03T21:19:20+00:00\",\"dateModified\":\"2025-06-04T05:54:08+00:00\",\"mainEntityOfPage\":{\"@id\":\"https:\\\/\\\/buletin.de\\\/bucuresti\\\/cfr-calatori-introduce-patru-noi-trenuri-pe-relatia-brasov-bucuresti-constanta-si-retur\\\/\"},\"wordCount\":544,\"publisher\":{\"@id\":\"https:\\\/\\\/buletin.de\\\/bucuresti\\\/#organization\"},\"image\":{\"@id\":\"https:\\\/\\\/buletin.de\\\/bucuresti\\\/cfr-calatori-introduce-patru-noi-trenuri-pe-relatia-brasov-bucuresti-constanta-si-retur\\\/#primaryimage\"},\"thumbnailUrl\":\"https:\\\/\\\/buletin.de\\\/bucuresti\\\/wp-content\\\/uploads\\\/Prima-locomotiva-modernizata-la-Reloc-din-fonduri-PNRR-a-provocat-intarzieri-pe-liniile-din-Bucuresti.jpg\",\"keywords\":[\"brasov bucuresti\",\"brasov constanta\",\"bucuresti brasov\",\"bucuresti constanta\",\"CFR Calatori\"],\"articleSection\":[\"Articole\",\"\u0218tiri\",\"Transport\"],\"inLanguage\":\"en-GB\",\"copyrightYear\":\"2025\",\"copyrightHolder\":{\"@id\":\"https:\\\/\\\/buletin.de\\\/bucuresti\\\/#organization\"}},{\"@type\":\"WebPage\",\"@id\":\"https:\\\/\\\/buletin.de\\\/bucuresti\\\/cfr-calatori-introduce-patru-noi-trenuri-pe-relatia-brasov-bucuresti-constanta-si-retur\\\/\",\"url\":\"https:\\\/\\\/buletin.de\\\/bucuresti\\\/cfr-calatori-introduce-patru-noi-trenuri-pe-relatia-brasov-bucuresti-constanta-si-retur\\\/\",\"name\":\"CFR C\u0103l\u0103tori introduce patru noi trenuri pe rela\u021bia Bra\u0219ov-Bucure\u0219ti-Constan\u021ba \u0219i retur - Buletin de Bucure\u0219ti\",\"isPartOf\":{\"@id\":\"https:\\\/\\\/buletin.de\\\/bucuresti\\\/#website\"},\"primaryImageOfPage\":{\"@id\":\"https:\\\/\\\/buletin.de\\\/bucuresti\\\/cfr-calatori-introduce-patru-noi-trenuri-pe-relatia-brasov-bucuresti-constanta-si-retur\\\/#primaryimage\"},\"image\":{\"@id\":\"https:\\\/\\\/buletin.de\\\/bucuresti\\\/cfr-calatori-introduce-patru-noi-trenuri-pe-relatia-brasov-bucuresti-constanta-si-retur\\\/#primaryimage\"},\"thumbnailUrl\":\"https:\\\/\\\/buletin.de\\\/bucuresti\\\/wp-content\\\/uploads\\\/Prima-locomotiva-modernizata-la-Reloc-din-fonduri-PNRR-a-provocat-intarzieri-pe-liniile-din-Bucuresti.jpg\",\"datePublished\":\"2025-06-03T21:19:20+00:00\",\"dateModified\":\"2025-06-04T05:54:08+00:00\",\"description\":\"CFR C\u0103l\u0103tori introduce patru noi trenuri pe rela\u021bia Bra\u0219ov-Bucure\u0219ti-Constan\u021ba \u0219i retur. Acestea vor circula \u00een regim\u00a0permanent.\",\"breadcrumb\":{\"@id\":\"https:\\\/\\\/buletin.de\\\/bucuresti\\\/cfr-calatori-introduce-patru-noi-trenuri-pe-relatia-brasov-bucuresti-constanta-si-retur\\\/#breadcrumb\"},\"inLanguage\":\"en-GB\",\"potentialAction\":[{\"@type\":\"ReadAction\",\"target\":[\"https:\\\/\\\/buletin.de\\\/bucuresti\\\/cfr-calatori-introduce-patru-noi-trenuri-pe-relatia-brasov-bucuresti-constanta-si-retur\\\/\"]}]},{\"@type\":\"ImageObject\",\"inLanguage\":\"en-GB\",\"@id\":\"https:\\\/\\\/buletin.de\\\/bucuresti\\\/cfr-calatori-introduce-patru-noi-trenuri-pe-relatia-brasov-bucuresti-constanta-si-retur\\\/#primaryimage\",\"url\":\"https:\\\/\\\/buletin.de\\\/bucuresti\\\/wp-content\\\/uploads\\\/Prima-locomotiva-modernizata-la-Reloc-din-fonduri-PNRR-a-provocat-intarzieri-pe-liniile-din-Bucuresti.jpg\",\"contentUrl\":\"https:\\\/\\\/buletin.de\\\/bucuresti\\\/wp-content\\\/uploads\\\/Prima-locomotiva-modernizata-la-Reloc-din-fonduri-PNRR-a-provocat-intarzieri-pe-liniile-din-Bucuresti.jpg\",\"width\":2048,\"height\":1536,\"caption\":\"CFR C\u0103l\u0103tori introduce patru noi trenuri pe rela\u021bia Bra\u0219ov-Bucure\u0219ti-Constan\u021ba \u0219i retur | Foto: Facebook \\\/ CFR C\u0103l\u0103tori\"},{\"@type\":\"BreadcrumbList\",\"@id\":\"https:\\\/\\\/buletin.de\\\/bucuresti\\\/cfr-calatori-introduce-patru-noi-trenuri-pe-relatia-brasov-bucuresti-constanta-si-retur\\\/#breadcrumb\",\"itemListElement\":[{\"@type\":\"ListItem\",\"position\":1,\"name\":\"Acas\u0103\",\"item\":\"https:\\\/\\\/buletin.de\\\/bucuresti\\\/\"},{\"@type\":\"ListItem\",\"position\":2,\"name\":\"CFR C\u0103l\u0103tori introduce patru noi trenuri pe rela\u021bia Bra\u0219ov-Bucure\u0219ti-Constan\u021ba \u0219i retur\"}]},{\"@type\":\"WebSite\",\"@id\":\"https:\\\/\\\/buletin.de\\\/bucuresti\\\/#website\",\"url\":\"https:\\\/\\\/buletin.de\\\/bucuresti\\\/\",\"name\":\"Buletin de Bucure\u0219ti\",\"description\":\"\u0218tiri \u0219i investiga\u021bii esen\u021biale din capital\u0103\",\"publisher\":{\"@id\":\"https:\\\/\\\/buletin.de\\\/bucuresti\\\/#organization\"},\"potentialAction\":[{\"@type\":\"SearchAction\",\"target\":{\"@type\":\"EntryPoint\",\"urlTemplate\":\"https:\\\/\\\/buletin.de\\\/bucuresti\\\/?s={search_term_string}\"},\"query-input\":{\"@type\":\"PropertyValueSpecification\",\"valueRequired\":true,\"valueName\":\"search_term_string\"}}],\"inLanguage\":\"en-GB\"},{\"@type\":\"Organization\",\"@id\":\"https:\\\/\\\/buletin.de\\\/bucuresti\\\/#organization\",\"name\":\"Buletin de Bucure\u0219ti\",\"url\":\"https:\\\/\\\/buletin.de\\\/bucuresti\\\/\",\"logo\":{\"@type\":\"ImageObject\",\"inLanguage\":\"en-GB\",\"@id\":\"https:\\\/\\\/buletin.de\\\/bucuresti\\\/#\\\/schema\\\/logo\\\/image\\\/\",\"url\":\"https:\\\/\\\/buletin.de\\\/bucuresti\\\/wp-content\\\/uploads\\\/logo-bdb-full-wide-vernil-transparent.png\",\"contentUrl\":\"https:\\\/\\\/buletin.de\\\/bucuresti\\\/wp-content\\\/uploads\\\/logo-bdb-full-wide-vernil-transparent.png\",\"width\":1782,\"height\":626,\"caption\":\"Buletin de Bucure\u0219ti\"},\"image\":{\"@id\":\"https:\\\/\\\/buletin.de\\\/bucuresti\\\/#\\\/schema\\\/logo\\\/image\\\/\"},\"sameAs\":[\"https:\\\/\\\/www.facebook.com\\\/buletin.de.buc\",\"https:\\\/\\\/www.instagram.com\\\/buletinde.bucuresti\\\/\"]},{\"@type\":\"Person\",\"@id\":\"https:\\\/\\\/buletin.de\\\/bucuresti\\\/#\\\/schema\\\/person\\\/104a46bbe8be6e336fecf63974383951\",\"name\":\"Alexandru Stan\",\"image\":{\"@type\":\"ImageObject\",\"inLanguage\":\"en-GB\",\"@id\":\"https:\\\/\\\/buletin.de\\\/bucuresti\\\/wp-content\\\/uploads\\\/2025\\\/12\\\/IMG-20251216-WA0045-e1766134343668-96x96.jpgd0ca12809ae3e1d27116a2afe8926544\",\"url\":\"https:\\\/\\\/buletin.de\\\/bucuresti\\\/wp-content\\\/uploads\\\/2025\\\/12\\\/IMG-20251216-WA0045-e1766134343668-96x96.jpg\",\"contentUrl\":\"https:\\\/\\\/buletin.de\\\/bucuresti\\\/wp-content\\\/uploads\\\/2025\\\/12\\\/IMG-20251216-WA0045-e1766134343668-96x96.jpg\",\"caption\":\"Alexandru Stan\"},\"description\":\"Sunt elev la un colegiu de prestigiu din Capital\u0103 \u0219i reporter la Buletin de Bucure\u0219ti. M-am n\u0103scut \u0219i am crescut cu m\u00e2ndrie \u00een Capital\u0103, ora\u0219 al pove\u0219tilor, al tramvaiului tras de cai \u0219i al c\u0103su\u021belor cu porti\u021b\u0103 \u0219i ci\u0219mea. Prin articolele mele, m\u0103 str\u0103duiesc s\u0103 descriu cu acurate\u021be via\u021ba din Bucure\u0219ti pe ecranele cititorilor no\u0219tri \u0219i \u00eencerc totodat\u0103 s\u0103 fac accesibile subiecte de interes general tuturor, de la mic la mare.\",\"url\":\"https:\\\/\\\/buletin.de\\\/bucuresti\\\/author\\\/alexandru-stan\\\/\"}]}<\/script>\n<!-- \/ Yoast SEO Premium plugin. -->","yoast_head_json":{"title":"CFR C\u0103l\u0103tori introduce patru noi trenuri pe rela\u021bia Bra\u0219ov-Bucure\u0219ti-Constan\u021ba \u0219i retur - Buletin de Bucure\u0219ti","description":"CFR C\u0103l\u0103tori introduce patru noi trenuri pe rela\u021bia Bra\u0219ov-Bucure\u0219ti-Constan\u021ba \u0219i retur. Acestea vor circula \u00een regim\u00a0permanent.","robots":{"index":"index","follow":"follow","max-snippet":"max-snippet:-1","max-image-preview":"max-image-preview:large","max-video-preview":"max-video-preview:-1"},"canonical":"https:\/\/buletin.de\/bucuresti\/cfr-calatori-introduce-patru-noi-trenuri-pe-relatia-brasov-bucuresti-constanta-si-retur\/","og_locale":"en_GB","og_type":"article","og_title":"CFR C\u0103l\u0103tori introduce patru noi trenuri pe rela\u021bia Bra\u0219ov-Bucure\u0219ti-Constan\u021ba \u0219i retur","og_description":"CFR C\u0103l\u0103tori introduce patru noi trenuri pe rela\u021bia Bra\u0219ov-Bucure\u0219ti-Constan\u021ba \u0219i retur. Acestea vor circula \u00een regim\u00a0permanent.","og_url":"https:\/\/buletin.de\/bucuresti\/cfr-calatori-introduce-patru-noi-trenuri-pe-relatia-brasov-bucuresti-constanta-si-retur\/","og_site_name":"Buletin de Bucure\u0219ti","article_publisher":"https:\/\/www.facebook.com\/buletin.de.buc","article_published_time":"2025-06-03T21:19:20+00:00","article_modified_time":"2025-06-04T05:54:08+00:00","og_image":[{"width":2048,"height":1536,"url":"https:\/\/buletin.de\/bucuresti\/wp-content\/uploads\/Prima-locomotiva-modernizata-la-Reloc-din-fonduri-PNRR-a-provocat-intarzieri-pe-liniile-din-Bucuresti.jpg","type":"image\/jpeg"}],"author":"Alexandru Stan","twitter_card":"summary_large_image","twitter_misc":{"Written by":"Alexandru Stan","Estimated reading time":"3 minutes"},"schema":{"@context":"https:\/\/schema.org","@graph":[{"@type":"Article","@id":"https:\/\/buletin.de\/bucuresti\/cfr-calatori-introduce-patru-noi-trenuri-pe-relatia-brasov-bucuresti-constanta-si-retur\/#article","isPartOf":{"@id":"https:\/\/buletin.de\/bucuresti\/cfr-calatori-introduce-patru-noi-trenuri-pe-relatia-brasov-bucuresti-constanta-si-retur\/"},"author":{"name":"Alexandru Stan","@id":"https:\/\/buletin.de\/bucuresti\/#\/schema\/person\/104a46bbe8be6e336fecf63974383951"},"headline":"CFR C\u0103l\u0103tori introduce patru noi trenuri pe rela\u021bia Bra\u0219ov-Bucure\u0219ti-Constan\u021ba \u0219i retur","datePublished":"2025-06-03T21:19:20+00:00","dateModified":"2025-06-04T05:54:08+00:00","mainEntityOfPage":{"@id":"https:\/\/buletin.de\/bucuresti\/cfr-calatori-introduce-patru-noi-trenuri-pe-relatia-brasov-bucuresti-constanta-si-retur\/"},"wordCount":544,"publisher":{"@id":"https:\/\/buletin.de\/bucuresti\/#organization"},"image":{"@id":"https:\/\/buletin.de\/bucuresti\/cfr-calatori-introduce-patru-noi-trenuri-pe-relatia-brasov-bucuresti-constanta-si-retur\/#primaryimage"},"thumbnailUrl":"https:\/\/buletin.de\/bucuresti\/wp-content\/uploads\/Prima-locomotiva-modernizata-la-Reloc-din-fonduri-PNRR-a-provocat-intarzieri-pe-liniile-din-Bucuresti.jpg","keywords":["brasov bucuresti","brasov constanta","bucuresti brasov","bucuresti constanta","CFR Calatori"],"articleSection":["Articole","\u0218tiri","Transport"],"inLanguage":"en-GB","copyrightYear":"2025","copyrightHolder":{"@id":"https:\/\/buletin.de\/bucuresti\/#organization"}},{"@type":"WebPage","@id":"https:\/\/buletin.de\/bucuresti\/cfr-calatori-introduce-patru-noi-trenuri-pe-relatia-brasov-bucuresti-constanta-si-retur\/","url":"https:\/\/buletin.de\/bucuresti\/cfr-calatori-introduce-patru-noi-trenuri-pe-relatia-brasov-bucuresti-constanta-si-retur\/","name":"CFR C\u0103l\u0103tori introduce patru noi trenuri pe rela\u021bia Bra\u0219ov-Bucure\u0219ti-Constan\u021ba \u0219i retur - Buletin de Bucure\u0219ti","isPartOf":{"@id":"https:\/\/buletin.de\/bucuresti\/#website"},"primaryImageOfPage":{"@id":"https:\/\/buletin.de\/bucuresti\/cfr-calatori-introduce-patru-noi-trenuri-pe-relatia-brasov-bucuresti-constanta-si-retur\/#primaryimage"},"image":{"@id":"https:\/\/buletin.de\/bucuresti\/cfr-calatori-introduce-patru-noi-trenuri-pe-relatia-brasov-bucuresti-constanta-si-retur\/#primaryimage"},"thumbnailUrl":"https:\/\/buletin.de\/bucuresti\/wp-content\/uploads\/Prima-locomotiva-modernizata-la-Reloc-din-fonduri-PNRR-a-provocat-intarzieri-pe-liniile-din-Bucuresti.jpg","datePublished":"2025-06-03T21:19:20+00:00","dateModified":"2025-06-04T05:54:08+00:00","description":"CFR C\u0103l\u0103tori introduce patru noi trenuri pe rela\u021bia Bra\u0219ov-Bucure\u0219ti-Constan\u021ba \u0219i retur. Acestea vor circula \u00een regim\u00a0permanent.","breadcrumb":{"@id":"https:\/\/buletin.de\/bucuresti\/cfr-calatori-introduce-patru-noi-trenuri-pe-relatia-brasov-bucuresti-constanta-si-retur\/#breadcrumb"},"inLanguage":"en-GB","potentialAction":[{"@type":"ReadAction","target":["https:\/\/buletin.de\/bucuresti\/cfr-calatori-introduce-patru-noi-trenuri-pe-relatia-brasov-bucuresti-constanta-si-retur\/"]}]},{"@type":"ImageObject","inLanguage":"en-GB","@id":"https:\/\/buletin.de\/bucuresti\/cfr-calatori-introduce-patru-noi-trenuri-pe-relatia-brasov-bucuresti-constanta-si-retur\/#primaryimage","url":"https:\/\/buletin.de\/bucuresti\/wp-content\/uploads\/Prima-locomotiva-modernizata-la-Reloc-din-fonduri-PNRR-a-provocat-intarzieri-pe-liniile-din-Bucuresti.jpg","contentUrl":"https:\/\/buletin.de\/bucuresti\/wp-content\/uploads\/Prima-locomotiva-modernizata-la-Reloc-din-fonduri-PNRR-a-provocat-intarzieri-pe-liniile-din-Bucuresti.jpg","width":2048,"height":1536,"caption":"CFR C\u0103l\u0103tori introduce patru noi trenuri pe rela\u021bia Bra\u0219ov-Bucure\u0219ti-Constan\u021ba \u0219i retur | Foto: Facebook \/ CFR C\u0103l\u0103tori"},{"@type":"BreadcrumbList","@id":"https:\/\/buletin.de\/bucuresti\/cfr-calatori-introduce-patru-noi-trenuri-pe-relatia-brasov-bucuresti-constanta-si-retur\/#breadcrumb","itemListElement":[{"@type":"ListItem","position":1,"name":"Acas\u0103","item":"https:\/\/buletin.de\/bucuresti\/"},{"@type":"ListItem","position":2,"name":"CFR C\u0103l\u0103tori introduce patru noi trenuri pe rela\u021bia Bra\u0219ov-Bucure\u0219ti-Constan\u021ba \u0219i retur"}]},{"@type":"WebSite","@id":"https:\/\/buletin.de\/bucuresti\/#website","url":"https:\/\/buletin.de\/bucuresti\/","name":"Buletin de Bucure\u0219ti","description":"\u0218tiri \u0219i investiga\u021bii esen\u021biale din capital\u0103","publisher":{"@id":"https:\/\/buletin.de\/bucuresti\/#organization"},"potentialAction":[{"@type":"SearchAction","target":{"@type":"EntryPoint","urlTemplate":"https:\/\/buletin.de\/bucuresti\/?s={search_term_string}"},"query-input":{"@type":"PropertyValueSpecification","valueRequired":true,"valueName":"search_term_string"}}],"inLanguage":"en-GB"},{"@type":"Organization","@id":"https:\/\/buletin.de\/bucuresti\/#organization","name":"Buletin de Bucure\u0219ti","url":"https:\/\/buletin.de\/bucuresti\/","logo":{"@type":"ImageObject","inLanguage":"en-GB","@id":"https:\/\/buletin.de\/bucuresti\/#\/schema\/logo\/image\/","url":"https:\/\/buletin.de\/bucuresti\/wp-content\/uploads\/logo-bdb-full-wide-vernil-transparent.png","contentUrl":"https:\/\/buletin.de\/bucuresti\/wp-content\/uploads\/logo-bdb-full-wide-vernil-transparent.png","width":1782,"height":626,"caption":"Buletin de Bucure\u0219ti"},"image":{"@id":"https:\/\/buletin.de\/bucuresti\/#\/schema\/logo\/image\/"},"sameAs":["https:\/\/www.facebook.com\/buletin.de.buc","https:\/\/www.instagram.com\/buletinde.bucuresti\/"]},{"@type":"Person","@id":"https:\/\/buletin.de\/bucuresti\/#\/schema\/person\/104a46bbe8be6e336fecf63974383951","name":"Alexandru Stan","image":{"@type":"ImageObject","inLanguage":"en-GB","@id":"https:\/\/buletin.de\/bucuresti\/wp-content\/uploads\/2025\/12\/IMG-20251216-WA0045-e1766134343668-96x96.jpgd0ca12809ae3e1d27116a2afe8926544","url":"https:\/\/buletin.de\/bucuresti\/wp-content\/uploads\/2025\/12\/IMG-20251216-WA0045-e1766134343668-96x96.jpg","contentUrl":"https:\/\/buletin.de\/bucuresti\/wp-content\/uploads\/2025\/12\/IMG-20251216-WA0045-e1766134343668-96x96.jpg","caption":"Alexandru Stan"},"description":"Sunt elev la un colegiu de prestigiu din Capital\u0103 \u0219i reporter la Buletin de Bucure\u0219ti. M-am n\u0103scut \u0219i am crescut cu m\u00e2ndrie \u00een Capital\u0103, ora\u0219 al pove\u0219tilor, al tramvaiului tras de cai \u0219i al c\u0103su\u021belor cu porti\u021b\u0103 \u0219i ci\u0219mea. Prin articolele mele, m\u0103 str\u0103duiesc s\u0103 descriu cu acurate\u021be via\u021ba din Bucure\u0219ti pe ecranele cititorilor no\u0219tri \u0219i \u00eencerc totodat\u0103 s\u0103 fac accesibile subiecte de interes general tuturor, de la mic la mare.","url":"https:\/\/buletin.de\/bucuresti\/author\/alexandru-stan\/"}]}},"authors":[{"term_id":22577,"user_id":61,"is_guest":0,"slug":"alexandru-stan","display_name":"Alexandru Stan","avatar_url":"https:\/\/buletin.de\/bucuresti\/wp-content\/uploads\/2025\/12\/IMG-20251216-WA0045-e1766134343668-96x96.jpg","0":null,"1":"","2":"","3":"","4":"","5":"","6":"","7":"","8":""}],"_links":{"self":[{"href":"https:\/\/buletin.de\/bucuresti\/wp-json\/wp\/v2\/posts\/133110","targetHints":{"allow":["GET"]}}],"collection":[{"href":"https:\/\/buletin.de\/bucuresti\/wp-json\/wp\/v2\/posts"}],"about":[{"href":"https:\/\/buletin.de\/bucuresti\/wp-json\/wp\/v2\/types\/post"}],"author":[{"embeddable":true,"href":"https:\/\/buletin.de\/bucuresti\/wp-json\/wp\/v2\/users\/61"}],"replies":[{"embeddable":true,"href":"https:\/\/buletin.de\/bucuresti\/wp-json\/wp\/v2\/comments?post=133110"}],"version-history":[{"count":4,"href":"https:\/\/buletin.de\/bucuresti\/wp-json\/wp\/v2\/posts\/133110\/revisions"}],"predecessor-version":[{"id":133174,"href":"https:\/\/buletin.de\/bucuresti\/wp-json\/wp\/v2\/posts\/133110\/revisions\/133174"}],"wp:featuredmedia":[{"embeddable":true,"href":"https:\/\/buletin.de\/bucuresti\/wp-json\/wp\/v2\/media\/103148"}],"wp:attachment":[{"href":"https:\/\/buletin.de\/bucuresti\/wp-json\/wp\/v2\/media?parent=133110"}],"wp:term":[{"taxonomy":"category","embeddable":true,"href":"https:\/\/buletin.de\/bucuresti\/wp-json\/wp\/v2\/categories?post=133110"},{"taxonomy":"post_tag","embeddable":true,"href":"https:\/\/buletin.de\/bucuresti\/wp-json\/wp\/v2\/tags?post=133110"},{"taxonomy":"author","embeddable":true,"href":"https:\/\/buletin.de\/bucuresti\/wp-json\/wp\/v2\/ppma_author?post=133110"}],"curies":[{"name":"wp","href":"https:\/\/api.w.org\/{rel}","templated":true}]}}