{"id":133043,"date":"2025-06-03T09:45:21","date_gmt":"2025-06-03T06:45:21","guid":{"rendered":"https:\/\/buletin.de\/bucuresti\/?p=133043"},"modified":"2025-06-03T12:58:52","modified_gmt":"2025-06-03T09:58:52","slug":"circulatia-feroviara-blocata-cateva-ore-intre-pitesti-si-bucuresti-nord-dupa-un-accident-in-zona-gaesti","status":"publish","type":"post","link":"https:\/\/buletin.de\/bucuresti\/circulatia-feroviara-blocata-cateva-ore-intre-pitesti-si-bucuresti-nord-dupa-un-accident-in-zona-gaesti\/","title":{"rendered":"Circula\u0163ia feroviar\u0103, blocat\u0103 c\u00e2teva ore \u00eentre Pite\u015fti \u015fi Bucure\u015fti Nord, dup\u0103 un accident \u00een zona G\u0103e\u015fti"},"content":{"rendered":"\n<p>UPDATE:<\/p>\n\n\n\n<p>Compania Na\u0163ional\u0103 de C\u0103i Ferate CFR SA informeaz\u0103 c\u0103, \u00eencep\u00e2nd cu ora <strong><mark style=\"background-color:rgba(0, 0, 0, 0)\" class=\"has-inline-color has-vivid-red-color\">12:38<\/mark><\/strong>, traficul feroviar a fost reluat \u00een condi\u021bii de siguran\u021b\u0103, pe raza Sucursalei Regionale CF Bucure\u0219ti, \u00eentre sta\u021biile CF G\u0103e\u0219ti \u0219i M\u0103t\u0103saru, unde, \u00een cursul acestei dimine\u021bi, la trecerea la nivel (semnalizat\u0103 cu IR) de la km 63+370, trenul RE 9202, care circula pe firul I (fir II \u00eenchis pentru lucr\u0103ri) a surprins \u0219i lovit un autoturism aflat \u00een gabarit. Accidentul s-a soldat cu victime, o persoan\u0103 decedat\u0103 \u0219i doi r\u0103ni\u021bi.<\/p>\n\n\n\n<p>Trenul RE 9202, implicat \u00een accident, precum \u0219i trenurile (R 9024, RE 9201, RE 9204, RE 9524 \u0219i R 9023) care au sta\u021bionat temporar \u00een g\u0103rile adiacente, \u00een intervalul orar aferent cercet\u0103rilor desf\u0103\u0219urate la locul accidentului, vor fi re\u00eenscrise \u00een circula\u021bie, urm\u00e2nd s\u0103 ajung\u0103 la destina\u021bie cu \u00eent\u00e2rziere.<br>Compania Na\u021bional\u0103 de C\u0103i Ferate CFR SA asigur\u0103 publicul c\u0103l\u0103tor de faptul c\u0103, reluarea traficului feroviar, \u00een urma acestui accident, a fost strict condi\u021bionat\u0103 de finalizarea cercet\u0103rilor desf\u0103\u0219urate de organele abilitate la fa\u021ba locului.<\/p>\n\n\n\n<p>\u015eTIREA INI\u0162IAL\u0102:<\/p>\n\n\n\n<p><strong>Circula\u0163ia feroviar\u0103 a fost \u00eentrerupt\u0103 \u00eentre Pite\u015fti \u015fi Bucure\u015fti Nord, dup\u0103 ce un tren Regio a lovit o ma\u015fin\u0103, a c\u0103rui \u015fofer nu s-a asigurat c\u00e2nd a trecut calea ferat\u0103, \u00een zona G\u0103e\u015fti-M\u0103t\u0103saru. Un fir a fost blocat de accident, \u00een timp ce pe al doilea CFR face lucr\u0103ri.<\/strong><\/p>\n\n\n\n<p>Potrivit unui comunicat al CFR SA, accidentul s-a produs ast\u0103zi, 3 iunie, \u00een jurul orei <strong><mark style=\"background-color:rgba(0, 0, 0, 0)\" class=\"has-inline-color has-vivid-red-color\">06:45<\/mark><\/strong>. \u00cen comunicat se arat\u0103 c\u0103 e vorba de \u201eo trecere la nivel cu calea ferat\u0103, prev\u0103zut\u0103 cu Indicator Rutier (IR), situat\u0103 la km 63+370, s-a produs lovirea unui autoturism de c\u0103tre trenul RE 9202, care circula pe firul I (<strong>fir II \u00eenchis pentru lucr\u0103ri<\/strong>)\u201d.<\/p>\n\n\n\n<p>Comunicatul remis publicit\u0103\u0163ii la 08:40 ar\u0103ta c\u0103 \u201ep\u00e2n\u0103 la sosirea organelor abilitate \u0219i finalizarea investiga\u021biilor, circula\u021bia feroviar\u0103 este oprit\u0103. \u00cen prezent dou\u0103 trenuri de c\u0103l\u0103tori (<strong>R 9024, R-E 9201 \u0219i RE 9251<\/strong>) sta\u021bioneaz\u0103 \u00een g\u0103rile adiacente\u201d.<\/p>\n\n\n\n<p>\u00cen urma impactului, locomotiva a fost avariat\u0103. Trenul \u00ee\u015fi va relua circula\u0163ia cu o locomotiv\u0103 de ajutor, dup\u0103 \u00eendep\u0103rtarea de pe linie a vehiculului avariat \u0219i finalizarea procedurilor legale.<\/p>\n\n\n\n<p>Din informa\u021biile transmise de la fa\u021ba locului, accidentul s-a soldat cu victime, \u0219oferul autoturismului a decedat \u0219i doi pasageri din auto sunt r\u0103ni\u021bi.<\/p>\n\n\n\n<p>Pasagerii afla\u021bi \u00een tren \u015fi personalul feroviar nu s-au aflat \u00een pericol.<\/p>\n\n\n\n<h2 class=\"wp-block-heading\" id=\"h-circulatia-feroviara-blocata-lucrari-intre-pitesti-si-bucuresti\">Circula\u0163ia feroviar\u0103 blocat\u0103. Lucr\u0103ri \u00eentre Pite\u015fti \u015fi Bucure\u015fti<\/h2>\n\n\n\n<p>Buletin de Bucure\u015fti anun\u0163a \u00eenc\u0103 din prima jum\u0103tate a lunii aprilie c\u0103 se fac lucr\u0103ri de infrastructur\u0103 pe calea ferat\u0103, \u00eentre Pite\u015fti \u015fi Gole\u015fti, ceea ce afecteaz\u0103 mersul trenurilor. Toate informa\u0163iile despre acest aspect le g\u0103si\u0163i <a href=\"https:\/\/buletin.de\/bucuresti\/o-luna-de-intarzieri-pe-ruta-feroviara-bucuresti-nord-pitesti-cfr-face-lucrari-de-infrastructura\/\">AICI<\/a>. <\/p>\n\n\n\n<p>Informa\u021bii despre circula\u021bia trenurilor:<\/p>\n\n\n\n<ul class=\"wp-block-list\">\n<li>la telefon 0219521 \u2013 INFO CFR (trafic intern).<\/li>\n\n\n\n<li>la numerele de telefon din sta\u021biile CFR publicate pe&nbsp;&nbsp;<a href=\"http:\/\/www.cfrcalatori.ro\/\">www.cfrcalatori.ro<\/a>&nbsp;la sec\u021biunea INFORMA\u021aII TELEFONICE \u2013&nbsp;<a href=\"https:\/\/www.cfrcalatori.ro\/informatii-telefonice\/\">https:\/\/www.cfrcalatori.ro\/informatii-telefonice\/<\/a><\/li>\n\n\n\n<li>\u00een aplica\u021bia TRENUL MEU (<a href=\"https:\/\/bilete.cfrcalatori.ro\/ro-RO\/Itineraries\">https:\/\/bilete.cfrcalatori.ro\/ro-RO\/Itineraries<\/a>), se introduce num\u0103rul exact al trenului \u00een c\u0103su\u0163a indicat\u0103 \u015fi click pe Informa\u021bii tren. Se ob\u021bin informa\u0163ii \u00een timp real despre opriri, \u00eent\u00e2rzieri, minutele de sta\u0163ionare \u00een urm\u0103toarea gar\u0103 \u015fi timpul estimat de sosire.<\/li>\n\n\n\n<li>pe site-ul companiei&nbsp;<a href=\"http:\/\/www.cfr.ro\/\">www.cfr.ro<\/a>&nbsp;sunt func\u021bionale \u0219i actualizate permanent camerele web din g\u0103rile Bucure\u0219ti Nord, Aeroport Henri Coand\u0103, Timi\u0219oara, Craiova, Bra\u0219ov, Ia\u0219i, Cluj Napoca \u0219i Constan\u021ba care indic\u0103 ora de sosire\/de plecare a trenurilor.<\/li>\n\n\n\n<li>pe site-ul&nbsp;<a href=\"http:\/\/www.cfrcalatori.ro\/\">www.cfrcalatori.ro<\/a>&nbsp;la Mers tren trafic intern.<\/li>\n\n\n\n<li>de la personalul nostru din sta\u0163ii.<\/li>\n<\/ul>\n\n\n\n<p><strong>CITE\u015eTE \u015eI:<\/strong> <a href=\"https:\/\/buletin.de\/bucuresti\/trenurile-soarelui-18-perechi-de-trenuri-vor-asigura-legatura-intre-bucuresti-si-constanta-pe-parcursul-verii\/\">Trenurile Soarelui | 18 perechi de trenuri vor asigura leg\u0103tura \u00eentre Bucure\u0219ti \u0219i Constan\u021ba, pe parcursul verii<\/a><br><\/p>\n","protected":false},"excerpt":{"rendered":"<p>UPDATE: Compania Na\u0163ional\u0103 de C\u0103i Ferate CFR SA informeaz\u0103 c\u0103, \u00eencep\u00e2nd cu ora 12:38, traficul feroviar a fost reluat \u00een condi\u021bii de siguran\u021b\u0103, pe raza Sucursalei Regionale CF Bucure\u0219ti, \u00eentre sta\u021biile CF G\u0103e\u0219ti \u0219i M\u0103t\u0103saru, unde, \u00een cursul acestei dimine\u021bi, la trecerea la nivel (semnalizat\u0103 cu IR) de la km 63+370, trenul RE 9202, care [&hellip;]<\/p>\n","protected":false},"author":8,"featured_media":133044,"comment_status":"closed","ping_status":"open","sticky":false,"template":"","format":"standard","meta":{"_acf_changed":false,"inline_featured_image":false,"ngg_post_thumbnail":0,"footnotes":""},"categories":[6994,9026,62,650],"tags":[21806,21808,599,21809,21807,21804,21805],"ppma_author":[22586],"class_list":["post-133043","post","type-post","status-publish","format-standard","has-post-thumbnail","hentry","category-stiri-2","category-eveniment","category-stiri","category-transport","tag-accident-feroviar-gaesti-matasari","tag-cale-ferata-blocata","tag-cfr","tag-lucrari-linie-ferata","tag-neasigurarea-la-trecerea-cu-calea-ferata","tag-pitesti-bucuresti","tag-trenuri-blocate-pitesti-bucuresti"],"acf":[],"yoast_head":"<!-- This site is optimized with the Yoast SEO Premium plugin v25.3 (Yoast SEO v27.4) - https:\/\/yoast.com\/product\/yoast-seo-premium-wordpress\/ -->\n<title>Circula\u0163ia feroviar\u0103, blocat\u0103 c\u00e2teva ore \u00eentre Pite\u015fti \u015fi Bucure\u015fti Nord, dup\u0103 un accident \u00een zona G\u0103e\u015fti - Buletin de Bucure\u0219ti<\/title>\n<meta name=\"description\" content=\"Circula\u0163ia feroviar\u0103 a fost \u00eentrerupt\u0103 \u00eentre Pite\u015fti \u015fi Bucure\u015fti Nord, dup\u0103 ce un tren Regio a lovit o ma\u015fin\u0103, a c\u0103rui \u015fofer nu s-a asigurat\" \/>\n<meta name=\"robots\" content=\"index, follow, max-snippet:-1, max-image-preview:large, max-video-preview:-1\" \/>\n<link rel=\"canonical\" href=\"https:\/\/buletin.de\/bucuresti\/circulatia-feroviara-blocata-cateva-ore-intre-pitesti-si-bucuresti-nord-dupa-un-accident-in-zona-gaesti\/\" \/>\n<meta property=\"og:locale\" content=\"en_GB\" \/>\n<meta property=\"og:type\" content=\"article\" \/>\n<meta property=\"og:title\" content=\"Circula\u0163ia feroviar\u0103, blocat\u0103 c\u00e2teva ore \u00eentre Pite\u015fti \u015fi Bucure\u015fti Nord, dup\u0103 un accident \u00een zona G\u0103e\u015fti\" \/>\n<meta property=\"og:description\" content=\"Circula\u0163ia feroviar\u0103 a fost \u00eentrerupt\u0103 \u00eentre Pite\u015fti \u015fi Bucure\u015fti Nord, dup\u0103 ce un tren Regio a lovit o ma\u015fin\u0103, a c\u0103rui \u015fofer nu s-a asigurat\" \/>\n<meta property=\"og:url\" content=\"https:\/\/buletin.de\/bucuresti\/circulatia-feroviara-blocata-cateva-ore-intre-pitesti-si-bucuresti-nord-dupa-un-accident-in-zona-gaesti\/\" \/>\n<meta property=\"og:site_name\" content=\"Buletin de Bucure\u0219ti\" \/>\n<meta property=\"article:publisher\" content=\"https:\/\/www.facebook.com\/buletin.de.buc\" \/>\n<meta property=\"article:published_time\" content=\"2025-06-03T06:45:21+00:00\" \/>\n<meta property=\"article:modified_time\" content=\"2025-06-03T09:58:52+00:00\" \/>\n<meta property=\"og:image\" content=\"https:\/\/buletin.de\/bucuresti\/wp-content\/uploads\/2025\/06\/colaj-accident-feroviar-gaesti-scaled.jpg\" \/>\n\t<meta property=\"og:image:width\" content=\"2560\" \/>\n\t<meta property=\"og:image:height\" content=\"2560\" \/>\n\t<meta property=\"og:image:type\" content=\"image\/jpeg\" \/>\n<meta name=\"author\" content=\"Ionu\u021b Lepa\" \/>\n<meta name=\"twitter:card\" content=\"summary_large_image\" \/>\n<meta name=\"twitter:label1\" content=\"Written by\" \/>\n\t<meta name=\"twitter:data1\" content=\"Ionu\u021b Lepa\" \/>\n\t<meta name=\"twitter:label2\" content=\"Estimated reading time\" \/>\n\t<meta name=\"twitter:data2\" content=\"3 minutes\" \/>\n<script type=\"application\/ld+json\" class=\"yoast-schema-graph\">{\"@context\":\"https:\\\/\\\/schema.org\",\"@graph\":[{\"@type\":\"Article\",\"@id\":\"https:\\\/\\\/buletin.de\\\/bucuresti\\\/circulatia-feroviara-blocata-cateva-ore-intre-pitesti-si-bucuresti-nord-dupa-un-accident-in-zona-gaesti\\\/#article\",\"isPartOf\":{\"@id\":\"https:\\\/\\\/buletin.de\\\/bucuresti\\\/circulatia-feroviara-blocata-cateva-ore-intre-pitesti-si-bucuresti-nord-dupa-un-accident-in-zona-gaesti\\\/\"},\"author\":{\"name\":\"Ionu\u021b Lepa\",\"@id\":\"https:\\\/\\\/buletin.de\\\/bucuresti\\\/#\\\/schema\\\/person\\\/5272b8a057b33890940b57b837fc4ce6\"},\"headline\":\"Circula\u0163ia feroviar\u0103, blocat\u0103 c\u00e2teva ore \u00eentre Pite\u015fti \u015fi Bucure\u015fti Nord, dup\u0103 un accident \u00een zona G\u0103e\u015fti\",\"datePublished\":\"2025-06-03T06:45:21+00:00\",\"dateModified\":\"2025-06-03T09:58:52+00:00\",\"mainEntityOfPage\":{\"@id\":\"https:\\\/\\\/buletin.de\\\/bucuresti\\\/circulatia-feroviara-blocata-cateva-ore-intre-pitesti-si-bucuresti-nord-dupa-un-accident-in-zona-gaesti\\\/\"},\"wordCount\":683,\"publisher\":{\"@id\":\"https:\\\/\\\/buletin.de\\\/bucuresti\\\/#organization\"},\"image\":{\"@id\":\"https:\\\/\\\/buletin.de\\\/bucuresti\\\/circulatia-feroviara-blocata-cateva-ore-intre-pitesti-si-bucuresti-nord-dupa-un-accident-in-zona-gaesti\\\/#primaryimage\"},\"thumbnailUrl\":\"https:\\\/\\\/buletin.de\\\/bucuresti\\\/wp-content\\\/uploads\\\/2025\\\/06\\\/colaj-accident-feroviar-gaesti-scaled.jpg\",\"keywords\":[\"accident feroviar gaesti matasari\",\"cale ferata blocata\",\"cfr\",\"lucrari linie ferata\",\"neasigurarea la trecerea cu calea ferata\",\"Pitesti - Bucuresti\",\"trenuri blocate pitesti bucuresti\"],\"articleSection\":[\"Articole\",\"Eveniment\",\"\u0218tiri\",\"Transport\"],\"inLanguage\":\"en-GB\",\"copyrightYear\":\"2025\",\"copyrightHolder\":{\"@id\":\"https:\\\/\\\/buletin.de\\\/bucuresti\\\/#organization\"}},{\"@type\":\"WebPage\",\"@id\":\"https:\\\/\\\/buletin.de\\\/bucuresti\\\/circulatia-feroviara-blocata-cateva-ore-intre-pitesti-si-bucuresti-nord-dupa-un-accident-in-zona-gaesti\\\/\",\"url\":\"https:\\\/\\\/buletin.de\\\/bucuresti\\\/circulatia-feroviara-blocata-cateva-ore-intre-pitesti-si-bucuresti-nord-dupa-un-accident-in-zona-gaesti\\\/\",\"name\":\"Circula\u0163ia feroviar\u0103, blocat\u0103 c\u00e2teva ore \u00eentre Pite\u015fti \u015fi Bucure\u015fti Nord, dup\u0103 un accident \u00een zona G\u0103e\u015fti - Buletin de Bucure\u0219ti\",\"isPartOf\":{\"@id\":\"https:\\\/\\\/buletin.de\\\/bucuresti\\\/#website\"},\"primaryImageOfPage\":{\"@id\":\"https:\\\/\\\/buletin.de\\\/bucuresti\\\/circulatia-feroviara-blocata-cateva-ore-intre-pitesti-si-bucuresti-nord-dupa-un-accident-in-zona-gaesti\\\/#primaryimage\"},\"image\":{\"@id\":\"https:\\\/\\\/buletin.de\\\/bucuresti\\\/circulatia-feroviara-blocata-cateva-ore-intre-pitesti-si-bucuresti-nord-dupa-un-accident-in-zona-gaesti\\\/#primaryimage\"},\"thumbnailUrl\":\"https:\\\/\\\/buletin.de\\\/bucuresti\\\/wp-content\\\/uploads\\\/2025\\\/06\\\/colaj-accident-feroviar-gaesti-scaled.jpg\",\"datePublished\":\"2025-06-03T06:45:21+00:00\",\"dateModified\":\"2025-06-03T09:58:52+00:00\",\"description\":\"Circula\u0163ia feroviar\u0103 a fost \u00eentrerupt\u0103 \u00eentre Pite\u015fti \u015fi Bucure\u015fti Nord, dup\u0103 ce un tren Regio a lovit o ma\u015fin\u0103, a c\u0103rui \u015fofer nu s-a asigurat\",\"breadcrumb\":{\"@id\":\"https:\\\/\\\/buletin.de\\\/bucuresti\\\/circulatia-feroviara-blocata-cateva-ore-intre-pitesti-si-bucuresti-nord-dupa-un-accident-in-zona-gaesti\\\/#breadcrumb\"},\"inLanguage\":\"en-GB\",\"potentialAction\":[{\"@type\":\"ReadAction\",\"target\":[\"https:\\\/\\\/buletin.de\\\/bucuresti\\\/circulatia-feroviara-blocata-cateva-ore-intre-pitesti-si-bucuresti-nord-dupa-un-accident-in-zona-gaesti\\\/\"]}]},{\"@type\":\"ImageObject\",\"inLanguage\":\"en-GB\",\"@id\":\"https:\\\/\\\/buletin.de\\\/bucuresti\\\/circulatia-feroviara-blocata-cateva-ore-intre-pitesti-si-bucuresti-nord-dupa-un-accident-in-zona-gaesti\\\/#primaryimage\",\"url\":\"https:\\\/\\\/buletin.de\\\/bucuresti\\\/wp-content\\\/uploads\\\/2025\\\/06\\\/colaj-accident-feroviar-gaesti-scaled.jpg\",\"contentUrl\":\"https:\\\/\\\/buletin.de\\\/bucuresti\\\/wp-content\\\/uploads\\\/2025\\\/06\\\/colaj-accident-feroviar-gaesti-scaled.jpg\",\"width\":1500,\"height\":1500,\"caption\":\"Circula\u0163ia feroviar\u0103, blocat\u0103 \u00eentre Pite\u015fti \u015fi Bucure\u015fti. FOTO: CFR SA\"},{\"@type\":\"BreadcrumbList\",\"@id\":\"https:\\\/\\\/buletin.de\\\/bucuresti\\\/circulatia-feroviara-blocata-cateva-ore-intre-pitesti-si-bucuresti-nord-dupa-un-accident-in-zona-gaesti\\\/#breadcrumb\",\"itemListElement\":[{\"@type\":\"ListItem\",\"position\":1,\"name\":\"Acas\u0103\",\"item\":\"https:\\\/\\\/buletin.de\\\/bucuresti\\\/\"},{\"@type\":\"ListItem\",\"position\":2,\"name\":\"Circula\u0163ia feroviar\u0103, blocat\u0103 c\u00e2teva ore \u00eentre Pite\u015fti \u015fi Bucure\u015fti Nord, dup\u0103 un accident \u00een zona G\u0103e\u015fti\"}]},{\"@type\":\"WebSite\",\"@id\":\"https:\\\/\\\/buletin.de\\\/bucuresti\\\/#website\",\"url\":\"https:\\\/\\\/buletin.de\\\/bucuresti\\\/\",\"name\":\"Buletin de Bucure\u0219ti\",\"description\":\"\u0218tiri \u0219i investiga\u021bii esen\u021biale din capital\u0103\",\"publisher\":{\"@id\":\"https:\\\/\\\/buletin.de\\\/bucuresti\\\/#organization\"},\"potentialAction\":[{\"@type\":\"SearchAction\",\"target\":{\"@type\":\"EntryPoint\",\"urlTemplate\":\"https:\\\/\\\/buletin.de\\\/bucuresti\\\/?s={search_term_string}\"},\"query-input\":{\"@type\":\"PropertyValueSpecification\",\"valueRequired\":true,\"valueName\":\"search_term_string\"}}],\"inLanguage\":\"en-GB\"},{\"@type\":\"Organization\",\"@id\":\"https:\\\/\\\/buletin.de\\\/bucuresti\\\/#organization\",\"name\":\"Buletin de Bucure\u0219ti\",\"url\":\"https:\\\/\\\/buletin.de\\\/bucuresti\\\/\",\"logo\":{\"@type\":\"ImageObject\",\"inLanguage\":\"en-GB\",\"@id\":\"https:\\\/\\\/buletin.de\\\/bucuresti\\\/#\\\/schema\\\/logo\\\/image\\\/\",\"url\":\"https:\\\/\\\/buletin.de\\\/bucuresti\\\/wp-content\\\/uploads\\\/logo-bdb-full-wide-vernil-transparent.png\",\"contentUrl\":\"https:\\\/\\\/buletin.de\\\/bucuresti\\\/wp-content\\\/uploads\\\/logo-bdb-full-wide-vernil-transparent.png\",\"width\":1782,\"height\":626,\"caption\":\"Buletin de Bucure\u0219ti\"},\"image\":{\"@id\":\"https:\\\/\\\/buletin.de\\\/bucuresti\\\/#\\\/schema\\\/logo\\\/image\\\/\"},\"sameAs\":[\"https:\\\/\\\/www.facebook.com\\\/buletin.de.buc\",\"https:\\\/\\\/www.instagram.com\\\/buletinde.bucuresti\\\/\"]},{\"@type\":\"Person\",\"@id\":\"https:\\\/\\\/buletin.de\\\/bucuresti\\\/#\\\/schema\\\/person\\\/5272b8a057b33890940b57b837fc4ce6\",\"name\":\"Ionu\u021b Lepa\",\"image\":{\"@type\":\"ImageObject\",\"inLanguage\":\"en-GB\",\"@id\":\"https:\\\/\\\/buletin.de\\\/bucuresti\\\/wp-content\\\/uploads\\\/Ionut-Lepa-96x96.jpg5c4e4d9e049808799a8821652d2410a4\",\"url\":\"https:\\\/\\\/buletin.de\\\/bucuresti\\\/wp-content\\\/uploads\\\/Ionut-Lepa-96x96.jpg\",\"contentUrl\":\"https:\\\/\\\/buletin.de\\\/bucuresti\\\/wp-content\\\/uploads\\\/Ionut-Lepa-96x96.jpg\",\"caption\":\"Ionu\u021b Lepa\"},\"url\":\"https:\\\/\\\/buletin.de\\\/bucuresti\\\/author\\\/ionutlepa\\\/\"}]}<\/script>\n<!-- \/ Yoast SEO Premium plugin. -->","yoast_head_json":{"title":"Circula\u0163ia feroviar\u0103, blocat\u0103 c\u00e2teva ore \u00eentre Pite\u015fti \u015fi Bucure\u015fti Nord, dup\u0103 un accident \u00een zona G\u0103e\u015fti - Buletin de Bucure\u0219ti","description":"Circula\u0163ia feroviar\u0103 a fost \u00eentrerupt\u0103 \u00eentre Pite\u015fti \u015fi Bucure\u015fti Nord, dup\u0103 ce un tren Regio a lovit o ma\u015fin\u0103, a c\u0103rui \u015fofer nu s-a asigurat","robots":{"index":"index","follow":"follow","max-snippet":"max-snippet:-1","max-image-preview":"max-image-preview:large","max-video-preview":"max-video-preview:-1"},"canonical":"https:\/\/buletin.de\/bucuresti\/circulatia-feroviara-blocata-cateva-ore-intre-pitesti-si-bucuresti-nord-dupa-un-accident-in-zona-gaesti\/","og_locale":"en_GB","og_type":"article","og_title":"Circula\u0163ia feroviar\u0103, blocat\u0103 c\u00e2teva ore \u00eentre Pite\u015fti \u015fi Bucure\u015fti Nord, dup\u0103 un accident \u00een zona G\u0103e\u015fti","og_description":"Circula\u0163ia feroviar\u0103 a fost \u00eentrerupt\u0103 \u00eentre Pite\u015fti \u015fi Bucure\u015fti Nord, dup\u0103 ce un tren Regio a lovit o ma\u015fin\u0103, a c\u0103rui \u015fofer nu s-a asigurat","og_url":"https:\/\/buletin.de\/bucuresti\/circulatia-feroviara-blocata-cateva-ore-intre-pitesti-si-bucuresti-nord-dupa-un-accident-in-zona-gaesti\/","og_site_name":"Buletin de Bucure\u0219ti","article_publisher":"https:\/\/www.facebook.com\/buletin.de.buc","article_published_time":"2025-06-03T06:45:21+00:00","article_modified_time":"2025-06-03T09:58:52+00:00","og_image":[{"width":2560,"height":2560,"url":"https:\/\/buletin.de\/bucuresti\/wp-content\/uploads\/2025\/06\/colaj-accident-feroviar-gaesti-scaled.jpg","type":"image\/jpeg"}],"author":"Ionu\u021b Lepa","twitter_card":"summary_large_image","twitter_misc":{"Written by":"Ionu\u021b Lepa","Estimated reading time":"3 minutes"},"schema":{"@context":"https:\/\/schema.org","@graph":[{"@type":"Article","@id":"https:\/\/buletin.de\/bucuresti\/circulatia-feroviara-blocata-cateva-ore-intre-pitesti-si-bucuresti-nord-dupa-un-accident-in-zona-gaesti\/#article","isPartOf":{"@id":"https:\/\/buletin.de\/bucuresti\/circulatia-feroviara-blocata-cateva-ore-intre-pitesti-si-bucuresti-nord-dupa-un-accident-in-zona-gaesti\/"},"author":{"name":"Ionu\u021b Lepa","@id":"https:\/\/buletin.de\/bucuresti\/#\/schema\/person\/5272b8a057b33890940b57b837fc4ce6"},"headline":"Circula\u0163ia feroviar\u0103, blocat\u0103 c\u00e2teva ore \u00eentre Pite\u015fti \u015fi Bucure\u015fti Nord, dup\u0103 un accident \u00een zona G\u0103e\u015fti","datePublished":"2025-06-03T06:45:21+00:00","dateModified":"2025-06-03T09:58:52+00:00","mainEntityOfPage":{"@id":"https:\/\/buletin.de\/bucuresti\/circulatia-feroviara-blocata-cateva-ore-intre-pitesti-si-bucuresti-nord-dupa-un-accident-in-zona-gaesti\/"},"wordCount":683,"publisher":{"@id":"https:\/\/buletin.de\/bucuresti\/#organization"},"image":{"@id":"https:\/\/buletin.de\/bucuresti\/circulatia-feroviara-blocata-cateva-ore-intre-pitesti-si-bucuresti-nord-dupa-un-accident-in-zona-gaesti\/#primaryimage"},"thumbnailUrl":"https:\/\/buletin.de\/bucuresti\/wp-content\/uploads\/2025\/06\/colaj-accident-feroviar-gaesti-scaled.jpg","keywords":["accident feroviar gaesti matasari","cale ferata blocata","cfr","lucrari linie ferata","neasigurarea la trecerea cu calea ferata","Pitesti - Bucuresti","trenuri blocate pitesti bucuresti"],"articleSection":["Articole","Eveniment","\u0218tiri","Transport"],"inLanguage":"en-GB","copyrightYear":"2025","copyrightHolder":{"@id":"https:\/\/buletin.de\/bucuresti\/#organization"}},{"@type":"WebPage","@id":"https:\/\/buletin.de\/bucuresti\/circulatia-feroviara-blocata-cateva-ore-intre-pitesti-si-bucuresti-nord-dupa-un-accident-in-zona-gaesti\/","url":"https:\/\/buletin.de\/bucuresti\/circulatia-feroviara-blocata-cateva-ore-intre-pitesti-si-bucuresti-nord-dupa-un-accident-in-zona-gaesti\/","name":"Circula\u0163ia feroviar\u0103, blocat\u0103 c\u00e2teva ore \u00eentre Pite\u015fti \u015fi Bucure\u015fti Nord, dup\u0103 un accident \u00een zona G\u0103e\u015fti - Buletin de Bucure\u0219ti","isPartOf":{"@id":"https:\/\/buletin.de\/bucuresti\/#website"},"primaryImageOfPage":{"@id":"https:\/\/buletin.de\/bucuresti\/circulatia-feroviara-blocata-cateva-ore-intre-pitesti-si-bucuresti-nord-dupa-un-accident-in-zona-gaesti\/#primaryimage"},"image":{"@id":"https:\/\/buletin.de\/bucuresti\/circulatia-feroviara-blocata-cateva-ore-intre-pitesti-si-bucuresti-nord-dupa-un-accident-in-zona-gaesti\/#primaryimage"},"thumbnailUrl":"https:\/\/buletin.de\/bucuresti\/wp-content\/uploads\/2025\/06\/colaj-accident-feroviar-gaesti-scaled.jpg","datePublished":"2025-06-03T06:45:21+00:00","dateModified":"2025-06-03T09:58:52+00:00","description":"Circula\u0163ia feroviar\u0103 a fost \u00eentrerupt\u0103 \u00eentre Pite\u015fti \u015fi Bucure\u015fti Nord, dup\u0103 ce un tren Regio a lovit o ma\u015fin\u0103, a c\u0103rui \u015fofer nu s-a asigurat","breadcrumb":{"@id":"https:\/\/buletin.de\/bucuresti\/circulatia-feroviara-blocata-cateva-ore-intre-pitesti-si-bucuresti-nord-dupa-un-accident-in-zona-gaesti\/#breadcrumb"},"inLanguage":"en-GB","potentialAction":[{"@type":"ReadAction","target":["https:\/\/buletin.de\/bucuresti\/circulatia-feroviara-blocata-cateva-ore-intre-pitesti-si-bucuresti-nord-dupa-un-accident-in-zona-gaesti\/"]}]},{"@type":"ImageObject","inLanguage":"en-GB","@id":"https:\/\/buletin.de\/bucuresti\/circulatia-feroviara-blocata-cateva-ore-intre-pitesti-si-bucuresti-nord-dupa-un-accident-in-zona-gaesti\/#primaryimage","url":"https:\/\/buletin.de\/bucuresti\/wp-content\/uploads\/2025\/06\/colaj-accident-feroviar-gaesti-scaled.jpg","contentUrl":"https:\/\/buletin.de\/bucuresti\/wp-content\/uploads\/2025\/06\/colaj-accident-feroviar-gaesti-scaled.jpg","width":1500,"height":1500,"caption":"Circula\u0163ia feroviar\u0103, blocat\u0103 \u00eentre Pite\u015fti \u015fi Bucure\u015fti. FOTO: CFR SA"},{"@type":"BreadcrumbList","@id":"https:\/\/buletin.de\/bucuresti\/circulatia-feroviara-blocata-cateva-ore-intre-pitesti-si-bucuresti-nord-dupa-un-accident-in-zona-gaesti\/#breadcrumb","itemListElement":[{"@type":"ListItem","position":1,"name":"Acas\u0103","item":"https:\/\/buletin.de\/bucuresti\/"},{"@type":"ListItem","position":2,"name":"Circula\u0163ia feroviar\u0103, blocat\u0103 c\u00e2teva ore \u00eentre Pite\u015fti \u015fi Bucure\u015fti Nord, dup\u0103 un accident \u00een zona G\u0103e\u015fti"}]},{"@type":"WebSite","@id":"https:\/\/buletin.de\/bucuresti\/#website","url":"https:\/\/buletin.de\/bucuresti\/","name":"Buletin de Bucure\u0219ti","description":"\u0218tiri \u0219i investiga\u021bii esen\u021biale din capital\u0103","publisher":{"@id":"https:\/\/buletin.de\/bucuresti\/#organization"},"potentialAction":[{"@type":"SearchAction","target":{"@type":"EntryPoint","urlTemplate":"https:\/\/buletin.de\/bucuresti\/?s={search_term_string}"},"query-input":{"@type":"PropertyValueSpecification","valueRequired":true,"valueName":"search_term_string"}}],"inLanguage":"en-GB"},{"@type":"Organization","@id":"https:\/\/buletin.de\/bucuresti\/#organization","name":"Buletin de Bucure\u0219ti","url":"https:\/\/buletin.de\/bucuresti\/","logo":{"@type":"ImageObject","inLanguage":"en-GB","@id":"https:\/\/buletin.de\/bucuresti\/#\/schema\/logo\/image\/","url":"https:\/\/buletin.de\/bucuresti\/wp-content\/uploads\/logo-bdb-full-wide-vernil-transparent.png","contentUrl":"https:\/\/buletin.de\/bucuresti\/wp-content\/uploads\/logo-bdb-full-wide-vernil-transparent.png","width":1782,"height":626,"caption":"Buletin de Bucure\u0219ti"},"image":{"@id":"https:\/\/buletin.de\/bucuresti\/#\/schema\/logo\/image\/"},"sameAs":["https:\/\/www.facebook.com\/buletin.de.buc","https:\/\/www.instagram.com\/buletinde.bucuresti\/"]},{"@type":"Person","@id":"https:\/\/buletin.de\/bucuresti\/#\/schema\/person\/5272b8a057b33890940b57b837fc4ce6","name":"Ionu\u021b Lepa","image":{"@type":"ImageObject","inLanguage":"en-GB","@id":"https:\/\/buletin.de\/bucuresti\/wp-content\/uploads\/Ionut-Lepa-96x96.jpg5c4e4d9e049808799a8821652d2410a4","url":"https:\/\/buletin.de\/bucuresti\/wp-content\/uploads\/Ionut-Lepa-96x96.jpg","contentUrl":"https:\/\/buletin.de\/bucuresti\/wp-content\/uploads\/Ionut-Lepa-96x96.jpg","caption":"Ionu\u021b Lepa"},"url":"https:\/\/buletin.de\/bucuresti\/author\/ionutlepa\/"}]}},"authors":[{"term_id":22586,"user_id":8,"is_guest":0,"slug":"ionutlepa","display_name":"Ionu\u021b Lepa","avatar_url":"https:\/\/buletin.de\/bucuresti\/wp-content\/uploads\/Ionut-Lepa-96x96.jpg","0":null,"1":"","2":"","3":"","4":"","5":"","6":"","7":"","8":""}],"_links":{"self":[{"href":"https:\/\/buletin.de\/bucuresti\/wp-json\/wp\/v2\/posts\/133043","targetHints":{"allow":["GET"]}}],"collection":[{"href":"https:\/\/buletin.de\/bucuresti\/wp-json\/wp\/v2\/posts"}],"about":[{"href":"https:\/\/buletin.de\/bucuresti\/wp-json\/wp\/v2\/types\/post"}],"author":[{"embeddable":true,"href":"https:\/\/buletin.de\/bucuresti\/wp-json\/wp\/v2\/users\/8"}],"replies":[{"embeddable":true,"href":"https:\/\/buletin.de\/bucuresti\/wp-json\/wp\/v2\/comments?post=133043"}],"version-history":[{"count":2,"href":"https:\/\/buletin.de\/bucuresti\/wp-json\/wp\/v2\/posts\/133043\/revisions"}],"predecessor-version":[{"id":133087,"href":"https:\/\/buletin.de\/bucuresti\/wp-json\/wp\/v2\/posts\/133043\/revisions\/133087"}],"wp:featuredmedia":[{"embeddable":true,"href":"https:\/\/buletin.de\/bucuresti\/wp-json\/wp\/v2\/media\/133044"}],"wp:attachment":[{"href":"https:\/\/buletin.de\/bucuresti\/wp-json\/wp\/v2\/media?parent=133043"}],"wp:term":[{"taxonomy":"category","embeddable":true,"href":"https:\/\/buletin.de\/bucuresti\/wp-json\/wp\/v2\/categories?post=133043"},{"taxonomy":"post_tag","embeddable":true,"href":"https:\/\/buletin.de\/bucuresti\/wp-json\/wp\/v2\/tags?post=133043"},{"taxonomy":"author","embeddable":true,"href":"https:\/\/buletin.de\/bucuresti\/wp-json\/wp\/v2\/ppma_author?post=133043"}],"curies":[{"name":"wp","href":"https:\/\/api.w.org\/{rel}","templated":true}]}}