{"id":132406,"date":"2025-05-30T03:12:38","date_gmt":"2025-05-30T00:12:38","guid":{"rendered":"https:\/\/buletin.de\/bucuresti\/?p=132406"},"modified":"2025-05-31T10:02:37","modified_gmt":"2025-05-31T07:02:37","slug":"parcarea-colosala-de-146-de-milioane-de-euro-de-langa-hala-laminor-a-primit-votul-consiliului-local-sector-3-sedinta-cu-cearta-si-aluzii-la-complexul-hils-din-apropiere","status":"publish","type":"post","link":"https:\/\/buletin.de\/bucuresti\/parcarea-colosala-de-146-de-milioane-de-euro-de-langa-hala-laminor-a-primit-votul-consiliului-local-sector-3-sedinta-cu-cearta-si-aluzii-la-complexul-hils-din-apropiere\/","title":{"rendered":"Parcarea-turn de l\u00e2ng\u0103 Hala Laminor, cu 77.000 de euro per loc, a primit votul CL Sector 3. \u0218edin\u021b\u0103 cu ceart\u0103 \u0219i aluzii la complexul Hils al familiei Negoi\u021b\u0103 din apropiere"},"content":{"rendered":"\n<p><strong>Parcarea de la Laminor, de tip park&amp;ride, cu 11 niveluri, \u0219i 1.895 de locuri de parcare, estimat\u0103 la un cost de 146 de milioane de euro, poate fi construit\u0103 de Prim\u0103ria Sectorului 3, dup\u0103 ce a primit votul consilierilor locali \u00een \u015fedin\u0163a de joi, 29 mai. <\/strong><\/p>\n\n\n\n<p><strong>A fost un vot str\u00e2ns &#8211; 15 la 13. Proiectul a fost votat de consilierii PSD, AUR \u015fi PMP, \u00een vreme ce membrii PNL, USR, For\u0163a Dreptei, REPER \u015fi SENS s-au \u00eempotrivit. <\/strong><\/p>\n\n\n\n<p>Licita\u0163ia pentru construirea parc\u0103rii <a href=\"https:\/\/e-licitatie.ro\/pub\/notices\/c-notice\/v2\/view\/100194633?fbclid=IwY2xjawKlQqBleHRuA2FlbQIxMQABHpopNMe8NOS2_dc_tjMIaOEfHdlRr5JUKnl1JwX9EBBflvphlt5lpMi0w8rp_aem_0wtwfNJoxoUKN2Hru6yWPg&amp;sfnsn=wa\" target=\"_blank\" rel=\"noreferrer noopener\">a fost postat\u0103 deja \u00een sistemul public de achizi\u0163ii<\/a>, \u00eenc\u0103 de pe 18 aprilie. Din anun\u0163ul public reiese c\u0103 valoarea estimat\u0103 a lucr\u0103rilor este de 92.4 milioane de euro, <mark style=\"background-color:rgba(0, 0, 0, 0)\" class=\"has-inline-color has-vivid-red-color\">\u00een neconcordan\u0163\u0103 cu suma din <a href=\"https:\/\/www.primarie3.ro\/images\/uploads\/consiliu_local\/Punctul_29_din_29.05.2025.pdf\" target=\"_blank\" rel=\"noreferrer noopener\">proiectul de hot\u0103r\u00e2re prezentat \u00een Consiliul Local<\/a><\/mark>. Nu este limpede dac\u0103 finan\u0163area este preconizat\u0103 a se face din fonduri europene sau nu.<\/p>\n\n\n\n<figure class=\"wp-block-image size-large\"><a href=\"https:\/\/buletin.de\/bucuresti\/wp-content\/uploads\/2025\/05\/fonduri-europene.png\"><img fetchpriority=\"high\" decoding=\"async\" width=\"1000\" height=\"100\" src=\"data:image\/gif;base64,R0lGODlhAQABAAAAACH5BAEKAAEALAAAAAABAAEAAAICTAEAOw==\" data-src=\"https:\/\/buletin.de\/bucuresti\/wp-content\/uploads\/2025\/05\/fonduri-europene-1000x100.png\" alt=\"\" class=\"wp-image-132440 lazyload\" data-sizes=\"auto\" data-srcset=\"https:\/\/buletin.de\/bucuresti\/wp-content\/uploads\/2025\/05\/fonduri-europene-1000x100.png 1000w, https:\/\/buletin.de\/bucuresti\/wp-content\/uploads\/2025\/05\/fonduri-europene-300x30.png 300w, https:\/\/buletin.de\/bucuresti\/wp-content\/uploads\/2025\/05\/fonduri-europene-768x76.png 768w, https:\/\/buletin.de\/bucuresti\/wp-content\/uploads\/2025\/05\/fonduri-europene-1536x153.png 1536w, https:\/\/buletin.de\/bucuresti\/wp-content\/uploads\/2025\/05\/fonduri-europene-1600x159.png 1600w, https:\/\/buletin.de\/bucuresti\/wp-content\/uploads\/2025\/05\/fonduri-europene-1100x110.png 1100w, https:\/\/buletin.de\/bucuresti\/wp-content\/uploads\/2025\/05\/fonduri-europene-600x60.png 600w, https:\/\/buletin.de\/bucuresti\/wp-content\/uploads\/2025\/05\/fonduri-europene-20x2.png 20w, https:\/\/buletin.de\/bucuresti\/wp-content\/uploads\/2025\/05\/fonduri-europene.png 1757w\" sizes=\"(max-width: 1000px) 100vw, 1000px\" \/><\/a><\/figure>\n\n\n\n<p>Primarul Robert Negoi\u0163\u0103 transmitea, recent, c\u0103 se va \u00eencerca atragerea de fonduri europene. \u201eFinan\u0163are european\u0103, nu avem noi bani de a\u015fa ceva!\u201d, declara el, \u00eentr-un clip filmat pentru re\u0163elele sociale.<\/p>\n\n\n<p><iframe src=\"https:\/\/www.facebook.com\/plugins\/video.php?height=476&#038;href=https%3A%2F%2Fwww.facebook.com%2FRobert.Negoita%2Fvideos%2F2887151364798639%2F&#038;show_text=false&#038;width=267&#038;t=0\" width=\"267\" height=\"876\" style=\"border:none;overflow:hidden\" scrolling=\"no\" frameborder=\"0\" allowfullscreen=\"true\" allow=\"autoplay; clipboard-write; encrypted-media; picture-in-picture; web-share\" allowFullScreen=\"true\"><\/iframe><\/p>\n\n\n\n<p>Declara\u0163ia este dublat\u0103 \u015fi de func\u0163ionarii din Prim\u0103rie, care spun c\u0103 se \u00eencearc\u0103 atragerea de fonduri europene, mai ales c\u0103 e vorba de un parteneriat cu Asocia\u021bia de Dezvoltare Intercomunitar\u0103 pentru Transport Public Bucure\u0219ti \u2013 Ilfov. <\/p>\n\n\n\n<p>\u201eExist\u0103 dou\u0103 posibilit\u0103\u0163i de ob\u0163inere a finan\u0163\u0103rii, par\u0163iale sau chiar integrale\u201d, a spus Marius Popescu, directorul de la Investi\u0163ii din cadrul Prim\u0103riei Sector 3.<\/p>\n\n\n\n<p><strong>CITE\u015eTE \u015eI: <a href=\"https:\/\/buletin.de\/bucuresti\/sector-3-costurile-de-22-5-milioane-de-euro-pentru-pasajul-pietonal-din-zona-laminor-intra-la-votul-consiliului-local\/\" target=\"_blank\" rel=\"noreferrer noopener\">Sector 3 | Costurile de 22.5 milioane de euro pentru pasajul pietonal din zona Laminor intr\u0103 la votul Consiliului Local<\/a><\/strong><\/p>\n\n\n\n<h2 class=\"wp-block-heading\" id=\"h-parcarea-uriasa-de-la-laminor-dezbateri-aprinse-in-sedinta-de-consiliu-local\">Parcarea uria\u015f\u0103 de la Laminor, dezbateri aprinse \u00een \u015fedin\u0163a de Consiliu Local<\/h2>\n\n\n\n<p><strong>Proiectul a st\u00e2rnit o dezbatere ampl\u0103 \u00een \u015fedin\u0163a de Consiliu Local de joi, 29 mai, dat\u0103 fiind suma foarte mare necesar\u0103 pentru construire, dar \u015fi \u00eentreb\u0103rile \u00een ceea ce prive\u015fte oportunitatea investi\u0163iei.<\/strong><\/p>\n\n\n\n<figure class=\"wp-block-embed is-type-video is-provider-youtube wp-block-embed-youtube wp-embed-aspect-16-9 wp-has-aspect-ratio\"><div class=\"wp-block-embed__wrapper\">\n<div class=\"jlvid_container\"><iframe title=\"\u0218edin\u021b\u0103 ordinar\u0103 din 29 Mai 2025\" width=\"1200\" height=\"675\" src=\"https:\/\/www.youtube.com\/embed\/KpezeHRVU7Y?start=7997&#038;feature=oembed\" frameborder=\"0\" allow=\"accelerometer; autoplay; clipboard-write; encrypted-media; gyroscope; picture-in-picture; web-share\" referrerpolicy=\"strict-origin-when-cross-origin\" allowfullscreen><\/iframe><\/div>\n<\/div><\/figure>\n\n\n\n<p>\u201e<em>M-am uitat, spre compara\u021bie, spitalul D\u0103ruie\u0219te Via\u021b\u0103 a costat undeva la 50 de milioane de euro. Eu cred c\u0103 ar fi prioritar pentru Sectorul 3 s\u0103 avem dou\u0103 spitale construite \u0219i mai apoi s\u0103 facem \u0219i o parcare din asta<\/em>\u201d, a spus C\u0103t\u0103lin-Florin Moldoveanu, consilier local din partea PNL. <\/p>\n\n\n\n<p>Acesta a fost taxat pentru replica sa de colegii de la USR, care au amintit c\u0103 PNL a votat al\u0103turi de PSD <a href=\"https:\/\/buletin.de\/bucuresti\/sector-3-proiect-pentru-construirea-unei-parcari-uriase-care-ar-costa-114-milioane-de-euro-la-doi-pasi-de-hala-laminor\/\">o prim\u0103 form\u0103 a proiectului<\/a>. <\/p>\n\n\n\n<p>\u201e<em>Parcarea cost\u0103 145 de milioane de euro \u00een acest moment, costa 120 de milioane de euro c\u00e2nd a aprobat-o PNL-ul anul trecut. Atunci n-a\u021bi mai avut o problem\u0103!<\/em>\u201d &#8211; Andrei Stan, USR.<\/p>\n\n\n\n<p>Dincolo de conflictul politic, consilierii care au votat \u00eempotriva proiectului au fost to\u0163i de acord c\u0103 este o sum\u0103 colosal\u0103 pentru o investi\u0163ie local\u0103, mai ales c\u0103 unii dintre ei sunt sceptici c\u0103 se vor atrage fonduri europene. Chiar \u015fi o finan\u0163are par\u0163ial\u0103 de la bugetul local ar \u00eempov\u0103ra administra\u0163ia.<\/p>\n\n\n\n<blockquote class=\"wp-block-quote is-layout-flow wp-block-quote-is-layout-flow\">\n<p>S\u0103 angaj\u0103m cheltuieli mai mari dec\u00e2t o investi\u0163ie care s-a \u00eentins pe opt ani de zile, cum a fost Hala Laminor, este o incon\u015ftien\u0163\u0103 bugetar\u0103. Avem probleme cu implementarea proiectelor pe fonduri europene, pe PNRR, pentru a sus\u0163ine programe viabile pentru tinerii din Sectorul 3 \u015fi noi ne angaj\u0103m la acest cost!<\/p>\n<cite>Eugen Matei, consilier local USR Sector 3<br><\/cite><\/blockquote>\n\n\n\n<p>Au fost \u015fi discu\u0163ii despre oportunitatea proiectului, \u015fi despre zona aleas\u0103. Primarul Robert Negoi\u0163\u0103 argumentase anterior c\u0103 \u201elocul \u0103sta este ideal pentru a\u015fa ceva. Avem tren, avem metrou, avem autobuze, avem cap\u0103t de linie pentru tramvaie\u201d.<\/p>\n\n\n\n<p>\u00cens\u0103 argumentul nu i-a convins pe to\u0163i legislatorii locali. \u201e<em>Din 2016, exist\u0103 Planul de Mobilitate Urban\u0103 Durabil\u0103 pentru Bucure\u015fti, \u00een care se prevede, printre proiecte, crearea de parc\u0103ri de tip park&amp;ride la intrarea de pe autostr\u0103zile A1, A2 \u015fi A3. E vreo autostrad\u0103 aici?! C\u0103 eu nu am v\u0103zut-o! \u00cen niciun caz nu e locul bine ales!<\/em>\u201d, a replicat Augustin Szocs, de la USR.<\/p>\n\n\n\n<p>Pe de alt\u0103 parte, Ileana Savu, de la PSD, care a lucrat \u00een sistemul de transport public al Bucure\u015ftiului, a argumentat \u00een favoarea construirii parc\u0103rii \u00een zona Laminor.<\/p>\n\n\n\n<blockquote class=\"wp-block-quote is-layout-flow wp-block-quote-is-layout-flow\">\n<p>Oamenii care vin \u00een Bucure\u015fti, intr\u0103 pe aici, vor l\u0103sa ma\u015finile \u00een parcare, dac\u0103 au unde! Sigur, acuma o s\u0103 zice\u0163i c\u0103 exist\u0103 parcarea asta de la Hala Laminorul. E cu totul altceva un park&amp;ride cu punct intermodal, de unde imediat urc\u0103 la un etaj \u015fi \u00ee\u015fi ia trenul sau \u00ee\u015fi ia metroul sau un autobuz sau un tramvai. (\u2026) Eu cred c\u0103 este necesar\u0103 aceast\u0103 investi\u0163ie!<\/p>\n<cite>ileana savu, consilier local PSD Sector 3<\/cite><\/blockquote>\n\n\n\n<h2 class=\"wp-block-heading\" id=\"h-acuzele-ca-primarul-negoita-are-interese-ascunse\">Acuzele c\u0103 primarul Negoi\u0163\u0103 are interese ascunse<\/h2>\n\n\n\n<p><strong>Unul dintre cet\u0103\u0163enii prezen\u0163i \u00een \u015fedin\u0163a de Consiliu Local a luat cuv\u00e2ntul \u00een dezbaterea acestui proiect \u015fi l-a acuzat pe Robert Negoi\u0163\u0103 c\u0103 \u00ee\u015fi urm\u0103re\u015fte mai degrab\u0103 interesele de business ale familiei, dec\u00e2t interesele locuitorilor din sector.<\/strong><\/p>\n\n\n\n<blockquote class=\"wp-block-quote is-layout-flow wp-block-quote-is-layout-flow\">\n<p>Aceast\u0103 investi\u021bie \u00een niciun caz nu este \u00een interesul cet\u0103\u021benilor, aceast\u0103 investi\u021bie va fi corelat\u0103 cu noi \u00eemprumuturi ale Prim\u0103riei Sectorului 3. Aceast\u0103 investi\u021bie are leg\u0103tur\u0103 cu dezvoltarea imobiliar\u0103 a domnului Negoi\u021b\u0103 \u015fi aceast\u0103 investi\u0163ie are leg\u0103tur\u0103 cu firmele de cas\u0103 ale domnului Negoi\u0163\u0103!<\/p>\n<cite>drago\u015f saulea<\/cite><\/blockquote>\n\n\n\n<figure class=\"wp-block-image size-large\"><img decoding=\"async\" width=\"1000\" height=\"516\" src=\"data:image\/gif;base64,R0lGODlhAQABAAAAACH5BAEKAAEALAAAAAABAAEAAAICTAEAOw==\" data-src=\"https:\/\/buletin.de\/bucuresti\/wp-content\/uploads\/2025\/05\/Screenshot-2025-05-30-062414-1000x516.jpg\" alt=\"\" class=\"wp-image-132447 lazyload\" data-sizes=\"auto\" data-srcset=\"https:\/\/buletin.de\/bucuresti\/wp-content\/uploads\/2025\/05\/Screenshot-2025-05-30-062414-1000x516.jpg 1000w, https:\/\/buletin.de\/bucuresti\/wp-content\/uploads\/2025\/05\/Screenshot-2025-05-30-062414-300x155.jpg 300w, https:\/\/buletin.de\/bucuresti\/wp-content\/uploads\/2025\/05\/Screenshot-2025-05-30-062414-768x396.jpg 768w, https:\/\/buletin.de\/bucuresti\/wp-content\/uploads\/2025\/05\/Screenshot-2025-05-30-062414-1100x567.jpg 1100w, https:\/\/buletin.de\/bucuresti\/wp-content\/uploads\/2025\/05\/Screenshot-2025-05-30-062414-600x309.jpg 600w, https:\/\/buletin.de\/bucuresti\/wp-content\/uploads\/2025\/05\/Screenshot-2025-05-30-062414-20x10.jpg 20w, https:\/\/buletin.de\/bucuresti\/wp-content\/uploads\/2025\/05\/Screenshot-2025-05-30-062414.jpg 1489w\" sizes=\"(max-width: 1000px) 100vw, 1000px\" \/><\/figure>\n\n\n\n<p>L-am contactat pe Robert Negoi\u0163\u0103 pentru a ob\u0163ine un punct de vedere \u00een ceea ce prive\u015fte aceast\u0103 acuza\u0163ie, \u00eens\u0103 acesta nu a r\u0103spuns p\u00e2n\u0103 la publicarea articolului. <\/p>\n\n\n\n<p>Interesele imobiliare ale familiei Negoi\u0163\u0103 \u00een zona Republica au fost aduse \u00een discu\u0163ie \u015fi de consilierii locali care s-au opus proiectului. <\/p>\n\n\n\n<blockquote class=\"wp-block-quote is-layout-flow wp-block-quote-is-layout-flow\">\n<p>Costul pe metrul p\u0103trat al acestei parc\u0103ri este de 1450 de euro, \u00een condi\u0163iile \u00een care, \u00een imediata vecin\u0103tate, \u00eentr-un complex reziden\u0163ial de acolo, Hils Republica, nu \u015ftiu dac\u0103 sunte\u0163i familiari cu el &#8211; l-am ales la \u00eent\u00e2mplare &#8211; costul pe metrul p\u0103trat cu care se v\u00e2nd apartamentele este de 1600 de euro. Practic, ajungem \u00een situa\u0163ia absurd\u0103 \u00een care un loc de parcare cost\u0103 c\u00e2t apartamentul unei familii!<\/p>\n<cite>andrei stan, consilier local USR Sector 3<\/cite><\/blockquote>\n\n\n\n<p><br>De asemenea, consilierul local Daniel Anghel, din partea PNL, a ridicat problema caracterului mixt al parc\u0103rii: \u201e<em>\u00cen descriere scrie c\u0103 sunt pentru locuitorii din zon\u0103. Eu n-am mai auzit de park&amp;ride f\u0103cut pentru locuitorii din zon\u0103!<\/em>\u201d, cu referire la faptul c\u0103 o parcare de tip park&amp;ride ar trebui s\u0103 preia fluxurile de cet\u0103\u0163eni care vin din afara ora\u015fului \u015fi iau de aici transportul \u00een comun, pentru a merge spre centru.<\/p>\n\n\n\n<h2 class=\"wp-block-heading\" id=\"h-colos-cu-pret-urias-in-zona-laminor-ce-prevede-proiectul\">Colos cu pre\u0163 uria\u015f \u00een zona Laminor. Ce prevede proiectul<\/h2>\n\n\n\n<p>Parcarea de aproximativ 146 de milioane de euro (pre\u0163 stipulat \u00een proiectul de hot\u0103r\u00e2re) ar urma s\u0103 aib\u0103 11 niveluri &#8211; 2 subsoluri, parter \u015fi opt etaje superioare. <\/p>\n\n\n\n<p>\u00cen total ar urma s\u0103 fie amenjate 1.895 de locuri, ceea ce inseamn\u0103 peste 77.000 de euro pe unitate. <\/p>\n\n\n\n<p>\u00cen pre\u0163 intr\u0103 \u015fi spa\u0163iile tehnice, dar \u015fi \u201e<em>construc\u0163ii anexe, re\u0163ele interioare, accesuri\/alei auto \u015fi pietonale, racord la drumurile\/aleile de  acces, parc\u0103ri, spa\u0163ii verzi, \u00eemprejmuire teren \u015fi organizare de execu\u0163ie lucr\u0103ri<\/em>\u201d.<\/p>\n\n\n\n<p>Nu ar fi o simpl\u0103 parcare, ci un nod intermodal, de unde cet\u0103\u0163enii care \u00ee\u015fi las\u0103 ma\u015finile aici ar urma s\u0103 ia transportul \u00een comun pentru a merge mai departe unde au nevoie. <\/p>\n\n\n\n<p>Parcarea de l\u00e2ng\u0103 Hala Laminor urmeaz\u0103 s\u0103 fie construit\u0103 la adresa \u015foseaua Dude\u015fti-Pantelimon nr. 3, iar cl\u0103direa ar urma s\u0103 aib\u0103 o amprent\u0103 la sol de peste 8000 de metri p\u0103tra\u0163i.<\/p>\n\n\n\n<p>Potrivit proiectului, din cele 1.895 de locuri de parcare, 100 ar urma s\u0103 fie amenajate pentru persoane cu dizabilit\u0103\u0163i \u015fi 10 pentru ma\u015finile electrice.<\/p>\n\n\n\n<p><strong>CITE\u015eTE \u015eI: <a href=\"https:\/\/buletin.de\/bucuresti\/parcarea-mamut-de-la-hala-laminor-ar-urma-sa-coste-146-de-milioane-de-euro\/\" target=\"_blank\" rel=\"noreferrer noopener\">Parcarea-mamut de la Hala Laminor ar urma s\u0103 coste 146 de milioane de euro<\/a><\/strong><\/p>\n","protected":false},"excerpt":{"rendered":"<p>Parcarea de la Laminor, de tip park&amp;ride, cu 11 niveluri, \u0219i 1.895 de locuri de parcare, estimat\u0103 la un cost de 146 de milioane de euro, poate fi construit\u0103 de Prim\u0103ria Sectorului 3, dup\u0103 ce a primit votul consilierilor locali \u00een \u015fedin\u0163a de joi, 29 mai. A fost un vot str\u00e2ns &#8211; 15 la 13. [&hellip;]<\/p>\n","protected":false},"author":8,"featured_media":132442,"comment_status":"closed","ping_status":"open","sticky":false,"template":"","format":"standard","meta":{"_acf_changed":false,"inline_featured_image":false,"ngg_post_thumbnail":0,"footnotes":""},"categories":[6994,5762,9025,24],"tags":[2527,21701,21700,21702,12353,7972,3174,220,440],"ppma_author":[22586],"class_list":["post-132406","post","type-post","status-publish","format-standard","has-post-thumbnail","hentry","category-stiri-2","category-main","category-politic","category-primarie","tag-consiliul-local-sector-3","tag-controverse-parcare-republica","tag-hils-republica","tag-nod-intermodal-republica","tag-parcare-laminor","tag-parcare-parkride","tag-primaria-sectorului-3","tag-robert-negoita","tag-sector-3"],"acf":[],"yoast_head":"<!-- This site is optimized with the Yoast SEO Premium plugin v25.3 (Yoast SEO v27.4) - https:\/\/yoast.com\/product\/yoast-seo-premium-wordpress\/ -->\n<title>Parcarea-turn de l\u00e2ng\u0103 Hala Laminor, cu 77.000 de euro per loc, a primit votul CL Sector 3. \u0218edin\u021b\u0103 cu ceart\u0103 \u0219i aluzii la complexul Hils al familiei Negoi\u021b\u0103 din apropiere - Buletin de Bucure\u0219ti<\/title>\n<meta name=\"description\" content=\"Parcarea de la Laminor, de tip park&amp;ride, cu 11 niveluri, estimat\u0103 la un cost de 146 de milioane de euro, votat\u0103 \u00een Consiliul Local.\" \/>\n<meta name=\"robots\" content=\"index, follow, max-snippet:-1, max-image-preview:large, max-video-preview:-1\" \/>\n<link rel=\"canonical\" href=\"https:\/\/buletin.de\/bucuresti\/parcarea-colosala-de-146-de-milioane-de-euro-de-langa-hala-laminor-a-primit-votul-consiliului-local-sector-3-sedinta-cu-cearta-si-aluzii-la-complexul-hils-din-apropiere\/\" \/>\n<meta property=\"og:locale\" content=\"en_GB\" \/>\n<meta property=\"og:type\" content=\"article\" \/>\n<meta property=\"og:title\" content=\"Parcarea-turn de l\u00e2ng\u0103 Hala Laminor, cu 77.000 de euro per loc, a primit votul CL Sector 3. \u0218edin\u021b\u0103 cu ceart\u0103 \u0219i aluzii la complexul Hils al familiei Negoi\u021b\u0103 din apropiere\" \/>\n<meta property=\"og:description\" content=\"Parcarea de la Laminor, de tip park&amp;ride, cu 11 niveluri, estimat\u0103 la un cost de 146 de milioane de euro, votat\u0103 \u00een Consiliul Local.\" \/>\n<meta property=\"og:url\" content=\"https:\/\/buletin.de\/bucuresti\/parcarea-colosala-de-146-de-milioane-de-euro-de-langa-hala-laminor-a-primit-votul-consiliului-local-sector-3-sedinta-cu-cearta-si-aluzii-la-complexul-hils-din-apropiere\/\" \/>\n<meta property=\"og:site_name\" content=\"Buletin de Bucure\u0219ti\" \/>\n<meta property=\"article:publisher\" content=\"https:\/\/www.facebook.com\/buletin.de.buc\" \/>\n<meta property=\"article:published_time\" content=\"2025-05-30T00:12:38+00:00\" \/>\n<meta property=\"article:modified_time\" content=\"2025-05-31T07:02:37+00:00\" \/>\n<meta property=\"og:image\" content=\"https:\/\/buletin.de\/bucuresti\/wp-content\/uploads\/2025\/05\/parcare-laminor-1.png\" \/>\n\t<meta property=\"og:image:width\" content=\"1309\" \/>\n\t<meta property=\"og:image:height\" content=\"699\" \/>\n\t<meta property=\"og:image:type\" content=\"image\/png\" \/>\n<meta name=\"author\" content=\"Ionu\u021b Lepa\" \/>\n<meta name=\"twitter:card\" content=\"summary_large_image\" \/>\n<meta name=\"twitter:label1\" content=\"Written by\" \/>\n\t<meta name=\"twitter:data1\" content=\"Ionu\u021b Lepa\" \/>\n\t<meta name=\"twitter:label2\" content=\"Estimated reading time\" \/>\n\t<meta name=\"twitter:data2\" content=\"5 minutes\" \/>\n<script type=\"application\/ld+json\" class=\"yoast-schema-graph\">{\"@context\":\"https:\\\/\\\/schema.org\",\"@graph\":[{\"@type\":\"Article\",\"@id\":\"https:\\\/\\\/buletin.de\\\/bucuresti\\\/parcarea-colosala-de-146-de-milioane-de-euro-de-langa-hala-laminor-a-primit-votul-consiliului-local-sector-3-sedinta-cu-cearta-si-aluzii-la-complexul-hils-din-apropiere\\\/#article\",\"isPartOf\":{\"@id\":\"https:\\\/\\\/buletin.de\\\/bucuresti\\\/parcarea-colosala-de-146-de-milioane-de-euro-de-langa-hala-laminor-a-primit-votul-consiliului-local-sector-3-sedinta-cu-cearta-si-aluzii-la-complexul-hils-din-apropiere\\\/\"},\"author\":{\"name\":\"Ionu\u021b Lepa\",\"@id\":\"https:\\\/\\\/buletin.de\\\/bucuresti\\\/#\\\/schema\\\/person\\\/5272b8a057b33890940b57b837fc4ce6\"},\"headline\":\"Parcarea-turn de l\u00e2ng\u0103 Hala Laminor, cu 77.000 de euro per loc, a primit votul CL Sector 3. \u0218edin\u021b\u0103 cu ceart\u0103 \u0219i aluzii la complexul Hils al familiei Negoi\u021b\u0103 din apropiere\",\"datePublished\":\"2025-05-30T00:12:38+00:00\",\"dateModified\":\"2025-05-31T07:02:37+00:00\",\"mainEntityOfPage\":{\"@id\":\"https:\\\/\\\/buletin.de\\\/bucuresti\\\/parcarea-colosala-de-146-de-milioane-de-euro-de-langa-hala-laminor-a-primit-votul-consiliului-local-sector-3-sedinta-cu-cearta-si-aluzii-la-complexul-hils-din-apropiere\\\/\"},\"wordCount\":1326,\"publisher\":{\"@id\":\"https:\\\/\\\/buletin.de\\\/bucuresti\\\/#organization\"},\"image\":{\"@id\":\"https:\\\/\\\/buletin.de\\\/bucuresti\\\/parcarea-colosala-de-146-de-milioane-de-euro-de-langa-hala-laminor-a-primit-votul-consiliului-local-sector-3-sedinta-cu-cearta-si-aluzii-la-complexul-hils-din-apropiere\\\/#primaryimage\"},\"thumbnailUrl\":\"https:\\\/\\\/buletin.de\\\/bucuresti\\\/wp-content\\\/uploads\\\/2025\\\/05\\\/parcare-laminor-1.png\",\"keywords\":[\"consiliul local sector 3\",\"controverse parcare republica\",\"hils republica\",\"nod intermodal republica\",\"parcare laminor\",\"parcare park&amp;ride\",\"primaria sectorului 3\",\"robert negoita\",\"Sector 3\"],\"articleSection\":[\"Articole\",\"Main\",\"Politic\",\"Prim\u0103rie\"],\"inLanguage\":\"en-GB\",\"copyrightYear\":\"2025\",\"copyrightHolder\":{\"@id\":\"https:\\\/\\\/buletin.de\\\/bucuresti\\\/#organization\"}},{\"@type\":\"WebPage\",\"@id\":\"https:\\\/\\\/buletin.de\\\/bucuresti\\\/parcarea-colosala-de-146-de-milioane-de-euro-de-langa-hala-laminor-a-primit-votul-consiliului-local-sector-3-sedinta-cu-cearta-si-aluzii-la-complexul-hils-din-apropiere\\\/\",\"url\":\"https:\\\/\\\/buletin.de\\\/bucuresti\\\/parcarea-colosala-de-146-de-milioane-de-euro-de-langa-hala-laminor-a-primit-votul-consiliului-local-sector-3-sedinta-cu-cearta-si-aluzii-la-complexul-hils-din-apropiere\\\/\",\"name\":\"Parcarea-turn de l\u00e2ng\u0103 Hala Laminor, cu 77.000 de euro per loc, a primit votul CL Sector 3. \u0218edin\u021b\u0103 cu ceart\u0103 \u0219i aluzii la complexul Hils al familiei Negoi\u021b\u0103 din apropiere - Buletin de Bucure\u0219ti\",\"isPartOf\":{\"@id\":\"https:\\\/\\\/buletin.de\\\/bucuresti\\\/#website\"},\"primaryImageOfPage\":{\"@id\":\"https:\\\/\\\/buletin.de\\\/bucuresti\\\/parcarea-colosala-de-146-de-milioane-de-euro-de-langa-hala-laminor-a-primit-votul-consiliului-local-sector-3-sedinta-cu-cearta-si-aluzii-la-complexul-hils-din-apropiere\\\/#primaryimage\"},\"image\":{\"@id\":\"https:\\\/\\\/buletin.de\\\/bucuresti\\\/parcarea-colosala-de-146-de-milioane-de-euro-de-langa-hala-laminor-a-primit-votul-consiliului-local-sector-3-sedinta-cu-cearta-si-aluzii-la-complexul-hils-din-apropiere\\\/#primaryimage\"},\"thumbnailUrl\":\"https:\\\/\\\/buletin.de\\\/bucuresti\\\/wp-content\\\/uploads\\\/2025\\\/05\\\/parcare-laminor-1.png\",\"datePublished\":\"2025-05-30T00:12:38+00:00\",\"dateModified\":\"2025-05-31T07:02:37+00:00\",\"description\":\"Parcarea de la Laminor, de tip park&ride, cu 11 niveluri, estimat\u0103 la un cost de 146 de milioane de euro, votat\u0103 \u00een Consiliul Local.\",\"breadcrumb\":{\"@id\":\"https:\\\/\\\/buletin.de\\\/bucuresti\\\/parcarea-colosala-de-146-de-milioane-de-euro-de-langa-hala-laminor-a-primit-votul-consiliului-local-sector-3-sedinta-cu-cearta-si-aluzii-la-complexul-hils-din-apropiere\\\/#breadcrumb\"},\"inLanguage\":\"en-GB\",\"potentialAction\":[{\"@type\":\"ReadAction\",\"target\":[\"https:\\\/\\\/buletin.de\\\/bucuresti\\\/parcarea-colosala-de-146-de-milioane-de-euro-de-langa-hala-laminor-a-primit-votul-consiliului-local-sector-3-sedinta-cu-cearta-si-aluzii-la-complexul-hils-din-apropiere\\\/\"]}]},{\"@type\":\"ImageObject\",\"inLanguage\":\"en-GB\",\"@id\":\"https:\\\/\\\/buletin.de\\\/bucuresti\\\/parcarea-colosala-de-146-de-milioane-de-euro-de-langa-hala-laminor-a-primit-votul-consiliului-local-sector-3-sedinta-cu-cearta-si-aluzii-la-complexul-hils-din-apropiere\\\/#primaryimage\",\"url\":\"https:\\\/\\\/buletin.de\\\/bucuresti\\\/wp-content\\\/uploads\\\/2025\\\/05\\\/parcare-laminor-1.png\",\"contentUrl\":\"https:\\\/\\\/buletin.de\\\/bucuresti\\\/wp-content\\\/uploads\\\/2025\\\/05\\\/parcare-laminor-1.png\",\"width\":1309,\"height\":699,\"caption\":\"Parcarea urma s\u0103 construiasc\u0103 l\u00e2ng\u0103 Hala Laminor. FOTO: Google Street View\"},{\"@type\":\"BreadcrumbList\",\"@id\":\"https:\\\/\\\/buletin.de\\\/bucuresti\\\/parcarea-colosala-de-146-de-milioane-de-euro-de-langa-hala-laminor-a-primit-votul-consiliului-local-sector-3-sedinta-cu-cearta-si-aluzii-la-complexul-hils-din-apropiere\\\/#breadcrumb\",\"itemListElement\":[{\"@type\":\"ListItem\",\"position\":1,\"name\":\"Acas\u0103\",\"item\":\"https:\\\/\\\/buletin.de\\\/bucuresti\\\/\"},{\"@type\":\"ListItem\",\"position\":2,\"name\":\"Parcarea-turn de l\u00e2ng\u0103 Hala Laminor, cu 77.000 de euro per loc, a primit votul CL Sector 3. \u0218edin\u021b\u0103 cu ceart\u0103 \u0219i aluzii la complexul Hils al familiei Negoi\u021b\u0103 din apropiere\"}]},{\"@type\":\"WebSite\",\"@id\":\"https:\\\/\\\/buletin.de\\\/bucuresti\\\/#website\",\"url\":\"https:\\\/\\\/buletin.de\\\/bucuresti\\\/\",\"name\":\"Buletin de Bucure\u0219ti\",\"description\":\"\u0218tiri \u0219i investiga\u021bii esen\u021biale din capital\u0103\",\"publisher\":{\"@id\":\"https:\\\/\\\/buletin.de\\\/bucuresti\\\/#organization\"},\"potentialAction\":[{\"@type\":\"SearchAction\",\"target\":{\"@type\":\"EntryPoint\",\"urlTemplate\":\"https:\\\/\\\/buletin.de\\\/bucuresti\\\/?s={search_term_string}\"},\"query-input\":{\"@type\":\"PropertyValueSpecification\",\"valueRequired\":true,\"valueName\":\"search_term_string\"}}],\"inLanguage\":\"en-GB\"},{\"@type\":\"Organization\",\"@id\":\"https:\\\/\\\/buletin.de\\\/bucuresti\\\/#organization\",\"name\":\"Buletin de Bucure\u0219ti\",\"url\":\"https:\\\/\\\/buletin.de\\\/bucuresti\\\/\",\"logo\":{\"@type\":\"ImageObject\",\"inLanguage\":\"en-GB\",\"@id\":\"https:\\\/\\\/buletin.de\\\/bucuresti\\\/#\\\/schema\\\/logo\\\/image\\\/\",\"url\":\"https:\\\/\\\/buletin.de\\\/bucuresti\\\/wp-content\\\/uploads\\\/logo-bdb-full-wide-vernil-transparent.png\",\"contentUrl\":\"https:\\\/\\\/buletin.de\\\/bucuresti\\\/wp-content\\\/uploads\\\/logo-bdb-full-wide-vernil-transparent.png\",\"width\":1782,\"height\":626,\"caption\":\"Buletin de Bucure\u0219ti\"},\"image\":{\"@id\":\"https:\\\/\\\/buletin.de\\\/bucuresti\\\/#\\\/schema\\\/logo\\\/image\\\/\"},\"sameAs\":[\"https:\\\/\\\/www.facebook.com\\\/buletin.de.buc\",\"https:\\\/\\\/www.instagram.com\\\/buletinde.bucuresti\\\/\"]},{\"@type\":\"Person\",\"@id\":\"https:\\\/\\\/buletin.de\\\/bucuresti\\\/#\\\/schema\\\/person\\\/5272b8a057b33890940b57b837fc4ce6\",\"name\":\"Ionu\u021b Lepa\",\"image\":{\"@type\":\"ImageObject\",\"inLanguage\":\"en-GB\",\"@id\":\"https:\\\/\\\/buletin.de\\\/bucuresti\\\/wp-content\\\/uploads\\\/Ionut-Lepa-96x96.jpg5c4e4d9e049808799a8821652d2410a4\",\"url\":\"https:\\\/\\\/buletin.de\\\/bucuresti\\\/wp-content\\\/uploads\\\/Ionut-Lepa-96x96.jpg\",\"contentUrl\":\"https:\\\/\\\/buletin.de\\\/bucuresti\\\/wp-content\\\/uploads\\\/Ionut-Lepa-96x96.jpg\",\"caption\":\"Ionu\u021b Lepa\"},\"url\":\"https:\\\/\\\/buletin.de\\\/bucuresti\\\/author\\\/ionutlepa\\\/\"}]}<\/script>\n<!-- \/ Yoast SEO Premium plugin. -->","yoast_head_json":{"title":"Parcarea-turn de l\u00e2ng\u0103 Hala Laminor, cu 77.000 de euro per loc, a primit votul CL Sector 3. \u0218edin\u021b\u0103 cu ceart\u0103 \u0219i aluzii la complexul Hils al familiei Negoi\u021b\u0103 din apropiere - Buletin de Bucure\u0219ti","description":"Parcarea de la Laminor, de tip park&ride, cu 11 niveluri, estimat\u0103 la un cost de 146 de milioane de euro, votat\u0103 \u00een Consiliul Local.","robots":{"index":"index","follow":"follow","max-snippet":"max-snippet:-1","max-image-preview":"max-image-preview:large","max-video-preview":"max-video-preview:-1"},"canonical":"https:\/\/buletin.de\/bucuresti\/parcarea-colosala-de-146-de-milioane-de-euro-de-langa-hala-laminor-a-primit-votul-consiliului-local-sector-3-sedinta-cu-cearta-si-aluzii-la-complexul-hils-din-apropiere\/","og_locale":"en_GB","og_type":"article","og_title":"Parcarea-turn de l\u00e2ng\u0103 Hala Laminor, cu 77.000 de euro per loc, a primit votul CL Sector 3. \u0218edin\u021b\u0103 cu ceart\u0103 \u0219i aluzii la complexul Hils al familiei Negoi\u021b\u0103 din apropiere","og_description":"Parcarea de la Laminor, de tip park&ride, cu 11 niveluri, estimat\u0103 la un cost de 146 de milioane de euro, votat\u0103 \u00een Consiliul Local.","og_url":"https:\/\/buletin.de\/bucuresti\/parcarea-colosala-de-146-de-milioane-de-euro-de-langa-hala-laminor-a-primit-votul-consiliului-local-sector-3-sedinta-cu-cearta-si-aluzii-la-complexul-hils-din-apropiere\/","og_site_name":"Buletin de Bucure\u0219ti","article_publisher":"https:\/\/www.facebook.com\/buletin.de.buc","article_published_time":"2025-05-30T00:12:38+00:00","article_modified_time":"2025-05-31T07:02:37+00:00","og_image":[{"width":1309,"height":699,"url":"https:\/\/buletin.de\/bucuresti\/wp-content\/uploads\/2025\/05\/parcare-laminor-1.png","type":"image\/png"}],"author":"Ionu\u021b Lepa","twitter_card":"summary_large_image","twitter_misc":{"Written by":"Ionu\u021b Lepa","Estimated reading time":"5 minutes"},"schema":{"@context":"https:\/\/schema.org","@graph":[{"@type":"Article","@id":"https:\/\/buletin.de\/bucuresti\/parcarea-colosala-de-146-de-milioane-de-euro-de-langa-hala-laminor-a-primit-votul-consiliului-local-sector-3-sedinta-cu-cearta-si-aluzii-la-complexul-hils-din-apropiere\/#article","isPartOf":{"@id":"https:\/\/buletin.de\/bucuresti\/parcarea-colosala-de-146-de-milioane-de-euro-de-langa-hala-laminor-a-primit-votul-consiliului-local-sector-3-sedinta-cu-cearta-si-aluzii-la-complexul-hils-din-apropiere\/"},"author":{"name":"Ionu\u021b Lepa","@id":"https:\/\/buletin.de\/bucuresti\/#\/schema\/person\/5272b8a057b33890940b57b837fc4ce6"},"headline":"Parcarea-turn de l\u00e2ng\u0103 Hala Laminor, cu 77.000 de euro per loc, a primit votul CL Sector 3. \u0218edin\u021b\u0103 cu ceart\u0103 \u0219i aluzii la complexul Hils al familiei Negoi\u021b\u0103 din apropiere","datePublished":"2025-05-30T00:12:38+00:00","dateModified":"2025-05-31T07:02:37+00:00","mainEntityOfPage":{"@id":"https:\/\/buletin.de\/bucuresti\/parcarea-colosala-de-146-de-milioane-de-euro-de-langa-hala-laminor-a-primit-votul-consiliului-local-sector-3-sedinta-cu-cearta-si-aluzii-la-complexul-hils-din-apropiere\/"},"wordCount":1326,"publisher":{"@id":"https:\/\/buletin.de\/bucuresti\/#organization"},"image":{"@id":"https:\/\/buletin.de\/bucuresti\/parcarea-colosala-de-146-de-milioane-de-euro-de-langa-hala-laminor-a-primit-votul-consiliului-local-sector-3-sedinta-cu-cearta-si-aluzii-la-complexul-hils-din-apropiere\/#primaryimage"},"thumbnailUrl":"https:\/\/buletin.de\/bucuresti\/wp-content\/uploads\/2025\/05\/parcare-laminor-1.png","keywords":["consiliul local sector 3","controverse parcare republica","hils republica","nod intermodal republica","parcare laminor","parcare park&amp;ride","primaria sectorului 3","robert negoita","Sector 3"],"articleSection":["Articole","Main","Politic","Prim\u0103rie"],"inLanguage":"en-GB","copyrightYear":"2025","copyrightHolder":{"@id":"https:\/\/buletin.de\/bucuresti\/#organization"}},{"@type":"WebPage","@id":"https:\/\/buletin.de\/bucuresti\/parcarea-colosala-de-146-de-milioane-de-euro-de-langa-hala-laminor-a-primit-votul-consiliului-local-sector-3-sedinta-cu-cearta-si-aluzii-la-complexul-hils-din-apropiere\/","url":"https:\/\/buletin.de\/bucuresti\/parcarea-colosala-de-146-de-milioane-de-euro-de-langa-hala-laminor-a-primit-votul-consiliului-local-sector-3-sedinta-cu-cearta-si-aluzii-la-complexul-hils-din-apropiere\/","name":"Parcarea-turn de l\u00e2ng\u0103 Hala Laminor, cu 77.000 de euro per loc, a primit votul CL Sector 3. \u0218edin\u021b\u0103 cu ceart\u0103 \u0219i aluzii la complexul Hils al familiei Negoi\u021b\u0103 din apropiere - Buletin de Bucure\u0219ti","isPartOf":{"@id":"https:\/\/buletin.de\/bucuresti\/#website"},"primaryImageOfPage":{"@id":"https:\/\/buletin.de\/bucuresti\/parcarea-colosala-de-146-de-milioane-de-euro-de-langa-hala-laminor-a-primit-votul-consiliului-local-sector-3-sedinta-cu-cearta-si-aluzii-la-complexul-hils-din-apropiere\/#primaryimage"},"image":{"@id":"https:\/\/buletin.de\/bucuresti\/parcarea-colosala-de-146-de-milioane-de-euro-de-langa-hala-laminor-a-primit-votul-consiliului-local-sector-3-sedinta-cu-cearta-si-aluzii-la-complexul-hils-din-apropiere\/#primaryimage"},"thumbnailUrl":"https:\/\/buletin.de\/bucuresti\/wp-content\/uploads\/2025\/05\/parcare-laminor-1.png","datePublished":"2025-05-30T00:12:38+00:00","dateModified":"2025-05-31T07:02:37+00:00","description":"Parcarea de la Laminor, de tip park&ride, cu 11 niveluri, estimat\u0103 la un cost de 146 de milioane de euro, votat\u0103 \u00een Consiliul Local.","breadcrumb":{"@id":"https:\/\/buletin.de\/bucuresti\/parcarea-colosala-de-146-de-milioane-de-euro-de-langa-hala-laminor-a-primit-votul-consiliului-local-sector-3-sedinta-cu-cearta-si-aluzii-la-complexul-hils-din-apropiere\/#breadcrumb"},"inLanguage":"en-GB","potentialAction":[{"@type":"ReadAction","target":["https:\/\/buletin.de\/bucuresti\/parcarea-colosala-de-146-de-milioane-de-euro-de-langa-hala-laminor-a-primit-votul-consiliului-local-sector-3-sedinta-cu-cearta-si-aluzii-la-complexul-hils-din-apropiere\/"]}]},{"@type":"ImageObject","inLanguage":"en-GB","@id":"https:\/\/buletin.de\/bucuresti\/parcarea-colosala-de-146-de-milioane-de-euro-de-langa-hala-laminor-a-primit-votul-consiliului-local-sector-3-sedinta-cu-cearta-si-aluzii-la-complexul-hils-din-apropiere\/#primaryimage","url":"https:\/\/buletin.de\/bucuresti\/wp-content\/uploads\/2025\/05\/parcare-laminor-1.png","contentUrl":"https:\/\/buletin.de\/bucuresti\/wp-content\/uploads\/2025\/05\/parcare-laminor-1.png","width":1309,"height":699,"caption":"Parcarea urma s\u0103 construiasc\u0103 l\u00e2ng\u0103 Hala Laminor. FOTO: Google Street View"},{"@type":"BreadcrumbList","@id":"https:\/\/buletin.de\/bucuresti\/parcarea-colosala-de-146-de-milioane-de-euro-de-langa-hala-laminor-a-primit-votul-consiliului-local-sector-3-sedinta-cu-cearta-si-aluzii-la-complexul-hils-din-apropiere\/#breadcrumb","itemListElement":[{"@type":"ListItem","position":1,"name":"Acas\u0103","item":"https:\/\/buletin.de\/bucuresti\/"},{"@type":"ListItem","position":2,"name":"Parcarea-turn de l\u00e2ng\u0103 Hala Laminor, cu 77.000 de euro per loc, a primit votul CL Sector 3. \u0218edin\u021b\u0103 cu ceart\u0103 \u0219i aluzii la complexul Hils al familiei Negoi\u021b\u0103 din apropiere"}]},{"@type":"WebSite","@id":"https:\/\/buletin.de\/bucuresti\/#website","url":"https:\/\/buletin.de\/bucuresti\/","name":"Buletin de Bucure\u0219ti","description":"\u0218tiri \u0219i investiga\u021bii esen\u021biale din capital\u0103","publisher":{"@id":"https:\/\/buletin.de\/bucuresti\/#organization"},"potentialAction":[{"@type":"SearchAction","target":{"@type":"EntryPoint","urlTemplate":"https:\/\/buletin.de\/bucuresti\/?s={search_term_string}"},"query-input":{"@type":"PropertyValueSpecification","valueRequired":true,"valueName":"search_term_string"}}],"inLanguage":"en-GB"},{"@type":"Organization","@id":"https:\/\/buletin.de\/bucuresti\/#organization","name":"Buletin de Bucure\u0219ti","url":"https:\/\/buletin.de\/bucuresti\/","logo":{"@type":"ImageObject","inLanguage":"en-GB","@id":"https:\/\/buletin.de\/bucuresti\/#\/schema\/logo\/image\/","url":"https:\/\/buletin.de\/bucuresti\/wp-content\/uploads\/logo-bdb-full-wide-vernil-transparent.png","contentUrl":"https:\/\/buletin.de\/bucuresti\/wp-content\/uploads\/logo-bdb-full-wide-vernil-transparent.png","width":1782,"height":626,"caption":"Buletin de Bucure\u0219ti"},"image":{"@id":"https:\/\/buletin.de\/bucuresti\/#\/schema\/logo\/image\/"},"sameAs":["https:\/\/www.facebook.com\/buletin.de.buc","https:\/\/www.instagram.com\/buletinde.bucuresti\/"]},{"@type":"Person","@id":"https:\/\/buletin.de\/bucuresti\/#\/schema\/person\/5272b8a057b33890940b57b837fc4ce6","name":"Ionu\u021b Lepa","image":{"@type":"ImageObject","inLanguage":"en-GB","@id":"https:\/\/buletin.de\/bucuresti\/wp-content\/uploads\/Ionut-Lepa-96x96.jpg5c4e4d9e049808799a8821652d2410a4","url":"https:\/\/buletin.de\/bucuresti\/wp-content\/uploads\/Ionut-Lepa-96x96.jpg","contentUrl":"https:\/\/buletin.de\/bucuresti\/wp-content\/uploads\/Ionut-Lepa-96x96.jpg","caption":"Ionu\u021b Lepa"},"url":"https:\/\/buletin.de\/bucuresti\/author\/ionutlepa\/"}]}},"authors":[{"term_id":22586,"user_id":8,"is_guest":0,"slug":"ionutlepa","display_name":"Ionu\u021b Lepa","avatar_url":"https:\/\/buletin.de\/bucuresti\/wp-content\/uploads\/Ionut-Lepa-96x96.jpg","0":null,"1":"","2":"","3":"","4":"","5":"","6":"","7":"","8":""}],"_links":{"self":[{"href":"https:\/\/buletin.de\/bucuresti\/wp-json\/wp\/v2\/posts\/132406","targetHints":{"allow":["GET"]}}],"collection":[{"href":"https:\/\/buletin.de\/bucuresti\/wp-json\/wp\/v2\/posts"}],"about":[{"href":"https:\/\/buletin.de\/bucuresti\/wp-json\/wp\/v2\/types\/post"}],"author":[{"embeddable":true,"href":"https:\/\/buletin.de\/bucuresti\/wp-json\/wp\/v2\/users\/8"}],"replies":[{"embeddable":true,"href":"https:\/\/buletin.de\/bucuresti\/wp-json\/wp\/v2\/comments?post=132406"}],"version-history":[{"count":10,"href":"https:\/\/buletin.de\/bucuresti\/wp-json\/wp\/v2\/posts\/132406\/revisions"}],"predecessor-version":[{"id":132452,"href":"https:\/\/buletin.de\/bucuresti\/wp-json\/wp\/v2\/posts\/132406\/revisions\/132452"}],"wp:featuredmedia":[{"embeddable":true,"href":"https:\/\/buletin.de\/bucuresti\/wp-json\/wp\/v2\/media\/132442"}],"wp:attachment":[{"href":"https:\/\/buletin.de\/bucuresti\/wp-json\/wp\/v2\/media?parent=132406"}],"wp:term":[{"taxonomy":"category","embeddable":true,"href":"https:\/\/buletin.de\/bucuresti\/wp-json\/wp\/v2\/categories?post=132406"},{"taxonomy":"post_tag","embeddable":true,"href":"https:\/\/buletin.de\/bucuresti\/wp-json\/wp\/v2\/tags?post=132406"},{"taxonomy":"author","embeddable":true,"href":"https:\/\/buletin.de\/bucuresti\/wp-json\/wp\/v2\/ppma_author?post=132406"}],"curies":[{"name":"wp","href":"https:\/\/api.w.org\/{rel}","templated":true}]}}