{"id":132394,"date":"2025-05-29T17:09:48","date_gmt":"2025-05-29T14:09:48","guid":{"rendered":"https:\/\/buletin.de\/bucuresti\/?p=132394"},"modified":"2025-05-29T18:04:56","modified_gmt":"2025-05-29T15:04:56","slug":"intarzieri-si-de-sapte-ore-pe-relatia-feroviara-bucuresti-brasov","status":"publish","type":"post","link":"https:\/\/buletin.de\/bucuresti\/intarzieri-si-de-sapte-ore-pe-relatia-feroviara-bucuresti-brasov\/","title":{"rendered":"\u00cent\u00e2rzieri \u0219i de \u0219apte ore pe rela\u021bia feroviar\u0103 Bucure\u0219ti-Bra\u0219ov"},"content":{"rendered":"\n<p><strong>Trenurile care circul\u0103 pe rela\u021bia Bucure\u0219ti-Bra\u0219ov au \u00eent\u00e2rzieri de p\u00e2n\u0103 la \u0219apte ore. De vin\u0103 pentru timpul mare de a\u0219teptare a fost o alunecare de terasament \u00eentre sta\u021biile Predeal \u0219i Timi\u0219u de Sus.<\/strong><\/p>\n\n\n\n<p>Dup\u0103 cum jurnali\u0219tii <a href=\"https:\/\/clubferoviar.ro\/intarzieri-trenurile-bucuresti-brasov\/\">Club Feroviar<\/a> arat\u0103, alunecarea de terasament a fost urmat\u0103 de \u00eentreruperea unui cablu de comunicare \u00eentre dou\u0103 semnale. Ulterior, din cauza func\u021bion\u0103rii defectuoase a instala\u021biei de semnalizare \u00een bloc de linie automat (BLA) a fost dispus\u0103 \u00eenchiderea firului I p\u00e2n\u0103 la remedierea defectului.<\/p>\n\n\n\n<p>Mai mult, dup\u0103 \u00eenchiderea firului I, trenurile au trebuit s\u0103 circule pe firul al\u0103turat \u00eens\u0103 izolat, fapt ce a contribuit la cre\u0219terea \u00eent\u00e2rzierilor, \u00eentruc\u00e2t mecanicii trebuiau s\u0103 a\u0219tepte indica\u021bia de \u201ecale liber\u0103\u201d.<\/p>\n\n\n\n<p>A fost \u0219i cazul trenului cu num\u0103rul R 3032 care de\u0219i plecase asear\u0103 la ora 18:54 din Gara Bra\u0219ov a ajuns la Bucure\u0219ti cu o \u00eent\u00e2rziere de 360 de minute (\u0219ase ore). Acesta a fost oprit \u00een parcurs de dou\u0103 ori, la D\u00e2rste, unde a sta\u021bionat pentru aproape patru ore, dar \u0219i la Timi\u0219u de Sus unde a acumulat restul \u00eent\u00e2rzierii.<\/p>\n\n\n\n<figure class=\"wp-block-image size-large\"><img fetchpriority=\"high\" decoding=\"async\" width=\"1000\" height=\"838\" src=\"data:image\/gif;base64,R0lGODlhAQABAAAAACH5BAEKAAEALAAAAAABAAEAAAICTAEAOw==\" data-src=\"https:\/\/buletin.de\/bucuresti\/wp-content\/uploads\/2025\/05\/WhatsApp-Image-2025-05-29-at-15.03.02-1000x838.jpeg\" alt=\"\" class=\"wp-image-132402 lazyload\" data-sizes=\"auto\" data-srcset=\"https:\/\/buletin.de\/bucuresti\/wp-content\/uploads\/2025\/05\/WhatsApp-Image-2025-05-29-at-15.03.02-1000x838.jpeg 1000w, https:\/\/buletin.de\/bucuresti\/wp-content\/uploads\/2025\/05\/WhatsApp-Image-2025-05-29-at-15.03.02-300x251.jpeg 300w, https:\/\/buletin.de\/bucuresti\/wp-content\/uploads\/2025\/05\/WhatsApp-Image-2025-05-29-at-15.03.02-768x644.jpeg 768w, https:\/\/buletin.de\/bucuresti\/wp-content\/uploads\/2025\/05\/WhatsApp-Image-2025-05-29-at-15.03.02-1536x1287.jpeg 1536w, https:\/\/buletin.de\/bucuresti\/wp-content\/uploads\/2025\/05\/WhatsApp-Image-2025-05-29-at-15.03.02-1100x922.jpeg 1100w, https:\/\/buletin.de\/bucuresti\/wp-content\/uploads\/2025\/05\/WhatsApp-Image-2025-05-29-at-15.03.02-600x503.jpeg 600w, https:\/\/buletin.de\/bucuresti\/wp-content\/uploads\/2025\/05\/WhatsApp-Image-2025-05-29-at-15.03.02-20x17.jpeg 20w, https:\/\/buletin.de\/bucuresti\/wp-content\/uploads\/2025\/05\/WhatsApp-Image-2025-05-29-at-15.03.02.jpeg 1600w\" sizes=\"(max-width: 1000px) 100vw, 1000px\" \/><figcaption class=\"wp-element-caption\">FOTO: CFR SA<\/figcaption><\/figure>\n\n\n\n<p>Aceea\u0219i soart\u0103 au avut-o \u0219i trenurile operatorilor priva\u021bi. Trenul IR 11536 operat de Astra Trans Carpatic a ajuns \u0219i el la Bucure\u0219ti, cu o \u00eent\u00e2rziere de 413 minute.<\/p>\n\n\n\n<p>De asemenea, \u00eent\u00e2rzierile au continuat \u0219i joi diminea\u021b\u0103, dup\u0103 ce mai multe trenuri au avut \u00eent\u00e2rzieri cuprinse \u00eentre 60 \u0219i 120 de minute. Din aceast\u0103 cauz\u0103, dou\u0103 trenuri au fost anulate, iar pasagerii prelua\u021bi de alte garnituri.<\/p>\n\n\n\n<p>Potrivit jurnali\u0219tilor Club Feroviar, \u00eent\u00e2rzierile se vor normaliza abia \u00een aceast\u0103 dup\u0103-amiaz\u0103, c\u00e2nd \u00eent\u00e2rzierile vor men\u021bine un ritm de aproximativ zece minute per tren, \u00eens\u0103 este pu\u021bin probabil ca ele s\u0103 dispar\u0103 de tot p\u00e2n\u0103 la remedierea terasamentului.<\/p>\n\n\n\n<p>Cite\u0219te continuarea articolului pe <a href=\"https:\/\/clubferoviar.ro\/intarzieri-trenurile-bucuresti-brasov\/\">Club Feroviar<\/a>.<\/p>\n\n\n\n<p><strong>CITE\u0218TE \u0218I: <a href=\"https:\/\/buletin.de\/bucuresti\/cinci-linii-stb-din-cartierul-drumul-taberei-deviate-in-weekend-pentru-west-side-flower-fest-si-parada-micilor-biciclisti\/\">Cinci linii STB din cartierul Drumul Taberei deviate \u00een weekend, pentru \u201eWest Side Flower Fest\u201d \u0219i \u201eParada Micilor Bicicli\u0219ti\u201d<\/a><\/strong><\/p>\n","protected":false},"excerpt":{"rendered":"<p>Trenurile care circul\u0103 pe rela\u021bia Bucure\u0219ti-Bra\u0219ov au \u00eent\u00e2rzieri de p\u00e2n\u0103 la \u0219apte ore. De vin\u0103 pentru timpul mare de a\u0219teptare a fost o alunecare de terasament \u00eentre sta\u021biile Predeal \u0219i Timi\u0219u de Sus. Dup\u0103 cum jurnali\u0219tii Club Feroviar arat\u0103, alunecarea de terasament a fost urmat\u0103 de \u00eentreruperea unui cablu de comunicare \u00eentre dou\u0103 semnale. Ulterior, [&hellip;]<\/p>\n","protected":false},"author":1,"featured_media":132401,"comment_status":"closed","ping_status":"open","sticky":false,"template":"","format":"standard","meta":{"_acf_changed":false,"inline_featured_image":false,"ngg_post_thumbnail":0,"footnotes":""},"categories":[6994,9026,62,650],"tags":[21692,599,21691,594,21694],"ppma_author":[22583],"class_list":["post-132394","post","type-post","status-publish","format-standard","has-post-thumbnail","hentry","category-stiri-2","category-eveniment","category-stiri","category-transport","tag-bucuresti-brasov-2","tag-cfr","tag-intarzieri-sapte-ore","tag-tren","tag-tren-intarziat"],"acf":[],"yoast_head":"<!-- This site is optimized with the Yoast SEO Premium plugin v25.3 (Yoast SEO v27.4) - https:\/\/yoast.com\/product\/yoast-seo-premium-wordpress\/ -->\n<title>\u00cent\u00e2rzieri \u0219i de \u0219apte ore pe rela\u021bia feroviar\u0103 Bucure\u0219ti-Bra\u0219ov - Buletin de Bucure\u0219ti<\/title>\n<meta name=\"description\" content=\"Trenurile care circul\u0103 pe rela\u021bia Bucure\u0219ti-Bra\u0219ov au acumulat o \u00eent\u00e2rziere \u0219i de \u0219apte ore. De vin\u0103 a fost o alunecare de terasament.\" \/>\n<meta name=\"robots\" content=\"index, follow, max-snippet:-1, max-image-preview:large, max-video-preview:-1\" \/>\n<link rel=\"canonical\" href=\"https:\/\/buletin.de\/bucuresti\/intarzieri-si-de-sapte-ore-pe-relatia-feroviara-bucuresti-brasov\/\" \/>\n<meta property=\"og:locale\" content=\"en_GB\" \/>\n<meta property=\"og:type\" content=\"article\" \/>\n<meta property=\"og:title\" content=\"\u00cent\u00e2rzieri \u0219i de \u0219apte ore pe rela\u021bia feroviar\u0103 Bucure\u0219ti-Bra\u0219ov\" \/>\n<meta property=\"og:description\" content=\"Trenurile care circul\u0103 pe rela\u021bia Bucure\u0219ti-Bra\u0219ov au acumulat o \u00eent\u00e2rziere \u0219i de \u0219apte ore. De vin\u0103 a fost o alunecare de terasament.\" \/>\n<meta property=\"og:url\" content=\"https:\/\/buletin.de\/bucuresti\/intarzieri-si-de-sapte-ore-pe-relatia-feroviara-bucuresti-brasov\/\" \/>\n<meta property=\"og:site_name\" content=\"Buletin de Bucure\u0219ti\" \/>\n<meta property=\"article:publisher\" content=\"https:\/\/www.facebook.com\/buletin.de.buc\" \/>\n<meta property=\"article:published_time\" content=\"2025-05-29T14:09:48+00:00\" \/>\n<meta property=\"article:modified_time\" content=\"2025-05-29T15:04:56+00:00\" \/>\n<meta property=\"og:image\" content=\"https:\/\/buletin.de\/bucuresti\/wp-content\/uploads\/2025\/05\/WhatsApp-Image-2025-05-29-at-15.03.01.jpeg\" \/>\n\t<meta property=\"og:image:width\" content=\"1600\" \/>\n\t<meta property=\"og:image:height\" content=\"1341\" \/>\n\t<meta property=\"og:image:type\" content=\"image\/jpeg\" \/>\n<meta name=\"author\" content=\"Redac\u021bia Buletin de Bucure\u0219ti\" \/>\n<meta name=\"twitter:card\" content=\"summary_large_image\" \/>\n<meta name=\"twitter:label1\" content=\"Written by\" \/>\n\t<meta name=\"twitter:data1\" content=\"Redac\u021bia Buletin de Bucure\u0219ti\" \/>\n\t<meta name=\"twitter:label2\" content=\"Estimated reading time\" \/>\n\t<meta name=\"twitter:data2\" content=\"2 minutes\" \/>\n<script type=\"application\/ld+json\" class=\"yoast-schema-graph\">{\"@context\":\"https:\\\/\\\/schema.org\",\"@graph\":[{\"@type\":\"Article\",\"@id\":\"https:\\\/\\\/buletin.de\\\/bucuresti\\\/intarzieri-si-de-sapte-ore-pe-relatia-feroviara-bucuresti-brasov\\\/#article\",\"isPartOf\":{\"@id\":\"https:\\\/\\\/buletin.de\\\/bucuresti\\\/intarzieri-si-de-sapte-ore-pe-relatia-feroviara-bucuresti-brasov\\\/\"},\"author\":{\"name\":\"Redac\u021bia Buletin de Bucure\u0219ti\",\"@id\":\"https:\\\/\\\/buletin.de\\\/bucuresti\\\/#\\\/schema\\\/person\\\/2bbcf854e5f2419a13804af574d06ab1\"},\"headline\":\"\u00cent\u00e2rzieri \u0219i de \u0219apte ore pe rela\u021bia feroviar\u0103 Bucure\u0219ti-Bra\u0219ov\",\"datePublished\":\"2025-05-29T14:09:48+00:00\",\"dateModified\":\"2025-05-29T15:04:56+00:00\",\"mainEntityOfPage\":{\"@id\":\"https:\\\/\\\/buletin.de\\\/bucuresti\\\/intarzieri-si-de-sapte-ore-pe-relatia-feroviara-bucuresti-brasov\\\/\"},\"wordCount\":357,\"publisher\":{\"@id\":\"https:\\\/\\\/buletin.de\\\/bucuresti\\\/#organization\"},\"image\":{\"@id\":\"https:\\\/\\\/buletin.de\\\/bucuresti\\\/intarzieri-si-de-sapte-ore-pe-relatia-feroviara-bucuresti-brasov\\\/#primaryimage\"},\"thumbnailUrl\":\"https:\\\/\\\/buletin.de\\\/bucuresti\\\/wp-content\\\/uploads\\\/2025\\\/05\\\/WhatsApp-Image-2025-05-29-at-15.03.01.jpeg\",\"keywords\":[\"bucuresti brasov\",\"cfr\",\"intarzieri sapte ore\",\"tren\",\"tren \u00eent\u00e2rziat\"],\"articleSection\":[\"Articole\",\"Eveniment\",\"\u0218tiri\",\"Transport\"],\"inLanguage\":\"en-GB\",\"copyrightYear\":\"2025\",\"copyrightHolder\":{\"@id\":\"https:\\\/\\\/buletin.de\\\/bucuresti\\\/#organization\"}},{\"@type\":\"WebPage\",\"@id\":\"https:\\\/\\\/buletin.de\\\/bucuresti\\\/intarzieri-si-de-sapte-ore-pe-relatia-feroviara-bucuresti-brasov\\\/\",\"url\":\"https:\\\/\\\/buletin.de\\\/bucuresti\\\/intarzieri-si-de-sapte-ore-pe-relatia-feroviara-bucuresti-brasov\\\/\",\"name\":\"\u00cent\u00e2rzieri \u0219i de \u0219apte ore pe rela\u021bia feroviar\u0103 Bucure\u0219ti-Bra\u0219ov - Buletin de Bucure\u0219ti\",\"isPartOf\":{\"@id\":\"https:\\\/\\\/buletin.de\\\/bucuresti\\\/#website\"},\"primaryImageOfPage\":{\"@id\":\"https:\\\/\\\/buletin.de\\\/bucuresti\\\/intarzieri-si-de-sapte-ore-pe-relatia-feroviara-bucuresti-brasov\\\/#primaryimage\"},\"image\":{\"@id\":\"https:\\\/\\\/buletin.de\\\/bucuresti\\\/intarzieri-si-de-sapte-ore-pe-relatia-feroviara-bucuresti-brasov\\\/#primaryimage\"},\"thumbnailUrl\":\"https:\\\/\\\/buletin.de\\\/bucuresti\\\/wp-content\\\/uploads\\\/2025\\\/05\\\/WhatsApp-Image-2025-05-29-at-15.03.01.jpeg\",\"datePublished\":\"2025-05-29T14:09:48+00:00\",\"dateModified\":\"2025-05-29T15:04:56+00:00\",\"description\":\"Trenurile care circul\u0103 pe rela\u021bia Bucure\u0219ti-Bra\u0219ov au acumulat o \u00eent\u00e2rziere \u0219i de \u0219apte ore. De vin\u0103 a fost o alunecare de terasament.\",\"breadcrumb\":{\"@id\":\"https:\\\/\\\/buletin.de\\\/bucuresti\\\/intarzieri-si-de-sapte-ore-pe-relatia-feroviara-bucuresti-brasov\\\/#breadcrumb\"},\"inLanguage\":\"en-GB\",\"potentialAction\":[{\"@type\":\"ReadAction\",\"target\":[\"https:\\\/\\\/buletin.de\\\/bucuresti\\\/intarzieri-si-de-sapte-ore-pe-relatia-feroviara-bucuresti-brasov\\\/\"]}]},{\"@type\":\"ImageObject\",\"inLanguage\":\"en-GB\",\"@id\":\"https:\\\/\\\/buletin.de\\\/bucuresti\\\/intarzieri-si-de-sapte-ore-pe-relatia-feroviara-bucuresti-brasov\\\/#primaryimage\",\"url\":\"https:\\\/\\\/buletin.de\\\/bucuresti\\\/wp-content\\\/uploads\\\/2025\\\/05\\\/WhatsApp-Image-2025-05-29-at-15.03.01.jpeg\",\"contentUrl\":\"https:\\\/\\\/buletin.de\\\/bucuresti\\\/wp-content\\\/uploads\\\/2025\\\/05\\\/WhatsApp-Image-2025-05-29-at-15.03.01.jpeg\",\"width\":1600,\"height\":1341,\"caption\":\"\u00cent\u00e2rzieri \u0219i de \u0219apte ore pe rela\u021bia feroviar\u0103 Bucure\u0219ti-Bra\u0219ov | FOTO: CFR SA\"},{\"@type\":\"BreadcrumbList\",\"@id\":\"https:\\\/\\\/buletin.de\\\/bucuresti\\\/intarzieri-si-de-sapte-ore-pe-relatia-feroviara-bucuresti-brasov\\\/#breadcrumb\",\"itemListElement\":[{\"@type\":\"ListItem\",\"position\":1,\"name\":\"Acas\u0103\",\"item\":\"https:\\\/\\\/buletin.de\\\/bucuresti\\\/\"},{\"@type\":\"ListItem\",\"position\":2,\"name\":\"\u00cent\u00e2rzieri \u0219i de \u0219apte ore pe rela\u021bia feroviar\u0103 Bucure\u0219ti-Bra\u0219ov\"}]},{\"@type\":\"WebSite\",\"@id\":\"https:\\\/\\\/buletin.de\\\/bucuresti\\\/#website\",\"url\":\"https:\\\/\\\/buletin.de\\\/bucuresti\\\/\",\"name\":\"Buletin de Bucure\u0219ti\",\"description\":\"\u0218tiri \u0219i investiga\u021bii esen\u021biale din capital\u0103\",\"publisher\":{\"@id\":\"https:\\\/\\\/buletin.de\\\/bucuresti\\\/#organization\"},\"potentialAction\":[{\"@type\":\"SearchAction\",\"target\":{\"@type\":\"EntryPoint\",\"urlTemplate\":\"https:\\\/\\\/buletin.de\\\/bucuresti\\\/?s={search_term_string}\"},\"query-input\":{\"@type\":\"PropertyValueSpecification\",\"valueRequired\":true,\"valueName\":\"search_term_string\"}}],\"inLanguage\":\"en-GB\"},{\"@type\":\"Organization\",\"@id\":\"https:\\\/\\\/buletin.de\\\/bucuresti\\\/#organization\",\"name\":\"Buletin de Bucure\u0219ti\",\"url\":\"https:\\\/\\\/buletin.de\\\/bucuresti\\\/\",\"logo\":{\"@type\":\"ImageObject\",\"inLanguage\":\"en-GB\",\"@id\":\"https:\\\/\\\/buletin.de\\\/bucuresti\\\/#\\\/schema\\\/logo\\\/image\\\/\",\"url\":\"https:\\\/\\\/buletin.de\\\/bucuresti\\\/wp-content\\\/uploads\\\/logo-bdb-full-wide-vernil-transparent.png\",\"contentUrl\":\"https:\\\/\\\/buletin.de\\\/bucuresti\\\/wp-content\\\/uploads\\\/logo-bdb-full-wide-vernil-transparent.png\",\"width\":1782,\"height\":626,\"caption\":\"Buletin de Bucure\u0219ti\"},\"image\":{\"@id\":\"https:\\\/\\\/buletin.de\\\/bucuresti\\\/#\\\/schema\\\/logo\\\/image\\\/\"},\"sameAs\":[\"https:\\\/\\\/www.facebook.com\\\/buletin.de.buc\",\"https:\\\/\\\/www.instagram.com\\\/buletinde.bucuresti\\\/\"]},{\"@type\":\"Person\",\"@id\":\"https:\\\/\\\/buletin.de\\\/bucuresti\\\/#\\\/schema\\\/person\\\/2bbcf854e5f2419a13804af574d06ab1\",\"name\":\"Redac\u021bia Buletin de Bucure\u0219ti\",\"image\":{\"@type\":\"ImageObject\",\"inLanguage\":\"en-GB\",\"@id\":\"https:\\\/\\\/secure.gravatar.com\\\/avatar\\\/18c5342381ed1a08620e6280424e3e5efc958618f5d67c522c9e44c1bc6f9226?s=96&d=monsterid&r=g60c7cd0ad92c68c049fcd4bb3504d609\",\"url\":\"https:\\\/\\\/secure.gravatar.com\\\/avatar\\\/18c5342381ed1a08620e6280424e3e5efc958618f5d67c522c9e44c1bc6f9226?s=96&d=monsterid&r=g\",\"contentUrl\":\"https:\\\/\\\/secure.gravatar.com\\\/avatar\\\/18c5342381ed1a08620e6280424e3e5efc958618f5d67c522c9e44c1bc6f9226?s=96&d=monsterid&r=g\",\"caption\":\"Redac\u021bia Buletin de Bucure\u0219ti\"},\"description\":\"Buletin de Bucure\u0219ti exist\u0103 din vara anului 2019.\",\"url\":\"https:\\\/\\\/buletin.de\\\/bucuresti\\\/author\\\/adminbuletin\\\/\"}]}<\/script>\n<!-- \/ Yoast SEO Premium plugin. -->","yoast_head_json":{"title":"\u00cent\u00e2rzieri \u0219i de \u0219apte ore pe rela\u021bia feroviar\u0103 Bucure\u0219ti-Bra\u0219ov - Buletin de Bucure\u0219ti","description":"Trenurile care circul\u0103 pe rela\u021bia Bucure\u0219ti-Bra\u0219ov au acumulat o \u00eent\u00e2rziere \u0219i de \u0219apte ore. De vin\u0103 a fost o alunecare de terasament.","robots":{"index":"index","follow":"follow","max-snippet":"max-snippet:-1","max-image-preview":"max-image-preview:large","max-video-preview":"max-video-preview:-1"},"canonical":"https:\/\/buletin.de\/bucuresti\/intarzieri-si-de-sapte-ore-pe-relatia-feroviara-bucuresti-brasov\/","og_locale":"en_GB","og_type":"article","og_title":"\u00cent\u00e2rzieri \u0219i de \u0219apte ore pe rela\u021bia feroviar\u0103 Bucure\u0219ti-Bra\u0219ov","og_description":"Trenurile care circul\u0103 pe rela\u021bia Bucure\u0219ti-Bra\u0219ov au acumulat o \u00eent\u00e2rziere \u0219i de \u0219apte ore. De vin\u0103 a fost o alunecare de terasament.","og_url":"https:\/\/buletin.de\/bucuresti\/intarzieri-si-de-sapte-ore-pe-relatia-feroviara-bucuresti-brasov\/","og_site_name":"Buletin de Bucure\u0219ti","article_publisher":"https:\/\/www.facebook.com\/buletin.de.buc","article_published_time":"2025-05-29T14:09:48+00:00","article_modified_time":"2025-05-29T15:04:56+00:00","og_image":[{"width":1600,"height":1341,"url":"https:\/\/buletin.de\/bucuresti\/wp-content\/uploads\/2025\/05\/WhatsApp-Image-2025-05-29-at-15.03.01.jpeg","type":"image\/jpeg"}],"author":"Redac\u021bia Buletin de Bucure\u0219ti","twitter_card":"summary_large_image","twitter_misc":{"Written by":"Redac\u021bia Buletin de Bucure\u0219ti","Estimated reading time":"2 minutes"},"schema":{"@context":"https:\/\/schema.org","@graph":[{"@type":"Article","@id":"https:\/\/buletin.de\/bucuresti\/intarzieri-si-de-sapte-ore-pe-relatia-feroviara-bucuresti-brasov\/#article","isPartOf":{"@id":"https:\/\/buletin.de\/bucuresti\/intarzieri-si-de-sapte-ore-pe-relatia-feroviara-bucuresti-brasov\/"},"author":{"name":"Redac\u021bia Buletin de Bucure\u0219ti","@id":"https:\/\/buletin.de\/bucuresti\/#\/schema\/person\/2bbcf854e5f2419a13804af574d06ab1"},"headline":"\u00cent\u00e2rzieri \u0219i de \u0219apte ore pe rela\u021bia feroviar\u0103 Bucure\u0219ti-Bra\u0219ov","datePublished":"2025-05-29T14:09:48+00:00","dateModified":"2025-05-29T15:04:56+00:00","mainEntityOfPage":{"@id":"https:\/\/buletin.de\/bucuresti\/intarzieri-si-de-sapte-ore-pe-relatia-feroviara-bucuresti-brasov\/"},"wordCount":357,"publisher":{"@id":"https:\/\/buletin.de\/bucuresti\/#organization"},"image":{"@id":"https:\/\/buletin.de\/bucuresti\/intarzieri-si-de-sapte-ore-pe-relatia-feroviara-bucuresti-brasov\/#primaryimage"},"thumbnailUrl":"https:\/\/buletin.de\/bucuresti\/wp-content\/uploads\/2025\/05\/WhatsApp-Image-2025-05-29-at-15.03.01.jpeg","keywords":["bucuresti brasov","cfr","intarzieri sapte ore","tren","tren \u00eent\u00e2rziat"],"articleSection":["Articole","Eveniment","\u0218tiri","Transport"],"inLanguage":"en-GB","copyrightYear":"2025","copyrightHolder":{"@id":"https:\/\/buletin.de\/bucuresti\/#organization"}},{"@type":"WebPage","@id":"https:\/\/buletin.de\/bucuresti\/intarzieri-si-de-sapte-ore-pe-relatia-feroviara-bucuresti-brasov\/","url":"https:\/\/buletin.de\/bucuresti\/intarzieri-si-de-sapte-ore-pe-relatia-feroviara-bucuresti-brasov\/","name":"\u00cent\u00e2rzieri \u0219i de \u0219apte ore pe rela\u021bia feroviar\u0103 Bucure\u0219ti-Bra\u0219ov - Buletin de Bucure\u0219ti","isPartOf":{"@id":"https:\/\/buletin.de\/bucuresti\/#website"},"primaryImageOfPage":{"@id":"https:\/\/buletin.de\/bucuresti\/intarzieri-si-de-sapte-ore-pe-relatia-feroviara-bucuresti-brasov\/#primaryimage"},"image":{"@id":"https:\/\/buletin.de\/bucuresti\/intarzieri-si-de-sapte-ore-pe-relatia-feroviara-bucuresti-brasov\/#primaryimage"},"thumbnailUrl":"https:\/\/buletin.de\/bucuresti\/wp-content\/uploads\/2025\/05\/WhatsApp-Image-2025-05-29-at-15.03.01.jpeg","datePublished":"2025-05-29T14:09:48+00:00","dateModified":"2025-05-29T15:04:56+00:00","description":"Trenurile care circul\u0103 pe rela\u021bia Bucure\u0219ti-Bra\u0219ov au acumulat o \u00eent\u00e2rziere \u0219i de \u0219apte ore. De vin\u0103 a fost o alunecare de terasament.","breadcrumb":{"@id":"https:\/\/buletin.de\/bucuresti\/intarzieri-si-de-sapte-ore-pe-relatia-feroviara-bucuresti-brasov\/#breadcrumb"},"inLanguage":"en-GB","potentialAction":[{"@type":"ReadAction","target":["https:\/\/buletin.de\/bucuresti\/intarzieri-si-de-sapte-ore-pe-relatia-feroviara-bucuresti-brasov\/"]}]},{"@type":"ImageObject","inLanguage":"en-GB","@id":"https:\/\/buletin.de\/bucuresti\/intarzieri-si-de-sapte-ore-pe-relatia-feroviara-bucuresti-brasov\/#primaryimage","url":"https:\/\/buletin.de\/bucuresti\/wp-content\/uploads\/2025\/05\/WhatsApp-Image-2025-05-29-at-15.03.01.jpeg","contentUrl":"https:\/\/buletin.de\/bucuresti\/wp-content\/uploads\/2025\/05\/WhatsApp-Image-2025-05-29-at-15.03.01.jpeg","width":1600,"height":1341,"caption":"\u00cent\u00e2rzieri \u0219i de \u0219apte ore pe rela\u021bia feroviar\u0103 Bucure\u0219ti-Bra\u0219ov | FOTO: CFR SA"},{"@type":"BreadcrumbList","@id":"https:\/\/buletin.de\/bucuresti\/intarzieri-si-de-sapte-ore-pe-relatia-feroviara-bucuresti-brasov\/#breadcrumb","itemListElement":[{"@type":"ListItem","position":1,"name":"Acas\u0103","item":"https:\/\/buletin.de\/bucuresti\/"},{"@type":"ListItem","position":2,"name":"\u00cent\u00e2rzieri \u0219i de \u0219apte ore pe rela\u021bia feroviar\u0103 Bucure\u0219ti-Bra\u0219ov"}]},{"@type":"WebSite","@id":"https:\/\/buletin.de\/bucuresti\/#website","url":"https:\/\/buletin.de\/bucuresti\/","name":"Buletin de Bucure\u0219ti","description":"\u0218tiri \u0219i investiga\u021bii esen\u021biale din capital\u0103","publisher":{"@id":"https:\/\/buletin.de\/bucuresti\/#organization"},"potentialAction":[{"@type":"SearchAction","target":{"@type":"EntryPoint","urlTemplate":"https:\/\/buletin.de\/bucuresti\/?s={search_term_string}"},"query-input":{"@type":"PropertyValueSpecification","valueRequired":true,"valueName":"search_term_string"}}],"inLanguage":"en-GB"},{"@type":"Organization","@id":"https:\/\/buletin.de\/bucuresti\/#organization","name":"Buletin de Bucure\u0219ti","url":"https:\/\/buletin.de\/bucuresti\/","logo":{"@type":"ImageObject","inLanguage":"en-GB","@id":"https:\/\/buletin.de\/bucuresti\/#\/schema\/logo\/image\/","url":"https:\/\/buletin.de\/bucuresti\/wp-content\/uploads\/logo-bdb-full-wide-vernil-transparent.png","contentUrl":"https:\/\/buletin.de\/bucuresti\/wp-content\/uploads\/logo-bdb-full-wide-vernil-transparent.png","width":1782,"height":626,"caption":"Buletin de Bucure\u0219ti"},"image":{"@id":"https:\/\/buletin.de\/bucuresti\/#\/schema\/logo\/image\/"},"sameAs":["https:\/\/www.facebook.com\/buletin.de.buc","https:\/\/www.instagram.com\/buletinde.bucuresti\/"]},{"@type":"Person","@id":"https:\/\/buletin.de\/bucuresti\/#\/schema\/person\/2bbcf854e5f2419a13804af574d06ab1","name":"Redac\u021bia Buletin de Bucure\u0219ti","image":{"@type":"ImageObject","inLanguage":"en-GB","@id":"https:\/\/secure.gravatar.com\/avatar\/18c5342381ed1a08620e6280424e3e5efc958618f5d67c522c9e44c1bc6f9226?s=96&d=monsterid&r=g60c7cd0ad92c68c049fcd4bb3504d609","url":"https:\/\/secure.gravatar.com\/avatar\/18c5342381ed1a08620e6280424e3e5efc958618f5d67c522c9e44c1bc6f9226?s=96&d=monsterid&r=g","contentUrl":"https:\/\/secure.gravatar.com\/avatar\/18c5342381ed1a08620e6280424e3e5efc958618f5d67c522c9e44c1bc6f9226?s=96&d=monsterid&r=g","caption":"Redac\u021bia Buletin de Bucure\u0219ti"},"description":"Buletin de Bucure\u0219ti exist\u0103 din vara anului 2019.","url":"https:\/\/buletin.de\/bucuresti\/author\/adminbuletin\/"}]}},"authors":[{"term_id":22583,"user_id":1,"is_guest":0,"slug":"adminbuletin","display_name":"Redac\u021bia Buletin de Bucure\u0219ti","avatar_url":"https:\/\/secure.gravatar.com\/avatar\/18c5342381ed1a08620e6280424e3e5efc958618f5d67c522c9e44c1bc6f9226?s=96&d=monsterid&r=g","0":null,"1":"","2":"","3":"","4":"","5":"","6":"","7":"","8":""}],"_links":{"self":[{"href":"https:\/\/buletin.de\/bucuresti\/wp-json\/wp\/v2\/posts\/132394","targetHints":{"allow":["GET"]}}],"collection":[{"href":"https:\/\/buletin.de\/bucuresti\/wp-json\/wp\/v2\/posts"}],"about":[{"href":"https:\/\/buletin.de\/bucuresti\/wp-json\/wp\/v2\/types\/post"}],"author":[{"embeddable":true,"href":"https:\/\/buletin.de\/bucuresti\/wp-json\/wp\/v2\/users\/1"}],"replies":[{"embeddable":true,"href":"https:\/\/buletin.de\/bucuresti\/wp-json\/wp\/v2\/comments?post=132394"}],"version-history":[{"count":5,"href":"https:\/\/buletin.de\/bucuresti\/wp-json\/wp\/v2\/posts\/132394\/revisions"}],"predecessor-version":[{"id":132420,"href":"https:\/\/buletin.de\/bucuresti\/wp-json\/wp\/v2\/posts\/132394\/revisions\/132420"}],"wp:featuredmedia":[{"embeddable":true,"href":"https:\/\/buletin.de\/bucuresti\/wp-json\/wp\/v2\/media\/132401"}],"wp:attachment":[{"href":"https:\/\/buletin.de\/bucuresti\/wp-json\/wp\/v2\/media?parent=132394"}],"wp:term":[{"taxonomy":"category","embeddable":true,"href":"https:\/\/buletin.de\/bucuresti\/wp-json\/wp\/v2\/categories?post=132394"},{"taxonomy":"post_tag","embeddable":true,"href":"https:\/\/buletin.de\/bucuresti\/wp-json\/wp\/v2\/tags?post=132394"},{"taxonomy":"author","embeddable":true,"href":"https:\/\/buletin.de\/bucuresti\/wp-json\/wp\/v2\/ppma_author?post=132394"}],"curies":[{"name":"wp","href":"https:\/\/api.w.org\/{rel}","templated":true}]}}