{"id":132270,"date":"2025-05-29T07:57:49","date_gmt":"2025-05-29T04:57:49","guid":{"rendered":"https:\/\/buletin.de\/bucuresti\/?p=132270"},"modified":"2025-05-29T12:59:13","modified_gmt":"2025-05-29T09:59:13","slug":"sector-3-dentistii-rezidenti-vor-trata-gratuit-locuitori-ai-sectorului-3-pentru-inca-10-ani-consiliul-local-va-prelungi-parteneriatul-cu-umf-carol-davila","status":"publish","type":"post","link":"https:\/\/buletin.de\/bucuresti\/sector-3-dentistii-rezidenti-vor-trata-gratuit-locuitori-ai-sectorului-3-pentru-inca-10-ani-consiliul-local-va-prelungi-parteneriatul-cu-umf-carol-davila\/","title":{"rendered":"Sector 3 | Denti\u0219tii reziden\u021bi vor trata gratuit locuitori ai Sectorului 3 \u00eenc\u0103 patru luni, \u00een spa\u0163iul pus la dispozi\u0163ie de Prim\u0103rie"},"content":{"rendered":"\n<p>UPDATE:<\/p>\n\n\n\n<p>Proiectul a trecut de vot, cu men\u0163iunea c\u0103 imobilul va r\u0103m\u00e2ne al UMF p\u00e2n\u0103 la sf\u00e2r\u015fitul lunii septembrie pentru ca studen\u0163ii s\u0103 \u00ee\u015fi poat\u0103 \u00eencheia anul universitar f\u0103r\u0103 s\u0103 fie nevoi\u0163i s\u0103 \u00eenve\u0163e \u00een sedii provizorii.<\/p>\n\n\n\n<p>\u015eTIREA INI\u0162IAL\u0102:<\/p>\n\n\n\n<p><strong>Consiliul Local al Sectorului 3 urmeaz\u0103 s\u0103 voteze joi, 29 mai, un proiect de hot\u0103r\u00e2re care vizeaz\u0103 schimbarea destina\u021biei unei cl\u0103diri din Aleea Barajul Iezer nr. 8 din \u201espa\u021biu de \u00eenv\u0103\u021b\u0103m\u00e2nt\u201d \u00een \u201espa\u021biu la dispozi\u021bia Consiliului Local Sector 3\u201d, pentru a putea fi folosit de Universitatea de Medicin\u0103 \u0219i Farmacie (UMF) \u201eCarol Davila\u201d. Dac\u0103 proiectul va fi aprobat \u0219i va primi avizul Ministerului Educa\u021biei, universitatea \u00ee\u015fi va putea p\u0103stra sediul pentru \u00eenc\u0103 patru luni. Ulterior, spa\u0163iul va fi folosit pentru \u00eenv\u0103\u0163\u0103m\u00e2nt \u00een sistem Waldorf.<\/strong><\/p>\n\n\n\n<p>Imobilul \u00een cauz\u0103, cu o suprafa\u021b\u0103 de 2.500 de metri p\u0103tra\u021bi, apar\u021bine Gr\u0103dini\u021bei nr. 70 (fosta \u0218coal\u0103 Gimnazial\u0103 nr. 94) \u0219i se afl\u0103 \u00een prezent \u00een administrarea \u0218colii Gimnaziale nr. 22, \u00een urma unei hot\u0103r\u00e2ri din ianuarie 2025 care viza extinderea capacit\u0103\u021bii de \u0219colarizare \u00een sector, conform <a href=\"https:\/\/www.primarie3.ro\/images\/uploads\/consiliu_local\/Punctul_20_din_29.05.2025.pdf\">referatului de aprobare<\/a>.<\/p>\n\n\n\n<p><strong>Totu\u0219i, corpul B al cl\u0103dirii, cel vizat de proiectul actual, a fost cedat \u00een folosin\u021b\u0103 gratuit\u0103 c\u0103tre UMF \u201eCarol Davila\u201d \u00een anul 2014, printr-un contract de comodat pe 10 ani, aprobat de Ministerul Educa\u021biei.<\/strong> <strong>Acolo func\u021bioneaz\u0103 \u00een prezent \u201eClinica de protetic\u0103 dentar\u0103 fix\u0103 \u0219i ocluzologie Carol Davila\u201d<\/strong>.<\/p>\n\n\n\n<p><strong>CITE\u0218TE \u0218I:<\/strong> <strong><a href=\"https:\/\/buletin.de\/bucuresti\/un-proces-in-care-a-fost-implicata-maria-cocoru-fosta-proprietara-a-zonei-retrocedate-din-ior-se-va-judeca-astazi\/\">Un proces \u00een care a fost implicat\u0103 Maria Cocoru, fosta proprietar\u0103 a zonei retrocedate din IOR, se va judeca ast\u0103zi<\/a><\/strong><\/p>\n\n\n\n<h2 class=\"wp-block-heading\" id=\"h-umf-ofera-asisten\u021ba-medicala-stomatologica-gratuita-in-cladirea-gradini\u021bei\"><strong>UMF ofer\u0103 asisten\u021b\u0103 medical\u0103 stomatologic\u0103 gratuit\u0103 \u00een cl\u0103direa gr\u0103dini\u021bei<\/strong><\/h2>\n\n\n\n<p>Pe durata acestui parteneriat, universitatea a utilizat spa\u021biul, conform sursei citate, pentru stagii clinice, pentru perfec\u021bionarea medicilor reziden\u021bi \u0219i pentru acordarea de asisten\u021b\u0103 medical\u0103 stomatologic\u0103 gratuit\u0103 locuitorilor Sectorului 3, <strong>\u00een special grupurilor vulnerabile aflate \u00een eviden\u021bele Direc\u021biei Generale de Asisten\u021b\u0103 Social\u0103 \u0219i Protec\u021bia Copilului<\/strong>.<\/p>\n\n\n\n<p><em>\u201e\u00cen spa\u0163iile din imobilul situat \u00een Aleea Barajul Iezer, nr.8, Sector 3, Bucure\u015fti, se asigur\u0103 activitatea a unui num\u0103r minim de 700 studen\u0163i, stagiile de practic\u0103 stomatologic\u0103 pentru medicii reziden\u0163i, precum \u015fi acordarea de asisten\u0163\u0103 stomatologic\u0103 pentru locuitorii Sectorului 3\u201d<\/em>, se arat\u0103 \u00een proiect.<\/p>\n\n\n\n<p>Serviciile oferite au inclus <em>\u201econsulta\u021bii stomatologice, profilaxie stomatologic\u0103, educa\u021bie sanitar\u0103 pentru copii \u015fi adul\u021bi, detartraj supra \u015fi subgingival, extrac\u021bii dentare, terapie de urgen\u021b\u0103 \u00een abcese dentare, tratamentul cariilor simple \u015fi consulta\u021bii, tratamente de urgen\u021b\u0103, profilaxie, educa\u021bie sanitar\u0103 \u0219i protezare dentar\u0103, realizate de studen\u021bi \u0219i medici reziden\u021bi sub supravegherea cadrelor didactice\u201d<\/em>.<\/p>\n\n\n\n<p>Universitatea a cerut \u00een luna februarie 2025 prelungirea folosin\u021bei spa\u021biului, pentru c\u0103 centrul stomatologic este complet func\u021bional, opera\u021bional \u0219i a beneficiat de investi\u021bii constante.<\/p>\n\n\n\n<p>Relocarea \u00een timpul anului universitar ar presupune costuri \u0219i eforturi logistice majore, a precizat institu\u021bia, conform documenta\u021biei proiectului.<\/p>\n\n\n\n<p>\u0218coala Gimnazial\u0103 nr. 22, actualul administrator al cl\u0103dirii, \u0219i-a dat acordul pentru ca Universitatea s\u0103 r\u0103m\u00e2n\u0103 \u00een corpul B al imobilului p\u00e2n\u0103 \u00een 2035.<\/p>\n\n\n\n<p>Conform legisla\u021biei, schimbarea destina\u021biei unei cl\u0103diri din re\u021beaua de \u00eenv\u0103\u021b\u0103m\u00e2nt preuniversitar este permis\u0103 doar cu avizul conform al Ministerului Educa\u021biei \u0219i numai dac\u0103 nu afecteaz\u0103 procesul educa\u021bional \u0219i aduce beneficii comunit\u0103\u021bii.<\/p>\n\n\n\n<p>Proiectul va fi votat \u00een \u0219edin\u021ba Consiliului Local Sector 3 de joi, 29 mai.<\/p>\n\n\n\n<h2 class=\"wp-block-heading\" id=\"h-o-alta-cladire-pe-strada-eforie\">O alt\u0103 cl\u0103dire pe strada Eforie<\/h2>\n\n\n\n<p>Aceasta nu este prima dat\u0103 c\u00e2nd Universitatea de Medicin\u0103 \u0219i Farmacie \u201eCarol Davila\u201d prime\u0219te un spa\u021biu public cu titlu gratuit pentru activit\u0103\u021bi didactice \u0219i asisten\u021b\u0103 stomatologic\u0103.<\/p>\n\n\n\n<p>\u00cen octombrie 2024, Consiliul General al Municipiului Bucure\u0219ti a aprobat un proiect prin care UMFCD a primit spre folosin\u021b\u0103 gratuit\u0103, pentru \u00eenc\u0103 10 ani, mai multe spa\u021bii din cl\u0103direa de pe strada Eforie nr. 4\u20136, Sector 5, dup\u0103 cum a mai scris Buletin de Bucure\u0219ti <strong><a href=\"https:\/\/buletin.de\/bucuresti\/dentistii-rezidenti-vor-trata-bucuresteni-nevoiasi-pentru-inca-10-ani-in-cladirea-de-pe-strada-eforie-umf-va-putea-face-reparatii\/\">AICI<\/a><\/strong>.<\/p>\n\n\n\n<p>Imobilul, anterior nefunc\u021bional din lipsa autoriza\u021biei sanitare, urma s\u0103 fie renovat de universitate \u0219i folosit pentru tratamente stomatologice oferite persoanelor defavorizate, dar \u0219i pentru preg\u0103tirea medicilor reziden\u021bi, conform declara\u021biilor de la acea vreme ale rectorului Viorel Jinga.<\/p>\n\n\n\n<p>Spa\u021biul respectiv are o valoare estimat\u0103 la 8,9 milioane de lei, iar UMF \u0219i-a asumat integral costurile de \u00eentre\u021binere \u0219i reamenajare.<\/p>\n\n\n\n<p><strong>CITE\u0218TE \u0218I:<\/strong> <strong><a href=\"https:\/\/buletin.de\/bucuresti\/dentistii-rezidenti-vor-trata-bucuresteni-nevoiasi-pentru-inca-10-ani-in-cladirea-de-pe-strada-eforie-umf-va-putea-face-reparatii\/\">Denti\u015ftii reziden\u0163i vor trata bucure\u015fteni nevoia\u015fi pentru \u00eenc\u0103 10 ani \u00een cl\u0103direa de pe strada Eforie. UMF va putea face repara\u0163ii<\/a><\/strong><\/p>\n","protected":false},"excerpt":{"rendered":"<p>UPDATE: Proiectul a trecut de vot, cu men\u0163iunea c\u0103 imobilul va r\u0103m\u00e2ne al UMF p\u00e2n\u0103 la sf\u00e2r\u015fitul lunii septembrie pentru ca studen\u0163ii s\u0103 \u00ee\u015fi poat\u0103 \u00eencheia anul universitar f\u0103r\u0103 s\u0103 fie nevoi\u0163i s\u0103 \u00eenve\u0163e \u00een sedii provizorii. \u015eTIREA INI\u0162IAL\u0102: Consiliul Local al Sectorului 3 urmeaz\u0103 s\u0103 voteze joi, 29 mai, un proiect de hot\u0103r\u00e2re care [&hellip;]<\/p>\n","protected":false},"author":59,"featured_media":132271,"comment_status":"closed","ping_status":"open","sticky":false,"template":"","format":"standard","meta":{"_acf_changed":false,"inline_featured_image":false,"ngg_post_thumbnail":0,"footnotes":""},"categories":[6994,24,4,62],"tags":[9,2054,2527,440,21670],"ppma_author":[22572],"class_list":["post-132270","post","type-post","status-publish","format-standard","has-post-thumbnail","hentry","category-stiri-2","category-primarie","category-sanatate","category-stiri","tag-bucuresti","tag-capitala","tag-consiliul-local-sector-3","tag-sector-3","tag-universitatea-de-medicina-si-farmacie-carol-davila-2"],"acf":[],"yoast_head":"<!-- This site is optimized with the Yoast SEO Premium plugin v25.3 (Yoast SEO v27.5) - https:\/\/yoast.com\/product\/yoast-seo-premium-wordpress\/ -->\n<title>Sector 3 | Denti\u0219tii reziden\u021bi vor trata gratuit locuitori ai Sectorului 3 \u00eenc\u0103 patru luni, \u00een spa\u0163iul pus la dispozi\u0163ie de Prim\u0103rie - Buletin de Bucure\u0219ti<\/title>\n<meta name=\"description\" content=\"Sector 3 | Denti\u0219tii reziden\u021bi vor trata gratuit locuitori ai Sectorului 3 pentru \u00eenc\u0103 10 ani. Consiliul Local va prelungi parteneriatul\" \/>\n<meta name=\"robots\" content=\"index, follow, max-snippet:-1, max-image-preview:large, max-video-preview:-1\" \/>\n<link rel=\"canonical\" href=\"https:\/\/buletin.de\/bucuresti\/sector-3-dentistii-rezidenti-vor-trata-gratuit-locuitori-ai-sectorului-3-pentru-inca-10-ani-consiliul-local-va-prelungi-parteneriatul-cu-umf-carol-davila\/\" \/>\n<meta property=\"og:locale\" content=\"en_GB\" \/>\n<meta property=\"og:type\" content=\"article\" \/>\n<meta property=\"og:title\" content=\"Sector 3 | Denti\u0219tii reziden\u021bi vor trata gratuit locuitori ai Sectorului 3 \u00eenc\u0103 patru luni, \u00een spa\u0163iul pus la dispozi\u0163ie de Prim\u0103rie\" \/>\n<meta property=\"og:description\" content=\"Sector 3 | Denti\u0219tii reziden\u021bi vor trata gratuit locuitori ai Sectorului 3 pentru \u00eenc\u0103 10 ani. Consiliul Local va prelungi parteneriatul\" \/>\n<meta property=\"og:url\" content=\"https:\/\/buletin.de\/bucuresti\/sector-3-dentistii-rezidenti-vor-trata-gratuit-locuitori-ai-sectorului-3-pentru-inca-10-ani-consiliul-local-va-prelungi-parteneriatul-cu-umf-carol-davila\/\" \/>\n<meta property=\"og:site_name\" content=\"Buletin de Bucure\u0219ti\" \/>\n<meta property=\"article:publisher\" content=\"https:\/\/www.facebook.com\/buletin.de.buc\" \/>\n<meta property=\"article:published_time\" content=\"2025-05-29T04:57:49+00:00\" \/>\n<meta property=\"article:modified_time\" content=\"2025-05-29T09:59:13+00:00\" \/>\n<meta property=\"og:image\" content=\"https:\/\/buletin.de\/bucuresti\/wp-content\/uploads\/2025\/05\/Universitatea-de-Medicina.jpeg\" \/>\n\t<meta property=\"og:image:width\" content=\"880\" \/>\n\t<meta property=\"og:image:height\" content=\"660\" \/>\n\t<meta property=\"og:image:type\" content=\"image\/jpeg\" \/>\n<meta name=\"author\" content=\"C\u0103t\u0103lin Anghel-Dimache\" \/>\n<meta name=\"twitter:card\" content=\"summary_large_image\" \/>\n<meta name=\"twitter:label1\" content=\"Written by\" \/>\n\t<meta name=\"twitter:data1\" content=\"C\u0103t\u0103lin Anghel-Dimache\" \/>\n\t<meta name=\"twitter:label2\" content=\"Estimated reading time\" \/>\n\t<meta name=\"twitter:data2\" content=\"4 minutes\" \/>\n<script type=\"application\/ld+json\" class=\"yoast-schema-graph\">{\"@context\":\"https:\\\/\\\/schema.org\",\"@graph\":[{\"@type\":\"Article\",\"@id\":\"https:\\\/\\\/buletin.de\\\/bucuresti\\\/sector-3-dentistii-rezidenti-vor-trata-gratuit-locuitori-ai-sectorului-3-pentru-inca-10-ani-consiliul-local-va-prelungi-parteneriatul-cu-umf-carol-davila\\\/#article\",\"isPartOf\":{\"@id\":\"https:\\\/\\\/buletin.de\\\/bucuresti\\\/sector-3-dentistii-rezidenti-vor-trata-gratuit-locuitori-ai-sectorului-3-pentru-inca-10-ani-consiliul-local-va-prelungi-parteneriatul-cu-umf-carol-davila\\\/\"},\"author\":{\"name\":\"C\u0103t\u0103lin Anghel-Dimache\",\"@id\":\"https:\\\/\\\/buletin.de\\\/bucuresti\\\/#\\\/schema\\\/person\\\/0ac9db30080482be87c7386a30f98796\"},\"headline\":\"Sector 3 | Denti\u0219tii reziden\u021bi vor trata gratuit locuitori ai Sectorului 3 \u00eenc\u0103 patru luni, \u00een spa\u0163iul pus la dispozi\u0163ie de Prim\u0103rie\",\"datePublished\":\"2025-05-29T04:57:49+00:00\",\"dateModified\":\"2025-05-29T09:59:13+00:00\",\"mainEntityOfPage\":{\"@id\":\"https:\\\/\\\/buletin.de\\\/bucuresti\\\/sector-3-dentistii-rezidenti-vor-trata-gratuit-locuitori-ai-sectorului-3-pentru-inca-10-ani-consiliul-local-va-prelungi-parteneriatul-cu-umf-carol-davila\\\/\"},\"wordCount\":763,\"publisher\":{\"@id\":\"https:\\\/\\\/buletin.de\\\/bucuresti\\\/#organization\"},\"image\":{\"@id\":\"https:\\\/\\\/buletin.de\\\/bucuresti\\\/sector-3-dentistii-rezidenti-vor-trata-gratuit-locuitori-ai-sectorului-3-pentru-inca-10-ani-consiliul-local-va-prelungi-parteneriatul-cu-umf-carol-davila\\\/#primaryimage\"},\"thumbnailUrl\":\"https:\\\/\\\/buletin.de\\\/bucuresti\\\/wp-content\\\/uploads\\\/2025\\\/05\\\/Universitatea-de-Medicina.jpeg\",\"keywords\":[\"bucuresti\",\"Capitala\",\"consiliul local sector 3\",\"Sector 3\",\"universitatea de medicina si farmacie carol davila\"],\"articleSection\":[\"Articole\",\"Prim\u0103rie\",\"S\u0103n\u0103tate\",\"\u0218tiri\"],\"inLanguage\":\"en-GB\",\"copyrightYear\":\"2025\",\"copyrightHolder\":{\"@id\":\"https:\\\/\\\/buletin.de\\\/bucuresti\\\/#organization\"}},{\"@type\":\"WebPage\",\"@id\":\"https:\\\/\\\/buletin.de\\\/bucuresti\\\/sector-3-dentistii-rezidenti-vor-trata-gratuit-locuitori-ai-sectorului-3-pentru-inca-10-ani-consiliul-local-va-prelungi-parteneriatul-cu-umf-carol-davila\\\/\",\"url\":\"https:\\\/\\\/buletin.de\\\/bucuresti\\\/sector-3-dentistii-rezidenti-vor-trata-gratuit-locuitori-ai-sectorului-3-pentru-inca-10-ani-consiliul-local-va-prelungi-parteneriatul-cu-umf-carol-davila\\\/\",\"name\":\"Sector 3 | Denti\u0219tii reziden\u021bi vor trata gratuit locuitori ai Sectorului 3 \u00eenc\u0103 patru luni, \u00een spa\u0163iul pus la dispozi\u0163ie de Prim\u0103rie - Buletin de Bucure\u0219ti\",\"isPartOf\":{\"@id\":\"https:\\\/\\\/buletin.de\\\/bucuresti\\\/#website\"},\"primaryImageOfPage\":{\"@id\":\"https:\\\/\\\/buletin.de\\\/bucuresti\\\/sector-3-dentistii-rezidenti-vor-trata-gratuit-locuitori-ai-sectorului-3-pentru-inca-10-ani-consiliul-local-va-prelungi-parteneriatul-cu-umf-carol-davila\\\/#primaryimage\"},\"image\":{\"@id\":\"https:\\\/\\\/buletin.de\\\/bucuresti\\\/sector-3-dentistii-rezidenti-vor-trata-gratuit-locuitori-ai-sectorului-3-pentru-inca-10-ani-consiliul-local-va-prelungi-parteneriatul-cu-umf-carol-davila\\\/#primaryimage\"},\"thumbnailUrl\":\"https:\\\/\\\/buletin.de\\\/bucuresti\\\/wp-content\\\/uploads\\\/2025\\\/05\\\/Universitatea-de-Medicina.jpeg\",\"datePublished\":\"2025-05-29T04:57:49+00:00\",\"dateModified\":\"2025-05-29T09:59:13+00:00\",\"description\":\"Sector 3 | Denti\u0219tii reziden\u021bi vor trata gratuit locuitori ai Sectorului 3 pentru \u00eenc\u0103 10 ani. Consiliul Local va prelungi parteneriatul\",\"breadcrumb\":{\"@id\":\"https:\\\/\\\/buletin.de\\\/bucuresti\\\/sector-3-dentistii-rezidenti-vor-trata-gratuit-locuitori-ai-sectorului-3-pentru-inca-10-ani-consiliul-local-va-prelungi-parteneriatul-cu-umf-carol-davila\\\/#breadcrumb\"},\"inLanguage\":\"en-GB\",\"potentialAction\":[{\"@type\":\"ReadAction\",\"target\":[\"https:\\\/\\\/buletin.de\\\/bucuresti\\\/sector-3-dentistii-rezidenti-vor-trata-gratuit-locuitori-ai-sectorului-3-pentru-inca-10-ani-consiliul-local-va-prelungi-parteneriatul-cu-umf-carol-davila\\\/\"]}]},{\"@type\":\"ImageObject\",\"inLanguage\":\"en-GB\",\"@id\":\"https:\\\/\\\/buletin.de\\\/bucuresti\\\/sector-3-dentistii-rezidenti-vor-trata-gratuit-locuitori-ai-sectorului-3-pentru-inca-10-ani-consiliul-local-va-prelungi-parteneriatul-cu-umf-carol-davila\\\/#primaryimage\",\"url\":\"https:\\\/\\\/buletin.de\\\/bucuresti\\\/wp-content\\\/uploads\\\/2025\\\/05\\\/Universitatea-de-Medicina.jpeg\",\"contentUrl\":\"https:\\\/\\\/buletin.de\\\/bucuresti\\\/wp-content\\\/uploads\\\/2025\\\/05\\\/Universitatea-de-Medicina.jpeg\",\"width\":880,\"height\":660,\"caption\":\"Denti\u0219tii reziden\u021bi vor trata gratuit locuitori ai Sectorului 3 pentru \u00eenc\u0103 10 ani. Foto: UMFCD\"},{\"@type\":\"BreadcrumbList\",\"@id\":\"https:\\\/\\\/buletin.de\\\/bucuresti\\\/sector-3-dentistii-rezidenti-vor-trata-gratuit-locuitori-ai-sectorului-3-pentru-inca-10-ani-consiliul-local-va-prelungi-parteneriatul-cu-umf-carol-davila\\\/#breadcrumb\",\"itemListElement\":[{\"@type\":\"ListItem\",\"position\":1,\"name\":\"Acas\u0103\",\"item\":\"https:\\\/\\\/buletin.de\\\/bucuresti\\\/\"},{\"@type\":\"ListItem\",\"position\":2,\"name\":\"Sector 3 | Denti\u0219tii reziden\u021bi vor trata gratuit locuitori ai Sectorului 3 \u00eenc\u0103 patru luni, \u00een spa\u0163iul pus la dispozi\u0163ie de Prim\u0103rie\"}]},{\"@type\":\"WebSite\",\"@id\":\"https:\\\/\\\/buletin.de\\\/bucuresti\\\/#website\",\"url\":\"https:\\\/\\\/buletin.de\\\/bucuresti\\\/\",\"name\":\"Buletin de Bucure\u0219ti\",\"description\":\"\u0218tiri \u0219i investiga\u021bii esen\u021biale din capital\u0103\",\"publisher\":{\"@id\":\"https:\\\/\\\/buletin.de\\\/bucuresti\\\/#organization\"},\"potentialAction\":[{\"@type\":\"SearchAction\",\"target\":{\"@type\":\"EntryPoint\",\"urlTemplate\":\"https:\\\/\\\/buletin.de\\\/bucuresti\\\/?s={search_term_string}\"},\"query-input\":{\"@type\":\"PropertyValueSpecification\",\"valueRequired\":true,\"valueName\":\"search_term_string\"}}],\"inLanguage\":\"en-GB\"},{\"@type\":\"Organization\",\"@id\":\"https:\\\/\\\/buletin.de\\\/bucuresti\\\/#organization\",\"name\":\"Buletin de Bucure\u0219ti\",\"url\":\"https:\\\/\\\/buletin.de\\\/bucuresti\\\/\",\"logo\":{\"@type\":\"ImageObject\",\"inLanguage\":\"en-GB\",\"@id\":\"https:\\\/\\\/buletin.de\\\/bucuresti\\\/#\\\/schema\\\/logo\\\/image\\\/\",\"url\":\"https:\\\/\\\/buletin.de\\\/bucuresti\\\/wp-content\\\/uploads\\\/logo-bdb-full-wide-vernil-transparent.png\",\"contentUrl\":\"https:\\\/\\\/buletin.de\\\/bucuresti\\\/wp-content\\\/uploads\\\/logo-bdb-full-wide-vernil-transparent.png\",\"width\":1782,\"height\":626,\"caption\":\"Buletin de Bucure\u0219ti\"},\"image\":{\"@id\":\"https:\\\/\\\/buletin.de\\\/bucuresti\\\/#\\\/schema\\\/logo\\\/image\\\/\"},\"sameAs\":[\"https:\\\/\\\/www.facebook.com\\\/buletin.de.buc\",\"https:\\\/\\\/www.instagram.com\\\/buletinde.bucuresti\\\/\"]},{\"@type\":\"Person\",\"@id\":\"https:\\\/\\\/buletin.de\\\/bucuresti\\\/#\\\/schema\\\/person\\\/0ac9db30080482be87c7386a30f98796\",\"name\":\"C\u0103t\u0103lin Anghel-Dimache\",\"image\":{\"@type\":\"ImageObject\",\"inLanguage\":\"en-GB\",\"@id\":\"https:\\\/\\\/buletin.de\\\/bucuresti\\\/wp-content\\\/uploads\\\/Catalin-Anghel-Dimache-96x96.jpgbd9e43c5b25186d5b8e917ac61ad86c4\",\"url\":\"https:\\\/\\\/buletin.de\\\/bucuresti\\\/wp-content\\\/uploads\\\/Catalin-Anghel-Dimache-96x96.jpg\",\"contentUrl\":\"https:\\\/\\\/buletin.de\\\/bucuresti\\\/wp-content\\\/uploads\\\/Catalin-Anghel-Dimache-96x96.jpg\",\"caption\":\"C\u0103t\u0103lin Anghel-Dimache\"},\"description\":\"A absolvit Facultatea de Jurnalism \u0219i \u0218tiin\u021bele Comunic\u0103rii a Universit\u0103\u021bii din Bucure\u0219ti \u00een 2024. Scrie despre mediu \u0219i teme sociale, dar \u0219i despre cum se reflect\u0103 ele \u00een via\u021ba cotidian\u0103 a bucure\u0219tenilor, cu un ochi atent la pove\u0219tile personale din spatele titlurilor. N\u0103scut \u0219i crescut \u00een Bucure\u0219ti, a f\u0103cut un pas c\u0103tre presa local\u0103, din pasiune pentru ora\u0219ul s\u0103u \u0219i oamenii din el.\",\"url\":\"https:\\\/\\\/buletin.de\\\/bucuresti\\\/author\\\/catalin-anghel-dimache\\\/\"}]}<\/script>\n<!-- \/ Yoast SEO Premium plugin. -->","yoast_head_json":{"title":"Sector 3 | Denti\u0219tii reziden\u021bi vor trata gratuit locuitori ai Sectorului 3 \u00eenc\u0103 patru luni, \u00een spa\u0163iul pus la dispozi\u0163ie de Prim\u0103rie - Buletin de Bucure\u0219ti","description":"Sector 3 | Denti\u0219tii reziden\u021bi vor trata gratuit locuitori ai Sectorului 3 pentru \u00eenc\u0103 10 ani. Consiliul Local va prelungi parteneriatul","robots":{"index":"index","follow":"follow","max-snippet":"max-snippet:-1","max-image-preview":"max-image-preview:large","max-video-preview":"max-video-preview:-1"},"canonical":"https:\/\/buletin.de\/bucuresti\/sector-3-dentistii-rezidenti-vor-trata-gratuit-locuitori-ai-sectorului-3-pentru-inca-10-ani-consiliul-local-va-prelungi-parteneriatul-cu-umf-carol-davila\/","og_locale":"en_GB","og_type":"article","og_title":"Sector 3 | Denti\u0219tii reziden\u021bi vor trata gratuit locuitori ai Sectorului 3 \u00eenc\u0103 patru luni, \u00een spa\u0163iul pus la dispozi\u0163ie de Prim\u0103rie","og_description":"Sector 3 | Denti\u0219tii reziden\u021bi vor trata gratuit locuitori ai Sectorului 3 pentru \u00eenc\u0103 10 ani. Consiliul Local va prelungi parteneriatul","og_url":"https:\/\/buletin.de\/bucuresti\/sector-3-dentistii-rezidenti-vor-trata-gratuit-locuitori-ai-sectorului-3-pentru-inca-10-ani-consiliul-local-va-prelungi-parteneriatul-cu-umf-carol-davila\/","og_site_name":"Buletin de Bucure\u0219ti","article_publisher":"https:\/\/www.facebook.com\/buletin.de.buc","article_published_time":"2025-05-29T04:57:49+00:00","article_modified_time":"2025-05-29T09:59:13+00:00","og_image":[{"width":880,"height":660,"url":"https:\/\/buletin.de\/bucuresti\/wp-content\/uploads\/2025\/05\/Universitatea-de-Medicina.jpeg","type":"image\/jpeg"}],"author":"C\u0103t\u0103lin Anghel-Dimache","twitter_card":"summary_large_image","twitter_misc":{"Written by":"C\u0103t\u0103lin Anghel-Dimache","Estimated reading time":"4 minutes"},"schema":{"@context":"https:\/\/schema.org","@graph":[{"@type":"Article","@id":"https:\/\/buletin.de\/bucuresti\/sector-3-dentistii-rezidenti-vor-trata-gratuit-locuitori-ai-sectorului-3-pentru-inca-10-ani-consiliul-local-va-prelungi-parteneriatul-cu-umf-carol-davila\/#article","isPartOf":{"@id":"https:\/\/buletin.de\/bucuresti\/sector-3-dentistii-rezidenti-vor-trata-gratuit-locuitori-ai-sectorului-3-pentru-inca-10-ani-consiliul-local-va-prelungi-parteneriatul-cu-umf-carol-davila\/"},"author":{"name":"C\u0103t\u0103lin Anghel-Dimache","@id":"https:\/\/buletin.de\/bucuresti\/#\/schema\/person\/0ac9db30080482be87c7386a30f98796"},"headline":"Sector 3 | Denti\u0219tii reziden\u021bi vor trata gratuit locuitori ai Sectorului 3 \u00eenc\u0103 patru luni, \u00een spa\u0163iul pus la dispozi\u0163ie de Prim\u0103rie","datePublished":"2025-05-29T04:57:49+00:00","dateModified":"2025-05-29T09:59:13+00:00","mainEntityOfPage":{"@id":"https:\/\/buletin.de\/bucuresti\/sector-3-dentistii-rezidenti-vor-trata-gratuit-locuitori-ai-sectorului-3-pentru-inca-10-ani-consiliul-local-va-prelungi-parteneriatul-cu-umf-carol-davila\/"},"wordCount":763,"publisher":{"@id":"https:\/\/buletin.de\/bucuresti\/#organization"},"image":{"@id":"https:\/\/buletin.de\/bucuresti\/sector-3-dentistii-rezidenti-vor-trata-gratuit-locuitori-ai-sectorului-3-pentru-inca-10-ani-consiliul-local-va-prelungi-parteneriatul-cu-umf-carol-davila\/#primaryimage"},"thumbnailUrl":"https:\/\/buletin.de\/bucuresti\/wp-content\/uploads\/2025\/05\/Universitatea-de-Medicina.jpeg","keywords":["bucuresti","Capitala","consiliul local sector 3","Sector 3","universitatea de medicina si farmacie carol davila"],"articleSection":["Articole","Prim\u0103rie","S\u0103n\u0103tate","\u0218tiri"],"inLanguage":"en-GB","copyrightYear":"2025","copyrightHolder":{"@id":"https:\/\/buletin.de\/bucuresti\/#organization"}},{"@type":"WebPage","@id":"https:\/\/buletin.de\/bucuresti\/sector-3-dentistii-rezidenti-vor-trata-gratuit-locuitori-ai-sectorului-3-pentru-inca-10-ani-consiliul-local-va-prelungi-parteneriatul-cu-umf-carol-davila\/","url":"https:\/\/buletin.de\/bucuresti\/sector-3-dentistii-rezidenti-vor-trata-gratuit-locuitori-ai-sectorului-3-pentru-inca-10-ani-consiliul-local-va-prelungi-parteneriatul-cu-umf-carol-davila\/","name":"Sector 3 | Denti\u0219tii reziden\u021bi vor trata gratuit locuitori ai Sectorului 3 \u00eenc\u0103 patru luni, \u00een spa\u0163iul pus la dispozi\u0163ie de Prim\u0103rie - Buletin de Bucure\u0219ti","isPartOf":{"@id":"https:\/\/buletin.de\/bucuresti\/#website"},"primaryImageOfPage":{"@id":"https:\/\/buletin.de\/bucuresti\/sector-3-dentistii-rezidenti-vor-trata-gratuit-locuitori-ai-sectorului-3-pentru-inca-10-ani-consiliul-local-va-prelungi-parteneriatul-cu-umf-carol-davila\/#primaryimage"},"image":{"@id":"https:\/\/buletin.de\/bucuresti\/sector-3-dentistii-rezidenti-vor-trata-gratuit-locuitori-ai-sectorului-3-pentru-inca-10-ani-consiliul-local-va-prelungi-parteneriatul-cu-umf-carol-davila\/#primaryimage"},"thumbnailUrl":"https:\/\/buletin.de\/bucuresti\/wp-content\/uploads\/2025\/05\/Universitatea-de-Medicina.jpeg","datePublished":"2025-05-29T04:57:49+00:00","dateModified":"2025-05-29T09:59:13+00:00","description":"Sector 3 | Denti\u0219tii reziden\u021bi vor trata gratuit locuitori ai Sectorului 3 pentru \u00eenc\u0103 10 ani. Consiliul Local va prelungi parteneriatul","breadcrumb":{"@id":"https:\/\/buletin.de\/bucuresti\/sector-3-dentistii-rezidenti-vor-trata-gratuit-locuitori-ai-sectorului-3-pentru-inca-10-ani-consiliul-local-va-prelungi-parteneriatul-cu-umf-carol-davila\/#breadcrumb"},"inLanguage":"en-GB","potentialAction":[{"@type":"ReadAction","target":["https:\/\/buletin.de\/bucuresti\/sector-3-dentistii-rezidenti-vor-trata-gratuit-locuitori-ai-sectorului-3-pentru-inca-10-ani-consiliul-local-va-prelungi-parteneriatul-cu-umf-carol-davila\/"]}]},{"@type":"ImageObject","inLanguage":"en-GB","@id":"https:\/\/buletin.de\/bucuresti\/sector-3-dentistii-rezidenti-vor-trata-gratuit-locuitori-ai-sectorului-3-pentru-inca-10-ani-consiliul-local-va-prelungi-parteneriatul-cu-umf-carol-davila\/#primaryimage","url":"https:\/\/buletin.de\/bucuresti\/wp-content\/uploads\/2025\/05\/Universitatea-de-Medicina.jpeg","contentUrl":"https:\/\/buletin.de\/bucuresti\/wp-content\/uploads\/2025\/05\/Universitatea-de-Medicina.jpeg","width":880,"height":660,"caption":"Denti\u0219tii reziden\u021bi vor trata gratuit locuitori ai Sectorului 3 pentru \u00eenc\u0103 10 ani. Foto: UMFCD"},{"@type":"BreadcrumbList","@id":"https:\/\/buletin.de\/bucuresti\/sector-3-dentistii-rezidenti-vor-trata-gratuit-locuitori-ai-sectorului-3-pentru-inca-10-ani-consiliul-local-va-prelungi-parteneriatul-cu-umf-carol-davila\/#breadcrumb","itemListElement":[{"@type":"ListItem","position":1,"name":"Acas\u0103","item":"https:\/\/buletin.de\/bucuresti\/"},{"@type":"ListItem","position":2,"name":"Sector 3 | Denti\u0219tii reziden\u021bi vor trata gratuit locuitori ai Sectorului 3 \u00eenc\u0103 patru luni, \u00een spa\u0163iul pus la dispozi\u0163ie de Prim\u0103rie"}]},{"@type":"WebSite","@id":"https:\/\/buletin.de\/bucuresti\/#website","url":"https:\/\/buletin.de\/bucuresti\/","name":"Buletin de Bucure\u0219ti","description":"\u0218tiri \u0219i investiga\u021bii esen\u021biale din capital\u0103","publisher":{"@id":"https:\/\/buletin.de\/bucuresti\/#organization"},"potentialAction":[{"@type":"SearchAction","target":{"@type":"EntryPoint","urlTemplate":"https:\/\/buletin.de\/bucuresti\/?s={search_term_string}"},"query-input":{"@type":"PropertyValueSpecification","valueRequired":true,"valueName":"search_term_string"}}],"inLanguage":"en-GB"},{"@type":"Organization","@id":"https:\/\/buletin.de\/bucuresti\/#organization","name":"Buletin de Bucure\u0219ti","url":"https:\/\/buletin.de\/bucuresti\/","logo":{"@type":"ImageObject","inLanguage":"en-GB","@id":"https:\/\/buletin.de\/bucuresti\/#\/schema\/logo\/image\/","url":"https:\/\/buletin.de\/bucuresti\/wp-content\/uploads\/logo-bdb-full-wide-vernil-transparent.png","contentUrl":"https:\/\/buletin.de\/bucuresti\/wp-content\/uploads\/logo-bdb-full-wide-vernil-transparent.png","width":1782,"height":626,"caption":"Buletin de Bucure\u0219ti"},"image":{"@id":"https:\/\/buletin.de\/bucuresti\/#\/schema\/logo\/image\/"},"sameAs":["https:\/\/www.facebook.com\/buletin.de.buc","https:\/\/www.instagram.com\/buletinde.bucuresti\/"]},{"@type":"Person","@id":"https:\/\/buletin.de\/bucuresti\/#\/schema\/person\/0ac9db30080482be87c7386a30f98796","name":"C\u0103t\u0103lin Anghel-Dimache","image":{"@type":"ImageObject","inLanguage":"en-GB","@id":"https:\/\/buletin.de\/bucuresti\/wp-content\/uploads\/Catalin-Anghel-Dimache-96x96.jpgbd9e43c5b25186d5b8e917ac61ad86c4","url":"https:\/\/buletin.de\/bucuresti\/wp-content\/uploads\/Catalin-Anghel-Dimache-96x96.jpg","contentUrl":"https:\/\/buletin.de\/bucuresti\/wp-content\/uploads\/Catalin-Anghel-Dimache-96x96.jpg","caption":"C\u0103t\u0103lin Anghel-Dimache"},"description":"A absolvit Facultatea de Jurnalism \u0219i \u0218tiin\u021bele Comunic\u0103rii a Universit\u0103\u021bii din Bucure\u0219ti \u00een 2024. Scrie despre mediu \u0219i teme sociale, dar \u0219i despre cum se reflect\u0103 ele \u00een via\u021ba cotidian\u0103 a bucure\u0219tenilor, cu un ochi atent la pove\u0219tile personale din spatele titlurilor. N\u0103scut \u0219i crescut \u00een Bucure\u0219ti, a f\u0103cut un pas c\u0103tre presa local\u0103, din pasiune pentru ora\u0219ul s\u0103u \u0219i oamenii din el.","url":"https:\/\/buletin.de\/bucuresti\/author\/catalin-anghel-dimache\/"}]}},"authors":[{"term_id":22572,"user_id":59,"is_guest":0,"slug":"catalin-anghel-dimache","display_name":"C\u0103t\u0103lin Anghel-Dimache","avatar_url":"https:\/\/buletin.de\/bucuresti\/wp-content\/uploads\/Catalin-Anghel-Dimache-96x96.jpg","0":null,"1":"","2":"","3":"","4":"","5":"","6":"","7":"","8":""}],"_links":{"self":[{"href":"https:\/\/buletin.de\/bucuresti\/wp-json\/wp\/v2\/posts\/132270","targetHints":{"allow":["GET"]}}],"collection":[{"href":"https:\/\/buletin.de\/bucuresti\/wp-json\/wp\/v2\/posts"}],"about":[{"href":"https:\/\/buletin.de\/bucuresti\/wp-json\/wp\/v2\/types\/post"}],"author":[{"embeddable":true,"href":"https:\/\/buletin.de\/bucuresti\/wp-json\/wp\/v2\/users\/59"}],"replies":[{"embeddable":true,"href":"https:\/\/buletin.de\/bucuresti\/wp-json\/wp\/v2\/comments?post=132270"}],"version-history":[{"count":4,"href":"https:\/\/buletin.de\/bucuresti\/wp-json\/wp\/v2\/posts\/132270\/revisions"}],"predecessor-version":[{"id":132362,"href":"https:\/\/buletin.de\/bucuresti\/wp-json\/wp\/v2\/posts\/132270\/revisions\/132362"}],"wp:featuredmedia":[{"embeddable":true,"href":"https:\/\/buletin.de\/bucuresti\/wp-json\/wp\/v2\/media\/132271"}],"wp:attachment":[{"href":"https:\/\/buletin.de\/bucuresti\/wp-json\/wp\/v2\/media?parent=132270"}],"wp:term":[{"taxonomy":"category","embeddable":true,"href":"https:\/\/buletin.de\/bucuresti\/wp-json\/wp\/v2\/categories?post=132270"},{"taxonomy":"post_tag","embeddable":true,"href":"https:\/\/buletin.de\/bucuresti\/wp-json\/wp\/v2\/tags?post=132270"},{"taxonomy":"author","embeddable":true,"href":"https:\/\/buletin.de\/bucuresti\/wp-json\/wp\/v2\/ppma_author?post=132270"}],"curies":[{"name":"wp","href":"https:\/\/api.w.org\/{rel}","templated":true}]}}