{"id":132047,"date":"2025-05-27T08:42:00","date_gmt":"2025-05-27T05:42:00","guid":{"rendered":"https:\/\/buletin.de\/bucuresti\/?p=132047"},"modified":"2025-05-27T08:45:03","modified_gmt":"2025-05-27T05:45:03","slug":"investitii-in-doua-scoli-din-cartierul-giulesti","status":"publish","type":"post","link":"https:\/\/buletin.de\/bucuresti\/investitii-in-doua-scoli-din-cartierul-giulesti\/","title":{"rendered":"Sector 6 | Investi\u021bii \u00een dou\u0103 \u0219coli din Cartierul Giule\u0219ti"},"content":{"rendered":"\n<p><strong><b>Prim\u0103ria Sector 6 lucreaz\u0103 cu Ministerul Educa\u021biei, pentru modernizarea a <\/b>dou\u0103 \u0219coli din Cartierul Giule\u0219ti: reconstruirea a dou\u0103 corpuri de cl\u0103dire ale \u0218colii Gimnaziale 168, din Str. Alizeului \u0219i Calea Giule\u0219ti, \u0219i reabilitarea \u0219i extinderea \u0218colii 167.<\/strong><\/p>\n\n\n\n<p>Ambele proiecte sunt derulate \u00eempreun\u0103 cu Ministerul Educa\u021biei, <a href=\"https:\/\/www.facebook.com\/PrimariaSectorului6\">potrivit autorit\u0103\u021bii locale din Sectorul 6.<\/a><\/p>\n\n\n\n<p>Pana la finalizarea proiectelor, au fost ridicat deja dou\u0103 \u0219coli modulare, unde elevii celor dou\u0103 unit\u0103\u021bi de \u00eenv\u0103\u021b\u0103m\u00e2nt vor \u00eenv\u0103\u021ba provizoriu. Elevii se vor muta \u00een ele din septembrie, la \u00eenceputul noului an \u0219colar.<\/p>\n\n\n\n<p>Unul dintre module se afla pe Calea Giulesti nr. 56 si are:<\/p>\n\n\n\n<ul class=\"wp-block-list\">\n<li>parter \u0219i un etaj;<\/li>\n\n\n\n<li>10 s\u0103li de clas\u0103;<\/li>\n\n\n\n<li>grupuri sanitare, inclusiv pentru persoane cu dizabilit\u0103\u021bi;<\/li>\n\n\n\n<li>ap\u0103 curent\u0103;<\/li>\n\n\n\n<li>canalizare;<\/li>\n\n\n\n<li>electricitate;<\/li>\n\n\n\n<li>calorifere \u0219i aparate de aer condi\u021bionat;<\/li>\n\n\n\n<li>mobilier nou;<\/li>\n\n\n\n<li>table smart.<\/li>\n<\/ul>\n\n\n\n<figure class=\"wp-block-gallery has-nested-images columns-default is-cropped wp-block-gallery-1 is-layout-flex wp-block-gallery-is-layout-flex\">\n<figure class=\"wp-block-image size-large\"><img fetchpriority=\"high\" decoding=\"async\" width=\"1000\" height=\"667\" data-id=\"132051\" src=\"data:image\/gif;base64,R0lGODlhAQABAAAAACH5BAEKAAEALAAAAAABAAEAAAICTAEAOw==\" data-src=\"https:\/\/buletin.de\/bucuresti\/wp-content\/uploads\/2025\/05\/499976216_1115782450579691_496500694935306401_n-1000x667.jpg\" alt=\"dou\u0103 \u0219coli din Cartierul Giule\u0219ti\" class=\"wp-image-132051 lazyload\" data-sizes=\"auto\" data-srcset=\"https:\/\/buletin.de\/bucuresti\/wp-content\/uploads\/2025\/05\/499976216_1115782450579691_496500694935306401_n-1000x667.jpg 1000w, https:\/\/buletin.de\/bucuresti\/wp-content\/uploads\/2025\/05\/499976216_1115782450579691_496500694935306401_n-300x200.jpg 300w, https:\/\/buletin.de\/bucuresti\/wp-content\/uploads\/2025\/05\/499976216_1115782450579691_496500694935306401_n-768x512.jpg 768w, https:\/\/buletin.de\/bucuresti\/wp-content\/uploads\/2025\/05\/499976216_1115782450579691_496500694935306401_n-1536x1024.jpg 1536w, https:\/\/buletin.de\/bucuresti\/wp-content\/uploads\/2025\/05\/499976216_1115782450579691_496500694935306401_n-1600x1066.jpg 1600w, https:\/\/buletin.de\/bucuresti\/wp-content\/uploads\/2025\/05\/499976216_1115782450579691_496500694935306401_n-1100x733.jpg 1100w, https:\/\/buletin.de\/bucuresti\/wp-content\/uploads\/2025\/05\/499976216_1115782450579691_496500694935306401_n-600x400.jpg 600w, https:\/\/buletin.de\/bucuresti\/wp-content\/uploads\/2025\/05\/499976216_1115782450579691_496500694935306401_n-20x13.jpg 20w, https:\/\/buletin.de\/bucuresti\/wp-content\/uploads\/2025\/05\/499976216_1115782450579691_496500694935306401_n.jpg 2048w\" sizes=\"(max-width: 1000px) 100vw, 1000px\" \/><\/figure>\n\n\n\n<figure class=\"wp-block-image size-large\"><img decoding=\"async\" width=\"1000\" height=\"667\" data-id=\"132052\" src=\"data:image\/gif;base64,R0lGODlhAQABAAAAACH5BAEKAAEALAAAAAABAAEAAAICTAEAOw==\" data-src=\"https:\/\/buletin.de\/bucuresti\/wp-content\/uploads\/2025\/05\/499957573_1115784470579489_8633427514767659494_n-1000x667.jpg\" alt=\"\" class=\"wp-image-132052 lazyload\" data-sizes=\"auto\" data-srcset=\"https:\/\/buletin.de\/bucuresti\/wp-content\/uploads\/2025\/05\/499957573_1115784470579489_8633427514767659494_n-1000x667.jpg 1000w, https:\/\/buletin.de\/bucuresti\/wp-content\/uploads\/2025\/05\/499957573_1115784470579489_8633427514767659494_n-300x200.jpg 300w, https:\/\/buletin.de\/bucuresti\/wp-content\/uploads\/2025\/05\/499957573_1115784470579489_8633427514767659494_n-768x512.jpg 768w, https:\/\/buletin.de\/bucuresti\/wp-content\/uploads\/2025\/05\/499957573_1115784470579489_8633427514767659494_n-1536x1024.jpg 1536w, https:\/\/buletin.de\/bucuresti\/wp-content\/uploads\/2025\/05\/499957573_1115784470579489_8633427514767659494_n-1600x1066.jpg 1600w, https:\/\/buletin.de\/bucuresti\/wp-content\/uploads\/2025\/05\/499957573_1115784470579489_8633427514767659494_n-1100x733.jpg 1100w, https:\/\/buletin.de\/bucuresti\/wp-content\/uploads\/2025\/05\/499957573_1115784470579489_8633427514767659494_n-600x400.jpg 600w, https:\/\/buletin.de\/bucuresti\/wp-content\/uploads\/2025\/05\/499957573_1115784470579489_8633427514767659494_n-20x13.jpg 20w, https:\/\/buletin.de\/bucuresti\/wp-content\/uploads\/2025\/05\/499957573_1115784470579489_8633427514767659494_n.jpg 2048w\" sizes=\"(max-width: 1000px) 100vw, 1000px\" \/><\/figure>\n\n\n\n<figure class=\"wp-block-image size-large\"><img decoding=\"async\" width=\"1000\" height=\"667\" data-id=\"132054\" src=\"data:image\/gif;base64,R0lGODlhAQABAAAAACH5BAEKAAEALAAAAAABAAEAAAICTAEAOw==\" data-src=\"https:\/\/buletin.de\/bucuresti\/wp-content\/uploads\/2025\/05\/500420188_1115784640579472_7521698036375978113_n-1000x667.jpg\" alt=\"dou\u0103 \u0219coli din Cartierul Giule\u0219ti\" class=\"wp-image-132054 lazyload\" data-sizes=\"auto\" data-srcset=\"https:\/\/buletin.de\/bucuresti\/wp-content\/uploads\/2025\/05\/500420188_1115784640579472_7521698036375978113_n-1000x667.jpg 1000w, https:\/\/buletin.de\/bucuresti\/wp-content\/uploads\/2025\/05\/500420188_1115784640579472_7521698036375978113_n-300x200.jpg 300w, https:\/\/buletin.de\/bucuresti\/wp-content\/uploads\/2025\/05\/500420188_1115784640579472_7521698036375978113_n-768x512.jpg 768w, https:\/\/buletin.de\/bucuresti\/wp-content\/uploads\/2025\/05\/500420188_1115784640579472_7521698036375978113_n-1536x1024.jpg 1536w, https:\/\/buletin.de\/bucuresti\/wp-content\/uploads\/2025\/05\/500420188_1115784640579472_7521698036375978113_n-1600x1066.jpg 1600w, https:\/\/buletin.de\/bucuresti\/wp-content\/uploads\/2025\/05\/500420188_1115784640579472_7521698036375978113_n-1100x733.jpg 1100w, https:\/\/buletin.de\/bucuresti\/wp-content\/uploads\/2025\/05\/500420188_1115784640579472_7521698036375978113_n-600x400.jpg 600w, https:\/\/buletin.de\/bucuresti\/wp-content\/uploads\/2025\/05\/500420188_1115784640579472_7521698036375978113_n-20x13.jpg 20w, https:\/\/buletin.de\/bucuresti\/wp-content\/uploads\/2025\/05\/500420188_1115784640579472_7521698036375978113_n.jpg 2048w\" sizes=\"(max-width: 1000px) 100vw, 1000px\" \/><\/figure>\n\n\n\n<figure class=\"wp-block-image size-large\"><img loading=\"lazy\" decoding=\"async\" width=\"1000\" height=\"667\" data-id=\"132053\" src=\"data:image\/gif;base64,R0lGODlhAQABAAAAACH5BAEKAAEALAAAAAABAAEAAAICTAEAOw==\" data-src=\"https:\/\/buletin.de\/bucuresti\/wp-content\/uploads\/2025\/05\/500288710_1115784207246182_5529794610173003218_n-1000x667.jpg\" alt=\"dou\u0103 \u0219coli din Cartierul Giule\u0219ti\" class=\"wp-image-132053 lazyload\" data-sizes=\"auto\" data-srcset=\"https:\/\/buletin.de\/bucuresti\/wp-content\/uploads\/2025\/05\/500288710_1115784207246182_5529794610173003218_n-1000x667.jpg 1000w, https:\/\/buletin.de\/bucuresti\/wp-content\/uploads\/2025\/05\/500288710_1115784207246182_5529794610173003218_n-300x200.jpg 300w, https:\/\/buletin.de\/bucuresti\/wp-content\/uploads\/2025\/05\/500288710_1115784207246182_5529794610173003218_n-768x512.jpg 768w, https:\/\/buletin.de\/bucuresti\/wp-content\/uploads\/2025\/05\/500288710_1115784207246182_5529794610173003218_n-1536x1024.jpg 1536w, https:\/\/buletin.de\/bucuresti\/wp-content\/uploads\/2025\/05\/500288710_1115784207246182_5529794610173003218_n-1600x1066.jpg 1600w, https:\/\/buletin.de\/bucuresti\/wp-content\/uploads\/2025\/05\/500288710_1115784207246182_5529794610173003218_n-1100x733.jpg 1100w, https:\/\/buletin.de\/bucuresti\/wp-content\/uploads\/2025\/05\/500288710_1115784207246182_5529794610173003218_n-600x400.jpg 600w, https:\/\/buletin.de\/bucuresti\/wp-content\/uploads\/2025\/05\/500288710_1115784207246182_5529794610173003218_n-20x13.jpg 20w, https:\/\/buletin.de\/bucuresti\/wp-content\/uploads\/2025\/05\/500288710_1115784207246182_5529794610173003218_n.jpg 2048w\" sizes=\"(max-width: 1000px) 100vw, 1000px\" \/><\/figure>\n<\/figure>\n\n\n\n<p>Cele doua scoli  vor fi ref\u0103cute, cu finan\u021bare de la Banca Mondial\u0103. La \u0218coala 168, ambele corpuri sunt vechi de peste 100 de ani \u0219i au risc seismic. Prim\u0103ria Sectorului 6 a prezentat c\u00e2teva imagini cu modul \u00een care va ar\u0103ta noua cl\u0103dire.<\/p>\n\n\n\n<figure class=\"wp-block-gallery has-nested-images columns-default is-cropped wp-block-gallery-2 is-layout-flex wp-block-gallery-is-layout-flex\">\n<figure class=\"wp-block-image size-large\"><img loading=\"lazy\" decoding=\"async\" width=\"1000\" height=\"704\" data-id=\"132055\" src=\"data:image\/gif;base64,R0lGODlhAQABAAAAACH5BAEKAAEALAAAAAABAAEAAAICTAEAOw==\" data-src=\"https:\/\/buletin.de\/bucuresti\/wp-content\/uploads\/2025\/05\/500042960_1115786040579332_6883098230963869441_n-1000x704.jpg\" alt=\"\" class=\"wp-image-132055 lazyload\" data-sizes=\"auto\" data-srcset=\"https:\/\/buletin.de\/bucuresti\/wp-content\/uploads\/2025\/05\/500042960_1115786040579332_6883098230963869441_n-1000x704.jpg 1000w, https:\/\/buletin.de\/bucuresti\/wp-content\/uploads\/2025\/05\/500042960_1115786040579332_6883098230963869441_n-300x211.jpg 300w, https:\/\/buletin.de\/bucuresti\/wp-content\/uploads\/2025\/05\/500042960_1115786040579332_6883098230963869441_n-768x540.jpg 768w, https:\/\/buletin.de\/bucuresti\/wp-content\/uploads\/2025\/05\/500042960_1115786040579332_6883098230963869441_n-1536x1081.jpg 1536w, https:\/\/buletin.de\/bucuresti\/wp-content\/uploads\/2025\/05\/500042960_1115786040579332_6883098230963869441_n-1600x1126.jpg 1600w, https:\/\/buletin.de\/bucuresti\/wp-content\/uploads\/2025\/05\/500042960_1115786040579332_6883098230963869441_n-1100x774.jpg 1100w, https:\/\/buletin.de\/bucuresti\/wp-content\/uploads\/2025\/05\/500042960_1115786040579332_6883098230963869441_n-600x422.jpg 600w, https:\/\/buletin.de\/bucuresti\/wp-content\/uploads\/2025\/05\/500042960_1115786040579332_6883098230963869441_n-20x14.jpg 20w, https:\/\/buletin.de\/bucuresti\/wp-content\/uploads\/2025\/05\/500042960_1115786040579332_6883098230963869441_n.jpg 2048w\" sizes=\"(max-width: 1000px) 100vw, 1000px\" \/><\/figure>\n\n\n\n<figure class=\"wp-block-image size-large\"><img loading=\"lazy\" decoding=\"async\" width=\"1000\" height=\"704\" data-id=\"132056\" src=\"data:image\/gif;base64,R0lGODlhAQABAAAAACH5BAEKAAEALAAAAAABAAEAAAICTAEAOw==\" data-src=\"https:\/\/buletin.de\/bucuresti\/wp-content\/uploads\/2025\/05\/500668858_1115783703912899_6041537107937101835_n-1000x704.jpg\" alt=\"dou\u0103 \u0219coli din Cartierul Giule\u0219ti\" class=\"wp-image-132056 lazyload\" data-sizes=\"auto\" data-srcset=\"https:\/\/buletin.de\/bucuresti\/wp-content\/uploads\/2025\/05\/500668858_1115783703912899_6041537107937101835_n-1000x704.jpg 1000w, https:\/\/buletin.de\/bucuresti\/wp-content\/uploads\/2025\/05\/500668858_1115783703912899_6041537107937101835_n-300x211.jpg 300w, https:\/\/buletin.de\/bucuresti\/wp-content\/uploads\/2025\/05\/500668858_1115783703912899_6041537107937101835_n-768x540.jpg 768w, https:\/\/buletin.de\/bucuresti\/wp-content\/uploads\/2025\/05\/500668858_1115783703912899_6041537107937101835_n-1536x1081.jpg 1536w, https:\/\/buletin.de\/bucuresti\/wp-content\/uploads\/2025\/05\/500668858_1115783703912899_6041537107937101835_n-1600x1126.jpg 1600w, https:\/\/buletin.de\/bucuresti\/wp-content\/uploads\/2025\/05\/500668858_1115783703912899_6041537107937101835_n-1100x774.jpg 1100w, https:\/\/buletin.de\/bucuresti\/wp-content\/uploads\/2025\/05\/500668858_1115783703912899_6041537107937101835_n-600x422.jpg 600w, https:\/\/buletin.de\/bucuresti\/wp-content\/uploads\/2025\/05\/500668858_1115783703912899_6041537107937101835_n-20x14.jpg 20w, https:\/\/buletin.de\/bucuresti\/wp-content\/uploads\/2025\/05\/500668858_1115783703912899_6041537107937101835_n.jpg 2048w\" sizes=\"(max-width: 1000px) 100vw, 1000px\" \/><\/figure>\n\n\n\n<figure class=\"wp-block-image size-large\"><img loading=\"lazy\" decoding=\"async\" width=\"1000\" height=\"704\" data-id=\"132057\" src=\"data:image\/gif;base64,R0lGODlhAQABAAAAACH5BAEKAAEALAAAAAABAAEAAAICTAEAOw==\" data-src=\"https:\/\/buletin.de\/bucuresti\/wp-content\/uploads\/2025\/05\/500362169_1115785817246021_5870517230388833912_n-1000x704.jpg\" alt=\"\" class=\"wp-image-132057 lazyload\" data-sizes=\"auto\" data-srcset=\"https:\/\/buletin.de\/bucuresti\/wp-content\/uploads\/2025\/05\/500362169_1115785817246021_5870517230388833912_n-1000x704.jpg 1000w, https:\/\/buletin.de\/bucuresti\/wp-content\/uploads\/2025\/05\/500362169_1115785817246021_5870517230388833912_n-300x211.jpg 300w, https:\/\/buletin.de\/bucuresti\/wp-content\/uploads\/2025\/05\/500362169_1115785817246021_5870517230388833912_n-768x541.jpg 768w, https:\/\/buletin.de\/bucuresti\/wp-content\/uploads\/2025\/05\/500362169_1115785817246021_5870517230388833912_n-1536x1082.jpg 1536w, https:\/\/buletin.de\/bucuresti\/wp-content\/uploads\/2025\/05\/500362169_1115785817246021_5870517230388833912_n-1600x1127.jpg 1600w, https:\/\/buletin.de\/bucuresti\/wp-content\/uploads\/2025\/05\/500362169_1115785817246021_5870517230388833912_n-1100x775.jpg 1100w, https:\/\/buletin.de\/bucuresti\/wp-content\/uploads\/2025\/05\/500362169_1115785817246021_5870517230388833912_n-600x422.jpg 600w, https:\/\/buletin.de\/bucuresti\/wp-content\/uploads\/2025\/05\/500362169_1115785817246021_5870517230388833912_n-20x14.jpg 20w, https:\/\/buletin.de\/bucuresti\/wp-content\/uploads\/2025\/05\/500362169_1115785817246021_5870517230388833912_n.jpg 2048w\" sizes=\"(max-width: 1000px) 100vw, 1000px\" \/><\/figure>\n<\/figure>\n\n\n\n<p><strong>CITE\u0218TE \u0218I: <a href=\"https:\/\/buletin.de\/bucuresti\/sector-6-primaria-cere-transferul-bulevardului-1-mai-de-la-capitala-pentru-lucrari-de-amenajare\/\" target=\"_blank\" rel=\"noreferrer noopener\">Sector 6 | Prim\u0103ria cere transferul bulevardului 1 Mai, de la Capital\u0103, pentru lucr\u0103ri de amenajare<\/a><\/strong><\/p>\n\n\n\n<h2 class=\"wp-block-heading\" id=\"h-investi\u021bii-in-doua-\u0219coli-din-cartierul-giule\u0219ti-\u0219coala-modulara-de-la-168\">Investi\u021bii \u00een dou\u0103 \u0219coli din Cartierul Giule\u0219ti. \u0218coala modular\u0103 de la 168 <\/h2>\n\n\n\n<p>\u0218coala modular\u0103 de la 168 a fost construit\u0103 de Ministerul Educa\u021biei, pe o suprafa\u021b\u0103 total\u0103 de teren de 2.544 mp. Valoarea investi\u021biei este de 3,2 milioane de lei, cu finan\u021bare de la Banca Mondial\u0103. <\/p>\n\n\n\n<p>Prim\u0103ria Sectorului 6 a pus la dispozi\u021bie terenul, a sprijinit \u00eentreg procesul de autorizare, a realizat bran\u0219amentele la utilit\u0103\u021bi, a amenajat curtea, aleile, a dotat cl\u0103direa cu mobilier nou \u0219i echipamente IT.<\/p>\n\n\n\n<p>Noua \u0219coal\u0103 modular\u0103 are 10 clase cu o capacitate total\u0103 de 242 de elevi. Cl\u0103direa are o suprafa\u021b\u0103 de 1.006 mp.<\/p>\n\n\n\n<p><strong>CITE\u0218TE \u0218I: <a href=\"https:\/\/buletin.de\/bucuresti\/gradinita-de-vara\/\" target=\"_blank\" rel=\"noreferrer noopener\">Sector 6 | Programul \u201eGr\u0103dini\u021ba de var\u0103\u201d cere votul consilierilor locali, pe 29 mai<\/a><\/strong><\/p>\n","protected":false},"excerpt":{"rendered":"<p>Prim\u0103ria Sector 6 lucreaz\u0103 cu Ministerul Educa\u021biei, pentru modernizarea a dou\u0103 \u0219coli din Cartierul Giule\u0219ti: reconstruirea a dou\u0103 corpuri de cl\u0103dire ale \u0218colii Gimnaziale 168, din Str. Alizeului \u0219i Calea Giule\u0219ti, \u0219i reabilitarea \u0219i extinderea \u0218colii 167. Ambele proiecte sunt derulate \u00eempreun\u0103 cu Ministerul Educa\u021biei, potrivit autorit\u0103\u021bii locale din Sectorul 6. Pana la finalizarea proiectelor, [&hellip;]<\/p>\n","protected":false},"author":49,"featured_media":132058,"comment_status":"closed","ping_status":"open","sticky":false,"template":"","format":"standard","meta":{"_acf_changed":false,"inline_featured_image":false,"ngg_post_thumbnail":0,"footnotes":""},"categories":[6994,24,62],"tags":[3569,19576,5843,523],"ppma_author":[22574],"class_list":["post-132047","post","type-post","status-publish","format-standard","has-post-thumbnail","hentry","category-stiri-2","category-primarie","category-stiri","tag-ministerul-educatiei-2","tag-scoala-167","tag-scoala-168","tag-sector-6"],"acf":[],"yoast_head":"<!-- This site is optimized with the Yoast SEO Premium plugin v25.3 (Yoast SEO v27.4) - https:\/\/yoast.com\/product\/yoast-seo-premium-wordpress\/ -->\n<title>Sector 6 | Investi\u021bii \u00een dou\u0103 \u0219coli din Cartierul Giule\u0219ti - Buletin de Bucure\u0219ti<\/title>\n<meta name=\"description\" content=\"Prim\u0103ria Sector 6 lucreaz\u0103 cu Ministerul Educa\u021biei, pentru modernizarea a dou\u0103 \u0219coli din Cartierul Giule\u0219ti.\" \/>\n<meta name=\"robots\" content=\"index, follow, max-snippet:-1, max-image-preview:large, max-video-preview:-1\" \/>\n<link rel=\"canonical\" href=\"https:\/\/buletin.de\/bucuresti\/investitii-in-doua-scoli-din-cartierul-giulesti\/\" \/>\n<meta property=\"og:locale\" content=\"en_GB\" \/>\n<meta property=\"og:type\" content=\"article\" \/>\n<meta property=\"og:title\" content=\"Sector 6 | Investi\u021bii \u00een dou\u0103 \u0219coli din Cartierul Giule\u0219ti\" \/>\n<meta property=\"og:description\" content=\"Prim\u0103ria Sector 6 lucreaz\u0103 cu Ministerul Educa\u021biei, pentru modernizarea a dou\u0103 \u0219coli din Cartierul Giule\u0219ti.\" \/>\n<meta property=\"og:url\" content=\"https:\/\/buletin.de\/bucuresti\/investitii-in-doua-scoli-din-cartierul-giulesti\/\" \/>\n<meta property=\"og:site_name\" content=\"Buletin de Bucure\u0219ti\" \/>\n<meta property=\"article:publisher\" content=\"https:\/\/www.facebook.com\/buletin.de.buc\" \/>\n<meta property=\"article:published_time\" content=\"2025-05-27T05:42:00+00:00\" \/>\n<meta property=\"article:modified_time\" content=\"2025-05-27T05:45:03+00:00\" \/>\n<meta property=\"og:image\" content=\"https:\/\/buletin.de\/bucuresti\/wp-content\/uploads\/2025\/05\/500443802_1115783520579584_7802166805871114703_n.jpg\" \/>\n\t<meta property=\"og:image:width\" content=\"1855\" \/>\n\t<meta property=\"og:image:height\" content=\"1188\" \/>\n\t<meta property=\"og:image:type\" content=\"image\/jpeg\" \/>\n<meta name=\"author\" content=\"Diana Matei\" \/>\n<meta name=\"twitter:card\" content=\"summary_large_image\" \/>\n<meta name=\"twitter:label1\" content=\"Written by\" \/>\n\t<meta name=\"twitter:data1\" content=\"Diana Matei\" \/>\n\t<meta name=\"twitter:label2\" content=\"Estimated reading time\" \/>\n\t<meta name=\"twitter:data2\" content=\"3 minutes\" \/>\n<script type=\"application\/ld+json\" class=\"yoast-schema-graph\">{\"@context\":\"https:\\\/\\\/schema.org\",\"@graph\":[{\"@type\":\"Article\",\"@id\":\"https:\\\/\\\/buletin.de\\\/bucuresti\\\/investitii-in-doua-scoli-din-cartierul-giulesti\\\/#article\",\"isPartOf\":{\"@id\":\"https:\\\/\\\/buletin.de\\\/bucuresti\\\/investitii-in-doua-scoli-din-cartierul-giulesti\\\/\"},\"author\":{\"name\":\"Diana Matei\",\"@id\":\"https:\\\/\\\/buletin.de\\\/bucuresti\\\/#\\\/schema\\\/person\\\/7e46040573290777280a0835d81ea4ea\"},\"headline\":\"Sector 6 | Investi\u021bii \u00een dou\u0103 \u0219coli din Cartierul Giule\u0219ti\",\"datePublished\":\"2025-05-27T05:42:00+00:00\",\"dateModified\":\"2025-05-27T05:45:03+00:00\",\"mainEntityOfPage\":{\"@id\":\"https:\\\/\\\/buletin.de\\\/bucuresti\\\/investitii-in-doua-scoli-din-cartierul-giulesti\\\/\"},\"wordCount\":326,\"publisher\":{\"@id\":\"https:\\\/\\\/buletin.de\\\/bucuresti\\\/#organization\"},\"image\":{\"@id\":\"https:\\\/\\\/buletin.de\\\/bucuresti\\\/investitii-in-doua-scoli-din-cartierul-giulesti\\\/#primaryimage\"},\"thumbnailUrl\":\"https:\\\/\\\/buletin.de\\\/bucuresti\\\/wp-content\\\/uploads\\\/2025\\\/05\\\/500443802_1115783520579584_7802166805871114703_n.jpg\",\"keywords\":[\"Ministerul Educa\u021biei\",\"Scoala 167\",\"scoala 168\",\"Sector 6\"],\"articleSection\":[\"Articole\",\"Prim\u0103rie\",\"\u0218tiri\"],\"inLanguage\":\"en-GB\",\"copyrightYear\":\"2025\",\"copyrightHolder\":{\"@id\":\"https:\\\/\\\/buletin.de\\\/bucuresti\\\/#organization\"}},{\"@type\":\"WebPage\",\"@id\":\"https:\\\/\\\/buletin.de\\\/bucuresti\\\/investitii-in-doua-scoli-din-cartierul-giulesti\\\/\",\"url\":\"https:\\\/\\\/buletin.de\\\/bucuresti\\\/investitii-in-doua-scoli-din-cartierul-giulesti\\\/\",\"name\":\"Sector 6 | Investi\u021bii \u00een dou\u0103 \u0219coli din Cartierul Giule\u0219ti - Buletin de Bucure\u0219ti\",\"isPartOf\":{\"@id\":\"https:\\\/\\\/buletin.de\\\/bucuresti\\\/#website\"},\"primaryImageOfPage\":{\"@id\":\"https:\\\/\\\/buletin.de\\\/bucuresti\\\/investitii-in-doua-scoli-din-cartierul-giulesti\\\/#primaryimage\"},\"image\":{\"@id\":\"https:\\\/\\\/buletin.de\\\/bucuresti\\\/investitii-in-doua-scoli-din-cartierul-giulesti\\\/#primaryimage\"},\"thumbnailUrl\":\"https:\\\/\\\/buletin.de\\\/bucuresti\\\/wp-content\\\/uploads\\\/2025\\\/05\\\/500443802_1115783520579584_7802166805871114703_n.jpg\",\"datePublished\":\"2025-05-27T05:42:00+00:00\",\"dateModified\":\"2025-05-27T05:45:03+00:00\",\"description\":\"Prim\u0103ria Sector 6 lucreaz\u0103 cu Ministerul Educa\u021biei, pentru modernizarea a dou\u0103 \u0219coli din Cartierul Giule\u0219ti.\",\"breadcrumb\":{\"@id\":\"https:\\\/\\\/buletin.de\\\/bucuresti\\\/investitii-in-doua-scoli-din-cartierul-giulesti\\\/#breadcrumb\"},\"inLanguage\":\"en-GB\",\"potentialAction\":[{\"@type\":\"ReadAction\",\"target\":[\"https:\\\/\\\/buletin.de\\\/bucuresti\\\/investitii-in-doua-scoli-din-cartierul-giulesti\\\/\"]}]},{\"@type\":\"ImageObject\",\"inLanguage\":\"en-GB\",\"@id\":\"https:\\\/\\\/buletin.de\\\/bucuresti\\\/investitii-in-doua-scoli-din-cartierul-giulesti\\\/#primaryimage\",\"url\":\"https:\\\/\\\/buletin.de\\\/bucuresti\\\/wp-content\\\/uploads\\\/2025\\\/05\\\/500443802_1115783520579584_7802166805871114703_n.jpg\",\"contentUrl\":\"https:\\\/\\\/buletin.de\\\/bucuresti\\\/wp-content\\\/uploads\\\/2025\\\/05\\\/500443802_1115783520579584_7802166805871114703_n.jpg\",\"width\":1855,\"height\":1188,\"caption\":\"Investi\u021bii \u00een dou\u0103 \u0219coli din Cartierul Giule\u0219ti. Autoritatea local\u0103 lucreaz\u0103 cu Ministerul Educa\u021biei. FOTO: PS6\"},{\"@type\":\"BreadcrumbList\",\"@id\":\"https:\\\/\\\/buletin.de\\\/bucuresti\\\/investitii-in-doua-scoli-din-cartierul-giulesti\\\/#breadcrumb\",\"itemListElement\":[{\"@type\":\"ListItem\",\"position\":1,\"name\":\"Acas\u0103\",\"item\":\"https:\\\/\\\/buletin.de\\\/bucuresti\\\/\"},{\"@type\":\"ListItem\",\"position\":2,\"name\":\"Sector 6 | Investi\u021bii \u00een dou\u0103 \u0219coli din Cartierul Giule\u0219ti\"}]},{\"@type\":\"WebSite\",\"@id\":\"https:\\\/\\\/buletin.de\\\/bucuresti\\\/#website\",\"url\":\"https:\\\/\\\/buletin.de\\\/bucuresti\\\/\",\"name\":\"Buletin de Bucure\u0219ti\",\"description\":\"\u0218tiri \u0219i investiga\u021bii esen\u021biale din capital\u0103\",\"publisher\":{\"@id\":\"https:\\\/\\\/buletin.de\\\/bucuresti\\\/#organization\"},\"potentialAction\":[{\"@type\":\"SearchAction\",\"target\":{\"@type\":\"EntryPoint\",\"urlTemplate\":\"https:\\\/\\\/buletin.de\\\/bucuresti\\\/?s={search_term_string}\"},\"query-input\":{\"@type\":\"PropertyValueSpecification\",\"valueRequired\":true,\"valueName\":\"search_term_string\"}}],\"inLanguage\":\"en-GB\"},{\"@type\":\"Organization\",\"@id\":\"https:\\\/\\\/buletin.de\\\/bucuresti\\\/#organization\",\"name\":\"Buletin de Bucure\u0219ti\",\"url\":\"https:\\\/\\\/buletin.de\\\/bucuresti\\\/\",\"logo\":{\"@type\":\"ImageObject\",\"inLanguage\":\"en-GB\",\"@id\":\"https:\\\/\\\/buletin.de\\\/bucuresti\\\/#\\\/schema\\\/logo\\\/image\\\/\",\"url\":\"https:\\\/\\\/buletin.de\\\/bucuresti\\\/wp-content\\\/uploads\\\/logo-bdb-full-wide-vernil-transparent.png\",\"contentUrl\":\"https:\\\/\\\/buletin.de\\\/bucuresti\\\/wp-content\\\/uploads\\\/logo-bdb-full-wide-vernil-transparent.png\",\"width\":1782,\"height\":626,\"caption\":\"Buletin de Bucure\u0219ti\"},\"image\":{\"@id\":\"https:\\\/\\\/buletin.de\\\/bucuresti\\\/#\\\/schema\\\/logo\\\/image\\\/\"},\"sameAs\":[\"https:\\\/\\\/www.facebook.com\\\/buletin.de.buc\",\"https:\\\/\\\/www.instagram.com\\\/buletinde.bucuresti\\\/\"]},{\"@type\":\"Person\",\"@id\":\"https:\\\/\\\/buletin.de\\\/bucuresti\\\/#\\\/schema\\\/person\\\/7e46040573290777280a0835d81ea4ea\",\"name\":\"Diana Matei\",\"image\":{\"@type\":\"ImageObject\",\"inLanguage\":\"en-GB\",\"@id\":\"https:\\\/\\\/buletin.de\\\/bucuresti\\\/wp-content\\\/uploads\\\/9-2-96x96.jpg1e8590b30871d70e62ebcdaf2eff570c\",\"url\":\"https:\\\/\\\/buletin.de\\\/bucuresti\\\/wp-content\\\/uploads\\\/9-2-96x96.jpg\",\"contentUrl\":\"https:\\\/\\\/buletin.de\\\/bucuresti\\\/wp-content\\\/uploads\\\/9-2-96x96.jpg\",\"caption\":\"Diana Matei\"},\"url\":\"https:\\\/\\\/buletin.de\\\/bucuresti\\\/author\\\/dianamatei\\\/\"}]}<\/script>\n<!-- \/ Yoast SEO Premium plugin. -->","yoast_head_json":{"title":"Sector 6 | Investi\u021bii \u00een dou\u0103 \u0219coli din Cartierul Giule\u0219ti - Buletin de Bucure\u0219ti","description":"Prim\u0103ria Sector 6 lucreaz\u0103 cu Ministerul Educa\u021biei, pentru modernizarea a dou\u0103 \u0219coli din Cartierul Giule\u0219ti.","robots":{"index":"index","follow":"follow","max-snippet":"max-snippet:-1","max-image-preview":"max-image-preview:large","max-video-preview":"max-video-preview:-1"},"canonical":"https:\/\/buletin.de\/bucuresti\/investitii-in-doua-scoli-din-cartierul-giulesti\/","og_locale":"en_GB","og_type":"article","og_title":"Sector 6 | Investi\u021bii \u00een dou\u0103 \u0219coli din Cartierul Giule\u0219ti","og_description":"Prim\u0103ria Sector 6 lucreaz\u0103 cu Ministerul Educa\u021biei, pentru modernizarea a dou\u0103 \u0219coli din Cartierul Giule\u0219ti.","og_url":"https:\/\/buletin.de\/bucuresti\/investitii-in-doua-scoli-din-cartierul-giulesti\/","og_site_name":"Buletin de Bucure\u0219ti","article_publisher":"https:\/\/www.facebook.com\/buletin.de.buc","article_published_time":"2025-05-27T05:42:00+00:00","article_modified_time":"2025-05-27T05:45:03+00:00","og_image":[{"width":1855,"height":1188,"url":"https:\/\/buletin.de\/bucuresti\/wp-content\/uploads\/2025\/05\/500443802_1115783520579584_7802166805871114703_n.jpg","type":"image\/jpeg"}],"author":"Diana Matei","twitter_card":"summary_large_image","twitter_misc":{"Written by":"Diana Matei","Estimated reading time":"3 minutes"},"schema":{"@context":"https:\/\/schema.org","@graph":[{"@type":"Article","@id":"https:\/\/buletin.de\/bucuresti\/investitii-in-doua-scoli-din-cartierul-giulesti\/#article","isPartOf":{"@id":"https:\/\/buletin.de\/bucuresti\/investitii-in-doua-scoli-din-cartierul-giulesti\/"},"author":{"name":"Diana Matei","@id":"https:\/\/buletin.de\/bucuresti\/#\/schema\/person\/7e46040573290777280a0835d81ea4ea"},"headline":"Sector 6 | Investi\u021bii \u00een dou\u0103 \u0219coli din Cartierul Giule\u0219ti","datePublished":"2025-05-27T05:42:00+00:00","dateModified":"2025-05-27T05:45:03+00:00","mainEntityOfPage":{"@id":"https:\/\/buletin.de\/bucuresti\/investitii-in-doua-scoli-din-cartierul-giulesti\/"},"wordCount":326,"publisher":{"@id":"https:\/\/buletin.de\/bucuresti\/#organization"},"image":{"@id":"https:\/\/buletin.de\/bucuresti\/investitii-in-doua-scoli-din-cartierul-giulesti\/#primaryimage"},"thumbnailUrl":"https:\/\/buletin.de\/bucuresti\/wp-content\/uploads\/2025\/05\/500443802_1115783520579584_7802166805871114703_n.jpg","keywords":["Ministerul Educa\u021biei","Scoala 167","scoala 168","Sector 6"],"articleSection":["Articole","Prim\u0103rie","\u0218tiri"],"inLanguage":"en-GB","copyrightYear":"2025","copyrightHolder":{"@id":"https:\/\/buletin.de\/bucuresti\/#organization"}},{"@type":"WebPage","@id":"https:\/\/buletin.de\/bucuresti\/investitii-in-doua-scoli-din-cartierul-giulesti\/","url":"https:\/\/buletin.de\/bucuresti\/investitii-in-doua-scoli-din-cartierul-giulesti\/","name":"Sector 6 | Investi\u021bii \u00een dou\u0103 \u0219coli din Cartierul Giule\u0219ti - Buletin de Bucure\u0219ti","isPartOf":{"@id":"https:\/\/buletin.de\/bucuresti\/#website"},"primaryImageOfPage":{"@id":"https:\/\/buletin.de\/bucuresti\/investitii-in-doua-scoli-din-cartierul-giulesti\/#primaryimage"},"image":{"@id":"https:\/\/buletin.de\/bucuresti\/investitii-in-doua-scoli-din-cartierul-giulesti\/#primaryimage"},"thumbnailUrl":"https:\/\/buletin.de\/bucuresti\/wp-content\/uploads\/2025\/05\/500443802_1115783520579584_7802166805871114703_n.jpg","datePublished":"2025-05-27T05:42:00+00:00","dateModified":"2025-05-27T05:45:03+00:00","description":"Prim\u0103ria Sector 6 lucreaz\u0103 cu Ministerul Educa\u021biei, pentru modernizarea a dou\u0103 \u0219coli din Cartierul Giule\u0219ti.","breadcrumb":{"@id":"https:\/\/buletin.de\/bucuresti\/investitii-in-doua-scoli-din-cartierul-giulesti\/#breadcrumb"},"inLanguage":"en-GB","potentialAction":[{"@type":"ReadAction","target":["https:\/\/buletin.de\/bucuresti\/investitii-in-doua-scoli-din-cartierul-giulesti\/"]}]},{"@type":"ImageObject","inLanguage":"en-GB","@id":"https:\/\/buletin.de\/bucuresti\/investitii-in-doua-scoli-din-cartierul-giulesti\/#primaryimage","url":"https:\/\/buletin.de\/bucuresti\/wp-content\/uploads\/2025\/05\/500443802_1115783520579584_7802166805871114703_n.jpg","contentUrl":"https:\/\/buletin.de\/bucuresti\/wp-content\/uploads\/2025\/05\/500443802_1115783520579584_7802166805871114703_n.jpg","width":1855,"height":1188,"caption":"Investi\u021bii \u00een dou\u0103 \u0219coli din Cartierul Giule\u0219ti. Autoritatea local\u0103 lucreaz\u0103 cu Ministerul Educa\u021biei. FOTO: PS6"},{"@type":"BreadcrumbList","@id":"https:\/\/buletin.de\/bucuresti\/investitii-in-doua-scoli-din-cartierul-giulesti\/#breadcrumb","itemListElement":[{"@type":"ListItem","position":1,"name":"Acas\u0103","item":"https:\/\/buletin.de\/bucuresti\/"},{"@type":"ListItem","position":2,"name":"Sector 6 | Investi\u021bii \u00een dou\u0103 \u0219coli din Cartierul Giule\u0219ti"}]},{"@type":"WebSite","@id":"https:\/\/buletin.de\/bucuresti\/#website","url":"https:\/\/buletin.de\/bucuresti\/","name":"Buletin de Bucure\u0219ti","description":"\u0218tiri \u0219i investiga\u021bii esen\u021biale din capital\u0103","publisher":{"@id":"https:\/\/buletin.de\/bucuresti\/#organization"},"potentialAction":[{"@type":"SearchAction","target":{"@type":"EntryPoint","urlTemplate":"https:\/\/buletin.de\/bucuresti\/?s={search_term_string}"},"query-input":{"@type":"PropertyValueSpecification","valueRequired":true,"valueName":"search_term_string"}}],"inLanguage":"en-GB"},{"@type":"Organization","@id":"https:\/\/buletin.de\/bucuresti\/#organization","name":"Buletin de Bucure\u0219ti","url":"https:\/\/buletin.de\/bucuresti\/","logo":{"@type":"ImageObject","inLanguage":"en-GB","@id":"https:\/\/buletin.de\/bucuresti\/#\/schema\/logo\/image\/","url":"https:\/\/buletin.de\/bucuresti\/wp-content\/uploads\/logo-bdb-full-wide-vernil-transparent.png","contentUrl":"https:\/\/buletin.de\/bucuresti\/wp-content\/uploads\/logo-bdb-full-wide-vernil-transparent.png","width":1782,"height":626,"caption":"Buletin de Bucure\u0219ti"},"image":{"@id":"https:\/\/buletin.de\/bucuresti\/#\/schema\/logo\/image\/"},"sameAs":["https:\/\/www.facebook.com\/buletin.de.buc","https:\/\/www.instagram.com\/buletinde.bucuresti\/"]},{"@type":"Person","@id":"https:\/\/buletin.de\/bucuresti\/#\/schema\/person\/7e46040573290777280a0835d81ea4ea","name":"Diana Matei","image":{"@type":"ImageObject","inLanguage":"en-GB","@id":"https:\/\/buletin.de\/bucuresti\/wp-content\/uploads\/9-2-96x96.jpg1e8590b30871d70e62ebcdaf2eff570c","url":"https:\/\/buletin.de\/bucuresti\/wp-content\/uploads\/9-2-96x96.jpg","contentUrl":"https:\/\/buletin.de\/bucuresti\/wp-content\/uploads\/9-2-96x96.jpg","caption":"Diana Matei"},"url":"https:\/\/buletin.de\/bucuresti\/author\/dianamatei\/"}]}},"authors":[{"term_id":22574,"user_id":49,"is_guest":0,"slug":"dianamatei","display_name":"Diana Matei","avatar_url":"https:\/\/buletin.de\/bucuresti\/wp-content\/uploads\/9-2-96x96.jpg","0":null,"1":"","2":"","3":"","4":"","5":"","6":"","7":"","8":""}],"_links":{"self":[{"href":"https:\/\/buletin.de\/bucuresti\/wp-json\/wp\/v2\/posts\/132047","targetHints":{"allow":["GET"]}}],"collection":[{"href":"https:\/\/buletin.de\/bucuresti\/wp-json\/wp\/v2\/posts"}],"about":[{"href":"https:\/\/buletin.de\/bucuresti\/wp-json\/wp\/v2\/types\/post"}],"author":[{"embeddable":true,"href":"https:\/\/buletin.de\/bucuresti\/wp-json\/wp\/v2\/users\/49"}],"replies":[{"embeddable":true,"href":"https:\/\/buletin.de\/bucuresti\/wp-json\/wp\/v2\/comments?post=132047"}],"version-history":[{"count":3,"href":"https:\/\/buletin.de\/bucuresti\/wp-json\/wp\/v2\/posts\/132047\/revisions"}],"predecessor-version":[{"id":132072,"href":"https:\/\/buletin.de\/bucuresti\/wp-json\/wp\/v2\/posts\/132047\/revisions\/132072"}],"wp:featuredmedia":[{"embeddable":true,"href":"https:\/\/buletin.de\/bucuresti\/wp-json\/wp\/v2\/media\/132058"}],"wp:attachment":[{"href":"https:\/\/buletin.de\/bucuresti\/wp-json\/wp\/v2\/media?parent=132047"}],"wp:term":[{"taxonomy":"category","embeddable":true,"href":"https:\/\/buletin.de\/bucuresti\/wp-json\/wp\/v2\/categories?post=132047"},{"taxonomy":"post_tag","embeddable":true,"href":"https:\/\/buletin.de\/bucuresti\/wp-json\/wp\/v2\/tags?post=132047"},{"taxonomy":"author","embeddable":true,"href":"https:\/\/buletin.de\/bucuresti\/wp-json\/wp\/v2\/ppma_author?post=132047"}],"curies":[{"name":"wp","href":"https:\/\/api.w.org\/{rel}","templated":true}]}}