{"id":131997,"date":"2025-05-26T14:00:01","date_gmt":"2025-05-26T11:00:01","guid":{"rendered":"https:\/\/buletin.de\/bucuresti\/?p=131997"},"modified":"2025-05-27T09:37:01","modified_gmt":"2025-05-27T06:37:01","slug":"nicusor-dan-a-semnat-autorizatia-de-construire-pentru-refacerea-planseului-unirii-in-ultima-sa-zi-de-mandat","status":"publish","type":"post","link":"https:\/\/buletin.de\/bucuresti\/nicusor-dan-a-semnat-autorizatia-de-construire-pentru-refacerea-planseului-unirii-in-ultima-sa-zi-de-mandat\/","title":{"rendered":"Nicu\u0219or Dan a semnat autoriza\u021bia de construire pentru refacerea plan\u0219eului Unirii, \u00een ultima sa zi de mandat. Documentul, cauz\u0103 de conflict cu Daniel B\u0103lu\u021b\u0103"},"content":{"rendered":"\n<p><strong>Prim\u0103ria Sectorului 4 a anun\u021bat c\u0103 Nicu\u0219or Dan a semnat, \u00een cele din urm\u0103, autoriza\u021bia de construire pentru refacerea din temelii a Plan\u0219eului Unirii. <\/strong><\/p>\n\n\n\n<p><strong>Documentul a fost emis de Prim\u0103ria Municipiului Bucure\u0219ti \u0219i semnat de primarul general \u00een ultima sa zi de mandat.<\/strong><\/p>\n\n\n\n<p>\u201eM\u0103 bucur\u0103 faptul c\u0103, \u00een perioada imediat urm\u0103toare vom putea \u00eencepe lucr\u0103rile de consolidare \u0219i de punere \u00een siguran\u021b\u0103 a \u00eentregii zone pietonele \u0219i rutiere din Pia\u021ba Unirii.<\/p>\n\n\n\n<p>Este foarte important s\u0103 refacem placa de beton, veche de aproximativ 100 de ani, din centrul Bucure\u0219tiului \u0219i s\u0103 evit\u0103m posibile incidente nepl\u0103cute, a\u0219a cum ne-au semnalat exper\u021bii tehnici care au analizat structura \u0219i au evaluat tot ceea ce \u021bine de Plan\u0219eul Unirii\u201d, a declarat primarul Sectorului 4, social-democratul Daniel B\u0103lu\u021b\u0103.<\/p>\n\n\n\n<p><strong>CITE\u0218TE \u0218I: <a href=\"https:\/\/buletin.de\/bucuresti\/jandarmeria-nu-a-fost-instiintata-despre-un-protest-al-sustinatorilor-lui-george-simion-la-bucuresti-acestia-s-au-mobilizat-pe-tik-tok\/\">Jandarmeria nu a fost \u00een\u0219tiin\u021bat\u0103 despre un protest al sus\u021bin\u0103torilor lui George Simion la Bucure\u0219ti. Ace\u0219tia s-au mobilizat pe Tik Tok<\/a><\/strong><\/p>\n\n\n\n<h2 class=\"wp-block-heading\" id=\"h-nicu\u0219or-dan-a-semnat-autoriza\u021bia-pentru-refacerea-plan\u0219eului-unirii\">Nicu\u0219or Dan a semnat autoriza\u021bia pentru refacerea plan\u0219eului Unirii<\/h2>\n\n\n\n<p>Conform unui comunicat transmis de Prim\u0103ria Sectorului 4, lucr\u0103rile vor include:<\/p>\n\n\n\n<ul class=\"wp-block-list\">\n<li>regenerarea spa\u021biilor publice din zona Pia\u021ba Unirii;<\/li>\n\n\n\n<li>refacerea structurii cuvei r\u00e2ului D\u00e2mbovi\u021ba;<\/li>\n\n\n\n<li>reconstruc\u021bia Plan\u0219eului Unirii;<\/li>\n\n\n\n<li>modernizarea re\u021belelor edilitare;<\/li>\n\n\n\n<li>realizarea marcajelor \u0219i semnaliz\u0103rilor rutiere;<\/li>\n\n\n\n<li>sistematiz\u0103ri pe vertical\u0103;<\/li>\n\n\n\n<li>amenajarea unor drumuri temporare;<\/li>\n\n\n\n<li>instalarea unui sistem de iriga\u021bii;<\/li>\n\n\n\n<li>interven\u021bii temporare asupra f\u00e2nt\u00e2nilor arteziene din zon\u0103.<\/li>\n<\/ul>\n\n\n\n<p><strong>Plan\u0219eul Unirii, \u201ecapacul\u201d care acoper\u0103 o parte din albia D\u00e2mbovi\u021bei, a fost evaluat recent de exper\u021bi ai Prim\u0103riei Sectorului 4 ca fiind \u00eentr-o stare avansat\u0103 de degradare.<\/strong><\/p>\n\n\n\n<p>Reprezentan\u021bii Sectorului 4 au anun\u021bat c\u0103 urmeaz\u0103 o \u00eent\u00e2lnire tehnic\u0103 cu constructorii, administra\u021bia Capitalei \u0219i furnizorii de utilit\u0103\u021bi pentru stabilirea graficului de execu\u021bie.<\/p>\n\n\n\n<p><strong>Primarul Sectorului 4, Daniel B\u0103lu\u021b\u0103, a declarat c\u0103 interven\u021bia este necesar\u0103 pentru siguran\u021ba public\u0103 \u0219i i-a mul\u021bumit pre\u0219edintelui Nicu\u0219or Dan pentru emiterea autoriza\u021biei.<\/strong><\/p>\n\n\n\n<p>\u201e\u00cei mul\u021bumesc pentru colaborare \u0219i pentru eliberarea autoriza\u021biei de construire Primarului General, Nicu\u0219or Dan, \u0219i \u00eei urez succes \u00een cea mai \u00eenalt\u0103func\u021bie public\u0103, aceea de Pre\u0219edinte al Rom\u00e2niei\u201d, a spus primarul Sectorului 4.<\/p>\n\n\n\n<h2 class=\"wp-block-heading\" id=\"h-cum-a-inceput-conflictul-dintre-nicu\u0219or-dan-\u0219i-daniel-balu\u021ba\">Cum a \u00eenceput conflictul dintre Nicu\u0219or Dan \u0219i Daniel B\u0103lu\u021b\u0103<\/h2>\n\n\n\n<p><strong>Autoriza\u021bia de construire a fost motivul unui lung conflict \u00eentre primarul general Nicu\u0219or Dan \u0219i primarul Sectorului 4, Daniel B\u0103lu\u021b\u0103.<\/strong><\/p>\n\n\n\n<p><strong>De\u0219i, ini\u021bial,&nbsp;<a href=\"https:\/\/buletin.de\/bucuresti\/reconstructia-planseului-unirii-ar-trebui-sa-fie-gata-in-aproape-trei-ani-lucrarile-efective-incep-in-2025-un-an-dificil-pentru-bucuresteni\/\">\u0219antierul pentru reabilitarea plan\u0219eului Unirii era programat s\u0103 \u00eenceap\u0103 \u00een 2025<\/a>, dup\u0103 cum a ar\u0103tat Buletin de Bucure\u0219ti la \u00eenceputul anului, Daniel B\u0103lu\u021b\u0103 a anun\u021bat \u00een var\u0103 c\u0103 lucr\u0103rile vor \u00eencepe pe 9 septembrie \u0219i a cerut PMB autoriza\u021bia de construire \u00een regim de urgen\u021b\u0103, argument\u00e2nd c\u0103&nbsp;<a href=\"https:\/\/buletin.de\/bucuresti\/o-problema-de-viata-si-de-moarte-vizita-de-urgenta-la-planseul-de-sub-piata-unirii-startul-lucrarilor-treneaza-din-cauza-neintelegerilor-intre-primaria-generala-si-cea-a-sectorului\/\">\u201eeste o problem\u0103 de via\u021b\u0103 \u0219i de moarte\u201d<\/a>.<\/strong><\/p>\n\n\n\n<p>Primarul general, Nicu\u0219or Dan, nu a eliberat autoriza\u021bia \u00een regim de urgen\u021b\u0103, pentru c\u0103&nbsp;<a href=\"https:\/\/buletin.de\/bucuresti\/razboiul-n-dan-d-baluta-nu-s-a-stins-cei-doi-inca-se-lupta-pe-planseul-unirii-si-dau-vina-unul-pe-altul-pentru-situatia-creata\/\">expertizele nu ar fi ar\u0103tat c\u0103 plan\u0219eul Unirii este un pericol public<\/a>&nbsp;care trebuie reabilitat de urgen\u021b\u0103.<\/p>\n\n\n\n<p>Cu toate astea, dup\u0103 ce a anun\u021bat c\u0103 renun\u021b\u0103 la proiect, iar Consiliul Local Sector 4 urma s\u0103 ia act de decizia lui, B\u0103lu\u021b\u0103 a \u00eenceput oricum lucr\u0103rile, \u00een baza unei autoriza\u021bii emise de Prim\u0103ria Sectorului 3, de\u0219i&nbsp;<a href=\"https:\/\/buletin.de\/bucuresti\/lucrarile-la-planseul-unirii-nu-erau-avizate-nici-de-metrorex\/\">nu avea toate actele necesare<\/a>.<\/p>\n\n\n\n<p>La ora 00:00 a zilei de luni, 14 octombrie, utilajele constructorilor angaja\u021bi de la PS4 au \u00eenceput lucr\u0103rile \u00een Pia\u021ba Unirii din Bucure\u0219ti, \u00eens\u0103 lucrurile au degenerat, \u00een cele din urm\u0103, \u00eentr-o&nbsp;<a href=\"https:\/\/buletin.de\/bucuresti\/scandalul-planseului-filmul-unei-zile-in-care-institutiile-s-au-imbrancit\/\">\u00eembr\u00e2nceal\u0103 \u00eentre poli\u021bi\u0219tii locali<\/a>&nbsp;de la Prim\u0103ria General\u0103 \u0219i de la Sectorul 4,&nbsp;<a href=\"https:\/\/buletin.de\/bucuresti\/baluta-da-inapoi-retrage-oamenii-de-pe-santierul-din-piata-unirii-ce-va-fi-desfiintat\/\">\u0219antierul fiind \u00eenchis \u00een aceea\u0219i zi<\/a>&nbsp;de Nicu\u0219or Dan, care&nbsp;<a href=\"https:\/\/buletin.de\/bucuresti\/scandalul-planseului-se-amplifica-nicusor-dan-a-revenit-cu-buldozere-primaria-sector-4-sustine-ca-sunt-raniti\/\">a venit cu buldozere pentru a d\u0103r\u00e2ma gardurile.<\/a><\/p>\n\n\n\n<p>CITE\u0218TE \u0218I:<strong> <a href=\"https:\/\/buletin.de\/bucuresti\/armistitiu-dupa-batalia-din-piata-unirii-cooperare-totala-pentru-reabilitarea-planseului-din-centrul-capitalei\/\" target=\"_blank\" rel=\"noreferrer noopener\">Armisti\u0163iu dup\u0103 \u201eB\u0103t\u0103lia din Pia\u021ba Unirii\u201d. \u201eCooperare total\u0103\u201d pentru reabilitarea plan\u0219eului din centrul Capitalei<\/a><\/strong><\/p>\n\n\n\n<h2 class=\"wp-block-heading\" id=\"h-daniel-balu\u021ba-l-a-dat-in-judecata-pe-primarul-general\">Daniel B\u0103lu\u021b\u0103 l-a dat \u00een judecat\u0103 pe primarul general<\/h2>\n\n\n\n<p><strong>Daniel B\u0103lu\u021b\u0103 a anun\u021bat, \u00eentr-o conferin\u021b\u0103 de pres\u0103 de la finalul lunii martie, c\u0103 l-a dat \u00een judecat\u0103 pe primarul general Nicu\u0219or Dan, pentru c\u0103 ar fi blocat emiterea avizelor necesare pentru refacerea Plan\u0219eului Unirii.<\/strong><\/p>\n\n\n\n<p>Potrivit edilului de sector, toate documentele cerute de <a href=\"https:\/\/www.pmb.ro\/\" target=\"_blank\" rel=\"noreferrer noopener\">Prim\u0103ria Capitalei<\/a> au fost depuse \u00eenc\u0103 de atunci, \u00eens\u0103 Nicu\u0219or Dan nu a semnat avizul Comisiei Tehnice de Circula\u021bie \u0219i a fost acuzat de primarul de sector c\u0103 \u021bine proiectul blocat.<\/p>\n\n\n\n<p>Pe l\u00e2ng\u0103 procesul civil, Daniel B\u0103lu\u021b\u0103 a anun\u021bat c\u0103 \u00eei face \u0219i o pl\u00e2ngere penal\u0103 lui Nicu\u0219or Dan pentru abuz \u00een serviciu \u0219i neglijen\u021b\u0103, pentru c\u0103 ar \u00eempiedica \u00een mod inten\u021bionat buna desf\u0103\u0219urare a lucr\u0103rilor de infrastructur\u0103.<\/p>\n\n\n\n<p><strong>La acel moment, edilul de sector spunea, despre Nicu\u0219or Dan:<\/strong><\/p>\n\n\n\n<ul class=\"wp-block-list\">\n<li>\u201e\u00cemi pare r\u0103u pentru duritatea cuv\u00e2ntului, dar este un impostor \u0219i oamenii trebuie s\u0103 cunoasc\u0103 lucrul acesta \u0219i nu vor. Nu m\u0103 voi opri p\u00e2n\u0103 c\u00e2nd oamenii nu vor cunoa\u0219te adev\u0103rul despre acest individ\u201d;<\/li>\n\n\n\n<li>\u201eNicu\u0219or Dan, sunte\u021bi dezam\u0103girea general\u0103 a acestui ora\u0219\u201d;<\/li>\n\n\n\n<li>\u201e\u00cen fa\u021ba argumentelor, d\u00e2nsul este un mafiot\u201d;<\/li>\n\n\n\n<li>\u201eEu sunt \u0219ocat de faptul c\u0103 dac\u0103 l-ar suna, de exemplu, pre\u0219edintele Trump, pe domnul Nicu\u0219or Dan, tot a\u0219a n-ar r\u0103spunde la telefon\u201d.<\/li>\n<\/ul>\n\n\n\n<p><strong>CITE\u0218TE \u0218I: <a href=\"https:\/\/buletin.de\/bucuresti\/planseul-unirii-daniel-baluta-a-anuntat-ca-l-a-dat-in-judecata-pe-nicusor-dan-pentru-ca-nu-a-eliberat-avizele-necesare-pregateste-si-o-plangere-penala\/\">Plan\u0219eul Unirii | Daniel B\u0103lu\u021b\u0103 a anun\u021bat c\u0103 l-a dat \u00een judecat\u0103 pe Nicu\u0219or Dan, pentru c\u0103 nu a eliberat avizele necesare. Preg\u0103te\u0219te \u0219i o pl\u00e2ngere penal\u0103<\/a><\/strong><\/p>\n","protected":false},"excerpt":{"rendered":"<p>Prim\u0103ria Sectorului 4 a anun\u021bat c\u0103 Nicu\u0219or Dan a semnat, \u00een cele din urm\u0103, autoriza\u021bia de construire pentru refacerea din temelii a Plan\u0219eului Unirii. Documentul a fost emis de Prim\u0103ria Municipiului Bucure\u0219ti \u0219i semnat de primarul general \u00een ultima sa zi de mandat. \u201eM\u0103 bucur\u0103 faptul c\u0103, \u00een perioada imediat urm\u0103toare vom putea \u00eencepe lucr\u0103rile [&hellip;]<\/p>\n","protected":false},"author":59,"featured_media":132002,"comment_status":"closed","ping_status":"open","sticky":false,"template":"","format":"standard","meta":{"_acf_changed":false,"inline_featured_image":false,"ngg_post_thumbnail":0,"footnotes":""},"categories":[6994,24,62],"tags":[9,2054,223,3623,5270,2684],"ppma_author":[22572],"class_list":["post-131997","post","type-post","status-publish","format-standard","has-post-thumbnail","hentry","category-stiri-2","category-primarie","category-stiri","tag-bucuresti","tag-capitala","tag-nicusor-dan","tag-piata-unirii","tag-planseul-unirii","tag-primaria-sectorului-4"],"acf":[],"yoast_head":"<!-- This site is optimized with the Yoast SEO Premium plugin v25.3 (Yoast SEO v27.5) - https:\/\/yoast.com\/product\/yoast-seo-premium-wordpress\/ -->\n<title>Nicu\u0219or Dan a semnat autoriza\u021bia de construire pentru refacerea plan\u0219eului Unirii, \u00een ultima sa zi de mandat. Documentul, cauz\u0103 de conflict cu Daniel B\u0103lu\u021b\u0103 - Buletin de Bucure\u0219ti<\/title>\n<meta name=\"description\" content=\"Plan\u0219eul Unirii | Nicu\u0219or Dan a semnat autoriza\u021bia de construire, \u00een ultima sa zi de mandat, a anun\u021bat Prim\u0103ria Sectorului 4.\" \/>\n<meta name=\"robots\" content=\"index, follow, max-snippet:-1, max-image-preview:large, max-video-preview:-1\" \/>\n<link rel=\"canonical\" href=\"https:\/\/buletin.de\/bucuresti\/nicusor-dan-a-semnat-autorizatia-de-construire-pentru-refacerea-planseului-unirii-in-ultima-sa-zi-de-mandat\/\" \/>\n<meta property=\"og:locale\" content=\"en_GB\" \/>\n<meta property=\"og:type\" content=\"article\" \/>\n<meta property=\"og:title\" content=\"Nicu\u0219or Dan a semnat autoriza\u021bia de construire pentru refacerea plan\u0219eului Unirii, \u00een ultima sa zi de mandat. Documentul, cauz\u0103 de conflict cu Daniel B\u0103lu\u021b\u0103\" \/>\n<meta property=\"og:description\" content=\"Plan\u0219eul Unirii | Nicu\u0219or Dan a semnat autoriza\u021bia de construire, \u00een ultima sa zi de mandat, a anun\u021bat Prim\u0103ria Sectorului 4.\" \/>\n<meta property=\"og:url\" content=\"https:\/\/buletin.de\/bucuresti\/nicusor-dan-a-semnat-autorizatia-de-construire-pentru-refacerea-planseului-unirii-in-ultima-sa-zi-de-mandat\/\" \/>\n<meta property=\"og:site_name\" content=\"Buletin de Bucure\u0219ti\" \/>\n<meta property=\"article:publisher\" content=\"https:\/\/www.facebook.com\/buletin.de.buc\" \/>\n<meta property=\"article:published_time\" content=\"2025-05-26T11:00:01+00:00\" \/>\n<meta property=\"article:modified_time\" content=\"2025-05-27T06:37:01+00:00\" \/>\n<meta property=\"og:image\" content=\"https:\/\/buletin.de\/bucuresti\/wp-content\/uploads\/2025\/05\/planseulunirii.jpg\" \/>\n\t<meta property=\"og:image:width\" content=\"960\" \/>\n\t<meta property=\"og:image:height\" content=\"540\" \/>\n\t<meta property=\"og:image:type\" content=\"image\/jpeg\" \/>\n<meta name=\"author\" content=\"C\u0103t\u0103lin Anghel-Dimache\" \/>\n<meta name=\"twitter:card\" content=\"summary_large_image\" \/>\n<meta name=\"twitter:label1\" content=\"Written by\" \/>\n\t<meta name=\"twitter:data1\" content=\"C\u0103t\u0103lin Anghel-Dimache\" \/>\n\t<meta name=\"twitter:label2\" content=\"Estimated reading time\" \/>\n\t<meta name=\"twitter:data2\" content=\"4 minutes\" \/>\n<script type=\"application\/ld+json\" class=\"yoast-schema-graph\">{\"@context\":\"https:\\\/\\\/schema.org\",\"@graph\":[{\"@type\":\"Article\",\"@id\":\"https:\\\/\\\/buletin.de\\\/bucuresti\\\/nicusor-dan-a-semnat-autorizatia-de-construire-pentru-refacerea-planseului-unirii-in-ultima-sa-zi-de-mandat\\\/#article\",\"isPartOf\":{\"@id\":\"https:\\\/\\\/buletin.de\\\/bucuresti\\\/nicusor-dan-a-semnat-autorizatia-de-construire-pentru-refacerea-planseului-unirii-in-ultima-sa-zi-de-mandat\\\/\"},\"author\":{\"name\":\"C\u0103t\u0103lin Anghel-Dimache\",\"@id\":\"https:\\\/\\\/buletin.de\\\/bucuresti\\\/#\\\/schema\\\/person\\\/0ac9db30080482be87c7386a30f98796\"},\"headline\":\"Nicu\u0219or Dan a semnat autoriza\u021bia de construire pentru refacerea plan\u0219eului Unirii, \u00een ultima sa zi de mandat. Documentul, cauz\u0103 de conflict cu Daniel B\u0103lu\u021b\u0103\",\"datePublished\":\"2025-05-26T11:00:01+00:00\",\"dateModified\":\"2025-05-27T06:37:01+00:00\",\"mainEntityOfPage\":{\"@id\":\"https:\\\/\\\/buletin.de\\\/bucuresti\\\/nicusor-dan-a-semnat-autorizatia-de-construire-pentru-refacerea-planseului-unirii-in-ultima-sa-zi-de-mandat\\\/\"},\"wordCount\":956,\"publisher\":{\"@id\":\"https:\\\/\\\/buletin.de\\\/bucuresti\\\/#organization\"},\"image\":{\"@id\":\"https:\\\/\\\/buletin.de\\\/bucuresti\\\/nicusor-dan-a-semnat-autorizatia-de-construire-pentru-refacerea-planseului-unirii-in-ultima-sa-zi-de-mandat\\\/#primaryimage\"},\"thumbnailUrl\":\"https:\\\/\\\/buletin.de\\\/bucuresti\\\/wp-content\\\/uploads\\\/2025\\\/05\\\/planseulunirii.jpg\",\"keywords\":[\"bucuresti\",\"Capitala\",\"nicusor dan\",\"piata unirii\",\"planseul unirii\",\"Prim\u0103ria Sectorului 4\"],\"articleSection\":[\"Articole\",\"Prim\u0103rie\",\"\u0218tiri\"],\"inLanguage\":\"en-GB\",\"copyrightYear\":\"2025\",\"copyrightHolder\":{\"@id\":\"https:\\\/\\\/buletin.de\\\/bucuresti\\\/#organization\"}},{\"@type\":\"WebPage\",\"@id\":\"https:\\\/\\\/buletin.de\\\/bucuresti\\\/nicusor-dan-a-semnat-autorizatia-de-construire-pentru-refacerea-planseului-unirii-in-ultima-sa-zi-de-mandat\\\/\",\"url\":\"https:\\\/\\\/buletin.de\\\/bucuresti\\\/nicusor-dan-a-semnat-autorizatia-de-construire-pentru-refacerea-planseului-unirii-in-ultima-sa-zi-de-mandat\\\/\",\"name\":\"Nicu\u0219or Dan a semnat autoriza\u021bia de construire pentru refacerea plan\u0219eului Unirii, \u00een ultima sa zi de mandat. Documentul, cauz\u0103 de conflict cu Daniel B\u0103lu\u021b\u0103 - Buletin de Bucure\u0219ti\",\"isPartOf\":{\"@id\":\"https:\\\/\\\/buletin.de\\\/bucuresti\\\/#website\"},\"primaryImageOfPage\":{\"@id\":\"https:\\\/\\\/buletin.de\\\/bucuresti\\\/nicusor-dan-a-semnat-autorizatia-de-construire-pentru-refacerea-planseului-unirii-in-ultima-sa-zi-de-mandat\\\/#primaryimage\"},\"image\":{\"@id\":\"https:\\\/\\\/buletin.de\\\/bucuresti\\\/nicusor-dan-a-semnat-autorizatia-de-construire-pentru-refacerea-planseului-unirii-in-ultima-sa-zi-de-mandat\\\/#primaryimage\"},\"thumbnailUrl\":\"https:\\\/\\\/buletin.de\\\/bucuresti\\\/wp-content\\\/uploads\\\/2025\\\/05\\\/planseulunirii.jpg\",\"datePublished\":\"2025-05-26T11:00:01+00:00\",\"dateModified\":\"2025-05-27T06:37:01+00:00\",\"description\":\"Plan\u0219eul Unirii | Nicu\u0219or Dan a semnat autoriza\u021bia de construire, \u00een ultima sa zi de mandat, a anun\u021bat Prim\u0103ria Sectorului 4.\",\"breadcrumb\":{\"@id\":\"https:\\\/\\\/buletin.de\\\/bucuresti\\\/nicusor-dan-a-semnat-autorizatia-de-construire-pentru-refacerea-planseului-unirii-in-ultima-sa-zi-de-mandat\\\/#breadcrumb\"},\"inLanguage\":\"en-GB\",\"potentialAction\":[{\"@type\":\"ReadAction\",\"target\":[\"https:\\\/\\\/buletin.de\\\/bucuresti\\\/nicusor-dan-a-semnat-autorizatia-de-construire-pentru-refacerea-planseului-unirii-in-ultima-sa-zi-de-mandat\\\/\"]}]},{\"@type\":\"ImageObject\",\"inLanguage\":\"en-GB\",\"@id\":\"https:\\\/\\\/buletin.de\\\/bucuresti\\\/nicusor-dan-a-semnat-autorizatia-de-construire-pentru-refacerea-planseului-unirii-in-ultima-sa-zi-de-mandat\\\/#primaryimage\",\"url\":\"https:\\\/\\\/buletin.de\\\/bucuresti\\\/wp-content\\\/uploads\\\/2025\\\/05\\\/planseulunirii.jpg\",\"contentUrl\":\"https:\\\/\\\/buletin.de\\\/bucuresti\\\/wp-content\\\/uploads\\\/2025\\\/05\\\/planseulunirii.jpg\",\"width\":960,\"height\":540,\"caption\":\"Nicu\u0219or Dan a semnat autoriza\u021bia de construire, \u00een ultima sa zi de mandat. Foto: C\u0103t\u0103lin Radu\"},{\"@type\":\"BreadcrumbList\",\"@id\":\"https:\\\/\\\/buletin.de\\\/bucuresti\\\/nicusor-dan-a-semnat-autorizatia-de-construire-pentru-refacerea-planseului-unirii-in-ultima-sa-zi-de-mandat\\\/#breadcrumb\",\"itemListElement\":[{\"@type\":\"ListItem\",\"position\":1,\"name\":\"Acas\u0103\",\"item\":\"https:\\\/\\\/buletin.de\\\/bucuresti\\\/\"},{\"@type\":\"ListItem\",\"position\":2,\"name\":\"Nicu\u0219or Dan a semnat autoriza\u021bia de construire pentru refacerea plan\u0219eului Unirii, \u00een ultima sa zi de mandat. Documentul, cauz\u0103 de conflict cu Daniel B\u0103lu\u021b\u0103\"}]},{\"@type\":\"WebSite\",\"@id\":\"https:\\\/\\\/buletin.de\\\/bucuresti\\\/#website\",\"url\":\"https:\\\/\\\/buletin.de\\\/bucuresti\\\/\",\"name\":\"Buletin de Bucure\u0219ti\",\"description\":\"\u0218tiri \u0219i investiga\u021bii esen\u021biale din capital\u0103\",\"publisher\":{\"@id\":\"https:\\\/\\\/buletin.de\\\/bucuresti\\\/#organization\"},\"potentialAction\":[{\"@type\":\"SearchAction\",\"target\":{\"@type\":\"EntryPoint\",\"urlTemplate\":\"https:\\\/\\\/buletin.de\\\/bucuresti\\\/?s={search_term_string}\"},\"query-input\":{\"@type\":\"PropertyValueSpecification\",\"valueRequired\":true,\"valueName\":\"search_term_string\"}}],\"inLanguage\":\"en-GB\"},{\"@type\":\"Organization\",\"@id\":\"https:\\\/\\\/buletin.de\\\/bucuresti\\\/#organization\",\"name\":\"Buletin de Bucure\u0219ti\",\"url\":\"https:\\\/\\\/buletin.de\\\/bucuresti\\\/\",\"logo\":{\"@type\":\"ImageObject\",\"inLanguage\":\"en-GB\",\"@id\":\"https:\\\/\\\/buletin.de\\\/bucuresti\\\/#\\\/schema\\\/logo\\\/image\\\/\",\"url\":\"https:\\\/\\\/buletin.de\\\/bucuresti\\\/wp-content\\\/uploads\\\/logo-bdb-full-wide-vernil-transparent.png\",\"contentUrl\":\"https:\\\/\\\/buletin.de\\\/bucuresti\\\/wp-content\\\/uploads\\\/logo-bdb-full-wide-vernil-transparent.png\",\"width\":1782,\"height\":626,\"caption\":\"Buletin de Bucure\u0219ti\"},\"image\":{\"@id\":\"https:\\\/\\\/buletin.de\\\/bucuresti\\\/#\\\/schema\\\/logo\\\/image\\\/\"},\"sameAs\":[\"https:\\\/\\\/www.facebook.com\\\/buletin.de.buc\",\"https:\\\/\\\/www.instagram.com\\\/buletinde.bucuresti\\\/\"]},{\"@type\":\"Person\",\"@id\":\"https:\\\/\\\/buletin.de\\\/bucuresti\\\/#\\\/schema\\\/person\\\/0ac9db30080482be87c7386a30f98796\",\"name\":\"C\u0103t\u0103lin Anghel-Dimache\",\"image\":{\"@type\":\"ImageObject\",\"inLanguage\":\"en-GB\",\"@id\":\"https:\\\/\\\/buletin.de\\\/bucuresti\\\/wp-content\\\/uploads\\\/Catalin-Anghel-Dimache-96x96.jpgbd9e43c5b25186d5b8e917ac61ad86c4\",\"url\":\"https:\\\/\\\/buletin.de\\\/bucuresti\\\/wp-content\\\/uploads\\\/Catalin-Anghel-Dimache-96x96.jpg\",\"contentUrl\":\"https:\\\/\\\/buletin.de\\\/bucuresti\\\/wp-content\\\/uploads\\\/Catalin-Anghel-Dimache-96x96.jpg\",\"caption\":\"C\u0103t\u0103lin Anghel-Dimache\"},\"description\":\"A absolvit Facultatea de Jurnalism \u0219i \u0218tiin\u021bele Comunic\u0103rii a Universit\u0103\u021bii din Bucure\u0219ti \u00een 2024. Scrie despre mediu \u0219i teme sociale, dar \u0219i despre cum se reflect\u0103 ele \u00een via\u021ba cotidian\u0103 a bucure\u0219tenilor, cu un ochi atent la pove\u0219tile personale din spatele titlurilor. N\u0103scut \u0219i crescut \u00een Bucure\u0219ti, a f\u0103cut un pas c\u0103tre presa local\u0103, din pasiune pentru ora\u0219ul s\u0103u \u0219i oamenii din el.\",\"url\":\"https:\\\/\\\/buletin.de\\\/bucuresti\\\/author\\\/catalin-anghel-dimache\\\/\"}]}<\/script>\n<!-- \/ Yoast SEO Premium plugin. -->","yoast_head_json":{"title":"Nicu\u0219or Dan a semnat autoriza\u021bia de construire pentru refacerea plan\u0219eului Unirii, \u00een ultima sa zi de mandat. Documentul, cauz\u0103 de conflict cu Daniel B\u0103lu\u021b\u0103 - Buletin de Bucure\u0219ti","description":"Plan\u0219eul Unirii | Nicu\u0219or Dan a semnat autoriza\u021bia de construire, \u00een ultima sa zi de mandat, a anun\u021bat Prim\u0103ria Sectorului 4.","robots":{"index":"index","follow":"follow","max-snippet":"max-snippet:-1","max-image-preview":"max-image-preview:large","max-video-preview":"max-video-preview:-1"},"canonical":"https:\/\/buletin.de\/bucuresti\/nicusor-dan-a-semnat-autorizatia-de-construire-pentru-refacerea-planseului-unirii-in-ultima-sa-zi-de-mandat\/","og_locale":"en_GB","og_type":"article","og_title":"Nicu\u0219or Dan a semnat autoriza\u021bia de construire pentru refacerea plan\u0219eului Unirii, \u00een ultima sa zi de mandat. Documentul, cauz\u0103 de conflict cu Daniel B\u0103lu\u021b\u0103","og_description":"Plan\u0219eul Unirii | Nicu\u0219or Dan a semnat autoriza\u021bia de construire, \u00een ultima sa zi de mandat, a anun\u021bat Prim\u0103ria Sectorului 4.","og_url":"https:\/\/buletin.de\/bucuresti\/nicusor-dan-a-semnat-autorizatia-de-construire-pentru-refacerea-planseului-unirii-in-ultima-sa-zi-de-mandat\/","og_site_name":"Buletin de Bucure\u0219ti","article_publisher":"https:\/\/www.facebook.com\/buletin.de.buc","article_published_time":"2025-05-26T11:00:01+00:00","article_modified_time":"2025-05-27T06:37:01+00:00","og_image":[{"width":960,"height":540,"url":"https:\/\/buletin.de\/bucuresti\/wp-content\/uploads\/2025\/05\/planseulunirii.jpg","type":"image\/jpeg"}],"author":"C\u0103t\u0103lin Anghel-Dimache","twitter_card":"summary_large_image","twitter_misc":{"Written by":"C\u0103t\u0103lin Anghel-Dimache","Estimated reading time":"4 minutes"},"schema":{"@context":"https:\/\/schema.org","@graph":[{"@type":"Article","@id":"https:\/\/buletin.de\/bucuresti\/nicusor-dan-a-semnat-autorizatia-de-construire-pentru-refacerea-planseului-unirii-in-ultima-sa-zi-de-mandat\/#article","isPartOf":{"@id":"https:\/\/buletin.de\/bucuresti\/nicusor-dan-a-semnat-autorizatia-de-construire-pentru-refacerea-planseului-unirii-in-ultima-sa-zi-de-mandat\/"},"author":{"name":"C\u0103t\u0103lin Anghel-Dimache","@id":"https:\/\/buletin.de\/bucuresti\/#\/schema\/person\/0ac9db30080482be87c7386a30f98796"},"headline":"Nicu\u0219or Dan a semnat autoriza\u021bia de construire pentru refacerea plan\u0219eului Unirii, \u00een ultima sa zi de mandat. Documentul, cauz\u0103 de conflict cu Daniel B\u0103lu\u021b\u0103","datePublished":"2025-05-26T11:00:01+00:00","dateModified":"2025-05-27T06:37:01+00:00","mainEntityOfPage":{"@id":"https:\/\/buletin.de\/bucuresti\/nicusor-dan-a-semnat-autorizatia-de-construire-pentru-refacerea-planseului-unirii-in-ultima-sa-zi-de-mandat\/"},"wordCount":956,"publisher":{"@id":"https:\/\/buletin.de\/bucuresti\/#organization"},"image":{"@id":"https:\/\/buletin.de\/bucuresti\/nicusor-dan-a-semnat-autorizatia-de-construire-pentru-refacerea-planseului-unirii-in-ultima-sa-zi-de-mandat\/#primaryimage"},"thumbnailUrl":"https:\/\/buletin.de\/bucuresti\/wp-content\/uploads\/2025\/05\/planseulunirii.jpg","keywords":["bucuresti","Capitala","nicusor dan","piata unirii","planseul unirii","Prim\u0103ria Sectorului 4"],"articleSection":["Articole","Prim\u0103rie","\u0218tiri"],"inLanguage":"en-GB","copyrightYear":"2025","copyrightHolder":{"@id":"https:\/\/buletin.de\/bucuresti\/#organization"}},{"@type":"WebPage","@id":"https:\/\/buletin.de\/bucuresti\/nicusor-dan-a-semnat-autorizatia-de-construire-pentru-refacerea-planseului-unirii-in-ultima-sa-zi-de-mandat\/","url":"https:\/\/buletin.de\/bucuresti\/nicusor-dan-a-semnat-autorizatia-de-construire-pentru-refacerea-planseului-unirii-in-ultima-sa-zi-de-mandat\/","name":"Nicu\u0219or Dan a semnat autoriza\u021bia de construire pentru refacerea plan\u0219eului Unirii, \u00een ultima sa zi de mandat. Documentul, cauz\u0103 de conflict cu Daniel B\u0103lu\u021b\u0103 - Buletin de Bucure\u0219ti","isPartOf":{"@id":"https:\/\/buletin.de\/bucuresti\/#website"},"primaryImageOfPage":{"@id":"https:\/\/buletin.de\/bucuresti\/nicusor-dan-a-semnat-autorizatia-de-construire-pentru-refacerea-planseului-unirii-in-ultima-sa-zi-de-mandat\/#primaryimage"},"image":{"@id":"https:\/\/buletin.de\/bucuresti\/nicusor-dan-a-semnat-autorizatia-de-construire-pentru-refacerea-planseului-unirii-in-ultima-sa-zi-de-mandat\/#primaryimage"},"thumbnailUrl":"https:\/\/buletin.de\/bucuresti\/wp-content\/uploads\/2025\/05\/planseulunirii.jpg","datePublished":"2025-05-26T11:00:01+00:00","dateModified":"2025-05-27T06:37:01+00:00","description":"Plan\u0219eul Unirii | Nicu\u0219or Dan a semnat autoriza\u021bia de construire, \u00een ultima sa zi de mandat, a anun\u021bat Prim\u0103ria Sectorului 4.","breadcrumb":{"@id":"https:\/\/buletin.de\/bucuresti\/nicusor-dan-a-semnat-autorizatia-de-construire-pentru-refacerea-planseului-unirii-in-ultima-sa-zi-de-mandat\/#breadcrumb"},"inLanguage":"en-GB","potentialAction":[{"@type":"ReadAction","target":["https:\/\/buletin.de\/bucuresti\/nicusor-dan-a-semnat-autorizatia-de-construire-pentru-refacerea-planseului-unirii-in-ultima-sa-zi-de-mandat\/"]}]},{"@type":"ImageObject","inLanguage":"en-GB","@id":"https:\/\/buletin.de\/bucuresti\/nicusor-dan-a-semnat-autorizatia-de-construire-pentru-refacerea-planseului-unirii-in-ultima-sa-zi-de-mandat\/#primaryimage","url":"https:\/\/buletin.de\/bucuresti\/wp-content\/uploads\/2025\/05\/planseulunirii.jpg","contentUrl":"https:\/\/buletin.de\/bucuresti\/wp-content\/uploads\/2025\/05\/planseulunirii.jpg","width":960,"height":540,"caption":"Nicu\u0219or Dan a semnat autoriza\u021bia de construire, \u00een ultima sa zi de mandat. Foto: C\u0103t\u0103lin Radu"},{"@type":"BreadcrumbList","@id":"https:\/\/buletin.de\/bucuresti\/nicusor-dan-a-semnat-autorizatia-de-construire-pentru-refacerea-planseului-unirii-in-ultima-sa-zi-de-mandat\/#breadcrumb","itemListElement":[{"@type":"ListItem","position":1,"name":"Acas\u0103","item":"https:\/\/buletin.de\/bucuresti\/"},{"@type":"ListItem","position":2,"name":"Nicu\u0219or Dan a semnat autoriza\u021bia de construire pentru refacerea plan\u0219eului Unirii, \u00een ultima sa zi de mandat. Documentul, cauz\u0103 de conflict cu Daniel B\u0103lu\u021b\u0103"}]},{"@type":"WebSite","@id":"https:\/\/buletin.de\/bucuresti\/#website","url":"https:\/\/buletin.de\/bucuresti\/","name":"Buletin de Bucure\u0219ti","description":"\u0218tiri \u0219i investiga\u021bii esen\u021biale din capital\u0103","publisher":{"@id":"https:\/\/buletin.de\/bucuresti\/#organization"},"potentialAction":[{"@type":"SearchAction","target":{"@type":"EntryPoint","urlTemplate":"https:\/\/buletin.de\/bucuresti\/?s={search_term_string}"},"query-input":{"@type":"PropertyValueSpecification","valueRequired":true,"valueName":"search_term_string"}}],"inLanguage":"en-GB"},{"@type":"Organization","@id":"https:\/\/buletin.de\/bucuresti\/#organization","name":"Buletin de Bucure\u0219ti","url":"https:\/\/buletin.de\/bucuresti\/","logo":{"@type":"ImageObject","inLanguage":"en-GB","@id":"https:\/\/buletin.de\/bucuresti\/#\/schema\/logo\/image\/","url":"https:\/\/buletin.de\/bucuresti\/wp-content\/uploads\/logo-bdb-full-wide-vernil-transparent.png","contentUrl":"https:\/\/buletin.de\/bucuresti\/wp-content\/uploads\/logo-bdb-full-wide-vernil-transparent.png","width":1782,"height":626,"caption":"Buletin de Bucure\u0219ti"},"image":{"@id":"https:\/\/buletin.de\/bucuresti\/#\/schema\/logo\/image\/"},"sameAs":["https:\/\/www.facebook.com\/buletin.de.buc","https:\/\/www.instagram.com\/buletinde.bucuresti\/"]},{"@type":"Person","@id":"https:\/\/buletin.de\/bucuresti\/#\/schema\/person\/0ac9db30080482be87c7386a30f98796","name":"C\u0103t\u0103lin Anghel-Dimache","image":{"@type":"ImageObject","inLanguage":"en-GB","@id":"https:\/\/buletin.de\/bucuresti\/wp-content\/uploads\/Catalin-Anghel-Dimache-96x96.jpgbd9e43c5b25186d5b8e917ac61ad86c4","url":"https:\/\/buletin.de\/bucuresti\/wp-content\/uploads\/Catalin-Anghel-Dimache-96x96.jpg","contentUrl":"https:\/\/buletin.de\/bucuresti\/wp-content\/uploads\/Catalin-Anghel-Dimache-96x96.jpg","caption":"C\u0103t\u0103lin Anghel-Dimache"},"description":"A absolvit Facultatea de Jurnalism \u0219i \u0218tiin\u021bele Comunic\u0103rii a Universit\u0103\u021bii din Bucure\u0219ti \u00een 2024. Scrie despre mediu \u0219i teme sociale, dar \u0219i despre cum se reflect\u0103 ele \u00een via\u021ba cotidian\u0103 a bucure\u0219tenilor, cu un ochi atent la pove\u0219tile personale din spatele titlurilor. N\u0103scut \u0219i crescut \u00een Bucure\u0219ti, a f\u0103cut un pas c\u0103tre presa local\u0103, din pasiune pentru ora\u0219ul s\u0103u \u0219i oamenii din el.","url":"https:\/\/buletin.de\/bucuresti\/author\/catalin-anghel-dimache\/"}]}},"authors":[{"term_id":22572,"user_id":59,"is_guest":0,"slug":"catalin-anghel-dimache","display_name":"C\u0103t\u0103lin Anghel-Dimache","avatar_url":"https:\/\/buletin.de\/bucuresti\/wp-content\/uploads\/Catalin-Anghel-Dimache-96x96.jpg","0":null,"1":"","2":"","3":"","4":"","5":"","6":"","7":"","8":""}],"_links":{"self":[{"href":"https:\/\/buletin.de\/bucuresti\/wp-json\/wp\/v2\/posts\/131997","targetHints":{"allow":["GET"]}}],"collection":[{"href":"https:\/\/buletin.de\/bucuresti\/wp-json\/wp\/v2\/posts"}],"about":[{"href":"https:\/\/buletin.de\/bucuresti\/wp-json\/wp\/v2\/types\/post"}],"author":[{"embeddable":true,"href":"https:\/\/buletin.de\/bucuresti\/wp-json\/wp\/v2\/users\/59"}],"replies":[{"embeddable":true,"href":"https:\/\/buletin.de\/bucuresti\/wp-json\/wp\/v2\/comments?post=131997"}],"version-history":[{"count":5,"href":"https:\/\/buletin.de\/bucuresti\/wp-json\/wp\/v2\/posts\/131997\/revisions"}],"predecessor-version":[{"id":132017,"href":"https:\/\/buletin.de\/bucuresti\/wp-json\/wp\/v2\/posts\/131997\/revisions\/132017"}],"wp:featuredmedia":[{"embeddable":true,"href":"https:\/\/buletin.de\/bucuresti\/wp-json\/wp\/v2\/media\/132002"}],"wp:attachment":[{"href":"https:\/\/buletin.de\/bucuresti\/wp-json\/wp\/v2\/media?parent=131997"}],"wp:term":[{"taxonomy":"category","embeddable":true,"href":"https:\/\/buletin.de\/bucuresti\/wp-json\/wp\/v2\/categories?post=131997"},{"taxonomy":"post_tag","embeddable":true,"href":"https:\/\/buletin.de\/bucuresti\/wp-json\/wp\/v2\/tags?post=131997"},{"taxonomy":"author","embeddable":true,"href":"https:\/\/buletin.de\/bucuresti\/wp-json\/wp\/v2\/ppma_author?post=131997"}],"curies":[{"name":"wp","href":"https:\/\/api.w.org\/{rel}","templated":true}]}}