{"id":131931,"date":"2025-05-26T06:48:00","date_gmt":"2025-05-26T03:48:00","guid":{"rendered":"https:\/\/buletin.de\/bucuresti\/?p=131931"},"modified":"2025-05-26T14:05:03","modified_gmt":"2025-05-26T11:05:03","slug":"primaria-sectorului-2-cere-in-administrare-parcul-circului-de-la-primaria-generala-motivele-transferului","status":"publish","type":"post","link":"https:\/\/buletin.de\/bucuresti\/primaria-sectorului-2-cere-in-administrare-parcul-circului-de-la-primaria-generala-motivele-transferului\/","title":{"rendered":"Prim\u0103ria Sectorului 2 cere \u00een administrare Parcul Circului, de la Prim\u0103ria General\u0103. Motivele transferului"},"content":{"rendered":"\n<p><strong>Parcul Circului este cerut \u00een administrare de Prim\u0103ria Sectorului 2, la ini\u0163iativa primarului Rare\u015f Hopinc\u0103. \u00cen acest moment, parcul este administrat de Prim\u0103ria Municipiului Bucure\u015fti. Edili de sector vor parcul \u00een subordinea lor \u201e\u00een scopul igieniz\u0103rii, regener\u0103rii, amenaj\u0103rii peisagistice, plant\u0103rii de vegeta\u0163ie nativ\u0103 \u015fi a realiz\u0103rii unui habitat<br>favorabil diferitelor specii de plante \u015fi animale ce tr\u0103iesc aici, ac\u0163iuni \u015fi proiecte de regenerare urban\u0103 \u015fi de dezvoltare durabil\u0103, pentru atingerea obiectivelor de protec\u0163ie a mediului \u015fi de tranzi\u0163ie c\u0103tre neutralitate climatic\u0103\u201d.<\/strong><\/p>\n\n\n\n<p>Parcul de 143.808 de metri p\u0103tra\u0163i a mai fost cerut \u00een 2022, de la Administra\u0163ia Lacuri, Parcuri \u015fi Agrement Bucure\u015fti, \u00eens\u0103 la acel moment, hot\u0103r\u00e2rea de Consiliu Local nu a produs efecte, drept urmare acum se cere \u00eencetarea aplicabilit\u0103\u0163ii acesteia. Noua hot\u0103r\u00e2re are alt\u0103 fundamentare, argumenteaz\u0103 edilii.<\/p>\n\n\n\n<p>Mai exact, sunt urm\u0103rite o serie de obiective prin acest demers, dup\u0103 cum urmeaz\u0103: <\/p>\n\n\n\n<ul class=\"wp-block-list\">\n<li>Integrarea Parcului Circului \u00een programul local de regenerare urban\u0103 verde, derulat etapizat \u00een Sectorul 2;<\/li>\n\n\n\n<li>Modernizarea infrastructurii existente (alelile, mobilierul urban, iluminatul, iriga\u0163iile);<\/li>\n\n\n\n<li>Reabilitarea \u015fi diversificarea vegeta\u0163iei, cu accent pe specii native \u015fi reziliente;<\/li>\n\n\n\n<li>Crearea de microclimate urbane \u015fi spa\u0163ii adaptate schimb\u0103rilor climatice;<\/li>\n\n\n\n<li>Promovarea mobilit\u0103\u0163ii durabile (acces pietonal, piste de biciclete, spa\u0163ii sigure);<\/li>\n\n\n\n<li>Dezvoltarea unor programe de educa\u0163ie ecologic\u0103 \u015fi activit\u0103\u0163i comunitare \u00een cadrul<br>parcului;<\/li>\n\n\n\n<li>\u00cembun\u0103t\u0103\u0163irea calit\u0103\u0163ii vie\u0163ii locuitorilor prin cre\u015fterea accesului la spa\u0163ii verzi moderne,<br>sigure \u015fi bine \u00eentre\u0163inute.<br><br>Beneficiile anticipate ale acestui transferul:<\/li>\n\n\n\n<li>Gestionare eficient\u0103, sustenabil\u0103 \u015fi integrat\u0103 a Parcului Circului;<\/li>\n\n\n\n<li>Implementarea unor proiecte de mediu care contribuie la:<br>-neutralitatea climatic\u0103 ;<br>-reducerea amprentei de carbon;<br>-economia circular\u0103;<br>-cre\u015fterea biodiversit\u0103\u0163ii urbane;<\/li>\n\n\n\n<li>Posibilitatea ob\u0163inerii de finan\u0163\u0103ri europene \u015fi na\u0163ionale pentru lucr\u0103ri de regenerare urban\u0103;<\/li>\n\n\n\n<li>Crearea unui model de bun\u0103 practic\u0103 pentru gestionarea spa\u0163iilor verzi de interes local<br><br><\/li>\n<\/ul>\n\n\n\n<p>Parcul Circului a fost amenajat la \u00eenceputul anilor &#8217;60. \u00cenainte de a fi parc, \u00een acea loca\u0163ie se excava argil\u0103 pentru fabrica de c\u0103r\u0103mid\u0103 Tonola, se arat\u0103 \u00eentr-un <a href=\"https:\/\/ro.wikipedia.org\/wiki\/Parcul_Circul_de_Stat\">articol Wikipedia<\/a> pe aceast\u0103 tem\u0103.<\/p>\n\n\n\n<p><strong>CITE\u015eTE \u015eI:<\/strong> <a href=\"https:\/\/buletin.de\/bucuresti\/sector-6-premii-pentru-elevii-si-profesorii-de-la-colegiul-national-grigore-moisil-proiectul-trebuie-sa-fie-votat-in-consiliul-local\/\">Sector 6 | Premii pentru elevii \u0219i profesorii de la Colegiul Na\u021bional \u201eGrigore Moisil\u201d. Proiectul trebuie s\u0103 fie votat \u00een Consiliul Local<\/a><br><\/p>\n\n\n\n<p><\/p>\n","protected":false},"excerpt":{"rendered":"<p>Parcul Circului este cerut \u00een administrare de Prim\u0103ria Sectorului 2, la ini\u0163iativa primarului Rare\u015f Hopinc\u0103. \u00cen acest moment, parcul este administrat de Prim\u0103ria Municipiului Bucure\u015fti. Edili de sector vor parcul \u00een subordinea lor \u201e\u00een scopul igieniz\u0103rii, regener\u0103rii, amenaj\u0103rii peisagistice, plant\u0103rii de vegeta\u0163ie nativ\u0103 \u015fi a realiz\u0103rii unui habitatfavorabil diferitelor specii de plante \u015fi animale ce [&hellip;]<\/p>\n","protected":false},"author":8,"featured_media":131932,"comment_status":"closed","ping_status":"open","sticky":false,"template":"","format":"standard","meta":{"_acf_changed":false,"inline_featured_image":false,"ngg_post_thumbnail":0,"footnotes":""},"categories":[6994,5762,109,24],"tags":[21603,1097,3987,104,228,7088,229],"ppma_author":[22586],"class_list":["post-131931","post","type-post","status-publish","format-standard","has-post-thumbnail","hentry","category-stiri-2","category-main","category-mediu","category-primarie","tag-adpdu-s2","tag-alpab","tag-parcul-circului","tag-pmb","tag-primaria-sectorului-2","tag-rares-hopinca-2","tag-sector-2"],"acf":[],"yoast_head":"<!-- This site is optimized with the Yoast SEO Premium plugin v25.3 (Yoast SEO v27.4) - https:\/\/yoast.com\/product\/yoast-seo-premium-wordpress\/ -->\n<title>Prim\u0103ria Sectorului 2 cere \u00een administrare Parcul Circului, de la Prim\u0103ria General\u0103. Motivele transferului - Buletin de Bucure\u0219ti<\/title>\n<meta name=\"description\" content=\"Parcul Circului este cerut \u00een administrare de Prim\u0103ria Sectorului 2, la ini\u0163iativa primarului Rare\u015f Hopinc\u0103.\" \/>\n<meta name=\"robots\" content=\"index, follow, max-snippet:-1, max-image-preview:large, max-video-preview:-1\" \/>\n<link rel=\"canonical\" href=\"https:\/\/buletin.de\/bucuresti\/primaria-sectorului-2-cere-in-administrare-parcul-circului-de-la-primaria-generala-motivele-transferului\/\" \/>\n<meta property=\"og:locale\" content=\"en_GB\" \/>\n<meta property=\"og:type\" content=\"article\" \/>\n<meta property=\"og:title\" content=\"Prim\u0103ria Sectorului 2 cere \u00een administrare Parcul Circului, de la Prim\u0103ria General\u0103. Motivele transferului\" \/>\n<meta property=\"og:description\" content=\"Parcul Circului este cerut \u00een administrare de Prim\u0103ria Sectorului 2, la ini\u0163iativa primarului Rare\u015f Hopinc\u0103.\" \/>\n<meta property=\"og:url\" content=\"https:\/\/buletin.de\/bucuresti\/primaria-sectorului-2-cere-in-administrare-parcul-circului-de-la-primaria-generala-motivele-transferului\/\" \/>\n<meta property=\"og:site_name\" content=\"Buletin de Bucure\u0219ti\" \/>\n<meta property=\"article:publisher\" content=\"https:\/\/www.facebook.com\/buletin.de.buc\" \/>\n<meta property=\"article:published_time\" content=\"2025-05-26T03:48:00+00:00\" \/>\n<meta property=\"article:modified_time\" content=\"2025-05-26T11:05:03+00:00\" \/>\n<meta property=\"og:image\" content=\"https:\/\/buletin.de\/bucuresti\/wp-content\/uploads\/2025\/05\/coltisor-parcul-circului.png\" \/>\n\t<meta property=\"og:image:width\" content=\"1103\" \/>\n\t<meta property=\"og:image:height\" content=\"682\" \/>\n\t<meta property=\"og:image:type\" content=\"image\/png\" \/>\n<meta name=\"author\" content=\"Ionu\u021b Lepa\" \/>\n<meta name=\"twitter:card\" content=\"summary_large_image\" \/>\n<meta name=\"twitter:label1\" content=\"Written by\" \/>\n\t<meta name=\"twitter:data1\" content=\"Ionu\u021b Lepa\" \/>\n\t<meta name=\"twitter:label2\" content=\"Estimated reading time\" \/>\n\t<meta name=\"twitter:data2\" content=\"2 minutes\" \/>\n<script type=\"application\/ld+json\" class=\"yoast-schema-graph\">{\"@context\":\"https:\\\/\\\/schema.org\",\"@graph\":[{\"@type\":\"Article\",\"@id\":\"https:\\\/\\\/buletin.de\\\/bucuresti\\\/primaria-sectorului-2-cere-in-administrare-parcul-circului-de-la-primaria-generala-motivele-transferului\\\/#article\",\"isPartOf\":{\"@id\":\"https:\\\/\\\/buletin.de\\\/bucuresti\\\/primaria-sectorului-2-cere-in-administrare-parcul-circului-de-la-primaria-generala-motivele-transferului\\\/\"},\"author\":{\"name\":\"Ionu\u021b Lepa\",\"@id\":\"https:\\\/\\\/buletin.de\\\/bucuresti\\\/#\\\/schema\\\/person\\\/5272b8a057b33890940b57b837fc4ce6\"},\"headline\":\"Prim\u0103ria Sectorului 2 cere \u00een administrare Parcul Circului, de la Prim\u0103ria General\u0103. Motivele transferului\",\"datePublished\":\"2025-05-26T03:48:00+00:00\",\"dateModified\":\"2025-05-26T11:05:03+00:00\",\"mainEntityOfPage\":{\"@id\":\"https:\\\/\\\/buletin.de\\\/bucuresti\\\/primaria-sectorului-2-cere-in-administrare-parcul-circului-de-la-primaria-generala-motivele-transferului\\\/\"},\"wordCount\":394,\"publisher\":{\"@id\":\"https:\\\/\\\/buletin.de\\\/bucuresti\\\/#organization\"},\"image\":{\"@id\":\"https:\\\/\\\/buletin.de\\\/bucuresti\\\/primaria-sectorului-2-cere-in-administrare-parcul-circului-de-la-primaria-generala-motivele-transferului\\\/#primaryimage\"},\"thumbnailUrl\":\"https:\\\/\\\/buletin.de\\\/bucuresti\\\/wp-content\\\/uploads\\\/2025\\\/05\\\/coltisor-parcul-circului.png\",\"keywords\":[\"adpdu s2\",\"alpab\",\"parcul circului\",\"pmb\",\"primaria sectorului 2\",\"rares hopinca\",\"Sector 2\"],\"articleSection\":[\"Articole\",\"Main\",\"Mediu\",\"Prim\u0103rie\"],\"inLanguage\":\"en-GB\",\"copyrightYear\":\"2025\",\"copyrightHolder\":{\"@id\":\"https:\\\/\\\/buletin.de\\\/bucuresti\\\/#organization\"}},{\"@type\":\"WebPage\",\"@id\":\"https:\\\/\\\/buletin.de\\\/bucuresti\\\/primaria-sectorului-2-cere-in-administrare-parcul-circului-de-la-primaria-generala-motivele-transferului\\\/\",\"url\":\"https:\\\/\\\/buletin.de\\\/bucuresti\\\/primaria-sectorului-2-cere-in-administrare-parcul-circului-de-la-primaria-generala-motivele-transferului\\\/\",\"name\":\"Prim\u0103ria Sectorului 2 cere \u00een administrare Parcul Circului, de la Prim\u0103ria General\u0103. Motivele transferului - Buletin de Bucure\u0219ti\",\"isPartOf\":{\"@id\":\"https:\\\/\\\/buletin.de\\\/bucuresti\\\/#website\"},\"primaryImageOfPage\":{\"@id\":\"https:\\\/\\\/buletin.de\\\/bucuresti\\\/primaria-sectorului-2-cere-in-administrare-parcul-circului-de-la-primaria-generala-motivele-transferului\\\/#primaryimage\"},\"image\":{\"@id\":\"https:\\\/\\\/buletin.de\\\/bucuresti\\\/primaria-sectorului-2-cere-in-administrare-parcul-circului-de-la-primaria-generala-motivele-transferului\\\/#primaryimage\"},\"thumbnailUrl\":\"https:\\\/\\\/buletin.de\\\/bucuresti\\\/wp-content\\\/uploads\\\/2025\\\/05\\\/coltisor-parcul-circului.png\",\"datePublished\":\"2025-05-26T03:48:00+00:00\",\"dateModified\":\"2025-05-26T11:05:03+00:00\",\"description\":\"Parcul Circului este cerut \u00een administrare de Prim\u0103ria Sectorului 2, la ini\u0163iativa primarului Rare\u015f Hopinc\u0103.\",\"breadcrumb\":{\"@id\":\"https:\\\/\\\/buletin.de\\\/bucuresti\\\/primaria-sectorului-2-cere-in-administrare-parcul-circului-de-la-primaria-generala-motivele-transferului\\\/#breadcrumb\"},\"inLanguage\":\"en-GB\",\"potentialAction\":[{\"@type\":\"ReadAction\",\"target\":[\"https:\\\/\\\/buletin.de\\\/bucuresti\\\/primaria-sectorului-2-cere-in-administrare-parcul-circului-de-la-primaria-generala-motivele-transferului\\\/\"]}]},{\"@type\":\"ImageObject\",\"inLanguage\":\"en-GB\",\"@id\":\"https:\\\/\\\/buletin.de\\\/bucuresti\\\/primaria-sectorului-2-cere-in-administrare-parcul-circului-de-la-primaria-generala-motivele-transferului\\\/#primaryimage\",\"url\":\"https:\\\/\\\/buletin.de\\\/bucuresti\\\/wp-content\\\/uploads\\\/2025\\\/05\\\/coltisor-parcul-circului.png\",\"contentUrl\":\"https:\\\/\\\/buletin.de\\\/bucuresti\\\/wp-content\\\/uploads\\\/2025\\\/05\\\/coltisor-parcul-circului.png\",\"width\":1103,\"height\":682,\"caption\":\"O parte din Parcul Circului. FOTO: Google Street View\"},{\"@type\":\"BreadcrumbList\",\"@id\":\"https:\\\/\\\/buletin.de\\\/bucuresti\\\/primaria-sectorului-2-cere-in-administrare-parcul-circului-de-la-primaria-generala-motivele-transferului\\\/#breadcrumb\",\"itemListElement\":[{\"@type\":\"ListItem\",\"position\":1,\"name\":\"Acas\u0103\",\"item\":\"https:\\\/\\\/buletin.de\\\/bucuresti\\\/\"},{\"@type\":\"ListItem\",\"position\":2,\"name\":\"Prim\u0103ria Sectorului 2 cere \u00een administrare Parcul Circului, de la Prim\u0103ria General\u0103. Motivele transferului\"}]},{\"@type\":\"WebSite\",\"@id\":\"https:\\\/\\\/buletin.de\\\/bucuresti\\\/#website\",\"url\":\"https:\\\/\\\/buletin.de\\\/bucuresti\\\/\",\"name\":\"Buletin de Bucure\u0219ti\",\"description\":\"\u0218tiri \u0219i investiga\u021bii esen\u021biale din capital\u0103\",\"publisher\":{\"@id\":\"https:\\\/\\\/buletin.de\\\/bucuresti\\\/#organization\"},\"potentialAction\":[{\"@type\":\"SearchAction\",\"target\":{\"@type\":\"EntryPoint\",\"urlTemplate\":\"https:\\\/\\\/buletin.de\\\/bucuresti\\\/?s={search_term_string}\"},\"query-input\":{\"@type\":\"PropertyValueSpecification\",\"valueRequired\":true,\"valueName\":\"search_term_string\"}}],\"inLanguage\":\"en-GB\"},{\"@type\":\"Organization\",\"@id\":\"https:\\\/\\\/buletin.de\\\/bucuresti\\\/#organization\",\"name\":\"Buletin de Bucure\u0219ti\",\"url\":\"https:\\\/\\\/buletin.de\\\/bucuresti\\\/\",\"logo\":{\"@type\":\"ImageObject\",\"inLanguage\":\"en-GB\",\"@id\":\"https:\\\/\\\/buletin.de\\\/bucuresti\\\/#\\\/schema\\\/logo\\\/image\\\/\",\"url\":\"https:\\\/\\\/buletin.de\\\/bucuresti\\\/wp-content\\\/uploads\\\/logo-bdb-full-wide-vernil-transparent.png\",\"contentUrl\":\"https:\\\/\\\/buletin.de\\\/bucuresti\\\/wp-content\\\/uploads\\\/logo-bdb-full-wide-vernil-transparent.png\",\"width\":1782,\"height\":626,\"caption\":\"Buletin de Bucure\u0219ti\"},\"image\":{\"@id\":\"https:\\\/\\\/buletin.de\\\/bucuresti\\\/#\\\/schema\\\/logo\\\/image\\\/\"},\"sameAs\":[\"https:\\\/\\\/www.facebook.com\\\/buletin.de.buc\",\"https:\\\/\\\/www.instagram.com\\\/buletinde.bucuresti\\\/\"]},{\"@type\":\"Person\",\"@id\":\"https:\\\/\\\/buletin.de\\\/bucuresti\\\/#\\\/schema\\\/person\\\/5272b8a057b33890940b57b837fc4ce6\",\"name\":\"Ionu\u021b Lepa\",\"image\":{\"@type\":\"ImageObject\",\"inLanguage\":\"en-GB\",\"@id\":\"https:\\\/\\\/buletin.de\\\/bucuresti\\\/wp-content\\\/uploads\\\/Ionut-Lepa-96x96.jpg5c4e4d9e049808799a8821652d2410a4\",\"url\":\"https:\\\/\\\/buletin.de\\\/bucuresti\\\/wp-content\\\/uploads\\\/Ionut-Lepa-96x96.jpg\",\"contentUrl\":\"https:\\\/\\\/buletin.de\\\/bucuresti\\\/wp-content\\\/uploads\\\/Ionut-Lepa-96x96.jpg\",\"caption\":\"Ionu\u021b Lepa\"},\"url\":\"https:\\\/\\\/buletin.de\\\/bucuresti\\\/author\\\/ionutlepa\\\/\"}]}<\/script>\n<!-- \/ Yoast SEO Premium plugin. -->","yoast_head_json":{"title":"Prim\u0103ria Sectorului 2 cere \u00een administrare Parcul Circului, de la Prim\u0103ria General\u0103. Motivele transferului - Buletin de Bucure\u0219ti","description":"Parcul Circului este cerut \u00een administrare de Prim\u0103ria Sectorului 2, la ini\u0163iativa primarului Rare\u015f Hopinc\u0103.","robots":{"index":"index","follow":"follow","max-snippet":"max-snippet:-1","max-image-preview":"max-image-preview:large","max-video-preview":"max-video-preview:-1"},"canonical":"https:\/\/buletin.de\/bucuresti\/primaria-sectorului-2-cere-in-administrare-parcul-circului-de-la-primaria-generala-motivele-transferului\/","og_locale":"en_GB","og_type":"article","og_title":"Prim\u0103ria Sectorului 2 cere \u00een administrare Parcul Circului, de la Prim\u0103ria General\u0103. Motivele transferului","og_description":"Parcul Circului este cerut \u00een administrare de Prim\u0103ria Sectorului 2, la ini\u0163iativa primarului Rare\u015f Hopinc\u0103.","og_url":"https:\/\/buletin.de\/bucuresti\/primaria-sectorului-2-cere-in-administrare-parcul-circului-de-la-primaria-generala-motivele-transferului\/","og_site_name":"Buletin de Bucure\u0219ti","article_publisher":"https:\/\/www.facebook.com\/buletin.de.buc","article_published_time":"2025-05-26T03:48:00+00:00","article_modified_time":"2025-05-26T11:05:03+00:00","og_image":[{"width":1103,"height":682,"url":"https:\/\/buletin.de\/bucuresti\/wp-content\/uploads\/2025\/05\/coltisor-parcul-circului.png","type":"image\/png"}],"author":"Ionu\u021b Lepa","twitter_card":"summary_large_image","twitter_misc":{"Written by":"Ionu\u021b Lepa","Estimated reading time":"2 minutes"},"schema":{"@context":"https:\/\/schema.org","@graph":[{"@type":"Article","@id":"https:\/\/buletin.de\/bucuresti\/primaria-sectorului-2-cere-in-administrare-parcul-circului-de-la-primaria-generala-motivele-transferului\/#article","isPartOf":{"@id":"https:\/\/buletin.de\/bucuresti\/primaria-sectorului-2-cere-in-administrare-parcul-circului-de-la-primaria-generala-motivele-transferului\/"},"author":{"name":"Ionu\u021b Lepa","@id":"https:\/\/buletin.de\/bucuresti\/#\/schema\/person\/5272b8a057b33890940b57b837fc4ce6"},"headline":"Prim\u0103ria Sectorului 2 cere \u00een administrare Parcul Circului, de la Prim\u0103ria General\u0103. Motivele transferului","datePublished":"2025-05-26T03:48:00+00:00","dateModified":"2025-05-26T11:05:03+00:00","mainEntityOfPage":{"@id":"https:\/\/buletin.de\/bucuresti\/primaria-sectorului-2-cere-in-administrare-parcul-circului-de-la-primaria-generala-motivele-transferului\/"},"wordCount":394,"publisher":{"@id":"https:\/\/buletin.de\/bucuresti\/#organization"},"image":{"@id":"https:\/\/buletin.de\/bucuresti\/primaria-sectorului-2-cere-in-administrare-parcul-circului-de-la-primaria-generala-motivele-transferului\/#primaryimage"},"thumbnailUrl":"https:\/\/buletin.de\/bucuresti\/wp-content\/uploads\/2025\/05\/coltisor-parcul-circului.png","keywords":["adpdu s2","alpab","parcul circului","pmb","primaria sectorului 2","rares hopinca","Sector 2"],"articleSection":["Articole","Main","Mediu","Prim\u0103rie"],"inLanguage":"en-GB","copyrightYear":"2025","copyrightHolder":{"@id":"https:\/\/buletin.de\/bucuresti\/#organization"}},{"@type":"WebPage","@id":"https:\/\/buletin.de\/bucuresti\/primaria-sectorului-2-cere-in-administrare-parcul-circului-de-la-primaria-generala-motivele-transferului\/","url":"https:\/\/buletin.de\/bucuresti\/primaria-sectorului-2-cere-in-administrare-parcul-circului-de-la-primaria-generala-motivele-transferului\/","name":"Prim\u0103ria Sectorului 2 cere \u00een administrare Parcul Circului, de la Prim\u0103ria General\u0103. Motivele transferului - Buletin de Bucure\u0219ti","isPartOf":{"@id":"https:\/\/buletin.de\/bucuresti\/#website"},"primaryImageOfPage":{"@id":"https:\/\/buletin.de\/bucuresti\/primaria-sectorului-2-cere-in-administrare-parcul-circului-de-la-primaria-generala-motivele-transferului\/#primaryimage"},"image":{"@id":"https:\/\/buletin.de\/bucuresti\/primaria-sectorului-2-cere-in-administrare-parcul-circului-de-la-primaria-generala-motivele-transferului\/#primaryimage"},"thumbnailUrl":"https:\/\/buletin.de\/bucuresti\/wp-content\/uploads\/2025\/05\/coltisor-parcul-circului.png","datePublished":"2025-05-26T03:48:00+00:00","dateModified":"2025-05-26T11:05:03+00:00","description":"Parcul Circului este cerut \u00een administrare de Prim\u0103ria Sectorului 2, la ini\u0163iativa primarului Rare\u015f Hopinc\u0103.","breadcrumb":{"@id":"https:\/\/buletin.de\/bucuresti\/primaria-sectorului-2-cere-in-administrare-parcul-circului-de-la-primaria-generala-motivele-transferului\/#breadcrumb"},"inLanguage":"en-GB","potentialAction":[{"@type":"ReadAction","target":["https:\/\/buletin.de\/bucuresti\/primaria-sectorului-2-cere-in-administrare-parcul-circului-de-la-primaria-generala-motivele-transferului\/"]}]},{"@type":"ImageObject","inLanguage":"en-GB","@id":"https:\/\/buletin.de\/bucuresti\/primaria-sectorului-2-cere-in-administrare-parcul-circului-de-la-primaria-generala-motivele-transferului\/#primaryimage","url":"https:\/\/buletin.de\/bucuresti\/wp-content\/uploads\/2025\/05\/coltisor-parcul-circului.png","contentUrl":"https:\/\/buletin.de\/bucuresti\/wp-content\/uploads\/2025\/05\/coltisor-parcul-circului.png","width":1103,"height":682,"caption":"O parte din Parcul Circului. FOTO: Google Street View"},{"@type":"BreadcrumbList","@id":"https:\/\/buletin.de\/bucuresti\/primaria-sectorului-2-cere-in-administrare-parcul-circului-de-la-primaria-generala-motivele-transferului\/#breadcrumb","itemListElement":[{"@type":"ListItem","position":1,"name":"Acas\u0103","item":"https:\/\/buletin.de\/bucuresti\/"},{"@type":"ListItem","position":2,"name":"Prim\u0103ria Sectorului 2 cere \u00een administrare Parcul Circului, de la Prim\u0103ria General\u0103. Motivele transferului"}]},{"@type":"WebSite","@id":"https:\/\/buletin.de\/bucuresti\/#website","url":"https:\/\/buletin.de\/bucuresti\/","name":"Buletin de Bucure\u0219ti","description":"\u0218tiri \u0219i investiga\u021bii esen\u021biale din capital\u0103","publisher":{"@id":"https:\/\/buletin.de\/bucuresti\/#organization"},"potentialAction":[{"@type":"SearchAction","target":{"@type":"EntryPoint","urlTemplate":"https:\/\/buletin.de\/bucuresti\/?s={search_term_string}"},"query-input":{"@type":"PropertyValueSpecification","valueRequired":true,"valueName":"search_term_string"}}],"inLanguage":"en-GB"},{"@type":"Organization","@id":"https:\/\/buletin.de\/bucuresti\/#organization","name":"Buletin de Bucure\u0219ti","url":"https:\/\/buletin.de\/bucuresti\/","logo":{"@type":"ImageObject","inLanguage":"en-GB","@id":"https:\/\/buletin.de\/bucuresti\/#\/schema\/logo\/image\/","url":"https:\/\/buletin.de\/bucuresti\/wp-content\/uploads\/logo-bdb-full-wide-vernil-transparent.png","contentUrl":"https:\/\/buletin.de\/bucuresti\/wp-content\/uploads\/logo-bdb-full-wide-vernil-transparent.png","width":1782,"height":626,"caption":"Buletin de Bucure\u0219ti"},"image":{"@id":"https:\/\/buletin.de\/bucuresti\/#\/schema\/logo\/image\/"},"sameAs":["https:\/\/www.facebook.com\/buletin.de.buc","https:\/\/www.instagram.com\/buletinde.bucuresti\/"]},{"@type":"Person","@id":"https:\/\/buletin.de\/bucuresti\/#\/schema\/person\/5272b8a057b33890940b57b837fc4ce6","name":"Ionu\u021b Lepa","image":{"@type":"ImageObject","inLanguage":"en-GB","@id":"https:\/\/buletin.de\/bucuresti\/wp-content\/uploads\/Ionut-Lepa-96x96.jpg5c4e4d9e049808799a8821652d2410a4","url":"https:\/\/buletin.de\/bucuresti\/wp-content\/uploads\/Ionut-Lepa-96x96.jpg","contentUrl":"https:\/\/buletin.de\/bucuresti\/wp-content\/uploads\/Ionut-Lepa-96x96.jpg","caption":"Ionu\u021b Lepa"},"url":"https:\/\/buletin.de\/bucuresti\/author\/ionutlepa\/"}]}},"authors":[{"term_id":22586,"user_id":8,"is_guest":0,"slug":"ionutlepa","display_name":"Ionu\u021b Lepa","avatar_url":"https:\/\/buletin.de\/bucuresti\/wp-content\/uploads\/Ionut-Lepa-96x96.jpg","0":null,"1":"","2":"","3":"","4":"","5":"","6":"","7":"","8":""}],"_links":{"self":[{"href":"https:\/\/buletin.de\/bucuresti\/wp-json\/wp\/v2\/posts\/131931","targetHints":{"allow":["GET"]}}],"collection":[{"href":"https:\/\/buletin.de\/bucuresti\/wp-json\/wp\/v2\/posts"}],"about":[{"href":"https:\/\/buletin.de\/bucuresti\/wp-json\/wp\/v2\/types\/post"}],"author":[{"embeddable":true,"href":"https:\/\/buletin.de\/bucuresti\/wp-json\/wp\/v2\/users\/8"}],"replies":[{"embeddable":true,"href":"https:\/\/buletin.de\/bucuresti\/wp-json\/wp\/v2\/comments?post=131931"}],"version-history":[{"count":2,"href":"https:\/\/buletin.de\/bucuresti\/wp-json\/wp\/v2\/posts\/131931\/revisions"}],"predecessor-version":[{"id":131948,"href":"https:\/\/buletin.de\/bucuresti\/wp-json\/wp\/v2\/posts\/131931\/revisions\/131948"}],"wp:featuredmedia":[{"embeddable":true,"href":"https:\/\/buletin.de\/bucuresti\/wp-json\/wp\/v2\/media\/131932"}],"wp:attachment":[{"href":"https:\/\/buletin.de\/bucuresti\/wp-json\/wp\/v2\/media?parent=131931"}],"wp:term":[{"taxonomy":"category","embeddable":true,"href":"https:\/\/buletin.de\/bucuresti\/wp-json\/wp\/v2\/categories?post=131931"},{"taxonomy":"post_tag","embeddable":true,"href":"https:\/\/buletin.de\/bucuresti\/wp-json\/wp\/v2\/tags?post=131931"},{"taxonomy":"author","embeddable":true,"href":"https:\/\/buletin.de\/bucuresti\/wp-json\/wp\/v2\/ppma_author?post=131931"}],"curies":[{"name":"wp","href":"https:\/\/api.w.org\/{rel}","templated":true}]}}