{"id":131837,"date":"2025-05-26T08:22:00","date_gmt":"2025-05-26T05:22:00","guid":{"rendered":"https:\/\/buletin.de\/bucuresti\/?p=131837"},"modified":"2025-05-29T15:25:24","modified_gmt":"2025-05-29T12:25:24","slug":"gradinita-de-vara","status":"publish","type":"post","link":"https:\/\/buletin.de\/bucuresti\/gradinita-de-vara\/","title":{"rendered":"Sector 6 | Programul \u201eGr\u0103dini\u021ba de var\u0103\u201d cere votul consilierilor locali, pe 29 mai"},"content":{"rendered":"\n<p><strong>UPDATE: Proiectul a fost aprobat cu 25 de voturi.<\/strong><\/p>\n\n\n\n<p><strong>\u0218TIREA INI\u021aIAL\u0102<\/strong><\/p>\n\n\n\n<p><strong>Consiliul Local al Sectorului 6 voteaz\u0103, pe 29 mai, implementarea programului \u201eGr\u0103dini\u021ba de var\u0103\u201d. programul se va desf\u0103\u0219ura \u00een perioada 1 iulie-31 august 2025.<\/strong><\/p>\n\n\n\n<p>Dac\u0103 se va aproba, programul \u201eGr\u0103dini\u021ba de var\u0103\u201d se va derula pentru un num\u0103r de de 3.280 de pre\u0219colari<br>din cadrul unit\u0103\u021bilor de \u00eenv\u0103\u021b\u0103m\u00e2nt preuniversitar de stat de pe raza Sectorului 6.<\/p>\n\n\n\n<p><a href=\"https:\/\/www.primarie6.ro\/primarie_sector6\/sites\/default\/files\/2025-05\/1.%20Proiect%20HCL%20%20GRADINITA%20DE%20VARA%20%202025_0.pdf\">\u00cen nota de fundamentare<\/a>, se precizeaz\u0103 c\u0103 <strong><em>\u201epre\u0219colarii care, \u00een anul \u0219colar \u00een curs, au beneficiat de finan\u021barea oferit\u0103 \u00een baza H.C.L. al Sectorului 6 nr. 249\/2024 privind finan\u021barea pre\u0219colarilor \u00eenscri\u0219i la grupele cu program<br>prelungit din gr\u0103dini\u021bele de stat din Sectorul 6 al Municipiului Bucure\u0219ti, \u00een anul \u0219colar 2024 \u2013 2025, vor continua s\u0103 primeasc\u0103 aceast\u0103 finan\u021bare \u0219i \u00een cadrul Programului educa\u021bional \u201eGr\u0103dini\u021ba de var\u0103\u201d 2025.<\/em><\/strong><\/p>\n\n\n\n<p>Fondurile necesare pentru finan\u021barea meselor pre\u0219colarilor vor fi \u00een sum\u0103 maxim\u0103 de 94.670 lei. \u00censcrierile copiilor se vor realiza online pe platforma Prim\u0103riei Sectorului 6 al Municipiului Bucure\u0219ti, <strong>www.primarie6.ro,<\/strong> la sec\u021biunea \u201eGr\u0103dini\u021ba de Var\u0103\u201d 2025.<\/p>\n\n\n\n<p><strong>CITE\u0218TE \u0218I:<\/strong> <a href=\"https:\/\/buletin.de\/bucuresti\/sector-6-unda-verde-de-la-consiliul-local-pentru-folosirea-ghenelor-ingropate-urmeaza-licitatie-pentru-operator-de-salubritate\/\">Sector 6 | Und\u0103 verde de la Consiliul Local pentru folosirea ghenelor \u00eengropate. Urmeaz\u0103 licita\u0163ie pentru operator de salubritate<\/a><\/p>\n\n\n\n<h2 class=\"wp-block-heading\" id=\"h-incep-inscrierile-la-cre\u0219e\">\u00cencep \u00eenscrierile la cre\u0219e<\/h2>\n\n\n\n<p><strong>Au \u00eenceput \u00eenscrierile la cre\u0219e, \u00een Sectorul 6. Perioada de \u00eenscriere pentru copiii nou-veni\u021bi va avea loc \u00eentre 26-30 mai, tot prin intermediul platformei&nbsp;<a href=\"https:\/\/www.asistentasociala6.ro\/\" target=\"_blank\" rel=\"noreferrer noopener\"><strong>DGASPC Sector 6<\/strong><\/a>.<\/strong><\/p>\n\n\n\n<p>Admiterea noilor copii se face \u00een limita locurilor disponibile, r\u0103mase la sf\u00e2r\u0219itul sesiunii de re\u00eenscriere. Rezultatele vor fi afi\u0219ate pe site-ul DGASPC Sector 6, pe 13 iunie, ora 14:00.<\/p>\n\n\n\n<h4 class=\"wp-block-heading\" id=\"h-acte-necesare-la-nbsp-inscrierile-la-cre\u0219e\">Acte necesare la&nbsp;<strong>\u00eenscrierile la cre\u0219e<\/strong><\/h4>\n\n\n\n<ul class=\"wp-block-list\">\n<li>Cerere (se completeaz\u0103 formularul online);<\/li>\n\n\n\n<li>Certificatul de na\u0219tere al copilului;<\/li>\n\n\n\n<li>C\u0103r\u021bile de identitate pentru fiecare p\u0103rinte \/ reprezentant legal;<\/li>\n\n\n\n<li>Adeverin\u021b\u0103 de angajat pentru fiecare dintre p\u0103rin\u021bi (aceasta are o valabilitate de 30 de zile de la data emiterii). Sau, dup\u0103 caz, decizia de suspendare a contractului de munc\u0103, adeverin\u021b\u0103 de la ALOFM dac\u0103 p\u0103rintele e \u0219omer sau declara\u021bie pe proprie r\u0103spundere, dac\u0103 p\u0103rintele realizeaz\u0103 venituri din activit\u0103\u021bi independente.<\/li>\n\n\n\n<li>Tot dac\u0103 e cazul \u2013 Certificatul de c\u0103s\u0103torie al p\u0103rin\u021bilor sau Certificatul de divor\u021b.<\/li>\n<\/ul>\n\n\n\n<p><strong>CITE\u0218TE \u0218I:<\/strong>&nbsp;<a href=\"https:\/\/buletin.de\/bucuresti\/programul-west-side-flower-fest-2025-atractiile-festivalului-de-flori-din-drumul-taberei\/\">Programul West Side Flower Fest 2025. Atrac\u021biile festivalului de flori din Drumul Taberei<\/a><\/p>\n\n\n\n<h3 class=\"wp-block-heading\" id=\"h-cazurile-sociale-au-prioritate\">Cazurile sociale au prioritate<\/h3>\n\n\n\n<ul class=\"wp-block-list\">\n<li>Copii cu dizabilit\u0103\u021bi;<\/li>\n\n\n\n<li>Copii proveni\u021bi din familii monoparentale;<\/li>\n\n\n\n<li>Copii a c\u0103ror familie beneficiaz\u0103 de venitul minim de incluziune;<\/li>\n\n\n\n<li>Copii afla\u021bi sub tutela altor persoane pensionate;<\/li>\n\n\n\n<li>Copii lua\u021bi \u00een plasament;<\/li>\n\n\n\n<li>Copii afla\u021bi \u00een situa\u021bii de risc de separare de p\u0103rin\u021bi.<\/li>\n<\/ul>\n\n\n\n<h3 class=\"wp-block-heading\" id=\"h-patru-crese-cu-1-135-de-locuri\">Patru cre\u015fe, cu 1.135 de locuri<\/h3>\n\n\n\n<p>\u00cen Sectorul 6, sunt patru cre\u0219e de stat, aflate \u00een subordinea DGASPC:<\/p>\n\n\n\n<ul class=\"wp-block-list\">\n<li>Cre\u0219a Pinocchio de pe Aleea Compozitorilor nr. 20 (cu 270 de locuri);<\/li>\n\n\n\n<li>Cre\u0219a Neghini\u021b\u0103 de pe Aleea Cr\u0103ie\u0219ti nr. 1 (cu 390 de locuri);<\/li>\n\n\n\n<li>Cre\u0219a Harap Alb de pe Str. Estacadei nr. 13 (cu 340 de locuri);<\/li>\n\n\n\n<li>Cre\u0219a \u00cengera\u0219ii de pe Aleea Ru\u0219e\u021bu nr. 6A (cu 135 de locuri).&nbsp;<\/li>\n<\/ul>\n\n\n\n<p>Cre\u0219ele func\u021bioneaz\u0103 de luni p\u00e2n\u0103 vineri, orele 06:00 \u2013 18:00 \u0219i au vacan\u021b\u0103 doar 30 de zile pe an, prin rota\u021bie, vara, pentru cur\u0103\u021benie. Pot fi frecventate de c\u0103tre copii cu v\u00e2rsta \u00eentre 1 \u0219i 3 ani.<\/p>\n\n\n\n<p><strong>CITE\u0218TE \u0218I:<\/strong>  <a href=\"https:\/\/buletin.de\/bucuresti\/care-sunt-cresele-deschise-pe-perioada-verii\/\">Sector 6 | Care sunt cre\u0219ele deschise pe perioada verii<\/a><\/p>\n","protected":false},"excerpt":{"rendered":"<p>UPDATE: Proiectul a fost aprobat cu 25 de voturi. \u0218TIREA INI\u021aIAL\u0102 Consiliul Local al Sectorului 6 voteaz\u0103, pe 29 mai, implementarea programului \u201eGr\u0103dini\u021ba de var\u0103\u201d. programul se va desf\u0103\u0219ura \u00een perioada 1 iulie-31 august 2025. Dac\u0103 se va aproba, programul \u201eGr\u0103dini\u021ba de var\u0103\u201d se va derula pentru un num\u0103r de de 3.280 de pre\u0219colaridin cadrul [&hellip;]<\/p>\n","protected":false},"author":49,"featured_media":129272,"comment_status":"closed","ping_status":"open","sticky":false,"template":"","format":"standard","meta":{"_acf_changed":false,"inline_featured_image":false,"ngg_post_thumbnail":0,"footnotes":""},"categories":[6994,3421,24,62],"tags":[20577,11238,12198],"ppma_author":[22574],"class_list":["post-131837","post","type-post","status-publish","format-standard","has-post-thumbnail","hentry","category-stiri-2","category-educatie","category-primarie","category-stiri","tag-consiliul-local-6","tag-crese-sector-6","tag-gradinita-de-vara-sector-6"],"acf":[],"yoast_head":"<!-- This site is optimized with the Yoast SEO Premium plugin v25.3 (Yoast SEO v27.4) - https:\/\/yoast.com\/product\/yoast-seo-premium-wordpress\/ -->\n<title>Sector 6 | Programul \u201eGr\u0103dini\u021ba de var\u0103\u201d cere votul consilierilor locali, pe 29 mai - Buletin de Bucure\u0219ti<\/title>\n<meta name=\"description\" content=\"Consiliul Local al Sectorului 6 voteaz\u0103, pe 29 mai, implementarea programului \u201eGr\u0103dini\u021ba de var\u0103\u201d, \u00een perioada 1 iulie-31 august 2025.\" \/>\n<meta name=\"robots\" content=\"index, follow, max-snippet:-1, max-image-preview:large, max-video-preview:-1\" \/>\n<link rel=\"canonical\" href=\"https:\/\/buletin.de\/bucuresti\/gradinita-de-vara\/\" \/>\n<meta property=\"og:locale\" content=\"en_GB\" \/>\n<meta property=\"og:type\" content=\"article\" \/>\n<meta property=\"og:title\" content=\"Sector 6 | Programul \u201eGr\u0103dini\u021ba de var\u0103\u201d cere votul consilierilor locali, pe 29 mai\" \/>\n<meta property=\"og:description\" content=\"Consiliul Local al Sectorului 6 voteaz\u0103, pe 29 mai, implementarea programului \u201eGr\u0103dini\u021ba de var\u0103\u201d, \u00een perioada 1 iulie-31 august 2025.\" \/>\n<meta property=\"og:url\" content=\"https:\/\/buletin.de\/bucuresti\/gradinita-de-vara\/\" \/>\n<meta property=\"og:site_name\" content=\"Buletin de Bucure\u0219ti\" \/>\n<meta property=\"article:publisher\" content=\"https:\/\/www.facebook.com\/buletin.de.buc\" \/>\n<meta property=\"article:published_time\" content=\"2025-05-26T05:22:00+00:00\" \/>\n<meta property=\"article:modified_time\" content=\"2025-05-29T12:25:24+00:00\" \/>\n<meta property=\"og:image\" content=\"https:\/\/buletin.de\/bucuresti\/wp-content\/uploads\/2025\/05\/FOTO_PROGRAM_scoala_de_vara_mai_2025.jpeg\" \/>\n\t<meta property=\"og:image:width\" content=\"1080\" \/>\n\t<meta property=\"og:image:height\" content=\"608\" \/>\n\t<meta property=\"og:image:type\" content=\"image\/jpeg\" \/>\n<meta name=\"author\" content=\"Diana Matei\" \/>\n<meta name=\"twitter:card\" content=\"summary_large_image\" \/>\n<meta name=\"twitter:label1\" content=\"Written by\" \/>\n\t<meta name=\"twitter:data1\" content=\"Diana Matei\" \/>\n\t<meta name=\"twitter:label2\" content=\"Estimated reading time\" \/>\n\t<meta name=\"twitter:data2\" content=\"3 minutes\" \/>\n<script type=\"application\/ld+json\" class=\"yoast-schema-graph\">{\"@context\":\"https:\\\/\\\/schema.org\",\"@graph\":[{\"@type\":\"Article\",\"@id\":\"https:\\\/\\\/buletin.de\\\/bucuresti\\\/gradinita-de-vara\\\/#article\",\"isPartOf\":{\"@id\":\"https:\\\/\\\/buletin.de\\\/bucuresti\\\/gradinita-de-vara\\\/\"},\"author\":{\"name\":\"Diana Matei\",\"@id\":\"https:\\\/\\\/buletin.de\\\/bucuresti\\\/#\\\/schema\\\/person\\\/7e46040573290777280a0835d81ea4ea\"},\"headline\":\"Sector 6 | Programul \u201eGr\u0103dini\u021ba de var\u0103\u201d cere votul consilierilor locali, pe 29 mai\",\"datePublished\":\"2025-05-26T05:22:00+00:00\",\"dateModified\":\"2025-05-29T12:25:24+00:00\",\"mainEntityOfPage\":{\"@id\":\"https:\\\/\\\/buletin.de\\\/bucuresti\\\/gradinita-de-vara\\\/\"},\"wordCount\":573,\"publisher\":{\"@id\":\"https:\\\/\\\/buletin.de\\\/bucuresti\\\/#organization\"},\"image\":{\"@id\":\"https:\\\/\\\/buletin.de\\\/bucuresti\\\/gradinita-de-vara\\\/#primaryimage\"},\"thumbnailUrl\":\"https:\\\/\\\/buletin.de\\\/bucuresti\\\/wp-content\\\/uploads\\\/2025\\\/05\\\/FOTO_PROGRAM_scoala_de_vara_mai_2025.jpeg\",\"keywords\":[\"Consiliul Local 6\",\"CRESE SECTOR 6\",\"gradinita de vara sector 6\"],\"articleSection\":[\"Articole\",\"Educa\u021bie\",\"Prim\u0103rie\",\"\u0218tiri\"],\"inLanguage\":\"en-GB\",\"copyrightYear\":\"2025\",\"copyrightHolder\":{\"@id\":\"https:\\\/\\\/buletin.de\\\/bucuresti\\\/#organization\"}},{\"@type\":\"WebPage\",\"@id\":\"https:\\\/\\\/buletin.de\\\/bucuresti\\\/gradinita-de-vara\\\/\",\"url\":\"https:\\\/\\\/buletin.de\\\/bucuresti\\\/gradinita-de-vara\\\/\",\"name\":\"Sector 6 | Programul \u201eGr\u0103dini\u021ba de var\u0103\u201d cere votul consilierilor locali, pe 29 mai - Buletin de Bucure\u0219ti\",\"isPartOf\":{\"@id\":\"https:\\\/\\\/buletin.de\\\/bucuresti\\\/#website\"},\"primaryImageOfPage\":{\"@id\":\"https:\\\/\\\/buletin.de\\\/bucuresti\\\/gradinita-de-vara\\\/#primaryimage\"},\"image\":{\"@id\":\"https:\\\/\\\/buletin.de\\\/bucuresti\\\/gradinita-de-vara\\\/#primaryimage\"},\"thumbnailUrl\":\"https:\\\/\\\/buletin.de\\\/bucuresti\\\/wp-content\\\/uploads\\\/2025\\\/05\\\/FOTO_PROGRAM_scoala_de_vara_mai_2025.jpeg\",\"datePublished\":\"2025-05-26T05:22:00+00:00\",\"dateModified\":\"2025-05-29T12:25:24+00:00\",\"description\":\"Consiliul Local al Sectorului 6 voteaz\u0103, pe 29 mai, implementarea programului \u201eGr\u0103dini\u021ba de var\u0103\u201d, \u00een perioada 1 iulie-31 august 2025.\",\"breadcrumb\":{\"@id\":\"https:\\\/\\\/buletin.de\\\/bucuresti\\\/gradinita-de-vara\\\/#breadcrumb\"},\"inLanguage\":\"en-GB\",\"potentialAction\":[{\"@type\":\"ReadAction\",\"target\":[\"https:\\\/\\\/buletin.de\\\/bucuresti\\\/gradinita-de-vara\\\/\"]}]},{\"@type\":\"ImageObject\",\"inLanguage\":\"en-GB\",\"@id\":\"https:\\\/\\\/buletin.de\\\/bucuresti\\\/gradinita-de-vara\\\/#primaryimage\",\"url\":\"https:\\\/\\\/buletin.de\\\/bucuresti\\\/wp-content\\\/uploads\\\/2025\\\/05\\\/FOTO_PROGRAM_scoala_de_vara_mai_2025.jpeg\",\"contentUrl\":\"https:\\\/\\\/buletin.de\\\/bucuresti\\\/wp-content\\\/uploads\\\/2025\\\/05\\\/FOTO_PROGRAM_scoala_de_vara_mai_2025.jpeg\",\"width\":1080,\"height\":608,\"caption\":\"Peste 3,6 milioane de euro pentru programele \u201e\u0218coala de var\u0103\u201d \u0219i \u201eGr\u0103dini\u0163a de var\u0103\u201d, \u00een Sectorul 3. FOTO: Arhiva\"},{\"@type\":\"BreadcrumbList\",\"@id\":\"https:\\\/\\\/buletin.de\\\/bucuresti\\\/gradinita-de-vara\\\/#breadcrumb\",\"itemListElement\":[{\"@type\":\"ListItem\",\"position\":1,\"name\":\"Acas\u0103\",\"item\":\"https:\\\/\\\/buletin.de\\\/bucuresti\\\/\"},{\"@type\":\"ListItem\",\"position\":2,\"name\":\"Sector 6 | Programul \u201eGr\u0103dini\u021ba de var\u0103\u201d cere votul consilierilor locali, pe 29 mai\"}]},{\"@type\":\"WebSite\",\"@id\":\"https:\\\/\\\/buletin.de\\\/bucuresti\\\/#website\",\"url\":\"https:\\\/\\\/buletin.de\\\/bucuresti\\\/\",\"name\":\"Buletin de Bucure\u0219ti\",\"description\":\"\u0218tiri \u0219i investiga\u021bii esen\u021biale din capital\u0103\",\"publisher\":{\"@id\":\"https:\\\/\\\/buletin.de\\\/bucuresti\\\/#organization\"},\"potentialAction\":[{\"@type\":\"SearchAction\",\"target\":{\"@type\":\"EntryPoint\",\"urlTemplate\":\"https:\\\/\\\/buletin.de\\\/bucuresti\\\/?s={search_term_string}\"},\"query-input\":{\"@type\":\"PropertyValueSpecification\",\"valueRequired\":true,\"valueName\":\"search_term_string\"}}],\"inLanguage\":\"en-GB\"},{\"@type\":\"Organization\",\"@id\":\"https:\\\/\\\/buletin.de\\\/bucuresti\\\/#organization\",\"name\":\"Buletin de Bucure\u0219ti\",\"url\":\"https:\\\/\\\/buletin.de\\\/bucuresti\\\/\",\"logo\":{\"@type\":\"ImageObject\",\"inLanguage\":\"en-GB\",\"@id\":\"https:\\\/\\\/buletin.de\\\/bucuresti\\\/#\\\/schema\\\/logo\\\/image\\\/\",\"url\":\"https:\\\/\\\/buletin.de\\\/bucuresti\\\/wp-content\\\/uploads\\\/logo-bdb-full-wide-vernil-transparent.png\",\"contentUrl\":\"https:\\\/\\\/buletin.de\\\/bucuresti\\\/wp-content\\\/uploads\\\/logo-bdb-full-wide-vernil-transparent.png\",\"width\":1782,\"height\":626,\"caption\":\"Buletin de Bucure\u0219ti\"},\"image\":{\"@id\":\"https:\\\/\\\/buletin.de\\\/bucuresti\\\/#\\\/schema\\\/logo\\\/image\\\/\"},\"sameAs\":[\"https:\\\/\\\/www.facebook.com\\\/buletin.de.buc\",\"https:\\\/\\\/www.instagram.com\\\/buletinde.bucuresti\\\/\"]},{\"@type\":\"Person\",\"@id\":\"https:\\\/\\\/buletin.de\\\/bucuresti\\\/#\\\/schema\\\/person\\\/7e46040573290777280a0835d81ea4ea\",\"name\":\"Diana Matei\",\"image\":{\"@type\":\"ImageObject\",\"inLanguage\":\"en-GB\",\"@id\":\"https:\\\/\\\/buletin.de\\\/bucuresti\\\/wp-content\\\/uploads\\\/9-2-96x96.jpg1e8590b30871d70e62ebcdaf2eff570c\",\"url\":\"https:\\\/\\\/buletin.de\\\/bucuresti\\\/wp-content\\\/uploads\\\/9-2-96x96.jpg\",\"contentUrl\":\"https:\\\/\\\/buletin.de\\\/bucuresti\\\/wp-content\\\/uploads\\\/9-2-96x96.jpg\",\"caption\":\"Diana Matei\"},\"url\":\"https:\\\/\\\/buletin.de\\\/bucuresti\\\/author\\\/dianamatei\\\/\"}]}<\/script>\n<!-- \/ Yoast SEO Premium plugin. -->","yoast_head_json":{"title":"Sector 6 | Programul \u201eGr\u0103dini\u021ba de var\u0103\u201d cere votul consilierilor locali, pe 29 mai - Buletin de Bucure\u0219ti","description":"Consiliul Local al Sectorului 6 voteaz\u0103, pe 29 mai, implementarea programului \u201eGr\u0103dini\u021ba de var\u0103\u201d, \u00een perioada 1 iulie-31 august 2025.","robots":{"index":"index","follow":"follow","max-snippet":"max-snippet:-1","max-image-preview":"max-image-preview:large","max-video-preview":"max-video-preview:-1"},"canonical":"https:\/\/buletin.de\/bucuresti\/gradinita-de-vara\/","og_locale":"en_GB","og_type":"article","og_title":"Sector 6 | Programul \u201eGr\u0103dini\u021ba de var\u0103\u201d cere votul consilierilor locali, pe 29 mai","og_description":"Consiliul Local al Sectorului 6 voteaz\u0103, pe 29 mai, implementarea programului \u201eGr\u0103dini\u021ba de var\u0103\u201d, \u00een perioada 1 iulie-31 august 2025.","og_url":"https:\/\/buletin.de\/bucuresti\/gradinita-de-vara\/","og_site_name":"Buletin de Bucure\u0219ti","article_publisher":"https:\/\/www.facebook.com\/buletin.de.buc","article_published_time":"2025-05-26T05:22:00+00:00","article_modified_time":"2025-05-29T12:25:24+00:00","og_image":[{"width":1080,"height":608,"url":"https:\/\/buletin.de\/bucuresti\/wp-content\/uploads\/2025\/05\/FOTO_PROGRAM_scoala_de_vara_mai_2025.jpeg","type":"image\/jpeg"}],"author":"Diana Matei","twitter_card":"summary_large_image","twitter_misc":{"Written by":"Diana Matei","Estimated reading time":"3 minutes"},"schema":{"@context":"https:\/\/schema.org","@graph":[{"@type":"Article","@id":"https:\/\/buletin.de\/bucuresti\/gradinita-de-vara\/#article","isPartOf":{"@id":"https:\/\/buletin.de\/bucuresti\/gradinita-de-vara\/"},"author":{"name":"Diana Matei","@id":"https:\/\/buletin.de\/bucuresti\/#\/schema\/person\/7e46040573290777280a0835d81ea4ea"},"headline":"Sector 6 | Programul \u201eGr\u0103dini\u021ba de var\u0103\u201d cere votul consilierilor locali, pe 29 mai","datePublished":"2025-05-26T05:22:00+00:00","dateModified":"2025-05-29T12:25:24+00:00","mainEntityOfPage":{"@id":"https:\/\/buletin.de\/bucuresti\/gradinita-de-vara\/"},"wordCount":573,"publisher":{"@id":"https:\/\/buletin.de\/bucuresti\/#organization"},"image":{"@id":"https:\/\/buletin.de\/bucuresti\/gradinita-de-vara\/#primaryimage"},"thumbnailUrl":"https:\/\/buletin.de\/bucuresti\/wp-content\/uploads\/2025\/05\/FOTO_PROGRAM_scoala_de_vara_mai_2025.jpeg","keywords":["Consiliul Local 6","CRESE SECTOR 6","gradinita de vara sector 6"],"articleSection":["Articole","Educa\u021bie","Prim\u0103rie","\u0218tiri"],"inLanguage":"en-GB","copyrightYear":"2025","copyrightHolder":{"@id":"https:\/\/buletin.de\/bucuresti\/#organization"}},{"@type":"WebPage","@id":"https:\/\/buletin.de\/bucuresti\/gradinita-de-vara\/","url":"https:\/\/buletin.de\/bucuresti\/gradinita-de-vara\/","name":"Sector 6 | Programul \u201eGr\u0103dini\u021ba de var\u0103\u201d cere votul consilierilor locali, pe 29 mai - Buletin de Bucure\u0219ti","isPartOf":{"@id":"https:\/\/buletin.de\/bucuresti\/#website"},"primaryImageOfPage":{"@id":"https:\/\/buletin.de\/bucuresti\/gradinita-de-vara\/#primaryimage"},"image":{"@id":"https:\/\/buletin.de\/bucuresti\/gradinita-de-vara\/#primaryimage"},"thumbnailUrl":"https:\/\/buletin.de\/bucuresti\/wp-content\/uploads\/2025\/05\/FOTO_PROGRAM_scoala_de_vara_mai_2025.jpeg","datePublished":"2025-05-26T05:22:00+00:00","dateModified":"2025-05-29T12:25:24+00:00","description":"Consiliul Local al Sectorului 6 voteaz\u0103, pe 29 mai, implementarea programului \u201eGr\u0103dini\u021ba de var\u0103\u201d, \u00een perioada 1 iulie-31 august 2025.","breadcrumb":{"@id":"https:\/\/buletin.de\/bucuresti\/gradinita-de-vara\/#breadcrumb"},"inLanguage":"en-GB","potentialAction":[{"@type":"ReadAction","target":["https:\/\/buletin.de\/bucuresti\/gradinita-de-vara\/"]}]},{"@type":"ImageObject","inLanguage":"en-GB","@id":"https:\/\/buletin.de\/bucuresti\/gradinita-de-vara\/#primaryimage","url":"https:\/\/buletin.de\/bucuresti\/wp-content\/uploads\/2025\/05\/FOTO_PROGRAM_scoala_de_vara_mai_2025.jpeg","contentUrl":"https:\/\/buletin.de\/bucuresti\/wp-content\/uploads\/2025\/05\/FOTO_PROGRAM_scoala_de_vara_mai_2025.jpeg","width":1080,"height":608,"caption":"Peste 3,6 milioane de euro pentru programele \u201e\u0218coala de var\u0103\u201d \u0219i \u201eGr\u0103dini\u0163a de var\u0103\u201d, \u00een Sectorul 3. FOTO: Arhiva"},{"@type":"BreadcrumbList","@id":"https:\/\/buletin.de\/bucuresti\/gradinita-de-vara\/#breadcrumb","itemListElement":[{"@type":"ListItem","position":1,"name":"Acas\u0103","item":"https:\/\/buletin.de\/bucuresti\/"},{"@type":"ListItem","position":2,"name":"Sector 6 | Programul \u201eGr\u0103dini\u021ba de var\u0103\u201d cere votul consilierilor locali, pe 29 mai"}]},{"@type":"WebSite","@id":"https:\/\/buletin.de\/bucuresti\/#website","url":"https:\/\/buletin.de\/bucuresti\/","name":"Buletin de Bucure\u0219ti","description":"\u0218tiri \u0219i investiga\u021bii esen\u021biale din capital\u0103","publisher":{"@id":"https:\/\/buletin.de\/bucuresti\/#organization"},"potentialAction":[{"@type":"SearchAction","target":{"@type":"EntryPoint","urlTemplate":"https:\/\/buletin.de\/bucuresti\/?s={search_term_string}"},"query-input":{"@type":"PropertyValueSpecification","valueRequired":true,"valueName":"search_term_string"}}],"inLanguage":"en-GB"},{"@type":"Organization","@id":"https:\/\/buletin.de\/bucuresti\/#organization","name":"Buletin de Bucure\u0219ti","url":"https:\/\/buletin.de\/bucuresti\/","logo":{"@type":"ImageObject","inLanguage":"en-GB","@id":"https:\/\/buletin.de\/bucuresti\/#\/schema\/logo\/image\/","url":"https:\/\/buletin.de\/bucuresti\/wp-content\/uploads\/logo-bdb-full-wide-vernil-transparent.png","contentUrl":"https:\/\/buletin.de\/bucuresti\/wp-content\/uploads\/logo-bdb-full-wide-vernil-transparent.png","width":1782,"height":626,"caption":"Buletin de Bucure\u0219ti"},"image":{"@id":"https:\/\/buletin.de\/bucuresti\/#\/schema\/logo\/image\/"},"sameAs":["https:\/\/www.facebook.com\/buletin.de.buc","https:\/\/www.instagram.com\/buletinde.bucuresti\/"]},{"@type":"Person","@id":"https:\/\/buletin.de\/bucuresti\/#\/schema\/person\/7e46040573290777280a0835d81ea4ea","name":"Diana Matei","image":{"@type":"ImageObject","inLanguage":"en-GB","@id":"https:\/\/buletin.de\/bucuresti\/wp-content\/uploads\/9-2-96x96.jpg1e8590b30871d70e62ebcdaf2eff570c","url":"https:\/\/buletin.de\/bucuresti\/wp-content\/uploads\/9-2-96x96.jpg","contentUrl":"https:\/\/buletin.de\/bucuresti\/wp-content\/uploads\/9-2-96x96.jpg","caption":"Diana Matei"},"url":"https:\/\/buletin.de\/bucuresti\/author\/dianamatei\/"}]}},"authors":[{"term_id":22574,"user_id":49,"is_guest":0,"slug":"dianamatei","display_name":"Diana Matei","avatar_url":"https:\/\/buletin.de\/bucuresti\/wp-content\/uploads\/9-2-96x96.jpg","0":null,"1":"","2":"","3":"","4":"","5":"","6":"","7":"","8":""}],"_links":{"self":[{"href":"https:\/\/buletin.de\/bucuresti\/wp-json\/wp\/v2\/posts\/131837","targetHints":{"allow":["GET"]}}],"collection":[{"href":"https:\/\/buletin.de\/bucuresti\/wp-json\/wp\/v2\/posts"}],"about":[{"href":"https:\/\/buletin.de\/bucuresti\/wp-json\/wp\/v2\/types\/post"}],"author":[{"embeddable":true,"href":"https:\/\/buletin.de\/bucuresti\/wp-json\/wp\/v2\/users\/49"}],"replies":[{"embeddable":true,"href":"https:\/\/buletin.de\/bucuresti\/wp-json\/wp\/v2\/comments?post=131837"}],"version-history":[{"count":3,"href":"https:\/\/buletin.de\/bucuresti\/wp-json\/wp\/v2\/posts\/131837\/revisions"}],"predecessor-version":[{"id":132389,"href":"https:\/\/buletin.de\/bucuresti\/wp-json\/wp\/v2\/posts\/131837\/revisions\/132389"}],"wp:featuredmedia":[{"embeddable":true,"href":"https:\/\/buletin.de\/bucuresti\/wp-json\/wp\/v2\/media\/129272"}],"wp:attachment":[{"href":"https:\/\/buletin.de\/bucuresti\/wp-json\/wp\/v2\/media?parent=131837"}],"wp:term":[{"taxonomy":"category","embeddable":true,"href":"https:\/\/buletin.de\/bucuresti\/wp-json\/wp\/v2\/categories?post=131837"},{"taxonomy":"post_tag","embeddable":true,"href":"https:\/\/buletin.de\/bucuresti\/wp-json\/wp\/v2\/tags?post=131837"},{"taxonomy":"author","embeddable":true,"href":"https:\/\/buletin.de\/bucuresti\/wp-json\/wp\/v2\/ppma_author?post=131837"}],"curies":[{"name":"wp","href":"https:\/\/api.w.org\/{rel}","templated":true}]}}