{"id":131762,"date":"2025-05-23T18:32:54","date_gmt":"2025-05-23T15:32:54","guid":{"rendered":"https:\/\/buletin.de\/bucuresti\/?p=131762"},"modified":"2025-05-23T18:32:55","modified_gmt":"2025-05-23T15:32:55","slug":"stegarul-dac-interdictie-fizica-pentru-escaladari-cezar-avramuta-a-fost-arestat-preventiv","status":"publish","type":"post","link":"https:\/\/buletin.de\/bucuresti\/stegarul-dac-interdictie-fizica-pentru-escaladari-cezar-avramuta-a-fost-arestat-preventiv\/","title":{"rendered":"\u201eStegarul dac\u201d, \u201einterdic\u0163ie fizic\u0103\u201d pentru escalad\u0103ri. Cezar Avr\u0103mu\u0163\u0103 a fost arestat preventiv"},"content":{"rendered":"\n<p><strong>Cezar Avr\u0103mu\u0163\u0103, b\u0103rbatul de 57 de ani cunoscut sub numele de \u201eStegarul dac\u201d, a fost arestat preventiv dup\u0103 o lung\u0103 perioad\u0103 de arest la domiciliu. Acesta are mai multe dosare penale &#8211; de la tulburarea ordinii \u015fi lini\u015ftii publice, violarea sediului profesional \u015fi ultraj, p\u00e2n\u0103 la evadare \u015fi distrugere, dup\u0103 ce \u015fi-a t\u0103iat br\u0103\u0163ara de urm\u0103rire pe care i-o montaser\u0103 oamenii legii. <\/strong><\/p>\n\n\n\n<p>Poli\u0163ia Capitalei transmite c\u0103 Judec\u0103toria Sectorului 4 hot\u0103r\u00e2se arestarea sa preventiv\u0103, \u00eens\u0103 acesta a f\u0103cut contesta\u0163ie. I-a fost respins\u0103, drept urmare ast\u0103zi, 23 mai, poli\u0163i\u015ftii l-au dus la Arestul Direc\u0163iei Generale de Poli\u0163ie a Municipiului Bucure\u015fti, pentru a executa m\u0103sura dispus\u0103 &#8211; arest preventiv pentru 30 de zile. <\/p>\n\n\n\n<h2 class=\"wp-block-heading\" id=\"h-stegarul-dac-o-ultima-escaladare-inainte-de-a-ajunge-dupa-gratii\">Stegarul dac, o ultim\u0103 escaladare \u00eenainte de a ajunge dup\u0103 gratii<\/h2>\n\n\n\n<p>\u00cenainte de a ajunge la Tribunalul Bucure\u015fti, instan\u0163a care i-a respins contesta\u0163ia, acesta s-a urcat \u00eentr-un copac, pentru un ultim protest extrem, \u00een stilul s\u0103u caracteristic. <\/p>\n\n\n\n<p>Poli\u0163ia Capitalei a comunicat c\u0103: \u201e\u00cen vederea \u00eenf\u0103ptuirii actului de justi\u021bie, acestuia i-a fost stabilit un traseu de deplasare, de la domiciliu c\u0103tre instan\u021ba competent\u0103.<\/p>\n\n\n\n<p>\u00cen cursul zilei de 23 mai 2025, b\u0103rbatul s-a deplasat c\u0103tre instan\u021b\u0103, conform traseului autorizat, pentru a participa la termenul de judecat\u0103, privind contesta\u021bia formulat\u0103 \u00eempotriva m\u0103surii arestului preventiv.<\/p>\n\n\n\n<p>\u00cenainte de a intra \u00een sala de \u0219edin\u021be, acesta s-a urcat \u00eentr-un copac, aflat \u00een proximitatea institu\u021biei.<\/p>\n\n\n\n<p>Ulterior, <a href=\"https:\/\/www.facebook.com\/stegaruldac.official\">b\u0103rbatul <\/a>a cobor\u00e2t \u00een siguran\u021b\u0103 \u0219i s-a prezentat la termen, \u00een fa\u021ba instan\u021bei\u201d.<\/p>\n\n\n\n<p>Este ultima fapt\u0103 de acest gen dintr-un lung \u015fir, \u00een care b\u0103rbatul s-a pus pe sine \u00een pericol, c\u00e2t \u015fi pe al\u0163i oameni din preajm\u0103. De altfel, \u00een mai multe ocazii, oamenii legii au fost nevoi\u0163i s\u0103 opreasc\u0103 circula\u0163ia atunci c\u00e2nd Avr\u0103mu\u0163\u0103 s-a urcat pe cl\u0103diri ori macarale. <\/p>\n\n\n\n<p><strong>CITE\u015eTE \u015eI:<\/strong> <a href=\"https:\/\/buletin.de\/bucuresti\/video-un-barbat-s-a-urcat-pe-o-macara-inalta-de-40-de-metri-si-flutura-un-steag-trafic-restrictionat-pe-iuliu-maniu\/\">VIDEO | Un b\u0103rbat s-a urcat pe o macara \u00eenalt\u0103 de 40 de metri \u0219i flutur\u0103 un steag. Trafic restric\u021bionat pe Iuliu Maniu<\/a><\/p>\n\n\n\n<p>Este de notorietate momentul c\u00e2nd b\u0103rbatul s-a urcat pe cl\u0103direa Universit\u0103\u0163ii, flutur\u00e2nd un steag, \u00een semn de sus\u0163inere pentru C\u0103lin Georgescu. A fost unul dintre momentele c\u00e2nd traficul a fost restric\u0163ionat din cauza ac\u0163iunilor sale. <\/p>\n\n\n\n<p><strong>CITE\u015eTE \u015eI: <\/strong><a href=\"https:\/\/buletin.de\/bucuresti\/stegarul-dac-s-a-urcat-pe-cladirea-universitatii-din-bucuresti-si-a-transmis-un-mesaj-de-sustinere-pentru-calin-georgescu\/\">\u201eStegarul dac\u201d s-a urcat pe cl\u0103direa Universit\u0103\u021bii din Bucure\u0219ti \u0219i a transmis un mesaj de sus\u021binere pentru C\u0103lin Georgescu<\/a><br><br><\/p>\n","protected":false},"excerpt":{"rendered":"<p>Cezar Avr\u0103mu\u0163\u0103, b\u0103rbatul de 57 de ani cunoscut sub numele de \u201eStegarul dac\u201d, a fost arestat preventiv dup\u0103 o lung\u0103 perioad\u0103 de arest la domiciliu. Acesta are mai multe dosare penale &#8211; de la tulburarea ordinii \u015fi lini\u015ftii publice, violarea sediului profesional \u015fi ultraj, p\u00e2n\u0103 la evadare \u015fi distrugere, dup\u0103 ce \u015fi-a t\u0103iat br\u0103\u0163ara de [&hellip;]<\/p>\n","protected":false},"author":1,"featured_media":131766,"comment_status":"closed","ping_status":"open","sticky":false,"template":"","format":"standard","meta":{"_acf_changed":false,"inline_featured_image":false,"ngg_post_thumbnail":0,"footnotes":""},"categories":[6994,9026,62],"tags":[21563,21562,17501,1144,21560,21559,21561],"ppma_author":[22583],"class_list":["post-131762","post","type-post","status-publish","format-standard","has-post-thumbnail","hentry","category-stiri-2","category-eveniment","category-stiri","tag-arest-politie-cezar-avramuta","tag-arestul-central","tag-cezar-avramuta","tag-politia-capitalei","tag-protest-stegarul-dac","tag-stegarul-dac-arestat-preventiv","tag-stegarul-dac-copac"],"acf":[],"yoast_head":"<!-- This site is optimized with the Yoast SEO Premium plugin v25.3 (Yoast SEO v27.5) - https:\/\/yoast.com\/product\/yoast-seo-premium-wordpress\/ -->\n<title>\u201eStegarul dac\u201d, \u201einterdic\u0163ie fizic\u0103\u201d pentru escalad\u0103ri. Cezar Avr\u0103mu\u0163\u0103 a fost arestat preventiv - Buletin de Bucure\u0219ti<\/title>\n<meta name=\"description\" content=\"Cezar Avr\u0103mu\u0163\u0103, b\u0103rbatul de 57 de ani cunoscut sub numele de \u201eStegarul dac\u201d, a fost arestat preventiv. Are mai multe dosare penale\" \/>\n<meta name=\"robots\" content=\"index, follow, max-snippet:-1, max-image-preview:large, max-video-preview:-1\" \/>\n<link rel=\"canonical\" href=\"https:\/\/buletin.de\/bucuresti\/stegarul-dac-interdictie-fizica-pentru-escaladari-cezar-avramuta-a-fost-arestat-preventiv\/\" \/>\n<meta property=\"og:locale\" content=\"en_GB\" \/>\n<meta property=\"og:type\" content=\"article\" \/>\n<meta property=\"og:title\" content=\"\u201eStegarul dac\u201d, \u201einterdic\u0163ie fizic\u0103\u201d pentru escalad\u0103ri. Cezar Avr\u0103mu\u0163\u0103 a fost arestat preventiv\" \/>\n<meta property=\"og:description\" content=\"Cezar Avr\u0103mu\u0163\u0103, b\u0103rbatul de 57 de ani cunoscut sub numele de \u201eStegarul dac\u201d, a fost arestat preventiv. Are mai multe dosare penale\" \/>\n<meta property=\"og:url\" content=\"https:\/\/buletin.de\/bucuresti\/stegarul-dac-interdictie-fizica-pentru-escaladari-cezar-avramuta-a-fost-arestat-preventiv\/\" \/>\n<meta property=\"og:site_name\" content=\"Buletin de Bucure\u0219ti\" \/>\n<meta property=\"article:publisher\" content=\"https:\/\/www.facebook.com\/buletin.de.buc\" \/>\n<meta property=\"article:published_time\" content=\"2025-05-23T15:32:54+00:00\" \/>\n<meta property=\"article:modified_time\" content=\"2025-05-23T15:32:55+00:00\" \/>\n<meta property=\"og:image\" content=\"https:\/\/buletin.de\/bucuresti\/wp-content\/uploads\/2025\/05\/cezar-avramuta-stegarul-dac.jpg\" \/>\n\t<meta property=\"og:image:width\" content=\"960\" \/>\n\t<meta property=\"og:image:height\" content=\"639\" \/>\n\t<meta property=\"og:image:type\" content=\"image\/jpeg\" \/>\n<meta name=\"author\" content=\"Redac\u021bia Buletin de Bucure\u0219ti\" \/>\n<meta name=\"twitter:card\" content=\"summary_large_image\" \/>\n<meta name=\"twitter:label1\" content=\"Written by\" \/>\n\t<meta name=\"twitter:data1\" content=\"Redac\u021bia Buletin de Bucure\u0219ti\" \/>\n\t<meta name=\"twitter:label2\" content=\"Estimated reading time\" \/>\n\t<meta name=\"twitter:data2\" content=\"2 minutes\" \/>\n<script type=\"application\/ld+json\" class=\"yoast-schema-graph\">{\"@context\":\"https:\\\/\\\/schema.org\",\"@graph\":[{\"@type\":\"Article\",\"@id\":\"https:\\\/\\\/buletin.de\\\/bucuresti\\\/stegarul-dac-interdictie-fizica-pentru-escaladari-cezar-avramuta-a-fost-arestat-preventiv\\\/#article\",\"isPartOf\":{\"@id\":\"https:\\\/\\\/buletin.de\\\/bucuresti\\\/stegarul-dac-interdictie-fizica-pentru-escaladari-cezar-avramuta-a-fost-arestat-preventiv\\\/\"},\"author\":{\"name\":\"Redac\u021bia Buletin de Bucure\u0219ti\",\"@id\":\"https:\\\/\\\/buletin.de\\\/bucuresti\\\/#\\\/schema\\\/person\\\/2bbcf854e5f2419a13804af574d06ab1\"},\"headline\":\"\u201eStegarul dac\u201d, \u201einterdic\u0163ie fizic\u0103\u201d pentru escalad\u0103ri. Cezar Avr\u0103mu\u0163\u0103 a fost arestat preventiv\",\"datePublished\":\"2025-05-23T15:32:54+00:00\",\"dateModified\":\"2025-05-23T15:32:55+00:00\",\"mainEntityOfPage\":{\"@id\":\"https:\\\/\\\/buletin.de\\\/bucuresti\\\/stegarul-dac-interdictie-fizica-pentru-escaladari-cezar-avramuta-a-fost-arestat-preventiv\\\/\"},\"wordCount\":434,\"publisher\":{\"@id\":\"https:\\\/\\\/buletin.de\\\/bucuresti\\\/#organization\"},\"image\":{\"@id\":\"https:\\\/\\\/buletin.de\\\/bucuresti\\\/stegarul-dac-interdictie-fizica-pentru-escaladari-cezar-avramuta-a-fost-arestat-preventiv\\\/#primaryimage\"},\"thumbnailUrl\":\"https:\\\/\\\/buletin.de\\\/bucuresti\\\/wp-content\\\/uploads\\\/2025\\\/05\\\/cezar-avramuta-stegarul-dac.jpg\",\"keywords\":[\"arest politie cezar avramuta\",\"arestul central\",\"cezar avramuta\",\"politia capitalei\",\"protest stegarul dac\",\"stegarul dac arestat preventiv\",\"stegarul dac copac\"],\"articleSection\":[\"Articole\",\"Eveniment\",\"\u0218tiri\"],\"inLanguage\":\"en-GB\",\"copyrightYear\":\"2025\",\"copyrightHolder\":{\"@id\":\"https:\\\/\\\/buletin.de\\\/bucuresti\\\/#organization\"}},{\"@type\":\"WebPage\",\"@id\":\"https:\\\/\\\/buletin.de\\\/bucuresti\\\/stegarul-dac-interdictie-fizica-pentru-escaladari-cezar-avramuta-a-fost-arestat-preventiv\\\/\",\"url\":\"https:\\\/\\\/buletin.de\\\/bucuresti\\\/stegarul-dac-interdictie-fizica-pentru-escaladari-cezar-avramuta-a-fost-arestat-preventiv\\\/\",\"name\":\"\u201eStegarul dac\u201d, \u201einterdic\u0163ie fizic\u0103\u201d pentru escalad\u0103ri. Cezar Avr\u0103mu\u0163\u0103 a fost arestat preventiv - Buletin de Bucure\u0219ti\",\"isPartOf\":{\"@id\":\"https:\\\/\\\/buletin.de\\\/bucuresti\\\/#website\"},\"primaryImageOfPage\":{\"@id\":\"https:\\\/\\\/buletin.de\\\/bucuresti\\\/stegarul-dac-interdictie-fizica-pentru-escaladari-cezar-avramuta-a-fost-arestat-preventiv\\\/#primaryimage\"},\"image\":{\"@id\":\"https:\\\/\\\/buletin.de\\\/bucuresti\\\/stegarul-dac-interdictie-fizica-pentru-escaladari-cezar-avramuta-a-fost-arestat-preventiv\\\/#primaryimage\"},\"thumbnailUrl\":\"https:\\\/\\\/buletin.de\\\/bucuresti\\\/wp-content\\\/uploads\\\/2025\\\/05\\\/cezar-avramuta-stegarul-dac.jpg\",\"datePublished\":\"2025-05-23T15:32:54+00:00\",\"dateModified\":\"2025-05-23T15:32:55+00:00\",\"description\":\"Cezar Avr\u0103mu\u0163\u0103, b\u0103rbatul de 57 de ani cunoscut sub numele de \u201eStegarul dac\u201d, a fost arestat preventiv. Are mai multe dosare penale\",\"breadcrumb\":{\"@id\":\"https:\\\/\\\/buletin.de\\\/bucuresti\\\/stegarul-dac-interdictie-fizica-pentru-escaladari-cezar-avramuta-a-fost-arestat-preventiv\\\/#breadcrumb\"},\"inLanguage\":\"en-GB\",\"potentialAction\":[{\"@type\":\"ReadAction\",\"target\":[\"https:\\\/\\\/buletin.de\\\/bucuresti\\\/stegarul-dac-interdictie-fizica-pentru-escaladari-cezar-avramuta-a-fost-arestat-preventiv\\\/\"]}]},{\"@type\":\"ImageObject\",\"inLanguage\":\"en-GB\",\"@id\":\"https:\\\/\\\/buletin.de\\\/bucuresti\\\/stegarul-dac-interdictie-fizica-pentru-escaladari-cezar-avramuta-a-fost-arestat-preventiv\\\/#primaryimage\",\"url\":\"https:\\\/\\\/buletin.de\\\/bucuresti\\\/wp-content\\\/uploads\\\/2025\\\/05\\\/cezar-avramuta-stegarul-dac.jpg\",\"contentUrl\":\"https:\\\/\\\/buletin.de\\\/bucuresti\\\/wp-content\\\/uploads\\\/2025\\\/05\\\/cezar-avramuta-stegarul-dac.jpg\",\"width\":960,\"height\":639,\"caption\":\"Stegarul dac la o ac\u0163iune de protest. FOTO: FB \\\/ Cezar Avr\u0103mu\u0163\u0103\"},{\"@type\":\"BreadcrumbList\",\"@id\":\"https:\\\/\\\/buletin.de\\\/bucuresti\\\/stegarul-dac-interdictie-fizica-pentru-escaladari-cezar-avramuta-a-fost-arestat-preventiv\\\/#breadcrumb\",\"itemListElement\":[{\"@type\":\"ListItem\",\"position\":1,\"name\":\"Acas\u0103\",\"item\":\"https:\\\/\\\/buletin.de\\\/bucuresti\\\/\"},{\"@type\":\"ListItem\",\"position\":2,\"name\":\"\u201eStegarul dac\u201d, \u201einterdic\u0163ie fizic\u0103\u201d pentru escalad\u0103ri. Cezar Avr\u0103mu\u0163\u0103 a fost arestat preventiv\"}]},{\"@type\":\"WebSite\",\"@id\":\"https:\\\/\\\/buletin.de\\\/bucuresti\\\/#website\",\"url\":\"https:\\\/\\\/buletin.de\\\/bucuresti\\\/\",\"name\":\"Buletin de Bucure\u0219ti\",\"description\":\"\u0218tiri \u0219i investiga\u021bii esen\u021biale din capital\u0103\",\"publisher\":{\"@id\":\"https:\\\/\\\/buletin.de\\\/bucuresti\\\/#organization\"},\"potentialAction\":[{\"@type\":\"SearchAction\",\"target\":{\"@type\":\"EntryPoint\",\"urlTemplate\":\"https:\\\/\\\/buletin.de\\\/bucuresti\\\/?s={search_term_string}\"},\"query-input\":{\"@type\":\"PropertyValueSpecification\",\"valueRequired\":true,\"valueName\":\"search_term_string\"}}],\"inLanguage\":\"en-GB\"},{\"@type\":\"Organization\",\"@id\":\"https:\\\/\\\/buletin.de\\\/bucuresti\\\/#organization\",\"name\":\"Buletin de Bucure\u0219ti\",\"url\":\"https:\\\/\\\/buletin.de\\\/bucuresti\\\/\",\"logo\":{\"@type\":\"ImageObject\",\"inLanguage\":\"en-GB\",\"@id\":\"https:\\\/\\\/buletin.de\\\/bucuresti\\\/#\\\/schema\\\/logo\\\/image\\\/\",\"url\":\"https:\\\/\\\/buletin.de\\\/bucuresti\\\/wp-content\\\/uploads\\\/logo-bdb-full-wide-vernil-transparent.png\",\"contentUrl\":\"https:\\\/\\\/buletin.de\\\/bucuresti\\\/wp-content\\\/uploads\\\/logo-bdb-full-wide-vernil-transparent.png\",\"width\":1782,\"height\":626,\"caption\":\"Buletin de Bucure\u0219ti\"},\"image\":{\"@id\":\"https:\\\/\\\/buletin.de\\\/bucuresti\\\/#\\\/schema\\\/logo\\\/image\\\/\"},\"sameAs\":[\"https:\\\/\\\/www.facebook.com\\\/buletin.de.buc\",\"https:\\\/\\\/www.instagram.com\\\/buletinde.bucuresti\\\/\"]},{\"@type\":\"Person\",\"@id\":\"https:\\\/\\\/buletin.de\\\/bucuresti\\\/#\\\/schema\\\/person\\\/2bbcf854e5f2419a13804af574d06ab1\",\"name\":\"Redac\u021bia Buletin de Bucure\u0219ti\",\"image\":{\"@type\":\"ImageObject\",\"inLanguage\":\"en-GB\",\"@id\":\"https:\\\/\\\/secure.gravatar.com\\\/avatar\\\/18c5342381ed1a08620e6280424e3e5efc958618f5d67c522c9e44c1bc6f9226?s=96&d=monsterid&r=g60c7cd0ad92c68c049fcd4bb3504d609\",\"url\":\"https:\\\/\\\/secure.gravatar.com\\\/avatar\\\/18c5342381ed1a08620e6280424e3e5efc958618f5d67c522c9e44c1bc6f9226?s=96&d=monsterid&r=g\",\"contentUrl\":\"https:\\\/\\\/secure.gravatar.com\\\/avatar\\\/18c5342381ed1a08620e6280424e3e5efc958618f5d67c522c9e44c1bc6f9226?s=96&d=monsterid&r=g\",\"caption\":\"Redac\u021bia Buletin de Bucure\u0219ti\"},\"description\":\"Buletin de Bucure\u0219ti exist\u0103 din vara anului 2019.\",\"url\":\"https:\\\/\\\/buletin.de\\\/bucuresti\\\/author\\\/adminbuletin\\\/\"}]}<\/script>\n<!-- \/ Yoast SEO Premium plugin. -->","yoast_head_json":{"title":"\u201eStegarul dac\u201d, \u201einterdic\u0163ie fizic\u0103\u201d pentru escalad\u0103ri. Cezar Avr\u0103mu\u0163\u0103 a fost arestat preventiv - Buletin de Bucure\u0219ti","description":"Cezar Avr\u0103mu\u0163\u0103, b\u0103rbatul de 57 de ani cunoscut sub numele de \u201eStegarul dac\u201d, a fost arestat preventiv. Are mai multe dosare penale","robots":{"index":"index","follow":"follow","max-snippet":"max-snippet:-1","max-image-preview":"max-image-preview:large","max-video-preview":"max-video-preview:-1"},"canonical":"https:\/\/buletin.de\/bucuresti\/stegarul-dac-interdictie-fizica-pentru-escaladari-cezar-avramuta-a-fost-arestat-preventiv\/","og_locale":"en_GB","og_type":"article","og_title":"\u201eStegarul dac\u201d, \u201einterdic\u0163ie fizic\u0103\u201d pentru escalad\u0103ri. Cezar Avr\u0103mu\u0163\u0103 a fost arestat preventiv","og_description":"Cezar Avr\u0103mu\u0163\u0103, b\u0103rbatul de 57 de ani cunoscut sub numele de \u201eStegarul dac\u201d, a fost arestat preventiv. Are mai multe dosare penale","og_url":"https:\/\/buletin.de\/bucuresti\/stegarul-dac-interdictie-fizica-pentru-escaladari-cezar-avramuta-a-fost-arestat-preventiv\/","og_site_name":"Buletin de Bucure\u0219ti","article_publisher":"https:\/\/www.facebook.com\/buletin.de.buc","article_published_time":"2025-05-23T15:32:54+00:00","article_modified_time":"2025-05-23T15:32:55+00:00","og_image":[{"width":960,"height":639,"url":"https:\/\/buletin.de\/bucuresti\/wp-content\/uploads\/2025\/05\/cezar-avramuta-stegarul-dac.jpg","type":"image\/jpeg"}],"author":"Redac\u021bia Buletin de Bucure\u0219ti","twitter_card":"summary_large_image","twitter_misc":{"Written by":"Redac\u021bia Buletin de Bucure\u0219ti","Estimated reading time":"2 minutes"},"schema":{"@context":"https:\/\/schema.org","@graph":[{"@type":"Article","@id":"https:\/\/buletin.de\/bucuresti\/stegarul-dac-interdictie-fizica-pentru-escaladari-cezar-avramuta-a-fost-arestat-preventiv\/#article","isPartOf":{"@id":"https:\/\/buletin.de\/bucuresti\/stegarul-dac-interdictie-fizica-pentru-escaladari-cezar-avramuta-a-fost-arestat-preventiv\/"},"author":{"name":"Redac\u021bia Buletin de Bucure\u0219ti","@id":"https:\/\/buletin.de\/bucuresti\/#\/schema\/person\/2bbcf854e5f2419a13804af574d06ab1"},"headline":"\u201eStegarul dac\u201d, \u201einterdic\u0163ie fizic\u0103\u201d pentru escalad\u0103ri. Cezar Avr\u0103mu\u0163\u0103 a fost arestat preventiv","datePublished":"2025-05-23T15:32:54+00:00","dateModified":"2025-05-23T15:32:55+00:00","mainEntityOfPage":{"@id":"https:\/\/buletin.de\/bucuresti\/stegarul-dac-interdictie-fizica-pentru-escaladari-cezar-avramuta-a-fost-arestat-preventiv\/"},"wordCount":434,"publisher":{"@id":"https:\/\/buletin.de\/bucuresti\/#organization"},"image":{"@id":"https:\/\/buletin.de\/bucuresti\/stegarul-dac-interdictie-fizica-pentru-escaladari-cezar-avramuta-a-fost-arestat-preventiv\/#primaryimage"},"thumbnailUrl":"https:\/\/buletin.de\/bucuresti\/wp-content\/uploads\/2025\/05\/cezar-avramuta-stegarul-dac.jpg","keywords":["arest politie cezar avramuta","arestul central","cezar avramuta","politia capitalei","protest stegarul dac","stegarul dac arestat preventiv","stegarul dac copac"],"articleSection":["Articole","Eveniment","\u0218tiri"],"inLanguage":"en-GB","copyrightYear":"2025","copyrightHolder":{"@id":"https:\/\/buletin.de\/bucuresti\/#organization"}},{"@type":"WebPage","@id":"https:\/\/buletin.de\/bucuresti\/stegarul-dac-interdictie-fizica-pentru-escaladari-cezar-avramuta-a-fost-arestat-preventiv\/","url":"https:\/\/buletin.de\/bucuresti\/stegarul-dac-interdictie-fizica-pentru-escaladari-cezar-avramuta-a-fost-arestat-preventiv\/","name":"\u201eStegarul dac\u201d, \u201einterdic\u0163ie fizic\u0103\u201d pentru escalad\u0103ri. Cezar Avr\u0103mu\u0163\u0103 a fost arestat preventiv - Buletin de Bucure\u0219ti","isPartOf":{"@id":"https:\/\/buletin.de\/bucuresti\/#website"},"primaryImageOfPage":{"@id":"https:\/\/buletin.de\/bucuresti\/stegarul-dac-interdictie-fizica-pentru-escaladari-cezar-avramuta-a-fost-arestat-preventiv\/#primaryimage"},"image":{"@id":"https:\/\/buletin.de\/bucuresti\/stegarul-dac-interdictie-fizica-pentru-escaladari-cezar-avramuta-a-fost-arestat-preventiv\/#primaryimage"},"thumbnailUrl":"https:\/\/buletin.de\/bucuresti\/wp-content\/uploads\/2025\/05\/cezar-avramuta-stegarul-dac.jpg","datePublished":"2025-05-23T15:32:54+00:00","dateModified":"2025-05-23T15:32:55+00:00","description":"Cezar Avr\u0103mu\u0163\u0103, b\u0103rbatul de 57 de ani cunoscut sub numele de \u201eStegarul dac\u201d, a fost arestat preventiv. Are mai multe dosare penale","breadcrumb":{"@id":"https:\/\/buletin.de\/bucuresti\/stegarul-dac-interdictie-fizica-pentru-escaladari-cezar-avramuta-a-fost-arestat-preventiv\/#breadcrumb"},"inLanguage":"en-GB","potentialAction":[{"@type":"ReadAction","target":["https:\/\/buletin.de\/bucuresti\/stegarul-dac-interdictie-fizica-pentru-escaladari-cezar-avramuta-a-fost-arestat-preventiv\/"]}]},{"@type":"ImageObject","inLanguage":"en-GB","@id":"https:\/\/buletin.de\/bucuresti\/stegarul-dac-interdictie-fizica-pentru-escaladari-cezar-avramuta-a-fost-arestat-preventiv\/#primaryimage","url":"https:\/\/buletin.de\/bucuresti\/wp-content\/uploads\/2025\/05\/cezar-avramuta-stegarul-dac.jpg","contentUrl":"https:\/\/buletin.de\/bucuresti\/wp-content\/uploads\/2025\/05\/cezar-avramuta-stegarul-dac.jpg","width":960,"height":639,"caption":"Stegarul dac la o ac\u0163iune de protest. FOTO: FB \/ Cezar Avr\u0103mu\u0163\u0103"},{"@type":"BreadcrumbList","@id":"https:\/\/buletin.de\/bucuresti\/stegarul-dac-interdictie-fizica-pentru-escaladari-cezar-avramuta-a-fost-arestat-preventiv\/#breadcrumb","itemListElement":[{"@type":"ListItem","position":1,"name":"Acas\u0103","item":"https:\/\/buletin.de\/bucuresti\/"},{"@type":"ListItem","position":2,"name":"\u201eStegarul dac\u201d, \u201einterdic\u0163ie fizic\u0103\u201d pentru escalad\u0103ri. Cezar Avr\u0103mu\u0163\u0103 a fost arestat preventiv"}]},{"@type":"WebSite","@id":"https:\/\/buletin.de\/bucuresti\/#website","url":"https:\/\/buletin.de\/bucuresti\/","name":"Buletin de Bucure\u0219ti","description":"\u0218tiri \u0219i investiga\u021bii esen\u021biale din capital\u0103","publisher":{"@id":"https:\/\/buletin.de\/bucuresti\/#organization"},"potentialAction":[{"@type":"SearchAction","target":{"@type":"EntryPoint","urlTemplate":"https:\/\/buletin.de\/bucuresti\/?s={search_term_string}"},"query-input":{"@type":"PropertyValueSpecification","valueRequired":true,"valueName":"search_term_string"}}],"inLanguage":"en-GB"},{"@type":"Organization","@id":"https:\/\/buletin.de\/bucuresti\/#organization","name":"Buletin de Bucure\u0219ti","url":"https:\/\/buletin.de\/bucuresti\/","logo":{"@type":"ImageObject","inLanguage":"en-GB","@id":"https:\/\/buletin.de\/bucuresti\/#\/schema\/logo\/image\/","url":"https:\/\/buletin.de\/bucuresti\/wp-content\/uploads\/logo-bdb-full-wide-vernil-transparent.png","contentUrl":"https:\/\/buletin.de\/bucuresti\/wp-content\/uploads\/logo-bdb-full-wide-vernil-transparent.png","width":1782,"height":626,"caption":"Buletin de Bucure\u0219ti"},"image":{"@id":"https:\/\/buletin.de\/bucuresti\/#\/schema\/logo\/image\/"},"sameAs":["https:\/\/www.facebook.com\/buletin.de.buc","https:\/\/www.instagram.com\/buletinde.bucuresti\/"]},{"@type":"Person","@id":"https:\/\/buletin.de\/bucuresti\/#\/schema\/person\/2bbcf854e5f2419a13804af574d06ab1","name":"Redac\u021bia Buletin de Bucure\u0219ti","image":{"@type":"ImageObject","inLanguage":"en-GB","@id":"https:\/\/secure.gravatar.com\/avatar\/18c5342381ed1a08620e6280424e3e5efc958618f5d67c522c9e44c1bc6f9226?s=96&d=monsterid&r=g60c7cd0ad92c68c049fcd4bb3504d609","url":"https:\/\/secure.gravatar.com\/avatar\/18c5342381ed1a08620e6280424e3e5efc958618f5d67c522c9e44c1bc6f9226?s=96&d=monsterid&r=g","contentUrl":"https:\/\/secure.gravatar.com\/avatar\/18c5342381ed1a08620e6280424e3e5efc958618f5d67c522c9e44c1bc6f9226?s=96&d=monsterid&r=g","caption":"Redac\u021bia Buletin de Bucure\u0219ti"},"description":"Buletin de Bucure\u0219ti exist\u0103 din vara anului 2019.","url":"https:\/\/buletin.de\/bucuresti\/author\/adminbuletin\/"}]}},"authors":[{"term_id":22583,"user_id":1,"is_guest":0,"slug":"adminbuletin","display_name":"Redac\u021bia Buletin de Bucure\u0219ti","avatar_url":"https:\/\/secure.gravatar.com\/avatar\/18c5342381ed1a08620e6280424e3e5efc958618f5d67c522c9e44c1bc6f9226?s=96&d=monsterid&r=g","0":null,"1":"","2":"","3":"","4":"","5":"","6":"","7":"","8":""}],"_links":{"self":[{"href":"https:\/\/buletin.de\/bucuresti\/wp-json\/wp\/v2\/posts\/131762","targetHints":{"allow":["GET"]}}],"collection":[{"href":"https:\/\/buletin.de\/bucuresti\/wp-json\/wp\/v2\/posts"}],"about":[{"href":"https:\/\/buletin.de\/bucuresti\/wp-json\/wp\/v2\/types\/post"}],"author":[{"embeddable":true,"href":"https:\/\/buletin.de\/bucuresti\/wp-json\/wp\/v2\/users\/1"}],"replies":[{"embeddable":true,"href":"https:\/\/buletin.de\/bucuresti\/wp-json\/wp\/v2\/comments?post=131762"}],"version-history":[{"count":1,"href":"https:\/\/buletin.de\/bucuresti\/wp-json\/wp\/v2\/posts\/131762\/revisions"}],"predecessor-version":[{"id":131767,"href":"https:\/\/buletin.de\/bucuresti\/wp-json\/wp\/v2\/posts\/131762\/revisions\/131767"}],"wp:featuredmedia":[{"embeddable":true,"href":"https:\/\/buletin.de\/bucuresti\/wp-json\/wp\/v2\/media\/131766"}],"wp:attachment":[{"href":"https:\/\/buletin.de\/bucuresti\/wp-json\/wp\/v2\/media?parent=131762"}],"wp:term":[{"taxonomy":"category","embeddable":true,"href":"https:\/\/buletin.de\/bucuresti\/wp-json\/wp\/v2\/categories?post=131762"},{"taxonomy":"post_tag","embeddable":true,"href":"https:\/\/buletin.de\/bucuresti\/wp-json\/wp\/v2\/tags?post=131762"},{"taxonomy":"author","embeddable":true,"href":"https:\/\/buletin.de\/bucuresti\/wp-json\/wp\/v2\/ppma_author?post=131762"}],"curies":[{"name":"wp","href":"https:\/\/api.w.org\/{rel}","templated":true}]}}