{"id":131746,"date":"2025-05-23T16:18:30","date_gmt":"2025-05-23T13:18:30","guid":{"rendered":"https:\/\/buletin.de\/bucuresti\/?p=131746"},"modified":"2025-05-23T16:18:31","modified_gmt":"2025-05-23T13:18:31","slug":"ultimul-mesaj-al-lui-nicusor-dan-in-calitate-de-primar-general-al-capitalei-ce-le-a-transmis-consilierilor-generali","status":"publish","type":"post","link":"https:\/\/buletin.de\/bucuresti\/ultimul-mesaj-al-lui-nicusor-dan-in-calitate-de-primar-general-al-capitalei-ce-le-a-transmis-consilierilor-generali\/","title":{"rendered":"Ultimul mesaj al lui Nicu\u0219or Dan \u00een calitate de primar general al Capitalei.  Ce le-a transmis consilierilor generali"},"content":{"rendered":"\n<p><strong>Nicu\u0219or Dan a transmis ultimul s\u0103u mesaj \u00een calitate de primar general, la c\u00e2teva ore dup\u0103 ce a participat la \u0219edin\u021ba de Consiliu General \u00een care Stelian Bujduveanu a fost votat primar interimar. Acesta a spus c\u0103  \u201eviitorul Bucure\u0219tiului depinde de continuarea proiectelor esen\u021biale, \u00een special cele cu finan\u021bare european\u0103\u201d. Dan \u00ee\u0219i ia mandatul \u00een primire mandatul de pre\u0219edinte al Rom\u00e2niei, luni, 26 mai.<\/strong><\/p>\n\n\n\n<p>Nicu\u0219or Dan a vorbit \u00eenc\u0103 de c\u00e2nd era la prezidiu, la finalul \u0219edin\u021bei, de marile probleme actuale ale Bucure\u0219tiului &#8211; bugetul Prim\u0103riei cu care abia acoper\u0103 cheltuielile curente \u0219i urbanismul. Acesta consider\u0103 c\u0103 anul 2025 e pierdut, din cauza bugetului \u0219i c\u0103, din 2026, \u00eel va putea ajuta pe succesorul s\u0103u din punctul de vedere al finan\u021b\u0103rii. <\/p>\n\n\n\n<p>\u201eOra\u0219ul apar\u021bine oamenilor, nu func\u021biilor. Iar munca noastr\u0103, \u00een administra\u021bie, trebuie s\u0103 \u00eenceap\u0103 \u0219i s\u0103 se termine cu grij\u0103 pentru oameni.<\/p>\n\n\n\n<p>Am fost emo\u021bionat s\u0103 particip ast\u0103zi \u00een calitate de Primar General la ultima \u0219edin\u021b\u0103 a Consiliului Municipiului Bucure\u0219ti. Le-am transmis consilierilor un mesaj simplu, dar esen\u021bial: viitorul Bucure\u0219tiului depinde de continuarea proiectelor esen\u021biale, \u00een special cele cu finan\u021bare european\u0103.<\/p>\n\n\n\n<p>Avem \u00een desf\u0103\u0219urare contracte importante pentru modernizarea re\u021belei de termoficare, iar \u00een scurt timp trebuie s\u0103 aplic\u0103m pentru fonduri din Programul Opera\u021bional Regional \u2013 o oportunitate crucial\u0103 pentru modernizarea transportului public: linii de tramvai noi, tramvaie moderne, un ora\u0219 mai eficient \u0219i mai pu\u021bin poluat.<\/p>\n\n\n\n<p>Urbanismul este un domeniu-cheie pentru s\u0103n\u0103tatea \u0219i func\u021bionarea ora\u0219ului. Am \u00eencredere \u00een colegii de la Direc\u021bia de Urbanism \u0219i, din pozi\u021bia de cet\u0103\u021bean, voi participa activ la dezbaterea public\u0103 pentru noul Plan Urbanistic General \u2013 un document vital pentru viitorul Capitalei.<\/p>\n\n\n\n<p>A fost o onoare s\u0103 lucr\u0103m \u00eempreun\u0103 \u00een ace\u0219ti ani.<\/p>\n\n\n\n<p>Mul\u021bumesc consilierilor generali din toate mandatele pentru colaborare, energie \u0219i dedicare. Le doresc tuturor succes \u0219i \u00een\u021belepciune \u00een deciziile care vor urma.\u201d<\/p>\n\n\n\n<p><strong>CITE\u0218TE \u0218I:<\/strong> <a href=\"https:\/\/buletin.de\/bucuresti\/liberalul-stelian-bujduveanu-va-conduce-primaria-capitalei-pana-la-alegeri\/\">Liberalul Stelian Bujduveanu va conduce Prim\u0103ria Capitalei p\u00e2n\u0103 la alegeri<\/a><\/p>\n\n\n\n<h2 class=\"wp-block-heading\" id=\"h-ce-se-intampla-dupa-plecarea-lui-nicu\u0219or-dan\">Ce se \u00eent\u00e2mpl\u0103 dup\u0103 plecarea lui Nicu\u0219or Dan<\/h2>\n\n\n\n<p>Dup\u0103 ce Nicu\u0219or Dan \u00ee\u0219i d\u0103 demisia din func\u021bia de primar, acesta va fi \u00eenvestit \u00een func\u021bia de pre\u0219edinte. Parlamentul ia act de noul mandat al pre\u0219edintelui Rom\u00e2niei, \u00eentr-o \u0219edin\u021b\u0103 comun\u0103.<\/p>\n\n\n\n<p>\u0218edin\u021ba Senatului \u0219i Camerei Deputa\u021bilor a fost stabilit\u0103 pentru luni, 26 mai. Tot atunci, Nicu\u0219or Dan va depune \u0219i jur\u0103m\u00e2ntul ca pre\u0219edinte.<\/p>\n\n\n\n<p>Dac\u0103 mandatul de primar era spre final, atribu\u021biile ar fi fost preluate de un viceprimar, p\u00e2n\u0103 la organizarea la termen a unui nou scrutin. A\u0219a s-a \u00eent\u00e2mplat c\u00e2nd a fost arestat Sorin Oprescu, \u00een septembrie 2015. Acesta mai avea doar jum\u0103tate de an de \u00een fruntea Prim\u0103riei Capitalei, la momentul \u00een care a mers la \u00eenchisoare.<\/p>\n\n\n\n<p>Acum, \u00eens\u0103, mandatul de primar este abia la \u00eenceput, au trecut doar \u0219ase luni de c\u00e2nd Nicu\u0219or Dan fusese reales ca primar general. Mai sunt a\u0219adar trei ani \u0219i jum\u0103tate p\u00e2n\u0103 la noul scrutin. Prin urmare, vor avea loc alegeri pentru un nou edil.<\/p>\n\n\n\n<p><strong>Dup\u0103 ce Nicu\u0219or Dan \u00ee\u0219i depune demisia, prefectul Capitalei ia act de aceasta \u0219i are la dispozi\u021bie 10 zile pentru a constata vacantarea func\u021biei si pentru a cere Guvernului stabilirea datei pentru noile alegeri locale.<\/strong><\/p>\n\n\n\n<p>Executivul este obligat s\u0103 organizeze un nou scrutin pentru primarul general al Capitalei, \u00een maxim 90 de zile de la emiterea ordinului prefectului.<\/p>\n\n\n\n<p>\u201eAlegerile prev\u0103zute la&nbsp;<a href=\"https:\/\/lege5.ro\/Gratuit\/gm2dcnrygm3q\/codul-administrativ-din-03072019?pid=291968581&amp;d=2025-05-19#p-291968581\" target=\"_blank\" rel=\"noreferrer noopener\">alin. (1)<\/a>&nbsp;se organizeaz\u0103 \u00een termen de 90 de zile de la emiterea ordinului prefectului prev\u0103zut la art. 118&nbsp;<a href=\"https:\/\/lege5.ro\/Gratuit\/gm2dcnrygm3q\/codul-administrativ-din-03072019?pid=291968566&amp;d=2025-05-19#p-291968566\" target=\"_blank\" rel=\"noreferrer noopener\">alin. (4)<\/a>, \u00een condi\u0163iile legii privind alegerea autorit\u0103\u0163ilor administra\u0163iei publice locale. Stabilirea datei pentru organizarea alegerilor se face de c\u0103tre Guvern, la propunerea autorit\u0103\u0163ilor cu atribu\u0163ii \u00een organizarea alegerilor locale pe baza solicit\u0103rii prefectului\u201d, se arat\u0103 \u00een Codul administrativ.<\/p>\n\n\n\n<p><strong>CITE\u0218TE \u0218I:<\/strong> <a href=\"https:\/\/buletin.de\/bucuresti\/cand-vor-avea-loc-alegerile-pentru-nou-primar-al-bucurestiului\/\">C\u00e2nd vor avea loc alegerile pentru noul primar al Bucure\u0219tiului. Cine va prelua atribu\u021biile lui Nicu\u0219or Dan p\u00e2n\u0103 atunci<\/a><br><\/p>\n","protected":false},"excerpt":{"rendered":"<p>Nicu\u0219or Dan a transmis ultimul s\u0103u mesaj \u00een calitate de primar general, la c\u00e2teva ore dup\u0103 ce a participat la \u0219edin\u021ba de Consiliu General \u00een care Stelian Bujduveanu a fost votat primar interimar. Acesta a spus c\u0103 \u201eviitorul Bucure\u0219tiului depinde de continuarea proiectelor esen\u021biale, \u00een special cele cu finan\u021bare european\u0103\u201d. Dan \u00ee\u0219i ia mandatul \u00een [&hellip;]<\/p>\n","protected":false},"author":8,"featured_media":131747,"comment_status":"closed","ping_status":"open","sticky":false,"template":"","format":"standard","meta":{"_acf_changed":false,"inline_featured_image":false,"ngg_post_thumbnail":0,"footnotes":""},"categories":[6994,9025,62],"tags":[148,21546,21033,21528],"ppma_author":[22586],"class_list":["post-131746","post","type-post","status-publish","format-standard","has-post-thumbnail","hentry","category-stiri-2","category-politic","category-stiri","tag-cgmb","tag-mesaj-nicusor","tag-nicusor-dan-presedinte","tag-nicusor-dan-primar"],"acf":[],"yoast_head":"<!-- This site is optimized with the Yoast SEO Premium plugin v25.3 (Yoast SEO v27.5) - https:\/\/yoast.com\/product\/yoast-seo-premium-wordpress\/ -->\n<title>Ultimul mesaj al lui Nicu\u0219or Dan \u00een calitate de primar general al Capitalei. Ce le-a transmis consilierilor generali - Buletin de Bucure\u0219ti<\/title>\n<meta name=\"description\" content=\"Nicu\u0219or Dan a transmis ultimul s\u0103u mesaj \u00een calitate de primar general, la c\u00e2teva ore dup\u0103 ce a participat la \u0219edin\u021ba de Consiliu General\" \/>\n<meta name=\"robots\" content=\"index, follow, max-snippet:-1, max-image-preview:large, max-video-preview:-1\" \/>\n<link rel=\"canonical\" href=\"https:\/\/buletin.de\/bucuresti\/ultimul-mesaj-al-lui-nicusor-dan-in-calitate-de-primar-general-al-capitalei-ce-le-a-transmis-consilierilor-generali\/\" \/>\n<meta property=\"og:locale\" content=\"en_GB\" \/>\n<meta property=\"og:type\" content=\"article\" \/>\n<meta property=\"og:title\" content=\"Ultimul mesaj al lui Nicu\u0219or Dan \u00een calitate de primar general al Capitalei. Ce le-a transmis consilierilor generali\" \/>\n<meta property=\"og:description\" content=\"Nicu\u0219or Dan a transmis ultimul s\u0103u mesaj \u00een calitate de primar general, la c\u00e2teva ore dup\u0103 ce a participat la \u0219edin\u021ba de Consiliu General\" \/>\n<meta property=\"og:url\" content=\"https:\/\/buletin.de\/bucuresti\/ultimul-mesaj-al-lui-nicusor-dan-in-calitate-de-primar-general-al-capitalei-ce-le-a-transmis-consilierilor-generali\/\" \/>\n<meta property=\"og:site_name\" content=\"Buletin de Bucure\u0219ti\" \/>\n<meta property=\"article:publisher\" content=\"https:\/\/www.facebook.com\/buletin.de.buc\" \/>\n<meta property=\"article:published_time\" content=\"2025-05-23T13:18:30+00:00\" \/>\n<meta property=\"article:modified_time\" content=\"2025-05-23T13:18:31+00:00\" \/>\n<meta property=\"og:image\" content=\"https:\/\/buletin.de\/bucuresti\/wp-content\/uploads\/2025\/05\/nicusor-dan-ultima-sedinta-cgmb.jpg\" \/>\n\t<meta property=\"og:image:width\" content=\"1600\" \/>\n\t<meta property=\"og:image:height\" content=\"1066\" \/>\n\t<meta property=\"og:image:type\" content=\"image\/jpeg\" \/>\n<meta name=\"author\" content=\"Ionu\u021b Lepa\" \/>\n<meta name=\"twitter:card\" content=\"summary_large_image\" \/>\n<meta name=\"twitter:label1\" content=\"Written by\" \/>\n\t<meta name=\"twitter:data1\" content=\"Ionu\u021b Lepa\" \/>\n\t<meta name=\"twitter:label2\" content=\"Estimated reading time\" \/>\n\t<meta name=\"twitter:data2\" content=\"3 minutes\" \/>\n<script type=\"application\/ld+json\" class=\"yoast-schema-graph\">{\"@context\":\"https:\\\/\\\/schema.org\",\"@graph\":[{\"@type\":\"Article\",\"@id\":\"https:\\\/\\\/buletin.de\\\/bucuresti\\\/ultimul-mesaj-al-lui-nicusor-dan-in-calitate-de-primar-general-al-capitalei-ce-le-a-transmis-consilierilor-generali\\\/#article\",\"isPartOf\":{\"@id\":\"https:\\\/\\\/buletin.de\\\/bucuresti\\\/ultimul-mesaj-al-lui-nicusor-dan-in-calitate-de-primar-general-al-capitalei-ce-le-a-transmis-consilierilor-generali\\\/\"},\"author\":{\"name\":\"Ionu\u021b Lepa\",\"@id\":\"https:\\\/\\\/buletin.de\\\/bucuresti\\\/#\\\/schema\\\/person\\\/5272b8a057b33890940b57b837fc4ce6\"},\"headline\":\"Ultimul mesaj al lui Nicu\u0219or Dan \u00een calitate de primar general al Capitalei. Ce le-a transmis consilierilor generali\",\"datePublished\":\"2025-05-23T13:18:30+00:00\",\"dateModified\":\"2025-05-23T13:18:31+00:00\",\"mainEntityOfPage\":{\"@id\":\"https:\\\/\\\/buletin.de\\\/bucuresti\\\/ultimul-mesaj-al-lui-nicusor-dan-in-calitate-de-primar-general-al-capitalei-ce-le-a-transmis-consilierilor-generali\\\/\"},\"wordCount\":711,\"publisher\":{\"@id\":\"https:\\\/\\\/buletin.de\\\/bucuresti\\\/#organization\"},\"image\":{\"@id\":\"https:\\\/\\\/buletin.de\\\/bucuresti\\\/ultimul-mesaj-al-lui-nicusor-dan-in-calitate-de-primar-general-al-capitalei-ce-le-a-transmis-consilierilor-generali\\\/#primaryimage\"},\"thumbnailUrl\":\"https:\\\/\\\/buletin.de\\\/bucuresti\\\/wp-content\\\/uploads\\\/2025\\\/05\\\/nicusor-dan-ultima-sedinta-cgmb.jpg\",\"keywords\":[\"cgmb\",\"mesaj nicusor\",\"nicusor dan presedinte\",\"nicusor dan primar\"],\"articleSection\":[\"Articole\",\"Politic\",\"\u0218tiri\"],\"inLanguage\":\"en-GB\",\"copyrightYear\":\"2025\",\"copyrightHolder\":{\"@id\":\"https:\\\/\\\/buletin.de\\\/bucuresti\\\/#organization\"}},{\"@type\":\"WebPage\",\"@id\":\"https:\\\/\\\/buletin.de\\\/bucuresti\\\/ultimul-mesaj-al-lui-nicusor-dan-in-calitate-de-primar-general-al-capitalei-ce-le-a-transmis-consilierilor-generali\\\/\",\"url\":\"https:\\\/\\\/buletin.de\\\/bucuresti\\\/ultimul-mesaj-al-lui-nicusor-dan-in-calitate-de-primar-general-al-capitalei-ce-le-a-transmis-consilierilor-generali\\\/\",\"name\":\"Ultimul mesaj al lui Nicu\u0219or Dan \u00een calitate de primar general al Capitalei. Ce le-a transmis consilierilor generali - Buletin de Bucure\u0219ti\",\"isPartOf\":{\"@id\":\"https:\\\/\\\/buletin.de\\\/bucuresti\\\/#website\"},\"primaryImageOfPage\":{\"@id\":\"https:\\\/\\\/buletin.de\\\/bucuresti\\\/ultimul-mesaj-al-lui-nicusor-dan-in-calitate-de-primar-general-al-capitalei-ce-le-a-transmis-consilierilor-generali\\\/#primaryimage\"},\"image\":{\"@id\":\"https:\\\/\\\/buletin.de\\\/bucuresti\\\/ultimul-mesaj-al-lui-nicusor-dan-in-calitate-de-primar-general-al-capitalei-ce-le-a-transmis-consilierilor-generali\\\/#primaryimage\"},\"thumbnailUrl\":\"https:\\\/\\\/buletin.de\\\/bucuresti\\\/wp-content\\\/uploads\\\/2025\\\/05\\\/nicusor-dan-ultima-sedinta-cgmb.jpg\",\"datePublished\":\"2025-05-23T13:18:30+00:00\",\"dateModified\":\"2025-05-23T13:18:31+00:00\",\"description\":\"Nicu\u0219or Dan a transmis ultimul s\u0103u mesaj \u00een calitate de primar general, la c\u00e2teva ore dup\u0103 ce a participat la \u0219edin\u021ba de Consiliu General\",\"breadcrumb\":{\"@id\":\"https:\\\/\\\/buletin.de\\\/bucuresti\\\/ultimul-mesaj-al-lui-nicusor-dan-in-calitate-de-primar-general-al-capitalei-ce-le-a-transmis-consilierilor-generali\\\/#breadcrumb\"},\"inLanguage\":\"en-GB\",\"potentialAction\":[{\"@type\":\"ReadAction\",\"target\":[\"https:\\\/\\\/buletin.de\\\/bucuresti\\\/ultimul-mesaj-al-lui-nicusor-dan-in-calitate-de-primar-general-al-capitalei-ce-le-a-transmis-consilierilor-generali\\\/\"]}]},{\"@type\":\"ImageObject\",\"inLanguage\":\"en-GB\",\"@id\":\"https:\\\/\\\/buletin.de\\\/bucuresti\\\/ultimul-mesaj-al-lui-nicusor-dan-in-calitate-de-primar-general-al-capitalei-ce-le-a-transmis-consilierilor-generali\\\/#primaryimage\",\"url\":\"https:\\\/\\\/buletin.de\\\/bucuresti\\\/wp-content\\\/uploads\\\/2025\\\/05\\\/nicusor-dan-ultima-sedinta-cgmb.jpg\",\"contentUrl\":\"https:\\\/\\\/buletin.de\\\/bucuresti\\\/wp-content\\\/uploads\\\/2025\\\/05\\\/nicusor-dan-ultima-sedinta-cgmb.jpg\",\"width\":1600,\"height\":1066,\"caption\":\"Nicu\u0219or Dan, pentru ultima oar\u0103 ca primar \u00een CGMB. FOTO: FB \\\/ Nicusor Dan\"},{\"@type\":\"BreadcrumbList\",\"@id\":\"https:\\\/\\\/buletin.de\\\/bucuresti\\\/ultimul-mesaj-al-lui-nicusor-dan-in-calitate-de-primar-general-al-capitalei-ce-le-a-transmis-consilierilor-generali\\\/#breadcrumb\",\"itemListElement\":[{\"@type\":\"ListItem\",\"position\":1,\"name\":\"Acas\u0103\",\"item\":\"https:\\\/\\\/buletin.de\\\/bucuresti\\\/\"},{\"@type\":\"ListItem\",\"position\":2,\"name\":\"Ultimul mesaj al lui Nicu\u0219or Dan \u00een calitate de primar general al Capitalei. Ce le-a transmis consilierilor generali\"}]},{\"@type\":\"WebSite\",\"@id\":\"https:\\\/\\\/buletin.de\\\/bucuresti\\\/#website\",\"url\":\"https:\\\/\\\/buletin.de\\\/bucuresti\\\/\",\"name\":\"Buletin de Bucure\u0219ti\",\"description\":\"\u0218tiri \u0219i investiga\u021bii esen\u021biale din capital\u0103\",\"publisher\":{\"@id\":\"https:\\\/\\\/buletin.de\\\/bucuresti\\\/#organization\"},\"potentialAction\":[{\"@type\":\"SearchAction\",\"target\":{\"@type\":\"EntryPoint\",\"urlTemplate\":\"https:\\\/\\\/buletin.de\\\/bucuresti\\\/?s={search_term_string}\"},\"query-input\":{\"@type\":\"PropertyValueSpecification\",\"valueRequired\":true,\"valueName\":\"search_term_string\"}}],\"inLanguage\":\"en-GB\"},{\"@type\":\"Organization\",\"@id\":\"https:\\\/\\\/buletin.de\\\/bucuresti\\\/#organization\",\"name\":\"Buletin de Bucure\u0219ti\",\"url\":\"https:\\\/\\\/buletin.de\\\/bucuresti\\\/\",\"logo\":{\"@type\":\"ImageObject\",\"inLanguage\":\"en-GB\",\"@id\":\"https:\\\/\\\/buletin.de\\\/bucuresti\\\/#\\\/schema\\\/logo\\\/image\\\/\",\"url\":\"https:\\\/\\\/buletin.de\\\/bucuresti\\\/wp-content\\\/uploads\\\/logo-bdb-full-wide-vernil-transparent.png\",\"contentUrl\":\"https:\\\/\\\/buletin.de\\\/bucuresti\\\/wp-content\\\/uploads\\\/logo-bdb-full-wide-vernil-transparent.png\",\"width\":1782,\"height\":626,\"caption\":\"Buletin de Bucure\u0219ti\"},\"image\":{\"@id\":\"https:\\\/\\\/buletin.de\\\/bucuresti\\\/#\\\/schema\\\/logo\\\/image\\\/\"},\"sameAs\":[\"https:\\\/\\\/www.facebook.com\\\/buletin.de.buc\",\"https:\\\/\\\/www.instagram.com\\\/buletinde.bucuresti\\\/\"]},{\"@type\":\"Person\",\"@id\":\"https:\\\/\\\/buletin.de\\\/bucuresti\\\/#\\\/schema\\\/person\\\/5272b8a057b33890940b57b837fc4ce6\",\"name\":\"Ionu\u021b Lepa\",\"image\":{\"@type\":\"ImageObject\",\"inLanguage\":\"en-GB\",\"@id\":\"https:\\\/\\\/buletin.de\\\/bucuresti\\\/wp-content\\\/uploads\\\/Ionut-Lepa-96x96.jpg5c4e4d9e049808799a8821652d2410a4\",\"url\":\"https:\\\/\\\/buletin.de\\\/bucuresti\\\/wp-content\\\/uploads\\\/Ionut-Lepa-96x96.jpg\",\"contentUrl\":\"https:\\\/\\\/buletin.de\\\/bucuresti\\\/wp-content\\\/uploads\\\/Ionut-Lepa-96x96.jpg\",\"caption\":\"Ionu\u021b Lepa\"},\"url\":\"https:\\\/\\\/buletin.de\\\/bucuresti\\\/author\\\/ionutlepa\\\/\"}]}<\/script>\n<!-- \/ Yoast SEO Premium plugin. -->","yoast_head_json":{"title":"Ultimul mesaj al lui Nicu\u0219or Dan \u00een calitate de primar general al Capitalei. Ce le-a transmis consilierilor generali - Buletin de Bucure\u0219ti","description":"Nicu\u0219or Dan a transmis ultimul s\u0103u mesaj \u00een calitate de primar general, la c\u00e2teva ore dup\u0103 ce a participat la \u0219edin\u021ba de Consiliu General","robots":{"index":"index","follow":"follow","max-snippet":"max-snippet:-1","max-image-preview":"max-image-preview:large","max-video-preview":"max-video-preview:-1"},"canonical":"https:\/\/buletin.de\/bucuresti\/ultimul-mesaj-al-lui-nicusor-dan-in-calitate-de-primar-general-al-capitalei-ce-le-a-transmis-consilierilor-generali\/","og_locale":"en_GB","og_type":"article","og_title":"Ultimul mesaj al lui Nicu\u0219or Dan \u00een calitate de primar general al Capitalei. Ce le-a transmis consilierilor generali","og_description":"Nicu\u0219or Dan a transmis ultimul s\u0103u mesaj \u00een calitate de primar general, la c\u00e2teva ore dup\u0103 ce a participat la \u0219edin\u021ba de Consiliu General","og_url":"https:\/\/buletin.de\/bucuresti\/ultimul-mesaj-al-lui-nicusor-dan-in-calitate-de-primar-general-al-capitalei-ce-le-a-transmis-consilierilor-generali\/","og_site_name":"Buletin de Bucure\u0219ti","article_publisher":"https:\/\/www.facebook.com\/buletin.de.buc","article_published_time":"2025-05-23T13:18:30+00:00","article_modified_time":"2025-05-23T13:18:31+00:00","og_image":[{"width":1600,"height":1066,"url":"https:\/\/buletin.de\/bucuresti\/wp-content\/uploads\/2025\/05\/nicusor-dan-ultima-sedinta-cgmb.jpg","type":"image\/jpeg"}],"author":"Ionu\u021b Lepa","twitter_card":"summary_large_image","twitter_misc":{"Written by":"Ionu\u021b Lepa","Estimated reading time":"3 minutes"},"schema":{"@context":"https:\/\/schema.org","@graph":[{"@type":"Article","@id":"https:\/\/buletin.de\/bucuresti\/ultimul-mesaj-al-lui-nicusor-dan-in-calitate-de-primar-general-al-capitalei-ce-le-a-transmis-consilierilor-generali\/#article","isPartOf":{"@id":"https:\/\/buletin.de\/bucuresti\/ultimul-mesaj-al-lui-nicusor-dan-in-calitate-de-primar-general-al-capitalei-ce-le-a-transmis-consilierilor-generali\/"},"author":{"name":"Ionu\u021b Lepa","@id":"https:\/\/buletin.de\/bucuresti\/#\/schema\/person\/5272b8a057b33890940b57b837fc4ce6"},"headline":"Ultimul mesaj al lui Nicu\u0219or Dan \u00een calitate de primar general al Capitalei. Ce le-a transmis consilierilor generali","datePublished":"2025-05-23T13:18:30+00:00","dateModified":"2025-05-23T13:18:31+00:00","mainEntityOfPage":{"@id":"https:\/\/buletin.de\/bucuresti\/ultimul-mesaj-al-lui-nicusor-dan-in-calitate-de-primar-general-al-capitalei-ce-le-a-transmis-consilierilor-generali\/"},"wordCount":711,"publisher":{"@id":"https:\/\/buletin.de\/bucuresti\/#organization"},"image":{"@id":"https:\/\/buletin.de\/bucuresti\/ultimul-mesaj-al-lui-nicusor-dan-in-calitate-de-primar-general-al-capitalei-ce-le-a-transmis-consilierilor-generali\/#primaryimage"},"thumbnailUrl":"https:\/\/buletin.de\/bucuresti\/wp-content\/uploads\/2025\/05\/nicusor-dan-ultima-sedinta-cgmb.jpg","keywords":["cgmb","mesaj nicusor","nicusor dan presedinte","nicusor dan primar"],"articleSection":["Articole","Politic","\u0218tiri"],"inLanguage":"en-GB","copyrightYear":"2025","copyrightHolder":{"@id":"https:\/\/buletin.de\/bucuresti\/#organization"}},{"@type":"WebPage","@id":"https:\/\/buletin.de\/bucuresti\/ultimul-mesaj-al-lui-nicusor-dan-in-calitate-de-primar-general-al-capitalei-ce-le-a-transmis-consilierilor-generali\/","url":"https:\/\/buletin.de\/bucuresti\/ultimul-mesaj-al-lui-nicusor-dan-in-calitate-de-primar-general-al-capitalei-ce-le-a-transmis-consilierilor-generali\/","name":"Ultimul mesaj al lui Nicu\u0219or Dan \u00een calitate de primar general al Capitalei. Ce le-a transmis consilierilor generali - Buletin de Bucure\u0219ti","isPartOf":{"@id":"https:\/\/buletin.de\/bucuresti\/#website"},"primaryImageOfPage":{"@id":"https:\/\/buletin.de\/bucuresti\/ultimul-mesaj-al-lui-nicusor-dan-in-calitate-de-primar-general-al-capitalei-ce-le-a-transmis-consilierilor-generali\/#primaryimage"},"image":{"@id":"https:\/\/buletin.de\/bucuresti\/ultimul-mesaj-al-lui-nicusor-dan-in-calitate-de-primar-general-al-capitalei-ce-le-a-transmis-consilierilor-generali\/#primaryimage"},"thumbnailUrl":"https:\/\/buletin.de\/bucuresti\/wp-content\/uploads\/2025\/05\/nicusor-dan-ultima-sedinta-cgmb.jpg","datePublished":"2025-05-23T13:18:30+00:00","dateModified":"2025-05-23T13:18:31+00:00","description":"Nicu\u0219or Dan a transmis ultimul s\u0103u mesaj \u00een calitate de primar general, la c\u00e2teva ore dup\u0103 ce a participat la \u0219edin\u021ba de Consiliu General","breadcrumb":{"@id":"https:\/\/buletin.de\/bucuresti\/ultimul-mesaj-al-lui-nicusor-dan-in-calitate-de-primar-general-al-capitalei-ce-le-a-transmis-consilierilor-generali\/#breadcrumb"},"inLanguage":"en-GB","potentialAction":[{"@type":"ReadAction","target":["https:\/\/buletin.de\/bucuresti\/ultimul-mesaj-al-lui-nicusor-dan-in-calitate-de-primar-general-al-capitalei-ce-le-a-transmis-consilierilor-generali\/"]}]},{"@type":"ImageObject","inLanguage":"en-GB","@id":"https:\/\/buletin.de\/bucuresti\/ultimul-mesaj-al-lui-nicusor-dan-in-calitate-de-primar-general-al-capitalei-ce-le-a-transmis-consilierilor-generali\/#primaryimage","url":"https:\/\/buletin.de\/bucuresti\/wp-content\/uploads\/2025\/05\/nicusor-dan-ultima-sedinta-cgmb.jpg","contentUrl":"https:\/\/buletin.de\/bucuresti\/wp-content\/uploads\/2025\/05\/nicusor-dan-ultima-sedinta-cgmb.jpg","width":1600,"height":1066,"caption":"Nicu\u0219or Dan, pentru ultima oar\u0103 ca primar \u00een CGMB. FOTO: FB \/ Nicusor Dan"},{"@type":"BreadcrumbList","@id":"https:\/\/buletin.de\/bucuresti\/ultimul-mesaj-al-lui-nicusor-dan-in-calitate-de-primar-general-al-capitalei-ce-le-a-transmis-consilierilor-generali\/#breadcrumb","itemListElement":[{"@type":"ListItem","position":1,"name":"Acas\u0103","item":"https:\/\/buletin.de\/bucuresti\/"},{"@type":"ListItem","position":2,"name":"Ultimul mesaj al lui Nicu\u0219or Dan \u00een calitate de primar general al Capitalei. Ce le-a transmis consilierilor generali"}]},{"@type":"WebSite","@id":"https:\/\/buletin.de\/bucuresti\/#website","url":"https:\/\/buletin.de\/bucuresti\/","name":"Buletin de Bucure\u0219ti","description":"\u0218tiri \u0219i investiga\u021bii esen\u021biale din capital\u0103","publisher":{"@id":"https:\/\/buletin.de\/bucuresti\/#organization"},"potentialAction":[{"@type":"SearchAction","target":{"@type":"EntryPoint","urlTemplate":"https:\/\/buletin.de\/bucuresti\/?s={search_term_string}"},"query-input":{"@type":"PropertyValueSpecification","valueRequired":true,"valueName":"search_term_string"}}],"inLanguage":"en-GB"},{"@type":"Organization","@id":"https:\/\/buletin.de\/bucuresti\/#organization","name":"Buletin de Bucure\u0219ti","url":"https:\/\/buletin.de\/bucuresti\/","logo":{"@type":"ImageObject","inLanguage":"en-GB","@id":"https:\/\/buletin.de\/bucuresti\/#\/schema\/logo\/image\/","url":"https:\/\/buletin.de\/bucuresti\/wp-content\/uploads\/logo-bdb-full-wide-vernil-transparent.png","contentUrl":"https:\/\/buletin.de\/bucuresti\/wp-content\/uploads\/logo-bdb-full-wide-vernil-transparent.png","width":1782,"height":626,"caption":"Buletin de Bucure\u0219ti"},"image":{"@id":"https:\/\/buletin.de\/bucuresti\/#\/schema\/logo\/image\/"},"sameAs":["https:\/\/www.facebook.com\/buletin.de.buc","https:\/\/www.instagram.com\/buletinde.bucuresti\/"]},{"@type":"Person","@id":"https:\/\/buletin.de\/bucuresti\/#\/schema\/person\/5272b8a057b33890940b57b837fc4ce6","name":"Ionu\u021b Lepa","image":{"@type":"ImageObject","inLanguage":"en-GB","@id":"https:\/\/buletin.de\/bucuresti\/wp-content\/uploads\/Ionut-Lepa-96x96.jpg5c4e4d9e049808799a8821652d2410a4","url":"https:\/\/buletin.de\/bucuresti\/wp-content\/uploads\/Ionut-Lepa-96x96.jpg","contentUrl":"https:\/\/buletin.de\/bucuresti\/wp-content\/uploads\/Ionut-Lepa-96x96.jpg","caption":"Ionu\u021b Lepa"},"url":"https:\/\/buletin.de\/bucuresti\/author\/ionutlepa\/"}]}},"authors":[{"term_id":22586,"user_id":8,"is_guest":0,"slug":"ionutlepa","display_name":"Ionu\u021b Lepa","avatar_url":"https:\/\/buletin.de\/bucuresti\/wp-content\/uploads\/Ionut-Lepa-96x96.jpg","0":null,"1":"","2":"","3":"","4":"","5":"","6":"","7":"","8":""}],"_links":{"self":[{"href":"https:\/\/buletin.de\/bucuresti\/wp-json\/wp\/v2\/posts\/131746","targetHints":{"allow":["GET"]}}],"collection":[{"href":"https:\/\/buletin.de\/bucuresti\/wp-json\/wp\/v2\/posts"}],"about":[{"href":"https:\/\/buletin.de\/bucuresti\/wp-json\/wp\/v2\/types\/post"}],"author":[{"embeddable":true,"href":"https:\/\/buletin.de\/bucuresti\/wp-json\/wp\/v2\/users\/8"}],"replies":[{"embeddable":true,"href":"https:\/\/buletin.de\/bucuresti\/wp-json\/wp\/v2\/comments?post=131746"}],"version-history":[{"count":1,"href":"https:\/\/buletin.de\/bucuresti\/wp-json\/wp\/v2\/posts\/131746\/revisions"}],"predecessor-version":[{"id":131749,"href":"https:\/\/buletin.de\/bucuresti\/wp-json\/wp\/v2\/posts\/131746\/revisions\/131749"}],"wp:featuredmedia":[{"embeddable":true,"href":"https:\/\/buletin.de\/bucuresti\/wp-json\/wp\/v2\/media\/131747"}],"wp:attachment":[{"href":"https:\/\/buletin.de\/bucuresti\/wp-json\/wp\/v2\/media?parent=131746"}],"wp:term":[{"taxonomy":"category","embeddable":true,"href":"https:\/\/buletin.de\/bucuresti\/wp-json\/wp\/v2\/categories?post=131746"},{"taxonomy":"post_tag","embeddable":true,"href":"https:\/\/buletin.de\/bucuresti\/wp-json\/wp\/v2\/tags?post=131746"},{"taxonomy":"author","embeddable":true,"href":"https:\/\/buletin.de\/bucuresti\/wp-json\/wp\/v2\/ppma_author?post=131746"}],"curies":[{"name":"wp","href":"https:\/\/api.w.org\/{rel}","templated":true}]}}