{"id":131599,"date":"2025-05-22T15:06:08","date_gmt":"2025-05-22T12:06:08","guid":{"rendered":"https:\/\/buletin.de\/bucuresti\/?p=131599"},"modified":"2025-05-22T15:06:09","modified_gmt":"2025-05-22T12:06:09","slug":"trei-linii-stb-circula-pe-trasee-modificate-in-weekend-pentru-festival-de-bine","status":"publish","type":"post","link":"https:\/\/buletin.de\/bucuresti\/trei-linii-stb-circula-pe-trasee-modificate-in-weekend-pentru-festival-de-bine\/","title":{"rendered":"Trei linii STB circul\u0103 pe trasee modificate, \u00een weekend, pentru \u201eFestival de bine\u201d"},"content":{"rendered":"\n<p><strong>Trei linii STB circul\u0103 pe trasee modificate pentru \u201eFestival de bine\u201d, autobuzele liniilor 100, 203 \u0219i 205,\u00a0de vineri, 23 mai (ora 22.00), p\u00e2n\u0103 luni, 26 mai (ora 06.00). <\/strong><\/p>\n\n\n\n<p>Traficul rutier va fi restric\u021bionat pe \u0218os.\u00a0Kiseleff, \u00eentre Str. Arhitect Ion Mincu \u0219i Pia\u021ba Victoriei, pentru a permite desf\u0103\u0219urarea evenimentului\u00a0<em>\u201eFestival de bine\u201d.<\/em><\/p>\n\n\n\n<p>Av\u00e2nd \u00een vedere aceste restric\u021bii, Asocia\u021bia de Dezvoltare Intercomunitar\u0103 pentru Transport Public (TPBI)  traseele pentru cele trei linii STB se modific\u0103, astfel:<\/p>\n\n\n\n<ul class=\"wp-block-list\">\n<li><strong>Linia 100&nbsp;<\/strong>va func\u021biona&nbsp;<strong>(inclusiv pe timpul nop\u021bii)&nbsp;<\/strong>pe traseul de baz\u0103 \u00eentre terminalul \u201eAeroportul Henri Coand\u0103 Sosiri\u201d \u015fi Pia\u021ba Arcul de Triumf, apoi pe un traseu modificat pe sensul spre Pia\u021ba Unirii, pe Bd.&nbsp;Mare\u0219al Constantin Prezan, Bd. Aviatorilor, Pia\u021ba Victoriei, Bd. Lasc\u0103r Catargiu, Bd.&nbsp;Gheorghe Magheru, Bd. Nicolae B\u0103lcescu, Bd. I. C. Br\u0103tianu, Pia\u021ba Unirii. Cel\u0103lalt sens nu se modific\u0103.<\/li>\n\n\n\n<li><strong>Linia 203&nbsp;<\/strong>va func\u021biona pe traseul de baz\u0103 \u00eentre terminalul \u201eCartier Greenfield\u201d \u015fi Pia\u021ba Arcul de Triumf, apoi pe un traseu modificat pe sensul spre Pia\u021ba Victoriei, pe Bd.&nbsp;Mare\u0219al Constantin Prezan, Bd. Aviatorilor, Pia\u021ba Victoriei. Cel\u0103lalt sens nu se modific\u0103.<\/li>\n\n\n\n<li><strong>Linia 205&nbsp;<\/strong>va func\u021biona pe traseul de baz\u0103 \u00eentre terminalul \u201eM Str\u0103ule\u0219ti\u201d \u015fi Pia\u021ba Arcul de Triumf, apoi pe un traseu modificat pe sensul spre Pia\u021ba Unirii, pe Bd. Mare\u0219al Constantin Prezan, Bd. Aviatorilor, Pia\u021ba Victoriei, Bd. Lasc\u0103r Catargiu, Bd. Gheorghe Magheru, Bd. Nicolae B\u0103lcescu, Bd. I.C. Br\u0103tianu, Str. Halelor, \u201ePia\u021ba Unirii 2\u201d. Cel\u0103lalt sens nu se modific\u0103.<\/li>\n<\/ul>\n\n\n\n<h2 class=\"wp-block-heading\" id=\"h-schimbare-pentru-festival-de-bine\">Schimbare pentru \u201eFestival de bine\u201d<\/h2>\n\n\n\n<p><strong>Societatea de Transport Bucure\u0219ti reaminte\u0219te c\u0103l\u0103torilor c\u0103 pune la dispozi\u021bia acestora posibilit\u0103\u021bi multiple de informare, \u00een timp real, cu privire la circula\u021bia mijloacelor de transport public, de pe toate liniile, din Capital\u0103. <\/strong><\/p>\n\n\n\n<p>Programele de func\u021bionare, modific\u0103rile de trasee sau de sta\u021bii, precum \u0219i toate m\u0103surile ini\u021biate pentru optimizarea serviciului de transport public sunt comunicate \u00een aplica\u021bia InfoTB, pe site-ul <a href=\"https:\/\/www.stb.ro\/\">STB<\/a> \u0219i pe paginile oficiale de social media.<\/p>\n\n\n\n<p><strong>CITE\u0218TE \u0218I: <a href=\"https:\/\/buletin.de\/bucuresti\/petrom-a-cincea-scumpire-a-carburantilor-din-mai-cat-costa-benzina-si-motorina-in-bucuresti\/\" target=\"_blank\" rel=\"noreferrer noopener\">Petrom, a cincea scumpire a carburan\u021bilor din mai. C\u00e2t cost\u0103 benzina \u0219i motorina \u00een Bucure\u0219ti<\/a><\/strong><\/p>\n","protected":false},"excerpt":{"rendered":"<p>Trei linii STB circul\u0103 pe trasee modificate pentru \u201eFestival de bine\u201d, autobuzele liniilor 100, 203 \u0219i 205,\u00a0de vineri, 23 mai (ora 22.00), p\u00e2n\u0103 luni, 26 mai (ora 06.00). Traficul rutier va fi restric\u021bionat pe \u0218os.\u00a0Kiseleff, \u00eentre Str. Arhitect Ion Mincu \u0219i Pia\u021ba Victoriei, pentru a permite desf\u0103\u0219urarea evenimentului\u00a0\u201eFestival de bine\u201d. Av\u00e2nd \u00een vedere aceste restric\u021bii, [&hellip;]<\/p>\n","protected":false},"author":49,"featured_media":131603,"comment_status":"closed","ping_status":"open","sticky":false,"template":"","format":"standard","meta":{"_acf_changed":false,"inline_featured_image":false,"ngg_post_thumbnail":0,"footnotes":""},"categories":[6994,62,650],"tags":[21523,8140,9996,6626,402,2842],"ppma_author":[22574],"class_list":["post-131599","post","type-post","status-publish","format-standard","has-post-thumbnail","hentry","category-stiri-2","category-stiri","category-transport","tag-festival-de-bine","tag-linia-100","tag-linia-203","tag-linia-205","tag-stb","tag-tpbi"],"acf":[],"yoast_head":"<!-- This site is optimized with the Yoast SEO Premium plugin v25.3 (Yoast SEO v27.4) - https:\/\/yoast.com\/product\/yoast-seo-premium-wordpress\/ -->\n<title>Trei linii STB circul\u0103 pe trasee modificate, \u00een weekend, pentru \u201eFestival de bine\u201d - Buletin de Bucure\u0219ti<\/title>\n<meta name=\"description\" content=\"Trei linii STB circul\u0103 pe trasee modificate pentru \u201eFestival de bine\u201d: autobuzele 100, 203 \u0219i 205,\u00a0de vineri, 23 mai, p\u00e2n\u0103 luni, 26 mai.\" \/>\n<meta name=\"robots\" content=\"index, follow, max-snippet:-1, max-image-preview:large, max-video-preview:-1\" \/>\n<link rel=\"canonical\" href=\"https:\/\/buletin.de\/bucuresti\/trei-linii-stb-circula-pe-trasee-modificate-in-weekend-pentru-festival-de-bine\/\" \/>\n<meta property=\"og:locale\" content=\"en_GB\" \/>\n<meta property=\"og:type\" content=\"article\" \/>\n<meta property=\"og:title\" content=\"Trei linii STB circul\u0103 pe trasee modificate, \u00een weekend, pentru \u201eFestival de bine\u201d\" \/>\n<meta property=\"og:description\" content=\"Trei linii STB circul\u0103 pe trasee modificate pentru \u201eFestival de bine\u201d: autobuzele 100, 203 \u0219i 205,\u00a0de vineri, 23 mai, p\u00e2n\u0103 luni, 26 mai.\" \/>\n<meta property=\"og:url\" content=\"https:\/\/buletin.de\/bucuresti\/trei-linii-stb-circula-pe-trasee-modificate-in-weekend-pentru-festival-de-bine\/\" \/>\n<meta property=\"og:site_name\" content=\"Buletin de Bucure\u0219ti\" \/>\n<meta property=\"article:publisher\" content=\"https:\/\/www.facebook.com\/buletin.de.buc\" \/>\n<meta property=\"article:published_time\" content=\"2025-05-22T12:06:08+00:00\" \/>\n<meta property=\"article:modified_time\" content=\"2025-05-22T12:06:09+00:00\" \/>\n<meta property=\"og:image\" content=\"https:\/\/buletin.de\/bucuresti\/wp-content\/uploads\/2025\/05\/203-site-002.png\" \/>\n\t<meta property=\"og:image:width\" content=\"1145\" \/>\n\t<meta property=\"og:image:height\" content=\"724\" \/>\n\t<meta property=\"og:image:type\" content=\"image\/png\" \/>\n<meta name=\"author\" content=\"Diana Matei\" \/>\n<meta name=\"twitter:card\" content=\"summary_large_image\" \/>\n<meta name=\"twitter:label1\" content=\"Written by\" \/>\n\t<meta name=\"twitter:data1\" content=\"Diana Matei\" \/>\n\t<meta name=\"twitter:label2\" content=\"Estimated reading time\" \/>\n\t<meta name=\"twitter:data2\" content=\"2 minutes\" \/>\n<script type=\"application\/ld+json\" class=\"yoast-schema-graph\">{\"@context\":\"https:\\\/\\\/schema.org\",\"@graph\":[{\"@type\":\"Article\",\"@id\":\"https:\\\/\\\/buletin.de\\\/bucuresti\\\/trei-linii-stb-circula-pe-trasee-modificate-in-weekend-pentru-festival-de-bine\\\/#article\",\"isPartOf\":{\"@id\":\"https:\\\/\\\/buletin.de\\\/bucuresti\\\/trei-linii-stb-circula-pe-trasee-modificate-in-weekend-pentru-festival-de-bine\\\/\"},\"author\":{\"name\":\"Diana Matei\",\"@id\":\"https:\\\/\\\/buletin.de\\\/bucuresti\\\/#\\\/schema\\\/person\\\/7e46040573290777280a0835d81ea4ea\"},\"headline\":\"Trei linii STB circul\u0103 pe trasee modificate, \u00een weekend, pentru \u201eFestival de bine\u201d\",\"datePublished\":\"2025-05-22T12:06:08+00:00\",\"dateModified\":\"2025-05-22T12:06:09+00:00\",\"mainEntityOfPage\":{\"@id\":\"https:\\\/\\\/buletin.de\\\/bucuresti\\\/trei-linii-stb-circula-pe-trasee-modificate-in-weekend-pentru-festival-de-bine\\\/\"},\"wordCount\":389,\"publisher\":{\"@id\":\"https:\\\/\\\/buletin.de\\\/bucuresti\\\/#organization\"},\"image\":{\"@id\":\"https:\\\/\\\/buletin.de\\\/bucuresti\\\/trei-linii-stb-circula-pe-trasee-modificate-in-weekend-pentru-festival-de-bine\\\/#primaryimage\"},\"thumbnailUrl\":\"https:\\\/\\\/buletin.de\\\/bucuresti\\\/wp-content\\\/uploads\\\/2025\\\/05\\\/203-site-002.png\",\"keywords\":[\"\u201eFestival de bine\u201d\",\"Linia 100\",\"linia 203\",\"linia 205\",\"stb\",\"tpbi\"],\"articleSection\":[\"Articole\",\"\u0218tiri\",\"Transport\"],\"inLanguage\":\"en-GB\",\"copyrightYear\":\"2025\",\"copyrightHolder\":{\"@id\":\"https:\\\/\\\/buletin.de\\\/bucuresti\\\/#organization\"}},{\"@type\":\"WebPage\",\"@id\":\"https:\\\/\\\/buletin.de\\\/bucuresti\\\/trei-linii-stb-circula-pe-trasee-modificate-in-weekend-pentru-festival-de-bine\\\/\",\"url\":\"https:\\\/\\\/buletin.de\\\/bucuresti\\\/trei-linii-stb-circula-pe-trasee-modificate-in-weekend-pentru-festival-de-bine\\\/\",\"name\":\"Trei linii STB circul\u0103 pe trasee modificate, \u00een weekend, pentru \u201eFestival de bine\u201d - Buletin de Bucure\u0219ti\",\"isPartOf\":{\"@id\":\"https:\\\/\\\/buletin.de\\\/bucuresti\\\/#website\"},\"primaryImageOfPage\":{\"@id\":\"https:\\\/\\\/buletin.de\\\/bucuresti\\\/trei-linii-stb-circula-pe-trasee-modificate-in-weekend-pentru-festival-de-bine\\\/#primaryimage\"},\"image\":{\"@id\":\"https:\\\/\\\/buletin.de\\\/bucuresti\\\/trei-linii-stb-circula-pe-trasee-modificate-in-weekend-pentru-festival-de-bine\\\/#primaryimage\"},\"thumbnailUrl\":\"https:\\\/\\\/buletin.de\\\/bucuresti\\\/wp-content\\\/uploads\\\/2025\\\/05\\\/203-site-002.png\",\"datePublished\":\"2025-05-22T12:06:08+00:00\",\"dateModified\":\"2025-05-22T12:06:09+00:00\",\"description\":\"Trei linii STB circul\u0103 pe trasee modificate pentru \u201eFestival de bine\u201d: autobuzele 100, 203 \u0219i 205,\u00a0de vineri, 23 mai, p\u00e2n\u0103 luni, 26 mai.\",\"breadcrumb\":{\"@id\":\"https:\\\/\\\/buletin.de\\\/bucuresti\\\/trei-linii-stb-circula-pe-trasee-modificate-in-weekend-pentru-festival-de-bine\\\/#breadcrumb\"},\"inLanguage\":\"en-GB\",\"potentialAction\":[{\"@type\":\"ReadAction\",\"target\":[\"https:\\\/\\\/buletin.de\\\/bucuresti\\\/trei-linii-stb-circula-pe-trasee-modificate-in-weekend-pentru-festival-de-bine\\\/\"]}]},{\"@type\":\"ImageObject\",\"inLanguage\":\"en-GB\",\"@id\":\"https:\\\/\\\/buletin.de\\\/bucuresti\\\/trei-linii-stb-circula-pe-trasee-modificate-in-weekend-pentru-festival-de-bine\\\/#primaryimage\",\"url\":\"https:\\\/\\\/buletin.de\\\/bucuresti\\\/wp-content\\\/uploads\\\/2025\\\/05\\\/203-site-002.png\",\"contentUrl\":\"https:\\\/\\\/buletin.de\\\/bucuresti\\\/wp-content\\\/uploads\\\/2025\\\/05\\\/203-site-002.png\",\"width\":1145,\"height\":724,\"caption\":\"Trei linii STB circul\u0103 pe trasee modificate, \u00een weekend, pentru evenimentul \u201eFestival de bine\u201d. FOTO: TPBI\"},{\"@type\":\"BreadcrumbList\",\"@id\":\"https:\\\/\\\/buletin.de\\\/bucuresti\\\/trei-linii-stb-circula-pe-trasee-modificate-in-weekend-pentru-festival-de-bine\\\/#breadcrumb\",\"itemListElement\":[{\"@type\":\"ListItem\",\"position\":1,\"name\":\"Acas\u0103\",\"item\":\"https:\\\/\\\/buletin.de\\\/bucuresti\\\/\"},{\"@type\":\"ListItem\",\"position\":2,\"name\":\"Trei linii STB circul\u0103 pe trasee modificate, \u00een weekend, pentru \u201eFestival de bine\u201d\"}]},{\"@type\":\"WebSite\",\"@id\":\"https:\\\/\\\/buletin.de\\\/bucuresti\\\/#website\",\"url\":\"https:\\\/\\\/buletin.de\\\/bucuresti\\\/\",\"name\":\"Buletin de Bucure\u0219ti\",\"description\":\"\u0218tiri \u0219i investiga\u021bii esen\u021biale din capital\u0103\",\"publisher\":{\"@id\":\"https:\\\/\\\/buletin.de\\\/bucuresti\\\/#organization\"},\"potentialAction\":[{\"@type\":\"SearchAction\",\"target\":{\"@type\":\"EntryPoint\",\"urlTemplate\":\"https:\\\/\\\/buletin.de\\\/bucuresti\\\/?s={search_term_string}\"},\"query-input\":{\"@type\":\"PropertyValueSpecification\",\"valueRequired\":true,\"valueName\":\"search_term_string\"}}],\"inLanguage\":\"en-GB\"},{\"@type\":\"Organization\",\"@id\":\"https:\\\/\\\/buletin.de\\\/bucuresti\\\/#organization\",\"name\":\"Buletin de Bucure\u0219ti\",\"url\":\"https:\\\/\\\/buletin.de\\\/bucuresti\\\/\",\"logo\":{\"@type\":\"ImageObject\",\"inLanguage\":\"en-GB\",\"@id\":\"https:\\\/\\\/buletin.de\\\/bucuresti\\\/#\\\/schema\\\/logo\\\/image\\\/\",\"url\":\"https:\\\/\\\/buletin.de\\\/bucuresti\\\/wp-content\\\/uploads\\\/logo-bdb-full-wide-vernil-transparent.png\",\"contentUrl\":\"https:\\\/\\\/buletin.de\\\/bucuresti\\\/wp-content\\\/uploads\\\/logo-bdb-full-wide-vernil-transparent.png\",\"width\":1782,\"height\":626,\"caption\":\"Buletin de Bucure\u0219ti\"},\"image\":{\"@id\":\"https:\\\/\\\/buletin.de\\\/bucuresti\\\/#\\\/schema\\\/logo\\\/image\\\/\"},\"sameAs\":[\"https:\\\/\\\/www.facebook.com\\\/buletin.de.buc\",\"https:\\\/\\\/www.instagram.com\\\/buletinde.bucuresti\\\/\"]},{\"@type\":\"Person\",\"@id\":\"https:\\\/\\\/buletin.de\\\/bucuresti\\\/#\\\/schema\\\/person\\\/7e46040573290777280a0835d81ea4ea\",\"name\":\"Diana Matei\",\"image\":{\"@type\":\"ImageObject\",\"inLanguage\":\"en-GB\",\"@id\":\"https:\\\/\\\/buletin.de\\\/bucuresti\\\/wp-content\\\/uploads\\\/9-2-96x96.jpg1e8590b30871d70e62ebcdaf2eff570c\",\"url\":\"https:\\\/\\\/buletin.de\\\/bucuresti\\\/wp-content\\\/uploads\\\/9-2-96x96.jpg\",\"contentUrl\":\"https:\\\/\\\/buletin.de\\\/bucuresti\\\/wp-content\\\/uploads\\\/9-2-96x96.jpg\",\"caption\":\"Diana Matei\"},\"url\":\"https:\\\/\\\/buletin.de\\\/bucuresti\\\/author\\\/dianamatei\\\/\"}]}<\/script>\n<!-- \/ Yoast SEO Premium plugin. -->","yoast_head_json":{"title":"Trei linii STB circul\u0103 pe trasee modificate, \u00een weekend, pentru \u201eFestival de bine\u201d - Buletin de Bucure\u0219ti","description":"Trei linii STB circul\u0103 pe trasee modificate pentru \u201eFestival de bine\u201d: autobuzele 100, 203 \u0219i 205,\u00a0de vineri, 23 mai, p\u00e2n\u0103 luni, 26 mai.","robots":{"index":"index","follow":"follow","max-snippet":"max-snippet:-1","max-image-preview":"max-image-preview:large","max-video-preview":"max-video-preview:-1"},"canonical":"https:\/\/buletin.de\/bucuresti\/trei-linii-stb-circula-pe-trasee-modificate-in-weekend-pentru-festival-de-bine\/","og_locale":"en_GB","og_type":"article","og_title":"Trei linii STB circul\u0103 pe trasee modificate, \u00een weekend, pentru \u201eFestival de bine\u201d","og_description":"Trei linii STB circul\u0103 pe trasee modificate pentru \u201eFestival de bine\u201d: autobuzele 100, 203 \u0219i 205,\u00a0de vineri, 23 mai, p\u00e2n\u0103 luni, 26 mai.","og_url":"https:\/\/buletin.de\/bucuresti\/trei-linii-stb-circula-pe-trasee-modificate-in-weekend-pentru-festival-de-bine\/","og_site_name":"Buletin de Bucure\u0219ti","article_publisher":"https:\/\/www.facebook.com\/buletin.de.buc","article_published_time":"2025-05-22T12:06:08+00:00","article_modified_time":"2025-05-22T12:06:09+00:00","og_image":[{"width":1145,"height":724,"url":"https:\/\/buletin.de\/bucuresti\/wp-content\/uploads\/2025\/05\/203-site-002.png","type":"image\/png"}],"author":"Diana Matei","twitter_card":"summary_large_image","twitter_misc":{"Written by":"Diana Matei","Estimated reading time":"2 minutes"},"schema":{"@context":"https:\/\/schema.org","@graph":[{"@type":"Article","@id":"https:\/\/buletin.de\/bucuresti\/trei-linii-stb-circula-pe-trasee-modificate-in-weekend-pentru-festival-de-bine\/#article","isPartOf":{"@id":"https:\/\/buletin.de\/bucuresti\/trei-linii-stb-circula-pe-trasee-modificate-in-weekend-pentru-festival-de-bine\/"},"author":{"name":"Diana Matei","@id":"https:\/\/buletin.de\/bucuresti\/#\/schema\/person\/7e46040573290777280a0835d81ea4ea"},"headline":"Trei linii STB circul\u0103 pe trasee modificate, \u00een weekend, pentru \u201eFestival de bine\u201d","datePublished":"2025-05-22T12:06:08+00:00","dateModified":"2025-05-22T12:06:09+00:00","mainEntityOfPage":{"@id":"https:\/\/buletin.de\/bucuresti\/trei-linii-stb-circula-pe-trasee-modificate-in-weekend-pentru-festival-de-bine\/"},"wordCount":389,"publisher":{"@id":"https:\/\/buletin.de\/bucuresti\/#organization"},"image":{"@id":"https:\/\/buletin.de\/bucuresti\/trei-linii-stb-circula-pe-trasee-modificate-in-weekend-pentru-festival-de-bine\/#primaryimage"},"thumbnailUrl":"https:\/\/buletin.de\/bucuresti\/wp-content\/uploads\/2025\/05\/203-site-002.png","keywords":["\u201eFestival de bine\u201d","Linia 100","linia 203","linia 205","stb","tpbi"],"articleSection":["Articole","\u0218tiri","Transport"],"inLanguage":"en-GB","copyrightYear":"2025","copyrightHolder":{"@id":"https:\/\/buletin.de\/bucuresti\/#organization"}},{"@type":"WebPage","@id":"https:\/\/buletin.de\/bucuresti\/trei-linii-stb-circula-pe-trasee-modificate-in-weekend-pentru-festival-de-bine\/","url":"https:\/\/buletin.de\/bucuresti\/trei-linii-stb-circula-pe-trasee-modificate-in-weekend-pentru-festival-de-bine\/","name":"Trei linii STB circul\u0103 pe trasee modificate, \u00een weekend, pentru \u201eFestival de bine\u201d - Buletin de Bucure\u0219ti","isPartOf":{"@id":"https:\/\/buletin.de\/bucuresti\/#website"},"primaryImageOfPage":{"@id":"https:\/\/buletin.de\/bucuresti\/trei-linii-stb-circula-pe-trasee-modificate-in-weekend-pentru-festival-de-bine\/#primaryimage"},"image":{"@id":"https:\/\/buletin.de\/bucuresti\/trei-linii-stb-circula-pe-trasee-modificate-in-weekend-pentru-festival-de-bine\/#primaryimage"},"thumbnailUrl":"https:\/\/buletin.de\/bucuresti\/wp-content\/uploads\/2025\/05\/203-site-002.png","datePublished":"2025-05-22T12:06:08+00:00","dateModified":"2025-05-22T12:06:09+00:00","description":"Trei linii STB circul\u0103 pe trasee modificate pentru \u201eFestival de bine\u201d: autobuzele 100, 203 \u0219i 205,\u00a0de vineri, 23 mai, p\u00e2n\u0103 luni, 26 mai.","breadcrumb":{"@id":"https:\/\/buletin.de\/bucuresti\/trei-linii-stb-circula-pe-trasee-modificate-in-weekend-pentru-festival-de-bine\/#breadcrumb"},"inLanguage":"en-GB","potentialAction":[{"@type":"ReadAction","target":["https:\/\/buletin.de\/bucuresti\/trei-linii-stb-circula-pe-trasee-modificate-in-weekend-pentru-festival-de-bine\/"]}]},{"@type":"ImageObject","inLanguage":"en-GB","@id":"https:\/\/buletin.de\/bucuresti\/trei-linii-stb-circula-pe-trasee-modificate-in-weekend-pentru-festival-de-bine\/#primaryimage","url":"https:\/\/buletin.de\/bucuresti\/wp-content\/uploads\/2025\/05\/203-site-002.png","contentUrl":"https:\/\/buletin.de\/bucuresti\/wp-content\/uploads\/2025\/05\/203-site-002.png","width":1145,"height":724,"caption":"Trei linii STB circul\u0103 pe trasee modificate, \u00een weekend, pentru evenimentul \u201eFestival de bine\u201d. FOTO: TPBI"},{"@type":"BreadcrumbList","@id":"https:\/\/buletin.de\/bucuresti\/trei-linii-stb-circula-pe-trasee-modificate-in-weekend-pentru-festival-de-bine\/#breadcrumb","itemListElement":[{"@type":"ListItem","position":1,"name":"Acas\u0103","item":"https:\/\/buletin.de\/bucuresti\/"},{"@type":"ListItem","position":2,"name":"Trei linii STB circul\u0103 pe trasee modificate, \u00een weekend, pentru \u201eFestival de bine\u201d"}]},{"@type":"WebSite","@id":"https:\/\/buletin.de\/bucuresti\/#website","url":"https:\/\/buletin.de\/bucuresti\/","name":"Buletin de Bucure\u0219ti","description":"\u0218tiri \u0219i investiga\u021bii esen\u021biale din capital\u0103","publisher":{"@id":"https:\/\/buletin.de\/bucuresti\/#organization"},"potentialAction":[{"@type":"SearchAction","target":{"@type":"EntryPoint","urlTemplate":"https:\/\/buletin.de\/bucuresti\/?s={search_term_string}"},"query-input":{"@type":"PropertyValueSpecification","valueRequired":true,"valueName":"search_term_string"}}],"inLanguage":"en-GB"},{"@type":"Organization","@id":"https:\/\/buletin.de\/bucuresti\/#organization","name":"Buletin de Bucure\u0219ti","url":"https:\/\/buletin.de\/bucuresti\/","logo":{"@type":"ImageObject","inLanguage":"en-GB","@id":"https:\/\/buletin.de\/bucuresti\/#\/schema\/logo\/image\/","url":"https:\/\/buletin.de\/bucuresti\/wp-content\/uploads\/logo-bdb-full-wide-vernil-transparent.png","contentUrl":"https:\/\/buletin.de\/bucuresti\/wp-content\/uploads\/logo-bdb-full-wide-vernil-transparent.png","width":1782,"height":626,"caption":"Buletin de Bucure\u0219ti"},"image":{"@id":"https:\/\/buletin.de\/bucuresti\/#\/schema\/logo\/image\/"},"sameAs":["https:\/\/www.facebook.com\/buletin.de.buc","https:\/\/www.instagram.com\/buletinde.bucuresti\/"]},{"@type":"Person","@id":"https:\/\/buletin.de\/bucuresti\/#\/schema\/person\/7e46040573290777280a0835d81ea4ea","name":"Diana Matei","image":{"@type":"ImageObject","inLanguage":"en-GB","@id":"https:\/\/buletin.de\/bucuresti\/wp-content\/uploads\/9-2-96x96.jpg1e8590b30871d70e62ebcdaf2eff570c","url":"https:\/\/buletin.de\/bucuresti\/wp-content\/uploads\/9-2-96x96.jpg","contentUrl":"https:\/\/buletin.de\/bucuresti\/wp-content\/uploads\/9-2-96x96.jpg","caption":"Diana Matei"},"url":"https:\/\/buletin.de\/bucuresti\/author\/dianamatei\/"}]}},"authors":[{"term_id":22574,"user_id":49,"is_guest":0,"slug":"dianamatei","display_name":"Diana Matei","avatar_url":"https:\/\/buletin.de\/bucuresti\/wp-content\/uploads\/9-2-96x96.jpg","0":null,"1":"","2":"","3":"","4":"","5":"","6":"","7":"","8":""}],"_links":{"self":[{"href":"https:\/\/buletin.de\/bucuresti\/wp-json\/wp\/v2\/posts\/131599","targetHints":{"allow":["GET"]}}],"collection":[{"href":"https:\/\/buletin.de\/bucuresti\/wp-json\/wp\/v2\/posts"}],"about":[{"href":"https:\/\/buletin.de\/bucuresti\/wp-json\/wp\/v2\/types\/post"}],"author":[{"embeddable":true,"href":"https:\/\/buletin.de\/bucuresti\/wp-json\/wp\/v2\/users\/49"}],"replies":[{"embeddable":true,"href":"https:\/\/buletin.de\/bucuresti\/wp-json\/wp\/v2\/comments?post=131599"}],"version-history":[{"count":2,"href":"https:\/\/buletin.de\/bucuresti\/wp-json\/wp\/v2\/posts\/131599\/revisions"}],"predecessor-version":[{"id":131606,"href":"https:\/\/buletin.de\/bucuresti\/wp-json\/wp\/v2\/posts\/131599\/revisions\/131606"}],"wp:featuredmedia":[{"embeddable":true,"href":"https:\/\/buletin.de\/bucuresti\/wp-json\/wp\/v2\/media\/131603"}],"wp:attachment":[{"href":"https:\/\/buletin.de\/bucuresti\/wp-json\/wp\/v2\/media?parent=131599"}],"wp:term":[{"taxonomy":"category","embeddable":true,"href":"https:\/\/buletin.de\/bucuresti\/wp-json\/wp\/v2\/categories?post=131599"},{"taxonomy":"post_tag","embeddable":true,"href":"https:\/\/buletin.de\/bucuresti\/wp-json\/wp\/v2\/tags?post=131599"},{"taxonomy":"author","embeddable":true,"href":"https:\/\/buletin.de\/bucuresti\/wp-json\/wp\/v2\/ppma_author?post=131599"}],"curies":[{"name":"wp","href":"https:\/\/api.w.org\/{rel}","templated":true}]}}