{"id":131313,"date":"2025-05-20T18:33:51","date_gmt":"2025-05-20T15:33:51","guid":{"rendered":"https:\/\/buletin.de\/bucuresti\/?p=131313"},"modified":"2025-05-21T07:10:19","modified_gmt":"2025-05-21T04:10:19","slug":"banda-unica-pentru-stb-pe-bulevardul-carol-i","status":"publish","type":"post","link":"https:\/\/buletin.de\/bucuresti\/banda-unica-pentru-stb-pe-bulevardul-carol-i\/","title":{"rendered":"Band\u0103 unic\u0103 pentru STB, pe Bulevardul Carol I"},"content":{"rendered":"\n<p><strong>O band\u0103 unic\u0103 pentru STB va fi amenajat\u0103 pe Bulevardul Carol I, sensul dinspre Pia\u021ba Rosetti c\u0103tre Pia\u021ba Universit\u0103\u021bii, \u00eencep\u00e2nd de joi, 22 mai.<\/strong><\/p>\n\n\n\n<p>\u201e\u00cencep\u00e2nd cu data de 22 mai 2025, Prim\u0103ria Municipiului Bucure\u0219ti, prin Administra\u021bia Str\u0103zilor, va proceda la amenajarea unei benzi destinate transportului public local (BUS), pe banda I a Bd. Carol I, sensul dinspre Pia\u021ba Rosetti c\u0103tre Pia\u021ba Universit\u0103\u021bii.<\/p>\n\n\n\n<p>Recomand\u0103m conduc\u0103torilor auto s\u0103 respecte semnifica\u021bia semnaliz\u0103rii rutiere, s\u0103 circule cu pruden\u021b\u0103, s\u0103 p\u0103streze o distan\u021b\u0103 de siguran\u021b\u0103 \u00een mers pentru a putea fr\u00e2na \u00een mod eficient, s\u0103 nu opreasc\u0103 ori s\u0103 sta\u021bioneze dec\u00e2t \u00een locurile special amenajate s\u0103 \u00ee\u0219i p\u0103streze calmul \u00een trafic \u0219i s\u0103 ii respecte pe ceilal\u021bi participan\u021bi&nbsp;la&nbsp;trafic\u201d, anun\u021b\u0103 Brigada Rutier\u0103.<\/p>\n\n\n\n<div class=\"wp-block-buttons is-content-justification-center is-layout-flex wp-container-core-buttons-is-layout-16018d1d wp-block-buttons-is-layout-flex\">\n<div class=\"wp-block-button has-custom-width wp-block-button__width-100\"><a class=\"wp-block-button__link wp-element-button\" href=\"https:\/\/www.patreon.com\/BuletinDeBucuresti\"><strong>Sus\u021bine Buletin de Bucure\u0219ti pentru investiga\u021bii, reportaje \u0219i \u0219tiri Locale<\/strong><\/a><\/div>\n<\/div>\n\n\n\n<h2 class=\"wp-block-heading\" id=\"h-aproximativ-25-de-kilometri-de-banda-unica-pentru-stb-in-tot-bucure\u0219tiul\">Aproximativ 25 de kilometri de <strong>band\u0103 unic\u0103 pentru STB<\/strong> \u00een tot Bucure\u0219tiul<\/h2>\n\n\n\n<p><strong> Capitala are aproximativ 25 de kilometri de band\u0103 unic\u0103, dintre care majoritatea se afl\u0103 \u00een zona central\u0103 a ora\u0219ului.<\/strong><\/p>\n\n\n\n<p>Cele mai lungi benzi unice sunt pe Bd. Unirii, respectiv 4 km (ambele sensuri \u2013 2 km\/sens, \u00eentre pia\u021ba Unirii \u0219i pia\u021ba Alba Iulia), Bd. Regina Elisabeta \u015fi Kog\u0103lniceanu, 3 km (ambele sensuri \u2013 1,5 km\/sens) \u0219i Bd. Dacia, 1,2 km (\u00eentre calea Doroban\u021bilor \u015fi calea Mo\u0219ilor, pe sensul spre calea Doroban\u021bilor).<\/p>\n\n\n\n<p><strong>CITE\u0218TE \u0218I:&nbsp;<a href=\"https:\/\/buletin.de\/bucuresti\/banda-unica-pentru-autobuzele-de-pe-bulevardul-magheru-a-inceput-trasarea-marcajelor\/\" target=\"_blank\" rel=\"noreferrer noopener\">Band\u0103 unic\u0103 pentru autobuzele de pe Bulevardul Magheru. A \u00eenceput trasarea marcajelor<\/a><\/strong><\/p>\n\n\n\n<p>De\u0219i benzile unice acoper\u0103 o suprafa\u021b\u0103 infim\u0103 a Bucure\u0219tiului, numero\u0219i \u0219oferi circul\u0103 abuziv pe acestea, \u00eengreun\u00e2nd circula\u021bia autobuzelor \u0219i troleibuzelor.<\/p>\n\n\n\n<p>De altfel, viteza medie de deplasare a acestora este foarte mic\u0103, dup\u0103 cum a relatat Buletin de Bucure\u0219ti.<\/p>\n\n\n\n<p><strong>Viteza medie a tramvaielor \u00een ora\u0219 este de doar 13,2 km\/h, \u00een timp ce autobuzele \u0219i troleibuzele circul\u0103 la o vitez\u0103 medie sub 14 km\/h\u200b.<\/strong><\/p>\n\n\n\n<p><strong>CITE\u0218TE \u0218I:<\/strong>&nbsp;<strong><a href=\"https:\/\/buletin.de\/bucuresti\/oras-in-ritm-de-melc-viteza-medie-de-deplasare-a-mijloacelor-de-transport-in-comun-sub-14-km-h\/\" target=\"_blank\" rel=\"noreferrer noopener\">Capital\u0103 \u00een \u201eritm de melc\u201d. Viteza medie de deplasare a mijloacelor de transport \u00een comun, sub 14 km\/h<\/a><\/strong><\/p>\n\n\n\n<h2 class=\"wp-block-heading\" id=\"h-ce-amenzi-risca-\u0219oferii-care-folosesc-banda-unica\">Ce amenzi risc\u0103 \u0219oferii care folosesc banda unic\u0103<\/h2>\n\n\n\n<p>\u0218oferii care circul\u0103 pe benzile destinate transportului public pot primi amenzi cuprinse \u00eentre 405 lei \u0219i 1.620 lei, dup\u0103 cum a explicat purt\u0103torul de cuv\u00e2nt al Brig\u0103zii Rutiere, Andra Ar\u0219intescu, pentru Buletin de Bucure\u0219ti:<\/p>\n\n\n\n<p><em>\u00cen cazul \u00een care benzile unice destinate transportului public local se afl\u0103 pe drumurile cu o singur\u0103 band\u0103 pe sens \u0219i avem instalate indicatoare de acces interzis cu excep\u021bia transportului public local \u2013 abaterea se sanc\u021bioneaz\u0103 cu dou\u0103-trei puncte de amend\u0103 \u0219i dou\u0103 puncte de penalizare. Astfel de benzi se reg\u0103sesc \u00een zone precum Bd. Mihail Kog\u0103lniceanu-Bd. Regina Elisabeta, Calea Doroban\u021bi, Bd. Dacia.<\/em><\/p>\n\n\n\n<p><em>\u00cen situa\u021bia \u00een care benzile unice destinate transportului public local se afl\u0103 pe drumurile cu mai multe benzi pe sens, avem instalate panouri de informare \u2013 Codul Rutier prevede o amend\u0103 de \u0219ase-opt puncte pentru nerespectarea regulilor privind circula\u021bia pe benzi. Cel de-al doilea caz se poate \u00eent\u00e2lni pe bulevardele Iuliu Maniu, Unirii, Regele Mihai I sau &nbsp;Aviatorilor<\/em>.<\/p>\n\n\n\n<p><strong>\u00cencep\u00e2nd cu 1 ianuarie 2025, punctul de amend\u0103 valoreaz\u0103 202,5 lei.<\/strong><\/p>\n\n\n\n<p>Doar Poli\u021bia Rutier\u0103 poate ac\u021biona pentru amendarea celor care intr\u0103 pe benzile unice ale autobuzelor.&nbsp;Poli\u021bia Local\u0103 din subordinea&nbsp;<a href=\"https:\/\/pmb.ro\/\" target=\"_blank\" rel=\"noreferrer noopener\">Prim\u0103riei Generale<\/a>&nbsp;se ocup\u0103 doar de monitorizarea circula\u021biei, dar poate interveni limitat.<\/p>\n\n\n\n<p><strong>CITE\u0218TE \u0218I:&nbsp;<a href=\"https:\/\/buletin.de\/bucuresti\/primaria-capitalei-este-la-mana-politiei-rutiere-pentru-amendarea-celor-care-intra-pe-benzile-unice-ale-autobuzelor\/\" target=\"_blank\" rel=\"noreferrer noopener\">Prim\u0103ria Capitalei este la m\u00e2na Poli\u021biei Rutiere pentru amendarea celor care intr\u0103 pe benzile unice ale autobuzelor<\/a><\/strong><\/p>\n","protected":false},"excerpt":{"rendered":"<p>O band\u0103 unic\u0103 pentru STB va fi amenajat\u0103 pe Bulevardul Carol I, sensul dinspre Pia\u021ba Rosetti c\u0103tre Pia\u021ba Universit\u0103\u021bii, \u00eencep\u00e2nd de joi, 22 mai. \u201e\u00cencep\u00e2nd cu data de 22 mai 2025, Prim\u0103ria Municipiului Bucure\u0219ti, prin Administra\u021bia Str\u0103zilor, va proceda la amenajarea unei benzi destinate transportului public local (BUS), pe banda I a Bd. Carol I, [&hellip;]<\/p>\n","protected":false},"author":55,"featured_media":131315,"comment_status":"closed","ping_status":"open","sticky":false,"template":"","format":"standard","meta":{"_acf_changed":false,"inline_featured_image":false,"ngg_post_thumbnail":0,"footnotes":""},"categories":[6994,5762,650],"tags":[21476,21478,21477,104,402,7389,1175],"ppma_author":[22573],"class_list":["post-131313","post","type-post","status-publish","format-standard","has-post-thumbnail","hentry","category-stiri-2","category-main","category-transport","tag-banda-unica-2","tag-benzi-unice-bucuresti","tag-bulevardul-carol-i","tag-pmb","tag-stb","tag-transport-in-comun-2","tag-universitate"],"acf":[],"yoast_head":"<!-- This site is optimized with the Yoast SEO Premium plugin v25.3 (Yoast SEO v27.4) - https:\/\/yoast.com\/product\/yoast-seo-premium-wordpress\/ -->\n<title>Band\u0103 unic\u0103 pentru STB, pe Bulevardul Carol I - Buletin de Bucure\u0219ti<\/title>\n<meta name=\"description\" content=\"O band\u0103 unic\u0103 pentru STB va fi amenajat\u0103 pe Bulevardul Carol I, sensul dinspre Pia\u021ba Rosetti c\u0103tre Pia\u021ba Universit\u0103\u021bii, \u00eencep\u00e2nd de joi.\" \/>\n<meta name=\"robots\" content=\"index, follow, max-snippet:-1, max-image-preview:large, max-video-preview:-1\" \/>\n<link rel=\"canonical\" href=\"https:\/\/buletin.de\/bucuresti\/banda-unica-pentru-stb-pe-bulevardul-carol-i\/\" \/>\n<meta property=\"og:locale\" content=\"en_GB\" \/>\n<meta property=\"og:type\" content=\"article\" \/>\n<meta property=\"og:title\" content=\"Band\u0103 unic\u0103 pentru STB, pe Bulevardul Carol I\" \/>\n<meta property=\"og:description\" content=\"O band\u0103 unic\u0103 pentru STB va fi amenajat\u0103 pe Bulevardul Carol I, sensul dinspre Pia\u021ba Rosetti c\u0103tre Pia\u021ba Universit\u0103\u021bii, \u00eencep\u00e2nd de joi.\" \/>\n<meta property=\"og:url\" content=\"https:\/\/buletin.de\/bucuresti\/banda-unica-pentru-stb-pe-bulevardul-carol-i\/\" \/>\n<meta property=\"og:site_name\" content=\"Buletin de Bucure\u0219ti\" \/>\n<meta property=\"article:publisher\" content=\"https:\/\/www.facebook.com\/buletin.de.buc\" \/>\n<meta property=\"article:published_time\" content=\"2025-05-20T15:33:51+00:00\" \/>\n<meta property=\"article:modified_time\" content=\"2025-05-21T04:10:19+00:00\" \/>\n<meta property=\"og:image\" content=\"https:\/\/buletin.de\/bucuresti\/wp-content\/uploads\/2025\/05\/Statia_A.Verona-1600x1012-1.jpeg\" \/>\n\t<meta property=\"og:image:width\" content=\"1600\" \/>\n\t<meta property=\"og:image:height\" content=\"1012\" \/>\n\t<meta property=\"og:image:type\" content=\"image\/jpeg\" \/>\n<meta name=\"author\" content=\"Andreea Tudor\" \/>\n<meta name=\"twitter:card\" content=\"summary_large_image\" \/>\n<meta name=\"twitter:label1\" content=\"Written by\" \/>\n\t<meta name=\"twitter:data1\" content=\"Andreea Tudor\" \/>\n\t<meta name=\"twitter:label2\" content=\"Estimated reading time\" \/>\n\t<meta name=\"twitter:data2\" content=\"3 minutes\" \/>\n<script type=\"application\/ld+json\" class=\"yoast-schema-graph\">{\"@context\":\"https:\\\/\\\/schema.org\",\"@graph\":[{\"@type\":\"Article\",\"@id\":\"https:\\\/\\\/buletin.de\\\/bucuresti\\\/banda-unica-pentru-stb-pe-bulevardul-carol-i\\\/#article\",\"isPartOf\":{\"@id\":\"https:\\\/\\\/buletin.de\\\/bucuresti\\\/banda-unica-pentru-stb-pe-bulevardul-carol-i\\\/\"},\"author\":{\"name\":\"Andreea Tudor\",\"@id\":\"https:\\\/\\\/buletin.de\\\/bucuresti\\\/#\\\/schema\\\/person\\\/150590659efde715459d159da012f501\"},\"headline\":\"Band\u0103 unic\u0103 pentru STB, pe Bulevardul Carol I\",\"datePublished\":\"2025-05-20T15:33:51+00:00\",\"dateModified\":\"2025-05-21T04:10:19+00:00\",\"mainEntityOfPage\":{\"@id\":\"https:\\\/\\\/buletin.de\\\/bucuresti\\\/banda-unica-pentru-stb-pe-bulevardul-carol-i\\\/\"},\"wordCount\":600,\"publisher\":{\"@id\":\"https:\\\/\\\/buletin.de\\\/bucuresti\\\/#organization\"},\"image\":{\"@id\":\"https:\\\/\\\/buletin.de\\\/bucuresti\\\/banda-unica-pentru-stb-pe-bulevardul-carol-i\\\/#primaryimage\"},\"thumbnailUrl\":\"https:\\\/\\\/buletin.de\\\/bucuresti\\\/wp-content\\\/uploads\\\/2025\\\/05\\\/Statia_A.Verona-1600x1012-1.jpeg\",\"keywords\":[\"banda unica\",\"benzi unice bucuresti\",\"bulevardul carol I\",\"pmb\",\"stb\",\"transport in comun\",\"universitate\"],\"articleSection\":[\"Articole\",\"Main\",\"Transport\"],\"inLanguage\":\"en-GB\",\"copyrightYear\":\"2025\",\"copyrightHolder\":{\"@id\":\"https:\\\/\\\/buletin.de\\\/bucuresti\\\/#organization\"}},{\"@type\":\"WebPage\",\"@id\":\"https:\\\/\\\/buletin.de\\\/bucuresti\\\/banda-unica-pentru-stb-pe-bulevardul-carol-i\\\/\",\"url\":\"https:\\\/\\\/buletin.de\\\/bucuresti\\\/banda-unica-pentru-stb-pe-bulevardul-carol-i\\\/\",\"name\":\"Band\u0103 unic\u0103 pentru STB, pe Bulevardul Carol I - Buletin de Bucure\u0219ti\",\"isPartOf\":{\"@id\":\"https:\\\/\\\/buletin.de\\\/bucuresti\\\/#website\"},\"primaryImageOfPage\":{\"@id\":\"https:\\\/\\\/buletin.de\\\/bucuresti\\\/banda-unica-pentru-stb-pe-bulevardul-carol-i\\\/#primaryimage\"},\"image\":{\"@id\":\"https:\\\/\\\/buletin.de\\\/bucuresti\\\/banda-unica-pentru-stb-pe-bulevardul-carol-i\\\/#primaryimage\"},\"thumbnailUrl\":\"https:\\\/\\\/buletin.de\\\/bucuresti\\\/wp-content\\\/uploads\\\/2025\\\/05\\\/Statia_A.Verona-1600x1012-1.jpeg\",\"datePublished\":\"2025-05-20T15:33:51+00:00\",\"dateModified\":\"2025-05-21T04:10:19+00:00\",\"description\":\"O band\u0103 unic\u0103 pentru STB va fi amenajat\u0103 pe Bulevardul Carol I, sensul dinspre Pia\u021ba Rosetti c\u0103tre Pia\u021ba Universit\u0103\u021bii, \u00eencep\u00e2nd de joi.\",\"breadcrumb\":{\"@id\":\"https:\\\/\\\/buletin.de\\\/bucuresti\\\/banda-unica-pentru-stb-pe-bulevardul-carol-i\\\/#breadcrumb\"},\"inLanguage\":\"en-GB\",\"potentialAction\":[{\"@type\":\"ReadAction\",\"target\":[\"https:\\\/\\\/buletin.de\\\/bucuresti\\\/banda-unica-pentru-stb-pe-bulevardul-carol-i\\\/\"]}]},{\"@type\":\"ImageObject\",\"inLanguage\":\"en-GB\",\"@id\":\"https:\\\/\\\/buletin.de\\\/bucuresti\\\/banda-unica-pentru-stb-pe-bulevardul-carol-i\\\/#primaryimage\",\"url\":\"https:\\\/\\\/buletin.de\\\/bucuresti\\\/wp-content\\\/uploads\\\/2025\\\/05\\\/Statia_A.Verona-1600x1012-1.jpeg\",\"contentUrl\":\"https:\\\/\\\/buletin.de\\\/bucuresti\\\/wp-content\\\/uploads\\\/2025\\\/05\\\/Statia_A.Verona-1600x1012-1.jpeg\",\"width\":1600,\"height\":1012,\"caption\":\"Band\u0103 unic\u0103 pentru STB. Foto: Arhiv\u0103 via TPBI\"},{\"@type\":\"BreadcrumbList\",\"@id\":\"https:\\\/\\\/buletin.de\\\/bucuresti\\\/banda-unica-pentru-stb-pe-bulevardul-carol-i\\\/#breadcrumb\",\"itemListElement\":[{\"@type\":\"ListItem\",\"position\":1,\"name\":\"Acas\u0103\",\"item\":\"https:\\\/\\\/buletin.de\\\/bucuresti\\\/\"},{\"@type\":\"ListItem\",\"position\":2,\"name\":\"Band\u0103 unic\u0103 pentru STB, pe Bulevardul Carol I\"}]},{\"@type\":\"WebSite\",\"@id\":\"https:\\\/\\\/buletin.de\\\/bucuresti\\\/#website\",\"url\":\"https:\\\/\\\/buletin.de\\\/bucuresti\\\/\",\"name\":\"Buletin de Bucure\u0219ti\",\"description\":\"\u0218tiri \u0219i investiga\u021bii esen\u021biale din capital\u0103\",\"publisher\":{\"@id\":\"https:\\\/\\\/buletin.de\\\/bucuresti\\\/#organization\"},\"potentialAction\":[{\"@type\":\"SearchAction\",\"target\":{\"@type\":\"EntryPoint\",\"urlTemplate\":\"https:\\\/\\\/buletin.de\\\/bucuresti\\\/?s={search_term_string}\"},\"query-input\":{\"@type\":\"PropertyValueSpecification\",\"valueRequired\":true,\"valueName\":\"search_term_string\"}}],\"inLanguage\":\"en-GB\"},{\"@type\":\"Organization\",\"@id\":\"https:\\\/\\\/buletin.de\\\/bucuresti\\\/#organization\",\"name\":\"Buletin de Bucure\u0219ti\",\"url\":\"https:\\\/\\\/buletin.de\\\/bucuresti\\\/\",\"logo\":{\"@type\":\"ImageObject\",\"inLanguage\":\"en-GB\",\"@id\":\"https:\\\/\\\/buletin.de\\\/bucuresti\\\/#\\\/schema\\\/logo\\\/image\\\/\",\"url\":\"https:\\\/\\\/buletin.de\\\/bucuresti\\\/wp-content\\\/uploads\\\/logo-bdb-full-wide-vernil-transparent.png\",\"contentUrl\":\"https:\\\/\\\/buletin.de\\\/bucuresti\\\/wp-content\\\/uploads\\\/logo-bdb-full-wide-vernil-transparent.png\",\"width\":1782,\"height\":626,\"caption\":\"Buletin de Bucure\u0219ti\"},\"image\":{\"@id\":\"https:\\\/\\\/buletin.de\\\/bucuresti\\\/#\\\/schema\\\/logo\\\/image\\\/\"},\"sameAs\":[\"https:\\\/\\\/www.facebook.com\\\/buletin.de.buc\",\"https:\\\/\\\/www.instagram.com\\\/buletinde.bucuresti\\\/\"]},{\"@type\":\"Person\",\"@id\":\"https:\\\/\\\/buletin.de\\\/bucuresti\\\/#\\\/schema\\\/person\\\/150590659efde715459d159da012f501\",\"name\":\"Andreea Tudor\",\"image\":{\"@type\":\"ImageObject\",\"inLanguage\":\"en-GB\",\"@id\":\"https:\\\/\\\/secure.gravatar.com\\\/avatar\\\/a88705a186ab0b67f3349bcbced506c09e37256fbaad0e7f3bd1a79b4599f589?s=96&d=monsterid&r=g79290610aa1a65c2b86eebc2ca5aee8f\",\"url\":\"https:\\\/\\\/secure.gravatar.com\\\/avatar\\\/a88705a186ab0b67f3349bcbced506c09e37256fbaad0e7f3bd1a79b4599f589?s=96&d=monsterid&r=g\",\"contentUrl\":\"https:\\\/\\\/secure.gravatar.com\\\/avatar\\\/a88705a186ab0b67f3349bcbced506c09e37256fbaad0e7f3bd1a79b4599f589?s=96&d=monsterid&r=g\",\"caption\":\"Andreea Tudor\"},\"description\":\"N\u0103scut\u0103 \u0219i crescut\u0103 \u00een Bucure\u0219ti, sus\u021bin\u0103toare a presei independente. A\u0219a am ajuns redactor la Buletin de Bucure\u0219ti. Fiind eu, \u00eens\u0103mi, parte a sistemului de \u00eenv\u0103\u021b\u0103m\u00e2nt rom\u00e2nesc \u0219i pasionat\u0103 de domeniul social, pun sub lup\u0103 tot ceea ce se \u00eent\u00e2mpl\u0103 \u00een sfera educa\u021biei. Cred cu t\u0103rie c\u0103 presa \u201epentru cet\u0103\u021beni\u201d este presa independent\u0103. Oamenii au nevoie de o informare corect\u0103 pentru a \u00een\u021belege pe deplin ce se \u00eent\u00e2mpl\u0103 \u00een jurul lor \u0219i pentru a lua ac\u021biune \u00eempotriva nedrept\u0103\u021bilor.\",\"url\":\"https:\\\/\\\/buletin.de\\\/bucuresti\\\/author\\\/andreeatudor\\\/\"}]}<\/script>\n<!-- \/ Yoast SEO Premium plugin. -->","yoast_head_json":{"title":"Band\u0103 unic\u0103 pentru STB, pe Bulevardul Carol I - Buletin de Bucure\u0219ti","description":"O band\u0103 unic\u0103 pentru STB va fi amenajat\u0103 pe Bulevardul Carol I, sensul dinspre Pia\u021ba Rosetti c\u0103tre Pia\u021ba Universit\u0103\u021bii, \u00eencep\u00e2nd de joi.","robots":{"index":"index","follow":"follow","max-snippet":"max-snippet:-1","max-image-preview":"max-image-preview:large","max-video-preview":"max-video-preview:-1"},"canonical":"https:\/\/buletin.de\/bucuresti\/banda-unica-pentru-stb-pe-bulevardul-carol-i\/","og_locale":"en_GB","og_type":"article","og_title":"Band\u0103 unic\u0103 pentru STB, pe Bulevardul Carol I","og_description":"O band\u0103 unic\u0103 pentru STB va fi amenajat\u0103 pe Bulevardul Carol I, sensul dinspre Pia\u021ba Rosetti c\u0103tre Pia\u021ba Universit\u0103\u021bii, \u00eencep\u00e2nd de joi.","og_url":"https:\/\/buletin.de\/bucuresti\/banda-unica-pentru-stb-pe-bulevardul-carol-i\/","og_site_name":"Buletin de Bucure\u0219ti","article_publisher":"https:\/\/www.facebook.com\/buletin.de.buc","article_published_time":"2025-05-20T15:33:51+00:00","article_modified_time":"2025-05-21T04:10:19+00:00","og_image":[{"width":1600,"height":1012,"url":"https:\/\/buletin.de\/bucuresti\/wp-content\/uploads\/2025\/05\/Statia_A.Verona-1600x1012-1.jpeg","type":"image\/jpeg"}],"author":"Andreea Tudor","twitter_card":"summary_large_image","twitter_misc":{"Written by":"Andreea Tudor","Estimated reading time":"3 minutes"},"schema":{"@context":"https:\/\/schema.org","@graph":[{"@type":"Article","@id":"https:\/\/buletin.de\/bucuresti\/banda-unica-pentru-stb-pe-bulevardul-carol-i\/#article","isPartOf":{"@id":"https:\/\/buletin.de\/bucuresti\/banda-unica-pentru-stb-pe-bulevardul-carol-i\/"},"author":{"name":"Andreea Tudor","@id":"https:\/\/buletin.de\/bucuresti\/#\/schema\/person\/150590659efde715459d159da012f501"},"headline":"Band\u0103 unic\u0103 pentru STB, pe Bulevardul Carol I","datePublished":"2025-05-20T15:33:51+00:00","dateModified":"2025-05-21T04:10:19+00:00","mainEntityOfPage":{"@id":"https:\/\/buletin.de\/bucuresti\/banda-unica-pentru-stb-pe-bulevardul-carol-i\/"},"wordCount":600,"publisher":{"@id":"https:\/\/buletin.de\/bucuresti\/#organization"},"image":{"@id":"https:\/\/buletin.de\/bucuresti\/banda-unica-pentru-stb-pe-bulevardul-carol-i\/#primaryimage"},"thumbnailUrl":"https:\/\/buletin.de\/bucuresti\/wp-content\/uploads\/2025\/05\/Statia_A.Verona-1600x1012-1.jpeg","keywords":["banda unica","benzi unice bucuresti","bulevardul carol I","pmb","stb","transport in comun","universitate"],"articleSection":["Articole","Main","Transport"],"inLanguage":"en-GB","copyrightYear":"2025","copyrightHolder":{"@id":"https:\/\/buletin.de\/bucuresti\/#organization"}},{"@type":"WebPage","@id":"https:\/\/buletin.de\/bucuresti\/banda-unica-pentru-stb-pe-bulevardul-carol-i\/","url":"https:\/\/buletin.de\/bucuresti\/banda-unica-pentru-stb-pe-bulevardul-carol-i\/","name":"Band\u0103 unic\u0103 pentru STB, pe Bulevardul Carol I - Buletin de Bucure\u0219ti","isPartOf":{"@id":"https:\/\/buletin.de\/bucuresti\/#website"},"primaryImageOfPage":{"@id":"https:\/\/buletin.de\/bucuresti\/banda-unica-pentru-stb-pe-bulevardul-carol-i\/#primaryimage"},"image":{"@id":"https:\/\/buletin.de\/bucuresti\/banda-unica-pentru-stb-pe-bulevardul-carol-i\/#primaryimage"},"thumbnailUrl":"https:\/\/buletin.de\/bucuresti\/wp-content\/uploads\/2025\/05\/Statia_A.Verona-1600x1012-1.jpeg","datePublished":"2025-05-20T15:33:51+00:00","dateModified":"2025-05-21T04:10:19+00:00","description":"O band\u0103 unic\u0103 pentru STB va fi amenajat\u0103 pe Bulevardul Carol I, sensul dinspre Pia\u021ba Rosetti c\u0103tre Pia\u021ba Universit\u0103\u021bii, \u00eencep\u00e2nd de joi.","breadcrumb":{"@id":"https:\/\/buletin.de\/bucuresti\/banda-unica-pentru-stb-pe-bulevardul-carol-i\/#breadcrumb"},"inLanguage":"en-GB","potentialAction":[{"@type":"ReadAction","target":["https:\/\/buletin.de\/bucuresti\/banda-unica-pentru-stb-pe-bulevardul-carol-i\/"]}]},{"@type":"ImageObject","inLanguage":"en-GB","@id":"https:\/\/buletin.de\/bucuresti\/banda-unica-pentru-stb-pe-bulevardul-carol-i\/#primaryimage","url":"https:\/\/buletin.de\/bucuresti\/wp-content\/uploads\/2025\/05\/Statia_A.Verona-1600x1012-1.jpeg","contentUrl":"https:\/\/buletin.de\/bucuresti\/wp-content\/uploads\/2025\/05\/Statia_A.Verona-1600x1012-1.jpeg","width":1600,"height":1012,"caption":"Band\u0103 unic\u0103 pentru STB. Foto: Arhiv\u0103 via TPBI"},{"@type":"BreadcrumbList","@id":"https:\/\/buletin.de\/bucuresti\/banda-unica-pentru-stb-pe-bulevardul-carol-i\/#breadcrumb","itemListElement":[{"@type":"ListItem","position":1,"name":"Acas\u0103","item":"https:\/\/buletin.de\/bucuresti\/"},{"@type":"ListItem","position":2,"name":"Band\u0103 unic\u0103 pentru STB, pe Bulevardul Carol I"}]},{"@type":"WebSite","@id":"https:\/\/buletin.de\/bucuresti\/#website","url":"https:\/\/buletin.de\/bucuresti\/","name":"Buletin de Bucure\u0219ti","description":"\u0218tiri \u0219i investiga\u021bii esen\u021biale din capital\u0103","publisher":{"@id":"https:\/\/buletin.de\/bucuresti\/#organization"},"potentialAction":[{"@type":"SearchAction","target":{"@type":"EntryPoint","urlTemplate":"https:\/\/buletin.de\/bucuresti\/?s={search_term_string}"},"query-input":{"@type":"PropertyValueSpecification","valueRequired":true,"valueName":"search_term_string"}}],"inLanguage":"en-GB"},{"@type":"Organization","@id":"https:\/\/buletin.de\/bucuresti\/#organization","name":"Buletin de Bucure\u0219ti","url":"https:\/\/buletin.de\/bucuresti\/","logo":{"@type":"ImageObject","inLanguage":"en-GB","@id":"https:\/\/buletin.de\/bucuresti\/#\/schema\/logo\/image\/","url":"https:\/\/buletin.de\/bucuresti\/wp-content\/uploads\/logo-bdb-full-wide-vernil-transparent.png","contentUrl":"https:\/\/buletin.de\/bucuresti\/wp-content\/uploads\/logo-bdb-full-wide-vernil-transparent.png","width":1782,"height":626,"caption":"Buletin de Bucure\u0219ti"},"image":{"@id":"https:\/\/buletin.de\/bucuresti\/#\/schema\/logo\/image\/"},"sameAs":["https:\/\/www.facebook.com\/buletin.de.buc","https:\/\/www.instagram.com\/buletinde.bucuresti\/"]},{"@type":"Person","@id":"https:\/\/buletin.de\/bucuresti\/#\/schema\/person\/150590659efde715459d159da012f501","name":"Andreea Tudor","image":{"@type":"ImageObject","inLanguage":"en-GB","@id":"https:\/\/secure.gravatar.com\/avatar\/a88705a186ab0b67f3349bcbced506c09e37256fbaad0e7f3bd1a79b4599f589?s=96&d=monsterid&r=g79290610aa1a65c2b86eebc2ca5aee8f","url":"https:\/\/secure.gravatar.com\/avatar\/a88705a186ab0b67f3349bcbced506c09e37256fbaad0e7f3bd1a79b4599f589?s=96&d=monsterid&r=g","contentUrl":"https:\/\/secure.gravatar.com\/avatar\/a88705a186ab0b67f3349bcbced506c09e37256fbaad0e7f3bd1a79b4599f589?s=96&d=monsterid&r=g","caption":"Andreea Tudor"},"description":"N\u0103scut\u0103 \u0219i crescut\u0103 \u00een Bucure\u0219ti, sus\u021bin\u0103toare a presei independente. A\u0219a am ajuns redactor la Buletin de Bucure\u0219ti. Fiind eu, \u00eens\u0103mi, parte a sistemului de \u00eenv\u0103\u021b\u0103m\u00e2nt rom\u00e2nesc \u0219i pasionat\u0103 de domeniul social, pun sub lup\u0103 tot ceea ce se \u00eent\u00e2mpl\u0103 \u00een sfera educa\u021biei. Cred cu t\u0103rie c\u0103 presa \u201epentru cet\u0103\u021beni\u201d este presa independent\u0103. Oamenii au nevoie de o informare corect\u0103 pentru a \u00een\u021belege pe deplin ce se \u00eent\u00e2mpl\u0103 \u00een jurul lor \u0219i pentru a lua ac\u021biune \u00eempotriva nedrept\u0103\u021bilor.","url":"https:\/\/buletin.de\/bucuresti\/author\/andreeatudor\/"}]}},"authors":[{"term_id":22573,"user_id":55,"is_guest":0,"slug":"andreeatudor","display_name":"Andreea Tudor","avatar_url":"https:\/\/secure.gravatar.com\/avatar\/a88705a186ab0b67f3349bcbced506c09e37256fbaad0e7f3bd1a79b4599f589?s=96&d=monsterid&r=g","0":null,"1":"","2":"","3":"","4":"","5":"","6":"","7":"","8":""}],"_links":{"self":[{"href":"https:\/\/buletin.de\/bucuresti\/wp-json\/wp\/v2\/posts\/131313","targetHints":{"allow":["GET"]}}],"collection":[{"href":"https:\/\/buletin.de\/bucuresti\/wp-json\/wp\/v2\/posts"}],"about":[{"href":"https:\/\/buletin.de\/bucuresti\/wp-json\/wp\/v2\/types\/post"}],"author":[{"embeddable":true,"href":"https:\/\/buletin.de\/bucuresti\/wp-json\/wp\/v2\/users\/55"}],"replies":[{"embeddable":true,"href":"https:\/\/buletin.de\/bucuresti\/wp-json\/wp\/v2\/comments?post=131313"}],"version-history":[{"count":4,"href":"https:\/\/buletin.de\/bucuresti\/wp-json\/wp\/v2\/posts\/131313\/revisions"}],"predecessor-version":[{"id":131354,"href":"https:\/\/buletin.de\/bucuresti\/wp-json\/wp\/v2\/posts\/131313\/revisions\/131354"}],"wp:featuredmedia":[{"embeddable":true,"href":"https:\/\/buletin.de\/bucuresti\/wp-json\/wp\/v2\/media\/131315"}],"wp:attachment":[{"href":"https:\/\/buletin.de\/bucuresti\/wp-json\/wp\/v2\/media?parent=131313"}],"wp:term":[{"taxonomy":"category","embeddable":true,"href":"https:\/\/buletin.de\/bucuresti\/wp-json\/wp\/v2\/categories?post=131313"},{"taxonomy":"post_tag","embeddable":true,"href":"https:\/\/buletin.de\/bucuresti\/wp-json\/wp\/v2\/tags?post=131313"},{"taxonomy":"author","embeddable":true,"href":"https:\/\/buletin.de\/bucuresti\/wp-json\/wp\/v2\/ppma_author?post=131313"}],"curies":[{"name":"wp","href":"https:\/\/api.w.org\/{rel}","templated":true}]}}