{"id":131299,"date":"2025-05-20T16:11:22","date_gmt":"2025-05-20T13:11:22","guid":{"rendered":"https:\/\/buletin.de\/bucuresti\/?p=131299"},"modified":"2025-05-20T16:11:23","modified_gmt":"2025-05-20T13:11:23","slug":"un-barbat-din-ilfov-cercetat-penal-dupa-un-mesaj-violent-publicat-pe-facebook","status":"publish","type":"post","link":"https:\/\/buletin.de\/bucuresti\/un-barbat-din-ilfov-cercetat-penal-dupa-un-mesaj-violent-publicat-pe-facebook\/","title":{"rendered":"Un b\u0103rbat din Ilfov, cercetat penal dup\u0103 un mesaj violent publicat pe Facebook"},"content":{"rendered":"\n<p><strong>Inspectoratul de Poli\u021bie al Jude\u021bului Ilfov a anun\u021bat mar\u021bi c\u0103 s-a autosesizat \u00een urma apari\u021biei, pe o re\u021bea social\u0103, a unui mesaj cu con\u021binut violent \u0219i instigator, care \u201ear putea aduce atingere ordinii \u0219i siguran\u021bei publice\u201d.<\/strong><\/p>\n\n\n\n<p>Potrivit autorit\u0103\u021bilor, a fost deschis un dosar penal pentru s\u0103v\u00e2r\u0219irea infrac\u021biunii de tulburare a ordinii \u0219i lini\u0219tii publice.<\/p>\n\n\n\n<p>Persoana care a postat mesajul, un b\u0103rbat identificat \u00een mediul online ca Florin Dumitru, a fost depistat\u0103 \u0219i condus\u0103 la sediul Inspectoratului de Poli\u021bie Ilfov, unde este audiat\u0103 \u00een aceste momente.<\/p>\n\n\n\n<p>Cercet\u0103rile sunt desf\u0103\u0219urate sub coordonarea procurorului de caz din cadrul Parchetului de pe l\u00e2ng\u0103 Judec\u0103toria Cornetu.<\/p>\n\n\n\n<p>Mesajul publicat pe Facebook con\u021bine amenin\u021b\u0103ri explicite la adresa mai multor categorii sociale \u0219i politice \u0219i declara\u021bii extremiste \u0219i instigatoare la violen\u021b\u0103.<\/p>\n\n\n\n<p><em>\u201eDac\u0103 mi se va da ocazia \u0219i onoarea s\u0103-mi servesc patria, am s\u0103 \u00eempu\u0219c pe to\u021bi c*****i din USR, PNL, PSD, UDMR, \u0219i apoi am s\u0103-i \u00eempu\u0219c pe to\u021bi p*******i \u0219i pe toate lesbienele din \u021bara asta!<\/em><\/p>\n\n\n\n<p><em>Dup\u0103 ce fac cur\u0103\u021benie general\u0103, am s\u0103 p\u0103strez un singur glon\u021b pe care am s\u0103 mi-l trag \u00een cap la final, dar m\u00e2ndru de mine c\u0103 am luat pe lumea cealalt\u0103 mii de c****i \u00eempu\u021bi\u021bi\u201d<\/em>, a scris b\u0103rbatul, pe <a href=\"https:\/\/www.facebook.com\/florin.dumitru.5076798\">Facebook<\/a>.<\/p>\n\n\n\n<p><strong>CITE\u0218TE \u0218I: <a href=\"https:\/\/buletin.de\/bucuresti\/george-simion-a-plecat-din-nou-din-tara-de-pe-aeroportul-otopeni-luni-dimineata\/\">George Simion a plecat din nou din \u021bar\u0103, de pe Aeroportul Otopeni, luni diminea\u021b\u0103<\/a><\/strong><\/p>\n\n\n\n<div class=\"wp-block-buttons is-content-justification-center is-layout-flex wp-container-core-buttons-is-layout-16018d1d wp-block-buttons-is-layout-flex\">\n<div class=\"wp-block-button has-custom-width wp-block-button__width-100\"><a class=\"wp-block-button__link wp-element-button\" href=\"https:\/\/www.patreon.com\/BuletinDeBucuresti\"><strong>Sus\u021bine Buletin de Bucure\u0219ti pentru investiga\u021bii, reportaje \u0219i \u0219tiri Locale<\/strong><\/a><\/div>\n<\/div>\n\n\n\n<h2 class=\"wp-block-heading\" id=\"h-elev-de-clasa-a-7-a-luat-in-vizorul-poli\u021biei-dupa-ce-a-afi\u0219at-o-svastica-pe-geamul-\u0219colii\">Elev de clasa a 7-a, luat \u00een vizorul poli\u021biei dup\u0103 ce a afi\u0219at o svastic\u0103 pe geamul \u0219colii<\/h2>\n\n\n\n<p>\u00cen urm\u0103 cu dou\u0103 luni, Poli\u021bi\u0219tii Sec\u021biei 7 din Bucure\u0219ti\u00a0au fost sesiza\u021bi de\u00a0directorul unei \u0219coli cu privire la faptul c\u0103 un elev a lipit pe o fereastr\u0103 din \u0219coal\u0103 un steag din h\u00e2rtie cu \u00eensemne fasciste.<\/p>\n\n\n\n<p>Desenul nu mai era lipit pe fereastra \u0219colii c\u00e2nd au ajuns poli\u021bi\u0219tii.<\/p>\n\n\n\n<p>Surse judiciare au transmis c\u0103 este vorba despre un elev din clasa a 7-a din \u0218coala Gimnazial\u0103 \u201eGrigorie Ghica Voievod\u201d care, \u00een pauza dintre ore, a afi\u0219at pe fereastra clasei un steag din h\u00e2rtie creponat\u0103 cu semnul svasticii. Ulterior, desenul a fost dat jos.<\/p>\n\n\n\n<p><em>\u201eCercet\u0103rile sunt continuate de c\u0103tre poli\u021bi\u0219ti din cadrul subunit\u0103\u021bii sub aspectul s\u0103v\u00e2r\u0219irii infrac\u021biunii de r\u0103sp\u00e2ndirea, v\u00e2nzarea sau confec\u021bionarea de simboluri fasciste, rasiste sau xenofobe, precum \u0219i de\u021binerea, \u00een vederea r\u0103sp\u00e2ndirii, a unor astfel de simboluri, urm\u00e2nd a fi sesizat\u0103 unitatea de parchet competent\u0103\u201d<\/em>, a transmis Poli\u021bia Capitalei.<\/p>\n\n\n\n<p><strong>CITE\u0218TE \u0218I:<a href=\"https:\/\/buletin.de\/bucuresti\/sector-2-un-elev-de-clasa-a-7-a-a-afisat-semne-fasciste-pe-fereastra-scolii-a-intervenit-politia\/\"> Sector 2 | Un elev de clasa a 7-a a afi\u0219at semne fasciste pe fereastra \u0219colii. A intervenit poli\u021bia<\/a><\/strong><\/p>\n","protected":false},"excerpt":{"rendered":"<p>Inspectoratul de Poli\u021bie al Jude\u021bului Ilfov a anun\u021bat mar\u021bi c\u0103 s-a autosesizat \u00een urma apari\u021biei, pe o re\u021bea social\u0103, a unui mesaj cu con\u021binut violent \u0219i instigator, care \u201ear putea aduce atingere ordinii \u0219i siguran\u021bei publice\u201d. Potrivit autorit\u0103\u021bilor, a fost deschis un dosar penal pentru s\u0103v\u00e2r\u0219irea infrac\u021biunii de tulburare a ordinii \u0219i lini\u0219tii publice. Persoana [&hellip;]<\/p>\n","protected":false},"author":59,"featured_media":131305,"comment_status":"closed","ping_status":"open","sticky":false,"template":"","format":"standard","meta":{"_acf_changed":false,"inline_featured_image":false,"ngg_post_thumbnail":0,"footnotes":""},"categories":[6994,1432,9026,62],"tags":[9,2054,1754,820,21475,21474,882],"ppma_author":[22572],"class_list":["post-131299","post","type-post","status-publish","format-standard","has-post-thumbnail","hentry","category-stiri-2","category-buletin-de-ilfov","category-eveniment","category-stiri","tag-bucuresti","tag-capitala","tag-facebook","tag-ilfov","tag-instigare","tag-mesaj","tag-politie"],"acf":[],"yoast_head":"<!-- This site is optimized with the Yoast SEO Premium plugin v25.3 (Yoast SEO v27.4) - https:\/\/yoast.com\/product\/yoast-seo-premium-wordpress\/ -->\n<title>Un b\u0103rbat din Ilfov, cercetat penal dup\u0103 un mesaj violent publicat pe Facebook - Buletin de Bucure\u0219ti<\/title>\n<meta name=\"description\" content=\"Inspectoratul de Poli\u021bie al Jude\u021bului Ilfov a anun\u021bat c\u0103 s-a autosesizat \u00een urma apari\u021biei, pe Facebook, a unui mesaj extremist.\" \/>\n<meta name=\"robots\" content=\"index, follow, max-snippet:-1, max-image-preview:large, max-video-preview:-1\" \/>\n<link rel=\"canonical\" href=\"https:\/\/buletin.de\/bucuresti\/un-barbat-din-ilfov-cercetat-penal-dupa-un-mesaj-violent-publicat-pe-facebook\/\" \/>\n<meta property=\"og:locale\" content=\"en_GB\" \/>\n<meta property=\"og:type\" content=\"article\" \/>\n<meta property=\"og:title\" content=\"Un b\u0103rbat din Ilfov, cercetat penal dup\u0103 un mesaj violent publicat pe Facebook\" \/>\n<meta property=\"og:description\" content=\"Inspectoratul de Poli\u021bie al Jude\u021bului Ilfov a anun\u021bat c\u0103 s-a autosesizat \u00een urma apari\u021biei, pe Facebook, a unui mesaj extremist.\" \/>\n<meta property=\"og:url\" content=\"https:\/\/buletin.de\/bucuresti\/un-barbat-din-ilfov-cercetat-penal-dupa-un-mesaj-violent-publicat-pe-facebook\/\" \/>\n<meta property=\"og:site_name\" content=\"Buletin de Bucure\u0219ti\" \/>\n<meta property=\"article:publisher\" content=\"https:\/\/www.facebook.com\/buletin.de.buc\" \/>\n<meta property=\"article:published_time\" content=\"2025-05-20T13:11:22+00:00\" \/>\n<meta property=\"article:modified_time\" content=\"2025-05-20T13:11:23+00:00\" \/>\n<meta property=\"og:image\" content=\"https:\/\/buletin.de\/bucuresti\/wp-content\/uploads\/2025\/05\/politie.jpg\" \/>\n\t<meta property=\"og:image:width\" content=\"1600\" \/>\n\t<meta property=\"og:image:height\" content=\"871\" \/>\n\t<meta property=\"og:image:type\" content=\"image\/jpeg\" \/>\n<meta name=\"author\" content=\"C\u0103t\u0103lin Anghel-Dimache\" \/>\n<meta name=\"twitter:card\" content=\"summary_large_image\" \/>\n<meta name=\"twitter:label1\" content=\"Written by\" \/>\n\t<meta name=\"twitter:data1\" content=\"C\u0103t\u0103lin Anghel-Dimache\" \/>\n\t<meta name=\"twitter:label2\" content=\"Estimated reading time\" \/>\n\t<meta name=\"twitter:data2\" content=\"2 minutes\" \/>\n<script type=\"application\/ld+json\" class=\"yoast-schema-graph\">{\"@context\":\"https:\\\/\\\/schema.org\",\"@graph\":[{\"@type\":\"Article\",\"@id\":\"https:\\\/\\\/buletin.de\\\/bucuresti\\\/un-barbat-din-ilfov-cercetat-penal-dupa-un-mesaj-violent-publicat-pe-facebook\\\/#article\",\"isPartOf\":{\"@id\":\"https:\\\/\\\/buletin.de\\\/bucuresti\\\/un-barbat-din-ilfov-cercetat-penal-dupa-un-mesaj-violent-publicat-pe-facebook\\\/\"},\"author\":{\"name\":\"C\u0103t\u0103lin Anghel-Dimache\",\"@id\":\"https:\\\/\\\/buletin.de\\\/bucuresti\\\/#\\\/schema\\\/person\\\/0ac9db30080482be87c7386a30f98796\"},\"headline\":\"Un b\u0103rbat din Ilfov, cercetat penal dup\u0103 un mesaj violent publicat pe Facebook\",\"datePublished\":\"2025-05-20T13:11:22+00:00\",\"dateModified\":\"2025-05-20T13:11:23+00:00\",\"mainEntityOfPage\":{\"@id\":\"https:\\\/\\\/buletin.de\\\/bucuresti\\\/un-barbat-din-ilfov-cercetat-penal-dupa-un-mesaj-violent-publicat-pe-facebook\\\/\"},\"wordCount\":493,\"publisher\":{\"@id\":\"https:\\\/\\\/buletin.de\\\/bucuresti\\\/#organization\"},\"image\":{\"@id\":\"https:\\\/\\\/buletin.de\\\/bucuresti\\\/un-barbat-din-ilfov-cercetat-penal-dupa-un-mesaj-violent-publicat-pe-facebook\\\/#primaryimage\"},\"thumbnailUrl\":\"https:\\\/\\\/buletin.de\\\/bucuresti\\\/wp-content\\\/uploads\\\/2025\\\/05\\\/politie.jpg\",\"keywords\":[\"bucuresti\",\"Capitala\",\"facebook\",\"Ilfov\",\"instigare\",\"mesaj\",\"politie\"],\"articleSection\":[\"Articole\",\"Buletin de Ilfov\",\"Eveniment\",\"\u0218tiri\"],\"inLanguage\":\"en-GB\",\"copyrightYear\":\"2025\",\"copyrightHolder\":{\"@id\":\"https:\\\/\\\/buletin.de\\\/bucuresti\\\/#organization\"}},{\"@type\":\"WebPage\",\"@id\":\"https:\\\/\\\/buletin.de\\\/bucuresti\\\/un-barbat-din-ilfov-cercetat-penal-dupa-un-mesaj-violent-publicat-pe-facebook\\\/\",\"url\":\"https:\\\/\\\/buletin.de\\\/bucuresti\\\/un-barbat-din-ilfov-cercetat-penal-dupa-un-mesaj-violent-publicat-pe-facebook\\\/\",\"name\":\"Un b\u0103rbat din Ilfov, cercetat penal dup\u0103 un mesaj violent publicat pe Facebook - Buletin de Bucure\u0219ti\",\"isPartOf\":{\"@id\":\"https:\\\/\\\/buletin.de\\\/bucuresti\\\/#website\"},\"primaryImageOfPage\":{\"@id\":\"https:\\\/\\\/buletin.de\\\/bucuresti\\\/un-barbat-din-ilfov-cercetat-penal-dupa-un-mesaj-violent-publicat-pe-facebook\\\/#primaryimage\"},\"image\":{\"@id\":\"https:\\\/\\\/buletin.de\\\/bucuresti\\\/un-barbat-din-ilfov-cercetat-penal-dupa-un-mesaj-violent-publicat-pe-facebook\\\/#primaryimage\"},\"thumbnailUrl\":\"https:\\\/\\\/buletin.de\\\/bucuresti\\\/wp-content\\\/uploads\\\/2025\\\/05\\\/politie.jpg\",\"datePublished\":\"2025-05-20T13:11:22+00:00\",\"dateModified\":\"2025-05-20T13:11:23+00:00\",\"description\":\"Inspectoratul de Poli\u021bie al Jude\u021bului Ilfov a anun\u021bat c\u0103 s-a autosesizat \u00een urma apari\u021biei, pe Facebook, a unui mesaj extremist.\",\"breadcrumb\":{\"@id\":\"https:\\\/\\\/buletin.de\\\/bucuresti\\\/un-barbat-din-ilfov-cercetat-penal-dupa-un-mesaj-violent-publicat-pe-facebook\\\/#breadcrumb\"},\"inLanguage\":\"en-GB\",\"potentialAction\":[{\"@type\":\"ReadAction\",\"target\":[\"https:\\\/\\\/buletin.de\\\/bucuresti\\\/un-barbat-din-ilfov-cercetat-penal-dupa-un-mesaj-violent-publicat-pe-facebook\\\/\"]}]},{\"@type\":\"ImageObject\",\"inLanguage\":\"en-GB\",\"@id\":\"https:\\\/\\\/buletin.de\\\/bucuresti\\\/un-barbat-din-ilfov-cercetat-penal-dupa-un-mesaj-violent-publicat-pe-facebook\\\/#primaryimage\",\"url\":\"https:\\\/\\\/buletin.de\\\/bucuresti\\\/wp-content\\\/uploads\\\/2025\\\/05\\\/politie.jpg\",\"contentUrl\":\"https:\\\/\\\/buletin.de\\\/bucuresti\\\/wp-content\\\/uploads\\\/2025\\\/05\\\/politie.jpg\",\"width\":1600,\"height\":871,\"caption\":\"Echipaje de poli\u021bie suplimentate \u00een jurul \u0219colilor din Sectorul 2 dup\u0103 amenint\u0103ri pe email\"},{\"@type\":\"BreadcrumbList\",\"@id\":\"https:\\\/\\\/buletin.de\\\/bucuresti\\\/un-barbat-din-ilfov-cercetat-penal-dupa-un-mesaj-violent-publicat-pe-facebook\\\/#breadcrumb\",\"itemListElement\":[{\"@type\":\"ListItem\",\"position\":1,\"name\":\"Acas\u0103\",\"item\":\"https:\\\/\\\/buletin.de\\\/bucuresti\\\/\"},{\"@type\":\"ListItem\",\"position\":2,\"name\":\"Un b\u0103rbat din Ilfov, cercetat penal dup\u0103 un mesaj violent publicat pe Facebook\"}]},{\"@type\":\"WebSite\",\"@id\":\"https:\\\/\\\/buletin.de\\\/bucuresti\\\/#website\",\"url\":\"https:\\\/\\\/buletin.de\\\/bucuresti\\\/\",\"name\":\"Buletin de Bucure\u0219ti\",\"description\":\"\u0218tiri \u0219i investiga\u021bii esen\u021biale din capital\u0103\",\"publisher\":{\"@id\":\"https:\\\/\\\/buletin.de\\\/bucuresti\\\/#organization\"},\"potentialAction\":[{\"@type\":\"SearchAction\",\"target\":{\"@type\":\"EntryPoint\",\"urlTemplate\":\"https:\\\/\\\/buletin.de\\\/bucuresti\\\/?s={search_term_string}\"},\"query-input\":{\"@type\":\"PropertyValueSpecification\",\"valueRequired\":true,\"valueName\":\"search_term_string\"}}],\"inLanguage\":\"en-GB\"},{\"@type\":\"Organization\",\"@id\":\"https:\\\/\\\/buletin.de\\\/bucuresti\\\/#organization\",\"name\":\"Buletin de Bucure\u0219ti\",\"url\":\"https:\\\/\\\/buletin.de\\\/bucuresti\\\/\",\"logo\":{\"@type\":\"ImageObject\",\"inLanguage\":\"en-GB\",\"@id\":\"https:\\\/\\\/buletin.de\\\/bucuresti\\\/#\\\/schema\\\/logo\\\/image\\\/\",\"url\":\"https:\\\/\\\/buletin.de\\\/bucuresti\\\/wp-content\\\/uploads\\\/logo-bdb-full-wide-vernil-transparent.png\",\"contentUrl\":\"https:\\\/\\\/buletin.de\\\/bucuresti\\\/wp-content\\\/uploads\\\/logo-bdb-full-wide-vernil-transparent.png\",\"width\":1782,\"height\":626,\"caption\":\"Buletin de Bucure\u0219ti\"},\"image\":{\"@id\":\"https:\\\/\\\/buletin.de\\\/bucuresti\\\/#\\\/schema\\\/logo\\\/image\\\/\"},\"sameAs\":[\"https:\\\/\\\/www.facebook.com\\\/buletin.de.buc\",\"https:\\\/\\\/www.instagram.com\\\/buletinde.bucuresti\\\/\"]},{\"@type\":\"Person\",\"@id\":\"https:\\\/\\\/buletin.de\\\/bucuresti\\\/#\\\/schema\\\/person\\\/0ac9db30080482be87c7386a30f98796\",\"name\":\"C\u0103t\u0103lin Anghel-Dimache\",\"image\":{\"@type\":\"ImageObject\",\"inLanguage\":\"en-GB\",\"@id\":\"https:\\\/\\\/buletin.de\\\/bucuresti\\\/wp-content\\\/uploads\\\/Catalin-Anghel-Dimache-96x96.jpgbd9e43c5b25186d5b8e917ac61ad86c4\",\"url\":\"https:\\\/\\\/buletin.de\\\/bucuresti\\\/wp-content\\\/uploads\\\/Catalin-Anghel-Dimache-96x96.jpg\",\"contentUrl\":\"https:\\\/\\\/buletin.de\\\/bucuresti\\\/wp-content\\\/uploads\\\/Catalin-Anghel-Dimache-96x96.jpg\",\"caption\":\"C\u0103t\u0103lin Anghel-Dimache\"},\"description\":\"A absolvit Facultatea de Jurnalism \u0219i \u0218tiin\u021bele Comunic\u0103rii a Universit\u0103\u021bii din Bucure\u0219ti \u00een 2024. Scrie despre mediu \u0219i teme sociale, dar \u0219i despre cum se reflect\u0103 ele \u00een via\u021ba cotidian\u0103 a bucure\u0219tenilor, cu un ochi atent la pove\u0219tile personale din spatele titlurilor. N\u0103scut \u0219i crescut \u00een Bucure\u0219ti, a f\u0103cut un pas c\u0103tre presa local\u0103, din pasiune pentru ora\u0219ul s\u0103u \u0219i oamenii din el.\",\"url\":\"https:\\\/\\\/buletin.de\\\/bucuresti\\\/author\\\/catalin-anghel-dimache\\\/\"}]}<\/script>\n<!-- \/ Yoast SEO Premium plugin. -->","yoast_head_json":{"title":"Un b\u0103rbat din Ilfov, cercetat penal dup\u0103 un mesaj violent publicat pe Facebook - Buletin de Bucure\u0219ti","description":"Inspectoratul de Poli\u021bie al Jude\u021bului Ilfov a anun\u021bat c\u0103 s-a autosesizat \u00een urma apari\u021biei, pe Facebook, a unui mesaj extremist.","robots":{"index":"index","follow":"follow","max-snippet":"max-snippet:-1","max-image-preview":"max-image-preview:large","max-video-preview":"max-video-preview:-1"},"canonical":"https:\/\/buletin.de\/bucuresti\/un-barbat-din-ilfov-cercetat-penal-dupa-un-mesaj-violent-publicat-pe-facebook\/","og_locale":"en_GB","og_type":"article","og_title":"Un b\u0103rbat din Ilfov, cercetat penal dup\u0103 un mesaj violent publicat pe Facebook","og_description":"Inspectoratul de Poli\u021bie al Jude\u021bului Ilfov a anun\u021bat c\u0103 s-a autosesizat \u00een urma apari\u021biei, pe Facebook, a unui mesaj extremist.","og_url":"https:\/\/buletin.de\/bucuresti\/un-barbat-din-ilfov-cercetat-penal-dupa-un-mesaj-violent-publicat-pe-facebook\/","og_site_name":"Buletin de Bucure\u0219ti","article_publisher":"https:\/\/www.facebook.com\/buletin.de.buc","article_published_time":"2025-05-20T13:11:22+00:00","article_modified_time":"2025-05-20T13:11:23+00:00","og_image":[{"width":1600,"height":871,"url":"https:\/\/buletin.de\/bucuresti\/wp-content\/uploads\/2025\/05\/politie.jpg","type":"image\/jpeg"}],"author":"C\u0103t\u0103lin Anghel-Dimache","twitter_card":"summary_large_image","twitter_misc":{"Written by":"C\u0103t\u0103lin Anghel-Dimache","Estimated reading time":"2 minutes"},"schema":{"@context":"https:\/\/schema.org","@graph":[{"@type":"Article","@id":"https:\/\/buletin.de\/bucuresti\/un-barbat-din-ilfov-cercetat-penal-dupa-un-mesaj-violent-publicat-pe-facebook\/#article","isPartOf":{"@id":"https:\/\/buletin.de\/bucuresti\/un-barbat-din-ilfov-cercetat-penal-dupa-un-mesaj-violent-publicat-pe-facebook\/"},"author":{"name":"C\u0103t\u0103lin Anghel-Dimache","@id":"https:\/\/buletin.de\/bucuresti\/#\/schema\/person\/0ac9db30080482be87c7386a30f98796"},"headline":"Un b\u0103rbat din Ilfov, cercetat penal dup\u0103 un mesaj violent publicat pe Facebook","datePublished":"2025-05-20T13:11:22+00:00","dateModified":"2025-05-20T13:11:23+00:00","mainEntityOfPage":{"@id":"https:\/\/buletin.de\/bucuresti\/un-barbat-din-ilfov-cercetat-penal-dupa-un-mesaj-violent-publicat-pe-facebook\/"},"wordCount":493,"publisher":{"@id":"https:\/\/buletin.de\/bucuresti\/#organization"},"image":{"@id":"https:\/\/buletin.de\/bucuresti\/un-barbat-din-ilfov-cercetat-penal-dupa-un-mesaj-violent-publicat-pe-facebook\/#primaryimage"},"thumbnailUrl":"https:\/\/buletin.de\/bucuresti\/wp-content\/uploads\/2025\/05\/politie.jpg","keywords":["bucuresti","Capitala","facebook","Ilfov","instigare","mesaj","politie"],"articleSection":["Articole","Buletin de Ilfov","Eveniment","\u0218tiri"],"inLanguage":"en-GB","copyrightYear":"2025","copyrightHolder":{"@id":"https:\/\/buletin.de\/bucuresti\/#organization"}},{"@type":"WebPage","@id":"https:\/\/buletin.de\/bucuresti\/un-barbat-din-ilfov-cercetat-penal-dupa-un-mesaj-violent-publicat-pe-facebook\/","url":"https:\/\/buletin.de\/bucuresti\/un-barbat-din-ilfov-cercetat-penal-dupa-un-mesaj-violent-publicat-pe-facebook\/","name":"Un b\u0103rbat din Ilfov, cercetat penal dup\u0103 un mesaj violent publicat pe Facebook - Buletin de Bucure\u0219ti","isPartOf":{"@id":"https:\/\/buletin.de\/bucuresti\/#website"},"primaryImageOfPage":{"@id":"https:\/\/buletin.de\/bucuresti\/un-barbat-din-ilfov-cercetat-penal-dupa-un-mesaj-violent-publicat-pe-facebook\/#primaryimage"},"image":{"@id":"https:\/\/buletin.de\/bucuresti\/un-barbat-din-ilfov-cercetat-penal-dupa-un-mesaj-violent-publicat-pe-facebook\/#primaryimage"},"thumbnailUrl":"https:\/\/buletin.de\/bucuresti\/wp-content\/uploads\/2025\/05\/politie.jpg","datePublished":"2025-05-20T13:11:22+00:00","dateModified":"2025-05-20T13:11:23+00:00","description":"Inspectoratul de Poli\u021bie al Jude\u021bului Ilfov a anun\u021bat c\u0103 s-a autosesizat \u00een urma apari\u021biei, pe Facebook, a unui mesaj extremist.","breadcrumb":{"@id":"https:\/\/buletin.de\/bucuresti\/un-barbat-din-ilfov-cercetat-penal-dupa-un-mesaj-violent-publicat-pe-facebook\/#breadcrumb"},"inLanguage":"en-GB","potentialAction":[{"@type":"ReadAction","target":["https:\/\/buletin.de\/bucuresti\/un-barbat-din-ilfov-cercetat-penal-dupa-un-mesaj-violent-publicat-pe-facebook\/"]}]},{"@type":"ImageObject","inLanguage":"en-GB","@id":"https:\/\/buletin.de\/bucuresti\/un-barbat-din-ilfov-cercetat-penal-dupa-un-mesaj-violent-publicat-pe-facebook\/#primaryimage","url":"https:\/\/buletin.de\/bucuresti\/wp-content\/uploads\/2025\/05\/politie.jpg","contentUrl":"https:\/\/buletin.de\/bucuresti\/wp-content\/uploads\/2025\/05\/politie.jpg","width":1600,"height":871,"caption":"Echipaje de poli\u021bie suplimentate \u00een jurul \u0219colilor din Sectorul 2 dup\u0103 amenint\u0103ri pe email"},{"@type":"BreadcrumbList","@id":"https:\/\/buletin.de\/bucuresti\/un-barbat-din-ilfov-cercetat-penal-dupa-un-mesaj-violent-publicat-pe-facebook\/#breadcrumb","itemListElement":[{"@type":"ListItem","position":1,"name":"Acas\u0103","item":"https:\/\/buletin.de\/bucuresti\/"},{"@type":"ListItem","position":2,"name":"Un b\u0103rbat din Ilfov, cercetat penal dup\u0103 un mesaj violent publicat pe Facebook"}]},{"@type":"WebSite","@id":"https:\/\/buletin.de\/bucuresti\/#website","url":"https:\/\/buletin.de\/bucuresti\/","name":"Buletin de Bucure\u0219ti","description":"\u0218tiri \u0219i investiga\u021bii esen\u021biale din capital\u0103","publisher":{"@id":"https:\/\/buletin.de\/bucuresti\/#organization"},"potentialAction":[{"@type":"SearchAction","target":{"@type":"EntryPoint","urlTemplate":"https:\/\/buletin.de\/bucuresti\/?s={search_term_string}"},"query-input":{"@type":"PropertyValueSpecification","valueRequired":true,"valueName":"search_term_string"}}],"inLanguage":"en-GB"},{"@type":"Organization","@id":"https:\/\/buletin.de\/bucuresti\/#organization","name":"Buletin de Bucure\u0219ti","url":"https:\/\/buletin.de\/bucuresti\/","logo":{"@type":"ImageObject","inLanguage":"en-GB","@id":"https:\/\/buletin.de\/bucuresti\/#\/schema\/logo\/image\/","url":"https:\/\/buletin.de\/bucuresti\/wp-content\/uploads\/logo-bdb-full-wide-vernil-transparent.png","contentUrl":"https:\/\/buletin.de\/bucuresti\/wp-content\/uploads\/logo-bdb-full-wide-vernil-transparent.png","width":1782,"height":626,"caption":"Buletin de Bucure\u0219ti"},"image":{"@id":"https:\/\/buletin.de\/bucuresti\/#\/schema\/logo\/image\/"},"sameAs":["https:\/\/www.facebook.com\/buletin.de.buc","https:\/\/www.instagram.com\/buletinde.bucuresti\/"]},{"@type":"Person","@id":"https:\/\/buletin.de\/bucuresti\/#\/schema\/person\/0ac9db30080482be87c7386a30f98796","name":"C\u0103t\u0103lin Anghel-Dimache","image":{"@type":"ImageObject","inLanguage":"en-GB","@id":"https:\/\/buletin.de\/bucuresti\/wp-content\/uploads\/Catalin-Anghel-Dimache-96x96.jpgbd9e43c5b25186d5b8e917ac61ad86c4","url":"https:\/\/buletin.de\/bucuresti\/wp-content\/uploads\/Catalin-Anghel-Dimache-96x96.jpg","contentUrl":"https:\/\/buletin.de\/bucuresti\/wp-content\/uploads\/Catalin-Anghel-Dimache-96x96.jpg","caption":"C\u0103t\u0103lin Anghel-Dimache"},"description":"A absolvit Facultatea de Jurnalism \u0219i \u0218tiin\u021bele Comunic\u0103rii a Universit\u0103\u021bii din Bucure\u0219ti \u00een 2024. Scrie despre mediu \u0219i teme sociale, dar \u0219i despre cum se reflect\u0103 ele \u00een via\u021ba cotidian\u0103 a bucure\u0219tenilor, cu un ochi atent la pove\u0219tile personale din spatele titlurilor. N\u0103scut \u0219i crescut \u00een Bucure\u0219ti, a f\u0103cut un pas c\u0103tre presa local\u0103, din pasiune pentru ora\u0219ul s\u0103u \u0219i oamenii din el.","url":"https:\/\/buletin.de\/bucuresti\/author\/catalin-anghel-dimache\/"}]}},"authors":[{"term_id":22572,"user_id":59,"is_guest":0,"slug":"catalin-anghel-dimache","display_name":"C\u0103t\u0103lin Anghel-Dimache","avatar_url":"https:\/\/buletin.de\/bucuresti\/wp-content\/uploads\/Catalin-Anghel-Dimache-96x96.jpg","0":null,"1":"","2":"","3":"","4":"","5":"","6":"","7":"","8":""}],"_links":{"self":[{"href":"https:\/\/buletin.de\/bucuresti\/wp-json\/wp\/v2\/posts\/131299","targetHints":{"allow":["GET"]}}],"collection":[{"href":"https:\/\/buletin.de\/bucuresti\/wp-json\/wp\/v2\/posts"}],"about":[{"href":"https:\/\/buletin.de\/bucuresti\/wp-json\/wp\/v2\/types\/post"}],"author":[{"embeddable":true,"href":"https:\/\/buletin.de\/bucuresti\/wp-json\/wp\/v2\/users\/59"}],"replies":[{"embeddable":true,"href":"https:\/\/buletin.de\/bucuresti\/wp-json\/wp\/v2\/comments?post=131299"}],"version-history":[{"count":1,"href":"https:\/\/buletin.de\/bucuresti\/wp-json\/wp\/v2\/posts\/131299\/revisions"}],"predecessor-version":[{"id":131306,"href":"https:\/\/buletin.de\/bucuresti\/wp-json\/wp\/v2\/posts\/131299\/revisions\/131306"}],"wp:featuredmedia":[{"embeddable":true,"href":"https:\/\/buletin.de\/bucuresti\/wp-json\/wp\/v2\/media\/131305"}],"wp:attachment":[{"href":"https:\/\/buletin.de\/bucuresti\/wp-json\/wp\/v2\/media?parent=131299"}],"wp:term":[{"taxonomy":"category","embeddable":true,"href":"https:\/\/buletin.de\/bucuresti\/wp-json\/wp\/v2\/categories?post=131299"},{"taxonomy":"post_tag","embeddable":true,"href":"https:\/\/buletin.de\/bucuresti\/wp-json\/wp\/v2\/tags?post=131299"},{"taxonomy":"author","embeddable":true,"href":"https:\/\/buletin.de\/bucuresti\/wp-json\/wp\/v2\/ppma_author?post=131299"}],"curies":[{"name":"wp","href":"https:\/\/api.w.org\/{rel}","templated":true}]}}