{"id":13115,"date":"2020-09-30T16:18:31","date_gmt":"2020-09-30T13:18:31","guid":{"rendered":"https:\/\/buletin.de\/bucuresti\/?p=13115"},"modified":"2020-09-30T16:18:32","modified_gmt":"2020-09-30T13:18:32","slug":"cantec-de-lebada-de-300-de-milioane-de-lei-la-primaria-sector-4-ultima-sedinta-de-cl-cu-majoritate-psd-a-avut-loc-azi","status":"publish","type":"post","link":"https:\/\/buletin.de\/bucuresti\/cantec-de-lebada-de-300-de-milioane-de-lei-la-primaria-sector-4-ultima-sedinta-de-cl-cu-majoritate-psd-a-avut-loc-azi\/","title":{"rendered":"C\u00e2ntec de leb\u0103d\u0103 de 300 de milioane de lei la Prim\u0103ria Sector 4 | Ultima \u0219edin\u021b\u0103 de CL, cu majoritate PSD a avut loc azi"},"content":{"rendered":"\n<p>Primarul reales al Sectorul 4, Daniel B\u0103lu\u021b\u0103 a convocat pe 24 septembrie, o sedin\u021b\u0103 de Consiliu Local pe data de 30 septembrie. Doar c\u0103 pe convocatorul ini\u021bial erau trecute c\u00e2teva hot\u0103r\u0103ri lipsite de importan\u021b\u0103, iar azi \u00een plen s-au discutat investi\u021bii de peste 300 de milioane de lei. Conform datelor preliminare, PSD a pierdut majoritatea \u00een Consiliul Local al Sectorului 4, dup\u0103 alegerile de duminic\u0103. <\/p>\n\n\n\n<p>O dispozi\u021bie de primar, publicat\u0103 pe 24 septembrie, anun\u021ba \u0219edin\u021b\u0103 de Consiliu Local pe 30 septembrie. Pe ordinea de zi, urmau s\u0103 fie c\u0103teva proiecte neimportante &#8211; repartizare de locuin\u021be sociale, un protocol de colaborare cu DGSAPC Sector 4.<\/p>\n\n\n\n<figure class=\"wp-block-image size-large\"><img fetchpriority=\"high\" decoding=\"async\" width=\"900\" height=\"506\" src=\"data:image\/gif;base64,R0lGODlhAQABAAAAACH5BAEKAAEALAAAAAABAAEAAAICTAEAOw==\" data-src=\"https:\/\/buletin.de\/bucuresti\/wp-content\/uploads\/image-176-900x506.png\" alt=\"\" class=\"wp-image-13116 lazyload\" data-sizes=\"auto\" data-srcset=\"https:\/\/buletin.de\/bucuresti\/wp-content\/uploads\/image-176-900x506.png 900w, https:\/\/buletin.de\/bucuresti\/wp-content\/uploads\/image-176-300x169.png 300w, https:\/\/buletin.de\/bucuresti\/wp-content\/uploads\/image-176-768x432.png 768w, https:\/\/buletin.de\/bucuresti\/wp-content\/uploads\/image-176-1060x596.png 1060w, https:\/\/buletin.de\/bucuresti\/wp-content\/uploads\/image-176-550x309.png 550w, https:\/\/buletin.de\/bucuresti\/wp-content\/uploads\/image-176-889x500.png 889w, https:\/\/buletin.de\/bucuresti\/wp-content\/uploads\/image-176-600x337.png 600w, https:\/\/buletin.de\/bucuresti\/wp-content\/uploads\/image-176.png 1366w\" sizes=\"(max-width: 900px) 100vw, 900px\" \/><figcaption>Anexa la Dispozitia primarului Sector 4 din 24.09.2020<\/figcaption><\/figure>\n\n\n\n<p>Doar c\u0103, a\u0219a cum declar\u0103 Simona Sp\u0103taru, consilier local USR, asear\u0103 la mapa de \u0219edin\u021b\u0103 au venit mult mai multe proiecte de Hot\u0103r\u00e2re, \u0219i aproape toate de investi\u021bii.<\/p>\n\n\n\n<p>&#8220;<strong><em>23 de proiecte, care \u00eensumate vor \u00eensemna cheltuieli de 300 de milioane de lei, mai mult de o treime din bugetul primariei<\/em><\/strong>. <em><strong>Toate proiectele propuse necesit\u0103, \u00een opinia mea, consultare public\u0103<\/strong><\/em>&#8220;, a scris Simona Sp\u0103taru pe FB.<\/p>\n\n\n\n<figure class=\"wp-block-image size-large\"><img decoding=\"async\" width=\"643\" height=\"900\" src=\"data:image\/gif;base64,R0lGODlhAQABAAAAACH5BAEKAAEALAAAAAABAAEAAAICTAEAOw==\" data-src=\"https:\/\/buletin.de\/bucuresti\/wp-content\/uploads\/WhatsApp-Image-2020-09-30-at-15.24.36-643x900.jpeg\" alt=\"\" class=\"wp-image-13118 lazyload\" data-sizes=\"auto\" data-srcset=\"https:\/\/buletin.de\/bucuresti\/wp-content\/uploads\/WhatsApp-Image-2020-09-30-at-15.24.36-643x900.jpeg 643w, https:\/\/buletin.de\/bucuresti\/wp-content\/uploads\/WhatsApp-Image-2020-09-30-at-15.24.36-214x300.jpeg 214w, https:\/\/buletin.de\/bucuresti\/wp-content\/uploads\/WhatsApp-Image-2020-09-30-at-15.24.36-768x1074.jpeg 768w, https:\/\/buletin.de\/bucuresti\/wp-content\/uploads\/WhatsApp-Image-2020-09-30-at-15.24.36-1098x1536.jpeg 1098w, https:\/\/buletin.de\/bucuresti\/wp-content\/uploads\/WhatsApp-Image-2020-09-30-at-15.24.36-1060x1483.jpeg 1060w, https:\/\/buletin.de\/bucuresti\/wp-content\/uploads\/WhatsApp-Image-2020-09-30-at-15.24.36-550x769.jpeg 550w, https:\/\/buletin.de\/bucuresti\/wp-content\/uploads\/WhatsApp-Image-2020-09-30-at-15.24.36-357x500.jpeg 357w, https:\/\/buletin.de\/bucuresti\/wp-content\/uploads\/WhatsApp-Image-2020-09-30-at-15.24.36-772x1080.jpeg 772w, https:\/\/buletin.de\/bucuresti\/wp-content\/uploads\/WhatsApp-Image-2020-09-30-at-15.24.36-600x839.jpeg 600w, https:\/\/buletin.de\/bucuresti\/wp-content\/uploads\/WhatsApp-Image-2020-09-30-at-15.24.36.jpeg 1106w\" sizes=\"(max-width: 643px) 100vw, 643px\" \/><\/figure>\n\n\n\n<p>Cele mai importante puncte pe ordinea de zi a \u0219edin\u021bei de ast\u0103zi :<\/p>\n\n\n\n<ul class=\"wp-block-list\"><li>aprobarea indicatorilor tehnico-economici pentru un pasaj rutier, la intersectia bul. Obregia, Metalurgiei \u0219i strada Turnu M\u0103gurele &#8211; aproape 87 milioane lei;<\/li><\/ul>\n\n\n\n<p><\/p>\n\n\n\n<figure class=\"wp-block-image size-large\"><img decoding=\"async\" width=\"687\" height=\"900\" src=\"data:image\/gif;base64,R0lGODlhAQABAAAAACH5BAEKAAEALAAAAAABAAEAAAICTAEAOw==\" data-src=\"https:\/\/buletin.de\/bucuresti\/wp-content\/uploads\/WhatsApp-Image-2020-09-30-at-15.36.00-687x900.jpeg\" alt=\"\" class=\"wp-image-13120 lazyload\" data-sizes=\"auto\" data-srcset=\"https:\/\/buletin.de\/bucuresti\/wp-content\/uploads\/WhatsApp-Image-2020-09-30-at-15.36.00-687x900.jpeg 687w, https:\/\/buletin.de\/bucuresti\/wp-content\/uploads\/WhatsApp-Image-2020-09-30-at-15.36.00-229x300.jpeg 229w, https:\/\/buletin.de\/bucuresti\/wp-content\/uploads\/WhatsApp-Image-2020-09-30-at-15.36.00-768x1006.jpeg 768w, https:\/\/buletin.de\/bucuresti\/wp-content\/uploads\/WhatsApp-Image-2020-09-30-at-15.36.00-1060x1388.jpeg 1060w, https:\/\/buletin.de\/bucuresti\/wp-content\/uploads\/WhatsApp-Image-2020-09-30-at-15.36.00-550x720.jpeg 550w, https:\/\/buletin.de\/bucuresti\/wp-content\/uploads\/WhatsApp-Image-2020-09-30-at-15.36.00-382x500.jpeg 382w, https:\/\/buletin.de\/bucuresti\/wp-content\/uploads\/WhatsApp-Image-2020-09-30-at-15.36.00-825x1080.jpeg 825w, https:\/\/buletin.de\/bucuresti\/wp-content\/uploads\/WhatsApp-Image-2020-09-30-at-15.36.00-600x786.jpeg 600w, https:\/\/buletin.de\/bucuresti\/wp-content\/uploads\/WhatsApp-Image-2020-09-30-at-15.36.00.jpeg 1094w\" sizes=\"(max-width: 687px) 100vw, 687px\" \/><\/figure>\n\n\n\n<p><\/p>\n\n\n\n<ul class=\"wp-block-list\"><li>aprobarea construc\u021biei unui Centru Multicultural &#8211; 19 milioane lei;<\/li><\/ul>\n\n\n\n<figure class=\"wp-block-image size-large\"><img loading=\"lazy\" decoding=\"async\" width=\"706\" height=\"900\" src=\"data:image\/gif;base64,R0lGODlhAQABAAAAACH5BAEKAAEALAAAAAABAAEAAAICTAEAOw==\" data-src=\"https:\/\/buletin.de\/bucuresti\/wp-content\/uploads\/WhatsApp-Image-2020-09-30-at-15.42.18-2-706x900.jpeg\" alt=\"\" class=\"wp-image-13123 lazyload\" data-sizes=\"auto\" data-srcset=\"https:\/\/buletin.de\/bucuresti\/wp-content\/uploads\/WhatsApp-Image-2020-09-30-at-15.42.18-2-706x900.jpeg 706w, https:\/\/buletin.de\/bucuresti\/wp-content\/uploads\/WhatsApp-Image-2020-09-30-at-15.42.18-2-235x300.jpeg 235w, https:\/\/buletin.de\/bucuresti\/wp-content\/uploads\/WhatsApp-Image-2020-09-30-at-15.42.18-2-768x980.jpeg 768w, https:\/\/buletin.de\/bucuresti\/wp-content\/uploads\/WhatsApp-Image-2020-09-30-at-15.42.18-2-1060x1352.jpeg 1060w, https:\/\/buletin.de\/bucuresti\/wp-content\/uploads\/WhatsApp-Image-2020-09-30-at-15.42.18-2-550x702.jpeg 550w, https:\/\/buletin.de\/bucuresti\/wp-content\/uploads\/WhatsApp-Image-2020-09-30-at-15.42.18-2-392x500.jpeg 392w, https:\/\/buletin.de\/bucuresti\/wp-content\/uploads\/WhatsApp-Image-2020-09-30-at-15.42.18-2-847x1080.jpeg 847w, https:\/\/buletin.de\/bucuresti\/wp-content\/uploads\/WhatsApp-Image-2020-09-30-at-15.42.18-2-600x765.jpeg 600w, https:\/\/buletin.de\/bucuresti\/wp-content\/uploads\/WhatsApp-Image-2020-09-30-at-15.42.18-2.jpeg 1125w\" sizes=\"(max-width: 706px) 100vw, 706px\" \/><\/figure>\n\n\n\n<ul class=\"wp-block-list\"><li>aprobarea indicatorilor tehnico-economici pentru construirea a 4 pasarele pietonale &#8211; 62,5 milioane de lei f\u0103r\u0103 TVA.<\/li><\/ul>\n\n\n\n<p>Conform calculelor USR, PSD a pierdut majoritatea \u00een Consiliul Local al Sectorului 4. Noua configura\u021bie politic\u0103, a\u0219a cum apare \u00eentr-o postare a Simonei Sp\u0103taru este:<\/p>\n\n\n\n<ul class=\"wp-block-list\"><li>PSD-PPU &#8211; 11 locuri<\/li><li>USR PLUS &#8211; 9 locuri<\/li><li>PNL &#8211; 5 locuri<\/li><li>PMP &#8211; 2 locuri<\/li><\/ul>\n\n\n\n<p>Daniel B\u0103lu\u021b\u0103 (PSD) a fost reconfirmat ca primar al Sectorului 4, la alegerile de duminic\u0103, 27 septembrie, cu 57,03%. Principalul s\u0103u contracandidat, Simona Sp\u0103taru (PNL \u2013 USR PLUS) a luat 29,88%.<\/p>\n\n\n\n<p>Sursa FOTO Facebook<\/p>\n\n\n\n<p><\/p>\n\n\n\n<p><\/p>\n\n\n\n<p><\/p>\n","protected":false},"excerpt":{"rendered":"<p>Primarul reales al Sectorul 4, Daniel B\u0103lu\u021b\u0103 a convocat pe 24 septembrie, o sedin\u021b\u0103 de Consiliu Local pe data de 30 septembrie. Doar c\u0103 pe convocatorul ini\u021bial erau trecute c\u00e2teva hot\u0103r\u0103ri lipsite de importan\u021b\u0103, iar azi \u00een plen s-au discutat investi\u021bii de peste 300 de milioane de lei. Conform datelor preliminare, PSD a pierdut majoritatea [&hellip;]<\/p>\n","protected":false},"author":18,"featured_media":13126,"comment_status":"closed","ping_status":"open","sticky":false,"template":"","format":"standard","meta":{"_acf_changed":false,"inline_featured_image":false,"ngg_post_thumbnail":0,"footnotes":""},"categories":[1],"tags":[1204,1670,765,1669,1671],"ppma_author":[22579],"class_list":["post-13115","post","type-post","status-publish","format-standard","has-post-thumbnail","hentry","category-diverse","tag-daniel-baluta","tag-majoritate","tag-sector-4","tag-sedinta-consiliu-local","tag-simona-spataru"],"acf":[],"yoast_head":"<!-- This site is optimized with the Yoast SEO Premium plugin v25.3 (Yoast SEO v27.4) - https:\/\/yoast.com\/product\/yoast-seo-premium-wordpress\/ -->\n<title>C\u00e2ntec de leb\u0103d\u0103 de 300 de milioane de lei la Prim\u0103ria Sector 4 | Ultima \u0219edin\u021b\u0103 de CL, cu majoritate PSD a avut loc azi - Buletin de Bucure\u0219ti<\/title>\n<meta name=\"robots\" content=\"index, follow, max-snippet:-1, max-image-preview:large, max-video-preview:-1\" \/>\n<link rel=\"canonical\" href=\"https:\/\/buletin.de\/bucuresti\/cantec-de-lebada-de-300-de-milioane-de-lei-la-primaria-sector-4-ultima-sedinta-de-cl-cu-majoritate-psd-a-avut-loc-azi\/\" \/>\n<meta property=\"og:locale\" content=\"en_GB\" \/>\n<meta property=\"og:type\" content=\"article\" \/>\n<meta property=\"og:title\" content=\"C\u00e2ntec de leb\u0103d\u0103 de 300 de milioane de lei la Prim\u0103ria Sector 4 | Ultima \u0219edin\u021b\u0103 de CL, cu majoritate PSD a avut loc azi\" \/>\n<meta property=\"og:description\" content=\"Primarul reales al Sectorul 4, Daniel B\u0103lu\u021b\u0103 a convocat pe 24 septembrie, o sedin\u021b\u0103 de Consiliu Local pe data de 30 septembrie. Doar c\u0103 pe convocatorul ini\u021bial erau trecute c\u00e2teva hot\u0103r\u0103ri lipsite de importan\u021b\u0103, iar azi \u00een plen s-au discutat investi\u021bii de peste 300 de milioane de lei. Conform datelor preliminare, PSD a pierdut majoritatea [&hellip;]\" \/>\n<meta property=\"og:url\" content=\"https:\/\/buletin.de\/bucuresti\/cantec-de-lebada-de-300-de-milioane-de-lei-la-primaria-sector-4-ultima-sedinta-de-cl-cu-majoritate-psd-a-avut-loc-azi\/\" \/>\n<meta property=\"og:site_name\" content=\"Buletin de Bucure\u0219ti\" \/>\n<meta property=\"article:publisher\" content=\"https:\/\/www.facebook.com\/buletin.de.buc\" \/>\n<meta property=\"article:published_time\" content=\"2020-09-30T13:18:31+00:00\" \/>\n<meta property=\"article:modified_time\" content=\"2020-09-30T13:18:32+00:00\" \/>\n<meta property=\"og:image\" content=\"https:\/\/buletin.de\/bucuresti\/wp-content\/uploads\/WhatsApp-Image-2020-09-30-at-15.49.49.jpeg\" \/>\n\t<meta property=\"og:image:width\" content=\"1600\" \/>\n\t<meta property=\"og:image:height\" content=\"1200\" \/>\n\t<meta property=\"og:image:type\" content=\"image\/jpeg\" \/>\n<meta name=\"author\" content=\"Teodora Stroe\" \/>\n<meta name=\"twitter:card\" content=\"summary_large_image\" \/>\n<meta name=\"twitter:label1\" content=\"Written by\" \/>\n\t<meta name=\"twitter:data1\" content=\"Teodora Stroe\" \/>\n\t<meta name=\"twitter:label2\" content=\"Estimated reading time\" \/>\n\t<meta name=\"twitter:data2\" content=\"2 minutes\" \/>\n<script type=\"application\/ld+json\" class=\"yoast-schema-graph\">{\"@context\":\"https:\\\/\\\/schema.org\",\"@graph\":[{\"@type\":\"Article\",\"@id\":\"https:\\\/\\\/buletin.de\\\/bucuresti\\\/cantec-de-lebada-de-300-de-milioane-de-lei-la-primaria-sector-4-ultima-sedinta-de-cl-cu-majoritate-psd-a-avut-loc-azi\\\/#article\",\"isPartOf\":{\"@id\":\"https:\\\/\\\/buletin.de\\\/bucuresti\\\/cantec-de-lebada-de-300-de-milioane-de-lei-la-primaria-sector-4-ultima-sedinta-de-cl-cu-majoritate-psd-a-avut-loc-azi\\\/\"},\"author\":{\"name\":\"Teodora Stroe\",\"@id\":\"https:\\\/\\\/buletin.de\\\/bucuresti\\\/#\\\/schema\\\/person\\\/d369d7ddc775abece205795e0b804614\"},\"headline\":\"C\u00e2ntec de leb\u0103d\u0103 de 300 de milioane de lei la Prim\u0103ria Sector 4 | Ultima \u0219edin\u021b\u0103 de CL, cu majoritate PSD a avut loc azi\",\"datePublished\":\"2020-09-30T13:18:31+00:00\",\"dateModified\":\"2020-09-30T13:18:32+00:00\",\"mainEntityOfPage\":{\"@id\":\"https:\\\/\\\/buletin.de\\\/bucuresti\\\/cantec-de-lebada-de-300-de-milioane-de-lei-la-primaria-sector-4-ultima-sedinta-de-cl-cu-majoritate-psd-a-avut-loc-azi\\\/\"},\"wordCount\":337,\"publisher\":{\"@id\":\"https:\\\/\\\/buletin.de\\\/bucuresti\\\/#organization\"},\"image\":{\"@id\":\"https:\\\/\\\/buletin.de\\\/bucuresti\\\/cantec-de-lebada-de-300-de-milioane-de-lei-la-primaria-sector-4-ultima-sedinta-de-cl-cu-majoritate-psd-a-avut-loc-azi\\\/#primaryimage\"},\"thumbnailUrl\":\"https:\\\/\\\/buletin.de\\\/bucuresti\\\/wp-content\\\/uploads\\\/WhatsApp-Image-2020-09-30-at-15.49.49.jpeg\",\"keywords\":[\"daniel baluta\",\"Majoritate\",\"Sector 4\",\"Sedinta Consiliu Local\",\"Simona Spataru\"],\"articleSection\":[\"Diverse\"],\"inLanguage\":\"en-GB\",\"copyrightYear\":\"2020\",\"copyrightHolder\":{\"@id\":\"https:\\\/\\\/buletin.de\\\/bucuresti\\\/#organization\"}},{\"@type\":\"WebPage\",\"@id\":\"https:\\\/\\\/buletin.de\\\/bucuresti\\\/cantec-de-lebada-de-300-de-milioane-de-lei-la-primaria-sector-4-ultima-sedinta-de-cl-cu-majoritate-psd-a-avut-loc-azi\\\/\",\"url\":\"https:\\\/\\\/buletin.de\\\/bucuresti\\\/cantec-de-lebada-de-300-de-milioane-de-lei-la-primaria-sector-4-ultima-sedinta-de-cl-cu-majoritate-psd-a-avut-loc-azi\\\/\",\"name\":\"C\u00e2ntec de leb\u0103d\u0103 de 300 de milioane de lei la Prim\u0103ria Sector 4 | Ultima \u0219edin\u021b\u0103 de CL, cu majoritate PSD a avut loc azi - Buletin de Bucure\u0219ti\",\"isPartOf\":{\"@id\":\"https:\\\/\\\/buletin.de\\\/bucuresti\\\/#website\"},\"primaryImageOfPage\":{\"@id\":\"https:\\\/\\\/buletin.de\\\/bucuresti\\\/cantec-de-lebada-de-300-de-milioane-de-lei-la-primaria-sector-4-ultima-sedinta-de-cl-cu-majoritate-psd-a-avut-loc-azi\\\/#primaryimage\"},\"image\":{\"@id\":\"https:\\\/\\\/buletin.de\\\/bucuresti\\\/cantec-de-lebada-de-300-de-milioane-de-lei-la-primaria-sector-4-ultima-sedinta-de-cl-cu-majoritate-psd-a-avut-loc-azi\\\/#primaryimage\"},\"thumbnailUrl\":\"https:\\\/\\\/buletin.de\\\/bucuresti\\\/wp-content\\\/uploads\\\/WhatsApp-Image-2020-09-30-at-15.49.49.jpeg\",\"datePublished\":\"2020-09-30T13:18:31+00:00\",\"dateModified\":\"2020-09-30T13:18:32+00:00\",\"breadcrumb\":{\"@id\":\"https:\\\/\\\/buletin.de\\\/bucuresti\\\/cantec-de-lebada-de-300-de-milioane-de-lei-la-primaria-sector-4-ultima-sedinta-de-cl-cu-majoritate-psd-a-avut-loc-azi\\\/#breadcrumb\"},\"inLanguage\":\"en-GB\",\"potentialAction\":[{\"@type\":\"ReadAction\",\"target\":[\"https:\\\/\\\/buletin.de\\\/bucuresti\\\/cantec-de-lebada-de-300-de-milioane-de-lei-la-primaria-sector-4-ultima-sedinta-de-cl-cu-majoritate-psd-a-avut-loc-azi\\\/\"]}]},{\"@type\":\"ImageObject\",\"inLanguage\":\"en-GB\",\"@id\":\"https:\\\/\\\/buletin.de\\\/bucuresti\\\/cantec-de-lebada-de-300-de-milioane-de-lei-la-primaria-sector-4-ultima-sedinta-de-cl-cu-majoritate-psd-a-avut-loc-azi\\\/#primaryimage\",\"url\":\"https:\\\/\\\/buletin.de\\\/bucuresti\\\/wp-content\\\/uploads\\\/WhatsApp-Image-2020-09-30-at-15.49.49.jpeg\",\"contentUrl\":\"https:\\\/\\\/buletin.de\\\/bucuresti\\\/wp-content\\\/uploads\\\/WhatsApp-Image-2020-09-30-at-15.49.49.jpeg\",\"width\":1600,\"height\":1200},{\"@type\":\"BreadcrumbList\",\"@id\":\"https:\\\/\\\/buletin.de\\\/bucuresti\\\/cantec-de-lebada-de-300-de-milioane-de-lei-la-primaria-sector-4-ultima-sedinta-de-cl-cu-majoritate-psd-a-avut-loc-azi\\\/#breadcrumb\",\"itemListElement\":[{\"@type\":\"ListItem\",\"position\":1,\"name\":\"Acas\u0103\",\"item\":\"https:\\\/\\\/buletin.de\\\/bucuresti\\\/\"},{\"@type\":\"ListItem\",\"position\":2,\"name\":\"C\u00e2ntec de leb\u0103d\u0103 de 300 de milioane de lei la Prim\u0103ria Sector 4 | Ultima \u0219edin\u021b\u0103 de CL, cu majoritate PSD a avut loc azi\"}]},{\"@type\":\"WebSite\",\"@id\":\"https:\\\/\\\/buletin.de\\\/bucuresti\\\/#website\",\"url\":\"https:\\\/\\\/buletin.de\\\/bucuresti\\\/\",\"name\":\"Buletin de Bucure\u0219ti\",\"description\":\"\u0218tiri \u0219i investiga\u021bii esen\u021biale din capital\u0103\",\"publisher\":{\"@id\":\"https:\\\/\\\/buletin.de\\\/bucuresti\\\/#organization\"},\"potentialAction\":[{\"@type\":\"SearchAction\",\"target\":{\"@type\":\"EntryPoint\",\"urlTemplate\":\"https:\\\/\\\/buletin.de\\\/bucuresti\\\/?s={search_term_string}\"},\"query-input\":{\"@type\":\"PropertyValueSpecification\",\"valueRequired\":true,\"valueName\":\"search_term_string\"}}],\"inLanguage\":\"en-GB\"},{\"@type\":\"Organization\",\"@id\":\"https:\\\/\\\/buletin.de\\\/bucuresti\\\/#organization\",\"name\":\"Buletin de Bucure\u0219ti\",\"url\":\"https:\\\/\\\/buletin.de\\\/bucuresti\\\/\",\"logo\":{\"@type\":\"ImageObject\",\"inLanguage\":\"en-GB\",\"@id\":\"https:\\\/\\\/buletin.de\\\/bucuresti\\\/#\\\/schema\\\/logo\\\/image\\\/\",\"url\":\"https:\\\/\\\/buletin.de\\\/bucuresti\\\/wp-content\\\/uploads\\\/logo-bdb-full-wide-vernil-transparent.png\",\"contentUrl\":\"https:\\\/\\\/buletin.de\\\/bucuresti\\\/wp-content\\\/uploads\\\/logo-bdb-full-wide-vernil-transparent.png\",\"width\":1782,\"height\":626,\"caption\":\"Buletin de Bucure\u0219ti\"},\"image\":{\"@id\":\"https:\\\/\\\/buletin.de\\\/bucuresti\\\/#\\\/schema\\\/logo\\\/image\\\/\"},\"sameAs\":[\"https:\\\/\\\/www.facebook.com\\\/buletin.de.buc\",\"https:\\\/\\\/www.instagram.com\\\/buletinde.bucuresti\\\/\"]},{\"@type\":\"Person\",\"@id\":\"https:\\\/\\\/buletin.de\\\/bucuresti\\\/#\\\/schema\\\/person\\\/d369d7ddc775abece205795e0b804614\",\"name\":\"Teodora Stroe\",\"image\":{\"@type\":\"ImageObject\",\"inLanguage\":\"en-GB\",\"@id\":\"https:\\\/\\\/secure.gravatar.com\\\/avatar\\\/2560b4cd9f5f1bc100b123158e657d75584bd1c3e1d9c69285720b9457c1b78d?s=96&d=monsterid&r=gc104800242ba5f2d78dd5d7dc4df08b6\",\"url\":\"https:\\\/\\\/secure.gravatar.com\\\/avatar\\\/2560b4cd9f5f1bc100b123158e657d75584bd1c3e1d9c69285720b9457c1b78d?s=96&d=monsterid&r=g\",\"contentUrl\":\"https:\\\/\\\/secure.gravatar.com\\\/avatar\\\/2560b4cd9f5f1bc100b123158e657d75584bd1c3e1d9c69285720b9457c1b78d?s=96&d=monsterid&r=g\",\"caption\":\"Teodora Stroe\"},\"url\":\"https:\\\/\\\/buletin.de\\\/bucuresti\\\/author\\\/simonacarlugea\\\/\"}]}<\/script>\n<!-- \/ Yoast SEO Premium plugin. -->","yoast_head_json":{"title":"C\u00e2ntec de leb\u0103d\u0103 de 300 de milioane de lei la Prim\u0103ria Sector 4 | Ultima \u0219edin\u021b\u0103 de CL, cu majoritate PSD a avut loc azi - Buletin de Bucure\u0219ti","robots":{"index":"index","follow":"follow","max-snippet":"max-snippet:-1","max-image-preview":"max-image-preview:large","max-video-preview":"max-video-preview:-1"},"canonical":"https:\/\/buletin.de\/bucuresti\/cantec-de-lebada-de-300-de-milioane-de-lei-la-primaria-sector-4-ultima-sedinta-de-cl-cu-majoritate-psd-a-avut-loc-azi\/","og_locale":"en_GB","og_type":"article","og_title":"C\u00e2ntec de leb\u0103d\u0103 de 300 de milioane de lei la Prim\u0103ria Sector 4 | Ultima \u0219edin\u021b\u0103 de CL, cu majoritate PSD a avut loc azi","og_description":"Primarul reales al Sectorul 4, Daniel B\u0103lu\u021b\u0103 a convocat pe 24 septembrie, o sedin\u021b\u0103 de Consiliu Local pe data de 30 septembrie. Doar c\u0103 pe convocatorul ini\u021bial erau trecute c\u00e2teva hot\u0103r\u0103ri lipsite de importan\u021b\u0103, iar azi \u00een plen s-au discutat investi\u021bii de peste 300 de milioane de lei. Conform datelor preliminare, PSD a pierdut majoritatea [&hellip;]","og_url":"https:\/\/buletin.de\/bucuresti\/cantec-de-lebada-de-300-de-milioane-de-lei-la-primaria-sector-4-ultima-sedinta-de-cl-cu-majoritate-psd-a-avut-loc-azi\/","og_site_name":"Buletin de Bucure\u0219ti","article_publisher":"https:\/\/www.facebook.com\/buletin.de.buc","article_published_time":"2020-09-30T13:18:31+00:00","article_modified_time":"2020-09-30T13:18:32+00:00","og_image":[{"width":1600,"height":1200,"url":"https:\/\/buletin.de\/bucuresti\/wp-content\/uploads\/WhatsApp-Image-2020-09-30-at-15.49.49.jpeg","type":"image\/jpeg"}],"author":"Teodora Stroe","twitter_card":"summary_large_image","twitter_misc":{"Written by":"Teodora Stroe","Estimated reading time":"2 minutes"},"schema":{"@context":"https:\/\/schema.org","@graph":[{"@type":"Article","@id":"https:\/\/buletin.de\/bucuresti\/cantec-de-lebada-de-300-de-milioane-de-lei-la-primaria-sector-4-ultima-sedinta-de-cl-cu-majoritate-psd-a-avut-loc-azi\/#article","isPartOf":{"@id":"https:\/\/buletin.de\/bucuresti\/cantec-de-lebada-de-300-de-milioane-de-lei-la-primaria-sector-4-ultima-sedinta-de-cl-cu-majoritate-psd-a-avut-loc-azi\/"},"author":{"name":"Teodora Stroe","@id":"https:\/\/buletin.de\/bucuresti\/#\/schema\/person\/d369d7ddc775abece205795e0b804614"},"headline":"C\u00e2ntec de leb\u0103d\u0103 de 300 de milioane de lei la Prim\u0103ria Sector 4 | Ultima \u0219edin\u021b\u0103 de CL, cu majoritate PSD a avut loc azi","datePublished":"2020-09-30T13:18:31+00:00","dateModified":"2020-09-30T13:18:32+00:00","mainEntityOfPage":{"@id":"https:\/\/buletin.de\/bucuresti\/cantec-de-lebada-de-300-de-milioane-de-lei-la-primaria-sector-4-ultima-sedinta-de-cl-cu-majoritate-psd-a-avut-loc-azi\/"},"wordCount":337,"publisher":{"@id":"https:\/\/buletin.de\/bucuresti\/#organization"},"image":{"@id":"https:\/\/buletin.de\/bucuresti\/cantec-de-lebada-de-300-de-milioane-de-lei-la-primaria-sector-4-ultima-sedinta-de-cl-cu-majoritate-psd-a-avut-loc-azi\/#primaryimage"},"thumbnailUrl":"https:\/\/buletin.de\/bucuresti\/wp-content\/uploads\/WhatsApp-Image-2020-09-30-at-15.49.49.jpeg","keywords":["daniel baluta","Majoritate","Sector 4","Sedinta Consiliu Local","Simona Spataru"],"articleSection":["Diverse"],"inLanguage":"en-GB","copyrightYear":"2020","copyrightHolder":{"@id":"https:\/\/buletin.de\/bucuresti\/#organization"}},{"@type":"WebPage","@id":"https:\/\/buletin.de\/bucuresti\/cantec-de-lebada-de-300-de-milioane-de-lei-la-primaria-sector-4-ultima-sedinta-de-cl-cu-majoritate-psd-a-avut-loc-azi\/","url":"https:\/\/buletin.de\/bucuresti\/cantec-de-lebada-de-300-de-milioane-de-lei-la-primaria-sector-4-ultima-sedinta-de-cl-cu-majoritate-psd-a-avut-loc-azi\/","name":"C\u00e2ntec de leb\u0103d\u0103 de 300 de milioane de lei la Prim\u0103ria Sector 4 | Ultima \u0219edin\u021b\u0103 de CL, cu majoritate PSD a avut loc azi - Buletin de Bucure\u0219ti","isPartOf":{"@id":"https:\/\/buletin.de\/bucuresti\/#website"},"primaryImageOfPage":{"@id":"https:\/\/buletin.de\/bucuresti\/cantec-de-lebada-de-300-de-milioane-de-lei-la-primaria-sector-4-ultima-sedinta-de-cl-cu-majoritate-psd-a-avut-loc-azi\/#primaryimage"},"image":{"@id":"https:\/\/buletin.de\/bucuresti\/cantec-de-lebada-de-300-de-milioane-de-lei-la-primaria-sector-4-ultima-sedinta-de-cl-cu-majoritate-psd-a-avut-loc-azi\/#primaryimage"},"thumbnailUrl":"https:\/\/buletin.de\/bucuresti\/wp-content\/uploads\/WhatsApp-Image-2020-09-30-at-15.49.49.jpeg","datePublished":"2020-09-30T13:18:31+00:00","dateModified":"2020-09-30T13:18:32+00:00","breadcrumb":{"@id":"https:\/\/buletin.de\/bucuresti\/cantec-de-lebada-de-300-de-milioane-de-lei-la-primaria-sector-4-ultima-sedinta-de-cl-cu-majoritate-psd-a-avut-loc-azi\/#breadcrumb"},"inLanguage":"en-GB","potentialAction":[{"@type":"ReadAction","target":["https:\/\/buletin.de\/bucuresti\/cantec-de-lebada-de-300-de-milioane-de-lei-la-primaria-sector-4-ultima-sedinta-de-cl-cu-majoritate-psd-a-avut-loc-azi\/"]}]},{"@type":"ImageObject","inLanguage":"en-GB","@id":"https:\/\/buletin.de\/bucuresti\/cantec-de-lebada-de-300-de-milioane-de-lei-la-primaria-sector-4-ultima-sedinta-de-cl-cu-majoritate-psd-a-avut-loc-azi\/#primaryimage","url":"https:\/\/buletin.de\/bucuresti\/wp-content\/uploads\/WhatsApp-Image-2020-09-30-at-15.49.49.jpeg","contentUrl":"https:\/\/buletin.de\/bucuresti\/wp-content\/uploads\/WhatsApp-Image-2020-09-30-at-15.49.49.jpeg","width":1600,"height":1200},{"@type":"BreadcrumbList","@id":"https:\/\/buletin.de\/bucuresti\/cantec-de-lebada-de-300-de-milioane-de-lei-la-primaria-sector-4-ultima-sedinta-de-cl-cu-majoritate-psd-a-avut-loc-azi\/#breadcrumb","itemListElement":[{"@type":"ListItem","position":1,"name":"Acas\u0103","item":"https:\/\/buletin.de\/bucuresti\/"},{"@type":"ListItem","position":2,"name":"C\u00e2ntec de leb\u0103d\u0103 de 300 de milioane de lei la Prim\u0103ria Sector 4 | Ultima \u0219edin\u021b\u0103 de CL, cu majoritate PSD a avut loc azi"}]},{"@type":"WebSite","@id":"https:\/\/buletin.de\/bucuresti\/#website","url":"https:\/\/buletin.de\/bucuresti\/","name":"Buletin de Bucure\u0219ti","description":"\u0218tiri \u0219i investiga\u021bii esen\u021biale din capital\u0103","publisher":{"@id":"https:\/\/buletin.de\/bucuresti\/#organization"},"potentialAction":[{"@type":"SearchAction","target":{"@type":"EntryPoint","urlTemplate":"https:\/\/buletin.de\/bucuresti\/?s={search_term_string}"},"query-input":{"@type":"PropertyValueSpecification","valueRequired":true,"valueName":"search_term_string"}}],"inLanguage":"en-GB"},{"@type":"Organization","@id":"https:\/\/buletin.de\/bucuresti\/#organization","name":"Buletin de Bucure\u0219ti","url":"https:\/\/buletin.de\/bucuresti\/","logo":{"@type":"ImageObject","inLanguage":"en-GB","@id":"https:\/\/buletin.de\/bucuresti\/#\/schema\/logo\/image\/","url":"https:\/\/buletin.de\/bucuresti\/wp-content\/uploads\/logo-bdb-full-wide-vernil-transparent.png","contentUrl":"https:\/\/buletin.de\/bucuresti\/wp-content\/uploads\/logo-bdb-full-wide-vernil-transparent.png","width":1782,"height":626,"caption":"Buletin de Bucure\u0219ti"},"image":{"@id":"https:\/\/buletin.de\/bucuresti\/#\/schema\/logo\/image\/"},"sameAs":["https:\/\/www.facebook.com\/buletin.de.buc","https:\/\/www.instagram.com\/buletinde.bucuresti\/"]},{"@type":"Person","@id":"https:\/\/buletin.de\/bucuresti\/#\/schema\/person\/d369d7ddc775abece205795e0b804614","name":"Teodora Stroe","image":{"@type":"ImageObject","inLanguage":"en-GB","@id":"https:\/\/secure.gravatar.com\/avatar\/2560b4cd9f5f1bc100b123158e657d75584bd1c3e1d9c69285720b9457c1b78d?s=96&d=monsterid&r=gc104800242ba5f2d78dd5d7dc4df08b6","url":"https:\/\/secure.gravatar.com\/avatar\/2560b4cd9f5f1bc100b123158e657d75584bd1c3e1d9c69285720b9457c1b78d?s=96&d=monsterid&r=g","contentUrl":"https:\/\/secure.gravatar.com\/avatar\/2560b4cd9f5f1bc100b123158e657d75584bd1c3e1d9c69285720b9457c1b78d?s=96&d=monsterid&r=g","caption":"Teodora Stroe"},"url":"https:\/\/buletin.de\/bucuresti\/author\/simonacarlugea\/"}]}},"authors":[{"term_id":22579,"user_id":18,"is_guest":0,"slug":"simonacarlugea","display_name":"Teodora Stroe","avatar_url":"https:\/\/secure.gravatar.com\/avatar\/2560b4cd9f5f1bc100b123158e657d75584bd1c3e1d9c69285720b9457c1b78d?s=96&d=monsterid&r=g","0":null,"1":"","2":"","3":"","4":"","5":"","6":"","7":"","8":""}],"_links":{"self":[{"href":"https:\/\/buletin.de\/bucuresti\/wp-json\/wp\/v2\/posts\/13115","targetHints":{"allow":["GET"]}}],"collection":[{"href":"https:\/\/buletin.de\/bucuresti\/wp-json\/wp\/v2\/posts"}],"about":[{"href":"https:\/\/buletin.de\/bucuresti\/wp-json\/wp\/v2\/types\/post"}],"author":[{"embeddable":true,"href":"https:\/\/buletin.de\/bucuresti\/wp-json\/wp\/v2\/users\/18"}],"replies":[{"embeddable":true,"href":"https:\/\/buletin.de\/bucuresti\/wp-json\/wp\/v2\/comments?post=13115"}],"version-history":[{"count":4,"href":"https:\/\/buletin.de\/bucuresti\/wp-json\/wp\/v2\/posts\/13115\/revisions"}],"predecessor-version":[{"id":13127,"href":"https:\/\/buletin.de\/bucuresti\/wp-json\/wp\/v2\/posts\/13115\/revisions\/13127"}],"wp:featuredmedia":[{"embeddable":true,"href":"https:\/\/buletin.de\/bucuresti\/wp-json\/wp\/v2\/media\/13126"}],"wp:attachment":[{"href":"https:\/\/buletin.de\/bucuresti\/wp-json\/wp\/v2\/media?parent=13115"}],"wp:term":[{"taxonomy":"category","embeddable":true,"href":"https:\/\/buletin.de\/bucuresti\/wp-json\/wp\/v2\/categories?post=13115"},{"taxonomy":"post_tag","embeddable":true,"href":"https:\/\/buletin.de\/bucuresti\/wp-json\/wp\/v2\/tags?post=13115"},{"taxonomy":"author","embeddable":true,"href":"https:\/\/buletin.de\/bucuresti\/wp-json\/wp\/v2\/ppma_author?post=13115"}],"curies":[{"name":"wp","href":"https:\/\/api.w.org\/{rel}","templated":true}]}}