{"id":130812,"date":"2025-05-19T06:53:21","date_gmt":"2025-05-19T03:53:21","guid":{"rendered":"https:\/\/buletin.de\/bucuresti\/?p=130812"},"modified":"2025-05-19T06:53:21","modified_gmt":"2025-05-19T03:53:21","slug":"incepe-dezinsectia","status":"publish","type":"post","link":"https:\/\/buletin.de\/bucuresti\/incepe-dezinsectia\/","title":{"rendered":"ILFOV | \u00cencepe dezinsec\u021bia \u00een spa\u021biile publice. Tratamente de combatere a \u021b\u00e2n\u021barilor, p\u00e2n\u0103 pe 27 mai"},"content":{"rendered":"\n<p>\u00cencepe dezinsec\u021bia pe spa\u021biile publice, \u00een perioada 19\u201127 mai. Consiliul Jude\u021bean va face tratamente pentru combaterea \u021b\u00e2n\u021barilor adul\u021bi, inclusiv pe spa\u021biile verzi, din interiorul localit\u0103\u021bilor.<\/p>\n\n\n\n<p>Tratamentele se vor desf\u0103\u0219ura \u00een intervalul 22:00\u201105:00.<\/p>\n\n\n\n<h2 class=\"wp-block-heading\" id=\"h-incepe-dezinsec\u021bia-pe-spa\u021biile-publice-programul-tratamentelor\">\u00cencepe dezinsec\u021bia pe spa\u021biile publice. Programul tratamentelor<\/h2>\n\n\n\n<p><strong>Luni, 19 mai<\/strong>: Balote\u0219ti, Ciolpani, Corbeanca, Dasc\u0103lu, Gr\u0103di\u0219tea, Gruiu, Moara-Vl\u0103siei, Nuci, Otopeni, Peri\u0219, Snagov, \u0218tef\u0103ne\u0219tii De Jos, Tunari;<\/p>\n\n\n\n<p><strong>Mar\u021bi, 20 mai<\/strong>: Afuma\u0163i, Berceni, Br\u0103ne\u0219ti, Cernica, 1 Decembrie, Dobroe\u0219ti, G\u0103neasa, Glina, Pantelimon, Petr\u0103chioaia, Pope\u0219ti-Leordeni, Vidra, Voluntari;<\/p>\n\n\n\n<p><strong>Miercuri, 21 mai<\/strong>: Bragadiru, Buftea, Chiajna, Chitila, Ciorog\u00e2rla, Clinceni, Cop\u0103ceni, Cornetu, D\u0103r\u0103\u0219ti, Domne\u0219ti, Dragomire\u0219ti-Vale, Jilava, M\u0103gurele, Mogo\u0219oaia.<\/p>\n\n\n\n<p><strong>CITE\u0218TE \u0218I:<\/strong> <a href=\"https:\/\/buletin.de\/bucuresti\/unde-se-intrerupe-curentul-electric-in-bucuresti-ilfov-si-giurgiu\/\">Unde se \u00eentrerupe curentul electric \u00een Bucure\u0219ti, Ilfov \u0219i Giurgiu<\/a><\/p>\n\n\n\n<div class=\"wp-block-buttons is-content-justification-center is-layout-flex wp-container-core-buttons-is-layout-16018d1d wp-block-buttons-is-layout-flex\">\n<div class=\"wp-block-button has-custom-width wp-block-button__width-100\"><a class=\"wp-block-button__link wp-element-button\" href=\"https:\/\/www.patreon.com\/BuletinDeBucuresti\"><strong>Sus\u021bine Buletin de Bucure\u0219ti pentru investiga\u021bii, reportaje \u0219i \u0219tiri Locale<\/strong><\/a><\/div>\n<\/div>\n\n\n\n<h2 class=\"wp-block-heading\" id=\"h-insecticidul-toxic-pentru-albine\">Insecticidul, toxic pentru albine<\/h2>\n\n\n\n<p>\u00cen cadrul ac\u021biunii se va folosi insecticidul STING. Produsul este avizat de Comisia Na\u021bional\u0103 pentru Produse Biocide \u0219i se va aplica \u00een doz\u0103 de 30 ml\/ha.<\/p>\n\n\n\n<p>Produsul este TOXIC pentru albine, pe\u0219ti \u0219i organisme acvatice. UAT-urile sunt responsabile cu anun\u021barea apicultorilor \u0219i a cet\u0103\u021benilor de pe raza localit\u0103\u021bii cu privire la aplicarea acestor tratamente. Cresc\u0103torii de albine sunt ruga\u021bi ca \u00een perioada efectu\u0103rii serviciilor de dezinsec\u021bie s\u0103 ia toate m\u0103surile pentru protejarea familiilor de albine.<\/p>\n\n\n\n<p>Cet\u0103\u021benii trebuie s\u0103 evite zonele unde se efectueaz\u0103 serviciile de dezinsec\u021bie, s\u0103 nu transporte alimente neambalate\/neacoperite \u00een zona de lucru \u0219i  s\u0103 \u021bin\u0103 ferestrele \u00eenchise.<\/p>\n\n\n\n<p>Consumul de fructe \u0219i legume stropite este interzis timp de 24 de ore. Pescarii trebuie s\u0103 evite contactul cu luciul apei \u0219i s\u0103 nu consume pe\u0219te din lacurile \u0219i r\u00e2urile tratate timp de 5 zile. Dac\u0103 este necesar, se recomand\u0103 sp\u0103larea suprafe\u021belor afectate.<\/p>\n\n\n\n<p>Programul \u201eIlfov f\u0103r\u0103 \u021b\u00e2n\u021bari\u201d, presupune prezenta unui delegat, din partea fiec\u0103rei prim\u0103rii, pentru a asigura desf\u0103\u0219urarea \u00een bune condi\u021bii a ac\u021biunii \u0219i informarea cet\u0103\u021benilor la nivel local.<\/p>\n\n\n\n<p>\u00cen cazul \u00een care condi\u021biile meteorologice nu permit desf\u0103\u0219urarea ac\u021biunii, aceasta va fi reprogramat\u0103 pentru zilele urm\u0103toare favorabile aplic\u0103rii.<\/p>\n\n\n\n<p>Toate informa\u021biile legate de activitate se g\u0103sesc<a href=\"https:\/\/cjilfov.ro\/?fbclid=IwY2xjawKW4lZleHRuA2FlbQIxMABicmlkETBNalljN2dxdEhEcjJrRlFQAR7mtZkiEecvUAV--OYvy6-BfoBYqOKeTu15BqpEf9_U5_oO54zznmOM8oa0iQ_aem_ZOE8P41TvbKoMNwOgMl3YQ\"> AICI.<\/a><\/p>\n\n\n\n<p><strong>CITE\u0218TE \u0218I:<\/strong> <a href=\"https:\/\/buletin.de\/bucuresti\/cartea-electronica-de-identitate-este-disponibila-si-in-ilfov\/\">Cartea Electronic\u0103 de Identitate este disponibil\u0103 \u0219i \u00een Ilfov<\/a><\/p>\n","protected":false},"excerpt":{"rendered":"<p>\u00cencepe dezinsec\u021bia pe spa\u021biile publice, \u00een perioada 19\u201127 mai. Consiliul Jude\u021bean va face tratamente pentru combaterea \u021b\u00e2n\u021barilor adul\u021bi, inclusiv pe spa\u021biile verzi, din interiorul localit\u0103\u021bilor. Tratamentele se vor desf\u0103\u0219ura \u00een intervalul 22:00\u201105:00. \u00cencepe dezinsec\u021bia pe spa\u021biile publice. Programul tratamentelor Luni, 19 mai: Balote\u0219ti, Ciolpani, Corbeanca, Dasc\u0103lu, Gr\u0103di\u0219tea, Gruiu, Moara-Vl\u0103siei, Nuci, Otopeni, Peri\u0219, Snagov, \u0218tef\u0103ne\u0219tii De [&hellip;]<\/p>\n","protected":false},"author":49,"featured_media":126651,"comment_status":"closed","ping_status":"open","sticky":false,"template":"","format":"standard","meta":{"_acf_changed":false,"inline_featured_image":false,"ngg_post_thumbnail":0,"footnotes":""},"categories":[6994,1432,62],"tags":[4359,2516,1405,13114,12792],"ppma_author":[22574],"class_list":["post-130812","post","type-post","status-publish","format-standard","has-post-thumbnail","hentry","category-stiri-2","category-buletin-de-ilfov","category-stiri","tag-balotesti-2","tag-branesti","tag-chitila","tag-cj-ilfoc","tag-tratamente-tantari"],"acf":[],"yoast_head":"<!-- This site is optimized with the Yoast SEO Premium plugin v25.3 (Yoast SEO v27.4) - https:\/\/yoast.com\/product\/yoast-seo-premium-wordpress\/ -->\n<title>ILFOV | \u00cencepe dezinsec\u021bia \u00een spa\u021biile publice. Tratamente de combatere a \u021b\u00e2n\u021barilor, p\u00e2n\u0103 pe 27 mai - Buletin de Bucure\u0219ti<\/title>\n<meta name=\"description\" content=\"\u00cencepe dezinsec\u021bia pe spa\u021biile publice, \u00een perioada 19\u201127 mai. Consiliul Jude\u021bean va face tratamente pentru combaterea \u021b\u00e2n\u021barilor adul\u021bi.\" \/>\n<meta name=\"robots\" content=\"index, follow, max-snippet:-1, max-image-preview:large, max-video-preview:-1\" \/>\n<link rel=\"canonical\" href=\"https:\/\/buletin.de\/bucuresti\/incepe-dezinsectia\/\" \/>\n<meta property=\"og:locale\" content=\"en_GB\" \/>\n<meta property=\"og:type\" content=\"article\" \/>\n<meta property=\"og:title\" content=\"ILFOV | \u00cencepe dezinsec\u021bia \u00een spa\u021biile publice. Tratamente de combatere a \u021b\u00e2n\u021barilor, p\u00e2n\u0103 pe 27 mai\" \/>\n<meta property=\"og:description\" content=\"\u00cencepe dezinsec\u021bia pe spa\u021biile publice, \u00een perioada 19\u201127 mai. Consiliul Jude\u021bean va face tratamente pentru combaterea \u021b\u00e2n\u021barilor adul\u021bi.\" \/>\n<meta property=\"og:url\" content=\"https:\/\/buletin.de\/bucuresti\/incepe-dezinsectia\/\" \/>\n<meta property=\"og:site_name\" content=\"Buletin de Bucure\u0219ti\" \/>\n<meta property=\"article:publisher\" content=\"https:\/\/www.facebook.com\/buletin.de.buc\" \/>\n<meta property=\"article:published_time\" content=\"2025-05-19T03:53:21+00:00\" \/>\n<meta property=\"og:image\" content=\"https:\/\/buletin.de\/bucuresti\/wp-content\/uploads\/2025\/04\/491389708_1084773750347228_4744988320769605124_n.jpg\" \/>\n\t<meta property=\"og:image:width\" content=\"1440\" \/>\n\t<meta property=\"og:image:height\" content=\"960\" \/>\n\t<meta property=\"og:image:type\" content=\"image\/jpeg\" \/>\n<meta name=\"author\" content=\"Diana Matei\" \/>\n<meta name=\"twitter:card\" content=\"summary_large_image\" \/>\n<meta name=\"twitter:label1\" content=\"Written by\" \/>\n\t<meta name=\"twitter:data1\" content=\"Diana Matei\" \/>\n\t<meta name=\"twitter:label2\" content=\"Estimated reading time\" \/>\n\t<meta name=\"twitter:data2\" content=\"2 minutes\" \/>\n<script type=\"application\/ld+json\" class=\"yoast-schema-graph\">{\"@context\":\"https:\\\/\\\/schema.org\",\"@graph\":[{\"@type\":\"Article\",\"@id\":\"https:\\\/\\\/buletin.de\\\/bucuresti\\\/incepe-dezinsectia\\\/#article\",\"isPartOf\":{\"@id\":\"https:\\\/\\\/buletin.de\\\/bucuresti\\\/incepe-dezinsectia\\\/\"},\"author\":{\"name\":\"Diana Matei\",\"@id\":\"https:\\\/\\\/buletin.de\\\/bucuresti\\\/#\\\/schema\\\/person\\\/7e46040573290777280a0835d81ea4ea\"},\"headline\":\"ILFOV | \u00cencepe dezinsec\u021bia \u00een spa\u021biile publice. Tratamente de combatere a \u021b\u00e2n\u021barilor, p\u00e2n\u0103 pe 27 mai\",\"datePublished\":\"2025-05-19T03:53:21+00:00\",\"mainEntityOfPage\":{\"@id\":\"https:\\\/\\\/buletin.de\\\/bucuresti\\\/incepe-dezinsectia\\\/\"},\"wordCount\":407,\"publisher\":{\"@id\":\"https:\\\/\\\/buletin.de\\\/bucuresti\\\/#organization\"},\"image\":{\"@id\":\"https:\\\/\\\/buletin.de\\\/bucuresti\\\/incepe-dezinsectia\\\/#primaryimage\"},\"thumbnailUrl\":\"https:\\\/\\\/buletin.de\\\/bucuresti\\\/wp-content\\\/uploads\\\/2025\\\/04\\\/491389708_1084773750347228_4744988320769605124_n.jpg\",\"keywords\":[\"Balote\u0219ti\",\"Br\u0103ne\u0219ti\",\"chitila\",\"cj ilfoc\",\"Tratamente tantari\"],\"articleSection\":[\"Articole\",\"Buletin de Ilfov\",\"\u0218tiri\"],\"inLanguage\":\"en-GB\",\"copyrightYear\":\"2025\",\"copyrightHolder\":{\"@id\":\"https:\\\/\\\/buletin.de\\\/bucuresti\\\/#organization\"}},{\"@type\":\"WebPage\",\"@id\":\"https:\\\/\\\/buletin.de\\\/bucuresti\\\/incepe-dezinsectia\\\/\",\"url\":\"https:\\\/\\\/buletin.de\\\/bucuresti\\\/incepe-dezinsectia\\\/\",\"name\":\"ILFOV | \u00cencepe dezinsec\u021bia \u00een spa\u021biile publice. Tratamente de combatere a \u021b\u00e2n\u021barilor, p\u00e2n\u0103 pe 27 mai - Buletin de Bucure\u0219ti\",\"isPartOf\":{\"@id\":\"https:\\\/\\\/buletin.de\\\/bucuresti\\\/#website\"},\"primaryImageOfPage\":{\"@id\":\"https:\\\/\\\/buletin.de\\\/bucuresti\\\/incepe-dezinsectia\\\/#primaryimage\"},\"image\":{\"@id\":\"https:\\\/\\\/buletin.de\\\/bucuresti\\\/incepe-dezinsectia\\\/#primaryimage\"},\"thumbnailUrl\":\"https:\\\/\\\/buletin.de\\\/bucuresti\\\/wp-content\\\/uploads\\\/2025\\\/04\\\/491389708_1084773750347228_4744988320769605124_n.jpg\",\"datePublished\":\"2025-05-19T03:53:21+00:00\",\"description\":\"\u00cencepe dezinsec\u021bia pe spa\u021biile publice, \u00een perioada 19\u201127 mai. Consiliul Jude\u021bean va face tratamente pentru combaterea \u021b\u00e2n\u021barilor adul\u021bi.\",\"breadcrumb\":{\"@id\":\"https:\\\/\\\/buletin.de\\\/bucuresti\\\/incepe-dezinsectia\\\/#breadcrumb\"},\"inLanguage\":\"en-GB\",\"potentialAction\":[{\"@type\":\"ReadAction\",\"target\":[\"https:\\\/\\\/buletin.de\\\/bucuresti\\\/incepe-dezinsectia\\\/\"]}]},{\"@type\":\"ImageObject\",\"inLanguage\":\"en-GB\",\"@id\":\"https:\\\/\\\/buletin.de\\\/bucuresti\\\/incepe-dezinsectia\\\/#primaryimage\",\"url\":\"https:\\\/\\\/buletin.de\\\/bucuresti\\\/wp-content\\\/uploads\\\/2025\\\/04\\\/491389708_1084773750347228_4744988320769605124_n.jpg\",\"contentUrl\":\"https:\\\/\\\/buletin.de\\\/bucuresti\\\/wp-content\\\/uploads\\\/2025\\\/04\\\/491389708_1084773750347228_4744988320769605124_n.jpg\",\"width\":1440,\"height\":960,\"caption\":\"Ilfov | \u00cencepe dezinsec\u021bia pe spa\u021biile publice. Tratamente de combatere a \u021b\u00e2n\u021barilor, p\u00e2n\u0103 pe 27 mai. FOTO: Arhiva\"},{\"@type\":\"BreadcrumbList\",\"@id\":\"https:\\\/\\\/buletin.de\\\/bucuresti\\\/incepe-dezinsectia\\\/#breadcrumb\",\"itemListElement\":[{\"@type\":\"ListItem\",\"position\":1,\"name\":\"Acas\u0103\",\"item\":\"https:\\\/\\\/buletin.de\\\/bucuresti\\\/\"},{\"@type\":\"ListItem\",\"position\":2,\"name\":\"ILFOV | \u00cencepe dezinsec\u021bia \u00een spa\u021biile publice. Tratamente de combatere a \u021b\u00e2n\u021barilor, p\u00e2n\u0103 pe 27 mai\"}]},{\"@type\":\"WebSite\",\"@id\":\"https:\\\/\\\/buletin.de\\\/bucuresti\\\/#website\",\"url\":\"https:\\\/\\\/buletin.de\\\/bucuresti\\\/\",\"name\":\"Buletin de Bucure\u0219ti\",\"description\":\"\u0218tiri \u0219i investiga\u021bii esen\u021biale din capital\u0103\",\"publisher\":{\"@id\":\"https:\\\/\\\/buletin.de\\\/bucuresti\\\/#organization\"},\"potentialAction\":[{\"@type\":\"SearchAction\",\"target\":{\"@type\":\"EntryPoint\",\"urlTemplate\":\"https:\\\/\\\/buletin.de\\\/bucuresti\\\/?s={search_term_string}\"},\"query-input\":{\"@type\":\"PropertyValueSpecification\",\"valueRequired\":true,\"valueName\":\"search_term_string\"}}],\"inLanguage\":\"en-GB\"},{\"@type\":\"Organization\",\"@id\":\"https:\\\/\\\/buletin.de\\\/bucuresti\\\/#organization\",\"name\":\"Buletin de Bucure\u0219ti\",\"url\":\"https:\\\/\\\/buletin.de\\\/bucuresti\\\/\",\"logo\":{\"@type\":\"ImageObject\",\"inLanguage\":\"en-GB\",\"@id\":\"https:\\\/\\\/buletin.de\\\/bucuresti\\\/#\\\/schema\\\/logo\\\/image\\\/\",\"url\":\"https:\\\/\\\/buletin.de\\\/bucuresti\\\/wp-content\\\/uploads\\\/logo-bdb-full-wide-vernil-transparent.png\",\"contentUrl\":\"https:\\\/\\\/buletin.de\\\/bucuresti\\\/wp-content\\\/uploads\\\/logo-bdb-full-wide-vernil-transparent.png\",\"width\":1782,\"height\":626,\"caption\":\"Buletin de Bucure\u0219ti\"},\"image\":{\"@id\":\"https:\\\/\\\/buletin.de\\\/bucuresti\\\/#\\\/schema\\\/logo\\\/image\\\/\"},\"sameAs\":[\"https:\\\/\\\/www.facebook.com\\\/buletin.de.buc\",\"https:\\\/\\\/www.instagram.com\\\/buletinde.bucuresti\\\/\"]},{\"@type\":\"Person\",\"@id\":\"https:\\\/\\\/buletin.de\\\/bucuresti\\\/#\\\/schema\\\/person\\\/7e46040573290777280a0835d81ea4ea\",\"name\":\"Diana Matei\",\"image\":{\"@type\":\"ImageObject\",\"inLanguage\":\"en-GB\",\"@id\":\"https:\\\/\\\/buletin.de\\\/bucuresti\\\/wp-content\\\/uploads\\\/9-2-96x96.jpg1e8590b30871d70e62ebcdaf2eff570c\",\"url\":\"https:\\\/\\\/buletin.de\\\/bucuresti\\\/wp-content\\\/uploads\\\/9-2-96x96.jpg\",\"contentUrl\":\"https:\\\/\\\/buletin.de\\\/bucuresti\\\/wp-content\\\/uploads\\\/9-2-96x96.jpg\",\"caption\":\"Diana Matei\"},\"url\":\"https:\\\/\\\/buletin.de\\\/bucuresti\\\/author\\\/dianamatei\\\/\"}]}<\/script>\n<!-- \/ Yoast SEO Premium plugin. -->","yoast_head_json":{"title":"ILFOV | \u00cencepe dezinsec\u021bia \u00een spa\u021biile publice. Tratamente de combatere a \u021b\u00e2n\u021barilor, p\u00e2n\u0103 pe 27 mai - Buletin de Bucure\u0219ti","description":"\u00cencepe dezinsec\u021bia pe spa\u021biile publice, \u00een perioada 19\u201127 mai. Consiliul Jude\u021bean va face tratamente pentru combaterea \u021b\u00e2n\u021barilor adul\u021bi.","robots":{"index":"index","follow":"follow","max-snippet":"max-snippet:-1","max-image-preview":"max-image-preview:large","max-video-preview":"max-video-preview:-1"},"canonical":"https:\/\/buletin.de\/bucuresti\/incepe-dezinsectia\/","og_locale":"en_GB","og_type":"article","og_title":"ILFOV | \u00cencepe dezinsec\u021bia \u00een spa\u021biile publice. Tratamente de combatere a \u021b\u00e2n\u021barilor, p\u00e2n\u0103 pe 27 mai","og_description":"\u00cencepe dezinsec\u021bia pe spa\u021biile publice, \u00een perioada 19\u201127 mai. Consiliul Jude\u021bean va face tratamente pentru combaterea \u021b\u00e2n\u021barilor adul\u021bi.","og_url":"https:\/\/buletin.de\/bucuresti\/incepe-dezinsectia\/","og_site_name":"Buletin de Bucure\u0219ti","article_publisher":"https:\/\/www.facebook.com\/buletin.de.buc","article_published_time":"2025-05-19T03:53:21+00:00","og_image":[{"width":1440,"height":960,"url":"https:\/\/buletin.de\/bucuresti\/wp-content\/uploads\/2025\/04\/491389708_1084773750347228_4744988320769605124_n.jpg","type":"image\/jpeg"}],"author":"Diana Matei","twitter_card":"summary_large_image","twitter_misc":{"Written by":"Diana Matei","Estimated reading time":"2 minutes"},"schema":{"@context":"https:\/\/schema.org","@graph":[{"@type":"Article","@id":"https:\/\/buletin.de\/bucuresti\/incepe-dezinsectia\/#article","isPartOf":{"@id":"https:\/\/buletin.de\/bucuresti\/incepe-dezinsectia\/"},"author":{"name":"Diana Matei","@id":"https:\/\/buletin.de\/bucuresti\/#\/schema\/person\/7e46040573290777280a0835d81ea4ea"},"headline":"ILFOV | \u00cencepe dezinsec\u021bia \u00een spa\u021biile publice. Tratamente de combatere a \u021b\u00e2n\u021barilor, p\u00e2n\u0103 pe 27 mai","datePublished":"2025-05-19T03:53:21+00:00","mainEntityOfPage":{"@id":"https:\/\/buletin.de\/bucuresti\/incepe-dezinsectia\/"},"wordCount":407,"publisher":{"@id":"https:\/\/buletin.de\/bucuresti\/#organization"},"image":{"@id":"https:\/\/buletin.de\/bucuresti\/incepe-dezinsectia\/#primaryimage"},"thumbnailUrl":"https:\/\/buletin.de\/bucuresti\/wp-content\/uploads\/2025\/04\/491389708_1084773750347228_4744988320769605124_n.jpg","keywords":["Balote\u0219ti","Br\u0103ne\u0219ti","chitila","cj ilfoc","Tratamente tantari"],"articleSection":["Articole","Buletin de Ilfov","\u0218tiri"],"inLanguage":"en-GB","copyrightYear":"2025","copyrightHolder":{"@id":"https:\/\/buletin.de\/bucuresti\/#organization"}},{"@type":"WebPage","@id":"https:\/\/buletin.de\/bucuresti\/incepe-dezinsectia\/","url":"https:\/\/buletin.de\/bucuresti\/incepe-dezinsectia\/","name":"ILFOV | \u00cencepe dezinsec\u021bia \u00een spa\u021biile publice. Tratamente de combatere a \u021b\u00e2n\u021barilor, p\u00e2n\u0103 pe 27 mai - Buletin de Bucure\u0219ti","isPartOf":{"@id":"https:\/\/buletin.de\/bucuresti\/#website"},"primaryImageOfPage":{"@id":"https:\/\/buletin.de\/bucuresti\/incepe-dezinsectia\/#primaryimage"},"image":{"@id":"https:\/\/buletin.de\/bucuresti\/incepe-dezinsectia\/#primaryimage"},"thumbnailUrl":"https:\/\/buletin.de\/bucuresti\/wp-content\/uploads\/2025\/04\/491389708_1084773750347228_4744988320769605124_n.jpg","datePublished":"2025-05-19T03:53:21+00:00","description":"\u00cencepe dezinsec\u021bia pe spa\u021biile publice, \u00een perioada 19\u201127 mai. Consiliul Jude\u021bean va face tratamente pentru combaterea \u021b\u00e2n\u021barilor adul\u021bi.","breadcrumb":{"@id":"https:\/\/buletin.de\/bucuresti\/incepe-dezinsectia\/#breadcrumb"},"inLanguage":"en-GB","potentialAction":[{"@type":"ReadAction","target":["https:\/\/buletin.de\/bucuresti\/incepe-dezinsectia\/"]}]},{"@type":"ImageObject","inLanguage":"en-GB","@id":"https:\/\/buletin.de\/bucuresti\/incepe-dezinsectia\/#primaryimage","url":"https:\/\/buletin.de\/bucuresti\/wp-content\/uploads\/2025\/04\/491389708_1084773750347228_4744988320769605124_n.jpg","contentUrl":"https:\/\/buletin.de\/bucuresti\/wp-content\/uploads\/2025\/04\/491389708_1084773750347228_4744988320769605124_n.jpg","width":1440,"height":960,"caption":"Ilfov | \u00cencepe dezinsec\u021bia pe spa\u021biile publice. Tratamente de combatere a \u021b\u00e2n\u021barilor, p\u00e2n\u0103 pe 27 mai. FOTO: Arhiva"},{"@type":"BreadcrumbList","@id":"https:\/\/buletin.de\/bucuresti\/incepe-dezinsectia\/#breadcrumb","itemListElement":[{"@type":"ListItem","position":1,"name":"Acas\u0103","item":"https:\/\/buletin.de\/bucuresti\/"},{"@type":"ListItem","position":2,"name":"ILFOV | \u00cencepe dezinsec\u021bia \u00een spa\u021biile publice. Tratamente de combatere a \u021b\u00e2n\u021barilor, p\u00e2n\u0103 pe 27 mai"}]},{"@type":"WebSite","@id":"https:\/\/buletin.de\/bucuresti\/#website","url":"https:\/\/buletin.de\/bucuresti\/","name":"Buletin de Bucure\u0219ti","description":"\u0218tiri \u0219i investiga\u021bii esen\u021biale din capital\u0103","publisher":{"@id":"https:\/\/buletin.de\/bucuresti\/#organization"},"potentialAction":[{"@type":"SearchAction","target":{"@type":"EntryPoint","urlTemplate":"https:\/\/buletin.de\/bucuresti\/?s={search_term_string}"},"query-input":{"@type":"PropertyValueSpecification","valueRequired":true,"valueName":"search_term_string"}}],"inLanguage":"en-GB"},{"@type":"Organization","@id":"https:\/\/buletin.de\/bucuresti\/#organization","name":"Buletin de Bucure\u0219ti","url":"https:\/\/buletin.de\/bucuresti\/","logo":{"@type":"ImageObject","inLanguage":"en-GB","@id":"https:\/\/buletin.de\/bucuresti\/#\/schema\/logo\/image\/","url":"https:\/\/buletin.de\/bucuresti\/wp-content\/uploads\/logo-bdb-full-wide-vernil-transparent.png","contentUrl":"https:\/\/buletin.de\/bucuresti\/wp-content\/uploads\/logo-bdb-full-wide-vernil-transparent.png","width":1782,"height":626,"caption":"Buletin de Bucure\u0219ti"},"image":{"@id":"https:\/\/buletin.de\/bucuresti\/#\/schema\/logo\/image\/"},"sameAs":["https:\/\/www.facebook.com\/buletin.de.buc","https:\/\/www.instagram.com\/buletinde.bucuresti\/"]},{"@type":"Person","@id":"https:\/\/buletin.de\/bucuresti\/#\/schema\/person\/7e46040573290777280a0835d81ea4ea","name":"Diana Matei","image":{"@type":"ImageObject","inLanguage":"en-GB","@id":"https:\/\/buletin.de\/bucuresti\/wp-content\/uploads\/9-2-96x96.jpg1e8590b30871d70e62ebcdaf2eff570c","url":"https:\/\/buletin.de\/bucuresti\/wp-content\/uploads\/9-2-96x96.jpg","contentUrl":"https:\/\/buletin.de\/bucuresti\/wp-content\/uploads\/9-2-96x96.jpg","caption":"Diana Matei"},"url":"https:\/\/buletin.de\/bucuresti\/author\/dianamatei\/"}]}},"authors":[{"term_id":22574,"user_id":49,"is_guest":0,"slug":"dianamatei","display_name":"Diana Matei","avatar_url":"https:\/\/buletin.de\/bucuresti\/wp-content\/uploads\/9-2-96x96.jpg","0":null,"1":"","2":"","3":"","4":"","5":"","6":"","7":"","8":""}],"_links":{"self":[{"href":"https:\/\/buletin.de\/bucuresti\/wp-json\/wp\/v2\/posts\/130812","targetHints":{"allow":["GET"]}}],"collection":[{"href":"https:\/\/buletin.de\/bucuresti\/wp-json\/wp\/v2\/posts"}],"about":[{"href":"https:\/\/buletin.de\/bucuresti\/wp-json\/wp\/v2\/types\/post"}],"author":[{"embeddable":true,"href":"https:\/\/buletin.de\/bucuresti\/wp-json\/wp\/v2\/users\/49"}],"replies":[{"embeddable":true,"href":"https:\/\/buletin.de\/bucuresti\/wp-json\/wp\/v2\/comments?post=130812"}],"version-history":[{"count":2,"href":"https:\/\/buletin.de\/bucuresti\/wp-json\/wp\/v2\/posts\/130812\/revisions"}],"predecessor-version":[{"id":131012,"href":"https:\/\/buletin.de\/bucuresti\/wp-json\/wp\/v2\/posts\/130812\/revisions\/131012"}],"wp:featuredmedia":[{"embeddable":true,"href":"https:\/\/buletin.de\/bucuresti\/wp-json\/wp\/v2\/media\/126651"}],"wp:attachment":[{"href":"https:\/\/buletin.de\/bucuresti\/wp-json\/wp\/v2\/media?parent=130812"}],"wp:term":[{"taxonomy":"category","embeddable":true,"href":"https:\/\/buletin.de\/bucuresti\/wp-json\/wp\/v2\/categories?post=130812"},{"taxonomy":"post_tag","embeddable":true,"href":"https:\/\/buletin.de\/bucuresti\/wp-json\/wp\/v2\/tags?post=130812"},{"taxonomy":"author","embeddable":true,"href":"https:\/\/buletin.de\/bucuresti\/wp-json\/wp\/v2\/ppma_author?post=130812"}],"curies":[{"name":"wp","href":"https:\/\/api.w.org\/{rel}","templated":true}]}}