{"id":13051,"date":"2020-09-29T18:28:41","date_gmt":"2020-09-29T15:28:41","guid":{"rendered":"https:\/\/buletin.de\/bucuresti\/?p=13051"},"modified":"2020-09-29T18:28:41","modified_gmt":"2020-09-29T15:28:41","slug":"voturile-de-la-sectiile-10-si-166-din-sectorul-1-vor-fi-renumarate-desi-au-fost-introduse-in-sistem","status":"publish","type":"post","link":"https:\/\/buletin.de\/bucuresti\/voturile-de-la-sectiile-10-si-166-din-sectorul-1-vor-fi-renumarate-desi-au-fost-introduse-in-sistem\/","title":{"rendered":"Voturile de la sec\u021biile 10 \u0219i 166 din Sectorul 1 vor fi renum\u0103rate, de\u0219i au fost introduse \u00een sistem"},"content":{"rendered":"\n<figure class=\"wp-block-image size-large\"><img fetchpriority=\"high\" decoding=\"async\" width=\"900\" height=\"600\" src=\"data:image\/gif;base64,R0lGODlhAQABAAAAACH5BAEKAAEALAAAAAABAAEAAAICTAEAOw==\" data-src=\"https:\/\/buletin.de\/bucuresti\/wp-content\/uploads\/jandarm-s1-900x600.png\" alt=\"\" class=\"wp-image-13055 lazyload\" data-sizes=\"auto\" data-srcset=\"https:\/\/buletin.de\/bucuresti\/wp-content\/uploads\/jandarm-s1-900x600.png 900w, https:\/\/buletin.de\/bucuresti\/wp-content\/uploads\/jandarm-s1-300x200.png 300w, https:\/\/buletin.de\/bucuresti\/wp-content\/uploads\/jandarm-s1-768x512.png 768w, https:\/\/buletin.de\/bucuresti\/wp-content\/uploads\/jandarm-s1-1060x707.png 1060w, https:\/\/buletin.de\/bucuresti\/wp-content\/uploads\/jandarm-s1-550x367.png 550w, https:\/\/buletin.de\/bucuresti\/wp-content\/uploads\/jandarm-s1-750x500.png 750w, https:\/\/buletin.de\/bucuresti\/wp-content\/uploads\/jandarm-s1-600x400.png 600w, https:\/\/buletin.de\/bucuresti\/wp-content\/uploads\/jandarm-s1.png 1200w\" sizes=\"(max-width: 900px) 100vw, 900px\" \/><figcaption>Foto: Octav Ganea \/ Inquam Photos &#8211; jandarm la Biroul Electoral al Sectorului 1, 28 septembrie 2020. <br><\/figcaption><\/figure>\n\n\n\n<p><strong>Membrii comisiilor electorale de la sec\u021biile 10 \u0219i 166 din Sectorul 1 din Bucure\u0219ti au fost convoca\u021bi \u00een aceast\u0103 sear\u0103 de Biroul Electoral al Sectorului 1 pentru renum\u0103rarea voturilor. Conform unor surse electorale, la sec\u021bia 10 ar fi mai multe buletine de vot \u00een saci dec\u00e2t num\u0103rul de semn\u0103turi. Pentru sec\u021bia 166, nu avem informa\u021bii despre motivul renum\u0103r\u0103rii. <\/strong><\/p>\n\n\n\n<p>La sec\u021bia 10, Daniel Tudorache a primit 402 voturi, iar Clotide Armand 238, iar la sec\u021bia 166, au fost 319 voturi pentru Tudorache \u0219i 369 pentru Armand. <\/p>\n\n\n\n<p><\/p>\n","protected":false},"excerpt":{"rendered":"<p>Membrii comisiilor electorale de la sec\u021biile 10 \u0219i 166 din Sectorul 1 din Bucure\u0219ti au fost convoca\u021bi \u00een aceast\u0103 sear\u0103 de Biroul Electoral al Sectorului 1 pentru renum\u0103rarea voturilor. Conform unor surse electorale, la sec\u021bia 10 ar fi mai multe buletine de vot \u00een saci dec\u00e2t num\u0103rul de semn\u0103turi. Pentru sec\u021bia 166, nu avem informa\u021bii [&hellip;]<\/p>\n","protected":false},"author":2,"featured_media":13055,"comment_status":"closed","ping_status":"open","sticky":false,"template":"","format":"standard","meta":{"_acf_changed":false,"inline_featured_image":false,"ngg_post_thumbnail":0,"footnotes":""},"categories":[1113],"tags":[308],"ppma_author":[22584],"class_list":["post-13051","post","type-post","status-publish","format-standard","has-post-thumbnail","hentry","category-locale-2020","tag-sector-1"],"acf":[],"yoast_head":"<!-- This site is optimized with the Yoast SEO Premium plugin v25.3 (Yoast SEO v27.4) - https:\/\/yoast.com\/product\/yoast-seo-premium-wordpress\/ -->\n<title>Voturile de la sec\u021biile 10 \u0219i 166 din Sectorul 1 vor fi renum\u0103rate, de\u0219i au fost introduse \u00een sistem - Buletin de Bucure\u0219ti<\/title>\n<meta name=\"robots\" content=\"index, follow, max-snippet:-1, max-image-preview:large, max-video-preview:-1\" \/>\n<link rel=\"canonical\" href=\"https:\/\/buletin.de\/bucuresti\/voturile-de-la-sectiile-10-si-166-din-sectorul-1-vor-fi-renumarate-desi-au-fost-introduse-in-sistem\/\" \/>\n<meta property=\"og:locale\" content=\"en_GB\" \/>\n<meta property=\"og:type\" content=\"article\" \/>\n<meta property=\"og:title\" content=\"Voturile de la sec\u021biile 10 \u0219i 166 din Sectorul 1 vor fi renum\u0103rate, de\u0219i au fost introduse \u00een sistem\" \/>\n<meta property=\"og:description\" content=\"Membrii comisiilor electorale de la sec\u021biile 10 \u0219i 166 din Sectorul 1 din Bucure\u0219ti au fost convoca\u021bi \u00een aceast\u0103 sear\u0103 de Biroul Electoral al Sectorului 1 pentru renum\u0103rarea voturilor. Conform unor surse electorale, la sec\u021bia 10 ar fi mai multe buletine de vot \u00een saci dec\u00e2t num\u0103rul de semn\u0103turi. Pentru sec\u021bia 166, nu avem informa\u021bii [&hellip;]\" \/>\n<meta property=\"og:url\" content=\"https:\/\/buletin.de\/bucuresti\/voturile-de-la-sectiile-10-si-166-din-sectorul-1-vor-fi-renumarate-desi-au-fost-introduse-in-sistem\/\" \/>\n<meta property=\"og:site_name\" content=\"Buletin de Bucure\u0219ti\" \/>\n<meta property=\"article:publisher\" content=\"https:\/\/www.facebook.com\/buletin.de.buc\" \/>\n<meta property=\"article:published_time\" content=\"2020-09-29T15:28:41+00:00\" \/>\n<meta property=\"og:image\" content=\"https:\/\/buletin.de\/bucuresti\/wp-content\/uploads\/jandarm-s1.png\" \/>\n\t<meta property=\"og:image:width\" content=\"1200\" \/>\n\t<meta property=\"og:image:height\" content=\"800\" \/>\n\t<meta property=\"og:image:type\" content=\"image\/png\" \/>\n<meta name=\"author\" content=\"Oana Despa\" \/>\n<meta name=\"twitter:card\" content=\"summary_large_image\" \/>\n<meta name=\"twitter:label1\" content=\"Written by\" \/>\n\t<meta name=\"twitter:data1\" content=\"Oana Despa\" \/>\n\t<meta name=\"twitter:label2\" content=\"Estimated reading time\" \/>\n\t<meta name=\"twitter:data2\" content=\"1 minute\" \/>\n<script type=\"application\/ld+json\" class=\"yoast-schema-graph\">{\"@context\":\"https:\\\/\\\/schema.org\",\"@graph\":[{\"@type\":\"Article\",\"@id\":\"https:\\\/\\\/buletin.de\\\/bucuresti\\\/voturile-de-la-sectiile-10-si-166-din-sectorul-1-vor-fi-renumarate-desi-au-fost-introduse-in-sistem\\\/#article\",\"isPartOf\":{\"@id\":\"https:\\\/\\\/buletin.de\\\/bucuresti\\\/voturile-de-la-sectiile-10-si-166-din-sectorul-1-vor-fi-renumarate-desi-au-fost-introduse-in-sistem\\\/\"},\"author\":{\"name\":\"Oana Despa\",\"@id\":\"https:\\\/\\\/buletin.de\\\/bucuresti\\\/#\\\/schema\\\/person\\\/f02780e5e00039cf0bc1d929798d0239\"},\"headline\":\"Voturile de la sec\u021biile 10 \u0219i 166 din Sectorul 1 vor fi renum\u0103rate, de\u0219i au fost introduse \u00een sistem\",\"datePublished\":\"2020-09-29T15:28:41+00:00\",\"mainEntityOfPage\":{\"@id\":\"https:\\\/\\\/buletin.de\\\/bucuresti\\\/voturile-de-la-sectiile-10-si-166-din-sectorul-1-vor-fi-renumarate-desi-au-fost-introduse-in-sistem\\\/\"},\"wordCount\":119,\"publisher\":{\"@id\":\"https:\\\/\\\/buletin.de\\\/bucuresti\\\/#organization\"},\"image\":{\"@id\":\"https:\\\/\\\/buletin.de\\\/bucuresti\\\/voturile-de-la-sectiile-10-si-166-din-sectorul-1-vor-fi-renumarate-desi-au-fost-introduse-in-sistem\\\/#primaryimage\"},\"thumbnailUrl\":\"https:\\\/\\\/buletin.de\\\/bucuresti\\\/wp-content\\\/uploads\\\/jandarm-s1.png\",\"keywords\":[\"Sector 1\"],\"articleSection\":[\"Locale 2020\"],\"inLanguage\":\"en-GB\",\"copyrightYear\":\"2020\",\"copyrightHolder\":{\"@id\":\"https:\\\/\\\/buletin.de\\\/bucuresti\\\/#organization\"}},{\"@type\":\"WebPage\",\"@id\":\"https:\\\/\\\/buletin.de\\\/bucuresti\\\/voturile-de-la-sectiile-10-si-166-din-sectorul-1-vor-fi-renumarate-desi-au-fost-introduse-in-sistem\\\/\",\"url\":\"https:\\\/\\\/buletin.de\\\/bucuresti\\\/voturile-de-la-sectiile-10-si-166-din-sectorul-1-vor-fi-renumarate-desi-au-fost-introduse-in-sistem\\\/\",\"name\":\"Voturile de la sec\u021biile 10 \u0219i 166 din Sectorul 1 vor fi renum\u0103rate, de\u0219i au fost introduse \u00een sistem - Buletin de Bucure\u0219ti\",\"isPartOf\":{\"@id\":\"https:\\\/\\\/buletin.de\\\/bucuresti\\\/#website\"},\"primaryImageOfPage\":{\"@id\":\"https:\\\/\\\/buletin.de\\\/bucuresti\\\/voturile-de-la-sectiile-10-si-166-din-sectorul-1-vor-fi-renumarate-desi-au-fost-introduse-in-sistem\\\/#primaryimage\"},\"image\":{\"@id\":\"https:\\\/\\\/buletin.de\\\/bucuresti\\\/voturile-de-la-sectiile-10-si-166-din-sectorul-1-vor-fi-renumarate-desi-au-fost-introduse-in-sistem\\\/#primaryimage\"},\"thumbnailUrl\":\"https:\\\/\\\/buletin.de\\\/bucuresti\\\/wp-content\\\/uploads\\\/jandarm-s1.png\",\"datePublished\":\"2020-09-29T15:28:41+00:00\",\"breadcrumb\":{\"@id\":\"https:\\\/\\\/buletin.de\\\/bucuresti\\\/voturile-de-la-sectiile-10-si-166-din-sectorul-1-vor-fi-renumarate-desi-au-fost-introduse-in-sistem\\\/#breadcrumb\"},\"inLanguage\":\"en-GB\",\"potentialAction\":[{\"@type\":\"ReadAction\",\"target\":[\"https:\\\/\\\/buletin.de\\\/bucuresti\\\/voturile-de-la-sectiile-10-si-166-din-sectorul-1-vor-fi-renumarate-desi-au-fost-introduse-in-sistem\\\/\"]}]},{\"@type\":\"ImageObject\",\"inLanguage\":\"en-GB\",\"@id\":\"https:\\\/\\\/buletin.de\\\/bucuresti\\\/voturile-de-la-sectiile-10-si-166-din-sectorul-1-vor-fi-renumarate-desi-au-fost-introduse-in-sistem\\\/#primaryimage\",\"url\":\"https:\\\/\\\/buletin.de\\\/bucuresti\\\/wp-content\\\/uploads\\\/jandarm-s1.png\",\"contentUrl\":\"https:\\\/\\\/buletin.de\\\/bucuresti\\\/wp-content\\\/uploads\\\/jandarm-s1.png\",\"width\":1200,\"height\":800,\"caption\":\"Foto arhiv\u0103, cu rol ilustrativ\"},{\"@type\":\"BreadcrumbList\",\"@id\":\"https:\\\/\\\/buletin.de\\\/bucuresti\\\/voturile-de-la-sectiile-10-si-166-din-sectorul-1-vor-fi-renumarate-desi-au-fost-introduse-in-sistem\\\/#breadcrumb\",\"itemListElement\":[{\"@type\":\"ListItem\",\"position\":1,\"name\":\"Acas\u0103\",\"item\":\"https:\\\/\\\/buletin.de\\\/bucuresti\\\/\"},{\"@type\":\"ListItem\",\"position\":2,\"name\":\"Voturile de la sec\u021biile 10 \u0219i 166 din Sectorul 1 vor fi renum\u0103rate, de\u0219i au fost introduse \u00een sistem\"}]},{\"@type\":\"WebSite\",\"@id\":\"https:\\\/\\\/buletin.de\\\/bucuresti\\\/#website\",\"url\":\"https:\\\/\\\/buletin.de\\\/bucuresti\\\/\",\"name\":\"Buletin de Bucure\u0219ti\",\"description\":\"\u0218tiri \u0219i investiga\u021bii esen\u021biale din capital\u0103\",\"publisher\":{\"@id\":\"https:\\\/\\\/buletin.de\\\/bucuresti\\\/#organization\"},\"potentialAction\":[{\"@type\":\"SearchAction\",\"target\":{\"@type\":\"EntryPoint\",\"urlTemplate\":\"https:\\\/\\\/buletin.de\\\/bucuresti\\\/?s={search_term_string}\"},\"query-input\":{\"@type\":\"PropertyValueSpecification\",\"valueRequired\":true,\"valueName\":\"search_term_string\"}}],\"inLanguage\":\"en-GB\"},{\"@type\":\"Organization\",\"@id\":\"https:\\\/\\\/buletin.de\\\/bucuresti\\\/#organization\",\"name\":\"Buletin de Bucure\u0219ti\",\"url\":\"https:\\\/\\\/buletin.de\\\/bucuresti\\\/\",\"logo\":{\"@type\":\"ImageObject\",\"inLanguage\":\"en-GB\",\"@id\":\"https:\\\/\\\/buletin.de\\\/bucuresti\\\/#\\\/schema\\\/logo\\\/image\\\/\",\"url\":\"https:\\\/\\\/buletin.de\\\/bucuresti\\\/wp-content\\\/uploads\\\/logo-bdb-full-wide-vernil-transparent.png\",\"contentUrl\":\"https:\\\/\\\/buletin.de\\\/bucuresti\\\/wp-content\\\/uploads\\\/logo-bdb-full-wide-vernil-transparent.png\",\"width\":1782,\"height\":626,\"caption\":\"Buletin de Bucure\u0219ti\"},\"image\":{\"@id\":\"https:\\\/\\\/buletin.de\\\/bucuresti\\\/#\\\/schema\\\/logo\\\/image\\\/\"},\"sameAs\":[\"https:\\\/\\\/www.facebook.com\\\/buletin.de.buc\",\"https:\\\/\\\/www.instagram.com\\\/buletinde.bucuresti\\\/\"]},{\"@type\":\"Person\",\"@id\":\"https:\\\/\\\/buletin.de\\\/bucuresti\\\/#\\\/schema\\\/person\\\/f02780e5e00039cf0bc1d929798d0239\",\"name\":\"Oana Despa\",\"image\":{\"@type\":\"ImageObject\",\"inLanguage\":\"en-GB\",\"@id\":\"https:\\\/\\\/secure.gravatar.com\\\/avatar\\\/315d42f2ee19dcce5c47d87713af9f3ec85494d7026ca420f44668b51324357e?s=96&d=monsterid&r=g9679e8786333bebe875735ec1e7b81f0\",\"url\":\"https:\\\/\\\/secure.gravatar.com\\\/avatar\\\/315d42f2ee19dcce5c47d87713af9f3ec85494d7026ca420f44668b51324357e?s=96&d=monsterid&r=g\",\"contentUrl\":\"https:\\\/\\\/secure.gravatar.com\\\/avatar\\\/315d42f2ee19dcce5c47d87713af9f3ec85494d7026ca420f44668b51324357e?s=96&d=monsterid&r=g\",\"caption\":\"Oana Despa\"},\"description\":\"Editor\",\"url\":\"https:\\\/\\\/buletin.de\\\/bucuresti\\\/author\\\/oanadespa\\\/\"}]}<\/script>\n<!-- \/ Yoast SEO Premium plugin. -->","yoast_head_json":{"title":"Voturile de la sec\u021biile 10 \u0219i 166 din Sectorul 1 vor fi renum\u0103rate, de\u0219i au fost introduse \u00een sistem - Buletin de Bucure\u0219ti","robots":{"index":"index","follow":"follow","max-snippet":"max-snippet:-1","max-image-preview":"max-image-preview:large","max-video-preview":"max-video-preview:-1"},"canonical":"https:\/\/buletin.de\/bucuresti\/voturile-de-la-sectiile-10-si-166-din-sectorul-1-vor-fi-renumarate-desi-au-fost-introduse-in-sistem\/","og_locale":"en_GB","og_type":"article","og_title":"Voturile de la sec\u021biile 10 \u0219i 166 din Sectorul 1 vor fi renum\u0103rate, de\u0219i au fost introduse \u00een sistem","og_description":"Membrii comisiilor electorale de la sec\u021biile 10 \u0219i 166 din Sectorul 1 din Bucure\u0219ti au fost convoca\u021bi \u00een aceast\u0103 sear\u0103 de Biroul Electoral al Sectorului 1 pentru renum\u0103rarea voturilor. Conform unor surse electorale, la sec\u021bia 10 ar fi mai multe buletine de vot \u00een saci dec\u00e2t num\u0103rul de semn\u0103turi. Pentru sec\u021bia 166, nu avem informa\u021bii [&hellip;]","og_url":"https:\/\/buletin.de\/bucuresti\/voturile-de-la-sectiile-10-si-166-din-sectorul-1-vor-fi-renumarate-desi-au-fost-introduse-in-sistem\/","og_site_name":"Buletin de Bucure\u0219ti","article_publisher":"https:\/\/www.facebook.com\/buletin.de.buc","article_published_time":"2020-09-29T15:28:41+00:00","og_image":[{"width":1200,"height":800,"url":"https:\/\/buletin.de\/bucuresti\/wp-content\/uploads\/jandarm-s1.png","type":"image\/png"}],"author":"Oana Despa","twitter_card":"summary_large_image","twitter_misc":{"Written by":"Oana Despa","Estimated reading time":"1 minute"},"schema":{"@context":"https:\/\/schema.org","@graph":[{"@type":"Article","@id":"https:\/\/buletin.de\/bucuresti\/voturile-de-la-sectiile-10-si-166-din-sectorul-1-vor-fi-renumarate-desi-au-fost-introduse-in-sistem\/#article","isPartOf":{"@id":"https:\/\/buletin.de\/bucuresti\/voturile-de-la-sectiile-10-si-166-din-sectorul-1-vor-fi-renumarate-desi-au-fost-introduse-in-sistem\/"},"author":{"name":"Oana Despa","@id":"https:\/\/buletin.de\/bucuresti\/#\/schema\/person\/f02780e5e00039cf0bc1d929798d0239"},"headline":"Voturile de la sec\u021biile 10 \u0219i 166 din Sectorul 1 vor fi renum\u0103rate, de\u0219i au fost introduse \u00een sistem","datePublished":"2020-09-29T15:28:41+00:00","mainEntityOfPage":{"@id":"https:\/\/buletin.de\/bucuresti\/voturile-de-la-sectiile-10-si-166-din-sectorul-1-vor-fi-renumarate-desi-au-fost-introduse-in-sistem\/"},"wordCount":119,"publisher":{"@id":"https:\/\/buletin.de\/bucuresti\/#organization"},"image":{"@id":"https:\/\/buletin.de\/bucuresti\/voturile-de-la-sectiile-10-si-166-din-sectorul-1-vor-fi-renumarate-desi-au-fost-introduse-in-sistem\/#primaryimage"},"thumbnailUrl":"https:\/\/buletin.de\/bucuresti\/wp-content\/uploads\/jandarm-s1.png","keywords":["Sector 1"],"articleSection":["Locale 2020"],"inLanguage":"en-GB","copyrightYear":"2020","copyrightHolder":{"@id":"https:\/\/buletin.de\/bucuresti\/#organization"}},{"@type":"WebPage","@id":"https:\/\/buletin.de\/bucuresti\/voturile-de-la-sectiile-10-si-166-din-sectorul-1-vor-fi-renumarate-desi-au-fost-introduse-in-sistem\/","url":"https:\/\/buletin.de\/bucuresti\/voturile-de-la-sectiile-10-si-166-din-sectorul-1-vor-fi-renumarate-desi-au-fost-introduse-in-sistem\/","name":"Voturile de la sec\u021biile 10 \u0219i 166 din Sectorul 1 vor fi renum\u0103rate, de\u0219i au fost introduse \u00een sistem - Buletin de Bucure\u0219ti","isPartOf":{"@id":"https:\/\/buletin.de\/bucuresti\/#website"},"primaryImageOfPage":{"@id":"https:\/\/buletin.de\/bucuresti\/voturile-de-la-sectiile-10-si-166-din-sectorul-1-vor-fi-renumarate-desi-au-fost-introduse-in-sistem\/#primaryimage"},"image":{"@id":"https:\/\/buletin.de\/bucuresti\/voturile-de-la-sectiile-10-si-166-din-sectorul-1-vor-fi-renumarate-desi-au-fost-introduse-in-sistem\/#primaryimage"},"thumbnailUrl":"https:\/\/buletin.de\/bucuresti\/wp-content\/uploads\/jandarm-s1.png","datePublished":"2020-09-29T15:28:41+00:00","breadcrumb":{"@id":"https:\/\/buletin.de\/bucuresti\/voturile-de-la-sectiile-10-si-166-din-sectorul-1-vor-fi-renumarate-desi-au-fost-introduse-in-sistem\/#breadcrumb"},"inLanguage":"en-GB","potentialAction":[{"@type":"ReadAction","target":["https:\/\/buletin.de\/bucuresti\/voturile-de-la-sectiile-10-si-166-din-sectorul-1-vor-fi-renumarate-desi-au-fost-introduse-in-sistem\/"]}]},{"@type":"ImageObject","inLanguage":"en-GB","@id":"https:\/\/buletin.de\/bucuresti\/voturile-de-la-sectiile-10-si-166-din-sectorul-1-vor-fi-renumarate-desi-au-fost-introduse-in-sistem\/#primaryimage","url":"https:\/\/buletin.de\/bucuresti\/wp-content\/uploads\/jandarm-s1.png","contentUrl":"https:\/\/buletin.de\/bucuresti\/wp-content\/uploads\/jandarm-s1.png","width":1200,"height":800,"caption":"Foto arhiv\u0103, cu rol ilustrativ"},{"@type":"BreadcrumbList","@id":"https:\/\/buletin.de\/bucuresti\/voturile-de-la-sectiile-10-si-166-din-sectorul-1-vor-fi-renumarate-desi-au-fost-introduse-in-sistem\/#breadcrumb","itemListElement":[{"@type":"ListItem","position":1,"name":"Acas\u0103","item":"https:\/\/buletin.de\/bucuresti\/"},{"@type":"ListItem","position":2,"name":"Voturile de la sec\u021biile 10 \u0219i 166 din Sectorul 1 vor fi renum\u0103rate, de\u0219i au fost introduse \u00een sistem"}]},{"@type":"WebSite","@id":"https:\/\/buletin.de\/bucuresti\/#website","url":"https:\/\/buletin.de\/bucuresti\/","name":"Buletin de Bucure\u0219ti","description":"\u0218tiri \u0219i investiga\u021bii esen\u021biale din capital\u0103","publisher":{"@id":"https:\/\/buletin.de\/bucuresti\/#organization"},"potentialAction":[{"@type":"SearchAction","target":{"@type":"EntryPoint","urlTemplate":"https:\/\/buletin.de\/bucuresti\/?s={search_term_string}"},"query-input":{"@type":"PropertyValueSpecification","valueRequired":true,"valueName":"search_term_string"}}],"inLanguage":"en-GB"},{"@type":"Organization","@id":"https:\/\/buletin.de\/bucuresti\/#organization","name":"Buletin de Bucure\u0219ti","url":"https:\/\/buletin.de\/bucuresti\/","logo":{"@type":"ImageObject","inLanguage":"en-GB","@id":"https:\/\/buletin.de\/bucuresti\/#\/schema\/logo\/image\/","url":"https:\/\/buletin.de\/bucuresti\/wp-content\/uploads\/logo-bdb-full-wide-vernil-transparent.png","contentUrl":"https:\/\/buletin.de\/bucuresti\/wp-content\/uploads\/logo-bdb-full-wide-vernil-transparent.png","width":1782,"height":626,"caption":"Buletin de Bucure\u0219ti"},"image":{"@id":"https:\/\/buletin.de\/bucuresti\/#\/schema\/logo\/image\/"},"sameAs":["https:\/\/www.facebook.com\/buletin.de.buc","https:\/\/www.instagram.com\/buletinde.bucuresti\/"]},{"@type":"Person","@id":"https:\/\/buletin.de\/bucuresti\/#\/schema\/person\/f02780e5e00039cf0bc1d929798d0239","name":"Oana Despa","image":{"@type":"ImageObject","inLanguage":"en-GB","@id":"https:\/\/secure.gravatar.com\/avatar\/315d42f2ee19dcce5c47d87713af9f3ec85494d7026ca420f44668b51324357e?s=96&d=monsterid&r=g9679e8786333bebe875735ec1e7b81f0","url":"https:\/\/secure.gravatar.com\/avatar\/315d42f2ee19dcce5c47d87713af9f3ec85494d7026ca420f44668b51324357e?s=96&d=monsterid&r=g","contentUrl":"https:\/\/secure.gravatar.com\/avatar\/315d42f2ee19dcce5c47d87713af9f3ec85494d7026ca420f44668b51324357e?s=96&d=monsterid&r=g","caption":"Oana Despa"},"description":"Editor","url":"https:\/\/buletin.de\/bucuresti\/author\/oanadespa\/"}]}},"authors":[{"term_id":22584,"user_id":2,"is_guest":0,"slug":"oanadespa","display_name":"Oana Despa","avatar_url":"https:\/\/secure.gravatar.com\/avatar\/315d42f2ee19dcce5c47d87713af9f3ec85494d7026ca420f44668b51324357e?s=96&d=monsterid&r=g","0":null,"1":"","2":"","3":"","4":"","5":"","6":"","7":"","8":""}],"_links":{"self":[{"href":"https:\/\/buletin.de\/bucuresti\/wp-json\/wp\/v2\/posts\/13051","targetHints":{"allow":["GET"]}}],"collection":[{"href":"https:\/\/buletin.de\/bucuresti\/wp-json\/wp\/v2\/posts"}],"about":[{"href":"https:\/\/buletin.de\/bucuresti\/wp-json\/wp\/v2\/types\/post"}],"author":[{"embeddable":true,"href":"https:\/\/buletin.de\/bucuresti\/wp-json\/wp\/v2\/users\/2"}],"replies":[{"embeddable":true,"href":"https:\/\/buletin.de\/bucuresti\/wp-json\/wp\/v2\/comments?post=13051"}],"version-history":[{"count":3,"href":"https:\/\/buletin.de\/bucuresti\/wp-json\/wp\/v2\/posts\/13051\/revisions"}],"predecessor-version":[{"id":13056,"href":"https:\/\/buletin.de\/bucuresti\/wp-json\/wp\/v2\/posts\/13051\/revisions\/13056"}],"wp:featuredmedia":[{"embeddable":true,"href":"https:\/\/buletin.de\/bucuresti\/wp-json\/wp\/v2\/media\/13055"}],"wp:attachment":[{"href":"https:\/\/buletin.de\/bucuresti\/wp-json\/wp\/v2\/media?parent=13051"}],"wp:term":[{"taxonomy":"category","embeddable":true,"href":"https:\/\/buletin.de\/bucuresti\/wp-json\/wp\/v2\/categories?post=13051"},{"taxonomy":"post_tag","embeddable":true,"href":"https:\/\/buletin.de\/bucuresti\/wp-json\/wp\/v2\/tags?post=13051"},{"taxonomy":"author","embeddable":true,"href":"https:\/\/buletin.de\/bucuresti\/wp-json\/wp\/v2\/ppma_author?post=13051"}],"curies":[{"name":"wp","href":"https:\/\/api.w.org\/{rel}","templated":true}]}}