{"id":1302,"date":"2019-09-21T19:43:30","date_gmt":"2019-09-21T16:43:30","guid":{"rendered":"https:\/\/buletin.de\/bucuresti\/?p=1302"},"modified":"2025-02-25T11:18:15","modified_gmt":"2025-02-25T08:18:15","slug":"lacul-morii-agrement-in-dorul-lelii","status":"publish","type":"post","link":"https:\/\/buletin.de\/bucuresti\/lacul-morii-agrement-in-dorul-lelii\/","title":{"rendered":"Lacul Morii, agrement \u00een dorul lelii"},"content":{"rendered":"\n<p>Pe bucata de dig dinspre Insula \u00cengerilor abia dac\u0103 trece, din c\u00e2nd \u00een c\u00e2nd, c\u00e2te cineva. E destul de departe de cartier \u015fi nu mul\u0163i se aventureaz\u0103 \u00een partea semis\u0103lbatic\u0103. Rar, m\u0103c\u0103nitul ra\u0163elor care \u015fi-au f\u0103cut aici cas\u0103 temporar\u0103, e spart de vocea vreunui om. \u015ei nimeni nu se a\u015ftepta c\u0103 vor schimba ordinea asta a firii cei doi so\u0163i tineri, c\u0103lare pe biciclet\u0103 care tocmai trec pe acolo.&nbsp;<\/p>\n\n\n\n<p><em>\u201cM\u0103, tu mai ai copil, m\u0103? I-ai spus s\u0103 bage vitez\u0103 c\u00e2t vrea el \u015fi acum unde e? Degeaba e\u015fti mare, c\u0103 nu te duce capul. Cretinule!\u201d<\/em><\/p>\n\n\n<div class=\"wp-block-image\">\n<figure class=\"aligncenter\"><img fetchpriority=\"high\" decoding=\"async\" width=\"900\" height=\"675\" src=\"data:image\/gif;base64,R0lGODlhAQABAAAAACH5BAEKAAEALAAAAAABAAEAAAICTAEAOw==\" data-src=\"https:\/\/buletin.de\/bucuresti\/wp-content\/uploads\/WhatsApp-Image-2019-09-20-at-10.48.14-900x675.jpg\" alt=\"\" class=\"wp-image-1309 lazyload\" data-sizes=\"auto\" data-srcset=\"https:\/\/buletin.de\/bucuresti\/wp-content\/uploads\/WhatsApp-Image-2019-09-20-at-10.48.14-900x675.jpg 900w, https:\/\/buletin.de\/bucuresti\/wp-content\/uploads\/WhatsApp-Image-2019-09-20-at-10.48.14-600x450.jpg 600w, https:\/\/buletin.de\/bucuresti\/wp-content\/uploads\/WhatsApp-Image-2019-09-20-at-10.48.14-300x225.jpg 300w, https:\/\/buletin.de\/bucuresti\/wp-content\/uploads\/WhatsApp-Image-2019-09-20-at-10.48.14-768x576.jpg 768w, https:\/\/buletin.de\/bucuresti\/wp-content\/uploads\/WhatsApp-Image-2019-09-20-at-10.48.14-1060x795.jpg 1060w, https:\/\/buletin.de\/bucuresti\/wp-content\/uploads\/WhatsApp-Image-2019-09-20-at-10.48.14-550x413.jpg 550w, https:\/\/buletin.de\/bucuresti\/wp-content\/uploads\/WhatsApp-Image-2019-09-20-at-10.48.14-667x500.jpg 667w, https:\/\/buletin.de\/bucuresti\/wp-content\/uploads\/WhatsApp-Image-2019-09-20-at-10.48.14-1440x1080.jpg 1440w, https:\/\/buletin.de\/bucuresti\/wp-content\/uploads\/WhatsApp-Image-2019-09-20-at-10.48.14.jpg 1600w\" sizes=\"(max-width: 900px) 100vw, 900px\" \/><\/figure>\n<\/div>\n\n\n<p>So\u0163ii, b\u0103iatul lor \u015ftrengar \u015fi alte sute de oameni ar putea s\u0103 se distreze pe Lacul Morii, dar nu o fac pentru c\u0103 locul e un fel de <em>no man\u2019s land<\/em>.\u00a0<\/p>\n\n\n\n<figure class=\"wp-block-image\"><img decoding=\"async\" width=\"900\" height=\"675\" src=\"data:image\/gif;base64,R0lGODlhAQABAAAAACH5BAEKAAEALAAAAAABAAEAAAICTAEAOw==\" data-src=\"https:\/\/buletin.de\/bucuresti\/wp-content\/uploads\/coloane-insula-900x675.jpg\" alt=\"\" class=\"wp-image-1319 lazyload\" data-sizes=\"auto\" data-srcset=\"https:\/\/buletin.de\/bucuresti\/wp-content\/uploads\/coloane-insula-900x675.jpg 900w, https:\/\/buletin.de\/bucuresti\/wp-content\/uploads\/coloane-insula-600x450.jpg 600w, https:\/\/buletin.de\/bucuresti\/wp-content\/uploads\/coloane-insula-300x225.jpg 300w, https:\/\/buletin.de\/bucuresti\/wp-content\/uploads\/coloane-insula-768x576.jpg 768w, https:\/\/buletin.de\/bucuresti\/wp-content\/uploads\/coloane-insula-1060x795.jpg 1060w, https:\/\/buletin.de\/bucuresti\/wp-content\/uploads\/coloane-insula-550x413.jpg 550w, https:\/\/buletin.de\/bucuresti\/wp-content\/uploads\/coloane-insula-667x500.jpg 667w, https:\/\/buletin.de\/bucuresti\/wp-content\/uploads\/coloane-insula-1440x1080.jpg 1440w, https:\/\/buletin.de\/bucuresti\/wp-content\/uploads\/coloane-insula.jpg 1600w\" sizes=\"(max-width: 900px) 100vw, 900px\" \/><\/figure>\n\n\n\n<figure class=\"wp-block-image\"><img decoding=\"async\" width=\"900\" height=\"675\" src=\"data:image\/gif;base64,R0lGODlhAQABAAAAACH5BAEKAAEALAAAAAABAAEAAAICTAEAOw==\" data-src=\"https:\/\/buletin.de\/bucuresti\/wp-content\/uploads\/coloane-insula-2-900x675.jpg\" alt=\"\" class=\"wp-image-1320 lazyload\" data-sizes=\"auto\" data-srcset=\"https:\/\/buletin.de\/bucuresti\/wp-content\/uploads\/coloane-insula-2-900x675.jpg 900w, https:\/\/buletin.de\/bucuresti\/wp-content\/uploads\/coloane-insula-2-600x450.jpg 600w, https:\/\/buletin.de\/bucuresti\/wp-content\/uploads\/coloane-insula-2-300x225.jpg 300w, https:\/\/buletin.de\/bucuresti\/wp-content\/uploads\/coloane-insula-2-768x576.jpg 768w, https:\/\/buletin.de\/bucuresti\/wp-content\/uploads\/coloane-insula-2-1060x795.jpg 1060w, https:\/\/buletin.de\/bucuresti\/wp-content\/uploads\/coloane-insula-2-550x413.jpg 550w, https:\/\/buletin.de\/bucuresti\/wp-content\/uploads\/coloane-insula-2-667x500.jpg 667w, https:\/\/buletin.de\/bucuresti\/wp-content\/uploads\/coloane-insula-2-1440x1080.jpg 1440w, https:\/\/buletin.de\/bucuresti\/wp-content\/uploads\/coloane-insula-2.jpg 1600w\" sizes=\"(max-width: 900px) 100vw, 900px\" \/><\/figure>\n\n\n\n<figure class=\"wp-block-image\"><img loading=\"lazy\" decoding=\"async\" width=\"900\" height=\"675\" src=\"data:image\/gif;base64,R0lGODlhAQABAAAAACH5BAEKAAEALAAAAAABAAEAAAICTAEAOw==\" data-src=\"https:\/\/buletin.de\/bucuresti\/wp-content\/uploads\/foisor-insula-2-900x675.jpg\" alt=\"\" class=\"wp-image-1318 lazyload\" data-sizes=\"auto\" data-srcset=\"https:\/\/buletin.de\/bucuresti\/wp-content\/uploads\/foisor-insula-2-900x675.jpg 900w, https:\/\/buletin.de\/bucuresti\/wp-content\/uploads\/foisor-insula-2-600x450.jpg 600w, https:\/\/buletin.de\/bucuresti\/wp-content\/uploads\/foisor-insula-2-300x225.jpg 300w, https:\/\/buletin.de\/bucuresti\/wp-content\/uploads\/foisor-insula-2-768x576.jpg 768w, https:\/\/buletin.de\/bucuresti\/wp-content\/uploads\/foisor-insula-2-1060x795.jpg 1060w, https:\/\/buletin.de\/bucuresti\/wp-content\/uploads\/foisor-insula-2-550x413.jpg 550w, https:\/\/buletin.de\/bucuresti\/wp-content\/uploads\/foisor-insula-2-667x500.jpg 667w, https:\/\/buletin.de\/bucuresti\/wp-content\/uploads\/foisor-insula-2-1440x1080.jpg 1440w, https:\/\/buletin.de\/bucuresti\/wp-content\/uploads\/foisor-insula-2.jpg 1600w\" sizes=\"(max-width: 900px) 100vw, 900px\" \/><\/figure>\n\n\n\n<p>A\u015fa c\u0103 cei mai mul\u0163i nu merg mai departe de zona din dreptul primelor blocuri din Cr\u00e2nga\u015fi.&nbsp;<\/p>\n\n\n\n<p>De cum urci la Ciurel pe digul care \u00eemprejmuie\u0219te Lacul Morii, te love\u0219te imaginea pestri\u021b\u0103 a oamenilor care mi\u0219un\u0103 de colo-colo \u00een acest Turn Babel al activit\u0103\u021bilor \u00een aer liber. La prima vedere n-ai zice c\u0103 poate s\u0103 fie at\u00e2ta culoare care s\u0103 contrasteze cu griul posomor\u00e2t al pl\u0103cilor de beton. Apoi, filmul se deruleaz\u0103 cumva firesc. Primul personaj: un chinez asudat tot, care face jogging \u00eentr-un costum negru cu verde fosforescent. Dup\u0103 ce trece g\u00e2f\u00e2ind, vezi un pescar b\u0103tr\u00e2n care, \u00een chilo\u021bii lui bleumarin, nest\u00e2njenit de nimeni \u0219i nimic, \u00ee\u0219i \u021bine undi\u021ba sprijinit\u0103 cumva \u00eentre bra\u021b \u0219i burtoiul imens, cu g\u00e2ndul doar la captura cea mare. Completeaz\u0103 tabloul cuplurile de \u00eendr\u0103gosti\u021bi care se plimb\u0103 bra\u021b la bra\u021b, cocalarii care stau pe banc\u0103 \u0219i scuip\u0103 semin\u021be, mo\u0219negii care au ie\u0219it la aer \u0219i babele care \u0219i-au \u00eentins p\u0103tura pe dale, s\u0103 prind\u0103 ultimele ultraviolete. Regele inadecv\u0103rii e unul cam la 60 de ani care st\u0103 pe banc\u0103 cu maioul suflecat p\u00e2n\u0103 la g\u00e2t \u0219i pantalonii \u00een vine. To\u021bi care trec se uit\u0103 amuza\u021bi la el \u0219i el se uit\u0103 ur\u00e2t la to\u021bi care trec. Circ!&nbsp;<\/p>\n\n\n\n<p>Dincolo de kitsch-ul \u00eentregii imagini, e clar &#8211; oamenii vor s\u0103 ias\u0103 undeva s\u0103 ia aer. Iar celor din Cr\u00e2nga\u0219i, dac\u0103 la\u0219i parcul deoparte, le e cel mai la \u00eendem\u00e2n\u0103 s\u0103 vin\u0103 aici. \u00cens\u0103 aerul cu siguran\u021b\u0103 nu e cel pe care \u0219i-l doresc. La doi pa\u0219i, pe \u0219osea\u2026 noxe. Mai mergi 300 de metri pe dig, miroase a ap\u0103 st\u0103tut\u0103. \u00cenc\u0103 jum\u0103tate de kilometru \u0219i \u00ee\u021bi invadeaz\u0103 n\u0103rile mirosul greu de hoit. P\u00e2n\u0103 ajungi la insul\u0103, mai dai \u0219i de baleg\u0103, \u0219i de gunoaie nestr\u00e2nse de luni bune.<\/p>\n\n\n\n<figure class=\"wp-block-image\"><img loading=\"lazy\" decoding=\"async\" width=\"900\" height=\"675\" src=\"data:image\/gif;base64,R0lGODlhAQABAAAAACH5BAEKAAEALAAAAAABAAEAAAICTAEAOw==\" data-src=\"https:\/\/buletin.de\/bucuresti\/wp-content\/uploads\/balega-la-intrarea-pe-insula-900x675.jpeg\" alt=\"\" class=\"wp-image-1322 lazyload\" data-sizes=\"auto\" data-srcset=\"https:\/\/buletin.de\/bucuresti\/wp-content\/uploads\/balega-la-intrarea-pe-insula-900x675.jpeg 900w, https:\/\/buletin.de\/bucuresti\/wp-content\/uploads\/balega-la-intrarea-pe-insula-600x450.jpeg 600w, https:\/\/buletin.de\/bucuresti\/wp-content\/uploads\/balega-la-intrarea-pe-insula-300x225.jpeg 300w, https:\/\/buletin.de\/bucuresti\/wp-content\/uploads\/balega-la-intrarea-pe-insula-768x576.jpeg 768w, https:\/\/buletin.de\/bucuresti\/wp-content\/uploads\/balega-la-intrarea-pe-insula-1060x795.jpeg 1060w, https:\/\/buletin.de\/bucuresti\/wp-content\/uploads\/balega-la-intrarea-pe-insula-550x413.jpeg 550w, https:\/\/buletin.de\/bucuresti\/wp-content\/uploads\/balega-la-intrarea-pe-insula-667x500.jpeg 667w, https:\/\/buletin.de\/bucuresti\/wp-content\/uploads\/balega-la-intrarea-pe-insula-1440x1080.jpeg 1440w, https:\/\/buletin.de\/bucuresti\/wp-content\/uploads\/balega-la-intrarea-pe-insula.jpeg 1600w\" sizes=\"(max-width: 900px) 100vw, 900px\" \/><\/figure>\n\n\n\n<figure class=\"wp-block-image\"><img loading=\"lazy\" decoding=\"async\" width=\"900\" height=\"675\" src=\"data:image\/gif;base64,R0lGODlhAQABAAAAACH5BAEKAAEALAAAAAABAAEAAAICTAEAOw==\" data-src=\"https:\/\/buletin.de\/bucuresti\/wp-content\/uploads\/gunoaie-insula-900x675.jpeg\" alt=\"\" class=\"wp-image-1321 lazyload\" data-sizes=\"auto\" data-srcset=\"https:\/\/buletin.de\/bucuresti\/wp-content\/uploads\/gunoaie-insula-900x675.jpeg 900w, https:\/\/buletin.de\/bucuresti\/wp-content\/uploads\/gunoaie-insula-600x450.jpeg 600w, https:\/\/buletin.de\/bucuresti\/wp-content\/uploads\/gunoaie-insula-300x225.jpeg 300w, https:\/\/buletin.de\/bucuresti\/wp-content\/uploads\/gunoaie-insula-768x576.jpeg 768w, https:\/\/buletin.de\/bucuresti\/wp-content\/uploads\/gunoaie-insula-1060x795.jpeg 1060w, https:\/\/buletin.de\/bucuresti\/wp-content\/uploads\/gunoaie-insula-550x413.jpeg 550w, https:\/\/buletin.de\/bucuresti\/wp-content\/uploads\/gunoaie-insula-667x500.jpeg 667w, https:\/\/buletin.de\/bucuresti\/wp-content\/uploads\/gunoaie-insula-1440x1080.jpeg 1440w, https:\/\/buletin.de\/bucuresti\/wp-content\/uploads\/gunoaie-insula.jpeg 1600w\" sizes=\"(max-width: 900px) 100vw, 900px\" \/><\/figure>\n\n\n\n<h2 class=\"wp-block-heading\" id=\"h-trecut-sumbru-prezent-in-paragina\">Trecut sumbru, prezent \u00een paragin\u0103&#8230;<\/h2>\n\n\n\n<blockquote class=\"wp-block-quote is-layout-flow wp-block-quote-is-layout-flow\">\n<p><em>\u201cPentru ca aceast\u0103 oglind\u0103 de ap\u0103 s\u0103 str\u0103luceasc\u0103 limpede \u0219i curat\u0103\u2026\u201d<\/em><\/p>\n<\/blockquote>\n\n\n\n<p>A\u0219a \u00eencepe mesajul de pe placa memorial\u0103 montat\u0103 pe st\u0103vilarul Ciurel. \u00cen perioada optzecist\u0103, poate c\u0103 aceste cuvinte umpleau inima de m\u00e2ndrie celor care au trudit s\u0103 ridice barajul \u0219i mai cu seam\u0103 celor de la Partid, care culegeau laurii de pe urma muncii primilor. \u00cens\u0103, ast\u0103zi, cuvintele s\u0103pate \u00een placa de marmur\u0103 nu \u00ee\u021bi st\u00e2rnesc mai mult de un pufnit scurt din nas.&nbsp;<\/p>\n\n\n\n<p>Cei aproape 15 milioane de metri cubi de ap\u0103 \u00een niciun caz nu str\u0103lucesc limpede, iar apa str\u00e2ns\u0103 \u00een c\u0103ldarea \u00eentins\u0103 pe mai bine de 2 kilometri p\u0103tra\u021bi numai curat\u0103 nu e: pe fundul lacului sunt gunoaie de tot felul \u0219i st\u00e2rvuri demult putrezite. Poli\u021bia a g\u0103sit acolo inclusiv carcasele unor ma\u0219ini folosite \u00een trecut la jafuri sau crime, seifuri sparte \u0219i aruncate de ho\u021bii care s-au descotorosit astfel de probe, dar \u0219i cadavrele unora care au c\u0103zut victim\u0103 regl\u0103rilor de conturi din lumea interlop\u0103.<\/p>\n\n\n\n<p>Moartea, de altfel, e laitmotivul zonei &#8211; locuitorii pu\u0219i pe glume morbide mai adaug\u0103 un \u021a \u00een denumirea Lacului Morii. Legenda neagr\u0103 \u00eencepe \u00een \u201885. Ca s\u0103 fie construit lacul de acumulare, comuni\u0219tii au str\u0103mutat un cimitir \u00een care se odihneau 11.000 de suflete. Nu pu\u021bini sunt cei care cred c\u0103 o asemenea profanare a atras blestemele asupra locului: de atunci, zeci de oameni s-au \u00eenecat ori s-au sinucis \u00een apele tulburi. Digul e \u00een\u021besat de cruci care arat\u0103 asta.<\/p>\n\n\n\n<figure class=\"wp-block-gallery has-nested-images columns-2 wp-block-gallery-1 is-layout-flex wp-block-gallery-is-layout-flex\">\n<figure class=\"wp-block-image\"><a href=\"https:\/\/buletin.de\/bucuresti\/whatsapp-image-2019-09-20-at-10-48-141\/\"><img loading=\"lazy\" decoding=\"async\" width=\"900\" height=\"675\" data-id=\"1310\" src=\"data:image\/gif;base64,R0lGODlhAQABAAAAACH5BAEKAAEALAAAAAABAAEAAAICTAEAOw==\" data-src=\"https:\/\/buletin.de\/bucuresti\/wp-content\/uploads\/WhatsApp-Image-2019-09-20-at-10.48.141-900x675.jpg\" alt=\"\" class=\"wp-image-1310 lazyload\" data-sizes=\"auto\" data-srcset=\"https:\/\/buletin.de\/bucuresti\/wp-content\/uploads\/WhatsApp-Image-2019-09-20-at-10.48.141-900x675.jpg 900w, https:\/\/buletin.de\/bucuresti\/wp-content\/uploads\/WhatsApp-Image-2019-09-20-at-10.48.141-600x450.jpg 600w, https:\/\/buletin.de\/bucuresti\/wp-content\/uploads\/WhatsApp-Image-2019-09-20-at-10.48.141-300x225.jpg 300w, https:\/\/buletin.de\/bucuresti\/wp-content\/uploads\/WhatsApp-Image-2019-09-20-at-10.48.141-768x576.jpg 768w, https:\/\/buletin.de\/bucuresti\/wp-content\/uploads\/WhatsApp-Image-2019-09-20-at-10.48.141-1060x795.jpg 1060w, https:\/\/buletin.de\/bucuresti\/wp-content\/uploads\/WhatsApp-Image-2019-09-20-at-10.48.141-550x413.jpg 550w, https:\/\/buletin.de\/bucuresti\/wp-content\/uploads\/WhatsApp-Image-2019-09-20-at-10.48.141-667x500.jpg 667w, https:\/\/buletin.de\/bucuresti\/wp-content\/uploads\/WhatsApp-Image-2019-09-20-at-10.48.141-1440x1080.jpg 1440w, https:\/\/buletin.de\/bucuresti\/wp-content\/uploads\/WhatsApp-Image-2019-09-20-at-10.48.141.jpg 1600w\" sizes=\"(max-width: 900px) 100vw, 900px\" \/><\/a><\/figure>\n\n\n\n<figure class=\"wp-block-image\"><a href=\"https:\/\/buletin.de\/bucuresti\/whatsapp-image-2019-09-20-at-10-48-14\/\"><img loading=\"lazy\" decoding=\"async\" width=\"900\" height=\"675\" data-id=\"1309\" src=\"data:image\/gif;base64,R0lGODlhAQABAAAAACH5BAEKAAEALAAAAAABAAEAAAICTAEAOw==\" data-src=\"https:\/\/buletin.de\/bucuresti\/wp-content\/uploads\/WhatsApp-Image-2019-09-20-at-10.48.14-900x675.jpg\" alt=\"\" class=\"wp-image-1309 lazyload\" data-sizes=\"auto\" data-srcset=\"https:\/\/buletin.de\/bucuresti\/wp-content\/uploads\/WhatsApp-Image-2019-09-20-at-10.48.14-900x675.jpg 900w, https:\/\/buletin.de\/bucuresti\/wp-content\/uploads\/WhatsApp-Image-2019-09-20-at-10.48.14-600x450.jpg 600w, https:\/\/buletin.de\/bucuresti\/wp-content\/uploads\/WhatsApp-Image-2019-09-20-at-10.48.14-300x225.jpg 300w, https:\/\/buletin.de\/bucuresti\/wp-content\/uploads\/WhatsApp-Image-2019-09-20-at-10.48.14-768x576.jpg 768w, https:\/\/buletin.de\/bucuresti\/wp-content\/uploads\/WhatsApp-Image-2019-09-20-at-10.48.14-1060x795.jpg 1060w, https:\/\/buletin.de\/bucuresti\/wp-content\/uploads\/WhatsApp-Image-2019-09-20-at-10.48.14-550x413.jpg 550w, https:\/\/buletin.de\/bucuresti\/wp-content\/uploads\/WhatsApp-Image-2019-09-20-at-10.48.14-667x500.jpg 667w, https:\/\/buletin.de\/bucuresti\/wp-content\/uploads\/WhatsApp-Image-2019-09-20-at-10.48.14-1440x1080.jpg 1440w, https:\/\/buletin.de\/bucuresti\/wp-content\/uploads\/WhatsApp-Image-2019-09-20-at-10.48.14.jpg 1600w\" sizes=\"(max-width: 900px) 100vw, 900px\" \/><\/a><\/figure>\n\n\n\n<figure class=\"wp-block-image\"><a href=\"https:\/\/buletin.de\/bucuresti\/whatsapp-image-2019-09-20-at-10-48-15\/\"><img loading=\"lazy\" decoding=\"async\" width=\"900\" height=\"675\" data-id=\"1307\" src=\"data:image\/gif;base64,R0lGODlhAQABAAAAACH5BAEKAAEALAAAAAABAAEAAAICTAEAOw==\" data-src=\"https:\/\/buletin.de\/bucuresti\/wp-content\/uploads\/WhatsApp-Image-2019-09-20-at-10.48.15-900x675.jpg\" alt=\"\" class=\"wp-image-1307 lazyload\" data-sizes=\"auto\" data-srcset=\"https:\/\/buletin.de\/bucuresti\/wp-content\/uploads\/WhatsApp-Image-2019-09-20-at-10.48.15-900x675.jpg 900w, https:\/\/buletin.de\/bucuresti\/wp-content\/uploads\/WhatsApp-Image-2019-09-20-at-10.48.15-600x450.jpg 600w, https:\/\/buletin.de\/bucuresti\/wp-content\/uploads\/WhatsApp-Image-2019-09-20-at-10.48.15-300x225.jpg 300w, https:\/\/buletin.de\/bucuresti\/wp-content\/uploads\/WhatsApp-Image-2019-09-20-at-10.48.15-768x576.jpg 768w, https:\/\/buletin.de\/bucuresti\/wp-content\/uploads\/WhatsApp-Image-2019-09-20-at-10.48.15-1060x795.jpg 1060w, https:\/\/buletin.de\/bucuresti\/wp-content\/uploads\/WhatsApp-Image-2019-09-20-at-10.48.15-550x413.jpg 550w, https:\/\/buletin.de\/bucuresti\/wp-content\/uploads\/WhatsApp-Image-2019-09-20-at-10.48.15-667x500.jpg 667w, https:\/\/buletin.de\/bucuresti\/wp-content\/uploads\/WhatsApp-Image-2019-09-20-at-10.48.15-1440x1080.jpg 1440w, https:\/\/buletin.de\/bucuresti\/wp-content\/uploads\/WhatsApp-Image-2019-09-20-at-10.48.15.jpg 1600w\" sizes=\"(max-width: 900px) 100vw, 900px\" \/><\/a><\/figure>\n\n\n\n<figure class=\"wp-block-image\"><a href=\"https:\/\/buletin.de\/bucuresti\/whatsapp-image-2019-09-20-at-10-48-201\/\"><img loading=\"lazy\" decoding=\"async\" width=\"900\" height=\"675\" data-id=\"1306\" src=\"data:image\/gif;base64,R0lGODlhAQABAAAAACH5BAEKAAEALAAAAAABAAEAAAICTAEAOw==\" data-src=\"https:\/\/buletin.de\/bucuresti\/wp-content\/uploads\/WhatsApp-Image-2019-09-20-at-10.48.201-900x675.jpg\" alt=\"\" class=\"wp-image-1306 lazyload\" data-sizes=\"auto\" data-srcset=\"https:\/\/buletin.de\/bucuresti\/wp-content\/uploads\/WhatsApp-Image-2019-09-20-at-10.48.201-900x675.jpg 900w, https:\/\/buletin.de\/bucuresti\/wp-content\/uploads\/WhatsApp-Image-2019-09-20-at-10.48.201-600x450.jpg 600w, https:\/\/buletin.de\/bucuresti\/wp-content\/uploads\/WhatsApp-Image-2019-09-20-at-10.48.201-300x225.jpg 300w, https:\/\/buletin.de\/bucuresti\/wp-content\/uploads\/WhatsApp-Image-2019-09-20-at-10.48.201-768x576.jpg 768w, https:\/\/buletin.de\/bucuresti\/wp-content\/uploads\/WhatsApp-Image-2019-09-20-at-10.48.201-1060x795.jpg 1060w, https:\/\/buletin.de\/bucuresti\/wp-content\/uploads\/WhatsApp-Image-2019-09-20-at-10.48.201-550x413.jpg 550w, https:\/\/buletin.de\/bucuresti\/wp-content\/uploads\/WhatsApp-Image-2019-09-20-at-10.48.201-667x500.jpg 667w, https:\/\/buletin.de\/bucuresti\/wp-content\/uploads\/WhatsApp-Image-2019-09-20-at-10.48.201-1440x1080.jpg 1440w, https:\/\/buletin.de\/bucuresti\/wp-content\/uploads\/WhatsApp-Image-2019-09-20-at-10.48.201.jpg 1600w\" sizes=\"(max-width: 900px) 100vw, 900px\" \/><\/a><\/figure>\n\n\n\n<figure class=\"wp-block-image\"><a href=\"https:\/\/buletin.de\/bucuresti\/whatsapp-image-2019-09-20-at-10-48-23\/\"><img loading=\"lazy\" decoding=\"async\" width=\"900\" height=\"675\" data-id=\"1305\" src=\"data:image\/gif;base64,R0lGODlhAQABAAAAACH5BAEKAAEALAAAAAABAAEAAAICTAEAOw==\" data-src=\"https:\/\/buletin.de\/bucuresti\/wp-content\/uploads\/WhatsApp-Image-2019-09-20-at-10.48.23-900x675.jpg\" alt=\"\" class=\"wp-image-1305 lazyload\" data-sizes=\"auto\" data-srcset=\"https:\/\/buletin.de\/bucuresti\/wp-content\/uploads\/WhatsApp-Image-2019-09-20-at-10.48.23-900x675.jpg 900w, https:\/\/buletin.de\/bucuresti\/wp-content\/uploads\/WhatsApp-Image-2019-09-20-at-10.48.23-600x450.jpg 600w, https:\/\/buletin.de\/bucuresti\/wp-content\/uploads\/WhatsApp-Image-2019-09-20-at-10.48.23-300x225.jpg 300w, https:\/\/buletin.de\/bucuresti\/wp-content\/uploads\/WhatsApp-Image-2019-09-20-at-10.48.23-768x576.jpg 768w, https:\/\/buletin.de\/bucuresti\/wp-content\/uploads\/WhatsApp-Image-2019-09-20-at-10.48.23-1060x795.jpg 1060w, https:\/\/buletin.de\/bucuresti\/wp-content\/uploads\/WhatsApp-Image-2019-09-20-at-10.48.23-550x413.jpg 550w, https:\/\/buletin.de\/bucuresti\/wp-content\/uploads\/WhatsApp-Image-2019-09-20-at-10.48.23-667x500.jpg 667w, https:\/\/buletin.de\/bucuresti\/wp-content\/uploads\/WhatsApp-Image-2019-09-20-at-10.48.23-1440x1080.jpg 1440w, https:\/\/buletin.de\/bucuresti\/wp-content\/uploads\/WhatsApp-Image-2019-09-20-at-10.48.23.jpg 1600w\" sizes=\"(max-width: 900px) 100vw, 900px\" \/><\/a><\/figure>\n<\/figure>\n\n\n\n<h2 class=\"wp-block-heading\" id=\"h-\u0219i-viitor-in\u021besat-de-promisiuni\">\u2026\u0219i viitor \u00een\u021besat de promisiuni<\/h2>\n\n\n\n<p>Locuitorii din zon\u0103 au auzit de la mai to\u021bi edilii c\u0103 zona o s\u0103 \u00ee\u0219i schimbe \u00eenf\u0103\u021bi\u0219area \u0219i dau din m\u00e2n\u0103 a lehamite \u0219i ne\u00eencredere c\u00e2nd le spui c\u0103 un proiect nou e gata s\u0103 capete contur. Primarul sectorului 6 a anun\u021bat, <strong>la \u00eenceputul lui 2019,<\/strong> c\u0103 vrea s\u0103 fac\u0103 partea de dig dinspre Cr\u00e2nga\u0219i zon\u0103 de promenad\u0103. \u00cen plus,, Insula \u00cengerilor ar urma s\u0103 fie \u00eemp\u0103r\u021bit\u0103 \u00een patru zone: una de unde s\u0103 se \u00eenchirieze b\u0103rci \u0219i hidrobiciclete, una pentru sport, alta pentru plaj\u0103 \u0219i una cu restaurante. <strong>Ast\u0103zi<\/strong>, edilii se laud\u0103 c\u0103 totul merge ceas:&nbsp;<\/p>\n\n\n\n<p><em>\u201cAdministra\u0163ia Domeniului Public \u015fi Dezvoltare Urban\u0103 Sector 6 prin compartimentele de specialitate, este \u00een faza de finalizare a procedurilor premerg\u0103toare execu\u0163iei lucr\u0103rilor: \u00eentocmirea Proiectului tehnic, Autorizarea lucr\u0103rilor \u015fi Achizi\u0163ia lucr\u0103rilor. Lucr\u0103rile sunt prev\u0103zute s\u0103 \u00eenceap\u0103 \u00een anul 2020, cu o durat\u0103 stabilit\u0103 de proiectant prin etapele \u015fi fazele de lucru. La aceast\u0103 dat\u0103, nu exist\u0103 \u00eent\u00e2rzieri.\u201d <\/em><a href=\"https:\/\/buletin.de\/bucuresti\/raspuns-buletin-de_insula-lacul-morii_18-sept\/\" target=\"_blank\" rel=\"noreferrer noopener\" aria-label=\"a comunicat (opens in a new tab)\">a comunicat<\/a>, plin\u0103 de m\u00e2ndrie, Prim\u0103ria Sectorului \u0218ase pentru Buletin de Bucure\u0219ti<\/p>\n\n\n\n<figure class=\"wp-block-gallery has-nested-images columns-2 is-cropped wp-block-gallery-2 is-layout-flex wp-block-gallery-is-layout-flex\">\n<figure class=\"wp-block-image\"><img loading=\"lazy\" decoding=\"async\" width=\"900\" height=\"341\" data-id=\"1314\" src=\"data:image\/gif;base64,R0lGODlhAQABAAAAACH5BAEKAAEALAAAAAABAAEAAAICTAEAOw==\" data-src=\"https:\/\/buletin.de\/bucuresti\/wp-content\/uploads\/proiect-2-900x341.jpg\" alt=\"\" class=\"wp-image-1314 lazyload\" data-sizes=\"auto\" data-srcset=\"https:\/\/buletin.de\/bucuresti\/wp-content\/uploads\/proiect-2-900x341.jpg 900w, https:\/\/buletin.de\/bucuresti\/wp-content\/uploads\/proiect-2-600x228.jpg 600w, https:\/\/buletin.de\/bucuresti\/wp-content\/uploads\/proiect-2-300x114.jpg 300w, https:\/\/buletin.de\/bucuresti\/wp-content\/uploads\/proiect-2-768x291.jpg 768w, https:\/\/buletin.de\/bucuresti\/wp-content\/uploads\/proiect-2-1060x402.jpg 1060w, https:\/\/buletin.de\/bucuresti\/wp-content\/uploads\/proiect-2-550x209.jpg 550w, https:\/\/buletin.de\/bucuresti\/wp-content\/uploads\/proiect-2-1318x500.jpg 1318w, https:\/\/buletin.de\/bucuresti\/wp-content\/uploads\/proiect-2.jpg 1413w\" sizes=\"(max-width: 900px) 100vw, 900px\" \/><\/figure>\n\n\n\n<figure class=\"wp-block-image\"><img loading=\"lazy\" decoding=\"async\" width=\"863\" height=\"425\" data-id=\"1313\" src=\"data:image\/gif;base64,R0lGODlhAQABAAAAACH5BAEKAAEALAAAAAABAAEAAAICTAEAOw==\" data-src=\"https:\/\/buletin.de\/bucuresti\/wp-content\/uploads\/proiect-3.jpg\" alt=\"\" class=\"wp-image-1313 lazyload\" data-sizes=\"auto\" data-srcset=\"https:\/\/buletin.de\/bucuresti\/wp-content\/uploads\/proiect-3.jpg 863w, https:\/\/buletin.de\/bucuresti\/wp-content\/uploads\/proiect-3-600x295.jpg 600w, https:\/\/buletin.de\/bucuresti\/wp-content\/uploads\/proiect-3-300x148.jpg 300w, https:\/\/buletin.de\/bucuresti\/wp-content\/uploads\/proiect-3-768x378.jpg 768w, https:\/\/buletin.de\/bucuresti\/wp-content\/uploads\/proiect-3-550x271.jpg 550w\" sizes=\"(max-width: 863px) 100vw, 863px\" \/><\/figure>\n\n\n\n<figure class=\"wp-block-image\"><img loading=\"lazy\" decoding=\"async\" width=\"900\" height=\"225\" data-id=\"1312\" src=\"data:image\/gif;base64,R0lGODlhAQABAAAAACH5BAEKAAEALAAAAAABAAEAAAICTAEAOw==\" data-src=\"https:\/\/buletin.de\/bucuresti\/wp-content\/uploads\/proiect-4-900x225.jpg\" alt=\"\" class=\"wp-image-1312 lazyload\" data-sizes=\"auto\" data-srcset=\"https:\/\/buletin.de\/bucuresti\/wp-content\/uploads\/proiect-4-900x225.jpg 900w, https:\/\/buletin.de\/bucuresti\/wp-content\/uploads\/proiect-4-600x150.jpg 600w, https:\/\/buletin.de\/bucuresti\/wp-content\/uploads\/proiect-4-300x75.jpg 300w, https:\/\/buletin.de\/bucuresti\/wp-content\/uploads\/proiect-4-768x192.jpg 768w, https:\/\/buletin.de\/bucuresti\/wp-content\/uploads\/proiect-4-1060x265.jpg 1060w, https:\/\/buletin.de\/bucuresti\/wp-content\/uploads\/proiect-4-550x138.jpg 550w, https:\/\/buletin.de\/bucuresti\/wp-content\/uploads\/proiect-4.jpg 1123w\" sizes=\"(max-width: 900px) 100vw, 900px\" \/><\/figure>\n\n\n\n<figure class=\"wp-block-image\"><img loading=\"lazy\" decoding=\"async\" width=\"900\" height=\"557\" data-id=\"1311\" src=\"data:image\/gif;base64,R0lGODlhAQABAAAAACH5BAEKAAEALAAAAAABAAEAAAICTAEAOw==\" data-src=\"https:\/\/buletin.de\/bucuresti\/wp-content\/uploads\/proiect-5-900x557.jpg\" alt=\"\" class=\"wp-image-1311 lazyload\" data-sizes=\"auto\" data-srcset=\"https:\/\/buletin.de\/bucuresti\/wp-content\/uploads\/proiect-5-900x557.jpg 900w, https:\/\/buletin.de\/bucuresti\/wp-content\/uploads\/proiect-5-600x372.jpg 600w, https:\/\/buletin.de\/bucuresti\/wp-content\/uploads\/proiect-5-300x186.jpg 300w, https:\/\/buletin.de\/bucuresti\/wp-content\/uploads\/proiect-5-768x476.jpg 768w, https:\/\/buletin.de\/bucuresti\/wp-content\/uploads\/proiect-5-1060x656.jpg 1060w, https:\/\/buletin.de\/bucuresti\/wp-content\/uploads\/proiect-5-550x341.jpg 550w, https:\/\/buletin.de\/bucuresti\/wp-content\/uploads\/proiect-5-807x500.jpg 807w, https:\/\/buletin.de\/bucuresti\/wp-content\/uploads\/proiect-5.jpg 1342w\" sizes=\"(max-width: 900px) 100vw, 900px\" \/><\/figure>\n\n\n\n<figure class=\"wp-block-image\"><img loading=\"lazy\" decoding=\"async\" width=\"900\" height=\"587\" data-id=\"1315\" src=\"data:image\/gif;base64,R0lGODlhAQABAAAAACH5BAEKAAEALAAAAAABAAEAAAICTAEAOw==\" data-src=\"https:\/\/buletin.de\/bucuresti\/wp-content\/uploads\/proiect-1-900x587.jpg\" alt=\"\" class=\"wp-image-1315 lazyload\" data-sizes=\"auto\" data-srcset=\"https:\/\/buletin.de\/bucuresti\/wp-content\/uploads\/proiect-1-900x587.jpg 900w, https:\/\/buletin.de\/bucuresti\/wp-content\/uploads\/proiect-1-600x391.jpg 600w, https:\/\/buletin.de\/bucuresti\/wp-content\/uploads\/proiect-1-300x196.jpg 300w, https:\/\/buletin.de\/bucuresti\/wp-content\/uploads\/proiect-1-768x501.jpg 768w, https:\/\/buletin.de\/bucuresti\/wp-content\/uploads\/proiect-1-1060x692.jpg 1060w, https:\/\/buletin.de\/bucuresti\/wp-content\/uploads\/proiect-1-550x359.jpg 550w, https:\/\/buletin.de\/bucuresti\/wp-content\/uploads\/proiect-1-766x500.jpg 766w, https:\/\/buletin.de\/bucuresti\/wp-content\/uploads\/proiect-1.jpg 1292w\" sizes=\"(max-width: 900px) 100vw, 900px\" \/><\/figure>\n<\/figure>\n\n\n\n<p>P\u00e2n\u0103 c\u00e2nd proiectul o s\u0103 se transforme \u00een ceva palpabil, pu\u0163inii oameni care se \u00eencumet\u0103 s\u0103 mearg\u0103 acolo fac picnic printre gunoaie \u0219i se plimb\u0103 pe digul cr\u0103pat, invadat de m\u0103r\u0103cini \u0219i tufe de m\u0103ce\u0219e.&nbsp;&nbsp;<\/p>\n\n\n\n<figure class=\"wp-block-image\"><img loading=\"lazy\" decoding=\"async\" width=\"900\" height=\"675\" src=\"data:image\/gif;base64,R0lGODlhAQABAAAAACH5BAEKAAEALAAAAAABAAEAAAICTAEAOw==\" data-src=\"https:\/\/buletin.de\/bucuresti\/wp-content\/uploads\/macese-900x675.jpeg\" alt=\"\" class=\"wp-image-1325 lazyload\" data-sizes=\"auto\" data-srcset=\"https:\/\/buletin.de\/bucuresti\/wp-content\/uploads\/macese-900x675.jpeg 900w, https:\/\/buletin.de\/bucuresti\/wp-content\/uploads\/macese-600x450.jpeg 600w, https:\/\/buletin.de\/bucuresti\/wp-content\/uploads\/macese-300x225.jpeg 300w, https:\/\/buletin.de\/bucuresti\/wp-content\/uploads\/macese-768x576.jpeg 768w, https:\/\/buletin.de\/bucuresti\/wp-content\/uploads\/macese-1060x795.jpeg 1060w, https:\/\/buletin.de\/bucuresti\/wp-content\/uploads\/macese-550x413.jpeg 550w, https:\/\/buletin.de\/bucuresti\/wp-content\/uploads\/macese-667x500.jpeg 667w, https:\/\/buletin.de\/bucuresti\/wp-content\/uploads\/macese-1440x1080.jpeg 1440w, https:\/\/buletin.de\/bucuresti\/wp-content\/uploads\/macese.jpeg 1600w\" sizes=\"(max-width: 900px) 100vw, 900px\" \/><\/figure>\n\n\n\n<p>Lacul Morii este cel mai mare lac din Bucure\u0219ti \u0219i e m\u00e2ndria de 246 de hectare a inginerilor hidrotehnici. \u00cens\u0103 asta cu siguran\u021b\u0103 nu \u00eei mi\u0219c\u0103 deloc pe vecinii din ghetoul de la o arunc\u0103tur\u0103 de b\u0103\u021b, ghetou care poate concura lejer cu favelele cele mai imunde din Brazilia la titlul de cel mai r\u0103u loc \u00een care s\u0103 locuie\u0219ti.<\/p>\n\n\n\n<figure class=\"wp-block-image\"><img loading=\"lazy\" decoding=\"async\" width=\"900\" height=\"675\" src=\"data:image\/gif;base64,R0lGODlhAQABAAAAACH5BAEKAAEALAAAAAABAAEAAAICTAEAOw==\" data-src=\"https:\/\/buletin.de\/bucuresti\/wp-content\/uploads\/ghetou-900x675.jpg\" alt=\"\" class=\"wp-image-1317 lazyload\" data-sizes=\"auto\" data-srcset=\"https:\/\/buletin.de\/bucuresti\/wp-content\/uploads\/ghetou-900x675.jpg 900w, https:\/\/buletin.de\/bucuresti\/wp-content\/uploads\/ghetou-600x450.jpg 600w, https:\/\/buletin.de\/bucuresti\/wp-content\/uploads\/ghetou-300x225.jpg 300w, https:\/\/buletin.de\/bucuresti\/wp-content\/uploads\/ghetou-768x576.jpg 768w, https:\/\/buletin.de\/bucuresti\/wp-content\/uploads\/ghetou-1060x795.jpg 1060w, https:\/\/buletin.de\/bucuresti\/wp-content\/uploads\/ghetou-550x413.jpg 550w, https:\/\/buletin.de\/bucuresti\/wp-content\/uploads\/ghetou-667x500.jpg 667w, https:\/\/buletin.de\/bucuresti\/wp-content\/uploads\/ghetou-1440x1080.jpg 1440w, https:\/\/buletin.de\/bucuresti\/wp-content\/uploads\/ghetou.jpg 1600w\" sizes=\"(max-width: 900px) 100vw, 900px\" \/><\/figure>\n\n\n\n<p>Singurele care se bucur\u0103 de lac a\u0219a cum e el acum sunt miile de p\u0103s\u0103ri care \u00eenc\u0103 s\u0103l\u0103\u0219luiesc aici, \u00een \u00eenceputul de toamn\u0103 bl\u00e2nd\u0103.&nbsp;<\/p>\n\n\n\n<figure class=\"wp-block-gallery has-nested-images columns-default wp-block-gallery-3 is-layout-flex wp-block-gallery-is-layout-flex\">\n<figure class=\"wp-block-image\"><a href=\"https:\/\/buletin.de\/bucuresti\/lacul-morii-agrement-in-dorul-lelii\/whatsapp-image-2019-09-20-at-10-48-52\/\"><img loading=\"lazy\" decoding=\"async\" width=\"900\" height=\"675\" data-id=\"1326\" src=\"data:image\/gif;base64,R0lGODlhAQABAAAAACH5BAEKAAEALAAAAAABAAEAAAICTAEAOw==\" data-src=\"https:\/\/buletin.de\/bucuresti\/wp-content\/uploads\/WhatsApp-Image-2019-09-20-at-10.48.52-900x675.jpeg\" alt=\"\" class=\"wp-image-1326 lazyload\" data-sizes=\"auto\" data-srcset=\"https:\/\/buletin.de\/bucuresti\/wp-content\/uploads\/WhatsApp-Image-2019-09-20-at-10.48.52-900x675.jpeg 900w, https:\/\/buletin.de\/bucuresti\/wp-content\/uploads\/WhatsApp-Image-2019-09-20-at-10.48.52-600x450.jpeg 600w, https:\/\/buletin.de\/bucuresti\/wp-content\/uploads\/WhatsApp-Image-2019-09-20-at-10.48.52-300x225.jpeg 300w, https:\/\/buletin.de\/bucuresti\/wp-content\/uploads\/WhatsApp-Image-2019-09-20-at-10.48.52-768x576.jpeg 768w, https:\/\/buletin.de\/bucuresti\/wp-content\/uploads\/WhatsApp-Image-2019-09-20-at-10.48.52-1060x795.jpeg 1060w, https:\/\/buletin.de\/bucuresti\/wp-content\/uploads\/WhatsApp-Image-2019-09-20-at-10.48.52-550x413.jpeg 550w, https:\/\/buletin.de\/bucuresti\/wp-content\/uploads\/WhatsApp-Image-2019-09-20-at-10.48.52-667x500.jpeg 667w, https:\/\/buletin.de\/bucuresti\/wp-content\/uploads\/WhatsApp-Image-2019-09-20-at-10.48.52-1440x1080.jpeg 1440w, https:\/\/buletin.de\/bucuresti\/wp-content\/uploads\/WhatsApp-Image-2019-09-20-at-10.48.52.jpeg 1600w\" sizes=\"(max-width: 900px) 100vw, 900px\" \/><\/a><\/figure>\n\n\n\n<figure class=\"wp-block-image\"><a href=\"https:\/\/buletin.de\/bucuresti\/lacul-morii-agrement-in-dorul-lelii\/vegetatie-apa\/\"><img loading=\"lazy\" decoding=\"async\" width=\"900\" height=\"675\" data-id=\"1327\" src=\"data:image\/gif;base64,R0lGODlhAQABAAAAACH5BAEKAAEALAAAAAABAAEAAAICTAEAOw==\" data-src=\"https:\/\/buletin.de\/bucuresti\/wp-content\/uploads\/vegetatie-apa-900x675.jpeg\" alt=\"\" class=\"wp-image-1327 lazyload\" data-sizes=\"auto\" data-srcset=\"https:\/\/buletin.de\/bucuresti\/wp-content\/uploads\/vegetatie-apa-900x675.jpeg 900w, https:\/\/buletin.de\/bucuresti\/wp-content\/uploads\/vegetatie-apa-600x450.jpeg 600w, https:\/\/buletin.de\/bucuresti\/wp-content\/uploads\/vegetatie-apa-300x225.jpeg 300w, https:\/\/buletin.de\/bucuresti\/wp-content\/uploads\/vegetatie-apa-768x576.jpeg 768w, https:\/\/buletin.de\/bucuresti\/wp-content\/uploads\/vegetatie-apa-1060x795.jpeg 1060w, https:\/\/buletin.de\/bucuresti\/wp-content\/uploads\/vegetatie-apa-550x413.jpeg 550w, https:\/\/buletin.de\/bucuresti\/wp-content\/uploads\/vegetatie-apa-667x500.jpeg 667w, https:\/\/buletin.de\/bucuresti\/wp-content\/uploads\/vegetatie-apa-1440x1080.jpeg 1440w, https:\/\/buletin.de\/bucuresti\/wp-content\/uploads\/vegetatie-apa.jpeg 1600w\" sizes=\"(max-width: 900px) 100vw, 900px\" \/><\/a><\/figure>\n<\/figure>\n\n\n\n<p>Pesc\u0103ru\u0219ii, ra\u021bele \u0219i porumbeii au m\u00e2ncare din bel\u0219ug, iar pe luciul apei nu sunt deranja\u021bi dec\u00e2t \u00een rarele momente de peste an c\u00e2nd aici se mai organizeaz\u0103 show-uri nautice.&nbsp;<\/p>\n\n\n\n<p><em>Foto \u0219i text: Ionu\u021b Lepa<br>Editor: Oana Despa<\/em><\/p>\n","protected":false},"excerpt":{"rendered":"<p>Pe bucata de dig dinspre Insula \u00cengerilor abia dac\u0103 trece, din c\u00e2nd \u00een c\u00e2nd, c\u00e2te cineva. E destul de departe de cartier \u015fi nu mul\u0163i se aventureaz\u0103 \u00een partea semis\u0103lbatic\u0103. Rar, m\u0103c\u0103nitul ra\u0163elor care \u015fi-au f\u0103cut aici cas\u0103 temporar\u0103, e spart de vocea vreunui om. \u015ei nimeni nu se a\u015ftepta c\u0103 vor schimba ordinea asta [&hellip;]<\/p>\n","protected":false},"author":8,"featured_media":1304,"comment_status":"closed","ping_status":"open","sticky":false,"template":"","format":"standard","meta":{"_acf_changed":false,"inline_featured_image":false,"ngg_post_thumbnail":0,"footnotes":""},"categories":[109,169],"tags":[206,204,205,207,208],"ppma_author":[22586],"class_list":["post-1302","post","type-post","status-publish","format-standard","has-post-thumbnail","hentry","category-mediu","category-reportaj","tag-agrement","tag-lacul","tag-morii","tag-timp-liber","tag-turism"],"acf":[],"yoast_head":"<!-- This site is optimized with the Yoast SEO Premium plugin v25.3 (Yoast SEO v27.5) - https:\/\/yoast.com\/product\/yoast-seo-premium-wordpress\/ -->\n<title>Lacul Morii, agrement \u00een dorul lelii - Buletin de Bucure\u0219ti<\/title>\n<meta name=\"robots\" content=\"index, follow, max-snippet:-1, max-image-preview:large, max-video-preview:-1\" \/>\n<link rel=\"canonical\" href=\"https:\/\/buletin.de\/bucuresti\/lacul-morii-agrement-in-dorul-lelii\/\" \/>\n<meta property=\"og:locale\" content=\"en_GB\" \/>\n<meta property=\"og:type\" content=\"article\" \/>\n<meta property=\"og:title\" content=\"Lacul Morii, agrement \u00een dorul lelii\" \/>\n<meta property=\"og:description\" content=\"Pe bucata de dig dinspre Insula \u00cengerilor abia dac\u0103 trece, din c\u00e2nd \u00een c\u00e2nd, c\u00e2te cineva. E destul de departe de cartier \u015fi nu mul\u0163i se aventureaz\u0103 \u00een partea semis\u0103lbatic\u0103. Rar, m\u0103c\u0103nitul ra\u0163elor care \u015fi-au f\u0103cut aici cas\u0103 temporar\u0103, e spart de vocea vreunui om. \u015ei nimeni nu se a\u015ftepta c\u0103 vor schimba ordinea asta [&hellip;]\" \/>\n<meta property=\"og:url\" content=\"https:\/\/buletin.de\/bucuresti\/lacul-morii-agrement-in-dorul-lelii\/\" \/>\n<meta property=\"og:site_name\" content=\"Buletin de Bucure\u0219ti\" \/>\n<meta property=\"article:publisher\" content=\"https:\/\/www.facebook.com\/buletin.de.buc\" \/>\n<meta property=\"article:published_time\" content=\"2019-09-21T16:43:30+00:00\" \/>\n<meta property=\"article:modified_time\" content=\"2025-02-25T08:18:15+00:00\" \/>\n<meta property=\"og:image\" content=\"https:\/\/buletin.de\/bucuresti\/wp-content\/uploads\/WhatsApp-Image-2019-09-20-at-10.48.521.jpg\" \/>\n\t<meta property=\"og:image:width\" content=\"1600\" \/>\n\t<meta property=\"og:image:height\" content=\"1060\" \/>\n\t<meta property=\"og:image:type\" content=\"image\/jpeg\" \/>\n<meta name=\"author\" content=\"Ionu\u021b Lepa\" \/>\n<meta name=\"twitter:card\" content=\"summary_large_image\" \/>\n<meta name=\"twitter:label1\" content=\"Written by\" \/>\n\t<meta name=\"twitter:data1\" content=\"Ionu\u021b Lepa\" \/>\n\t<meta name=\"twitter:label2\" content=\"Estimated reading time\" \/>\n\t<meta name=\"twitter:data2\" content=\"9 minutes\" \/>\n<script type=\"application\/ld+json\" class=\"yoast-schema-graph\">{\"@context\":\"https:\\\/\\\/schema.org\",\"@graph\":[{\"@type\":\"Article\",\"@id\":\"https:\\\/\\\/buletin.de\\\/bucuresti\\\/lacul-morii-agrement-in-dorul-lelii\\\/#article\",\"isPartOf\":{\"@id\":\"https:\\\/\\\/buletin.de\\\/bucuresti\\\/lacul-morii-agrement-in-dorul-lelii\\\/\"},\"author\":{\"name\":\"Ionu\u021b Lepa\",\"@id\":\"https:\\\/\\\/buletin.de\\\/bucuresti\\\/#\\\/schema\\\/person\\\/5272b8a057b33890940b57b837fc4ce6\"},\"headline\":\"Lacul Morii, agrement \u00een dorul lelii\",\"datePublished\":\"2019-09-21T16:43:30+00:00\",\"dateModified\":\"2025-02-25T08:18:15+00:00\",\"mainEntityOfPage\":{\"@id\":\"https:\\\/\\\/buletin.de\\\/bucuresti\\\/lacul-morii-agrement-in-dorul-lelii\\\/\"},\"wordCount\":1129,\"publisher\":{\"@id\":\"https:\\\/\\\/buletin.de\\\/bucuresti\\\/#organization\"},\"image\":{\"@id\":\"https:\\\/\\\/buletin.de\\\/bucuresti\\\/lacul-morii-agrement-in-dorul-lelii\\\/#primaryimage\"},\"thumbnailUrl\":\"https:\\\/\\\/buletin.de\\\/bucuresti\\\/wp-content\\\/uploads\\\/WhatsApp-Image-2019-09-20-at-10.48.521.jpg\",\"keywords\":[\"agrement\",\"lacul\",\"morii\",\"timp liber\",\"turism\"],\"articleSection\":[\"Mediu\",\"Reportaj\"],\"inLanguage\":\"en-GB\",\"copyrightYear\":\"2019\",\"copyrightHolder\":{\"@id\":\"https:\\\/\\\/buletin.de\\\/bucuresti\\\/#organization\"}},{\"@type\":\"WebPage\",\"@id\":\"https:\\\/\\\/buletin.de\\\/bucuresti\\\/lacul-morii-agrement-in-dorul-lelii\\\/\",\"url\":\"https:\\\/\\\/buletin.de\\\/bucuresti\\\/lacul-morii-agrement-in-dorul-lelii\\\/\",\"name\":\"Lacul Morii, agrement \u00een dorul lelii - Buletin de Bucure\u0219ti\",\"isPartOf\":{\"@id\":\"https:\\\/\\\/buletin.de\\\/bucuresti\\\/#website\"},\"primaryImageOfPage\":{\"@id\":\"https:\\\/\\\/buletin.de\\\/bucuresti\\\/lacul-morii-agrement-in-dorul-lelii\\\/#primaryimage\"},\"image\":{\"@id\":\"https:\\\/\\\/buletin.de\\\/bucuresti\\\/lacul-morii-agrement-in-dorul-lelii\\\/#primaryimage\"},\"thumbnailUrl\":\"https:\\\/\\\/buletin.de\\\/bucuresti\\\/wp-content\\\/uploads\\\/WhatsApp-Image-2019-09-20-at-10.48.521.jpg\",\"datePublished\":\"2019-09-21T16:43:30+00:00\",\"dateModified\":\"2025-02-25T08:18:15+00:00\",\"breadcrumb\":{\"@id\":\"https:\\\/\\\/buletin.de\\\/bucuresti\\\/lacul-morii-agrement-in-dorul-lelii\\\/#breadcrumb\"},\"inLanguage\":\"en-GB\",\"potentialAction\":[{\"@type\":\"ReadAction\",\"target\":[\"https:\\\/\\\/buletin.de\\\/bucuresti\\\/lacul-morii-agrement-in-dorul-lelii\\\/\"]}]},{\"@type\":\"ImageObject\",\"inLanguage\":\"en-GB\",\"@id\":\"https:\\\/\\\/buletin.de\\\/bucuresti\\\/lacul-morii-agrement-in-dorul-lelii\\\/#primaryimage\",\"url\":\"https:\\\/\\\/buletin.de\\\/bucuresti\\\/wp-content\\\/uploads\\\/WhatsApp-Image-2019-09-20-at-10.48.521.jpg\",\"contentUrl\":\"https:\\\/\\\/buletin.de\\\/bucuresti\\\/wp-content\\\/uploads\\\/WhatsApp-Image-2019-09-20-at-10.48.521.jpg\",\"width\":1600,\"height\":1060},{\"@type\":\"BreadcrumbList\",\"@id\":\"https:\\\/\\\/buletin.de\\\/bucuresti\\\/lacul-morii-agrement-in-dorul-lelii\\\/#breadcrumb\",\"itemListElement\":[{\"@type\":\"ListItem\",\"position\":1,\"name\":\"Acas\u0103\",\"item\":\"https:\\\/\\\/buletin.de\\\/bucuresti\\\/\"},{\"@type\":\"ListItem\",\"position\":2,\"name\":\"Lacul Morii, agrement \u00een dorul lelii\"}]},{\"@type\":\"WebSite\",\"@id\":\"https:\\\/\\\/buletin.de\\\/bucuresti\\\/#website\",\"url\":\"https:\\\/\\\/buletin.de\\\/bucuresti\\\/\",\"name\":\"Buletin de Bucure\u0219ti\",\"description\":\"\u0218tiri \u0219i investiga\u021bii esen\u021biale din capital\u0103\",\"publisher\":{\"@id\":\"https:\\\/\\\/buletin.de\\\/bucuresti\\\/#organization\"},\"potentialAction\":[{\"@type\":\"SearchAction\",\"target\":{\"@type\":\"EntryPoint\",\"urlTemplate\":\"https:\\\/\\\/buletin.de\\\/bucuresti\\\/?s={search_term_string}\"},\"query-input\":{\"@type\":\"PropertyValueSpecification\",\"valueRequired\":true,\"valueName\":\"search_term_string\"}}],\"inLanguage\":\"en-GB\"},{\"@type\":\"Organization\",\"@id\":\"https:\\\/\\\/buletin.de\\\/bucuresti\\\/#organization\",\"name\":\"Buletin de Bucure\u0219ti\",\"url\":\"https:\\\/\\\/buletin.de\\\/bucuresti\\\/\",\"logo\":{\"@type\":\"ImageObject\",\"inLanguage\":\"en-GB\",\"@id\":\"https:\\\/\\\/buletin.de\\\/bucuresti\\\/#\\\/schema\\\/logo\\\/image\\\/\",\"url\":\"https:\\\/\\\/buletin.de\\\/bucuresti\\\/wp-content\\\/uploads\\\/logo-bdb-full-wide-vernil-transparent.png\",\"contentUrl\":\"https:\\\/\\\/buletin.de\\\/bucuresti\\\/wp-content\\\/uploads\\\/logo-bdb-full-wide-vernil-transparent.png\",\"width\":1782,\"height\":626,\"caption\":\"Buletin de Bucure\u0219ti\"},\"image\":{\"@id\":\"https:\\\/\\\/buletin.de\\\/bucuresti\\\/#\\\/schema\\\/logo\\\/image\\\/\"},\"sameAs\":[\"https:\\\/\\\/www.facebook.com\\\/buletin.de.buc\",\"https:\\\/\\\/www.instagram.com\\\/buletinde.bucuresti\\\/\"]},{\"@type\":\"Person\",\"@id\":\"https:\\\/\\\/buletin.de\\\/bucuresti\\\/#\\\/schema\\\/person\\\/5272b8a057b33890940b57b837fc4ce6\",\"name\":\"Ionu\u021b Lepa\",\"image\":{\"@type\":\"ImageObject\",\"inLanguage\":\"en-GB\",\"@id\":\"https:\\\/\\\/buletin.de\\\/bucuresti\\\/wp-content\\\/uploads\\\/Ionut-Lepa-96x96.jpg5c4e4d9e049808799a8821652d2410a4\",\"url\":\"https:\\\/\\\/buletin.de\\\/bucuresti\\\/wp-content\\\/uploads\\\/Ionut-Lepa-96x96.jpg\",\"contentUrl\":\"https:\\\/\\\/buletin.de\\\/bucuresti\\\/wp-content\\\/uploads\\\/Ionut-Lepa-96x96.jpg\",\"caption\":\"Ionu\u021b Lepa\"},\"url\":\"https:\\\/\\\/buletin.de\\\/bucuresti\\\/author\\\/ionutlepa\\\/\"}]}<\/script>\n<!-- \/ Yoast SEO Premium plugin. -->","yoast_head_json":{"title":"Lacul Morii, agrement \u00een dorul lelii - Buletin de Bucure\u0219ti","robots":{"index":"index","follow":"follow","max-snippet":"max-snippet:-1","max-image-preview":"max-image-preview:large","max-video-preview":"max-video-preview:-1"},"canonical":"https:\/\/buletin.de\/bucuresti\/lacul-morii-agrement-in-dorul-lelii\/","og_locale":"en_GB","og_type":"article","og_title":"Lacul Morii, agrement \u00een dorul lelii","og_description":"Pe bucata de dig dinspre Insula \u00cengerilor abia dac\u0103 trece, din c\u00e2nd \u00een c\u00e2nd, c\u00e2te cineva. E destul de departe de cartier \u015fi nu mul\u0163i se aventureaz\u0103 \u00een partea semis\u0103lbatic\u0103. Rar, m\u0103c\u0103nitul ra\u0163elor care \u015fi-au f\u0103cut aici cas\u0103 temporar\u0103, e spart de vocea vreunui om. \u015ei nimeni nu se a\u015ftepta c\u0103 vor schimba ordinea asta [&hellip;]","og_url":"https:\/\/buletin.de\/bucuresti\/lacul-morii-agrement-in-dorul-lelii\/","og_site_name":"Buletin de Bucure\u0219ti","article_publisher":"https:\/\/www.facebook.com\/buletin.de.buc","article_published_time":"2019-09-21T16:43:30+00:00","article_modified_time":"2025-02-25T08:18:15+00:00","og_image":[{"width":1600,"height":1060,"url":"https:\/\/buletin.de\/bucuresti\/wp-content\/uploads\/WhatsApp-Image-2019-09-20-at-10.48.521.jpg","type":"image\/jpeg"}],"author":"Ionu\u021b Lepa","twitter_card":"summary_large_image","twitter_misc":{"Written by":"Ionu\u021b Lepa","Estimated reading time":"9 minutes"},"schema":{"@context":"https:\/\/schema.org","@graph":[{"@type":"Article","@id":"https:\/\/buletin.de\/bucuresti\/lacul-morii-agrement-in-dorul-lelii\/#article","isPartOf":{"@id":"https:\/\/buletin.de\/bucuresti\/lacul-morii-agrement-in-dorul-lelii\/"},"author":{"name":"Ionu\u021b Lepa","@id":"https:\/\/buletin.de\/bucuresti\/#\/schema\/person\/5272b8a057b33890940b57b837fc4ce6"},"headline":"Lacul Morii, agrement \u00een dorul lelii","datePublished":"2019-09-21T16:43:30+00:00","dateModified":"2025-02-25T08:18:15+00:00","mainEntityOfPage":{"@id":"https:\/\/buletin.de\/bucuresti\/lacul-morii-agrement-in-dorul-lelii\/"},"wordCount":1129,"publisher":{"@id":"https:\/\/buletin.de\/bucuresti\/#organization"},"image":{"@id":"https:\/\/buletin.de\/bucuresti\/lacul-morii-agrement-in-dorul-lelii\/#primaryimage"},"thumbnailUrl":"https:\/\/buletin.de\/bucuresti\/wp-content\/uploads\/WhatsApp-Image-2019-09-20-at-10.48.521.jpg","keywords":["agrement","lacul","morii","timp liber","turism"],"articleSection":["Mediu","Reportaj"],"inLanguage":"en-GB","copyrightYear":"2019","copyrightHolder":{"@id":"https:\/\/buletin.de\/bucuresti\/#organization"}},{"@type":"WebPage","@id":"https:\/\/buletin.de\/bucuresti\/lacul-morii-agrement-in-dorul-lelii\/","url":"https:\/\/buletin.de\/bucuresti\/lacul-morii-agrement-in-dorul-lelii\/","name":"Lacul Morii, agrement \u00een dorul lelii - Buletin de Bucure\u0219ti","isPartOf":{"@id":"https:\/\/buletin.de\/bucuresti\/#website"},"primaryImageOfPage":{"@id":"https:\/\/buletin.de\/bucuresti\/lacul-morii-agrement-in-dorul-lelii\/#primaryimage"},"image":{"@id":"https:\/\/buletin.de\/bucuresti\/lacul-morii-agrement-in-dorul-lelii\/#primaryimage"},"thumbnailUrl":"https:\/\/buletin.de\/bucuresti\/wp-content\/uploads\/WhatsApp-Image-2019-09-20-at-10.48.521.jpg","datePublished":"2019-09-21T16:43:30+00:00","dateModified":"2025-02-25T08:18:15+00:00","breadcrumb":{"@id":"https:\/\/buletin.de\/bucuresti\/lacul-morii-agrement-in-dorul-lelii\/#breadcrumb"},"inLanguage":"en-GB","potentialAction":[{"@type":"ReadAction","target":["https:\/\/buletin.de\/bucuresti\/lacul-morii-agrement-in-dorul-lelii\/"]}]},{"@type":"ImageObject","inLanguage":"en-GB","@id":"https:\/\/buletin.de\/bucuresti\/lacul-morii-agrement-in-dorul-lelii\/#primaryimage","url":"https:\/\/buletin.de\/bucuresti\/wp-content\/uploads\/WhatsApp-Image-2019-09-20-at-10.48.521.jpg","contentUrl":"https:\/\/buletin.de\/bucuresti\/wp-content\/uploads\/WhatsApp-Image-2019-09-20-at-10.48.521.jpg","width":1600,"height":1060},{"@type":"BreadcrumbList","@id":"https:\/\/buletin.de\/bucuresti\/lacul-morii-agrement-in-dorul-lelii\/#breadcrumb","itemListElement":[{"@type":"ListItem","position":1,"name":"Acas\u0103","item":"https:\/\/buletin.de\/bucuresti\/"},{"@type":"ListItem","position":2,"name":"Lacul Morii, agrement \u00een dorul lelii"}]},{"@type":"WebSite","@id":"https:\/\/buletin.de\/bucuresti\/#website","url":"https:\/\/buletin.de\/bucuresti\/","name":"Buletin de Bucure\u0219ti","description":"\u0218tiri \u0219i investiga\u021bii esen\u021biale din capital\u0103","publisher":{"@id":"https:\/\/buletin.de\/bucuresti\/#organization"},"potentialAction":[{"@type":"SearchAction","target":{"@type":"EntryPoint","urlTemplate":"https:\/\/buletin.de\/bucuresti\/?s={search_term_string}"},"query-input":{"@type":"PropertyValueSpecification","valueRequired":true,"valueName":"search_term_string"}}],"inLanguage":"en-GB"},{"@type":"Organization","@id":"https:\/\/buletin.de\/bucuresti\/#organization","name":"Buletin de Bucure\u0219ti","url":"https:\/\/buletin.de\/bucuresti\/","logo":{"@type":"ImageObject","inLanguage":"en-GB","@id":"https:\/\/buletin.de\/bucuresti\/#\/schema\/logo\/image\/","url":"https:\/\/buletin.de\/bucuresti\/wp-content\/uploads\/logo-bdb-full-wide-vernil-transparent.png","contentUrl":"https:\/\/buletin.de\/bucuresti\/wp-content\/uploads\/logo-bdb-full-wide-vernil-transparent.png","width":1782,"height":626,"caption":"Buletin de Bucure\u0219ti"},"image":{"@id":"https:\/\/buletin.de\/bucuresti\/#\/schema\/logo\/image\/"},"sameAs":["https:\/\/www.facebook.com\/buletin.de.buc","https:\/\/www.instagram.com\/buletinde.bucuresti\/"]},{"@type":"Person","@id":"https:\/\/buletin.de\/bucuresti\/#\/schema\/person\/5272b8a057b33890940b57b837fc4ce6","name":"Ionu\u021b Lepa","image":{"@type":"ImageObject","inLanguage":"en-GB","@id":"https:\/\/buletin.de\/bucuresti\/wp-content\/uploads\/Ionut-Lepa-96x96.jpg5c4e4d9e049808799a8821652d2410a4","url":"https:\/\/buletin.de\/bucuresti\/wp-content\/uploads\/Ionut-Lepa-96x96.jpg","contentUrl":"https:\/\/buletin.de\/bucuresti\/wp-content\/uploads\/Ionut-Lepa-96x96.jpg","caption":"Ionu\u021b Lepa"},"url":"https:\/\/buletin.de\/bucuresti\/author\/ionutlepa\/"}]}},"authors":[{"term_id":22586,"user_id":8,"is_guest":0,"slug":"ionutlepa","display_name":"Ionu\u021b Lepa","avatar_url":"https:\/\/buletin.de\/bucuresti\/wp-content\/uploads\/Ionut-Lepa-96x96.jpg","0":null,"1":"","2":"","3":"","4":"","5":"","6":"","7":"","8":""}],"_links":{"self":[{"href":"https:\/\/buletin.de\/bucuresti\/wp-json\/wp\/v2\/posts\/1302","targetHints":{"allow":["GET"]}}],"collection":[{"href":"https:\/\/buletin.de\/bucuresti\/wp-json\/wp\/v2\/posts"}],"about":[{"href":"https:\/\/buletin.de\/bucuresti\/wp-json\/wp\/v2\/types\/post"}],"author":[{"embeddable":true,"href":"https:\/\/buletin.de\/bucuresti\/wp-json\/wp\/v2\/users\/8"}],"replies":[{"embeddable":true,"href":"https:\/\/buletin.de\/bucuresti\/wp-json\/wp\/v2\/comments?post=1302"}],"version-history":[{"count":7,"href":"https:\/\/buletin.de\/bucuresti\/wp-json\/wp\/v2\/posts\/1302\/revisions"}],"predecessor-version":[{"id":120012,"href":"https:\/\/buletin.de\/bucuresti\/wp-json\/wp\/v2\/posts\/1302\/revisions\/120012"}],"wp:featuredmedia":[{"embeddable":true,"href":"https:\/\/buletin.de\/bucuresti\/wp-json\/wp\/v2\/media\/1304"}],"wp:attachment":[{"href":"https:\/\/buletin.de\/bucuresti\/wp-json\/wp\/v2\/media?parent=1302"}],"wp:term":[{"taxonomy":"category","embeddable":true,"href":"https:\/\/buletin.de\/bucuresti\/wp-json\/wp\/v2\/categories?post=1302"},{"taxonomy":"post_tag","embeddable":true,"href":"https:\/\/buletin.de\/bucuresti\/wp-json\/wp\/v2\/tags?post=1302"},{"taxonomy":"author","embeddable":true,"href":"https:\/\/buletin.de\/bucuresti\/wp-json\/wp\/v2\/ppma_author?post=1302"}],"curies":[{"name":"wp","href":"https:\/\/api.w.org\/{rel}","templated":true}]}}