{"id":129997,"date":"2025-05-13T18:54:09","date_gmt":"2025-05-13T15:54:09","guid":{"rendered":"https:\/\/buletin.de\/bucuresti\/?p=129997"},"modified":"2025-05-30T09:24:42","modified_gmt":"2025-05-30T06:24:42","slug":"cele-mai-mari-atractii-la-west-side-flower-fest-2025-jack-si-vrejul-de-fasole-gradina-secreta-si-obiecte-uriase","status":"publish","type":"post","link":"https:\/\/buletin.de\/bucuresti\/cele-mai-mari-atractii-la-west-side-flower-fest-2025-jack-si-vrejul-de-fasole-gradina-secreta-si-obiecte-uriase\/","title":{"rendered":"Cele mai mari atrac\u021bii la West Side Flower Fest 2025. Jack \u0219i Vrejul de Fasole, \u201eGr\u0103dina Secret\u0103\u201d \u0219i obiecte uria\u0219e"},"content":{"rendered":"\n<p><strong>Noi atrac\u021bii la West Side Flower Fest 2025, ce va avea loc \u00een perioada 30 mai \u2013 1 iunie, \u00een Parcul Drumul Taberei din Sectorul 6. <\/strong><\/p>\n\n\n\n<p><strong>Tema general\u0103 a celei de a treia edi\u021bii este \u201eLiteratura\u201d \u015fi vor fi 15 gr\u0103dini tematice inspirate din romane \u0219i c\u0103r\u021bi de pove\u0219ti<\/strong>, precum <em>Micul Prin\u021b<\/em>, <em>Divina Comedie<\/em>, <em>Cronicile din Narnia<\/em> \u0219i <em>Legendele Olimpului<\/em>.<\/p>\n\n\n\n<p>Amenaj\u0103rile vor include \u0219i o carte uria\u0219\u0103 realizat\u0103 din flori, o vioar\u0103 de trei metri \u00een\u0103l\u021bime decorat\u0103 cu plante, dar \u0219i arcade florale care vor reprezenta Paradisul, Infernul \u0219i Purgatoriul. \u201eTotul pentru a v\u0103 oferi vou\u0103 un #spectacol de neratat!\u201d, potrivit Prim\u0103riei Sectorului 6<\/p>\n\n\n\n<p><strong>CITE\u0218TE \u0218I:<\/strong> <strong><a href=\"https:\/\/buletin.de\/bucuresti\/primaria-bucurestiului-isi-deschide-portile-de-noaptea-muzeelor\/\" target=\"_blank\" rel=\"noreferrer noopener\">Prim\u0103ria Bucure\u0219tiului \u00ee\u0219i deschide por\u021bile de Noaptea Muzeelor, pe 17 mai<\/a><\/strong><\/p>\n\n\n\n<h2 class=\"wp-block-heading\" id=\"h-atrac\u021bii-la-west-side-flower-fest-2025\">Atrac\u021bii la West Side Flower Fest 2025<\/h2>\n\n\n\n<p>12 dintre gr\u0103dini vor fi concepute de studen\u021bi din \u0219ase universit\u0103\u021bi de arhitectur\u0103 din \u021bar\u0103, \u00een parteneriat cu peisagi\u0219tii ADPDU Sector 6.<\/p>\n\n\n\n<figure class=\"wp-block-gallery has-nested-images columns-default is-cropped wp-block-gallery-1 is-layout-flex wp-block-gallery-is-layout-flex\">\n<figure class=\"wp-block-image size-full\"><a href=\"https:\/\/buletin.de\/bucuresti\/wp-content\/uploads\/2025\/05\/496295340_1106021978222405_668241998334500973_n.jpg\"><img fetchpriority=\"high\" decoding=\"async\" width=\"1600\" height=\"1066\" data-id=\"130013\" src=\"data:image\/gif;base64,R0lGODlhAQABAAAAACH5BAEKAAEALAAAAAABAAEAAAICTAEAOw==\" data-src=\"https:\/\/buletin.de\/bucuresti\/wp-content\/uploads\/2025\/05\/496295340_1106021978222405_668241998334500973_n.jpg\" alt=\"West Side Flower Fest\" class=\"wp-image-130013 lazyload\" data-sizes=\"auto\" data-srcset=\"https:\/\/buletin.de\/bucuresti\/wp-content\/uploads\/2025\/05\/496295340_1106021978222405_668241998334500973_n.jpg 1600w, https:\/\/buletin.de\/bucuresti\/wp-content\/uploads\/2025\/05\/496295340_1106021978222405_668241998334500973_n-300x200.jpg 300w, https:\/\/buletin.de\/bucuresti\/wp-content\/uploads\/2025\/05\/496295340_1106021978222405_668241998334500973_n-1000x666.jpg 1000w, https:\/\/buletin.de\/bucuresti\/wp-content\/uploads\/2025\/05\/496295340_1106021978222405_668241998334500973_n-768x512.jpg 768w, https:\/\/buletin.de\/bucuresti\/wp-content\/uploads\/2025\/05\/496295340_1106021978222405_668241998334500973_n-1536x1023.jpg 1536w, https:\/\/buletin.de\/bucuresti\/wp-content\/uploads\/2025\/05\/496295340_1106021978222405_668241998334500973_n-1100x733.jpg 1100w, https:\/\/buletin.de\/bucuresti\/wp-content\/uploads\/2025\/05\/496295340_1106021978222405_668241998334500973_n-600x400.jpg 600w, https:\/\/buletin.de\/bucuresti\/wp-content\/uploads\/2025\/05\/496295340_1106021978222405_668241998334500973_n-20x13.jpg 20w\" sizes=\"(max-width: 1600px) 100vw, 1600px\" \/><\/a><\/figure>\n\n\n\n<figure class=\"wp-block-image size-full\"><a href=\"https:\/\/buletin.de\/bucuresti\/wp-content\/uploads\/2025\/05\/496455621_1106022114889058_2148083293066561996_n.jpg\"><img decoding=\"async\" width=\"1600\" height=\"1066\" data-id=\"130014\" src=\"data:image\/gif;base64,R0lGODlhAQABAAAAACH5BAEKAAEALAAAAAABAAEAAAICTAEAOw==\" data-src=\"https:\/\/buletin.de\/bucuresti\/wp-content\/uploads\/2025\/05\/496455621_1106022114889058_2148083293066561996_n.jpg\" alt=\"\" class=\"wp-image-130014 lazyload\" data-sizes=\"auto\" data-srcset=\"https:\/\/buletin.de\/bucuresti\/wp-content\/uploads\/2025\/05\/496455621_1106022114889058_2148083293066561996_n.jpg 1600w, https:\/\/buletin.de\/bucuresti\/wp-content\/uploads\/2025\/05\/496455621_1106022114889058_2148083293066561996_n-300x200.jpg 300w, https:\/\/buletin.de\/bucuresti\/wp-content\/uploads\/2025\/05\/496455621_1106022114889058_2148083293066561996_n-1000x666.jpg 1000w, https:\/\/buletin.de\/bucuresti\/wp-content\/uploads\/2025\/05\/496455621_1106022114889058_2148083293066561996_n-768x512.jpg 768w, https:\/\/buletin.de\/bucuresti\/wp-content\/uploads\/2025\/05\/496455621_1106022114889058_2148083293066561996_n-1536x1023.jpg 1536w, https:\/\/buletin.de\/bucuresti\/wp-content\/uploads\/2025\/05\/496455621_1106022114889058_2148083293066561996_n-1100x733.jpg 1100w, https:\/\/buletin.de\/bucuresti\/wp-content\/uploads\/2025\/05\/496455621_1106022114889058_2148083293066561996_n-600x400.jpg 600w, https:\/\/buletin.de\/bucuresti\/wp-content\/uploads\/2025\/05\/496455621_1106022114889058_2148083293066561996_n-20x13.jpg 20w\" sizes=\"(max-width: 1600px) 100vw, 1600px\" \/><\/a><\/figure>\n<figcaption class=\"blocks-gallery-caption wp-element-caption\">West Side Flower Fest. Foto: PS6<\/figcaption><\/figure>\n\n\n\n<p>Publicul va putea vota gr\u0103dinile preferate, iar cele mai apreciate vor fi premiate.<\/p>\n\n\n\n<p>Evenimentul va include \u0219i o gr\u0103din\u0103 senzorial\u0103 dedicat\u0103 persoanelor cu dizabilit\u0103\u021bi, realizat\u0103 cu sprijinul unui nev\u0103z\u0103tor, precum \u0219i gr\u0103dini tematice create de DGASPC Sector 6 \u0219i artista Monica R\u0103du\u021b\u0103.<\/p>\n\n\n\n<p>Pe l\u00e2ng\u0103 decorurile florale, la festival vor avea loc \u0219i proiec\u021bii spectaculoase pe ap\u0103, decora\u021biuni gigant, un labirint floral, ateliere gratuite pentru copii, concerte \u0219i spectacole.<\/p>\n\n\n\n<p>Organizatorii estimeaz\u0103 c\u0103 vor folosi peste 100.000 de flori, iar la amenajare vor contribui florari profesioni\u0219ti, studen\u021bi, profesori \u0219i echipele ADPDU \u0219i DGASPC Sector 6.<\/p>\n\n\n\n<p><em>\u201eToate evenimentele pe care le organiz\u0103m \u00een Sectorul 6 sunt de calitate, educative, frumoase. Promov\u0103m sportul, cultura, respectul fa\u021b\u0103 de natur\u0103! Cea de-a treia edi\u021bie West Side Flower Fest vine cu decoruri mai complexe, mai spectaculoase dec\u00e2t tot ce a\u021bi v\u0103zut p\u00e2n\u0103 acum\u201d<\/em>, a <a href=\"https:\/\/www.facebook.com\/PrimariaSectorului6\/posts\/pfbid031gsiALjPZLNxb32iynkqRERsCXrzGGyyVBkWMvcu6dknzN75QQk2jV2FW7jX86gfl\">declarat primarul Ciprian Ciucu<\/a>.<\/p>\n\n\n\n<p>Accesul la eveniment este gratuit.<\/p>\n\n\n\n<p><strong>CITE\u0218TE \u0218I: <a href=\"https:\/\/buletin.de\/bucuresti\/un-sondaj-pentru-turul-al-doilea-il-plaseaza-pe-primarul-bucurestiului-la-egalitate-cu-george-simion\/\" target=\"_blank\" rel=\"noreferrer noopener\">Un sondaj pentru turul al doilea \u00eel plaseaz\u0103 pe primarul Bucure\u0219tiului la egalitate cu George Simion<\/a><\/strong><\/p>\n\n\n\n<p><\/p>\n","protected":false},"excerpt":{"rendered":"<p>Noi atrac\u021bii la West Side Flower Fest 2025, ce va avea loc \u00een perioada 30 mai \u2013 1 iunie, \u00een Parcul Drumul Taberei din Sectorul 6. Tema general\u0103 a celei de a treia edi\u021bii este \u201eLiteratura\u201d \u015fi vor fi 15 gr\u0103dini tematice inspirate din romane \u0219i c\u0103r\u021bi de pove\u0219ti, precum Micul Prin\u021b, Divina Comedie, Cronicile [&hellip;]<\/p>\n","protected":false},"author":1,"featured_media":130012,"comment_status":"closed","ping_status":"open","sticky":false,"template":"","format":"standard","meta":{"_acf_changed":false,"inline_featured_image":false,"ngg_post_thumbnail":0,"footnotes":""},"categories":[6994,5762,24],"tags":[1492,6349,5784,21305],"ppma_author":[22583],"class_list":["post-129997","post","type-post","status-publish","format-standard","has-post-thumbnail","hentry","category-stiri-2","category-main","category-primarie","tag-drumul-taberei","tag-parcul-drumul-taberei","tag-west-side-flower-fest","tag-west-side-hallo-fest-2025"],"acf":[],"yoast_head":"<!-- This site is optimized with the Yoast SEO Premium plugin v25.3 (Yoast SEO v27.4) - https:\/\/yoast.com\/product\/yoast-seo-premium-wordpress\/ -->\n<title>Cele mai mari atrac\u021bii la West Side Flower Fest 2025. Jack \u0219i Vrejul de Fasole, \u201eGr\u0103dina Secret\u0103\u201d \u0219i obiecte uria\u0219e - Buletin de Bucure\u0219ti<\/title>\n<meta name=\"description\" content=\"Noi atrac\u021bii la West Side Flower Fest 2025, ce va avea loc \u00een perioada 30 mai \u2013 1 iunie, \u00een Parcul Drumul Taberei din Sectorul 6.\" \/>\n<meta name=\"robots\" content=\"index, follow, max-snippet:-1, max-image-preview:large, max-video-preview:-1\" \/>\n<link rel=\"canonical\" href=\"https:\/\/buletin.de\/bucuresti\/cele-mai-mari-atractii-la-west-side-flower-fest-2025-jack-si-vrejul-de-fasole-gradina-secreta-si-obiecte-uriase\/\" \/>\n<meta property=\"og:locale\" content=\"en_GB\" \/>\n<meta property=\"og:type\" content=\"article\" \/>\n<meta property=\"og:title\" content=\"Cele mai mari atrac\u021bii la West Side Flower Fest 2025. Jack \u0219i Vrejul de Fasole, \u201eGr\u0103dina Secret\u0103\u201d \u0219i obiecte uria\u0219e\" \/>\n<meta property=\"og:description\" content=\"Noi atrac\u021bii la West Side Flower Fest 2025, ce va avea loc \u00een perioada 30 mai \u2013 1 iunie, \u00een Parcul Drumul Taberei din Sectorul 6.\" \/>\n<meta property=\"og:url\" content=\"https:\/\/buletin.de\/bucuresti\/cele-mai-mari-atractii-la-west-side-flower-fest-2025-jack-si-vrejul-de-fasole-gradina-secreta-si-obiecte-uriase\/\" \/>\n<meta property=\"og:site_name\" content=\"Buletin de Bucure\u0219ti\" \/>\n<meta property=\"article:publisher\" content=\"https:\/\/www.facebook.com\/buletin.de.buc\" \/>\n<meta property=\"article:published_time\" content=\"2025-05-13T15:54:09+00:00\" \/>\n<meta property=\"article:modified_time\" content=\"2025-05-30T06:24:42+00:00\" \/>\n<meta property=\"og:image\" content=\"https:\/\/buletin.de\/bucuresti\/wp-content\/uploads\/2025\/05\/496933436_1106022054889064_2742695704762299959_n.jpg\" \/>\n\t<meta property=\"og:image:width\" content=\"1600\" \/>\n\t<meta property=\"og:image:height\" content=\"1065\" \/>\n\t<meta property=\"og:image:type\" content=\"image\/jpeg\" \/>\n<meta name=\"author\" content=\"Redac\u021bia Buletin de Bucure\u0219ti\" \/>\n<meta name=\"twitter:card\" content=\"summary_large_image\" \/>\n<meta name=\"twitter:label1\" content=\"Written by\" \/>\n\t<meta name=\"twitter:data1\" content=\"Redac\u021bia Buletin de Bucure\u0219ti\" \/>\n\t<meta name=\"twitter:label2\" content=\"Estimated reading time\" \/>\n\t<meta name=\"twitter:data2\" content=\"2 minutes\" \/>\n<script type=\"application\/ld+json\" class=\"yoast-schema-graph\">{\"@context\":\"https:\\\/\\\/schema.org\",\"@graph\":[{\"@type\":\"Article\",\"@id\":\"https:\\\/\\\/buletin.de\\\/bucuresti\\\/cele-mai-mari-atractii-la-west-side-flower-fest-2025-jack-si-vrejul-de-fasole-gradina-secreta-si-obiecte-uriase\\\/#article\",\"isPartOf\":{\"@id\":\"https:\\\/\\\/buletin.de\\\/bucuresti\\\/cele-mai-mari-atractii-la-west-side-flower-fest-2025-jack-si-vrejul-de-fasole-gradina-secreta-si-obiecte-uriase\\\/\"},\"author\":{\"name\":\"Redac\u021bia Buletin de Bucure\u0219ti\",\"@id\":\"https:\\\/\\\/buletin.de\\\/bucuresti\\\/#\\\/schema\\\/person\\\/2bbcf854e5f2419a13804af574d06ab1\"},\"headline\":\"Cele mai mari atrac\u021bii la West Side Flower Fest 2025. Jack \u0219i Vrejul de Fasole, \u201eGr\u0103dina Secret\u0103\u201d \u0219i obiecte uria\u0219e\",\"datePublished\":\"2025-05-13T15:54:09+00:00\",\"dateModified\":\"2025-05-30T06:24:42+00:00\",\"mainEntityOfPage\":{\"@id\":\"https:\\\/\\\/buletin.de\\\/bucuresti\\\/cele-mai-mari-atractii-la-west-side-flower-fest-2025-jack-si-vrejul-de-fasole-gradina-secreta-si-obiecte-uriase\\\/\"},\"wordCount\":363,\"publisher\":{\"@id\":\"https:\\\/\\\/buletin.de\\\/bucuresti\\\/#organization\"},\"image\":{\"@id\":\"https:\\\/\\\/buletin.de\\\/bucuresti\\\/cele-mai-mari-atractii-la-west-side-flower-fest-2025-jack-si-vrejul-de-fasole-gradina-secreta-si-obiecte-uriase\\\/#primaryimage\"},\"thumbnailUrl\":\"https:\\\/\\\/buletin.de\\\/bucuresti\\\/wp-content\\\/uploads\\\/2025\\\/05\\\/496933436_1106022054889064_2742695704762299959_n.jpg\",\"keywords\":[\"drumul taberei\",\"parcul drumul taberei\",\"west side flower fest\",\"west side hallo fest 2025\"],\"articleSection\":[\"Articole\",\"Main\",\"Prim\u0103rie\"],\"inLanguage\":\"en-GB\",\"copyrightYear\":\"2025\",\"copyrightHolder\":{\"@id\":\"https:\\\/\\\/buletin.de\\\/bucuresti\\\/#organization\"}},{\"@type\":\"WebPage\",\"@id\":\"https:\\\/\\\/buletin.de\\\/bucuresti\\\/cele-mai-mari-atractii-la-west-side-flower-fest-2025-jack-si-vrejul-de-fasole-gradina-secreta-si-obiecte-uriase\\\/\",\"url\":\"https:\\\/\\\/buletin.de\\\/bucuresti\\\/cele-mai-mari-atractii-la-west-side-flower-fest-2025-jack-si-vrejul-de-fasole-gradina-secreta-si-obiecte-uriase\\\/\",\"name\":\"Cele mai mari atrac\u021bii la West Side Flower Fest 2025. Jack \u0219i Vrejul de Fasole, \u201eGr\u0103dina Secret\u0103\u201d \u0219i obiecte uria\u0219e - Buletin de Bucure\u0219ti\",\"isPartOf\":{\"@id\":\"https:\\\/\\\/buletin.de\\\/bucuresti\\\/#website\"},\"primaryImageOfPage\":{\"@id\":\"https:\\\/\\\/buletin.de\\\/bucuresti\\\/cele-mai-mari-atractii-la-west-side-flower-fest-2025-jack-si-vrejul-de-fasole-gradina-secreta-si-obiecte-uriase\\\/#primaryimage\"},\"image\":{\"@id\":\"https:\\\/\\\/buletin.de\\\/bucuresti\\\/cele-mai-mari-atractii-la-west-side-flower-fest-2025-jack-si-vrejul-de-fasole-gradina-secreta-si-obiecte-uriase\\\/#primaryimage\"},\"thumbnailUrl\":\"https:\\\/\\\/buletin.de\\\/bucuresti\\\/wp-content\\\/uploads\\\/2025\\\/05\\\/496933436_1106022054889064_2742695704762299959_n.jpg\",\"datePublished\":\"2025-05-13T15:54:09+00:00\",\"dateModified\":\"2025-05-30T06:24:42+00:00\",\"description\":\"Noi atrac\u021bii la West Side Flower Fest 2025, ce va avea loc \u00een perioada 30 mai \u2013 1 iunie, \u00een Parcul Drumul Taberei din Sectorul 6.\",\"breadcrumb\":{\"@id\":\"https:\\\/\\\/buletin.de\\\/bucuresti\\\/cele-mai-mari-atractii-la-west-side-flower-fest-2025-jack-si-vrejul-de-fasole-gradina-secreta-si-obiecte-uriase\\\/#breadcrumb\"},\"inLanguage\":\"en-GB\",\"potentialAction\":[{\"@type\":\"ReadAction\",\"target\":[\"https:\\\/\\\/buletin.de\\\/bucuresti\\\/cele-mai-mari-atractii-la-west-side-flower-fest-2025-jack-si-vrejul-de-fasole-gradina-secreta-si-obiecte-uriase\\\/\"]}]},{\"@type\":\"ImageObject\",\"inLanguage\":\"en-GB\",\"@id\":\"https:\\\/\\\/buletin.de\\\/bucuresti\\\/cele-mai-mari-atractii-la-west-side-flower-fest-2025-jack-si-vrejul-de-fasole-gradina-secreta-si-obiecte-uriase\\\/#primaryimage\",\"url\":\"https:\\\/\\\/buletin.de\\\/bucuresti\\\/wp-content\\\/uploads\\\/2025\\\/05\\\/496933436_1106022054889064_2742695704762299959_n.jpg\",\"contentUrl\":\"https:\\\/\\\/buletin.de\\\/bucuresti\\\/wp-content\\\/uploads\\\/2025\\\/05\\\/496933436_1106022054889064_2742695704762299959_n.jpg\",\"width\":1600,\"height\":1065,\"caption\":\"West Side Flower Fest 2025: Jack \u0219i Vrejul de Fasole, \u201eGr\u0103dina Secret\u0103\u201d \u0219i obiecte uria\u0219e. Foto: PS6\"},{\"@type\":\"BreadcrumbList\",\"@id\":\"https:\\\/\\\/buletin.de\\\/bucuresti\\\/cele-mai-mari-atractii-la-west-side-flower-fest-2025-jack-si-vrejul-de-fasole-gradina-secreta-si-obiecte-uriase\\\/#breadcrumb\",\"itemListElement\":[{\"@type\":\"ListItem\",\"position\":1,\"name\":\"Acas\u0103\",\"item\":\"https:\\\/\\\/buletin.de\\\/bucuresti\\\/\"},{\"@type\":\"ListItem\",\"position\":2,\"name\":\"Cele mai mari atrac\u021bii la West Side Flower Fest 2025. Jack \u0219i Vrejul de Fasole, \u201eGr\u0103dina Secret\u0103\u201d \u0219i obiecte uria\u0219e\"}]},{\"@type\":\"WebSite\",\"@id\":\"https:\\\/\\\/buletin.de\\\/bucuresti\\\/#website\",\"url\":\"https:\\\/\\\/buletin.de\\\/bucuresti\\\/\",\"name\":\"Buletin de Bucure\u0219ti\",\"description\":\"\u0218tiri \u0219i investiga\u021bii esen\u021biale din capital\u0103\",\"publisher\":{\"@id\":\"https:\\\/\\\/buletin.de\\\/bucuresti\\\/#organization\"},\"potentialAction\":[{\"@type\":\"SearchAction\",\"target\":{\"@type\":\"EntryPoint\",\"urlTemplate\":\"https:\\\/\\\/buletin.de\\\/bucuresti\\\/?s={search_term_string}\"},\"query-input\":{\"@type\":\"PropertyValueSpecification\",\"valueRequired\":true,\"valueName\":\"search_term_string\"}}],\"inLanguage\":\"en-GB\"},{\"@type\":\"Organization\",\"@id\":\"https:\\\/\\\/buletin.de\\\/bucuresti\\\/#organization\",\"name\":\"Buletin de Bucure\u0219ti\",\"url\":\"https:\\\/\\\/buletin.de\\\/bucuresti\\\/\",\"logo\":{\"@type\":\"ImageObject\",\"inLanguage\":\"en-GB\",\"@id\":\"https:\\\/\\\/buletin.de\\\/bucuresti\\\/#\\\/schema\\\/logo\\\/image\\\/\",\"url\":\"https:\\\/\\\/buletin.de\\\/bucuresti\\\/wp-content\\\/uploads\\\/logo-bdb-full-wide-vernil-transparent.png\",\"contentUrl\":\"https:\\\/\\\/buletin.de\\\/bucuresti\\\/wp-content\\\/uploads\\\/logo-bdb-full-wide-vernil-transparent.png\",\"width\":1782,\"height\":626,\"caption\":\"Buletin de Bucure\u0219ti\"},\"image\":{\"@id\":\"https:\\\/\\\/buletin.de\\\/bucuresti\\\/#\\\/schema\\\/logo\\\/image\\\/\"},\"sameAs\":[\"https:\\\/\\\/www.facebook.com\\\/buletin.de.buc\",\"https:\\\/\\\/www.instagram.com\\\/buletinde.bucuresti\\\/\"]},{\"@type\":\"Person\",\"@id\":\"https:\\\/\\\/buletin.de\\\/bucuresti\\\/#\\\/schema\\\/person\\\/2bbcf854e5f2419a13804af574d06ab1\",\"name\":\"Redac\u021bia Buletin de Bucure\u0219ti\",\"image\":{\"@type\":\"ImageObject\",\"inLanguage\":\"en-GB\",\"@id\":\"https:\\\/\\\/secure.gravatar.com\\\/avatar\\\/18c5342381ed1a08620e6280424e3e5efc958618f5d67c522c9e44c1bc6f9226?s=96&d=monsterid&r=g60c7cd0ad92c68c049fcd4bb3504d609\",\"url\":\"https:\\\/\\\/secure.gravatar.com\\\/avatar\\\/18c5342381ed1a08620e6280424e3e5efc958618f5d67c522c9e44c1bc6f9226?s=96&d=monsterid&r=g\",\"contentUrl\":\"https:\\\/\\\/secure.gravatar.com\\\/avatar\\\/18c5342381ed1a08620e6280424e3e5efc958618f5d67c522c9e44c1bc6f9226?s=96&d=monsterid&r=g\",\"caption\":\"Redac\u021bia Buletin de Bucure\u0219ti\"},\"description\":\"Buletin de Bucure\u0219ti exist\u0103 din vara anului 2019.\",\"url\":\"https:\\\/\\\/buletin.de\\\/bucuresti\\\/author\\\/adminbuletin\\\/\"}]}<\/script>\n<!-- \/ Yoast SEO Premium plugin. -->","yoast_head_json":{"title":"Cele mai mari atrac\u021bii la West Side Flower Fest 2025. Jack \u0219i Vrejul de Fasole, \u201eGr\u0103dina Secret\u0103\u201d \u0219i obiecte uria\u0219e - Buletin de Bucure\u0219ti","description":"Noi atrac\u021bii la West Side Flower Fest 2025, ce va avea loc \u00een perioada 30 mai \u2013 1 iunie, \u00een Parcul Drumul Taberei din Sectorul 6.","robots":{"index":"index","follow":"follow","max-snippet":"max-snippet:-1","max-image-preview":"max-image-preview:large","max-video-preview":"max-video-preview:-1"},"canonical":"https:\/\/buletin.de\/bucuresti\/cele-mai-mari-atractii-la-west-side-flower-fest-2025-jack-si-vrejul-de-fasole-gradina-secreta-si-obiecte-uriase\/","og_locale":"en_GB","og_type":"article","og_title":"Cele mai mari atrac\u021bii la West Side Flower Fest 2025. Jack \u0219i Vrejul de Fasole, \u201eGr\u0103dina Secret\u0103\u201d \u0219i obiecte uria\u0219e","og_description":"Noi atrac\u021bii la West Side Flower Fest 2025, ce va avea loc \u00een perioada 30 mai \u2013 1 iunie, \u00een Parcul Drumul Taberei din Sectorul 6.","og_url":"https:\/\/buletin.de\/bucuresti\/cele-mai-mari-atractii-la-west-side-flower-fest-2025-jack-si-vrejul-de-fasole-gradina-secreta-si-obiecte-uriase\/","og_site_name":"Buletin de Bucure\u0219ti","article_publisher":"https:\/\/www.facebook.com\/buletin.de.buc","article_published_time":"2025-05-13T15:54:09+00:00","article_modified_time":"2025-05-30T06:24:42+00:00","og_image":[{"width":1600,"height":1065,"url":"https:\/\/buletin.de\/bucuresti\/wp-content\/uploads\/2025\/05\/496933436_1106022054889064_2742695704762299959_n.jpg","type":"image\/jpeg"}],"author":"Redac\u021bia Buletin de Bucure\u0219ti","twitter_card":"summary_large_image","twitter_misc":{"Written by":"Redac\u021bia Buletin de Bucure\u0219ti","Estimated reading time":"2 minutes"},"schema":{"@context":"https:\/\/schema.org","@graph":[{"@type":"Article","@id":"https:\/\/buletin.de\/bucuresti\/cele-mai-mari-atractii-la-west-side-flower-fest-2025-jack-si-vrejul-de-fasole-gradina-secreta-si-obiecte-uriase\/#article","isPartOf":{"@id":"https:\/\/buletin.de\/bucuresti\/cele-mai-mari-atractii-la-west-side-flower-fest-2025-jack-si-vrejul-de-fasole-gradina-secreta-si-obiecte-uriase\/"},"author":{"name":"Redac\u021bia Buletin de Bucure\u0219ti","@id":"https:\/\/buletin.de\/bucuresti\/#\/schema\/person\/2bbcf854e5f2419a13804af574d06ab1"},"headline":"Cele mai mari atrac\u021bii la West Side Flower Fest 2025. Jack \u0219i Vrejul de Fasole, \u201eGr\u0103dina Secret\u0103\u201d \u0219i obiecte uria\u0219e","datePublished":"2025-05-13T15:54:09+00:00","dateModified":"2025-05-30T06:24:42+00:00","mainEntityOfPage":{"@id":"https:\/\/buletin.de\/bucuresti\/cele-mai-mari-atractii-la-west-side-flower-fest-2025-jack-si-vrejul-de-fasole-gradina-secreta-si-obiecte-uriase\/"},"wordCount":363,"publisher":{"@id":"https:\/\/buletin.de\/bucuresti\/#organization"},"image":{"@id":"https:\/\/buletin.de\/bucuresti\/cele-mai-mari-atractii-la-west-side-flower-fest-2025-jack-si-vrejul-de-fasole-gradina-secreta-si-obiecte-uriase\/#primaryimage"},"thumbnailUrl":"https:\/\/buletin.de\/bucuresti\/wp-content\/uploads\/2025\/05\/496933436_1106022054889064_2742695704762299959_n.jpg","keywords":["drumul taberei","parcul drumul taberei","west side flower fest","west side hallo fest 2025"],"articleSection":["Articole","Main","Prim\u0103rie"],"inLanguage":"en-GB","copyrightYear":"2025","copyrightHolder":{"@id":"https:\/\/buletin.de\/bucuresti\/#organization"}},{"@type":"WebPage","@id":"https:\/\/buletin.de\/bucuresti\/cele-mai-mari-atractii-la-west-side-flower-fest-2025-jack-si-vrejul-de-fasole-gradina-secreta-si-obiecte-uriase\/","url":"https:\/\/buletin.de\/bucuresti\/cele-mai-mari-atractii-la-west-side-flower-fest-2025-jack-si-vrejul-de-fasole-gradina-secreta-si-obiecte-uriase\/","name":"Cele mai mari atrac\u021bii la West Side Flower Fest 2025. Jack \u0219i Vrejul de Fasole, \u201eGr\u0103dina Secret\u0103\u201d \u0219i obiecte uria\u0219e - Buletin de Bucure\u0219ti","isPartOf":{"@id":"https:\/\/buletin.de\/bucuresti\/#website"},"primaryImageOfPage":{"@id":"https:\/\/buletin.de\/bucuresti\/cele-mai-mari-atractii-la-west-side-flower-fest-2025-jack-si-vrejul-de-fasole-gradina-secreta-si-obiecte-uriase\/#primaryimage"},"image":{"@id":"https:\/\/buletin.de\/bucuresti\/cele-mai-mari-atractii-la-west-side-flower-fest-2025-jack-si-vrejul-de-fasole-gradina-secreta-si-obiecte-uriase\/#primaryimage"},"thumbnailUrl":"https:\/\/buletin.de\/bucuresti\/wp-content\/uploads\/2025\/05\/496933436_1106022054889064_2742695704762299959_n.jpg","datePublished":"2025-05-13T15:54:09+00:00","dateModified":"2025-05-30T06:24:42+00:00","description":"Noi atrac\u021bii la West Side Flower Fest 2025, ce va avea loc \u00een perioada 30 mai \u2013 1 iunie, \u00een Parcul Drumul Taberei din Sectorul 6.","breadcrumb":{"@id":"https:\/\/buletin.de\/bucuresti\/cele-mai-mari-atractii-la-west-side-flower-fest-2025-jack-si-vrejul-de-fasole-gradina-secreta-si-obiecte-uriase\/#breadcrumb"},"inLanguage":"en-GB","potentialAction":[{"@type":"ReadAction","target":["https:\/\/buletin.de\/bucuresti\/cele-mai-mari-atractii-la-west-side-flower-fest-2025-jack-si-vrejul-de-fasole-gradina-secreta-si-obiecte-uriase\/"]}]},{"@type":"ImageObject","inLanguage":"en-GB","@id":"https:\/\/buletin.de\/bucuresti\/cele-mai-mari-atractii-la-west-side-flower-fest-2025-jack-si-vrejul-de-fasole-gradina-secreta-si-obiecte-uriase\/#primaryimage","url":"https:\/\/buletin.de\/bucuresti\/wp-content\/uploads\/2025\/05\/496933436_1106022054889064_2742695704762299959_n.jpg","contentUrl":"https:\/\/buletin.de\/bucuresti\/wp-content\/uploads\/2025\/05\/496933436_1106022054889064_2742695704762299959_n.jpg","width":1600,"height":1065,"caption":"West Side Flower Fest 2025: Jack \u0219i Vrejul de Fasole, \u201eGr\u0103dina Secret\u0103\u201d \u0219i obiecte uria\u0219e. Foto: PS6"},{"@type":"BreadcrumbList","@id":"https:\/\/buletin.de\/bucuresti\/cele-mai-mari-atractii-la-west-side-flower-fest-2025-jack-si-vrejul-de-fasole-gradina-secreta-si-obiecte-uriase\/#breadcrumb","itemListElement":[{"@type":"ListItem","position":1,"name":"Acas\u0103","item":"https:\/\/buletin.de\/bucuresti\/"},{"@type":"ListItem","position":2,"name":"Cele mai mari atrac\u021bii la West Side Flower Fest 2025. Jack \u0219i Vrejul de Fasole, \u201eGr\u0103dina Secret\u0103\u201d \u0219i obiecte uria\u0219e"}]},{"@type":"WebSite","@id":"https:\/\/buletin.de\/bucuresti\/#website","url":"https:\/\/buletin.de\/bucuresti\/","name":"Buletin de Bucure\u0219ti","description":"\u0218tiri \u0219i investiga\u021bii esen\u021biale din capital\u0103","publisher":{"@id":"https:\/\/buletin.de\/bucuresti\/#organization"},"potentialAction":[{"@type":"SearchAction","target":{"@type":"EntryPoint","urlTemplate":"https:\/\/buletin.de\/bucuresti\/?s={search_term_string}"},"query-input":{"@type":"PropertyValueSpecification","valueRequired":true,"valueName":"search_term_string"}}],"inLanguage":"en-GB"},{"@type":"Organization","@id":"https:\/\/buletin.de\/bucuresti\/#organization","name":"Buletin de Bucure\u0219ti","url":"https:\/\/buletin.de\/bucuresti\/","logo":{"@type":"ImageObject","inLanguage":"en-GB","@id":"https:\/\/buletin.de\/bucuresti\/#\/schema\/logo\/image\/","url":"https:\/\/buletin.de\/bucuresti\/wp-content\/uploads\/logo-bdb-full-wide-vernil-transparent.png","contentUrl":"https:\/\/buletin.de\/bucuresti\/wp-content\/uploads\/logo-bdb-full-wide-vernil-transparent.png","width":1782,"height":626,"caption":"Buletin de Bucure\u0219ti"},"image":{"@id":"https:\/\/buletin.de\/bucuresti\/#\/schema\/logo\/image\/"},"sameAs":["https:\/\/www.facebook.com\/buletin.de.buc","https:\/\/www.instagram.com\/buletinde.bucuresti\/"]},{"@type":"Person","@id":"https:\/\/buletin.de\/bucuresti\/#\/schema\/person\/2bbcf854e5f2419a13804af574d06ab1","name":"Redac\u021bia Buletin de Bucure\u0219ti","image":{"@type":"ImageObject","inLanguage":"en-GB","@id":"https:\/\/secure.gravatar.com\/avatar\/18c5342381ed1a08620e6280424e3e5efc958618f5d67c522c9e44c1bc6f9226?s=96&d=monsterid&r=g60c7cd0ad92c68c049fcd4bb3504d609","url":"https:\/\/secure.gravatar.com\/avatar\/18c5342381ed1a08620e6280424e3e5efc958618f5d67c522c9e44c1bc6f9226?s=96&d=monsterid&r=g","contentUrl":"https:\/\/secure.gravatar.com\/avatar\/18c5342381ed1a08620e6280424e3e5efc958618f5d67c522c9e44c1bc6f9226?s=96&d=monsterid&r=g","caption":"Redac\u021bia Buletin de Bucure\u0219ti"},"description":"Buletin de Bucure\u0219ti exist\u0103 din vara anului 2019.","url":"https:\/\/buletin.de\/bucuresti\/author\/adminbuletin\/"}]}},"authors":[{"term_id":22583,"user_id":1,"is_guest":0,"slug":"adminbuletin","display_name":"Redac\u021bia Buletin de Bucure\u0219ti","avatar_url":"https:\/\/secure.gravatar.com\/avatar\/18c5342381ed1a08620e6280424e3e5efc958618f5d67c522c9e44c1bc6f9226?s=96&d=monsterid&r=g","0":null,"1":"","2":"","3":"","4":"","5":"","6":"","7":"","8":""}],"_links":{"self":[{"href":"https:\/\/buletin.de\/bucuresti\/wp-json\/wp\/v2\/posts\/129997","targetHints":{"allow":["GET"]}}],"collection":[{"href":"https:\/\/buletin.de\/bucuresti\/wp-json\/wp\/v2\/posts"}],"about":[{"href":"https:\/\/buletin.de\/bucuresti\/wp-json\/wp\/v2\/types\/post"}],"author":[{"embeddable":true,"href":"https:\/\/buletin.de\/bucuresti\/wp-json\/wp\/v2\/users\/1"}],"replies":[{"embeddable":true,"href":"https:\/\/buletin.de\/bucuresti\/wp-json\/wp\/v2\/comments?post=129997"}],"version-history":[{"count":8,"href":"https:\/\/buletin.de\/bucuresti\/wp-json\/wp\/v2\/posts\/129997\/revisions"}],"predecessor-version":[{"id":132468,"href":"https:\/\/buletin.de\/bucuresti\/wp-json\/wp\/v2\/posts\/129997\/revisions\/132468"}],"wp:featuredmedia":[{"embeddable":true,"href":"https:\/\/buletin.de\/bucuresti\/wp-json\/wp\/v2\/media\/130012"}],"wp:attachment":[{"href":"https:\/\/buletin.de\/bucuresti\/wp-json\/wp\/v2\/media?parent=129997"}],"wp:term":[{"taxonomy":"category","embeddable":true,"href":"https:\/\/buletin.de\/bucuresti\/wp-json\/wp\/v2\/categories?post=129997"},{"taxonomy":"post_tag","embeddable":true,"href":"https:\/\/buletin.de\/bucuresti\/wp-json\/wp\/v2\/tags?post=129997"},{"taxonomy":"author","embeddable":true,"href":"https:\/\/buletin.de\/bucuresti\/wp-json\/wp\/v2\/ppma_author?post=129997"}],"curies":[{"name":"wp","href":"https:\/\/api.w.org\/{rel}","templated":true}]}}