{"id":129880,"date":"2025-05-12T16:06:29","date_gmt":"2025-05-12T13:06:29","guid":{"rendered":"https:\/\/buletin.de\/bucuresti\/?p=129880"},"modified":"2025-05-13T07:44:52","modified_gmt":"2025-05-13T04:44:52","slug":"video-george-simion-a-sarit-peste-rand-la-controlul-de-frontiera-de-pe-aeroportul-otopeni-la-cluj-a-iesit-cu-forta-din-avion","status":"publish","type":"post","link":"https:\/\/buletin.de\/bucuresti\/video-george-simion-a-sarit-peste-rand-la-controlul-de-frontiera-de-pe-aeroportul-otopeni-la-cluj-a-iesit-cu-forta-din-avion\/","title":{"rendered":"VIDEO | George Simion a s\u0103rit peste r\u00e2nd la controlul de frontier\u0103 de pe Aeroportul Otopeni. La Cluj, a ie\u0219it cu for\u021ba din avion"},"content":{"rendered":"\n<p><strong>Dou\u0103 incidente cu candidatul AUR George Simion au fost relatate \u0219i filmate de pasagerii zborurilor \u00een care s-a aflat acesta: la Cluj, a cobor\u00e2t din avion \u00eenc\u0103lc\u00e2nd procedurile, iar pe aeroportul din Bucure\u0219ti a s\u0103rit peste r\u00e2nd la controlul Poli\u021biei de Frontier\u0103.<\/strong><\/p>\n\n\n\n<h2 class=\"wp-block-heading\" id=\"h-s-a-suparat-ca-nu-este-lasat-sa-coboare-mai-repede-din-avion\">S-a sup\u0103rat c\u0103 nu este l\u0103sat s\u0103 coboare mai repede din avion<\/h2>\n\n\n\n<p>\u201eAzi diminea\u021b\u0103 (luni, n.r.), \u00een tura mea de la aeroport, am tr\u0103it un moment care m-a revoltat profund. Primul pasager care a cobor\u00e2t din avion a fost George Simion, candidat la pre\u0219edin\u021bie. L-am salutat respectuos, a\u0219a cum salut\u0103m fiecare pasager, indiferent de func\u021bie, nume sau convingeri politice.<\/p>\n\n\n\n<p>C\u00e2teva secunde mai t\u00e2rziu, am fost martor\u0103 a unei scene care m-a \u00eentristat sincer: colegul meu, care urma procedura standard de debarcare, a fost tratat cu superioritate \u0219i dispre\u021b.<\/p>\n\n\n\n<p>Ton ridicat, agita\u021bie, presiune verbal\u0103:<\/p>\n\n\n\n<ul class=\"wp-block-list\">\n<li>\u00abN-am timp, m\u0103!\u00bb<\/li>\n\n\n\n<li>\u00abHai, m\u0103, c\u0103 eu sunt a\u0219teptat!\u00bb<\/li>\n<\/ul>\n\n\n\n<p>C\u00e2nd i s-a spus c\u0103 nu poate merge ne\u00eenso\u021bit, a cerut numele colegului, iar apoi l-a fotografiat f\u0103r\u0103 acord, de\u0219i i s-a explicat clar c\u0103 nu are voie.<\/p>\n\n\n\n<p>Toate acestea doar pentru c\u0103 i s-a cerut s\u0103 respecte o regul\u0103 simpl\u0103: s\u0103 a\u0219tepte ca to\u021bi ceilal\u021bi. Dac\u0103 unui om care \u00ee\u0219i face meseria \u00eei vorbe\u0219ti cu \u00abm\u0103!\u00bb, cum vei trata o \u021bar\u0103 \u00eentreag\u0103? Respectul nu e o favoare. E o datorie \u2013 mai ales c\u00e2nd vrei s\u0103 conduci\u201d, a scris pe Facebook Mara Alexandra, angajat\u0103 la Aeroportul din Cluj.<\/p>\n\n\n\n<div class=\"wp-block-buttons is-content-justification-center is-layout-flex wp-container-core-buttons-is-layout-16018d1d wp-block-buttons-is-layout-flex\">\n<div class=\"wp-block-button has-custom-width wp-block-button__width-100\"><a class=\"wp-block-button__link wp-element-button\" href=\"https:\/\/www.patreon.com\/BuletinDeBucuresti\"><strong>Sus\u021bine Buletin de Bucure\u0219ti pentru investiga\u021bii, reportaje \u0219i \u0219tiri Locale<\/strong><\/a><\/div>\n<\/div>\n\n\n\n<p><strong>CITE\u0218TE \u0218I: <a href=\"https:\/\/buletin.de\/bucuresti\/video-negoita-suparat-din-nou-bdb-dupa-investigatia-despre-afacerea-aquapark-solutia-este-schimbarea-legii-achizitiilor-publice\/\" target=\"_blank\" rel=\"noreferrer noopener\">VIDEO | Negoi\u021b\u0103, sup\u0103rat din nou, dup\u0103 investiga\u021bia BdB despre afacerea Aquapark: Solu\u021bia este schimbarea legii achizi\u021biilor publice<\/a><\/strong><\/p>\n\n\n\n<h2 class=\"wp-block-heading\" id=\"h-nu-a-stat-la-rand-la-controlul-de-frontiera\">Nu a stat la r\u00e2nd la controlul de frontier\u0103<\/h2>\n\n\n\n<p>Un pasager l-a filmat pe George Simion cum a s\u0103rit r\u00e2ndul \u0219i pe Aeroportul Interna\u021bional \u201eHenry Coand\u0103\u201d Otopeni. <\/p>\n\n\n\n<p>Candidatul AUR a mers \u00een fa\u021b\u0103 laun ghi\u0219e al Poli\u021biei de Frontier\u0103, vede c\u0103 nu este nimeni, a\u0219a c\u0103 bate \u00een geamul altui ghi\u0219eu de al\u0103turi. Apoi a \u00eentins m\u00e2na cu actul de identitate la geamul ghi\u0219eului al\u0103turat, unde oamenii erau a\u0219eza\u021bi la r\u00e2nd.<\/p>\n\n\n\n<p>Site-ul specializat\u00a0<a href=\"https:\/\/www.facebook.com\/BoardingPass.ro?__cft__%5B0%5D=AZUNeVp_jjeByV3zxye9VFP4lmJGz_lGtni1Ore4ODQa0tFtVlx14wjA71M5whn_dKtoBVHjGvhtPEOZFiCroJi4aqbME_eCKzRGgC9Qrt1IfxsgLzFUNX7hZ2ONyNn-OUpbypzJx7pIGUUucdmChZuppI_QqLIIdYMbd02nJJmWhQ&amp;__tn__=-UC%2CP-R\">BoardingPass<\/a>\u00a0confirm\u0103 c\u0103 \u201egrupul de pasageri \u00een fa\u021ba c\u0103ruia acesta s-a b\u0103gat se afla la ghi\u0219eul dedicat celor care c\u0103l\u0103toresc cu pa\u0219apoarte diplomatice sau sunt membri ai echipajelor de zbor\u201d.<\/p>\n\n\n\n<iframe src=\"https:\/\/www.facebook.com\/plugins\/video.php?height=476&#038;href=https%3A%2F%2Fwww.facebook.com%2F100078366001951%2Fvideos%2F1722936741635054%2F&#038;show_text=false&#038;width=267&#038;t=0\" width=\"267\" height=\"476\" style=\"border:none;overflow:hidden\" scrolling=\"no\" frameborder=\"0\" allowfullscreen=\"true\" allow=\"autoplay; clipboard-write; encrypted-media; picture-in-picture; web-share\" allowFullScreen=\"true\"><\/iframe>\n\n\n\n<p>\u201cReferitor la clipul video \u00eenregistrat la punctul de control de pa\u0219apoarte de la aeroportul \u201eHenri Coand\u0103\u201d (Otopeni) din Bucure\u0219ti cu unul dintre candida\u021bii la preziden\u021biale, e important de men\u021bionat c\u0103 grupul de pasageri \u00een fa\u021ba c\u0103ruia acesta s-a b\u0103gat se afla la ghi\u0219eul dedicat celor care c\u0103l\u0103toresc cu pa\u0219apoarte diplomatice sau sunt membri ai echipajelor de zbor.<\/p>\n\n\n\n<p>De obicei, c\u00e2nd astfel de pasageri nu exist\u0103, poli\u021bi\u0219tii de frontier\u0103 accept\u0103 la aceste ghi\u0219ee de control \u0219i pasageri \u201enormali\u201d. Dac\u0103 apar la control pasageri cu pa\u0219aport diplomatic sau echipaje de zbor, ace\u0219tia au prioritate.<\/p>\n\n\n\n<p>Totu\u0219i, atitudinea candidatului la preziden\u021biale a fost neadecvat\u0103\u2026\u201d, a <a href=\"https:\/\/www.facebook.com\/BoardingPass.ro\/posts\/1097326275753737?ref=embed_post\" target=\"_blank\" rel=\"noreferrer noopener\">confirmat<\/a> \u0219i BoardinPass.<\/p>\n\n\n\n<p><strong>CITE\u0218TE \u0218I:&nbsp;<a href=\"https:\/\/buletin.de\/bucuresti\/afacerea-aquapark-tinuta-la-secret-de-robert-negoita-oferta-primita-pentru-concesionarea-afacerii-de-340-de-milioane-de-euro-este-confidentiala\/\" target=\"_blank\" rel=\"noreferrer noopener\">\u201eAfacerea Aquapark\u201d, \u021binut\u0103 la secret de Robert Negoi\u021b\u0103. Oferta primit\u0103 pentru concesionarea afacerii de 340 de milioane de euro este \u201econfiden\u021bial\u0103\u201d<\/a><\/strong><br><br><\/p>\n","protected":false},"excerpt":{"rendered":"<p>Dou\u0103 incidente cu candidatul AUR George Simion au fost relatate \u0219i filmate de pasagerii zborurilor \u00een care s-a aflat acesta: la Cluj, a cobor\u00e2t din avion \u00eenc\u0103lc\u00e2nd procedurile, iar pe aeroportul din Bucure\u0219ti a s\u0103rit peste r\u00e2nd la controlul Poli\u021biei de Frontier\u0103. S-a sup\u0103rat c\u0103 nu este l\u0103sat s\u0103 coboare mai repede din avion \u201eAzi [&hellip;]<\/p>\n","protected":false},"author":1,"featured_media":129884,"comment_status":"closed","ping_status":"open","sticky":false,"template":"","format":"standard","meta":{"_acf_changed":false,"inline_featured_image":false,"ngg_post_thumbnail":0,"footnotes":""},"categories":[6994,9026,62],"tags":[6697,3859,9197,4012],"ppma_author":[22583],"class_list":["post-129880","post","type-post","status-publish","format-standard","has-post-thumbnail","hentry","category-stiri-2","category-eveniment","category-stiri","tag-aeroportul-otopeni","tag-george-simion","tag-politia-de-frontiera","tag-simion"],"acf":[],"yoast_head":"<!-- This site is optimized with the Yoast SEO Premium plugin v25.3 (Yoast SEO v27.5) - https:\/\/yoast.com\/product\/yoast-seo-premium-wordpress\/ -->\n<title>VIDEO | George Simion a s\u0103rit peste r\u00e2nd la controlul de frontier\u0103 de pe Aeroportul Otopeni. La Cluj, a ie\u0219it cu for\u021ba din avion - Buletin de Bucure\u0219ti<\/title>\n<meta name=\"description\" content=\"George Simion a fost filmat c\u00e2nd a s\u0103rit peste r\u00e2nd la controlul de frontier\u0103 de pe Aeroportul Otopeni. La Cluj, a ie\u0219it cu for\u021ba din avion\" \/>\n<meta name=\"robots\" content=\"index, follow, max-snippet:-1, max-image-preview:large, max-video-preview:-1\" \/>\n<link rel=\"canonical\" href=\"https:\/\/buletin.de\/bucuresti\/video-george-simion-a-sarit-peste-rand-la-controlul-de-frontiera-de-pe-aeroportul-otopeni-la-cluj-a-iesit-cu-forta-din-avion\/\" \/>\n<meta property=\"og:locale\" content=\"en_GB\" \/>\n<meta property=\"og:type\" content=\"article\" \/>\n<meta property=\"og:title\" content=\"VIDEO | George Simion a s\u0103rit peste r\u00e2nd la controlul de frontier\u0103 de pe Aeroportul Otopeni. La Cluj, a ie\u0219it cu for\u021ba din avion\" \/>\n<meta property=\"og:description\" content=\"George Simion a fost filmat c\u00e2nd a s\u0103rit peste r\u00e2nd la controlul de frontier\u0103 de pe Aeroportul Otopeni. La Cluj, a ie\u0219it cu for\u021ba din avion\" \/>\n<meta property=\"og:url\" content=\"https:\/\/buletin.de\/bucuresti\/video-george-simion-a-sarit-peste-rand-la-controlul-de-frontiera-de-pe-aeroportul-otopeni-la-cluj-a-iesit-cu-forta-din-avion\/\" \/>\n<meta property=\"og:site_name\" content=\"Buletin de Bucure\u0219ti\" \/>\n<meta property=\"article:publisher\" content=\"https:\/\/www.facebook.com\/buletin.de.buc\" \/>\n<meta property=\"article:published_time\" content=\"2025-05-12T13:06:29+00:00\" \/>\n<meta property=\"article:modified_time\" content=\"2025-05-13T04:44:52+00:00\" \/>\n<meta property=\"og:image\" content=\"https:\/\/buletin.de\/bucuresti\/wp-content\/uploads\/2025\/05\/georgesimionotopeni.png\" \/>\n\t<meta property=\"og:image:width\" content=\"1200\" \/>\n\t<meta property=\"og:image:height\" content=\"543\" \/>\n\t<meta property=\"og:image:type\" content=\"image\/png\" \/>\n<meta name=\"author\" content=\"Redac\u021bia Buletin de Bucure\u0219ti\" \/>\n<meta name=\"twitter:card\" content=\"summary_large_image\" \/>\n<meta name=\"twitter:label1\" content=\"Written by\" \/>\n\t<meta name=\"twitter:data1\" content=\"Redac\u021bia Buletin de Bucure\u0219ti\" \/>\n\t<meta name=\"twitter:label2\" content=\"Estimated reading time\" \/>\n\t<meta name=\"twitter:data2\" content=\"3 minutes\" \/>\n<script type=\"application\/ld+json\" class=\"yoast-schema-graph\">{\"@context\":\"https:\\\/\\\/schema.org\",\"@graph\":[{\"@type\":\"Article\",\"@id\":\"https:\\\/\\\/buletin.de\\\/bucuresti\\\/video-george-simion-a-sarit-peste-rand-la-controlul-de-frontiera-de-pe-aeroportul-otopeni-la-cluj-a-iesit-cu-forta-din-avion\\\/#article\",\"isPartOf\":{\"@id\":\"https:\\\/\\\/buletin.de\\\/bucuresti\\\/video-george-simion-a-sarit-peste-rand-la-controlul-de-frontiera-de-pe-aeroportul-otopeni-la-cluj-a-iesit-cu-forta-din-avion\\\/\"},\"author\":{\"name\":\"Redac\u021bia Buletin de Bucure\u0219ti\",\"@id\":\"https:\\\/\\\/buletin.de\\\/bucuresti\\\/#\\\/schema\\\/person\\\/2bbcf854e5f2419a13804af574d06ab1\"},\"headline\":\"VIDEO | George Simion a s\u0103rit peste r\u00e2nd la controlul de frontier\u0103 de pe Aeroportul Otopeni. La Cluj, a ie\u0219it cu for\u021ba din avion\",\"datePublished\":\"2025-05-12T13:06:29+00:00\",\"dateModified\":\"2025-05-13T04:44:52+00:00\",\"mainEntityOfPage\":{\"@id\":\"https:\\\/\\\/buletin.de\\\/bucuresti\\\/video-george-simion-a-sarit-peste-rand-la-controlul-de-frontiera-de-pe-aeroportul-otopeni-la-cluj-a-iesit-cu-forta-din-avion\\\/\"},\"wordCount\":601,\"publisher\":{\"@id\":\"https:\\\/\\\/buletin.de\\\/bucuresti\\\/#organization\"},\"image\":{\"@id\":\"https:\\\/\\\/buletin.de\\\/bucuresti\\\/video-george-simion-a-sarit-peste-rand-la-controlul-de-frontiera-de-pe-aeroportul-otopeni-la-cluj-a-iesit-cu-forta-din-avion\\\/#primaryimage\"},\"thumbnailUrl\":\"https:\\\/\\\/buletin.de\\\/bucuresti\\\/wp-content\\\/uploads\\\/2025\\\/05\\\/georgesimionotopeni.png\",\"keywords\":[\"Aeroportul Otopeni\",\"george simion\",\"politia de frontiera\",\"simion\"],\"articleSection\":[\"Articole\",\"Eveniment\",\"\u0218tiri\"],\"inLanguage\":\"en-GB\",\"copyrightYear\":\"2025\",\"copyrightHolder\":{\"@id\":\"https:\\\/\\\/buletin.de\\\/bucuresti\\\/#organization\"}},{\"@type\":\"WebPage\",\"@id\":\"https:\\\/\\\/buletin.de\\\/bucuresti\\\/video-george-simion-a-sarit-peste-rand-la-controlul-de-frontiera-de-pe-aeroportul-otopeni-la-cluj-a-iesit-cu-forta-din-avion\\\/\",\"url\":\"https:\\\/\\\/buletin.de\\\/bucuresti\\\/video-george-simion-a-sarit-peste-rand-la-controlul-de-frontiera-de-pe-aeroportul-otopeni-la-cluj-a-iesit-cu-forta-din-avion\\\/\",\"name\":\"VIDEO | George Simion a s\u0103rit peste r\u00e2nd la controlul de frontier\u0103 de pe Aeroportul Otopeni. La Cluj, a ie\u0219it cu for\u021ba din avion - Buletin de Bucure\u0219ti\",\"isPartOf\":{\"@id\":\"https:\\\/\\\/buletin.de\\\/bucuresti\\\/#website\"},\"primaryImageOfPage\":{\"@id\":\"https:\\\/\\\/buletin.de\\\/bucuresti\\\/video-george-simion-a-sarit-peste-rand-la-controlul-de-frontiera-de-pe-aeroportul-otopeni-la-cluj-a-iesit-cu-forta-din-avion\\\/#primaryimage\"},\"image\":{\"@id\":\"https:\\\/\\\/buletin.de\\\/bucuresti\\\/video-george-simion-a-sarit-peste-rand-la-controlul-de-frontiera-de-pe-aeroportul-otopeni-la-cluj-a-iesit-cu-forta-din-avion\\\/#primaryimage\"},\"thumbnailUrl\":\"https:\\\/\\\/buletin.de\\\/bucuresti\\\/wp-content\\\/uploads\\\/2025\\\/05\\\/georgesimionotopeni.png\",\"datePublished\":\"2025-05-12T13:06:29+00:00\",\"dateModified\":\"2025-05-13T04:44:52+00:00\",\"description\":\"George Simion a fost filmat c\u00e2nd a s\u0103rit peste r\u00e2nd la controlul de frontier\u0103 de pe Aeroportul Otopeni. La Cluj, a ie\u0219it cu for\u021ba din avion\",\"breadcrumb\":{\"@id\":\"https:\\\/\\\/buletin.de\\\/bucuresti\\\/video-george-simion-a-sarit-peste-rand-la-controlul-de-frontiera-de-pe-aeroportul-otopeni-la-cluj-a-iesit-cu-forta-din-avion\\\/#breadcrumb\"},\"inLanguage\":\"en-GB\",\"potentialAction\":[{\"@type\":\"ReadAction\",\"target\":[\"https:\\\/\\\/buletin.de\\\/bucuresti\\\/video-george-simion-a-sarit-peste-rand-la-controlul-de-frontiera-de-pe-aeroportul-otopeni-la-cluj-a-iesit-cu-forta-din-avion\\\/\"]}]},{\"@type\":\"ImageObject\",\"inLanguage\":\"en-GB\",\"@id\":\"https:\\\/\\\/buletin.de\\\/bucuresti\\\/video-george-simion-a-sarit-peste-rand-la-controlul-de-frontiera-de-pe-aeroportul-otopeni-la-cluj-a-iesit-cu-forta-din-avion\\\/#primaryimage\",\"url\":\"https:\\\/\\\/buletin.de\\\/bucuresti\\\/wp-content\\\/uploads\\\/2025\\\/05\\\/georgesimionotopeni.png\",\"contentUrl\":\"https:\\\/\\\/buletin.de\\\/bucuresti\\\/wp-content\\\/uploads\\\/2025\\\/05\\\/georgesimionotopeni.png\",\"width\":1200,\"height\":543,\"caption\":\"George Simion sare de controlul de frontier\u0103 la Otopeni\"},{\"@type\":\"BreadcrumbList\",\"@id\":\"https:\\\/\\\/buletin.de\\\/bucuresti\\\/video-george-simion-a-sarit-peste-rand-la-controlul-de-frontiera-de-pe-aeroportul-otopeni-la-cluj-a-iesit-cu-forta-din-avion\\\/#breadcrumb\",\"itemListElement\":[{\"@type\":\"ListItem\",\"position\":1,\"name\":\"Acas\u0103\",\"item\":\"https:\\\/\\\/buletin.de\\\/bucuresti\\\/\"},{\"@type\":\"ListItem\",\"position\":2,\"name\":\"VIDEO | George Simion a s\u0103rit peste r\u00e2nd la controlul de frontier\u0103 de pe Aeroportul Otopeni. La Cluj, a ie\u0219it cu for\u021ba din avion\"}]},{\"@type\":\"WebSite\",\"@id\":\"https:\\\/\\\/buletin.de\\\/bucuresti\\\/#website\",\"url\":\"https:\\\/\\\/buletin.de\\\/bucuresti\\\/\",\"name\":\"Buletin de Bucure\u0219ti\",\"description\":\"\u0218tiri \u0219i investiga\u021bii esen\u021biale din capital\u0103\",\"publisher\":{\"@id\":\"https:\\\/\\\/buletin.de\\\/bucuresti\\\/#organization\"},\"potentialAction\":[{\"@type\":\"SearchAction\",\"target\":{\"@type\":\"EntryPoint\",\"urlTemplate\":\"https:\\\/\\\/buletin.de\\\/bucuresti\\\/?s={search_term_string}\"},\"query-input\":{\"@type\":\"PropertyValueSpecification\",\"valueRequired\":true,\"valueName\":\"search_term_string\"}}],\"inLanguage\":\"en-GB\"},{\"@type\":\"Organization\",\"@id\":\"https:\\\/\\\/buletin.de\\\/bucuresti\\\/#organization\",\"name\":\"Buletin de Bucure\u0219ti\",\"url\":\"https:\\\/\\\/buletin.de\\\/bucuresti\\\/\",\"logo\":{\"@type\":\"ImageObject\",\"inLanguage\":\"en-GB\",\"@id\":\"https:\\\/\\\/buletin.de\\\/bucuresti\\\/#\\\/schema\\\/logo\\\/image\\\/\",\"url\":\"https:\\\/\\\/buletin.de\\\/bucuresti\\\/wp-content\\\/uploads\\\/logo-bdb-full-wide-vernil-transparent.png\",\"contentUrl\":\"https:\\\/\\\/buletin.de\\\/bucuresti\\\/wp-content\\\/uploads\\\/logo-bdb-full-wide-vernil-transparent.png\",\"width\":1782,\"height\":626,\"caption\":\"Buletin de Bucure\u0219ti\"},\"image\":{\"@id\":\"https:\\\/\\\/buletin.de\\\/bucuresti\\\/#\\\/schema\\\/logo\\\/image\\\/\"},\"sameAs\":[\"https:\\\/\\\/www.facebook.com\\\/buletin.de.buc\",\"https:\\\/\\\/www.instagram.com\\\/buletinde.bucuresti\\\/\"]},{\"@type\":\"Person\",\"@id\":\"https:\\\/\\\/buletin.de\\\/bucuresti\\\/#\\\/schema\\\/person\\\/2bbcf854e5f2419a13804af574d06ab1\",\"name\":\"Redac\u021bia Buletin de Bucure\u0219ti\",\"image\":{\"@type\":\"ImageObject\",\"inLanguage\":\"en-GB\",\"@id\":\"https:\\\/\\\/secure.gravatar.com\\\/avatar\\\/18c5342381ed1a08620e6280424e3e5efc958618f5d67c522c9e44c1bc6f9226?s=96&d=monsterid&r=g60c7cd0ad92c68c049fcd4bb3504d609\",\"url\":\"https:\\\/\\\/secure.gravatar.com\\\/avatar\\\/18c5342381ed1a08620e6280424e3e5efc958618f5d67c522c9e44c1bc6f9226?s=96&d=monsterid&r=g\",\"contentUrl\":\"https:\\\/\\\/secure.gravatar.com\\\/avatar\\\/18c5342381ed1a08620e6280424e3e5efc958618f5d67c522c9e44c1bc6f9226?s=96&d=monsterid&r=g\",\"caption\":\"Redac\u021bia Buletin de Bucure\u0219ti\"},\"description\":\"Buletin de Bucure\u0219ti exist\u0103 din vara anului 2019.\",\"url\":\"https:\\\/\\\/buletin.de\\\/bucuresti\\\/author\\\/adminbuletin\\\/\"}]}<\/script>\n<!-- \/ Yoast SEO Premium plugin. -->","yoast_head_json":{"title":"VIDEO | George Simion a s\u0103rit peste r\u00e2nd la controlul de frontier\u0103 de pe Aeroportul Otopeni. La Cluj, a ie\u0219it cu for\u021ba din avion - Buletin de Bucure\u0219ti","description":"George Simion a fost filmat c\u00e2nd a s\u0103rit peste r\u00e2nd la controlul de frontier\u0103 de pe Aeroportul Otopeni. La Cluj, a ie\u0219it cu for\u021ba din avion","robots":{"index":"index","follow":"follow","max-snippet":"max-snippet:-1","max-image-preview":"max-image-preview:large","max-video-preview":"max-video-preview:-1"},"canonical":"https:\/\/buletin.de\/bucuresti\/video-george-simion-a-sarit-peste-rand-la-controlul-de-frontiera-de-pe-aeroportul-otopeni-la-cluj-a-iesit-cu-forta-din-avion\/","og_locale":"en_GB","og_type":"article","og_title":"VIDEO | George Simion a s\u0103rit peste r\u00e2nd la controlul de frontier\u0103 de pe Aeroportul Otopeni. La Cluj, a ie\u0219it cu for\u021ba din avion","og_description":"George Simion a fost filmat c\u00e2nd a s\u0103rit peste r\u00e2nd la controlul de frontier\u0103 de pe Aeroportul Otopeni. La Cluj, a ie\u0219it cu for\u021ba din avion","og_url":"https:\/\/buletin.de\/bucuresti\/video-george-simion-a-sarit-peste-rand-la-controlul-de-frontiera-de-pe-aeroportul-otopeni-la-cluj-a-iesit-cu-forta-din-avion\/","og_site_name":"Buletin de Bucure\u0219ti","article_publisher":"https:\/\/www.facebook.com\/buletin.de.buc","article_published_time":"2025-05-12T13:06:29+00:00","article_modified_time":"2025-05-13T04:44:52+00:00","og_image":[{"width":1200,"height":543,"url":"https:\/\/buletin.de\/bucuresti\/wp-content\/uploads\/2025\/05\/georgesimionotopeni.png","type":"image\/png"}],"author":"Redac\u021bia Buletin de Bucure\u0219ti","twitter_card":"summary_large_image","twitter_misc":{"Written by":"Redac\u021bia Buletin de Bucure\u0219ti","Estimated reading time":"3 minutes"},"schema":{"@context":"https:\/\/schema.org","@graph":[{"@type":"Article","@id":"https:\/\/buletin.de\/bucuresti\/video-george-simion-a-sarit-peste-rand-la-controlul-de-frontiera-de-pe-aeroportul-otopeni-la-cluj-a-iesit-cu-forta-din-avion\/#article","isPartOf":{"@id":"https:\/\/buletin.de\/bucuresti\/video-george-simion-a-sarit-peste-rand-la-controlul-de-frontiera-de-pe-aeroportul-otopeni-la-cluj-a-iesit-cu-forta-din-avion\/"},"author":{"name":"Redac\u021bia Buletin de Bucure\u0219ti","@id":"https:\/\/buletin.de\/bucuresti\/#\/schema\/person\/2bbcf854e5f2419a13804af574d06ab1"},"headline":"VIDEO | George Simion a s\u0103rit peste r\u00e2nd la controlul de frontier\u0103 de pe Aeroportul Otopeni. La Cluj, a ie\u0219it cu for\u021ba din avion","datePublished":"2025-05-12T13:06:29+00:00","dateModified":"2025-05-13T04:44:52+00:00","mainEntityOfPage":{"@id":"https:\/\/buletin.de\/bucuresti\/video-george-simion-a-sarit-peste-rand-la-controlul-de-frontiera-de-pe-aeroportul-otopeni-la-cluj-a-iesit-cu-forta-din-avion\/"},"wordCount":601,"publisher":{"@id":"https:\/\/buletin.de\/bucuresti\/#organization"},"image":{"@id":"https:\/\/buletin.de\/bucuresti\/video-george-simion-a-sarit-peste-rand-la-controlul-de-frontiera-de-pe-aeroportul-otopeni-la-cluj-a-iesit-cu-forta-din-avion\/#primaryimage"},"thumbnailUrl":"https:\/\/buletin.de\/bucuresti\/wp-content\/uploads\/2025\/05\/georgesimionotopeni.png","keywords":["Aeroportul Otopeni","george simion","politia de frontiera","simion"],"articleSection":["Articole","Eveniment","\u0218tiri"],"inLanguage":"en-GB","copyrightYear":"2025","copyrightHolder":{"@id":"https:\/\/buletin.de\/bucuresti\/#organization"}},{"@type":"WebPage","@id":"https:\/\/buletin.de\/bucuresti\/video-george-simion-a-sarit-peste-rand-la-controlul-de-frontiera-de-pe-aeroportul-otopeni-la-cluj-a-iesit-cu-forta-din-avion\/","url":"https:\/\/buletin.de\/bucuresti\/video-george-simion-a-sarit-peste-rand-la-controlul-de-frontiera-de-pe-aeroportul-otopeni-la-cluj-a-iesit-cu-forta-din-avion\/","name":"VIDEO | George Simion a s\u0103rit peste r\u00e2nd la controlul de frontier\u0103 de pe Aeroportul Otopeni. La Cluj, a ie\u0219it cu for\u021ba din avion - Buletin de Bucure\u0219ti","isPartOf":{"@id":"https:\/\/buletin.de\/bucuresti\/#website"},"primaryImageOfPage":{"@id":"https:\/\/buletin.de\/bucuresti\/video-george-simion-a-sarit-peste-rand-la-controlul-de-frontiera-de-pe-aeroportul-otopeni-la-cluj-a-iesit-cu-forta-din-avion\/#primaryimage"},"image":{"@id":"https:\/\/buletin.de\/bucuresti\/video-george-simion-a-sarit-peste-rand-la-controlul-de-frontiera-de-pe-aeroportul-otopeni-la-cluj-a-iesit-cu-forta-din-avion\/#primaryimage"},"thumbnailUrl":"https:\/\/buletin.de\/bucuresti\/wp-content\/uploads\/2025\/05\/georgesimionotopeni.png","datePublished":"2025-05-12T13:06:29+00:00","dateModified":"2025-05-13T04:44:52+00:00","description":"George Simion a fost filmat c\u00e2nd a s\u0103rit peste r\u00e2nd la controlul de frontier\u0103 de pe Aeroportul Otopeni. La Cluj, a ie\u0219it cu for\u021ba din avion","breadcrumb":{"@id":"https:\/\/buletin.de\/bucuresti\/video-george-simion-a-sarit-peste-rand-la-controlul-de-frontiera-de-pe-aeroportul-otopeni-la-cluj-a-iesit-cu-forta-din-avion\/#breadcrumb"},"inLanguage":"en-GB","potentialAction":[{"@type":"ReadAction","target":["https:\/\/buletin.de\/bucuresti\/video-george-simion-a-sarit-peste-rand-la-controlul-de-frontiera-de-pe-aeroportul-otopeni-la-cluj-a-iesit-cu-forta-din-avion\/"]}]},{"@type":"ImageObject","inLanguage":"en-GB","@id":"https:\/\/buletin.de\/bucuresti\/video-george-simion-a-sarit-peste-rand-la-controlul-de-frontiera-de-pe-aeroportul-otopeni-la-cluj-a-iesit-cu-forta-din-avion\/#primaryimage","url":"https:\/\/buletin.de\/bucuresti\/wp-content\/uploads\/2025\/05\/georgesimionotopeni.png","contentUrl":"https:\/\/buletin.de\/bucuresti\/wp-content\/uploads\/2025\/05\/georgesimionotopeni.png","width":1200,"height":543,"caption":"George Simion sare de controlul de frontier\u0103 la Otopeni"},{"@type":"BreadcrumbList","@id":"https:\/\/buletin.de\/bucuresti\/video-george-simion-a-sarit-peste-rand-la-controlul-de-frontiera-de-pe-aeroportul-otopeni-la-cluj-a-iesit-cu-forta-din-avion\/#breadcrumb","itemListElement":[{"@type":"ListItem","position":1,"name":"Acas\u0103","item":"https:\/\/buletin.de\/bucuresti\/"},{"@type":"ListItem","position":2,"name":"VIDEO | George Simion a s\u0103rit peste r\u00e2nd la controlul de frontier\u0103 de pe Aeroportul Otopeni. La Cluj, a ie\u0219it cu for\u021ba din avion"}]},{"@type":"WebSite","@id":"https:\/\/buletin.de\/bucuresti\/#website","url":"https:\/\/buletin.de\/bucuresti\/","name":"Buletin de Bucure\u0219ti","description":"\u0218tiri \u0219i investiga\u021bii esen\u021biale din capital\u0103","publisher":{"@id":"https:\/\/buletin.de\/bucuresti\/#organization"},"potentialAction":[{"@type":"SearchAction","target":{"@type":"EntryPoint","urlTemplate":"https:\/\/buletin.de\/bucuresti\/?s={search_term_string}"},"query-input":{"@type":"PropertyValueSpecification","valueRequired":true,"valueName":"search_term_string"}}],"inLanguage":"en-GB"},{"@type":"Organization","@id":"https:\/\/buletin.de\/bucuresti\/#organization","name":"Buletin de Bucure\u0219ti","url":"https:\/\/buletin.de\/bucuresti\/","logo":{"@type":"ImageObject","inLanguage":"en-GB","@id":"https:\/\/buletin.de\/bucuresti\/#\/schema\/logo\/image\/","url":"https:\/\/buletin.de\/bucuresti\/wp-content\/uploads\/logo-bdb-full-wide-vernil-transparent.png","contentUrl":"https:\/\/buletin.de\/bucuresti\/wp-content\/uploads\/logo-bdb-full-wide-vernil-transparent.png","width":1782,"height":626,"caption":"Buletin de Bucure\u0219ti"},"image":{"@id":"https:\/\/buletin.de\/bucuresti\/#\/schema\/logo\/image\/"},"sameAs":["https:\/\/www.facebook.com\/buletin.de.buc","https:\/\/www.instagram.com\/buletinde.bucuresti\/"]},{"@type":"Person","@id":"https:\/\/buletin.de\/bucuresti\/#\/schema\/person\/2bbcf854e5f2419a13804af574d06ab1","name":"Redac\u021bia Buletin de Bucure\u0219ti","image":{"@type":"ImageObject","inLanguage":"en-GB","@id":"https:\/\/secure.gravatar.com\/avatar\/18c5342381ed1a08620e6280424e3e5efc958618f5d67c522c9e44c1bc6f9226?s=96&d=monsterid&r=g60c7cd0ad92c68c049fcd4bb3504d609","url":"https:\/\/secure.gravatar.com\/avatar\/18c5342381ed1a08620e6280424e3e5efc958618f5d67c522c9e44c1bc6f9226?s=96&d=monsterid&r=g","contentUrl":"https:\/\/secure.gravatar.com\/avatar\/18c5342381ed1a08620e6280424e3e5efc958618f5d67c522c9e44c1bc6f9226?s=96&d=monsterid&r=g","caption":"Redac\u021bia Buletin de Bucure\u0219ti"},"description":"Buletin de Bucure\u0219ti exist\u0103 din vara anului 2019.","url":"https:\/\/buletin.de\/bucuresti\/author\/adminbuletin\/"}]}},"authors":[{"term_id":22583,"user_id":1,"is_guest":0,"slug":"adminbuletin","display_name":"Redac\u021bia Buletin de Bucure\u0219ti","avatar_url":"https:\/\/secure.gravatar.com\/avatar\/18c5342381ed1a08620e6280424e3e5efc958618f5d67c522c9e44c1bc6f9226?s=96&d=monsterid&r=g","0":null,"1":"","2":"","3":"","4":"","5":"","6":"","7":"","8":""}],"_links":{"self":[{"href":"https:\/\/buletin.de\/bucuresti\/wp-json\/wp\/v2\/posts\/129880","targetHints":{"allow":["GET"]}}],"collection":[{"href":"https:\/\/buletin.de\/bucuresti\/wp-json\/wp\/v2\/posts"}],"about":[{"href":"https:\/\/buletin.de\/bucuresti\/wp-json\/wp\/v2\/types\/post"}],"author":[{"embeddable":true,"href":"https:\/\/buletin.de\/bucuresti\/wp-json\/wp\/v2\/users\/1"}],"replies":[{"embeddable":true,"href":"https:\/\/buletin.de\/bucuresti\/wp-json\/wp\/v2\/comments?post=129880"}],"version-history":[{"count":3,"href":"https:\/\/buletin.de\/bucuresti\/wp-json\/wp\/v2\/posts\/129880\/revisions"}],"predecessor-version":[{"id":129951,"href":"https:\/\/buletin.de\/bucuresti\/wp-json\/wp\/v2\/posts\/129880\/revisions\/129951"}],"wp:featuredmedia":[{"embeddable":true,"href":"https:\/\/buletin.de\/bucuresti\/wp-json\/wp\/v2\/media\/129884"}],"wp:attachment":[{"href":"https:\/\/buletin.de\/bucuresti\/wp-json\/wp\/v2\/media?parent=129880"}],"wp:term":[{"taxonomy":"category","embeddable":true,"href":"https:\/\/buletin.de\/bucuresti\/wp-json\/wp\/v2\/categories?post=129880"},{"taxonomy":"post_tag","embeddable":true,"href":"https:\/\/buletin.de\/bucuresti\/wp-json\/wp\/v2\/tags?post=129880"},{"taxonomy":"author","embeddable":true,"href":"https:\/\/buletin.de\/bucuresti\/wp-json\/wp\/v2\/ppma_author?post=129880"}],"curies":[{"name":"wp","href":"https:\/\/api.w.org\/{rel}","templated":true}]}}