{"id":129833,"date":"2025-05-12T12:01:20","date_gmt":"2025-05-12T09:01:20","guid":{"rendered":"https:\/\/buletin.de\/bucuresti\/?p=129833"},"modified":"2025-05-12T12:23:24","modified_gmt":"2025-05-12T09:23:24","slug":"elevii-din-bucuresti-s-au-intors-cu-7-medalii-de-la-olimpiada-asiatica-de-fizica-2025-doua-sunt-de-aur","status":"publish","type":"post","link":"https:\/\/buletin.de\/bucuresti\/elevii-din-bucuresti-s-au-intors-cu-7-medalii-de-la-olimpiada-asiatica-de-fizica-2025-doua-sunt-de-aur\/","title":{"rendered":"Elevii din Bucure\u0219ti s-au \u00eentors cu 7 medalii de la Olimpiada Asiatic\u0103 de Fizic\u0103 2025. Dou\u0103 sunt de aur"},"content":{"rendered":"\n<p><strong>Elevii din Bucure\u0219ti au ob\u021binut rezultate noi rezultate extraordinare \u0219i s-au \u00eentors cu 7 medalii de la Olimpiada Asiatic\u0103 de Fizic\u0103 2025. Dou\u0103 medalii sunt de aur, dou\u0103 de argint \u0219i trei de bronz.<\/strong><\/p>\n\n\n\n<p>Se adaug\u0103 o men\u021biune de onoare. Rom\u00e2nia a participat cu statut de invitat la aceast\u0103 competi\u021bie adresat\u0103, \u00een principal, elevilor din Asia.<\/p>\n\n\n\n<h2 class=\"wp-block-heading\" id=\"h-cine-a-luat-medalii-la-olimpiada-asiatica-de-fizica\">Cine a luat medalii la <strong>Olimpiada Asiatic\u0103 de Fizic\u0103<\/strong><\/h2>\n\n\n\n<ul class=\"wp-block-list\">\n<li>Ionu\u021b Stan, Liceul Teoretic Interna\u021bional de Informatic\u0103 din Bucure\u0219ti, medalie de aur<\/li>\n\n\n\n<li>Felix Tudose, Liceul Teoretic Interna\u021bional de Informatic\u0103 din Bucure\u0219ti, medalie de aur<\/li>\n\n\n\n<li>Mendel Mendelsohn, Liceul Teoretic Interna\u021bional de Informatic\u0103 din Bucure\u0219ti, medalie de argint<\/li>\n\n\n\n<li>Bogdan Cioc\u00e2rlan, Liceul Teoretic Interna\u021bional de Informatic\u0103 din Bucure\u0219ti, medalie de argint.<\/li>\n\n\n\n<li>Mircea Rebengiuc, Colegiul Na\u021bional de Informatic\u0103 \u201eTudor Vianu\u201d din Bucure\u0219ti, medalie de bronz<\/li>\n\n\n\n<li>Andrei Vila, Liceul Teoretic Interna\u021bional de Informatic\u0103 din Bucure\u0219ti, medalie de bronz<\/li>\n\n\n\n<li>Ioana St\u0103noiu, Liceul Teoretic Interna\u021bional de Informatic\u0103 din Bucure\u0219ti, medalie de bronz<\/li>\n\n\n\n<li>Teodor Ionescu, Colegiul Na\u021bional \u201eMihai Viteazul\u201d din Bucure\u0219ti, men\u021biune de onoare<\/li>\n<\/ul>\n\n\n\n<p>\u201eEchipa Rom\u00e2niei a fost condus\u0103 de prof. dr. Delia Davidescu, de la Liceul Teoretic Interna\u021bional de Informatic\u0103 din Bucure\u0219ti, \u0219i de conf. univ. dr. Sebastian Popescu, de la Universitatea Alexandru Ioan Cuza din Ia\u0219i.<\/p>\n\n\n\n<p>Competi\u021bia, aflat\u0103 la a 25-a edi\u021bie, s-a desf\u0103\u0219urat la Dhahran, \u00een Regatul Arabiei Saudite, cu participarea a 208 concuren\u021bi din 28 \u021b\u0103ri (27 de \u021b\u0103ri din Asia-Pacific \u0219i Rom\u00e2nia, cu statut de invitat)\u201d, se arat\u0103 \u00eentr-un <a href=\"https:\/\/www.facebook.com\/photo?fbid=1106579721506732&amp;set=a.248573397307373\" target=\"_blank\" rel=\"noreferrer noopener\">mesaj<\/a> al Ministerului Educa\u021biei.<\/p>\n\n\n\n<div class=\"wp-block-buttons is-content-justification-center is-layout-flex wp-container-core-buttons-is-layout-16018d1d wp-block-buttons-is-layout-flex\">\n<div class=\"wp-block-button has-custom-width wp-block-button__width-100\"><a class=\"wp-block-button__link wp-element-button\" href=\"https:\/\/www.patreon.com\/BuletinDeBucuresti\"><strong>Sus\u021bine Buletin de Bucure\u0219ti pentru investiga\u021bii, reportaje \u0219i \u0219tiri Locale<\/strong><\/a><\/div>\n<\/div>\n\n\n\n<p><strong>CITE\u0218TE \u0218I: <a href=\"https:\/\/buletin.de\/bucuresti\/elevii-romani-pe-primul-loc-la-olimpiada-balcanica-de-matematica-medalii-de-aur-si-argint-pentru-olimpici-din-bucuresti\/\" target=\"_blank\" rel=\"noreferrer noopener\">Elevii rom\u00e2ni, pe primul loc la Olimpiada Balcanic\u0103 de Matematic\u0103. Medalii de aur \u0219i argint pentru olimpici din Bucure\u0219ti<\/a><\/strong><\/p>\n\n\n\n<h2 class=\"wp-block-heading\" id=\"h-victorie-\u0219i-la-oiimpiada-europeana-de-matematica\">Victorie \u0219i la OIimpiada European\u0103 de Matematic\u0103<\/h2>\n\n\n\n<p><strong>Elevii rom\u00e2ni, coordona\u021bi de profesori de la licee din Bucure\u0219ti, au ob\u021binut \u00een aprilie patru medalii europene, la Olimpiada European\u0103 de Matematic\u0103 pentru Fete 2025 (EGMO 2025).<\/strong><\/p>\n\n\n\n<p>Competi\u021bia s-a desf\u0103\u0219utat \u00een perioada 11-17 aprilie, la Pri\u0219tina, \u00een Kosovo.<\/p>\n\n\n\n<p>Lotul Rom\u00e2niei, format din patru eleve de la Liceul Teoretic Interna\u021bional de Informatic\u0103 Bucure\u0219ti, a ob\u021binut o medalie de aur, una de argint \u0219i dou\u0103 de bronz.<\/p>\n\n\n\n<p>Aida Mitroi, clasa a XI-a, a ob\u021binut medalie de aur, iar Ana Boiangiu, clasa a XII-a, a c\u00e2\u0219tigat medalie de argint.<\/p>\n\n\n\n<p>Colegele lor Ioana Stroe, clasa a X-a, \u0219i Iustina Diaconu, clasa a XI-a, au ob\u021binut fiecare c\u00e2te o medalie de bronz.<\/p>\n\n\n\n<p><strong>CITE\u0218TE \u0218I:&nbsp;<a href=\"https:\/\/buletin.de\/bucuresti\/patru-medalii-europene-pentru-lotul-romanesc-de-matematica\/\" target=\"_blank\" rel=\"noreferrer noopener\">Patru medalii europene pentru lotul rom\u00e2nesc de Matematic\u0103<\/a><\/strong><\/p>\n","protected":false},"excerpt":{"rendered":"<p>Elevii din Bucure\u0219ti au ob\u021binut rezultate noi rezultate extraordinare \u0219i s-au \u00eentors cu 7 medalii de la Olimpiada Asiatic\u0103 de Fizic\u0103 2025. Dou\u0103 medalii sunt de aur, dou\u0103 de argint \u0219i trei de bronz. Se adaug\u0103 o men\u021biune de onoare. Rom\u00e2nia a participat cu statut de invitat la aceast\u0103 competi\u021bie adresat\u0103, \u00een principal, elevilor din [&hellip;]<\/p>\n","protected":false},"author":60,"featured_media":129836,"comment_status":"closed","ping_status":"open","sticky":false,"template":"","format":"standard","meta":{"_acf_changed":false,"inline_featured_image":false,"ngg_post_thumbnail":0,"footnotes":""},"categories":[6994,3421,62],"tags":[13507,10254,13504,18687,15874],"ppma_author":[22582],"class_list":["post-129833","post","type-post","status-publish","format-standard","has-post-thumbnail","hentry","category-stiri-2","category-educatie","category-stiri","tag-elevi-olimpici","tag-liceul-teoretic-international-de-informatica","tag-medalie-de-aur","tag-premii-pentru-olimpici","tag-tudor-vianu"],"acf":[],"yoast_head":"<!-- This site is optimized with the Yoast SEO Premium plugin v25.3 (Yoast SEO v27.5) - https:\/\/yoast.com\/product\/yoast-seo-premium-wordpress\/ -->\n<title>Elevii din Bucure\u0219ti s-au \u00eentors cu 7 medalii de la Olimpiada Asiatic\u0103 de Fizic\u0103 2025. Dou\u0103 sunt de aur - Buletin de Bucure\u0219ti<\/title>\n<meta name=\"description\" content=\"Elevii din Bucure\u0219ti au ob\u021binut rezultate noi rezultate extraordinare \u0219i s-au \u00eentors cu 7 medalii de la Olimpiada Asiatic\u0103 de Fizic\u0103 2025.\" \/>\n<meta name=\"robots\" content=\"index, follow, max-snippet:-1, max-image-preview:large, max-video-preview:-1\" \/>\n<link rel=\"canonical\" href=\"https:\/\/buletin.de\/bucuresti\/elevii-din-bucuresti-s-au-intors-cu-7-medalii-de-la-olimpiada-asiatica-de-fizica-2025-doua-sunt-de-aur\/\" \/>\n<meta property=\"og:locale\" content=\"en_GB\" \/>\n<meta property=\"og:type\" content=\"article\" \/>\n<meta property=\"og:title\" content=\"Elevii din Bucure\u0219ti s-au \u00eentors cu 7 medalii de la Olimpiada Asiatic\u0103 de Fizic\u0103 2025. Dou\u0103 sunt de aur\" \/>\n<meta property=\"og:description\" content=\"Elevii din Bucure\u0219ti au ob\u021binut rezultate noi rezultate extraordinare \u0219i s-au \u00eentors cu 7 medalii de la Olimpiada Asiatic\u0103 de Fizic\u0103 2025.\" \/>\n<meta property=\"og:url\" content=\"https:\/\/buletin.de\/bucuresti\/elevii-din-bucuresti-s-au-intors-cu-7-medalii-de-la-olimpiada-asiatica-de-fizica-2025-doua-sunt-de-aur\/\" \/>\n<meta property=\"og:site_name\" content=\"Buletin de Bucure\u0219ti\" \/>\n<meta property=\"article:publisher\" content=\"https:\/\/www.facebook.com\/buletin.de.buc\" \/>\n<meta property=\"article:published_time\" content=\"2025-05-12T09:01:20+00:00\" \/>\n<meta property=\"article:modified_time\" content=\"2025-05-12T09:23:24+00:00\" \/>\n<meta property=\"og:image\" content=\"https:\/\/buletin.de\/bucuresti\/wp-content\/uploads\/2025\/05\/medaliiolimpiada.jpg\" \/>\n\t<meta property=\"og:image:width\" content=\"1600\" \/>\n\t<meta property=\"og:image:height\" content=\"1200\" \/>\n\t<meta property=\"og:image:type\" content=\"image\/jpeg\" \/>\n<meta name=\"author\" content=\"R\u0103zvan Chiru\u021b\u0103\" \/>\n<meta name=\"twitter:card\" content=\"summary_large_image\" \/>\n<meta name=\"twitter:label1\" content=\"Written by\" \/>\n\t<meta name=\"twitter:data1\" content=\"R\u0103zvan Chiru\u021b\u0103\" \/>\n\t<meta name=\"twitter:label2\" content=\"Estimated reading time\" \/>\n\t<meta name=\"twitter:data2\" content=\"2 minutes\" \/>\n<script type=\"application\/ld+json\" class=\"yoast-schema-graph\">{\"@context\":\"https:\\\/\\\/schema.org\",\"@graph\":[{\"@type\":\"Article\",\"@id\":\"https:\\\/\\\/buletin.de\\\/bucuresti\\\/elevii-din-bucuresti-s-au-intors-cu-7-medalii-de-la-olimpiada-asiatica-de-fizica-2025-doua-sunt-de-aur\\\/#article\",\"isPartOf\":{\"@id\":\"https:\\\/\\\/buletin.de\\\/bucuresti\\\/elevii-din-bucuresti-s-au-intors-cu-7-medalii-de-la-olimpiada-asiatica-de-fizica-2025-doua-sunt-de-aur\\\/\"},\"author\":{\"name\":\"R\u0103zvan Chiru\u021b\u0103\",\"@id\":\"https:\\\/\\\/buletin.de\\\/bucuresti\\\/#\\\/schema\\\/person\\\/a76df728dfc913795a9d90e346b253bb\"},\"headline\":\"Elevii din Bucure\u0219ti s-au \u00eentors cu 7 medalii de la Olimpiada Asiatic\u0103 de Fizic\u0103 2025. Dou\u0103 sunt de aur\",\"datePublished\":\"2025-05-12T09:01:20+00:00\",\"dateModified\":\"2025-05-12T09:23:24+00:00\",\"mainEntityOfPage\":{\"@id\":\"https:\\\/\\\/buletin.de\\\/bucuresti\\\/elevii-din-bucuresti-s-au-intors-cu-7-medalii-de-la-olimpiada-asiatica-de-fizica-2025-doua-sunt-de-aur\\\/\"},\"wordCount\":459,\"publisher\":{\"@id\":\"https:\\\/\\\/buletin.de\\\/bucuresti\\\/#organization\"},\"image\":{\"@id\":\"https:\\\/\\\/buletin.de\\\/bucuresti\\\/elevii-din-bucuresti-s-au-intors-cu-7-medalii-de-la-olimpiada-asiatica-de-fizica-2025-doua-sunt-de-aur\\\/#primaryimage\"},\"thumbnailUrl\":\"https:\\\/\\\/buletin.de\\\/bucuresti\\\/wp-content\\\/uploads\\\/2025\\\/05\\\/medaliiolimpiada.jpg\",\"keywords\":[\"elevi olimpici\",\"Liceul Teoretic Interna\u021bional de Informatic\u0103.\",\"medalie de aur\",\"premii pentru olimpici\",\"tudor vianu\"],\"articleSection\":[\"Articole\",\"Educa\u021bie\",\"\u0218tiri\"],\"inLanguage\":\"en-GB\",\"copyrightYear\":\"2025\",\"copyrightHolder\":{\"@id\":\"https:\\\/\\\/buletin.de\\\/bucuresti\\\/#organization\"}},{\"@type\":\"WebPage\",\"@id\":\"https:\\\/\\\/buletin.de\\\/bucuresti\\\/elevii-din-bucuresti-s-au-intors-cu-7-medalii-de-la-olimpiada-asiatica-de-fizica-2025-doua-sunt-de-aur\\\/\",\"url\":\"https:\\\/\\\/buletin.de\\\/bucuresti\\\/elevii-din-bucuresti-s-au-intors-cu-7-medalii-de-la-olimpiada-asiatica-de-fizica-2025-doua-sunt-de-aur\\\/\",\"name\":\"Elevii din Bucure\u0219ti s-au \u00eentors cu 7 medalii de la Olimpiada Asiatic\u0103 de Fizic\u0103 2025. Dou\u0103 sunt de aur - Buletin de Bucure\u0219ti\",\"isPartOf\":{\"@id\":\"https:\\\/\\\/buletin.de\\\/bucuresti\\\/#website\"},\"primaryImageOfPage\":{\"@id\":\"https:\\\/\\\/buletin.de\\\/bucuresti\\\/elevii-din-bucuresti-s-au-intors-cu-7-medalii-de-la-olimpiada-asiatica-de-fizica-2025-doua-sunt-de-aur\\\/#primaryimage\"},\"image\":{\"@id\":\"https:\\\/\\\/buletin.de\\\/bucuresti\\\/elevii-din-bucuresti-s-au-intors-cu-7-medalii-de-la-olimpiada-asiatica-de-fizica-2025-doua-sunt-de-aur\\\/#primaryimage\"},\"thumbnailUrl\":\"https:\\\/\\\/buletin.de\\\/bucuresti\\\/wp-content\\\/uploads\\\/2025\\\/05\\\/medaliiolimpiada.jpg\",\"datePublished\":\"2025-05-12T09:01:20+00:00\",\"dateModified\":\"2025-05-12T09:23:24+00:00\",\"description\":\"Elevii din Bucure\u0219ti au ob\u021binut rezultate noi rezultate extraordinare \u0219i s-au \u00eentors cu 7 medalii de la Olimpiada Asiatic\u0103 de Fizic\u0103 2025.\",\"breadcrumb\":{\"@id\":\"https:\\\/\\\/buletin.de\\\/bucuresti\\\/elevii-din-bucuresti-s-au-intors-cu-7-medalii-de-la-olimpiada-asiatica-de-fizica-2025-doua-sunt-de-aur\\\/#breadcrumb\"},\"inLanguage\":\"en-GB\",\"potentialAction\":[{\"@type\":\"ReadAction\",\"target\":[\"https:\\\/\\\/buletin.de\\\/bucuresti\\\/elevii-din-bucuresti-s-au-intors-cu-7-medalii-de-la-olimpiada-asiatica-de-fizica-2025-doua-sunt-de-aur\\\/\"]}]},{\"@type\":\"ImageObject\",\"inLanguage\":\"en-GB\",\"@id\":\"https:\\\/\\\/buletin.de\\\/bucuresti\\\/elevii-din-bucuresti-s-au-intors-cu-7-medalii-de-la-olimpiada-asiatica-de-fizica-2025-doua-sunt-de-aur\\\/#primaryimage\",\"url\":\"https:\\\/\\\/buletin.de\\\/bucuresti\\\/wp-content\\\/uploads\\\/2025\\\/05\\\/medaliiolimpiada.jpg\",\"contentUrl\":\"https:\\\/\\\/buletin.de\\\/bucuresti\\\/wp-content\\\/uploads\\\/2025\\\/05\\\/medaliiolimpiada.jpg\",\"width\":1600,\"height\":1200,\"caption\":\"Elevii rom\u00e2ni care au ob\u021binut medalii de la Olimpiada Asiatic\u0103 de Fizic\u0103. Foto: Min. Educa\u021biei\"},{\"@type\":\"BreadcrumbList\",\"@id\":\"https:\\\/\\\/buletin.de\\\/bucuresti\\\/elevii-din-bucuresti-s-au-intors-cu-7-medalii-de-la-olimpiada-asiatica-de-fizica-2025-doua-sunt-de-aur\\\/#breadcrumb\",\"itemListElement\":[{\"@type\":\"ListItem\",\"position\":1,\"name\":\"Acas\u0103\",\"item\":\"https:\\\/\\\/buletin.de\\\/bucuresti\\\/\"},{\"@type\":\"ListItem\",\"position\":2,\"name\":\"Elevii din Bucure\u0219ti s-au \u00eentors cu 7 medalii de la Olimpiada Asiatic\u0103 de Fizic\u0103 2025. Dou\u0103 sunt de aur\"}]},{\"@type\":\"WebSite\",\"@id\":\"https:\\\/\\\/buletin.de\\\/bucuresti\\\/#website\",\"url\":\"https:\\\/\\\/buletin.de\\\/bucuresti\\\/\",\"name\":\"Buletin de Bucure\u0219ti\",\"description\":\"\u0218tiri \u0219i investiga\u021bii esen\u021biale din capital\u0103\",\"publisher\":{\"@id\":\"https:\\\/\\\/buletin.de\\\/bucuresti\\\/#organization\"},\"potentialAction\":[{\"@type\":\"SearchAction\",\"target\":{\"@type\":\"EntryPoint\",\"urlTemplate\":\"https:\\\/\\\/buletin.de\\\/bucuresti\\\/?s={search_term_string}\"},\"query-input\":{\"@type\":\"PropertyValueSpecification\",\"valueRequired\":true,\"valueName\":\"search_term_string\"}}],\"inLanguage\":\"en-GB\"},{\"@type\":\"Organization\",\"@id\":\"https:\\\/\\\/buletin.de\\\/bucuresti\\\/#organization\",\"name\":\"Buletin de Bucure\u0219ti\",\"url\":\"https:\\\/\\\/buletin.de\\\/bucuresti\\\/\",\"logo\":{\"@type\":\"ImageObject\",\"inLanguage\":\"en-GB\",\"@id\":\"https:\\\/\\\/buletin.de\\\/bucuresti\\\/#\\\/schema\\\/logo\\\/image\\\/\",\"url\":\"https:\\\/\\\/buletin.de\\\/bucuresti\\\/wp-content\\\/uploads\\\/logo-bdb-full-wide-vernil-transparent.png\",\"contentUrl\":\"https:\\\/\\\/buletin.de\\\/bucuresti\\\/wp-content\\\/uploads\\\/logo-bdb-full-wide-vernil-transparent.png\",\"width\":1782,\"height\":626,\"caption\":\"Buletin de Bucure\u0219ti\"},\"image\":{\"@id\":\"https:\\\/\\\/buletin.de\\\/bucuresti\\\/#\\\/schema\\\/logo\\\/image\\\/\"},\"sameAs\":[\"https:\\\/\\\/www.facebook.com\\\/buletin.de.buc\",\"https:\\\/\\\/www.instagram.com\\\/buletinde.bucuresti\\\/\"]},{\"@type\":\"Person\",\"@id\":\"https:\\\/\\\/buletin.de\\\/bucuresti\\\/#\\\/schema\\\/person\\\/a76df728dfc913795a9d90e346b253bb\",\"name\":\"R\u0103zvan Chiru\u021b\u0103\",\"image\":{\"@type\":\"ImageObject\",\"inLanguage\":\"en-GB\",\"@id\":\"https:\\\/\\\/buletin.de\\\/bucuresti\\\/wp-content\\\/uploads\\\/Razvan-Chiruta-96x96.jpge7143b996fd4241fbd6ee1f6b6b7b267\",\"url\":\"https:\\\/\\\/buletin.de\\\/bucuresti\\\/wp-content\\\/uploads\\\/Razvan-Chiruta-96x96.jpg\",\"contentUrl\":\"https:\\\/\\\/buletin.de\\\/bucuresti\\\/wp-content\\\/uploads\\\/Razvan-Chiruta-96x96.jpg\",\"caption\":\"R\u0103zvan Chiru\u021b\u0103\"},\"description\":\"R\u0103zvan Chiru\u021b\u0103 este redactor-\u0219ef adjunct din iulie 2024. A fost redactor-\u0219ef al PRESShub \u00eentre 2022 \u0219i iunie 2024. Anterior, a fost redactor-\u0219ef al Newsweek Rom\u00e2nia, din 2018 p\u00e2n\u0103 \u00een 2021, \u0219i al cotidianului Rom\u00e2nia liber\u0103, \u00eentre 2015 \u0219i 2017. Este absolvent de Jurnalism, \u00een cadrul Universit\u0103\u021bii \u201eAl.I.Cuza\u201d din Ia\u0219i, \u0219i a urmat un master \u00een Managementul institu\u021biilor mass-media (f\u0103r\u0103 diserta\u021bie) la Facultatea de Jurnalism \u0219i \u0218tiin\u021bele Comunic\u0103rii din cadrul Universit\u0103\u021bii din Bucure\u0219ti. \u0218i-a \u00eenceput cariera la Opinia studen\u021beasc\u0103, cunoscuta \u0219coal\u0103 de pres\u0103 din Ia\u0219i. A lucrat \u00een presa local\u0103, apoi a devenit corespondent pentru Ia\u0219i al cotidianului Evenimentul Zilei. Din 2004, a coordonat pentru \u0219ase luni sec\u021bia de coresponden\u021bi a Evenimentului Zilei. A mai lucrat la s\u0103pt\u0103m\u00e2nalul Prezent \u0219i a colaborat cu revistele Dilema Veche \u0219i Suplimentul de Cultur\u0103. Este co-autor \u00een volumele \u201eMass-media \u0219i democra\u021bia \u00een Rom\u00e2nia post-comunist\u0103\u201d (ed. a II-a), Ed. Institutul European, Ia\u0219i, 2013, \u0219i \u201eCOVID - 19. Dimensiuni ale gestionarii pandemiei\u201d, Editura Junimea, Ia\u0219i, 2020.\",\"url\":\"https:\\\/\\\/buletin.de\\\/bucuresti\\\/author\\\/razvan-chiruta\\\/\"}]}<\/script>\n<!-- \/ Yoast SEO Premium plugin. -->","yoast_head_json":{"title":"Elevii din Bucure\u0219ti s-au \u00eentors cu 7 medalii de la Olimpiada Asiatic\u0103 de Fizic\u0103 2025. Dou\u0103 sunt de aur - Buletin de Bucure\u0219ti","description":"Elevii din Bucure\u0219ti au ob\u021binut rezultate noi rezultate extraordinare \u0219i s-au \u00eentors cu 7 medalii de la Olimpiada Asiatic\u0103 de Fizic\u0103 2025.","robots":{"index":"index","follow":"follow","max-snippet":"max-snippet:-1","max-image-preview":"max-image-preview:large","max-video-preview":"max-video-preview:-1"},"canonical":"https:\/\/buletin.de\/bucuresti\/elevii-din-bucuresti-s-au-intors-cu-7-medalii-de-la-olimpiada-asiatica-de-fizica-2025-doua-sunt-de-aur\/","og_locale":"en_GB","og_type":"article","og_title":"Elevii din Bucure\u0219ti s-au \u00eentors cu 7 medalii de la Olimpiada Asiatic\u0103 de Fizic\u0103 2025. Dou\u0103 sunt de aur","og_description":"Elevii din Bucure\u0219ti au ob\u021binut rezultate noi rezultate extraordinare \u0219i s-au \u00eentors cu 7 medalii de la Olimpiada Asiatic\u0103 de Fizic\u0103 2025.","og_url":"https:\/\/buletin.de\/bucuresti\/elevii-din-bucuresti-s-au-intors-cu-7-medalii-de-la-olimpiada-asiatica-de-fizica-2025-doua-sunt-de-aur\/","og_site_name":"Buletin de Bucure\u0219ti","article_publisher":"https:\/\/www.facebook.com\/buletin.de.buc","article_published_time":"2025-05-12T09:01:20+00:00","article_modified_time":"2025-05-12T09:23:24+00:00","og_image":[{"width":1600,"height":1200,"url":"https:\/\/buletin.de\/bucuresti\/wp-content\/uploads\/2025\/05\/medaliiolimpiada.jpg","type":"image\/jpeg"}],"author":"R\u0103zvan Chiru\u021b\u0103","twitter_card":"summary_large_image","twitter_misc":{"Written by":"R\u0103zvan Chiru\u021b\u0103","Estimated reading time":"2 minutes"},"schema":{"@context":"https:\/\/schema.org","@graph":[{"@type":"Article","@id":"https:\/\/buletin.de\/bucuresti\/elevii-din-bucuresti-s-au-intors-cu-7-medalii-de-la-olimpiada-asiatica-de-fizica-2025-doua-sunt-de-aur\/#article","isPartOf":{"@id":"https:\/\/buletin.de\/bucuresti\/elevii-din-bucuresti-s-au-intors-cu-7-medalii-de-la-olimpiada-asiatica-de-fizica-2025-doua-sunt-de-aur\/"},"author":{"name":"R\u0103zvan Chiru\u021b\u0103","@id":"https:\/\/buletin.de\/bucuresti\/#\/schema\/person\/a76df728dfc913795a9d90e346b253bb"},"headline":"Elevii din Bucure\u0219ti s-au \u00eentors cu 7 medalii de la Olimpiada Asiatic\u0103 de Fizic\u0103 2025. Dou\u0103 sunt de aur","datePublished":"2025-05-12T09:01:20+00:00","dateModified":"2025-05-12T09:23:24+00:00","mainEntityOfPage":{"@id":"https:\/\/buletin.de\/bucuresti\/elevii-din-bucuresti-s-au-intors-cu-7-medalii-de-la-olimpiada-asiatica-de-fizica-2025-doua-sunt-de-aur\/"},"wordCount":459,"publisher":{"@id":"https:\/\/buletin.de\/bucuresti\/#organization"},"image":{"@id":"https:\/\/buletin.de\/bucuresti\/elevii-din-bucuresti-s-au-intors-cu-7-medalii-de-la-olimpiada-asiatica-de-fizica-2025-doua-sunt-de-aur\/#primaryimage"},"thumbnailUrl":"https:\/\/buletin.de\/bucuresti\/wp-content\/uploads\/2025\/05\/medaliiolimpiada.jpg","keywords":["elevi olimpici","Liceul Teoretic Interna\u021bional de Informatic\u0103.","medalie de aur","premii pentru olimpici","tudor vianu"],"articleSection":["Articole","Educa\u021bie","\u0218tiri"],"inLanguage":"en-GB","copyrightYear":"2025","copyrightHolder":{"@id":"https:\/\/buletin.de\/bucuresti\/#organization"}},{"@type":"WebPage","@id":"https:\/\/buletin.de\/bucuresti\/elevii-din-bucuresti-s-au-intors-cu-7-medalii-de-la-olimpiada-asiatica-de-fizica-2025-doua-sunt-de-aur\/","url":"https:\/\/buletin.de\/bucuresti\/elevii-din-bucuresti-s-au-intors-cu-7-medalii-de-la-olimpiada-asiatica-de-fizica-2025-doua-sunt-de-aur\/","name":"Elevii din Bucure\u0219ti s-au \u00eentors cu 7 medalii de la Olimpiada Asiatic\u0103 de Fizic\u0103 2025. Dou\u0103 sunt de aur - Buletin de Bucure\u0219ti","isPartOf":{"@id":"https:\/\/buletin.de\/bucuresti\/#website"},"primaryImageOfPage":{"@id":"https:\/\/buletin.de\/bucuresti\/elevii-din-bucuresti-s-au-intors-cu-7-medalii-de-la-olimpiada-asiatica-de-fizica-2025-doua-sunt-de-aur\/#primaryimage"},"image":{"@id":"https:\/\/buletin.de\/bucuresti\/elevii-din-bucuresti-s-au-intors-cu-7-medalii-de-la-olimpiada-asiatica-de-fizica-2025-doua-sunt-de-aur\/#primaryimage"},"thumbnailUrl":"https:\/\/buletin.de\/bucuresti\/wp-content\/uploads\/2025\/05\/medaliiolimpiada.jpg","datePublished":"2025-05-12T09:01:20+00:00","dateModified":"2025-05-12T09:23:24+00:00","description":"Elevii din Bucure\u0219ti au ob\u021binut rezultate noi rezultate extraordinare \u0219i s-au \u00eentors cu 7 medalii de la Olimpiada Asiatic\u0103 de Fizic\u0103 2025.","breadcrumb":{"@id":"https:\/\/buletin.de\/bucuresti\/elevii-din-bucuresti-s-au-intors-cu-7-medalii-de-la-olimpiada-asiatica-de-fizica-2025-doua-sunt-de-aur\/#breadcrumb"},"inLanguage":"en-GB","potentialAction":[{"@type":"ReadAction","target":["https:\/\/buletin.de\/bucuresti\/elevii-din-bucuresti-s-au-intors-cu-7-medalii-de-la-olimpiada-asiatica-de-fizica-2025-doua-sunt-de-aur\/"]}]},{"@type":"ImageObject","inLanguage":"en-GB","@id":"https:\/\/buletin.de\/bucuresti\/elevii-din-bucuresti-s-au-intors-cu-7-medalii-de-la-olimpiada-asiatica-de-fizica-2025-doua-sunt-de-aur\/#primaryimage","url":"https:\/\/buletin.de\/bucuresti\/wp-content\/uploads\/2025\/05\/medaliiolimpiada.jpg","contentUrl":"https:\/\/buletin.de\/bucuresti\/wp-content\/uploads\/2025\/05\/medaliiolimpiada.jpg","width":1600,"height":1200,"caption":"Elevii rom\u00e2ni care au ob\u021binut medalii de la Olimpiada Asiatic\u0103 de Fizic\u0103. Foto: Min. Educa\u021biei"},{"@type":"BreadcrumbList","@id":"https:\/\/buletin.de\/bucuresti\/elevii-din-bucuresti-s-au-intors-cu-7-medalii-de-la-olimpiada-asiatica-de-fizica-2025-doua-sunt-de-aur\/#breadcrumb","itemListElement":[{"@type":"ListItem","position":1,"name":"Acas\u0103","item":"https:\/\/buletin.de\/bucuresti\/"},{"@type":"ListItem","position":2,"name":"Elevii din Bucure\u0219ti s-au \u00eentors cu 7 medalii de la Olimpiada Asiatic\u0103 de Fizic\u0103 2025. Dou\u0103 sunt de aur"}]},{"@type":"WebSite","@id":"https:\/\/buletin.de\/bucuresti\/#website","url":"https:\/\/buletin.de\/bucuresti\/","name":"Buletin de Bucure\u0219ti","description":"\u0218tiri \u0219i investiga\u021bii esen\u021biale din capital\u0103","publisher":{"@id":"https:\/\/buletin.de\/bucuresti\/#organization"},"potentialAction":[{"@type":"SearchAction","target":{"@type":"EntryPoint","urlTemplate":"https:\/\/buletin.de\/bucuresti\/?s={search_term_string}"},"query-input":{"@type":"PropertyValueSpecification","valueRequired":true,"valueName":"search_term_string"}}],"inLanguage":"en-GB"},{"@type":"Organization","@id":"https:\/\/buletin.de\/bucuresti\/#organization","name":"Buletin de Bucure\u0219ti","url":"https:\/\/buletin.de\/bucuresti\/","logo":{"@type":"ImageObject","inLanguage":"en-GB","@id":"https:\/\/buletin.de\/bucuresti\/#\/schema\/logo\/image\/","url":"https:\/\/buletin.de\/bucuresti\/wp-content\/uploads\/logo-bdb-full-wide-vernil-transparent.png","contentUrl":"https:\/\/buletin.de\/bucuresti\/wp-content\/uploads\/logo-bdb-full-wide-vernil-transparent.png","width":1782,"height":626,"caption":"Buletin de Bucure\u0219ti"},"image":{"@id":"https:\/\/buletin.de\/bucuresti\/#\/schema\/logo\/image\/"},"sameAs":["https:\/\/www.facebook.com\/buletin.de.buc","https:\/\/www.instagram.com\/buletinde.bucuresti\/"]},{"@type":"Person","@id":"https:\/\/buletin.de\/bucuresti\/#\/schema\/person\/a76df728dfc913795a9d90e346b253bb","name":"R\u0103zvan Chiru\u021b\u0103","image":{"@type":"ImageObject","inLanguage":"en-GB","@id":"https:\/\/buletin.de\/bucuresti\/wp-content\/uploads\/Razvan-Chiruta-96x96.jpge7143b996fd4241fbd6ee1f6b6b7b267","url":"https:\/\/buletin.de\/bucuresti\/wp-content\/uploads\/Razvan-Chiruta-96x96.jpg","contentUrl":"https:\/\/buletin.de\/bucuresti\/wp-content\/uploads\/Razvan-Chiruta-96x96.jpg","caption":"R\u0103zvan Chiru\u021b\u0103"},"description":"R\u0103zvan Chiru\u021b\u0103 este redactor-\u0219ef adjunct din iulie 2024. A fost redactor-\u0219ef al PRESShub \u00eentre 2022 \u0219i iunie 2024. Anterior, a fost redactor-\u0219ef al Newsweek Rom\u00e2nia, din 2018 p\u00e2n\u0103 \u00een 2021, \u0219i al cotidianului Rom\u00e2nia liber\u0103, \u00eentre 2015 \u0219i 2017. Este absolvent de Jurnalism, \u00een cadrul Universit\u0103\u021bii \u201eAl.I.Cuza\u201d din Ia\u0219i, \u0219i a urmat un master \u00een Managementul institu\u021biilor mass-media (f\u0103r\u0103 diserta\u021bie) la Facultatea de Jurnalism \u0219i \u0218tiin\u021bele Comunic\u0103rii din cadrul Universit\u0103\u021bii din Bucure\u0219ti. \u0218i-a \u00eenceput cariera la Opinia studen\u021beasc\u0103, cunoscuta \u0219coal\u0103 de pres\u0103 din Ia\u0219i. A lucrat \u00een presa local\u0103, apoi a devenit corespondent pentru Ia\u0219i al cotidianului Evenimentul Zilei. Din 2004, a coordonat pentru \u0219ase luni sec\u021bia de coresponden\u021bi a Evenimentului Zilei. A mai lucrat la s\u0103pt\u0103m\u00e2nalul Prezent \u0219i a colaborat cu revistele Dilema Veche \u0219i Suplimentul de Cultur\u0103. Este co-autor \u00een volumele \u201eMass-media \u0219i democra\u021bia \u00een Rom\u00e2nia post-comunist\u0103\u201d (ed. a II-a), Ed. Institutul European, Ia\u0219i, 2013, \u0219i \u201eCOVID - 19. Dimensiuni ale gestionarii pandemiei\u201d, Editura Junimea, Ia\u0219i, 2020.","url":"https:\/\/buletin.de\/bucuresti\/author\/razvan-chiruta\/"}]}},"authors":[{"term_id":22582,"user_id":60,"is_guest":0,"slug":"razvan-chiruta","display_name":"R\u0103zvan Chiru\u021b\u0103","avatar_url":"https:\/\/buletin.de\/bucuresti\/wp-content\/uploads\/Razvan-Chiruta-96x96.jpg","0":null,"1":"","2":"","3":"","4":"","5":"","6":"","7":"","8":""}],"_links":{"self":[{"href":"https:\/\/buletin.de\/bucuresti\/wp-json\/wp\/v2\/posts\/129833","targetHints":{"allow":["GET"]}}],"collection":[{"href":"https:\/\/buletin.de\/bucuresti\/wp-json\/wp\/v2\/posts"}],"about":[{"href":"https:\/\/buletin.de\/bucuresti\/wp-json\/wp\/v2\/types\/post"}],"author":[{"embeddable":true,"href":"https:\/\/buletin.de\/bucuresti\/wp-json\/wp\/v2\/users\/60"}],"replies":[{"embeddable":true,"href":"https:\/\/buletin.de\/bucuresti\/wp-json\/wp\/v2\/comments?post=129833"}],"version-history":[{"count":4,"href":"https:\/\/buletin.de\/bucuresti\/wp-json\/wp\/v2\/posts\/129833\/revisions"}],"predecessor-version":[{"id":129842,"href":"https:\/\/buletin.de\/bucuresti\/wp-json\/wp\/v2\/posts\/129833\/revisions\/129842"}],"wp:featuredmedia":[{"embeddable":true,"href":"https:\/\/buletin.de\/bucuresti\/wp-json\/wp\/v2\/media\/129836"}],"wp:attachment":[{"href":"https:\/\/buletin.de\/bucuresti\/wp-json\/wp\/v2\/media?parent=129833"}],"wp:term":[{"taxonomy":"category","embeddable":true,"href":"https:\/\/buletin.de\/bucuresti\/wp-json\/wp\/v2\/categories?post=129833"},{"taxonomy":"post_tag","embeddable":true,"href":"https:\/\/buletin.de\/bucuresti\/wp-json\/wp\/v2\/tags?post=129833"},{"taxonomy":"author","embeddable":true,"href":"https:\/\/buletin.de\/bucuresti\/wp-json\/wp\/v2\/ppma_author?post=129833"}],"curies":[{"name":"wp","href":"https:\/\/api.w.org\/{rel}","templated":true}]}}