{"id":129822,"date":"2025-05-12T12:27:14","date_gmt":"2025-05-12T09:27:14","guid":{"rendered":"https:\/\/buletin.de\/bucuresti\/?p=129822"},"modified":"2025-05-12T12:27:15","modified_gmt":"2025-05-12T09:27:15","slug":"continua-curatenia-de-primavara-in-sectorul-6","status":"publish","type":"post","link":"https:\/\/buletin.de\/bucuresti\/continua-curatenia-de-primavara-in-sectorul-6\/","title":{"rendered":"Sector 6 | Continu\u0103 cur\u0103\u021benia de prim\u0103var\u0103. Care sunt zonele cur\u0103\u021bate"},"content":{"rendered":"\n<p><strong>Continu\u0103 cur\u0103\u021benia de prim\u0103var\u0103 \u00een Sectorul 6. Zonele care vor fi cur\u0103\u021bate sunt Drumul Taberei, Ghencea \u0219i Drumul S\u0103rii.<\/strong><\/p>\n\n\n\n<p>Autoritatea local\u0103 precizeaz\u0103 c\u0103 este vorba despre microzonele 8, 9, 10 \u0219i 11.<\/p>\n\n\n\n<p>Echipele de la <a href=\"https:\/\/www.facebook.com\/profile.php?id=100070647862757&amp;__cft__[0]=AZWPbzT-9zWh8isOrJTCB8tAEN_vPKDmBt9zWYVzgNMgfgK9NnR5huk4b6Sw1e90rXkVStNsalnzdzTQ9xi3X0WTsefNS9m70pL318kBEgOfA2tLGsP9z0SXFFYkAlEqPx_ZGEQyfOfgwwp64Y6ThPfVeNr3q410o-F3QsagVncgCY_ogtuRygcqQQP5NhKxpSiKFGz9YLU71mZl5n38JlvO&amp;__tn__=-]K-R\">Salubrizare Sector 6<\/a> intervin cu 40 de lucr\u0103tori \u0219i 15 utilaje: m\u0103tur\u0103, aspir\u0103, spal\u0103 carosabilul, trotuarele, mobilierul urban, st\u00e2lpi\u0219orii, semnele de circula\u021bie \u0219i sta\u021biile STB.<\/p>\n\n\n\n<div class=\"wp-block-buttons is-content-justification-center is-layout-flex wp-container-core-buttons-is-layout-16018d1d wp-block-buttons-is-layout-flex\">\n<div class=\"wp-block-button has-custom-width wp-block-button__width-100\"><a class=\"wp-block-button__link wp-element-button\" href=\"https:\/\/www.patreon.com\/BuletinDeBucuresti\"><strong>Sus\u021bine Buletin de Bucure\u0219ti pentru investiga\u021bii, reportaje \u0219i \u0219tiri Locale<\/strong><\/a><\/div>\n<\/div>\n\n\n\n<h2 class=\"wp-block-heading\" id=\"h-programul-pentru-cura\u021benia-de-primavara\">Programul pentru cur\u0103\u021benia de prim\u0103var\u0103<\/h2>\n\n\n\n<p><strong>MICROZONA 8 \u2013 perimetrul cuprins \u00eentre str. R\u00e2ul Doamnei \u2013 Bd. Drumul Taberei \u2013 Str. Bra\u0219ov \u2013 Prelungirea Ghencea<\/strong><\/p>\n\n\n\n<p><strong>12 mai<\/strong><\/p>\n\n\n\n<ul class=\"wp-block-list\">\n<li>Str\u0103zi principale: Bra\u0219ov (\u00eentre Valea C\u0103lug\u0103reasc\u0103 \u0219i Drumul Taberei), Bd. Drumul Taberei, Str. R\u00e2ul Doamnei;<\/li>\n\n\n\n<li>Str\u0103zi secundare: Aleea Vl\u0103siei, Str. Valea lui Mihai, Str. Chilia Veche, Str. Valea C\u0103lug\u0103reasc\u0103.<\/li>\n<\/ul>\n\n\n\n<p><strong>13 mai<\/strong><\/p>\n\n\n\n<ul class=\"wp-block-list\">\n<li>Str\u0103zi principale: Bra\u0219ov (p\u00e2n\u0103 la Prelungirea Ghencea), Prelungirea Ghencea, Str. R\u00e2ul Doamnei;<\/li>\n\n\n\n<li>Str\u0103zi secundare: Valea lui Mihai, Aleea Ghencea, Str. Valea Ro\u0219ie, Aleea \u0219i Str. Valea C\u0103lug\u0103reasc\u0103.<\/li>\n<\/ul>\n\n\n\n<p><strong>MICROZONA 9<\/strong> <strong>\u2013 perimetrul cuprins \u00eentre: Str. Bra\u0219ov \u2013 Bd. Drumul Taberei \u2013 Str. Sibiu \u2013 Bd. 1 Mai<\/strong><\/p>\n\n\n\n<p><strong>Miercuri, 14 mai<\/strong><\/p>\n\n\n\n<ul class=\"wp-block-list\">\n<li>Str\u0103zi principale: Bra\u0219ov (p\u00e2n\u0103 la Bd. 1 Mai), Bd. Drumul Taberei, Bd. 1 Mai;<\/li>\n\n\n\n<li>Str\u0103zi secundare: Str. Valea Prahovei, Str. Bozieni, Aleea Compozitorilor, Aleea \u0219i Str. \u021aincani.<\/li>\n<\/ul>\n\n\n\n<p><strong>Joi, 15 mai<\/strong><\/p>\n\n\n\n<ul class=\"wp-block-list\">\n<li>Str\u0103zi principale: Str. Sibiu, bd. Drumul Taberei, Bd. 1 Mai;<\/li>\n\n\n\n<li>Str\u0103zi secundare: Str. Obcina Mare, Str. R\u00e2ul Dorna, Str. Obcina Mic\u0103, Aleea Obcina Mic\u0103, Aleea Compozitorilor, Str. \u021aincani.<\/li>\n<\/ul>\n\n\n\n<figure class=\"wp-block-gallery has-nested-images columns-default is-cropped wp-block-gallery-1 is-layout-flex wp-block-gallery-is-layout-flex\">\n<figure class=\"wp-block-image size-large\"><img fetchpriority=\"high\" decoding=\"async\" width=\"948\" height=\"1000\" data-id=\"129827\" src=\"data:image\/gif;base64,R0lGODlhAQABAAAAACH5BAEKAAEALAAAAAABAAEAAAICTAEAOw==\" data-src=\"https:\/\/buletin.de\/bucuresti\/wp-content\/uploads\/2025\/05\/496255006_1105277061630230_5903289629577498138_n-948x1000.jpg\" alt=\"cur\u0103\u021benia de prim\u0103var\u0103\" class=\"wp-image-129827 lazyload\" data-sizes=\"auto\" data-srcset=\"https:\/\/buletin.de\/bucuresti\/wp-content\/uploads\/2025\/05\/496255006_1105277061630230_5903289629577498138_n-948x1000.jpg 948w, https:\/\/buletin.de\/bucuresti\/wp-content\/uploads\/2025\/05\/496255006_1105277061630230_5903289629577498138_n-284x300.jpg 284w, https:\/\/buletin.de\/bucuresti\/wp-content\/uploads\/2025\/05\/496255006_1105277061630230_5903289629577498138_n-768x810.jpg 768w, https:\/\/buletin.de\/bucuresti\/wp-content\/uploads\/2025\/05\/496255006_1105277061630230_5903289629577498138_n-1456x1536.jpg 1456w, https:\/\/buletin.de\/bucuresti\/wp-content\/uploads\/2025\/05\/496255006_1105277061630230_5903289629577498138_n-24x24.jpg 24w, https:\/\/buletin.de\/bucuresti\/wp-content\/uploads\/2025\/05\/496255006_1105277061630230_5903289629577498138_n-1100x1160.jpg 1100w, https:\/\/buletin.de\/bucuresti\/wp-content\/uploads\/2025\/05\/496255006_1105277061630230_5903289629577498138_n-600x633.jpg 600w, https:\/\/buletin.de\/bucuresti\/wp-content\/uploads\/2025\/05\/496255006_1105277061630230_5903289629577498138_n-20x21.jpg 20w, https:\/\/buletin.de\/bucuresti\/wp-content\/uploads\/2025\/05\/496255006_1105277061630230_5903289629577498138_n.jpg 1500w\" sizes=\"(max-width: 948px) 100vw, 948px\" \/><\/figure>\n\n\n\n<figure class=\"wp-block-image size-large\"><img decoding=\"async\" width=\"929\" height=\"1000\" data-id=\"129825\" src=\"data:image\/gif;base64,R0lGODlhAQABAAAAACH5BAEKAAEALAAAAAABAAEAAAICTAEAOw==\" data-src=\"https:\/\/buletin.de\/bucuresti\/wp-content\/uploads\/2025\/05\/496026616_1105276861630250_123040871295948272_n-929x1000.jpg\" alt=\"\" class=\"wp-image-129825 lazyload\" data-sizes=\"auto\" data-srcset=\"https:\/\/buletin.de\/bucuresti\/wp-content\/uploads\/2025\/05\/496026616_1105276861630250_123040871295948272_n-929x1000.jpg 929w, https:\/\/buletin.de\/bucuresti\/wp-content\/uploads\/2025\/05\/496026616_1105276861630250_123040871295948272_n-279x300.jpg 279w, https:\/\/buletin.de\/bucuresti\/wp-content\/uploads\/2025\/05\/496026616_1105276861630250_123040871295948272_n-768x827.jpg 768w, https:\/\/buletin.de\/bucuresti\/wp-content\/uploads\/2025\/05\/496026616_1105276861630250_123040871295948272_n-1427x1536.jpg 1427w, https:\/\/buletin.de\/bucuresti\/wp-content\/uploads\/2025\/05\/496026616_1105276861630250_123040871295948272_n-1100x1184.jpg 1100w, https:\/\/buletin.de\/bucuresti\/wp-content\/uploads\/2025\/05\/496026616_1105276861630250_123040871295948272_n-600x646.jpg 600w, https:\/\/buletin.de\/bucuresti\/wp-content\/uploads\/2025\/05\/496026616_1105276861630250_123040871295948272_n-20x22.jpg 20w, https:\/\/buletin.de\/bucuresti\/wp-content\/uploads\/2025\/05\/496026616_1105276861630250_123040871295948272_n.jpg 1486w\" sizes=\"(max-width: 929px) 100vw, 929px\" \/><\/figure>\n\n\n\n<figure class=\"wp-block-image size-large\"><img decoding=\"async\" width=\"926\" height=\"1000\" data-id=\"129828\" src=\"data:image\/gif;base64,R0lGODlhAQABAAAAACH5BAEKAAEALAAAAAABAAEAAAICTAEAOw==\" data-src=\"https:\/\/buletin.de\/bucuresti\/wp-content\/uploads\/2025\/05\/496254956_1105276701630266_434302841115162943_n-926x1000.jpg\" alt=\"cur\u0103\u021benia de prim\u0103var\u0103\" class=\"wp-image-129828 lazyload\" data-sizes=\"auto\" data-srcset=\"https:\/\/buletin.de\/bucuresti\/wp-content\/uploads\/2025\/05\/496254956_1105276701630266_434302841115162943_n-926x1000.jpg 926w, https:\/\/buletin.de\/bucuresti\/wp-content\/uploads\/2025\/05\/496254956_1105276701630266_434302841115162943_n-278x300.jpg 278w, https:\/\/buletin.de\/bucuresti\/wp-content\/uploads\/2025\/05\/496254956_1105276701630266_434302841115162943_n-768x830.jpg 768w, https:\/\/buletin.de\/bucuresti\/wp-content\/uploads\/2025\/05\/496254956_1105276701630266_434302841115162943_n-1422x1536.jpg 1422w, https:\/\/buletin.de\/bucuresti\/wp-content\/uploads\/2025\/05\/496254956_1105276701630266_434302841115162943_n-1100x1188.jpg 1100w, https:\/\/buletin.de\/bucuresti\/wp-content\/uploads\/2025\/05\/496254956_1105276701630266_434302841115162943_n-600x648.jpg 600w, https:\/\/buletin.de\/bucuresti\/wp-content\/uploads\/2025\/05\/496254956_1105276701630266_434302841115162943_n-20x22.jpg 20w, https:\/\/buletin.de\/bucuresti\/wp-content\/uploads\/2025\/05\/496254956_1105276701630266_434302841115162943_n.jpg 1481w\" sizes=\"(max-width: 926px) 100vw, 926px\" \/><\/figure>\n\n\n\n<figure class=\"wp-block-image size-large\"><img loading=\"lazy\" decoding=\"async\" width=\"940\" height=\"1000\" data-id=\"129826\" src=\"data:image\/gif;base64,R0lGODlhAQABAAAAACH5BAEKAAEALAAAAAABAAEAAAICTAEAOw==\" data-src=\"https:\/\/buletin.de\/bucuresti\/wp-content\/uploads\/2025\/05\/496938862_1105276758296927_4838965829246905217_n-940x1000.jpg\" alt=\"cur\u0103\u021benia de prim\u0103var\u0103\" class=\"wp-image-129826 lazyload\" data-sizes=\"auto\" data-srcset=\"https:\/\/buletin.de\/bucuresti\/wp-content\/uploads\/2025\/05\/496938862_1105276758296927_4838965829246905217_n-940x1000.jpg 940w, https:\/\/buletin.de\/bucuresti\/wp-content\/uploads\/2025\/05\/496938862_1105276758296927_4838965829246905217_n-282x300.jpg 282w, https:\/\/buletin.de\/bucuresti\/wp-content\/uploads\/2025\/05\/496938862_1105276758296927_4838965829246905217_n-768x817.jpg 768w, https:\/\/buletin.de\/bucuresti\/wp-content\/uploads\/2025\/05\/496938862_1105276758296927_4838965829246905217_n-1444x1536.jpg 1444w, https:\/\/buletin.de\/bucuresti\/wp-content\/uploads\/2025\/05\/496938862_1105276758296927_4838965829246905217_n-1100x1170.jpg 1100w, https:\/\/buletin.de\/bucuresti\/wp-content\/uploads\/2025\/05\/496938862_1105276758296927_4838965829246905217_n-600x638.jpg 600w, https:\/\/buletin.de\/bucuresti\/wp-content\/uploads\/2025\/05\/496938862_1105276758296927_4838965829246905217_n-20x21.jpg 20w, https:\/\/buletin.de\/bucuresti\/wp-content\/uploads\/2025\/05\/496938862_1105276758296927_4838965829246905217_n.jpg 1500w\" sizes=\"(max-width: 940px) 100vw, 940px\" \/><\/figure>\n<\/figure>\n\n\n\n<p><strong>CITE\u0218TE \u0218I:<\/strong> <a href=\"https:\/\/buletin.de\/bucuresti\/primariile-de-sector-se-lauda-cu-inverzirea-orasului-campanie-de-plantari\/\">Prim\u0103riile de sector se laud\u0103 cu \u201e\u00eenverzirea\u201d ora\u015fului. Campanie de plant\u0103ri, \u00een mai multe zone ale Capitalei<\/a><\/p>\n\n\n\n<h2 class=\"wp-block-heading\" id=\"h-alte-doua-microzone-vor-fi-cura\u021bate\">Alte dou\u0103 microzone vor fi cur\u0103\u021bate<\/h2>\n\n\n\n<p><strong>MICROZONA 10 \u2013 perimetrul cuprins \u00eentre: Str. Bra\u0219ov \u2013 bd. Ghencea \u2013 Str. Sergent Major Cara Anghel \u2013 Bd. 1 Mai<\/strong><\/p>\n\n\n\n<p><strong>Vineri, 16 mai<\/strong><\/p>\n\n\n\n<ul class=\"wp-block-list\">\n<li>Str\u0103zi principale: Bd. Ghencea, Bd. 1 Mai, Str. Bra\u0219ov;<\/li>\n\n\n\n<li>Str\u0103zi secundare: Str. Vl\u0103deasa, Str. Sergent Gheorghe Latea, Str. Tanganului, Str. Cara Anghel, Str. Titel Petrescu, Str. Alexandru Postolache.<\/li>\n<\/ul>\n\n\n\n<p><strong>S\u00e2mb\u0103t\u0103, 17 mai<\/strong><\/p>\n\n\n\n<ul class=\"wp-block-list\">\n<li>Str\u0103zi principale: Bd. Ghencea, Bd. 1 Mai;<\/li>\n\n\n\n<li>Str\u0103zi secundare: Str. Vl\u0103deasa, Str. Gheorghe L\u0103\u021bea, Str. Cara Anghel, Str. G\u00e2rleni, Str. Tolbei, Aleea Me\u0219eria\u0219ilor.<\/li>\n<\/ul>\n\n\n\n<figure class=\"wp-block-gallery has-nested-images columns-default is-cropped wp-block-gallery-2 is-layout-flex wp-block-gallery-is-layout-flex\">\n<figure class=\"wp-block-image size-large\"><img loading=\"lazy\" decoding=\"async\" width=\"944\" height=\"1000\" data-id=\"129829\" src=\"data:image\/gif;base64,R0lGODlhAQABAAAAACH5BAEKAAEALAAAAAABAAEAAAICTAEAOw==\" data-src=\"https:\/\/buletin.de\/bucuresti\/wp-content\/uploads\/2025\/05\/496489172_1105276974963572_6360808183614801382_n-944x1000.jpg\" alt=\"\" class=\"wp-image-129829 lazyload\" data-sizes=\"auto\" data-srcset=\"https:\/\/buletin.de\/bucuresti\/wp-content\/uploads\/2025\/05\/496489172_1105276974963572_6360808183614801382_n-944x1000.jpg 944w, https:\/\/buletin.de\/bucuresti\/wp-content\/uploads\/2025\/05\/496489172_1105276974963572_6360808183614801382_n-283x300.jpg 283w, https:\/\/buletin.de\/bucuresti\/wp-content\/uploads\/2025\/05\/496489172_1105276974963572_6360808183614801382_n-768x814.jpg 768w, https:\/\/buletin.de\/bucuresti\/wp-content\/uploads\/2025\/05\/496489172_1105276974963572_6360808183614801382_n-1450x1536.jpg 1450w, https:\/\/buletin.de\/bucuresti\/wp-content\/uploads\/2025\/05\/496489172_1105276974963572_6360808183614801382_n-24x24.jpg 24w, https:\/\/buletin.de\/bucuresti\/wp-content\/uploads\/2025\/05\/496489172_1105276974963572_6360808183614801382_n-1100x1166.jpg 1100w, https:\/\/buletin.de\/bucuresti\/wp-content\/uploads\/2025\/05\/496489172_1105276974963572_6360808183614801382_n-600x636.jpg 600w, https:\/\/buletin.de\/bucuresti\/wp-content\/uploads\/2025\/05\/496489172_1105276974963572_6360808183614801382_n-20x21.jpg 20w, https:\/\/buletin.de\/bucuresti\/wp-content\/uploads\/2025\/05\/496489172_1105276974963572_6360808183614801382_n.jpg 1500w\" sizes=\"(max-width: 944px) 100vw, 944px\" \/><\/figure>\n\n\n\n<figure class=\"wp-block-image size-large\"><img loading=\"lazy\" decoding=\"async\" width=\"933\" height=\"1000\" data-id=\"129830\" src=\"data:image\/gif;base64,R0lGODlhAQABAAAAACH5BAEKAAEALAAAAAABAAEAAAICTAEAOw==\" data-src=\"https:\/\/buletin.de\/bucuresti\/wp-content\/uploads\/2025\/05\/496254845_1105277088296894_7716879729583907278_n-933x1000.jpg\" alt=\"cur\u0103\u021benia de prim\u0103var\u0103\" class=\"wp-image-129830 lazyload\" data-sizes=\"auto\" data-srcset=\"https:\/\/buletin.de\/bucuresti\/wp-content\/uploads\/2025\/05\/496254845_1105277088296894_7716879729583907278_n-933x1000.jpg 933w, https:\/\/buletin.de\/bucuresti\/wp-content\/uploads\/2025\/05\/496254845_1105277088296894_7716879729583907278_n-280x300.jpg 280w, https:\/\/buletin.de\/bucuresti\/wp-content\/uploads\/2025\/05\/496254845_1105277088296894_7716879729583907278_n-768x823.jpg 768w, https:\/\/buletin.de\/bucuresti\/wp-content\/uploads\/2025\/05\/496254845_1105277088296894_7716879729583907278_n-1433x1536.jpg 1433w, https:\/\/buletin.de\/bucuresti\/wp-content\/uploads\/2025\/05\/496254845_1105277088296894_7716879729583907278_n-1100x1179.jpg 1100w, https:\/\/buletin.de\/bucuresti\/wp-content\/uploads\/2025\/05\/496254845_1105277088296894_7716879729583907278_n-600x643.jpg 600w, https:\/\/buletin.de\/bucuresti\/wp-content\/uploads\/2025\/05\/496254845_1105277088296894_7716879729583907278_n-20x21.jpg 20w, https:\/\/buletin.de\/bucuresti\/wp-content\/uploads\/2025\/05\/496254845_1105277088296894_7716879729583907278_n.jpg 1493w\" sizes=\"(max-width: 933px) 100vw, 933px\" \/><\/figure>\n\n\n\n<figure class=\"wp-block-image size-large\"><img loading=\"lazy\" decoding=\"async\" width=\"940\" height=\"1000\" data-id=\"129831\" src=\"data:image\/gif;base64,R0lGODlhAQABAAAAACH5BAEKAAEALAAAAAABAAEAAAICTAEAOw==\" data-src=\"https:\/\/buletin.de\/bucuresti\/wp-content\/uploads\/2025\/05\/495940650_1105276924963577_9151716468261404679_n-940x1000.jpg\" alt=\"\" class=\"wp-image-129831 lazyload\" data-sizes=\"auto\" data-srcset=\"https:\/\/buletin.de\/bucuresti\/wp-content\/uploads\/2025\/05\/495940650_1105276924963577_9151716468261404679_n-940x1000.jpg 940w, https:\/\/buletin.de\/bucuresti\/wp-content\/uploads\/2025\/05\/495940650_1105276924963577_9151716468261404679_n-282x300.jpg 282w, https:\/\/buletin.de\/bucuresti\/wp-content\/uploads\/2025\/05\/495940650_1105276924963577_9151716468261404679_n-768x817.jpg 768w, https:\/\/buletin.de\/bucuresti\/wp-content\/uploads\/2025\/05\/495940650_1105276924963577_9151716468261404679_n-1444x1536.jpg 1444w, https:\/\/buletin.de\/bucuresti\/wp-content\/uploads\/2025\/05\/495940650_1105276924963577_9151716468261404679_n-1100x1170.jpg 1100w, https:\/\/buletin.de\/bucuresti\/wp-content\/uploads\/2025\/05\/495940650_1105276924963577_9151716468261404679_n-600x638.jpg 600w, https:\/\/buletin.de\/bucuresti\/wp-content\/uploads\/2025\/05\/495940650_1105276924963577_9151716468261404679_n-20x21.jpg 20w, https:\/\/buletin.de\/bucuresti\/wp-content\/uploads\/2025\/05\/495940650_1105276924963577_9151716468261404679_n.jpg 1500w\" sizes=\"(max-width: 940px) 100vw, 940px\" \/><\/figure>\n\n\n\n<figure class=\"wp-block-image size-large\"><img loading=\"lazy\" decoding=\"async\" width=\"933\" height=\"1000\" data-id=\"129832\" src=\"data:image\/gif;base64,R0lGODlhAQABAAAAACH5BAEKAAEALAAAAAABAAEAAAICTAEAOw==\" data-src=\"https:\/\/buletin.de\/bucuresti\/wp-content\/uploads\/2025\/05\/496819992_1105277028296900_6147191894404216409_n-933x1000.jpg\" alt=\"cur\u0103\u021benia de prim\u0103var\u0103\" class=\"wp-image-129832 lazyload\" data-sizes=\"auto\" data-srcset=\"https:\/\/buletin.de\/bucuresti\/wp-content\/uploads\/2025\/05\/496819992_1105277028296900_6147191894404216409_n-933x1000.jpg 933w, https:\/\/buletin.de\/bucuresti\/wp-content\/uploads\/2025\/05\/496819992_1105277028296900_6147191894404216409_n-280x300.jpg 280w, https:\/\/buletin.de\/bucuresti\/wp-content\/uploads\/2025\/05\/496819992_1105277028296900_6147191894404216409_n-768x823.jpg 768w, https:\/\/buletin.de\/bucuresti\/wp-content\/uploads\/2025\/05\/496819992_1105277028296900_6147191894404216409_n-1433x1536.jpg 1433w, https:\/\/buletin.de\/bucuresti\/wp-content\/uploads\/2025\/05\/496819992_1105277028296900_6147191894404216409_n-1100x1179.jpg 1100w, https:\/\/buletin.de\/bucuresti\/wp-content\/uploads\/2025\/05\/496819992_1105277028296900_6147191894404216409_n-600x643.jpg 600w, https:\/\/buletin.de\/bucuresti\/wp-content\/uploads\/2025\/05\/496819992_1105277028296900_6147191894404216409_n-20x21.jpg 20w, https:\/\/buletin.de\/bucuresti\/wp-content\/uploads\/2025\/05\/496819992_1105277028296900_6147191894404216409_n.jpg 1493w\" sizes=\"(max-width: 933px) 100vw, 933px\" \/><\/figure>\n<\/figure>\n\n\n\n<p><strong>MICROZONA 11<\/strong> <strong>\u2013 perimetrul cuprins \u00eentre: Bd. Ghencea \u2013 Str. Drumul S\u0103rii \u2013 Bd. Drumul Taberei \u2013 Str. Sibiu \u2013 Str. Sergent Major Cara Anghel<\/strong><\/p>\n\n\n\n<p><strong>Duminic\u0103, 18 mai<\/strong><\/p>\n\n\n\n<ul class=\"wp-block-list\">\n<li>Str\u0103zi principale: Str. Sibiu, Bd. Ghencea, Bd. Drumul Taberei;<\/li>\n\n\n\n<li>Str\u0103zi secundare: Aleea Haiducului<\/li>\n<\/ul>\n\n\n\n<p><strong>Luni, 19 mai<\/strong><\/p>\n\n\n\n<ul class=\"wp-block-list\">\n<li>Str\u0103zi principale: Bd. Drumul Taberei, Bd. Ghencea, Str. Drumul S\u0103rii;<\/li>\n\n\n\n<li>Str\u0103zi secundare: Str. Aviator Gheorghe Caranda, Str. Gen. Culcer Ioan, Str. Aviator Negel Gheorghe, Str. Dumitru Pera, Str. Ion Cre\u021bescu, Str. C\u0103pitan Moang\u0103, Str. Octav B\u0103ncil\u0103, Str. Constantin Marinescu, Str. S\u0103biu\u021bei, Str. Eroina de la Jiu, Str. Montana, Str. Miroslavei, Str. C\u00e2nt\u0103rii, Str. Ion Nonna Otescu, Str. Gen. Macarovici, Str. Nicolae G\u0103in\u0103.<\/li>\n<\/ul>\n\n\n\n<p>Prim\u0103ria Sectorului 6 cere \u0219oferilor s\u0103 nu parcheze pe str\u0103zile anun\u021bate, \u00eentre orele 8.00 &#8211; 18.00.<\/p>\n\n\n\n<p><strong>CITE\u0218TE \u0218I:<\/strong> <a href=\"https:\/\/buletin.de\/bucuresti\/se-inteteste-haosul-pe-iuliu-maniu-vor-incepe-reparatiile-pasajului-de-peste-centura-capitalei-care-leaga-bulevardul-de-a1\/\">Se \u00eente\u0163e\u015fte haosul pe Iuliu Maniu: vor \u00eencepe repara\u0163iile pasajului de peste Centura Capitalei, care leag\u0103 bulevardul de A1<\/a><\/p>\n","protected":false},"excerpt":{"rendered":"<p>Continu\u0103 cur\u0103\u021benia de prim\u0103var\u0103 \u00een Sectorul 6. Zonele care vor fi cur\u0103\u021bate sunt Drumul Taberei, Ghencea \u0219i Drumul S\u0103rii. Autoritatea local\u0103 precizeaz\u0103 c\u0103 este vorba despre microzonele 8, 9, 10 \u0219i 11. Echipele de la Salubrizare Sector 6 intervin cu 40 de lucr\u0103tori \u0219i 15 utilaje: m\u0103tur\u0103, aspir\u0103, spal\u0103 carosabilul, trotuarele, mobilierul urban, st\u00e2lpi\u0219orii, semnele [&hellip;]<\/p>\n","protected":false},"author":49,"featured_media":129834,"comment_status":"closed","ping_status":"open","sticky":false,"template":"","format":"standard","meta":{"_acf_changed":false,"inline_featured_image":false,"ngg_post_thumbnail":0,"footnotes":""},"categories":[6994,24,62],"tags":[10895,21276,1492,1595,523],"ppma_author":[22574],"class_list":["post-129822","post","type-post","status-publish","format-standard","has-post-thumbnail","hentry","category-stiri-2","category-primarie","category-stiri","tag-curatenia-de-primavara","tag-drumul-sarii","tag-drumul-taberei","tag-ghencea","tag-sector-6"],"acf":[],"yoast_head":"<!-- This site is optimized with the Yoast SEO Premium plugin v25.3 (Yoast SEO v27.5) - https:\/\/yoast.com\/product\/yoast-seo-premium-wordpress\/ -->\n<title>Sector 6 | Continu\u0103 cur\u0103\u021benia de prim\u0103var\u0103. Care sunt zonele cur\u0103\u021bate - Buletin de Bucure\u0219ti<\/title>\n<meta name=\"description\" content=\"Continu\u0103 cur\u0103\u021benia de prim\u0103var\u0103, \u00een Sectorul 6. Zonele care vor fi cur\u0103\u021bate cun Druml Taberei, Ghencea \u0219i Drumul S\u0103rii.\" \/>\n<meta name=\"robots\" content=\"index, follow, max-snippet:-1, max-image-preview:large, max-video-preview:-1\" \/>\n<link rel=\"canonical\" href=\"https:\/\/buletin.de\/bucuresti\/continua-curatenia-de-primavara-in-sectorul-6\/\" \/>\n<meta property=\"og:locale\" content=\"en_GB\" \/>\n<meta property=\"og:type\" content=\"article\" \/>\n<meta property=\"og:title\" content=\"Sector 6 | Continu\u0103 cur\u0103\u021benia de prim\u0103var\u0103. Care sunt zonele cur\u0103\u021bate\" \/>\n<meta property=\"og:description\" content=\"Continu\u0103 cur\u0103\u021benia de prim\u0103var\u0103, \u00een Sectorul 6. Zonele care vor fi cur\u0103\u021bate cun Druml Taberei, Ghencea \u0219i Drumul S\u0103rii.\" \/>\n<meta property=\"og:url\" content=\"https:\/\/buletin.de\/bucuresti\/continua-curatenia-de-primavara-in-sectorul-6\/\" \/>\n<meta property=\"og:site_name\" content=\"Buletin de Bucure\u0219ti\" \/>\n<meta property=\"article:publisher\" content=\"https:\/\/www.facebook.com\/buletin.de.buc\" \/>\n<meta property=\"article:published_time\" content=\"2025-05-12T09:27:14+00:00\" \/>\n<meta property=\"article:modified_time\" content=\"2025-05-12T09:27:15+00:00\" \/>\n<meta property=\"og:image\" content=\"https:\/\/buletin.de\/bucuresti\/wp-content\/uploads\/2025\/05\/496476857_1105276558296947_5335287828237125816_n.jpg\" \/>\n\t<meta property=\"og:image:width\" content=\"1080\" \/>\n\t<meta property=\"og:image:height\" content=\"1181\" \/>\n\t<meta property=\"og:image:type\" content=\"image\/jpeg\" \/>\n<meta name=\"author\" content=\"Diana Matei\" \/>\n<meta name=\"twitter:card\" content=\"summary_large_image\" \/>\n<meta name=\"twitter:label1\" content=\"Written by\" \/>\n\t<meta name=\"twitter:data1\" content=\"Diana Matei\" \/>\n\t<meta name=\"twitter:label2\" content=\"Estimated reading time\" \/>\n\t<meta name=\"twitter:data2\" content=\"4 minutes\" \/>\n<script type=\"application\/ld+json\" class=\"yoast-schema-graph\">{\"@context\":\"https:\\\/\\\/schema.org\",\"@graph\":[{\"@type\":\"Article\",\"@id\":\"https:\\\/\\\/buletin.de\\\/bucuresti\\\/continua-curatenia-de-primavara-in-sectorul-6\\\/#article\",\"isPartOf\":{\"@id\":\"https:\\\/\\\/buletin.de\\\/bucuresti\\\/continua-curatenia-de-primavara-in-sectorul-6\\\/\"},\"author\":{\"name\":\"Diana Matei\",\"@id\":\"https:\\\/\\\/buletin.de\\\/bucuresti\\\/#\\\/schema\\\/person\\\/7e46040573290777280a0835d81ea4ea\"},\"headline\":\"Sector 6 | Continu\u0103 cur\u0103\u021benia de prim\u0103var\u0103. Care sunt zonele cur\u0103\u021bate\",\"datePublished\":\"2025-05-12T09:27:14+00:00\",\"dateModified\":\"2025-05-12T09:27:15+00:00\",\"mainEntityOfPage\":{\"@id\":\"https:\\\/\\\/buletin.de\\\/bucuresti\\\/continua-curatenia-de-primavara-in-sectorul-6\\\/\"},\"wordCount\":527,\"publisher\":{\"@id\":\"https:\\\/\\\/buletin.de\\\/bucuresti\\\/#organization\"},\"image\":{\"@id\":\"https:\\\/\\\/buletin.de\\\/bucuresti\\\/continua-curatenia-de-primavara-in-sectorul-6\\\/#primaryimage\"},\"thumbnailUrl\":\"https:\\\/\\\/buletin.de\\\/bucuresti\\\/wp-content\\\/uploads\\\/2025\\\/05\\\/496476857_1105276558296947_5335287828237125816_n.jpg\",\"keywords\":[\"curatenia de primavara\",\"Drumul S\u0103rii\",\"drumul taberei\",\"ghencea\",\"Sector 6\"],\"articleSection\":[\"Articole\",\"Prim\u0103rie\",\"\u0218tiri\"],\"inLanguage\":\"en-GB\",\"copyrightYear\":\"2025\",\"copyrightHolder\":{\"@id\":\"https:\\\/\\\/buletin.de\\\/bucuresti\\\/#organization\"}},{\"@type\":\"WebPage\",\"@id\":\"https:\\\/\\\/buletin.de\\\/bucuresti\\\/continua-curatenia-de-primavara-in-sectorul-6\\\/\",\"url\":\"https:\\\/\\\/buletin.de\\\/bucuresti\\\/continua-curatenia-de-primavara-in-sectorul-6\\\/\",\"name\":\"Sector 6 | Continu\u0103 cur\u0103\u021benia de prim\u0103var\u0103. Care sunt zonele cur\u0103\u021bate - Buletin de Bucure\u0219ti\",\"isPartOf\":{\"@id\":\"https:\\\/\\\/buletin.de\\\/bucuresti\\\/#website\"},\"primaryImageOfPage\":{\"@id\":\"https:\\\/\\\/buletin.de\\\/bucuresti\\\/continua-curatenia-de-primavara-in-sectorul-6\\\/#primaryimage\"},\"image\":{\"@id\":\"https:\\\/\\\/buletin.de\\\/bucuresti\\\/continua-curatenia-de-primavara-in-sectorul-6\\\/#primaryimage\"},\"thumbnailUrl\":\"https:\\\/\\\/buletin.de\\\/bucuresti\\\/wp-content\\\/uploads\\\/2025\\\/05\\\/496476857_1105276558296947_5335287828237125816_n.jpg\",\"datePublished\":\"2025-05-12T09:27:14+00:00\",\"dateModified\":\"2025-05-12T09:27:15+00:00\",\"description\":\"Continu\u0103 cur\u0103\u021benia de prim\u0103var\u0103, \u00een Sectorul 6. Zonele care vor fi cur\u0103\u021bate cun Druml Taberei, Ghencea \u0219i Drumul S\u0103rii.\",\"breadcrumb\":{\"@id\":\"https:\\\/\\\/buletin.de\\\/bucuresti\\\/continua-curatenia-de-primavara-in-sectorul-6\\\/#breadcrumb\"},\"inLanguage\":\"en-GB\",\"potentialAction\":[{\"@type\":\"ReadAction\",\"target\":[\"https:\\\/\\\/buletin.de\\\/bucuresti\\\/continua-curatenia-de-primavara-in-sectorul-6\\\/\"]}]},{\"@type\":\"ImageObject\",\"inLanguage\":\"en-GB\",\"@id\":\"https:\\\/\\\/buletin.de\\\/bucuresti\\\/continua-curatenia-de-primavara-in-sectorul-6\\\/#primaryimage\",\"url\":\"https:\\\/\\\/buletin.de\\\/bucuresti\\\/wp-content\\\/uploads\\\/2025\\\/05\\\/496476857_1105276558296947_5335287828237125816_n.jpg\",\"contentUrl\":\"https:\\\/\\\/buletin.de\\\/bucuresti\\\/wp-content\\\/uploads\\\/2025\\\/05\\\/496476857_1105276558296947_5335287828237125816_n.jpg\",\"width\":1080,\"height\":1181,\"caption\":\"Sector 6 | Continu\u0103 cur\u0103\u021benia de prim\u0103var\u0103. PS6\"},{\"@type\":\"BreadcrumbList\",\"@id\":\"https:\\\/\\\/buletin.de\\\/bucuresti\\\/continua-curatenia-de-primavara-in-sectorul-6\\\/#breadcrumb\",\"itemListElement\":[{\"@type\":\"ListItem\",\"position\":1,\"name\":\"Acas\u0103\",\"item\":\"https:\\\/\\\/buletin.de\\\/bucuresti\\\/\"},{\"@type\":\"ListItem\",\"position\":2,\"name\":\"Sector 6 | Continu\u0103 cur\u0103\u021benia de prim\u0103var\u0103. Care sunt zonele cur\u0103\u021bate\"}]},{\"@type\":\"WebSite\",\"@id\":\"https:\\\/\\\/buletin.de\\\/bucuresti\\\/#website\",\"url\":\"https:\\\/\\\/buletin.de\\\/bucuresti\\\/\",\"name\":\"Buletin de Bucure\u0219ti\",\"description\":\"\u0218tiri \u0219i investiga\u021bii esen\u021biale din capital\u0103\",\"publisher\":{\"@id\":\"https:\\\/\\\/buletin.de\\\/bucuresti\\\/#organization\"},\"potentialAction\":[{\"@type\":\"SearchAction\",\"target\":{\"@type\":\"EntryPoint\",\"urlTemplate\":\"https:\\\/\\\/buletin.de\\\/bucuresti\\\/?s={search_term_string}\"},\"query-input\":{\"@type\":\"PropertyValueSpecification\",\"valueRequired\":true,\"valueName\":\"search_term_string\"}}],\"inLanguage\":\"en-GB\"},{\"@type\":\"Organization\",\"@id\":\"https:\\\/\\\/buletin.de\\\/bucuresti\\\/#organization\",\"name\":\"Buletin de Bucure\u0219ti\",\"url\":\"https:\\\/\\\/buletin.de\\\/bucuresti\\\/\",\"logo\":{\"@type\":\"ImageObject\",\"inLanguage\":\"en-GB\",\"@id\":\"https:\\\/\\\/buletin.de\\\/bucuresti\\\/#\\\/schema\\\/logo\\\/image\\\/\",\"url\":\"https:\\\/\\\/buletin.de\\\/bucuresti\\\/wp-content\\\/uploads\\\/logo-bdb-full-wide-vernil-transparent.png\",\"contentUrl\":\"https:\\\/\\\/buletin.de\\\/bucuresti\\\/wp-content\\\/uploads\\\/logo-bdb-full-wide-vernil-transparent.png\",\"width\":1782,\"height\":626,\"caption\":\"Buletin de Bucure\u0219ti\"},\"image\":{\"@id\":\"https:\\\/\\\/buletin.de\\\/bucuresti\\\/#\\\/schema\\\/logo\\\/image\\\/\"},\"sameAs\":[\"https:\\\/\\\/www.facebook.com\\\/buletin.de.buc\",\"https:\\\/\\\/www.instagram.com\\\/buletinde.bucuresti\\\/\"]},{\"@type\":\"Person\",\"@id\":\"https:\\\/\\\/buletin.de\\\/bucuresti\\\/#\\\/schema\\\/person\\\/7e46040573290777280a0835d81ea4ea\",\"name\":\"Diana Matei\",\"image\":{\"@type\":\"ImageObject\",\"inLanguage\":\"en-GB\",\"@id\":\"https:\\\/\\\/buletin.de\\\/bucuresti\\\/wp-content\\\/uploads\\\/9-2-96x96.jpg1e8590b30871d70e62ebcdaf2eff570c\",\"url\":\"https:\\\/\\\/buletin.de\\\/bucuresti\\\/wp-content\\\/uploads\\\/9-2-96x96.jpg\",\"contentUrl\":\"https:\\\/\\\/buletin.de\\\/bucuresti\\\/wp-content\\\/uploads\\\/9-2-96x96.jpg\",\"caption\":\"Diana Matei\"},\"url\":\"https:\\\/\\\/buletin.de\\\/bucuresti\\\/author\\\/dianamatei\\\/\"}]}<\/script>\n<!-- \/ Yoast SEO Premium plugin. -->","yoast_head_json":{"title":"Sector 6 | Continu\u0103 cur\u0103\u021benia de prim\u0103var\u0103. Care sunt zonele cur\u0103\u021bate - Buletin de Bucure\u0219ti","description":"Continu\u0103 cur\u0103\u021benia de prim\u0103var\u0103, \u00een Sectorul 6. Zonele care vor fi cur\u0103\u021bate cun Druml Taberei, Ghencea \u0219i Drumul S\u0103rii.","robots":{"index":"index","follow":"follow","max-snippet":"max-snippet:-1","max-image-preview":"max-image-preview:large","max-video-preview":"max-video-preview:-1"},"canonical":"https:\/\/buletin.de\/bucuresti\/continua-curatenia-de-primavara-in-sectorul-6\/","og_locale":"en_GB","og_type":"article","og_title":"Sector 6 | Continu\u0103 cur\u0103\u021benia de prim\u0103var\u0103. Care sunt zonele cur\u0103\u021bate","og_description":"Continu\u0103 cur\u0103\u021benia de prim\u0103var\u0103, \u00een Sectorul 6. Zonele care vor fi cur\u0103\u021bate cun Druml Taberei, Ghencea \u0219i Drumul S\u0103rii.","og_url":"https:\/\/buletin.de\/bucuresti\/continua-curatenia-de-primavara-in-sectorul-6\/","og_site_name":"Buletin de Bucure\u0219ti","article_publisher":"https:\/\/www.facebook.com\/buletin.de.buc","article_published_time":"2025-05-12T09:27:14+00:00","article_modified_time":"2025-05-12T09:27:15+00:00","og_image":[{"width":1080,"height":1181,"url":"https:\/\/buletin.de\/bucuresti\/wp-content\/uploads\/2025\/05\/496476857_1105276558296947_5335287828237125816_n.jpg","type":"image\/jpeg"}],"author":"Diana Matei","twitter_card":"summary_large_image","twitter_misc":{"Written by":"Diana Matei","Estimated reading time":"4 minutes"},"schema":{"@context":"https:\/\/schema.org","@graph":[{"@type":"Article","@id":"https:\/\/buletin.de\/bucuresti\/continua-curatenia-de-primavara-in-sectorul-6\/#article","isPartOf":{"@id":"https:\/\/buletin.de\/bucuresti\/continua-curatenia-de-primavara-in-sectorul-6\/"},"author":{"name":"Diana Matei","@id":"https:\/\/buletin.de\/bucuresti\/#\/schema\/person\/7e46040573290777280a0835d81ea4ea"},"headline":"Sector 6 | Continu\u0103 cur\u0103\u021benia de prim\u0103var\u0103. Care sunt zonele cur\u0103\u021bate","datePublished":"2025-05-12T09:27:14+00:00","dateModified":"2025-05-12T09:27:15+00:00","mainEntityOfPage":{"@id":"https:\/\/buletin.de\/bucuresti\/continua-curatenia-de-primavara-in-sectorul-6\/"},"wordCount":527,"publisher":{"@id":"https:\/\/buletin.de\/bucuresti\/#organization"},"image":{"@id":"https:\/\/buletin.de\/bucuresti\/continua-curatenia-de-primavara-in-sectorul-6\/#primaryimage"},"thumbnailUrl":"https:\/\/buletin.de\/bucuresti\/wp-content\/uploads\/2025\/05\/496476857_1105276558296947_5335287828237125816_n.jpg","keywords":["curatenia de primavara","Drumul S\u0103rii","drumul taberei","ghencea","Sector 6"],"articleSection":["Articole","Prim\u0103rie","\u0218tiri"],"inLanguage":"en-GB","copyrightYear":"2025","copyrightHolder":{"@id":"https:\/\/buletin.de\/bucuresti\/#organization"}},{"@type":"WebPage","@id":"https:\/\/buletin.de\/bucuresti\/continua-curatenia-de-primavara-in-sectorul-6\/","url":"https:\/\/buletin.de\/bucuresti\/continua-curatenia-de-primavara-in-sectorul-6\/","name":"Sector 6 | Continu\u0103 cur\u0103\u021benia de prim\u0103var\u0103. Care sunt zonele cur\u0103\u021bate - Buletin de Bucure\u0219ti","isPartOf":{"@id":"https:\/\/buletin.de\/bucuresti\/#website"},"primaryImageOfPage":{"@id":"https:\/\/buletin.de\/bucuresti\/continua-curatenia-de-primavara-in-sectorul-6\/#primaryimage"},"image":{"@id":"https:\/\/buletin.de\/bucuresti\/continua-curatenia-de-primavara-in-sectorul-6\/#primaryimage"},"thumbnailUrl":"https:\/\/buletin.de\/bucuresti\/wp-content\/uploads\/2025\/05\/496476857_1105276558296947_5335287828237125816_n.jpg","datePublished":"2025-05-12T09:27:14+00:00","dateModified":"2025-05-12T09:27:15+00:00","description":"Continu\u0103 cur\u0103\u021benia de prim\u0103var\u0103, \u00een Sectorul 6. Zonele care vor fi cur\u0103\u021bate cun Druml Taberei, Ghencea \u0219i Drumul S\u0103rii.","breadcrumb":{"@id":"https:\/\/buletin.de\/bucuresti\/continua-curatenia-de-primavara-in-sectorul-6\/#breadcrumb"},"inLanguage":"en-GB","potentialAction":[{"@type":"ReadAction","target":["https:\/\/buletin.de\/bucuresti\/continua-curatenia-de-primavara-in-sectorul-6\/"]}]},{"@type":"ImageObject","inLanguage":"en-GB","@id":"https:\/\/buletin.de\/bucuresti\/continua-curatenia-de-primavara-in-sectorul-6\/#primaryimage","url":"https:\/\/buletin.de\/bucuresti\/wp-content\/uploads\/2025\/05\/496476857_1105276558296947_5335287828237125816_n.jpg","contentUrl":"https:\/\/buletin.de\/bucuresti\/wp-content\/uploads\/2025\/05\/496476857_1105276558296947_5335287828237125816_n.jpg","width":1080,"height":1181,"caption":"Sector 6 | Continu\u0103 cur\u0103\u021benia de prim\u0103var\u0103. PS6"},{"@type":"BreadcrumbList","@id":"https:\/\/buletin.de\/bucuresti\/continua-curatenia-de-primavara-in-sectorul-6\/#breadcrumb","itemListElement":[{"@type":"ListItem","position":1,"name":"Acas\u0103","item":"https:\/\/buletin.de\/bucuresti\/"},{"@type":"ListItem","position":2,"name":"Sector 6 | Continu\u0103 cur\u0103\u021benia de prim\u0103var\u0103. Care sunt zonele cur\u0103\u021bate"}]},{"@type":"WebSite","@id":"https:\/\/buletin.de\/bucuresti\/#website","url":"https:\/\/buletin.de\/bucuresti\/","name":"Buletin de Bucure\u0219ti","description":"\u0218tiri \u0219i investiga\u021bii esen\u021biale din capital\u0103","publisher":{"@id":"https:\/\/buletin.de\/bucuresti\/#organization"},"potentialAction":[{"@type":"SearchAction","target":{"@type":"EntryPoint","urlTemplate":"https:\/\/buletin.de\/bucuresti\/?s={search_term_string}"},"query-input":{"@type":"PropertyValueSpecification","valueRequired":true,"valueName":"search_term_string"}}],"inLanguage":"en-GB"},{"@type":"Organization","@id":"https:\/\/buletin.de\/bucuresti\/#organization","name":"Buletin de Bucure\u0219ti","url":"https:\/\/buletin.de\/bucuresti\/","logo":{"@type":"ImageObject","inLanguage":"en-GB","@id":"https:\/\/buletin.de\/bucuresti\/#\/schema\/logo\/image\/","url":"https:\/\/buletin.de\/bucuresti\/wp-content\/uploads\/logo-bdb-full-wide-vernil-transparent.png","contentUrl":"https:\/\/buletin.de\/bucuresti\/wp-content\/uploads\/logo-bdb-full-wide-vernil-transparent.png","width":1782,"height":626,"caption":"Buletin de Bucure\u0219ti"},"image":{"@id":"https:\/\/buletin.de\/bucuresti\/#\/schema\/logo\/image\/"},"sameAs":["https:\/\/www.facebook.com\/buletin.de.buc","https:\/\/www.instagram.com\/buletinde.bucuresti\/"]},{"@type":"Person","@id":"https:\/\/buletin.de\/bucuresti\/#\/schema\/person\/7e46040573290777280a0835d81ea4ea","name":"Diana Matei","image":{"@type":"ImageObject","inLanguage":"en-GB","@id":"https:\/\/buletin.de\/bucuresti\/wp-content\/uploads\/9-2-96x96.jpg1e8590b30871d70e62ebcdaf2eff570c","url":"https:\/\/buletin.de\/bucuresti\/wp-content\/uploads\/9-2-96x96.jpg","contentUrl":"https:\/\/buletin.de\/bucuresti\/wp-content\/uploads\/9-2-96x96.jpg","caption":"Diana Matei"},"url":"https:\/\/buletin.de\/bucuresti\/author\/dianamatei\/"}]}},"authors":[{"term_id":22574,"user_id":49,"is_guest":0,"slug":"dianamatei","display_name":"Diana Matei","avatar_url":"https:\/\/buletin.de\/bucuresti\/wp-content\/uploads\/9-2-96x96.jpg","0":null,"1":"","2":"","3":"","4":"","5":"","6":"","7":"","8":""}],"_links":{"self":[{"href":"https:\/\/buletin.de\/bucuresti\/wp-json\/wp\/v2\/posts\/129822","targetHints":{"allow":["GET"]}}],"collection":[{"href":"https:\/\/buletin.de\/bucuresti\/wp-json\/wp\/v2\/posts"}],"about":[{"href":"https:\/\/buletin.de\/bucuresti\/wp-json\/wp\/v2\/types\/post"}],"author":[{"embeddable":true,"href":"https:\/\/buletin.de\/bucuresti\/wp-json\/wp\/v2\/users\/49"}],"replies":[{"embeddable":true,"href":"https:\/\/buletin.de\/bucuresti\/wp-json\/wp\/v2\/comments?post=129822"}],"version-history":[{"count":2,"href":"https:\/\/buletin.de\/bucuresti\/wp-json\/wp\/v2\/posts\/129822\/revisions"}],"predecessor-version":[{"id":129845,"href":"https:\/\/buletin.de\/bucuresti\/wp-json\/wp\/v2\/posts\/129822\/revisions\/129845"}],"wp:featuredmedia":[{"embeddable":true,"href":"https:\/\/buletin.de\/bucuresti\/wp-json\/wp\/v2\/media\/129834"}],"wp:attachment":[{"href":"https:\/\/buletin.de\/bucuresti\/wp-json\/wp\/v2\/media?parent=129822"}],"wp:term":[{"taxonomy":"category","embeddable":true,"href":"https:\/\/buletin.de\/bucuresti\/wp-json\/wp\/v2\/categories?post=129822"},{"taxonomy":"post_tag","embeddable":true,"href":"https:\/\/buletin.de\/bucuresti\/wp-json\/wp\/v2\/tags?post=129822"},{"taxonomy":"author","embeddable":true,"href":"https:\/\/buletin.de\/bucuresti\/wp-json\/wp\/v2\/ppma_author?post=129822"}],"curies":[{"name":"wp","href":"https:\/\/api.w.org\/{rel}","templated":true}]}}