{"id":129617,"date":"2025-05-10T07:44:38","date_gmt":"2025-05-10T04:44:38","guid":{"rendered":"https:\/\/buletin.de\/bucuresti\/?p=129617"},"modified":"2025-05-10T07:44:39","modified_gmt":"2025-05-10T04:44:39","slug":"apa-nova","status":"publish","type":"post","link":"https:\/\/buletin.de\/bucuresti\/apa-nova\/","title":{"rendered":"Apa Nova | Zonele din Bucure\u0219ti care r\u0103m\u00e2n f\u0103r\u0103 ap\u0103 rece. Furnizarea se \u00eentrerupe pentru lucr\u0103ri de modernizare"},"content":{"rendered":"\n<p><strong>Mai multe zone din Capital\u0103 r\u0103m\u00e2n f\u0103r\u0103 ap\u0103 rece, deoarece furnizarea se \u00eentrerupe pentru lucr\u0103ri de modernizare \u0219i de interven\u021bie. Apa Nova are programate \u00eentreruperi \u00een perioada 13\u201115 mai.<\/strong><\/p>\n\n\n\n<h2 class=\"wp-block-heading\" id=\"h-apa-nova-intrerupe-apa-rece-in-urmatoarele-zone\">Apa Nova \u00eentrerupe ap\u0103 rece \u00een urm\u0103toarele zone:<\/h2>\n\n\n\n<p><strong>13 mai<\/strong> <strong>2025<\/strong><\/p>\n\n\n\n<ul class=\"wp-block-list\">\n<li>Strada \u0218aradei, Strada Munteniei, Strada Alma\u0219, Strada Pie\u021bei, lips\u0103 ap\u0103 \u00een intervalul orar 09:00- 16:00.<\/li>\n\n\n\n<li>Strada Fortunei, Strada Oastei, Strada Moldovei, \u0218oseaua Chitilei, Strada Jimbolia, \u00een intervalul orar 09:00- 16:00.<\/li>\n\n\n\n<li>Strada Oastei, Strada Munteniei, \u00een intervalul orar 09:00- 17:00.<\/li>\n<\/ul>\n\n\n\n<p><strong>14 mai<\/strong> <strong>2025<\/strong><\/p>\n\n\n\n<ul class=\"wp-block-list\">\n<li>Strada \u0218aradei, Strada M\u0103ic\u0103ne\u0219ti, Strada Subcetate, Strada Br\u00e2narul, Strada Panciu, Strada Cire\u0219oaia, \u00een intervalul orar 09:00- 16:00;<\/li>\n\n\n\n<li>Strada Opanez, Bulevardul Lacul Tei, Strada Zambilelor, \u00een intervalul orar 09:00- 19:00;<\/li>\n\n\n\n<li>Bulevardul Ferdinand, Strada Olari, \u00een intervalul orar 09:00- 17:00.<\/li>\n<\/ul>\n\n\n\n<p><strong>15 mai 2025<\/strong><\/p>\n\n\n\n<ul class=\"wp-block-list\">\n<li>Strada Popa Nan, Strada Delea Veche, Strada Cire\u0219ului, Strada Tepe\u0219 Vod\u0103, Strada Budil\u0103, \u00eencep\u00e2nd cu data de 15.05.2025, ora 20:00, p\u200b\u00e2n\u0103 \u00een data de 16.05.2025, ora 07:00.<\/li>\n<\/ul>\n\n\n\n<p><strong>CITE\u0218TE \u0218I:<\/strong> <a href=\"https:\/\/buletin.de\/bucuresti\/primul-tren-polonez-care-va-circula-in-romania-prezentat-la-o-conferinta-pentru-profesionistii-din-domeniul-feroviar\/\">Primul tren polonez care va circula \u00een Rom\u00e2nia, cu plecare din Bucure\u0219ti, prezentat la o conferin\u021b\u0103 pentru profesioni\u0219tii din domeniul feroviar<\/a><\/p>\n\n\n\n<div class=\"wp-block-buttons is-content-justification-center is-layout-flex wp-container-core-buttons-is-layout-16018d1d wp-block-buttons-is-layout-flex\">\n<div class=\"wp-block-button has-custom-width wp-block-button__width-100\"><a class=\"wp-block-button__link wp-element-button\" href=\"https:\/\/www.patreon.com\/BuletinDeBucuresti\"><strong>Sus\u021bine Buletin de Bucure\u0219ti pentru investiga\u021bii, reportaje \u0219i \u0219tiri Locale<\/strong><\/a><\/div>\n<\/div>\n\n\n\n<h2 class=\"wp-block-heading\" id=\"h-re\u021bele-electrice-muntenia-intrerupe-curentul-electric-in-zone-din-bucure\u0219ti-care-sunt-zonele-afectate\">Re\u021bele Electrice Muntenia \u00eentrerupe curentul electric \u00een zone din Bucure\u0219ti. Care sunt zonele afectate<\/h2>\n\n\n\n<p><strong><a href=\"https:\/\/www.reteleelectrice.ro\/intreruperi\/programate\/\">Re\u021bele Electrice Muntenia<\/a>\u00a0\u00eentrerupe curentul electric \u00een perioada 12 \u2013 18 mai, \u00een mai multe zone din Bucure\u0219ti. \u00centreruperile sunt necesare din cauza lucr\u0103rilor de repara\u021bii, moderni\u200bzare \u200bsau de mentenan\u021b\u0103, la re\u021beaua electric\u0103.<\/strong><\/p>\n\n\n\n<p>Sist\u0103rile programate se vor face pentru a asigura capacitatea re\u021belei de a func\u021biona \u0219i alimenta clien\u021bii, \u00een bune condi\u021bii.<\/p>\n\n\n\n<h2 class=\"wp-block-heading\" id=\"h-unde-se-intrerupe-curentul-electric-nbsp-in-bucure\u0219ti\"><strong>Unde se \u00eentrerupe curentul electric<\/strong>&nbsp;\u00een Bucure\u0219ti<\/h2>\n\n\n\n<p><strong>Luni, 12 Mai 2025<\/strong><\/p>\n\n\n\n<ul class=\"wp-block-list\">\n<li>Sector.2, Str. Avrig Nr.9\u201119, Bl. U1. 09:00 &#8211; 17:00;<\/li>\n\n\n\n<li>Perimetrul str\u0103zilor Speran\u021bei, Italiana \u0219i Arm\u00e2nd C\u0103linescu. 09:00 &#8211; 17:00.<\/li>\n<\/ul>\n\n\n\n<p><strong>Mar\u021bi, 13 Mai 2025<\/strong><\/p>\n\n\n\n<ul class=\"wp-block-list\">\n<li>Sector 1, str\u0103zile Muntele G\u0103in\u0103, Drumul Agatului, Drumul L\u0103pu\u0219, Drumul Stegarului, Drumul Piscul Nou 09:00 &#8211; 17:00;<\/li>\n\n\n\n<li>Sectror.2, Sos. Pantelimon Bl.46,Bl.47. Sos. Pantelimon \u00eentre Nr.258 \u0219i Nr.264 09:00 &#8211; 17:00.<\/li>\n<\/ul>\n\n\n\n<p><strong> Miercuri, 14 mai 2025<\/strong><\/p>\n\n\n\n<ul class=\"wp-block-list\">\n<li>Sectror.2, Str. Maliuc, Str. Hispania, \u00centr. Andronache. Str. Slovei, Str. \u0218iragului, Str. Declam\u0103rii, Str. Suhard, Sos. Andronache \u00eentre Str. Maliuc \u0219i CFR Constan\u021ba, Str. Zal\u0103u, 09:00 &#8211; 17:00.<\/li>\n<\/ul>\n\n\n\n<p><strong> Joi, 15 mai 2025<\/strong><\/p>\n\n\n\n<ul class=\"wp-block-list\">\n<li>Sector 1, str\u0103zile Muntele G\u0103in\u0103, Drumul Agatului, Drumul L\u0103pu\u0219, Drumul Stegarului, Drumul Piscul Nou 09:00 &#8211; 17:00.<\/li>\n<\/ul>\n\n\n\n<p><strong>CITE\u0218TE \u0218I:<\/strong> <a href=\"https:\/\/buletin.de\/bucuresti\/foto-cum-arata-santierul-pentru-largirea-centurii-bucurestiului-intre-a1-si-drumul-spre-giurgiu\/\">FOTO | Cum arat\u0103 \u0219antierul pentru l\u0103rgirea centurii Bucure\u0219tiului, \u00eentre A1 \u0219i drumul spre Giurgiu<\/a><\/p>\n\n\n\n<p><\/p>\n","protected":false},"excerpt":{"rendered":"<p>Mai multe zone din Capital\u0103 r\u0103m\u00e2n f\u0103r\u0103 ap\u0103 rece, deoarece furnizarea se \u00eentrerupe pentru lucr\u0103ri de modernizare \u0219i de interven\u021bie. Apa Nova are programate \u00eentreruperi \u00een perioada 13\u201115 mai. Apa Nova \u00eentrerupe ap\u0103 rece \u00een urm\u0103toarele zone: 13 mai 2025 14 mai 2025 15 mai 2025 CITE\u0218TE \u0218I: Primul tren polonez care va circula \u00een [&hellip;]<\/p>\n","protected":false},"author":49,"featured_media":129619,"comment_status":"closed","ping_status":"open","sticky":false,"template":"","format":"standard","meta":{"_acf_changed":false,"inline_featured_image":false,"ngg_post_thumbnail":0,"footnotes":""},"categories":[6994,62],"tags":[4394,20345,21245,9395,21244],"ppma_author":[22574],"class_list":["post-129617","post","type-post","status-publish","format-standard","has-post-thumbnail","hentry","category-stiri-2","category-stiri","tag-apa-nova","tag-apa-nova-intrerupe-apa-rece","tag-bulevardul-lacul-tei","tag-lucrari-de-modernizare","tag-strada-munteniei"],"acf":[],"yoast_head":"<!-- This site is optimized with the Yoast SEO Premium plugin v25.3 (Yoast SEO v27.4) - https:\/\/yoast.com\/product\/yoast-seo-premium-wordpress\/ -->\n<title>Apa Nova | Zonele din Bucure\u0219ti care r\u0103m\u00e2n f\u0103r\u0103 ap\u0103 rece. Furnizarea se \u00eentrerupe pentru lucr\u0103ri de modernizare - Buletin de Bucure\u0219ti<\/title>\n<meta name=\"description\" content=\"Mai multe zone din Capital\u0103 r\u0103m\u00e2n f\u0103r\u0103 ap\u0103 rece, deoarece furnizarea se \u00eentrerupe pentru lucr\u0103ri de modernizare \u0219i de interven\u021bie.\" \/>\n<meta name=\"robots\" content=\"index, follow, max-snippet:-1, max-image-preview:large, max-video-preview:-1\" \/>\n<link rel=\"canonical\" href=\"https:\/\/buletin.de\/bucuresti\/apa-nova\/\" \/>\n<meta property=\"og:locale\" content=\"en_GB\" \/>\n<meta property=\"og:type\" content=\"article\" \/>\n<meta property=\"og:title\" content=\"Apa Nova | Zonele din Bucure\u0219ti care r\u0103m\u00e2n f\u0103r\u0103 ap\u0103 rece. Furnizarea se \u00eentrerupe pentru lucr\u0103ri de modernizare\" \/>\n<meta property=\"og:description\" content=\"Mai multe zone din Capital\u0103 r\u0103m\u00e2n f\u0103r\u0103 ap\u0103 rece, deoarece furnizarea se \u00eentrerupe pentru lucr\u0103ri de modernizare \u0219i de interven\u021bie.\" \/>\n<meta property=\"og:url\" content=\"https:\/\/buletin.de\/bucuresti\/apa-nova\/\" \/>\n<meta property=\"og:site_name\" content=\"Buletin de Bucure\u0219ti\" \/>\n<meta property=\"article:publisher\" content=\"https:\/\/www.facebook.com\/buletin.de.buc\" \/>\n<meta property=\"article:published_time\" content=\"2025-05-10T04:44:38+00:00\" \/>\n<meta property=\"article:modified_time\" content=\"2025-05-10T04:44:39+00:00\" \/>\n<meta property=\"og:image\" content=\"https:\/\/buletin.de\/bucuresti\/wp-content\/uploads\/2025\/05\/reparatiiconducete-e1741768509422-1.jpg\" \/>\n\t<meta property=\"og:image:width\" content=\"1233\" \/>\n\t<meta property=\"og:image:height\" content=\"734\" \/>\n\t<meta property=\"og:image:type\" content=\"image\/jpeg\" \/>\n<meta name=\"author\" content=\"Diana Matei\" \/>\n<meta name=\"twitter:card\" content=\"summary_large_image\" \/>\n<meta name=\"twitter:label1\" content=\"Written by\" \/>\n\t<meta name=\"twitter:data1\" content=\"Diana Matei\" \/>\n\t<meta name=\"twitter:label2\" content=\"Estimated reading time\" \/>\n\t<meta name=\"twitter:data2\" content=\"2 minutes\" \/>\n<script type=\"application\/ld+json\" class=\"yoast-schema-graph\">{\"@context\":\"https:\\\/\\\/schema.org\",\"@graph\":[{\"@type\":\"Article\",\"@id\":\"https:\\\/\\\/buletin.de\\\/bucuresti\\\/apa-nova\\\/#article\",\"isPartOf\":{\"@id\":\"https:\\\/\\\/buletin.de\\\/bucuresti\\\/apa-nova\\\/\"},\"author\":{\"name\":\"Diana Matei\",\"@id\":\"https:\\\/\\\/buletin.de\\\/bucuresti\\\/#\\\/schema\\\/person\\\/7e46040573290777280a0835d81ea4ea\"},\"headline\":\"Apa Nova | Zonele din Bucure\u0219ti care r\u0103m\u00e2n f\u0103r\u0103 ap\u0103 rece. Furnizarea se \u00eentrerupe pentru lucr\u0103ri de modernizare\",\"datePublished\":\"2025-05-10T04:44:38+00:00\",\"dateModified\":\"2025-05-10T04:44:39+00:00\",\"mainEntityOfPage\":{\"@id\":\"https:\\\/\\\/buletin.de\\\/bucuresti\\\/apa-nova\\\/\"},\"wordCount\":417,\"publisher\":{\"@id\":\"https:\\\/\\\/buletin.de\\\/bucuresti\\\/#organization\"},\"image\":{\"@id\":\"https:\\\/\\\/buletin.de\\\/bucuresti\\\/apa-nova\\\/#primaryimage\"},\"thumbnailUrl\":\"https:\\\/\\\/buletin.de\\\/bucuresti\\\/wp-content\\\/uploads\\\/2025\\\/05\\\/reparatiiconducete-e1741768509422-1.jpg\",\"keywords\":[\"Apa Nova\",\"Apa Nova intrerupe apa rece\",\"Bulevardul Lacul Tei\",\"lucr\u0103ri de modernizare\",\"Strada Munteniei\"],\"articleSection\":[\"Articole\",\"\u0218tiri\"],\"inLanguage\":\"en-GB\",\"copyrightYear\":\"2025\",\"copyrightHolder\":{\"@id\":\"https:\\\/\\\/buletin.de\\\/bucuresti\\\/#organization\"}},{\"@type\":\"WebPage\",\"@id\":\"https:\\\/\\\/buletin.de\\\/bucuresti\\\/apa-nova\\\/\",\"url\":\"https:\\\/\\\/buletin.de\\\/bucuresti\\\/apa-nova\\\/\",\"name\":\"Apa Nova | Zonele din Bucure\u0219ti care r\u0103m\u00e2n f\u0103r\u0103 ap\u0103 rece. Furnizarea se \u00eentrerupe pentru lucr\u0103ri de modernizare - Buletin de Bucure\u0219ti\",\"isPartOf\":{\"@id\":\"https:\\\/\\\/buletin.de\\\/bucuresti\\\/#website\"},\"primaryImageOfPage\":{\"@id\":\"https:\\\/\\\/buletin.de\\\/bucuresti\\\/apa-nova\\\/#primaryimage\"},\"image\":{\"@id\":\"https:\\\/\\\/buletin.de\\\/bucuresti\\\/apa-nova\\\/#primaryimage\"},\"thumbnailUrl\":\"https:\\\/\\\/buletin.de\\\/bucuresti\\\/wp-content\\\/uploads\\\/2025\\\/05\\\/reparatiiconducete-e1741768509422-1.jpg\",\"datePublished\":\"2025-05-10T04:44:38+00:00\",\"dateModified\":\"2025-05-10T04:44:39+00:00\",\"description\":\"Mai multe zone din Capital\u0103 r\u0103m\u00e2n f\u0103r\u0103 ap\u0103 rece, deoarece furnizarea se \u00eentrerupe pentru lucr\u0103ri de modernizare \u0219i de interven\u021bie.\",\"breadcrumb\":{\"@id\":\"https:\\\/\\\/buletin.de\\\/bucuresti\\\/apa-nova\\\/#breadcrumb\"},\"inLanguage\":\"en-GB\",\"potentialAction\":[{\"@type\":\"ReadAction\",\"target\":[\"https:\\\/\\\/buletin.de\\\/bucuresti\\\/apa-nova\\\/\"]}]},{\"@type\":\"ImageObject\",\"inLanguage\":\"en-GB\",\"@id\":\"https:\\\/\\\/buletin.de\\\/bucuresti\\\/apa-nova\\\/#primaryimage\",\"url\":\"https:\\\/\\\/buletin.de\\\/bucuresti\\\/wp-content\\\/uploads\\\/2025\\\/05\\\/reparatiiconducete-e1741768509422-1.jpg\",\"contentUrl\":\"https:\\\/\\\/buletin.de\\\/bucuresti\\\/wp-content\\\/uploads\\\/2025\\\/05\\\/reparatiiconducete-e1741768509422-1.jpg\",\"width\":1233,\"height\":734,\"caption\":\"Apa Nova | Furnizarea apei reci se \u00eentrerupe pentru lucr\u0103ri de modernizare. Care sunt zonele afectate. FOTO: Arhiva\"},{\"@type\":\"BreadcrumbList\",\"@id\":\"https:\\\/\\\/buletin.de\\\/bucuresti\\\/apa-nova\\\/#breadcrumb\",\"itemListElement\":[{\"@type\":\"ListItem\",\"position\":1,\"name\":\"Acas\u0103\",\"item\":\"https:\\\/\\\/buletin.de\\\/bucuresti\\\/\"},{\"@type\":\"ListItem\",\"position\":2,\"name\":\"Apa Nova | Zonele din Bucure\u0219ti care r\u0103m\u00e2n f\u0103r\u0103 ap\u0103 rece. Furnizarea se \u00eentrerupe pentru lucr\u0103ri de modernizare\"}]},{\"@type\":\"WebSite\",\"@id\":\"https:\\\/\\\/buletin.de\\\/bucuresti\\\/#website\",\"url\":\"https:\\\/\\\/buletin.de\\\/bucuresti\\\/\",\"name\":\"Buletin de Bucure\u0219ti\",\"description\":\"\u0218tiri \u0219i investiga\u021bii esen\u021biale din capital\u0103\",\"publisher\":{\"@id\":\"https:\\\/\\\/buletin.de\\\/bucuresti\\\/#organization\"},\"potentialAction\":[{\"@type\":\"SearchAction\",\"target\":{\"@type\":\"EntryPoint\",\"urlTemplate\":\"https:\\\/\\\/buletin.de\\\/bucuresti\\\/?s={search_term_string}\"},\"query-input\":{\"@type\":\"PropertyValueSpecification\",\"valueRequired\":true,\"valueName\":\"search_term_string\"}}],\"inLanguage\":\"en-GB\"},{\"@type\":\"Organization\",\"@id\":\"https:\\\/\\\/buletin.de\\\/bucuresti\\\/#organization\",\"name\":\"Buletin de Bucure\u0219ti\",\"url\":\"https:\\\/\\\/buletin.de\\\/bucuresti\\\/\",\"logo\":{\"@type\":\"ImageObject\",\"inLanguage\":\"en-GB\",\"@id\":\"https:\\\/\\\/buletin.de\\\/bucuresti\\\/#\\\/schema\\\/logo\\\/image\\\/\",\"url\":\"https:\\\/\\\/buletin.de\\\/bucuresti\\\/wp-content\\\/uploads\\\/logo-bdb-full-wide-vernil-transparent.png\",\"contentUrl\":\"https:\\\/\\\/buletin.de\\\/bucuresti\\\/wp-content\\\/uploads\\\/logo-bdb-full-wide-vernil-transparent.png\",\"width\":1782,\"height\":626,\"caption\":\"Buletin de Bucure\u0219ti\"},\"image\":{\"@id\":\"https:\\\/\\\/buletin.de\\\/bucuresti\\\/#\\\/schema\\\/logo\\\/image\\\/\"},\"sameAs\":[\"https:\\\/\\\/www.facebook.com\\\/buletin.de.buc\",\"https:\\\/\\\/www.instagram.com\\\/buletinde.bucuresti\\\/\"]},{\"@type\":\"Person\",\"@id\":\"https:\\\/\\\/buletin.de\\\/bucuresti\\\/#\\\/schema\\\/person\\\/7e46040573290777280a0835d81ea4ea\",\"name\":\"Diana Matei\",\"image\":{\"@type\":\"ImageObject\",\"inLanguage\":\"en-GB\",\"@id\":\"https:\\\/\\\/buletin.de\\\/bucuresti\\\/wp-content\\\/uploads\\\/9-2-96x96.jpg1e8590b30871d70e62ebcdaf2eff570c\",\"url\":\"https:\\\/\\\/buletin.de\\\/bucuresti\\\/wp-content\\\/uploads\\\/9-2-96x96.jpg\",\"contentUrl\":\"https:\\\/\\\/buletin.de\\\/bucuresti\\\/wp-content\\\/uploads\\\/9-2-96x96.jpg\",\"caption\":\"Diana Matei\"},\"url\":\"https:\\\/\\\/buletin.de\\\/bucuresti\\\/author\\\/dianamatei\\\/\"}]}<\/script>\n<!-- \/ Yoast SEO Premium plugin. -->","yoast_head_json":{"title":"Apa Nova | Zonele din Bucure\u0219ti care r\u0103m\u00e2n f\u0103r\u0103 ap\u0103 rece. Furnizarea se \u00eentrerupe pentru lucr\u0103ri de modernizare - Buletin de Bucure\u0219ti","description":"Mai multe zone din Capital\u0103 r\u0103m\u00e2n f\u0103r\u0103 ap\u0103 rece, deoarece furnizarea se \u00eentrerupe pentru lucr\u0103ri de modernizare \u0219i de interven\u021bie.","robots":{"index":"index","follow":"follow","max-snippet":"max-snippet:-1","max-image-preview":"max-image-preview:large","max-video-preview":"max-video-preview:-1"},"canonical":"https:\/\/buletin.de\/bucuresti\/apa-nova\/","og_locale":"en_GB","og_type":"article","og_title":"Apa Nova | Zonele din Bucure\u0219ti care r\u0103m\u00e2n f\u0103r\u0103 ap\u0103 rece. Furnizarea se \u00eentrerupe pentru lucr\u0103ri de modernizare","og_description":"Mai multe zone din Capital\u0103 r\u0103m\u00e2n f\u0103r\u0103 ap\u0103 rece, deoarece furnizarea se \u00eentrerupe pentru lucr\u0103ri de modernizare \u0219i de interven\u021bie.","og_url":"https:\/\/buletin.de\/bucuresti\/apa-nova\/","og_site_name":"Buletin de Bucure\u0219ti","article_publisher":"https:\/\/www.facebook.com\/buletin.de.buc","article_published_time":"2025-05-10T04:44:38+00:00","article_modified_time":"2025-05-10T04:44:39+00:00","og_image":[{"width":1233,"height":734,"url":"https:\/\/buletin.de\/bucuresti\/wp-content\/uploads\/2025\/05\/reparatiiconducete-e1741768509422-1.jpg","type":"image\/jpeg"}],"author":"Diana Matei","twitter_card":"summary_large_image","twitter_misc":{"Written by":"Diana Matei","Estimated reading time":"2 minutes"},"schema":{"@context":"https:\/\/schema.org","@graph":[{"@type":"Article","@id":"https:\/\/buletin.de\/bucuresti\/apa-nova\/#article","isPartOf":{"@id":"https:\/\/buletin.de\/bucuresti\/apa-nova\/"},"author":{"name":"Diana Matei","@id":"https:\/\/buletin.de\/bucuresti\/#\/schema\/person\/7e46040573290777280a0835d81ea4ea"},"headline":"Apa Nova | Zonele din Bucure\u0219ti care r\u0103m\u00e2n f\u0103r\u0103 ap\u0103 rece. Furnizarea se \u00eentrerupe pentru lucr\u0103ri de modernizare","datePublished":"2025-05-10T04:44:38+00:00","dateModified":"2025-05-10T04:44:39+00:00","mainEntityOfPage":{"@id":"https:\/\/buletin.de\/bucuresti\/apa-nova\/"},"wordCount":417,"publisher":{"@id":"https:\/\/buletin.de\/bucuresti\/#organization"},"image":{"@id":"https:\/\/buletin.de\/bucuresti\/apa-nova\/#primaryimage"},"thumbnailUrl":"https:\/\/buletin.de\/bucuresti\/wp-content\/uploads\/2025\/05\/reparatiiconducete-e1741768509422-1.jpg","keywords":["Apa Nova","Apa Nova intrerupe apa rece","Bulevardul Lacul Tei","lucr\u0103ri de modernizare","Strada Munteniei"],"articleSection":["Articole","\u0218tiri"],"inLanguage":"en-GB","copyrightYear":"2025","copyrightHolder":{"@id":"https:\/\/buletin.de\/bucuresti\/#organization"}},{"@type":"WebPage","@id":"https:\/\/buletin.de\/bucuresti\/apa-nova\/","url":"https:\/\/buletin.de\/bucuresti\/apa-nova\/","name":"Apa Nova | Zonele din Bucure\u0219ti care r\u0103m\u00e2n f\u0103r\u0103 ap\u0103 rece. Furnizarea se \u00eentrerupe pentru lucr\u0103ri de modernizare - Buletin de Bucure\u0219ti","isPartOf":{"@id":"https:\/\/buletin.de\/bucuresti\/#website"},"primaryImageOfPage":{"@id":"https:\/\/buletin.de\/bucuresti\/apa-nova\/#primaryimage"},"image":{"@id":"https:\/\/buletin.de\/bucuresti\/apa-nova\/#primaryimage"},"thumbnailUrl":"https:\/\/buletin.de\/bucuresti\/wp-content\/uploads\/2025\/05\/reparatiiconducete-e1741768509422-1.jpg","datePublished":"2025-05-10T04:44:38+00:00","dateModified":"2025-05-10T04:44:39+00:00","description":"Mai multe zone din Capital\u0103 r\u0103m\u00e2n f\u0103r\u0103 ap\u0103 rece, deoarece furnizarea se \u00eentrerupe pentru lucr\u0103ri de modernizare \u0219i de interven\u021bie.","breadcrumb":{"@id":"https:\/\/buletin.de\/bucuresti\/apa-nova\/#breadcrumb"},"inLanguage":"en-GB","potentialAction":[{"@type":"ReadAction","target":["https:\/\/buletin.de\/bucuresti\/apa-nova\/"]}]},{"@type":"ImageObject","inLanguage":"en-GB","@id":"https:\/\/buletin.de\/bucuresti\/apa-nova\/#primaryimage","url":"https:\/\/buletin.de\/bucuresti\/wp-content\/uploads\/2025\/05\/reparatiiconducete-e1741768509422-1.jpg","contentUrl":"https:\/\/buletin.de\/bucuresti\/wp-content\/uploads\/2025\/05\/reparatiiconducete-e1741768509422-1.jpg","width":1233,"height":734,"caption":"Apa Nova | Furnizarea apei reci se \u00eentrerupe pentru lucr\u0103ri de modernizare. Care sunt zonele afectate. FOTO: Arhiva"},{"@type":"BreadcrumbList","@id":"https:\/\/buletin.de\/bucuresti\/apa-nova\/#breadcrumb","itemListElement":[{"@type":"ListItem","position":1,"name":"Acas\u0103","item":"https:\/\/buletin.de\/bucuresti\/"},{"@type":"ListItem","position":2,"name":"Apa Nova | Zonele din Bucure\u0219ti care r\u0103m\u00e2n f\u0103r\u0103 ap\u0103 rece. Furnizarea se \u00eentrerupe pentru lucr\u0103ri de modernizare"}]},{"@type":"WebSite","@id":"https:\/\/buletin.de\/bucuresti\/#website","url":"https:\/\/buletin.de\/bucuresti\/","name":"Buletin de Bucure\u0219ti","description":"\u0218tiri \u0219i investiga\u021bii esen\u021biale din capital\u0103","publisher":{"@id":"https:\/\/buletin.de\/bucuresti\/#organization"},"potentialAction":[{"@type":"SearchAction","target":{"@type":"EntryPoint","urlTemplate":"https:\/\/buletin.de\/bucuresti\/?s={search_term_string}"},"query-input":{"@type":"PropertyValueSpecification","valueRequired":true,"valueName":"search_term_string"}}],"inLanguage":"en-GB"},{"@type":"Organization","@id":"https:\/\/buletin.de\/bucuresti\/#organization","name":"Buletin de Bucure\u0219ti","url":"https:\/\/buletin.de\/bucuresti\/","logo":{"@type":"ImageObject","inLanguage":"en-GB","@id":"https:\/\/buletin.de\/bucuresti\/#\/schema\/logo\/image\/","url":"https:\/\/buletin.de\/bucuresti\/wp-content\/uploads\/logo-bdb-full-wide-vernil-transparent.png","contentUrl":"https:\/\/buletin.de\/bucuresti\/wp-content\/uploads\/logo-bdb-full-wide-vernil-transparent.png","width":1782,"height":626,"caption":"Buletin de Bucure\u0219ti"},"image":{"@id":"https:\/\/buletin.de\/bucuresti\/#\/schema\/logo\/image\/"},"sameAs":["https:\/\/www.facebook.com\/buletin.de.buc","https:\/\/www.instagram.com\/buletinde.bucuresti\/"]},{"@type":"Person","@id":"https:\/\/buletin.de\/bucuresti\/#\/schema\/person\/7e46040573290777280a0835d81ea4ea","name":"Diana Matei","image":{"@type":"ImageObject","inLanguage":"en-GB","@id":"https:\/\/buletin.de\/bucuresti\/wp-content\/uploads\/9-2-96x96.jpg1e8590b30871d70e62ebcdaf2eff570c","url":"https:\/\/buletin.de\/bucuresti\/wp-content\/uploads\/9-2-96x96.jpg","contentUrl":"https:\/\/buletin.de\/bucuresti\/wp-content\/uploads\/9-2-96x96.jpg","caption":"Diana Matei"},"url":"https:\/\/buletin.de\/bucuresti\/author\/dianamatei\/"}]}},"authors":[{"term_id":22574,"user_id":49,"is_guest":0,"slug":"dianamatei","display_name":"Diana Matei","avatar_url":"https:\/\/buletin.de\/bucuresti\/wp-content\/uploads\/9-2-96x96.jpg","0":null,"1":"","2":"","3":"","4":"","5":"","6":"","7":"","8":""}],"_links":{"self":[{"href":"https:\/\/buletin.de\/bucuresti\/wp-json\/wp\/v2\/posts\/129617","targetHints":{"allow":["GET"]}}],"collection":[{"href":"https:\/\/buletin.de\/bucuresti\/wp-json\/wp\/v2\/posts"}],"about":[{"href":"https:\/\/buletin.de\/bucuresti\/wp-json\/wp\/v2\/types\/post"}],"author":[{"embeddable":true,"href":"https:\/\/buletin.de\/bucuresti\/wp-json\/wp\/v2\/users\/49"}],"replies":[{"embeddable":true,"href":"https:\/\/buletin.de\/bucuresti\/wp-json\/wp\/v2\/comments?post=129617"}],"version-history":[{"count":2,"href":"https:\/\/buletin.de\/bucuresti\/wp-json\/wp\/v2\/posts\/129617\/revisions"}],"predecessor-version":[{"id":129635,"href":"https:\/\/buletin.de\/bucuresti\/wp-json\/wp\/v2\/posts\/129617\/revisions\/129635"}],"wp:featuredmedia":[{"embeddable":true,"href":"https:\/\/buletin.de\/bucuresti\/wp-json\/wp\/v2\/media\/129619"}],"wp:attachment":[{"href":"https:\/\/buletin.de\/bucuresti\/wp-json\/wp\/v2\/media?parent=129617"}],"wp:term":[{"taxonomy":"category","embeddable":true,"href":"https:\/\/buletin.de\/bucuresti\/wp-json\/wp\/v2\/categories?post=129617"},{"taxonomy":"post_tag","embeddable":true,"href":"https:\/\/buletin.de\/bucuresti\/wp-json\/wp\/v2\/tags?post=129617"},{"taxonomy":"author","embeddable":true,"href":"https:\/\/buletin.de\/bucuresti\/wp-json\/wp\/v2\/ppma_author?post=129617"}],"curies":[{"name":"wp","href":"https:\/\/api.w.org\/{rel}","templated":true}]}}