{"id":129614,"date":"2025-05-10T07:45:12","date_gmt":"2025-05-10T04:45:12","guid":{"rendered":"https:\/\/buletin.de\/bucuresti\/?p=129614"},"modified":"2025-05-10T07:45:12","modified_gmt":"2025-05-10T04:45:12","slug":"intrerupe-curentul-electric-9","status":"publish","type":"post","link":"https:\/\/buletin.de\/bucuresti\/intrerupe-curentul-electric-9\/","title":{"rendered":"Re\u021bele Electrice Muntenia \u00eentrerupe curentul electric \u00een zone din Bucure\u0219ti, Ilfov \u0219i Giurgiu. Care sunt zonele afectate"},"content":{"rendered":"\n<p><strong><a href=\"https:\/\/www.reteleelectrice.ro\/intreruperi\/programate\/\">Re\u021bele Electrice Muntenia<\/a>\u00a0\u00eentrerupe curentul electric \u00een perioada 12 \u2013 18 mai, \u00een mai multe zone din Bucure\u0219ti, Ilfov \u0219i Giurgiu. \u00centreruperile sunt necesare din cauza lucr\u0103rilor de repara\u021bii, moderni\u200bzare \u200bsau de mentenan\u021b\u0103, la re\u021beaua electric\u0103.<\/strong><\/p>\n\n\n\n<p>Sist\u0103rile programate se vor face pentru a asigura capacitatea re\u021belei de a func\u021biona \u0219i alimenta clien\u021bii, \u00een bune condi\u021bii.<\/p>\n\n\n\n<h2 class=\"wp-block-heading\" id=\"h-unde-se-intrerupe-curentul-electric-nbsp-in-bucure\u0219ti\"><strong>Unde se \u00eentrerupe curentul electric<\/strong>&nbsp;\u00een Bucure\u0219ti<\/h2>\n\n\n\n<p><strong>Luni, 12 Mai 2025<\/strong><\/p>\n\n\n\n<ul class=\"wp-block-list\">\n<li>Sector.2, Str. Avrig Nr.9\u201119, Bl. U1. 09:00 &#8211; 17:00;<\/li>\n\n\n\n<li>Perimetrul str\u0103zilor Speran\u021bei, Italiana \u0219i Arm\u00e2nd C\u0103linescu. 09:00 &#8211; 17:00.<\/li>\n<\/ul>\n\n\n\n<p><strong>Mar\u021bi, 13 Mai 2025<\/strong><\/p>\n\n\n\n<ul class=\"wp-block-list\">\n<li>Perimetrul cuprins \u00eentre: Bd Iancu de Hunedoara, strada Washington, strada Roma. 09:00 &#8211; 16:00; <\/li>\n\n\n\n<li>Sector 1, str\u0103zile Muntele G\u0103in\u0103, Drumul Agatului, Drumul L\u0103pu\u0219, Drumul Stegarului, Drumul Piscul Nou 09:00 &#8211; 17:00;<\/li>\n\n\n\n<li>Sectror.2, Sos. Pantelimon Bl.46,Bl.47. Sos. Pantelimon \u00eentre Nr.258 \u0219i Nr.264 09:00 &#8211; 17:00.<\/li>\n<\/ul>\n\n\n\n<p><strong> Miercuri, 14 mai 2025<\/strong><\/p>\n\n\n\n<ul class=\"wp-block-list\">\n<li>Sectror.2, Str. Maliuc, Str. Hispania, \u00centr. Andronache. Str. Slovei, Str. \u0218iragului, Str. Declam\u0103rii, Str. Suhard, Sos. Andronache \u00eentre Str. Maliuc \u0219i CFR Constan\u021ba, Str. Zal\u0103u, 09:00 &#8211; 17:00.<\/li>\n<\/ul>\n\n\n\n<p><strong> Joi, 15 mai 2025<\/strong><\/p>\n\n\n\n<ul class=\"wp-block-list\">\n<li>Sector 1, str\u0103zile Muntele G\u0103in\u0103, Drumul Agatului, Drumul L\u0103pu\u0219, Drumul Stegarului, Drumul Piscul Nou 09:00 &#8211; 17:00.<\/li>\n<\/ul>\n\n\n\n<div class=\"wp-block-buttons is-content-justification-center is-layout-flex wp-container-core-buttons-is-layout-16018d1d wp-block-buttons-is-layout-flex\">\n<div class=\"wp-block-button has-custom-width wp-block-button__width-100\"><a class=\"wp-block-button__link wp-element-button\" href=\"https:\/\/www.patreon.com\/BuletinDeBucuresti\"><strong>Sus\u021bine Buletin de Bucure\u0219ti pentru investiga\u021bii, reportaje \u0219i \u0219tiri Locale<\/strong><\/a><\/div>\n<\/div>\n\n\n\n<h2 class=\"wp-block-heading\" id=\"h-unde-se-intrerupe-curentul-electric-in-ilfov\"><strong>Unde se \u00eentrerupe curentul electric<\/strong>\u00a0\u00een Ilfov<\/h2>\n\n\n\n<p><strong>Luni, 12 mai 2025<\/strong><\/p>\n\n\n\n<ul class=\"wp-block-list\">\n<li>Chitila, intrarea Banatului 09:00 &#8211; 17:00;<\/li>\n\n\n\n<li>Pas\u0103rea, str. Aviatori, Ion Creang\u0103, Mihail Sadoveanu, Lucian Blaga, Agricultori, Nicolae B\u0103lcescu, Alba Iulia, Stadionului 09:00 &#8211; 17:00.<\/li>\n<\/ul>\n\n\n\n<p> Mar\u021bi, 13 mai 2025<\/p>\n\n\n\n<ul class=\"wp-block-list\">\n<li>Otopeni, strada Ciprian Porumbescu 09:00 &#8211; 17:00. <\/li>\n<\/ul>\n\n\n\n<p><strong>Joi, 15 mai 2025<\/strong><\/p>\n\n\n\n<ul class=\"wp-block-list\">\n<li>Mogo\u0219oaia, str Monumentul Eroilor, Bucure\u0219ti-T\u00e2rgovi\u0219te \u00eentre str Prim\u0103verii \u0219i str C\u00e2mpului, Valea Parcului, Chitila P\u0103dure, Intrarea P\u0103durii, Prim\u0103verii, Pu\u021bul cu Brad, Poieni, LUK OIL Mogo\u0219oaia, Mega Image Mogo\u0219oaia, Sweet Beans Specialty Coffee&amp;Sweets, Gama Fusion Mogo\u0219oaia \u0219i str\u0103zi adiacente, LUK OIL Mogo\u0219oaia, Gama Fusion Mogo\u0219oaia, Mega Image Mogo\u0219oaia, Farmacia Dr. Max, Sweet Beans Specialty Coffee&amp;Sweets 09:00 &#8211; 17:00.<\/li>\n\n\n\n<li>Moara Vl\u0103siei, str Cantonului, Colnicului, Drumul Colnicului, Ar\u021barului, Good Residence Bucovina, Good Residence Ar\u021bar, Good Residence Stejar \u0219i str\u0103zi adiacente, Good Residence Bucovina, Good Residence Ar\u021bar, Good Residence Stejar 09:00 &#8211; 17:00.<\/li>\n<\/ul>\n\n\n\n<p><strong>CITE\u0218TE \u0218I:<\/strong> <a href=\"https:\/\/buletin.de\/bucuresti\/g4-media-o-firma-controlata-de-ofiteri-sie-a-castigat-un-contract-urias-la-primaria-sectorului-4-toti-concurentii-au-fost-descalificati\/\">G4 Media | O firm\u0103 controlat\u0103 de ofi\u021beri SIE a c\u00e2\u0219tigat un contract uria\u0219 la Prim\u0103ria Sectorului 4. Ceilal\u021bi concuren\u021bi au fost descalifica\u021bi<\/a><\/p>\n\n\n\n<h2 class=\"wp-block-heading\" id=\"h-unde-se-intrerupe-curentul-electric-in-giurgiu\"><strong>Unde se \u00eentrerupe curentul electric<\/strong>\u00a0\u00een Giurgiu<\/h2>\n\n\n\n<p>Luni, 12 mai 2025<\/p>\n\n\n\n<ul class=\"wp-block-list\">\n<li>C\u0103mineasca, Str Ghiocelului, Str Mic\u0219unelei, Str Liliacului, Str Crinului, Str Magnoliei 09:00 &#8211; 12:00;<\/li>\n\n\n\n<li>Schitu, Toate str\u0103zile din loc Schitu 09:00 &#8211; 15:00;<\/li>\n\n\n\n<li>Mih\u0103ile\u0219ti, Str Calea Bucure\u0219ti, Str Viloetelor, Str Complexului, SC Dovinot, Apa Service, SC Ina Service, Atelier Boutique, SC Crisland, Sp\u0103l\u0103torie Auto Jeton, Restaurant Buda, Restaurant Girux 09:00 &#8211; 15:00<\/li>\n\n\n\n<li>NEGRU VOD\u0102, bl 65\/1d, bl 66\/1d, circa Iacob 09:00 &#8211; 17:00;<\/li>\n\n\n\n<li>Palanca, str Negoi, str Bascareti, str Mavrache 09:00 &#8211; 17:00;<\/li>\n\n\n\n<li>Ghimpa\u021bi, Centru de Ambulan\u021b\u0103 Ghimpa\u021bi, Incinta Fostului Spital Ghimpa\u021bi 12:30 &#8211; 16:00.<\/li>\n<\/ul>\n\n\n\n<p><strong> Mar\u021bi, 13 mai 2025<\/strong><\/p>\n\n\n\n<ul class=\"wp-block-list\">\n<li>Letca Nou\u0103, Str Viilor, Str Prim\u0103verii, Str Pre\u0219edintelui, Str Pilotului, Str R\u0103zoare, Str Crizantemei, Str. Electricienilor, Str Sos G\u0103ie\u0219ti 08:30 &#8211; 16:30;<\/li>\n\n\n\n<li>Bolintin Deal, Str Cire\u0219ului, str C\u00e2mpului, Str c\u00e2mp nou, Str Tineretului par\u021bial 09:00 &#8211; 17:00;<\/li>\n\n\n\n<li>Stoene\u0219ti, Str. Fierarilor, Fenedeului, Prunului, Zidarilor, Salc\u00e2mului, 09:00 &#8211; 17:00.<\/li>\n<\/ul>\n\n\n\n<p><strong> Miercuri, 14 mai 2025<\/strong><\/p>\n\n\n\n<ul class=\"wp-block-list\">\n<li>Palanca, Palanca, Str Bascareti, I.I Br\u0103ila, str. \u0218ab\u0103rului, Ion Ulmeanu, Biserica Veche, Eftimiu, Icoanei, Eliza Vasilescu, str. Mavrache 09:00 &#8211; 17:00 \u2022Bolintin Deal, Str 23 August, Bdul Muncii, Str Pictor Grigorescu, Str Tudor Vladimirescu, Str Constructorilor, str Barbu L\u0103utaru 09:00 &#8211; 17:00;<\/li>\n\n\n\n<li>Stoene\u0219ti, Str. Principal\u0103, Luncii, Prim\u0103riei, Morii, \u0218colii, Ceparilor 09:00 &#8211; 17:00.<\/li>\n<\/ul>\n\n\n\n<p><strong> Joi, 15 mai 2025<\/strong><\/p>\n\n\n\n<ul class=\"wp-block-list\">\n<li>Letca Nou\u0103, Str Sos G\u0103ie\u0219ti, Str T\u00e2mplarului, Str R\u0103s\u0103ritului, Str Tractori\u0219tilor 08:30 &#8211; 16:30;<\/li>\n\n\n\n<li>Cosoba, Str 12 Fra\u021bi, Aleea p\u0103durii 09:00 &#8211; 17:00;<\/li>\n\n\n\n<li>Bolintin Deal, Str Cire\u0219ului, str C\u00e2mpului, Str c\u00e2mp nou, Str Tineretului par\u021bial 09:00 &#8211; 17:00.<\/li>\n<\/ul>\n\n\n\n<p><strong> Vineri, 16 Mai 2025<\/strong><\/p>\n\n\n\n<ul class=\"wp-block-list\">\n<li>Palanca, Str Mavrache 09:00 &#8211; 17:00.<\/li>\n<\/ul>\n\n\n\n<p><strong>CITE\u0218TE \u0218I:<\/strong> <a href=\"https:\/\/buletin.de\/bucuresti\/foto-cum-arata-santierul-pentru-largirea-centurii-bucurestiului-intre-a1-si-drumul-spre-giurgiu\/\">FOTO | Cum arat\u0103 \u0219antierul pentru l\u0103rgirea centurii Bucure\u0219tiului, \u00eentre A1 \u0219i drumul spre Giurgiu<\/a><\/p>\n","protected":false},"excerpt":{"rendered":"<p>Re\u021bele Electrice Muntenia\u00a0\u00eentrerupe curentul electric \u00een perioada 12 \u2013 18 mai, \u00een mai multe zone din Bucure\u0219ti, Ilfov \u0219i Giurgiu. \u00centreruperile sunt necesare din cauza lucr\u0103rilor de repara\u021bii, moderni\u200bzare \u200bsau de mentenan\u021b\u0103, la re\u021beaua electric\u0103. Sist\u0103rile programate se vor face pentru a asigura capacitatea re\u021belei de a func\u021biona \u0219i alimenta clien\u021bii, \u00een bune condi\u021bii. Unde [&hellip;]<\/p>\n","protected":false},"author":49,"featured_media":129615,"comment_status":"closed","ping_status":"open","sticky":false,"template":"","format":"standard","meta":{"_acf_changed":false,"inline_featured_image":false,"ngg_post_thumbnail":0,"footnotes":""},"categories":[6994,62],"tags":[18329,18330,18328,8443],"ppma_author":[22574],"class_list":["post-129614","post","type-post","status-publish","format-standard","has-post-thumbnail","hentry","category-stiri-2","category-stiri","tag-intreruperi-curent-bucuresti","tag-intreruperi-curent-giurgiu","tag-intreruperi-curent-ilfov","tag-retele-electrice"],"acf":[],"yoast_head":"<!-- This site is optimized with the Yoast SEO Premium plugin v25.3 (Yoast SEO v27.5) - https:\/\/yoast.com\/product\/yoast-seo-premium-wordpress\/ -->\n<title>Re\u021bele Electrice Muntenia \u00eentrerupe curentul electric \u00een zone din Bucure\u0219ti, Ilfov \u0219i Giurgiu. Care sunt zonele afectate - Buletin de Bucure\u0219ti<\/title>\n<meta name=\"description\" content=\"Re\u021bele Electrice Muntenia\u00a0\u00eentrerupe curentul electric \u00een perioada 12 \u2013 18 mai, \u00een mai multe zone din Bucure\u0219ti, Ilfov \u0219i Giurgiu.\" \/>\n<meta name=\"robots\" content=\"index, follow, max-snippet:-1, max-image-preview:large, max-video-preview:-1\" \/>\n<link rel=\"canonical\" href=\"https:\/\/buletin.de\/bucuresti\/intrerupe-curentul-electric-9\/\" \/>\n<meta property=\"og:locale\" content=\"en_GB\" \/>\n<meta property=\"og:type\" content=\"article\" \/>\n<meta property=\"og:title\" content=\"Re\u021bele Electrice Muntenia \u00eentrerupe curentul electric \u00een zone din Bucure\u0219ti, Ilfov \u0219i Giurgiu. Care sunt zonele afectate\" \/>\n<meta property=\"og:description\" content=\"Re\u021bele Electrice Muntenia\u00a0\u00eentrerupe curentul electric \u00een perioada 12 \u2013 18 mai, \u00een mai multe zone din Bucure\u0219ti, Ilfov \u0219i Giurgiu.\" \/>\n<meta property=\"og:url\" content=\"https:\/\/buletin.de\/bucuresti\/intrerupe-curentul-electric-9\/\" \/>\n<meta property=\"og:site_name\" content=\"Buletin de Bucure\u0219ti\" \/>\n<meta property=\"article:publisher\" content=\"https:\/\/www.facebook.com\/buletin.de.buc\" \/>\n<meta property=\"article:published_time\" content=\"2025-05-10T04:45:12+00:00\" \/>\n<meta property=\"og:image\" content=\"https:\/\/buletin.de\/bucuresti\/wp-content\/uploads\/2025\/05\/intreruperi-curent-1-1.jpg\" \/>\n\t<meta property=\"og:image:width\" content=\"1000\" \/>\n\t<meta property=\"og:image:height\" content=\"600\" \/>\n\t<meta property=\"og:image:type\" content=\"image\/jpeg\" \/>\n<meta name=\"author\" content=\"Diana Matei\" \/>\n<meta name=\"twitter:card\" content=\"summary_large_image\" \/>\n<meta name=\"twitter:label1\" content=\"Written by\" \/>\n\t<meta name=\"twitter:data1\" content=\"Diana Matei\" \/>\n\t<meta name=\"twitter:label2\" content=\"Estimated reading time\" \/>\n\t<meta name=\"twitter:data2\" content=\"3 minutes\" \/>\n<script type=\"application\/ld+json\" class=\"yoast-schema-graph\">{\"@context\":\"https:\\\/\\\/schema.org\",\"@graph\":[{\"@type\":\"Article\",\"@id\":\"https:\\\/\\\/buletin.de\\\/bucuresti\\\/intrerupe-curentul-electric-9\\\/#article\",\"isPartOf\":{\"@id\":\"https:\\\/\\\/buletin.de\\\/bucuresti\\\/intrerupe-curentul-electric-9\\\/\"},\"author\":{\"name\":\"Diana Matei\",\"@id\":\"https:\\\/\\\/buletin.de\\\/bucuresti\\\/#\\\/schema\\\/person\\\/7e46040573290777280a0835d81ea4ea\"},\"headline\":\"Re\u021bele Electrice Muntenia \u00eentrerupe curentul electric \u00een zone din Bucure\u0219ti, Ilfov \u0219i Giurgiu. Care sunt zonele afectate\",\"datePublished\":\"2025-05-10T04:45:12+00:00\",\"mainEntityOfPage\":{\"@id\":\"https:\\\/\\\/buletin.de\\\/bucuresti\\\/intrerupe-curentul-electric-9\\\/\"},\"wordCount\":673,\"publisher\":{\"@id\":\"https:\\\/\\\/buletin.de\\\/bucuresti\\\/#organization\"},\"image\":{\"@id\":\"https:\\\/\\\/buletin.de\\\/bucuresti\\\/intrerupe-curentul-electric-9\\\/#primaryimage\"},\"thumbnailUrl\":\"https:\\\/\\\/buletin.de\\\/bucuresti\\\/wp-content\\\/uploads\\\/2025\\\/05\\\/intreruperi-curent-1-1.jpg\",\"keywords\":[\"intreruperi curent Bucuresti\",\"intreruperi curent Giurgiu\",\"Intreruperi curent Ilfov\",\"retele electrice\"],\"articleSection\":[\"Articole\",\"\u0218tiri\"],\"inLanguage\":\"en-GB\",\"copyrightYear\":\"2025\",\"copyrightHolder\":{\"@id\":\"https:\\\/\\\/buletin.de\\\/bucuresti\\\/#organization\"}},{\"@type\":\"WebPage\",\"@id\":\"https:\\\/\\\/buletin.de\\\/bucuresti\\\/intrerupe-curentul-electric-9\\\/\",\"url\":\"https:\\\/\\\/buletin.de\\\/bucuresti\\\/intrerupe-curentul-electric-9\\\/\",\"name\":\"Re\u021bele Electrice Muntenia \u00eentrerupe curentul electric \u00een zone din Bucure\u0219ti, Ilfov \u0219i Giurgiu. Care sunt zonele afectate - Buletin de Bucure\u0219ti\",\"isPartOf\":{\"@id\":\"https:\\\/\\\/buletin.de\\\/bucuresti\\\/#website\"},\"primaryImageOfPage\":{\"@id\":\"https:\\\/\\\/buletin.de\\\/bucuresti\\\/intrerupe-curentul-electric-9\\\/#primaryimage\"},\"image\":{\"@id\":\"https:\\\/\\\/buletin.de\\\/bucuresti\\\/intrerupe-curentul-electric-9\\\/#primaryimage\"},\"thumbnailUrl\":\"https:\\\/\\\/buletin.de\\\/bucuresti\\\/wp-content\\\/uploads\\\/2025\\\/05\\\/intreruperi-curent-1-1.jpg\",\"datePublished\":\"2025-05-10T04:45:12+00:00\",\"description\":\"Re\u021bele Electrice Muntenia\u00a0\u00eentrerupe curentul electric \u00een perioada 12 \u2013 18 mai, \u00een mai multe zone din Bucure\u0219ti, Ilfov \u0219i Giurgiu.\",\"breadcrumb\":{\"@id\":\"https:\\\/\\\/buletin.de\\\/bucuresti\\\/intrerupe-curentul-electric-9\\\/#breadcrumb\"},\"inLanguage\":\"en-GB\",\"potentialAction\":[{\"@type\":\"ReadAction\",\"target\":[\"https:\\\/\\\/buletin.de\\\/bucuresti\\\/intrerupe-curentul-electric-9\\\/\"]}]},{\"@type\":\"ImageObject\",\"inLanguage\":\"en-GB\",\"@id\":\"https:\\\/\\\/buletin.de\\\/bucuresti\\\/intrerupe-curentul-electric-9\\\/#primaryimage\",\"url\":\"https:\\\/\\\/buletin.de\\\/bucuresti\\\/wp-content\\\/uploads\\\/2025\\\/05\\\/intreruperi-curent-1-1.jpg\",\"contentUrl\":\"https:\\\/\\\/buletin.de\\\/bucuresti\\\/wp-content\\\/uploads\\\/2025\\\/05\\\/intreruperi-curent-1-1.jpg\",\"width\":1000,\"height\":600,\"caption\":\"Se \u00eentrerupe curentul electric \u00een Bucure\u0219ti, Ilfov \u0219i Giurgiu. Re\u021bele Electrice Muntenia anun\u021b\u0103 care sunt zonele afectate. FOTO: Arhiva\"},{\"@type\":\"BreadcrumbList\",\"@id\":\"https:\\\/\\\/buletin.de\\\/bucuresti\\\/intrerupe-curentul-electric-9\\\/#breadcrumb\",\"itemListElement\":[{\"@type\":\"ListItem\",\"position\":1,\"name\":\"Acas\u0103\",\"item\":\"https:\\\/\\\/buletin.de\\\/bucuresti\\\/\"},{\"@type\":\"ListItem\",\"position\":2,\"name\":\"Re\u021bele Electrice Muntenia \u00eentrerupe curentul electric \u00een zone din Bucure\u0219ti, Ilfov \u0219i Giurgiu. Care sunt zonele afectate\"}]},{\"@type\":\"WebSite\",\"@id\":\"https:\\\/\\\/buletin.de\\\/bucuresti\\\/#website\",\"url\":\"https:\\\/\\\/buletin.de\\\/bucuresti\\\/\",\"name\":\"Buletin de Bucure\u0219ti\",\"description\":\"\u0218tiri \u0219i investiga\u021bii esen\u021biale din capital\u0103\",\"publisher\":{\"@id\":\"https:\\\/\\\/buletin.de\\\/bucuresti\\\/#organization\"},\"potentialAction\":[{\"@type\":\"SearchAction\",\"target\":{\"@type\":\"EntryPoint\",\"urlTemplate\":\"https:\\\/\\\/buletin.de\\\/bucuresti\\\/?s={search_term_string}\"},\"query-input\":{\"@type\":\"PropertyValueSpecification\",\"valueRequired\":true,\"valueName\":\"search_term_string\"}}],\"inLanguage\":\"en-GB\"},{\"@type\":\"Organization\",\"@id\":\"https:\\\/\\\/buletin.de\\\/bucuresti\\\/#organization\",\"name\":\"Buletin de Bucure\u0219ti\",\"url\":\"https:\\\/\\\/buletin.de\\\/bucuresti\\\/\",\"logo\":{\"@type\":\"ImageObject\",\"inLanguage\":\"en-GB\",\"@id\":\"https:\\\/\\\/buletin.de\\\/bucuresti\\\/#\\\/schema\\\/logo\\\/image\\\/\",\"url\":\"https:\\\/\\\/buletin.de\\\/bucuresti\\\/wp-content\\\/uploads\\\/logo-bdb-full-wide-vernil-transparent.png\",\"contentUrl\":\"https:\\\/\\\/buletin.de\\\/bucuresti\\\/wp-content\\\/uploads\\\/logo-bdb-full-wide-vernil-transparent.png\",\"width\":1782,\"height\":626,\"caption\":\"Buletin de Bucure\u0219ti\"},\"image\":{\"@id\":\"https:\\\/\\\/buletin.de\\\/bucuresti\\\/#\\\/schema\\\/logo\\\/image\\\/\"},\"sameAs\":[\"https:\\\/\\\/www.facebook.com\\\/buletin.de.buc\",\"https:\\\/\\\/www.instagram.com\\\/buletinde.bucuresti\\\/\"]},{\"@type\":\"Person\",\"@id\":\"https:\\\/\\\/buletin.de\\\/bucuresti\\\/#\\\/schema\\\/person\\\/7e46040573290777280a0835d81ea4ea\",\"name\":\"Diana Matei\",\"image\":{\"@type\":\"ImageObject\",\"inLanguage\":\"en-GB\",\"@id\":\"https:\\\/\\\/buletin.de\\\/bucuresti\\\/wp-content\\\/uploads\\\/9-2-96x96.jpg1e8590b30871d70e62ebcdaf2eff570c\",\"url\":\"https:\\\/\\\/buletin.de\\\/bucuresti\\\/wp-content\\\/uploads\\\/9-2-96x96.jpg\",\"contentUrl\":\"https:\\\/\\\/buletin.de\\\/bucuresti\\\/wp-content\\\/uploads\\\/9-2-96x96.jpg\",\"caption\":\"Diana Matei\"},\"url\":\"https:\\\/\\\/buletin.de\\\/bucuresti\\\/author\\\/dianamatei\\\/\"}]}<\/script>\n<!-- \/ Yoast SEO Premium plugin. -->","yoast_head_json":{"title":"Re\u021bele Electrice Muntenia \u00eentrerupe curentul electric \u00een zone din Bucure\u0219ti, Ilfov \u0219i Giurgiu. Care sunt zonele afectate - Buletin de Bucure\u0219ti","description":"Re\u021bele Electrice Muntenia\u00a0\u00eentrerupe curentul electric \u00een perioada 12 \u2013 18 mai, \u00een mai multe zone din Bucure\u0219ti, Ilfov \u0219i Giurgiu.","robots":{"index":"index","follow":"follow","max-snippet":"max-snippet:-1","max-image-preview":"max-image-preview:large","max-video-preview":"max-video-preview:-1"},"canonical":"https:\/\/buletin.de\/bucuresti\/intrerupe-curentul-electric-9\/","og_locale":"en_GB","og_type":"article","og_title":"Re\u021bele Electrice Muntenia \u00eentrerupe curentul electric \u00een zone din Bucure\u0219ti, Ilfov \u0219i Giurgiu. Care sunt zonele afectate","og_description":"Re\u021bele Electrice Muntenia\u00a0\u00eentrerupe curentul electric \u00een perioada 12 \u2013 18 mai, \u00een mai multe zone din Bucure\u0219ti, Ilfov \u0219i Giurgiu.","og_url":"https:\/\/buletin.de\/bucuresti\/intrerupe-curentul-electric-9\/","og_site_name":"Buletin de Bucure\u0219ti","article_publisher":"https:\/\/www.facebook.com\/buletin.de.buc","article_published_time":"2025-05-10T04:45:12+00:00","og_image":[{"width":1000,"height":600,"url":"https:\/\/buletin.de\/bucuresti\/wp-content\/uploads\/2025\/05\/intreruperi-curent-1-1.jpg","type":"image\/jpeg"}],"author":"Diana Matei","twitter_card":"summary_large_image","twitter_misc":{"Written by":"Diana Matei","Estimated reading time":"3 minutes"},"schema":{"@context":"https:\/\/schema.org","@graph":[{"@type":"Article","@id":"https:\/\/buletin.de\/bucuresti\/intrerupe-curentul-electric-9\/#article","isPartOf":{"@id":"https:\/\/buletin.de\/bucuresti\/intrerupe-curentul-electric-9\/"},"author":{"name":"Diana Matei","@id":"https:\/\/buletin.de\/bucuresti\/#\/schema\/person\/7e46040573290777280a0835d81ea4ea"},"headline":"Re\u021bele Electrice Muntenia \u00eentrerupe curentul electric \u00een zone din Bucure\u0219ti, Ilfov \u0219i Giurgiu. Care sunt zonele afectate","datePublished":"2025-05-10T04:45:12+00:00","mainEntityOfPage":{"@id":"https:\/\/buletin.de\/bucuresti\/intrerupe-curentul-electric-9\/"},"wordCount":673,"publisher":{"@id":"https:\/\/buletin.de\/bucuresti\/#organization"},"image":{"@id":"https:\/\/buletin.de\/bucuresti\/intrerupe-curentul-electric-9\/#primaryimage"},"thumbnailUrl":"https:\/\/buletin.de\/bucuresti\/wp-content\/uploads\/2025\/05\/intreruperi-curent-1-1.jpg","keywords":["intreruperi curent Bucuresti","intreruperi curent Giurgiu","Intreruperi curent Ilfov","retele electrice"],"articleSection":["Articole","\u0218tiri"],"inLanguage":"en-GB","copyrightYear":"2025","copyrightHolder":{"@id":"https:\/\/buletin.de\/bucuresti\/#organization"}},{"@type":"WebPage","@id":"https:\/\/buletin.de\/bucuresti\/intrerupe-curentul-electric-9\/","url":"https:\/\/buletin.de\/bucuresti\/intrerupe-curentul-electric-9\/","name":"Re\u021bele Electrice Muntenia \u00eentrerupe curentul electric \u00een zone din Bucure\u0219ti, Ilfov \u0219i Giurgiu. Care sunt zonele afectate - Buletin de Bucure\u0219ti","isPartOf":{"@id":"https:\/\/buletin.de\/bucuresti\/#website"},"primaryImageOfPage":{"@id":"https:\/\/buletin.de\/bucuresti\/intrerupe-curentul-electric-9\/#primaryimage"},"image":{"@id":"https:\/\/buletin.de\/bucuresti\/intrerupe-curentul-electric-9\/#primaryimage"},"thumbnailUrl":"https:\/\/buletin.de\/bucuresti\/wp-content\/uploads\/2025\/05\/intreruperi-curent-1-1.jpg","datePublished":"2025-05-10T04:45:12+00:00","description":"Re\u021bele Electrice Muntenia\u00a0\u00eentrerupe curentul electric \u00een perioada 12 \u2013 18 mai, \u00een mai multe zone din Bucure\u0219ti, Ilfov \u0219i Giurgiu.","breadcrumb":{"@id":"https:\/\/buletin.de\/bucuresti\/intrerupe-curentul-electric-9\/#breadcrumb"},"inLanguage":"en-GB","potentialAction":[{"@type":"ReadAction","target":["https:\/\/buletin.de\/bucuresti\/intrerupe-curentul-electric-9\/"]}]},{"@type":"ImageObject","inLanguage":"en-GB","@id":"https:\/\/buletin.de\/bucuresti\/intrerupe-curentul-electric-9\/#primaryimage","url":"https:\/\/buletin.de\/bucuresti\/wp-content\/uploads\/2025\/05\/intreruperi-curent-1-1.jpg","contentUrl":"https:\/\/buletin.de\/bucuresti\/wp-content\/uploads\/2025\/05\/intreruperi-curent-1-1.jpg","width":1000,"height":600,"caption":"Se \u00eentrerupe curentul electric \u00een Bucure\u0219ti, Ilfov \u0219i Giurgiu. Re\u021bele Electrice Muntenia anun\u021b\u0103 care sunt zonele afectate. FOTO: Arhiva"},{"@type":"BreadcrumbList","@id":"https:\/\/buletin.de\/bucuresti\/intrerupe-curentul-electric-9\/#breadcrumb","itemListElement":[{"@type":"ListItem","position":1,"name":"Acas\u0103","item":"https:\/\/buletin.de\/bucuresti\/"},{"@type":"ListItem","position":2,"name":"Re\u021bele Electrice Muntenia \u00eentrerupe curentul electric \u00een zone din Bucure\u0219ti, Ilfov \u0219i Giurgiu. Care sunt zonele afectate"}]},{"@type":"WebSite","@id":"https:\/\/buletin.de\/bucuresti\/#website","url":"https:\/\/buletin.de\/bucuresti\/","name":"Buletin de Bucure\u0219ti","description":"\u0218tiri \u0219i investiga\u021bii esen\u021biale din capital\u0103","publisher":{"@id":"https:\/\/buletin.de\/bucuresti\/#organization"},"potentialAction":[{"@type":"SearchAction","target":{"@type":"EntryPoint","urlTemplate":"https:\/\/buletin.de\/bucuresti\/?s={search_term_string}"},"query-input":{"@type":"PropertyValueSpecification","valueRequired":true,"valueName":"search_term_string"}}],"inLanguage":"en-GB"},{"@type":"Organization","@id":"https:\/\/buletin.de\/bucuresti\/#organization","name":"Buletin de Bucure\u0219ti","url":"https:\/\/buletin.de\/bucuresti\/","logo":{"@type":"ImageObject","inLanguage":"en-GB","@id":"https:\/\/buletin.de\/bucuresti\/#\/schema\/logo\/image\/","url":"https:\/\/buletin.de\/bucuresti\/wp-content\/uploads\/logo-bdb-full-wide-vernil-transparent.png","contentUrl":"https:\/\/buletin.de\/bucuresti\/wp-content\/uploads\/logo-bdb-full-wide-vernil-transparent.png","width":1782,"height":626,"caption":"Buletin de Bucure\u0219ti"},"image":{"@id":"https:\/\/buletin.de\/bucuresti\/#\/schema\/logo\/image\/"},"sameAs":["https:\/\/www.facebook.com\/buletin.de.buc","https:\/\/www.instagram.com\/buletinde.bucuresti\/"]},{"@type":"Person","@id":"https:\/\/buletin.de\/bucuresti\/#\/schema\/person\/7e46040573290777280a0835d81ea4ea","name":"Diana Matei","image":{"@type":"ImageObject","inLanguage":"en-GB","@id":"https:\/\/buletin.de\/bucuresti\/wp-content\/uploads\/9-2-96x96.jpg1e8590b30871d70e62ebcdaf2eff570c","url":"https:\/\/buletin.de\/bucuresti\/wp-content\/uploads\/9-2-96x96.jpg","contentUrl":"https:\/\/buletin.de\/bucuresti\/wp-content\/uploads\/9-2-96x96.jpg","caption":"Diana Matei"},"url":"https:\/\/buletin.de\/bucuresti\/author\/dianamatei\/"}]}},"authors":[{"term_id":22574,"user_id":49,"is_guest":0,"slug":"dianamatei","display_name":"Diana Matei","avatar_url":"https:\/\/buletin.de\/bucuresti\/wp-content\/uploads\/9-2-96x96.jpg","0":null,"1":"","2":"","3":"","4":"","5":"","6":"","7":"","8":""}],"_links":{"self":[{"href":"https:\/\/buletin.de\/bucuresti\/wp-json\/wp\/v2\/posts\/129614","targetHints":{"allow":["GET"]}}],"collection":[{"href":"https:\/\/buletin.de\/bucuresti\/wp-json\/wp\/v2\/posts"}],"about":[{"href":"https:\/\/buletin.de\/bucuresti\/wp-json\/wp\/v2\/types\/post"}],"author":[{"embeddable":true,"href":"https:\/\/buletin.de\/bucuresti\/wp-json\/wp\/v2\/users\/49"}],"replies":[{"embeddable":true,"href":"https:\/\/buletin.de\/bucuresti\/wp-json\/wp\/v2\/comments?post=129614"}],"version-history":[{"count":2,"href":"https:\/\/buletin.de\/bucuresti\/wp-json\/wp\/v2\/posts\/129614\/revisions"}],"predecessor-version":[{"id":129638,"href":"https:\/\/buletin.de\/bucuresti\/wp-json\/wp\/v2\/posts\/129614\/revisions\/129638"}],"wp:featuredmedia":[{"embeddable":true,"href":"https:\/\/buletin.de\/bucuresti\/wp-json\/wp\/v2\/media\/129615"}],"wp:attachment":[{"href":"https:\/\/buletin.de\/bucuresti\/wp-json\/wp\/v2\/media?parent=129614"}],"wp:term":[{"taxonomy":"category","embeddable":true,"href":"https:\/\/buletin.de\/bucuresti\/wp-json\/wp\/v2\/categories?post=129614"},{"taxonomy":"post_tag","embeddable":true,"href":"https:\/\/buletin.de\/bucuresti\/wp-json\/wp\/v2\/tags?post=129614"},{"taxonomy":"author","embeddable":true,"href":"https:\/\/buletin.de\/bucuresti\/wp-json\/wp\/v2\/ppma_author?post=129614"}],"curies":[{"name":"wp","href":"https:\/\/api.w.org\/{rel}","templated":true}]}}