{"id":129597,"date":"2025-05-09T16:47:28","date_gmt":"2025-05-09T13:47:28","guid":{"rendered":"https:\/\/buletin.de\/bucuresti\/?p=129597"},"modified":"2025-05-09T18:27:08","modified_gmt":"2025-05-09T15:27:08","slug":"g4-media-o-firma-controlata-de-ofiteri-sie-a-castigat-un-contract-urias-la-primaria-sectorului-4-toti-concurentii-au-fost-descalificati","status":"publish","type":"post","link":"https:\/\/buletin.de\/bucuresti\/g4-media-o-firma-controlata-de-ofiteri-sie-a-castigat-un-contract-urias-la-primaria-sectorului-4-toti-concurentii-au-fost-descalificati\/","title":{"rendered":"G4 Media | O firm\u0103 controlat\u0103 de ofi\u021beri SIE a c\u00e2\u0219tigat un contract uria\u0219 la Prim\u0103ria Sectorului 4. Ceilal\u021bi concuren\u021bi au fost descalifica\u021bi"},"content":{"rendered":"\n<p><strong>O firm\u0103 controlat\u0103 de ofi\u021beri SIE a semnat cele mai mari contracte atribuite de o institu\u021bie public\u0103 \u00een 2025, respectiv 112,5 milioane de lei de la Prim\u0103ria Sectorului 4, scrie <a href=\"https:\/\/www.g4media.ro\/exclusiv-o-firma-infiintata-de-un-subofiter-sie-activ-si-cedata-unui-colonel-rezervist-din-aceeasi-institutie-a-castigat-contracte-de-1125-milioane-lei-atribuite-de-o-directie-subordonata-primariei-s.html\" target=\"_blank\" rel=\"noreferrer noopener\">G4Media<\/a>. <\/strong><\/p>\n\n\n\n<p>Societatea a fost \u00eenfiin\u021bat\u0103 de un subofi\u021ber care, la acel moment, lucra \u00een Serviciul de Informa\u021bii Externe (SIE). Subofi\u021berul \u0219i-a cedat p\u0103r\u021bile sociale unui rezervist din cadrul aceleia\u0219i institu\u021bii \u2013 un colonel care, \u00een tinere\u021be, fusese deconspirat de NATO ca spion al Rom\u00e2niei comuniste \u00een Germania \u0219i care, acum, pe contul s\u0103u de socializare, este un propagandist anti-NATO.<\/p>\n\n\n\n<p>Anul trecut, colonelul a l\u0103sat firma pe m\u00e2inile copiilor s\u0103i care, \u00een urm\u0103 cu circa o lun\u0103, au dat lovitura, prinz\u00e2nd dou\u0103 contracte \u00een valoare de<strong>&nbsp;112,5 milioane lei atribuite de o direc\u021bie din subordinea Prim\u0103riei de sector pe care o conduce social-democratul Daniel B\u0103lu\u021b\u0103.<\/strong><\/p>\n\n\n\n<p>Suspect \u00een cazul ambelor proceduri a fost, pe de o parte, c\u0103 toate celelalte oferte au fost respinse \u0219i, pe de alt\u0103 parte, c\u0103 societatea cu pedigree SIE a c\u00e2\u0219tigat cu pre\u021buri extrem de apropiate de cele estimate de autoritatea contractant\u0103, lucru uzual \u00een cazul licita\u021biilor cu un singur ofertant. <\/p>\n\n\n\n<p><strong>\u201eM-au descalificat total nejustificat \u0219i mi-am dat seama c\u0103 este vorba de o procedur\u0103 cu dedica\u021bie dup\u0103 cum am v\u0103zut \u00abjustific\u0103rile\u00bb\u201d, a declarat pentru G4Media.ro reprezentanta uneia dintre firmele care au participat la una dintre licita\u021bii.<\/strong><\/p>\n\n\n\n<p>Colonelul SIE \u00een rezerv\u0103 \u0219i asocia\u021bii actuali ai firmei, care, de-a lungul timpului, a semnat mii de contracte cu institu\u021bii publice, nu au putut fi contacta\u021bi\/nu au r\u0103spuns \u00eentreb\u0103rilor G4Media.ro. Referitor la aceast\u0103 situa\u021bie, SIE a transmis c\u0103 angaja\u021bii Serviciului au\u00a0interdic\u021bie de a fi asocia\u021bi unici ori de a participa direct la administrarea sau conducerea unei organiza\u021bii sau societ\u0103\u021bi comerciale. Fost \u0219ef \u00een SIE la momentul \u00eenfiin\u021b\u0103rii societ\u0103\u021bii, generalul (r) Silviu Predoiu a declarat c\u0103 situa\u021bia reprezint\u0103 \u201eo ilegalitate\u201d \u0219i c\u0103 subofi\u021berul era \u201eo haimana, probabil\u201d.<\/p>\n\n\n\n<div class=\"wp-block-buttons is-content-justification-center is-layout-flex wp-container-core-buttons-is-layout-16018d1d wp-block-buttons-is-layout-flex\">\n<div class=\"wp-block-button has-custom-width wp-block-button__width-100\"><a class=\"wp-block-button__link wp-element-button\" href=\"https:\/\/www.patreon.com\/BuletinDeBucuresti\"><strong>Sus\u021bine Buletin de Bucure\u0219ti pentru investiga\u021bii, reportaje \u0219i \u0219tiri Locale<\/strong><\/a><\/div>\n<\/div>\n\n\n\n<p><strong>CITE\u0218TE \u0218I: <a href=\"https:\/\/buletin.de\/bucuresti\/a-fost-atribuit-un-prim-contract-pentru-drumul-de-mare-viteza-bucuresti-giurgiu-harta-cu-posibilele-trasee\/\" target=\"_blank\" rel=\"noreferrer noopener\">A fost atribuit un prim contract pentru drumul de mare vitez\u0103 Bucure\u015fti \u2013 Giurgiu. Harta cu posibilele trasee<\/a><\/strong><\/p>\n\n\n\n<h2 class=\"wp-block-heading\" id=\"h-discount-de-10-000-de-lei-din-112-5-milioane-lei-pentru-o-firma-controlata-de-ofi\u021beri-sie\">Discount de 10.000 de lei din 112,5 milioane lei, pentru o firm\u0103 controlat\u0103 de ofi\u021beri SIE<\/h2>\n\n\n\n<p><strong>\u00cen perioada martie-aprilie 2025, Direc\u021bia General\u0103 de Administrare a Unit\u0103\u021bilor de \u00cenv\u0103\u021b\u0103m\u00e2nt, a Sportului \u0219i Culturii Sector 4, subordonat\u0103 Prim\u0103riei pe care o conduce Daniel B\u0103lu\u021b\u0103 (PSD), a atribuit firmei Office&amp;More SRL Bucure\u0219ti dou\u0103 acorduri-cadru cu valoare maxim\u0103 total\u0103 de 112,5 milioane lei, inclusiv TVA.<\/strong><\/p>\n\n\n\n<p>\u00cen baza primului contract, firma trebuie s\u0103 furnizeze, \u00een urm\u0103torii trei ani, pe baz\u0103 de comand\u0103, produse de papet\u0103rie \u0219i birotic\u0103, respectiv de cur\u0103\u021benie \u0219i igien\u0103 pentru mai multe institu\u021bii publice din Sector, \u00een frunte cu Prim\u0103ria, pe list\u0103 mai fiind subordonate ale acesteia \u2013 Direc\u021bia General\u0103 de Eviden\u021b\u0103 a Persoanelor, Direc\u021bia General\u0103 de Asisten\u021b\u0103 Social\u0103 \u0219i Protec\u021bia Copilului, Direc\u021bia General\u0103 de Impozite \u0219i Taxe Locale, Direc\u021bia de Mobilitate Urban\u0103 \u0219i Cre\u0219a \u201dMicii Magicieni\u201d.<\/p>\n\n\n\n<p>Direc\u021bia General\u0103 de Administrare a Unit\u0103\u021bilor de \u00cenv\u0103\u021b\u0103m\u00e2nt, a Sportului \u0219i Culturii Sector 4 a fost lider de asociere, fiind mandatat\u0103 s\u0103 se ocupe de organizarea celor dou\u0103 proceduri care au fost \u00eemp\u0103r\u021bite, fiecare, \u00een c\u00e2te dou\u0103 loturi. \u00cen toate cele patru situa\u021bii, c\u00e2\u0219tig\u0103toare a fost desemnat\u0103 societatea Office&amp;More SRL.<\/p>\n\n\n\n<p><strong>Continuarea \u00een <a href=\"https:\/\/www.g4media.ro\/exclusiv-o-firma-infiintata-de-un-subofiter-sie-activ-si-cedata-unui-colonel-rezervist-din-aceeasi-institutie-a-castigat-contracte-de-1125-milioane-lei-atribuite-de-o-directie-subordonata-primariei-s.html\" target=\"_blank\" rel=\"noreferrer noopener\">G4Media<\/a>.<\/strong><\/p>\n\n\n\n<p><strong>CITE\u0218TE \u0218I: <a href=\"https:\/\/buletin.de\/bucuresti\/val-de-solidaritate-cu-cele-doua-asociatii-atacate-de-george-simion-funky-citizens-si-declic\/\" target=\"_blank\" rel=\"noreferrer noopener\">Val de solidaritate cu cele dou\u0103 asocia\u0163ii atacate de George Simion, Funky Citizens \u015fi Declic<\/a><\/strong><\/p>\n","protected":false},"excerpt":{"rendered":"<p>O firm\u0103 controlat\u0103 de ofi\u021beri SIE a semnat cele mai mari contracte atribuite de o institu\u021bie public\u0103 \u00een 2025, respectiv 112,5 milioane de lei de la Prim\u0103ria Sectorului 4, scrie G4Media. Societatea a fost \u00eenfiin\u021bat\u0103 de un subofi\u021ber care, la acel moment, lucra \u00een Serviciul de Informa\u021bii Externe (SIE). Subofi\u021berul \u0219i-a cedat p\u0103r\u021bile sociale unui [&hellip;]<\/p>\n","protected":false},"author":1,"featured_media":129598,"comment_status":"closed","ping_status":"open","sticky":false,"template":"","format":"standard","meta":{"_acf_changed":false,"inline_featured_image":false,"ngg_post_thumbnail":0,"footnotes":""},"categories":[6994,9026,24,62],"tags":[1935,1204,765,2905],"ppma_author":[22583],"class_list":["post-129597","post","type-post","status-publish","format-standard","has-post-thumbnail","hentry","category-stiri-2","category-eveniment","category-primarie","category-stiri","tag-contract","tag-daniel-baluta","tag-sector-4","tag-sie"],"acf":[],"yoast_head":"<!-- This site is optimized with the Yoast SEO Premium plugin v25.3 (Yoast SEO v27.5) - https:\/\/yoast.com\/product\/yoast-seo-premium-wordpress\/ -->\n<title>G4 Media | O firm\u0103 controlat\u0103 de ofi\u021beri SIE a c\u00e2\u0219tigat un contract uria\u0219 la Prim\u0103ria Sectorului 4. Ceilal\u021bi concuren\u021bi au fost descalifica\u021bi - Buletin de Bucure\u0219ti<\/title>\n<meta name=\"description\" content=\"O firm\u0103 controlat\u0103 de ofi\u021beri SIE a semnat cele mai mari contracte atribuite de o institu\u021bie public\u0103 \u00een 2025, respectiv 112,5 milioane de lei.\" \/>\n<meta name=\"robots\" content=\"index, follow, max-snippet:-1, max-image-preview:large, max-video-preview:-1\" \/>\n<link rel=\"canonical\" href=\"https:\/\/buletin.de\/bucuresti\/g4-media-o-firma-controlata-de-ofiteri-sie-a-castigat-un-contract-urias-la-primaria-sectorului-4-toti-concurentii-au-fost-descalificati\/\" \/>\n<meta property=\"og:locale\" content=\"en_GB\" \/>\n<meta property=\"og:type\" content=\"article\" \/>\n<meta property=\"og:title\" content=\"G4 Media | O firm\u0103 controlat\u0103 de ofi\u021beri SIE a c\u00e2\u0219tigat un contract uria\u0219 la Prim\u0103ria Sectorului 4. Ceilal\u021bi concuren\u021bi au fost descalifica\u021bi\" \/>\n<meta property=\"og:description\" content=\"O firm\u0103 controlat\u0103 de ofi\u021beri SIE a semnat cele mai mari contracte atribuite de o institu\u021bie public\u0103 \u00een 2025, respectiv 112,5 milioane de lei.\" \/>\n<meta property=\"og:url\" content=\"https:\/\/buletin.de\/bucuresti\/g4-media-o-firma-controlata-de-ofiteri-sie-a-castigat-un-contract-urias-la-primaria-sectorului-4-toti-concurentii-au-fost-descalificati\/\" \/>\n<meta property=\"og:site_name\" content=\"Buletin de Bucure\u0219ti\" \/>\n<meta property=\"article:publisher\" content=\"https:\/\/www.facebook.com\/buletin.de.buc\" \/>\n<meta property=\"article:published_time\" content=\"2025-05-09T13:47:28+00:00\" \/>\n<meta property=\"article:modified_time\" content=\"2025-05-09T15:27:08+00:00\" \/>\n<meta property=\"og:image\" content=\"https:\/\/buletin.de\/bucuresti\/wp-content\/uploads\/2025\/05\/sectorul4.webp\" \/>\n\t<meta property=\"og:image:width\" content=\"1759\" \/>\n\t<meta property=\"og:image:height\" content=\"1200\" \/>\n\t<meta property=\"og:image:type\" content=\"image\/webp\" \/>\n<meta name=\"author\" content=\"Redac\u021bia Buletin de Bucure\u0219ti\" \/>\n<meta name=\"twitter:card\" content=\"summary_large_image\" \/>\n<meta name=\"twitter:label1\" content=\"Written by\" \/>\n\t<meta name=\"twitter:data1\" content=\"Redac\u021bia Buletin de Bucure\u0219ti\" \/>\n\t<meta name=\"twitter:label2\" content=\"Estimated reading time\" \/>\n\t<meta name=\"twitter:data2\" content=\"3 minutes\" \/>\n<script type=\"application\/ld+json\" class=\"yoast-schema-graph\">{\"@context\":\"https:\\\/\\\/schema.org\",\"@graph\":[{\"@type\":\"Article\",\"@id\":\"https:\\\/\\\/buletin.de\\\/bucuresti\\\/g4-media-o-firma-controlata-de-ofiteri-sie-a-castigat-un-contract-urias-la-primaria-sectorului-4-toti-concurentii-au-fost-descalificati\\\/#article\",\"isPartOf\":{\"@id\":\"https:\\\/\\\/buletin.de\\\/bucuresti\\\/g4-media-o-firma-controlata-de-ofiteri-sie-a-castigat-un-contract-urias-la-primaria-sectorului-4-toti-concurentii-au-fost-descalificati\\\/\"},\"author\":{\"name\":\"Redac\u021bia Buletin de Bucure\u0219ti\",\"@id\":\"https:\\\/\\\/buletin.de\\\/bucuresti\\\/#\\\/schema\\\/person\\\/2bbcf854e5f2419a13804af574d06ab1\"},\"headline\":\"G4 Media | O firm\u0103 controlat\u0103 de ofi\u021beri SIE a c\u00e2\u0219tigat un contract uria\u0219 la Prim\u0103ria Sectorului 4. Ceilal\u021bi concuren\u021bi au fost descalifica\u021bi\",\"datePublished\":\"2025-05-09T13:47:28+00:00\",\"dateModified\":\"2025-05-09T15:27:08+00:00\",\"mainEntityOfPage\":{\"@id\":\"https:\\\/\\\/buletin.de\\\/bucuresti\\\/g4-media-o-firma-controlata-de-ofiteri-sie-a-castigat-un-contract-urias-la-primaria-sectorului-4-toti-concurentii-au-fost-descalificati\\\/\"},\"wordCount\":647,\"publisher\":{\"@id\":\"https:\\\/\\\/buletin.de\\\/bucuresti\\\/#organization\"},\"image\":{\"@id\":\"https:\\\/\\\/buletin.de\\\/bucuresti\\\/g4-media-o-firma-controlata-de-ofiteri-sie-a-castigat-un-contract-urias-la-primaria-sectorului-4-toti-concurentii-au-fost-descalificati\\\/#primaryimage\"},\"thumbnailUrl\":\"https:\\\/\\\/buletin.de\\\/bucuresti\\\/wp-content\\\/uploads\\\/2025\\\/05\\\/sectorul4.webp\",\"keywords\":[\"contract\",\"daniel baluta\",\"Sector 4\",\"sie\"],\"articleSection\":[\"Articole\",\"Eveniment\",\"Prim\u0103rie\",\"\u0218tiri\"],\"inLanguage\":\"en-GB\",\"copyrightYear\":\"2025\",\"copyrightHolder\":{\"@id\":\"https:\\\/\\\/buletin.de\\\/bucuresti\\\/#organization\"}},{\"@type\":\"WebPage\",\"@id\":\"https:\\\/\\\/buletin.de\\\/bucuresti\\\/g4-media-o-firma-controlata-de-ofiteri-sie-a-castigat-un-contract-urias-la-primaria-sectorului-4-toti-concurentii-au-fost-descalificati\\\/\",\"url\":\"https:\\\/\\\/buletin.de\\\/bucuresti\\\/g4-media-o-firma-controlata-de-ofiteri-sie-a-castigat-un-contract-urias-la-primaria-sectorului-4-toti-concurentii-au-fost-descalificati\\\/\",\"name\":\"G4 Media | O firm\u0103 controlat\u0103 de ofi\u021beri SIE a c\u00e2\u0219tigat un contract uria\u0219 la Prim\u0103ria Sectorului 4. Ceilal\u021bi concuren\u021bi au fost descalifica\u021bi - Buletin de Bucure\u0219ti\",\"isPartOf\":{\"@id\":\"https:\\\/\\\/buletin.de\\\/bucuresti\\\/#website\"},\"primaryImageOfPage\":{\"@id\":\"https:\\\/\\\/buletin.de\\\/bucuresti\\\/g4-media-o-firma-controlata-de-ofiteri-sie-a-castigat-un-contract-urias-la-primaria-sectorului-4-toti-concurentii-au-fost-descalificati\\\/#primaryimage\"},\"image\":{\"@id\":\"https:\\\/\\\/buletin.de\\\/bucuresti\\\/g4-media-o-firma-controlata-de-ofiteri-sie-a-castigat-un-contract-urias-la-primaria-sectorului-4-toti-concurentii-au-fost-descalificati\\\/#primaryimage\"},\"thumbnailUrl\":\"https:\\\/\\\/buletin.de\\\/bucuresti\\\/wp-content\\\/uploads\\\/2025\\\/05\\\/sectorul4.webp\",\"datePublished\":\"2025-05-09T13:47:28+00:00\",\"dateModified\":\"2025-05-09T15:27:08+00:00\",\"description\":\"O firm\u0103 controlat\u0103 de ofi\u021beri SIE a semnat cele mai mari contracte atribuite de o institu\u021bie public\u0103 \u00een 2025, respectiv 112,5 milioane de lei.\",\"breadcrumb\":{\"@id\":\"https:\\\/\\\/buletin.de\\\/bucuresti\\\/g4-media-o-firma-controlata-de-ofiteri-sie-a-castigat-un-contract-urias-la-primaria-sectorului-4-toti-concurentii-au-fost-descalificati\\\/#breadcrumb\"},\"inLanguage\":\"en-GB\",\"potentialAction\":[{\"@type\":\"ReadAction\",\"target\":[\"https:\\\/\\\/buletin.de\\\/bucuresti\\\/g4-media-o-firma-controlata-de-ofiteri-sie-a-castigat-un-contract-urias-la-primaria-sectorului-4-toti-concurentii-au-fost-descalificati\\\/\"]}]},{\"@type\":\"ImageObject\",\"inLanguage\":\"en-GB\",\"@id\":\"https:\\\/\\\/buletin.de\\\/bucuresti\\\/g4-media-o-firma-controlata-de-ofiteri-sie-a-castigat-un-contract-urias-la-primaria-sectorului-4-toti-concurentii-au-fost-descalificati\\\/#primaryimage\",\"url\":\"https:\\\/\\\/buletin.de\\\/bucuresti\\\/wp-content\\\/uploads\\\/2025\\\/05\\\/sectorul4.webp\",\"contentUrl\":\"https:\\\/\\\/buletin.de\\\/bucuresti\\\/wp-content\\\/uploads\\\/2025\\\/05\\\/sectorul4.webp\",\"width\":1759,\"height\":1200,\"caption\":\"O firm\u0103 controlat\u0103 de ofi\u021beri SIE a c\u00e2\u0219tigat bani de la Sectorul 4\"},{\"@type\":\"BreadcrumbList\",\"@id\":\"https:\\\/\\\/buletin.de\\\/bucuresti\\\/g4-media-o-firma-controlata-de-ofiteri-sie-a-castigat-un-contract-urias-la-primaria-sectorului-4-toti-concurentii-au-fost-descalificati\\\/#breadcrumb\",\"itemListElement\":[{\"@type\":\"ListItem\",\"position\":1,\"name\":\"Acas\u0103\",\"item\":\"https:\\\/\\\/buletin.de\\\/bucuresti\\\/\"},{\"@type\":\"ListItem\",\"position\":2,\"name\":\"G4 Media | O firm\u0103 controlat\u0103 de ofi\u021beri SIE a c\u00e2\u0219tigat un contract uria\u0219 la Prim\u0103ria Sectorului 4. Ceilal\u021bi concuren\u021bi au fost descalifica\u021bi\"}]},{\"@type\":\"WebSite\",\"@id\":\"https:\\\/\\\/buletin.de\\\/bucuresti\\\/#website\",\"url\":\"https:\\\/\\\/buletin.de\\\/bucuresti\\\/\",\"name\":\"Buletin de Bucure\u0219ti\",\"description\":\"\u0218tiri \u0219i investiga\u021bii esen\u021biale din capital\u0103\",\"publisher\":{\"@id\":\"https:\\\/\\\/buletin.de\\\/bucuresti\\\/#organization\"},\"potentialAction\":[{\"@type\":\"SearchAction\",\"target\":{\"@type\":\"EntryPoint\",\"urlTemplate\":\"https:\\\/\\\/buletin.de\\\/bucuresti\\\/?s={search_term_string}\"},\"query-input\":{\"@type\":\"PropertyValueSpecification\",\"valueRequired\":true,\"valueName\":\"search_term_string\"}}],\"inLanguage\":\"en-GB\"},{\"@type\":\"Organization\",\"@id\":\"https:\\\/\\\/buletin.de\\\/bucuresti\\\/#organization\",\"name\":\"Buletin de Bucure\u0219ti\",\"url\":\"https:\\\/\\\/buletin.de\\\/bucuresti\\\/\",\"logo\":{\"@type\":\"ImageObject\",\"inLanguage\":\"en-GB\",\"@id\":\"https:\\\/\\\/buletin.de\\\/bucuresti\\\/#\\\/schema\\\/logo\\\/image\\\/\",\"url\":\"https:\\\/\\\/buletin.de\\\/bucuresti\\\/wp-content\\\/uploads\\\/logo-bdb-full-wide-vernil-transparent.png\",\"contentUrl\":\"https:\\\/\\\/buletin.de\\\/bucuresti\\\/wp-content\\\/uploads\\\/logo-bdb-full-wide-vernil-transparent.png\",\"width\":1782,\"height\":626,\"caption\":\"Buletin de Bucure\u0219ti\"},\"image\":{\"@id\":\"https:\\\/\\\/buletin.de\\\/bucuresti\\\/#\\\/schema\\\/logo\\\/image\\\/\"},\"sameAs\":[\"https:\\\/\\\/www.facebook.com\\\/buletin.de.buc\",\"https:\\\/\\\/www.instagram.com\\\/buletinde.bucuresti\\\/\"]},{\"@type\":\"Person\",\"@id\":\"https:\\\/\\\/buletin.de\\\/bucuresti\\\/#\\\/schema\\\/person\\\/2bbcf854e5f2419a13804af574d06ab1\",\"name\":\"Redac\u021bia Buletin de Bucure\u0219ti\",\"image\":{\"@type\":\"ImageObject\",\"inLanguage\":\"en-GB\",\"@id\":\"https:\\\/\\\/secure.gravatar.com\\\/avatar\\\/18c5342381ed1a08620e6280424e3e5efc958618f5d67c522c9e44c1bc6f9226?s=96&d=monsterid&r=g60c7cd0ad92c68c049fcd4bb3504d609\",\"url\":\"https:\\\/\\\/secure.gravatar.com\\\/avatar\\\/18c5342381ed1a08620e6280424e3e5efc958618f5d67c522c9e44c1bc6f9226?s=96&d=monsterid&r=g\",\"contentUrl\":\"https:\\\/\\\/secure.gravatar.com\\\/avatar\\\/18c5342381ed1a08620e6280424e3e5efc958618f5d67c522c9e44c1bc6f9226?s=96&d=monsterid&r=g\",\"caption\":\"Redac\u021bia Buletin de Bucure\u0219ti\"},\"description\":\"Buletin de Bucure\u0219ti exist\u0103 din vara anului 2019.\",\"url\":\"https:\\\/\\\/buletin.de\\\/bucuresti\\\/author\\\/adminbuletin\\\/\"}]}<\/script>\n<!-- \/ Yoast SEO Premium plugin. -->","yoast_head_json":{"title":"G4 Media | O firm\u0103 controlat\u0103 de ofi\u021beri SIE a c\u00e2\u0219tigat un contract uria\u0219 la Prim\u0103ria Sectorului 4. Ceilal\u021bi concuren\u021bi au fost descalifica\u021bi - Buletin de Bucure\u0219ti","description":"O firm\u0103 controlat\u0103 de ofi\u021beri SIE a semnat cele mai mari contracte atribuite de o institu\u021bie public\u0103 \u00een 2025, respectiv 112,5 milioane de lei.","robots":{"index":"index","follow":"follow","max-snippet":"max-snippet:-1","max-image-preview":"max-image-preview:large","max-video-preview":"max-video-preview:-1"},"canonical":"https:\/\/buletin.de\/bucuresti\/g4-media-o-firma-controlata-de-ofiteri-sie-a-castigat-un-contract-urias-la-primaria-sectorului-4-toti-concurentii-au-fost-descalificati\/","og_locale":"en_GB","og_type":"article","og_title":"G4 Media | O firm\u0103 controlat\u0103 de ofi\u021beri SIE a c\u00e2\u0219tigat un contract uria\u0219 la Prim\u0103ria Sectorului 4. Ceilal\u021bi concuren\u021bi au fost descalifica\u021bi","og_description":"O firm\u0103 controlat\u0103 de ofi\u021beri SIE a semnat cele mai mari contracte atribuite de o institu\u021bie public\u0103 \u00een 2025, respectiv 112,5 milioane de lei.","og_url":"https:\/\/buletin.de\/bucuresti\/g4-media-o-firma-controlata-de-ofiteri-sie-a-castigat-un-contract-urias-la-primaria-sectorului-4-toti-concurentii-au-fost-descalificati\/","og_site_name":"Buletin de Bucure\u0219ti","article_publisher":"https:\/\/www.facebook.com\/buletin.de.buc","article_published_time":"2025-05-09T13:47:28+00:00","article_modified_time":"2025-05-09T15:27:08+00:00","og_image":[{"width":1759,"height":1200,"url":"https:\/\/buletin.de\/bucuresti\/wp-content\/uploads\/2025\/05\/sectorul4.webp","type":"image\/webp"}],"author":"Redac\u021bia Buletin de Bucure\u0219ti","twitter_card":"summary_large_image","twitter_misc":{"Written by":"Redac\u021bia Buletin de Bucure\u0219ti","Estimated reading time":"3 minutes"},"schema":{"@context":"https:\/\/schema.org","@graph":[{"@type":"Article","@id":"https:\/\/buletin.de\/bucuresti\/g4-media-o-firma-controlata-de-ofiteri-sie-a-castigat-un-contract-urias-la-primaria-sectorului-4-toti-concurentii-au-fost-descalificati\/#article","isPartOf":{"@id":"https:\/\/buletin.de\/bucuresti\/g4-media-o-firma-controlata-de-ofiteri-sie-a-castigat-un-contract-urias-la-primaria-sectorului-4-toti-concurentii-au-fost-descalificati\/"},"author":{"name":"Redac\u021bia Buletin de Bucure\u0219ti","@id":"https:\/\/buletin.de\/bucuresti\/#\/schema\/person\/2bbcf854e5f2419a13804af574d06ab1"},"headline":"G4 Media | O firm\u0103 controlat\u0103 de ofi\u021beri SIE a c\u00e2\u0219tigat un contract uria\u0219 la Prim\u0103ria Sectorului 4. Ceilal\u021bi concuren\u021bi au fost descalifica\u021bi","datePublished":"2025-05-09T13:47:28+00:00","dateModified":"2025-05-09T15:27:08+00:00","mainEntityOfPage":{"@id":"https:\/\/buletin.de\/bucuresti\/g4-media-o-firma-controlata-de-ofiteri-sie-a-castigat-un-contract-urias-la-primaria-sectorului-4-toti-concurentii-au-fost-descalificati\/"},"wordCount":647,"publisher":{"@id":"https:\/\/buletin.de\/bucuresti\/#organization"},"image":{"@id":"https:\/\/buletin.de\/bucuresti\/g4-media-o-firma-controlata-de-ofiteri-sie-a-castigat-un-contract-urias-la-primaria-sectorului-4-toti-concurentii-au-fost-descalificati\/#primaryimage"},"thumbnailUrl":"https:\/\/buletin.de\/bucuresti\/wp-content\/uploads\/2025\/05\/sectorul4.webp","keywords":["contract","daniel baluta","Sector 4","sie"],"articleSection":["Articole","Eveniment","Prim\u0103rie","\u0218tiri"],"inLanguage":"en-GB","copyrightYear":"2025","copyrightHolder":{"@id":"https:\/\/buletin.de\/bucuresti\/#organization"}},{"@type":"WebPage","@id":"https:\/\/buletin.de\/bucuresti\/g4-media-o-firma-controlata-de-ofiteri-sie-a-castigat-un-contract-urias-la-primaria-sectorului-4-toti-concurentii-au-fost-descalificati\/","url":"https:\/\/buletin.de\/bucuresti\/g4-media-o-firma-controlata-de-ofiteri-sie-a-castigat-un-contract-urias-la-primaria-sectorului-4-toti-concurentii-au-fost-descalificati\/","name":"G4 Media | O firm\u0103 controlat\u0103 de ofi\u021beri SIE a c\u00e2\u0219tigat un contract uria\u0219 la Prim\u0103ria Sectorului 4. Ceilal\u021bi concuren\u021bi au fost descalifica\u021bi - Buletin de Bucure\u0219ti","isPartOf":{"@id":"https:\/\/buletin.de\/bucuresti\/#website"},"primaryImageOfPage":{"@id":"https:\/\/buletin.de\/bucuresti\/g4-media-o-firma-controlata-de-ofiteri-sie-a-castigat-un-contract-urias-la-primaria-sectorului-4-toti-concurentii-au-fost-descalificati\/#primaryimage"},"image":{"@id":"https:\/\/buletin.de\/bucuresti\/g4-media-o-firma-controlata-de-ofiteri-sie-a-castigat-un-contract-urias-la-primaria-sectorului-4-toti-concurentii-au-fost-descalificati\/#primaryimage"},"thumbnailUrl":"https:\/\/buletin.de\/bucuresti\/wp-content\/uploads\/2025\/05\/sectorul4.webp","datePublished":"2025-05-09T13:47:28+00:00","dateModified":"2025-05-09T15:27:08+00:00","description":"O firm\u0103 controlat\u0103 de ofi\u021beri SIE a semnat cele mai mari contracte atribuite de o institu\u021bie public\u0103 \u00een 2025, respectiv 112,5 milioane de lei.","breadcrumb":{"@id":"https:\/\/buletin.de\/bucuresti\/g4-media-o-firma-controlata-de-ofiteri-sie-a-castigat-un-contract-urias-la-primaria-sectorului-4-toti-concurentii-au-fost-descalificati\/#breadcrumb"},"inLanguage":"en-GB","potentialAction":[{"@type":"ReadAction","target":["https:\/\/buletin.de\/bucuresti\/g4-media-o-firma-controlata-de-ofiteri-sie-a-castigat-un-contract-urias-la-primaria-sectorului-4-toti-concurentii-au-fost-descalificati\/"]}]},{"@type":"ImageObject","inLanguage":"en-GB","@id":"https:\/\/buletin.de\/bucuresti\/g4-media-o-firma-controlata-de-ofiteri-sie-a-castigat-un-contract-urias-la-primaria-sectorului-4-toti-concurentii-au-fost-descalificati\/#primaryimage","url":"https:\/\/buletin.de\/bucuresti\/wp-content\/uploads\/2025\/05\/sectorul4.webp","contentUrl":"https:\/\/buletin.de\/bucuresti\/wp-content\/uploads\/2025\/05\/sectorul4.webp","width":1759,"height":1200,"caption":"O firm\u0103 controlat\u0103 de ofi\u021beri SIE a c\u00e2\u0219tigat bani de la Sectorul 4"},{"@type":"BreadcrumbList","@id":"https:\/\/buletin.de\/bucuresti\/g4-media-o-firma-controlata-de-ofiteri-sie-a-castigat-un-contract-urias-la-primaria-sectorului-4-toti-concurentii-au-fost-descalificati\/#breadcrumb","itemListElement":[{"@type":"ListItem","position":1,"name":"Acas\u0103","item":"https:\/\/buletin.de\/bucuresti\/"},{"@type":"ListItem","position":2,"name":"G4 Media | O firm\u0103 controlat\u0103 de ofi\u021beri SIE a c\u00e2\u0219tigat un contract uria\u0219 la Prim\u0103ria Sectorului 4. Ceilal\u021bi concuren\u021bi au fost descalifica\u021bi"}]},{"@type":"WebSite","@id":"https:\/\/buletin.de\/bucuresti\/#website","url":"https:\/\/buletin.de\/bucuresti\/","name":"Buletin de Bucure\u0219ti","description":"\u0218tiri \u0219i investiga\u021bii esen\u021biale din capital\u0103","publisher":{"@id":"https:\/\/buletin.de\/bucuresti\/#organization"},"potentialAction":[{"@type":"SearchAction","target":{"@type":"EntryPoint","urlTemplate":"https:\/\/buletin.de\/bucuresti\/?s={search_term_string}"},"query-input":{"@type":"PropertyValueSpecification","valueRequired":true,"valueName":"search_term_string"}}],"inLanguage":"en-GB"},{"@type":"Organization","@id":"https:\/\/buletin.de\/bucuresti\/#organization","name":"Buletin de Bucure\u0219ti","url":"https:\/\/buletin.de\/bucuresti\/","logo":{"@type":"ImageObject","inLanguage":"en-GB","@id":"https:\/\/buletin.de\/bucuresti\/#\/schema\/logo\/image\/","url":"https:\/\/buletin.de\/bucuresti\/wp-content\/uploads\/logo-bdb-full-wide-vernil-transparent.png","contentUrl":"https:\/\/buletin.de\/bucuresti\/wp-content\/uploads\/logo-bdb-full-wide-vernil-transparent.png","width":1782,"height":626,"caption":"Buletin de Bucure\u0219ti"},"image":{"@id":"https:\/\/buletin.de\/bucuresti\/#\/schema\/logo\/image\/"},"sameAs":["https:\/\/www.facebook.com\/buletin.de.buc","https:\/\/www.instagram.com\/buletinde.bucuresti\/"]},{"@type":"Person","@id":"https:\/\/buletin.de\/bucuresti\/#\/schema\/person\/2bbcf854e5f2419a13804af574d06ab1","name":"Redac\u021bia Buletin de Bucure\u0219ti","image":{"@type":"ImageObject","inLanguage":"en-GB","@id":"https:\/\/secure.gravatar.com\/avatar\/18c5342381ed1a08620e6280424e3e5efc958618f5d67c522c9e44c1bc6f9226?s=96&d=monsterid&r=g60c7cd0ad92c68c049fcd4bb3504d609","url":"https:\/\/secure.gravatar.com\/avatar\/18c5342381ed1a08620e6280424e3e5efc958618f5d67c522c9e44c1bc6f9226?s=96&d=monsterid&r=g","contentUrl":"https:\/\/secure.gravatar.com\/avatar\/18c5342381ed1a08620e6280424e3e5efc958618f5d67c522c9e44c1bc6f9226?s=96&d=monsterid&r=g","caption":"Redac\u021bia Buletin de Bucure\u0219ti"},"description":"Buletin de Bucure\u0219ti exist\u0103 din vara anului 2019.","url":"https:\/\/buletin.de\/bucuresti\/author\/adminbuletin\/"}]}},"authors":[{"term_id":22583,"user_id":1,"is_guest":0,"slug":"adminbuletin","display_name":"Redac\u021bia Buletin de Bucure\u0219ti","avatar_url":"https:\/\/secure.gravatar.com\/avatar\/18c5342381ed1a08620e6280424e3e5efc958618f5d67c522c9e44c1bc6f9226?s=96&d=monsterid&r=g","0":null,"1":"","2":"","3":"","4":"","5":"","6":"","7":"","8":""}],"_links":{"self":[{"href":"https:\/\/buletin.de\/bucuresti\/wp-json\/wp\/v2\/posts\/129597","targetHints":{"allow":["GET"]}}],"collection":[{"href":"https:\/\/buletin.de\/bucuresti\/wp-json\/wp\/v2\/posts"}],"about":[{"href":"https:\/\/buletin.de\/bucuresti\/wp-json\/wp\/v2\/types\/post"}],"author":[{"embeddable":true,"href":"https:\/\/buletin.de\/bucuresti\/wp-json\/wp\/v2\/users\/1"}],"replies":[{"embeddable":true,"href":"https:\/\/buletin.de\/bucuresti\/wp-json\/wp\/v2\/comments?post=129597"}],"version-history":[{"count":2,"href":"https:\/\/buletin.de\/bucuresti\/wp-json\/wp\/v2\/posts\/129597\/revisions"}],"predecessor-version":[{"id":129601,"href":"https:\/\/buletin.de\/bucuresti\/wp-json\/wp\/v2\/posts\/129597\/revisions\/129601"}],"wp:featuredmedia":[{"embeddable":true,"href":"https:\/\/buletin.de\/bucuresti\/wp-json\/wp\/v2\/media\/129598"}],"wp:attachment":[{"href":"https:\/\/buletin.de\/bucuresti\/wp-json\/wp\/v2\/media?parent=129597"}],"wp:term":[{"taxonomy":"category","embeddable":true,"href":"https:\/\/buletin.de\/bucuresti\/wp-json\/wp\/v2\/categories?post=129597"},{"taxonomy":"post_tag","embeddable":true,"href":"https:\/\/buletin.de\/bucuresti\/wp-json\/wp\/v2\/tags?post=129597"},{"taxonomy":"author","embeddable":true,"href":"https:\/\/buletin.de\/bucuresti\/wp-json\/wp\/v2\/ppma_author?post=129597"}],"curies":[{"name":"wp","href":"https:\/\/api.w.org\/{rel}","templated":true}]}}