{"id":129319,"date":"2025-05-08T05:54:00","date_gmt":"2025-05-08T02:54:00","guid":{"rendered":"https:\/\/buletin.de\/bucuresti\/?p=129319"},"modified":"2025-05-08T04:27:20","modified_gmt":"2025-05-08T01:27:20","slug":"sectorul-6-ciprian-ciucu-enervat-ca-se-fura-florile-pe-care-le-planteaza-primaria-nu-furati-si-nu-va-bateti-joc","status":"publish","type":"post","link":"https:\/\/buletin.de\/bucuresti\/sectorul-6-ciprian-ciucu-enervat-ca-se-fura-florile-pe-care-le-planteaza-primaria-nu-furati-si-nu-va-bateti-joc\/","title":{"rendered":"Sectorul 6 | Ciprian Ciucu, enervat c\u0103 dispar florile pe care le planteaz\u0103 Prim\u0103ria. \u201eNu fura\u021bi \u0219i nu v\u0103 bate\u021bi joc\u201d"},"content":{"rendered":"\n<p><strong>Primarul Sectorului 6, Ciprian Ciucu, \u0219i-a exprimat nemul\u021bumirea legat\u0103 de faptul c\u0103 bucure\u0219tenii fur\u0103 florile pe care Prim\u0103ria le planteaz\u0103 periodic. \u201eNu fura\u021bi \u0219i nu v\u0103 bate\u021bi joc, nu le mai c\u0103lca\u021bi in picioare\u201d este apelul disperat al edilului.<\/strong><\/p>\n\n\n\n<h2 class=\"wp-block-heading\" id=\"h-se-fura-florile-cu-sutele\">\u201eSe fur\u0103 florile cu sutele\u201d<\/h2>\n\n\n\n<p><strong>Primarul Ciprian Ciucu<a href=\"https:\/\/www.facebook.com\/share\/168gG96YLR\/\" target=\"_blank\" rel=\"noreferrer noopener\"> a relatat<\/a> o discu\u021bie pe care a avut-o pe grupul de management al ADPDU Sector 6.<\/strong><\/p>\n\n\n\n<p>\u201eEu trimit fotografia 1, cu urm\u0103torul mesaj: \u00abCam ur\u00e2t, cam ru\u0219inos. Nu putem asigura mentenan\u021ba investi\u021biilor?\u00bb<\/p>\n\n\n\n<p>\u0218eful ADPDU r\u0103spunde cu fotografiile 2, 3, 4, 5, 6, 7: \u00abAjungem \u0219i acolo, dar se fur\u0103 non-stop, sunt calcate \u00een picioare \u0219i de oameni, \u0219i de c\u00e2ini. Este a treia oar\u0103 c\u00e2nd schimb\u0103m pe garan\u021bie.\u00bb<\/p>\n\n\n\n<p>Apoi revine cu foto 7, 8, 9 10 \u0219i spune: \u00abDac\u0103 nu g\u0103sim o solu\u021bie cu c\u00e2inii \u0219i cu furatul, toat\u0103 munca e degeaba.\u00bb<\/p>\n\n\n\n<p>Viceprimarul \u00eentreab\u0103: \u00abSe fur\u0103 plante?\u00bb<\/p>\n\n\n\n<p>\u0218eful ADPDU: \u00abDa, cu sutele.\u00bb<\/p>\n\n\n\n<p>Altcineva: \u00abCe mama dracului fac cu ele, le v\u00e2nd?\u00bb&#8221;, relateaz\u0103 Ciprian Ciucu una dintre discu\u021bii. <\/p>\n\n\n\n<iframe src=\"https:\/\/www.facebook.com\/plugins\/post.php?href=https%3A%2F%2Fwww.facebook.com%2Fciprian.ciucu%2Fposts%2Fpfbid0MvLVHogNso2yQjH8n942pMCMAEmkWxT8sdckj83ZjH7DFhXp2BQjwBXgMsfy1ZBEl&#038;show_text=true&#038;width=500\" width=\"500\" height=\"626\" style=\"border:none;overflow:hidden\" scrolling=\"no\" frameborder=\"0\" allowfullscreen=\"true\" allow=\"autoplay; clipboard-write; encrypted-media; picture-in-picture; web-share\"><\/iframe>\n\n\n\n<div class=\"wp-block-buttons is-content-justification-center is-layout-flex wp-container-core-buttons-is-layout-16018d1d wp-block-buttons-is-layout-flex\">\n<div class=\"wp-block-button has-custom-width wp-block-button__width-100\"><a class=\"wp-block-button__link wp-element-button\" href=\"https:\/\/www.patreon.com\/BuletinDeBucuresti\"><strong>Sus\u021bine Buletin de Bucure\u0219ti pentru investiga\u021bii, reportaje \u0219i \u0219tiri Locale<\/strong><\/a><\/div>\n<\/div>\n\n\n\n<p><strong>CITE\u0218TE \u0218I: <a href=\"https:\/\/buletin.de\/bucuresti\/influencerul-makaveli-consilierul-controversat-al-dianei-sosoaca-sustine-ca-va-candida-la-primaria-capitalei\/\" target=\"_blank\" rel=\"noreferrer noopener\">Influencerul Makaveli, consilierul controversat al Dianei \u0218o\u0219oac\u0103, sus\u021bine c\u0103 va candida la Prim\u0103ria Capitalei<\/a><\/strong><\/p>\n\n\n\n<h2 class=\"wp-block-heading\" id=\"h-o-femeie-a-fost-prinsa-in-flagrant\">O femeie a fost prins\u0103 \u00een flagrant<\/h2>\n\n\n\n<p><strong>Ciprian Ciucu relateaz\u0103 despre un episod \u00een care o femeie a fost prins\u0103 \u00een flagrant \u00een timp de fur\u0103 florile dintr-un scuar din Sectorul 6.<\/strong><\/p>\n\n\n\n<p>\u201e\u0218eful ADPDU \u00eemi trimite foto cu locuri \u00een care s-au furat plante. \u0218i mai trimite foto 11, cu o doamn\u0103, \u0219i adaug\u0103: \u00abDe exemplu, doamna din poz\u0103 a fost prins\u0103 de Poli\u021bia Local\u0103\u00bb.<\/p>\n\n\n\n<p><strong>Dragilor, noi muncim. De voi depinde s\u0103 p\u0103stra\u021bi. La un moment dat, nu vom mai arunca banii dac\u0103 nu \u00eentre\u021bine\u021bi. Nu fura\u021bi \u0219i nu v\u0103 bate\u021bi joc, nu le mai c\u0103lca\u021bi in picioare<\/strong>\u201d, a comunicat primarul Sectorului6.<\/p>\n\n\n\n<p>Ciprian Ciucu a avut un mesaj \u0219i pentru proprietarii de c\u00e2ini: \u201enu-l l\u0103sa\u021bi s\u0103 urineze pe plantele ornamentale. Urina este acid\u0103 \u0219i dac\u0103 zeci de c\u0103\u021bei urineaz\u0103 zilnic pe ele, le omoar\u0103;<\/p>\n\n\n\n<p>&#8211; c\u0103\u021beii rac\u00e2ie prin plante \u0219i iarba. Ideea este s\u0103 nu-i l\u0103sa\u021bi s\u0103 rac\u00e2ie. Suntem un sector cu locuire dens\u0103, cu mul\u021bi posesori de c\u0103\u021bei. Efectul cumulat al lor distruge amenaj\u0103rile\u201d, este apelul primarului Sectorului 6.<\/p>\n\n\n\n<p><strong>CITE\u0218TE \u0218I:<a href=\"https:\/\/buletin.de\/bucuresti\/nicusor-dan-spune-ca-nu-va-sustine-niciun-candidat-la-primaria-capitalei-daca-locul-de-primar-general-ramane-vacant\/\">\u00a0Nicu\u0219or Dan spune c\u0103 nu va sus\u021bine niciun candidat la Prim\u0103ria Capitalei, dac\u0103 locul de primar general r\u0103m\u00e2ne vacant<\/a><\/strong><br><\/p>\n","protected":false},"excerpt":{"rendered":"<p>Primarul Sectorului 6, Ciprian Ciucu, \u0219i-a exprimat nemul\u021bumirea legat\u0103 de faptul c\u0103 bucure\u0219tenii fur\u0103 florile pe care Prim\u0103ria le planteaz\u0103 periodic. \u201eNu fura\u021bi \u0219i nu v\u0103 bate\u021bi joc, nu le mai c\u0103lca\u021bi in picioare\u201d este apelul disperat al edilului. \u201eSe fur\u0103 florile cu sutele\u201d Primarul Ciprian Ciucu a relatat o discu\u021bie pe care a avut-o [&hellip;]<\/p>\n","protected":false},"author":1,"featured_media":129320,"comment_status":"closed","ping_status":"open","sticky":false,"template":"","format":"standard","meta":{"_acf_changed":false,"inline_featured_image":false,"ngg_post_thumbnail":0,"footnotes":""},"categories":[6994,5762,24],"tags":[2089,12146,225,523],"ppma_author":[22583],"class_list":["post-129319","post","type-post","status-publish","format-standard","has-post-thumbnail","hentry","category-stiri-2","category-main","category-primarie","tag-ciprian-ciucu","tag-flori","tag-primar","tag-sector-6"],"acf":[],"yoast_head":"<!-- This site is optimized with the Yoast SEO Premium plugin v25.3 (Yoast SEO v27.4) - https:\/\/yoast.com\/product\/yoast-seo-premium-wordpress\/ -->\n<title>Sectorul 6 | Ciprian Ciucu, enervat c\u0103 dispar florile pe care le planteaz\u0103 Prim\u0103ria. \u201eNu fura\u021bi \u0219i nu v\u0103 bate\u021bi joc\u201d - Buletin de Bucure\u0219ti<\/title>\n<meta name=\"description\" content=\"Primarul Sectorului 6, Ciprian Ciucu, \u0219i-a exprimat nemul\u021bumirea legat\u0103 de faptul c\u0103 bucure\u0219tenii fur\u0103 florile pe care Prim\u0103ria le planteaz\u0103.\" \/>\n<meta name=\"robots\" content=\"index, follow, max-snippet:-1, max-image-preview:large, max-video-preview:-1\" \/>\n<link rel=\"canonical\" href=\"https:\/\/buletin.de\/bucuresti\/sectorul-6-ciprian-ciucu-enervat-ca-se-fura-florile-pe-care-le-planteaza-primaria-nu-furati-si-nu-va-bateti-joc\/\" \/>\n<meta property=\"og:locale\" content=\"en_GB\" \/>\n<meta property=\"og:type\" content=\"article\" \/>\n<meta property=\"og:title\" content=\"Sectorul 6 | Ciprian Ciucu, enervat c\u0103 dispar florile pe care le planteaz\u0103 Prim\u0103ria. \u201eNu fura\u021bi \u0219i nu v\u0103 bate\u021bi joc\u201d\" \/>\n<meta property=\"og:description\" content=\"Primarul Sectorului 6, Ciprian Ciucu, \u0219i-a exprimat nemul\u021bumirea legat\u0103 de faptul c\u0103 bucure\u0219tenii fur\u0103 florile pe care Prim\u0103ria le planteaz\u0103.\" \/>\n<meta property=\"og:url\" content=\"https:\/\/buletin.de\/bucuresti\/sectorul-6-ciprian-ciucu-enervat-ca-se-fura-florile-pe-care-le-planteaza-primaria-nu-furati-si-nu-va-bateti-joc\/\" \/>\n<meta property=\"og:site_name\" content=\"Buletin de Bucure\u0219ti\" \/>\n<meta property=\"article:publisher\" content=\"https:\/\/www.facebook.com\/buletin.de.buc\" \/>\n<meta property=\"article:published_time\" content=\"2025-05-08T02:54:00+00:00\" \/>\n<meta property=\"og:image\" content=\"https:\/\/buletin.de\/bucuresti\/wp-content\/uploads\/2025\/05\/florifurate.jpg\" \/>\n\t<meta property=\"og:image:width\" content=\"1600\" \/>\n\t<meta property=\"og:image:height\" content=\"900\" \/>\n\t<meta property=\"og:image:type\" content=\"image\/jpeg\" \/>\n<meta name=\"author\" content=\"Redac\u021bia Buletin de Bucure\u0219ti\" \/>\n<meta name=\"twitter:card\" content=\"summary_large_image\" \/>\n<meta name=\"twitter:label1\" content=\"Written by\" \/>\n\t<meta name=\"twitter:data1\" content=\"Redac\u021bia Buletin de Bucure\u0219ti\" \/>\n\t<meta name=\"twitter:label2\" content=\"Estimated reading time\" \/>\n\t<meta name=\"twitter:data2\" content=\"2 minutes\" \/>\n<script type=\"application\/ld+json\" class=\"yoast-schema-graph\">{\"@context\":\"https:\\\/\\\/schema.org\",\"@graph\":[{\"@type\":\"Article\",\"@id\":\"https:\\\/\\\/buletin.de\\\/bucuresti\\\/sectorul-6-ciprian-ciucu-enervat-ca-se-fura-florile-pe-care-le-planteaza-primaria-nu-furati-si-nu-va-bateti-joc\\\/#article\",\"isPartOf\":{\"@id\":\"https:\\\/\\\/buletin.de\\\/bucuresti\\\/sectorul-6-ciprian-ciucu-enervat-ca-se-fura-florile-pe-care-le-planteaza-primaria-nu-furati-si-nu-va-bateti-joc\\\/\"},\"author\":{\"name\":\"Redac\u021bia Buletin de Bucure\u0219ti\",\"@id\":\"https:\\\/\\\/buletin.de\\\/bucuresti\\\/#\\\/schema\\\/person\\\/2bbcf854e5f2419a13804af574d06ab1\"},\"headline\":\"Sectorul 6 | Ciprian Ciucu, enervat c\u0103 dispar florile pe care le planteaz\u0103 Prim\u0103ria. \u201eNu fura\u021bi \u0219i nu v\u0103 bate\u021bi joc\u201d\",\"datePublished\":\"2025-05-08T02:54:00+00:00\",\"mainEntityOfPage\":{\"@id\":\"https:\\\/\\\/buletin.de\\\/bucuresti\\\/sectorul-6-ciprian-ciucu-enervat-ca-se-fura-florile-pe-care-le-planteaza-primaria-nu-furati-si-nu-va-bateti-joc\\\/\"},\"wordCount\":444,\"publisher\":{\"@id\":\"https:\\\/\\\/buletin.de\\\/bucuresti\\\/#organization\"},\"image\":{\"@id\":\"https:\\\/\\\/buletin.de\\\/bucuresti\\\/sectorul-6-ciprian-ciucu-enervat-ca-se-fura-florile-pe-care-le-planteaza-primaria-nu-furati-si-nu-va-bateti-joc\\\/#primaryimage\"},\"thumbnailUrl\":\"https:\\\/\\\/buletin.de\\\/bucuresti\\\/wp-content\\\/uploads\\\/2025\\\/05\\\/florifurate.jpg\",\"keywords\":[\"ciprian ciucu\",\"flori\",\"primar\",\"Sector 6\"],\"articleSection\":[\"Articole\",\"Main\",\"Prim\u0103rie\"],\"inLanguage\":\"en-GB\",\"copyrightYear\":\"2025\",\"copyrightHolder\":{\"@id\":\"https:\\\/\\\/buletin.de\\\/bucuresti\\\/#organization\"}},{\"@type\":\"WebPage\",\"@id\":\"https:\\\/\\\/buletin.de\\\/bucuresti\\\/sectorul-6-ciprian-ciucu-enervat-ca-se-fura-florile-pe-care-le-planteaza-primaria-nu-furati-si-nu-va-bateti-joc\\\/\",\"url\":\"https:\\\/\\\/buletin.de\\\/bucuresti\\\/sectorul-6-ciprian-ciucu-enervat-ca-se-fura-florile-pe-care-le-planteaza-primaria-nu-furati-si-nu-va-bateti-joc\\\/\",\"name\":\"Sectorul 6 | Ciprian Ciucu, enervat c\u0103 dispar florile pe care le planteaz\u0103 Prim\u0103ria. \u201eNu fura\u021bi \u0219i nu v\u0103 bate\u021bi joc\u201d - Buletin de Bucure\u0219ti\",\"isPartOf\":{\"@id\":\"https:\\\/\\\/buletin.de\\\/bucuresti\\\/#website\"},\"primaryImageOfPage\":{\"@id\":\"https:\\\/\\\/buletin.de\\\/bucuresti\\\/sectorul-6-ciprian-ciucu-enervat-ca-se-fura-florile-pe-care-le-planteaza-primaria-nu-furati-si-nu-va-bateti-joc\\\/#primaryimage\"},\"image\":{\"@id\":\"https:\\\/\\\/buletin.de\\\/bucuresti\\\/sectorul-6-ciprian-ciucu-enervat-ca-se-fura-florile-pe-care-le-planteaza-primaria-nu-furati-si-nu-va-bateti-joc\\\/#primaryimage\"},\"thumbnailUrl\":\"https:\\\/\\\/buletin.de\\\/bucuresti\\\/wp-content\\\/uploads\\\/2025\\\/05\\\/florifurate.jpg\",\"datePublished\":\"2025-05-08T02:54:00+00:00\",\"description\":\"Primarul Sectorului 6, Ciprian Ciucu, \u0219i-a exprimat nemul\u021bumirea legat\u0103 de faptul c\u0103 bucure\u0219tenii fur\u0103 florile pe care Prim\u0103ria le planteaz\u0103.\",\"breadcrumb\":{\"@id\":\"https:\\\/\\\/buletin.de\\\/bucuresti\\\/sectorul-6-ciprian-ciucu-enervat-ca-se-fura-florile-pe-care-le-planteaza-primaria-nu-furati-si-nu-va-bateti-joc\\\/#breadcrumb\"},\"inLanguage\":\"en-GB\",\"potentialAction\":[{\"@type\":\"ReadAction\",\"target\":[\"https:\\\/\\\/buletin.de\\\/bucuresti\\\/sectorul-6-ciprian-ciucu-enervat-ca-se-fura-florile-pe-care-le-planteaza-primaria-nu-furati-si-nu-va-bateti-joc\\\/\"]}]},{\"@type\":\"ImageObject\",\"inLanguage\":\"en-GB\",\"@id\":\"https:\\\/\\\/buletin.de\\\/bucuresti\\\/sectorul-6-ciprian-ciucu-enervat-ca-se-fura-florile-pe-care-le-planteaza-primaria-nu-furati-si-nu-va-bateti-joc\\\/#primaryimage\",\"url\":\"https:\\\/\\\/buletin.de\\\/bucuresti\\\/wp-content\\\/uploads\\\/2025\\\/05\\\/florifurate.jpg\",\"contentUrl\":\"https:\\\/\\\/buletin.de\\\/bucuresti\\\/wp-content\\\/uploads\\\/2025\\\/05\\\/florifurate.jpg\",\"width\":1600,\"height\":900,\"caption\":\"Se fur\u0103 florile din Sectorul 6. Foto PS 6\"},{\"@type\":\"BreadcrumbList\",\"@id\":\"https:\\\/\\\/buletin.de\\\/bucuresti\\\/sectorul-6-ciprian-ciucu-enervat-ca-se-fura-florile-pe-care-le-planteaza-primaria-nu-furati-si-nu-va-bateti-joc\\\/#breadcrumb\",\"itemListElement\":[{\"@type\":\"ListItem\",\"position\":1,\"name\":\"Acas\u0103\",\"item\":\"https:\\\/\\\/buletin.de\\\/bucuresti\\\/\"},{\"@type\":\"ListItem\",\"position\":2,\"name\":\"Sectorul 6 | Ciprian Ciucu, enervat c\u0103 dispar florile pe care le planteaz\u0103 Prim\u0103ria. \u201eNu fura\u021bi \u0219i nu v\u0103 bate\u021bi joc\u201d\"}]},{\"@type\":\"WebSite\",\"@id\":\"https:\\\/\\\/buletin.de\\\/bucuresti\\\/#website\",\"url\":\"https:\\\/\\\/buletin.de\\\/bucuresti\\\/\",\"name\":\"Buletin de Bucure\u0219ti\",\"description\":\"\u0218tiri \u0219i investiga\u021bii esen\u021biale din capital\u0103\",\"publisher\":{\"@id\":\"https:\\\/\\\/buletin.de\\\/bucuresti\\\/#organization\"},\"potentialAction\":[{\"@type\":\"SearchAction\",\"target\":{\"@type\":\"EntryPoint\",\"urlTemplate\":\"https:\\\/\\\/buletin.de\\\/bucuresti\\\/?s={search_term_string}\"},\"query-input\":{\"@type\":\"PropertyValueSpecification\",\"valueRequired\":true,\"valueName\":\"search_term_string\"}}],\"inLanguage\":\"en-GB\"},{\"@type\":\"Organization\",\"@id\":\"https:\\\/\\\/buletin.de\\\/bucuresti\\\/#organization\",\"name\":\"Buletin de Bucure\u0219ti\",\"url\":\"https:\\\/\\\/buletin.de\\\/bucuresti\\\/\",\"logo\":{\"@type\":\"ImageObject\",\"inLanguage\":\"en-GB\",\"@id\":\"https:\\\/\\\/buletin.de\\\/bucuresti\\\/#\\\/schema\\\/logo\\\/image\\\/\",\"url\":\"https:\\\/\\\/buletin.de\\\/bucuresti\\\/wp-content\\\/uploads\\\/logo-bdb-full-wide-vernil-transparent.png\",\"contentUrl\":\"https:\\\/\\\/buletin.de\\\/bucuresti\\\/wp-content\\\/uploads\\\/logo-bdb-full-wide-vernil-transparent.png\",\"width\":1782,\"height\":626,\"caption\":\"Buletin de Bucure\u0219ti\"},\"image\":{\"@id\":\"https:\\\/\\\/buletin.de\\\/bucuresti\\\/#\\\/schema\\\/logo\\\/image\\\/\"},\"sameAs\":[\"https:\\\/\\\/www.facebook.com\\\/buletin.de.buc\",\"https:\\\/\\\/www.instagram.com\\\/buletinde.bucuresti\\\/\"]},{\"@type\":\"Person\",\"@id\":\"https:\\\/\\\/buletin.de\\\/bucuresti\\\/#\\\/schema\\\/person\\\/2bbcf854e5f2419a13804af574d06ab1\",\"name\":\"Redac\u021bia Buletin de Bucure\u0219ti\",\"image\":{\"@type\":\"ImageObject\",\"inLanguage\":\"en-GB\",\"@id\":\"https:\\\/\\\/secure.gravatar.com\\\/avatar\\\/18c5342381ed1a08620e6280424e3e5efc958618f5d67c522c9e44c1bc6f9226?s=96&d=monsterid&r=g60c7cd0ad92c68c049fcd4bb3504d609\",\"url\":\"https:\\\/\\\/secure.gravatar.com\\\/avatar\\\/18c5342381ed1a08620e6280424e3e5efc958618f5d67c522c9e44c1bc6f9226?s=96&d=monsterid&r=g\",\"contentUrl\":\"https:\\\/\\\/secure.gravatar.com\\\/avatar\\\/18c5342381ed1a08620e6280424e3e5efc958618f5d67c522c9e44c1bc6f9226?s=96&d=monsterid&r=g\",\"caption\":\"Redac\u021bia Buletin de Bucure\u0219ti\"},\"description\":\"Buletin de Bucure\u0219ti exist\u0103 din vara anului 2019.\",\"url\":\"https:\\\/\\\/buletin.de\\\/bucuresti\\\/author\\\/adminbuletin\\\/\"}]}<\/script>\n<!-- \/ Yoast SEO Premium plugin. -->","yoast_head_json":{"title":"Sectorul 6 | Ciprian Ciucu, enervat c\u0103 dispar florile pe care le planteaz\u0103 Prim\u0103ria. \u201eNu fura\u021bi \u0219i nu v\u0103 bate\u021bi joc\u201d - Buletin de Bucure\u0219ti","description":"Primarul Sectorului 6, Ciprian Ciucu, \u0219i-a exprimat nemul\u021bumirea legat\u0103 de faptul c\u0103 bucure\u0219tenii fur\u0103 florile pe care Prim\u0103ria le planteaz\u0103.","robots":{"index":"index","follow":"follow","max-snippet":"max-snippet:-1","max-image-preview":"max-image-preview:large","max-video-preview":"max-video-preview:-1"},"canonical":"https:\/\/buletin.de\/bucuresti\/sectorul-6-ciprian-ciucu-enervat-ca-se-fura-florile-pe-care-le-planteaza-primaria-nu-furati-si-nu-va-bateti-joc\/","og_locale":"en_GB","og_type":"article","og_title":"Sectorul 6 | Ciprian Ciucu, enervat c\u0103 dispar florile pe care le planteaz\u0103 Prim\u0103ria. \u201eNu fura\u021bi \u0219i nu v\u0103 bate\u021bi joc\u201d","og_description":"Primarul Sectorului 6, Ciprian Ciucu, \u0219i-a exprimat nemul\u021bumirea legat\u0103 de faptul c\u0103 bucure\u0219tenii fur\u0103 florile pe care Prim\u0103ria le planteaz\u0103.","og_url":"https:\/\/buletin.de\/bucuresti\/sectorul-6-ciprian-ciucu-enervat-ca-se-fura-florile-pe-care-le-planteaza-primaria-nu-furati-si-nu-va-bateti-joc\/","og_site_name":"Buletin de Bucure\u0219ti","article_publisher":"https:\/\/www.facebook.com\/buletin.de.buc","article_published_time":"2025-05-08T02:54:00+00:00","og_image":[{"width":1600,"height":900,"url":"https:\/\/buletin.de\/bucuresti\/wp-content\/uploads\/2025\/05\/florifurate.jpg","type":"image\/jpeg"}],"author":"Redac\u021bia Buletin de Bucure\u0219ti","twitter_card":"summary_large_image","twitter_misc":{"Written by":"Redac\u021bia Buletin de Bucure\u0219ti","Estimated reading time":"2 minutes"},"schema":{"@context":"https:\/\/schema.org","@graph":[{"@type":"Article","@id":"https:\/\/buletin.de\/bucuresti\/sectorul-6-ciprian-ciucu-enervat-ca-se-fura-florile-pe-care-le-planteaza-primaria-nu-furati-si-nu-va-bateti-joc\/#article","isPartOf":{"@id":"https:\/\/buletin.de\/bucuresti\/sectorul-6-ciprian-ciucu-enervat-ca-se-fura-florile-pe-care-le-planteaza-primaria-nu-furati-si-nu-va-bateti-joc\/"},"author":{"name":"Redac\u021bia Buletin de Bucure\u0219ti","@id":"https:\/\/buletin.de\/bucuresti\/#\/schema\/person\/2bbcf854e5f2419a13804af574d06ab1"},"headline":"Sectorul 6 | Ciprian Ciucu, enervat c\u0103 dispar florile pe care le planteaz\u0103 Prim\u0103ria. \u201eNu fura\u021bi \u0219i nu v\u0103 bate\u021bi joc\u201d","datePublished":"2025-05-08T02:54:00+00:00","mainEntityOfPage":{"@id":"https:\/\/buletin.de\/bucuresti\/sectorul-6-ciprian-ciucu-enervat-ca-se-fura-florile-pe-care-le-planteaza-primaria-nu-furati-si-nu-va-bateti-joc\/"},"wordCount":444,"publisher":{"@id":"https:\/\/buletin.de\/bucuresti\/#organization"},"image":{"@id":"https:\/\/buletin.de\/bucuresti\/sectorul-6-ciprian-ciucu-enervat-ca-se-fura-florile-pe-care-le-planteaza-primaria-nu-furati-si-nu-va-bateti-joc\/#primaryimage"},"thumbnailUrl":"https:\/\/buletin.de\/bucuresti\/wp-content\/uploads\/2025\/05\/florifurate.jpg","keywords":["ciprian ciucu","flori","primar","Sector 6"],"articleSection":["Articole","Main","Prim\u0103rie"],"inLanguage":"en-GB","copyrightYear":"2025","copyrightHolder":{"@id":"https:\/\/buletin.de\/bucuresti\/#organization"}},{"@type":"WebPage","@id":"https:\/\/buletin.de\/bucuresti\/sectorul-6-ciprian-ciucu-enervat-ca-se-fura-florile-pe-care-le-planteaza-primaria-nu-furati-si-nu-va-bateti-joc\/","url":"https:\/\/buletin.de\/bucuresti\/sectorul-6-ciprian-ciucu-enervat-ca-se-fura-florile-pe-care-le-planteaza-primaria-nu-furati-si-nu-va-bateti-joc\/","name":"Sectorul 6 | Ciprian Ciucu, enervat c\u0103 dispar florile pe care le planteaz\u0103 Prim\u0103ria. \u201eNu fura\u021bi \u0219i nu v\u0103 bate\u021bi joc\u201d - Buletin de Bucure\u0219ti","isPartOf":{"@id":"https:\/\/buletin.de\/bucuresti\/#website"},"primaryImageOfPage":{"@id":"https:\/\/buletin.de\/bucuresti\/sectorul-6-ciprian-ciucu-enervat-ca-se-fura-florile-pe-care-le-planteaza-primaria-nu-furati-si-nu-va-bateti-joc\/#primaryimage"},"image":{"@id":"https:\/\/buletin.de\/bucuresti\/sectorul-6-ciprian-ciucu-enervat-ca-se-fura-florile-pe-care-le-planteaza-primaria-nu-furati-si-nu-va-bateti-joc\/#primaryimage"},"thumbnailUrl":"https:\/\/buletin.de\/bucuresti\/wp-content\/uploads\/2025\/05\/florifurate.jpg","datePublished":"2025-05-08T02:54:00+00:00","description":"Primarul Sectorului 6, Ciprian Ciucu, \u0219i-a exprimat nemul\u021bumirea legat\u0103 de faptul c\u0103 bucure\u0219tenii fur\u0103 florile pe care Prim\u0103ria le planteaz\u0103.","breadcrumb":{"@id":"https:\/\/buletin.de\/bucuresti\/sectorul-6-ciprian-ciucu-enervat-ca-se-fura-florile-pe-care-le-planteaza-primaria-nu-furati-si-nu-va-bateti-joc\/#breadcrumb"},"inLanguage":"en-GB","potentialAction":[{"@type":"ReadAction","target":["https:\/\/buletin.de\/bucuresti\/sectorul-6-ciprian-ciucu-enervat-ca-se-fura-florile-pe-care-le-planteaza-primaria-nu-furati-si-nu-va-bateti-joc\/"]}]},{"@type":"ImageObject","inLanguage":"en-GB","@id":"https:\/\/buletin.de\/bucuresti\/sectorul-6-ciprian-ciucu-enervat-ca-se-fura-florile-pe-care-le-planteaza-primaria-nu-furati-si-nu-va-bateti-joc\/#primaryimage","url":"https:\/\/buletin.de\/bucuresti\/wp-content\/uploads\/2025\/05\/florifurate.jpg","contentUrl":"https:\/\/buletin.de\/bucuresti\/wp-content\/uploads\/2025\/05\/florifurate.jpg","width":1600,"height":900,"caption":"Se fur\u0103 florile din Sectorul 6. Foto PS 6"},{"@type":"BreadcrumbList","@id":"https:\/\/buletin.de\/bucuresti\/sectorul-6-ciprian-ciucu-enervat-ca-se-fura-florile-pe-care-le-planteaza-primaria-nu-furati-si-nu-va-bateti-joc\/#breadcrumb","itemListElement":[{"@type":"ListItem","position":1,"name":"Acas\u0103","item":"https:\/\/buletin.de\/bucuresti\/"},{"@type":"ListItem","position":2,"name":"Sectorul 6 | Ciprian Ciucu, enervat c\u0103 dispar florile pe care le planteaz\u0103 Prim\u0103ria. \u201eNu fura\u021bi \u0219i nu v\u0103 bate\u021bi joc\u201d"}]},{"@type":"WebSite","@id":"https:\/\/buletin.de\/bucuresti\/#website","url":"https:\/\/buletin.de\/bucuresti\/","name":"Buletin de Bucure\u0219ti","description":"\u0218tiri \u0219i investiga\u021bii esen\u021biale din capital\u0103","publisher":{"@id":"https:\/\/buletin.de\/bucuresti\/#organization"},"potentialAction":[{"@type":"SearchAction","target":{"@type":"EntryPoint","urlTemplate":"https:\/\/buletin.de\/bucuresti\/?s={search_term_string}"},"query-input":{"@type":"PropertyValueSpecification","valueRequired":true,"valueName":"search_term_string"}}],"inLanguage":"en-GB"},{"@type":"Organization","@id":"https:\/\/buletin.de\/bucuresti\/#organization","name":"Buletin de Bucure\u0219ti","url":"https:\/\/buletin.de\/bucuresti\/","logo":{"@type":"ImageObject","inLanguage":"en-GB","@id":"https:\/\/buletin.de\/bucuresti\/#\/schema\/logo\/image\/","url":"https:\/\/buletin.de\/bucuresti\/wp-content\/uploads\/logo-bdb-full-wide-vernil-transparent.png","contentUrl":"https:\/\/buletin.de\/bucuresti\/wp-content\/uploads\/logo-bdb-full-wide-vernil-transparent.png","width":1782,"height":626,"caption":"Buletin de Bucure\u0219ti"},"image":{"@id":"https:\/\/buletin.de\/bucuresti\/#\/schema\/logo\/image\/"},"sameAs":["https:\/\/www.facebook.com\/buletin.de.buc","https:\/\/www.instagram.com\/buletinde.bucuresti\/"]},{"@type":"Person","@id":"https:\/\/buletin.de\/bucuresti\/#\/schema\/person\/2bbcf854e5f2419a13804af574d06ab1","name":"Redac\u021bia Buletin de Bucure\u0219ti","image":{"@type":"ImageObject","inLanguage":"en-GB","@id":"https:\/\/secure.gravatar.com\/avatar\/18c5342381ed1a08620e6280424e3e5efc958618f5d67c522c9e44c1bc6f9226?s=96&d=monsterid&r=g60c7cd0ad92c68c049fcd4bb3504d609","url":"https:\/\/secure.gravatar.com\/avatar\/18c5342381ed1a08620e6280424e3e5efc958618f5d67c522c9e44c1bc6f9226?s=96&d=monsterid&r=g","contentUrl":"https:\/\/secure.gravatar.com\/avatar\/18c5342381ed1a08620e6280424e3e5efc958618f5d67c522c9e44c1bc6f9226?s=96&d=monsterid&r=g","caption":"Redac\u021bia Buletin de Bucure\u0219ti"},"description":"Buletin de Bucure\u0219ti exist\u0103 din vara anului 2019.","url":"https:\/\/buletin.de\/bucuresti\/author\/adminbuletin\/"}]}},"authors":[{"term_id":22583,"user_id":1,"is_guest":0,"slug":"adminbuletin","display_name":"Redac\u021bia Buletin de Bucure\u0219ti","avatar_url":"https:\/\/secure.gravatar.com\/avatar\/18c5342381ed1a08620e6280424e3e5efc958618f5d67c522c9e44c1bc6f9226?s=96&d=monsterid&r=g","0":null,"1":"","2":"","3":"","4":"","5":"","6":"","7":"","8":""}],"_links":{"self":[{"href":"https:\/\/buletin.de\/bucuresti\/wp-json\/wp\/v2\/posts\/129319","targetHints":{"allow":["GET"]}}],"collection":[{"href":"https:\/\/buletin.de\/bucuresti\/wp-json\/wp\/v2\/posts"}],"about":[{"href":"https:\/\/buletin.de\/bucuresti\/wp-json\/wp\/v2\/types\/post"}],"author":[{"embeddable":true,"href":"https:\/\/buletin.de\/bucuresti\/wp-json\/wp\/v2\/users\/1"}],"replies":[{"embeddable":true,"href":"https:\/\/buletin.de\/bucuresti\/wp-json\/wp\/v2\/comments?post=129319"}],"version-history":[{"count":2,"href":"https:\/\/buletin.de\/bucuresti\/wp-json\/wp\/v2\/posts\/129319\/revisions"}],"predecessor-version":[{"id":129346,"href":"https:\/\/buletin.de\/bucuresti\/wp-json\/wp\/v2\/posts\/129319\/revisions\/129346"}],"wp:featuredmedia":[{"embeddable":true,"href":"https:\/\/buletin.de\/bucuresti\/wp-json\/wp\/v2\/media\/129320"}],"wp:attachment":[{"href":"https:\/\/buletin.de\/bucuresti\/wp-json\/wp\/v2\/media?parent=129319"}],"wp:term":[{"taxonomy":"category","embeddable":true,"href":"https:\/\/buletin.de\/bucuresti\/wp-json\/wp\/v2\/categories?post=129319"},{"taxonomy":"post_tag","embeddable":true,"href":"https:\/\/buletin.de\/bucuresti\/wp-json\/wp\/v2\/tags?post=129319"},{"taxonomy":"author","embeddable":true,"href":"https:\/\/buletin.de\/bucuresti\/wp-json\/wp\/v2\/ppma_author?post=129319"}],"curies":[{"name":"wp","href":"https:\/\/api.w.org\/{rel}","templated":true}]}}