{"id":129054,"date":"2025-05-07T10:39:23","date_gmt":"2025-05-07T07:39:23","guid":{"rendered":"https:\/\/buletin.de\/bucuresti\/?p=129054"},"modified":"2025-05-07T12:21:17","modified_gmt":"2025-05-07T09:21:17","slug":"editorial-haus-of-cart-de-dambovita-volumul-ii-cine-va-prelua-bucurestiul-daca-nicusor-dan-pleaca-la-cotroceni","status":"publish","type":"post","link":"https:\/\/buletin.de\/bucuresti\/editorial-haus-of-cart-de-dambovita-volumul-ii-cine-va-prelua-bucurestiul-daca-nicusor-dan-pleaca-la-cotroceni\/","title":{"rendered":"EDITORIAL | \u201eHaus of Car\u0163\u201d de D\u00e2mbovi\u0163a, volumul II. Cine va prelua Bucure\u0219tiul, dac\u0103 Nicu\u0219or Dan pleac\u0103 la Cotroceni"},"content":{"rendered":"\n<p><strong>Scena I, dubla 1, \u00eentr-un Bucure\u015fti post-alegeri, \u00een care Nicu\u0219or Dan va fi c\u00e2\u0219tigat \u00een fa\u021ba lui George Simion \u0219i pleac\u0103 la Cotroceni. Scaunul din Regina Elisabeta r\u0103m\u00e2ne f\u0103r\u0103 ocupant. <\/strong><\/p>\n\n\n\n<p>Partea de \u0163ar\u0103 care voia s\u0103 p\u0103streze drumul pro-european r\u0103sufl\u0103 u\u015furat\u0103, Capitala abia \u00eencepe s\u0103 fiarb\u0103. Mai precis, partea politic\u0103 a Bucure\u0219tiului, c\u0103 cet\u0103\u0163enii s-or fi s\u0103turat de at\u00e2tea \u015fi at\u00e2tea runde de alegeri.<\/p>\n\n\n\n<p>Fierbe, dar ordonat, cu capacul dat un pic la o parte, pentru c\u0103 scenariul este luat de multe luni \u00een calcul &#8211; \u015fi de PSD, \u015fi de PNL, \u015fi de USR. A\u015fa c\u0103 nu \u0163iuie ceainicul pe aragaz, nici pe departe.<\/p>\n\n\n\n<p>Ca prim actor, <strong><mark style=\"background-color:rgba(0, 0, 0, 0)\" class=\"has-inline-color has-vivid-red-color\">Ciprian Ciucu<\/mark><\/strong>. De c\u00e2nd Nicu\u015for Dan \u015fi-a anun\u0163at candidatura la preziden\u0163iale, primarul de la Sectorul 6 \u00eel \u00eempinge tot mai abitir \u00een fa\u0163a reflectoarelor pe <a href=\"https:\/\/buletin.de\/bucuresti\/noii-viceprimari-ai-sectorului-6-ii-paul-moldovan-administrator-public-imprumutat-la-sector-1-si-colegul-lui-ciprian-ciucu-la-anfp\/\" target=\"_blank\" rel=\"noreferrer noopener\">cvasicunoscutul Paul Moldovan<\/a>, actualmente viceprimar PNL al aceluia\u0219i sector.<\/p>\n\n\n\n<p>De ce o face? Pariul meu este c\u0103 vizeaz\u0103 Prim\u0103ria Capitalei, odat\u0103 Nicu\u015for plecat, \u015fi trebuie s\u0103 \u00ee\u015fi lase mo\u015ftenitor.<\/p>\n\n\n\n<p>Cu mai bine de 70% din voturile din sector, Ciucu poate s\u0103 propun\u0103 pe cine vrea, at\u00e2ta vreme c\u00e2t promite c\u0103 succesorul \u00eei va continua proiectele. A\u015fa c\u0103 sectorul e ca \u015fi adjudecat de PNL, iar el se poate concentra pe adev\u0103rata b\u0103t\u0103lie, cea de la Capital\u0103.<\/p>\n\n\n\n<p>Acolo unde se va \u00eent\u00e2lni cu un adversar redutabil, social-democratul<mark style=\"background-color:rgba(0, 0, 0, 0)\" class=\"has-inline-color has-vivid-red-color\"> <strong>Daniel B\u0103lu\u0163\u0103<\/strong><\/mark>. Care, pe plan local se bucur\u0103 (sau se bucura, \u00eenainte s\u0103 porneasc\u0103 jihadul cu parc\u0103rile \u00een Sectorul 4) de o cot\u0103 masiv\u0103 de \u00eencredere. <\/p>\n\n\n\n<p>Pe candidatura lui Daniel B\u0103lu\u0163\u0103 e greu de pariat, de\u015fi <a href=\"https:\/\/buletin.de\/bucuresti\/primarul-sectorului-4-daniel-baluta-anunta-ca-va-candida-la-primaria-capitalei\/\" target=\"_blank\" rel=\"noreferrer noopener\">a anun\u0163at deja public c\u0103 \u00een 2028 \u0163inte\u015fte Prim\u0103ria General\u0103<\/a>. \u00cen principiu, ar intra \u00een lupt\u0103 \u015fi \u00een 2025, de\u015fi clama c\u0103 nu vede cum Nicu\u015for Dan ar putea ajunge la Cotroceni. <\/p>\n\n\n\n<p>Dar &#8211; \u015fi e un mare DAR &#8211; ce se face dac\u0103 pofte\u015fte la aceea\u015fi pozi\u0163ie \u015fi mentorul s\u0103u politic <strong><mark style=\"background-color:rgba(0, 0, 0, 0)\" class=\"has-inline-color has-vivid-red-color\">Cristian Popescu Piedone<\/mark><\/strong>? P\u0103i degeaba a turnat at\u00e2tea episoade din telenovela ANPC fostul primar al Sectorului 5? S\u0103 nu apuce m\u0103car casting-ul pentru blockbuster-ul PMB? <\/p>\n\n\n\n<p>Complicat\u0103 situa\u0163ie, dar nu imposibil\u0103. S-au stricat prietenii \u015fi mai trainice de at\u00e2t, deci nu ar fi exclus s\u0103 candideze, totu\u015fi, am\u00e2ndoi&#8230; Situa\u0163ie care, desigur, i-ar conveni de minune lui Ciprian Ciucu.<\/p>\n\n\n\n<p>(Desigur, este \u015fi timida \u00eentrebare despre cine ar putea r\u0103m\u00e2ne \u00een locul lui Daniel B\u0103lu\u0163\u0103 la Sectorul 4, dar e cam aceea\u015fi situa\u0163ie ca la S6, \u00ee\u015fi poate \u201epune cu m\u00e2na\u201d urma\u015ful. Care ar putea fi, de ce nu, <a href=\"https:\/\/buletin.de\/bucuresti\/scandal-pe-numirea-viceprimarilor-sectorului-4-opozitia-cere-amanarea-votului\/\" target=\"_blank\" rel=\"noreferrer noopener\">actualul viceprimar PSD, Andrei Trocan<\/a>).<\/p>\n\n\n\n<div class=\"wp-block-buttons is-content-justification-center is-layout-flex wp-container-core-buttons-is-layout-16018d1d wp-block-buttons-is-layout-flex\">\n<div class=\"wp-block-button has-custom-width wp-block-button__width-100\"><a class=\"wp-block-button__link wp-element-button\" href=\"https:\/\/www.patreon.com\/BuletinDeBucuresti\"><strong>Sus\u021bine Buletin de Bucure\u0219ti pentru investiga\u021bii, reportaje \u0219i \u0219tiri Locale<\/strong><\/a><\/div>\n<\/div>\n\n\n\n<p>\u015ei intr\u0103 \u00een scen\u0103 \u015fi candidatul USR. Actualul city manager, <strong><mark style=\"background-color:rgba(0, 0, 0, 0)\" class=\"has-inline-color has-vivid-red-color\">Lucian Judele<\/mark><\/strong>, a devenit tot mai vizibil, cu at\u00e2tea atribu\u0163ii primite de la primarul \u00eenc\u0103 \u00een func\u0163ie. \u015ei ar putea fi actorul c\u0103utat de partid pentru un astfel de rol. \u00cens\u0103 f\u0103r\u0103 un endorsement clar de la Nicu\u015for Dan este greu de crezut c\u0103 \u00eel poate bate pe Ciprian Ciucu.<\/p>\n\n\n\n<p>Iar Nicu\u015for Dan tocmai ce a spus c\u0103 nu va sus\u0163ine niciun candidat la Prim\u0103ria Capitalei, \u00een eventualitatea \u00een care ajunge la Cotroceni. Unde mai pui c\u0103 e \u015fi piedica legal\u0103. Teoretic, pre\u015fedintele e apolitic \u015fi nu s-ar putea implica \u00een vreo campanie electoral\u0103. <\/p>\n\n\n\n<p><strong>CITE\u0218TE \u0218I: <a href=\"https:\/\/buletin.de\/bucuresti\/nicusor-dan-spune-ca-nu-va-sustine-niciun-candidat-la-primaria-capitalei-daca-locul-de-primar-general-ramane-vacant\/\" target=\"_blank\" rel=\"noreferrer noopener\">Nicu\u0219or Dan spune c\u0103 nu va sus\u021bine niciun candidat la Prim\u0103ria Capitalei, dac\u0103 locul de primar general r\u0103m\u00e2ne vacant<\/a><\/strong><\/p>\n\n\n\n<p>Dar teoria-i una, practica este alta. L-am v\u0103zut pe B\u0103sescu elud\u00e2nd prerogativele constitu\u0163ionale, l-am v\u0103zut pe Iohannis la congres PNL, l-am v\u0103zut, mai recent, \u015fi pe Bolojan c\u0103 l-a sus\u0163inut public pe Crin Antonescu.<\/p>\n\n\n\n<p>Drept urmare, n-ar fi exclus s\u0103 vedem cum Nicu\u015for Dan pune um\u0103rul la campania unuia dintre poten\u0163ialii candida\u0163i. Ar putea fi Ciprian Ciucu, \u00een urma unei negocieri pentru sus\u0163inere \u00een Parlament \u015fi CGMB sau ar putea fi Lucian Judele, pe principiul reciprocit\u0103\u0163ii, c\u0103 \u015fi USR l-a tot sus\u0163inut pe primarul general \u00een ultimii ani. <\/p>\n\n\n\n<p><strong>CITE\u015eTE \u015eI: <a href=\"https:\/\/buletin.de\/bucuresti\/alegerea-viceprimarilor-bucurestiului\/\" target=\"_blank\" rel=\"noreferrer noopener\">EDITORIAL | \u201eHaus of Car\u0163\u201d de D\u00e2mbovi\u0163a. Aritmetica tr\u0103d\u0103rii, \u00eentr-o parodie politic\u0103 filmat\u0103 la alegerea viceprimarilor Bucure\u015ftiului<\/a><\/strong><\/p>\n\n\n\n<h2 class=\"wp-block-heading\" id=\"h-am-vorbit-despre-scenariul-viitorului-acum-si-un-pic-despre-filmul-prezentului\">Am vorbit despre scenariul viitorului, acum \u015fi un pic despre filmul prezentului<\/h2>\n\n\n\n<p><strong>Ca preambul &#8211; vede\u0163i, dragi politicieni, de ce coresponden\u0163ii vo\u015ftri mai rasa\u0163i, din partea de vest a continentului, nu se spurc\u0103 \u00een halul \u00een care o face\u0163i voi, chiar \u015fi dac\u0103 par pe pozi\u0163ii eminamente contrare? Pentru c\u0103 apar situa\u0163ii \u00een care reconcilierea este absolut necesar\u0103, ca acum, c\u00e2nd Nicu\u015for Dan este, cum spune\u0163i voi, singura variant\u0103, \u00een fa\u0163a unui candidat izola\u0163ionist. <\/strong><\/p>\n\n\n\n<p>Drept exemplu, iat\u0103 un schimb de replici din parlamentul \u0162\u0103rilor de Jos. De\u015fi tema aleas\u0103 este cam de prost gust, a\u015f zice, cei doi oponen\u0163i au reu\u015fit s\u0103 p\u0103streze un ton mai degrab\u0103 amical, nu unul de impreca\u0163ii \u00eentre du\u015fmani, cum adesea vedem pe plaiuri d\u00e2mbovi\u0163ene.<\/p>\n\n\n\n<figure class=\"wp-block-embed is-type-video is-provider-youtube wp-block-embed-youtube wp-embed-aspect-16-9 wp-has-aspect-ratio\"><div class=\"wp-block-embed__wrapper\">\n<div class=\"jlvid_container\"><iframe title=\"Comedy Central ROAST or Dutch Parliament?: Mark Rutte Vs Geert Wilders #shorts\" width=\"1200\" height=\"675\" src=\"https:\/\/www.youtube.com\/embed\/VxjOVzuPYso?feature=oembed\" frameborder=\"0\" allow=\"accelerometer; autoplay; clipboard-write; encrypted-media; gyroscope; picture-in-picture; web-share\" referrerpolicy=\"strict-origin-when-cross-origin\" allowfullscreen><\/iframe><\/div>\n<\/div><\/figure>\n\n\n\n<p>Acum c\u0103 avem preambul, putem s\u0103 intr\u0103m \u00een scenariu. Personaje principale, liberalii, cu prec\u0103dere cei bucure\u015fteni, care, \u00een campania pentru locale, nu \u015ftiau cum s\u0103 \u00eel \u201ebubuie\u201d mai tare pe Nicu\u015for Dan \u015fi care acum \u00ee\u015fi arat\u0103 sus\u0163inerea total\u0103 pentru candidatul pro-european. <\/p>\n\n\n\n<div class=\"wp-block-buttons is-content-justification-center is-layout-flex wp-container-core-buttons-is-layout-16018d1d wp-block-buttons-is-layout-flex\">\n<div class=\"wp-block-button has-custom-width wp-block-button__width-100\"><a class=\"wp-block-button__link wp-element-button\" href=\"https:\/\/www.patreon.com\/BuletinDeBucuresti\"><strong>Sus\u021bine Buletin de Bucure\u0219ti pentru investiga\u021bii, reportaje \u0219i \u0219tiri Locale<\/strong><\/a><\/div>\n<\/div>\n\n\n\n<p>Da, Burduja \u015fi Dan erau contracandida\u0163i \u015fi este normal s\u0103 sco\u0163i \u00een eviden\u0163\u0103 p\u0103r\u0163ile negative ale adversarului. \u00cens\u0103 modul scabros \u00een care s-a f\u0103cut campanie i-a b\u0103gat \u00een ridicol p\u00e2n\u0103 la g\u00e2t pe alde Burduja, Ciucu ori liberalii din CGMB, extrem de acizi la adresa primarului, p\u00e2n\u0103 deun\u0103zi.<\/p>\n\n\n\n<p>\u015ei uite cum cei mai mari regizori ai lumii se uit\u0103 cu jind c\u0103tre \u0163\u0103ri\u015foara noastr\u0103, pentru c\u0103 ei n-au putut s\u0103 fac\u0103 un film at\u00e2t de complex precum cel care se toarn\u0103 de c\u00e2teva luni la Bucure\u015fti. <\/p>\n\n\n\n<p>\u00centr-un singur fir narativ, avem comedie jenant\u0103 pe micile ecrane, thriller al instabilit\u0103\u0163ii politice, groaz\u0103 \u00een portofele \u015fi mult\u0103-mult\u0103 dram\u0103 \u00een societatea asta divizat\u0103&#8230;<\/p>\n\n\n\n<p><strong>CITE\u015eTE \u015eI: <a href=\"https:\/\/buletin.de\/bucuresti\/foto-balciul-din-parcul-ior-tiribombele-din-zona-retrocedata-functionale-in-weekend\/\" target=\"_blank\" rel=\"noreferrer noopener\">FOTO | B\u00e2lciul din Parcul IOR. Tiribombele din zona retrocedat\u0103, func\u0163ionale \u00een weekend<\/a><br><\/strong><\/p>\n","protected":false},"excerpt":{"rendered":"<p>Scena I, dubla 1, \u00eentr-un Bucure\u015fti post-alegeri, \u00een care Nicu\u0219or Dan va fi c\u00e2\u0219tigat \u00een fa\u021ba lui George Simion \u0219i pleac\u0103 la Cotroceni. Scaunul din Regina Elisabeta r\u0103m\u00e2ne f\u0103r\u0103 ocupant. Partea de \u0163ar\u0103 care voia s\u0103 p\u0103streze drumul pro-european r\u0103sufl\u0103 u\u015furat\u0103, Capitala abia \u00eencepe s\u0103 fiarb\u0103. Mai precis, partea politic\u0103 a Bucure\u0219tiului, c\u0103 cet\u0103\u0163enii s-or [&hellip;]<\/p>\n","protected":false},"author":8,"featured_media":129191,"comment_status":"closed","ping_status":"open","sticky":false,"template":"","format":"standard","meta":{"_acf_changed":false,"inline_featured_image":false,"ngg_post_thumbnail":0,"footnotes":""},"categories":[6994,41,5762],"tags":[21175,21177,21176,21174],"ppma_author":[22586],"class_list":["post-129054","post","type-post","status-publish","format-standard","has-post-thumbnail","hentry","category-stiri-2","category-editorial","category-main","tag-cine-ii-ia-locul-lui-nicusor-dan-la-primaria-capitalei","tag-ciprian-ciucu-pmb","tag-daniel-baluta-pmb","tag-succesori-pmb"],"acf":[],"yoast_head":"<!-- This site is optimized with the Yoast SEO Premium plugin v25.3 (Yoast SEO v27.5) - https:\/\/yoast.com\/product\/yoast-seo-premium-wordpress\/ -->\n<title>EDITORIAL | \u201eHaus of Car\u0163\u201d de D\u00e2mbovi\u0163a, volumul II. Cine va prelua Bucure\u0219tiul, dac\u0103 Nicu\u0219or Dan pleac\u0103 la Cotroceni - Buletin de Bucure\u0219ti<\/title>\n<meta name=\"description\" content=\"Scena I, dubla 1, \u00eentr-un Bucure\u015fti post-alegeri, \u00een care Nicu\u0219or Dan pleac\u0103 la Cotroceni, c\u00e2\u0219tig\u0103tor \u00een fa\u021ba lui George Simion.\" \/>\n<meta name=\"robots\" content=\"index, follow, max-snippet:-1, max-image-preview:large, max-video-preview:-1\" \/>\n<link rel=\"canonical\" href=\"https:\/\/buletin.de\/bucuresti\/editorial-haus-of-cart-de-dambovita-volumul-ii-cine-va-prelua-bucurestiul-daca-nicusor-dan-pleaca-la-cotroceni\/\" \/>\n<meta property=\"og:locale\" content=\"en_GB\" \/>\n<meta property=\"og:type\" content=\"article\" \/>\n<meta property=\"og:title\" content=\"EDITORIAL | \u201eHaus of Car\u0163\u201d de D\u00e2mbovi\u0163a, volumul II. Cine va prelua Bucure\u0219tiul, dac\u0103 Nicu\u0219or Dan pleac\u0103 la Cotroceni\" \/>\n<meta property=\"og:description\" content=\"Scena I, dubla 1, \u00eentr-un Bucure\u015fti post-alegeri, \u00een care Nicu\u0219or Dan pleac\u0103 la Cotroceni, c\u00e2\u0219tig\u0103tor \u00een fa\u021ba lui George Simion.\" \/>\n<meta property=\"og:url\" content=\"https:\/\/buletin.de\/bucuresti\/editorial-haus-of-cart-de-dambovita-volumul-ii-cine-va-prelua-bucurestiul-daca-nicusor-dan-pleaca-la-cotroceni\/\" \/>\n<meta property=\"og:site_name\" content=\"Buletin de Bucure\u0219ti\" \/>\n<meta property=\"article:publisher\" content=\"https:\/\/www.facebook.com\/buletin.de.buc\" \/>\n<meta property=\"article:published_time\" content=\"2025-05-07T07:39:23+00:00\" \/>\n<meta property=\"article:modified_time\" content=\"2025-05-07T09:21:17+00:00\" \/>\n<meta property=\"og:image\" content=\"https:\/\/buletin.de\/bucuresti\/wp-content\/uploads\/2025\/05\/finishprimarie.jpg\" \/>\n\t<meta property=\"og:image:width\" content=\"1600\" \/>\n\t<meta property=\"og:image:height\" content=\"1066\" \/>\n\t<meta property=\"og:image:type\" content=\"image\/jpeg\" \/>\n<meta name=\"author\" content=\"Ionu\u021b Lepa\" \/>\n<meta name=\"twitter:card\" content=\"summary_large_image\" \/>\n<meta name=\"twitter:label1\" content=\"Written by\" \/>\n\t<meta name=\"twitter:data1\" content=\"Ionu\u021b Lepa\" \/>\n\t<meta name=\"twitter:label2\" content=\"Estimated reading time\" \/>\n\t<meta name=\"twitter:data2\" content=\"5 minutes\" \/>\n<script type=\"application\/ld+json\" class=\"yoast-schema-graph\">{\"@context\":\"https:\\\/\\\/schema.org\",\"@graph\":[{\"@type\":\"Article\",\"@id\":\"https:\\\/\\\/buletin.de\\\/bucuresti\\\/editorial-haus-of-cart-de-dambovita-volumul-ii-cine-va-prelua-bucurestiul-daca-nicusor-dan-pleaca-la-cotroceni\\\/#article\",\"isPartOf\":{\"@id\":\"https:\\\/\\\/buletin.de\\\/bucuresti\\\/editorial-haus-of-cart-de-dambovita-volumul-ii-cine-va-prelua-bucurestiul-daca-nicusor-dan-pleaca-la-cotroceni\\\/\"},\"author\":{\"name\":\"Ionu\u021b Lepa\",\"@id\":\"https:\\\/\\\/buletin.de\\\/bucuresti\\\/#\\\/schema\\\/person\\\/5272b8a057b33890940b57b837fc4ce6\"},\"headline\":\"EDITORIAL | \u201eHaus of Car\u0163\u201d de D\u00e2mbovi\u0163a, volumul II. Cine va prelua Bucure\u0219tiul, dac\u0103 Nicu\u0219or Dan pleac\u0103 la Cotroceni\",\"datePublished\":\"2025-05-07T07:39:23+00:00\",\"dateModified\":\"2025-05-07T09:21:17+00:00\",\"mainEntityOfPage\":{\"@id\":\"https:\\\/\\\/buletin.de\\\/bucuresti\\\/editorial-haus-of-cart-de-dambovita-volumul-ii-cine-va-prelua-bucurestiul-daca-nicusor-dan-pleaca-la-cotroceni\\\/\"},\"wordCount\":1113,\"publisher\":{\"@id\":\"https:\\\/\\\/buletin.de\\\/bucuresti\\\/#organization\"},\"image\":{\"@id\":\"https:\\\/\\\/buletin.de\\\/bucuresti\\\/editorial-haus-of-cart-de-dambovita-volumul-ii-cine-va-prelua-bucurestiul-daca-nicusor-dan-pleaca-la-cotroceni\\\/#primaryimage\"},\"thumbnailUrl\":\"https:\\\/\\\/buletin.de\\\/bucuresti\\\/wp-content\\\/uploads\\\/2025\\\/05\\\/finishprimarie.jpg\",\"keywords\":[\"cine ii ia locul lui nicusor dan la primaria capitalei\",\"ciprian ciucu pmb\",\"daniel baluta pmb\",\"succesori pmb\"],\"articleSection\":[\"Articole\",\"Editorial\",\"Main\"],\"inLanguage\":\"en-GB\",\"copyrightYear\":\"2025\",\"copyrightHolder\":{\"@id\":\"https:\\\/\\\/buletin.de\\\/bucuresti\\\/#organization\"}},{\"@type\":\"WebPage\",\"@id\":\"https:\\\/\\\/buletin.de\\\/bucuresti\\\/editorial-haus-of-cart-de-dambovita-volumul-ii-cine-va-prelua-bucurestiul-daca-nicusor-dan-pleaca-la-cotroceni\\\/\",\"url\":\"https:\\\/\\\/buletin.de\\\/bucuresti\\\/editorial-haus-of-cart-de-dambovita-volumul-ii-cine-va-prelua-bucurestiul-daca-nicusor-dan-pleaca-la-cotroceni\\\/\",\"name\":\"EDITORIAL | \u201eHaus of Car\u0163\u201d de D\u00e2mbovi\u0163a, volumul II. Cine va prelua Bucure\u0219tiul, dac\u0103 Nicu\u0219or Dan pleac\u0103 la Cotroceni - Buletin de Bucure\u0219ti\",\"isPartOf\":{\"@id\":\"https:\\\/\\\/buletin.de\\\/bucuresti\\\/#website\"},\"primaryImageOfPage\":{\"@id\":\"https:\\\/\\\/buletin.de\\\/bucuresti\\\/editorial-haus-of-cart-de-dambovita-volumul-ii-cine-va-prelua-bucurestiul-daca-nicusor-dan-pleaca-la-cotroceni\\\/#primaryimage\"},\"image\":{\"@id\":\"https:\\\/\\\/buletin.de\\\/bucuresti\\\/editorial-haus-of-cart-de-dambovita-volumul-ii-cine-va-prelua-bucurestiul-daca-nicusor-dan-pleaca-la-cotroceni\\\/#primaryimage\"},\"thumbnailUrl\":\"https:\\\/\\\/buletin.de\\\/bucuresti\\\/wp-content\\\/uploads\\\/2025\\\/05\\\/finishprimarie.jpg\",\"datePublished\":\"2025-05-07T07:39:23+00:00\",\"dateModified\":\"2025-05-07T09:21:17+00:00\",\"description\":\"Scena I, dubla 1, \u00eentr-un Bucure\u015fti post-alegeri, \u00een care Nicu\u0219or Dan pleac\u0103 la Cotroceni, c\u00e2\u0219tig\u0103tor \u00een fa\u021ba lui George Simion.\",\"breadcrumb\":{\"@id\":\"https:\\\/\\\/buletin.de\\\/bucuresti\\\/editorial-haus-of-cart-de-dambovita-volumul-ii-cine-va-prelua-bucurestiul-daca-nicusor-dan-pleaca-la-cotroceni\\\/#breadcrumb\"},\"inLanguage\":\"en-GB\",\"potentialAction\":[{\"@type\":\"ReadAction\",\"target\":[\"https:\\\/\\\/buletin.de\\\/bucuresti\\\/editorial-haus-of-cart-de-dambovita-volumul-ii-cine-va-prelua-bucurestiul-daca-nicusor-dan-pleaca-la-cotroceni\\\/\"]}]},{\"@type\":\"ImageObject\",\"inLanguage\":\"en-GB\",\"@id\":\"https:\\\/\\\/buletin.de\\\/bucuresti\\\/editorial-haus-of-cart-de-dambovita-volumul-ii-cine-va-prelua-bucurestiul-daca-nicusor-dan-pleaca-la-cotroceni\\\/#primaryimage\",\"url\":\"https:\\\/\\\/buletin.de\\\/bucuresti\\\/wp-content\\\/uploads\\\/2025\\\/05\\\/finishprimarie.jpg\",\"contentUrl\":\"https:\\\/\\\/buletin.de\\\/bucuresti\\\/wp-content\\\/uploads\\\/2025\\\/05\\\/finishprimarie.jpg\",\"width\":1600,\"height\":1066,\"caption\":\"Cine va c\u00e2\u0219tiga cursa pentru Bucure\u0219ti, dac\u0103 Nicu\u0219or Dan ajunge pre\u0219edinte\"},{\"@type\":\"BreadcrumbList\",\"@id\":\"https:\\\/\\\/buletin.de\\\/bucuresti\\\/editorial-haus-of-cart-de-dambovita-volumul-ii-cine-va-prelua-bucurestiul-daca-nicusor-dan-pleaca-la-cotroceni\\\/#breadcrumb\",\"itemListElement\":[{\"@type\":\"ListItem\",\"position\":1,\"name\":\"Acas\u0103\",\"item\":\"https:\\\/\\\/buletin.de\\\/bucuresti\\\/\"},{\"@type\":\"ListItem\",\"position\":2,\"name\":\"EDITORIAL | \u201eHaus of Car\u0163\u201d de D\u00e2mbovi\u0163a, volumul II. Cine va prelua Bucure\u0219tiul, dac\u0103 Nicu\u0219or Dan pleac\u0103 la Cotroceni\"}]},{\"@type\":\"WebSite\",\"@id\":\"https:\\\/\\\/buletin.de\\\/bucuresti\\\/#website\",\"url\":\"https:\\\/\\\/buletin.de\\\/bucuresti\\\/\",\"name\":\"Buletin de Bucure\u0219ti\",\"description\":\"\u0218tiri \u0219i investiga\u021bii esen\u021biale din capital\u0103\",\"publisher\":{\"@id\":\"https:\\\/\\\/buletin.de\\\/bucuresti\\\/#organization\"},\"potentialAction\":[{\"@type\":\"SearchAction\",\"target\":{\"@type\":\"EntryPoint\",\"urlTemplate\":\"https:\\\/\\\/buletin.de\\\/bucuresti\\\/?s={search_term_string}\"},\"query-input\":{\"@type\":\"PropertyValueSpecification\",\"valueRequired\":true,\"valueName\":\"search_term_string\"}}],\"inLanguage\":\"en-GB\"},{\"@type\":\"Organization\",\"@id\":\"https:\\\/\\\/buletin.de\\\/bucuresti\\\/#organization\",\"name\":\"Buletin de Bucure\u0219ti\",\"url\":\"https:\\\/\\\/buletin.de\\\/bucuresti\\\/\",\"logo\":{\"@type\":\"ImageObject\",\"inLanguage\":\"en-GB\",\"@id\":\"https:\\\/\\\/buletin.de\\\/bucuresti\\\/#\\\/schema\\\/logo\\\/image\\\/\",\"url\":\"https:\\\/\\\/buletin.de\\\/bucuresti\\\/wp-content\\\/uploads\\\/logo-bdb-full-wide-vernil-transparent.png\",\"contentUrl\":\"https:\\\/\\\/buletin.de\\\/bucuresti\\\/wp-content\\\/uploads\\\/logo-bdb-full-wide-vernil-transparent.png\",\"width\":1782,\"height\":626,\"caption\":\"Buletin de Bucure\u0219ti\"},\"image\":{\"@id\":\"https:\\\/\\\/buletin.de\\\/bucuresti\\\/#\\\/schema\\\/logo\\\/image\\\/\"},\"sameAs\":[\"https:\\\/\\\/www.facebook.com\\\/buletin.de.buc\",\"https:\\\/\\\/www.instagram.com\\\/buletinde.bucuresti\\\/\"]},{\"@type\":\"Person\",\"@id\":\"https:\\\/\\\/buletin.de\\\/bucuresti\\\/#\\\/schema\\\/person\\\/5272b8a057b33890940b57b837fc4ce6\",\"name\":\"Ionu\u021b Lepa\",\"image\":{\"@type\":\"ImageObject\",\"inLanguage\":\"en-GB\",\"@id\":\"https:\\\/\\\/buletin.de\\\/bucuresti\\\/wp-content\\\/uploads\\\/Ionut-Lepa-96x96.jpg5c4e4d9e049808799a8821652d2410a4\",\"url\":\"https:\\\/\\\/buletin.de\\\/bucuresti\\\/wp-content\\\/uploads\\\/Ionut-Lepa-96x96.jpg\",\"contentUrl\":\"https:\\\/\\\/buletin.de\\\/bucuresti\\\/wp-content\\\/uploads\\\/Ionut-Lepa-96x96.jpg\",\"caption\":\"Ionu\u021b Lepa\"},\"url\":\"https:\\\/\\\/buletin.de\\\/bucuresti\\\/author\\\/ionutlepa\\\/\"}]}<\/script>\n<!-- \/ Yoast SEO Premium plugin. -->","yoast_head_json":{"title":"EDITORIAL | \u201eHaus of Car\u0163\u201d de D\u00e2mbovi\u0163a, volumul II. Cine va prelua Bucure\u0219tiul, dac\u0103 Nicu\u0219or Dan pleac\u0103 la Cotroceni - Buletin de Bucure\u0219ti","description":"Scena I, dubla 1, \u00eentr-un Bucure\u015fti post-alegeri, \u00een care Nicu\u0219or Dan pleac\u0103 la Cotroceni, c\u00e2\u0219tig\u0103tor \u00een fa\u021ba lui George Simion.","robots":{"index":"index","follow":"follow","max-snippet":"max-snippet:-1","max-image-preview":"max-image-preview:large","max-video-preview":"max-video-preview:-1"},"canonical":"https:\/\/buletin.de\/bucuresti\/editorial-haus-of-cart-de-dambovita-volumul-ii-cine-va-prelua-bucurestiul-daca-nicusor-dan-pleaca-la-cotroceni\/","og_locale":"en_GB","og_type":"article","og_title":"EDITORIAL | \u201eHaus of Car\u0163\u201d de D\u00e2mbovi\u0163a, volumul II. Cine va prelua Bucure\u0219tiul, dac\u0103 Nicu\u0219or Dan pleac\u0103 la Cotroceni","og_description":"Scena I, dubla 1, \u00eentr-un Bucure\u015fti post-alegeri, \u00een care Nicu\u0219or Dan pleac\u0103 la Cotroceni, c\u00e2\u0219tig\u0103tor \u00een fa\u021ba lui George Simion.","og_url":"https:\/\/buletin.de\/bucuresti\/editorial-haus-of-cart-de-dambovita-volumul-ii-cine-va-prelua-bucurestiul-daca-nicusor-dan-pleaca-la-cotroceni\/","og_site_name":"Buletin de Bucure\u0219ti","article_publisher":"https:\/\/www.facebook.com\/buletin.de.buc","article_published_time":"2025-05-07T07:39:23+00:00","article_modified_time":"2025-05-07T09:21:17+00:00","og_image":[{"width":1600,"height":1066,"url":"https:\/\/buletin.de\/bucuresti\/wp-content\/uploads\/2025\/05\/finishprimarie.jpg","type":"image\/jpeg"}],"author":"Ionu\u021b Lepa","twitter_card":"summary_large_image","twitter_misc":{"Written by":"Ionu\u021b Lepa","Estimated reading time":"5 minutes"},"schema":{"@context":"https:\/\/schema.org","@graph":[{"@type":"Article","@id":"https:\/\/buletin.de\/bucuresti\/editorial-haus-of-cart-de-dambovita-volumul-ii-cine-va-prelua-bucurestiul-daca-nicusor-dan-pleaca-la-cotroceni\/#article","isPartOf":{"@id":"https:\/\/buletin.de\/bucuresti\/editorial-haus-of-cart-de-dambovita-volumul-ii-cine-va-prelua-bucurestiul-daca-nicusor-dan-pleaca-la-cotroceni\/"},"author":{"name":"Ionu\u021b Lepa","@id":"https:\/\/buletin.de\/bucuresti\/#\/schema\/person\/5272b8a057b33890940b57b837fc4ce6"},"headline":"EDITORIAL | \u201eHaus of Car\u0163\u201d de D\u00e2mbovi\u0163a, volumul II. Cine va prelua Bucure\u0219tiul, dac\u0103 Nicu\u0219or Dan pleac\u0103 la Cotroceni","datePublished":"2025-05-07T07:39:23+00:00","dateModified":"2025-05-07T09:21:17+00:00","mainEntityOfPage":{"@id":"https:\/\/buletin.de\/bucuresti\/editorial-haus-of-cart-de-dambovita-volumul-ii-cine-va-prelua-bucurestiul-daca-nicusor-dan-pleaca-la-cotroceni\/"},"wordCount":1113,"publisher":{"@id":"https:\/\/buletin.de\/bucuresti\/#organization"},"image":{"@id":"https:\/\/buletin.de\/bucuresti\/editorial-haus-of-cart-de-dambovita-volumul-ii-cine-va-prelua-bucurestiul-daca-nicusor-dan-pleaca-la-cotroceni\/#primaryimage"},"thumbnailUrl":"https:\/\/buletin.de\/bucuresti\/wp-content\/uploads\/2025\/05\/finishprimarie.jpg","keywords":["cine ii ia locul lui nicusor dan la primaria capitalei","ciprian ciucu pmb","daniel baluta pmb","succesori pmb"],"articleSection":["Articole","Editorial","Main"],"inLanguage":"en-GB","copyrightYear":"2025","copyrightHolder":{"@id":"https:\/\/buletin.de\/bucuresti\/#organization"}},{"@type":"WebPage","@id":"https:\/\/buletin.de\/bucuresti\/editorial-haus-of-cart-de-dambovita-volumul-ii-cine-va-prelua-bucurestiul-daca-nicusor-dan-pleaca-la-cotroceni\/","url":"https:\/\/buletin.de\/bucuresti\/editorial-haus-of-cart-de-dambovita-volumul-ii-cine-va-prelua-bucurestiul-daca-nicusor-dan-pleaca-la-cotroceni\/","name":"EDITORIAL | \u201eHaus of Car\u0163\u201d de D\u00e2mbovi\u0163a, volumul II. Cine va prelua Bucure\u0219tiul, dac\u0103 Nicu\u0219or Dan pleac\u0103 la Cotroceni - Buletin de Bucure\u0219ti","isPartOf":{"@id":"https:\/\/buletin.de\/bucuresti\/#website"},"primaryImageOfPage":{"@id":"https:\/\/buletin.de\/bucuresti\/editorial-haus-of-cart-de-dambovita-volumul-ii-cine-va-prelua-bucurestiul-daca-nicusor-dan-pleaca-la-cotroceni\/#primaryimage"},"image":{"@id":"https:\/\/buletin.de\/bucuresti\/editorial-haus-of-cart-de-dambovita-volumul-ii-cine-va-prelua-bucurestiul-daca-nicusor-dan-pleaca-la-cotroceni\/#primaryimage"},"thumbnailUrl":"https:\/\/buletin.de\/bucuresti\/wp-content\/uploads\/2025\/05\/finishprimarie.jpg","datePublished":"2025-05-07T07:39:23+00:00","dateModified":"2025-05-07T09:21:17+00:00","description":"Scena I, dubla 1, \u00eentr-un Bucure\u015fti post-alegeri, \u00een care Nicu\u0219or Dan pleac\u0103 la Cotroceni, c\u00e2\u0219tig\u0103tor \u00een fa\u021ba lui George Simion.","breadcrumb":{"@id":"https:\/\/buletin.de\/bucuresti\/editorial-haus-of-cart-de-dambovita-volumul-ii-cine-va-prelua-bucurestiul-daca-nicusor-dan-pleaca-la-cotroceni\/#breadcrumb"},"inLanguage":"en-GB","potentialAction":[{"@type":"ReadAction","target":["https:\/\/buletin.de\/bucuresti\/editorial-haus-of-cart-de-dambovita-volumul-ii-cine-va-prelua-bucurestiul-daca-nicusor-dan-pleaca-la-cotroceni\/"]}]},{"@type":"ImageObject","inLanguage":"en-GB","@id":"https:\/\/buletin.de\/bucuresti\/editorial-haus-of-cart-de-dambovita-volumul-ii-cine-va-prelua-bucurestiul-daca-nicusor-dan-pleaca-la-cotroceni\/#primaryimage","url":"https:\/\/buletin.de\/bucuresti\/wp-content\/uploads\/2025\/05\/finishprimarie.jpg","contentUrl":"https:\/\/buletin.de\/bucuresti\/wp-content\/uploads\/2025\/05\/finishprimarie.jpg","width":1600,"height":1066,"caption":"Cine va c\u00e2\u0219tiga cursa pentru Bucure\u0219ti, dac\u0103 Nicu\u0219or Dan ajunge pre\u0219edinte"},{"@type":"BreadcrumbList","@id":"https:\/\/buletin.de\/bucuresti\/editorial-haus-of-cart-de-dambovita-volumul-ii-cine-va-prelua-bucurestiul-daca-nicusor-dan-pleaca-la-cotroceni\/#breadcrumb","itemListElement":[{"@type":"ListItem","position":1,"name":"Acas\u0103","item":"https:\/\/buletin.de\/bucuresti\/"},{"@type":"ListItem","position":2,"name":"EDITORIAL | \u201eHaus of Car\u0163\u201d de D\u00e2mbovi\u0163a, volumul II. Cine va prelua Bucure\u0219tiul, dac\u0103 Nicu\u0219or Dan pleac\u0103 la Cotroceni"}]},{"@type":"WebSite","@id":"https:\/\/buletin.de\/bucuresti\/#website","url":"https:\/\/buletin.de\/bucuresti\/","name":"Buletin de Bucure\u0219ti","description":"\u0218tiri \u0219i investiga\u021bii esen\u021biale din capital\u0103","publisher":{"@id":"https:\/\/buletin.de\/bucuresti\/#organization"},"potentialAction":[{"@type":"SearchAction","target":{"@type":"EntryPoint","urlTemplate":"https:\/\/buletin.de\/bucuresti\/?s={search_term_string}"},"query-input":{"@type":"PropertyValueSpecification","valueRequired":true,"valueName":"search_term_string"}}],"inLanguage":"en-GB"},{"@type":"Organization","@id":"https:\/\/buletin.de\/bucuresti\/#organization","name":"Buletin de Bucure\u0219ti","url":"https:\/\/buletin.de\/bucuresti\/","logo":{"@type":"ImageObject","inLanguage":"en-GB","@id":"https:\/\/buletin.de\/bucuresti\/#\/schema\/logo\/image\/","url":"https:\/\/buletin.de\/bucuresti\/wp-content\/uploads\/logo-bdb-full-wide-vernil-transparent.png","contentUrl":"https:\/\/buletin.de\/bucuresti\/wp-content\/uploads\/logo-bdb-full-wide-vernil-transparent.png","width":1782,"height":626,"caption":"Buletin de Bucure\u0219ti"},"image":{"@id":"https:\/\/buletin.de\/bucuresti\/#\/schema\/logo\/image\/"},"sameAs":["https:\/\/www.facebook.com\/buletin.de.buc","https:\/\/www.instagram.com\/buletinde.bucuresti\/"]},{"@type":"Person","@id":"https:\/\/buletin.de\/bucuresti\/#\/schema\/person\/5272b8a057b33890940b57b837fc4ce6","name":"Ionu\u021b Lepa","image":{"@type":"ImageObject","inLanguage":"en-GB","@id":"https:\/\/buletin.de\/bucuresti\/wp-content\/uploads\/Ionut-Lepa-96x96.jpg5c4e4d9e049808799a8821652d2410a4","url":"https:\/\/buletin.de\/bucuresti\/wp-content\/uploads\/Ionut-Lepa-96x96.jpg","contentUrl":"https:\/\/buletin.de\/bucuresti\/wp-content\/uploads\/Ionut-Lepa-96x96.jpg","caption":"Ionu\u021b Lepa"},"url":"https:\/\/buletin.de\/bucuresti\/author\/ionutlepa\/"}]}},"authors":[{"term_id":22586,"user_id":8,"is_guest":0,"slug":"ionutlepa","display_name":"Ionu\u021b Lepa","avatar_url":"https:\/\/buletin.de\/bucuresti\/wp-content\/uploads\/Ionut-Lepa-96x96.jpg","0":null,"1":"","2":"","3":"","4":"","5":"","6":"","7":"","8":""}],"_links":{"self":[{"href":"https:\/\/buletin.de\/bucuresti\/wp-json\/wp\/v2\/posts\/129054","targetHints":{"allow":["GET"]}}],"collection":[{"href":"https:\/\/buletin.de\/bucuresti\/wp-json\/wp\/v2\/posts"}],"about":[{"href":"https:\/\/buletin.de\/bucuresti\/wp-json\/wp\/v2\/types\/post"}],"author":[{"embeddable":true,"href":"https:\/\/buletin.de\/bucuresti\/wp-json\/wp\/v2\/users\/8"}],"replies":[{"embeddable":true,"href":"https:\/\/buletin.de\/bucuresti\/wp-json\/wp\/v2\/comments?post=129054"}],"version-history":[{"count":6,"href":"https:\/\/buletin.de\/bucuresti\/wp-json\/wp\/v2\/posts\/129054\/revisions"}],"predecessor-version":[{"id":129193,"href":"https:\/\/buletin.de\/bucuresti\/wp-json\/wp\/v2\/posts\/129054\/revisions\/129193"}],"wp:featuredmedia":[{"embeddable":true,"href":"https:\/\/buletin.de\/bucuresti\/wp-json\/wp\/v2\/media\/129191"}],"wp:attachment":[{"href":"https:\/\/buletin.de\/bucuresti\/wp-json\/wp\/v2\/media?parent=129054"}],"wp:term":[{"taxonomy":"category","embeddable":true,"href":"https:\/\/buletin.de\/bucuresti\/wp-json\/wp\/v2\/categories?post=129054"},{"taxonomy":"post_tag","embeddable":true,"href":"https:\/\/buletin.de\/bucuresti\/wp-json\/wp\/v2\/tags?post=129054"},{"taxonomy":"author","embeddable":true,"href":"https:\/\/buletin.de\/bucuresti\/wp-json\/wp\/v2\/ppma_author?post=129054"}],"curies":[{"name":"wp","href":"https:\/\/api.w.org\/{rel}","templated":true}]}}