{"id":128933,"date":"2025-05-05T09:14:32","date_gmt":"2025-05-05T06:14:32","guid":{"rendered":"https:\/\/buletin.de\/bucuresti\/?p=128933"},"modified":"2025-05-05T16:33:54","modified_gmt":"2025-05-05T13:33:54","slug":"10-motive-pentru-care-simion-dan-nu-seamana-cu-nastase-basescu","status":"publish","type":"post","link":"https:\/\/buletin.de\/bucuresti\/10-motive-pentru-care-simion-dan-nu-seamana-cu-nastase-basescu\/","title":{"rendered":"EDITORIAL | 10 motive pentru care Simion &#8211; Dan nu seam\u0103n\u0103 cu N\u0103stase &#8211; B\u0103sescu"},"content":{"rendered":"\n<p><strong>Adrian N\u0103stase a colorat \u0163ara \u00een ro\u015fu \u00een primul tur din 2004 \u015fi totu\u015fi a fost \u00eenfr\u00e2nt de Traian B\u0103sescu. Este perspectiva optimist\u0103 a celor care \u00eel sus\u0163in pe Nicu\u015for Dan \u015fi v\u0103d lumini\u0163a de la cap\u0103tul tunelului, cu o victorie \u00een fa\u0163a lui George Simion, \u00een turul al II-lea. \u00cens\u0103 de la fostul primar al Capitalei la actualul primar e-o cale-at\u00e2t de lung\u0103\u2026<\/strong><\/p>\n\n\n\n<div class=\"wp-block-buttons is-content-justification-center is-layout-flex wp-container-core-buttons-is-layout-16018d1d wp-block-buttons-is-layout-flex\">\n<div class=\"wp-block-button has-custom-width wp-block-button__width-100\"><a class=\"wp-block-button__link wp-element-button\" href=\"https:\/\/www.patreon.com\/BuletinDeBucuresti\"><strong>Sus\u021bine Buletin de Bucure\u0219ti pentru investiga\u021bii, reportaje \u0219i \u0219tiri Locale<\/strong><\/a><\/div>\n<\/div>\n\n\n\n<ol class=\"wp-block-list\">\n<li>\u00cen primul r\u00e2nd e o uria\u015f\u0103 diferen\u0163\u0103 de <strong>retoric\u0103<\/strong>. Traian B\u0103sescu juca tenis oratoric de anduran\u0163\u0103, \u00eentorcea replici scr\u00e2\u015fnind din din\u0163i \u015fi nu prea pierdea puncte. Ba mai mult, mai servea \u015fi c\u00e2te un as, cum a fost celebra replic\u0103 dat\u0103 lui N\u0103stase &#8211; \u00abCe blestem o fi pe poporul \u0103sta de a ajuns s\u0103 voteze dintre doi fo\u015fti comuni\u015fti?\u00bb \u00cen schimb, Nicu\u015for Dan \u201en-are papagal\u201d, dup\u0103 cum tocmai am auzit \u00een weekend-ul alegerilor. F\u0103r\u0103 avantajul unui discurs seduc\u0103tor, e greu s\u0103 ba\u0163i un candidat mesianic, ba chiar \u015fi valetul candidatului mesianic.<\/li>\n\n\n\n<li>Nicu\u015for Dan e sincer, c\u00e2teodat\u0103 chiar enervant de sincer. Tocmai ce s-a \u00eencheiat turul I \u015fi el <a href=\"https:\/\/www.g4media.ro\/video-nicusor-dan-intrebat-daca-psd-va-fi-la-guvernare-e-obligatoriu-daca-vrem-un-guvern-cu-majoritate-parlamentara-nu-se-poate-fara-psd-dupa-cum-nu-se-poate-fara-pnl-solutia-ideala.html?utm_source=rss&amp;utm_medium=rss&amp;utm_campaign=video-nicusor-dan-intrebat-daca-psd-va-fi-la-guvernare-e-obligatoriu-daca-vrem-un-guvern-cu-majoritate-parlamentara-nu-se-poate-fara-psd-dupa-cum-nu-se-poate-fara-pnl-solutia-ideala\">a spus c\u0103 e obligatoriu ca PSD s\u0103 r\u0103m\u00e2n\u0103 la guvernare<\/a>. Practic, are dreptate, pentru c\u0103, f\u0103r\u0103 PSD, ar fi un Guvern \u015fchiop \u015fi tremurat, dat\u0103 fiind configura\u0163ia actualului Parlament. Ideatic, \u00eens\u0103, cu franche\u0163ea lui, e posibil s\u0103 \u0163in\u0103 acas\u0103 o parte din electorat, care, teoretic, ar vota cu candidatul pro-european, dar nici n-ar vrea s\u0103 mai aud\u0103 de PSD.<\/li>\n\n\n\n<li>Da, Adrian N\u0103stase a luat peste 40% \u00een primul tur al alegerilor din 2004, dar Traian B\u0103sescu nu a avut jum\u0103tate, ci aproape 34%. Diferen\u0163a nu pare insurmontabil\u0103 \u00een condi\u0163iile astea. \u015ei, de altfel, scorul a fost r\u0103sturnat.<\/li>\n\n\n\n<li>\u00cen 2004, \u00een afar\u0103 de finali\u015fti, doar Vadim Tudor a mai contat \u00een turul I. \u00cen rest, firimituri. Acum, votul e ca un mozaic, ale c\u0103rui buc\u0103\u0163i sunt greu de crezut c\u0103 pot fi reconfigurate \u00een puzzle-ul Nicu\u015for Dan. Da, poate mai ia voturi de la Crin, dar nici alea pe toate. Dar de la Victor Ponta? Greu de crezut.&nbsp;<\/li>\n\n\n\n<li>Traian B\u0103sescu era exponentul schimb\u0103rii &#8211; dup\u0103 \u00eenc\u0103 patru ani iliescieni, oamenii voiau altceva. Acum, mirajul \u201ealtceva-ului\u201d este \u00een tab\u0103ra \u201esuveranist\u0103\u201d. Nicu\u015for Dan este v\u0103zut de votan\u0163ii din acea sfer\u0103 ca om al sistemului, ori c\u0103 vorbim de cel d\u00e2mbovi\u0163ean, ori de cel bruxellez.&nbsp;<\/li>\n\n\n\n<li>F\u0103r\u0103 s\u0103 ia voturi de la contracandida\u0163ii sco\u015fi din lupt\u0103, Nicu\u015for Dan se bazeaz\u0103 pe nehot\u0103r\u00e2\u0163i. Ca s\u0103 \u00eei sco\u0163i la vot \u00een turul al II-lea, e nevoie de o campanie vibrant\u0103. Cine s\u0103 o fac\u0103? Simpla team\u0103 de izola\u0163ionism s-ar putea s\u0103 nu fie un catalizator \u00eendeajuns de bun.<\/li>\n\n\n\n<li>\u015ei dac\u0103 apare vreo leb\u0103d\u0103 neagr\u0103 (care ar trebui s\u0103 fie cea mai gras\u0103 leb\u0103d\u0103 neagr\u0103), e greu de crezut c\u0103 electoratul lui George Simion poate fi convins s\u0103 schimbe macazul. O s\u0103 apar\u0103 nara\u0163iuni c\u0103 \u00abe f\u0103c\u0103tur\u0103\u00bb, c\u0103 \u00abe m\u00e2na sistemului\u00bb, c\u0103 \u00abe dosar fabricat\u00bb\u2026 Totul pe principiul Trump care a spus \u201eI could shoot somebody and still not lose voters\u201d.<\/li>\n\n\n\n<li>\u00centr-o \u0163ar\u0103 conservatoare precum Rom\u00e2nia, Traian B\u0103sescu nu c\u0103lca pe coad\u0103 electoratul cre\u015ftin, cu viziuni antiprogresiste. \u00cen schimb, Nicu\u015for Dan o face. Becali a ie\u015fit deja s\u0103 spun\u0103 <a href=\"https:\/\/hotnews.ro\/george-becali-anunta-pentru-cine-va-face-campanie-in-turul-2-ce-vrei-sa-fac-sa-mi-pun-nepotii-sa-poarte-fusta-1964872\">c\u0103 nu vrea ca nepo\u0163ii lui s\u0103 poarte fust\u0103<\/a>. S\u0103 vedem dac\u0103 va alege Ciolacu s\u0103 poarte fust\u0103 sau se va ralia \u015fi el \u00een spatele lui Simion.&nbsp;<\/li>\n\n\n\n<li><strong>Meteoritul<\/strong>. \u00cen 2004 nu a c\u0103zut niciun meteorit. Acum \u00eel avem aici, a cr\u0103pat scoar\u0163a terestr\u0103 \u015fi e pe cale s\u0103 duc\u0103 democra\u0163ia c\u0103tre extinc\u0163ie. Totu\u015fi, materialului meteoritului e hipnotizant. Oamenii nu fug de el, ci se duc s\u0103 fac\u0103 temenele. Georgescu e un fel de conquistador primit cu m\u0103rgele de sticl\u0103, care ia \u00een der\u00e2dere darurile \u015fi \u00eei va trimite pe b\u0103\u015ftina\u015fi \u00een cel mai crunt co\u015fmar al ultimelor decenii.&nbsp;Deocamdat\u0103, prin trimisul s\u0103u, George Simion. Cine \u015ftie ce ne rezerv\u0103 viitorul&#8230;<\/li>\n\n\n\n<li>\u0162ara asta se lupt\u0103, de vreo trei decenii cu neo-comunismul. A \u00eencercat mariajul cu Emil Constantinescu, a fost dezam\u0103git\u0103. A \u00eencercat cu Traian B\u0103sescu, a fost \u00een\u015felat\u0103. A \u00eencercat cu Klaus Iohannis, a fost sc\u00e2rbit\u0103. Nu-i r\u0103m\u00e2ne dec\u00e2t s\u0103 se arunce \u00een bra\u0163ele amantului care \u00eei face ochi dulci. \u015ei s-a \u00eendr\u0103gostit at\u00e2t de tare, \u00eenc\u00e2t greu de crezut c-o mai treze\u015fte cineva la realitate\u2026<\/li>\n<\/ol>\n\n\n\n<p><strong>CITE\u015eTE \u015eI: <a href=\"https:\/\/buletin.de\/bucuresti\/editorial-miracolul-din-ilfov-prezenta-la-vot-a-fost-de-101-in-tunari-iar-george-simion-a-iesit-pe-locul-trei-acasa-la-el\/\" target=\"_blank\" rel=\"noreferrer noopener\">EDITORIAL | \u201eMiracolul\u201d din Ilfov: prezen\u021ba la vot a fost de 101% \u00een Tunari, iar George Simion a ie\u0219it pe locul trei \u201eacas\u0103\u201d la el<\/a><br><\/strong><\/p>\n","protected":false},"excerpt":{"rendered":"<p>Adrian N\u0103stase a colorat \u0163ara \u00een ro\u015fu \u00een primul tur din 2004 \u015fi totu\u015fi a fost \u00eenfr\u00e2nt de Traian B\u0103sescu. Este perspectiva optimist\u0103 a celor care \u00eel sus\u0163in pe Nicu\u015for Dan \u015fi v\u0103d lumini\u0163a de la cap\u0103tul tunelului, cu o victorie \u00een fa\u0163a lui George Simion, \u00een turul al II-lea. \u00cens\u0103 de la fostul primar [&hellip;]<\/p>\n","protected":false},"author":8,"featured_media":128934,"comment_status":"closed","ping_status":"open","sticky":false,"template":"","format":"standard","meta":{"_acf_changed":false,"inline_featured_image":false,"ngg_post_thumbnail":0,"footnotes":""},"categories":[6994,41,5762],"tags":[21107,20447,3859,223,20089],"ppma_author":[22586],"class_list":["post-128933","post","type-post","status-publish","format-standard","has-post-thumbnail","hentry","category-stiri-2","category-editorial","category-main","tag-adrian-nastase","tag-alegeri-prezidentiale-2025","tag-george-simion","tag-nicusor-dan","tag-traian-basescu"],"acf":[],"yoast_head":"<!-- This site is optimized with the Yoast SEO Premium plugin v25.3 (Yoast SEO v27.5) - https:\/\/yoast.com\/product\/yoast-seo-premium-wordpress\/ -->\n<title>EDITORIAL | 10 motive pentru care Simion - Dan nu seam\u0103n\u0103 cu N\u0103stase - B\u0103sescu - Buletin de Bucure\u0219ti<\/title>\n<meta name=\"description\" content=\"Confruntarea Simion - Dan nu e la fel ca N\u0103stase - B\u0103sescu, din o serie de motive care \u00eei sunt potrivnice lui Nicu\u015for Dan.\" \/>\n<meta name=\"robots\" content=\"index, follow, max-snippet:-1, max-image-preview:large, max-video-preview:-1\" \/>\n<link rel=\"canonical\" href=\"https:\/\/buletin.de\/bucuresti\/10-motive-pentru-care-simion-dan-nu-seamana-cu-nastase-basescu\/\" \/>\n<meta property=\"og:locale\" content=\"en_GB\" \/>\n<meta property=\"og:type\" content=\"article\" \/>\n<meta property=\"og:title\" content=\"EDITORIAL | 10 motive pentru care Simion - Dan nu seam\u0103n\u0103 cu N\u0103stase - B\u0103sescu\" \/>\n<meta property=\"og:description\" content=\"Confruntarea Simion - Dan nu e la fel ca N\u0103stase - B\u0103sescu, din o serie de motive care \u00eei sunt potrivnice lui Nicu\u015for Dan.\" \/>\n<meta property=\"og:url\" content=\"https:\/\/buletin.de\/bucuresti\/10-motive-pentru-care-simion-dan-nu-seamana-cu-nastase-basescu\/\" \/>\n<meta property=\"og:site_name\" content=\"Buletin de Bucure\u0219ti\" \/>\n<meta property=\"article:publisher\" content=\"https:\/\/www.facebook.com\/buletin.de.buc\" \/>\n<meta property=\"article:published_time\" content=\"2025-05-05T06:14:32+00:00\" \/>\n<meta property=\"article:modified_time\" content=\"2025-05-05T13:33:54+00:00\" \/>\n<meta property=\"og:image\" content=\"https:\/\/buletin.de\/bucuresti\/wp-content\/uploads\/2025\/05\/Simion-Nicusor-INQUAM_Photos_Bogdan_Buda-scaled.jpg\" \/>\n\t<meta property=\"og:image:width\" content=\"2560\" \/>\n\t<meta property=\"og:image:height\" content=\"1707\" \/>\n\t<meta property=\"og:image:type\" content=\"image\/jpeg\" \/>\n<meta name=\"author\" content=\"Ionu\u021b Lepa\" \/>\n<meta name=\"twitter:card\" content=\"summary_large_image\" \/>\n<meta name=\"twitter:label1\" content=\"Written by\" \/>\n\t<meta name=\"twitter:data1\" content=\"Ionu\u021b Lepa\" \/>\n\t<meta name=\"twitter:label2\" content=\"Estimated reading time\" \/>\n\t<meta name=\"twitter:data2\" content=\"4 minutes\" \/>\n<script type=\"application\/ld+json\" class=\"yoast-schema-graph\">{\"@context\":\"https:\\\/\\\/schema.org\",\"@graph\":[{\"@type\":\"Article\",\"@id\":\"https:\\\/\\\/buletin.de\\\/bucuresti\\\/10-motive-pentru-care-simion-dan-nu-seamana-cu-nastase-basescu\\\/#article\",\"isPartOf\":{\"@id\":\"https:\\\/\\\/buletin.de\\\/bucuresti\\\/10-motive-pentru-care-simion-dan-nu-seamana-cu-nastase-basescu\\\/\"},\"author\":{\"name\":\"Ionu\u021b Lepa\",\"@id\":\"https:\\\/\\\/buletin.de\\\/bucuresti\\\/#\\\/schema\\\/person\\\/5272b8a057b33890940b57b837fc4ce6\"},\"headline\":\"EDITORIAL | 10 motive pentru care Simion &#8211; Dan nu seam\u0103n\u0103 cu N\u0103stase &#8211; B\u0103sescu\",\"datePublished\":\"2025-05-05T06:14:32+00:00\",\"dateModified\":\"2025-05-05T13:33:54+00:00\",\"mainEntityOfPage\":{\"@id\":\"https:\\\/\\\/buletin.de\\\/bucuresti\\\/10-motive-pentru-care-simion-dan-nu-seamana-cu-nastase-basescu\\\/\"},\"wordCount\":841,\"publisher\":{\"@id\":\"https:\\\/\\\/buletin.de\\\/bucuresti\\\/#organization\"},\"image\":{\"@id\":\"https:\\\/\\\/buletin.de\\\/bucuresti\\\/10-motive-pentru-care-simion-dan-nu-seamana-cu-nastase-basescu\\\/#primaryimage\"},\"thumbnailUrl\":\"https:\\\/\\\/buletin.de\\\/bucuresti\\\/wp-content\\\/uploads\\\/2025\\\/05\\\/Simion-Nicusor-INQUAM_Photos_Bogdan_Buda-scaled.jpg\",\"keywords\":[\"adrian nastase\",\"alegeri prezidentiale 2025\",\"george simion\",\"nicusor dan\",\"traian basescu\"],\"articleSection\":[\"Articole\",\"Editorial\",\"Main\"],\"inLanguage\":\"en-GB\",\"copyrightYear\":\"2025\",\"copyrightHolder\":{\"@id\":\"https:\\\/\\\/buletin.de\\\/bucuresti\\\/#organization\"}},{\"@type\":\"WebPage\",\"@id\":\"https:\\\/\\\/buletin.de\\\/bucuresti\\\/10-motive-pentru-care-simion-dan-nu-seamana-cu-nastase-basescu\\\/\",\"url\":\"https:\\\/\\\/buletin.de\\\/bucuresti\\\/10-motive-pentru-care-simion-dan-nu-seamana-cu-nastase-basescu\\\/\",\"name\":\"EDITORIAL | 10 motive pentru care Simion - Dan nu seam\u0103n\u0103 cu N\u0103stase - B\u0103sescu - Buletin de Bucure\u0219ti\",\"isPartOf\":{\"@id\":\"https:\\\/\\\/buletin.de\\\/bucuresti\\\/#website\"},\"primaryImageOfPage\":{\"@id\":\"https:\\\/\\\/buletin.de\\\/bucuresti\\\/10-motive-pentru-care-simion-dan-nu-seamana-cu-nastase-basescu\\\/#primaryimage\"},\"image\":{\"@id\":\"https:\\\/\\\/buletin.de\\\/bucuresti\\\/10-motive-pentru-care-simion-dan-nu-seamana-cu-nastase-basescu\\\/#primaryimage\"},\"thumbnailUrl\":\"https:\\\/\\\/buletin.de\\\/bucuresti\\\/wp-content\\\/uploads\\\/2025\\\/05\\\/Simion-Nicusor-INQUAM_Photos_Bogdan_Buda-scaled.jpg\",\"datePublished\":\"2025-05-05T06:14:32+00:00\",\"dateModified\":\"2025-05-05T13:33:54+00:00\",\"description\":\"Confruntarea Simion - Dan nu e la fel ca N\u0103stase - B\u0103sescu, din o serie de motive care \u00eei sunt potrivnice lui Nicu\u015for Dan.\",\"breadcrumb\":{\"@id\":\"https:\\\/\\\/buletin.de\\\/bucuresti\\\/10-motive-pentru-care-simion-dan-nu-seamana-cu-nastase-basescu\\\/#breadcrumb\"},\"inLanguage\":\"en-GB\",\"potentialAction\":[{\"@type\":\"ReadAction\",\"target\":[\"https:\\\/\\\/buletin.de\\\/bucuresti\\\/10-motive-pentru-care-simion-dan-nu-seamana-cu-nastase-basescu\\\/\"]}]},{\"@type\":\"ImageObject\",\"inLanguage\":\"en-GB\",\"@id\":\"https:\\\/\\\/buletin.de\\\/bucuresti\\\/10-motive-pentru-care-simion-dan-nu-seamana-cu-nastase-basescu\\\/#primaryimage\",\"url\":\"https:\\\/\\\/buletin.de\\\/bucuresti\\\/wp-content\\\/uploads\\\/2025\\\/05\\\/Simion-Nicusor-INQUAM_Photos_Bogdan_Buda-scaled.jpg\",\"contentUrl\":\"https:\\\/\\\/buletin.de\\\/bucuresti\\\/wp-content\\\/uploads\\\/2025\\\/05\\\/Simion-Nicusor-INQUAM_Photos_Bogdan_Buda-scaled.jpg\",\"width\":2250,\"height\":1500,\"caption\":\"Confruntarea Simion - Dan, diferit\u0103 de N\u0103stase - B\u0103sescu. FOTO: INQUAM \\\/ Bogdan Buda\"},{\"@type\":\"BreadcrumbList\",\"@id\":\"https:\\\/\\\/buletin.de\\\/bucuresti\\\/10-motive-pentru-care-simion-dan-nu-seamana-cu-nastase-basescu\\\/#breadcrumb\",\"itemListElement\":[{\"@type\":\"ListItem\",\"position\":1,\"name\":\"Acas\u0103\",\"item\":\"https:\\\/\\\/buletin.de\\\/bucuresti\\\/\"},{\"@type\":\"ListItem\",\"position\":2,\"name\":\"EDITORIAL | 10 motive pentru care Simion &#8211; Dan nu seam\u0103n\u0103 cu N\u0103stase &#8211; B\u0103sescu\"}]},{\"@type\":\"WebSite\",\"@id\":\"https:\\\/\\\/buletin.de\\\/bucuresti\\\/#website\",\"url\":\"https:\\\/\\\/buletin.de\\\/bucuresti\\\/\",\"name\":\"Buletin de Bucure\u0219ti\",\"description\":\"\u0218tiri \u0219i investiga\u021bii esen\u021biale din capital\u0103\",\"publisher\":{\"@id\":\"https:\\\/\\\/buletin.de\\\/bucuresti\\\/#organization\"},\"potentialAction\":[{\"@type\":\"SearchAction\",\"target\":{\"@type\":\"EntryPoint\",\"urlTemplate\":\"https:\\\/\\\/buletin.de\\\/bucuresti\\\/?s={search_term_string}\"},\"query-input\":{\"@type\":\"PropertyValueSpecification\",\"valueRequired\":true,\"valueName\":\"search_term_string\"}}],\"inLanguage\":\"en-GB\"},{\"@type\":\"Organization\",\"@id\":\"https:\\\/\\\/buletin.de\\\/bucuresti\\\/#organization\",\"name\":\"Buletin de Bucure\u0219ti\",\"url\":\"https:\\\/\\\/buletin.de\\\/bucuresti\\\/\",\"logo\":{\"@type\":\"ImageObject\",\"inLanguage\":\"en-GB\",\"@id\":\"https:\\\/\\\/buletin.de\\\/bucuresti\\\/#\\\/schema\\\/logo\\\/image\\\/\",\"url\":\"https:\\\/\\\/buletin.de\\\/bucuresti\\\/wp-content\\\/uploads\\\/logo-bdb-full-wide-vernil-transparent.png\",\"contentUrl\":\"https:\\\/\\\/buletin.de\\\/bucuresti\\\/wp-content\\\/uploads\\\/logo-bdb-full-wide-vernil-transparent.png\",\"width\":1782,\"height\":626,\"caption\":\"Buletin de Bucure\u0219ti\"},\"image\":{\"@id\":\"https:\\\/\\\/buletin.de\\\/bucuresti\\\/#\\\/schema\\\/logo\\\/image\\\/\"},\"sameAs\":[\"https:\\\/\\\/www.facebook.com\\\/buletin.de.buc\",\"https:\\\/\\\/www.instagram.com\\\/buletinde.bucuresti\\\/\"]},{\"@type\":\"Person\",\"@id\":\"https:\\\/\\\/buletin.de\\\/bucuresti\\\/#\\\/schema\\\/person\\\/5272b8a057b33890940b57b837fc4ce6\",\"name\":\"Ionu\u021b Lepa\",\"image\":{\"@type\":\"ImageObject\",\"inLanguage\":\"en-GB\",\"@id\":\"https:\\\/\\\/buletin.de\\\/bucuresti\\\/wp-content\\\/uploads\\\/Ionut-Lepa-96x96.jpg5c4e4d9e049808799a8821652d2410a4\",\"url\":\"https:\\\/\\\/buletin.de\\\/bucuresti\\\/wp-content\\\/uploads\\\/Ionut-Lepa-96x96.jpg\",\"contentUrl\":\"https:\\\/\\\/buletin.de\\\/bucuresti\\\/wp-content\\\/uploads\\\/Ionut-Lepa-96x96.jpg\",\"caption\":\"Ionu\u021b Lepa\"},\"url\":\"https:\\\/\\\/buletin.de\\\/bucuresti\\\/author\\\/ionutlepa\\\/\"}]}<\/script>\n<!-- \/ Yoast SEO Premium plugin. -->","yoast_head_json":{"title":"EDITORIAL | 10 motive pentru care Simion - Dan nu seam\u0103n\u0103 cu N\u0103stase - B\u0103sescu - Buletin de Bucure\u0219ti","description":"Confruntarea Simion - Dan nu e la fel ca N\u0103stase - B\u0103sescu, din o serie de motive care \u00eei sunt potrivnice lui Nicu\u015for Dan.","robots":{"index":"index","follow":"follow","max-snippet":"max-snippet:-1","max-image-preview":"max-image-preview:large","max-video-preview":"max-video-preview:-1"},"canonical":"https:\/\/buletin.de\/bucuresti\/10-motive-pentru-care-simion-dan-nu-seamana-cu-nastase-basescu\/","og_locale":"en_GB","og_type":"article","og_title":"EDITORIAL | 10 motive pentru care Simion - Dan nu seam\u0103n\u0103 cu N\u0103stase - B\u0103sescu","og_description":"Confruntarea Simion - Dan nu e la fel ca N\u0103stase - B\u0103sescu, din o serie de motive care \u00eei sunt potrivnice lui Nicu\u015for Dan.","og_url":"https:\/\/buletin.de\/bucuresti\/10-motive-pentru-care-simion-dan-nu-seamana-cu-nastase-basescu\/","og_site_name":"Buletin de Bucure\u0219ti","article_publisher":"https:\/\/www.facebook.com\/buletin.de.buc","article_published_time":"2025-05-05T06:14:32+00:00","article_modified_time":"2025-05-05T13:33:54+00:00","og_image":[{"width":2560,"height":1707,"url":"https:\/\/buletin.de\/bucuresti\/wp-content\/uploads\/2025\/05\/Simion-Nicusor-INQUAM_Photos_Bogdan_Buda-scaled.jpg","type":"image\/jpeg"}],"author":"Ionu\u021b Lepa","twitter_card":"summary_large_image","twitter_misc":{"Written by":"Ionu\u021b Lepa","Estimated reading time":"4 minutes"},"schema":{"@context":"https:\/\/schema.org","@graph":[{"@type":"Article","@id":"https:\/\/buletin.de\/bucuresti\/10-motive-pentru-care-simion-dan-nu-seamana-cu-nastase-basescu\/#article","isPartOf":{"@id":"https:\/\/buletin.de\/bucuresti\/10-motive-pentru-care-simion-dan-nu-seamana-cu-nastase-basescu\/"},"author":{"name":"Ionu\u021b Lepa","@id":"https:\/\/buletin.de\/bucuresti\/#\/schema\/person\/5272b8a057b33890940b57b837fc4ce6"},"headline":"EDITORIAL | 10 motive pentru care Simion &#8211; Dan nu seam\u0103n\u0103 cu N\u0103stase &#8211; B\u0103sescu","datePublished":"2025-05-05T06:14:32+00:00","dateModified":"2025-05-05T13:33:54+00:00","mainEntityOfPage":{"@id":"https:\/\/buletin.de\/bucuresti\/10-motive-pentru-care-simion-dan-nu-seamana-cu-nastase-basescu\/"},"wordCount":841,"publisher":{"@id":"https:\/\/buletin.de\/bucuresti\/#organization"},"image":{"@id":"https:\/\/buletin.de\/bucuresti\/10-motive-pentru-care-simion-dan-nu-seamana-cu-nastase-basescu\/#primaryimage"},"thumbnailUrl":"https:\/\/buletin.de\/bucuresti\/wp-content\/uploads\/2025\/05\/Simion-Nicusor-INQUAM_Photos_Bogdan_Buda-scaled.jpg","keywords":["adrian nastase","alegeri prezidentiale 2025","george simion","nicusor dan","traian basescu"],"articleSection":["Articole","Editorial","Main"],"inLanguage":"en-GB","copyrightYear":"2025","copyrightHolder":{"@id":"https:\/\/buletin.de\/bucuresti\/#organization"}},{"@type":"WebPage","@id":"https:\/\/buletin.de\/bucuresti\/10-motive-pentru-care-simion-dan-nu-seamana-cu-nastase-basescu\/","url":"https:\/\/buletin.de\/bucuresti\/10-motive-pentru-care-simion-dan-nu-seamana-cu-nastase-basescu\/","name":"EDITORIAL | 10 motive pentru care Simion - Dan nu seam\u0103n\u0103 cu N\u0103stase - B\u0103sescu - Buletin de Bucure\u0219ti","isPartOf":{"@id":"https:\/\/buletin.de\/bucuresti\/#website"},"primaryImageOfPage":{"@id":"https:\/\/buletin.de\/bucuresti\/10-motive-pentru-care-simion-dan-nu-seamana-cu-nastase-basescu\/#primaryimage"},"image":{"@id":"https:\/\/buletin.de\/bucuresti\/10-motive-pentru-care-simion-dan-nu-seamana-cu-nastase-basescu\/#primaryimage"},"thumbnailUrl":"https:\/\/buletin.de\/bucuresti\/wp-content\/uploads\/2025\/05\/Simion-Nicusor-INQUAM_Photos_Bogdan_Buda-scaled.jpg","datePublished":"2025-05-05T06:14:32+00:00","dateModified":"2025-05-05T13:33:54+00:00","description":"Confruntarea Simion - Dan nu e la fel ca N\u0103stase - B\u0103sescu, din o serie de motive care \u00eei sunt potrivnice lui Nicu\u015for Dan.","breadcrumb":{"@id":"https:\/\/buletin.de\/bucuresti\/10-motive-pentru-care-simion-dan-nu-seamana-cu-nastase-basescu\/#breadcrumb"},"inLanguage":"en-GB","potentialAction":[{"@type":"ReadAction","target":["https:\/\/buletin.de\/bucuresti\/10-motive-pentru-care-simion-dan-nu-seamana-cu-nastase-basescu\/"]}]},{"@type":"ImageObject","inLanguage":"en-GB","@id":"https:\/\/buletin.de\/bucuresti\/10-motive-pentru-care-simion-dan-nu-seamana-cu-nastase-basescu\/#primaryimage","url":"https:\/\/buletin.de\/bucuresti\/wp-content\/uploads\/2025\/05\/Simion-Nicusor-INQUAM_Photos_Bogdan_Buda-scaled.jpg","contentUrl":"https:\/\/buletin.de\/bucuresti\/wp-content\/uploads\/2025\/05\/Simion-Nicusor-INQUAM_Photos_Bogdan_Buda-scaled.jpg","width":2250,"height":1500,"caption":"Confruntarea Simion - Dan, diferit\u0103 de N\u0103stase - B\u0103sescu. FOTO: INQUAM \/ Bogdan Buda"},{"@type":"BreadcrumbList","@id":"https:\/\/buletin.de\/bucuresti\/10-motive-pentru-care-simion-dan-nu-seamana-cu-nastase-basescu\/#breadcrumb","itemListElement":[{"@type":"ListItem","position":1,"name":"Acas\u0103","item":"https:\/\/buletin.de\/bucuresti\/"},{"@type":"ListItem","position":2,"name":"EDITORIAL | 10 motive pentru care Simion &#8211; Dan nu seam\u0103n\u0103 cu N\u0103stase &#8211; B\u0103sescu"}]},{"@type":"WebSite","@id":"https:\/\/buletin.de\/bucuresti\/#website","url":"https:\/\/buletin.de\/bucuresti\/","name":"Buletin de Bucure\u0219ti","description":"\u0218tiri \u0219i investiga\u021bii esen\u021biale din capital\u0103","publisher":{"@id":"https:\/\/buletin.de\/bucuresti\/#organization"},"potentialAction":[{"@type":"SearchAction","target":{"@type":"EntryPoint","urlTemplate":"https:\/\/buletin.de\/bucuresti\/?s={search_term_string}"},"query-input":{"@type":"PropertyValueSpecification","valueRequired":true,"valueName":"search_term_string"}}],"inLanguage":"en-GB"},{"@type":"Organization","@id":"https:\/\/buletin.de\/bucuresti\/#organization","name":"Buletin de Bucure\u0219ti","url":"https:\/\/buletin.de\/bucuresti\/","logo":{"@type":"ImageObject","inLanguage":"en-GB","@id":"https:\/\/buletin.de\/bucuresti\/#\/schema\/logo\/image\/","url":"https:\/\/buletin.de\/bucuresti\/wp-content\/uploads\/logo-bdb-full-wide-vernil-transparent.png","contentUrl":"https:\/\/buletin.de\/bucuresti\/wp-content\/uploads\/logo-bdb-full-wide-vernil-transparent.png","width":1782,"height":626,"caption":"Buletin de Bucure\u0219ti"},"image":{"@id":"https:\/\/buletin.de\/bucuresti\/#\/schema\/logo\/image\/"},"sameAs":["https:\/\/www.facebook.com\/buletin.de.buc","https:\/\/www.instagram.com\/buletinde.bucuresti\/"]},{"@type":"Person","@id":"https:\/\/buletin.de\/bucuresti\/#\/schema\/person\/5272b8a057b33890940b57b837fc4ce6","name":"Ionu\u021b Lepa","image":{"@type":"ImageObject","inLanguage":"en-GB","@id":"https:\/\/buletin.de\/bucuresti\/wp-content\/uploads\/Ionut-Lepa-96x96.jpg5c4e4d9e049808799a8821652d2410a4","url":"https:\/\/buletin.de\/bucuresti\/wp-content\/uploads\/Ionut-Lepa-96x96.jpg","contentUrl":"https:\/\/buletin.de\/bucuresti\/wp-content\/uploads\/Ionut-Lepa-96x96.jpg","caption":"Ionu\u021b Lepa"},"url":"https:\/\/buletin.de\/bucuresti\/author\/ionutlepa\/"}]}},"authors":[{"term_id":22586,"user_id":8,"is_guest":0,"slug":"ionutlepa","display_name":"Ionu\u021b Lepa","avatar_url":"https:\/\/buletin.de\/bucuresti\/wp-content\/uploads\/Ionut-Lepa-96x96.jpg","0":null,"1":"","2":"","3":"","4":"","5":"","6":"","7":"","8":""}],"_links":{"self":[{"href":"https:\/\/buletin.de\/bucuresti\/wp-json\/wp\/v2\/posts\/128933","targetHints":{"allow":["GET"]}}],"collection":[{"href":"https:\/\/buletin.de\/bucuresti\/wp-json\/wp\/v2\/posts"}],"about":[{"href":"https:\/\/buletin.de\/bucuresti\/wp-json\/wp\/v2\/types\/post"}],"author":[{"embeddable":true,"href":"https:\/\/buletin.de\/bucuresti\/wp-json\/wp\/v2\/users\/8"}],"replies":[{"embeddable":true,"href":"https:\/\/buletin.de\/bucuresti\/wp-json\/wp\/v2\/comments?post=128933"}],"version-history":[{"count":5,"href":"https:\/\/buletin.de\/bucuresti\/wp-json\/wp\/v2\/posts\/128933\/revisions"}],"predecessor-version":[{"id":128944,"href":"https:\/\/buletin.de\/bucuresti\/wp-json\/wp\/v2\/posts\/128933\/revisions\/128944"}],"wp:featuredmedia":[{"embeddable":true,"href":"https:\/\/buletin.de\/bucuresti\/wp-json\/wp\/v2\/media\/128934"}],"wp:attachment":[{"href":"https:\/\/buletin.de\/bucuresti\/wp-json\/wp\/v2\/media?parent=128933"}],"wp:term":[{"taxonomy":"category","embeddable":true,"href":"https:\/\/buletin.de\/bucuresti\/wp-json\/wp\/v2\/categories?post=128933"},{"taxonomy":"post_tag","embeddable":true,"href":"https:\/\/buletin.de\/bucuresti\/wp-json\/wp\/v2\/tags?post=128933"},{"taxonomy":"author","embeddable":true,"href":"https:\/\/buletin.de\/bucuresti\/wp-json\/wp\/v2\/ppma_author?post=128933"}],"curies":[{"name":"wp","href":"https:\/\/api.w.org\/{rel}","templated":true}]}}