{"id":128468,"date":"2025-05-02T21:26:01","date_gmt":"2025-05-02T18:26:01","guid":{"rendered":"https:\/\/buletin.de\/bucuresti\/?p=128468"},"modified":"2025-05-02T21:30:58","modified_gmt":"2025-05-02T18:30:58","slug":"ce-spun-nicusor-dan-si-victor-ponta-despre-casa-din-tunari-care-apare-in-fotografiile-publicate-de-elena-lasconi","status":"publish","type":"post","link":"https:\/\/buletin.de\/bucuresti\/ce-spun-nicusor-dan-si-victor-ponta-despre-casa-din-tunari-care-apare-in-fotografiile-publicate-de-elena-lasconi\/","title":{"rendered":"Ce spun Nicu\u0219or Dan \u0219i Victor Ponta despre casa din Tunari care apare \u00een fotografiile publicate de Elena Lasconi"},"content":{"rendered":"\n<p><strong>At\u00e2t Nicu\u0219or Dan, c\u00e2t \u0219i Victor Ponta, care apar \u00een fotografiile publicate de Elena Lasconi al\u0103turi de generalul SRI Florian Coldea, au negat c\u0103 au fost \u00een casa din Tunari surprins\u0103 \u00een cele patru cadre \u0219i care a fost identificat\u0103 de Buletin de Bucure\u0219ti. <\/strong><\/p>\n\n\n\n<p>Veridicitatea fotografiilor publicate de c\u0103tre candidata USR a fost contestat\u0103 de to\u021bi cei trei acuza\u021bi c\u0103 ar fi avut o \u201e\u00eent\u00e2lnire secret\u0103\u201d \u00een decembrie 2024. At\u00e2t Victor Ponta, c\u00e2t \u0219i Nicu\u0219or Dan au depus pl\u00e2ngeri penale, acuz\u00e2nd faptul c\u0103 imaginile sunt trucate.<\/p>\n\n\n\n<h2 class=\"wp-block-heading\" id=\"h-locuin\u021ba-din-fotografiile-publicate-de-elena-lasconi-intr-un-ansamblu-reziden\u021bial-din-tunari\">Locuin\u021ba din fotografiile publicate de Elena Lasconi, \u00eentr-un ansamblu reziden\u021bial din Tunari<\/h2>\n\n\n\n<p><strong>Casa care apare \u00een fotografiile distribuite pe contul Elenei Lasconi, imagini ce au declan\u0219at un scandal politic major implic\u00e2ndu-l pe primarul Nicu\u0219or Dan, a fost identificat\u0103 de jurnali\u0219tii Buletin de Bucure\u0219ti.<\/strong><\/p>\n\n\n\n<p><strong>Imobilul este o re\u0219edin\u021b\u0103 privat\u0103 discret\u0103, care nu se afla \u00een Capital\u0103, ci \u00een comuna Tunari din jude\u021bul Ilfov. Mai mult, locuin\u021ba este disponibil\u0103 pentru \u00eenchiriere pe platforme online de tip Airbnb \u0219i Booking.<\/strong><\/p>\n\n\n\n<p>De\u0219i proprietatea \u00een sine pare modern\u0103 \u0219i bine dotat\u0103, este amplasat\u0103 \u00eentr-o arie a comunei unde infrastructura de baz\u0103 lipse\u0219te: str\u0103zile sunt neasfaltate, iar re\u021beaua de canalizare si apa potabil\u0103 nu este \u00eenc\u0103 func\u021bional\u0103.<\/p>\n\n\n\n<p>Imobilul, amplasat pe strada Balta Pas\u0103rea, este de\u021binut de o persoana fizic\u0103. P\u00e2n\u0103 \u00een 2021, parcela pe care a fost construit figura ca teren arabil, destina\u021bia fiind schimbat\u0103 \u00een 2021 printr-o autoriza\u021bie a Prim\u0103riei din Tunari care transform\u0103 suprafa\u021ba de peste 300 de metri p\u0103tra\u021bi, la pachet cu \u00eentreg perimetrul, \u00een \u201ecur\u021bi&nbsp;construc\u021bii\u201d.<\/p>\n\n\n\n<p><strong>CITE\u0218TE \u0218I: <a href=\"https:\/\/buletin.de\/bucuresti\/exclusiv-am-gasit-casa-care-apare-in-fotografiile-elenei-lasconi-imobilul-este-scos-la-inchiriat-in-regim-hotelier\/\" target=\"_blank\" rel=\"noreferrer noopener\">EXCLUSIV | Am g\u0103sit casa care apare \u00een fotografiile Elenei Lasconi. Imobilul este scos la \u00eenchiriat \u00een regim hotelier<\/a><br><\/strong><\/p>\n\n\n\n<h2 class=\"wp-block-heading\" id=\"h-ambii-candida\u021bi-neaga-ca-ar-\u0219ti-casa\">Ambii candida\u021bi neag\u0103 c\u0103 ar \u0219ti casa<\/h2>\n\n\n\n<p><strong>Victor Ponta a declarat pentru Buletin de Bucure\u0219ti c\u0103 nu are leg\u0103tur\u0103 cu respectivul complex imobiliar din Tunari sau cu proprietara casei ce apare \u00een fotografiile Elenei Lasconi.<\/strong><\/p>\n\n\n\n<p><strong>\u201eNu cunosc pe nimeni \u00een acel complex \u0219i nu am vizitat pe nimeni acolo\u201d, a r\u0103spuns candidatul, la \u00eentrebarea Buletin de Bucure\u0219ti dac\u0103 a fost acolo \u00een decembrie 2024 sau \u00een alt moment.<\/strong><\/p>\n\n\n\n<p>\u00centrebat, vineri, la Antena 1, dac\u0103 recunoa\u015fte imobilul \u015fi dac\u0103 a fost vreodat\u0103 \u00een casa respectiv\u0103, Nicu\u015for Dan a afirmat: \u201eNu am fost niciodat\u0103 \u00een Tunari. <\/p>\n\n\n\n<p>Adic\u0103 am trecut cu ma\u015fina prin Tunari, dar s\u0103 m\u0103 opresc la o cas\u0103 \u00een Tunari, niciodat\u0103 \u00een via\u0163a mea. Am fost \u00een Balote\u015fti, \u00een Otopeni, \u00een multe locuri, dar \u00een Tunari, niciodatat\u0103\u201d.<\/p>\n\n\n\n<div class=\"wp-block-buttons is-content-justification-center is-layout-flex wp-container-core-buttons-is-layout-16018d1d wp-block-buttons-is-layout-flex\">\n<div class=\"wp-block-button has-custom-width wp-block-button__width-100\"><a class=\"wp-block-button__link wp-element-button\" href=\"https:\/\/www.patreon.com\/BuletinDeBucuresti\"><strong>Sus\u021bine Buletin de Bucure\u0219ti pentru investiga\u021bii, reportaje \u0219i \u0219tiri Locale<\/strong><\/a><\/div>\n<\/div>\n\n\n\n<p><br><br><\/p>\n","protected":false},"excerpt":{"rendered":"<p>At\u00e2t Nicu\u0219or Dan, c\u00e2t \u0219i Victor Ponta, care apar \u00een fotografiile publicate de Elena Lasconi al\u0103turi de generalul SRI Florian Coldea, au negat c\u0103 au fost \u00een casa din Tunari surprins\u0103 \u00een cele patru cadre \u0219i care a fost identificat\u0103 de Buletin de Bucure\u0219ti. Veridicitatea fotografiilor publicate de c\u0103tre candidata USR a fost contestat\u0103 de [&hellip;]<\/p>\n","protected":false},"author":1,"featured_media":128435,"comment_status":"closed","ping_status":"open","sticky":false,"template":"","format":"standard","meta":{"_acf_changed":false,"inline_featured_image":false,"ngg_post_thumbnail":0,"footnotes":""},"categories":[6994,5762,9025],"tags":[21063,21064,15129,21066,21067,820,1115,1560,21065,1653],"ppma_author":[22583],"class_list":["post-128468","post","type-post","status-publish","format-standard","has-post-thumbnail","hentry","category-stiri-2","category-main","category-politic","tag-casa","tag-coldea","tag-elena-lasconi","tag-fake","tag-fotografii-elena-lasconi","tag-ilfov","tag-nicusor","tag-ponta","tag-poza","tag-tunari"],"acf":[],"yoast_head":"<!-- This site is optimized with the Yoast SEO Premium plugin v25.3 (Yoast SEO v27.4) - https:\/\/yoast.com\/product\/yoast-seo-premium-wordpress\/ -->\n<title>Ce spun Nicu\u0219or Dan \u0219i Victor Ponta despre casa din Tunari care apare \u00een fotografiile publicate de Elena Lasconi - Buletin de Bucure\u0219ti<\/title>\n<meta name=\"description\" content=\"Ce spun Nicu\u0219or Dan \u0219i Victor Ponta despre casa din Tunari, care apare \u00een fotografiile publicate de Elena Lasconi.\" \/>\n<meta name=\"robots\" content=\"index, follow, max-snippet:-1, max-image-preview:large, max-video-preview:-1\" \/>\n<link rel=\"canonical\" href=\"https:\/\/buletin.de\/bucuresti\/ce-spun-nicusor-dan-si-victor-ponta-despre-casa-din-tunari-care-apare-in-fotografiile-publicate-de-elena-lasconi\/\" \/>\n<meta property=\"og:locale\" content=\"en_GB\" \/>\n<meta property=\"og:type\" content=\"article\" \/>\n<meta property=\"og:title\" content=\"Ce spun Nicu\u0219or Dan \u0219i Victor Ponta despre casa din Tunari care apare \u00een fotografiile publicate de Elena Lasconi\" \/>\n<meta property=\"og:description\" content=\"Ce spun Nicu\u0219or Dan \u0219i Victor Ponta despre casa din Tunari, care apare \u00een fotografiile publicate de Elena Lasconi.\" \/>\n<meta property=\"og:url\" content=\"https:\/\/buletin.de\/bucuresti\/ce-spun-nicusor-dan-si-victor-ponta-despre-casa-din-tunari-care-apare-in-fotografiile-publicate-de-elena-lasconi\/\" \/>\n<meta property=\"og:site_name\" content=\"Buletin de Bucure\u0219ti\" \/>\n<meta property=\"article:publisher\" content=\"https:\/\/www.facebook.com\/buletin.de.buc\" \/>\n<meta property=\"article:published_time\" content=\"2025-05-02T18:26:01+00:00\" \/>\n<meta property=\"article:modified_time\" content=\"2025-05-02T18:30:58+00:00\" \/>\n<meta property=\"og:image\" content=\"https:\/\/buletin.de\/bucuresti\/wp-content\/uploads\/2025\/05\/1.jpg\" \/>\n\t<meta property=\"og:image:width\" content=\"2109\" \/>\n\t<meta property=\"og:image:height\" content=\"1187\" \/>\n\t<meta property=\"og:image:type\" content=\"image\/jpeg\" \/>\n<meta name=\"author\" content=\"Redac\u021bia Buletin de Bucure\u0219ti\" \/>\n<meta name=\"twitter:card\" content=\"summary_large_image\" \/>\n<meta name=\"twitter:label1\" content=\"Written by\" \/>\n\t<meta name=\"twitter:data1\" content=\"Redac\u021bia Buletin de Bucure\u0219ti\" \/>\n\t<meta name=\"twitter:label2\" content=\"Estimated reading time\" \/>\n\t<meta name=\"twitter:data2\" content=\"2 minutes\" \/>\n<script type=\"application\/ld+json\" class=\"yoast-schema-graph\">{\"@context\":\"https:\\\/\\\/schema.org\",\"@graph\":[{\"@type\":\"Article\",\"@id\":\"https:\\\/\\\/buletin.de\\\/bucuresti\\\/ce-spun-nicusor-dan-si-victor-ponta-despre-casa-din-tunari-care-apare-in-fotografiile-publicate-de-elena-lasconi\\\/#article\",\"isPartOf\":{\"@id\":\"https:\\\/\\\/buletin.de\\\/bucuresti\\\/ce-spun-nicusor-dan-si-victor-ponta-despre-casa-din-tunari-care-apare-in-fotografiile-publicate-de-elena-lasconi\\\/\"},\"author\":{\"name\":\"Redac\u021bia Buletin de Bucure\u0219ti\",\"@id\":\"https:\\\/\\\/buletin.de\\\/bucuresti\\\/#\\\/schema\\\/person\\\/2bbcf854e5f2419a13804af574d06ab1\"},\"headline\":\"Ce spun Nicu\u0219or Dan \u0219i Victor Ponta despre casa din Tunari care apare \u00een fotografiile publicate de Elena Lasconi\",\"datePublished\":\"2025-05-02T18:26:01+00:00\",\"dateModified\":\"2025-05-02T18:30:58+00:00\",\"mainEntityOfPage\":{\"@id\":\"https:\\\/\\\/buletin.de\\\/bucuresti\\\/ce-spun-nicusor-dan-si-victor-ponta-despre-casa-din-tunari-care-apare-in-fotografiile-publicate-de-elena-lasconi\\\/\"},\"wordCount\":477,\"publisher\":{\"@id\":\"https:\\\/\\\/buletin.de\\\/bucuresti\\\/#organization\"},\"image\":{\"@id\":\"https:\\\/\\\/buletin.de\\\/bucuresti\\\/ce-spun-nicusor-dan-si-victor-ponta-despre-casa-din-tunari-care-apare-in-fotografiile-publicate-de-elena-lasconi\\\/#primaryimage\"},\"thumbnailUrl\":\"https:\\\/\\\/buletin.de\\\/bucuresti\\\/wp-content\\\/uploads\\\/2025\\\/05\\\/1.jpg\",\"keywords\":[\"casa\",\"coldea\",\"elena lasconi\",\"fake\",\"fotografii elena lasconi\",\"Ilfov\",\"nicusor\",\"ponta\",\"poza\",\"tunari\"],\"articleSection\":[\"Articole\",\"Main\",\"Politic\"],\"inLanguage\":\"en-GB\",\"copyrightYear\":\"2025\",\"copyrightHolder\":{\"@id\":\"https:\\\/\\\/buletin.de\\\/bucuresti\\\/#organization\"}},{\"@type\":\"WebPage\",\"@id\":\"https:\\\/\\\/buletin.de\\\/bucuresti\\\/ce-spun-nicusor-dan-si-victor-ponta-despre-casa-din-tunari-care-apare-in-fotografiile-publicate-de-elena-lasconi\\\/\",\"url\":\"https:\\\/\\\/buletin.de\\\/bucuresti\\\/ce-spun-nicusor-dan-si-victor-ponta-despre-casa-din-tunari-care-apare-in-fotografiile-publicate-de-elena-lasconi\\\/\",\"name\":\"Ce spun Nicu\u0219or Dan \u0219i Victor Ponta despre casa din Tunari care apare \u00een fotografiile publicate de Elena Lasconi - Buletin de Bucure\u0219ti\",\"isPartOf\":{\"@id\":\"https:\\\/\\\/buletin.de\\\/bucuresti\\\/#website\"},\"primaryImageOfPage\":{\"@id\":\"https:\\\/\\\/buletin.de\\\/bucuresti\\\/ce-spun-nicusor-dan-si-victor-ponta-despre-casa-din-tunari-care-apare-in-fotografiile-publicate-de-elena-lasconi\\\/#primaryimage\"},\"image\":{\"@id\":\"https:\\\/\\\/buletin.de\\\/bucuresti\\\/ce-spun-nicusor-dan-si-victor-ponta-despre-casa-din-tunari-care-apare-in-fotografiile-publicate-de-elena-lasconi\\\/#primaryimage\"},\"thumbnailUrl\":\"https:\\\/\\\/buletin.de\\\/bucuresti\\\/wp-content\\\/uploads\\\/2025\\\/05\\\/1.jpg\",\"datePublished\":\"2025-05-02T18:26:01+00:00\",\"dateModified\":\"2025-05-02T18:30:58+00:00\",\"description\":\"Ce spun Nicu\u0219or Dan \u0219i Victor Ponta despre casa din Tunari, care apare \u00een fotografiile publicate de Elena Lasconi.\",\"breadcrumb\":{\"@id\":\"https:\\\/\\\/buletin.de\\\/bucuresti\\\/ce-spun-nicusor-dan-si-victor-ponta-despre-casa-din-tunari-care-apare-in-fotografiile-publicate-de-elena-lasconi\\\/#breadcrumb\"},\"inLanguage\":\"en-GB\",\"potentialAction\":[{\"@type\":\"ReadAction\",\"target\":[\"https:\\\/\\\/buletin.de\\\/bucuresti\\\/ce-spun-nicusor-dan-si-victor-ponta-despre-casa-din-tunari-care-apare-in-fotografiile-publicate-de-elena-lasconi\\\/\"]}]},{\"@type\":\"ImageObject\",\"inLanguage\":\"en-GB\",\"@id\":\"https:\\\/\\\/buletin.de\\\/bucuresti\\\/ce-spun-nicusor-dan-si-victor-ponta-despre-casa-din-tunari-care-apare-in-fotografiile-publicate-de-elena-lasconi\\\/#primaryimage\",\"url\":\"https:\\\/\\\/buletin.de\\\/bucuresti\\\/wp-content\\\/uploads\\\/2025\\\/05\\\/1.jpg\",\"contentUrl\":\"https:\\\/\\\/buletin.de\\\/bucuresti\\\/wp-content\\\/uploads\\\/2025\\\/05\\\/1.jpg\",\"width\":2109,\"height\":1187,\"caption\":\"Casa din fotografiile publicate de Elena Lasconi. Foto C\u0103t\u0103lin Dosca\u0219\"},{\"@type\":\"BreadcrumbList\",\"@id\":\"https:\\\/\\\/buletin.de\\\/bucuresti\\\/ce-spun-nicusor-dan-si-victor-ponta-despre-casa-din-tunari-care-apare-in-fotografiile-publicate-de-elena-lasconi\\\/#breadcrumb\",\"itemListElement\":[{\"@type\":\"ListItem\",\"position\":1,\"name\":\"Acas\u0103\",\"item\":\"https:\\\/\\\/buletin.de\\\/bucuresti\\\/\"},{\"@type\":\"ListItem\",\"position\":2,\"name\":\"Ce spun Nicu\u0219or Dan \u0219i Victor Ponta despre casa din Tunari care apare \u00een fotografiile publicate de Elena Lasconi\"}]},{\"@type\":\"WebSite\",\"@id\":\"https:\\\/\\\/buletin.de\\\/bucuresti\\\/#website\",\"url\":\"https:\\\/\\\/buletin.de\\\/bucuresti\\\/\",\"name\":\"Buletin de Bucure\u0219ti\",\"description\":\"\u0218tiri \u0219i investiga\u021bii esen\u021biale din capital\u0103\",\"publisher\":{\"@id\":\"https:\\\/\\\/buletin.de\\\/bucuresti\\\/#organization\"},\"potentialAction\":[{\"@type\":\"SearchAction\",\"target\":{\"@type\":\"EntryPoint\",\"urlTemplate\":\"https:\\\/\\\/buletin.de\\\/bucuresti\\\/?s={search_term_string}\"},\"query-input\":{\"@type\":\"PropertyValueSpecification\",\"valueRequired\":true,\"valueName\":\"search_term_string\"}}],\"inLanguage\":\"en-GB\"},{\"@type\":\"Organization\",\"@id\":\"https:\\\/\\\/buletin.de\\\/bucuresti\\\/#organization\",\"name\":\"Buletin de Bucure\u0219ti\",\"url\":\"https:\\\/\\\/buletin.de\\\/bucuresti\\\/\",\"logo\":{\"@type\":\"ImageObject\",\"inLanguage\":\"en-GB\",\"@id\":\"https:\\\/\\\/buletin.de\\\/bucuresti\\\/#\\\/schema\\\/logo\\\/image\\\/\",\"url\":\"https:\\\/\\\/buletin.de\\\/bucuresti\\\/wp-content\\\/uploads\\\/logo-bdb-full-wide-vernil-transparent.png\",\"contentUrl\":\"https:\\\/\\\/buletin.de\\\/bucuresti\\\/wp-content\\\/uploads\\\/logo-bdb-full-wide-vernil-transparent.png\",\"width\":1782,\"height\":626,\"caption\":\"Buletin de Bucure\u0219ti\"},\"image\":{\"@id\":\"https:\\\/\\\/buletin.de\\\/bucuresti\\\/#\\\/schema\\\/logo\\\/image\\\/\"},\"sameAs\":[\"https:\\\/\\\/www.facebook.com\\\/buletin.de.buc\",\"https:\\\/\\\/www.instagram.com\\\/buletinde.bucuresti\\\/\"]},{\"@type\":\"Person\",\"@id\":\"https:\\\/\\\/buletin.de\\\/bucuresti\\\/#\\\/schema\\\/person\\\/2bbcf854e5f2419a13804af574d06ab1\",\"name\":\"Redac\u021bia Buletin de Bucure\u0219ti\",\"image\":{\"@type\":\"ImageObject\",\"inLanguage\":\"en-GB\",\"@id\":\"https:\\\/\\\/secure.gravatar.com\\\/avatar\\\/18c5342381ed1a08620e6280424e3e5efc958618f5d67c522c9e44c1bc6f9226?s=96&d=monsterid&r=g60c7cd0ad92c68c049fcd4bb3504d609\",\"url\":\"https:\\\/\\\/secure.gravatar.com\\\/avatar\\\/18c5342381ed1a08620e6280424e3e5efc958618f5d67c522c9e44c1bc6f9226?s=96&d=monsterid&r=g\",\"contentUrl\":\"https:\\\/\\\/secure.gravatar.com\\\/avatar\\\/18c5342381ed1a08620e6280424e3e5efc958618f5d67c522c9e44c1bc6f9226?s=96&d=monsterid&r=g\",\"caption\":\"Redac\u021bia Buletin de Bucure\u0219ti\"},\"description\":\"Buletin de Bucure\u0219ti exist\u0103 din vara anului 2019.\",\"url\":\"https:\\\/\\\/buletin.de\\\/bucuresti\\\/author\\\/adminbuletin\\\/\"}]}<\/script>\n<!-- \/ Yoast SEO Premium plugin. -->","yoast_head_json":{"title":"Ce spun Nicu\u0219or Dan \u0219i Victor Ponta despre casa din Tunari care apare \u00een fotografiile publicate de Elena Lasconi - Buletin de Bucure\u0219ti","description":"Ce spun Nicu\u0219or Dan \u0219i Victor Ponta despre casa din Tunari, care apare \u00een fotografiile publicate de Elena Lasconi.","robots":{"index":"index","follow":"follow","max-snippet":"max-snippet:-1","max-image-preview":"max-image-preview:large","max-video-preview":"max-video-preview:-1"},"canonical":"https:\/\/buletin.de\/bucuresti\/ce-spun-nicusor-dan-si-victor-ponta-despre-casa-din-tunari-care-apare-in-fotografiile-publicate-de-elena-lasconi\/","og_locale":"en_GB","og_type":"article","og_title":"Ce spun Nicu\u0219or Dan \u0219i Victor Ponta despre casa din Tunari care apare \u00een fotografiile publicate de Elena Lasconi","og_description":"Ce spun Nicu\u0219or Dan \u0219i Victor Ponta despre casa din Tunari, care apare \u00een fotografiile publicate de Elena Lasconi.","og_url":"https:\/\/buletin.de\/bucuresti\/ce-spun-nicusor-dan-si-victor-ponta-despre-casa-din-tunari-care-apare-in-fotografiile-publicate-de-elena-lasconi\/","og_site_name":"Buletin de Bucure\u0219ti","article_publisher":"https:\/\/www.facebook.com\/buletin.de.buc","article_published_time":"2025-05-02T18:26:01+00:00","article_modified_time":"2025-05-02T18:30:58+00:00","og_image":[{"width":2109,"height":1187,"url":"https:\/\/buletin.de\/bucuresti\/wp-content\/uploads\/2025\/05\/1.jpg","type":"image\/jpeg"}],"author":"Redac\u021bia Buletin de Bucure\u0219ti","twitter_card":"summary_large_image","twitter_misc":{"Written by":"Redac\u021bia Buletin de Bucure\u0219ti","Estimated reading time":"2 minutes"},"schema":{"@context":"https:\/\/schema.org","@graph":[{"@type":"Article","@id":"https:\/\/buletin.de\/bucuresti\/ce-spun-nicusor-dan-si-victor-ponta-despre-casa-din-tunari-care-apare-in-fotografiile-publicate-de-elena-lasconi\/#article","isPartOf":{"@id":"https:\/\/buletin.de\/bucuresti\/ce-spun-nicusor-dan-si-victor-ponta-despre-casa-din-tunari-care-apare-in-fotografiile-publicate-de-elena-lasconi\/"},"author":{"name":"Redac\u021bia Buletin de Bucure\u0219ti","@id":"https:\/\/buletin.de\/bucuresti\/#\/schema\/person\/2bbcf854e5f2419a13804af574d06ab1"},"headline":"Ce spun Nicu\u0219or Dan \u0219i Victor Ponta despre casa din Tunari care apare \u00een fotografiile publicate de Elena Lasconi","datePublished":"2025-05-02T18:26:01+00:00","dateModified":"2025-05-02T18:30:58+00:00","mainEntityOfPage":{"@id":"https:\/\/buletin.de\/bucuresti\/ce-spun-nicusor-dan-si-victor-ponta-despre-casa-din-tunari-care-apare-in-fotografiile-publicate-de-elena-lasconi\/"},"wordCount":477,"publisher":{"@id":"https:\/\/buletin.de\/bucuresti\/#organization"},"image":{"@id":"https:\/\/buletin.de\/bucuresti\/ce-spun-nicusor-dan-si-victor-ponta-despre-casa-din-tunari-care-apare-in-fotografiile-publicate-de-elena-lasconi\/#primaryimage"},"thumbnailUrl":"https:\/\/buletin.de\/bucuresti\/wp-content\/uploads\/2025\/05\/1.jpg","keywords":["casa","coldea","elena lasconi","fake","fotografii elena lasconi","Ilfov","nicusor","ponta","poza","tunari"],"articleSection":["Articole","Main","Politic"],"inLanguage":"en-GB","copyrightYear":"2025","copyrightHolder":{"@id":"https:\/\/buletin.de\/bucuresti\/#organization"}},{"@type":"WebPage","@id":"https:\/\/buletin.de\/bucuresti\/ce-spun-nicusor-dan-si-victor-ponta-despre-casa-din-tunari-care-apare-in-fotografiile-publicate-de-elena-lasconi\/","url":"https:\/\/buletin.de\/bucuresti\/ce-spun-nicusor-dan-si-victor-ponta-despre-casa-din-tunari-care-apare-in-fotografiile-publicate-de-elena-lasconi\/","name":"Ce spun Nicu\u0219or Dan \u0219i Victor Ponta despre casa din Tunari care apare \u00een fotografiile publicate de Elena Lasconi - Buletin de Bucure\u0219ti","isPartOf":{"@id":"https:\/\/buletin.de\/bucuresti\/#website"},"primaryImageOfPage":{"@id":"https:\/\/buletin.de\/bucuresti\/ce-spun-nicusor-dan-si-victor-ponta-despre-casa-din-tunari-care-apare-in-fotografiile-publicate-de-elena-lasconi\/#primaryimage"},"image":{"@id":"https:\/\/buletin.de\/bucuresti\/ce-spun-nicusor-dan-si-victor-ponta-despre-casa-din-tunari-care-apare-in-fotografiile-publicate-de-elena-lasconi\/#primaryimage"},"thumbnailUrl":"https:\/\/buletin.de\/bucuresti\/wp-content\/uploads\/2025\/05\/1.jpg","datePublished":"2025-05-02T18:26:01+00:00","dateModified":"2025-05-02T18:30:58+00:00","description":"Ce spun Nicu\u0219or Dan \u0219i Victor Ponta despre casa din Tunari, care apare \u00een fotografiile publicate de Elena Lasconi.","breadcrumb":{"@id":"https:\/\/buletin.de\/bucuresti\/ce-spun-nicusor-dan-si-victor-ponta-despre-casa-din-tunari-care-apare-in-fotografiile-publicate-de-elena-lasconi\/#breadcrumb"},"inLanguage":"en-GB","potentialAction":[{"@type":"ReadAction","target":["https:\/\/buletin.de\/bucuresti\/ce-spun-nicusor-dan-si-victor-ponta-despre-casa-din-tunari-care-apare-in-fotografiile-publicate-de-elena-lasconi\/"]}]},{"@type":"ImageObject","inLanguage":"en-GB","@id":"https:\/\/buletin.de\/bucuresti\/ce-spun-nicusor-dan-si-victor-ponta-despre-casa-din-tunari-care-apare-in-fotografiile-publicate-de-elena-lasconi\/#primaryimage","url":"https:\/\/buletin.de\/bucuresti\/wp-content\/uploads\/2025\/05\/1.jpg","contentUrl":"https:\/\/buletin.de\/bucuresti\/wp-content\/uploads\/2025\/05\/1.jpg","width":2109,"height":1187,"caption":"Casa din fotografiile publicate de Elena Lasconi. Foto C\u0103t\u0103lin Dosca\u0219"},{"@type":"BreadcrumbList","@id":"https:\/\/buletin.de\/bucuresti\/ce-spun-nicusor-dan-si-victor-ponta-despre-casa-din-tunari-care-apare-in-fotografiile-publicate-de-elena-lasconi\/#breadcrumb","itemListElement":[{"@type":"ListItem","position":1,"name":"Acas\u0103","item":"https:\/\/buletin.de\/bucuresti\/"},{"@type":"ListItem","position":2,"name":"Ce spun Nicu\u0219or Dan \u0219i Victor Ponta despre casa din Tunari care apare \u00een fotografiile publicate de Elena Lasconi"}]},{"@type":"WebSite","@id":"https:\/\/buletin.de\/bucuresti\/#website","url":"https:\/\/buletin.de\/bucuresti\/","name":"Buletin de Bucure\u0219ti","description":"\u0218tiri \u0219i investiga\u021bii esen\u021biale din capital\u0103","publisher":{"@id":"https:\/\/buletin.de\/bucuresti\/#organization"},"potentialAction":[{"@type":"SearchAction","target":{"@type":"EntryPoint","urlTemplate":"https:\/\/buletin.de\/bucuresti\/?s={search_term_string}"},"query-input":{"@type":"PropertyValueSpecification","valueRequired":true,"valueName":"search_term_string"}}],"inLanguage":"en-GB"},{"@type":"Organization","@id":"https:\/\/buletin.de\/bucuresti\/#organization","name":"Buletin de Bucure\u0219ti","url":"https:\/\/buletin.de\/bucuresti\/","logo":{"@type":"ImageObject","inLanguage":"en-GB","@id":"https:\/\/buletin.de\/bucuresti\/#\/schema\/logo\/image\/","url":"https:\/\/buletin.de\/bucuresti\/wp-content\/uploads\/logo-bdb-full-wide-vernil-transparent.png","contentUrl":"https:\/\/buletin.de\/bucuresti\/wp-content\/uploads\/logo-bdb-full-wide-vernil-transparent.png","width":1782,"height":626,"caption":"Buletin de Bucure\u0219ti"},"image":{"@id":"https:\/\/buletin.de\/bucuresti\/#\/schema\/logo\/image\/"},"sameAs":["https:\/\/www.facebook.com\/buletin.de.buc","https:\/\/www.instagram.com\/buletinde.bucuresti\/"]},{"@type":"Person","@id":"https:\/\/buletin.de\/bucuresti\/#\/schema\/person\/2bbcf854e5f2419a13804af574d06ab1","name":"Redac\u021bia Buletin de Bucure\u0219ti","image":{"@type":"ImageObject","inLanguage":"en-GB","@id":"https:\/\/secure.gravatar.com\/avatar\/18c5342381ed1a08620e6280424e3e5efc958618f5d67c522c9e44c1bc6f9226?s=96&d=monsterid&r=g60c7cd0ad92c68c049fcd4bb3504d609","url":"https:\/\/secure.gravatar.com\/avatar\/18c5342381ed1a08620e6280424e3e5efc958618f5d67c522c9e44c1bc6f9226?s=96&d=monsterid&r=g","contentUrl":"https:\/\/secure.gravatar.com\/avatar\/18c5342381ed1a08620e6280424e3e5efc958618f5d67c522c9e44c1bc6f9226?s=96&d=monsterid&r=g","caption":"Redac\u021bia Buletin de Bucure\u0219ti"},"description":"Buletin de Bucure\u0219ti exist\u0103 din vara anului 2019.","url":"https:\/\/buletin.de\/bucuresti\/author\/adminbuletin\/"}]}},"authors":[{"term_id":22583,"user_id":1,"is_guest":0,"slug":"adminbuletin","display_name":"Redac\u021bia Buletin de Bucure\u0219ti","avatar_url":"https:\/\/secure.gravatar.com\/avatar\/18c5342381ed1a08620e6280424e3e5efc958618f5d67c522c9e44c1bc6f9226?s=96&d=monsterid&r=g","0":null,"1":"","2":"","3":"","4":"","5":"","6":"","7":"","8":""}],"_links":{"self":[{"href":"https:\/\/buletin.de\/bucuresti\/wp-json\/wp\/v2\/posts\/128468","targetHints":{"allow":["GET"]}}],"collection":[{"href":"https:\/\/buletin.de\/bucuresti\/wp-json\/wp\/v2\/posts"}],"about":[{"href":"https:\/\/buletin.de\/bucuresti\/wp-json\/wp\/v2\/types\/post"}],"author":[{"embeddable":true,"href":"https:\/\/buletin.de\/bucuresti\/wp-json\/wp\/v2\/users\/1"}],"replies":[{"embeddable":true,"href":"https:\/\/buletin.de\/bucuresti\/wp-json\/wp\/v2\/comments?post=128468"}],"version-history":[{"count":4,"href":"https:\/\/buletin.de\/bucuresti\/wp-json\/wp\/v2\/posts\/128468\/revisions"}],"predecessor-version":[{"id":128472,"href":"https:\/\/buletin.de\/bucuresti\/wp-json\/wp\/v2\/posts\/128468\/revisions\/128472"}],"wp:featuredmedia":[{"embeddable":true,"href":"https:\/\/buletin.de\/bucuresti\/wp-json\/wp\/v2\/media\/128435"}],"wp:attachment":[{"href":"https:\/\/buletin.de\/bucuresti\/wp-json\/wp\/v2\/media?parent=128468"}],"wp:term":[{"taxonomy":"category","embeddable":true,"href":"https:\/\/buletin.de\/bucuresti\/wp-json\/wp\/v2\/categories?post=128468"},{"taxonomy":"post_tag","embeddable":true,"href":"https:\/\/buletin.de\/bucuresti\/wp-json\/wp\/v2\/tags?post=128468"},{"taxonomy":"author","embeddable":true,"href":"https:\/\/buletin.de\/bucuresti\/wp-json\/wp\/v2\/ppma_author?post=128468"}],"curies":[{"name":"wp","href":"https:\/\/api.w.org\/{rel}","templated":true}]}}