{"id":128201,"date":"2025-04-30T15:47:55","date_gmt":"2025-04-30T12:47:55","guid":{"rendered":"https:\/\/buletin.de\/bucuresti\/?p=128201"},"modified":"2025-05-01T12:14:30","modified_gmt":"2025-05-01T09:14:30","slug":"gratar-de-1-mai-in-bucuresti-doar-locuitorii-din-sectorul-2-au-zone-amenajate-oficial","status":"publish","type":"post","link":"https:\/\/buletin.de\/bucuresti\/gratar-de-1-mai-in-bucuresti-doar-locuitorii-din-sectorul-2-au-zone-amenajate-oficial\/","title":{"rendered":"Gr\u0103tar de 1 Mai \u00een Bucure\u0219ti. Doar locuitorii din Sectorul 2 au zone amenajate oficial"},"content":{"rendered":"\n<p><strong>Singurele zone unde se poate face gr\u0103tar de 1 Mai \u00een Bucure\u0219ti sunt \u00een Sectorul 2. Autorit\u0103\u021bile locale de acolo sunt singurele care au amenajat, oficial, astfel de locuri. Astfel, gr\u0103taragiii amatori pot \u00eencinge c\u0103rbunii doar \u00een \u0219ase parcuri din Capital\u0103. <\/strong><\/p>\n\n\n\n<p>Singurele locuri oficiale unde bucure\u0219tenii pot s\u0103 fac\u0103 gr\u0103tar de Ziua Muncii, potrivit r\u0103spunsurilor primite de redac\u021bia Buletin de Bucure\u0219ti de la autorit\u0103\u021bi, sunt \u00een Sectorul 2, \u00een \u0219ase parcuri aflate sub administrarea prim\u0103riei, dup\u0103 cum urmeaz\u0103:<\/p>\n\n\n\n<ul class=\"wp-block-list\">\n<li>Parcul Morarilor<\/li>\n\n\n\n<li>Parcul Lunca Florilor<\/li>\n\n\n\n<li>Parcul Dobroe\u0219ti<\/li>\n\n\n\n<li>Parcul Plumbuita I<\/li>\n\n\n\n<li>Parcul Fabrica de Ghea\u021b\u0103<\/li>\n\n\n\n<li>Parcul Sf\u00e2ntul Pantelimon<\/li>\n<\/ul>\n\n\n\n<p>De asemenea gr\u0103tar se mai poate face \u0219i \u00een afara Bucure\u0219tiului, la <strong>Extreme Park Cernica<\/strong>, \u00een schimbul achit\u0103rii unei taxe de <strong>75 de lei per gr\u0103tar \u0219i per mas\u0103<\/strong>. Situa\u021bia st\u0103 diferit \u00eens\u0103 la Comana unde contrar anilor trecu\u021bi, vizitatorii nu mai pot \u00eencinge gr\u0103tarele.<\/p>\n\n\n\n<p><strong>CITE\u0218TE \u0218I: <a href=\"https:\/\/buletin.de\/bucuresti\/sase-linii-stb-vor-avea-program-prelungit\/\">\u0218ase linii STB vor avea program prelungit pe 5 mai, pentru meciul FCSB \u2013 Dinamo <\/a><\/strong><\/p>\n\n\n\n<h2 class=\"wp-block-heading\" id=\"h-nu-se-mai-face-gratar-in-tineretului\">Nu se mai face gr\u0103tar \u00een Tineretului<\/h2>\n\n\n\n<p>Buletin de Bucure\u0219ti a discutat \u0219i cu purt\u0103torii de cuv\u00e2nt ai celorlalte prim\u0103rii din Capital\u0103 \u00eens\u0103 ni s-a transmis la fiecare dintre sectoarele 1, 3, 4, 5 \u0219i 6 faptul c\u0103 autorit\u0103\u021bile locale nu au \u00een administrare astfel de locuri. <\/p>\n\n\n\n<p>Mai mult, Violeta Boerescu, purt\u0103torul de cuv\u00e2nt al Prim\u0103riei Sector 4 a explicat c\u0103 \u201e<em>nici \u00een parcul Tineretului nu se mai pot face gr\u0103tare, dup\u0103 ce, \u00een trecut, trec\u0103torii erau deranja\u021bi de fumul acestora<\/em>.\u201d. \u00cen urm\u0103 cu mai bine de 5 ani parcul dispunea de un loc special amenajat \u00een care gurmanzii se puteau bucura de gustul unei fripturi abia scoase de pe gr\u0103tar.<\/p>\n\n\n\n<p>De asemenea nici \u00een zona Cr\u00e2nga\u0219i &#8211; Lacul Morii nu se mai pot face, legal, gr\u0103tare, \u00een spa\u021biul public.<\/p>\n\n\n\n<div class=\"wp-block-buttons is-content-justification-center is-layout-flex wp-container-core-buttons-is-layout-16018d1d wp-block-buttons-is-layout-flex\">\n<div class=\"wp-block-button has-custom-width wp-block-button__width-100\"><a class=\"wp-block-button__link wp-element-button\" href=\"https:\/\/www.patreon.com\/BuletinDeBucuresti\"><strong>Sus\u021bine Buletin de Bucure\u0219ti pentru investiga\u021bii, reportaje \u0219i \u0219tiri Locale<\/strong>c<\/a><\/div>\n<\/div>\n\n\n\n<h2 class=\"wp-block-heading\" id=\"h-ce-spune-legea-despre-aprinderea-focului\">Ce spune legea despre aprinderea focului<\/h2>\n\n\n\n<p>Potrivit <a href=\"https:\/\/legislatie.just.ro\/Public\/DetaliiDocument\/136580\">regulilor stabilite<\/a> cu peste zece ani \u00een urm\u0103, picnicurile \u0219i gr\u0103tarele se pot organiza doar cu respectarea unor reguli clare de c\u0103tre cei care le organizeaz\u0103. Astfel legea stabile\u0219te&nbsp;dou\u0103 zone \u00een care se pot organiza astfel de picnicuri:<\/p>\n\n\n\n<ul class=\"wp-block-list\">\n<li><strong>zone special amenajate<\/strong>&nbsp;pentru activit\u0103\u0163ile de picnic, dotate cu utilit\u0103\u0163i \u015fi facilit\u0103\u0163i pentru desf\u0103\u015furarea activit\u0103\u0163ilor de picnic \u015fi \u00een care&nbsp;<strong>aprinderea focului este permis\u0103<\/strong>.<\/li>\n\n\n\n<li><strong>zone indicate<\/strong>&nbsp;pentru activit\u0103\u0163ile de picnic, unde sunt permise activit\u0103\u0163i de picnic, dar&nbsp;<strong>nu \u0219i aprinderea focului<\/strong>;<\/li>\n<\/ul>\n\n\n\n<p>A\u0219adar, gr\u0103tarul trebuie aprins doar \u00een zonele special amenajate, \u0219i trebuie supravegheat tot timpul. \u00cen caz contrar, \u00eencingerea gr\u0103tarelor \u00een locuri neamenajate poate fi&nbsp;sanc\u021bionat\u0103 cu o amend\u0103 cuprins\u0103 \u00eentre 2.000 \u0219i 5.000 de lei, iar dac\u0103 oamenii nici nu \u00ee\u0219i str\u00e2ng de\u0219eurile l\u0103sate \u00een urma lor, risc\u0103 o amend\u0103 de p\u00e2n\u0103 la 3.000 de lei. <\/p>\n\n\n\n<p>Acelea\u0219i sanc\u021biuni se aplic\u0103 \u0219i \u00een cazul \u00een care locuitorii aleg s\u0103 petreac\u0103 ziua de 1 mai cu gr\u0103tarul aprins \u00een fa\u021ba blocului, dar \u0219i pe terasa acestuia.<\/p>\n\n\n\n<p><strong>CITE\u0218TE \u0218I: <a href=\"https:\/\/buletin.de\/bucuresti\/muzeul-national-de-istorie-se-inchide-pe-1-mai\/\">Muzeul Na\u021bional de Istorie se \u00eenchide pe 1 mai <\/a><\/strong><\/p>\n","protected":false},"excerpt":{"rendered":"<p>Singurele zone unde se poate face gr\u0103tar de 1 Mai \u00een Bucure\u0219ti sunt \u00een Sectorul 2. Autorit\u0103\u021bile locale de acolo sunt singurele care au amenajat, oficial, astfel de locuri. Astfel, gr\u0103taragiii amatori pot \u00eencinge c\u0103rbunii doar \u00een \u0219ase parcuri din Capital\u0103. Singurele locuri oficiale unde bucure\u0219tenii pot s\u0103 fac\u0103 gr\u0103tar de Ziua Muncii, potrivit r\u0103spunsurilor [&hellip;]<\/p>\n","protected":false},"author":61,"featured_media":128220,"comment_status":"closed","ping_status":"open","sticky":false,"template":"","format":"standard","meta":{"_acf_changed":false,"inline_featured_image":false,"ngg_post_thumbnail":0,"footnotes":""},"categories":[6994,5762],"tags":[6252,11637,21012,21011,2383,21010],"ppma_author":[22577],"class_list":["post-128201","post","type-post","status-publish","format-standard","has-post-thumbnail","hentry","category-stiri-2","category-main","tag-1-mai","tag-gratar","tag-gratar-bucuresti","tag-gratar-de-1-mai","tag-parcul-tineretului","tag-unde-facem-gratar"],"acf":[],"yoast_head":"<!-- This site is optimized with the Yoast SEO Premium plugin v25.3 (Yoast SEO v27.5) - https:\/\/yoast.com\/product\/yoast-seo-premium-wordpress\/ -->\n<title>Gr\u0103tar de 1 Mai \u00een Bucure\u0219ti. Doar locuitorii din Sectorul 2 au zone amenajate oficial - Buletin de Bucure\u0219ti<\/title>\n<meta name=\"description\" content=\"Gr\u0103tar de 1 Mai \u00een Bucure\u0219ti. Doar locuitorii din Sectorul 2 au \u0219ase zone amenajate oficial \u00een parcurile din subordinea prim\u0103riei.\" \/>\n<meta name=\"robots\" content=\"index, follow, max-snippet:-1, max-image-preview:large, max-video-preview:-1\" \/>\n<link rel=\"canonical\" href=\"https:\/\/buletin.de\/bucuresti\/gratar-de-1-mai-in-bucuresti-doar-locuitorii-din-sectorul-2-au-zone-amenajate-oficial\/\" \/>\n<meta property=\"og:locale\" content=\"en_GB\" \/>\n<meta property=\"og:type\" content=\"article\" \/>\n<meta property=\"og:title\" content=\"Gr\u0103tar de 1 Mai \u00een Bucure\u0219ti. Doar locuitorii din Sectorul 2 au zone amenajate oficial\" \/>\n<meta property=\"og:description\" content=\"Gr\u0103tar de 1 Mai \u00een Bucure\u0219ti. Doar locuitorii din Sectorul 2 au \u0219ase zone amenajate oficial \u00een parcurile din subordinea prim\u0103riei.\" \/>\n<meta property=\"og:url\" content=\"https:\/\/buletin.de\/bucuresti\/gratar-de-1-mai-in-bucuresti-doar-locuitorii-din-sectorul-2-au-zone-amenajate-oficial\/\" \/>\n<meta property=\"og:site_name\" content=\"Buletin de Bucure\u0219ti\" \/>\n<meta property=\"article:publisher\" content=\"https:\/\/www.facebook.com\/buletin.de.buc\" \/>\n<meta property=\"article:published_time\" content=\"2025-04-30T12:47:55+00:00\" \/>\n<meta property=\"article:modified_time\" content=\"2025-05-01T09:14:30+00:00\" \/>\n<meta property=\"og:image\" content=\"https:\/\/buletin.de\/bucuresti\/wp-content\/uploads\/2025\/04\/ID227302_INQUAM_Photos_Octav_Ganea-scaled.jpg\" \/>\n\t<meta property=\"og:image:width\" content=\"2560\" \/>\n\t<meta property=\"og:image:height\" content=\"1707\" \/>\n\t<meta property=\"og:image:type\" content=\"image\/jpeg\" \/>\n<meta name=\"author\" content=\"Alexandru Stan\" \/>\n<meta name=\"twitter:card\" content=\"summary_large_image\" \/>\n<meta name=\"twitter:label1\" content=\"Written by\" \/>\n\t<meta name=\"twitter:data1\" content=\"Alexandru Stan\" \/>\n\t<meta name=\"twitter:label2\" content=\"Estimated reading time\" \/>\n\t<meta name=\"twitter:data2\" content=\"3 minutes\" \/>\n<script type=\"application\/ld+json\" class=\"yoast-schema-graph\">{\"@context\":\"https:\\\/\\\/schema.org\",\"@graph\":[{\"@type\":\"Article\",\"@id\":\"https:\\\/\\\/buletin.de\\\/bucuresti\\\/gratar-de-1-mai-in-bucuresti-doar-locuitorii-din-sectorul-2-au-zone-amenajate-oficial\\\/#article\",\"isPartOf\":{\"@id\":\"https:\\\/\\\/buletin.de\\\/bucuresti\\\/gratar-de-1-mai-in-bucuresti-doar-locuitorii-din-sectorul-2-au-zone-amenajate-oficial\\\/\"},\"author\":{\"name\":\"Alexandru Stan\",\"@id\":\"https:\\\/\\\/buletin.de\\\/bucuresti\\\/#\\\/schema\\\/person\\\/104a46bbe8be6e336fecf63974383951\"},\"headline\":\"Gr\u0103tar de 1 Mai \u00een Bucure\u0219ti. Doar locuitorii din Sectorul 2 au zone amenajate oficial\",\"datePublished\":\"2025-04-30T12:47:55+00:00\",\"dateModified\":\"2025-05-01T09:14:30+00:00\",\"mainEntityOfPage\":{\"@id\":\"https:\\\/\\\/buletin.de\\\/bucuresti\\\/gratar-de-1-mai-in-bucuresti-doar-locuitorii-din-sectorul-2-au-zone-amenajate-oficial\\\/\"},\"wordCount\":548,\"publisher\":{\"@id\":\"https:\\\/\\\/buletin.de\\\/bucuresti\\\/#organization\"},\"image\":{\"@id\":\"https:\\\/\\\/buletin.de\\\/bucuresti\\\/gratar-de-1-mai-in-bucuresti-doar-locuitorii-din-sectorul-2-au-zone-amenajate-oficial\\\/#primaryimage\"},\"thumbnailUrl\":\"https:\\\/\\\/buletin.de\\\/bucuresti\\\/wp-content\\\/uploads\\\/2025\\\/04\\\/ID227302_INQUAM_Photos_Octav_Ganea-scaled.jpg\",\"keywords\":[\"1 mai\",\"gratar\",\"gratar bucuresti\",\"gratar de 1 mai\",\"Parcul Tineretului\",\"unde facem gratar\"],\"articleSection\":[\"Articole\",\"Main\"],\"inLanguage\":\"en-GB\",\"copyrightYear\":\"2025\",\"copyrightHolder\":{\"@id\":\"https:\\\/\\\/buletin.de\\\/bucuresti\\\/#organization\"}},{\"@type\":\"WebPage\",\"@id\":\"https:\\\/\\\/buletin.de\\\/bucuresti\\\/gratar-de-1-mai-in-bucuresti-doar-locuitorii-din-sectorul-2-au-zone-amenajate-oficial\\\/\",\"url\":\"https:\\\/\\\/buletin.de\\\/bucuresti\\\/gratar-de-1-mai-in-bucuresti-doar-locuitorii-din-sectorul-2-au-zone-amenajate-oficial\\\/\",\"name\":\"Gr\u0103tar de 1 Mai \u00een Bucure\u0219ti. Doar locuitorii din Sectorul 2 au zone amenajate oficial - Buletin de Bucure\u0219ti\",\"isPartOf\":{\"@id\":\"https:\\\/\\\/buletin.de\\\/bucuresti\\\/#website\"},\"primaryImageOfPage\":{\"@id\":\"https:\\\/\\\/buletin.de\\\/bucuresti\\\/gratar-de-1-mai-in-bucuresti-doar-locuitorii-din-sectorul-2-au-zone-amenajate-oficial\\\/#primaryimage\"},\"image\":{\"@id\":\"https:\\\/\\\/buletin.de\\\/bucuresti\\\/gratar-de-1-mai-in-bucuresti-doar-locuitorii-din-sectorul-2-au-zone-amenajate-oficial\\\/#primaryimage\"},\"thumbnailUrl\":\"https:\\\/\\\/buletin.de\\\/bucuresti\\\/wp-content\\\/uploads\\\/2025\\\/04\\\/ID227302_INQUAM_Photos_Octav_Ganea-scaled.jpg\",\"datePublished\":\"2025-04-30T12:47:55+00:00\",\"dateModified\":\"2025-05-01T09:14:30+00:00\",\"description\":\"Gr\u0103tar de 1 Mai \u00een Bucure\u0219ti. Doar locuitorii din Sectorul 2 au \u0219ase zone amenajate oficial \u00een parcurile din subordinea prim\u0103riei.\",\"breadcrumb\":{\"@id\":\"https:\\\/\\\/buletin.de\\\/bucuresti\\\/gratar-de-1-mai-in-bucuresti-doar-locuitorii-din-sectorul-2-au-zone-amenajate-oficial\\\/#breadcrumb\"},\"inLanguage\":\"en-GB\",\"potentialAction\":[{\"@type\":\"ReadAction\",\"target\":[\"https:\\\/\\\/buletin.de\\\/bucuresti\\\/gratar-de-1-mai-in-bucuresti-doar-locuitorii-din-sectorul-2-au-zone-amenajate-oficial\\\/\"]}]},{\"@type\":\"ImageObject\",\"inLanguage\":\"en-GB\",\"@id\":\"https:\\\/\\\/buletin.de\\\/bucuresti\\\/gratar-de-1-mai-in-bucuresti-doar-locuitorii-din-sectorul-2-au-zone-amenajate-oficial\\\/#primaryimage\",\"url\":\"https:\\\/\\\/buletin.de\\\/bucuresti\\\/wp-content\\\/uploads\\\/2025\\\/04\\\/ID227302_INQUAM_Photos_Octav_Ganea-scaled.jpg\",\"contentUrl\":\"https:\\\/\\\/buletin.de\\\/bucuresti\\\/wp-content\\\/uploads\\\/2025\\\/04\\\/ID227302_INQUAM_Photos_Octav_Ganea-scaled.jpg\",\"width\":2250,\"height\":1500,\"caption\":\"Gr\u0103tar de 1 Mai \u00een Bucure\u0219ti. Doar locuitorii din Sectorul 2 au zone amenajate oficial | FOTO: Inquam Photos \\\/ Octav Ganea\"},{\"@type\":\"BreadcrumbList\",\"@id\":\"https:\\\/\\\/buletin.de\\\/bucuresti\\\/gratar-de-1-mai-in-bucuresti-doar-locuitorii-din-sectorul-2-au-zone-amenajate-oficial\\\/#breadcrumb\",\"itemListElement\":[{\"@type\":\"ListItem\",\"position\":1,\"name\":\"Acas\u0103\",\"item\":\"https:\\\/\\\/buletin.de\\\/bucuresti\\\/\"},{\"@type\":\"ListItem\",\"position\":2,\"name\":\"Gr\u0103tar de 1 Mai \u00een Bucure\u0219ti. Doar locuitorii din Sectorul 2 au zone amenajate oficial\"}]},{\"@type\":\"WebSite\",\"@id\":\"https:\\\/\\\/buletin.de\\\/bucuresti\\\/#website\",\"url\":\"https:\\\/\\\/buletin.de\\\/bucuresti\\\/\",\"name\":\"Buletin de Bucure\u0219ti\",\"description\":\"\u0218tiri \u0219i investiga\u021bii esen\u021biale din capital\u0103\",\"publisher\":{\"@id\":\"https:\\\/\\\/buletin.de\\\/bucuresti\\\/#organization\"},\"potentialAction\":[{\"@type\":\"SearchAction\",\"target\":{\"@type\":\"EntryPoint\",\"urlTemplate\":\"https:\\\/\\\/buletin.de\\\/bucuresti\\\/?s={search_term_string}\"},\"query-input\":{\"@type\":\"PropertyValueSpecification\",\"valueRequired\":true,\"valueName\":\"search_term_string\"}}],\"inLanguage\":\"en-GB\"},{\"@type\":\"Organization\",\"@id\":\"https:\\\/\\\/buletin.de\\\/bucuresti\\\/#organization\",\"name\":\"Buletin de Bucure\u0219ti\",\"url\":\"https:\\\/\\\/buletin.de\\\/bucuresti\\\/\",\"logo\":{\"@type\":\"ImageObject\",\"inLanguage\":\"en-GB\",\"@id\":\"https:\\\/\\\/buletin.de\\\/bucuresti\\\/#\\\/schema\\\/logo\\\/image\\\/\",\"url\":\"https:\\\/\\\/buletin.de\\\/bucuresti\\\/wp-content\\\/uploads\\\/logo-bdb-full-wide-vernil-transparent.png\",\"contentUrl\":\"https:\\\/\\\/buletin.de\\\/bucuresti\\\/wp-content\\\/uploads\\\/logo-bdb-full-wide-vernil-transparent.png\",\"width\":1782,\"height\":626,\"caption\":\"Buletin de Bucure\u0219ti\"},\"image\":{\"@id\":\"https:\\\/\\\/buletin.de\\\/bucuresti\\\/#\\\/schema\\\/logo\\\/image\\\/\"},\"sameAs\":[\"https:\\\/\\\/www.facebook.com\\\/buletin.de.buc\",\"https:\\\/\\\/www.instagram.com\\\/buletinde.bucuresti\\\/\"]},{\"@type\":\"Person\",\"@id\":\"https:\\\/\\\/buletin.de\\\/bucuresti\\\/#\\\/schema\\\/person\\\/104a46bbe8be6e336fecf63974383951\",\"name\":\"Alexandru Stan\",\"image\":{\"@type\":\"ImageObject\",\"inLanguage\":\"en-GB\",\"@id\":\"https:\\\/\\\/buletin.de\\\/bucuresti\\\/wp-content\\\/uploads\\\/2025\\\/12\\\/IMG-20251216-WA0045-e1766134343668-96x96.jpgd0ca12809ae3e1d27116a2afe8926544\",\"url\":\"https:\\\/\\\/buletin.de\\\/bucuresti\\\/wp-content\\\/uploads\\\/2025\\\/12\\\/IMG-20251216-WA0045-e1766134343668-96x96.jpg\",\"contentUrl\":\"https:\\\/\\\/buletin.de\\\/bucuresti\\\/wp-content\\\/uploads\\\/2025\\\/12\\\/IMG-20251216-WA0045-e1766134343668-96x96.jpg\",\"caption\":\"Alexandru Stan\"},\"description\":\"Sunt elev la un colegiu de prestigiu din Capital\u0103 \u0219i reporter la Buletin de Bucure\u0219ti. M-am n\u0103scut \u0219i am crescut cu m\u00e2ndrie \u00een Capital\u0103, ora\u0219 al pove\u0219tilor, al tramvaiului tras de cai \u0219i al c\u0103su\u021belor cu porti\u021b\u0103 \u0219i ci\u0219mea. Prin articolele mele, m\u0103 str\u0103duiesc s\u0103 descriu cu acurate\u021be via\u021ba din Bucure\u0219ti pe ecranele cititorilor no\u0219tri \u0219i \u00eencerc totodat\u0103 s\u0103 fac accesibile subiecte de interes general tuturor, de la mic la mare.\",\"url\":\"https:\\\/\\\/buletin.de\\\/bucuresti\\\/author\\\/alexandru-stan\\\/\"}]}<\/script>\n<!-- \/ Yoast SEO Premium plugin. -->","yoast_head_json":{"title":"Gr\u0103tar de 1 Mai \u00een Bucure\u0219ti. Doar locuitorii din Sectorul 2 au zone amenajate oficial - Buletin de Bucure\u0219ti","description":"Gr\u0103tar de 1 Mai \u00een Bucure\u0219ti. Doar locuitorii din Sectorul 2 au \u0219ase zone amenajate oficial \u00een parcurile din subordinea prim\u0103riei.","robots":{"index":"index","follow":"follow","max-snippet":"max-snippet:-1","max-image-preview":"max-image-preview:large","max-video-preview":"max-video-preview:-1"},"canonical":"https:\/\/buletin.de\/bucuresti\/gratar-de-1-mai-in-bucuresti-doar-locuitorii-din-sectorul-2-au-zone-amenajate-oficial\/","og_locale":"en_GB","og_type":"article","og_title":"Gr\u0103tar de 1 Mai \u00een Bucure\u0219ti. Doar locuitorii din Sectorul 2 au zone amenajate oficial","og_description":"Gr\u0103tar de 1 Mai \u00een Bucure\u0219ti. Doar locuitorii din Sectorul 2 au \u0219ase zone amenajate oficial \u00een parcurile din subordinea prim\u0103riei.","og_url":"https:\/\/buletin.de\/bucuresti\/gratar-de-1-mai-in-bucuresti-doar-locuitorii-din-sectorul-2-au-zone-amenajate-oficial\/","og_site_name":"Buletin de Bucure\u0219ti","article_publisher":"https:\/\/www.facebook.com\/buletin.de.buc","article_published_time":"2025-04-30T12:47:55+00:00","article_modified_time":"2025-05-01T09:14:30+00:00","og_image":[{"width":2560,"height":1707,"url":"https:\/\/buletin.de\/bucuresti\/wp-content\/uploads\/2025\/04\/ID227302_INQUAM_Photos_Octav_Ganea-scaled.jpg","type":"image\/jpeg"}],"author":"Alexandru Stan","twitter_card":"summary_large_image","twitter_misc":{"Written by":"Alexandru Stan","Estimated reading time":"3 minutes"},"schema":{"@context":"https:\/\/schema.org","@graph":[{"@type":"Article","@id":"https:\/\/buletin.de\/bucuresti\/gratar-de-1-mai-in-bucuresti-doar-locuitorii-din-sectorul-2-au-zone-amenajate-oficial\/#article","isPartOf":{"@id":"https:\/\/buletin.de\/bucuresti\/gratar-de-1-mai-in-bucuresti-doar-locuitorii-din-sectorul-2-au-zone-amenajate-oficial\/"},"author":{"name":"Alexandru Stan","@id":"https:\/\/buletin.de\/bucuresti\/#\/schema\/person\/104a46bbe8be6e336fecf63974383951"},"headline":"Gr\u0103tar de 1 Mai \u00een Bucure\u0219ti. Doar locuitorii din Sectorul 2 au zone amenajate oficial","datePublished":"2025-04-30T12:47:55+00:00","dateModified":"2025-05-01T09:14:30+00:00","mainEntityOfPage":{"@id":"https:\/\/buletin.de\/bucuresti\/gratar-de-1-mai-in-bucuresti-doar-locuitorii-din-sectorul-2-au-zone-amenajate-oficial\/"},"wordCount":548,"publisher":{"@id":"https:\/\/buletin.de\/bucuresti\/#organization"},"image":{"@id":"https:\/\/buletin.de\/bucuresti\/gratar-de-1-mai-in-bucuresti-doar-locuitorii-din-sectorul-2-au-zone-amenajate-oficial\/#primaryimage"},"thumbnailUrl":"https:\/\/buletin.de\/bucuresti\/wp-content\/uploads\/2025\/04\/ID227302_INQUAM_Photos_Octav_Ganea-scaled.jpg","keywords":["1 mai","gratar","gratar bucuresti","gratar de 1 mai","Parcul Tineretului","unde facem gratar"],"articleSection":["Articole","Main"],"inLanguage":"en-GB","copyrightYear":"2025","copyrightHolder":{"@id":"https:\/\/buletin.de\/bucuresti\/#organization"}},{"@type":"WebPage","@id":"https:\/\/buletin.de\/bucuresti\/gratar-de-1-mai-in-bucuresti-doar-locuitorii-din-sectorul-2-au-zone-amenajate-oficial\/","url":"https:\/\/buletin.de\/bucuresti\/gratar-de-1-mai-in-bucuresti-doar-locuitorii-din-sectorul-2-au-zone-amenajate-oficial\/","name":"Gr\u0103tar de 1 Mai \u00een Bucure\u0219ti. Doar locuitorii din Sectorul 2 au zone amenajate oficial - Buletin de Bucure\u0219ti","isPartOf":{"@id":"https:\/\/buletin.de\/bucuresti\/#website"},"primaryImageOfPage":{"@id":"https:\/\/buletin.de\/bucuresti\/gratar-de-1-mai-in-bucuresti-doar-locuitorii-din-sectorul-2-au-zone-amenajate-oficial\/#primaryimage"},"image":{"@id":"https:\/\/buletin.de\/bucuresti\/gratar-de-1-mai-in-bucuresti-doar-locuitorii-din-sectorul-2-au-zone-amenajate-oficial\/#primaryimage"},"thumbnailUrl":"https:\/\/buletin.de\/bucuresti\/wp-content\/uploads\/2025\/04\/ID227302_INQUAM_Photos_Octav_Ganea-scaled.jpg","datePublished":"2025-04-30T12:47:55+00:00","dateModified":"2025-05-01T09:14:30+00:00","description":"Gr\u0103tar de 1 Mai \u00een Bucure\u0219ti. Doar locuitorii din Sectorul 2 au \u0219ase zone amenajate oficial \u00een parcurile din subordinea prim\u0103riei.","breadcrumb":{"@id":"https:\/\/buletin.de\/bucuresti\/gratar-de-1-mai-in-bucuresti-doar-locuitorii-din-sectorul-2-au-zone-amenajate-oficial\/#breadcrumb"},"inLanguage":"en-GB","potentialAction":[{"@type":"ReadAction","target":["https:\/\/buletin.de\/bucuresti\/gratar-de-1-mai-in-bucuresti-doar-locuitorii-din-sectorul-2-au-zone-amenajate-oficial\/"]}]},{"@type":"ImageObject","inLanguage":"en-GB","@id":"https:\/\/buletin.de\/bucuresti\/gratar-de-1-mai-in-bucuresti-doar-locuitorii-din-sectorul-2-au-zone-amenajate-oficial\/#primaryimage","url":"https:\/\/buletin.de\/bucuresti\/wp-content\/uploads\/2025\/04\/ID227302_INQUAM_Photos_Octav_Ganea-scaled.jpg","contentUrl":"https:\/\/buletin.de\/bucuresti\/wp-content\/uploads\/2025\/04\/ID227302_INQUAM_Photos_Octav_Ganea-scaled.jpg","width":2250,"height":1500,"caption":"Gr\u0103tar de 1 Mai \u00een Bucure\u0219ti. Doar locuitorii din Sectorul 2 au zone amenajate oficial | FOTO: Inquam Photos \/ Octav Ganea"},{"@type":"BreadcrumbList","@id":"https:\/\/buletin.de\/bucuresti\/gratar-de-1-mai-in-bucuresti-doar-locuitorii-din-sectorul-2-au-zone-amenajate-oficial\/#breadcrumb","itemListElement":[{"@type":"ListItem","position":1,"name":"Acas\u0103","item":"https:\/\/buletin.de\/bucuresti\/"},{"@type":"ListItem","position":2,"name":"Gr\u0103tar de 1 Mai \u00een Bucure\u0219ti. Doar locuitorii din Sectorul 2 au zone amenajate oficial"}]},{"@type":"WebSite","@id":"https:\/\/buletin.de\/bucuresti\/#website","url":"https:\/\/buletin.de\/bucuresti\/","name":"Buletin de Bucure\u0219ti","description":"\u0218tiri \u0219i investiga\u021bii esen\u021biale din capital\u0103","publisher":{"@id":"https:\/\/buletin.de\/bucuresti\/#organization"},"potentialAction":[{"@type":"SearchAction","target":{"@type":"EntryPoint","urlTemplate":"https:\/\/buletin.de\/bucuresti\/?s={search_term_string}"},"query-input":{"@type":"PropertyValueSpecification","valueRequired":true,"valueName":"search_term_string"}}],"inLanguage":"en-GB"},{"@type":"Organization","@id":"https:\/\/buletin.de\/bucuresti\/#organization","name":"Buletin de Bucure\u0219ti","url":"https:\/\/buletin.de\/bucuresti\/","logo":{"@type":"ImageObject","inLanguage":"en-GB","@id":"https:\/\/buletin.de\/bucuresti\/#\/schema\/logo\/image\/","url":"https:\/\/buletin.de\/bucuresti\/wp-content\/uploads\/logo-bdb-full-wide-vernil-transparent.png","contentUrl":"https:\/\/buletin.de\/bucuresti\/wp-content\/uploads\/logo-bdb-full-wide-vernil-transparent.png","width":1782,"height":626,"caption":"Buletin de Bucure\u0219ti"},"image":{"@id":"https:\/\/buletin.de\/bucuresti\/#\/schema\/logo\/image\/"},"sameAs":["https:\/\/www.facebook.com\/buletin.de.buc","https:\/\/www.instagram.com\/buletinde.bucuresti\/"]},{"@type":"Person","@id":"https:\/\/buletin.de\/bucuresti\/#\/schema\/person\/104a46bbe8be6e336fecf63974383951","name":"Alexandru Stan","image":{"@type":"ImageObject","inLanguage":"en-GB","@id":"https:\/\/buletin.de\/bucuresti\/wp-content\/uploads\/2025\/12\/IMG-20251216-WA0045-e1766134343668-96x96.jpgd0ca12809ae3e1d27116a2afe8926544","url":"https:\/\/buletin.de\/bucuresti\/wp-content\/uploads\/2025\/12\/IMG-20251216-WA0045-e1766134343668-96x96.jpg","contentUrl":"https:\/\/buletin.de\/bucuresti\/wp-content\/uploads\/2025\/12\/IMG-20251216-WA0045-e1766134343668-96x96.jpg","caption":"Alexandru Stan"},"description":"Sunt elev la un colegiu de prestigiu din Capital\u0103 \u0219i reporter la Buletin de Bucure\u0219ti. M-am n\u0103scut \u0219i am crescut cu m\u00e2ndrie \u00een Capital\u0103, ora\u0219 al pove\u0219tilor, al tramvaiului tras de cai \u0219i al c\u0103su\u021belor cu porti\u021b\u0103 \u0219i ci\u0219mea. Prin articolele mele, m\u0103 str\u0103duiesc s\u0103 descriu cu acurate\u021be via\u021ba din Bucure\u0219ti pe ecranele cititorilor no\u0219tri \u0219i \u00eencerc totodat\u0103 s\u0103 fac accesibile subiecte de interes general tuturor, de la mic la mare.","url":"https:\/\/buletin.de\/bucuresti\/author\/alexandru-stan\/"}]}},"authors":[{"term_id":22577,"user_id":61,"is_guest":0,"slug":"alexandru-stan","display_name":"Alexandru Stan","avatar_url":"https:\/\/buletin.de\/bucuresti\/wp-content\/uploads\/2025\/12\/IMG-20251216-WA0045-e1766134343668-96x96.jpg","0":null,"1":"","2":"","3":"","4":"","5":"","6":"","7":"","8":""}],"_links":{"self":[{"href":"https:\/\/buletin.de\/bucuresti\/wp-json\/wp\/v2\/posts\/128201","targetHints":{"allow":["GET"]}}],"collection":[{"href":"https:\/\/buletin.de\/bucuresti\/wp-json\/wp\/v2\/posts"}],"about":[{"href":"https:\/\/buletin.de\/bucuresti\/wp-json\/wp\/v2\/types\/post"}],"author":[{"embeddable":true,"href":"https:\/\/buletin.de\/bucuresti\/wp-json\/wp\/v2\/users\/61"}],"replies":[{"embeddable":true,"href":"https:\/\/buletin.de\/bucuresti\/wp-json\/wp\/v2\/comments?post=128201"}],"version-history":[{"count":5,"href":"https:\/\/buletin.de\/bucuresti\/wp-json\/wp\/v2\/posts\/128201\/revisions"}],"predecessor-version":[{"id":128275,"href":"https:\/\/buletin.de\/bucuresti\/wp-json\/wp\/v2\/posts\/128201\/revisions\/128275"}],"wp:featuredmedia":[{"embeddable":true,"href":"https:\/\/buletin.de\/bucuresti\/wp-json\/wp\/v2\/media\/128220"}],"wp:attachment":[{"href":"https:\/\/buletin.de\/bucuresti\/wp-json\/wp\/v2\/media?parent=128201"}],"wp:term":[{"taxonomy":"category","embeddable":true,"href":"https:\/\/buletin.de\/bucuresti\/wp-json\/wp\/v2\/categories?post=128201"},{"taxonomy":"post_tag","embeddable":true,"href":"https:\/\/buletin.de\/bucuresti\/wp-json\/wp\/v2\/tags?post=128201"},{"taxonomy":"author","embeddable":true,"href":"https:\/\/buletin.de\/bucuresti\/wp-json\/wp\/v2\/ppma_author?post=128201"}],"curies":[{"name":"wp","href":"https:\/\/api.w.org\/{rel}","templated":true}]}}