{"id":128192,"date":"2025-04-30T14:22:00","date_gmt":"2025-04-30T11:22:00","guid":{"rendered":"https:\/\/buletin.de\/bucuresti\/?p=128192"},"modified":"2025-04-30T14:42:27","modified_gmt":"2025-04-30T11:42:27","slug":"sase-linii-stb-vor-avea-program-prelungit","status":"publish","type":"post","link":"https:\/\/buletin.de\/bucuresti\/sase-linii-stb-vor-avea-program-prelungit\/","title":{"rendered":"\u0218ase linii STB vor avea program prelungit pe 5 mai, pentru meciul FCSB \u2013 Dinamo"},"content":{"rendered":"\n<p><strong>\u0218ase linii STB vor avea program prelungit, &nbsp;luni, 05.05.2025, pentru a asigura transportul spectatorilor de la meciul de fotbal FCSB \u2013 Dinamo Bucure\u0219ti. Este vorba despre liniile 10, 55, 86, 90, 104 \u0219i 311. Partida este programat\u0103 de la ora 20.30, pe \u201eArena Na\u021bional\u0103\u201d. <\/strong><\/p>\n\n\n\n<p>Tot din acest motiv, parcul&nbsp;<strong>liniilor de noapte N1 \u0219i N10&nbsp;<\/strong>va fi suplimentat \u00een intervalul orar&nbsp;<strong>22:30-23:10<\/strong>.<\/p>\n\n\n\n<p><strong>Dac\u0103 situa\u021bia o va impune<\/strong>, traseele&nbsp;<strong>liniilor 86, 90, 104 \u0219i 143<\/strong>&nbsp;vor fi modificate.<\/p>\n\n\n\n<div class=\"wp-block-buttons is-content-justification-center is-layout-flex wp-container-core-buttons-is-layout-16018d1d wp-block-buttons-is-layout-flex\">\n<div class=\"wp-block-button has-custom-width wp-block-button__width-100\"><a class=\"wp-block-button__link wp-element-button\" href=\"https:\/\/www.patreon.com\/BuletinDeBucuresti\"><strong>Sus\u021bine Buletin de Bucure\u0219ti pentru investiga\u021bii, reportaje \u0219i \u0219tiri Locale<\/strong><\/a><\/div>\n<\/div>\n\n\n\n<p>Vehiculele&nbsp;liniilor&nbsp;<strong>10, 55, 86, 90, 104, 311, N1 \u0219i N10&nbsp;<\/strong>vor circula \u00een zona \u201eArenei Na\u021bionale\u201d, dup\u0103 terminarea meciului, astfel:<\/p>\n\n\n\n<ul class=\"wp-block-list\">\n<li>Orele estimate de trecere ale tramvaielor&nbsp;<strong>liniei 10&nbsp;<\/strong>\u00een zona<strong>&nbsp;\u201eArenei Na\u021bionale\u201d&nbsp;<\/strong>sunt&nbsp;<strong>22:40, 22:45, 22:55, 23:05 \u0219i 23:15.<\/strong><\/li>\n\n\n\n<li>Orele estimate de trecere ale tramvaielor&nbsp;<strong>liniei 55&nbsp;<\/strong>\u00een zona&nbsp;<strong>\u201eArenei Na\u021bionale\u201d&nbsp;<\/strong>sunt&nbsp;<strong>22:40, 22;55 \u0219i 23:10&nbsp;<\/strong>(pe sensul spre&nbsp;<strong>\u201ePia\u021ba Sf\u00e2nta Vineri\u201d),<\/strong>respectiv&nbsp;<strong>22:40, 22:55, 23:10 \u0219i 23:30&nbsp;<\/strong>(pe sensul spre&nbsp;<strong>\u201ePantelimon\u201d<\/strong>).<\/li>\n\n\n\n<li>Troleibuzele&nbsp;<strong>liniei 86&nbsp;<\/strong>vor pleca de la&nbsp;<strong>\u201eArena Na\u021bional\u0103\u201d&nbsp;<\/strong>c\u0103tre&nbsp;<strong>\u201eCl\u0103bucet\u201d<\/strong>&nbsp;la&nbsp;<strong>orele 22:25, 22:30 \u0219i 22:35<\/strong>.<\/li>\n\n\n\n<li>Troleibuzele&nbsp;<strong>liniei 90&nbsp;<\/strong>vor pleca de la&nbsp;<strong>\u201eArena Na\u021bional\u0103\u201d&nbsp;<\/strong>c\u0103tre&nbsp;<strong>\u201eM Petrache Poenaru\u201d&nbsp;<\/strong>la&nbsp;<strong>orele 22:25, 22:41 \u0219i 22:58<\/strong>.<\/li>\n\n\n\n<li>Orele estimate de trecere ale autobuzelor&nbsp;<strong>liniei 104&nbsp;<\/strong>\u00een zona&nbsp;<strong>\u201eArenei Na\u021bionale\u201d&nbsp;<\/strong>sunt&nbsp;<strong>22:25, 22:35, 22:50, 22:55, 23:05, 23:10 \u0219i 23:15&nbsp;<\/strong>(pe sensul spre&nbsp;<strong>\u201ePia\u021ba Operei\u201d<\/strong>), respectiv&nbsp;<strong>22:35, 22:45, 22:55, 23:05 \u0219i 23:20&nbsp;<\/strong>(pe sensul spre&nbsp;<strong>\u201eComplex Pantelimon\u201d<\/strong>).<\/li>\n\n\n\n<li>Orele estimate de trecere ale autobuzelor&nbsp;<strong>liniei 311&nbsp;<\/strong>\u00een zona&nbsp;<strong>\u201eArenei Na\u021bionale\u201d&nbsp;<\/strong>sunt&nbsp;<strong>22:30, 22:40, 22:50, 23:00 \u0219i 23:15&nbsp;<\/strong>(pe sensul spre&nbsp;<strong>\u201eFaur\u201d<\/strong>), respectiv&nbsp;<strong>22:30, 22:45, 22:50, 23:00 \u0219i 23:10<\/strong>(pe sensul spre&nbsp;<strong>\u201eSala Palatului\u201d<\/strong>).<\/li>\n\n\n\n<li>Orele estimate de trecere ale autobuzelor&nbsp;<strong>liniei N1&nbsp;<\/strong>\u00een zona&nbsp;<strong>\u201eArenei Na\u021bionale\u201d,&nbsp;<\/strong>dup\u0103 terminarea meciului, sunt&nbsp;<strong>22:30, 22:40, 22:50, 23:00, 23:05 \u0219i 23:20<\/strong>. Apoi, vehiculele vor circula potrivit programului normal stabilit.<\/li>\n\n\n\n<li>Orele estimate de trecere ale autobuzelor&nbsp;<strong>liniei N10&nbsp;<\/strong>\u00een zona&nbsp;<strong>\u201eArenei Na\u021bionale\u201d,&nbsp;<\/strong>dup\u0103 terminarea meciului, sunt&nbsp;<strong>22:35, 22:50, 23:00, 23:10 \u0219i 23:30.<\/strong>&nbsp;Apoi, vehiculele vor circula potrivit programului normal stabilit.<\/li>\n<\/ul>\n\n\n\n<p><strong>CITE\u0218TE \u0218I:<\/strong> <a href=\"https:\/\/buletin.de\/bucuresti\/traseul-liniei-138-se-prelungeste\/\">Traseul liniei 138 se prelunge\u0219te de pe 3 mai<\/a><\/p>\n\n\n\n<h2 class=\"wp-block-heading\" id=\"h-\u0219ase-linii-stb-vor-avea-program-prelungit-pe-5-mai-pentru-meciul-fcsb-dinamo-trafic-restric\u021bionat\">\u0218ase linii STB vor avea program prelungit pe 5 mai, pentru meciul FCSB \u2013 Dinamo. <strong>Trafic restric\u021bionat<\/strong><\/h2>\n\n\n\n<p><strong>Dac\u0103 situa\u021bia o va impune, la dispozi\u021bia Brig\u0103zii Rutiere de Poli\u021bie<\/strong>,<strong>&nbsp;<\/strong>traficul rutier va fi restric\u021bionat pe Bd. Pierre de Coubertin. Din acest motiv, troleibuzele<strong>&nbsp;liniilor 86 \u0219i 90 vor \u00eentoarce \u00een Depoul Vatra Luminoas\u0103.&nbsp;\u00cen acest caz<\/strong>, c\u0103l\u0103torii vor putea utiliza vehiculele&nbsp;<strong>liniilor 86 \u0219i 90<\/strong>&nbsp;de la sta\u021bia&nbsp;<strong>\u201eAura Buzescu\u201d<\/strong>, potrivit <a href=\"https:\/\/tpbi.ro\/meciul-fcsb-dinamo-tpbi-prelungeste-programul-liniilor-10-55-86-90-104-si-311-si-suplimenteaza-parcul-liniilor-n1-si-n10-la-dispozitia-brigazii-rutiere-liniile-86-90-104-si-143-vor\/\">TPBI.<\/a><\/p>\n\n\n\n<p>Tot&nbsp;<strong>\u00een aceast\u0103 situa\u021bie<\/strong>, autobuzele<strong>&nbsp;liniei 104&nbsp;<\/strong>vor func\u021biona pe<strong>&nbsp;traseul de baz\u0103 \u00eentre terminalul \u201eComplex Pantelimon\u201d \u0219i intersec\u021bia \u0218os. Iancului\/ Bd. Pierre de Coubertin, apoi pe un traseu modificat \u00een ambele sensuri pe \u0218os. Iancului, \u0218os. Mihai Bravu, Bd. Decebal, apoi traseul actual.&nbsp;\u00cen acest caz<\/strong>, c\u0103l\u0103torii vor putea folosi vehiculele&nbsp;<strong>liniei 104<\/strong>&nbsp;de la<strong>&nbsp;sta\u021bia \u201eSarafine\u0219ti\u201d \u2013 pe sensul spre \u201ePia\u021ba Operei\u201d,&nbsp;<\/strong>respectiv<strong>&nbsp;\u201e\u0218oseaua Iancului\u201d \u2013 pe sensul spre \u201eComplex Comercial Pantelimon\u201d, iar orele estimate de trecere \u00een zona \u201eArenei Na\u021bionale\u201d sunt cele men\u021bionate mai sus!<\/strong><\/p>\n\n\n\n<p><strong>\u00cen cazul restric\u021bion\u0103rii traficului rutier pe Bd. Pierre de Coubertin<\/strong>, autobuzele&nbsp;<strong>liniei 143<\/strong>&nbsp;vor circula pe traseul de baz\u0103 \u00eentre terminalul&nbsp;<strong>\u201eBucur Obor\u201d<\/strong>&nbsp;\u0219i intersec\u021bia&nbsp;<strong>Str. Baicului\/ \u0218os. Pantelimon<\/strong>, apoi pe un traseu modificat pe&nbsp;<strong>\u0218os. Pantelimon, Bd. Ferdinand, Bd. G\u0103rii Obor, p\u00e2n\u0103 la terminalul&nbsp; \u201eBaicului\u201d (cap\u0103tul liniilor 69, 85 \u0219i 382)<\/strong>, cu \u00eentoarcere pe&nbsp;<strong>Str. Baicului, Str. Paharnicul Turturea, Str. Dumitru Slugeru, apoi traseul actual<\/strong>.<\/p>\n\n\n\n<p>Cei prezen\u021bi pe \u201eArena Na\u021bional\u0103\u201d mai au la dispozi\u021bie \u0219i vehiculele&nbsp;<strong>liniilor 1, 330, 335, 640, N102 \u0219i N109,<\/strong>&nbsp;care circul\u0103 potrivit programului normal stabilit.<\/p>\n\n\n\n<p><strong>CITE\u0218TE \u0218I:<\/strong> <a href=\"https:\/\/buletin.de\/bucuresti\/vreme-frumoasa-si-calda-2\/\">METEO BUCURE\u0218TI | Vreme frumoas\u0103 \u0219i cald\u0103, \u00een minivacan\u021ba de 1 Mai<\/a><\/p>\n\n\n\n<p><\/p>\n","protected":false},"excerpt":{"rendered":"<p>\u0218ase linii STB vor avea program prelungit, &nbsp;luni, 05.05.2025, pentru a asigura transportul spectatorilor de la meciul de fotbal FCSB \u2013 Dinamo Bucure\u0219ti. Este vorba despre liniile 10, 55, 86, 90, 104 \u0219i 311. Partida este programat\u0103 de la ora 20.30, pe \u201eArena Na\u021bional\u0103\u201d. Tot din acest motiv, parcul&nbsp;liniilor de noapte N1 \u0219i N10&nbsp;va fi [&hellip;]<\/p>\n","protected":false},"author":49,"featured_media":128193,"comment_status":"closed","ping_status":"open","sticky":false,"template":"","format":"standard","meta":{"_acf_changed":false,"inline_featured_image":false,"ngg_post_thumbnail":0,"footnotes":""},"categories":[6994,62,650],"tags":[2762,21007,5957,9370,13757,12150,12151,2842],"ppma_author":[22574],"class_list":["post-128192","post","type-post","status-publish","format-standard","has-post-thumbnail","hentry","category-stiri-2","category-stiri","category-transport","tag-arena-nationala-2","tag-fcsb-dinamo-3","tag-linia-10","tag-linia-311","tag-linia-55","tag-linia-86","tag-linia-90","tag-tpbi"],"acf":[],"yoast_head":"<!-- This site is optimized with the Yoast SEO Premium plugin v25.3 (Yoast SEO v27.5) - https:\/\/yoast.com\/product\/yoast-seo-premium-wordpress\/ -->\n<title>\u0218ase linii STB vor avea program prelungit pe 5 mai, pentru meciul FCSB \u2013 Dinamo - Buletin de Bucure\u0219ti<\/title>\n<meta name=\"description\" content=\"\u0218ase linii STB vor avea program prelungit, \u00a0luni, 5 mai pentru a asigura transportul spectatorilor de la meciul FCSB \u2013 Dinamo.\" \/>\n<meta name=\"robots\" content=\"index, follow, max-snippet:-1, max-image-preview:large, max-video-preview:-1\" \/>\n<link rel=\"canonical\" href=\"https:\/\/buletin.de\/bucuresti\/sase-linii-stb-vor-avea-program-prelungit\/\" \/>\n<meta property=\"og:locale\" content=\"en_GB\" \/>\n<meta property=\"og:type\" content=\"article\" \/>\n<meta property=\"og:title\" content=\"\u0218ase linii STB vor avea program prelungit pe 5 mai, pentru meciul FCSB \u2013 Dinamo\" \/>\n<meta property=\"og:description\" content=\"\u0218ase linii STB vor avea program prelungit, \u00a0luni, 5 mai pentru a asigura transportul spectatorilor de la meciul FCSB \u2013 Dinamo.\" \/>\n<meta property=\"og:url\" content=\"https:\/\/buletin.de\/bucuresti\/sase-linii-stb-vor-avea-program-prelungit\/\" \/>\n<meta property=\"og:site_name\" content=\"Buletin de Bucure\u0219ti\" \/>\n<meta property=\"article:publisher\" content=\"https:\/\/www.facebook.com\/buletin.de.buc\" \/>\n<meta property=\"article:published_time\" content=\"2025-04-30T11:22:00+00:00\" \/>\n<meta property=\"article:modified_time\" content=\"2025-04-30T11:42:27+00:00\" \/>\n<meta property=\"og:image\" content=\"https:\/\/buletin.de\/bucuresti\/wp-content\/uploads\/2025\/04\/86-si-90-Arena-Nationala-1-1000x632.png\" \/>\n\t<meta property=\"og:image:width\" content=\"1000\" \/>\n\t<meta property=\"og:image:height\" content=\"632\" \/>\n\t<meta property=\"og:image:type\" content=\"image\/png\" \/>\n<meta name=\"author\" content=\"Diana Matei\" \/>\n<meta name=\"twitter:card\" content=\"summary_large_image\" \/>\n<meta name=\"twitter:label1\" content=\"Written by\" \/>\n\t<meta name=\"twitter:data1\" content=\"Diana Matei\" \/>\n\t<meta name=\"twitter:label2\" content=\"Estimated reading time\" \/>\n\t<meta name=\"twitter:data2\" content=\"3 minutes\" \/>\n<script type=\"application\/ld+json\" class=\"yoast-schema-graph\">{\"@context\":\"https:\\\/\\\/schema.org\",\"@graph\":[{\"@type\":\"Article\",\"@id\":\"https:\\\/\\\/buletin.de\\\/bucuresti\\\/sase-linii-stb-vor-avea-program-prelungit\\\/#article\",\"isPartOf\":{\"@id\":\"https:\\\/\\\/buletin.de\\\/bucuresti\\\/sase-linii-stb-vor-avea-program-prelungit\\\/\"},\"author\":{\"name\":\"Diana Matei\",\"@id\":\"https:\\\/\\\/buletin.de\\\/bucuresti\\\/#\\\/schema\\\/person\\\/7e46040573290777280a0835d81ea4ea\"},\"headline\":\"\u0218ase linii STB vor avea program prelungit pe 5 mai, pentru meciul FCSB \u2013 Dinamo\",\"datePublished\":\"2025-04-30T11:22:00+00:00\",\"dateModified\":\"2025-04-30T11:42:27+00:00\",\"mainEntityOfPage\":{\"@id\":\"https:\\\/\\\/buletin.de\\\/bucuresti\\\/sase-linii-stb-vor-avea-program-prelungit\\\/\"},\"wordCount\":668,\"publisher\":{\"@id\":\"https:\\\/\\\/buletin.de\\\/bucuresti\\\/#organization\"},\"image\":{\"@id\":\"https:\\\/\\\/buletin.de\\\/bucuresti\\\/sase-linii-stb-vor-avea-program-prelungit\\\/#primaryimage\"},\"thumbnailUrl\":\"https:\\\/\\\/buletin.de\\\/bucuresti\\\/wp-content\\\/uploads\\\/2025\\\/04\\\/86-si-90-Arena-Nationala-1.png\",\"keywords\":[\"Arena Na\u021bional\u0103\",\"FCSB \u2013 Dinamo\",\"linia 10\",\"linia 311\",\"linia 55\",\"linia 86\",\"linia 90\",\"tpbi\"],\"articleSection\":[\"Articole\",\"\u0218tiri\",\"Transport\"],\"inLanguage\":\"en-GB\",\"copyrightYear\":\"2025\",\"copyrightHolder\":{\"@id\":\"https:\\\/\\\/buletin.de\\\/bucuresti\\\/#organization\"}},{\"@type\":\"WebPage\",\"@id\":\"https:\\\/\\\/buletin.de\\\/bucuresti\\\/sase-linii-stb-vor-avea-program-prelungit\\\/\",\"url\":\"https:\\\/\\\/buletin.de\\\/bucuresti\\\/sase-linii-stb-vor-avea-program-prelungit\\\/\",\"name\":\"\u0218ase linii STB vor avea program prelungit pe 5 mai, pentru meciul FCSB \u2013 Dinamo - Buletin de Bucure\u0219ti\",\"isPartOf\":{\"@id\":\"https:\\\/\\\/buletin.de\\\/bucuresti\\\/#website\"},\"primaryImageOfPage\":{\"@id\":\"https:\\\/\\\/buletin.de\\\/bucuresti\\\/sase-linii-stb-vor-avea-program-prelungit\\\/#primaryimage\"},\"image\":{\"@id\":\"https:\\\/\\\/buletin.de\\\/bucuresti\\\/sase-linii-stb-vor-avea-program-prelungit\\\/#primaryimage\"},\"thumbnailUrl\":\"https:\\\/\\\/buletin.de\\\/bucuresti\\\/wp-content\\\/uploads\\\/2025\\\/04\\\/86-si-90-Arena-Nationala-1.png\",\"datePublished\":\"2025-04-30T11:22:00+00:00\",\"dateModified\":\"2025-04-30T11:42:27+00:00\",\"description\":\"\u0218ase linii STB vor avea program prelungit, \u00a0luni, 5 mai pentru a asigura transportul spectatorilor de la meciul FCSB \u2013 Dinamo.\",\"breadcrumb\":{\"@id\":\"https:\\\/\\\/buletin.de\\\/bucuresti\\\/sase-linii-stb-vor-avea-program-prelungit\\\/#breadcrumb\"},\"inLanguage\":\"en-GB\",\"potentialAction\":[{\"@type\":\"ReadAction\",\"target\":[\"https:\\\/\\\/buletin.de\\\/bucuresti\\\/sase-linii-stb-vor-avea-program-prelungit\\\/\"]}]},{\"@type\":\"ImageObject\",\"inLanguage\":\"en-GB\",\"@id\":\"https:\\\/\\\/buletin.de\\\/bucuresti\\\/sase-linii-stb-vor-avea-program-prelungit\\\/#primaryimage\",\"url\":\"https:\\\/\\\/buletin.de\\\/bucuresti\\\/wp-content\\\/uploads\\\/2025\\\/04\\\/86-si-90-Arena-Nationala-1.png\",\"contentUrl\":\"https:\\\/\\\/buletin.de\\\/bucuresti\\\/wp-content\\\/uploads\\\/2025\\\/04\\\/86-si-90-Arena-Nationala-1.png\",\"width\":2200,\"height\":1391,\"caption\":\"\u0218ase linii STB vor avea program prelungit pe 5 mai, pentru meciul FCSB \u2013 Dinamo. FOTO: TPBI\"},{\"@type\":\"BreadcrumbList\",\"@id\":\"https:\\\/\\\/buletin.de\\\/bucuresti\\\/sase-linii-stb-vor-avea-program-prelungit\\\/#breadcrumb\",\"itemListElement\":[{\"@type\":\"ListItem\",\"position\":1,\"name\":\"Acas\u0103\",\"item\":\"https:\\\/\\\/buletin.de\\\/bucuresti\\\/\"},{\"@type\":\"ListItem\",\"position\":2,\"name\":\"\u0218ase linii STB vor avea program prelungit pe 5 mai, pentru meciul FCSB \u2013 Dinamo\"}]},{\"@type\":\"WebSite\",\"@id\":\"https:\\\/\\\/buletin.de\\\/bucuresti\\\/#website\",\"url\":\"https:\\\/\\\/buletin.de\\\/bucuresti\\\/\",\"name\":\"Buletin de Bucure\u0219ti\",\"description\":\"\u0218tiri \u0219i investiga\u021bii esen\u021biale din capital\u0103\",\"publisher\":{\"@id\":\"https:\\\/\\\/buletin.de\\\/bucuresti\\\/#organization\"},\"potentialAction\":[{\"@type\":\"SearchAction\",\"target\":{\"@type\":\"EntryPoint\",\"urlTemplate\":\"https:\\\/\\\/buletin.de\\\/bucuresti\\\/?s={search_term_string}\"},\"query-input\":{\"@type\":\"PropertyValueSpecification\",\"valueRequired\":true,\"valueName\":\"search_term_string\"}}],\"inLanguage\":\"en-GB\"},{\"@type\":\"Organization\",\"@id\":\"https:\\\/\\\/buletin.de\\\/bucuresti\\\/#organization\",\"name\":\"Buletin de Bucure\u0219ti\",\"url\":\"https:\\\/\\\/buletin.de\\\/bucuresti\\\/\",\"logo\":{\"@type\":\"ImageObject\",\"inLanguage\":\"en-GB\",\"@id\":\"https:\\\/\\\/buletin.de\\\/bucuresti\\\/#\\\/schema\\\/logo\\\/image\\\/\",\"url\":\"https:\\\/\\\/buletin.de\\\/bucuresti\\\/wp-content\\\/uploads\\\/logo-bdb-full-wide-vernil-transparent.png\",\"contentUrl\":\"https:\\\/\\\/buletin.de\\\/bucuresti\\\/wp-content\\\/uploads\\\/logo-bdb-full-wide-vernil-transparent.png\",\"width\":1782,\"height\":626,\"caption\":\"Buletin de Bucure\u0219ti\"},\"image\":{\"@id\":\"https:\\\/\\\/buletin.de\\\/bucuresti\\\/#\\\/schema\\\/logo\\\/image\\\/\"},\"sameAs\":[\"https:\\\/\\\/www.facebook.com\\\/buletin.de.buc\",\"https:\\\/\\\/www.instagram.com\\\/buletinde.bucuresti\\\/\"]},{\"@type\":\"Person\",\"@id\":\"https:\\\/\\\/buletin.de\\\/bucuresti\\\/#\\\/schema\\\/person\\\/7e46040573290777280a0835d81ea4ea\",\"name\":\"Diana Matei\",\"image\":{\"@type\":\"ImageObject\",\"inLanguage\":\"en-GB\",\"@id\":\"https:\\\/\\\/buletin.de\\\/bucuresti\\\/wp-content\\\/uploads\\\/9-2-96x96.jpg1e8590b30871d70e62ebcdaf2eff570c\",\"url\":\"https:\\\/\\\/buletin.de\\\/bucuresti\\\/wp-content\\\/uploads\\\/9-2-96x96.jpg\",\"contentUrl\":\"https:\\\/\\\/buletin.de\\\/bucuresti\\\/wp-content\\\/uploads\\\/9-2-96x96.jpg\",\"caption\":\"Diana Matei\"},\"url\":\"https:\\\/\\\/buletin.de\\\/bucuresti\\\/author\\\/dianamatei\\\/\"}]}<\/script>\n<!-- \/ Yoast SEO Premium plugin. -->","yoast_head_json":{"title":"\u0218ase linii STB vor avea program prelungit pe 5 mai, pentru meciul FCSB \u2013 Dinamo - Buletin de Bucure\u0219ti","description":"\u0218ase linii STB vor avea program prelungit, \u00a0luni, 5 mai pentru a asigura transportul spectatorilor de la meciul FCSB \u2013 Dinamo.","robots":{"index":"index","follow":"follow","max-snippet":"max-snippet:-1","max-image-preview":"max-image-preview:large","max-video-preview":"max-video-preview:-1"},"canonical":"https:\/\/buletin.de\/bucuresti\/sase-linii-stb-vor-avea-program-prelungit\/","og_locale":"en_GB","og_type":"article","og_title":"\u0218ase linii STB vor avea program prelungit pe 5 mai, pentru meciul FCSB \u2013 Dinamo","og_description":"\u0218ase linii STB vor avea program prelungit, \u00a0luni, 5 mai pentru a asigura transportul spectatorilor de la meciul FCSB \u2013 Dinamo.","og_url":"https:\/\/buletin.de\/bucuresti\/sase-linii-stb-vor-avea-program-prelungit\/","og_site_name":"Buletin de Bucure\u0219ti","article_publisher":"https:\/\/www.facebook.com\/buletin.de.buc","article_published_time":"2025-04-30T11:22:00+00:00","article_modified_time":"2025-04-30T11:42:27+00:00","og_image":[{"width":1000,"height":632,"url":"https:\/\/buletin.de\/bucuresti\/wp-content\/uploads\/2025\/04\/86-si-90-Arena-Nationala-1-1000x632.png","type":"image\/png"}],"author":"Diana Matei","twitter_card":"summary_large_image","twitter_misc":{"Written by":"Diana Matei","Estimated reading time":"3 minutes"},"schema":{"@context":"https:\/\/schema.org","@graph":[{"@type":"Article","@id":"https:\/\/buletin.de\/bucuresti\/sase-linii-stb-vor-avea-program-prelungit\/#article","isPartOf":{"@id":"https:\/\/buletin.de\/bucuresti\/sase-linii-stb-vor-avea-program-prelungit\/"},"author":{"name":"Diana Matei","@id":"https:\/\/buletin.de\/bucuresti\/#\/schema\/person\/7e46040573290777280a0835d81ea4ea"},"headline":"\u0218ase linii STB vor avea program prelungit pe 5 mai, pentru meciul FCSB \u2013 Dinamo","datePublished":"2025-04-30T11:22:00+00:00","dateModified":"2025-04-30T11:42:27+00:00","mainEntityOfPage":{"@id":"https:\/\/buletin.de\/bucuresti\/sase-linii-stb-vor-avea-program-prelungit\/"},"wordCount":668,"publisher":{"@id":"https:\/\/buletin.de\/bucuresti\/#organization"},"image":{"@id":"https:\/\/buletin.de\/bucuresti\/sase-linii-stb-vor-avea-program-prelungit\/#primaryimage"},"thumbnailUrl":"https:\/\/buletin.de\/bucuresti\/wp-content\/uploads\/2025\/04\/86-si-90-Arena-Nationala-1.png","keywords":["Arena Na\u021bional\u0103","FCSB \u2013 Dinamo","linia 10","linia 311","linia 55","linia 86","linia 90","tpbi"],"articleSection":["Articole","\u0218tiri","Transport"],"inLanguage":"en-GB","copyrightYear":"2025","copyrightHolder":{"@id":"https:\/\/buletin.de\/bucuresti\/#organization"}},{"@type":"WebPage","@id":"https:\/\/buletin.de\/bucuresti\/sase-linii-stb-vor-avea-program-prelungit\/","url":"https:\/\/buletin.de\/bucuresti\/sase-linii-stb-vor-avea-program-prelungit\/","name":"\u0218ase linii STB vor avea program prelungit pe 5 mai, pentru meciul FCSB \u2013 Dinamo - Buletin de Bucure\u0219ti","isPartOf":{"@id":"https:\/\/buletin.de\/bucuresti\/#website"},"primaryImageOfPage":{"@id":"https:\/\/buletin.de\/bucuresti\/sase-linii-stb-vor-avea-program-prelungit\/#primaryimage"},"image":{"@id":"https:\/\/buletin.de\/bucuresti\/sase-linii-stb-vor-avea-program-prelungit\/#primaryimage"},"thumbnailUrl":"https:\/\/buletin.de\/bucuresti\/wp-content\/uploads\/2025\/04\/86-si-90-Arena-Nationala-1.png","datePublished":"2025-04-30T11:22:00+00:00","dateModified":"2025-04-30T11:42:27+00:00","description":"\u0218ase linii STB vor avea program prelungit, \u00a0luni, 5 mai pentru a asigura transportul spectatorilor de la meciul FCSB \u2013 Dinamo.","breadcrumb":{"@id":"https:\/\/buletin.de\/bucuresti\/sase-linii-stb-vor-avea-program-prelungit\/#breadcrumb"},"inLanguage":"en-GB","potentialAction":[{"@type":"ReadAction","target":["https:\/\/buletin.de\/bucuresti\/sase-linii-stb-vor-avea-program-prelungit\/"]}]},{"@type":"ImageObject","inLanguage":"en-GB","@id":"https:\/\/buletin.de\/bucuresti\/sase-linii-stb-vor-avea-program-prelungit\/#primaryimage","url":"https:\/\/buletin.de\/bucuresti\/wp-content\/uploads\/2025\/04\/86-si-90-Arena-Nationala-1.png","contentUrl":"https:\/\/buletin.de\/bucuresti\/wp-content\/uploads\/2025\/04\/86-si-90-Arena-Nationala-1.png","width":2200,"height":1391,"caption":"\u0218ase linii STB vor avea program prelungit pe 5 mai, pentru meciul FCSB \u2013 Dinamo. FOTO: TPBI"},{"@type":"BreadcrumbList","@id":"https:\/\/buletin.de\/bucuresti\/sase-linii-stb-vor-avea-program-prelungit\/#breadcrumb","itemListElement":[{"@type":"ListItem","position":1,"name":"Acas\u0103","item":"https:\/\/buletin.de\/bucuresti\/"},{"@type":"ListItem","position":2,"name":"\u0218ase linii STB vor avea program prelungit pe 5 mai, pentru meciul FCSB \u2013 Dinamo"}]},{"@type":"WebSite","@id":"https:\/\/buletin.de\/bucuresti\/#website","url":"https:\/\/buletin.de\/bucuresti\/","name":"Buletin de Bucure\u0219ti","description":"\u0218tiri \u0219i investiga\u021bii esen\u021biale din capital\u0103","publisher":{"@id":"https:\/\/buletin.de\/bucuresti\/#organization"},"potentialAction":[{"@type":"SearchAction","target":{"@type":"EntryPoint","urlTemplate":"https:\/\/buletin.de\/bucuresti\/?s={search_term_string}"},"query-input":{"@type":"PropertyValueSpecification","valueRequired":true,"valueName":"search_term_string"}}],"inLanguage":"en-GB"},{"@type":"Organization","@id":"https:\/\/buletin.de\/bucuresti\/#organization","name":"Buletin de Bucure\u0219ti","url":"https:\/\/buletin.de\/bucuresti\/","logo":{"@type":"ImageObject","inLanguage":"en-GB","@id":"https:\/\/buletin.de\/bucuresti\/#\/schema\/logo\/image\/","url":"https:\/\/buletin.de\/bucuresti\/wp-content\/uploads\/logo-bdb-full-wide-vernil-transparent.png","contentUrl":"https:\/\/buletin.de\/bucuresti\/wp-content\/uploads\/logo-bdb-full-wide-vernil-transparent.png","width":1782,"height":626,"caption":"Buletin de Bucure\u0219ti"},"image":{"@id":"https:\/\/buletin.de\/bucuresti\/#\/schema\/logo\/image\/"},"sameAs":["https:\/\/www.facebook.com\/buletin.de.buc","https:\/\/www.instagram.com\/buletinde.bucuresti\/"]},{"@type":"Person","@id":"https:\/\/buletin.de\/bucuresti\/#\/schema\/person\/7e46040573290777280a0835d81ea4ea","name":"Diana Matei","image":{"@type":"ImageObject","inLanguage":"en-GB","@id":"https:\/\/buletin.de\/bucuresti\/wp-content\/uploads\/9-2-96x96.jpg1e8590b30871d70e62ebcdaf2eff570c","url":"https:\/\/buletin.de\/bucuresti\/wp-content\/uploads\/9-2-96x96.jpg","contentUrl":"https:\/\/buletin.de\/bucuresti\/wp-content\/uploads\/9-2-96x96.jpg","caption":"Diana Matei"},"url":"https:\/\/buletin.de\/bucuresti\/author\/dianamatei\/"}]}},"authors":[{"term_id":22574,"user_id":49,"is_guest":0,"slug":"dianamatei","display_name":"Diana Matei","avatar_url":"https:\/\/buletin.de\/bucuresti\/wp-content\/uploads\/9-2-96x96.jpg","0":null,"1":"","2":"","3":"","4":"","5":"","6":"","7":"","8":""}],"_links":{"self":[{"href":"https:\/\/buletin.de\/bucuresti\/wp-json\/wp\/v2\/posts\/128192","targetHints":{"allow":["GET"]}}],"collection":[{"href":"https:\/\/buletin.de\/bucuresti\/wp-json\/wp\/v2\/posts"}],"about":[{"href":"https:\/\/buletin.de\/bucuresti\/wp-json\/wp\/v2\/types\/post"}],"author":[{"embeddable":true,"href":"https:\/\/buletin.de\/bucuresti\/wp-json\/wp\/v2\/users\/49"}],"replies":[{"embeddable":true,"href":"https:\/\/buletin.de\/bucuresti\/wp-json\/wp\/v2\/comments?post=128192"}],"version-history":[{"count":2,"href":"https:\/\/buletin.de\/bucuresti\/wp-json\/wp\/v2\/posts\/128192\/revisions"}],"predecessor-version":[{"id":128199,"href":"https:\/\/buletin.de\/bucuresti\/wp-json\/wp\/v2\/posts\/128192\/revisions\/128199"}],"wp:featuredmedia":[{"embeddable":true,"href":"https:\/\/buletin.de\/bucuresti\/wp-json\/wp\/v2\/media\/128193"}],"wp:attachment":[{"href":"https:\/\/buletin.de\/bucuresti\/wp-json\/wp\/v2\/media?parent=128192"}],"wp:term":[{"taxonomy":"category","embeddable":true,"href":"https:\/\/buletin.de\/bucuresti\/wp-json\/wp\/v2\/categories?post=128192"},{"taxonomy":"post_tag","embeddable":true,"href":"https:\/\/buletin.de\/bucuresti\/wp-json\/wp\/v2\/tags?post=128192"},{"taxonomy":"author","embeddable":true,"href":"https:\/\/buletin.de\/bucuresti\/wp-json\/wp\/v2\/ppma_author?post=128192"}],"curies":[{"name":"wp","href":"https:\/\/api.w.org\/{rel}","templated":true}]}}