{"id":128185,"date":"2025-04-30T13:21:18","date_gmt":"2025-04-30T10:21:18","guid":{"rendered":"https:\/\/buletin.de\/bucuresti\/?p=128185"},"modified":"2025-04-30T13:21:19","modified_gmt":"2025-04-30T10:21:19","slug":"vreme-frumoasa-si-calda-2","status":"publish","type":"post","link":"https:\/\/buletin.de\/bucuresti\/vreme-frumoasa-si-calda-2\/","title":{"rendered":"METEO BUCURE\u0218TI | Vreme frumoas\u0103 \u0219i cald\u0103, \u00een minivacan\u021ba de 1 Mai"},"content":{"rendered":"\n<p><strong>Capitala are parte de vreme frumoas\u0103 \u0219i cald\u0103, \u00een minivacan\u021ba de 1 Mai. Temperaturile maxime ajung la 27 de grade, s\u00e2mb\u0103t\u0103 3 mai.<\/strong><\/p>\n\n\n\n<p><strong>Joi, 1 mai, <\/strong>vremea va fi \u00een general frumoas\u0103, iar valorile termice comparabile cu cele din intervalul anterior. Cerul va fi variabil, cu \u00eennor\u0103ri temporar accentuate dup\u0103-amiaza \u0219i seara c\u00e2nd vor fi averse \u0219i desc\u0103rc\u0103ri electrice. V\u00e2ntul va bate slab \u0219i moderat, cu intensific\u0103ri de scurt\u0103 durat\u0103 \u00een timpul ploilor. Temperatura maxim\u0103 se va situa \u00een jurul valorii de 25 de grade, iar cea minim\u0103 va fi de 10\u202611 grade, u\u0219or mai sc\u0103zut\u0103 \u00een zona preor\u0103\u0219eneasc\u0103.<\/p>\n\n\n\n<p><strong>Vineri, 2 mai, <\/strong>vremea va fi frumoas\u0103, iar regimul termic caracterizat de valori \u00een jurul celor normale datei. Cerul va fi mai mult senin, iar v\u00e2ntul va sufla slab \u0219i moderat. Temperatura maxim\u0103 se va situa \u00een jurul valorii de 23 de grade, iar cea minim\u0103 va fi de 8\u202611 grade.<\/p>\n\n\n\n<div class=\"wp-block-buttons is-content-justification-center is-layout-flex wp-container-core-buttons-is-layout-16018d1d wp-block-buttons-is-layout-flex\">\n<div class=\"wp-block-button has-custom-width wp-block-button__width-100\"><a class=\"wp-block-button__link wp-element-button\" href=\"https:\/\/www.patreon.com\/BuletinDeBucuresti\"><strong>Sus\u021bine Buletin de Bucure\u0219ti pentru investiga\u021bii, reportaje \u0219i \u0219tiri Locale<\/strong><\/a><\/div>\n<\/div>\n\n\n\n<h2 class=\"wp-block-heading\" id=\"h-vreme-frumoasa-\u0219i-calda-in-minivacan\u021ba-de-1-mai\"><strong>Vreme frumoas\u0103 \u0219i cald\u0103, \u00een minivacan\u021ba de 1 mai <\/strong><\/h2>\n\n\n\n<p><strong>S\u00e2mb\u0103t\u0103, 3 mai, <\/strong>vremea va fi frumoas\u0103 \u0219i se va \u00eenc\u0103lzi u\u0219or. Cerul va fi mai mult senin, iar v\u00e2ntul va bate slab \u0219i moderat. Temperatura maxim\u0103 va fi de 26\u202627 de grade, iar cea minim\u0103 de 11\u202612 grade.<\/p>\n\n\n\n<p><strong>Duminic\u0103, 4 mai,<\/strong> vremea va fi \u00een general frumoas\u0103, dar cerul va fi noros. V\u00e2ntul bate slab \u0219i moderat, iar temperatura minim\u0103 va fi de 14 grade. Maxima termic\u0103 urc\u0103 p\u00e2n\u0103 la 28 de grade.<\/p>\n\n\n\n<p>S\u0103pt\u0103m\u00e2na viitoare, temperaturile scad \u0219i revin precipita\u021biile. \u00cen prima parte a intervalului, maximele termice numai trec de 22 de grade. Spre sf\u00e2r\u0219itul intervalului, mercurul din termometre urc\u0103, din nou, p\u00e2n\u0103 la 27 de grade, potrivit <a href=\"https:\/\/www.meteoromania.ro\/\">ANM.<\/a><\/p>\n\n\n\n<p><strong>CITE\u0218TE \u0218I:<\/strong> <a href=\"https:\/\/buletin.de\/bucuresti\/traseul-liniei-138-se-prelungeste\/\">Traseul liniei 138 se prelunge\u0219te de pe 3 mai<\/a><\/p>\n\n\n\n<p><\/p>\n","protected":false},"excerpt":{"rendered":"<p>Capitala are parte de vreme frumoas\u0103 \u0219i cald\u0103, \u00een minivacan\u021ba de 1 Mai. Temperaturile maxime ajung la 27 de grade, s\u00e2mb\u0103t\u0103 3 mai. Joi, 1 mai, vremea va fi \u00een general frumoas\u0103, iar valorile termice comparabile cu cele din intervalul anterior. Cerul va fi variabil, cu \u00eennor\u0103ri temporar accentuate dup\u0103-amiaza \u0219i seara c\u00e2nd vor fi [&hellip;]<\/p>\n","protected":false},"author":49,"featured_media":96376,"comment_status":"closed","ping_status":"open","sticky":false,"template":"","format":"standard","meta":{"_acf_changed":false,"inline_featured_image":false,"ngg_post_thumbnail":0,"footnotes":""},"categories":[6994,5762],"tags":[4314,11645,6148,10452],"ppma_author":[22574],"class_list":["post-128185","post","type-post","status-publish","format-standard","has-post-thumbnail","hentry","category-stiri-2","category-main","tag-anm","tag-meteo-1-mai","tag-prognoza-anm","tag-temperaturi-bucuresti"],"acf":[],"yoast_head":"<!-- This site is optimized with the Yoast SEO Premium plugin v25.3 (Yoast SEO v27.4) - https:\/\/yoast.com\/product\/yoast-seo-premium-wordpress\/ -->\n<title>METEO BUCURE\u0218TI | Vreme frumoas\u0103 \u0219i cald\u0103, \u00een minivacan\u021ba de 1 Mai - Buletin de Bucure\u0219ti<\/title>\n<meta name=\"description\" content=\"Capitala are parte de vreme frumoas\u0103 \u0219i cald\u0103, \u00een minivacan\u021b\u0103 de 1 mai. Temperaturile maxime ajun la 27 de grade, s\u00e2mb\u0103t\u0103 3 mai.\" \/>\n<meta name=\"robots\" content=\"index, follow, max-snippet:-1, max-image-preview:large, max-video-preview:-1\" \/>\n<link rel=\"canonical\" href=\"https:\/\/buletin.de\/bucuresti\/vreme-frumoasa-si-calda-2\/\" \/>\n<meta property=\"og:locale\" content=\"en_GB\" \/>\n<meta property=\"og:type\" content=\"article\" \/>\n<meta property=\"og:title\" content=\"METEO BUCURE\u0218TI | Vreme frumoas\u0103 \u0219i cald\u0103, \u00een minivacan\u021ba de 1 Mai\" \/>\n<meta property=\"og:description\" content=\"Capitala are parte de vreme frumoas\u0103 \u0219i cald\u0103, \u00een minivacan\u021b\u0103 de 1 mai. Temperaturile maxime ajun la 27 de grade, s\u00e2mb\u0103t\u0103 3 mai.\" \/>\n<meta property=\"og:url\" content=\"https:\/\/buletin.de\/bucuresti\/vreme-frumoasa-si-calda-2\/\" \/>\n<meta property=\"og:site_name\" content=\"Buletin de Bucure\u0219ti\" \/>\n<meta property=\"article:publisher\" content=\"https:\/\/www.facebook.com\/buletin.de.buc\" \/>\n<meta property=\"article:published_time\" content=\"2025-04-30T10:21:18+00:00\" \/>\n<meta property=\"article:modified_time\" content=\"2025-04-30T10:21:19+00:00\" \/>\n<meta property=\"og:image\" content=\"https:\/\/buletin.de\/bucuresti\/wp-content\/uploads\/unnamed-1-5-900x900.jpg\" \/>\n\t<meta property=\"og:image:width\" content=\"900\" \/>\n\t<meta property=\"og:image:height\" content=\"900\" \/>\n\t<meta property=\"og:image:type\" content=\"image\/jpeg\" \/>\n<meta name=\"author\" content=\"Diana Matei\" \/>\n<meta name=\"twitter:card\" content=\"summary_large_image\" \/>\n<meta name=\"twitter:label1\" content=\"Written by\" \/>\n\t<meta name=\"twitter:data1\" content=\"Diana Matei\" \/>\n\t<meta name=\"twitter:label2\" content=\"Estimated reading time\" \/>\n\t<meta name=\"twitter:data2\" content=\"2 minutes\" \/>\n<script type=\"application\/ld+json\" class=\"yoast-schema-graph\">{\"@context\":\"https:\\\/\\\/schema.org\",\"@graph\":[{\"@type\":\"Article\",\"@id\":\"https:\\\/\\\/buletin.de\\\/bucuresti\\\/vreme-frumoasa-si-calda-2\\\/#article\",\"isPartOf\":{\"@id\":\"https:\\\/\\\/buletin.de\\\/bucuresti\\\/vreme-frumoasa-si-calda-2\\\/\"},\"author\":{\"name\":\"Diana Matei\",\"@id\":\"https:\\\/\\\/buletin.de\\\/bucuresti\\\/#\\\/schema\\\/person\\\/7e46040573290777280a0835d81ea4ea\"},\"headline\":\"METEO BUCURE\u0218TI | Vreme frumoas\u0103 \u0219i cald\u0103, \u00een minivacan\u021ba de 1 Mai\",\"datePublished\":\"2025-04-30T10:21:18+00:00\",\"dateModified\":\"2025-04-30T10:21:19+00:00\",\"mainEntityOfPage\":{\"@id\":\"https:\\\/\\\/buletin.de\\\/bucuresti\\\/vreme-frumoasa-si-calda-2\\\/\"},\"wordCount\":316,\"publisher\":{\"@id\":\"https:\\\/\\\/buletin.de\\\/bucuresti\\\/#organization\"},\"image\":{\"@id\":\"https:\\\/\\\/buletin.de\\\/bucuresti\\\/vreme-frumoasa-si-calda-2\\\/#primaryimage\"},\"thumbnailUrl\":\"https:\\\/\\\/buletin.de\\\/bucuresti\\\/wp-content\\\/uploads\\\/unnamed-1-5.jpg\",\"keywords\":[\"anm\",\"meteo 1 mai\",\"prognoza anm\",\"temperaturi Bucuresti\"],\"articleSection\":[\"Articole\",\"Main\"],\"inLanguage\":\"en-GB\",\"copyrightYear\":\"2025\",\"copyrightHolder\":{\"@id\":\"https:\\\/\\\/buletin.de\\\/bucuresti\\\/#organization\"}},{\"@type\":\"WebPage\",\"@id\":\"https:\\\/\\\/buletin.de\\\/bucuresti\\\/vreme-frumoasa-si-calda-2\\\/\",\"url\":\"https:\\\/\\\/buletin.de\\\/bucuresti\\\/vreme-frumoasa-si-calda-2\\\/\",\"name\":\"METEO BUCURE\u0218TI | Vreme frumoas\u0103 \u0219i cald\u0103, \u00een minivacan\u021ba de 1 Mai - Buletin de Bucure\u0219ti\",\"isPartOf\":{\"@id\":\"https:\\\/\\\/buletin.de\\\/bucuresti\\\/#website\"},\"primaryImageOfPage\":{\"@id\":\"https:\\\/\\\/buletin.de\\\/bucuresti\\\/vreme-frumoasa-si-calda-2\\\/#primaryimage\"},\"image\":{\"@id\":\"https:\\\/\\\/buletin.de\\\/bucuresti\\\/vreme-frumoasa-si-calda-2\\\/#primaryimage\"},\"thumbnailUrl\":\"https:\\\/\\\/buletin.de\\\/bucuresti\\\/wp-content\\\/uploads\\\/unnamed-1-5.jpg\",\"datePublished\":\"2025-04-30T10:21:18+00:00\",\"dateModified\":\"2025-04-30T10:21:19+00:00\",\"description\":\"Capitala are parte de vreme frumoas\u0103 \u0219i cald\u0103, \u00een minivacan\u021b\u0103 de 1 mai. Temperaturile maxime ajun la 27 de grade, s\u00e2mb\u0103t\u0103 3 mai.\",\"breadcrumb\":{\"@id\":\"https:\\\/\\\/buletin.de\\\/bucuresti\\\/vreme-frumoasa-si-calda-2\\\/#breadcrumb\"},\"inLanguage\":\"en-GB\",\"potentialAction\":[{\"@type\":\"ReadAction\",\"target\":[\"https:\\\/\\\/buletin.de\\\/bucuresti\\\/vreme-frumoasa-si-calda-2\\\/\"]}]},{\"@type\":\"ImageObject\",\"inLanguage\":\"en-GB\",\"@id\":\"https:\\\/\\\/buletin.de\\\/bucuresti\\\/vreme-frumoasa-si-calda-2\\\/#primaryimage\",\"url\":\"https:\\\/\\\/buletin.de\\\/bucuresti\\\/wp-content\\\/uploads\\\/unnamed-1-5.jpg\",\"contentUrl\":\"https:\\\/\\\/buletin.de\\\/bucuresti\\\/wp-content\\\/uploads\\\/unnamed-1-5.jpg\",\"width\":2000,\"height\":2000,\"caption\":\"METEO | Vremea se men\u021bine c\u0103lduroas\u0103, \u00een weekend. Temperatura maxim\u0103 ajunge la 32... 33 de grade. FOTO: Arhiva\"},{\"@type\":\"BreadcrumbList\",\"@id\":\"https:\\\/\\\/buletin.de\\\/bucuresti\\\/vreme-frumoasa-si-calda-2\\\/#breadcrumb\",\"itemListElement\":[{\"@type\":\"ListItem\",\"position\":1,\"name\":\"Acas\u0103\",\"item\":\"https:\\\/\\\/buletin.de\\\/bucuresti\\\/\"},{\"@type\":\"ListItem\",\"position\":2,\"name\":\"METEO BUCURE\u0218TI | Vreme frumoas\u0103 \u0219i cald\u0103, \u00een minivacan\u021ba de 1 Mai\"}]},{\"@type\":\"WebSite\",\"@id\":\"https:\\\/\\\/buletin.de\\\/bucuresti\\\/#website\",\"url\":\"https:\\\/\\\/buletin.de\\\/bucuresti\\\/\",\"name\":\"Buletin de Bucure\u0219ti\",\"description\":\"\u0218tiri \u0219i investiga\u021bii esen\u021biale din capital\u0103\",\"publisher\":{\"@id\":\"https:\\\/\\\/buletin.de\\\/bucuresti\\\/#organization\"},\"potentialAction\":[{\"@type\":\"SearchAction\",\"target\":{\"@type\":\"EntryPoint\",\"urlTemplate\":\"https:\\\/\\\/buletin.de\\\/bucuresti\\\/?s={search_term_string}\"},\"query-input\":{\"@type\":\"PropertyValueSpecification\",\"valueRequired\":true,\"valueName\":\"search_term_string\"}}],\"inLanguage\":\"en-GB\"},{\"@type\":\"Organization\",\"@id\":\"https:\\\/\\\/buletin.de\\\/bucuresti\\\/#organization\",\"name\":\"Buletin de Bucure\u0219ti\",\"url\":\"https:\\\/\\\/buletin.de\\\/bucuresti\\\/\",\"logo\":{\"@type\":\"ImageObject\",\"inLanguage\":\"en-GB\",\"@id\":\"https:\\\/\\\/buletin.de\\\/bucuresti\\\/#\\\/schema\\\/logo\\\/image\\\/\",\"url\":\"https:\\\/\\\/buletin.de\\\/bucuresti\\\/wp-content\\\/uploads\\\/logo-bdb-full-wide-vernil-transparent.png\",\"contentUrl\":\"https:\\\/\\\/buletin.de\\\/bucuresti\\\/wp-content\\\/uploads\\\/logo-bdb-full-wide-vernil-transparent.png\",\"width\":1782,\"height\":626,\"caption\":\"Buletin de Bucure\u0219ti\"},\"image\":{\"@id\":\"https:\\\/\\\/buletin.de\\\/bucuresti\\\/#\\\/schema\\\/logo\\\/image\\\/\"},\"sameAs\":[\"https:\\\/\\\/www.facebook.com\\\/buletin.de.buc\",\"https:\\\/\\\/www.instagram.com\\\/buletinde.bucuresti\\\/\"]},{\"@type\":\"Person\",\"@id\":\"https:\\\/\\\/buletin.de\\\/bucuresti\\\/#\\\/schema\\\/person\\\/7e46040573290777280a0835d81ea4ea\",\"name\":\"Diana Matei\",\"image\":{\"@type\":\"ImageObject\",\"inLanguage\":\"en-GB\",\"@id\":\"https:\\\/\\\/buletin.de\\\/bucuresti\\\/wp-content\\\/uploads\\\/9-2-96x96.jpg1e8590b30871d70e62ebcdaf2eff570c\",\"url\":\"https:\\\/\\\/buletin.de\\\/bucuresti\\\/wp-content\\\/uploads\\\/9-2-96x96.jpg\",\"contentUrl\":\"https:\\\/\\\/buletin.de\\\/bucuresti\\\/wp-content\\\/uploads\\\/9-2-96x96.jpg\",\"caption\":\"Diana Matei\"},\"url\":\"https:\\\/\\\/buletin.de\\\/bucuresti\\\/author\\\/dianamatei\\\/\"}]}<\/script>\n<!-- \/ Yoast SEO Premium plugin. -->","yoast_head_json":{"title":"METEO BUCURE\u0218TI | Vreme frumoas\u0103 \u0219i cald\u0103, \u00een minivacan\u021ba de 1 Mai - Buletin de Bucure\u0219ti","description":"Capitala are parte de vreme frumoas\u0103 \u0219i cald\u0103, \u00een minivacan\u021b\u0103 de 1 mai. Temperaturile maxime ajun la 27 de grade, s\u00e2mb\u0103t\u0103 3 mai.","robots":{"index":"index","follow":"follow","max-snippet":"max-snippet:-1","max-image-preview":"max-image-preview:large","max-video-preview":"max-video-preview:-1"},"canonical":"https:\/\/buletin.de\/bucuresti\/vreme-frumoasa-si-calda-2\/","og_locale":"en_GB","og_type":"article","og_title":"METEO BUCURE\u0218TI | Vreme frumoas\u0103 \u0219i cald\u0103, \u00een minivacan\u021ba de 1 Mai","og_description":"Capitala are parte de vreme frumoas\u0103 \u0219i cald\u0103, \u00een minivacan\u021b\u0103 de 1 mai. Temperaturile maxime ajun la 27 de grade, s\u00e2mb\u0103t\u0103 3 mai.","og_url":"https:\/\/buletin.de\/bucuresti\/vreme-frumoasa-si-calda-2\/","og_site_name":"Buletin de Bucure\u0219ti","article_publisher":"https:\/\/www.facebook.com\/buletin.de.buc","article_published_time":"2025-04-30T10:21:18+00:00","article_modified_time":"2025-04-30T10:21:19+00:00","og_image":[{"width":900,"height":900,"url":"https:\/\/buletin.de\/bucuresti\/wp-content\/uploads\/unnamed-1-5-900x900.jpg","type":"image\/jpeg"}],"author":"Diana Matei","twitter_card":"summary_large_image","twitter_misc":{"Written by":"Diana Matei","Estimated reading time":"2 minutes"},"schema":{"@context":"https:\/\/schema.org","@graph":[{"@type":"Article","@id":"https:\/\/buletin.de\/bucuresti\/vreme-frumoasa-si-calda-2\/#article","isPartOf":{"@id":"https:\/\/buletin.de\/bucuresti\/vreme-frumoasa-si-calda-2\/"},"author":{"name":"Diana Matei","@id":"https:\/\/buletin.de\/bucuresti\/#\/schema\/person\/7e46040573290777280a0835d81ea4ea"},"headline":"METEO BUCURE\u0218TI | Vreme frumoas\u0103 \u0219i cald\u0103, \u00een minivacan\u021ba de 1 Mai","datePublished":"2025-04-30T10:21:18+00:00","dateModified":"2025-04-30T10:21:19+00:00","mainEntityOfPage":{"@id":"https:\/\/buletin.de\/bucuresti\/vreme-frumoasa-si-calda-2\/"},"wordCount":316,"publisher":{"@id":"https:\/\/buletin.de\/bucuresti\/#organization"},"image":{"@id":"https:\/\/buletin.de\/bucuresti\/vreme-frumoasa-si-calda-2\/#primaryimage"},"thumbnailUrl":"https:\/\/buletin.de\/bucuresti\/wp-content\/uploads\/unnamed-1-5.jpg","keywords":["anm","meteo 1 mai","prognoza anm","temperaturi Bucuresti"],"articleSection":["Articole","Main"],"inLanguage":"en-GB","copyrightYear":"2025","copyrightHolder":{"@id":"https:\/\/buletin.de\/bucuresti\/#organization"}},{"@type":"WebPage","@id":"https:\/\/buletin.de\/bucuresti\/vreme-frumoasa-si-calda-2\/","url":"https:\/\/buletin.de\/bucuresti\/vreme-frumoasa-si-calda-2\/","name":"METEO BUCURE\u0218TI | Vreme frumoas\u0103 \u0219i cald\u0103, \u00een minivacan\u021ba de 1 Mai - Buletin de Bucure\u0219ti","isPartOf":{"@id":"https:\/\/buletin.de\/bucuresti\/#website"},"primaryImageOfPage":{"@id":"https:\/\/buletin.de\/bucuresti\/vreme-frumoasa-si-calda-2\/#primaryimage"},"image":{"@id":"https:\/\/buletin.de\/bucuresti\/vreme-frumoasa-si-calda-2\/#primaryimage"},"thumbnailUrl":"https:\/\/buletin.de\/bucuresti\/wp-content\/uploads\/unnamed-1-5.jpg","datePublished":"2025-04-30T10:21:18+00:00","dateModified":"2025-04-30T10:21:19+00:00","description":"Capitala are parte de vreme frumoas\u0103 \u0219i cald\u0103, \u00een minivacan\u021b\u0103 de 1 mai. Temperaturile maxime ajun la 27 de grade, s\u00e2mb\u0103t\u0103 3 mai.","breadcrumb":{"@id":"https:\/\/buletin.de\/bucuresti\/vreme-frumoasa-si-calda-2\/#breadcrumb"},"inLanguage":"en-GB","potentialAction":[{"@type":"ReadAction","target":["https:\/\/buletin.de\/bucuresti\/vreme-frumoasa-si-calda-2\/"]}]},{"@type":"ImageObject","inLanguage":"en-GB","@id":"https:\/\/buletin.de\/bucuresti\/vreme-frumoasa-si-calda-2\/#primaryimage","url":"https:\/\/buletin.de\/bucuresti\/wp-content\/uploads\/unnamed-1-5.jpg","contentUrl":"https:\/\/buletin.de\/bucuresti\/wp-content\/uploads\/unnamed-1-5.jpg","width":2000,"height":2000,"caption":"METEO | Vremea se men\u021bine c\u0103lduroas\u0103, \u00een weekend. Temperatura maxim\u0103 ajunge la 32... 33 de grade. FOTO: Arhiva"},{"@type":"BreadcrumbList","@id":"https:\/\/buletin.de\/bucuresti\/vreme-frumoasa-si-calda-2\/#breadcrumb","itemListElement":[{"@type":"ListItem","position":1,"name":"Acas\u0103","item":"https:\/\/buletin.de\/bucuresti\/"},{"@type":"ListItem","position":2,"name":"METEO BUCURE\u0218TI | Vreme frumoas\u0103 \u0219i cald\u0103, \u00een minivacan\u021ba de 1 Mai"}]},{"@type":"WebSite","@id":"https:\/\/buletin.de\/bucuresti\/#website","url":"https:\/\/buletin.de\/bucuresti\/","name":"Buletin de Bucure\u0219ti","description":"\u0218tiri \u0219i investiga\u021bii esen\u021biale din capital\u0103","publisher":{"@id":"https:\/\/buletin.de\/bucuresti\/#organization"},"potentialAction":[{"@type":"SearchAction","target":{"@type":"EntryPoint","urlTemplate":"https:\/\/buletin.de\/bucuresti\/?s={search_term_string}"},"query-input":{"@type":"PropertyValueSpecification","valueRequired":true,"valueName":"search_term_string"}}],"inLanguage":"en-GB"},{"@type":"Organization","@id":"https:\/\/buletin.de\/bucuresti\/#organization","name":"Buletin de Bucure\u0219ti","url":"https:\/\/buletin.de\/bucuresti\/","logo":{"@type":"ImageObject","inLanguage":"en-GB","@id":"https:\/\/buletin.de\/bucuresti\/#\/schema\/logo\/image\/","url":"https:\/\/buletin.de\/bucuresti\/wp-content\/uploads\/logo-bdb-full-wide-vernil-transparent.png","contentUrl":"https:\/\/buletin.de\/bucuresti\/wp-content\/uploads\/logo-bdb-full-wide-vernil-transparent.png","width":1782,"height":626,"caption":"Buletin de Bucure\u0219ti"},"image":{"@id":"https:\/\/buletin.de\/bucuresti\/#\/schema\/logo\/image\/"},"sameAs":["https:\/\/www.facebook.com\/buletin.de.buc","https:\/\/www.instagram.com\/buletinde.bucuresti\/"]},{"@type":"Person","@id":"https:\/\/buletin.de\/bucuresti\/#\/schema\/person\/7e46040573290777280a0835d81ea4ea","name":"Diana Matei","image":{"@type":"ImageObject","inLanguage":"en-GB","@id":"https:\/\/buletin.de\/bucuresti\/wp-content\/uploads\/9-2-96x96.jpg1e8590b30871d70e62ebcdaf2eff570c","url":"https:\/\/buletin.de\/bucuresti\/wp-content\/uploads\/9-2-96x96.jpg","contentUrl":"https:\/\/buletin.de\/bucuresti\/wp-content\/uploads\/9-2-96x96.jpg","caption":"Diana Matei"},"url":"https:\/\/buletin.de\/bucuresti\/author\/dianamatei\/"}]}},"authors":[{"term_id":22574,"user_id":49,"is_guest":0,"slug":"dianamatei","display_name":"Diana Matei","avatar_url":"https:\/\/buletin.de\/bucuresti\/wp-content\/uploads\/9-2-96x96.jpg","0":null,"1":"","2":"","3":"","4":"","5":"","6":"","7":"","8":""}],"_links":{"self":[{"href":"https:\/\/buletin.de\/bucuresti\/wp-json\/wp\/v2\/posts\/128185","targetHints":{"allow":["GET"]}}],"collection":[{"href":"https:\/\/buletin.de\/bucuresti\/wp-json\/wp\/v2\/posts"}],"about":[{"href":"https:\/\/buletin.de\/bucuresti\/wp-json\/wp\/v2\/types\/post"}],"author":[{"embeddable":true,"href":"https:\/\/buletin.de\/bucuresti\/wp-json\/wp\/v2\/users\/49"}],"replies":[{"embeddable":true,"href":"https:\/\/buletin.de\/bucuresti\/wp-json\/wp\/v2\/comments?post=128185"}],"version-history":[{"count":3,"href":"https:\/\/buletin.de\/bucuresti\/wp-json\/wp\/v2\/posts\/128185\/revisions"}],"predecessor-version":[{"id":128190,"href":"https:\/\/buletin.de\/bucuresti\/wp-json\/wp\/v2\/posts\/128185\/revisions\/128190"}],"wp:featuredmedia":[{"embeddable":true,"href":"https:\/\/buletin.de\/bucuresti\/wp-json\/wp\/v2\/media\/96376"}],"wp:attachment":[{"href":"https:\/\/buletin.de\/bucuresti\/wp-json\/wp\/v2\/media?parent=128185"}],"wp:term":[{"taxonomy":"category","embeddable":true,"href":"https:\/\/buletin.de\/bucuresti\/wp-json\/wp\/v2\/categories?post=128185"},{"taxonomy":"post_tag","embeddable":true,"href":"https:\/\/buletin.de\/bucuresti\/wp-json\/wp\/v2\/tags?post=128185"},{"taxonomy":"author","embeddable":true,"href":"https:\/\/buletin.de\/bucuresti\/wp-json\/wp\/v2\/ppma_author?post=128185"}],"curies":[{"name":"wp","href":"https:\/\/api.w.org\/{rel}","templated":true}]}}