{"id":128147,"date":"2025-04-30T09:53:25","date_gmt":"2025-04-30T06:53:25","guid":{"rendered":"https:\/\/buletin.de\/bucuresti\/?p=128147"},"modified":"2025-04-30T14:37:39","modified_gmt":"2025-04-30T11:37:39","slug":"achizitia-de-trenuri-de-metrou-pentru-m4-gara-de-nord-straulesti-pe-masa-guvernului","status":"publish","type":"post","link":"https:\/\/buletin.de\/bucuresti\/achizitia-de-trenuri-de-metrou-pentru-m4-gara-de-nord-straulesti-pe-masa-guvernului\/","title":{"rendered":"Achizi\u0163ia de trenuri de metrou pentru M4 Gara de Nord &#8211; Str\u0103ule\u015fti, pe masa Guvernului"},"content":{"rendered":"\n<p>UPDATE:<\/p>\n\n\n\n<p>Proiectul a fost aprobat, anun\u021b\u0103 ministrul Transporturilor, Sorin Grindeanu.<\/p>\n\n\n\n<p>\u0218TIREA INI\u021aIAL\u0102: <\/p>\n\n\n\n<p><strong>Guvernul voteaz\u0103 ast\u0103zi, 30 aprilie, achizi\u0163ia de noi trenuri de metrou pentru magistrala M4 Gara de Nord &#8211; Str\u0103ule\u015fti, trenuri care le vor \u00eenlocui pe cele comuniste. \u00a0Investi\u0163ia pentru 12 garnituri, a\u015fa cum se arat\u0103 \u00een proiect, se ridic\u0103 la peste un miliard lei, adic\u0103 aproximativ 200 de milioane de euro<\/strong>.<\/p>\n\n\n\n<p>Concret, Ministerul Transporturilor pl\u0103nuie\u015fte achizi\u0163ionarea a 12 trenuri electrice de metrou, cu o capacitate de 1.200 c\u0103l\u0103tori \u015fi o vitez\u0103 maxim\u0103 de 80 kilometri\/ or\u0103.<\/p>\n\n\n\n<p>Garniturile ar urma s\u0103 circule la un interval de cinci minute, motiv pentru care, \u021bin\u00e2nd seama de lungimea magistralei \u0219i viteza comercial\u0103, reiese un necesar de nou\u0103 trenuri \u00een circula\u021bie.<\/p>\n\n\n\n<p>Acestora li se adaug\u0103 trei trenuri de rezerv\u0103, necesare pentru a asigura opera\u021biunile zilnice de mentenan\u021b\u0103.<\/p>\n\n\n\n<p>Achizi\u0163ia de trenuri noi pentru Magistrala 4 ar trebui finalizat\u0103 \u00een&nbsp;<strong>patru ani<\/strong>. Valoarea proiectului este estimat\u0103 la pu\u0163in<strong>&nbsp;peste un miliard lei&nbsp;<\/strong>\u015fi va fi suportat\u0103 din fonduri alocate Rom\u00e2niei prin Fondul pentru Modernizare, aloca\u021bii de la bugetul de stat, prin bugetul Ministerului Transporturilor \u0219i Infrastructurii, precum \u0219i alte surse legal constituite.<\/p>\n\n\n\n<div class=\"wp-block-buttons is-content-justification-center is-layout-flex wp-container-core-buttons-is-layout-16018d1d wp-block-buttons-is-layout-flex\">\n<div class=\"wp-block-button has-custom-width wp-block-button__width-100\"><a class=\"wp-block-button__link wp-element-button\" href=\"https:\/\/www.patreon.com\/BuletinDeBucuresti\"><strong>Sus\u021bine Buletin de Bucure\u0219ti pentru investiga\u021bii, reportaje \u0219i \u0219tiri Locale<\/strong><\/a><\/div>\n<\/div>\n\n\n\n<h2 class=\"wp-block-heading\" id=\"h-achizitia-de-trenuri-de-metrou-necesara-pentru-ca-batranele-garnituri-iva-si-au-depasit-de-doua-ori-durata-de-functionare\">Achizi\u0163ia de trenuri de metrou, necesar\u0103 pentru c\u0103 b\u0103tr\u00e2nele garnituri IVA \u015fi-au dep\u0103\u015fit de dou\u0103 ori durata de func\u0163ionare<\/h2>\n\n\n\n<p>B\u0103tr\u00e2nele metrouri IVA, care circul\u0103 cu prec\u0103dere pe Magistrala 4, au o vechime medie de 39 ani, deci \u0219i-au dep\u0103\u0219it durata de func\u021bionare normal\u0103 de dou\u0103 ori.<\/p>\n\n\n\n<blockquote class=\"wp-block-quote is-layout-flow wp-block-quote-is-layout-flow\">\n<p>Vechimea medie pentru flota compus\u0103 din cele 4 tipuri de material rulant este defalcat\u0103, dup\u0103 cum urmeaz\u0103:<br>\uf0d8 &#8211; Ramele de metrou tip IVA &#8211; vechime medie de 39 de ani.<br>\uf0d8 &#8211; Ramele de metrou tip Bombardier &#8211; BM2 &#8211; vechime medie de 19 &#8211; 20 ani,<br>\uf0d8 &#8211; Ramele de metrou tip Bombardier &#8211; BM21 &#8211; vechime medie de 15 ani,<br>\uf0d8 &#8211; Ramele de metrou tip Bombardier \u2013 BM3 \u2013 vechime medie de 10 ani<\/p>\n<cite>sursa: <a href=\"https:\/\/sgg.gov.ro\/1\/wp-content\/uploads\/2025\/04\/NF-107.pdf\">proiect hot\u0103r\u00e2re guvern<\/a><\/cite><\/blockquote>\n\n\n\n<p>Din acest motiv, apar tot mai multe defec\u0163iuni ce cauzeaz\u0103 probleme \u00een asigurarea capacit\u0103\u0163ii de transport, potrivit notei de fundamentare a proiectului.<\/p>\n\n\n\n<p>De altfel, Buletin de Bucure\u015fti a scris despre planurile Metrorex de a \u00eenlocui vechile metrouri IVA \u00eenc\u0103 din aprilie 2024, \u00een urma unei reclama\u0163ii privind cur\u0103\u0163enia \u015fi incidentele tehnice ap\u0103rute tot mai des la aceste garnituri.<\/p>\n\n\n\n<p><strong>CITE\u015eTE \u015eI:<\/strong>&nbsp;<strong><a href=\"https:\/\/buletin.de\/bucuresti\/batranele-metrouri-iva-vor-fi-scoase-la-pensie-dupa-ce-va-fi-gata-m6-gara-de-nord-otopeni-intre-timp-reclamatiile-calatorilor-se-inmultesc\/\" target=\"_blank\" rel=\"noreferrer noopener\">B\u0103tr\u00e2nele metrouri IVA vor fi scoase la pensie, dup\u0103 ce va fi gata M6 Gara de Nord-Otopeni. \u00centre timp, reclama\u021biile c\u0103l\u0103torilor se \u00eenmul\u021besc<\/a><\/strong><\/p>\n","protected":false},"excerpt":{"rendered":"<p>UPDATE: Proiectul a fost aprobat, anun\u021b\u0103 ministrul Transporturilor, Sorin Grindeanu. \u0218TIREA INI\u021aIAL\u0102: Guvernul voteaz\u0103 ast\u0103zi, 30 aprilie, achizi\u0163ia de noi trenuri de metrou pentru magistrala M4 Gara de Nord &#8211; Str\u0103ule\u015fti, trenuri care le vor \u00eenlocui pe cele comuniste. \u00a0Investi\u0163ia pentru 12 garnituri, a\u015fa cum se arat\u0103 \u00een proiect, se ridic\u0103 la peste un miliard [&hellip;]<\/p>\n","protected":false},"author":8,"featured_media":128153,"comment_status":"closed","ping_status":"open","sticky":false,"template":"","format":"standard","meta":{"_acf_changed":false,"inline_featured_image":false,"ngg_post_thumbnail":0,"footnotes":""},"categories":[6994,5762,650],"tags":[11754,21001,21003,20418,20999,21000],"ppma_author":[22586],"class_list":["post-128147","post","type-post","status-publish","format-standard","has-post-thumbnail","hentry","category-stiri-2","category-main","category-transport","tag-bombardier","tag-gara-de-nord-straulesti","tag-guvernul-romaniei-metrou","tag-iva","tag-metrou-straulesti","tag-metrouri-noi-m4"],"acf":[],"yoast_head":"<!-- This site is optimized with the Yoast SEO Premium plugin v25.3 (Yoast SEO v27.4) - https:\/\/yoast.com\/product\/yoast-seo-premium-wordpress\/ -->\n<title>Achizi\u0163ia de trenuri de metrou pentru M4 Gara de Nord - Str\u0103ule\u015fti, pe masa Guvernului - Buletin de Bucure\u0219ti<\/title>\n<meta name=\"description\" content=\"Guvernul voteaz\u0103 ast\u0103zi, 30 aprilie, achizi\u0163ia de noi trenuri de metrou pentru magistrala M4 Gara de Nord - Str\u0103ule\u015fti\" \/>\n<meta name=\"robots\" content=\"index, follow, max-snippet:-1, max-image-preview:large, max-video-preview:-1\" \/>\n<link rel=\"canonical\" href=\"https:\/\/buletin.de\/bucuresti\/achizitia-de-trenuri-de-metrou-pentru-m4-gara-de-nord-straulesti-pe-masa-guvernului\/\" \/>\n<meta property=\"og:locale\" content=\"en_GB\" \/>\n<meta property=\"og:type\" content=\"article\" \/>\n<meta property=\"og:title\" content=\"Achizi\u0163ia de trenuri de metrou pentru M4 Gara de Nord - Str\u0103ule\u015fti, pe masa Guvernului\" \/>\n<meta property=\"og:description\" content=\"Guvernul voteaz\u0103 ast\u0103zi, 30 aprilie, achizi\u0163ia de noi trenuri de metrou pentru magistrala M4 Gara de Nord - Str\u0103ule\u015fti\" \/>\n<meta property=\"og:url\" content=\"https:\/\/buletin.de\/bucuresti\/achizitia-de-trenuri-de-metrou-pentru-m4-gara-de-nord-straulesti-pe-masa-guvernului\/\" \/>\n<meta property=\"og:site_name\" content=\"Buletin de Bucure\u0219ti\" \/>\n<meta property=\"article:publisher\" content=\"https:\/\/www.facebook.com\/buletin.de.buc\" \/>\n<meta property=\"article:published_time\" content=\"2025-04-30T06:53:25+00:00\" \/>\n<meta property=\"article:modified_time\" content=\"2025-04-30T11:37:39+00:00\" \/>\n<meta property=\"og:image\" content=\"https:\/\/buletin.de\/bucuresti\/wp-content\/uploads\/2025\/04\/statie-metrou-straulesti.png\" \/>\n\t<meta property=\"og:image:width\" content=\"1100\" \/>\n\t<meta property=\"og:image:height\" content=\"807\" \/>\n\t<meta property=\"og:image:type\" content=\"image\/png\" \/>\n<meta name=\"author\" content=\"Ionu\u021b Lepa\" \/>\n<meta name=\"twitter:card\" content=\"summary_large_image\" \/>\n<meta name=\"twitter:label1\" content=\"Written by\" \/>\n\t<meta name=\"twitter:data1\" content=\"Ionu\u021b Lepa\" \/>\n\t<meta name=\"twitter:label2\" content=\"Estimated reading time\" \/>\n\t<meta name=\"twitter:data2\" content=\"2 minutes\" \/>\n<script type=\"application\/ld+json\" class=\"yoast-schema-graph\">{\"@context\":\"https:\\\/\\\/schema.org\",\"@graph\":[{\"@type\":\"Article\",\"@id\":\"https:\\\/\\\/buletin.de\\\/bucuresti\\\/achizitia-de-trenuri-de-metrou-pentru-m4-gara-de-nord-straulesti-pe-masa-guvernului\\\/#article\",\"isPartOf\":{\"@id\":\"https:\\\/\\\/buletin.de\\\/bucuresti\\\/achizitia-de-trenuri-de-metrou-pentru-m4-gara-de-nord-straulesti-pe-masa-guvernului\\\/\"},\"author\":{\"name\":\"Ionu\u021b Lepa\",\"@id\":\"https:\\\/\\\/buletin.de\\\/bucuresti\\\/#\\\/schema\\\/person\\\/5272b8a057b33890940b57b837fc4ce6\"},\"headline\":\"Achizi\u0163ia de trenuri de metrou pentru M4 Gara de Nord &#8211; Str\u0103ule\u015fti, pe masa Guvernului\",\"datePublished\":\"2025-04-30T06:53:25+00:00\",\"dateModified\":\"2025-04-30T11:37:39+00:00\",\"mainEntityOfPage\":{\"@id\":\"https:\\\/\\\/buletin.de\\\/bucuresti\\\/achizitia-de-trenuri-de-metrou-pentru-m4-gara-de-nord-straulesti-pe-masa-guvernului\\\/\"},\"wordCount\":455,\"publisher\":{\"@id\":\"https:\\\/\\\/buletin.de\\\/bucuresti\\\/#organization\"},\"image\":{\"@id\":\"https:\\\/\\\/buletin.de\\\/bucuresti\\\/achizitia-de-trenuri-de-metrou-pentru-m4-gara-de-nord-straulesti-pe-masa-guvernului\\\/#primaryimage\"},\"thumbnailUrl\":\"https:\\\/\\\/buletin.de\\\/bucuresti\\\/wp-content\\\/uploads\\\/2025\\\/04\\\/statie-metrou-straulesti.png\",\"keywords\":[\"bombardier\",\"gara de nord straulesti\",\"guvernul romaniei metrou\",\"iva\",\"metrou straulesti\",\"metrouri noi m4\"],\"articleSection\":[\"Articole\",\"Main\",\"Transport\"],\"inLanguage\":\"en-GB\",\"copyrightYear\":\"2025\",\"copyrightHolder\":{\"@id\":\"https:\\\/\\\/buletin.de\\\/bucuresti\\\/#organization\"}},{\"@type\":\"WebPage\",\"@id\":\"https:\\\/\\\/buletin.de\\\/bucuresti\\\/achizitia-de-trenuri-de-metrou-pentru-m4-gara-de-nord-straulesti-pe-masa-guvernului\\\/\",\"url\":\"https:\\\/\\\/buletin.de\\\/bucuresti\\\/achizitia-de-trenuri-de-metrou-pentru-m4-gara-de-nord-straulesti-pe-masa-guvernului\\\/\",\"name\":\"Achizi\u0163ia de trenuri de metrou pentru M4 Gara de Nord - Str\u0103ule\u015fti, pe masa Guvernului - Buletin de Bucure\u0219ti\",\"isPartOf\":{\"@id\":\"https:\\\/\\\/buletin.de\\\/bucuresti\\\/#website\"},\"primaryImageOfPage\":{\"@id\":\"https:\\\/\\\/buletin.de\\\/bucuresti\\\/achizitia-de-trenuri-de-metrou-pentru-m4-gara-de-nord-straulesti-pe-masa-guvernului\\\/#primaryimage\"},\"image\":{\"@id\":\"https:\\\/\\\/buletin.de\\\/bucuresti\\\/achizitia-de-trenuri-de-metrou-pentru-m4-gara-de-nord-straulesti-pe-masa-guvernului\\\/#primaryimage\"},\"thumbnailUrl\":\"https:\\\/\\\/buletin.de\\\/bucuresti\\\/wp-content\\\/uploads\\\/2025\\\/04\\\/statie-metrou-straulesti.png\",\"datePublished\":\"2025-04-30T06:53:25+00:00\",\"dateModified\":\"2025-04-30T11:37:39+00:00\",\"description\":\"Guvernul voteaz\u0103 ast\u0103zi, 30 aprilie, achizi\u0163ia de noi trenuri de metrou pentru magistrala M4 Gara de Nord - Str\u0103ule\u015fti\",\"breadcrumb\":{\"@id\":\"https:\\\/\\\/buletin.de\\\/bucuresti\\\/achizitia-de-trenuri-de-metrou-pentru-m4-gara-de-nord-straulesti-pe-masa-guvernului\\\/#breadcrumb\"},\"inLanguage\":\"en-GB\",\"potentialAction\":[{\"@type\":\"ReadAction\",\"target\":[\"https:\\\/\\\/buletin.de\\\/bucuresti\\\/achizitia-de-trenuri-de-metrou-pentru-m4-gara-de-nord-straulesti-pe-masa-guvernului\\\/\"]}]},{\"@type\":\"ImageObject\",\"inLanguage\":\"en-GB\",\"@id\":\"https:\\\/\\\/buletin.de\\\/bucuresti\\\/achizitia-de-trenuri-de-metrou-pentru-m4-gara-de-nord-straulesti-pe-masa-guvernului\\\/#primaryimage\",\"url\":\"https:\\\/\\\/buletin.de\\\/bucuresti\\\/wp-content\\\/uploads\\\/2025\\\/04\\\/statie-metrou-straulesti.png\",\"contentUrl\":\"https:\\\/\\\/buletin.de\\\/bucuresti\\\/wp-content\\\/uploads\\\/2025\\\/04\\\/statie-metrou-straulesti.png\",\"width\":1100,\"height\":807,\"caption\":\"Achizi\u0163ia de noi trenuri de metrou pentru Gara de Nord - Str\u0103ule\u015fti, pe masa Guvernului. FOTO: Andrei Bucur, via Google Maps\"},{\"@type\":\"BreadcrumbList\",\"@id\":\"https:\\\/\\\/buletin.de\\\/bucuresti\\\/achizitia-de-trenuri-de-metrou-pentru-m4-gara-de-nord-straulesti-pe-masa-guvernului\\\/#breadcrumb\",\"itemListElement\":[{\"@type\":\"ListItem\",\"position\":1,\"name\":\"Acas\u0103\",\"item\":\"https:\\\/\\\/buletin.de\\\/bucuresti\\\/\"},{\"@type\":\"ListItem\",\"position\":2,\"name\":\"Achizi\u0163ia de trenuri de metrou pentru M4 Gara de Nord &#8211; Str\u0103ule\u015fti, pe masa Guvernului\"}]},{\"@type\":\"WebSite\",\"@id\":\"https:\\\/\\\/buletin.de\\\/bucuresti\\\/#website\",\"url\":\"https:\\\/\\\/buletin.de\\\/bucuresti\\\/\",\"name\":\"Buletin de Bucure\u0219ti\",\"description\":\"\u0218tiri \u0219i investiga\u021bii esen\u021biale din capital\u0103\",\"publisher\":{\"@id\":\"https:\\\/\\\/buletin.de\\\/bucuresti\\\/#organization\"},\"potentialAction\":[{\"@type\":\"SearchAction\",\"target\":{\"@type\":\"EntryPoint\",\"urlTemplate\":\"https:\\\/\\\/buletin.de\\\/bucuresti\\\/?s={search_term_string}\"},\"query-input\":{\"@type\":\"PropertyValueSpecification\",\"valueRequired\":true,\"valueName\":\"search_term_string\"}}],\"inLanguage\":\"en-GB\"},{\"@type\":\"Organization\",\"@id\":\"https:\\\/\\\/buletin.de\\\/bucuresti\\\/#organization\",\"name\":\"Buletin de Bucure\u0219ti\",\"url\":\"https:\\\/\\\/buletin.de\\\/bucuresti\\\/\",\"logo\":{\"@type\":\"ImageObject\",\"inLanguage\":\"en-GB\",\"@id\":\"https:\\\/\\\/buletin.de\\\/bucuresti\\\/#\\\/schema\\\/logo\\\/image\\\/\",\"url\":\"https:\\\/\\\/buletin.de\\\/bucuresti\\\/wp-content\\\/uploads\\\/logo-bdb-full-wide-vernil-transparent.png\",\"contentUrl\":\"https:\\\/\\\/buletin.de\\\/bucuresti\\\/wp-content\\\/uploads\\\/logo-bdb-full-wide-vernil-transparent.png\",\"width\":1782,\"height\":626,\"caption\":\"Buletin de Bucure\u0219ti\"},\"image\":{\"@id\":\"https:\\\/\\\/buletin.de\\\/bucuresti\\\/#\\\/schema\\\/logo\\\/image\\\/\"},\"sameAs\":[\"https:\\\/\\\/www.facebook.com\\\/buletin.de.buc\",\"https:\\\/\\\/www.instagram.com\\\/buletinde.bucuresti\\\/\"]},{\"@type\":\"Person\",\"@id\":\"https:\\\/\\\/buletin.de\\\/bucuresti\\\/#\\\/schema\\\/person\\\/5272b8a057b33890940b57b837fc4ce6\",\"name\":\"Ionu\u021b Lepa\",\"image\":{\"@type\":\"ImageObject\",\"inLanguage\":\"en-GB\",\"@id\":\"https:\\\/\\\/buletin.de\\\/bucuresti\\\/wp-content\\\/uploads\\\/Ionut-Lepa-96x96.jpg5c4e4d9e049808799a8821652d2410a4\",\"url\":\"https:\\\/\\\/buletin.de\\\/bucuresti\\\/wp-content\\\/uploads\\\/Ionut-Lepa-96x96.jpg\",\"contentUrl\":\"https:\\\/\\\/buletin.de\\\/bucuresti\\\/wp-content\\\/uploads\\\/Ionut-Lepa-96x96.jpg\",\"caption\":\"Ionu\u021b Lepa\"},\"url\":\"https:\\\/\\\/buletin.de\\\/bucuresti\\\/author\\\/ionutlepa\\\/\"}]}<\/script>\n<!-- \/ Yoast SEO Premium plugin. -->","yoast_head_json":{"title":"Achizi\u0163ia de trenuri de metrou pentru M4 Gara de Nord - Str\u0103ule\u015fti, pe masa Guvernului - Buletin de Bucure\u0219ti","description":"Guvernul voteaz\u0103 ast\u0103zi, 30 aprilie, achizi\u0163ia de noi trenuri de metrou pentru magistrala M4 Gara de Nord - Str\u0103ule\u015fti","robots":{"index":"index","follow":"follow","max-snippet":"max-snippet:-1","max-image-preview":"max-image-preview:large","max-video-preview":"max-video-preview:-1"},"canonical":"https:\/\/buletin.de\/bucuresti\/achizitia-de-trenuri-de-metrou-pentru-m4-gara-de-nord-straulesti-pe-masa-guvernului\/","og_locale":"en_GB","og_type":"article","og_title":"Achizi\u0163ia de trenuri de metrou pentru M4 Gara de Nord - Str\u0103ule\u015fti, pe masa Guvernului","og_description":"Guvernul voteaz\u0103 ast\u0103zi, 30 aprilie, achizi\u0163ia de noi trenuri de metrou pentru magistrala M4 Gara de Nord - Str\u0103ule\u015fti","og_url":"https:\/\/buletin.de\/bucuresti\/achizitia-de-trenuri-de-metrou-pentru-m4-gara-de-nord-straulesti-pe-masa-guvernului\/","og_site_name":"Buletin de Bucure\u0219ti","article_publisher":"https:\/\/www.facebook.com\/buletin.de.buc","article_published_time":"2025-04-30T06:53:25+00:00","article_modified_time":"2025-04-30T11:37:39+00:00","og_image":[{"width":1100,"height":807,"url":"https:\/\/buletin.de\/bucuresti\/wp-content\/uploads\/2025\/04\/statie-metrou-straulesti.png","type":"image\/png"}],"author":"Ionu\u021b Lepa","twitter_card":"summary_large_image","twitter_misc":{"Written by":"Ionu\u021b Lepa","Estimated reading time":"2 minutes"},"schema":{"@context":"https:\/\/schema.org","@graph":[{"@type":"Article","@id":"https:\/\/buletin.de\/bucuresti\/achizitia-de-trenuri-de-metrou-pentru-m4-gara-de-nord-straulesti-pe-masa-guvernului\/#article","isPartOf":{"@id":"https:\/\/buletin.de\/bucuresti\/achizitia-de-trenuri-de-metrou-pentru-m4-gara-de-nord-straulesti-pe-masa-guvernului\/"},"author":{"name":"Ionu\u021b Lepa","@id":"https:\/\/buletin.de\/bucuresti\/#\/schema\/person\/5272b8a057b33890940b57b837fc4ce6"},"headline":"Achizi\u0163ia de trenuri de metrou pentru M4 Gara de Nord &#8211; Str\u0103ule\u015fti, pe masa Guvernului","datePublished":"2025-04-30T06:53:25+00:00","dateModified":"2025-04-30T11:37:39+00:00","mainEntityOfPage":{"@id":"https:\/\/buletin.de\/bucuresti\/achizitia-de-trenuri-de-metrou-pentru-m4-gara-de-nord-straulesti-pe-masa-guvernului\/"},"wordCount":455,"publisher":{"@id":"https:\/\/buletin.de\/bucuresti\/#organization"},"image":{"@id":"https:\/\/buletin.de\/bucuresti\/achizitia-de-trenuri-de-metrou-pentru-m4-gara-de-nord-straulesti-pe-masa-guvernului\/#primaryimage"},"thumbnailUrl":"https:\/\/buletin.de\/bucuresti\/wp-content\/uploads\/2025\/04\/statie-metrou-straulesti.png","keywords":["bombardier","gara de nord straulesti","guvernul romaniei metrou","iva","metrou straulesti","metrouri noi m4"],"articleSection":["Articole","Main","Transport"],"inLanguage":"en-GB","copyrightYear":"2025","copyrightHolder":{"@id":"https:\/\/buletin.de\/bucuresti\/#organization"}},{"@type":"WebPage","@id":"https:\/\/buletin.de\/bucuresti\/achizitia-de-trenuri-de-metrou-pentru-m4-gara-de-nord-straulesti-pe-masa-guvernului\/","url":"https:\/\/buletin.de\/bucuresti\/achizitia-de-trenuri-de-metrou-pentru-m4-gara-de-nord-straulesti-pe-masa-guvernului\/","name":"Achizi\u0163ia de trenuri de metrou pentru M4 Gara de Nord - Str\u0103ule\u015fti, pe masa Guvernului - Buletin de Bucure\u0219ti","isPartOf":{"@id":"https:\/\/buletin.de\/bucuresti\/#website"},"primaryImageOfPage":{"@id":"https:\/\/buletin.de\/bucuresti\/achizitia-de-trenuri-de-metrou-pentru-m4-gara-de-nord-straulesti-pe-masa-guvernului\/#primaryimage"},"image":{"@id":"https:\/\/buletin.de\/bucuresti\/achizitia-de-trenuri-de-metrou-pentru-m4-gara-de-nord-straulesti-pe-masa-guvernului\/#primaryimage"},"thumbnailUrl":"https:\/\/buletin.de\/bucuresti\/wp-content\/uploads\/2025\/04\/statie-metrou-straulesti.png","datePublished":"2025-04-30T06:53:25+00:00","dateModified":"2025-04-30T11:37:39+00:00","description":"Guvernul voteaz\u0103 ast\u0103zi, 30 aprilie, achizi\u0163ia de noi trenuri de metrou pentru magistrala M4 Gara de Nord - Str\u0103ule\u015fti","breadcrumb":{"@id":"https:\/\/buletin.de\/bucuresti\/achizitia-de-trenuri-de-metrou-pentru-m4-gara-de-nord-straulesti-pe-masa-guvernului\/#breadcrumb"},"inLanguage":"en-GB","potentialAction":[{"@type":"ReadAction","target":["https:\/\/buletin.de\/bucuresti\/achizitia-de-trenuri-de-metrou-pentru-m4-gara-de-nord-straulesti-pe-masa-guvernului\/"]}]},{"@type":"ImageObject","inLanguage":"en-GB","@id":"https:\/\/buletin.de\/bucuresti\/achizitia-de-trenuri-de-metrou-pentru-m4-gara-de-nord-straulesti-pe-masa-guvernului\/#primaryimage","url":"https:\/\/buletin.de\/bucuresti\/wp-content\/uploads\/2025\/04\/statie-metrou-straulesti.png","contentUrl":"https:\/\/buletin.de\/bucuresti\/wp-content\/uploads\/2025\/04\/statie-metrou-straulesti.png","width":1100,"height":807,"caption":"Achizi\u0163ia de noi trenuri de metrou pentru Gara de Nord - Str\u0103ule\u015fti, pe masa Guvernului. FOTO: Andrei Bucur, via Google Maps"},{"@type":"BreadcrumbList","@id":"https:\/\/buletin.de\/bucuresti\/achizitia-de-trenuri-de-metrou-pentru-m4-gara-de-nord-straulesti-pe-masa-guvernului\/#breadcrumb","itemListElement":[{"@type":"ListItem","position":1,"name":"Acas\u0103","item":"https:\/\/buletin.de\/bucuresti\/"},{"@type":"ListItem","position":2,"name":"Achizi\u0163ia de trenuri de metrou pentru M4 Gara de Nord &#8211; Str\u0103ule\u015fti, pe masa Guvernului"}]},{"@type":"WebSite","@id":"https:\/\/buletin.de\/bucuresti\/#website","url":"https:\/\/buletin.de\/bucuresti\/","name":"Buletin de Bucure\u0219ti","description":"\u0218tiri \u0219i investiga\u021bii esen\u021biale din capital\u0103","publisher":{"@id":"https:\/\/buletin.de\/bucuresti\/#organization"},"potentialAction":[{"@type":"SearchAction","target":{"@type":"EntryPoint","urlTemplate":"https:\/\/buletin.de\/bucuresti\/?s={search_term_string}"},"query-input":{"@type":"PropertyValueSpecification","valueRequired":true,"valueName":"search_term_string"}}],"inLanguage":"en-GB"},{"@type":"Organization","@id":"https:\/\/buletin.de\/bucuresti\/#organization","name":"Buletin de Bucure\u0219ti","url":"https:\/\/buletin.de\/bucuresti\/","logo":{"@type":"ImageObject","inLanguage":"en-GB","@id":"https:\/\/buletin.de\/bucuresti\/#\/schema\/logo\/image\/","url":"https:\/\/buletin.de\/bucuresti\/wp-content\/uploads\/logo-bdb-full-wide-vernil-transparent.png","contentUrl":"https:\/\/buletin.de\/bucuresti\/wp-content\/uploads\/logo-bdb-full-wide-vernil-transparent.png","width":1782,"height":626,"caption":"Buletin de Bucure\u0219ti"},"image":{"@id":"https:\/\/buletin.de\/bucuresti\/#\/schema\/logo\/image\/"},"sameAs":["https:\/\/www.facebook.com\/buletin.de.buc","https:\/\/www.instagram.com\/buletinde.bucuresti\/"]},{"@type":"Person","@id":"https:\/\/buletin.de\/bucuresti\/#\/schema\/person\/5272b8a057b33890940b57b837fc4ce6","name":"Ionu\u021b Lepa","image":{"@type":"ImageObject","inLanguage":"en-GB","@id":"https:\/\/buletin.de\/bucuresti\/wp-content\/uploads\/Ionut-Lepa-96x96.jpg5c4e4d9e049808799a8821652d2410a4","url":"https:\/\/buletin.de\/bucuresti\/wp-content\/uploads\/Ionut-Lepa-96x96.jpg","contentUrl":"https:\/\/buletin.de\/bucuresti\/wp-content\/uploads\/Ionut-Lepa-96x96.jpg","caption":"Ionu\u021b Lepa"},"url":"https:\/\/buletin.de\/bucuresti\/author\/ionutlepa\/"}]}},"authors":[{"term_id":22586,"user_id":8,"is_guest":0,"slug":"ionutlepa","display_name":"Ionu\u021b Lepa","avatar_url":"https:\/\/buletin.de\/bucuresti\/wp-content\/uploads\/Ionut-Lepa-96x96.jpg","0":null,"1":"","2":"","3":"","4":"","5":"","6":"","7":"","8":""}],"_links":{"self":[{"href":"https:\/\/buletin.de\/bucuresti\/wp-json\/wp\/v2\/posts\/128147","targetHints":{"allow":["GET"]}}],"collection":[{"href":"https:\/\/buletin.de\/bucuresti\/wp-json\/wp\/v2\/posts"}],"about":[{"href":"https:\/\/buletin.de\/bucuresti\/wp-json\/wp\/v2\/types\/post"}],"author":[{"embeddable":true,"href":"https:\/\/buletin.de\/bucuresti\/wp-json\/wp\/v2\/users\/8"}],"replies":[{"embeddable":true,"href":"https:\/\/buletin.de\/bucuresti\/wp-json\/wp\/v2\/comments?post=128147"}],"version-history":[{"count":4,"href":"https:\/\/buletin.de\/bucuresti\/wp-json\/wp\/v2\/posts\/128147\/revisions"}],"predecessor-version":[{"id":128198,"href":"https:\/\/buletin.de\/bucuresti\/wp-json\/wp\/v2\/posts\/128147\/revisions\/128198"}],"wp:featuredmedia":[{"embeddable":true,"href":"https:\/\/buletin.de\/bucuresti\/wp-json\/wp\/v2\/media\/128153"}],"wp:attachment":[{"href":"https:\/\/buletin.de\/bucuresti\/wp-json\/wp\/v2\/media?parent=128147"}],"wp:term":[{"taxonomy":"category","embeddable":true,"href":"https:\/\/buletin.de\/bucuresti\/wp-json\/wp\/v2\/categories?post=128147"},{"taxonomy":"post_tag","embeddable":true,"href":"https:\/\/buletin.de\/bucuresti\/wp-json\/wp\/v2\/tags?post=128147"},{"taxonomy":"author","embeddable":true,"href":"https:\/\/buletin.de\/bucuresti\/wp-json\/wp\/v2\/ppma_author?post=128147"}],"curies":[{"name":"wp","href":"https:\/\/api.w.org\/{rel}","templated":true}]}}