{"id":128088,"date":"2025-04-29T13:43:42","date_gmt":"2025-04-29T10:43:42","guid":{"rendered":"https:\/\/buletin.de\/bucuresti\/?p=128088"},"modified":"2025-04-29T13:44:33","modified_gmt":"2025-04-29T10:44:33","slug":"maternitatea-polizu-modernizata-salvati-copiii-a-reabilitat-integral-sectii-vitale-pentru-prematuri","status":"publish","type":"post","link":"https:\/\/buletin.de\/bucuresti\/maternitatea-polizu-modernizata-salvati-copiii-a-reabilitat-integral-sectii-vitale-pentru-prematuri\/","title":{"rendered":"Maternitatea Polizu modernizat\u0103. Salva\u021bi Copiii a reabilitat integral sec\u021bii vitale pentru prematuri"},"content":{"rendered":"\n<p><strong>Organiza\u021bia Salva\u021bi Copiii a finalizat lucr\u0103rile de reabilitare \u0219i dotare integral\u0103 a Blocului Operator, Sec\u021biei de Terapie Intensiv\u0103 \u0219i Sec\u021biei Obstetric\u0103-Ginecologie 4. Maternitatea Polizu, cea mai mare din Rom\u00e2nia, a fost modernizat\u0103 \u00eentr-un timp record.<\/strong><\/p>\n\n\n\n<p><strong>Investi\u021bia total\u0103 a dep\u0103\u0219it <mark style=\"background-color:rgba(0, 0, 0, 0)\" class=\"has-inline-color has-vivid-red-color\">3,6 milioane de euro,<\/mark> iar zonele modernizate nu mai fuseser\u0103 renovate complet de peste 40 de ani.<\/strong><\/p>\n\n\n\n<p>Lucr\u0103rile au inclus reabilitarea infrastructurii (instala\u021bii electrice, termice, sanitare, ventila\u021bie \u0219i climatizare), modernizarea s\u0103lilor de opera\u021bie \u0219i dotarea cu echipamente medicale de ultim\u0103 genera\u021bie. <\/p>\n\n\n\n<p>Printre acestea se num\u0103r\u0103 un generator electric modern, l\u0103mpi scialitice, console medicale, un sistem de alarmare \u201eNurse Call\u201d \u0219i mobilier medical personalizat.<\/p>\n\n\n\n<p><strong>CITE\u0218TE \u0218I:<\/strong> <strong><a href=\"https:\/\/buletin.de\/bucuresti\/sector-6-un-nou-parc-in-prelungirea-ghencea-27-de-hectare-cu-locuri-de-joaca-de-ultima-generatie\/\" target=\"_blank\" rel=\"noreferrer noopener\">Sector 6 | Un nou parc \u00een Prelungirea Ghencea. 27 de hectare cu locuri de joac\u0103 de ultim\u0103 genera\u021bie<\/a><\/strong><\/p>\n\n\n\n<h2 class=\"wp-block-heading\" id=\"h-maternitatea-polizu-modernizata-in-doar-9-luni\">Maternitatea Polizu modernizat\u0103 \u00een doar 9 luni<\/h2>\n\n\n\n<p>Modernizarea a fost implementat\u0103 \u00een trei etape: eliberarea \u0219i igienizarea spa\u021biilor, refacerea complet\u0103 a instala\u021biilor \u0219i a suprafe\u021belor, apoi dotarea cu echipamente \u0219i mobilier.<\/p>\n\n\n\n<figure class=\"wp-block-gallery has-nested-images columns-default is-cropped wp-block-gallery-1 is-layout-flex wp-block-gallery-is-layout-flex\">\n<figure class=\"wp-block-image size-full\"><a href=\"https:\/\/buletin.de\/bucuresti\/wp-content\/uploads\/2025\/04\/Polizu.jpeg\"><img fetchpriority=\"high\" decoding=\"async\" width=\"1600\" height=\"1066\" data-id=\"128091\" src=\"data:image\/gif;base64,R0lGODlhAQABAAAAACH5BAEKAAEALAAAAAABAAEAAAICTAEAOw==\" data-src=\"https:\/\/buletin.de\/bucuresti\/wp-content\/uploads\/2025\/04\/Polizu.jpeg\" alt=\"\" class=\"wp-image-128091 lazyload\" data-sizes=\"auto\" data-srcset=\"https:\/\/buletin.de\/bucuresti\/wp-content\/uploads\/2025\/04\/Polizu.jpeg 1600w, https:\/\/buletin.de\/bucuresti\/wp-content\/uploads\/2025\/04\/Polizu-300x200.jpeg 300w, https:\/\/buletin.de\/bucuresti\/wp-content\/uploads\/2025\/04\/Polizu-1000x666.jpeg 1000w, https:\/\/buletin.de\/bucuresti\/wp-content\/uploads\/2025\/04\/Polizu-768x512.jpeg 768w, https:\/\/buletin.de\/bucuresti\/wp-content\/uploads\/2025\/04\/Polizu-1536x1023.jpeg 1536w, https:\/\/buletin.de\/bucuresti\/wp-content\/uploads\/2025\/04\/Polizu-1100x733.jpeg 1100w, https:\/\/buletin.de\/bucuresti\/wp-content\/uploads\/2025\/04\/Polizu-600x400.jpeg 600w, https:\/\/buletin.de\/bucuresti\/wp-content\/uploads\/2025\/04\/Polizu-20x13.jpeg 20w\" sizes=\"(max-width: 1600px) 100vw, 1600px\" \/><\/a><\/figure>\n\n\n\n<figure class=\"wp-block-image size-full\"><a href=\"https:\/\/buletin.de\/bucuresti\/wp-content\/uploads\/2025\/04\/polizu-2.jpeg\"><img decoding=\"async\" width=\"1600\" height=\"1066\" data-id=\"128090\" src=\"data:image\/gif;base64,R0lGODlhAQABAAAAACH5BAEKAAEALAAAAAABAAEAAAICTAEAOw==\" data-src=\"https:\/\/buletin.de\/bucuresti\/wp-content\/uploads\/2025\/04\/polizu-2.jpeg\" alt=\"polizu, salva\u021bi\" class=\"wp-image-128090 lazyload\" data-sizes=\"auto\" data-srcset=\"https:\/\/buletin.de\/bucuresti\/wp-content\/uploads\/2025\/04\/polizu-2.jpeg 1600w, https:\/\/buletin.de\/bucuresti\/wp-content\/uploads\/2025\/04\/polizu-2-300x200.jpeg 300w, https:\/\/buletin.de\/bucuresti\/wp-content\/uploads\/2025\/04\/polizu-2-1000x666.jpeg 1000w, https:\/\/buletin.de\/bucuresti\/wp-content\/uploads\/2025\/04\/polizu-2-768x512.jpeg 768w, https:\/\/buletin.de\/bucuresti\/wp-content\/uploads\/2025\/04\/polizu-2-1536x1023.jpeg 1536w, https:\/\/buletin.de\/bucuresti\/wp-content\/uploads\/2025\/04\/polizu-2-1100x733.jpeg 1100w, https:\/\/buletin.de\/bucuresti\/wp-content\/uploads\/2025\/04\/polizu-2-600x400.jpeg 600w, https:\/\/buletin.de\/bucuresti\/wp-content\/uploads\/2025\/04\/polizu-2-20x13.jpeg 20w\" sizes=\"(max-width: 1600px) 100vw, 1600px\" \/><\/a><\/figure>\n<figcaption class=\"blocks-gallery-caption wp-element-caption\">Maternitatea Polizu, reabilitat\u0103 de Salva\u021bi Copiii \u00een doar 9 luni. Foto: Salva\u021bi Copiii<\/figcaption><\/figure>\n\n\n\n<p><strong>\u00cen paralel, activitatea chirurgical\u0103 a fost relocat\u0103 temporar \u00een sala de opera\u021bii a Centrului de Excelen\u021b\u0103 al maternit\u0103\u021bii, iar cazurile complexe au fost redirec\u021bionate c\u0103tre alte spitale.<\/strong><\/p>\n\n\n\n<p>\u00cen sec\u021bia Obstetric\u0103-Ginecologie 4 au fost renovate 11 saloane. Lucr\u0103rile au inclus zugr\u0103veli, refacerea instala\u021biilor electrice \u0219i sanitare, montarea rampelor pentru gaze medicale \u0219i a butoanelor de panic\u0103.<\/p>\n\n\n\n<p>De asemenea, sec\u021bia de neonatologie a fost dotat\u0103 cu aparatur\u0103 esen\u021bial\u0103 pentru \u00eengrijirea prematurilor, printre care: ventilatoare, ecograf, hot\u0103 cu flux laminar \u0219i un sistem de radiologie mobil.<\/p>\n\n\n\n<p>Pre\u0219edintele Salva\u021bi Copiii, Gabriela Alexandrescu, a declarat c\u0103 proiectul este important \u0219i va contribui la reducerea mortalit\u0103\u021bii mamelor \u0219i a nou-n\u0103scu\u021bilor.<\/p>\n\n\n\n<p><em>\u201eAceast\u0103 interven\u021bie major\u0103 \u00eenseamn\u0103 condi\u021bii moderne de tratament, siguran\u021b\u0103 pentru paciente \u0219i personal medical, precum \u0219i un real progres \u00een lupta \u00eempotriva mortalit\u0103\u021bii materne \u0219i infantile. Proiectul reflect\u0103 un angajament colectiv \u2013 al Organiza\u021biei Salva\u021bi Copiii, al companiilor partenere, al donatorilor individuali \u0219i al comunit\u0103\u021bii\u201d<\/em>, a afirmat Gabriela Alexandrescu.<\/p>\n\n\n\n<p><a href=\"https:\/\/www.salvaticopiii.ro\/\" target=\"_blank\" rel=\"noreferrer noopener\">Salva\u021bi Copiii Rom\u00e2nia<\/a> este o organiza\u021bie neguvernamental\u0103 cu o activitate de peste 35 de ani, dedicat\u0103 protej\u0103rii \u0219i sus\u021binerii drepturilor copilului.<\/p>\n\n\n\n<p>\u00cen perioada 2010\u20132024, Salva\u021bi Copiii a investit peste 15 milioane de euro \u00een modernizarea a 130 de unit\u0103\u021bi medicale din Rom\u00e2nia, contribuind la tratamentul a peste 260.000 de copii.<\/p>\n\n\n\n<p><strong>CITE\u0218TE \u0218I:<\/strong> <strong><a href=\"https:\/\/buletin.de\/bucuresti\/salvati-aricii-de-buldozere-apel-pentru-animalele-afectate-de-defrisarea-din-zona-retrocedata-a-parcului-ior\/\" target=\"_blank\" rel=\"noreferrer noopener\">Salva\u021bi aricii de buldozere. Apel pentru animalele afectate de defri\u0219area din zona retrocedat\u0103 a Parcului IOR<\/a><\/strong><\/p>\n","protected":false},"excerpt":{"rendered":"<p>Organiza\u021bia Salva\u021bi Copiii a finalizat lucr\u0103rile de reabilitare \u0219i dotare integral\u0103 a Blocului Operator, Sec\u021biei de Terapie Intensiv\u0103 \u0219i Sec\u021biei Obstetric\u0103-Ginecologie 4. Maternitatea Polizu, cea mai mare din Rom\u00e2nia, a fost modernizat\u0103 \u00eentr-un timp record. Investi\u021bia total\u0103 a dep\u0103\u0219it 3,6 milioane de euro, iar zonele modernizate nu mai fuseser\u0103 renovate complet de peste 40 de [&hellip;]<\/p>\n","protected":false},"author":59,"featured_media":128089,"comment_status":"closed","ping_status":"open","sticky":false,"template":"","format":"standard","meta":{"_acf_changed":false,"inline_featured_image":false,"ngg_post_thumbnail":0,"footnotes":""},"categories":[6994,5762,4],"tags":[9,2054,1346,20985,1088,20984],"ppma_author":[22572],"class_list":["post-128088","post","type-post","status-publish","format-standard","has-post-thumbnail","hentry","category-stiri-2","category-main","category-sanatate","tag-bucuresti","tag-capitala","tag-lucrari-2","tag-maternitatea-polizu","tag-modernizare","tag-salvati-copiii-romania"],"acf":[],"yoast_head":"<!-- This site is optimized with the Yoast SEO Premium plugin v25.3 (Yoast SEO v27.4) - https:\/\/yoast.com\/product\/yoast-seo-premium-wordpress\/ -->\n<title>Maternitatea Polizu modernizat\u0103. Salva\u021bi Copiii a reabilitat integral sec\u021bii vitale pentru prematuri - Buletin de Bucure\u0219ti<\/title>\n<meta name=\"description\" content=\"Maternitatea Polizu, cea mai mare din Rom\u00e2nia, a fost modernizat\u0103 \u00eentr-un timp record. Investi\u021bia total\u0103 a dep\u0103\u0219it 3,6 milioane de euro.\" \/>\n<meta name=\"robots\" content=\"index, follow, max-snippet:-1, max-image-preview:large, max-video-preview:-1\" \/>\n<link rel=\"canonical\" href=\"https:\/\/buletin.de\/bucuresti\/maternitatea-polizu-modernizata-salvati-copiii-a-reabilitat-integral-sectii-vitale-pentru-prematuri\/\" \/>\n<meta property=\"og:locale\" content=\"en_GB\" \/>\n<meta property=\"og:type\" content=\"article\" \/>\n<meta property=\"og:title\" content=\"Maternitatea Polizu modernizat\u0103. Salva\u021bi Copiii a reabilitat integral sec\u021bii vitale pentru prematuri\" \/>\n<meta property=\"og:description\" content=\"Maternitatea Polizu, cea mai mare din Rom\u00e2nia, a fost modernizat\u0103 \u00eentr-un timp record. Investi\u021bia total\u0103 a dep\u0103\u0219it 3,6 milioane de euro.\" \/>\n<meta property=\"og:url\" content=\"https:\/\/buletin.de\/bucuresti\/maternitatea-polizu-modernizata-salvati-copiii-a-reabilitat-integral-sectii-vitale-pentru-prematuri\/\" \/>\n<meta property=\"og:site_name\" content=\"Buletin de Bucure\u0219ti\" \/>\n<meta property=\"article:publisher\" content=\"https:\/\/www.facebook.com\/buletin.de.buc\" \/>\n<meta property=\"article:published_time\" content=\"2025-04-29T10:43:42+00:00\" \/>\n<meta property=\"article:modified_time\" content=\"2025-04-29T10:44:33+00:00\" \/>\n<meta property=\"og:image\" content=\"https:\/\/buletin.de\/bucuresti\/wp-content\/uploads\/2025\/04\/polizu-1.jpeg\" \/>\n\t<meta property=\"og:image:width\" content=\"1600\" \/>\n\t<meta property=\"og:image:height\" content=\"1066\" \/>\n\t<meta property=\"og:image:type\" content=\"image\/jpeg\" \/>\n<meta name=\"author\" content=\"C\u0103t\u0103lin Anghel-Dimache\" \/>\n<meta name=\"twitter:card\" content=\"summary_large_image\" \/>\n<meta name=\"twitter:label1\" content=\"Written by\" \/>\n\t<meta name=\"twitter:data1\" content=\"C\u0103t\u0103lin Anghel-Dimache\" \/>\n\t<meta name=\"twitter:label2\" content=\"Estimated reading time\" \/>\n\t<meta name=\"twitter:data2\" content=\"3 minutes\" \/>\n<script type=\"application\/ld+json\" class=\"yoast-schema-graph\">{\"@context\":\"https:\\\/\\\/schema.org\",\"@graph\":[{\"@type\":\"Article\",\"@id\":\"https:\\\/\\\/buletin.de\\\/bucuresti\\\/maternitatea-polizu-modernizata-salvati-copiii-a-reabilitat-integral-sectii-vitale-pentru-prematuri\\\/#article\",\"isPartOf\":{\"@id\":\"https:\\\/\\\/buletin.de\\\/bucuresti\\\/maternitatea-polizu-modernizata-salvati-copiii-a-reabilitat-integral-sectii-vitale-pentru-prematuri\\\/\"},\"author\":{\"name\":\"C\u0103t\u0103lin Anghel-Dimache\",\"@id\":\"https:\\\/\\\/buletin.de\\\/bucuresti\\\/#\\\/schema\\\/person\\\/0ac9db30080482be87c7386a30f98796\"},\"headline\":\"Maternitatea Polizu modernizat\u0103. Salva\u021bi Copiii a reabilitat integral sec\u021bii vitale pentru prematuri\",\"datePublished\":\"2025-04-29T10:43:42+00:00\",\"dateModified\":\"2025-04-29T10:44:33+00:00\",\"mainEntityOfPage\":{\"@id\":\"https:\\\/\\\/buletin.de\\\/bucuresti\\\/maternitatea-polizu-modernizata-salvati-copiii-a-reabilitat-integral-sectii-vitale-pentru-prematuri\\\/\"},\"wordCount\":443,\"publisher\":{\"@id\":\"https:\\\/\\\/buletin.de\\\/bucuresti\\\/#organization\"},\"image\":{\"@id\":\"https:\\\/\\\/buletin.de\\\/bucuresti\\\/maternitatea-polizu-modernizata-salvati-copiii-a-reabilitat-integral-sectii-vitale-pentru-prematuri\\\/#primaryimage\"},\"thumbnailUrl\":\"https:\\\/\\\/buletin.de\\\/bucuresti\\\/wp-content\\\/uploads\\\/2025\\\/04\\\/polizu-1.jpeg\",\"keywords\":[\"bucuresti\",\"Capitala\",\"lucr\u0103ri\",\"maternitatea polizu\",\"modernizare\",\"salvati copiii romania\"],\"articleSection\":[\"Articole\",\"Main\",\"S\u0103n\u0103tate\"],\"inLanguage\":\"en-GB\",\"copyrightYear\":\"2025\",\"copyrightHolder\":{\"@id\":\"https:\\\/\\\/buletin.de\\\/bucuresti\\\/#organization\"}},{\"@type\":\"WebPage\",\"@id\":\"https:\\\/\\\/buletin.de\\\/bucuresti\\\/maternitatea-polizu-modernizata-salvati-copiii-a-reabilitat-integral-sectii-vitale-pentru-prematuri\\\/\",\"url\":\"https:\\\/\\\/buletin.de\\\/bucuresti\\\/maternitatea-polizu-modernizata-salvati-copiii-a-reabilitat-integral-sectii-vitale-pentru-prematuri\\\/\",\"name\":\"Maternitatea Polizu modernizat\u0103. Salva\u021bi Copiii a reabilitat integral sec\u021bii vitale pentru prematuri - Buletin de Bucure\u0219ti\",\"isPartOf\":{\"@id\":\"https:\\\/\\\/buletin.de\\\/bucuresti\\\/#website\"},\"primaryImageOfPage\":{\"@id\":\"https:\\\/\\\/buletin.de\\\/bucuresti\\\/maternitatea-polizu-modernizata-salvati-copiii-a-reabilitat-integral-sectii-vitale-pentru-prematuri\\\/#primaryimage\"},\"image\":{\"@id\":\"https:\\\/\\\/buletin.de\\\/bucuresti\\\/maternitatea-polizu-modernizata-salvati-copiii-a-reabilitat-integral-sectii-vitale-pentru-prematuri\\\/#primaryimage\"},\"thumbnailUrl\":\"https:\\\/\\\/buletin.de\\\/bucuresti\\\/wp-content\\\/uploads\\\/2025\\\/04\\\/polizu-1.jpeg\",\"datePublished\":\"2025-04-29T10:43:42+00:00\",\"dateModified\":\"2025-04-29T10:44:33+00:00\",\"description\":\"Maternitatea Polizu, cea mai mare din Rom\u00e2nia, a fost modernizat\u0103 \u00eentr-un timp record. Investi\u021bia total\u0103 a dep\u0103\u0219it 3,6 milioane de euro.\",\"breadcrumb\":{\"@id\":\"https:\\\/\\\/buletin.de\\\/bucuresti\\\/maternitatea-polizu-modernizata-salvati-copiii-a-reabilitat-integral-sectii-vitale-pentru-prematuri\\\/#breadcrumb\"},\"inLanguage\":\"en-GB\",\"potentialAction\":[{\"@type\":\"ReadAction\",\"target\":[\"https:\\\/\\\/buletin.de\\\/bucuresti\\\/maternitatea-polizu-modernizata-salvati-copiii-a-reabilitat-integral-sectii-vitale-pentru-prematuri\\\/\"]}]},{\"@type\":\"ImageObject\",\"inLanguage\":\"en-GB\",\"@id\":\"https:\\\/\\\/buletin.de\\\/bucuresti\\\/maternitatea-polizu-modernizata-salvati-copiii-a-reabilitat-integral-sectii-vitale-pentru-prematuri\\\/#primaryimage\",\"url\":\"https:\\\/\\\/buletin.de\\\/bucuresti\\\/wp-content\\\/uploads\\\/2025\\\/04\\\/polizu-1.jpeg\",\"contentUrl\":\"https:\\\/\\\/buletin.de\\\/bucuresti\\\/wp-content\\\/uploads\\\/2025\\\/04\\\/polizu-1.jpeg\",\"width\":1600,\"height\":1066,\"caption\":\"Maternitatea Polizu: Salva\u021bi Copiii a reabilitat integral sec\u021bii vitale din cea mai mare maternitate din \u021bar\u0103. Foto: Salva\u021bi Copiii\"},{\"@type\":\"BreadcrumbList\",\"@id\":\"https:\\\/\\\/buletin.de\\\/bucuresti\\\/maternitatea-polizu-modernizata-salvati-copiii-a-reabilitat-integral-sectii-vitale-pentru-prematuri\\\/#breadcrumb\",\"itemListElement\":[{\"@type\":\"ListItem\",\"position\":1,\"name\":\"Acas\u0103\",\"item\":\"https:\\\/\\\/buletin.de\\\/bucuresti\\\/\"},{\"@type\":\"ListItem\",\"position\":2,\"name\":\"Maternitatea Polizu modernizat\u0103. Salva\u021bi Copiii a reabilitat integral sec\u021bii vitale pentru prematuri\"}]},{\"@type\":\"WebSite\",\"@id\":\"https:\\\/\\\/buletin.de\\\/bucuresti\\\/#website\",\"url\":\"https:\\\/\\\/buletin.de\\\/bucuresti\\\/\",\"name\":\"Buletin de Bucure\u0219ti\",\"description\":\"\u0218tiri \u0219i investiga\u021bii esen\u021biale din capital\u0103\",\"publisher\":{\"@id\":\"https:\\\/\\\/buletin.de\\\/bucuresti\\\/#organization\"},\"potentialAction\":[{\"@type\":\"SearchAction\",\"target\":{\"@type\":\"EntryPoint\",\"urlTemplate\":\"https:\\\/\\\/buletin.de\\\/bucuresti\\\/?s={search_term_string}\"},\"query-input\":{\"@type\":\"PropertyValueSpecification\",\"valueRequired\":true,\"valueName\":\"search_term_string\"}}],\"inLanguage\":\"en-GB\"},{\"@type\":\"Organization\",\"@id\":\"https:\\\/\\\/buletin.de\\\/bucuresti\\\/#organization\",\"name\":\"Buletin de Bucure\u0219ti\",\"url\":\"https:\\\/\\\/buletin.de\\\/bucuresti\\\/\",\"logo\":{\"@type\":\"ImageObject\",\"inLanguage\":\"en-GB\",\"@id\":\"https:\\\/\\\/buletin.de\\\/bucuresti\\\/#\\\/schema\\\/logo\\\/image\\\/\",\"url\":\"https:\\\/\\\/buletin.de\\\/bucuresti\\\/wp-content\\\/uploads\\\/logo-bdb-full-wide-vernil-transparent.png\",\"contentUrl\":\"https:\\\/\\\/buletin.de\\\/bucuresti\\\/wp-content\\\/uploads\\\/logo-bdb-full-wide-vernil-transparent.png\",\"width\":1782,\"height\":626,\"caption\":\"Buletin de Bucure\u0219ti\"},\"image\":{\"@id\":\"https:\\\/\\\/buletin.de\\\/bucuresti\\\/#\\\/schema\\\/logo\\\/image\\\/\"},\"sameAs\":[\"https:\\\/\\\/www.facebook.com\\\/buletin.de.buc\",\"https:\\\/\\\/www.instagram.com\\\/buletinde.bucuresti\\\/\"]},{\"@type\":\"Person\",\"@id\":\"https:\\\/\\\/buletin.de\\\/bucuresti\\\/#\\\/schema\\\/person\\\/0ac9db30080482be87c7386a30f98796\",\"name\":\"C\u0103t\u0103lin Anghel-Dimache\",\"image\":{\"@type\":\"ImageObject\",\"inLanguage\":\"en-GB\",\"@id\":\"https:\\\/\\\/buletin.de\\\/bucuresti\\\/wp-content\\\/uploads\\\/Catalin-Anghel-Dimache-96x96.jpgbd9e43c5b25186d5b8e917ac61ad86c4\",\"url\":\"https:\\\/\\\/buletin.de\\\/bucuresti\\\/wp-content\\\/uploads\\\/Catalin-Anghel-Dimache-96x96.jpg\",\"contentUrl\":\"https:\\\/\\\/buletin.de\\\/bucuresti\\\/wp-content\\\/uploads\\\/Catalin-Anghel-Dimache-96x96.jpg\",\"caption\":\"C\u0103t\u0103lin Anghel-Dimache\"},\"description\":\"A absolvit Facultatea de Jurnalism \u0219i \u0218tiin\u021bele Comunic\u0103rii a Universit\u0103\u021bii din Bucure\u0219ti \u00een 2024. Scrie despre mediu \u0219i teme sociale, dar \u0219i despre cum se reflect\u0103 ele \u00een via\u021ba cotidian\u0103 a bucure\u0219tenilor, cu un ochi atent la pove\u0219tile personale din spatele titlurilor. N\u0103scut \u0219i crescut \u00een Bucure\u0219ti, a f\u0103cut un pas c\u0103tre presa local\u0103, din pasiune pentru ora\u0219ul s\u0103u \u0219i oamenii din el.\",\"url\":\"https:\\\/\\\/buletin.de\\\/bucuresti\\\/author\\\/catalin-anghel-dimache\\\/\"}]}<\/script>\n<!-- \/ Yoast SEO Premium plugin. -->","yoast_head_json":{"title":"Maternitatea Polizu modernizat\u0103. Salva\u021bi Copiii a reabilitat integral sec\u021bii vitale pentru prematuri - Buletin de Bucure\u0219ti","description":"Maternitatea Polizu, cea mai mare din Rom\u00e2nia, a fost modernizat\u0103 \u00eentr-un timp record. Investi\u021bia total\u0103 a dep\u0103\u0219it 3,6 milioane de euro.","robots":{"index":"index","follow":"follow","max-snippet":"max-snippet:-1","max-image-preview":"max-image-preview:large","max-video-preview":"max-video-preview:-1"},"canonical":"https:\/\/buletin.de\/bucuresti\/maternitatea-polizu-modernizata-salvati-copiii-a-reabilitat-integral-sectii-vitale-pentru-prematuri\/","og_locale":"en_GB","og_type":"article","og_title":"Maternitatea Polizu modernizat\u0103. Salva\u021bi Copiii a reabilitat integral sec\u021bii vitale pentru prematuri","og_description":"Maternitatea Polizu, cea mai mare din Rom\u00e2nia, a fost modernizat\u0103 \u00eentr-un timp record. Investi\u021bia total\u0103 a dep\u0103\u0219it 3,6 milioane de euro.","og_url":"https:\/\/buletin.de\/bucuresti\/maternitatea-polizu-modernizata-salvati-copiii-a-reabilitat-integral-sectii-vitale-pentru-prematuri\/","og_site_name":"Buletin de Bucure\u0219ti","article_publisher":"https:\/\/www.facebook.com\/buletin.de.buc","article_published_time":"2025-04-29T10:43:42+00:00","article_modified_time":"2025-04-29T10:44:33+00:00","og_image":[{"width":1600,"height":1066,"url":"https:\/\/buletin.de\/bucuresti\/wp-content\/uploads\/2025\/04\/polizu-1.jpeg","type":"image\/jpeg"}],"author":"C\u0103t\u0103lin Anghel-Dimache","twitter_card":"summary_large_image","twitter_misc":{"Written by":"C\u0103t\u0103lin Anghel-Dimache","Estimated reading time":"3 minutes"},"schema":{"@context":"https:\/\/schema.org","@graph":[{"@type":"Article","@id":"https:\/\/buletin.de\/bucuresti\/maternitatea-polizu-modernizata-salvati-copiii-a-reabilitat-integral-sectii-vitale-pentru-prematuri\/#article","isPartOf":{"@id":"https:\/\/buletin.de\/bucuresti\/maternitatea-polizu-modernizata-salvati-copiii-a-reabilitat-integral-sectii-vitale-pentru-prematuri\/"},"author":{"name":"C\u0103t\u0103lin Anghel-Dimache","@id":"https:\/\/buletin.de\/bucuresti\/#\/schema\/person\/0ac9db30080482be87c7386a30f98796"},"headline":"Maternitatea Polizu modernizat\u0103. Salva\u021bi Copiii a reabilitat integral sec\u021bii vitale pentru prematuri","datePublished":"2025-04-29T10:43:42+00:00","dateModified":"2025-04-29T10:44:33+00:00","mainEntityOfPage":{"@id":"https:\/\/buletin.de\/bucuresti\/maternitatea-polizu-modernizata-salvati-copiii-a-reabilitat-integral-sectii-vitale-pentru-prematuri\/"},"wordCount":443,"publisher":{"@id":"https:\/\/buletin.de\/bucuresti\/#organization"},"image":{"@id":"https:\/\/buletin.de\/bucuresti\/maternitatea-polizu-modernizata-salvati-copiii-a-reabilitat-integral-sectii-vitale-pentru-prematuri\/#primaryimage"},"thumbnailUrl":"https:\/\/buletin.de\/bucuresti\/wp-content\/uploads\/2025\/04\/polizu-1.jpeg","keywords":["bucuresti","Capitala","lucr\u0103ri","maternitatea polizu","modernizare","salvati copiii romania"],"articleSection":["Articole","Main","S\u0103n\u0103tate"],"inLanguage":"en-GB","copyrightYear":"2025","copyrightHolder":{"@id":"https:\/\/buletin.de\/bucuresti\/#organization"}},{"@type":"WebPage","@id":"https:\/\/buletin.de\/bucuresti\/maternitatea-polizu-modernizata-salvati-copiii-a-reabilitat-integral-sectii-vitale-pentru-prematuri\/","url":"https:\/\/buletin.de\/bucuresti\/maternitatea-polizu-modernizata-salvati-copiii-a-reabilitat-integral-sectii-vitale-pentru-prematuri\/","name":"Maternitatea Polizu modernizat\u0103. Salva\u021bi Copiii a reabilitat integral sec\u021bii vitale pentru prematuri - Buletin de Bucure\u0219ti","isPartOf":{"@id":"https:\/\/buletin.de\/bucuresti\/#website"},"primaryImageOfPage":{"@id":"https:\/\/buletin.de\/bucuresti\/maternitatea-polizu-modernizata-salvati-copiii-a-reabilitat-integral-sectii-vitale-pentru-prematuri\/#primaryimage"},"image":{"@id":"https:\/\/buletin.de\/bucuresti\/maternitatea-polizu-modernizata-salvati-copiii-a-reabilitat-integral-sectii-vitale-pentru-prematuri\/#primaryimage"},"thumbnailUrl":"https:\/\/buletin.de\/bucuresti\/wp-content\/uploads\/2025\/04\/polizu-1.jpeg","datePublished":"2025-04-29T10:43:42+00:00","dateModified":"2025-04-29T10:44:33+00:00","description":"Maternitatea Polizu, cea mai mare din Rom\u00e2nia, a fost modernizat\u0103 \u00eentr-un timp record. Investi\u021bia total\u0103 a dep\u0103\u0219it 3,6 milioane de euro.","breadcrumb":{"@id":"https:\/\/buletin.de\/bucuresti\/maternitatea-polizu-modernizata-salvati-copiii-a-reabilitat-integral-sectii-vitale-pentru-prematuri\/#breadcrumb"},"inLanguage":"en-GB","potentialAction":[{"@type":"ReadAction","target":["https:\/\/buletin.de\/bucuresti\/maternitatea-polizu-modernizata-salvati-copiii-a-reabilitat-integral-sectii-vitale-pentru-prematuri\/"]}]},{"@type":"ImageObject","inLanguage":"en-GB","@id":"https:\/\/buletin.de\/bucuresti\/maternitatea-polizu-modernizata-salvati-copiii-a-reabilitat-integral-sectii-vitale-pentru-prematuri\/#primaryimage","url":"https:\/\/buletin.de\/bucuresti\/wp-content\/uploads\/2025\/04\/polizu-1.jpeg","contentUrl":"https:\/\/buletin.de\/bucuresti\/wp-content\/uploads\/2025\/04\/polizu-1.jpeg","width":1600,"height":1066,"caption":"Maternitatea Polizu: Salva\u021bi Copiii a reabilitat integral sec\u021bii vitale din cea mai mare maternitate din \u021bar\u0103. Foto: Salva\u021bi Copiii"},{"@type":"BreadcrumbList","@id":"https:\/\/buletin.de\/bucuresti\/maternitatea-polizu-modernizata-salvati-copiii-a-reabilitat-integral-sectii-vitale-pentru-prematuri\/#breadcrumb","itemListElement":[{"@type":"ListItem","position":1,"name":"Acas\u0103","item":"https:\/\/buletin.de\/bucuresti\/"},{"@type":"ListItem","position":2,"name":"Maternitatea Polizu modernizat\u0103. Salva\u021bi Copiii a reabilitat integral sec\u021bii vitale pentru prematuri"}]},{"@type":"WebSite","@id":"https:\/\/buletin.de\/bucuresti\/#website","url":"https:\/\/buletin.de\/bucuresti\/","name":"Buletin de Bucure\u0219ti","description":"\u0218tiri \u0219i investiga\u021bii esen\u021biale din capital\u0103","publisher":{"@id":"https:\/\/buletin.de\/bucuresti\/#organization"},"potentialAction":[{"@type":"SearchAction","target":{"@type":"EntryPoint","urlTemplate":"https:\/\/buletin.de\/bucuresti\/?s={search_term_string}"},"query-input":{"@type":"PropertyValueSpecification","valueRequired":true,"valueName":"search_term_string"}}],"inLanguage":"en-GB"},{"@type":"Organization","@id":"https:\/\/buletin.de\/bucuresti\/#organization","name":"Buletin de Bucure\u0219ti","url":"https:\/\/buletin.de\/bucuresti\/","logo":{"@type":"ImageObject","inLanguage":"en-GB","@id":"https:\/\/buletin.de\/bucuresti\/#\/schema\/logo\/image\/","url":"https:\/\/buletin.de\/bucuresti\/wp-content\/uploads\/logo-bdb-full-wide-vernil-transparent.png","contentUrl":"https:\/\/buletin.de\/bucuresti\/wp-content\/uploads\/logo-bdb-full-wide-vernil-transparent.png","width":1782,"height":626,"caption":"Buletin de Bucure\u0219ti"},"image":{"@id":"https:\/\/buletin.de\/bucuresti\/#\/schema\/logo\/image\/"},"sameAs":["https:\/\/www.facebook.com\/buletin.de.buc","https:\/\/www.instagram.com\/buletinde.bucuresti\/"]},{"@type":"Person","@id":"https:\/\/buletin.de\/bucuresti\/#\/schema\/person\/0ac9db30080482be87c7386a30f98796","name":"C\u0103t\u0103lin Anghel-Dimache","image":{"@type":"ImageObject","inLanguage":"en-GB","@id":"https:\/\/buletin.de\/bucuresti\/wp-content\/uploads\/Catalin-Anghel-Dimache-96x96.jpgbd9e43c5b25186d5b8e917ac61ad86c4","url":"https:\/\/buletin.de\/bucuresti\/wp-content\/uploads\/Catalin-Anghel-Dimache-96x96.jpg","contentUrl":"https:\/\/buletin.de\/bucuresti\/wp-content\/uploads\/Catalin-Anghel-Dimache-96x96.jpg","caption":"C\u0103t\u0103lin Anghel-Dimache"},"description":"A absolvit Facultatea de Jurnalism \u0219i \u0218tiin\u021bele Comunic\u0103rii a Universit\u0103\u021bii din Bucure\u0219ti \u00een 2024. Scrie despre mediu \u0219i teme sociale, dar \u0219i despre cum se reflect\u0103 ele \u00een via\u021ba cotidian\u0103 a bucure\u0219tenilor, cu un ochi atent la pove\u0219tile personale din spatele titlurilor. N\u0103scut \u0219i crescut \u00een Bucure\u0219ti, a f\u0103cut un pas c\u0103tre presa local\u0103, din pasiune pentru ora\u0219ul s\u0103u \u0219i oamenii din el.","url":"https:\/\/buletin.de\/bucuresti\/author\/catalin-anghel-dimache\/"}]}},"authors":[{"term_id":22572,"user_id":59,"is_guest":0,"slug":"catalin-anghel-dimache","display_name":"C\u0103t\u0103lin Anghel-Dimache","avatar_url":"https:\/\/buletin.de\/bucuresti\/wp-content\/uploads\/Catalin-Anghel-Dimache-96x96.jpg","0":null,"1":"","2":"","3":"","4":"","5":"","6":"","7":"","8":""}],"_links":{"self":[{"href":"https:\/\/buletin.de\/bucuresti\/wp-json\/wp\/v2\/posts\/128088","targetHints":{"allow":["GET"]}}],"collection":[{"href":"https:\/\/buletin.de\/bucuresti\/wp-json\/wp\/v2\/posts"}],"about":[{"href":"https:\/\/buletin.de\/bucuresti\/wp-json\/wp\/v2\/types\/post"}],"author":[{"embeddable":true,"href":"https:\/\/buletin.de\/bucuresti\/wp-json\/wp\/v2\/users\/59"}],"replies":[{"embeddable":true,"href":"https:\/\/buletin.de\/bucuresti\/wp-json\/wp\/v2\/comments?post=128088"}],"version-history":[{"count":5,"href":"https:\/\/buletin.de\/bucuresti\/wp-json\/wp\/v2\/posts\/128088\/revisions"}],"predecessor-version":[{"id":128098,"href":"https:\/\/buletin.de\/bucuresti\/wp-json\/wp\/v2\/posts\/128088\/revisions\/128098"}],"wp:featuredmedia":[{"embeddable":true,"href":"https:\/\/buletin.de\/bucuresti\/wp-json\/wp\/v2\/media\/128089"}],"wp:attachment":[{"href":"https:\/\/buletin.de\/bucuresti\/wp-json\/wp\/v2\/media?parent=128088"}],"wp:term":[{"taxonomy":"category","embeddable":true,"href":"https:\/\/buletin.de\/bucuresti\/wp-json\/wp\/v2\/categories?post=128088"},{"taxonomy":"post_tag","embeddable":true,"href":"https:\/\/buletin.de\/bucuresti\/wp-json\/wp\/v2\/tags?post=128088"},{"taxonomy":"author","embeddable":true,"href":"https:\/\/buletin.de\/bucuresti\/wp-json\/wp\/v2\/ppma_author?post=128088"}],"curies":[{"name":"wp","href":"https:\/\/api.w.org\/{rel}","templated":true}]}}