{"id":1280,"date":"2019-09-17T13:17:42","date_gmt":"2019-09-17T10:17:42","guid":{"rendered":"https:\/\/buletin.de\/bucuresti\/?p=1280"},"modified":"2019-09-17T14:56:33","modified_gmt":"2019-09-17T11:56:33","slug":"gabriela-firea-le-da-firmelor-de-taxi-10-milioane-de-euro-ca-sa-si-schimbe-cele-2-700-de-masini-vechi","status":"publish","type":"post","link":"https:\/\/buletin.de\/bucuresti\/gabriela-firea-le-da-firmelor-de-taxi-10-milioane-de-euro-ca-sa-si-schimbe-cele-2-700-de-masini-vechi\/","title":{"rendered":"Gabriela Firea le d\u0103 firmelor de taxi 10 milioane de euro ca s\u0103-\u0219i schimbe cele 2.700 de ma\u0219ini vechi"},"content":{"rendered":"\n<p><em>Consiliul General al Municipiul Bucure\u0219ti a votat ast\u0103zi proiectul ini\u021biat de Gabriela Firea prin care firmele de taxi \u00ee\u0219i pot cump\u0103ra ma\u0219ini noi. Proiectul \u201eRABLA TAXI\u201d a fost pus pe ordinea de zi suplimentar\u0103 cu mai pu\u021bin de 24 de ore \u00eenainte de \u00eenceperea \u0219edin\u021bei. Banii, \u00een jur de 10 milioane de euro, vor veni din taxele bucure\u0219tenilor<\/em>.<\/p>\n\n\n\n<p>Primarul general a declarat la \u00eenceputul \u0219edin\u021bei c\u0103 Bucure\u015ftiul \u015fi alte c\u00e2teva ora\u015fe importante din \u0163ar\u0103 au primit avertisment de infringement de la Comisia European\u0103 cu privire la poluare \u0219i \u201etrebuie s\u0103 lu\u0103m foarte \u00een serios problema polu\u0103rii\u201d.<br><\/p>\n\n\n\n<p>Gabriela Firea a men\u021bionat c\u0103, din 10.055 de licen\u0163e de taxi pe care le are Bucure\u015ftiul, 7.500 sunt legale \u015fi regulamentare, celelalte fiind \u00een diverse stagii litigioase.<\/p>\n\n\n\n<p>\u201eDin aceste 7.500 de taximetre, 5.500 sunt poluante. Aici \u00eencearc\u0103 proiectul nostru s\u0103 rezolve problema polu\u0103rii \u015fi \u0163intim din 1 ianuarie 2020 acordarea a 3.000, pentru \u00eenceput, de eco-vouchere pentru taximetre \u00een programul RABLA TAXI, urm\u00e2nd ca anul urm\u0103tor s\u0103 fie acordate \u015fi celelalte 2.500 de eco-vouchere\u201d, a spus ea.<br><\/p>\n\n\n\n<p><\/p>\n\n\n\n<p> Roxana Wring, consilier USR, a declarat \u00eens\u0103 c\u0103 acest proiect este discriminatoriu.<br> <br>\u201eE vorba despre a pune din nou bani \u00een buzunarele patronilor de taxi, e o m\u0103sur\u0103 discriminatorie \u015fi anticoncuren\u0163ial\u0103 pentru c\u0103 favorizeaz\u0103 un anumit segment \u015fi defavorizeaz\u0103 restul bucure\u015ftenilor care \u00ee\u015fi pl\u0103tesc taxele. Nu a\u015fa se face reducerea polu\u0103rii \u00een Capital\u0103, ne trebuie metode integrate. Cei 10 milioane de euro care se vor da astfel vor putea de exemplu fi aloca\u0163i transportului \u00een comun sau pistelor de biciclet\u0103, cre\u0103rii acelor culoare unice pentru transportul public\u201d, a spus Roxana Wring.<\/p>\n\n\n\n<p>Programul \u201eRABLA TAXI\u201d prevede acordarea a <strong>3.000 de vouchere de 15.000 de lei fiecare<\/strong> (\u00een jur de 3.170 de euro) oric\u0103rui taximetrist care dore\u0219te s\u0103-\u0219i cumpere o ma\u0219in\u0103 nou\u0103, dar s\u0103 aib\u0103 norma de poluare EURO 6, non-diesel, hibrid\u0103 sau electric\u0103. Proiectul ar urma s\u0103 func\u021bioneze \u00een anii 2020 \u0219i 2021.\u00a0<\/p>\n\n\n\n<p>Num\u0103rul voucherelor nu este ales \u00eent\u00e2mpl\u0103tor. \u00cen raportul de specialitate al proiectului se arat\u0103 c\u0103 \u00een Bucure\u0219ti sunt \u00eenregistrate 2.789 de taximetre fabricate p\u00e2n\u0103 \u00een anul 2010 inclusiv, iar \u00een februarie anul viitor nu va mai fi prelungit\u0103 licen\u021ba de taxi pe cinci ani pentru aceste de ma\u0219ini.<\/p>\n\n\n\n<p>Oficial, poart\u0103 numele de \u201eProgramul de stimulare a elimin\u0103rii din serviciul public de transport local \u00een regim de taxi a autoturismelor taxi cu norma de poluare sub EURO 6 &#8211; RABLA TAXI\u201d, dar, av\u00e2nd \u00een vedere condi\u021biile, poate fi catalogat ca un ajutor pentru ca firmele de taxi s\u0103-\u0219i re\u00eennoiasc\u0103 parcul auto pe bani publici.<\/p>\n\n\n\n<p>Eco-voucherul nu este transmisibil \u0219i are o valabilitate de maxim \u0219ase luni \u0219i, p\u00e2n\u0103 la aceast\u0103 or\u0103, nu este recunoscut regulamentul, urm\u00e2nd a fi elaborat de o comisie format\u0103 din speciali\u0219ti ai mai multor direc\u021bii din Prim\u0103rie: mediu, economic, transporturi, juridic \u0219i informatic.<\/p>\n\n\n\n<p>Programul vizeaz\u0103 \u0219i reducerea polu\u0103rii, fiind amintite dep\u0103\u0219irea valorilor limit\u0103 zilnice (VLZ), pentru indicatorul particule \u00een suspensie <a href=\"http:\/\/www.calitateaer.ro\/public\/assessment-page\/pollutants-page\/pulbere-suspensie-page\/?__locale=ro\">PM10<\/a>, \u00een 2017 \u0219i 2018 (ianuarie-aprilie), \u00een majoritatea zonelor din capital\u0103: la sta\u021bia B1 Lacul Morii &#8211; 20 dep\u0103\u0219iri, B2 Titan &#8211; 16 dep\u0103\u0219iri, B3 Mihai Bravu &#8211; 34 dep\u0103\u0219iri, B4 Berceni &#8211; 14 dep\u0103\u0219iri, B5 Drumul Taberei &#8211; 15 dep\u0103\u0219iri, B6 Cercul Militar &#8211; 26 dep\u0103\u0219iri.<\/p>\n\n\n\n<p>Programul \u201eRABLA TAXI\u201d este v\u0103zut de primarul general ca fiind \u201eoportun\u201d \u0219i \u201eimperios necesar\u201d, ad\u0103ug\u00e2ndu-se celui din 2018 prin care s-au acordat bucure\u0219tenilor 5.000 de vouchere \u00een valoare de 9.000 de lei fiecare, catalogat la r\u00e2ndul s\u0103u \u201eun real succes \u00eenc\u0103 de la momentul aprob\u0103rii\u201d.<\/p>\n\n\n\n<p><em>Reporter: George Costin<br>Editor: Oana Despa<\/em><br><em>Foto: Andrei Petre<\/em><\/p>\n","protected":false},"excerpt":{"rendered":"<p>Consiliul General al Municipiul Bucure\u0219ti a votat ast\u0103zi proiectul ini\u021biat de Gabriela Firea prin care firmele de taxi \u00ee\u0219i pot cump\u0103ra ma\u0219ini noi. Proiectul \u201eRABLA TAXI\u201d a fost pus pe ordinea de zi suplimentar\u0103 cu mai pu\u021bin de 24 de ore \u00eenainte de \u00eenceperea \u0219edin\u021bei. Banii, \u00een jur de 10 milioane de euro, vor veni [&hellip;]<\/p>\n","protected":false},"author":1,"featured_media":1282,"comment_status":"closed","ping_status":"open","sticky":false,"template":"","format":"standard","meta":{"_acf_changed":false,"inline_featured_image":false,"ngg_post_thumbnail":0,"footnotes":""},"categories":[24],"tags":[35,202,200,105,201,203],"ppma_author":[22583],"class_list":["post-1280","post","type-post","status-publish","format-standard","has-post-thumbnail","hentry","category-primarie","tag-primarie","tag-propunere","tag-rabla","tag-sedinta","tag-taxi","tag-votat"],"acf":[],"yoast_head":"<!-- This site is optimized with the Yoast SEO Premium plugin v25.3 (Yoast SEO v27.4) - https:\/\/yoast.com\/product\/yoast-seo-premium-wordpress\/ -->\n<title>Gabriela Firea le d\u0103 firmelor de taxi 10 milioane de euro ca s\u0103-\u0219i schimbe cele 2.700 de ma\u0219ini vechi - Buletin de Bucure\u0219ti<\/title>\n<meta name=\"robots\" content=\"index, follow, max-snippet:-1, max-image-preview:large, max-video-preview:-1\" \/>\n<link rel=\"canonical\" href=\"https:\/\/buletin.de\/bucuresti\/gabriela-firea-le-da-firmelor-de-taxi-10-milioane-de-euro-ca-sa-si-schimbe-cele-2-700-de-masini-vechi\/\" \/>\n<meta property=\"og:locale\" content=\"en_GB\" \/>\n<meta property=\"og:type\" content=\"article\" \/>\n<meta property=\"og:title\" content=\"Gabriela Firea le d\u0103 firmelor de taxi 10 milioane de euro ca s\u0103-\u0219i schimbe cele 2.700 de ma\u0219ini vechi\" \/>\n<meta property=\"og:description\" content=\"Consiliul General al Municipiul Bucure\u0219ti a votat ast\u0103zi proiectul ini\u021biat de Gabriela Firea prin care firmele de taxi \u00ee\u0219i pot cump\u0103ra ma\u0219ini noi. Proiectul \u201eRABLA TAXI\u201d a fost pus pe ordinea de zi suplimentar\u0103 cu mai pu\u021bin de 24 de ore \u00eenainte de \u00eenceperea \u0219edin\u021bei. Banii, \u00een jur de 10 milioane de euro, vor veni [&hellip;]\" \/>\n<meta property=\"og:url\" content=\"https:\/\/buletin.de\/bucuresti\/gabriela-firea-le-da-firmelor-de-taxi-10-milioane-de-euro-ca-sa-si-schimbe-cele-2-700-de-masini-vechi\/\" \/>\n<meta property=\"og:site_name\" content=\"Buletin de Bucure\u0219ti\" \/>\n<meta property=\"article:publisher\" content=\"https:\/\/www.facebook.com\/buletin.de.buc\" \/>\n<meta property=\"article:published_time\" content=\"2019-09-17T10:17:42+00:00\" \/>\n<meta property=\"article:modified_time\" content=\"2019-09-17T11:56:33+00:00\" \/>\n<meta property=\"og:image\" content=\"https:\/\/buletin.de\/bucuresti\/wp-content\/uploads\/IMG_20190731_110716-scaled.jpg\" \/>\n\t<meta property=\"og:image:width\" content=\"2560\" \/>\n\t<meta property=\"og:image:height\" content=\"2048\" \/>\n\t<meta property=\"og:image:type\" content=\"image\/jpeg\" \/>\n<meta name=\"author\" content=\"Redac\u021bia Buletin de Bucure\u0219ti\" \/>\n<meta name=\"twitter:card\" content=\"summary_large_image\" \/>\n<meta name=\"twitter:label1\" content=\"Written by\" \/>\n\t<meta name=\"twitter:data1\" content=\"Redac\u021bia Buletin de Bucure\u0219ti\" \/>\n\t<meta name=\"twitter:label2\" content=\"Estimated reading time\" \/>\n\t<meta name=\"twitter:data2\" content=\"3 minutes\" \/>\n<script type=\"application\/ld+json\" class=\"yoast-schema-graph\">{\"@context\":\"https:\\\/\\\/schema.org\",\"@graph\":[{\"@type\":\"Article\",\"@id\":\"https:\\\/\\\/buletin.de\\\/bucuresti\\\/gabriela-firea-le-da-firmelor-de-taxi-10-milioane-de-euro-ca-sa-si-schimbe-cele-2-700-de-masini-vechi\\\/#article\",\"isPartOf\":{\"@id\":\"https:\\\/\\\/buletin.de\\\/bucuresti\\\/gabriela-firea-le-da-firmelor-de-taxi-10-milioane-de-euro-ca-sa-si-schimbe-cele-2-700-de-masini-vechi\\\/\"},\"author\":{\"name\":\"Redac\u021bia Buletin de Bucure\u0219ti\",\"@id\":\"https:\\\/\\\/buletin.de\\\/bucuresti\\\/#\\\/schema\\\/person\\\/2bbcf854e5f2419a13804af574d06ab1\"},\"headline\":\"Gabriela Firea le d\u0103 firmelor de taxi 10 milioane de euro ca s\u0103-\u0219i schimbe cele 2.700 de ma\u0219ini vechi\",\"datePublished\":\"2019-09-17T10:17:42+00:00\",\"dateModified\":\"2019-09-17T11:56:33+00:00\",\"mainEntityOfPage\":{\"@id\":\"https:\\\/\\\/buletin.de\\\/bucuresti\\\/gabriela-firea-le-da-firmelor-de-taxi-10-milioane-de-euro-ca-sa-si-schimbe-cele-2-700-de-masini-vechi\\\/\"},\"wordCount\":635,\"publisher\":{\"@id\":\"https:\\\/\\\/buletin.de\\\/bucuresti\\\/#organization\"},\"image\":{\"@id\":\"https:\\\/\\\/buletin.de\\\/bucuresti\\\/gabriela-firea-le-da-firmelor-de-taxi-10-milioane-de-euro-ca-sa-si-schimbe-cele-2-700-de-masini-vechi\\\/#primaryimage\"},\"thumbnailUrl\":\"https:\\\/\\\/buletin.de\\\/bucuresti\\\/wp-content\\\/uploads\\\/IMG_20190731_110716-scaled.jpg\",\"keywords\":[\"primarie\",\"propunere\",\"rabla\",\"sedinta\",\"taxi\",\"votat\"],\"articleSection\":[\"Prim\u0103rie\"],\"inLanguage\":\"en-GB\",\"copyrightYear\":\"2019\",\"copyrightHolder\":{\"@id\":\"https:\\\/\\\/buletin.de\\\/bucuresti\\\/#organization\"}},{\"@type\":\"WebPage\",\"@id\":\"https:\\\/\\\/buletin.de\\\/bucuresti\\\/gabriela-firea-le-da-firmelor-de-taxi-10-milioane-de-euro-ca-sa-si-schimbe-cele-2-700-de-masini-vechi\\\/\",\"url\":\"https:\\\/\\\/buletin.de\\\/bucuresti\\\/gabriela-firea-le-da-firmelor-de-taxi-10-milioane-de-euro-ca-sa-si-schimbe-cele-2-700-de-masini-vechi\\\/\",\"name\":\"Gabriela Firea le d\u0103 firmelor de taxi 10 milioane de euro ca s\u0103-\u0219i schimbe cele 2.700 de ma\u0219ini vechi - Buletin de Bucure\u0219ti\",\"isPartOf\":{\"@id\":\"https:\\\/\\\/buletin.de\\\/bucuresti\\\/#website\"},\"primaryImageOfPage\":{\"@id\":\"https:\\\/\\\/buletin.de\\\/bucuresti\\\/gabriela-firea-le-da-firmelor-de-taxi-10-milioane-de-euro-ca-sa-si-schimbe-cele-2-700-de-masini-vechi\\\/#primaryimage\"},\"image\":{\"@id\":\"https:\\\/\\\/buletin.de\\\/bucuresti\\\/gabriela-firea-le-da-firmelor-de-taxi-10-milioane-de-euro-ca-sa-si-schimbe-cele-2-700-de-masini-vechi\\\/#primaryimage\"},\"thumbnailUrl\":\"https:\\\/\\\/buletin.de\\\/bucuresti\\\/wp-content\\\/uploads\\\/IMG_20190731_110716-scaled.jpg\",\"datePublished\":\"2019-09-17T10:17:42+00:00\",\"dateModified\":\"2019-09-17T11:56:33+00:00\",\"breadcrumb\":{\"@id\":\"https:\\\/\\\/buletin.de\\\/bucuresti\\\/gabriela-firea-le-da-firmelor-de-taxi-10-milioane-de-euro-ca-sa-si-schimbe-cele-2-700-de-masini-vechi\\\/#breadcrumb\"},\"inLanguage\":\"en-GB\",\"potentialAction\":[{\"@type\":\"ReadAction\",\"target\":[\"https:\\\/\\\/buletin.de\\\/bucuresti\\\/gabriela-firea-le-da-firmelor-de-taxi-10-milioane-de-euro-ca-sa-si-schimbe-cele-2-700-de-masini-vechi\\\/\"]}]},{\"@type\":\"ImageObject\",\"inLanguage\":\"en-GB\",\"@id\":\"https:\\\/\\\/buletin.de\\\/bucuresti\\\/gabriela-firea-le-da-firmelor-de-taxi-10-milioane-de-euro-ca-sa-si-schimbe-cele-2-700-de-masini-vechi\\\/#primaryimage\",\"url\":\"https:\\\/\\\/buletin.de\\\/bucuresti\\\/wp-content\\\/uploads\\\/IMG_20190731_110716-scaled.jpg\",\"contentUrl\":\"https:\\\/\\\/buletin.de\\\/bucuresti\\\/wp-content\\\/uploads\\\/IMG_20190731_110716-scaled.jpg\",\"width\":2560,\"height\":2048},{\"@type\":\"BreadcrumbList\",\"@id\":\"https:\\\/\\\/buletin.de\\\/bucuresti\\\/gabriela-firea-le-da-firmelor-de-taxi-10-milioane-de-euro-ca-sa-si-schimbe-cele-2-700-de-masini-vechi\\\/#breadcrumb\",\"itemListElement\":[{\"@type\":\"ListItem\",\"position\":1,\"name\":\"Acas\u0103\",\"item\":\"https:\\\/\\\/buletin.de\\\/bucuresti\\\/\"},{\"@type\":\"ListItem\",\"position\":2,\"name\":\"Gabriela Firea le d\u0103 firmelor de taxi 10 milioane de euro ca s\u0103-\u0219i schimbe cele 2.700 de ma\u0219ini vechi\"}]},{\"@type\":\"WebSite\",\"@id\":\"https:\\\/\\\/buletin.de\\\/bucuresti\\\/#website\",\"url\":\"https:\\\/\\\/buletin.de\\\/bucuresti\\\/\",\"name\":\"Buletin de Bucure\u0219ti\",\"description\":\"\u0218tiri \u0219i investiga\u021bii esen\u021biale din capital\u0103\",\"publisher\":{\"@id\":\"https:\\\/\\\/buletin.de\\\/bucuresti\\\/#organization\"},\"potentialAction\":[{\"@type\":\"SearchAction\",\"target\":{\"@type\":\"EntryPoint\",\"urlTemplate\":\"https:\\\/\\\/buletin.de\\\/bucuresti\\\/?s={search_term_string}\"},\"query-input\":{\"@type\":\"PropertyValueSpecification\",\"valueRequired\":true,\"valueName\":\"search_term_string\"}}],\"inLanguage\":\"en-GB\"},{\"@type\":\"Organization\",\"@id\":\"https:\\\/\\\/buletin.de\\\/bucuresti\\\/#organization\",\"name\":\"Buletin de Bucure\u0219ti\",\"url\":\"https:\\\/\\\/buletin.de\\\/bucuresti\\\/\",\"logo\":{\"@type\":\"ImageObject\",\"inLanguage\":\"en-GB\",\"@id\":\"https:\\\/\\\/buletin.de\\\/bucuresti\\\/#\\\/schema\\\/logo\\\/image\\\/\",\"url\":\"https:\\\/\\\/buletin.de\\\/bucuresti\\\/wp-content\\\/uploads\\\/logo-bdb-full-wide-vernil-transparent.png\",\"contentUrl\":\"https:\\\/\\\/buletin.de\\\/bucuresti\\\/wp-content\\\/uploads\\\/logo-bdb-full-wide-vernil-transparent.png\",\"width\":1782,\"height\":626,\"caption\":\"Buletin de Bucure\u0219ti\"},\"image\":{\"@id\":\"https:\\\/\\\/buletin.de\\\/bucuresti\\\/#\\\/schema\\\/logo\\\/image\\\/\"},\"sameAs\":[\"https:\\\/\\\/www.facebook.com\\\/buletin.de.buc\",\"https:\\\/\\\/www.instagram.com\\\/buletinde.bucuresti\\\/\"]},{\"@type\":\"Person\",\"@id\":\"https:\\\/\\\/buletin.de\\\/bucuresti\\\/#\\\/schema\\\/person\\\/2bbcf854e5f2419a13804af574d06ab1\",\"name\":\"Redac\u021bia Buletin de Bucure\u0219ti\",\"image\":{\"@type\":\"ImageObject\",\"inLanguage\":\"en-GB\",\"@id\":\"https:\\\/\\\/secure.gravatar.com\\\/avatar\\\/18c5342381ed1a08620e6280424e3e5efc958618f5d67c522c9e44c1bc6f9226?s=96&d=monsterid&r=g60c7cd0ad92c68c049fcd4bb3504d609\",\"url\":\"https:\\\/\\\/secure.gravatar.com\\\/avatar\\\/18c5342381ed1a08620e6280424e3e5efc958618f5d67c522c9e44c1bc6f9226?s=96&d=monsterid&r=g\",\"contentUrl\":\"https:\\\/\\\/secure.gravatar.com\\\/avatar\\\/18c5342381ed1a08620e6280424e3e5efc958618f5d67c522c9e44c1bc6f9226?s=96&d=monsterid&r=g\",\"caption\":\"Redac\u021bia Buletin de Bucure\u0219ti\"},\"description\":\"Buletin de Bucure\u0219ti exist\u0103 din vara anului 2019.\",\"url\":\"https:\\\/\\\/buletin.de\\\/bucuresti\\\/author\\\/adminbuletin\\\/\"}]}<\/script>\n<!-- \/ Yoast SEO Premium plugin. -->","yoast_head_json":{"title":"Gabriela Firea le d\u0103 firmelor de taxi 10 milioane de euro ca s\u0103-\u0219i schimbe cele 2.700 de ma\u0219ini vechi - Buletin de Bucure\u0219ti","robots":{"index":"index","follow":"follow","max-snippet":"max-snippet:-1","max-image-preview":"max-image-preview:large","max-video-preview":"max-video-preview:-1"},"canonical":"https:\/\/buletin.de\/bucuresti\/gabriela-firea-le-da-firmelor-de-taxi-10-milioane-de-euro-ca-sa-si-schimbe-cele-2-700-de-masini-vechi\/","og_locale":"en_GB","og_type":"article","og_title":"Gabriela Firea le d\u0103 firmelor de taxi 10 milioane de euro ca s\u0103-\u0219i schimbe cele 2.700 de ma\u0219ini vechi","og_description":"Consiliul General al Municipiul Bucure\u0219ti a votat ast\u0103zi proiectul ini\u021biat de Gabriela Firea prin care firmele de taxi \u00ee\u0219i pot cump\u0103ra ma\u0219ini noi. Proiectul \u201eRABLA TAXI\u201d a fost pus pe ordinea de zi suplimentar\u0103 cu mai pu\u021bin de 24 de ore \u00eenainte de \u00eenceperea \u0219edin\u021bei. Banii, \u00een jur de 10 milioane de euro, vor veni [&hellip;]","og_url":"https:\/\/buletin.de\/bucuresti\/gabriela-firea-le-da-firmelor-de-taxi-10-milioane-de-euro-ca-sa-si-schimbe-cele-2-700-de-masini-vechi\/","og_site_name":"Buletin de Bucure\u0219ti","article_publisher":"https:\/\/www.facebook.com\/buletin.de.buc","article_published_time":"2019-09-17T10:17:42+00:00","article_modified_time":"2019-09-17T11:56:33+00:00","og_image":[{"width":2560,"height":2048,"url":"https:\/\/buletin.de\/bucuresti\/wp-content\/uploads\/IMG_20190731_110716-scaled.jpg","type":"image\/jpeg"}],"author":"Redac\u021bia Buletin de Bucure\u0219ti","twitter_card":"summary_large_image","twitter_misc":{"Written by":"Redac\u021bia Buletin de Bucure\u0219ti","Estimated reading time":"3 minutes"},"schema":{"@context":"https:\/\/schema.org","@graph":[{"@type":"Article","@id":"https:\/\/buletin.de\/bucuresti\/gabriela-firea-le-da-firmelor-de-taxi-10-milioane-de-euro-ca-sa-si-schimbe-cele-2-700-de-masini-vechi\/#article","isPartOf":{"@id":"https:\/\/buletin.de\/bucuresti\/gabriela-firea-le-da-firmelor-de-taxi-10-milioane-de-euro-ca-sa-si-schimbe-cele-2-700-de-masini-vechi\/"},"author":{"name":"Redac\u021bia Buletin de Bucure\u0219ti","@id":"https:\/\/buletin.de\/bucuresti\/#\/schema\/person\/2bbcf854e5f2419a13804af574d06ab1"},"headline":"Gabriela Firea le d\u0103 firmelor de taxi 10 milioane de euro ca s\u0103-\u0219i schimbe cele 2.700 de ma\u0219ini vechi","datePublished":"2019-09-17T10:17:42+00:00","dateModified":"2019-09-17T11:56:33+00:00","mainEntityOfPage":{"@id":"https:\/\/buletin.de\/bucuresti\/gabriela-firea-le-da-firmelor-de-taxi-10-milioane-de-euro-ca-sa-si-schimbe-cele-2-700-de-masini-vechi\/"},"wordCount":635,"publisher":{"@id":"https:\/\/buletin.de\/bucuresti\/#organization"},"image":{"@id":"https:\/\/buletin.de\/bucuresti\/gabriela-firea-le-da-firmelor-de-taxi-10-milioane-de-euro-ca-sa-si-schimbe-cele-2-700-de-masini-vechi\/#primaryimage"},"thumbnailUrl":"https:\/\/buletin.de\/bucuresti\/wp-content\/uploads\/IMG_20190731_110716-scaled.jpg","keywords":["primarie","propunere","rabla","sedinta","taxi","votat"],"articleSection":["Prim\u0103rie"],"inLanguage":"en-GB","copyrightYear":"2019","copyrightHolder":{"@id":"https:\/\/buletin.de\/bucuresti\/#organization"}},{"@type":"WebPage","@id":"https:\/\/buletin.de\/bucuresti\/gabriela-firea-le-da-firmelor-de-taxi-10-milioane-de-euro-ca-sa-si-schimbe-cele-2-700-de-masini-vechi\/","url":"https:\/\/buletin.de\/bucuresti\/gabriela-firea-le-da-firmelor-de-taxi-10-milioane-de-euro-ca-sa-si-schimbe-cele-2-700-de-masini-vechi\/","name":"Gabriela Firea le d\u0103 firmelor de taxi 10 milioane de euro ca s\u0103-\u0219i schimbe cele 2.700 de ma\u0219ini vechi - Buletin de Bucure\u0219ti","isPartOf":{"@id":"https:\/\/buletin.de\/bucuresti\/#website"},"primaryImageOfPage":{"@id":"https:\/\/buletin.de\/bucuresti\/gabriela-firea-le-da-firmelor-de-taxi-10-milioane-de-euro-ca-sa-si-schimbe-cele-2-700-de-masini-vechi\/#primaryimage"},"image":{"@id":"https:\/\/buletin.de\/bucuresti\/gabriela-firea-le-da-firmelor-de-taxi-10-milioane-de-euro-ca-sa-si-schimbe-cele-2-700-de-masini-vechi\/#primaryimage"},"thumbnailUrl":"https:\/\/buletin.de\/bucuresti\/wp-content\/uploads\/IMG_20190731_110716-scaled.jpg","datePublished":"2019-09-17T10:17:42+00:00","dateModified":"2019-09-17T11:56:33+00:00","breadcrumb":{"@id":"https:\/\/buletin.de\/bucuresti\/gabriela-firea-le-da-firmelor-de-taxi-10-milioane-de-euro-ca-sa-si-schimbe-cele-2-700-de-masini-vechi\/#breadcrumb"},"inLanguage":"en-GB","potentialAction":[{"@type":"ReadAction","target":["https:\/\/buletin.de\/bucuresti\/gabriela-firea-le-da-firmelor-de-taxi-10-milioane-de-euro-ca-sa-si-schimbe-cele-2-700-de-masini-vechi\/"]}]},{"@type":"ImageObject","inLanguage":"en-GB","@id":"https:\/\/buletin.de\/bucuresti\/gabriela-firea-le-da-firmelor-de-taxi-10-milioane-de-euro-ca-sa-si-schimbe-cele-2-700-de-masini-vechi\/#primaryimage","url":"https:\/\/buletin.de\/bucuresti\/wp-content\/uploads\/IMG_20190731_110716-scaled.jpg","contentUrl":"https:\/\/buletin.de\/bucuresti\/wp-content\/uploads\/IMG_20190731_110716-scaled.jpg","width":2560,"height":2048},{"@type":"BreadcrumbList","@id":"https:\/\/buletin.de\/bucuresti\/gabriela-firea-le-da-firmelor-de-taxi-10-milioane-de-euro-ca-sa-si-schimbe-cele-2-700-de-masini-vechi\/#breadcrumb","itemListElement":[{"@type":"ListItem","position":1,"name":"Acas\u0103","item":"https:\/\/buletin.de\/bucuresti\/"},{"@type":"ListItem","position":2,"name":"Gabriela Firea le d\u0103 firmelor de taxi 10 milioane de euro ca s\u0103-\u0219i schimbe cele 2.700 de ma\u0219ini vechi"}]},{"@type":"WebSite","@id":"https:\/\/buletin.de\/bucuresti\/#website","url":"https:\/\/buletin.de\/bucuresti\/","name":"Buletin de Bucure\u0219ti","description":"\u0218tiri \u0219i investiga\u021bii esen\u021biale din capital\u0103","publisher":{"@id":"https:\/\/buletin.de\/bucuresti\/#organization"},"potentialAction":[{"@type":"SearchAction","target":{"@type":"EntryPoint","urlTemplate":"https:\/\/buletin.de\/bucuresti\/?s={search_term_string}"},"query-input":{"@type":"PropertyValueSpecification","valueRequired":true,"valueName":"search_term_string"}}],"inLanguage":"en-GB"},{"@type":"Organization","@id":"https:\/\/buletin.de\/bucuresti\/#organization","name":"Buletin de Bucure\u0219ti","url":"https:\/\/buletin.de\/bucuresti\/","logo":{"@type":"ImageObject","inLanguage":"en-GB","@id":"https:\/\/buletin.de\/bucuresti\/#\/schema\/logo\/image\/","url":"https:\/\/buletin.de\/bucuresti\/wp-content\/uploads\/logo-bdb-full-wide-vernil-transparent.png","contentUrl":"https:\/\/buletin.de\/bucuresti\/wp-content\/uploads\/logo-bdb-full-wide-vernil-transparent.png","width":1782,"height":626,"caption":"Buletin de Bucure\u0219ti"},"image":{"@id":"https:\/\/buletin.de\/bucuresti\/#\/schema\/logo\/image\/"},"sameAs":["https:\/\/www.facebook.com\/buletin.de.buc","https:\/\/www.instagram.com\/buletinde.bucuresti\/"]},{"@type":"Person","@id":"https:\/\/buletin.de\/bucuresti\/#\/schema\/person\/2bbcf854e5f2419a13804af574d06ab1","name":"Redac\u021bia Buletin de Bucure\u0219ti","image":{"@type":"ImageObject","inLanguage":"en-GB","@id":"https:\/\/secure.gravatar.com\/avatar\/18c5342381ed1a08620e6280424e3e5efc958618f5d67c522c9e44c1bc6f9226?s=96&d=monsterid&r=g60c7cd0ad92c68c049fcd4bb3504d609","url":"https:\/\/secure.gravatar.com\/avatar\/18c5342381ed1a08620e6280424e3e5efc958618f5d67c522c9e44c1bc6f9226?s=96&d=monsterid&r=g","contentUrl":"https:\/\/secure.gravatar.com\/avatar\/18c5342381ed1a08620e6280424e3e5efc958618f5d67c522c9e44c1bc6f9226?s=96&d=monsterid&r=g","caption":"Redac\u021bia Buletin de Bucure\u0219ti"},"description":"Buletin de Bucure\u0219ti exist\u0103 din vara anului 2019.","url":"https:\/\/buletin.de\/bucuresti\/author\/adminbuletin\/"}]}},"authors":[{"term_id":22583,"user_id":1,"is_guest":0,"slug":"adminbuletin","display_name":"Redac\u021bia Buletin de Bucure\u0219ti","avatar_url":"https:\/\/secure.gravatar.com\/avatar\/18c5342381ed1a08620e6280424e3e5efc958618f5d67c522c9e44c1bc6f9226?s=96&d=monsterid&r=g","0":null,"1":"","2":"","3":"","4":"","5":"","6":"","7":"","8":""}],"_links":{"self":[{"href":"https:\/\/buletin.de\/bucuresti\/wp-json\/wp\/v2\/posts\/1280","targetHints":{"allow":["GET"]}}],"collection":[{"href":"https:\/\/buletin.de\/bucuresti\/wp-json\/wp\/v2\/posts"}],"about":[{"href":"https:\/\/buletin.de\/bucuresti\/wp-json\/wp\/v2\/types\/post"}],"author":[{"embeddable":true,"href":"https:\/\/buletin.de\/bucuresti\/wp-json\/wp\/v2\/users\/1"}],"replies":[{"embeddable":true,"href":"https:\/\/buletin.de\/bucuresti\/wp-json\/wp\/v2\/comments?post=1280"}],"version-history":[{"count":3,"href":"https:\/\/buletin.de\/bucuresti\/wp-json\/wp\/v2\/posts\/1280\/revisions"}],"predecessor-version":[{"id":1285,"href":"https:\/\/buletin.de\/bucuresti\/wp-json\/wp\/v2\/posts\/1280\/revisions\/1285"}],"wp:featuredmedia":[{"embeddable":true,"href":"https:\/\/buletin.de\/bucuresti\/wp-json\/wp\/v2\/media\/1282"}],"wp:attachment":[{"href":"https:\/\/buletin.de\/bucuresti\/wp-json\/wp\/v2\/media?parent=1280"}],"wp:term":[{"taxonomy":"category","embeddable":true,"href":"https:\/\/buletin.de\/bucuresti\/wp-json\/wp\/v2\/categories?post=1280"},{"taxonomy":"post_tag","embeddable":true,"href":"https:\/\/buletin.de\/bucuresti\/wp-json\/wp\/v2\/tags?post=1280"},{"taxonomy":"author","embeddable":true,"href":"https:\/\/buletin.de\/bucuresti\/wp-json\/wp\/v2\/ppma_author?post=1280"}],"curies":[{"name":"wp","href":"https:\/\/api.w.org\/{rel}","templated":true}]}}